{"id":31209,"date":"2025-06-17T18:16:00","date_gmt":"2025-06-17T16:16:00","guid":{"rendered":"https:\/\/stuttgarti-katolikusok.de\/?p=31209"},"modified":"2025-06-17T18:16:56","modified_gmt":"2025-06-17T16:16:56","slug":"krisztus-szent-teste-es-vere-urnapja-3","status":"publish","type":"post","link":"https:\/\/stuttgarti-katolikusok.de\/index.php\/krisztus-szent-teste-es-vere-urnapja-3\/","title":{"rendered":"Krisztus Szent Teste \u00e9s V\u00e9re \u2013 \u00darnapja"},"content":{"rendered":"<p style=\"text-align: center;\"><strong><span style=\"color: #ff6600;\"><em>Tisztelj\u00fck \u00e9s im\u00e1djuk<\/em><\/span><\/strong><\/p>\n<p><span style=\"color: #ff6600;\"><em>Mivel az Eukarisztia titka a v\u00e9gtelen Szeretetnek k\u00f6sz\u00f6nheti l\u00e9trej\u00f6tt\u00e9t \u00e9s sz\u00e1munkra Krisztust teszi jelenval\u00f3v\u00e1 szents\u00e9gi m\u00f3don, az\u00e9rt m\u00e9lt\u00f3 h\u00e1l\u00e1nkra \u00e9s tisztelet\u00fcnkre. <\/em><\/span><\/p>\n<p><span style=\"color: #ff6600;\"><em>Ennek a tiszteletnek a Legszentebb Szents\u00e9ggel val\u00f3 minden tal\u00e1lkoz\u00e1sunkkor meg kell mutatkoznia, ak\u00e1r templomba l\u00e1togatunk, ak\u00e1r a betegekhez vissz\u00fck a Szent \u00datraval\u00f3t, hogy nekik kiszolg\u00e1ltassuk. <\/em><\/span><\/p>\n<p><span style=\"color: #ff6600;\"><em>Krisztus im\u00e1d\u00e1sa az \u0151 szeretet\u00e9nek ebben a szents\u00e9g\u00e9ben kell, hogy kifejez\u00e9sre jusson az eucharisztikus \u00e1h\u00edtat sokf\u00e9le form\u00e1j\u00e1ban: a szem\u00e9lyes im\u00e1d\u00e1sban a Legfels\u00e9gesebb el\u0151tt, az ima\u00f3r\u00e1kban a szents\u00e9gkit\u00e9tel r\u00f6videbb vagy hosszabb ideje alatt, az \u00e9vi negyven\u00f3r\u00e1s szents\u00e9gim\u00e1d\u00e1sban, a szents\u00e9gi \u00e1ld\u00e1sban, az eucharisztikus k\u00f6rmenetben, az eucharisztikus kongresszusokon. K\u00fcl\u00f6n\u00f6s szerepet visz ebben a vonatkoz\u00e1sban az \u00darnap \u00fcnnepe, mint a tisztelet nyilv\u00e1nos megvall\u00e1sa.<\/em><\/span><\/p>\n<p><span style=\"color: #ff6600;\"><em>(Szent II. J\u00e1nos P\u00e1l p\u00e1pa)<\/em><\/span><\/p>\n<p><span style=\"color: #ff6600;\">Kezd\u0151\u00e9nek:<\/span><br \/>\nT\u00e1pl\u00e1lta \u0151ket a gabona jav\u00e1val, \u00e9s j\u00f3llakatta \u0151ket m\u00e9zzel a k\u0151szikl\u00e1b\u00f3l. (V\u00f6. Zsolt 80,17)<\/p>\n<p><span style=\"color: #ff6600;\">K\u00f6ny\u00f6rg\u00e9s:<\/span><br \/>\nUrunk, J\u00e9zus Krisztus, te ebben a csod\u00e1latos szents\u00e9gben k\u00ednszenved\u00e9sed eml\u00e9k\u00e9t hagytad r\u00e1nk. Add, k\u00e9r\u00fcnk, Tested \u00e9s V\u00e9red szent titk\u00e1t \u00fagy tiszteln\u00fcnk, hogy megv\u00e1lt\u00e1sod gy\u00fcm\u00f6lcs\u00e9t sz\u00fcntelen\u00fcl \u00e9lvezz\u00fck. Aki \u00e9lsz \u00e9s uralkodol az Aty\u00e1val \u00e9s a Szentl\u00e9lekkel egys\u00e9gben Isten mind\u00f6r\u00f6kk\u00f6n \u00f6r\u00f6kk\u00e9.<\/p>\n<p><span style=\"color: #ff6600;\">OLVASM\u00c1NY M\u00f3zes els\u0151 k\u00f6nyv\u00e9b\u0151l (Ter 14,18-20)<\/span><br \/>\n<em>\u00c1brah\u00e1m kenyeret \u00e9s bort aj\u00e1nlott fel.<\/em><br \/>\nAmikor \u00c1brah\u00e1m gy\u0151zelmet aratott az ellens\u00e9g f\u00f6l\u00f6tt, \u00e9s sereg\u00e9vel visszat\u00e9rt, el\u00e9je j\u00f6tt Melkizedek, S\u00e1lem kir\u00e1lya. Kenyeret \u00e9s bort hozott. \u0150 ugyanis a magass\u00e1gbeli Isten papja volt. Melkizedek meg\u00e1ldotta \u0151t, \u00e9s \u00edgy sz\u00f3lt hozz\u00e1: \u201e\u00c1ldott legyen \u00c1brah\u00e1m a magass\u00e1gbeli Isten el\u0151tt, aki az eget \u00e9s a f\u00f6ldet teremtette. \u00c9s \u00e1ldott legyen a magass\u00e1gbeli Isten, aki kezedbe adta ellens\u00e9geidet.\u201d \u00c1brah\u00e1m pedig tizedet adott neki mindenb\u0151l.<br \/>\nEz az Isten ig\u00e9je.<\/p>\n<p><span style=\"color: #ff6600;\">V\u00c1LASZOS ZSOLT\u00c1R (Zsolt 109,1.2.3.4)<\/span><br \/>\nV\u00e1lasz:\u00a0<strong>Pap vagy te mind\u00f6r\u00f6kk\u00e9, * Melkizedek rendje szerint.<\/strong>\u00a04bc. vers. (6. t\u00f3nus)<br \/>\nEl\u0151\u00e9nekes: \u00cdgy sz\u00f3lt az \u00dar az \u00e9n Uramhoz, \u2020\u201dJobbom fel\u0151l foglalj helyet, * m\u00edg minden ellens\u00e9gedet l\u00e1bad al\u00e1 vetem zs\u00e1molyul.\u201d<br \/>\nH\u00edvek: Pap vagy te mind\u00f6r\u00f6kk\u00e9, * Melkizedek rendje szerint.<br \/>\nE: Kiny\u00fajtja az \u00dar Sionb\u00f3l hatalmad vesszej\u00e9t: * \u201eEllens\u00e9geid k\u00f6z\u00f6tt uralkodj\u00e1l.<br \/>\nH: Pap vagy te mind\u00f6r\u00f6kk\u00e9, * Melkizedek rendje szerint.<br \/>\nE: N\u00e1lad van az uralom hatalmad napj\u00e1n, * szent f\u00e9nyess\u00e9gben a hajnalcsillag el\u0151tt sz\u00fcltelek t\u00e9ged.\u201d<br \/>\nH: Pap vagy te mind\u00f6r\u00f6kk\u00e9, * Melkizedek rendje szerint.<br \/>\nE: Megesk\u00fcd\u00f6tt az \u00dar, \u00e9s meg nem b\u00e1nja: * \u201ePap vagy te mind\u00f6r\u00f6kk\u00e9 Melkizedek rendje szerint.\u201d<br \/>\n<span style=\"color: #000000;\">H: Pap vagy te mind\u00f6r\u00f6kk\u00e9, * Melkizedek rendje szerint.<\/span><\/p>\n<p><span style=\"color: #ff6600;\">SZENTLECKE Szent P\u00e1l apostolnak a korintusiakhoz \u00edrt els\u0151 level\u00e9b\u0151l (1Kor 11,23-26)<\/span><br \/>\n<em>Valah\u00e1nyszor eszitek e kenyeret \u00e9s isztok a kehelyb\u0151l, az \u00dar hal\u00e1l\u00e1t hirdetitek.<\/em><br \/>\nTestv\u00e9reim!<br \/>\n\u00c9n az \u00dart\u00f3l kaptam, amit k\u00f6z\u00f6ltem is veletek. Urunk J\u00e9zus azon az \u00e9jszak\u00e1n, amikor el\u00e1rult\u00e1k, fogta a kenyeret, h\u00e1l\u00e1t adott, megt\u00f6rte, \u00e9s \u00edgy sz\u00f3lt: \u201eVegy\u00e9tek \u00e9s egy\u00e9tek, ez az \u00e9n testem, amely \u00e9rtetek adatik! Ezt cselekedj\u00e9tek az \u00e9n eml\u00e9kezetemre!\u201d<br \/>\nA vacsora ut\u00e1n ugyan\u00edgy fogta a kelyhet is, \u00e9s \u00edgy sz\u00f3lt: \u201eEz a kehely az \u00fajsz\u00f6vets\u00e9g kelyhe az \u00e9n v\u00e9remben. Valah\u00e1nyszor isztok bel\u0151le, tegy\u00e9tek ezt az \u00e9n eml\u00e9kezetemre!\u201d<br \/>\nAmikor ugyanis e kenyeret eszitek \u00e9s e kehelyb\u0151l isztok, az \u00dar hal\u00e1l\u00e1t hirdetitek, am\u00edg el nem j\u00f6n.<br \/>\nEz az Isten ig\u00e9je.<\/p>\n<p><span style=\"color: #ff6600;\">ALLELUJA<\/span><br \/>\nJ\u00e9zus mondja: \u2020 \u201e\u00c9n vagyok az \u00e9gb\u0151l sz\u00e1llott \u00e9l\u0151 keny\u00e9r. * Aki eszik ebb\u0151l a keny\u00e9rb\u0151l, \u00f6r\u00f6kk\u00e9 \u00e9lni fog.\u201d Jn 6,51 \u2013 5. t\u00f3nus.<\/p>\n<p><span style=\"color: #ff6600;\">\u2020 EVANG\u00c9LIUM Szent Luk\u00e1cs k\u00f6nyv\u00e9b\u0151l (Lk 9,11b-17)<\/span><br \/>\n<em>Mindny\u00e1jan ettek \u00e9s j\u00f3llaktak a csod\u00e1latos keny\u00e9rb\u0151l.<\/em><br \/>\nJ\u00e9zus egy mag\u00e1nyos helyre vonult apostolaival. A n\u00e9p megtudta \u00e9s ut\u00e1na ment. \u0150 sz\u00edvesen fogadta \u0151ket, \u00e9s besz\u00e9lt nekik Isten orsz\u00e1g\u00e1r\u00f3l, akik pedig gy\u00f3gyul\u00e1st kerestek n\u00e1la, azokat meggy\u00f3gy\u00edtotta.<br \/>\nA nap m\u00e1r hanyatl\u00f3ban volt. Odament hozz\u00e1 a tizenkett\u0151: \u201eBocs\u00e1sd el a n\u00e9pet \u2013 figyelmeztett\u00e9k \u2013, hogy a k\u00f6rny\u00e9kbeli falvakban \u00e9s tany\u00e1kon sz\u00e1ll\u00e1st \u00e9s \u00e9lelmet keressenek maguknak, mert itt elhagyatott helyen vagyunk.\u201d<br \/>\n\u201eTi adjatok nekik enni\u201d \u2013 v\u00e1laszolta. \u201eCsak \u00f6t kenyer\u00fcnk \u00e9s k\u00e9t halunk van \u2013 mondt\u00e1k. \u2013 El kellene menn\u00fcnk, hogy ennival\u00f3t vegy\u00fcnk ennyi n\u00e9pnek.\u201d Mintegy \u00f6tezer f\u00e9rfi volt ott.<br \/>\nAkkor meghagyta tan\u00edtv\u00e1nyainak: \u201eTelep\u00edts\u00e9tek le \u0151ket \u00f6tvenes csoportokban.\u201d<br \/>\n\u00dagy is tettek. Letelepedtek mindny\u00e1jan. J\u00e9zus pedig kez\u00e9be vette az \u00f6t kenyeret \u00e9s a k\u00e9t halat.<br \/>\nF\u00f6ltekintett az \u00e9gre, meg\u00e1ldotta azokat. Majd megt\u00f6rte, s tan\u00edtv\u00e1nyainak adta, hogy ossz\u00e1k ki a n\u00e9pnek.<br \/>\nMiut\u00e1n mindny\u00e1jan ettek \u00e9s j\u00f3llaktak, m\u00e9g tizenk\u00e9t kos\u00e1rra val\u00f3 marad\u00e9kot szedtek \u00f6ssze.<br \/>\nEzek az evang\u00e9lium ig\u00e9i.<\/p>\n<p><span style=\"color: #ff6600;\">EGYETEMES K\u00d6NY\u00d6RG\u00c9SEK<\/span><br \/>\nPap: Testv\u00e9reim! \u00dcnnepi \u00f6r\u00f6mmel im\u00e1djuk az Olt\u00e1riszents\u00e9get! K\u00e9rj\u00fck Megv\u00e1lt\u00f3nkat \u00e9s j\u00f3 P\u00e1sztorunkat, hogy hallgassa meg al\u00e1zatos k\u00f6ny\u00f6rg\u00e9s\u00fcnket!<br \/>\nLektor: 1. Add, Urunk, hogy Egyh\u00e1zad mindig egy legyen a keny\u00e9rt\u00f6r\u00e9s k\u00f6z\u00f6ss\u00e9g\u00e9ben!<br \/>\nH\u00edvek: K\u00e9r\u00fcnk t\u00e9ged, hallgass meg minket!<br \/>\n2. Szenteld meg papjainkat, hogy szentek legyenek \u00e9s szent\u00fcl szolg\u00e1ltass\u00e1k ki szents\u00e9geidet!<br \/>\nH\u00edvek: K\u00e9r\u00fcnk t\u00e9ged . . .<br \/>\n3. \u00dagy nevelj minket az Olt\u00e1riszents\u00e9g gyakori v\u00e9tele \u00e1ltal, hogy mindenn\u00e9l t\u00f6bbre becs\u00fclj\u00fck lelk\u00fcnk kegyelmi \u00e1llapot\u00e1t!<br \/>\nH\u00edvek: K\u00e9r\u00fcnk t\u00e9ged . . .<br \/>\n4. Add, Urunk, hogy szeretetlakom\u00e1dra, a szentmis\u00e9re sz\u00f3l\u00f3 h\u00edv\u00e1snak mindig \u00f6r\u00f6mmel \u00e9s \u00e1ldozatk\u00e9sz l\u00e9lekkel engedelmeskedj\u00fcnk!<br \/>\nH\u00edvek: K\u00e9r\u00fcnk t\u00e9ged . . .<br \/>\n5. V\u00e9g\u00fcl ne engedd, Urunk, hogy a Szent \u00datraval\u00f3 n\u00e9lk\u00fcl t\u00e1vozzunk a f\u00f6ldi \u00e9letb\u0151l!<br \/>\nH\u00edvek: K\u00e9r\u00fcnk t\u00e9ged . . .<br \/>\nPap: Urunk, J\u00e9zus Krisztus! Add, k\u00e9r\u00fcnk, hogy a szentmise kegyelmeiben mindig b\u0151ven r\u00e9szes\u00fclj\u00fcnk, \u00e9s az Olt\u00e1riszents\u00e9gben \u0151szinte odaad\u00e1ssal, tiszta l\u00e9lekkel vegy\u00fcnk magunkhoz. Aki \u00e9lsz \u00e9s uralkodol mind\u00f6r\u00f6kk\u00f6n-\u00f6r\u00f6kk\u00e9.<br \/>\nH\u00edvek: \u00c1men.<\/p>\n<p><span style=\"color: #ff6600;\">Felaj\u00e1nl\u00f3 k\u00f6ny\u00f6rg\u00e9s:<\/span><br \/>\nK\u00e9r\u00fcnk, Isten\u00fcnk, add meg Egyh\u00e1zadnak az egys\u00e9g \u00e9s a b\u00e9ke aj\u00e1nd\u00e9k\u00e1t, amelyet a felaj\u00e1nlott \u00e1ldozati adom\u00e1nyok titokzatosan jelk\u00e9peznek. Krisztus, a mi Urunk \u00e1ltal.<\/p>\n<p><span style=\"color: #ff6600;\">Pref\u00e1ci\u00f3:<\/span><br \/>\nAz \u00dar legyen veletek.<br \/>\nH.: \u00c9s a te lelkeddel.<br \/>\nEmelj\u00fck f\u00f6l sz\u00edv\u00fcnket.<br \/>\nH.: F\u00f6lemelt\u00fck az \u00darhoz.<br \/>\nAdjunk h\u00e1l\u00e1t Urunknak, Isten\u00fcnknek.<br \/>\nH.: M\u00e9lt\u00f3 \u00e9s igazs\u00e1gos.<br \/>\n(Mert) Val\u00f3ban m\u00e9lt\u00f3 \u00e9s igazs\u00e1gos, ill\u0151 \u00e9s \u00fcdv\u00f6s, hogy mindig \u00e9s minden\u00fctt h\u00e1l\u00e1t adjunk n\u00e9ked, mi Urunk, szents\u00e9ges Aty\u00e1nk, mindenhat\u00f3, \u00f6r\u00f6k Isten: Krisztus, a mi Urunk \u00e1ltal.<br \/>\n(Mert) \u0150 az igazi \u00f6r\u00f6k F\u0151pap, ki \u00fcdv\u00f6ss\u00e9g\u00fcnk\u00e9rt fel\u00e1ldozta \u00f6nmag\u00e1t, \u2013 \u00e9s minden id\u0151kre sz\u00f3l\u00f3 \u00e1ldozatot RENdelt, meghagyva, hogy eml\u00e9kezet\u00e9re mi is felaj\u00e1nljuk n\u00e9ked.&lt;&gt; Ha \u00e9rt\u00fcnk adott Test\u00e9t magunkhoz vessz\u00fck, er\u0151t \u00e1raszt lelk\u00fcnkbe, \u2013 ha \u00e9rt\u00fcnk ontott V\u00e9r\u00e9t isszuk, tiszt\u00e1ra mos minket.<br \/>\n(\u00c9s) Ez\u00e9rt mi is, mik\u00e9nt az angyalok \u00e9s f\u0151angyalok, a tr\u00f3nod k\u00f6r\u00fcl \u00e1ll\u00f3 hatalmas \u00e9gi szellemek, \u00e9s minden seregek a mennyben, (a te) dics\u0151s\u00e9ged himnusz\u00e1t zengj\u00fck, \u2013 \u00e9s vel\u00fck egy\u00fctt v\u00e9g n\u00e9lk\u00fcl mondjuk (\u00e9nekelj\u00fck):<\/p>\n<p><span style=\"color: #ff6600;\">\u00c1ldoz\u00e1si \u00e9nek:<\/span><br \/>\nAki eszi az \u00e9n testemet \u00e9s issza az \u00e9n v\u00e9remet, az bennem marad, \u00e9s \u00e9n \u0151benne &#8211; mondja az \u00dar. (Jn 6,57)<\/p>\n<p><span style=\"color: #ff6600;\">\u00c1ldoz\u00e1s ut\u00e1ni k\u00f6ny\u00f6rg\u00e9s:<\/span><br \/>\nK\u00e9r\u00fcnk, Urunk, t\u00f6ltsd be lelk\u00fcnket istens\u00e9ged \u00f6r\u00f6kk\u00e9val\u00f3 \u00e9lvezet\u00e9vel, amelyet dr\u00e1ga Testednek \u00e9s V\u00e9rednek mostani v\u00e9tele m\u00e1r el\u0151re jelez. Aki \u00e9lsz \u00e9s uralkodol mind\u00f6r\u00f6kk\u00f6n \u00f6r\u00f6kk\u00e9.<\/p>\n<p><em>(K\u00e9p forr\u00e1sa: Weingarteni bazilika)<\/em><\/p>\n","protected":false},"excerpt":{"rendered":"<p>Tisztelj\u00fck \u00e9s im\u00e1djuk Mivel az Eukarisztia titka a v\u00e9gtelen Szeretetnek k\u00f6sz\u00f6nheti l\u00e9trej\u00f6tt\u00e9t \u00e9s sz\u00e1munkra Krisztust teszi jelenval\u00f3v\u00e1 szents\u00e9gi m\u00f3don, az\u00e9rt m\u00e9lt\u00f3 h\u00e1l\u00e1nkra \u00e9s tisztelet\u00fcnkre. Ennek a tiszteletnek a Legszentebb Szents\u00e9ggel val\u00f3 minden tal\u00e1lkoz\u00e1sunkkor meg kell mutatkoznia, ak\u00e1r templomba l\u00e1togatunk, ak\u00e1r a betegekhez vissz\u00fck a Szent \u00datraval\u00f3t, hogy nekik kiszolg\u00e1ltassuk. Krisztus im\u00e1d\u00e1sa az \u0151 szeretet\u00e9nek ebben a szents\u00e9g\u00e9ben kell, hogy kifejez\u00e9sre jusson az eucharisztikus \u00e1h\u00edtat sokf\u00e9le form\u00e1j\u00e1ban: a szem\u00e9lyes im\u00e1d\u00e1sban a Legfels\u00e9gesebb el\u0151tt, az ima\u00f3r\u00e1kban a szents\u00e9gkit\u00e9tel r\u00f6videbb vagy hosszabb ideje alatt, az \u00e9vi negyven\u00f3r\u00e1s szents\u00e9gim\u00e1d\u00e1sban, a szents\u00e9gi \u00e1ld\u00e1sban, az eucharisztikus k\u00f6rmenetben, az eucharisztikus kongresszusokon. K\u00fcl\u00f6n\u00f6s szerepet visz ebben a vonatkoz\u00e1sban az \u00darnap \u00fcnnepe, mint a tisztelet nyilv\u00e1nos megvall\u00e1sa. (Szent II. J\u00e1nos P\u00e1l p\u00e1pa) Kezd\u0151\u00e9nek: T\u00e1pl\u00e1lta \u0151ket a gabona jav\u00e1val, \u00e9s j\u00f3llakatta \u0151ket m\u00e9zzel a k\u0151szikl\u00e1b\u00f3l. (V\u00f6. Zsolt 80,17) K\u00f6ny\u00f6rg\u00e9s: Urunk, J\u00e9zus Krisztus, te ebben a csod\u00e1latos szents\u00e9gben k\u00ednszenved\u00e9sed eml\u00e9k\u00e9t hagytad r\u00e1nk. Add, k\u00e9r\u00fcnk, Tested \u00e9s V\u00e9red szent titk\u00e1t \u00fagy tiszteln\u00fcnk, hogy megv\u00e1lt\u00e1sod gy\u00fcm\u00f6lcs\u00e9t sz\u00fcntelen\u00fcl \u00e9lvezz\u00fck. Aki \u00e9lsz \u00e9s uralkodol az Aty\u00e1val \u00e9s a Szentl\u00e9lekkel egys\u00e9gben Isten mind\u00f6r\u00f6kk\u00f6n \u00f6r\u00f6kk\u00e9. OLVASM\u00c1NY M\u00f3zes els\u0151 k\u00f6nyv\u00e9b\u0151l (Ter 14,18-20) \u00c1brah\u00e1m kenyeret \u00e9s bort aj\u00e1nlott fel. Amikor \u00c1brah\u00e1m gy\u0151zelmet aratott az ellens\u00e9g f\u00f6l\u00f6tt, \u00e9s sereg\u00e9vel visszat\u00e9rt, el\u00e9je j\u00f6tt Melkizedek, S\u00e1lem kir\u00e1lya. Kenyeret \u00e9s bort hozott. \u0150 ugyanis a magass\u00e1gbeli Isten papja volt. Melkizedek meg\u00e1ldotta \u0151t, \u00e9s \u00edgy sz\u00f3lt hozz\u00e1: \u201e\u00c1ldott legyen \u00c1brah\u00e1m a magass\u00e1gbeli Isten el\u0151tt, aki az eget \u00e9s a f\u00f6ldet teremtette. \u00c9s \u00e1ldott legyen a magass\u00e1gbeli Isten, aki kezedbe adta ellens\u00e9geidet.\u201d \u00c1brah\u00e1m pedig tizedet adott neki mindenb\u0151l. Ez az Isten ig\u00e9je. V\u00c1LASZOS ZSOLT\u00c1R (Zsolt 109,1.2.3.4) V\u00e1lasz:\u00a0Pap vagy te mind\u00f6r\u00f6kk\u00e9, * Melkizedek rendje szerint.\u00a04bc. vers. (6. t\u00f3nus) El\u0151\u00e9nekes: \u00cdgy sz\u00f3lt az \u00dar az \u00e9n Uramhoz, \u2020\u201dJobbom fel\u0151l foglalj helyet, * m\u00edg minden ellens\u00e9gedet l\u00e1bad al\u00e1 vetem zs\u00e1molyul.\u201d H\u00edvek: Pap vagy te mind\u00f6r\u00f6kk\u00e9, * Melkizedek rendje szerint. E: Kiny\u00fajtja az \u00dar Sionb\u00f3l hatalmad vesszej\u00e9t: * \u201eEllens\u00e9geid&#8230; <\/p>\n<p><a class=\"readmore\" href=\"https:\/\/stuttgarti-katolikusok.de\/index.php\/krisztus-szent-teste-es-vere-urnapja-3\/\">R\u00e9szletek<\/a><\/p>\n","protected":false},"author":3,"featured_media":26960,"comment_status":"closed","ping_status":"closed","sticky":false,"template":"","format":"standard","meta":{"footnotes":""},"categories":[85,63],"tags":[],"class_list":["post-31209","post","type-post","status-publish","format-standard","has-post-thumbnail","hentry","category-a-liturgia-olvasmanyai","category-vasarnapi-gondolatok"],"yoast_head":"<!-- This site is optimized with the Yoast SEO plugin v27.3 - https:\/\/yoast.com\/product\/yoast-seo-wordpress\/ -->\n<title>Krisztus Szent Teste \u00e9s V\u00e9re \u2013 \u00darnapja - Stuttgarti Katolikusok<\/title>\n<meta name=\"robots\" content=\"index, follow, max-snippet:-1, max-image-preview:large, max-video-preview:-1\" \/>\n<link rel=\"canonical\" href=\"https:\/\/stuttgarti-katolikusok.de\/index.php\/krisztus-szent-teste-es-vere-urnapja-3\/\" \/>\n<meta property=\"og:locale\" content=\"hu_HU\" \/>\n<meta property=\"og:type\" content=\"article\" \/>\n<meta property=\"og:title\" content=\"Krisztus Szent Teste \u00e9s V\u00e9re \u2013 \u00darnapja - Stuttgarti Katolikusok\" \/>\n<meta property=\"og:description\" content=\"Tisztelj\u00fck \u00e9s im\u00e1djuk Mivel az Eukarisztia titka a v\u00e9gtelen Szeretetnek k\u00f6sz\u00f6nheti l\u00e9trej\u00f6tt\u00e9t \u00e9s sz\u00e1munkra Krisztust teszi jelenval\u00f3v\u00e1 szents\u00e9gi m\u00f3don, az\u00e9rt m\u00e9lt\u00f3 h\u00e1l\u00e1nkra \u00e9s tisztelet\u00fcnkre. Ennek a tiszteletnek a Legszentebb Szents\u00e9ggel val\u00f3 minden tal\u00e1lkoz\u00e1sunkkor meg kell mutatkoznia, ak\u00e1r templomba l\u00e1togatunk, ak\u00e1r a betegekhez vissz\u00fck a Szent \u00datraval\u00f3t, hogy nekik kiszolg\u00e1ltassuk. Krisztus im\u00e1d\u00e1sa az \u0151 szeretet\u00e9nek ebben a szents\u00e9g\u00e9ben kell, hogy kifejez\u00e9sre jusson az eucharisztikus \u00e1h\u00edtat sokf\u00e9le form\u00e1j\u00e1ban: a szem\u00e9lyes im\u00e1d\u00e1sban a Legfels\u00e9gesebb el\u0151tt, az ima\u00f3r\u00e1kban a szents\u00e9gkit\u00e9tel r\u00f6videbb vagy hosszabb ideje alatt, az \u00e9vi negyven\u00f3r\u00e1s szents\u00e9gim\u00e1d\u00e1sban, a szents\u00e9gi \u00e1ld\u00e1sban, az eucharisztikus k\u00f6rmenetben, az eucharisztikus kongresszusokon. K\u00fcl\u00f6n\u00f6s szerepet visz ebben a vonatkoz\u00e1sban az \u00darnap \u00fcnnepe, mint a tisztelet nyilv\u00e1nos megvall\u00e1sa. (Szent II. J\u00e1nos P\u00e1l p\u00e1pa) Kezd\u0151\u00e9nek: T\u00e1pl\u00e1lta \u0151ket a gabona jav\u00e1val, \u00e9s j\u00f3llakatta \u0151ket m\u00e9zzel a k\u0151szikl\u00e1b\u00f3l. (V\u00f6. Zsolt 80,17) K\u00f6ny\u00f6rg\u00e9s: Urunk, J\u00e9zus Krisztus, te ebben a csod\u00e1latos szents\u00e9gben k\u00ednszenved\u00e9sed eml\u00e9k\u00e9t hagytad r\u00e1nk. Add, k\u00e9r\u00fcnk, Tested \u00e9s V\u00e9red szent titk\u00e1t \u00fagy tiszteln\u00fcnk, hogy megv\u00e1lt\u00e1sod gy\u00fcm\u00f6lcs\u00e9t sz\u00fcntelen\u00fcl \u00e9lvezz\u00fck. Aki \u00e9lsz \u00e9s uralkodol az Aty\u00e1val \u00e9s a Szentl\u00e9lekkel egys\u00e9gben Isten mind\u00f6r\u00f6kk\u00f6n \u00f6r\u00f6kk\u00e9. OLVASM\u00c1NY M\u00f3zes els\u0151 k\u00f6nyv\u00e9b\u0151l (Ter 14,18-20) \u00c1brah\u00e1m kenyeret \u00e9s bort aj\u00e1nlott fel. Amikor \u00c1brah\u00e1m gy\u0151zelmet aratott az ellens\u00e9g f\u00f6l\u00f6tt, \u00e9s sereg\u00e9vel visszat\u00e9rt, el\u00e9je j\u00f6tt Melkizedek, S\u00e1lem kir\u00e1lya. Kenyeret \u00e9s bort hozott. \u0150 ugyanis a magass\u00e1gbeli Isten papja volt. Melkizedek meg\u00e1ldotta \u0151t, \u00e9s \u00edgy sz\u00f3lt hozz\u00e1: \u201e\u00c1ldott legyen \u00c1brah\u00e1m a magass\u00e1gbeli Isten el\u0151tt, aki az eget \u00e9s a f\u00f6ldet teremtette. \u00c9s \u00e1ldott legyen a magass\u00e1gbeli Isten, aki kezedbe adta ellens\u00e9geidet.\u201d \u00c1brah\u00e1m pedig tizedet adott neki mindenb\u0151l. Ez az Isten ig\u00e9je. V\u00c1LASZOS ZSOLT\u00c1R (Zsolt 109,1.2.3.4) V\u00e1lasz:\u00a0Pap vagy te mind\u00f6r\u00f6kk\u00e9, * Melkizedek rendje szerint.\u00a04bc. vers. (6. t\u00f3nus) El\u0151\u00e9nekes: \u00cdgy sz\u00f3lt az \u00dar az \u00e9n Uramhoz, \u2020\u201dJobbom fel\u0151l foglalj helyet, * m\u00edg minden ellens\u00e9gedet l\u00e1bad al\u00e1 vetem zs\u00e1molyul.\u201d H\u00edvek: Pap vagy te mind\u00f6r\u00f6kk\u00e9, * Melkizedek rendje szerint. E: Kiny\u00fajtja az \u00dar Sionb\u00f3l hatalmad vesszej\u00e9t: * \u201eEllens\u00e9geid... R\u00e9szletek\" \/>\n<meta property=\"og:url\" content=\"https:\/\/stuttgarti-katolikusok.de\/index.php\/krisztus-szent-teste-es-vere-urnapja-3\/\" \/>\n<meta property=\"og:site_name\" content=\"Stuttgarti Katolikusok\" \/>\n<meta property=\"article:published_time\" content=\"2025-06-17T16:16:00+00:00\" \/>\n<meta property=\"article:modified_time\" content=\"2025-06-17T16:16:56+00:00\" \/>\n<meta property=\"og:image\" content=\"https:\/\/stuttgarti-katolikusok.de\/wp-content\/uploads\/2023\/06\/urnapja-weingarten-1.jpg\" \/>\n\t<meta property=\"og:image:width\" content=\"1530\" \/>\n\t<meta property=\"og:image:height\" content=\"2040\" \/>\n\t<meta property=\"og:image:type\" content=\"image\/jpeg\" \/>\n<meta name=\"author\" content=\"Tibor atya\" \/>\n<meta name=\"twitter:card\" content=\"summary_large_image\" \/>\n<meta name=\"twitter:label1\" content=\"Szerz\u0151:\" \/>\n\t<meta name=\"twitter:data1\" content=\"Tibor atya\" \/>\n\t<meta name=\"twitter:label2\" content=\"Becs\u00fclt olvas\u00e1si id\u0151\" \/>\n\t<meta name=\"twitter:data2\" content=\"6 perc\" \/>\n<script type=\"application\/ld+json\" class=\"yoast-schema-graph\">{\"@context\":\"https:\\\/\\\/schema.org\",\"@graph\":[{\"@type\":\"Article\",\"@id\":\"https:\\\/\\\/stuttgarti-katolikusok.de\\\/index.php\\\/krisztus-szent-teste-es-vere-urnapja-3\\\/#article\",\"isPartOf\":{\"@id\":\"https:\\\/\\\/stuttgarti-katolikusok.de\\\/index.php\\\/krisztus-szent-teste-es-vere-urnapja-3\\\/\"},\"author\":{\"name\":\"Tibor atya\",\"@id\":\"https:\\\/\\\/stuttgarti-katolikusok.de\\\/#\\\/schema\\\/person\\\/75908d6f8fdc03a57889d27209df7795\"},\"headline\":\"Krisztus Szent Teste \u00e9s V\u00e9re \u2013 \u00darnapja\",\"datePublished\":\"2025-06-17T16:16:00+00:00\",\"dateModified\":\"2025-06-17T16:16:56+00:00\",\"mainEntityOfPage\":{\"@id\":\"https:\\\/\\\/stuttgarti-katolikusok.de\\\/index.php\\\/krisztus-szent-teste-es-vere-urnapja-3\\\/\"},\"wordCount\":1459,\"image\":{\"@id\":\"https:\\\/\\\/stuttgarti-katolikusok.de\\\/index.php\\\/krisztus-szent-teste-es-vere-urnapja-3\\\/#primaryimage\"},\"thumbnailUrl\":\"https:\\\/\\\/stuttgarti-katolikusok.de\\\/wp-content\\\/uploads\\\/2023\\\/06\\\/urnapja-weingarten-1.jpg\",\"articleSection\":[\"A liturgia olvasm\u00e1nyai\",\"Vas\u00e1rnapi gondolatok\"],\"inLanguage\":\"hu\"},{\"@type\":\"WebPage\",\"@id\":\"https:\\\/\\\/stuttgarti-katolikusok.de\\\/index.php\\\/krisztus-szent-teste-es-vere-urnapja-3\\\/\",\"url\":\"https:\\\/\\\/stuttgarti-katolikusok.de\\\/index.php\\\/krisztus-szent-teste-es-vere-urnapja-3\\\/\",\"name\":\"Krisztus Szent Teste \u00e9s V\u00e9re \u2013 \u00darnapja - Stuttgarti Katolikusok\",\"isPartOf\":{\"@id\":\"https:\\\/\\\/stuttgarti-katolikusok.de\\\/#website\"},\"primaryImageOfPage\":{\"@id\":\"https:\\\/\\\/stuttgarti-katolikusok.de\\\/index.php\\\/krisztus-szent-teste-es-vere-urnapja-3\\\/#primaryimage\"},\"image\":{\"@id\":\"https:\\\/\\\/stuttgarti-katolikusok.de\\\/index.php\\\/krisztus-szent-teste-es-vere-urnapja-3\\\/#primaryimage\"},\"thumbnailUrl\":\"https:\\\/\\\/stuttgarti-katolikusok.de\\\/wp-content\\\/uploads\\\/2023\\\/06\\\/urnapja-weingarten-1.jpg\",\"datePublished\":\"2025-06-17T16:16:00+00:00\",\"dateModified\":\"2025-06-17T16:16:56+00:00\",\"author\":{\"@id\":\"https:\\\/\\\/stuttgarti-katolikusok.de\\\/#\\\/schema\\\/person\\\/75908d6f8fdc03a57889d27209df7795\"},\"breadcrumb\":{\"@id\":\"https:\\\/\\\/stuttgarti-katolikusok.de\\\/index.php\\\/krisztus-szent-teste-es-vere-urnapja-3\\\/#breadcrumb\"},\"inLanguage\":\"hu\",\"potentialAction\":[{\"@type\":\"ReadAction\",\"target\":[\"https:\\\/\\\/stuttgarti-katolikusok.de\\\/index.php\\\/krisztus-szent-teste-es-vere-urnapja-3\\\/\"]}]},{\"@type\":\"ImageObject\",\"inLanguage\":\"hu\",\"@id\":\"https:\\\/\\\/stuttgarti-katolikusok.de\\\/index.php\\\/krisztus-szent-teste-es-vere-urnapja-3\\\/#primaryimage\",\"url\":\"https:\\\/\\\/stuttgarti-katolikusok.de\\\/wp-content\\\/uploads\\\/2023\\\/06\\\/urnapja-weingarten-1.jpg\",\"contentUrl\":\"https:\\\/\\\/stuttgarti-katolikusok.de\\\/wp-content\\\/uploads\\\/2023\\\/06\\\/urnapja-weingarten-1.jpg\",\"width\":1530,\"height\":2040},{\"@type\":\"BreadcrumbList\",\"@id\":\"https:\\\/\\\/stuttgarti-katolikusok.de\\\/index.php\\\/krisztus-szent-teste-es-vere-urnapja-3\\\/#breadcrumb\",\"itemListElement\":[{\"@type\":\"ListItem\",\"position\":1,\"name\":\"Kezd\u0151lap\",\"item\":\"https:\\\/\\\/stuttgarti-katolikusok.de\\\/\"},{\"@type\":\"ListItem\",\"position\":2,\"name\":\"Krisztus Szent Teste \u00e9s V\u00e9re \u2013 \u00darnapja\"}]},{\"@type\":\"WebSite\",\"@id\":\"https:\\\/\\\/stuttgarti-katolikusok.de\\\/#website\",\"url\":\"https:\\\/\\\/stuttgarti-katolikusok.de\\\/\",\"name\":\"Stuttgarti Katolikusok\",\"description\":\"\",\"potentialAction\":[{\"@type\":\"SearchAction\",\"target\":{\"@type\":\"EntryPoint\",\"urlTemplate\":\"https:\\\/\\\/stuttgarti-katolikusok.de\\\/?s={search_term_string}\"},\"query-input\":{\"@type\":\"PropertyValueSpecification\",\"valueRequired\":true,\"valueName\":\"search_term_string\"}}],\"inLanguage\":\"hu\"},{\"@type\":\"Person\",\"@id\":\"https:\\\/\\\/stuttgarti-katolikusok.de\\\/#\\\/schema\\\/person\\\/75908d6f8fdc03a57889d27209df7795\",\"name\":\"Tibor atya\",\"image\":{\"@type\":\"ImageObject\",\"inLanguage\":\"hu\",\"@id\":\"https:\\\/\\\/secure.gravatar.com\\\/avatar\\\/61d268e57d1f4525b111222e29d2d5a7f8c420fdbf231ba5566a8ceac74fa960?s=96&d=mm&r=g\",\"url\":\"https:\\\/\\\/secure.gravatar.com\\\/avatar\\\/61d268e57d1f4525b111222e29d2d5a7f8c420fdbf231ba5566a8ceac74fa960?s=96&d=mm&r=g\",\"contentUrl\":\"https:\\\/\\\/secure.gravatar.com\\\/avatar\\\/61d268e57d1f4525b111222e29d2d5a7f8c420fdbf231ba5566a8ceac74fa960?s=96&d=mm&r=g\",\"caption\":\"Tibor atya\"},\"url\":\"https:\\\/\\\/stuttgarti-katolikusok.de\\\/index.php\\\/author\\\/tibor-atya\\\/\"}]}<\/script>\n<!-- \/ Yoast SEO plugin. -->","yoast_head_json":{"title":"Krisztus Szent Teste \u00e9s V\u00e9re \u2013 \u00darnapja - Stuttgarti Katolikusok","robots":{"index":"index","follow":"follow","max-snippet":"max-snippet:-1","max-image-preview":"max-image-preview:large","max-video-preview":"max-video-preview:-1"},"canonical":"https:\/\/stuttgarti-katolikusok.de\/index.php\/krisztus-szent-teste-es-vere-urnapja-3\/","og_locale":"hu_HU","og_type":"article","og_title":"Krisztus Szent Teste \u00e9s V\u00e9re \u2013 \u00darnapja - Stuttgarti Katolikusok","og_description":"Tisztelj\u00fck \u00e9s im\u00e1djuk Mivel az Eukarisztia titka a v\u00e9gtelen Szeretetnek k\u00f6sz\u00f6nheti l\u00e9trej\u00f6tt\u00e9t \u00e9s sz\u00e1munkra Krisztust teszi jelenval\u00f3v\u00e1 szents\u00e9gi m\u00f3don, az\u00e9rt m\u00e9lt\u00f3 h\u00e1l\u00e1nkra \u00e9s tisztelet\u00fcnkre. Ennek a tiszteletnek a Legszentebb Szents\u00e9ggel val\u00f3 minden tal\u00e1lkoz\u00e1sunkkor meg kell mutatkoznia, ak\u00e1r templomba l\u00e1togatunk, ak\u00e1r a betegekhez vissz\u00fck a Szent \u00datraval\u00f3t, hogy nekik kiszolg\u00e1ltassuk. Krisztus im\u00e1d\u00e1sa az \u0151 szeretet\u00e9nek ebben a szents\u00e9g\u00e9ben kell, hogy kifejez\u00e9sre jusson az eucharisztikus \u00e1h\u00edtat sokf\u00e9le form\u00e1j\u00e1ban: a szem\u00e9lyes im\u00e1d\u00e1sban a Legfels\u00e9gesebb el\u0151tt, az ima\u00f3r\u00e1kban a szents\u00e9gkit\u00e9tel r\u00f6videbb vagy hosszabb ideje alatt, az \u00e9vi negyven\u00f3r\u00e1s szents\u00e9gim\u00e1d\u00e1sban, a szents\u00e9gi \u00e1ld\u00e1sban, az eucharisztikus k\u00f6rmenetben, az eucharisztikus kongresszusokon. K\u00fcl\u00f6n\u00f6s szerepet visz ebben a vonatkoz\u00e1sban az \u00darnap \u00fcnnepe, mint a tisztelet nyilv\u00e1nos megvall\u00e1sa. (Szent II. J\u00e1nos P\u00e1l p\u00e1pa) Kezd\u0151\u00e9nek: T\u00e1pl\u00e1lta \u0151ket a gabona jav\u00e1val, \u00e9s j\u00f3llakatta \u0151ket m\u00e9zzel a k\u0151szikl\u00e1b\u00f3l. (V\u00f6. Zsolt 80,17) K\u00f6ny\u00f6rg\u00e9s: Urunk, J\u00e9zus Krisztus, te ebben a csod\u00e1latos szents\u00e9gben k\u00ednszenved\u00e9sed eml\u00e9k\u00e9t hagytad r\u00e1nk. Add, k\u00e9r\u00fcnk, Tested \u00e9s V\u00e9red szent titk\u00e1t \u00fagy tiszteln\u00fcnk, hogy megv\u00e1lt\u00e1sod gy\u00fcm\u00f6lcs\u00e9t sz\u00fcntelen\u00fcl \u00e9lvezz\u00fck. Aki \u00e9lsz \u00e9s uralkodol az Aty\u00e1val \u00e9s a Szentl\u00e9lekkel egys\u00e9gben Isten mind\u00f6r\u00f6kk\u00f6n \u00f6r\u00f6kk\u00e9. OLVASM\u00c1NY M\u00f3zes els\u0151 k\u00f6nyv\u00e9b\u0151l (Ter 14,18-20) \u00c1brah\u00e1m kenyeret \u00e9s bort aj\u00e1nlott fel. Amikor \u00c1brah\u00e1m gy\u0151zelmet aratott az ellens\u00e9g f\u00f6l\u00f6tt, \u00e9s sereg\u00e9vel visszat\u00e9rt, el\u00e9je j\u00f6tt Melkizedek, S\u00e1lem kir\u00e1lya. Kenyeret \u00e9s bort hozott. \u0150 ugyanis a magass\u00e1gbeli Isten papja volt. Melkizedek meg\u00e1ldotta \u0151t, \u00e9s \u00edgy sz\u00f3lt hozz\u00e1: \u201e\u00c1ldott legyen \u00c1brah\u00e1m a magass\u00e1gbeli Isten el\u0151tt, aki az eget \u00e9s a f\u00f6ldet teremtette. \u00c9s \u00e1ldott legyen a magass\u00e1gbeli Isten, aki kezedbe adta ellens\u00e9geidet.\u201d \u00c1brah\u00e1m pedig tizedet adott neki mindenb\u0151l. Ez az Isten ig\u00e9je. V\u00c1LASZOS ZSOLT\u00c1R (Zsolt 109,1.2.3.4) V\u00e1lasz:\u00a0Pap vagy te mind\u00f6r\u00f6kk\u00e9, * Melkizedek rendje szerint.\u00a04bc. vers. (6. t\u00f3nus) El\u0151\u00e9nekes: \u00cdgy sz\u00f3lt az \u00dar az \u00e9n Uramhoz, \u2020\u201dJobbom fel\u0151l foglalj helyet, * m\u00edg minden ellens\u00e9gedet l\u00e1bad al\u00e1 vetem zs\u00e1molyul.\u201d H\u00edvek: Pap vagy te mind\u00f6r\u00f6kk\u00e9, * Melkizedek rendje szerint. E: Kiny\u00fajtja az \u00dar Sionb\u00f3l hatalmad vesszej\u00e9t: * \u201eEllens\u00e9geid... R\u00e9szletek","og_url":"https:\/\/stuttgarti-katolikusok.de\/index.php\/krisztus-szent-teste-es-vere-urnapja-3\/","og_site_name":"Stuttgarti Katolikusok","article_published_time":"2025-06-17T16:16:00+00:00","article_modified_time":"2025-06-17T16:16:56+00:00","og_image":[{"width":1530,"height":2040,"url":"https:\/\/stuttgarti-katolikusok.de\/wp-content\/uploads\/2023\/06\/urnapja-weingarten-1.jpg","type":"image\/jpeg"}],"author":"Tibor atya","twitter_card":"summary_large_image","twitter_misc":{"Szerz\u0151:":"Tibor atya","Becs\u00fclt olvas\u00e1si id\u0151":"6 perc"},"schema":{"@context":"https:\/\/schema.org","@graph":[{"@type":"Article","@id":"https:\/\/stuttgarti-katolikusok.de\/index.php\/krisztus-szent-teste-es-vere-urnapja-3\/#article","isPartOf":{"@id":"https:\/\/stuttgarti-katolikusok.de\/index.php\/krisztus-szent-teste-es-vere-urnapja-3\/"},"author":{"name":"Tibor atya","@id":"https:\/\/stuttgarti-katolikusok.de\/#\/schema\/person\/75908d6f8fdc03a57889d27209df7795"},"headline":"Krisztus Szent Teste \u00e9s V\u00e9re \u2013 \u00darnapja","datePublished":"2025-06-17T16:16:00+00:00","dateModified":"2025-06-17T16:16:56+00:00","mainEntityOfPage":{"@id":"https:\/\/stuttgarti-katolikusok.de\/index.php\/krisztus-szent-teste-es-vere-urnapja-3\/"},"wordCount":1459,"image":{"@id":"https:\/\/stuttgarti-katolikusok.de\/index.php\/krisztus-szent-teste-es-vere-urnapja-3\/#primaryimage"},"thumbnailUrl":"https:\/\/stuttgarti-katolikusok.de\/wp-content\/uploads\/2023\/06\/urnapja-weingarten-1.jpg","articleSection":["A liturgia olvasm\u00e1nyai","Vas\u00e1rnapi gondolatok"],"inLanguage":"hu"},{"@type":"WebPage","@id":"https:\/\/stuttgarti-katolikusok.de\/index.php\/krisztus-szent-teste-es-vere-urnapja-3\/","url":"https:\/\/stuttgarti-katolikusok.de\/index.php\/krisztus-szent-teste-es-vere-urnapja-3\/","name":"Krisztus Szent Teste \u00e9s V\u00e9re \u2013 \u00darnapja - Stuttgarti Katolikusok","isPartOf":{"@id":"https:\/\/stuttgarti-katolikusok.de\/#website"},"primaryImageOfPage":{"@id":"https:\/\/stuttgarti-katolikusok.de\/index.php\/krisztus-szent-teste-es-vere-urnapja-3\/#primaryimage"},"image":{"@id":"https:\/\/stuttgarti-katolikusok.de\/index.php\/krisztus-szent-teste-es-vere-urnapja-3\/#primaryimage"},"thumbnailUrl":"https:\/\/stuttgarti-katolikusok.de\/wp-content\/uploads\/2023\/06\/urnapja-weingarten-1.jpg","datePublished":"2025-06-17T16:16:00+00:00","dateModified":"2025-06-17T16:16:56+00:00","author":{"@id":"https:\/\/stuttgarti-katolikusok.de\/#\/schema\/person\/75908d6f8fdc03a57889d27209df7795"},"breadcrumb":{"@id":"https:\/\/stuttgarti-katolikusok.de\/index.php\/krisztus-szent-teste-es-vere-urnapja-3\/#breadcrumb"},"inLanguage":"hu","potentialAction":[{"@type":"ReadAction","target":["https:\/\/stuttgarti-katolikusok.de\/index.php\/krisztus-szent-teste-es-vere-urnapja-3\/"]}]},{"@type":"ImageObject","inLanguage":"hu","@id":"https:\/\/stuttgarti-katolikusok.de\/index.php\/krisztus-szent-teste-es-vere-urnapja-3\/#primaryimage","url":"https:\/\/stuttgarti-katolikusok.de\/wp-content\/uploads\/2023\/06\/urnapja-weingarten-1.jpg","contentUrl":"https:\/\/stuttgarti-katolikusok.de\/wp-content\/uploads\/2023\/06\/urnapja-weingarten-1.jpg","width":1530,"height":2040},{"@type":"BreadcrumbList","@id":"https:\/\/stuttgarti-katolikusok.de\/index.php\/krisztus-szent-teste-es-vere-urnapja-3\/#breadcrumb","itemListElement":[{"@type":"ListItem","position":1,"name":"Kezd\u0151lap","item":"https:\/\/stuttgarti-katolikusok.de\/"},{"@type":"ListItem","position":2,"name":"Krisztus Szent Teste \u00e9s V\u00e9re \u2013 \u00darnapja"}]},{"@type":"WebSite","@id":"https:\/\/stuttgarti-katolikusok.de\/#website","url":"https:\/\/stuttgarti-katolikusok.de\/","name":"Stuttgarti Katolikusok","description":"","potentialAction":[{"@type":"SearchAction","target":{"@type":"EntryPoint","urlTemplate":"https:\/\/stuttgarti-katolikusok.de\/?s={search_term_string}"},"query-input":{"@type":"PropertyValueSpecification","valueRequired":true,"valueName":"search_term_string"}}],"inLanguage":"hu"},{"@type":"Person","@id":"https:\/\/stuttgarti-katolikusok.de\/#\/schema\/person\/75908d6f8fdc03a57889d27209df7795","name":"Tibor atya","image":{"@type":"ImageObject","inLanguage":"hu","@id":"https:\/\/secure.gravatar.com\/avatar\/61d268e57d1f4525b111222e29d2d5a7f8c420fdbf231ba5566a8ceac74fa960?s=96&d=mm&r=g","url":"https:\/\/secure.gravatar.com\/avatar\/61d268e57d1f4525b111222e29d2d5a7f8c420fdbf231ba5566a8ceac74fa960?s=96&d=mm&r=g","contentUrl":"https:\/\/secure.gravatar.com\/avatar\/61d268e57d1f4525b111222e29d2d5a7f8c420fdbf231ba5566a8ceac74fa960?s=96&d=mm&r=g","caption":"Tibor atya"},"url":"https:\/\/stuttgarti-katolikusok.de\/index.php\/author\/tibor-atya\/"}]}},"_links":{"self":[{"href":"https:\/\/stuttgarti-katolikusok.de\/index.php\/wp-json\/wp\/v2\/posts\/31209","targetHints":{"allow":["GET"]}}],"collection":[{"href":"https:\/\/stuttgarti-katolikusok.de\/index.php\/wp-json\/wp\/v2\/posts"}],"about":[{"href":"https:\/\/stuttgarti-katolikusok.de\/index.php\/wp-json\/wp\/v2\/types\/post"}],"author":[{"embeddable":true,"href":"https:\/\/stuttgarti-katolikusok.de\/index.php\/wp-json\/wp\/v2\/users\/3"}],"replies":[{"embeddable":true,"href":"https:\/\/stuttgarti-katolikusok.de\/index.php\/wp-json\/wp\/v2\/comments?post=31209"}],"version-history":[{"count":3,"href":"https:\/\/stuttgarti-katolikusok.de\/index.php\/wp-json\/wp\/v2\/posts\/31209\/revisions"}],"predecessor-version":[{"id":31212,"href":"https:\/\/stuttgarti-katolikusok.de\/index.php\/wp-json\/wp\/v2\/posts\/31209\/revisions\/31212"}],"wp:featuredmedia":[{"embeddable":true,"href":"https:\/\/stuttgarti-katolikusok.de\/index.php\/wp-json\/wp\/v2\/media\/26960"}],"wp:attachment":[{"href":"https:\/\/stuttgarti-katolikusok.de\/index.php\/wp-json\/wp\/v2\/media?parent=31209"}],"wp:term":[{"taxonomy":"category","embeddable":true,"href":"https:\/\/stuttgarti-katolikusok.de\/index.php\/wp-json\/wp\/v2\/categories?post=31209"},{"taxonomy":"post_tag","embeddable":true,"href":"https:\/\/stuttgarti-katolikusok.de\/index.php\/wp-json\/wp\/v2\/tags?post=31209"}],"curies":[{"name":"wp","href":"https:\/\/api.w.org\/{rel}","templated":true}]}}