{"id":31194,"date":"2025-06-14T02:03:25","date_gmt":"2025-06-14T00:03:25","guid":{"rendered":"https:\/\/stuttgarti-katolikusok.de\/?p=31194"},"modified":"2025-06-14T02:03:25","modified_gmt":"2025-06-14T00:03:25","slug":"szentharomsag-vasarnap-2","status":"publish","type":"post","link":"https:\/\/stuttgarti-katolikusok.de\/index.php\/szentharomsag-vasarnap-2\/","title":{"rendered":"Szenth\u00e1roms\u00e1g vas\u00e1rnap"},"content":{"rendered":"<p><span style=\"color: #ff6600;\"><em>P\u00fcnk\u00f6sd ut\u00e1ni els\u0151 vas\u00e1rnap Szenth\u00e1roms\u00e1g vas\u00e1rnapja. Kereszt\u00e9ny hit\u00fcnk egyik legm\u00e9lyebb \u00e9s egyben legcsod\u00e1latosabb titk\u00e1ba enged betekint\u00e9st nyern\u00fcnk. A h\u00edv\u0151 embert foglalkoztat\u00f3 k\u00e9rd\u00e9sek sokas\u00e1ga ez. Ki az Isten? Milyen az Isten? Egy\u00e1ltal\u00e1n, megismerhetem \u0150t?<\/em><\/span><\/p>\n<p><span style=\"color: #ff6600;\"><em>Amikor ezeket a k\u00e9rd\u00e9seket megfogalmazom \u00e9s egyben v\u00e1laszolni is szeretn\u00e9k r\u00e1, nem szabad elfelednem, hogy el\u0151sz\u00f6r is abb\u00f3l kell kiindulnom, ki vagyok voltak\u00e9ppen \u00e9n magam. \u00d6nismeretem m\u00e9lys\u00e9ge a felt\u00e9tele \u00e9s biztos\u00edt\u00e9ka a h\u00e1rom szem\u00e9ly\u0171 egy Isten bens\u0151 \u00e9let\u00e9nek megismer\u00e9s\u00e9hez. \u00cdgy van ez k\u00fcl\u00f6nben emberi kapcsolatainkat is tekintve. M\u00e1sr\u00e9szt nem szabad elfelednem, a m\u00e1sik emberr\u0151l annyit tudhatok meg, amennyit \u0151 megmutat saj\u00e1t mag\u00e1b\u00f3l.\u00a0<\/em><\/span><\/p>\n<p><span style=\"color: #ff6600;\"><em>A megismer\u00e9sben k\u00e9t utat v\u00e1laszthatunk: az \u00e9rtelem, a r\u00e1ci\u00f3 \u00e9s a sz\u00edv, az \u00e9rzelem \u00fatj\u00e1t. A k\u00e9p \u00f6nmag\u00e1\u00e9rt besz\u00e9l: az \u00e9desanya, vagy az \u00e9desapa amikor \u00f6l\u00e9be veszi \u00fajsz\u00fcl\u00f6tt gyermek\u00e9t, sohasem az \u00e9rtelem \u00fatj\u00e1t v\u00e1lasztja, hanem a sz\u00edv, az \u00e9rzelem \u00fatj\u00e1t. \u00c9ppen \u00e9rzelmein, sz\u00edv\u00e9n kereszt\u00fcl szerzi meg gyermek\u00e9vel kapcsolatosan els\u0151 ismereteit. Nagyon helyesen, ott \u00e9s akkor mennyi mindent &#8222;belel\u00e1t&#8221; m\u00e1r szerelme &#8222;gy\u00fcm\u00f6lcs\u00e9be&#8221;. Ford\u00edtva is igaz, a gyermek sz\u00fclein kereszt\u00fcl ismeri meg a vil\u00e1got, ker\u00fcl kapcsolatba embert\u00e1rsaival. V\u00e9gs\u0151 soron rajtuk kereszt\u00fcl ismeri meg az Istent. Azt\u00e1n id\u0151vel az \u00e9rzelmi megismer\u00e9s \u00fatj\u00e1t kieg\u00e9sz\u00edtheti az \u00e9rtelmi megismer\u00e9s \u00fatj\u00e1val.\u00a0<\/em><\/span><\/p>\n<p><span style=\"color: #ff6600;\"><em>Kereszt\u00e9ny \u00e9let\u00fcnk \u00f6r\u00f6me \u00e9s boldogs\u00e1ga, hogy az Atya gyermekei, a Fi\u00fa testv\u00e9rei \u00e9s a Szentl\u00e9lek templomai vagyunk. Nincs is m\u00e1s \u00e9lethivat\u00e1sunk, mint ezen nemes hivat\u00e1sra \u00e9s k\u00fcldet\u00e9sre \u00e9let\u00fcnk igenj\u00e9vel v\u00e1laszolni. Ez az igazi \u00f6r\u00f6m \u00e9s boldogs\u00e1g.<\/em><\/span><\/p>\n<p><span style=\"color: #ff6600;\"><em>Az olvasm\u00e1nyban\u00a0 a sugalmazott szent\u00edr\u00f3 megszem\u00e9lyes\u00edti a B\u00f6lcsess\u00e9get. \u0150 az, aki \u00f6r\u00f6k, ott van a teremt\u00e9s kezdet\u00e9n. Bizonyos \u00e9rtelemben kij\u00f3zan\u00edt\u00f3 \u00fczenet ez a mai kor embere sz\u00e1m\u00e1ra is, aki annyira b\u00fcszke tud\u00e1s\u00e1ra. Az ember alkotta &#8222;b\u00f6lcsess\u00e9g&#8221; a mesters\u00e9ges inteligencia. Az algoritmusokon kereszt\u00fcl n\u00f6veked\u0151 &#8222;b\u00f6lcsess\u00e9g&#8221; b\u00e1r v\u00e9gtelennek t\u0171nik, m\u00e9gis v\u00e9ges.\u00a0<\/em><\/span><\/p>\n<p><span style=\"color: #ff6600;\"><em>A szentleck\u00e9ben Szent P\u00e1l apostol a rem\u00e9ny \u00fczenet\u00e9vel aj\u00e1nd\u00e9koz meg benn\u00fcnket. Aki befogadja \u00e9let\u00e9be a Szentlelket, Isten szeretet\u00e9t kapja jutalomk\u00e9nnt \u00e9s aj\u00e1nd\u00e9kk\u00e9nt.<\/em><\/span><\/p>\n<p><span style=\"color: #ff6600;\"><em>Az evang\u00e9liumi r\u00e9sz egy\u00e9rtelm\u0171en \u00fczeni, hogy az Egyh\u00e1z kezdett\u0151l fogva vallotta a Szenth\u00e1roms\u00e1g titk\u00e1t, aki Atya, Fi\u00fa \u00e9s Szentl\u00e9lek. Egyben ez a titok megsejteti vel\u00fcnk Isten bels\u0151 \u00e9let\u00e9nek v\u00e9gtelen gazdags\u00e1g\u00e1t. Misszi\u00f3s k\u00fcldet\u00e9s\u00fcnk a tan\u00fas\u00e1gtev\u00e9s a h\u00e1romszem\u00e9ly\u0171 egy Istenr\u0151l, aki Atya, Fi\u00fa \u00e9s Szentl\u00e9lek. Ennek az \u00f6r\u00f6mh\u00edrnek tov\u00e1bbad\u00e1sa.<\/em><\/span><\/p>\n<p><span style=\"color: #ff6600;\">Kezd\u0151\u00e9nek:<\/span><br \/>\n\u00c1ldott legyen az Atyaisten, \u00e9s Isten egysz\u00fcl\u00f6tt Fia, \u00e9s a Szentl\u00e9lek, mert irgalmass\u00e1got gyakorolt vel\u00fcnk.<\/p>\n<p><span style=\"color: #ff6600;\">K\u00f6ny\u00f6rg\u00e9s:<\/span><br \/>\nMennyei Aty\u00e1nk, te elk\u00fcldted a vil\u00e1gba Fiadat, az igazs\u00e1g Ig\u00e9j\u00e9t \u00e9s a megszentel\u0151 Szentlelket, \u00e9s ezzel kinyilatkoztattad bels\u0151 \u00e9leted csod\u00e1latos titk\u00e1t. Add, hogy az igaz hit megvall\u00e1s\u00e1val a Szenth\u00e1roms\u00e1g dics\u0151s\u00e9g\u00e9t megismerj\u00fck, \u00e9s a f\u00f6ls\u00e9ges hatalm\u00fa egy Istent im\u00e1djuk. A mi Urunk, J\u00e9zus Krisztus, a te Fiad \u00e1ltal, aki veled \u00e9l \u00e9s uralkodik a Szentl\u00e9lekkel egys\u00e9gben, Isten mind\u00f6r\u00f6kk\u00f6n \u00f6r\u00f6kk\u00e9.<\/p>\n<p><span style=\"color: #ff6600;\">OLVASM\u00c1NY a P\u00e9ldabesz\u00e9dek k\u00f6nyv\u00e9b\u0151l (P\u00e9ld 8,22-31)<\/span><br \/>\n<em>Isten \u00f6r\u00f6kt\u0151l fogva tervei szolg\u00e1lat\u00e1ra rendelte a B\u00f6lcsess\u00e9get, miel\u0151tt m\u00e9g b\u00e1rmit alkotott.<\/em><br \/>\n\u00cdgy besz\u00e9l az isteni B\u00f6lcsess\u00e9g:<br \/>\nAlkot\u00f3 munk\u00e1ja elej\u00e9n teremtett engem az \u00dar, \u0151sid\u0151t\u0151l fogva, miel\u0151tt b\u00e1rmit is alkotott. Az id\u0151k el\u0151tt teremtett, a kezdet kezdet\u00e9n, a f\u00f6ld sz\u00fclet\u00e9se el\u0151tt. Amikor l\u00e9trehozott, m\u00e9g \u0151svizek sem voltak, \u00e9s a forr\u00e1sokb\u00f3l m\u00e9g nem t\u00f6rt el\u0151 v\u00edz. Miel\u0151tt a hegyek keletkeztek volna, a halmok el\u0151tt sz\u00fclettem, amikor a f\u00f6ldet \u00e9s a mez\u0151ket m\u00e9g nem alkotta meg, \u00e9s a f\u00f6ld els\u0151 g\u00f6r\u00f6ngy\u00e9t sem.<br \/>\nOtt voltam, amikor az eget teremtette, s az \u0151sv\u00edz sz\u00edn\u00e9nek k\u00f6r\u00e9t megvonta, amikor a felh\u0151ket f\u00f6ler\u0151s\u00edtette, s az \u0151sforr\u00e1sok erej\u00e9t megszabta; amikor kijel\u00f6lte a tenger hat\u00e1r\u00e1t \u2013 \u00e9s a vizek nem csaptak ki \u2013, amikor lerakta a f\u00f6ld szil\u00e1rd alapjait. Ott voltam mellette, mint kedvence, napr\u00f3l napra csak bennem gy\u00f6ny\u00f6rk\u00f6d\u00f6tt, mindenkor az \u0151 sz\u00edne el\u0151tt j\u00e1tszadoztam. Ott j\u00e1tszottam az eg\u00e9sz f\u00f6ldkereks\u00e9gen, s \u00f6r\u00f6mmel voltam az emberek fiai k\u00f6z\u00f6tt.<br \/>\nEz az Isten ig\u00e9je.<\/p>\n<p><span style=\"color: #ff6600;\">V\u00c1LASZOS ZSOLT\u00c1R (Zsolt 8,4-5.6-7.8-9)<\/span><br \/>\nV\u00e1lasz:\u00a0<strong>Uram, mi Urunk, * mily csod\u00e1latos a te neved az eg\u00e9sz vil\u00e1gon.<\/strong>\u00a02a. vers. (5. t\u00f3nus)<br \/>\nEl\u0151\u00e9nekes: Szeml\u00e9lem az eget, ujjaid m\u0171ve az, * te alkottad a holdat \u00e9s az \u00f6sszes csillagot.<br \/>\nUgyan mi az ember, hogy megeml\u00e9kezel r\u00f3la, * az emberfia, hogy gondot viselsz r\u00e1?<br \/>\nH\u00edvek: Uram, mi Urunk, * mily csod\u00e1latos a te neved az eg\u00e9sz vil\u00e1gon.<br \/>\nE: Az embert csaknem angyalnak alkottad, \u2020 megkoron\u00e1ztad dics\u0151s\u00e9ggel \u00e9s f\u00f6ns\u00e9ggel, * hatalm\u00e1ba adtad kezed m\u0171veit.<br \/>\nH: Uram, mi Urunk, * mily csod\u00e1latos a te neved az eg\u00e9sz vil\u00e1gon.<br \/>\nE: Mindent l\u00e1bad al\u00e1 vetett\u00e9l, \u2020 minden juhot \u00e9s barmot, * hozz\u00e1 m\u00e9g a mez\u0151k vadjait.<br \/>\nAz \u00e9g madarait \u00e9s a tenger halait, * melyek a tenger \u00f6sv\u00e9ny\u00e9t j\u00e1rj\u00e1k.<br \/>\nH: Uram, mi Urunk, * mily csod\u00e1latos a te neved az eg\u00e9sz vil\u00e1gon.<\/p>\n<p><span style=\"color: #ff6600;\">SZENTLECKE Szent P\u00e1l apostolnak a r\u00f3maiakhoz \u00edrt level\u00e9b\u0151l (R\u00f3m 5,1-5)<\/span><br \/>\n<em>A nek\u00fcnk aj\u00e1nd\u00e9kozott Szentl\u00e9lek \u00e1ltal ki\u00e1radt sz\u00edv\u00fcnkbe az Isten szeretete.<\/em><br \/>\nTestv\u00e9reim!<br \/>\nMivel a hit r\u00e9v\u00e9n megigazultunk, b\u00e9k\u00e9ben \u00e9l\u00fcnk az Istennel, Urunk, J\u00e9zus Krisztus \u00e1ltal. \u00c1ltala jutottunk hozz\u00e1 a hitben a kegyelemhez, amelyben \u00e9l\u00fcnk, \u00e9s dicseksz\u00fcnk a rem\u00e9nys\u00e9ggel, hogy az isteni dics\u0151s\u00e9g r\u00e9szesei lehet\u00fcnk.<br \/>\nDe nemcsak ezzel, hanem m\u00e9g szenved\u00e9seinkkel is dicseksz\u00fcnk, mert tudjuk, hogy a szenved\u00e9sb\u0151l t\u00fcrelem fakad, a t\u00fcrelemb\u0151l kipr\u00f3b\u00e1lt er\u00e9ny, a kipr\u00f3b\u00e1lt er\u00e9nyb\u0151l rem\u00e9nys\u00e9g. Rem\u00e9ny\u00fcnkben nem csalatkozunk, mert a nek\u00fcnk aj\u00e1nd\u00e9kozott Szentl\u00e9lekkel ki\u00e1radt sz\u00edv\u00fcnkbe az Isten szeretete.<br \/>\nEz az Isten ig\u00e9je.<\/p>\n<p><span style=\"color: #ff6600;\">ALLELUJA<\/span><br \/>\nDics\u0151s\u00e9g az Aty\u00e1nak, a Fi\u00fanak \u00e9s a Szentl\u00e9leknek: * Istennek, aki van, aki volt \u00e9s aki elj\u00f6n \u00fajra! V\u00f6. Jel 1,8 \u2013 9. t\u00f3nus.<\/p>\n<p><span style=\"color: #ff6600;\">\u2020 EVANG\u00c9LIUM Szent J\u00e1nos k\u00f6nyv\u00e9b\u0151l (Jn 16,12-15)<\/span><br \/>\n<em>A Szenth\u00e1roms\u00e1g: Atya, Fi\u00fa, Szentl\u00e9lek.<\/em><br \/>\nB\u00facs\u00fabesz\u00e9d\u00e9ben J\u00e9zus \u00edgy sz\u00f3lt tan\u00edtv\u00e1nyaihoz:<br \/>\n\u201eM\u00e9g sok mondanival\u00f3m volna, de nem vagytok hozz\u00e1 el\u00e9g er\u0151sek. Amikor azonban elj\u00f6n az Igazs\u00e1g Lelke, \u0151 majd elvezet titeket a teljes igazs\u00e1gra.<br \/>\nNem mag\u00e1t\u00f3l fog besz\u00e9lni, hanem azt mondja el, amit hall, \u00e9s a j\u00f6vend\u0151t fogja hirdetni nektek. Megdics\u0151\u00edt engem, mert az eny\u00e9mb\u0151l veszi, amit majd hirdet nektek.<br \/>\nMinden, ami Aty\u00e1m\u00e9, eny\u00e9m is. Ez\u00e9rt mondtam, hogy az eny\u00e9mb\u0151l veszi, amit majd hirdet nektek.\u201d<br \/>\nEzek az evang\u00e9lium ig\u00e9i.<\/p>\n<p><span style=\"color: #ff6600;\">EGYETEMES K\u00d6NY\u00d6RG\u00c9SEK<\/span><br \/>\nPap: Testv\u00e9reim! A mennyei Atya gyermekei, a Fi\u00fa testv\u00e9rei \u00e9s a Szentl\u00e9lek templomai vagyunk! K\u00e9rj\u00fck az Aty\u00e1t a Fi\u00fa \u00e1ltal a Szentl\u00e9lekben, hogy seg\u00edtse h\u00edv\u0151 n\u00e9p\u00e9t!<br \/>\nLektor: 1. A Szenth\u00e1roms\u00e1g egy Istent dics\u0151\u00edts\u00e9k \u00e9let\u00fckkel az Atya, a Fi\u00fa \u00e9s a Szentl\u00e9lek nev\u00e9ben megkeresztelt emberek!<br \/>\nH\u00edvek: K\u00e9r\u00fcnk t\u00e9ged, hallgass meg minket!<br \/>\n2. A Szenth\u00e1roms\u00e1g egys\u00e9g\u00e9nek titka vezesse a hit \u00e9s szeretet egys\u00e9g\u00e9re az eg\u00e9sz kereszt\u00e9ny vil\u00e1got!<br \/>\nH\u00edvek: K\u00e9r\u00fcnk t\u00e9ged . . .<br \/>\n3. A Szenth\u00e1roms\u00e1g ki\u00e1rad\u00f3 szeretete vezessen minden embert az evang\u00e9lium vil\u00e1goss\u00e1g\u00e1ra!<br \/>\nH\u00edvek: K\u00e9r\u00fcnk t\u00e9ged . . .<br \/>\n4. A Szenth\u00e1roms\u00e1g egys\u00e9ge \u00e9s b\u00e9k\u00e9je uralkodj\u00e9k a n\u00e9pek \u00e9s vezet\u0151ik sz\u00edv\u00e9ben!<br \/>\nH\u00edvek: K\u00e9r\u00fcnk t\u00e9ged . . .<br \/>\n5. Az Atya hatalma, a Fi\u00fa b\u00f6lcsess\u00e9ge \u00e9s a Szentl\u00e9lek kegyelme \u0151rizze meg csal\u00e1djaink egys\u00e9g\u00e9t \u00e9s boldogs\u00e1g\u00e1t!<br \/>\nH\u00edvek: K\u00e9r\u00fcnk t\u00e9ged . . .<br \/>\nPap: Mindenhat\u00f3, \u00f6r\u00f6k Isten, engedd, hogy akik a kereszts\u00e9gben gyermekeid lett\u00fcnk, kegyelmeddel a Szenth\u00e1roms\u00e1g boldog\u00edt\u00f3 l\u00e1t\u00e1s\u00e1ra eljussunk. Krisztus, a mi Urunk \u00e1ltal.<br \/>\nH\u00edvek: \u00c1men.<\/p>\n<p><span style=\"color: #ff6600;\">Felaj\u00e1nl\u00f3 k\u00f6ny\u00f6rg\u00e9s:<\/span><br \/>\nK\u00e9r\u00fcnk, Urunk, Isten\u00fcnk, neved seg\u00edts\u00e9g\u00fcl h\u00edv\u00e1sa \u00e1ltal szenteld meg felaj\u00e1nlott adom\u00e1nyainkat, \u00e9s t\u00e9gy minket \u00e1ltaluk neked szentelt \u00f6r\u00f6k \u00e1ldozatt\u00e1. Krisztus, a mi Urunk \u00e1ltal.<\/p>\n<p><span style=\"color: #ff6600;\">Pref\u00e1ci\u00f3:<\/span><br \/>\nAz \u00dar legyen veletek.<br \/>\nH.: \u00c9s a te lelkeddel.<br \/>\nEmelj\u00fck f\u00f6l sz\u00edv\u00fcnket.<br \/>\nH.: F\u00f6lemelt\u00fck az \u00darhoz.<br \/>\nAdjunk h\u00e1l\u00e1t Urunknak, Isten\u00fcnknek.<br \/>\nH.: M\u00e9lt\u00f3 \u00e9s igazs\u00e1gos.<br \/>\n(Mert) Val\u00f3ban m\u00e9lt\u00f3 \u00e9s igazs\u00e1gos, ill\u0151 \u00e9s \u00fcdv\u00f6s, hogy mindig \u00e9s minden\u00fctt h\u00e1l\u00e1t adjunk neked, \u2013 mi Urunk, szents\u00e9ges ATy\u00e1nk, mindenhat\u00f3, \u00f6r\u00f6k Isten:<br \/>\nTe egysz\u00fcl\u00f6tt Fiaddal \u00e9s a Szentl\u00e9lekkel egy\u00fctt egy Isten \u00e9s egy \u00dar vagy, nem szem\u00e9ly szerint val\u00f3 egys\u00e9gben, \u2013 hanem h\u00e1rom SZEm\u00e9lyben \u00e9s m\u00e9gis egyetlen l\u00e9nyegben.<br \/>\n\u00cdgy, amit isteni szavadra dics\u0151s\u00e9gedr\u0151l hittel vallunk, azt Fiadr\u00f3l is \u00e1ll\u00edtjuk, a Szentl\u00e9lekr\u0151l is hirdetj\u00fck minden k\u00fcl\u00f6nbs\u00e9gt\u00e9tel n\u00e9lk\u00fcl.<br \/>\nAz igaz \u00e9s \u00f6r\u00f6k istens\u00e9get \u00fagy valljuk, hogy h\u00e1rom k\u00fcl\u00f6nb\u00f6z\u0151 Szem\u00e9lyt im\u00e1dunk benne \u2013 egyetlen l\u00e9nyegben \u00e9s egyetlen fens\u00e9gben.<br \/>\nEzt dics\u0151\u00edtik az angyalok \u00e9s f\u0151angyalok, a kerub- \u00e9s szer\u00e1fk\u00f3rusok, \u2013 kik \u00f6r\u00f6kk\u00e9 \u00e9neklik, \u00e9s egy\u00fctt zengik (mondj\u00e1k):<\/p>\n<p><span style=\"color: #ff6600;\">\u00c1ldoz\u00e1si \u00e9nek:<\/span><br \/>\nMivel pedig fiak vagytok, Isten elk\u00fcldte Fi\u00e1nak Lelk\u00e9t sz\u00edvetekbe, aki ezt ki\u00e1ltja: Abba, Atya! (Gal 4,6)<\/p>\n<p><span style=\"color: #ff6600;\">\u00c1ldoz\u00e1s ut\u00e1ni k\u00f6ny\u00f6rg\u00e9s:<\/span><br \/>\nUrunk, Isten\u00fcnk, e szents\u00e9g v\u00e9tele, \u00e9s az \u00f6r\u00f6kk\u00e9val\u00f3, egy \u00e9s oszthatatlan Szenth\u00e1roms\u00e1g megvall\u00e1sa szolg\u00e1ljon test\u00fcnk \u00e9s lelk\u00fcnk \u00fcdv\u00f6ss\u00e9g\u00e9re. Krisztus, a mi Urunk \u00e1ltal.<\/p>\n<p><em>(K\u00e9p forr\u00e1sa: M\u00e1travereb\u00e9ly-Szentk\u00fat, Nemzeti Kegyhely)<\/em><\/p>\n","protected":false},"excerpt":{"rendered":"<p>P\u00fcnk\u00f6sd ut\u00e1ni els\u0151 vas\u00e1rnap Szenth\u00e1roms\u00e1g vas\u00e1rnapja. Kereszt\u00e9ny hit\u00fcnk egyik legm\u00e9lyebb \u00e9s egyben legcsod\u00e1latosabb titk\u00e1ba enged betekint\u00e9st nyern\u00fcnk. A h\u00edv\u0151 embert foglalkoztat\u00f3 k\u00e9rd\u00e9sek sokas\u00e1ga ez. Ki az Isten? Milyen az Isten? Egy\u00e1ltal\u00e1n, megismerhetem \u0150t? Amikor ezeket a k\u00e9rd\u00e9seket megfogalmazom \u00e9s egyben v\u00e1laszolni is szeretn\u00e9k r\u00e1, nem szabad elfelednem, hogy el\u0151sz\u00f6r is abb\u00f3l kell kiindulnom, ki vagyok voltak\u00e9ppen \u00e9n magam. \u00d6nismeretem m\u00e9lys\u00e9ge a felt\u00e9tele \u00e9s biztos\u00edt\u00e9ka a h\u00e1rom szem\u00e9ly\u0171 egy Isten bens\u0151 \u00e9let\u00e9nek megismer\u00e9s\u00e9hez. \u00cdgy van ez k\u00fcl\u00f6nben emberi kapcsolatainkat is tekintve. M\u00e1sr\u00e9szt nem szabad elfelednem, a m\u00e1sik emberr\u0151l annyit tudhatok meg, amennyit \u0151 megmutat saj\u00e1t mag\u00e1b\u00f3l.\u00a0 A megismer\u00e9sben k\u00e9t utat v\u00e1laszthatunk: az \u00e9rtelem, a r\u00e1ci\u00f3 \u00e9s a sz\u00edv, az \u00e9rzelem \u00fatj\u00e1t. A k\u00e9p \u00f6nmag\u00e1\u00e9rt besz\u00e9l: az \u00e9desanya, vagy az \u00e9desapa amikor \u00f6l\u00e9be veszi \u00fajsz\u00fcl\u00f6tt gyermek\u00e9t, sohasem az \u00e9rtelem \u00fatj\u00e1t v\u00e1lasztja, hanem a sz\u00edv, az \u00e9rzelem \u00fatj\u00e1t. \u00c9ppen \u00e9rzelmein, sz\u00edv\u00e9n kereszt\u00fcl szerzi meg gyermek\u00e9vel kapcsolatosan els\u0151 ismereteit. Nagyon helyesen, ott \u00e9s akkor mennyi mindent &#8222;belel\u00e1t&#8221; m\u00e1r szerelme &#8222;gy\u00fcm\u00f6lcs\u00e9be&#8221;. Ford\u00edtva is igaz, a gyermek sz\u00fclein kereszt\u00fcl ismeri meg a vil\u00e1got, ker\u00fcl kapcsolatba embert\u00e1rsaival. V\u00e9gs\u0151 soron rajtuk kereszt\u00fcl ismeri meg az Istent. Azt\u00e1n id\u0151vel az \u00e9rzelmi megismer\u00e9s \u00fatj\u00e1t kieg\u00e9sz\u00edtheti az \u00e9rtelmi megismer\u00e9s \u00fatj\u00e1val.\u00a0 Kereszt\u00e9ny \u00e9let\u00fcnk \u00f6r\u00f6me \u00e9s boldogs\u00e1ga, hogy az Atya gyermekei, a Fi\u00fa testv\u00e9rei \u00e9s a Szentl\u00e9lek templomai vagyunk. Nincs is m\u00e1s \u00e9lethivat\u00e1sunk, mint ezen nemes hivat\u00e1sra \u00e9s k\u00fcldet\u00e9sre \u00e9let\u00fcnk igenj\u00e9vel v\u00e1laszolni. Ez az igazi \u00f6r\u00f6m \u00e9s boldogs\u00e1g. Az olvasm\u00e1nyban\u00a0 a sugalmazott szent\u00edr\u00f3 megszem\u00e9lyes\u00edti a B\u00f6lcsess\u00e9get. \u0150 az, aki \u00f6r\u00f6k, ott van a teremt\u00e9s kezdet\u00e9n. Bizonyos \u00e9rtelemben kij\u00f3zan\u00edt\u00f3 \u00fczenet ez a mai kor embere sz\u00e1m\u00e1ra is, aki annyira b\u00fcszke tud\u00e1s\u00e1ra. Az ember alkotta &#8222;b\u00f6lcsess\u00e9g&#8221; a mesters\u00e9ges inteligencia. Az algoritmusokon kereszt\u00fcl n\u00f6veked\u0151 &#8222;b\u00f6lcsess\u00e9g&#8221; b\u00e1r v\u00e9gtelennek t\u0171nik, m\u00e9gis v\u00e9ges.\u00a0 A szentleck\u00e9ben Szent P\u00e1l apostol a rem\u00e9ny \u00fczenet\u00e9vel aj\u00e1nd\u00e9koz meg benn\u00fcnket. Aki befogadja \u00e9let\u00e9be a Szentlelket, Isten szeretet\u00e9t kapja jutalomk\u00e9nnt \u00e9s aj\u00e1nd\u00e9kk\u00e9nt. Az evang\u00e9liumi r\u00e9sz egy\u00e9rtelm\u0171en&#8230; <\/p>\n<p><a class=\"readmore\" href=\"https:\/\/stuttgarti-katolikusok.de\/index.php\/szentharomsag-vasarnap-2\/\">R\u00e9szletek<\/a><\/p>\n","protected":false},"author":3,"featured_media":28967,"comment_status":"closed","ping_status":"closed","sticky":false,"template":"","format":"standard","meta":{"footnotes":""},"categories":[85,63],"tags":[],"class_list":["post-31194","post","type-post","status-publish","format-standard","has-post-thumbnail","hentry","category-a-liturgia-olvasmanyai","category-vasarnapi-gondolatok"],"yoast_head":"<!-- This site is optimized with the Yoast SEO plugin v27.3 - https:\/\/yoast.com\/product\/yoast-seo-wordpress\/ -->\n<title>Szenth\u00e1roms\u00e1g vas\u00e1rnap - Stuttgarti Katolikusok<\/title>\n<meta name=\"robots\" content=\"index, follow, max-snippet:-1, max-image-preview:large, max-video-preview:-1\" \/>\n<link rel=\"canonical\" href=\"https:\/\/stuttgarti-katolikusok.de\/index.php\/szentharomsag-vasarnap-2\/\" \/>\n<meta property=\"og:locale\" content=\"hu_HU\" \/>\n<meta property=\"og:type\" content=\"article\" \/>\n<meta property=\"og:title\" content=\"Szenth\u00e1roms\u00e1g vas\u00e1rnap - Stuttgarti Katolikusok\" \/>\n<meta property=\"og:description\" content=\"P\u00fcnk\u00f6sd ut\u00e1ni els\u0151 vas\u00e1rnap Szenth\u00e1roms\u00e1g vas\u00e1rnapja. Kereszt\u00e9ny hit\u00fcnk egyik legm\u00e9lyebb \u00e9s egyben legcsod\u00e1latosabb titk\u00e1ba enged betekint\u00e9st nyern\u00fcnk. A h\u00edv\u0151 embert foglalkoztat\u00f3 k\u00e9rd\u00e9sek sokas\u00e1ga ez. Ki az Isten? Milyen az Isten? Egy\u00e1ltal\u00e1n, megismerhetem \u0150t? Amikor ezeket a k\u00e9rd\u00e9seket megfogalmazom \u00e9s egyben v\u00e1laszolni is szeretn\u00e9k r\u00e1, nem szabad elfelednem, hogy el\u0151sz\u00f6r is abb\u00f3l kell kiindulnom, ki vagyok voltak\u00e9ppen \u00e9n magam. \u00d6nismeretem m\u00e9lys\u00e9ge a felt\u00e9tele \u00e9s biztos\u00edt\u00e9ka a h\u00e1rom szem\u00e9ly\u0171 egy Isten bens\u0151 \u00e9let\u00e9nek megismer\u00e9s\u00e9hez. \u00cdgy van ez k\u00fcl\u00f6nben emberi kapcsolatainkat is tekintve. M\u00e1sr\u00e9szt nem szabad elfelednem, a m\u00e1sik emberr\u0151l annyit tudhatok meg, amennyit \u0151 megmutat saj\u00e1t mag\u00e1b\u00f3l.\u00a0 A megismer\u00e9sben k\u00e9t utat v\u00e1laszthatunk: az \u00e9rtelem, a r\u00e1ci\u00f3 \u00e9s a sz\u00edv, az \u00e9rzelem \u00fatj\u00e1t. A k\u00e9p \u00f6nmag\u00e1\u00e9rt besz\u00e9l: az \u00e9desanya, vagy az \u00e9desapa amikor \u00f6l\u00e9be veszi \u00fajsz\u00fcl\u00f6tt gyermek\u00e9t, sohasem az \u00e9rtelem \u00fatj\u00e1t v\u00e1lasztja, hanem a sz\u00edv, az \u00e9rzelem \u00fatj\u00e1t. \u00c9ppen \u00e9rzelmein, sz\u00edv\u00e9n kereszt\u00fcl szerzi meg gyermek\u00e9vel kapcsolatosan els\u0151 ismereteit. Nagyon helyesen, ott \u00e9s akkor mennyi mindent &#8222;belel\u00e1t&#8221; m\u00e1r szerelme &#8222;gy\u00fcm\u00f6lcs\u00e9be&#8221;. Ford\u00edtva is igaz, a gyermek sz\u00fclein kereszt\u00fcl ismeri meg a vil\u00e1got, ker\u00fcl kapcsolatba embert\u00e1rsaival. V\u00e9gs\u0151 soron rajtuk kereszt\u00fcl ismeri meg az Istent. Azt\u00e1n id\u0151vel az \u00e9rzelmi megismer\u00e9s \u00fatj\u00e1t kieg\u00e9sz\u00edtheti az \u00e9rtelmi megismer\u00e9s \u00fatj\u00e1val.\u00a0 Kereszt\u00e9ny \u00e9let\u00fcnk \u00f6r\u00f6me \u00e9s boldogs\u00e1ga, hogy az Atya gyermekei, a Fi\u00fa testv\u00e9rei \u00e9s a Szentl\u00e9lek templomai vagyunk. Nincs is m\u00e1s \u00e9lethivat\u00e1sunk, mint ezen nemes hivat\u00e1sra \u00e9s k\u00fcldet\u00e9sre \u00e9let\u00fcnk igenj\u00e9vel v\u00e1laszolni. Ez az igazi \u00f6r\u00f6m \u00e9s boldogs\u00e1g. Az olvasm\u00e1nyban\u00a0 a sugalmazott szent\u00edr\u00f3 megszem\u00e9lyes\u00edti a B\u00f6lcsess\u00e9get. \u0150 az, aki \u00f6r\u00f6k, ott van a teremt\u00e9s kezdet\u00e9n. Bizonyos \u00e9rtelemben kij\u00f3zan\u00edt\u00f3 \u00fczenet ez a mai kor embere sz\u00e1m\u00e1ra is, aki annyira b\u00fcszke tud\u00e1s\u00e1ra. Az ember alkotta &#8222;b\u00f6lcsess\u00e9g&#8221; a mesters\u00e9ges inteligencia. Az algoritmusokon kereszt\u00fcl n\u00f6veked\u0151 &#8222;b\u00f6lcsess\u00e9g&#8221; b\u00e1r v\u00e9gtelennek t\u0171nik, m\u00e9gis v\u00e9ges.\u00a0 A szentleck\u00e9ben Szent P\u00e1l apostol a rem\u00e9ny \u00fczenet\u00e9vel aj\u00e1nd\u00e9koz meg benn\u00fcnket. Aki befogadja \u00e9let\u00e9be a Szentlelket, Isten szeretet\u00e9t kapja jutalomk\u00e9nnt \u00e9s aj\u00e1nd\u00e9kk\u00e9nt. Az evang\u00e9liumi r\u00e9sz egy\u00e9rtelm\u0171en... R\u00e9szletek\" \/>\n<meta property=\"og:url\" content=\"https:\/\/stuttgarti-katolikusok.de\/index.php\/szentharomsag-vasarnap-2\/\" \/>\n<meta property=\"og:site_name\" content=\"Stuttgarti Katolikusok\" \/>\n<meta property=\"article:published_time\" content=\"2025-06-14T00:03:25+00:00\" \/>\n<meta property=\"og:image\" content=\"https:\/\/stuttgarti-katolikusok.de\/wp-content\/uploads\/2024\/05\/matraverebely-szentkut.jpg\" \/>\n\t<meta property=\"og:image:width\" content=\"1386\" \/>\n\t<meta property=\"og:image:height\" content=\"924\" \/>\n\t<meta property=\"og:image:type\" content=\"image\/jpeg\" \/>\n<meta name=\"author\" content=\"Tibor atya\" \/>\n<meta name=\"twitter:card\" content=\"summary_large_image\" \/>\n<meta name=\"twitter:label1\" content=\"Szerz\u0151:\" \/>\n\t<meta name=\"twitter:data1\" content=\"Tibor atya\" \/>\n\t<meta name=\"twitter:label2\" content=\"Becs\u00fclt olvas\u00e1si id\u0151\" \/>\n\t<meta name=\"twitter:data2\" content=\"8 perc\" \/>\n<script type=\"application\/ld+json\" class=\"yoast-schema-graph\">{\"@context\":\"https:\\\/\\\/schema.org\",\"@graph\":[{\"@type\":\"Article\",\"@id\":\"https:\\\/\\\/stuttgarti-katolikusok.de\\\/index.php\\\/szentharomsag-vasarnap-2\\\/#article\",\"isPartOf\":{\"@id\":\"https:\\\/\\\/stuttgarti-katolikusok.de\\\/index.php\\\/szentharomsag-vasarnap-2\\\/\"},\"author\":{\"name\":\"Tibor atya\",\"@id\":\"https:\\\/\\\/stuttgarti-katolikusok.de\\\/#\\\/schema\\\/person\\\/75908d6f8fdc03a57889d27209df7795\"},\"headline\":\"Szenth\u00e1roms\u00e1g vas\u00e1rnap\",\"datePublished\":\"2025-06-14T00:03:25+00:00\",\"mainEntityOfPage\":{\"@id\":\"https:\\\/\\\/stuttgarti-katolikusok.de\\\/index.php\\\/szentharomsag-vasarnap-2\\\/\"},\"wordCount\":1857,\"image\":{\"@id\":\"https:\\\/\\\/stuttgarti-katolikusok.de\\\/index.php\\\/szentharomsag-vasarnap-2\\\/#primaryimage\"},\"thumbnailUrl\":\"https:\\\/\\\/stuttgarti-katolikusok.de\\\/wp-content\\\/uploads\\\/2024\\\/05\\\/matraverebely-szentkut.jpg\",\"articleSection\":[\"A liturgia olvasm\u00e1nyai\",\"Vas\u00e1rnapi gondolatok\"],\"inLanguage\":\"hu\"},{\"@type\":\"WebPage\",\"@id\":\"https:\\\/\\\/stuttgarti-katolikusok.de\\\/index.php\\\/szentharomsag-vasarnap-2\\\/\",\"url\":\"https:\\\/\\\/stuttgarti-katolikusok.de\\\/index.php\\\/szentharomsag-vasarnap-2\\\/\",\"name\":\"Szenth\u00e1roms\u00e1g vas\u00e1rnap - Stuttgarti Katolikusok\",\"isPartOf\":{\"@id\":\"https:\\\/\\\/stuttgarti-katolikusok.de\\\/#website\"},\"primaryImageOfPage\":{\"@id\":\"https:\\\/\\\/stuttgarti-katolikusok.de\\\/index.php\\\/szentharomsag-vasarnap-2\\\/#primaryimage\"},\"image\":{\"@id\":\"https:\\\/\\\/stuttgarti-katolikusok.de\\\/index.php\\\/szentharomsag-vasarnap-2\\\/#primaryimage\"},\"thumbnailUrl\":\"https:\\\/\\\/stuttgarti-katolikusok.de\\\/wp-content\\\/uploads\\\/2024\\\/05\\\/matraverebely-szentkut.jpg\",\"datePublished\":\"2025-06-14T00:03:25+00:00\",\"author\":{\"@id\":\"https:\\\/\\\/stuttgarti-katolikusok.de\\\/#\\\/schema\\\/person\\\/75908d6f8fdc03a57889d27209df7795\"},\"breadcrumb\":{\"@id\":\"https:\\\/\\\/stuttgarti-katolikusok.de\\\/index.php\\\/szentharomsag-vasarnap-2\\\/#breadcrumb\"},\"inLanguage\":\"hu\",\"potentialAction\":[{\"@type\":\"ReadAction\",\"target\":[\"https:\\\/\\\/stuttgarti-katolikusok.de\\\/index.php\\\/szentharomsag-vasarnap-2\\\/\"]}]},{\"@type\":\"ImageObject\",\"inLanguage\":\"hu\",\"@id\":\"https:\\\/\\\/stuttgarti-katolikusok.de\\\/index.php\\\/szentharomsag-vasarnap-2\\\/#primaryimage\",\"url\":\"https:\\\/\\\/stuttgarti-katolikusok.de\\\/wp-content\\\/uploads\\\/2024\\\/05\\\/matraverebely-szentkut.jpg\",\"contentUrl\":\"https:\\\/\\\/stuttgarti-katolikusok.de\\\/wp-content\\\/uploads\\\/2024\\\/05\\\/matraverebely-szentkut.jpg\",\"width\":1386,\"height\":924},{\"@type\":\"BreadcrumbList\",\"@id\":\"https:\\\/\\\/stuttgarti-katolikusok.de\\\/index.php\\\/szentharomsag-vasarnap-2\\\/#breadcrumb\",\"itemListElement\":[{\"@type\":\"ListItem\",\"position\":1,\"name\":\"Kezd\u0151lap\",\"item\":\"https:\\\/\\\/stuttgarti-katolikusok.de\\\/\"},{\"@type\":\"ListItem\",\"position\":2,\"name\":\"Szenth\u00e1roms\u00e1g vas\u00e1rnap\"}]},{\"@type\":\"WebSite\",\"@id\":\"https:\\\/\\\/stuttgarti-katolikusok.de\\\/#website\",\"url\":\"https:\\\/\\\/stuttgarti-katolikusok.de\\\/\",\"name\":\"Stuttgarti Katolikusok\",\"description\":\"\",\"potentialAction\":[{\"@type\":\"SearchAction\",\"target\":{\"@type\":\"EntryPoint\",\"urlTemplate\":\"https:\\\/\\\/stuttgarti-katolikusok.de\\\/?s={search_term_string}\"},\"query-input\":{\"@type\":\"PropertyValueSpecification\",\"valueRequired\":true,\"valueName\":\"search_term_string\"}}],\"inLanguage\":\"hu\"},{\"@type\":\"Person\",\"@id\":\"https:\\\/\\\/stuttgarti-katolikusok.de\\\/#\\\/schema\\\/person\\\/75908d6f8fdc03a57889d27209df7795\",\"name\":\"Tibor atya\",\"image\":{\"@type\":\"ImageObject\",\"inLanguage\":\"hu\",\"@id\":\"https:\\\/\\\/secure.gravatar.com\\\/avatar\\\/61d268e57d1f4525b111222e29d2d5a7f8c420fdbf231ba5566a8ceac74fa960?s=96&d=mm&r=g\",\"url\":\"https:\\\/\\\/secure.gravatar.com\\\/avatar\\\/61d268e57d1f4525b111222e29d2d5a7f8c420fdbf231ba5566a8ceac74fa960?s=96&d=mm&r=g\",\"contentUrl\":\"https:\\\/\\\/secure.gravatar.com\\\/avatar\\\/61d268e57d1f4525b111222e29d2d5a7f8c420fdbf231ba5566a8ceac74fa960?s=96&d=mm&r=g\",\"caption\":\"Tibor atya\"},\"url\":\"https:\\\/\\\/stuttgarti-katolikusok.de\\\/index.php\\\/author\\\/tibor-atya\\\/\"}]}<\/script>\n<!-- \/ Yoast SEO plugin. -->","yoast_head_json":{"title":"Szenth\u00e1roms\u00e1g vas\u00e1rnap - Stuttgarti Katolikusok","robots":{"index":"index","follow":"follow","max-snippet":"max-snippet:-1","max-image-preview":"max-image-preview:large","max-video-preview":"max-video-preview:-1"},"canonical":"https:\/\/stuttgarti-katolikusok.de\/index.php\/szentharomsag-vasarnap-2\/","og_locale":"hu_HU","og_type":"article","og_title":"Szenth\u00e1roms\u00e1g vas\u00e1rnap - Stuttgarti Katolikusok","og_description":"P\u00fcnk\u00f6sd ut\u00e1ni els\u0151 vas\u00e1rnap Szenth\u00e1roms\u00e1g vas\u00e1rnapja. Kereszt\u00e9ny hit\u00fcnk egyik legm\u00e9lyebb \u00e9s egyben legcsod\u00e1latosabb titk\u00e1ba enged betekint\u00e9st nyern\u00fcnk. A h\u00edv\u0151 embert foglalkoztat\u00f3 k\u00e9rd\u00e9sek sokas\u00e1ga ez. Ki az Isten? Milyen az Isten? Egy\u00e1ltal\u00e1n, megismerhetem \u0150t? Amikor ezeket a k\u00e9rd\u00e9seket megfogalmazom \u00e9s egyben v\u00e1laszolni is szeretn\u00e9k r\u00e1, nem szabad elfelednem, hogy el\u0151sz\u00f6r is abb\u00f3l kell kiindulnom, ki vagyok voltak\u00e9ppen \u00e9n magam. \u00d6nismeretem m\u00e9lys\u00e9ge a felt\u00e9tele \u00e9s biztos\u00edt\u00e9ka a h\u00e1rom szem\u00e9ly\u0171 egy Isten bens\u0151 \u00e9let\u00e9nek megismer\u00e9s\u00e9hez. \u00cdgy van ez k\u00fcl\u00f6nben emberi kapcsolatainkat is tekintve. M\u00e1sr\u00e9szt nem szabad elfelednem, a m\u00e1sik emberr\u0151l annyit tudhatok meg, amennyit \u0151 megmutat saj\u00e1t mag\u00e1b\u00f3l.\u00a0 A megismer\u00e9sben k\u00e9t utat v\u00e1laszthatunk: az \u00e9rtelem, a r\u00e1ci\u00f3 \u00e9s a sz\u00edv, az \u00e9rzelem \u00fatj\u00e1t. A k\u00e9p \u00f6nmag\u00e1\u00e9rt besz\u00e9l: az \u00e9desanya, vagy az \u00e9desapa amikor \u00f6l\u00e9be veszi \u00fajsz\u00fcl\u00f6tt gyermek\u00e9t, sohasem az \u00e9rtelem \u00fatj\u00e1t v\u00e1lasztja, hanem a sz\u00edv, az \u00e9rzelem \u00fatj\u00e1t. \u00c9ppen \u00e9rzelmein, sz\u00edv\u00e9n kereszt\u00fcl szerzi meg gyermek\u00e9vel kapcsolatosan els\u0151 ismereteit. Nagyon helyesen, ott \u00e9s akkor mennyi mindent &#8222;belel\u00e1t&#8221; m\u00e1r szerelme &#8222;gy\u00fcm\u00f6lcs\u00e9be&#8221;. Ford\u00edtva is igaz, a gyermek sz\u00fclein kereszt\u00fcl ismeri meg a vil\u00e1got, ker\u00fcl kapcsolatba embert\u00e1rsaival. V\u00e9gs\u0151 soron rajtuk kereszt\u00fcl ismeri meg az Istent. Azt\u00e1n id\u0151vel az \u00e9rzelmi megismer\u00e9s \u00fatj\u00e1t kieg\u00e9sz\u00edtheti az \u00e9rtelmi megismer\u00e9s \u00fatj\u00e1val.\u00a0 Kereszt\u00e9ny \u00e9let\u00fcnk \u00f6r\u00f6me \u00e9s boldogs\u00e1ga, hogy az Atya gyermekei, a Fi\u00fa testv\u00e9rei \u00e9s a Szentl\u00e9lek templomai vagyunk. Nincs is m\u00e1s \u00e9lethivat\u00e1sunk, mint ezen nemes hivat\u00e1sra \u00e9s k\u00fcldet\u00e9sre \u00e9let\u00fcnk igenj\u00e9vel v\u00e1laszolni. Ez az igazi \u00f6r\u00f6m \u00e9s boldogs\u00e1g. Az olvasm\u00e1nyban\u00a0 a sugalmazott szent\u00edr\u00f3 megszem\u00e9lyes\u00edti a B\u00f6lcsess\u00e9get. \u0150 az, aki \u00f6r\u00f6k, ott van a teremt\u00e9s kezdet\u00e9n. Bizonyos \u00e9rtelemben kij\u00f3zan\u00edt\u00f3 \u00fczenet ez a mai kor embere sz\u00e1m\u00e1ra is, aki annyira b\u00fcszke tud\u00e1s\u00e1ra. Az ember alkotta &#8222;b\u00f6lcsess\u00e9g&#8221; a mesters\u00e9ges inteligencia. Az algoritmusokon kereszt\u00fcl n\u00f6veked\u0151 &#8222;b\u00f6lcsess\u00e9g&#8221; b\u00e1r v\u00e9gtelennek t\u0171nik, m\u00e9gis v\u00e9ges.\u00a0 A szentleck\u00e9ben Szent P\u00e1l apostol a rem\u00e9ny \u00fczenet\u00e9vel aj\u00e1nd\u00e9koz meg benn\u00fcnket. Aki befogadja \u00e9let\u00e9be a Szentlelket, Isten szeretet\u00e9t kapja jutalomk\u00e9nnt \u00e9s aj\u00e1nd\u00e9kk\u00e9nt. Az evang\u00e9liumi r\u00e9sz egy\u00e9rtelm\u0171en... R\u00e9szletek","og_url":"https:\/\/stuttgarti-katolikusok.de\/index.php\/szentharomsag-vasarnap-2\/","og_site_name":"Stuttgarti Katolikusok","article_published_time":"2025-06-14T00:03:25+00:00","og_image":[{"width":1386,"height":924,"url":"https:\/\/stuttgarti-katolikusok.de\/wp-content\/uploads\/2024\/05\/matraverebely-szentkut.jpg","type":"image\/jpeg"}],"author":"Tibor atya","twitter_card":"summary_large_image","twitter_misc":{"Szerz\u0151:":"Tibor atya","Becs\u00fclt olvas\u00e1si id\u0151":"8 perc"},"schema":{"@context":"https:\/\/schema.org","@graph":[{"@type":"Article","@id":"https:\/\/stuttgarti-katolikusok.de\/index.php\/szentharomsag-vasarnap-2\/#article","isPartOf":{"@id":"https:\/\/stuttgarti-katolikusok.de\/index.php\/szentharomsag-vasarnap-2\/"},"author":{"name":"Tibor atya","@id":"https:\/\/stuttgarti-katolikusok.de\/#\/schema\/person\/75908d6f8fdc03a57889d27209df7795"},"headline":"Szenth\u00e1roms\u00e1g vas\u00e1rnap","datePublished":"2025-06-14T00:03:25+00:00","mainEntityOfPage":{"@id":"https:\/\/stuttgarti-katolikusok.de\/index.php\/szentharomsag-vasarnap-2\/"},"wordCount":1857,"image":{"@id":"https:\/\/stuttgarti-katolikusok.de\/index.php\/szentharomsag-vasarnap-2\/#primaryimage"},"thumbnailUrl":"https:\/\/stuttgarti-katolikusok.de\/wp-content\/uploads\/2024\/05\/matraverebely-szentkut.jpg","articleSection":["A liturgia olvasm\u00e1nyai","Vas\u00e1rnapi gondolatok"],"inLanguage":"hu"},{"@type":"WebPage","@id":"https:\/\/stuttgarti-katolikusok.de\/index.php\/szentharomsag-vasarnap-2\/","url":"https:\/\/stuttgarti-katolikusok.de\/index.php\/szentharomsag-vasarnap-2\/","name":"Szenth\u00e1roms\u00e1g vas\u00e1rnap - Stuttgarti Katolikusok","isPartOf":{"@id":"https:\/\/stuttgarti-katolikusok.de\/#website"},"primaryImageOfPage":{"@id":"https:\/\/stuttgarti-katolikusok.de\/index.php\/szentharomsag-vasarnap-2\/#primaryimage"},"image":{"@id":"https:\/\/stuttgarti-katolikusok.de\/index.php\/szentharomsag-vasarnap-2\/#primaryimage"},"thumbnailUrl":"https:\/\/stuttgarti-katolikusok.de\/wp-content\/uploads\/2024\/05\/matraverebely-szentkut.jpg","datePublished":"2025-06-14T00:03:25+00:00","author":{"@id":"https:\/\/stuttgarti-katolikusok.de\/#\/schema\/person\/75908d6f8fdc03a57889d27209df7795"},"breadcrumb":{"@id":"https:\/\/stuttgarti-katolikusok.de\/index.php\/szentharomsag-vasarnap-2\/#breadcrumb"},"inLanguage":"hu","potentialAction":[{"@type":"ReadAction","target":["https:\/\/stuttgarti-katolikusok.de\/index.php\/szentharomsag-vasarnap-2\/"]}]},{"@type":"ImageObject","inLanguage":"hu","@id":"https:\/\/stuttgarti-katolikusok.de\/index.php\/szentharomsag-vasarnap-2\/#primaryimage","url":"https:\/\/stuttgarti-katolikusok.de\/wp-content\/uploads\/2024\/05\/matraverebely-szentkut.jpg","contentUrl":"https:\/\/stuttgarti-katolikusok.de\/wp-content\/uploads\/2024\/05\/matraverebely-szentkut.jpg","width":1386,"height":924},{"@type":"BreadcrumbList","@id":"https:\/\/stuttgarti-katolikusok.de\/index.php\/szentharomsag-vasarnap-2\/#breadcrumb","itemListElement":[{"@type":"ListItem","position":1,"name":"Kezd\u0151lap","item":"https:\/\/stuttgarti-katolikusok.de\/"},{"@type":"ListItem","position":2,"name":"Szenth\u00e1roms\u00e1g vas\u00e1rnap"}]},{"@type":"WebSite","@id":"https:\/\/stuttgarti-katolikusok.de\/#website","url":"https:\/\/stuttgarti-katolikusok.de\/","name":"Stuttgarti Katolikusok","description":"","potentialAction":[{"@type":"SearchAction","target":{"@type":"EntryPoint","urlTemplate":"https:\/\/stuttgarti-katolikusok.de\/?s={search_term_string}"},"query-input":{"@type":"PropertyValueSpecification","valueRequired":true,"valueName":"search_term_string"}}],"inLanguage":"hu"},{"@type":"Person","@id":"https:\/\/stuttgarti-katolikusok.de\/#\/schema\/person\/75908d6f8fdc03a57889d27209df7795","name":"Tibor atya","image":{"@type":"ImageObject","inLanguage":"hu","@id":"https:\/\/secure.gravatar.com\/avatar\/61d268e57d1f4525b111222e29d2d5a7f8c420fdbf231ba5566a8ceac74fa960?s=96&d=mm&r=g","url":"https:\/\/secure.gravatar.com\/avatar\/61d268e57d1f4525b111222e29d2d5a7f8c420fdbf231ba5566a8ceac74fa960?s=96&d=mm&r=g","contentUrl":"https:\/\/secure.gravatar.com\/avatar\/61d268e57d1f4525b111222e29d2d5a7f8c420fdbf231ba5566a8ceac74fa960?s=96&d=mm&r=g","caption":"Tibor atya"},"url":"https:\/\/stuttgarti-katolikusok.de\/index.php\/author\/tibor-atya\/"}]}},"_links":{"self":[{"href":"https:\/\/stuttgarti-katolikusok.de\/index.php\/wp-json\/wp\/v2\/posts\/31194","targetHints":{"allow":["GET"]}}],"collection":[{"href":"https:\/\/stuttgarti-katolikusok.de\/index.php\/wp-json\/wp\/v2\/posts"}],"about":[{"href":"https:\/\/stuttgarti-katolikusok.de\/index.php\/wp-json\/wp\/v2\/types\/post"}],"author":[{"embeddable":true,"href":"https:\/\/stuttgarti-katolikusok.de\/index.php\/wp-json\/wp\/v2\/users\/3"}],"replies":[{"embeddable":true,"href":"https:\/\/stuttgarti-katolikusok.de\/index.php\/wp-json\/wp\/v2\/comments?post=31194"}],"version-history":[{"count":1,"href":"https:\/\/stuttgarti-katolikusok.de\/index.php\/wp-json\/wp\/v2\/posts\/31194\/revisions"}],"predecessor-version":[{"id":31195,"href":"https:\/\/stuttgarti-katolikusok.de\/index.php\/wp-json\/wp\/v2\/posts\/31194\/revisions\/31195"}],"wp:featuredmedia":[{"embeddable":true,"href":"https:\/\/stuttgarti-katolikusok.de\/index.php\/wp-json\/wp\/v2\/media\/28967"}],"wp:attachment":[{"href":"https:\/\/stuttgarti-katolikusok.de\/index.php\/wp-json\/wp\/v2\/media?parent=31194"}],"wp:term":[{"taxonomy":"category","embeddable":true,"href":"https:\/\/stuttgarti-katolikusok.de\/index.php\/wp-json\/wp\/v2\/categories?post=31194"},{"taxonomy":"post_tag","embeddable":true,"href":"https:\/\/stuttgarti-katolikusok.de\/index.php\/wp-json\/wp\/v2\/tags?post=31194"}],"curies":[{"name":"wp","href":"https:\/\/api.w.org\/{rel}","templated":true}]}}