{"id":31068,"date":"2025-05-27T00:04:15","date_gmt":"2025-05-26T22:04:15","guid":{"rendered":"https:\/\/stuttgarti-katolikusok.de\/?p=31068"},"modified":"2025-05-27T00:20:04","modified_gmt":"2025-05-26T22:20:04","slug":"2025-majus-26-es-junius-1-kozott","status":"publish","type":"post","link":"https:\/\/stuttgarti-katolikusok.de\/index.php\/2025-majus-26-es-junius-1-kozott\/","title":{"rendered":"2025. M\u00c1JUS 26 \u00c9S J\u00daNIUS 1 K\u00d6Z\u00d6TT"},"content":{"rendered":"<p><span style=\"color: #ff6600;\"><strong><em>Programel\u0151zetes<\/em><\/strong><\/span><\/p>\n<p><strong>M\u00e1jus 29-\u00e9n<\/strong>,\u00a0cs\u00fct\u00f6rt\u00f6k\u00f6n<em>,\u00a0<span style=\"color: #ff6600;\"><strong>Urunk mennybemenetel\u00e9nek f\u0151\u00fcnnepe<\/strong><\/span>,<\/em><\/p>\n<ul style=\"list-style-type: square;\">\n<li><span style=\"color: #ff6600;\"><strong>Heidenheimban<\/strong> <\/span><strong><em><span style=\"color: #ff6600;\">Csal\u00e1di Nap &#8211; keret\u00e9ben 11.00 \u00f3rakor n\u00e9met- \u00e9s magyarnyelv\u0171 szentmise<\/span><\/em><\/strong><\/li>\n<\/ul>\n<p><a href=\"https:\/\/stuttgarti-katolikusok.de\/wp-content\/uploads\/2025\/05\/heidenheim-csaladi-nap-2025-j.jpg\"><img loading=\"lazy\" decoding=\"async\" class=\"alignnone size-full wp-image-31076\" src=\"https:\/\/stuttgarti-katolikusok.de\/wp-content\/uploads\/2025\/05\/heidenheim-csaladi-nap-2025-j.jpg\" alt=\"\" width=\"1448\" height=\"2048\" srcset=\"https:\/\/stuttgarti-katolikusok.de\/wp-content\/uploads\/2025\/05\/heidenheim-csaladi-nap-2025-j.jpg 1448w, https:\/\/stuttgarti-katolikusok.de\/wp-content\/uploads\/2025\/05\/heidenheim-csaladi-nap-2025-j-212x300.jpg 212w, https:\/\/stuttgarti-katolikusok.de\/wp-content\/uploads\/2025\/05\/heidenheim-csaladi-nap-2025-j-724x1024.jpg 724w, https:\/\/stuttgarti-katolikusok.de\/wp-content\/uploads\/2025\/05\/heidenheim-csaladi-nap-2025-j-1086x1536.jpg 1086w\" sizes=\"auto, (max-width: 1448px) 100vw, 1448px\" \/><\/a><\/p>\n<p>(Helysz\u00edn:<\/p>\n<p>&#8211; j\u00f3 id\u0151 eset\u00e9n \u2013 <span style=\"color: #ff6600;\"><strong><em>Suppenkopf<\/em><\/strong><\/span> &#8211; <a href=\"https:\/\/goo.gl\/maps\/TLFYR3Fc4ogeAFRr6\">https:\/\/goo.gl\/maps\/TLFYR3Fc4ogeAFRr6<\/a><\/p>\n<p>&#8211; rossz id\u0151 eset\u00e9n: 89518 Heidenheim an der Brenz, Verdi Str. 13 \u2013 Dreifaltigkeitskirche k\u00f6z\u00f6ss\u00e9gi terme).<\/p>\n<ul style=\"list-style-type: square;\">\n<li><span style=\"color: #ff6600;\"><strong>Weingartenben <\/strong><\/span>16.00 \u00f3rakor <em>szentmise <\/em>a <em>14 Nothelfer Kapelle<\/em>-ben.<\/li>\n<\/ul>\n<p style=\"text-align: center;\"><span style=\"color: #ff6600;\"><strong>*<\/strong><\/span><\/p>\n<p><strong>M\u00e1jus 30-\u00e1n<\/strong>, p\u00e9nteken, <span style=\"color: #ff6600;\"><strong><em>Stuttgarti d\u00e9lut\u00e1n<\/em><\/strong><\/span>, 17.30 \u00f3rakor <em>r\u00f3zsaf\u00fcz\u00e9r, <\/em>18.00 \u00f3rakor <em>szentmise<\/em>, azt\u00e1n <em>m\u00e1jusi \u00e1jtatoss\u00e1g. <\/em><\/p>\n<p style=\"text-align: center;\"><span style=\"color: #ff6600;\"><strong>*<\/strong><\/span><\/p>\n<p><strong>M\u00e1jus 31-\u00e9n<\/strong><em>, <\/em>szombaton<em>, <\/em><span style=\"color: #ff6600;\"><strong>Bar\u00e1ts\u00e1gklub <\/strong><\/span>k\u00f6z\u00f6s napja <strong><span style=\"color: #ff6600;\">Heidelbergben.<\/span><\/strong><\/p>\n<p><a href=\"https:\/\/stuttgarti-katolikusok.de\/wp-content\/uploads\/2025\/05\/baratsagklub-2025-majus.jpg\"><img loading=\"lazy\" decoding=\"async\" class=\"alignnone size-full wp-image-31072\" src=\"https:\/\/stuttgarti-katolikusok.de\/wp-content\/uploads\/2025\/05\/baratsagklub-2025-majus.jpg\" alt=\"\" width=\"2339\" height=\"1654\" srcset=\"https:\/\/stuttgarti-katolikusok.de\/wp-content\/uploads\/2025\/05\/baratsagklub-2025-majus.jpg 2339w, https:\/\/stuttgarti-katolikusok.de\/wp-content\/uploads\/2025\/05\/baratsagklub-2025-majus-300x212.jpg 300w, https:\/\/stuttgarti-katolikusok.de\/wp-content\/uploads\/2025\/05\/baratsagklub-2025-majus-1024x724.jpg 1024w, https:\/\/stuttgarti-katolikusok.de\/wp-content\/uploads\/2025\/05\/baratsagklub-2025-majus-1536x1086.jpg 1536w, https:\/\/stuttgarti-katolikusok.de\/wp-content\/uploads\/2025\/05\/baratsagklub-2025-majus-2048x1448.jpg 2048w\" sizes=\"auto, (max-width: 2339px) 100vw, 2339px\" \/><\/a><\/p>\n<p style=\"text-align: center;\"><span style=\"color: #ff6600;\"><strong>\u00a0<\/strong><strong>*<\/strong><\/span><\/p>\n<p><strong>J\u00fanius 1-j\u00e9n<em>,<\/em><\/strong>\u00a0<span style=\"color: #ff6600;\"><strong><em>H\u00fasv\u00e9t 7. vas\u00e1rnapja, Urunk mennybemenetele<\/em><\/strong><\/span>,<\/p>\n<p><span style=\"color: #ff6600;\"><strong>Schw<\/strong><strong>\u00e4bisch<\/strong><strong>-Gm\u00fcndben<\/strong><\/span><strong><em>\u00a0<\/em><\/strong>9.30 \u00f3rakor <em>szentmise<\/em>, ut\u00e1na <em>agap\u00e9.<\/em><\/p>\n<p><span style=\"color: #ff6600;\"><strong>Stuttgartban <\/strong><\/span>12.30 \u00f3rakor<em> szentmise, <\/em>keret\u00e9ben a <strong>Nemzeti \u00d6sszetartoz\u00e1s Napja <\/strong>megeml\u00e9kez\u00e9s<em>.<\/em><\/p>\n<p>&nbsp;<\/p>\n<a href=\"https:\/\/stuttgarti-katolikusok.de\/wp-content\/uploads\/2025\/05\/Meghivo-Trianon-105.-2025-Lila-Arany.pdf\" class=\"pdfemb-viewer\" style=\"\" data-width=\"max\" data-height=\"max\" data-toolbar=\"bottom\" data-toolbar-fixed=\"off\">Megh\u00edv\u00f3 - Trianon 105. - 2025 Lila Arany<\/a>\n<p style=\"text-align: center;\"><span style=\"color: #ff6600;\"><strong>*<\/strong><\/span><\/p>\n<p>Minden helyen mindenkit szeretettel v\u00e1r a k\u00f6z\u00f6ss\u00e9g \u00e9s Tibor atya!<\/p>\n<p style=\"text-align: center;\"><span style=\"color: #ff6600;\"><strong>*<\/strong><\/span><\/p>\n<p><a href=\"https:\/\/stuttgarti-katolikusok.de\/wp-content\/uploads\/2021\/05\/jesus-christ-898330-640.jpg\"><img loading=\"lazy\" decoding=\"async\" class=\"alignnone size-full wp-image-21851\" src=\"https:\/\/stuttgarti-katolikusok.de\/wp-content\/uploads\/2021\/05\/jesus-christ-898330-640.jpg\" alt=\"\" width=\"640\" height=\"426\" srcset=\"https:\/\/stuttgarti-katolikusok.de\/wp-content\/uploads\/2021\/05\/jesus-christ-898330-640.jpg 640w, https:\/\/stuttgarti-katolikusok.de\/wp-content\/uploads\/2021\/05\/jesus-christ-898330-640-300x200.jpg 300w, https:\/\/stuttgarti-katolikusok.de\/wp-content\/uploads\/2021\/05\/jesus-christ-898330-640-420x280.jpg 420w\" sizes=\"auto, (max-width: 640px) 100vw, 640px\" \/><\/a><\/p>\n<p style=\"text-align: center;\"><span style=\"color: #ff6600;\"><strong>*<\/strong><\/span><\/p>\n<p><span style=\"color: #ff6600;\"><strong><em>Kegyelemteljes h\u00fasv\u00e9ti napokat, tartalmas besz\u00e9lget\u00e9seket \u00e9s \u00f6r\u00f6mteli tal\u00e1lkoz\u00e1sokat k\u00edv\u00e1nunk minden Kedves H\u00edv\u00fcnknek!<\/em><\/strong><\/span><\/p>\n<p style=\"text-align: center;\"><span style=\"color: #ff6600;\"><strong>*<\/strong><\/span><\/p>\n<p><strong><span style=\"color: #ff6600;\"><em>\u201eAk\u00e1r \u00f3ri\u00e1sok \u00e9p\u00edtik a kast\u00e9lyokat, ak\u00e1r emberek a kunyh\u00f3kat: kast\u00e9lyok, kunyh\u00f3k mind muland\u00f3 dolgok. Csup\u00e1n a hegyek, a v\u00f6lgyek, a foly\u00f3k \u00e9s a n\u00e9pek \u00f6r\u00f6kk\u00e9val\u00f3k, mert azokat Isten teremtette!\u201d<\/em><\/span><em>\u00a0<\/em><\/strong><em>(Wass Albert, erd\u00e9lyi magyar \u00edr\u00f3 \u00e9s k\u00f6lt\u0151 &#8211; 1908 \u2013 1998)<\/em><\/p>\n<p><em>(K\u00e9pek forr\u00e1sa: Pixabay)<\/em><\/p>\n","protected":false},"excerpt":{"rendered":"<p>Programel\u0151zetes M\u00e1jus 29-\u00e9n,\u00a0cs\u00fct\u00f6rt\u00f6k\u00f6n,\u00a0Urunk mennybemenetel\u00e9nek f\u0151\u00fcnnepe, Heidenheimban Csal\u00e1di Nap &#8211; keret\u00e9ben 11.00 \u00f3rakor n\u00e9met- \u00e9s magyarnyelv\u0171 szentmise (Helysz\u00edn: &#8211; j\u00f3 id\u0151 eset\u00e9n \u2013 Suppenkopf &#8211; https:\/\/goo.gl\/maps\/TLFYR3Fc4ogeAFRr6 &#8211; rossz id\u0151 eset\u00e9n: 89518 Heidenheim an der Brenz, Verdi Str. 13 \u2013 Dreifaltigkeitskirche k\u00f6z\u00f6ss\u00e9gi terme). Weingartenben 16.00 \u00f3rakor szentmise a 14 Nothelfer Kapelle-ben. * M\u00e1jus 30-\u00e1n, p\u00e9nteken, Stuttgarti d\u00e9lut\u00e1n, 17.30 \u00f3rakor r\u00f3zsaf\u00fcz\u00e9r, 18.00 \u00f3rakor szentmise, azt\u00e1n m\u00e1jusi \u00e1jtatoss\u00e1g. * M\u00e1jus 31-\u00e9n, szombaton, Bar\u00e1ts\u00e1gklub k\u00f6z\u00f6s napja Heidelbergben. \u00a0* J\u00fanius 1-j\u00e9n,\u00a0H\u00fasv\u00e9t 7. vas\u00e1rnapja, Urunk mennybemenetele, Schw\u00e4bisch-Gm\u00fcndben\u00a09.30 \u00f3rakor szentmise, ut\u00e1na agap\u00e9. Stuttgartban 12.30 \u00f3rakor szentmise, keret\u00e9ben a Nemzeti \u00d6sszetartoz\u00e1s Napja megeml\u00e9kez\u00e9s. &nbsp; * Minden helyen mindenkit szeretettel v\u00e1r a k\u00f6z\u00f6ss\u00e9g \u00e9s Tibor atya! * * Kegyelemteljes h\u00fasv\u00e9ti napokat, tartalmas besz\u00e9lget\u00e9seket \u00e9s \u00f6r\u00f6mteli tal\u00e1lkoz\u00e1sokat k\u00edv\u00e1nunk minden Kedves H\u00edv\u00fcnknek! * \u201eAk\u00e1r \u00f3ri\u00e1sok \u00e9p\u00edtik a kast\u00e9lyokat, ak\u00e1r emberek a kunyh\u00f3kat: kast\u00e9lyok, kunyh\u00f3k mind muland\u00f3 dolgok. Csup\u00e1n a hegyek, a v\u00f6lgyek, a foly\u00f3k \u00e9s a n\u00e9pek \u00f6r\u00f6kk\u00e9val\u00f3k, mert azokat Isten teremtette!\u201d\u00a0(Wass Albert, erd\u00e9lyi magyar \u00edr\u00f3 \u00e9s k\u00f6lt\u0151 &#8211; 1908 \u2013 1998) (K\u00e9pek forr\u00e1sa: Pixabay)<\/p>\n","protected":false},"author":3,"featured_media":21852,"comment_status":"closed","ping_status":"closed","sticky":false,"template":"","format":"standard","meta":{"footnotes":""},"categories":[37],"tags":[],"class_list":["post-31068","post","type-post","status-publish","format-standard","has-post-thumbnail","hentry","category-progamelozetes"],"yoast_head":"<!-- This site is optimized with the Yoast SEO plugin v27.3 - https:\/\/yoast.com\/product\/yoast-seo-wordpress\/ -->\n<title>2025. M\u00c1JUS 26 \u00c9S J\u00daNIUS 1 K\u00d6Z\u00d6TT - Stuttgarti Katolikusok<\/title>\n<meta name=\"robots\" content=\"index, follow, max-snippet:-1, max-image-preview:large, max-video-preview:-1\" \/>\n<link rel=\"canonical\" href=\"https:\/\/stuttgarti-katolikusok.de\/index.php\/2025-majus-26-es-junius-1-kozott\/\" \/>\n<meta property=\"og:locale\" content=\"hu_HU\" \/>\n<meta property=\"og:type\" content=\"article\" \/>\n<meta property=\"og:title\" content=\"2025. M\u00c1JUS 26 \u00c9S J\u00daNIUS 1 K\u00d6Z\u00d6TT - Stuttgarti Katolikusok\" \/>\n<meta property=\"og:description\" content=\"Programel\u0151zetes M\u00e1jus 29-\u00e9n,\u00a0cs\u00fct\u00f6rt\u00f6k\u00f6n,\u00a0Urunk mennybemenetel\u00e9nek f\u0151\u00fcnnepe, Heidenheimban Csal\u00e1di Nap &#8211; keret\u00e9ben 11.00 \u00f3rakor n\u00e9met- \u00e9s magyarnyelv\u0171 szentmise (Helysz\u00edn: &#8211; j\u00f3 id\u0151 eset\u00e9n \u2013 Suppenkopf &#8211; https:\/\/goo.gl\/maps\/TLFYR3Fc4ogeAFRr6 &#8211; rossz id\u0151 eset\u00e9n: 89518 Heidenheim an der Brenz, Verdi Str. 13 \u2013 Dreifaltigkeitskirche k\u00f6z\u00f6ss\u00e9gi terme). Weingartenben 16.00 \u00f3rakor szentmise a 14 Nothelfer Kapelle-ben. * M\u00e1jus 30-\u00e1n, p\u00e9nteken, Stuttgarti d\u00e9lut\u00e1n, 17.30 \u00f3rakor r\u00f3zsaf\u00fcz\u00e9r, 18.00 \u00f3rakor szentmise, azt\u00e1n m\u00e1jusi \u00e1jtatoss\u00e1g. * M\u00e1jus 31-\u00e9n, szombaton, Bar\u00e1ts\u00e1gklub k\u00f6z\u00f6s napja Heidelbergben. \u00a0* J\u00fanius 1-j\u00e9n,\u00a0H\u00fasv\u00e9t 7. vas\u00e1rnapja, Urunk mennybemenetele, Schw\u00e4bisch-Gm\u00fcndben\u00a09.30 \u00f3rakor szentmise, ut\u00e1na agap\u00e9. Stuttgartban 12.30 \u00f3rakor szentmise, keret\u00e9ben a Nemzeti \u00d6sszetartoz\u00e1s Napja megeml\u00e9kez\u00e9s. &nbsp; * Minden helyen mindenkit szeretettel v\u00e1r a k\u00f6z\u00f6ss\u00e9g \u00e9s Tibor atya! * * Kegyelemteljes h\u00fasv\u00e9ti napokat, tartalmas besz\u00e9lget\u00e9seket \u00e9s \u00f6r\u00f6mteli tal\u00e1lkoz\u00e1sokat k\u00edv\u00e1nunk minden Kedves H\u00edv\u00fcnknek! * \u201eAk\u00e1r \u00f3ri\u00e1sok \u00e9p\u00edtik a kast\u00e9lyokat, ak\u00e1r emberek a kunyh\u00f3kat: kast\u00e9lyok, kunyh\u00f3k mind muland\u00f3 dolgok. Csup\u00e1n a hegyek, a v\u00f6lgyek, a foly\u00f3k \u00e9s a n\u00e9pek \u00f6r\u00f6kk\u00e9val\u00f3k, mert azokat Isten teremtette!\u201d\u00a0(Wass Albert, erd\u00e9lyi magyar \u00edr\u00f3 \u00e9s k\u00f6lt\u0151 &#8211; 1908 \u2013 1998) (K\u00e9pek forr\u00e1sa: Pixabay)\" \/>\n<meta property=\"og:url\" content=\"https:\/\/stuttgarti-katolikusok.de\/index.php\/2025-majus-26-es-junius-1-kozott\/\" \/>\n<meta property=\"og:site_name\" content=\"Stuttgarti Katolikusok\" \/>\n<meta property=\"article:published_time\" content=\"2025-05-26T22:04:15+00:00\" \/>\n<meta property=\"article:modified_time\" content=\"2025-05-26T22:20:04+00:00\" \/>\n<meta property=\"og:image\" content=\"https:\/\/stuttgarti-katolikusok.de\/wp-content\/uploads\/2021\/05\/ascension-4770112-1280.jpg\" \/>\n\t<meta property=\"og:image:width\" content=\"1280\" \/>\n\t<meta property=\"og:image:height\" content=\"853\" \/>\n\t<meta property=\"og:image:type\" content=\"image\/jpeg\" \/>\n<meta name=\"author\" content=\"Tibor atya\" \/>\n<meta name=\"twitter:card\" content=\"summary_large_image\" \/>\n<meta name=\"twitter:label1\" content=\"Szerz\u0151:\" \/>\n\t<meta name=\"twitter:data1\" content=\"Tibor atya\" \/>\n\t<meta name=\"twitter:label2\" content=\"Becs\u00fclt olvas\u00e1si id\u0151\" \/>\n\t<meta name=\"twitter:data2\" content=\"2 perc\" \/>\n<script type=\"application\/ld+json\" class=\"yoast-schema-graph\">{\"@context\":\"https:\\\/\\\/schema.org\",\"@graph\":[{\"@type\":\"Article\",\"@id\":\"https:\\\/\\\/stuttgarti-katolikusok.de\\\/index.php\\\/2025-majus-26-es-junius-1-kozott\\\/#article\",\"isPartOf\":{\"@id\":\"https:\\\/\\\/stuttgarti-katolikusok.de\\\/index.php\\\/2025-majus-26-es-junius-1-kozott\\\/\"},\"author\":{\"name\":\"Tibor atya\",\"@id\":\"https:\\\/\\\/stuttgarti-katolikusok.de\\\/#\\\/schema\\\/person\\\/75908d6f8fdc03a57889d27209df7795\"},\"headline\":\"2025. M\u00c1JUS 26 \u00c9S J\u00daNIUS 1 K\u00d6Z\u00d6TT\",\"datePublished\":\"2025-05-26T22:04:15+00:00\",\"dateModified\":\"2025-05-26T22:20:04+00:00\",\"mainEntityOfPage\":{\"@id\":\"https:\\\/\\\/stuttgarti-katolikusok.de\\\/index.php\\\/2025-majus-26-es-junius-1-kozott\\\/\"},\"wordCount\":261,\"image\":{\"@id\":\"https:\\\/\\\/stuttgarti-katolikusok.de\\\/index.php\\\/2025-majus-26-es-junius-1-kozott\\\/#primaryimage\"},\"thumbnailUrl\":\"https:\\\/\\\/stuttgarti-katolikusok.de\\\/wp-content\\\/uploads\\\/2021\\\/05\\\/ascension-4770112-1280.jpg\",\"articleSection\":[\"Progamel\u0151zetes\"],\"inLanguage\":\"hu\"},{\"@type\":\"WebPage\",\"@id\":\"https:\\\/\\\/stuttgarti-katolikusok.de\\\/index.php\\\/2025-majus-26-es-junius-1-kozott\\\/\",\"url\":\"https:\\\/\\\/stuttgarti-katolikusok.de\\\/index.php\\\/2025-majus-26-es-junius-1-kozott\\\/\",\"name\":\"2025. M\u00c1JUS 26 \u00c9S J\u00daNIUS 1 K\u00d6Z\u00d6TT - Stuttgarti Katolikusok\",\"isPartOf\":{\"@id\":\"https:\\\/\\\/stuttgarti-katolikusok.de\\\/#website\"},\"primaryImageOfPage\":{\"@id\":\"https:\\\/\\\/stuttgarti-katolikusok.de\\\/index.php\\\/2025-majus-26-es-junius-1-kozott\\\/#primaryimage\"},\"image\":{\"@id\":\"https:\\\/\\\/stuttgarti-katolikusok.de\\\/index.php\\\/2025-majus-26-es-junius-1-kozott\\\/#primaryimage\"},\"thumbnailUrl\":\"https:\\\/\\\/stuttgarti-katolikusok.de\\\/wp-content\\\/uploads\\\/2021\\\/05\\\/ascension-4770112-1280.jpg\",\"datePublished\":\"2025-05-26T22:04:15+00:00\",\"dateModified\":\"2025-05-26T22:20:04+00:00\",\"author\":{\"@id\":\"https:\\\/\\\/stuttgarti-katolikusok.de\\\/#\\\/schema\\\/person\\\/75908d6f8fdc03a57889d27209df7795\"},\"breadcrumb\":{\"@id\":\"https:\\\/\\\/stuttgarti-katolikusok.de\\\/index.php\\\/2025-majus-26-es-junius-1-kozott\\\/#breadcrumb\"},\"inLanguage\":\"hu\",\"potentialAction\":[{\"@type\":\"ReadAction\",\"target\":[\"https:\\\/\\\/stuttgarti-katolikusok.de\\\/index.php\\\/2025-majus-26-es-junius-1-kozott\\\/\"]}]},{\"@type\":\"ImageObject\",\"inLanguage\":\"hu\",\"@id\":\"https:\\\/\\\/stuttgarti-katolikusok.de\\\/index.php\\\/2025-majus-26-es-junius-1-kozott\\\/#primaryimage\",\"url\":\"https:\\\/\\\/stuttgarti-katolikusok.de\\\/wp-content\\\/uploads\\\/2021\\\/05\\\/ascension-4770112-1280.jpg\",\"contentUrl\":\"https:\\\/\\\/stuttgarti-katolikusok.de\\\/wp-content\\\/uploads\\\/2021\\\/05\\\/ascension-4770112-1280.jpg\",\"width\":1280,\"height\":853},{\"@type\":\"BreadcrumbList\",\"@id\":\"https:\\\/\\\/stuttgarti-katolikusok.de\\\/index.php\\\/2025-majus-26-es-junius-1-kozott\\\/#breadcrumb\",\"itemListElement\":[{\"@type\":\"ListItem\",\"position\":1,\"name\":\"Kezd\u0151lap\",\"item\":\"https:\\\/\\\/stuttgarti-katolikusok.de\\\/\"},{\"@type\":\"ListItem\",\"position\":2,\"name\":\"2025. M\u00c1JUS 26 \u00c9S J\u00daNIUS 1 K\u00d6Z\u00d6TT\"}]},{\"@type\":\"WebSite\",\"@id\":\"https:\\\/\\\/stuttgarti-katolikusok.de\\\/#website\",\"url\":\"https:\\\/\\\/stuttgarti-katolikusok.de\\\/\",\"name\":\"Stuttgarti Katolikusok\",\"description\":\"\",\"potentialAction\":[{\"@type\":\"SearchAction\",\"target\":{\"@type\":\"EntryPoint\",\"urlTemplate\":\"https:\\\/\\\/stuttgarti-katolikusok.de\\\/?s={search_term_string}\"},\"query-input\":{\"@type\":\"PropertyValueSpecification\",\"valueRequired\":true,\"valueName\":\"search_term_string\"}}],\"inLanguage\":\"hu\"},{\"@type\":\"Person\",\"@id\":\"https:\\\/\\\/stuttgarti-katolikusok.de\\\/#\\\/schema\\\/person\\\/75908d6f8fdc03a57889d27209df7795\",\"name\":\"Tibor atya\",\"image\":{\"@type\":\"ImageObject\",\"inLanguage\":\"hu\",\"@id\":\"https:\\\/\\\/secure.gravatar.com\\\/avatar\\\/61d268e57d1f4525b111222e29d2d5a7f8c420fdbf231ba5566a8ceac74fa960?s=96&d=mm&r=g\",\"url\":\"https:\\\/\\\/secure.gravatar.com\\\/avatar\\\/61d268e57d1f4525b111222e29d2d5a7f8c420fdbf231ba5566a8ceac74fa960?s=96&d=mm&r=g\",\"contentUrl\":\"https:\\\/\\\/secure.gravatar.com\\\/avatar\\\/61d268e57d1f4525b111222e29d2d5a7f8c420fdbf231ba5566a8ceac74fa960?s=96&d=mm&r=g\",\"caption\":\"Tibor atya\"},\"url\":\"https:\\\/\\\/stuttgarti-katolikusok.de\\\/index.php\\\/author\\\/tibor-atya\\\/\"}]}<\/script>\n<!-- \/ Yoast SEO plugin. -->","yoast_head_json":{"title":"2025. M\u00c1JUS 26 \u00c9S J\u00daNIUS 1 K\u00d6Z\u00d6TT - Stuttgarti Katolikusok","robots":{"index":"index","follow":"follow","max-snippet":"max-snippet:-1","max-image-preview":"max-image-preview:large","max-video-preview":"max-video-preview:-1"},"canonical":"https:\/\/stuttgarti-katolikusok.de\/index.php\/2025-majus-26-es-junius-1-kozott\/","og_locale":"hu_HU","og_type":"article","og_title":"2025. M\u00c1JUS 26 \u00c9S J\u00daNIUS 1 K\u00d6Z\u00d6TT - Stuttgarti Katolikusok","og_description":"Programel\u0151zetes M\u00e1jus 29-\u00e9n,\u00a0cs\u00fct\u00f6rt\u00f6k\u00f6n,\u00a0Urunk mennybemenetel\u00e9nek f\u0151\u00fcnnepe, Heidenheimban Csal\u00e1di Nap &#8211; keret\u00e9ben 11.00 \u00f3rakor n\u00e9met- \u00e9s magyarnyelv\u0171 szentmise (Helysz\u00edn: &#8211; j\u00f3 id\u0151 eset\u00e9n \u2013 Suppenkopf &#8211; https:\/\/goo.gl\/maps\/TLFYR3Fc4ogeAFRr6 &#8211; rossz id\u0151 eset\u00e9n: 89518 Heidenheim an der Brenz, Verdi Str. 13 \u2013 Dreifaltigkeitskirche k\u00f6z\u00f6ss\u00e9gi terme). Weingartenben 16.00 \u00f3rakor szentmise a 14 Nothelfer Kapelle-ben. * M\u00e1jus 30-\u00e1n, p\u00e9nteken, Stuttgarti d\u00e9lut\u00e1n, 17.30 \u00f3rakor r\u00f3zsaf\u00fcz\u00e9r, 18.00 \u00f3rakor szentmise, azt\u00e1n m\u00e1jusi \u00e1jtatoss\u00e1g. * M\u00e1jus 31-\u00e9n, szombaton, Bar\u00e1ts\u00e1gklub k\u00f6z\u00f6s napja Heidelbergben. \u00a0* J\u00fanius 1-j\u00e9n,\u00a0H\u00fasv\u00e9t 7. vas\u00e1rnapja, Urunk mennybemenetele, Schw\u00e4bisch-Gm\u00fcndben\u00a09.30 \u00f3rakor szentmise, ut\u00e1na agap\u00e9. Stuttgartban 12.30 \u00f3rakor szentmise, keret\u00e9ben a Nemzeti \u00d6sszetartoz\u00e1s Napja megeml\u00e9kez\u00e9s. &nbsp; * Minden helyen mindenkit szeretettel v\u00e1r a k\u00f6z\u00f6ss\u00e9g \u00e9s Tibor atya! * * Kegyelemteljes h\u00fasv\u00e9ti napokat, tartalmas besz\u00e9lget\u00e9seket \u00e9s \u00f6r\u00f6mteli tal\u00e1lkoz\u00e1sokat k\u00edv\u00e1nunk minden Kedves H\u00edv\u00fcnknek! * \u201eAk\u00e1r \u00f3ri\u00e1sok \u00e9p\u00edtik a kast\u00e9lyokat, ak\u00e1r emberek a kunyh\u00f3kat: kast\u00e9lyok, kunyh\u00f3k mind muland\u00f3 dolgok. Csup\u00e1n a hegyek, a v\u00f6lgyek, a foly\u00f3k \u00e9s a n\u00e9pek \u00f6r\u00f6kk\u00e9val\u00f3k, mert azokat Isten teremtette!\u201d\u00a0(Wass Albert, erd\u00e9lyi magyar \u00edr\u00f3 \u00e9s k\u00f6lt\u0151 &#8211; 1908 \u2013 1998) (K\u00e9pek forr\u00e1sa: Pixabay)","og_url":"https:\/\/stuttgarti-katolikusok.de\/index.php\/2025-majus-26-es-junius-1-kozott\/","og_site_name":"Stuttgarti Katolikusok","article_published_time":"2025-05-26T22:04:15+00:00","article_modified_time":"2025-05-26T22:20:04+00:00","og_image":[{"width":1280,"height":853,"url":"https:\/\/stuttgarti-katolikusok.de\/wp-content\/uploads\/2021\/05\/ascension-4770112-1280.jpg","type":"image\/jpeg"}],"author":"Tibor atya","twitter_card":"summary_large_image","twitter_misc":{"Szerz\u0151:":"Tibor atya","Becs\u00fclt olvas\u00e1si id\u0151":"2 perc"},"schema":{"@context":"https:\/\/schema.org","@graph":[{"@type":"Article","@id":"https:\/\/stuttgarti-katolikusok.de\/index.php\/2025-majus-26-es-junius-1-kozott\/#article","isPartOf":{"@id":"https:\/\/stuttgarti-katolikusok.de\/index.php\/2025-majus-26-es-junius-1-kozott\/"},"author":{"name":"Tibor atya","@id":"https:\/\/stuttgarti-katolikusok.de\/#\/schema\/person\/75908d6f8fdc03a57889d27209df7795"},"headline":"2025. M\u00c1JUS 26 \u00c9S J\u00daNIUS 1 K\u00d6Z\u00d6TT","datePublished":"2025-05-26T22:04:15+00:00","dateModified":"2025-05-26T22:20:04+00:00","mainEntityOfPage":{"@id":"https:\/\/stuttgarti-katolikusok.de\/index.php\/2025-majus-26-es-junius-1-kozott\/"},"wordCount":261,"image":{"@id":"https:\/\/stuttgarti-katolikusok.de\/index.php\/2025-majus-26-es-junius-1-kozott\/#primaryimage"},"thumbnailUrl":"https:\/\/stuttgarti-katolikusok.de\/wp-content\/uploads\/2021\/05\/ascension-4770112-1280.jpg","articleSection":["Progamel\u0151zetes"],"inLanguage":"hu"},{"@type":"WebPage","@id":"https:\/\/stuttgarti-katolikusok.de\/index.php\/2025-majus-26-es-junius-1-kozott\/","url":"https:\/\/stuttgarti-katolikusok.de\/index.php\/2025-majus-26-es-junius-1-kozott\/","name":"2025. M\u00c1JUS 26 \u00c9S J\u00daNIUS 1 K\u00d6Z\u00d6TT - Stuttgarti Katolikusok","isPartOf":{"@id":"https:\/\/stuttgarti-katolikusok.de\/#website"},"primaryImageOfPage":{"@id":"https:\/\/stuttgarti-katolikusok.de\/index.php\/2025-majus-26-es-junius-1-kozott\/#primaryimage"},"image":{"@id":"https:\/\/stuttgarti-katolikusok.de\/index.php\/2025-majus-26-es-junius-1-kozott\/#primaryimage"},"thumbnailUrl":"https:\/\/stuttgarti-katolikusok.de\/wp-content\/uploads\/2021\/05\/ascension-4770112-1280.jpg","datePublished":"2025-05-26T22:04:15+00:00","dateModified":"2025-05-26T22:20:04+00:00","author":{"@id":"https:\/\/stuttgarti-katolikusok.de\/#\/schema\/person\/75908d6f8fdc03a57889d27209df7795"},"breadcrumb":{"@id":"https:\/\/stuttgarti-katolikusok.de\/index.php\/2025-majus-26-es-junius-1-kozott\/#breadcrumb"},"inLanguage":"hu","potentialAction":[{"@type":"ReadAction","target":["https:\/\/stuttgarti-katolikusok.de\/index.php\/2025-majus-26-es-junius-1-kozott\/"]}]},{"@type":"ImageObject","inLanguage":"hu","@id":"https:\/\/stuttgarti-katolikusok.de\/index.php\/2025-majus-26-es-junius-1-kozott\/#primaryimage","url":"https:\/\/stuttgarti-katolikusok.de\/wp-content\/uploads\/2021\/05\/ascension-4770112-1280.jpg","contentUrl":"https:\/\/stuttgarti-katolikusok.de\/wp-content\/uploads\/2021\/05\/ascension-4770112-1280.jpg","width":1280,"height":853},{"@type":"BreadcrumbList","@id":"https:\/\/stuttgarti-katolikusok.de\/index.php\/2025-majus-26-es-junius-1-kozott\/#breadcrumb","itemListElement":[{"@type":"ListItem","position":1,"name":"Kezd\u0151lap","item":"https:\/\/stuttgarti-katolikusok.de\/"},{"@type":"ListItem","position":2,"name":"2025. M\u00c1JUS 26 \u00c9S J\u00daNIUS 1 K\u00d6Z\u00d6TT"}]},{"@type":"WebSite","@id":"https:\/\/stuttgarti-katolikusok.de\/#website","url":"https:\/\/stuttgarti-katolikusok.de\/","name":"Stuttgarti Katolikusok","description":"","potentialAction":[{"@type":"SearchAction","target":{"@type":"EntryPoint","urlTemplate":"https:\/\/stuttgarti-katolikusok.de\/?s={search_term_string}"},"query-input":{"@type":"PropertyValueSpecification","valueRequired":true,"valueName":"search_term_string"}}],"inLanguage":"hu"},{"@type":"Person","@id":"https:\/\/stuttgarti-katolikusok.de\/#\/schema\/person\/75908d6f8fdc03a57889d27209df7795","name":"Tibor atya","image":{"@type":"ImageObject","inLanguage":"hu","@id":"https:\/\/secure.gravatar.com\/avatar\/61d268e57d1f4525b111222e29d2d5a7f8c420fdbf231ba5566a8ceac74fa960?s=96&d=mm&r=g","url":"https:\/\/secure.gravatar.com\/avatar\/61d268e57d1f4525b111222e29d2d5a7f8c420fdbf231ba5566a8ceac74fa960?s=96&d=mm&r=g","contentUrl":"https:\/\/secure.gravatar.com\/avatar\/61d268e57d1f4525b111222e29d2d5a7f8c420fdbf231ba5566a8ceac74fa960?s=96&d=mm&r=g","caption":"Tibor atya"},"url":"https:\/\/stuttgarti-katolikusok.de\/index.php\/author\/tibor-atya\/"}]}},"_links":{"self":[{"href":"https:\/\/stuttgarti-katolikusok.de\/index.php\/wp-json\/wp\/v2\/posts\/31068","targetHints":{"allow":["GET"]}}],"collection":[{"href":"https:\/\/stuttgarti-katolikusok.de\/index.php\/wp-json\/wp\/v2\/posts"}],"about":[{"href":"https:\/\/stuttgarti-katolikusok.de\/index.php\/wp-json\/wp\/v2\/types\/post"}],"author":[{"embeddable":true,"href":"https:\/\/stuttgarti-katolikusok.de\/index.php\/wp-json\/wp\/v2\/users\/3"}],"replies":[{"embeddable":true,"href":"https:\/\/stuttgarti-katolikusok.de\/index.php\/wp-json\/wp\/v2\/comments?post=31068"}],"version-history":[{"count":8,"href":"https:\/\/stuttgarti-katolikusok.de\/index.php\/wp-json\/wp\/v2\/posts\/31068\/revisions"}],"predecessor-version":[{"id":31081,"href":"https:\/\/stuttgarti-katolikusok.de\/index.php\/wp-json\/wp\/v2\/posts\/31068\/revisions\/31081"}],"wp:featuredmedia":[{"embeddable":true,"href":"https:\/\/stuttgarti-katolikusok.de\/index.php\/wp-json\/wp\/v2\/media\/21852"}],"wp:attachment":[{"href":"https:\/\/stuttgarti-katolikusok.de\/index.php\/wp-json\/wp\/v2\/media?parent=31068"}],"wp:term":[{"taxonomy":"category","embeddable":true,"href":"https:\/\/stuttgarti-katolikusok.de\/index.php\/wp-json\/wp\/v2\/categories?post=31068"},{"taxonomy":"post_tag","embeddable":true,"href":"https:\/\/stuttgarti-katolikusok.de\/index.php\/wp-json\/wp\/v2\/tags?post=31068"}],"curies":[{"name":"wp","href":"https:\/\/api.w.org\/{rel}","templated":true}]}}