{"id":31061,"date":"2025-05-24T14:11:11","date_gmt":"2025-05-24T12:11:11","guid":{"rendered":"https:\/\/stuttgarti-katolikusok.de\/?p=31061"},"modified":"2025-05-24T14:19:22","modified_gmt":"2025-05-24T12:19:22","slug":"husvet-6-vasarnapja-a-tarsadalmi-kommunikacio-vilagnapja-gyermekek-vilagnapja","status":"publish","type":"post","link":"https:\/\/stuttgarti-katolikusok.de\/index.php\/husvet-6-vasarnapja-a-tarsadalmi-kommunikacio-vilagnapja-gyermekek-vilagnapja\/","title":{"rendered":"H\u00fasv\u00e9t 6. vas\u00e1rnapja \u2013 A t\u00e1rsadalmi kommunik\u00e1ci\u00f3 vil\u00e1gnapja, Gyermekek vil\u00e1gnapja"},"content":{"rendered":"<p><span style=\"color: #ff6600;\"><em>H\u00fasv\u00e9t 6. vas\u00e1rnapja a szeretet els\u0151rend\u0171s\u00e9g\u00e9t hirdeti. A szeretet a legnagyobb a vil\u00e1gon. Egyben pedig a h\u00edv\u0151 embernek a legnagyobb felismer\u00e9s, hogy Isten a szeretet. Magam t\u00f6rekv\u00e9se pedig, hogy az Isten k\u00edn\u00e1lta szeretetet a lehet\u0151 leghitelesebben k\u00f6zvet\u00edtsem m\u00e1sok fel\u00e9, \u00fagy ahogyan \u00e9n meg\u00e9lem. Cselekedeteim\u00a0 legf\u0151bb \u00e9rt\u00e9k\u00e9t is adja egyben, mennyire van \u00e1titatva a magam szeretet\u00e9vel. <\/em><\/span><\/p>\n<p><span style=\"color: #ff6600;\"><em>Szent P\u00e1l azt hirdeti, hogy a pog\u00e1nys\u00e1gb\u00f3l megt\u00e9rt h\u00edv\u0151kre nem k\u00f6telez\u0151k a m\u00f3zesi el\u0151\u00edr\u00e1sok. \u00cdgy d\u00f6nt\u00f6tt az apostoli zsinat is. Ugyanakkor a megt\u00e9rt pog\u00e1nyokt\u00f3l azt k\u00e9rte, hogy tartsanak tiszteletben a zsid\u00f3-kereszt\u00e9ny testv\u00e9reik \u00e1ltal megszokott, egyes \u0151si zsid\u00f3 hagyom\u00e1nyokat. Mind a mai napig ez az alapja a b\u00e9k\u00e9s, t\u00e1rsadalmi egy\u00fcttl\u00e9tnek. Az \u00fczenetet magunkra alkalmazva: nemzeti hagyom\u00e1nyaink, szok\u00e1saink tisztelete.<\/em><\/span><\/p>\n<p><span style=\"color: #ff6600;\"><em>A szentlecke szeretne meger\u0151s\u00edteni minden h\u00edv\u0151 embert. \u00c9rdemes elfogadni \u00e9let\u00fcnk megannyi megpr\u00f3b\u00e1ltat\u00e1s\u00e1t. Isten ugyanis jutalmul megaj\u00e1nd\u00e9kozza majd \u00f6v\u00e9it az \u00f6r\u00f6k \u00fcdv\u00f6ss\u00e9ggel. Ennek l\u00e9nyege pedig, hogy r\u00e9szesed\u00fcnk Isten \u00e9let\u00e9ben. Ez pedig biztons\u00e1got \u00e9s boldogs\u00e1got is jelent sz\u00e1munkra.<\/em><\/span><\/p>\n<p><span style=\"color: #ff6600;\"><em>Az evang\u00e9liumban Krisztus \u00f6nmaga ir\u00e1ntunk val\u00f3 szeretet\u00e9t \u00e1ll\u00edtotta el\u00e9nk p\u00e9ld\u00e1nak. A Krisztus\u00a0 ir\u00e1nti szeretet egyet jelent a t\u00f6rv\u00e9nyek megtart\u00e1s\u00e1val.\u00a0 Tov\u00e1bb\u00e1 meg\u00edg\u00e9ri az elj\u00f6vend\u0151 V\u00edgasztal\u00f3t, aki nem m\u00e1s, mint a Szentl\u00e9lek. A Szentl\u00e9lek aj\u00e1nd\u00e9kainak befogad\u00e1sa igazi bens\u0151 b\u00e9k\u00e9t k\u00f6lcs\u00f6n\u00f6z az egy\u00e9nnek. A nyugtalans\u00e1g \u00e9s nyom\u00e1ban megjelen\u0151 cs\u00fcgged\u00e9s \u00e9s agg\u00f3d\u00e1s \u00e9rz\u00e9se szinte \u00e1lland\u00f3 k\u00eds\u00e9r\u0151je \u00e9let\u00fcnknek. Ezen \u00e9rz\u00e9seket is csak a L\u00e9lek erej\u00e9ben siker\u00fcl legy\u0151zn\u00fcnk magunkban.\u00a0<\/em><\/span><\/p>\n<p><span style=\"color: #ff6600;\">Kezd\u0151\u00e9nek:<\/span><br \/>\n\u00d6rvendez\u0151 sz\u00f3val hirdess\u00e9tek, hogy mindenki hallja, hirdess\u00e9tek minden\u00fctt a f\u00f6ld v\u00e9gs\u0151 hat\u00e1r\u00e1ig: megszabad\u00edtotta az \u00dar az \u0151 n\u00e9p\u00e9t, alleluja! (V\u00f6. Iz 48,20)<\/p>\n<p><span style=\"color: #ff6600;\">K\u00f6ny\u00f6rg\u00e9s:<\/span><br \/>\nMindenhat\u00f3 Isten\u00fcnk, add, hogy odaad\u00f3 buzg\u00f3s\u00e1ggal \u00fcnnepelj\u00fck Urunk felt\u00e1mad\u00e1s\u00e1nak \u00f6r\u00f6mnapjait. Engedd, hogy cselekedeteinkkel mindenkor \u00e9letre v\u00e1ltsuk, amit az eml\u00e9kez\u00e9ssel felid\u00e9z\u00fcnk. A mi Urunk, J\u00e9zus Krisztus, a te Fiad \u00e1ltal, aki veled \u00e9l \u00e9s uralkodik a Szentl\u00e9lekkel egys\u00e9gben, Isten mind\u00f6r\u00f6kk\u00f6n \u00f6r\u00f6kk\u00e9.<\/p>\n<p><span style=\"color: #ff6600;\">OLVASM\u00c1NY az Apostolok Cselekedeteib\u0151l (ApCsel 15,1-2.22-29)<\/span><br \/>\n<em>Isten nem akarja, hogy a sz<\/em><em>\u00fcks<\/em><em>\u00e9gesn<\/em><em>\u00e9l t<\/em><em>\u00f6bb teher nehezedj<\/em><em>\u00e9k a h<\/em><em>\u00edvek v<\/em><em>\u00e1ll<\/em><em>\u00e1ra.<\/em><br \/>\nAbban az id\u0151ben a pizidiai Antiochi\u00e1ban vita t\u00e1madt a h\u00edvek k\u00f6z\u00f6tt:<br \/>\nN\u00e9h\u00e1nyan, akik J\u00fade\u00e1b\u00f3l j\u00f6ttek, \u00edgy tan\u00edtott\u00e1k a testv\u00e9reket: \u201eHa nem met\u00e9lkedtek k\u00f6r\u00fcl M\u00f3zes t\u00f6rv\u00e9nye szerint, nem \u00fcdv\u00f6z\u00fclhettek.\u201d Mivel emiatt z\u0171rzavar \u00e9s nagy vita t\u00e1madt P\u00e1l \u00e9s Barnab\u00e1s, valamint k\u00f6z\u00f6tt\u00fck, azt hat\u00e1rozt\u00e1k, hogy P\u00e1l \u00e9s Barnab\u00e1s n\u00e9h\u00e1nyukkal menjen fel Jeruzs\u00e1lembe, s ebben a vit\u00e1s \u00fcgyben forduljon az apostolokhoz \u00e9s a presbiterekhez.<br \/>\nJeruzs\u00e1lemben az apostolok, a presbiterek \u00e9s az eg\u00e9sz egyh\u00e1z j\u00f3nak l\u00e1tta, hogy kiv\u00e1lasszanak maguk k\u00f6z\u00fcl n\u00e9h\u00e1ny f\u00e9rfit, \u00e9s P\u00e1llal meg Barnab\u00e1ssal Antiochi\u00e1ba k\u00fcldj\u00e9k \u0151ket: m\u00e9gpedig J\u00fad\u00e1st, m\u00e1sik nev\u00e9n Barszabb\u00e1szt, meg Szil\u00e1st, akik a testv\u00e9rek k\u00f6z\u00f6tt vezet\u0151 szerepet vittek. Ezt az \u00edr\u00e1st k\u00fcldt\u00e9k vel\u00fck:<br \/>\n\u201eAz apostolok \u00e9s a presbiterek testv\u00e9ri \u00fcdv\u00f6zlet\u00fcket k\u00fcldik az Antiochi\u00e1ban, Sz\u00edri\u00e1ban \u00e9s Kiliki\u00e1ban \u00e9l\u0151, pog\u00e1nys\u00e1gb\u00f3l megt\u00e9rt testv\u00e9reiknek!<br \/>\nHallottuk, hogy k\u00f6z\u00fcl\u00fcnk n\u00e9h\u00e1nyan \u2013 megb\u00edz\u00e1sunk n\u00e9lk\u00fcl tan\u00edtva megzavartak titeket, feld\u00falt\u00e1k lelketeket. Ez\u00e9rt k\u00f6zmegegyez\u00e9ssel elhat\u00e1roztuk, hogy kiv\u00e1lasztunk n\u00e9h\u00e1ny f\u00e9rfit, \u00e9s elk\u00fcldj\u00fck \u0151ket hozz\u00e1tok a mi szeretett Barnab\u00e1sunkkal \u00e9s P\u00e1lunkkal, ezekkel az emberekkel, akik eg\u00e9sz \u00e9let\u00fcket Urunk J\u00e9zus Krisztus nev\u00e9nek szolg\u00e1lat\u00e1ra szentelt\u00e9k. Elk\u00fcldt\u00fck h\u00e1t J\u00fad\u00e1st \u00e9s Szil\u00e1st, \u0151k majd \u00e9l\u0151sz\u00f3val is elmondj\u00e1k nektek ezeket.<br \/>\nA Szentl\u00e9lek \u00e9s mi magunk is \u00fagy l\u00e1ttuk j\u00f3nak, hogy ne rakjunk r\u00e1tok t\u00f6bb terhet a sz\u00fcks\u00e9gesn\u00e9l, ann\u00e1l, hogy tart\u00f3zkodnotok kell a b\u00e1lv\u00e1nyoknak \u00e1ldozott eledelt\u0151l, a v\u00e9rt\u0151l, a fojtott \u00e1llatt\u00f3l \u00e9s az erk\u00f6lcstelenked\u00e9st\u0151l. Ha ezekt\u0151l tart\u00f3zkodtok, helyesen j\u00e1rtok el. J\u00f3 eg\u00e9szs\u00e9get!\u201d<br \/>\nEz az Isten ig\u00e9je.<\/p>\n<p><span style=\"color: #ff6600;\">V\u00c1LASZOS ZSOLT\u00c1R (Zsolt 66,2-3.5.6 \u00e9s8.)<\/span><br \/>\nV\u00e1lasz:\u00a0<strong>Magasztaljanak, Isten, a n<\/strong><strong>\u00e9pek, * minden nemzet <\/strong><strong>\u00e1ldjon t<\/strong><strong>\u00e9ged.<\/strong>\u00a04. vers. (5. t\u00f3nus)<br \/>\nVagy:\u00a0<strong>Alleluja, alleluja, alleluja.<\/strong>\u00a05. sz\u00e1m.<br \/>\nEl\u0151\u00e9nekes: K\u00f6ny\u00f6r\u00fclj\u00f6n rajtunk az Isten, \u00e9s \u00e1ldjon meg minket, * ragyogtassa fel arc\u00e1t f\u00f6l\u00f6tt\u00fcnk,<br \/>\nhogy megismerj\u00e9k a f\u00f6ld\u00f6n utadat, * \u00e9s \u00fcdv\u00f6ss\u00e9gedet az \u00f6sszes nemzetek.<br \/>\nH\u00edvek: Magasztaljanak, Isten, a n\u00e9pek, * minden nemzet \u00e1ldjon t\u00e9ged.<br \/>\nVagy: Alleluja, alleluja, alleluja.<br \/>\nE: \u00d6rvendjenek \u00e9s ujjongjanak a nemzetek, \u2020 mert igazs\u00e1gosan \u00edt\u00e9led a n\u00e9peket, * \u00e9s te vez\u00e9rled \u0151ket a f\u00f6ld\u00f6n.<br \/>\nH: Magasztaljanak, Isten, a n\u00e9pek, * minden nemzet \u00e1ldjon t\u00e9ged.<br \/>\nVagy: Alleluja, alleluja, alleluja.<br \/>\nE: Magasztaljanak t\u00e9ged a n\u00e9pek, Isten\u00fcnk, * dics\u0151\u00edtsenek az \u00f6sszes nemzetek.<br \/>\n\u00c1ldjon meg minket az Isten, * f\u00e9lve tisztelje \u0151t a f\u00f6ld minden hat\u00e1ra.<br \/>\nH: Magasztaljanak, Isten, a n\u00e9pek, * minden nemzet \u00e1ldjon t\u00e9ged.<br \/>\nVagy: Alleluja, alleluja, alleluja.<\/p>\n<p><span style=\"color: #ff6600;\">SZENTLECKE a Jelen\u00e9sek k\u00f6nyv\u00e9b\u0151l (Jel 21,10-14.22-23)<\/span><br \/>\n<em>Egy angyal megmutatta nekem a mennyb<\/em><em>\u0151l, az Istent<\/em><em>\u0151l al<\/em><em>\u00e1sz<\/em><em>\u00e1llt szent v<\/em><em>\u00e1rost.<\/em><br \/>\nJ\u00e1nos apostol \u00edgy besz\u00e9l l\u00e1tom\u00e1s\u00e1ban a megdics\u0151\u00fclt Egyh\u00e1zr\u00f3l:<br \/>\nA h\u00e9t angyal egyike l\u00e9lekben elvitt egy magas hegyre, \u00e9s ott megmutatta nekem a mennyb\u0151l, az Istent\u0151l al\u00e1sz\u00e1llt szent v\u00e1rost, Jeruzs\u00e1lemet. Isten dics\u0151s\u00e9g\u00e9t sug\u00e1rozta. Ragyogott, mint a dr\u00e1gak\u0151, mint a krist\u00e1lytiszta j\u00e1spis.<br \/>\nA v\u00e1rosnak sz\u00e9les, magas fala volt, rajta tizenk\u00e9t kapu. A kapuk f\u00f6l\u00f6tt tizenk\u00e9t angyal. A kapukra nevek voltak v\u00e9sve, m\u00e9gpedig Izrael fiai tizenk\u00e9t t\u00f6rzs\u00e9nek a neve. Keleten h\u00e1rom kapu volt, \u00e9szakon h\u00e1rom kapu, d\u00e9len h\u00e1rom kapu, \u00e9s nyugaton h\u00e1rom kapu. A v\u00e1ros fal\u00e1nak tizenk\u00e9t alapk\u00f6ve volt, rajtuk a B\u00e1r\u00e1ny tizenk\u00e9t apostol\u00e1nak tizenk\u00e9t neve.<br \/>\nDe templomot nem l\u00e1ttam benne, mert a Mindenhat\u00f3, az \u00dar, az Isten \u00e9s a B\u00e1r\u00e1ny a temploma. A v\u00e1rosnak nincs sz\u00fcks\u00e9ge sem napra, sem holdra, hogy vil\u00e1g\u00edtsanak, mert az Isten dics\u0151s\u00e9ge ragyogja be, vil\u00e1goss\u00e1ga pedig a B\u00e1r\u00e1ny.<br \/>\nEz az Isten ig\u00e9je.<\/p>\n<p><span style=\"color: #ff6600;\">ALLELUJA<\/span><br \/>\nJ\u00e9zus mondja: \u2020 \u201eAki szeret engem, megfogadja szavamat, * Aty\u00e1m is szeretni fogja \u00e9s hozz\u00e1 k\u00f6lt\u00f6z\u00fcnk.\u201d Jn 14,23 \u2013 8 G. t\u00f3nus.<\/p>\n<p><span style=\"color: #ff6600;\">\u2020 EVANG\u00c9LIUM Szent J\u00e1nos k\u00f6nyv\u00e9b\u0151l (Jn 14,23-29)<\/span><br \/>\n<em>A Szentl<\/em><em>\u00e9lek megtan<\/em><em>\u00edt titeket mindenre, amit mondtam nektek.<\/em><br \/>\nAbban az id\u0151ben J\u00e9zus ezt mondta tan\u00edtv\u00e1nyainak:<br \/>\n\u201eAki szeret engem, megtartja tan\u00edt\u00e1somat, Aty\u00e1m is szeretni fogja \u0151t, hozz\u00e1 megy\u00fcnk, \u00e9s lak\u00f3helyet vesz\u00fcnk n\u00e1la.<br \/>\nAki nem szeret, az nem tartja meg tan\u00edt\u00e1somat. A tan\u00edt\u00e1s pedig, amelyet hallotok, nem az eny\u00e9m, hanem az Aty\u00e1\u00e9, aki engem k\u00fcld\u00f6tt. Ezeket akartam nektek elmondani, am\u00edg veletek vagyok. S a Vigasztal\u00f3, a Szentl\u00e9lek, akit majd a nevemben k\u00fcld az Atya, megtan\u00edt titeket mindenre, \u00e9s eszetekbe juttat mindent, amit mondtam nektek.<br \/>\nB\u00e9kess\u00e9get hagyok r\u00e1tok. Az \u00e9n b\u00e9k\u00e9met adom nektek. Nem \u00fagy adom, ahogy a vil\u00e1g adja nektek.<br \/>\nNe nyugtalankodj\u00e9k sz\u00edvetek, \u00e9s ne cs\u00fcggedjen. Hiszen hallott\u00e1tok, hogy azt mondtam: Elmegyek, de visszaj\u00f6v\u00f6k hozz\u00e1tok. Ha szeretn\u00e9tek, \u00f6r\u00fcln\u00e9tek annak, hogy az Aty\u00e1hoz megyek, mert az Atya nagyobb n\u00e1lam.<br \/>\nEl\u0151re megmondtam nektek, miel\u0151tt megt\u00f6rt\u00e9nn\u00e9k, hogy ha majd bek\u00f6vetkezik, higgyetek.\u201d<br \/>\nEzek az evang\u00e9lium ig\u00e9i.<\/p>\n<p><span style=\"color: #ff6600;\">EGYETEMES K\u00d6NY\u00d6RG\u00c9SEK<\/span><br \/>\nPap: Testv\u00e9reim! Krisztus Urunk a b\u00e9ke fejedelme. K\u00e9rj\u00fck az \u0151 b\u00e9k\u00e9j\u00e9t magunk \u00e9s az eg\u00e9sz vil\u00e1g sz\u00e1m\u00e1ra!<br \/>\nLektor: 1. K\u00fcldd el, Urunk, a vigasztal\u00f3 Szentlelket, hogy megtan\u00edtsa a vil\u00e1got a te b\u00e9k\u00e9d evang\u00e9lium\u00e1ra!<br \/>\nH\u00edvek: K\u00e9r\u00fcnk t\u00e9ged, hallgass meg minket!<br \/>\n2. Aj\u00e1nd\u00e9kozd meg Egyh\u00e1zadat b\u00e9k\u00e9vel \u00e9s egyet\u00e9rt\u00e9ssel, \u00e9s add meg teljes egys\u00e9g\u00e9t!<br \/>\nH\u00edvek: K\u00e9r\u00fcnk t\u00e9ged . . .<br \/>\n3. \u00c9breszd r\u00e1 a vil\u00e1got, hogy ne a fegyverek erej\u00e9ben, hanem a testv\u00e9ri egybetartoz\u00e1s munk\u00e1l\u00e1s\u00e1ban l\u00e1ssa a b\u00e9ke biztos\u00edt\u00e9k\u00e1t!<br \/>\nH\u00edvek: K\u00e9r\u00fcnk t\u00e9ged . . .<br \/>\n4. \u0150rizd meg a csal\u00e1dtagokban az egym\u00e1s szolg\u00e1lat\u00e1ra k\u00e9sz szeretetet, a b\u00e9ke k\u00f6tel\u00e9k\u00e9t!<br \/>\nH\u00edvek: K\u00e9r\u00fcnk t\u00e9ged . . .<br \/>\n5. Vedd el r\u00f3lunk b\u0171neink nyomaszt\u00f3 terh\u00e9t, hogy megk\u00f6nnyebb\u00fclt l\u00e9lekkel \u00e9lvezhess\u00fck a tiszta lelkiismeret b\u00e9k\u00e9j\u00e9t!<br \/>\nH\u00edvek: K\u00e9r\u00fcnk t\u00e9ged . . .<br \/>\nPap: Dics\u0151s\u00e9ges kir\u00e1lyunk, J\u00e9zus Krisztus! Ti\u00e9d minden hatalom a mennyben \u00e9s a f\u00f6ld\u00f6n. Hallgasd meg esedez\u0151 n\u00e9ped im\u00e1ds\u00e1g\u00e1t! Adj igazi \u00e9s tart\u00f3s b\u00e9k\u00e9t f\u00f6ldi \u00e9let\u00fcnkben, ut\u00e1na pedig v\u00e9gy fel minket az \u00f6r\u00f6k b\u00e9ke hon\u00e1ba! Aki \u00e9lsz \u00e9s uralkodol mind\u00f6r\u00f6kk\u00f6n-\u00f6r\u00f6kk\u00e9.<br \/>\nH\u00edvek: \u00c1men.<\/p>\n<p><span style=\"color: #ff6600;\">Felaj\u00e1nl\u00f3 k\u00f6ny\u00f6rg\u00e9s:<\/span><br \/>\nUrunk, Isten\u00fcnk, fogadd el k\u00f6ny\u00f6rg\u00e9seinket \u00e1ldozati adom\u00e1nyainkkal egy\u00fctt. Add, hogy kegyelmed erej\u00e9b\u0151l megtisztulva atyai j\u00f3s\u00e1god szents\u00e9geihez m\u00e9lt\u00f3k legy\u00fcnk. Krisztus, a mi Urunk \u00e1ltal.<\/p>\n<p><span style=\"color: #ff6600;\">Pref\u00e1ci\u00f3:<\/span><br \/>\nAz \u00dar legyen veletek.<br \/>\nH.: \u00c9s a te lelkeddel.<br \/>\nEmelj\u00fck f\u00f6l sz\u00edv\u00fcnket.<br \/>\nH.: F\u00f6lemelt\u00fck az \u00darhoz.<br \/>\nAdjunk h\u00e1l\u00e1t Urunknak, Isten\u00fcnknek.<br \/>\nH.: M\u00e9lt\u00f3 \u00e9s igazs\u00e1gos.<br \/>\n(Mert) Val\u00f3ban m\u00e9lt\u00f3 \u00e9s igazs\u00e1gos, ill\u0151 \u00e9s \u00fcdv\u00f6s, hogy minden id\u0151ben magasztaljunk, Urunk, t\u00e9ged, de k\u00fcl\u00f6n\u00f6sen ezen a szent \u00fcnnepen, \u2013 mid\u0151n \u00e1ldozatt\u00e1 lett \u00e9rt\u00fcnk KRISZtus, a H\u00fasv\u00e9ti B\u00e1r\u00e1ny.<br \/>\nMert \u0151 az igazi B\u00e1r\u00e1ny, aki elvette a vil\u00e1g b\u0171neit, \u2013 hal\u00e1lunkat hal\u00e1l\u00e1val MEGt\u00f6rte, \u00e9s felt\u00e1mad\u00e1s\u00e1val \u00faj \u00e9letet szerzett n\u00e9k\u00fcnk.<br \/>\nA h\u00fasv\u00e9ti \u00f6r\u00f6m ez\u00e9rt ki\u00e1rad az eg\u00e9sz f\u00f6ldre, a nagyvil\u00e1g \u00f6rvendezve ujjong, a mennyei er\u0151k \u00e9s a hatalmas angyalok, \u2013 (a te) dics\u0151s\u00e9ged himnusz\u00e1t ZENgik, \u00e9s v\u00e9g n\u00e9lk\u00fcl mondj\u00e1k (\u00e9neklik):<\/p>\n<p><span style=\"color: #ff6600;\">\u00c1ldoz\u00e1si \u00e9nek:<\/span><br \/>\nHa szerettek engem, tarts\u00e1tok meg parancsaimat \u2013 mondja az \u00dar. \u00c9n pedig k\u00e9rni fogom az Aty\u00e1t, \u00e9s m\u00e1s Vigasztal\u00f3t ad nektek, hogy veletek maradjon mind\u00f6r\u00f6kk\u00e9, alleluja! (Jn 14,15-16)<\/p>\n<p><span style=\"color: #ff6600;\">\u00c1ldoz\u00e1s ut\u00e1ni k\u00f6ny\u00f6rg\u00e9s:<\/span><br \/>\nMindenhat\u00f3, \u00f6r\u00f6k Isten, te Krisztus felt\u00e1mad\u00e1s\u00e1ban \u00fajj\u00e1teremtesz minket az \u00f6r\u00f6k \u00e9letre. N\u00f6veld benn\u00fcnk a h\u00fasv\u00e9ti szents\u00e9gek kegyelm\u00e9t, \u00e9s az \u00fcdv\u00f6ss\u00e9ges eledel erej\u00e9vel t\u00f6ltsd be lelk\u00fcnket. Krisztus, a mi Urunk \u00e1ltal.<\/p>\n<p><em>(K\u00e9p forr\u00e1sa: Pixabay)<\/em><\/p>\n","protected":false},"excerpt":{"rendered":"<p>H\u00fasv\u00e9t 6. vas\u00e1rnapja a szeretet els\u0151rend\u0171s\u00e9g\u00e9t hirdeti. A szeretet a legnagyobb a vil\u00e1gon. Egyben pedig a h\u00edv\u0151 embernek a legnagyobb felismer\u00e9s, hogy Isten a szeretet. Magam t\u00f6rekv\u00e9se pedig, hogy az Isten k\u00edn\u00e1lta szeretetet a lehet\u0151 leghitelesebben k\u00f6zvet\u00edtsem m\u00e1sok fel\u00e9, \u00fagy ahogyan \u00e9n meg\u00e9lem. Cselekedeteim\u00a0 legf\u0151bb \u00e9rt\u00e9k\u00e9t is adja egyben, mennyire van \u00e1titatva a magam szeretet\u00e9vel. Szent P\u00e1l azt hirdeti, hogy a pog\u00e1nys\u00e1gb\u00f3l megt\u00e9rt h\u00edv\u0151kre nem k\u00f6telez\u0151k a m\u00f3zesi el\u0151\u00edr\u00e1sok. \u00cdgy d\u00f6nt\u00f6tt az apostoli zsinat is. Ugyanakkor a megt\u00e9rt pog\u00e1nyokt\u00f3l azt k\u00e9rte, hogy tartsanak tiszteletben a zsid\u00f3-kereszt\u00e9ny testv\u00e9reik \u00e1ltal megszokott, egyes \u0151si zsid\u00f3 hagyom\u00e1nyokat. Mind a mai napig ez az alapja a b\u00e9k\u00e9s, t\u00e1rsadalmi egy\u00fcttl\u00e9tnek. Az \u00fczenetet magunkra alkalmazva: nemzeti hagyom\u00e1nyaink, szok\u00e1saink tisztelete. A szentlecke szeretne meger\u0151s\u00edteni minden h\u00edv\u0151 embert. \u00c9rdemes elfogadni \u00e9let\u00fcnk megannyi megpr\u00f3b\u00e1ltat\u00e1s\u00e1t. Isten ugyanis jutalmul megaj\u00e1nd\u00e9kozza majd \u00f6v\u00e9it az \u00f6r\u00f6k \u00fcdv\u00f6ss\u00e9ggel. Ennek l\u00e9nyege pedig, hogy r\u00e9szesed\u00fcnk Isten \u00e9let\u00e9ben. Ez pedig biztons\u00e1got \u00e9s boldogs\u00e1got is jelent sz\u00e1munkra. Az evang\u00e9liumban Krisztus \u00f6nmaga ir\u00e1ntunk val\u00f3 szeretet\u00e9t \u00e1ll\u00edtotta el\u00e9nk p\u00e9ld\u00e1nak. A Krisztus\u00a0 ir\u00e1nti szeretet egyet jelent a t\u00f6rv\u00e9nyek megtart\u00e1s\u00e1val.\u00a0 Tov\u00e1bb\u00e1 meg\u00edg\u00e9ri az elj\u00f6vend\u0151 V\u00edgasztal\u00f3t, aki nem m\u00e1s, mint a Szentl\u00e9lek. A Szentl\u00e9lek aj\u00e1nd\u00e9kainak befogad\u00e1sa igazi bens\u0151 b\u00e9k\u00e9t k\u00f6lcs\u00f6n\u00f6z az egy\u00e9nnek. A nyugtalans\u00e1g \u00e9s nyom\u00e1ban megjelen\u0151 cs\u00fcgged\u00e9s \u00e9s agg\u00f3d\u00e1s \u00e9rz\u00e9se szinte \u00e1lland\u00f3 k\u00eds\u00e9r\u0151je \u00e9let\u00fcnknek. Ezen \u00e9rz\u00e9seket is csak a L\u00e9lek erej\u00e9ben siker\u00fcl legy\u0151zn\u00fcnk magunkban.\u00a0 Kezd\u0151\u00e9nek: \u00d6rvendez\u0151 sz\u00f3val hirdess\u00e9tek, hogy mindenki hallja, hirdess\u00e9tek minden\u00fctt a f\u00f6ld v\u00e9gs\u0151 hat\u00e1r\u00e1ig: megszabad\u00edtotta az \u00dar az \u0151 n\u00e9p\u00e9t, alleluja! (V\u00f6. Iz 48,20) K\u00f6ny\u00f6rg\u00e9s: Mindenhat\u00f3 Isten\u00fcnk, add, hogy odaad\u00f3 buzg\u00f3s\u00e1ggal \u00fcnnepelj\u00fck Urunk felt\u00e1mad\u00e1s\u00e1nak \u00f6r\u00f6mnapjait. Engedd, hogy cselekedeteinkkel mindenkor \u00e9letre v\u00e1ltsuk, amit az eml\u00e9kez\u00e9ssel felid\u00e9z\u00fcnk. A mi Urunk, J\u00e9zus Krisztus, a te Fiad \u00e1ltal, aki veled \u00e9l \u00e9s uralkodik a Szentl\u00e9lekkel egys\u00e9gben, Isten mind\u00f6r\u00f6kk\u00f6n \u00f6r\u00f6kk\u00e9. OLVASM\u00c1NY az Apostolok Cselekedeteib\u0151l (ApCsel 15,1-2.22-29) Isten nem akarja, hogy a sz\u00fcks\u00e9gesn\u00e9l t\u00f6bb teher nehezedj\u00e9k a h\u00edvek v\u00e1ll\u00e1ra. Abban az id\u0151ben a pizidiai Antiochi\u00e1ban vita&#8230; <\/p>\n<p><a class=\"readmore\" href=\"https:\/\/stuttgarti-katolikusok.de\/index.php\/husvet-6-vasarnapja-a-tarsadalmi-kommunikacio-vilagnapja-gyermekek-vilagnapja\/\">R\u00e9szletek<\/a><\/p>\n","protected":false},"author":3,"featured_media":28870,"comment_status":"closed","ping_status":"closed","sticky":false,"template":"","format":"standard","meta":{"footnotes":""},"categories":[85,63],"tags":[],"class_list":["post-31061","post","type-post","status-publish","format-standard","has-post-thumbnail","hentry","category-a-liturgia-olvasmanyai","category-vasarnapi-gondolatok"],"yoast_head":"<!-- This site is optimized with the Yoast SEO plugin v27.3 - https:\/\/yoast.com\/product\/yoast-seo-wordpress\/ -->\n<title>H\u00fasv\u00e9t 6. vas\u00e1rnapja \u2013 A t\u00e1rsadalmi kommunik\u00e1ci\u00f3 vil\u00e1gnapja, Gyermekek vil\u00e1gnapja - Stuttgarti Katolikusok<\/title>\n<meta name=\"robots\" content=\"index, follow, max-snippet:-1, max-image-preview:large, max-video-preview:-1\" \/>\n<link rel=\"canonical\" href=\"https:\/\/stuttgarti-katolikusok.de\/index.php\/husvet-6-vasarnapja-a-tarsadalmi-kommunikacio-vilagnapja-gyermekek-vilagnapja\/\" \/>\n<meta property=\"og:locale\" content=\"hu_HU\" \/>\n<meta property=\"og:type\" content=\"article\" \/>\n<meta property=\"og:title\" content=\"H\u00fasv\u00e9t 6. vas\u00e1rnapja \u2013 A t\u00e1rsadalmi kommunik\u00e1ci\u00f3 vil\u00e1gnapja, Gyermekek vil\u00e1gnapja - Stuttgarti Katolikusok\" \/>\n<meta property=\"og:description\" content=\"H\u00fasv\u00e9t 6. vas\u00e1rnapja a szeretet els\u0151rend\u0171s\u00e9g\u00e9t hirdeti. A szeretet a legnagyobb a vil\u00e1gon. Egyben pedig a h\u00edv\u0151 embernek a legnagyobb felismer\u00e9s, hogy Isten a szeretet. Magam t\u00f6rekv\u00e9se pedig, hogy az Isten k\u00edn\u00e1lta szeretetet a lehet\u0151 leghitelesebben k\u00f6zvet\u00edtsem m\u00e1sok fel\u00e9, \u00fagy ahogyan \u00e9n meg\u00e9lem. Cselekedeteim\u00a0 legf\u0151bb \u00e9rt\u00e9k\u00e9t is adja egyben, mennyire van \u00e1titatva a magam szeretet\u00e9vel. Szent P\u00e1l azt hirdeti, hogy a pog\u00e1nys\u00e1gb\u00f3l megt\u00e9rt h\u00edv\u0151kre nem k\u00f6telez\u0151k a m\u00f3zesi el\u0151\u00edr\u00e1sok. \u00cdgy d\u00f6nt\u00f6tt az apostoli zsinat is. Ugyanakkor a megt\u00e9rt pog\u00e1nyokt\u00f3l azt k\u00e9rte, hogy tartsanak tiszteletben a zsid\u00f3-kereszt\u00e9ny testv\u00e9reik \u00e1ltal megszokott, egyes \u0151si zsid\u00f3 hagyom\u00e1nyokat. Mind a mai napig ez az alapja a b\u00e9k\u00e9s, t\u00e1rsadalmi egy\u00fcttl\u00e9tnek. Az \u00fczenetet magunkra alkalmazva: nemzeti hagyom\u00e1nyaink, szok\u00e1saink tisztelete. A szentlecke szeretne meger\u0151s\u00edteni minden h\u00edv\u0151 embert. \u00c9rdemes elfogadni \u00e9let\u00fcnk megannyi megpr\u00f3b\u00e1ltat\u00e1s\u00e1t. Isten ugyanis jutalmul megaj\u00e1nd\u00e9kozza majd \u00f6v\u00e9it az \u00f6r\u00f6k \u00fcdv\u00f6ss\u00e9ggel. Ennek l\u00e9nyege pedig, hogy r\u00e9szesed\u00fcnk Isten \u00e9let\u00e9ben. Ez pedig biztons\u00e1got \u00e9s boldogs\u00e1got is jelent sz\u00e1munkra. Az evang\u00e9liumban Krisztus \u00f6nmaga ir\u00e1ntunk val\u00f3 szeretet\u00e9t \u00e1ll\u00edtotta el\u00e9nk p\u00e9ld\u00e1nak. A Krisztus\u00a0 ir\u00e1nti szeretet egyet jelent a t\u00f6rv\u00e9nyek megtart\u00e1s\u00e1val.\u00a0 Tov\u00e1bb\u00e1 meg\u00edg\u00e9ri az elj\u00f6vend\u0151 V\u00edgasztal\u00f3t, aki nem m\u00e1s, mint a Szentl\u00e9lek. A Szentl\u00e9lek aj\u00e1nd\u00e9kainak befogad\u00e1sa igazi bens\u0151 b\u00e9k\u00e9t k\u00f6lcs\u00f6n\u00f6z az egy\u00e9nnek. A nyugtalans\u00e1g \u00e9s nyom\u00e1ban megjelen\u0151 cs\u00fcgged\u00e9s \u00e9s agg\u00f3d\u00e1s \u00e9rz\u00e9se szinte \u00e1lland\u00f3 k\u00eds\u00e9r\u0151je \u00e9let\u00fcnknek. Ezen \u00e9rz\u00e9seket is csak a L\u00e9lek erej\u00e9ben siker\u00fcl legy\u0151zn\u00fcnk magunkban.\u00a0 Kezd\u0151\u00e9nek: \u00d6rvendez\u0151 sz\u00f3val hirdess\u00e9tek, hogy mindenki hallja, hirdess\u00e9tek minden\u00fctt a f\u00f6ld v\u00e9gs\u0151 hat\u00e1r\u00e1ig: megszabad\u00edtotta az \u00dar az \u0151 n\u00e9p\u00e9t, alleluja! (V\u00f6. Iz 48,20) K\u00f6ny\u00f6rg\u00e9s: Mindenhat\u00f3 Isten\u00fcnk, add, hogy odaad\u00f3 buzg\u00f3s\u00e1ggal \u00fcnnepelj\u00fck Urunk felt\u00e1mad\u00e1s\u00e1nak \u00f6r\u00f6mnapjait. Engedd, hogy cselekedeteinkkel mindenkor \u00e9letre v\u00e1ltsuk, amit az eml\u00e9kez\u00e9ssel felid\u00e9z\u00fcnk. A mi Urunk, J\u00e9zus Krisztus, a te Fiad \u00e1ltal, aki veled \u00e9l \u00e9s uralkodik a Szentl\u00e9lekkel egys\u00e9gben, Isten mind\u00f6r\u00f6kk\u00f6n \u00f6r\u00f6kk\u00e9. OLVASM\u00c1NY az Apostolok Cselekedeteib\u0151l (ApCsel 15,1-2.22-29) Isten nem akarja, hogy a sz\u00fcks\u00e9gesn\u00e9l t\u00f6bb teher nehezedj\u00e9k a h\u00edvek v\u00e1ll\u00e1ra. Abban az id\u0151ben a pizidiai Antiochi\u00e1ban vita... R\u00e9szletek\" \/>\n<meta property=\"og:url\" content=\"https:\/\/stuttgarti-katolikusok.de\/index.php\/husvet-6-vasarnapja-a-tarsadalmi-kommunikacio-vilagnapja-gyermekek-vilagnapja\/\" \/>\n<meta property=\"og:site_name\" content=\"Stuttgarti Katolikusok\" \/>\n<meta property=\"article:published_time\" content=\"2025-05-24T12:11:11+00:00\" \/>\n<meta property=\"article:modified_time\" content=\"2025-05-24T12:19:22+00:00\" \/>\n<meta property=\"og:image\" content=\"https:\/\/stuttgarti-katolikusok.de\/wp-content\/uploads\/2024\/05\/novekedes.jpg\" \/>\n\t<meta property=\"og:image:width\" content=\"800\" \/>\n\t<meta property=\"og:image:height\" content=\"351\" \/>\n\t<meta property=\"og:image:type\" content=\"image\/jpeg\" \/>\n<meta name=\"author\" content=\"Tibor atya\" \/>\n<meta name=\"twitter:card\" content=\"summary_large_image\" \/>\n<meta name=\"twitter:label1\" content=\"Szerz\u0151:\" \/>\n\t<meta name=\"twitter:data1\" content=\"Tibor atya\" \/>\n\t<meta name=\"twitter:label2\" content=\"Becs\u00fclt olvas\u00e1si id\u0151\" \/>\n\t<meta name=\"twitter:data2\" content=\"8 perc\" \/>\n<script type=\"application\/ld+json\" class=\"yoast-schema-graph\">{\"@context\":\"https:\\\/\\\/schema.org\",\"@graph\":[{\"@type\":\"Article\",\"@id\":\"https:\\\/\\\/stuttgarti-katolikusok.de\\\/index.php\\\/husvet-6-vasarnapja-a-tarsadalmi-kommunikacio-vilagnapja-gyermekek-vilagnapja\\\/#article\",\"isPartOf\":{\"@id\":\"https:\\\/\\\/stuttgarti-katolikusok.de\\\/index.php\\\/husvet-6-vasarnapja-a-tarsadalmi-kommunikacio-vilagnapja-gyermekek-vilagnapja\\\/\"},\"author\":{\"name\":\"Tibor atya\",\"@id\":\"https:\\\/\\\/stuttgarti-katolikusok.de\\\/#\\\/schema\\\/person\\\/75908d6f8fdc03a57889d27209df7795\"},\"headline\":\"H\u00fasv\u00e9t 6. vas\u00e1rnapja \u2013 A t\u00e1rsadalmi kommunik\u00e1ci\u00f3 vil\u00e1gnapja, Gyermekek vil\u00e1gnapja\",\"datePublished\":\"2025-05-24T12:11:11+00:00\",\"dateModified\":\"2025-05-24T12:19:22+00:00\",\"mainEntityOfPage\":{\"@id\":\"https:\\\/\\\/stuttgarti-katolikusok.de\\\/index.php\\\/husvet-6-vasarnapja-a-tarsadalmi-kommunikacio-vilagnapja-gyermekek-vilagnapja\\\/\"},\"wordCount\":1998,\"image\":{\"@id\":\"https:\\\/\\\/stuttgarti-katolikusok.de\\\/index.php\\\/husvet-6-vasarnapja-a-tarsadalmi-kommunikacio-vilagnapja-gyermekek-vilagnapja\\\/#primaryimage\"},\"thumbnailUrl\":\"https:\\\/\\\/stuttgarti-katolikusok.de\\\/wp-content\\\/uploads\\\/2024\\\/05\\\/novekedes.jpg\",\"articleSection\":[\"A liturgia olvasm\u00e1nyai\",\"Vas\u00e1rnapi gondolatok\"],\"inLanguage\":\"hu\"},{\"@type\":\"WebPage\",\"@id\":\"https:\\\/\\\/stuttgarti-katolikusok.de\\\/index.php\\\/husvet-6-vasarnapja-a-tarsadalmi-kommunikacio-vilagnapja-gyermekek-vilagnapja\\\/\",\"url\":\"https:\\\/\\\/stuttgarti-katolikusok.de\\\/index.php\\\/husvet-6-vasarnapja-a-tarsadalmi-kommunikacio-vilagnapja-gyermekek-vilagnapja\\\/\",\"name\":\"H\u00fasv\u00e9t 6. vas\u00e1rnapja \u2013 A t\u00e1rsadalmi kommunik\u00e1ci\u00f3 vil\u00e1gnapja, Gyermekek vil\u00e1gnapja - Stuttgarti Katolikusok\",\"isPartOf\":{\"@id\":\"https:\\\/\\\/stuttgarti-katolikusok.de\\\/#website\"},\"primaryImageOfPage\":{\"@id\":\"https:\\\/\\\/stuttgarti-katolikusok.de\\\/index.php\\\/husvet-6-vasarnapja-a-tarsadalmi-kommunikacio-vilagnapja-gyermekek-vilagnapja\\\/#primaryimage\"},\"image\":{\"@id\":\"https:\\\/\\\/stuttgarti-katolikusok.de\\\/index.php\\\/husvet-6-vasarnapja-a-tarsadalmi-kommunikacio-vilagnapja-gyermekek-vilagnapja\\\/#primaryimage\"},\"thumbnailUrl\":\"https:\\\/\\\/stuttgarti-katolikusok.de\\\/wp-content\\\/uploads\\\/2024\\\/05\\\/novekedes.jpg\",\"datePublished\":\"2025-05-24T12:11:11+00:00\",\"dateModified\":\"2025-05-24T12:19:22+00:00\",\"author\":{\"@id\":\"https:\\\/\\\/stuttgarti-katolikusok.de\\\/#\\\/schema\\\/person\\\/75908d6f8fdc03a57889d27209df7795\"},\"breadcrumb\":{\"@id\":\"https:\\\/\\\/stuttgarti-katolikusok.de\\\/index.php\\\/husvet-6-vasarnapja-a-tarsadalmi-kommunikacio-vilagnapja-gyermekek-vilagnapja\\\/#breadcrumb\"},\"inLanguage\":\"hu\",\"potentialAction\":[{\"@type\":\"ReadAction\",\"target\":[\"https:\\\/\\\/stuttgarti-katolikusok.de\\\/index.php\\\/husvet-6-vasarnapja-a-tarsadalmi-kommunikacio-vilagnapja-gyermekek-vilagnapja\\\/\"]}]},{\"@type\":\"ImageObject\",\"inLanguage\":\"hu\",\"@id\":\"https:\\\/\\\/stuttgarti-katolikusok.de\\\/index.php\\\/husvet-6-vasarnapja-a-tarsadalmi-kommunikacio-vilagnapja-gyermekek-vilagnapja\\\/#primaryimage\",\"url\":\"https:\\\/\\\/stuttgarti-katolikusok.de\\\/wp-content\\\/uploads\\\/2024\\\/05\\\/novekedes.jpg\",\"contentUrl\":\"https:\\\/\\\/stuttgarti-katolikusok.de\\\/wp-content\\\/uploads\\\/2024\\\/05\\\/novekedes.jpg\",\"width\":800,\"height\":351},{\"@type\":\"BreadcrumbList\",\"@id\":\"https:\\\/\\\/stuttgarti-katolikusok.de\\\/index.php\\\/husvet-6-vasarnapja-a-tarsadalmi-kommunikacio-vilagnapja-gyermekek-vilagnapja\\\/#breadcrumb\",\"itemListElement\":[{\"@type\":\"ListItem\",\"position\":1,\"name\":\"Kezd\u0151lap\",\"item\":\"https:\\\/\\\/stuttgarti-katolikusok.de\\\/\"},{\"@type\":\"ListItem\",\"position\":2,\"name\":\"H\u00fasv\u00e9t 6. vas\u00e1rnapja \u2013 A t\u00e1rsadalmi kommunik\u00e1ci\u00f3 vil\u00e1gnapja, Gyermekek vil\u00e1gnapja\"}]},{\"@type\":\"WebSite\",\"@id\":\"https:\\\/\\\/stuttgarti-katolikusok.de\\\/#website\",\"url\":\"https:\\\/\\\/stuttgarti-katolikusok.de\\\/\",\"name\":\"Stuttgarti Katolikusok\",\"description\":\"\",\"potentialAction\":[{\"@type\":\"SearchAction\",\"target\":{\"@type\":\"EntryPoint\",\"urlTemplate\":\"https:\\\/\\\/stuttgarti-katolikusok.de\\\/?s={search_term_string}\"},\"query-input\":{\"@type\":\"PropertyValueSpecification\",\"valueRequired\":true,\"valueName\":\"search_term_string\"}}],\"inLanguage\":\"hu\"},{\"@type\":\"Person\",\"@id\":\"https:\\\/\\\/stuttgarti-katolikusok.de\\\/#\\\/schema\\\/person\\\/75908d6f8fdc03a57889d27209df7795\",\"name\":\"Tibor atya\",\"image\":{\"@type\":\"ImageObject\",\"inLanguage\":\"hu\",\"@id\":\"https:\\\/\\\/secure.gravatar.com\\\/avatar\\\/61d268e57d1f4525b111222e29d2d5a7f8c420fdbf231ba5566a8ceac74fa960?s=96&d=mm&r=g\",\"url\":\"https:\\\/\\\/secure.gravatar.com\\\/avatar\\\/61d268e57d1f4525b111222e29d2d5a7f8c420fdbf231ba5566a8ceac74fa960?s=96&d=mm&r=g\",\"contentUrl\":\"https:\\\/\\\/secure.gravatar.com\\\/avatar\\\/61d268e57d1f4525b111222e29d2d5a7f8c420fdbf231ba5566a8ceac74fa960?s=96&d=mm&r=g\",\"caption\":\"Tibor atya\"},\"url\":\"https:\\\/\\\/stuttgarti-katolikusok.de\\\/index.php\\\/author\\\/tibor-atya\\\/\"}]}<\/script>\n<!-- \/ Yoast SEO plugin. -->","yoast_head_json":{"title":"H\u00fasv\u00e9t 6. vas\u00e1rnapja \u2013 A t\u00e1rsadalmi kommunik\u00e1ci\u00f3 vil\u00e1gnapja, Gyermekek vil\u00e1gnapja - Stuttgarti Katolikusok","robots":{"index":"index","follow":"follow","max-snippet":"max-snippet:-1","max-image-preview":"max-image-preview:large","max-video-preview":"max-video-preview:-1"},"canonical":"https:\/\/stuttgarti-katolikusok.de\/index.php\/husvet-6-vasarnapja-a-tarsadalmi-kommunikacio-vilagnapja-gyermekek-vilagnapja\/","og_locale":"hu_HU","og_type":"article","og_title":"H\u00fasv\u00e9t 6. vas\u00e1rnapja \u2013 A t\u00e1rsadalmi kommunik\u00e1ci\u00f3 vil\u00e1gnapja, Gyermekek vil\u00e1gnapja - Stuttgarti Katolikusok","og_description":"H\u00fasv\u00e9t 6. vas\u00e1rnapja a szeretet els\u0151rend\u0171s\u00e9g\u00e9t hirdeti. A szeretet a legnagyobb a vil\u00e1gon. Egyben pedig a h\u00edv\u0151 embernek a legnagyobb felismer\u00e9s, hogy Isten a szeretet. Magam t\u00f6rekv\u00e9se pedig, hogy az Isten k\u00edn\u00e1lta szeretetet a lehet\u0151 leghitelesebben k\u00f6zvet\u00edtsem m\u00e1sok fel\u00e9, \u00fagy ahogyan \u00e9n meg\u00e9lem. Cselekedeteim\u00a0 legf\u0151bb \u00e9rt\u00e9k\u00e9t is adja egyben, mennyire van \u00e1titatva a magam szeretet\u00e9vel. Szent P\u00e1l azt hirdeti, hogy a pog\u00e1nys\u00e1gb\u00f3l megt\u00e9rt h\u00edv\u0151kre nem k\u00f6telez\u0151k a m\u00f3zesi el\u0151\u00edr\u00e1sok. \u00cdgy d\u00f6nt\u00f6tt az apostoli zsinat is. Ugyanakkor a megt\u00e9rt pog\u00e1nyokt\u00f3l azt k\u00e9rte, hogy tartsanak tiszteletben a zsid\u00f3-kereszt\u00e9ny testv\u00e9reik \u00e1ltal megszokott, egyes \u0151si zsid\u00f3 hagyom\u00e1nyokat. Mind a mai napig ez az alapja a b\u00e9k\u00e9s, t\u00e1rsadalmi egy\u00fcttl\u00e9tnek. Az \u00fczenetet magunkra alkalmazva: nemzeti hagyom\u00e1nyaink, szok\u00e1saink tisztelete. A szentlecke szeretne meger\u0151s\u00edteni minden h\u00edv\u0151 embert. \u00c9rdemes elfogadni \u00e9let\u00fcnk megannyi megpr\u00f3b\u00e1ltat\u00e1s\u00e1t. Isten ugyanis jutalmul megaj\u00e1nd\u00e9kozza majd \u00f6v\u00e9it az \u00f6r\u00f6k \u00fcdv\u00f6ss\u00e9ggel. Ennek l\u00e9nyege pedig, hogy r\u00e9szesed\u00fcnk Isten \u00e9let\u00e9ben. Ez pedig biztons\u00e1got \u00e9s boldogs\u00e1got is jelent sz\u00e1munkra. Az evang\u00e9liumban Krisztus \u00f6nmaga ir\u00e1ntunk val\u00f3 szeretet\u00e9t \u00e1ll\u00edtotta el\u00e9nk p\u00e9ld\u00e1nak. A Krisztus\u00a0 ir\u00e1nti szeretet egyet jelent a t\u00f6rv\u00e9nyek megtart\u00e1s\u00e1val.\u00a0 Tov\u00e1bb\u00e1 meg\u00edg\u00e9ri az elj\u00f6vend\u0151 V\u00edgasztal\u00f3t, aki nem m\u00e1s, mint a Szentl\u00e9lek. A Szentl\u00e9lek aj\u00e1nd\u00e9kainak befogad\u00e1sa igazi bens\u0151 b\u00e9k\u00e9t k\u00f6lcs\u00f6n\u00f6z az egy\u00e9nnek. A nyugtalans\u00e1g \u00e9s nyom\u00e1ban megjelen\u0151 cs\u00fcgged\u00e9s \u00e9s agg\u00f3d\u00e1s \u00e9rz\u00e9se szinte \u00e1lland\u00f3 k\u00eds\u00e9r\u0151je \u00e9let\u00fcnknek. Ezen \u00e9rz\u00e9seket is csak a L\u00e9lek erej\u00e9ben siker\u00fcl legy\u0151zn\u00fcnk magunkban.\u00a0 Kezd\u0151\u00e9nek: \u00d6rvendez\u0151 sz\u00f3val hirdess\u00e9tek, hogy mindenki hallja, hirdess\u00e9tek minden\u00fctt a f\u00f6ld v\u00e9gs\u0151 hat\u00e1r\u00e1ig: megszabad\u00edtotta az \u00dar az \u0151 n\u00e9p\u00e9t, alleluja! (V\u00f6. Iz 48,20) K\u00f6ny\u00f6rg\u00e9s: Mindenhat\u00f3 Isten\u00fcnk, add, hogy odaad\u00f3 buzg\u00f3s\u00e1ggal \u00fcnnepelj\u00fck Urunk felt\u00e1mad\u00e1s\u00e1nak \u00f6r\u00f6mnapjait. Engedd, hogy cselekedeteinkkel mindenkor \u00e9letre v\u00e1ltsuk, amit az eml\u00e9kez\u00e9ssel felid\u00e9z\u00fcnk. A mi Urunk, J\u00e9zus Krisztus, a te Fiad \u00e1ltal, aki veled \u00e9l \u00e9s uralkodik a Szentl\u00e9lekkel egys\u00e9gben, Isten mind\u00f6r\u00f6kk\u00f6n \u00f6r\u00f6kk\u00e9. OLVASM\u00c1NY az Apostolok Cselekedeteib\u0151l (ApCsel 15,1-2.22-29) Isten nem akarja, hogy a sz\u00fcks\u00e9gesn\u00e9l t\u00f6bb teher nehezedj\u00e9k a h\u00edvek v\u00e1ll\u00e1ra. Abban az id\u0151ben a pizidiai Antiochi\u00e1ban vita... R\u00e9szletek","og_url":"https:\/\/stuttgarti-katolikusok.de\/index.php\/husvet-6-vasarnapja-a-tarsadalmi-kommunikacio-vilagnapja-gyermekek-vilagnapja\/","og_site_name":"Stuttgarti Katolikusok","article_published_time":"2025-05-24T12:11:11+00:00","article_modified_time":"2025-05-24T12:19:22+00:00","og_image":[{"width":800,"height":351,"url":"https:\/\/stuttgarti-katolikusok.de\/wp-content\/uploads\/2024\/05\/novekedes.jpg","type":"image\/jpeg"}],"author":"Tibor atya","twitter_card":"summary_large_image","twitter_misc":{"Szerz\u0151:":"Tibor atya","Becs\u00fclt olvas\u00e1si id\u0151":"8 perc"},"schema":{"@context":"https:\/\/schema.org","@graph":[{"@type":"Article","@id":"https:\/\/stuttgarti-katolikusok.de\/index.php\/husvet-6-vasarnapja-a-tarsadalmi-kommunikacio-vilagnapja-gyermekek-vilagnapja\/#article","isPartOf":{"@id":"https:\/\/stuttgarti-katolikusok.de\/index.php\/husvet-6-vasarnapja-a-tarsadalmi-kommunikacio-vilagnapja-gyermekek-vilagnapja\/"},"author":{"name":"Tibor atya","@id":"https:\/\/stuttgarti-katolikusok.de\/#\/schema\/person\/75908d6f8fdc03a57889d27209df7795"},"headline":"H\u00fasv\u00e9t 6. vas\u00e1rnapja \u2013 A t\u00e1rsadalmi kommunik\u00e1ci\u00f3 vil\u00e1gnapja, Gyermekek vil\u00e1gnapja","datePublished":"2025-05-24T12:11:11+00:00","dateModified":"2025-05-24T12:19:22+00:00","mainEntityOfPage":{"@id":"https:\/\/stuttgarti-katolikusok.de\/index.php\/husvet-6-vasarnapja-a-tarsadalmi-kommunikacio-vilagnapja-gyermekek-vilagnapja\/"},"wordCount":1998,"image":{"@id":"https:\/\/stuttgarti-katolikusok.de\/index.php\/husvet-6-vasarnapja-a-tarsadalmi-kommunikacio-vilagnapja-gyermekek-vilagnapja\/#primaryimage"},"thumbnailUrl":"https:\/\/stuttgarti-katolikusok.de\/wp-content\/uploads\/2024\/05\/novekedes.jpg","articleSection":["A liturgia olvasm\u00e1nyai","Vas\u00e1rnapi gondolatok"],"inLanguage":"hu"},{"@type":"WebPage","@id":"https:\/\/stuttgarti-katolikusok.de\/index.php\/husvet-6-vasarnapja-a-tarsadalmi-kommunikacio-vilagnapja-gyermekek-vilagnapja\/","url":"https:\/\/stuttgarti-katolikusok.de\/index.php\/husvet-6-vasarnapja-a-tarsadalmi-kommunikacio-vilagnapja-gyermekek-vilagnapja\/","name":"H\u00fasv\u00e9t 6. vas\u00e1rnapja \u2013 A t\u00e1rsadalmi kommunik\u00e1ci\u00f3 vil\u00e1gnapja, Gyermekek vil\u00e1gnapja - Stuttgarti Katolikusok","isPartOf":{"@id":"https:\/\/stuttgarti-katolikusok.de\/#website"},"primaryImageOfPage":{"@id":"https:\/\/stuttgarti-katolikusok.de\/index.php\/husvet-6-vasarnapja-a-tarsadalmi-kommunikacio-vilagnapja-gyermekek-vilagnapja\/#primaryimage"},"image":{"@id":"https:\/\/stuttgarti-katolikusok.de\/index.php\/husvet-6-vasarnapja-a-tarsadalmi-kommunikacio-vilagnapja-gyermekek-vilagnapja\/#primaryimage"},"thumbnailUrl":"https:\/\/stuttgarti-katolikusok.de\/wp-content\/uploads\/2024\/05\/novekedes.jpg","datePublished":"2025-05-24T12:11:11+00:00","dateModified":"2025-05-24T12:19:22+00:00","author":{"@id":"https:\/\/stuttgarti-katolikusok.de\/#\/schema\/person\/75908d6f8fdc03a57889d27209df7795"},"breadcrumb":{"@id":"https:\/\/stuttgarti-katolikusok.de\/index.php\/husvet-6-vasarnapja-a-tarsadalmi-kommunikacio-vilagnapja-gyermekek-vilagnapja\/#breadcrumb"},"inLanguage":"hu","potentialAction":[{"@type":"ReadAction","target":["https:\/\/stuttgarti-katolikusok.de\/index.php\/husvet-6-vasarnapja-a-tarsadalmi-kommunikacio-vilagnapja-gyermekek-vilagnapja\/"]}]},{"@type":"ImageObject","inLanguage":"hu","@id":"https:\/\/stuttgarti-katolikusok.de\/index.php\/husvet-6-vasarnapja-a-tarsadalmi-kommunikacio-vilagnapja-gyermekek-vilagnapja\/#primaryimage","url":"https:\/\/stuttgarti-katolikusok.de\/wp-content\/uploads\/2024\/05\/novekedes.jpg","contentUrl":"https:\/\/stuttgarti-katolikusok.de\/wp-content\/uploads\/2024\/05\/novekedes.jpg","width":800,"height":351},{"@type":"BreadcrumbList","@id":"https:\/\/stuttgarti-katolikusok.de\/index.php\/husvet-6-vasarnapja-a-tarsadalmi-kommunikacio-vilagnapja-gyermekek-vilagnapja\/#breadcrumb","itemListElement":[{"@type":"ListItem","position":1,"name":"Kezd\u0151lap","item":"https:\/\/stuttgarti-katolikusok.de\/"},{"@type":"ListItem","position":2,"name":"H\u00fasv\u00e9t 6. vas\u00e1rnapja \u2013 A t\u00e1rsadalmi kommunik\u00e1ci\u00f3 vil\u00e1gnapja, Gyermekek vil\u00e1gnapja"}]},{"@type":"WebSite","@id":"https:\/\/stuttgarti-katolikusok.de\/#website","url":"https:\/\/stuttgarti-katolikusok.de\/","name":"Stuttgarti Katolikusok","description":"","potentialAction":[{"@type":"SearchAction","target":{"@type":"EntryPoint","urlTemplate":"https:\/\/stuttgarti-katolikusok.de\/?s={search_term_string}"},"query-input":{"@type":"PropertyValueSpecification","valueRequired":true,"valueName":"search_term_string"}}],"inLanguage":"hu"},{"@type":"Person","@id":"https:\/\/stuttgarti-katolikusok.de\/#\/schema\/person\/75908d6f8fdc03a57889d27209df7795","name":"Tibor atya","image":{"@type":"ImageObject","inLanguage":"hu","@id":"https:\/\/secure.gravatar.com\/avatar\/61d268e57d1f4525b111222e29d2d5a7f8c420fdbf231ba5566a8ceac74fa960?s=96&d=mm&r=g","url":"https:\/\/secure.gravatar.com\/avatar\/61d268e57d1f4525b111222e29d2d5a7f8c420fdbf231ba5566a8ceac74fa960?s=96&d=mm&r=g","contentUrl":"https:\/\/secure.gravatar.com\/avatar\/61d268e57d1f4525b111222e29d2d5a7f8c420fdbf231ba5566a8ceac74fa960?s=96&d=mm&r=g","caption":"Tibor atya"},"url":"https:\/\/stuttgarti-katolikusok.de\/index.php\/author\/tibor-atya\/"}]}},"_links":{"self":[{"href":"https:\/\/stuttgarti-katolikusok.de\/index.php\/wp-json\/wp\/v2\/posts\/31061","targetHints":{"allow":["GET"]}}],"collection":[{"href":"https:\/\/stuttgarti-katolikusok.de\/index.php\/wp-json\/wp\/v2\/posts"}],"about":[{"href":"https:\/\/stuttgarti-katolikusok.de\/index.php\/wp-json\/wp\/v2\/types\/post"}],"author":[{"embeddable":true,"href":"https:\/\/stuttgarti-katolikusok.de\/index.php\/wp-json\/wp\/v2\/users\/3"}],"replies":[{"embeddable":true,"href":"https:\/\/stuttgarti-katolikusok.de\/index.php\/wp-json\/wp\/v2\/comments?post=31061"}],"version-history":[{"count":2,"href":"https:\/\/stuttgarti-katolikusok.de\/index.php\/wp-json\/wp\/v2\/posts\/31061\/revisions"}],"predecessor-version":[{"id":31063,"href":"https:\/\/stuttgarti-katolikusok.de\/index.php\/wp-json\/wp\/v2\/posts\/31061\/revisions\/31063"}],"wp:featuredmedia":[{"embeddable":true,"href":"https:\/\/stuttgarti-katolikusok.de\/index.php\/wp-json\/wp\/v2\/media\/28870"}],"wp:attachment":[{"href":"https:\/\/stuttgarti-katolikusok.de\/index.php\/wp-json\/wp\/v2\/media?parent=31061"}],"wp:term":[{"taxonomy":"category","embeddable":true,"href":"https:\/\/stuttgarti-katolikusok.de\/index.php\/wp-json\/wp\/v2\/categories?post=31061"},{"taxonomy":"post_tag","embeddable":true,"href":"https:\/\/stuttgarti-katolikusok.de\/index.php\/wp-json\/wp\/v2\/tags?post=31061"}],"curies":[{"name":"wp","href":"https:\/\/api.w.org\/{rel}","templated":true}]}}