{"id":30966,"date":"2025-05-19T14:34:55","date_gmt":"2025-05-19T12:34:55","guid":{"rendered":"https:\/\/stuttgarti-katolikusok.de\/?p=30966"},"modified":"2025-05-19T20:04:54","modified_gmt":"2025-05-19T18:04:54","slug":"2025-majus-19-es-25-kozott","status":"publish","type":"post","link":"https:\/\/stuttgarti-katolikusok.de\/index.php\/2025-majus-19-es-25-kozott\/","title":{"rendered":"2025. M\u00c1JUS 19 \u00c9S 25 K\u00d6Z\u00d6TT"},"content":{"rendered":"<p><span style=\"color: #ff6600;\"><strong>Programel\u0151zetes<\/strong><\/span><\/p>\n<p style=\"text-align: center;\"><span style=\"color: #ff6600;\"><strong>*<\/strong><\/span><\/p>\n<p><a href=\"https:\/\/stuttgarti-katolikusok.de\/wp-content\/uploads\/2025\/05\/erasmus-2025-majus-21.png\"><img loading=\"lazy\" decoding=\"async\" class=\"alignnone size-full wp-image-30968\" src=\"https:\/\/stuttgarti-katolikusok.de\/wp-content\/uploads\/2025\/05\/erasmus-2025-majus-21.png\" alt=\"\" width=\"696\" height=\"491\" srcset=\"https:\/\/stuttgarti-katolikusok.de\/wp-content\/uploads\/2025\/05\/erasmus-2025-majus-21.png 696w, https:\/\/stuttgarti-katolikusok.de\/wp-content\/uploads\/2025\/05\/erasmus-2025-majus-21-300x212.png 300w\" sizes=\"auto, (max-width: 696px) 100vw, 696px\" \/><\/a><\/p>\n<p style=\"text-align: center;\"><span style=\"color: #ff6600;\"><strong>*<\/strong><\/span><\/p>\n<p><strong>M\u00e1jus 23-\u00e1n<\/strong>, p\u00e9nteken, <span style=\"color: #ff6600;\"><strong><em>Stuttgarti<\/em><\/strong><\/span><em><span style=\"color: #ff6600;\"><strong> d\u00e9lut\u00e1n<\/strong><\/span>,<\/em>\u00a017.30 \u00f3rakor<em>\u00a0r\u00f3zsaf\u00fcz\u00e9rt im\u00e1dkozunk<\/em><em>, <\/em>ut\u00e1na 18.00 \u00f3rakor <em>szentmise<\/em><em>, <\/em>v\u00e9gezt\u00e9vel pedig <em>m\u00e1jusi \u00e1jtatoss\u00e1got <\/em>tartunk.<\/p>\n<p style=\"text-align: center;\"><span style=\"color: #ff6600;\"><strong>*<\/strong><\/span><\/p>\n<p><strong>M\u00e1jus 24-\u00e9n<\/strong>, szombaton,<strong>\u00a0<\/strong><span style=\"color: #ff6600;\"><strong>Reutlingenben<\/strong><\/span><strong>\u00a0<\/strong>16.30 \u00f3rakor\u00a0<em>szentmise<\/em>, ut\u00e1na <em>agap\u00e9.<\/em><\/p>\n<p><span style=\"color: #ff6600;\">\u00d6r\u00f6mmel adjuk k\u00f6zz\u00e9 ezen a f\u00f3rumon is a <strong>Liszt Int\u00e9zet Stuttgart<\/strong> programj\u00e1t:<\/span><\/p>\n<a href=\"https:\/\/stuttgarti-katolikusok.de\/wp-content\/uploads\/2025\/05\/amatorKorus-talalkozo_pros_fin.pdf\" class=\"pdfemb-viewer\" style=\"\" data-width=\"max\" data-height=\"max\" data-toolbar=\"bottom\" data-toolbar-fixed=\"off\">amat\u0151rK\u00f3rus-tal\u00e1lkoz\u00f3_pros_fin<\/a>\n<p style=\"text-align: center;\"><span style=\"color: #ff6600;\"><strong>*<\/strong><\/span><\/p>\n<p><strong>M\u00e1jus 25-\u00e9n<\/strong>,\u00a0<span style=\"color: #ff6600;\"><em><strong>H\u00fasv\u00e9t 6. vas\u00e1rnapja<\/strong><\/em><\/span><em>,\u00a0<\/em><\/p>\n<p><span style=\"color: #ff6600;\"><strong>B\u00f6blingenben<\/strong><\/span><strong>\u00a0<\/strong>9.30 \u00f3rakor<em>\u00a0szentmise, <\/em>ut\u00e1na <em>agap\u00e9,<\/em><\/p>\n<p><span style=\"color: #ff6600;\"><strong>Eislingenben<\/strong><\/span> 15.00 \u00f3rakor<em> szentmise, <\/em>ut\u00e1na <em>agap\u00e9<\/em><em>. <\/em><\/p>\n<p style=\"text-align: center;\"><span style=\"color: #ff6600;\"><strong>*<\/strong><\/span><\/p>\n<p>Minden helyen mindenkit szeretettel v\u00e1r a k\u00f6z\u00f6ss\u00e9g \u00e9s Tibor atya!<\/p>\n<p style=\"text-align: center;\"><span style=\"color: #ff6600;\"><strong>*<\/strong><\/span><\/p>\n<p><a href=\"https:\/\/stuttgarti-katolikusok.de\/wp-content\/uploads\/2021\/05\/love-3604788-1280.jpg\"><img loading=\"lazy\" decoding=\"async\" class=\"alignnone size-full wp-image-21804\" src=\"https:\/\/stuttgarti-katolikusok.de\/wp-content\/uploads\/2021\/05\/love-3604788-1280.jpg\" alt=\"\" width=\"1280\" height=\"779\" srcset=\"https:\/\/stuttgarti-katolikusok.de\/wp-content\/uploads\/2021\/05\/love-3604788-1280.jpg 1280w, https:\/\/stuttgarti-katolikusok.de\/wp-content\/uploads\/2021\/05\/love-3604788-1280-300x183.jpg 300w, https:\/\/stuttgarti-katolikusok.de\/wp-content\/uploads\/2021\/05\/love-3604788-1280-1024x623.jpg 1024w\" sizes=\"auto, (max-width: 1280px) 100vw, 1280px\" \/><\/a><\/p>\n<p style=\"text-align: center;\"><span style=\"color: #ff6600;\"><em><strong>*<\/strong><\/em><\/span><\/p>\n<p><span style=\"color: #ff6600;\"><em><strong>Kegyelemteljes h\u00fasv\u00e9ti napokat, tartalmas besz\u00e9lget\u00e9seket \u00e9s \u00f6r\u00f6mteli tal\u00e1lkoz\u00e1sokat k\u00edv\u00e1nunk minden Kedves H\u00edv\u00fcnknek!<\/strong><\/em><\/span><\/p>\n<p style=\"text-align: center;\"><span style=\"color: #ff6600;\"><strong>*<\/strong><\/span><\/p>\n<p><em><span style=\"color: #ff6600;\">MIRE K\u00dcLD\u00d6TT?<\/span><\/em><\/p>\n<p><span style=\"color: #ff6600;\"><em>Mire k<\/em><em>\u00fcld<\/em><em>\u00f6tt az Isten?<\/em><\/span><\/p>\n<p><span style=\"color: #ff6600;\"><em>Arra, hogy gy<\/em><em>\u0171l<\/em><em>\u00f6ld azt, aki <\/em><em>\u00e9pp<\/em><em>\u00fagy, mint te, m<\/em><em>\u00e1sa,<\/em><\/span><\/p>\n<p><span style=\"color: #ff6600;\"><em>s puszt<\/em><em>\u00e1n az<\/em><em>\u00e9rt, mert k<\/em><em>\u00e1rodat k<\/em><em>\u00edv<\/em><em>\u00e1nja?<\/em><\/span><\/p>\n<p><span style=\"color: #ff6600;\"><em>Mi<\/em><em>\u00e9rt k<\/em><em>\u00fcld<\/em><em>\u00f6tt? Az<\/em><em>\u00e9rt, hogy marakodj<\/em><\/span><\/p>\n<p><span style=\"color: #ff6600;\"><em>s visszaharapd a bel<\/em><em>\u00e9d mar<\/em><em>\u00f3t,<\/em><\/span><\/p>\n<p><span style=\"color: #ff6600;\"><em>vagy hogy ut<\/em><em>\u00e1na menj, <\/em><em>\u00e9s hogyha<\/em><\/span><\/p>\n<p><span style=\"color: #ff6600;\"><em>f<\/em><em>\u00e1jna szeg<\/em><em>\u00e9nynek, a rajtad ejtett mar<\/em><em>\u00e1sa,<\/em><\/span><\/p>\n<p><span style=\"color: #ff6600;\"><em>te adj seb<\/em><em>\u00e9re egy kis balzsamot?<\/em><\/span><\/p>\n<p><span style=\"color: #ff6600;\"><em>Nyilv<\/em><em>\u00e1n nem az<\/em><em>\u00e9rt k<\/em><em>\u00fcld<\/em><em>\u00f6tt, hogy <\/em><em>\u00edt<\/em><em>\u00e9lkezz,<\/em><\/span><\/p>\n<p><span style=\"color: #ff6600;\"><em>hisz magadat <\/em><em>\u00edt<\/em><em>\u00e9lned <\/em><em>\u00e9pp el<\/em><em>\u00e9g lesz,<\/em><\/span><\/p>\n<p><span style=\"color: #ff6600;\"><em>&#8211; <\/em><em>\u00e9s irgalmat, ha r<\/em><em>\u00e1d ker<\/em><em>\u00fcl a sor,<\/em><\/span><\/p>\n<p><span style=\"color: #ff6600;\"><em>hol lelsz, ha magad sem irgalmazol?<\/em><\/span><\/p>\n<p><span style=\"color: #ff6600;\"><em>Gy<\/em><em>\u0171l<\/em><em>\u00f6l? <\/em><em>\u2013 Szeresd! S t<\/em><em>\u00e1n megv<\/em><em>\u00e1lthatod<\/em><\/span><\/p>\n<p><span style=\"color: #ff6600;\"><em>akkor magadat is, <\/em><em>\u0151t is, a k<\/em><em>\u00e1rhozatt<\/em><em>\u00f3l.<\/em><\/span><\/p>\n<p><em>(<\/em><em>R<\/em><em>\u00f3nay Gy<\/em><em>\u00f6rgy &#8211; \u00a0k\u00f6lt\u0151, \u00edr\u00f3, m\u0171ford\u00edt\u00f3: 1913 \u2013 1978)<\/em><\/p>\n<p><em>(K\u00e9pek forr\u00e1sa: Pixabay)<\/em><\/p>\n","protected":false},"excerpt":{"rendered":"<p>Programel\u0151zetes * * M\u00e1jus 23-\u00e1n, p\u00e9nteken, Stuttgarti d\u00e9lut\u00e1n,\u00a017.30 \u00f3rakor\u00a0r\u00f3zsaf\u00fcz\u00e9rt im\u00e1dkozunk, ut\u00e1na 18.00 \u00f3rakor szentmise, v\u00e9gezt\u00e9vel pedig m\u00e1jusi \u00e1jtatoss\u00e1got tartunk. * M\u00e1jus 24-\u00e9n, szombaton,\u00a0Reutlingenben\u00a016.30 \u00f3rakor\u00a0szentmise, ut\u00e1na agap\u00e9. \u00d6r\u00f6mmel adjuk k\u00f6zz\u00e9 ezen a f\u00f3rumon is a Liszt Int\u00e9zet Stuttgart programj\u00e1t: * M\u00e1jus 25-\u00e9n,\u00a0H\u00fasv\u00e9t 6. vas\u00e1rnapja,\u00a0 B\u00f6blingenben\u00a09.30 \u00f3rakor\u00a0szentmise, ut\u00e1na agap\u00e9, Eislingenben 15.00 \u00f3rakor szentmise, ut\u00e1na agap\u00e9. * Minden helyen mindenkit szeretettel v\u00e1r a k\u00f6z\u00f6ss\u00e9g \u00e9s Tibor atya! * * Kegyelemteljes h\u00fasv\u00e9ti napokat, tartalmas besz\u00e9lget\u00e9seket \u00e9s \u00f6r\u00f6mteli tal\u00e1lkoz\u00e1sokat k\u00edv\u00e1nunk minden Kedves H\u00edv\u00fcnknek! * MIRE K\u00dcLD\u00d6TT? Mire k\u00fcld\u00f6tt az Isten? Arra, hogy gy\u0171l\u00f6ld azt, aki \u00e9pp\u00fagy, mint te, m\u00e1sa, s puszt\u00e1n az\u00e9rt, mert k\u00e1rodat k\u00edv\u00e1nja? Mi\u00e9rt k\u00fcld\u00f6tt? Az\u00e9rt, hogy marakodj s visszaharapd a bel\u00e9d mar\u00f3t, vagy hogy ut\u00e1na menj, \u00e9s hogyha f\u00e1jna szeg\u00e9nynek, a rajtad ejtett mar\u00e1sa, te adj seb\u00e9re egy kis balzsamot? Nyilv\u00e1n nem az\u00e9rt k\u00fcld\u00f6tt, hogy \u00edt\u00e9lkezz, hisz magadat \u00edt\u00e9lned \u00e9pp el\u00e9g lesz, &#8211; \u00e9s irgalmat, ha r\u00e1d ker\u00fcl a sor, hol lelsz, ha magad sem irgalmazol? Gy\u0171l\u00f6l? \u2013 Szeresd! S t\u00e1n megv\u00e1lthatod akkor magadat is, \u0151t is, a k\u00e1rhozatt\u00f3l. (R\u00f3nay Gy\u00f6rgy &#8211; \u00a0k\u00f6lt\u0151, \u00edr\u00f3, m\u0171ford\u00edt\u00f3: 1913 \u2013 1978) (K\u00e9pek forr\u00e1sa: Pixabay)<\/p>\n","protected":false},"author":3,"featured_media":21803,"comment_status":"closed","ping_status":"closed","sticky":false,"template":"","format":"standard","meta":{"footnotes":""},"categories":[37],"tags":[],"class_list":["post-30966","post","type-post","status-publish","format-standard","has-post-thumbnail","hentry","category-progamelozetes"],"yoast_head":"<!-- This site is optimized with the Yoast SEO plugin v27.3 - https:\/\/yoast.com\/product\/yoast-seo-wordpress\/ -->\n<title>2025. M\u00c1JUS 19 \u00c9S 25 K\u00d6Z\u00d6TT - Stuttgarti Katolikusok<\/title>\n<meta name=\"robots\" content=\"index, follow, max-snippet:-1, max-image-preview:large, max-video-preview:-1\" \/>\n<link rel=\"canonical\" href=\"https:\/\/stuttgarti-katolikusok.de\/index.php\/2025-majus-19-es-25-kozott\/\" \/>\n<meta property=\"og:locale\" content=\"hu_HU\" \/>\n<meta property=\"og:type\" content=\"article\" \/>\n<meta property=\"og:title\" content=\"2025. M\u00c1JUS 19 \u00c9S 25 K\u00d6Z\u00d6TT - Stuttgarti Katolikusok\" \/>\n<meta property=\"og:description\" content=\"Programel\u0151zetes * * M\u00e1jus 23-\u00e1n, p\u00e9nteken, Stuttgarti d\u00e9lut\u00e1n,\u00a017.30 \u00f3rakor\u00a0r\u00f3zsaf\u00fcz\u00e9rt im\u00e1dkozunk, ut\u00e1na 18.00 \u00f3rakor szentmise, v\u00e9gezt\u00e9vel pedig m\u00e1jusi \u00e1jtatoss\u00e1got tartunk. * M\u00e1jus 24-\u00e9n, szombaton,\u00a0Reutlingenben\u00a016.30 \u00f3rakor\u00a0szentmise, ut\u00e1na agap\u00e9. \u00d6r\u00f6mmel adjuk k\u00f6zz\u00e9 ezen a f\u00f3rumon is a Liszt Int\u00e9zet Stuttgart programj\u00e1t: * M\u00e1jus 25-\u00e9n,\u00a0H\u00fasv\u00e9t 6. vas\u00e1rnapja,\u00a0 B\u00f6blingenben\u00a09.30 \u00f3rakor\u00a0szentmise, ut\u00e1na agap\u00e9, Eislingenben 15.00 \u00f3rakor szentmise, ut\u00e1na agap\u00e9. * Minden helyen mindenkit szeretettel v\u00e1r a k\u00f6z\u00f6ss\u00e9g \u00e9s Tibor atya! * * Kegyelemteljes h\u00fasv\u00e9ti napokat, tartalmas besz\u00e9lget\u00e9seket \u00e9s \u00f6r\u00f6mteli tal\u00e1lkoz\u00e1sokat k\u00edv\u00e1nunk minden Kedves H\u00edv\u00fcnknek! * MIRE K\u00dcLD\u00d6TT? Mire k\u00fcld\u00f6tt az Isten? Arra, hogy gy\u0171l\u00f6ld azt, aki \u00e9pp\u00fagy, mint te, m\u00e1sa, s puszt\u00e1n az\u00e9rt, mert k\u00e1rodat k\u00edv\u00e1nja? Mi\u00e9rt k\u00fcld\u00f6tt? Az\u00e9rt, hogy marakodj s visszaharapd a bel\u00e9d mar\u00f3t, vagy hogy ut\u00e1na menj, \u00e9s hogyha f\u00e1jna szeg\u00e9nynek, a rajtad ejtett mar\u00e1sa, te adj seb\u00e9re egy kis balzsamot? Nyilv\u00e1n nem az\u00e9rt k\u00fcld\u00f6tt, hogy \u00edt\u00e9lkezz, hisz magadat \u00edt\u00e9lned \u00e9pp el\u00e9g lesz, &#8211; \u00e9s irgalmat, ha r\u00e1d ker\u00fcl a sor, hol lelsz, ha magad sem irgalmazol? Gy\u0171l\u00f6l? \u2013 Szeresd! S t\u00e1n megv\u00e1lthatod akkor magadat is, \u0151t is, a k\u00e1rhozatt\u00f3l. (R\u00f3nay Gy\u00f6rgy &#8211; \u00a0k\u00f6lt\u0151, \u00edr\u00f3, m\u0171ford\u00edt\u00f3: 1913 \u2013 1978) (K\u00e9pek forr\u00e1sa: Pixabay)\" \/>\n<meta property=\"og:url\" content=\"https:\/\/stuttgarti-katolikusok.de\/index.php\/2025-majus-19-es-25-kozott\/\" \/>\n<meta property=\"og:site_name\" content=\"Stuttgarti Katolikusok\" \/>\n<meta property=\"article:published_time\" content=\"2025-05-19T12:34:55+00:00\" \/>\n<meta property=\"article:modified_time\" content=\"2025-05-19T18:04:54+00:00\" \/>\n<meta property=\"og:image\" content=\"https:\/\/stuttgarti-katolikusok.de\/wp-content\/uploads\/2021\/05\/couple-5989116-1280.jpg\" \/>\n\t<meta property=\"og:image:width\" content=\"1280\" \/>\n\t<meta property=\"og:image:height\" content=\"853\" \/>\n\t<meta property=\"og:image:type\" content=\"image\/jpeg\" \/>\n<meta name=\"author\" content=\"Tibor atya\" \/>\n<meta name=\"twitter:card\" content=\"summary_large_image\" \/>\n<meta name=\"twitter:label1\" content=\"Szerz\u0151:\" \/>\n\t<meta name=\"twitter:data1\" content=\"Tibor atya\" \/>\n\t<meta name=\"twitter:label2\" content=\"Becs\u00fclt olvas\u00e1si id\u0151\" \/>\n\t<meta name=\"twitter:data2\" content=\"2 perc\" \/>\n<script type=\"application\/ld+json\" class=\"yoast-schema-graph\">{\"@context\":\"https:\\\/\\\/schema.org\",\"@graph\":[{\"@type\":\"Article\",\"@id\":\"https:\\\/\\\/stuttgarti-katolikusok.de\\\/index.php\\\/2025-majus-19-es-25-kozott\\\/#article\",\"isPartOf\":{\"@id\":\"https:\\\/\\\/stuttgarti-katolikusok.de\\\/index.php\\\/2025-majus-19-es-25-kozott\\\/\"},\"author\":{\"name\":\"Tibor atya\",\"@id\":\"https:\\\/\\\/stuttgarti-katolikusok.de\\\/#\\\/schema\\\/person\\\/75908d6f8fdc03a57889d27209df7795\"},\"headline\":\"2025. M\u00c1JUS 19 \u00c9S 25 K\u00d6Z\u00d6TT\",\"datePublished\":\"2025-05-19T12:34:55+00:00\",\"dateModified\":\"2025-05-19T18:04:54+00:00\",\"mainEntityOfPage\":{\"@id\":\"https:\\\/\\\/stuttgarti-katolikusok.de\\\/index.php\\\/2025-majus-19-es-25-kozott\\\/\"},\"wordCount\":285,\"image\":{\"@id\":\"https:\\\/\\\/stuttgarti-katolikusok.de\\\/index.php\\\/2025-majus-19-es-25-kozott\\\/#primaryimage\"},\"thumbnailUrl\":\"https:\\\/\\\/stuttgarti-katolikusok.de\\\/wp-content\\\/uploads\\\/2021\\\/05\\\/couple-5989116-1280.jpg\",\"articleSection\":[\"Progamel\u0151zetes\"],\"inLanguage\":\"hu\"},{\"@type\":\"WebPage\",\"@id\":\"https:\\\/\\\/stuttgarti-katolikusok.de\\\/index.php\\\/2025-majus-19-es-25-kozott\\\/\",\"url\":\"https:\\\/\\\/stuttgarti-katolikusok.de\\\/index.php\\\/2025-majus-19-es-25-kozott\\\/\",\"name\":\"2025. M\u00c1JUS 19 \u00c9S 25 K\u00d6Z\u00d6TT - Stuttgarti Katolikusok\",\"isPartOf\":{\"@id\":\"https:\\\/\\\/stuttgarti-katolikusok.de\\\/#website\"},\"primaryImageOfPage\":{\"@id\":\"https:\\\/\\\/stuttgarti-katolikusok.de\\\/index.php\\\/2025-majus-19-es-25-kozott\\\/#primaryimage\"},\"image\":{\"@id\":\"https:\\\/\\\/stuttgarti-katolikusok.de\\\/index.php\\\/2025-majus-19-es-25-kozott\\\/#primaryimage\"},\"thumbnailUrl\":\"https:\\\/\\\/stuttgarti-katolikusok.de\\\/wp-content\\\/uploads\\\/2021\\\/05\\\/couple-5989116-1280.jpg\",\"datePublished\":\"2025-05-19T12:34:55+00:00\",\"dateModified\":\"2025-05-19T18:04:54+00:00\",\"author\":{\"@id\":\"https:\\\/\\\/stuttgarti-katolikusok.de\\\/#\\\/schema\\\/person\\\/75908d6f8fdc03a57889d27209df7795\"},\"breadcrumb\":{\"@id\":\"https:\\\/\\\/stuttgarti-katolikusok.de\\\/index.php\\\/2025-majus-19-es-25-kozott\\\/#breadcrumb\"},\"inLanguage\":\"hu\",\"potentialAction\":[{\"@type\":\"ReadAction\",\"target\":[\"https:\\\/\\\/stuttgarti-katolikusok.de\\\/index.php\\\/2025-majus-19-es-25-kozott\\\/\"]}]},{\"@type\":\"ImageObject\",\"inLanguage\":\"hu\",\"@id\":\"https:\\\/\\\/stuttgarti-katolikusok.de\\\/index.php\\\/2025-majus-19-es-25-kozott\\\/#primaryimage\",\"url\":\"https:\\\/\\\/stuttgarti-katolikusok.de\\\/wp-content\\\/uploads\\\/2021\\\/05\\\/couple-5989116-1280.jpg\",\"contentUrl\":\"https:\\\/\\\/stuttgarti-katolikusok.de\\\/wp-content\\\/uploads\\\/2021\\\/05\\\/couple-5989116-1280.jpg\",\"width\":1280,\"height\":853},{\"@type\":\"BreadcrumbList\",\"@id\":\"https:\\\/\\\/stuttgarti-katolikusok.de\\\/index.php\\\/2025-majus-19-es-25-kozott\\\/#breadcrumb\",\"itemListElement\":[{\"@type\":\"ListItem\",\"position\":1,\"name\":\"Kezd\u0151lap\",\"item\":\"https:\\\/\\\/stuttgarti-katolikusok.de\\\/\"},{\"@type\":\"ListItem\",\"position\":2,\"name\":\"2025. M\u00c1JUS 19 \u00c9S 25 K\u00d6Z\u00d6TT\"}]},{\"@type\":\"WebSite\",\"@id\":\"https:\\\/\\\/stuttgarti-katolikusok.de\\\/#website\",\"url\":\"https:\\\/\\\/stuttgarti-katolikusok.de\\\/\",\"name\":\"Stuttgarti Katolikusok\",\"description\":\"\",\"potentialAction\":[{\"@type\":\"SearchAction\",\"target\":{\"@type\":\"EntryPoint\",\"urlTemplate\":\"https:\\\/\\\/stuttgarti-katolikusok.de\\\/?s={search_term_string}\"},\"query-input\":{\"@type\":\"PropertyValueSpecification\",\"valueRequired\":true,\"valueName\":\"search_term_string\"}}],\"inLanguage\":\"hu\"},{\"@type\":\"Person\",\"@id\":\"https:\\\/\\\/stuttgarti-katolikusok.de\\\/#\\\/schema\\\/person\\\/75908d6f8fdc03a57889d27209df7795\",\"name\":\"Tibor atya\",\"image\":{\"@type\":\"ImageObject\",\"inLanguage\":\"hu\",\"@id\":\"https:\\\/\\\/secure.gravatar.com\\\/avatar\\\/61d268e57d1f4525b111222e29d2d5a7f8c420fdbf231ba5566a8ceac74fa960?s=96&d=mm&r=g\",\"url\":\"https:\\\/\\\/secure.gravatar.com\\\/avatar\\\/61d268e57d1f4525b111222e29d2d5a7f8c420fdbf231ba5566a8ceac74fa960?s=96&d=mm&r=g\",\"contentUrl\":\"https:\\\/\\\/secure.gravatar.com\\\/avatar\\\/61d268e57d1f4525b111222e29d2d5a7f8c420fdbf231ba5566a8ceac74fa960?s=96&d=mm&r=g\",\"caption\":\"Tibor atya\"},\"url\":\"https:\\\/\\\/stuttgarti-katolikusok.de\\\/index.php\\\/author\\\/tibor-atya\\\/\"}]}<\/script>\n<!-- \/ Yoast SEO plugin. -->","yoast_head_json":{"title":"2025. M\u00c1JUS 19 \u00c9S 25 K\u00d6Z\u00d6TT - Stuttgarti Katolikusok","robots":{"index":"index","follow":"follow","max-snippet":"max-snippet:-1","max-image-preview":"max-image-preview:large","max-video-preview":"max-video-preview:-1"},"canonical":"https:\/\/stuttgarti-katolikusok.de\/index.php\/2025-majus-19-es-25-kozott\/","og_locale":"hu_HU","og_type":"article","og_title":"2025. M\u00c1JUS 19 \u00c9S 25 K\u00d6Z\u00d6TT - Stuttgarti Katolikusok","og_description":"Programel\u0151zetes * * M\u00e1jus 23-\u00e1n, p\u00e9nteken, Stuttgarti d\u00e9lut\u00e1n,\u00a017.30 \u00f3rakor\u00a0r\u00f3zsaf\u00fcz\u00e9rt im\u00e1dkozunk, ut\u00e1na 18.00 \u00f3rakor szentmise, v\u00e9gezt\u00e9vel pedig m\u00e1jusi \u00e1jtatoss\u00e1got tartunk. * M\u00e1jus 24-\u00e9n, szombaton,\u00a0Reutlingenben\u00a016.30 \u00f3rakor\u00a0szentmise, ut\u00e1na agap\u00e9. \u00d6r\u00f6mmel adjuk k\u00f6zz\u00e9 ezen a f\u00f3rumon is a Liszt Int\u00e9zet Stuttgart programj\u00e1t: * M\u00e1jus 25-\u00e9n,\u00a0H\u00fasv\u00e9t 6. vas\u00e1rnapja,\u00a0 B\u00f6blingenben\u00a09.30 \u00f3rakor\u00a0szentmise, ut\u00e1na agap\u00e9, Eislingenben 15.00 \u00f3rakor szentmise, ut\u00e1na agap\u00e9. * Minden helyen mindenkit szeretettel v\u00e1r a k\u00f6z\u00f6ss\u00e9g \u00e9s Tibor atya! * * Kegyelemteljes h\u00fasv\u00e9ti napokat, tartalmas besz\u00e9lget\u00e9seket \u00e9s \u00f6r\u00f6mteli tal\u00e1lkoz\u00e1sokat k\u00edv\u00e1nunk minden Kedves H\u00edv\u00fcnknek! * MIRE K\u00dcLD\u00d6TT? Mire k\u00fcld\u00f6tt az Isten? Arra, hogy gy\u0171l\u00f6ld azt, aki \u00e9pp\u00fagy, mint te, m\u00e1sa, s puszt\u00e1n az\u00e9rt, mert k\u00e1rodat k\u00edv\u00e1nja? Mi\u00e9rt k\u00fcld\u00f6tt? Az\u00e9rt, hogy marakodj s visszaharapd a bel\u00e9d mar\u00f3t, vagy hogy ut\u00e1na menj, \u00e9s hogyha f\u00e1jna szeg\u00e9nynek, a rajtad ejtett mar\u00e1sa, te adj seb\u00e9re egy kis balzsamot? Nyilv\u00e1n nem az\u00e9rt k\u00fcld\u00f6tt, hogy \u00edt\u00e9lkezz, hisz magadat \u00edt\u00e9lned \u00e9pp el\u00e9g lesz, &#8211; \u00e9s irgalmat, ha r\u00e1d ker\u00fcl a sor, hol lelsz, ha magad sem irgalmazol? Gy\u0171l\u00f6l? \u2013 Szeresd! S t\u00e1n megv\u00e1lthatod akkor magadat is, \u0151t is, a k\u00e1rhozatt\u00f3l. (R\u00f3nay Gy\u00f6rgy &#8211; \u00a0k\u00f6lt\u0151, \u00edr\u00f3, m\u0171ford\u00edt\u00f3: 1913 \u2013 1978) (K\u00e9pek forr\u00e1sa: Pixabay)","og_url":"https:\/\/stuttgarti-katolikusok.de\/index.php\/2025-majus-19-es-25-kozott\/","og_site_name":"Stuttgarti Katolikusok","article_published_time":"2025-05-19T12:34:55+00:00","article_modified_time":"2025-05-19T18:04:54+00:00","og_image":[{"width":1280,"height":853,"url":"https:\/\/stuttgarti-katolikusok.de\/wp-content\/uploads\/2021\/05\/couple-5989116-1280.jpg","type":"image\/jpeg"}],"author":"Tibor atya","twitter_card":"summary_large_image","twitter_misc":{"Szerz\u0151:":"Tibor atya","Becs\u00fclt olvas\u00e1si id\u0151":"2 perc"},"schema":{"@context":"https:\/\/schema.org","@graph":[{"@type":"Article","@id":"https:\/\/stuttgarti-katolikusok.de\/index.php\/2025-majus-19-es-25-kozott\/#article","isPartOf":{"@id":"https:\/\/stuttgarti-katolikusok.de\/index.php\/2025-majus-19-es-25-kozott\/"},"author":{"name":"Tibor atya","@id":"https:\/\/stuttgarti-katolikusok.de\/#\/schema\/person\/75908d6f8fdc03a57889d27209df7795"},"headline":"2025. M\u00c1JUS 19 \u00c9S 25 K\u00d6Z\u00d6TT","datePublished":"2025-05-19T12:34:55+00:00","dateModified":"2025-05-19T18:04:54+00:00","mainEntityOfPage":{"@id":"https:\/\/stuttgarti-katolikusok.de\/index.php\/2025-majus-19-es-25-kozott\/"},"wordCount":285,"image":{"@id":"https:\/\/stuttgarti-katolikusok.de\/index.php\/2025-majus-19-es-25-kozott\/#primaryimage"},"thumbnailUrl":"https:\/\/stuttgarti-katolikusok.de\/wp-content\/uploads\/2021\/05\/couple-5989116-1280.jpg","articleSection":["Progamel\u0151zetes"],"inLanguage":"hu"},{"@type":"WebPage","@id":"https:\/\/stuttgarti-katolikusok.de\/index.php\/2025-majus-19-es-25-kozott\/","url":"https:\/\/stuttgarti-katolikusok.de\/index.php\/2025-majus-19-es-25-kozott\/","name":"2025. M\u00c1JUS 19 \u00c9S 25 K\u00d6Z\u00d6TT - Stuttgarti Katolikusok","isPartOf":{"@id":"https:\/\/stuttgarti-katolikusok.de\/#website"},"primaryImageOfPage":{"@id":"https:\/\/stuttgarti-katolikusok.de\/index.php\/2025-majus-19-es-25-kozott\/#primaryimage"},"image":{"@id":"https:\/\/stuttgarti-katolikusok.de\/index.php\/2025-majus-19-es-25-kozott\/#primaryimage"},"thumbnailUrl":"https:\/\/stuttgarti-katolikusok.de\/wp-content\/uploads\/2021\/05\/couple-5989116-1280.jpg","datePublished":"2025-05-19T12:34:55+00:00","dateModified":"2025-05-19T18:04:54+00:00","author":{"@id":"https:\/\/stuttgarti-katolikusok.de\/#\/schema\/person\/75908d6f8fdc03a57889d27209df7795"},"breadcrumb":{"@id":"https:\/\/stuttgarti-katolikusok.de\/index.php\/2025-majus-19-es-25-kozott\/#breadcrumb"},"inLanguage":"hu","potentialAction":[{"@type":"ReadAction","target":["https:\/\/stuttgarti-katolikusok.de\/index.php\/2025-majus-19-es-25-kozott\/"]}]},{"@type":"ImageObject","inLanguage":"hu","@id":"https:\/\/stuttgarti-katolikusok.de\/index.php\/2025-majus-19-es-25-kozott\/#primaryimage","url":"https:\/\/stuttgarti-katolikusok.de\/wp-content\/uploads\/2021\/05\/couple-5989116-1280.jpg","contentUrl":"https:\/\/stuttgarti-katolikusok.de\/wp-content\/uploads\/2021\/05\/couple-5989116-1280.jpg","width":1280,"height":853},{"@type":"BreadcrumbList","@id":"https:\/\/stuttgarti-katolikusok.de\/index.php\/2025-majus-19-es-25-kozott\/#breadcrumb","itemListElement":[{"@type":"ListItem","position":1,"name":"Kezd\u0151lap","item":"https:\/\/stuttgarti-katolikusok.de\/"},{"@type":"ListItem","position":2,"name":"2025. M\u00c1JUS 19 \u00c9S 25 K\u00d6Z\u00d6TT"}]},{"@type":"WebSite","@id":"https:\/\/stuttgarti-katolikusok.de\/#website","url":"https:\/\/stuttgarti-katolikusok.de\/","name":"Stuttgarti Katolikusok","description":"","potentialAction":[{"@type":"SearchAction","target":{"@type":"EntryPoint","urlTemplate":"https:\/\/stuttgarti-katolikusok.de\/?s={search_term_string}"},"query-input":{"@type":"PropertyValueSpecification","valueRequired":true,"valueName":"search_term_string"}}],"inLanguage":"hu"},{"@type":"Person","@id":"https:\/\/stuttgarti-katolikusok.de\/#\/schema\/person\/75908d6f8fdc03a57889d27209df7795","name":"Tibor atya","image":{"@type":"ImageObject","inLanguage":"hu","@id":"https:\/\/secure.gravatar.com\/avatar\/61d268e57d1f4525b111222e29d2d5a7f8c420fdbf231ba5566a8ceac74fa960?s=96&d=mm&r=g","url":"https:\/\/secure.gravatar.com\/avatar\/61d268e57d1f4525b111222e29d2d5a7f8c420fdbf231ba5566a8ceac74fa960?s=96&d=mm&r=g","contentUrl":"https:\/\/secure.gravatar.com\/avatar\/61d268e57d1f4525b111222e29d2d5a7f8c420fdbf231ba5566a8ceac74fa960?s=96&d=mm&r=g","caption":"Tibor atya"},"url":"https:\/\/stuttgarti-katolikusok.de\/index.php\/author\/tibor-atya\/"}]}},"_links":{"self":[{"href":"https:\/\/stuttgarti-katolikusok.de\/index.php\/wp-json\/wp\/v2\/posts\/30966","targetHints":{"allow":["GET"]}}],"collection":[{"href":"https:\/\/stuttgarti-katolikusok.de\/index.php\/wp-json\/wp\/v2\/posts"}],"about":[{"href":"https:\/\/stuttgarti-katolikusok.de\/index.php\/wp-json\/wp\/v2\/types\/post"}],"author":[{"embeddable":true,"href":"https:\/\/stuttgarti-katolikusok.de\/index.php\/wp-json\/wp\/v2\/users\/3"}],"replies":[{"embeddable":true,"href":"https:\/\/stuttgarti-katolikusok.de\/index.php\/wp-json\/wp\/v2\/comments?post=30966"}],"version-history":[{"count":6,"href":"https:\/\/stuttgarti-katolikusok.de\/index.php\/wp-json\/wp\/v2\/posts\/30966\/revisions"}],"predecessor-version":[{"id":30974,"href":"https:\/\/stuttgarti-katolikusok.de\/index.php\/wp-json\/wp\/v2\/posts\/30966\/revisions\/30974"}],"wp:featuredmedia":[{"embeddable":true,"href":"https:\/\/stuttgarti-katolikusok.de\/index.php\/wp-json\/wp\/v2\/media\/21803"}],"wp:attachment":[{"href":"https:\/\/stuttgarti-katolikusok.de\/index.php\/wp-json\/wp\/v2\/media?parent=30966"}],"wp:term":[{"taxonomy":"category","embeddable":true,"href":"https:\/\/stuttgarti-katolikusok.de\/index.php\/wp-json\/wp\/v2\/categories?post=30966"},{"taxonomy":"post_tag","embeddable":true,"href":"https:\/\/stuttgarti-katolikusok.de\/index.php\/wp-json\/wp\/v2\/tags?post=30966"}],"curies":[{"name":"wp","href":"https:\/\/api.w.org\/{rel}","templated":true}]}}