{"id":30960,"date":"2025-05-17T11:22:08","date_gmt":"2025-05-17T09:22:08","guid":{"rendered":"https:\/\/stuttgarti-katolikusok.de\/?p=30960"},"modified":"2025-05-17T11:23:24","modified_gmt":"2025-05-17T09:23:24","slug":"husvet-5-vasarnapja-3","status":"publish","type":"post","link":"https:\/\/stuttgarti-katolikusok.de\/index.php\/husvet-5-vasarnapja-3\/","title":{"rendered":"H\u00fasv\u00e9t 5. vas\u00e1rnapja"},"content":{"rendered":"<p><span style=\"color: #ff6600;\"><em>H\u00fasv\u00e9t 5. vas\u00e1rnapj\u00e1nak olvasm\u00e1nya Szent P\u00e1l apostol bels\u0151 \u00fatj\u00e1nak fontos \u00e1llom\u00e1s\u00e1t mutatja be megt\u00e9r\u00e9s\u00e9t k\u00f6vet\u0151en. Barnab\u00e1s volt az, aki kezess\u00e9get v\u00e1llalt \u00e9s ki\u00e1llt mellette. A keresztsz\u00fcl\u0151k, b\u00e9rmasz\u00fcl\u0151k egy\u00e9ni felel\u0151ss\u00e9g\u00e9t is megtestes\u00edti ez a t\u00f6rt\u00e9net. Az apostolok b\u00edzhatnak abban, hogy munk\u00e1juk v\u00e9gz\u00e9s\u00e9hez megkapj\u00e1k a Szentl\u00e9lek aj\u00e1nd\u00e9kait: a b\u00f6lcsess\u00e9g, az okoss\u00e1g \u00e9s lelkier\u0151 kegyelm\u00e9t. Ennek elnyer\u00e9s\u00e9\u00e9rt viszont nek\u00fcnk is mindent meg kell tenn\u00fcnk. \u00cdgy nyer \u00e9rtelmet a b\u00f6jt \u00e9s im\u00e1ds\u00e1g!<\/em><\/span><\/p>\n<p><span style=\"color: #ff6600;\"><em>Az \u00fcdv\u00f6ss\u00e9g hely\u00e9t, vagyis a &#8222;mennyei Jeruzs\u00e1lemet&#8221; J\u00e9zus Krisztus m\u00e1r ki\u00e9rdemelte sz\u00e1munkra. Most rajtunk a sor, hogy f\u00f6ldi \u00e9let\u00fcnk helyt\u00e1ll\u00e1s\u00e1val, tov\u00e1bb\u00e1 k\u00f6teless\u00e9geink h\u0171s\u00e9ges teljes\u00edt\u00e9s\u00e9vel m\u00e9lt\u00f3k legy\u00fcnk bel\u00e9pni az \u00fcdv\u00f6z\u00fcltek hon\u00e1ba.<\/em><\/span><\/p>\n<p><span style=\"color: #ff6600;\"><em>Az evang\u00e9liumi r\u00e9sz \u00e9rdekes m\u00f3d az utols\u00f3 vacsora term\u00e9be kalauzol el benn\u00fcnket. B\u00e1r sejtelmes form\u00e1ban, de J\u00e9zus a szenved\u00e9sen kereszt\u00fcl t\u00f6rt\u00e9n\u0151 megdics\u0151\u00fcl\u00e9s\u00e9r\u0151l besz\u00e9l. Nyilv\u00e1nval\u00f3, ott \u00e9s akkor mindebb\u0151l az apostolok semmit sem \u00e9rtettek meg. Azonban m\u00e9lyen sz\u00edv\u00fckben \u0151rizt\u00e9k J\u00e9zus szeretetr\u0151l sz\u00f3l\u00f3 szavait: &#8222;\u00daj parancsot adok nektek: Szeress\u00e9tek egym\u00e1st!&#8221;\u00a0 Ma is \u00e9rv\u00e9nyes \u00e9s ir\u00e1nyt mutat\u00f3 sz\u00e1munkra J\u00e9zusunk tan\u00edt\u00e1sa. Csakis a p\u00e9ld\u00e1ja szerinti, szeretetben meg\u00e9lt \u00e9let vezet el az egy\u00e9ni megdics\u0151\u00fcl\u00e9shez. A mennyorsz\u00e1gba csakis szeretet\u00fcnket vissz\u00fck magunkkal. \u00dagyis fogalmazhatn\u00e9k: meg\u00e9lt szeretet\u00fcnk visz el a mennyorsz\u00e1gba. \u00c9rdemes minden m\u00e1st\u00f3l id\u0151ben megszabadulni ezen az \u00faton!<\/em><\/span><\/p>\n<p><span style=\"color: #ff6600;\">Kezd\u0151\u00e9nek:<\/span><br \/>\n\u00c9nekeljetek az \u00darnak \u00faj \u00e9neket, mert csod\u00e1latos dolgokat cselekedett; kinyilatkoztatta az \u0151 igazs\u00e1g\u00e1t a nemzetek sz\u00edne el\u0151tt, alleluja! (V\u00f6. Zsolt 97,1-2)<\/p>\n<p><span style=\"color: #ff6600;\">K\u00f6ny\u00f6rg\u00e9s:<\/span><br \/>\nMindenhat\u00f3, \u00f6r\u00f6k Isten, tedd t\u00f6k\u00e9letess\u00e9 benn\u00fcnk a h\u00fasv\u00e9ti szents\u00e9get, hogy akiket a szent kereszts\u00e9gben meg\u00faj\u00edtott\u00e1l, oltalmad alatt b\u0151 term\u00e9st hozzanak, \u00e9s eljussanak az \u00f6r\u00f6k boldogs\u00e1gra. A mi Urunk, J\u00e9zus Krisztus, a te Fiad \u00e1ltal, aki veled \u00e9l \u00e9s uralkodik a Szentl\u00e9lekkel egys\u00e9gben, Isten mind\u00f6r\u00f6kk\u00f6n \u00f6r\u00f6kk\u00e9.<\/p>\n<p><span style=\"color: #ff6600;\">OLVASM\u00c1NY az Apostolok Cselekedeteib\u0151l (ApCsel 14,21b-27)<\/span><br \/>\n<em>P<\/em><em>\u00e1l <\/em><em>\u00e9s Barnab<\/em><em>\u00e1s besz<\/em><em>\u00e1mol arr<\/em><em>\u00f3l, hogy milyen nagy dolgokat cselekedett vel<\/em><em>\u00fck az <\/em><em>\u00dar.<\/em><br \/>\nAbban az id\u0151ben P\u00e1l \u00e9s Barnab\u00e1s (\u00fatra kelt Derb\u00e9be. Ebben a v\u00e1rosban is hirdett\u00e9k az evang\u00e9liumot, sok tan\u00edtv\u00e1nyt szereztek, majd) visszafordultak Lisztr\u00e1ba, Ik\u00f3niumba \u00e9s Antiochi\u00e1ba. Er\u0151t \u00f6nt\u00f6ttek a tan\u00edtv\u00e1nyok lelk\u00e9be, b\u00e1tor\u00edtott\u00e1k \u0151ket, hogy tartsanak ki a hitben, mert \u201esok szorongattat\u00e1s k\u00f6zepette kell bejutnunk az Isten orsz\u00e1g\u00e1ba\u201d. Az egyh\u00e1zak \u00e9l\u00e9re k\u00e9zr\u00e1t\u00e9tellel el\u00f6lj\u00e1r\u00f3kat rendeltek, \u00e9s im\u00e1dkozva, b\u00f6jt\u00f6lve az \u00dar oltalm\u00e1ba aj\u00e1nlott\u00e1k \u0151ket, akiben hittek.<br \/>\n\u00c1thaladva Pizidi\u00e1n Pamfili\u00e1ba jutottak, majd azut\u00e1n, hogy Perg\u00e9ben hirdett\u00e9k az Isten szav\u00e1t, lementek Att\u00e1li\u00e1ba. Inn\u00e9t Antiochi\u00e1ba haj\u00f3ztak, ahonnan annak idej\u00e9n elindultak, Isten kegyelm\u00e9be aj\u00e1nlva, hogy teljes\u00edts\u00e9k azt a feladatot, amelyre elk\u00fcldt\u00e9k \u0151ket.<br \/>\nMihelyt meg\u00e9rkeztek, \u00f6sszeh\u00edvt\u00e1k az egyh\u00e1zat, elbesz\u00e9lt\u00e9k, mi mindent tett az Isten \u00e1ltaluk, s hogy a pog\u00e1nyok el\u0151tt is kit\u00e1rta a hit kapuj\u00e1t.<br \/>\nEz az Isten ig\u00e9je.<\/p>\n<p><span style=\"color: #ff6600;\">V\u00c1LASZOS ZSOLT\u00c1R (144,8-9.10-11.12-13ab)<\/span><br \/>\nV\u00e1lasz:\u00a0<strong>Istenem <\/strong><strong>\u00e9s kir<\/strong><strong>\u00e1lyom, magasztallak t<\/strong><strong>\u00e9ged, * szent nevedet <\/strong><strong>\u00e1ldom <\/strong><strong>\u00f6r<\/strong><strong>\u00f6kk<\/strong><strong>\u00f6n-<\/strong><strong>\u00f6r<\/strong><strong>\u00f6kk<\/strong><strong>\u00e9.<\/strong>\u00a0V\u00f6. 1. vers. (5. t\u00f3nus)<br \/>\nVagy:\u00a0<strong>Alleluja, alleluja, alleluja.<\/strong>\u00a05. sz\u00e1m.<br \/>\nEl\u0151\u00e9nekes: Irgalmas az \u00dar \u00e9s kegyelmes, * nagy irgalm\u00fa \u00e9s hosszan t\u0171r\u0151.<br \/>\nAz \u00dar mindenkihez j\u00f3s\u00e1gos, * \u00e9s irgalmas minden m\u0171v\u00e9hez.<br \/>\nH\u00edvek: Istenem \u00e9s kir\u00e1lyom, magasztallak t\u00e9ged, * szent nevedet \u00e1ldom \u00f6r\u00f6kk\u00f6n-\u00f6r\u00f6kk\u00e9.<br \/>\nVagy: Alleluja, alleluja, alleluja.<br \/>\nE: Magasztaljon, t\u00e9ged, Uram, minden m\u0171ved, * szentjeid \u00e1ld\u00e1st mondjanak.<br \/>\nOrsz\u00e1god dics\u0151s\u00e9g\u00e9r\u0151l sz\u00f3ljanak, * \u00e9s hatalmadat mindenek hirdess\u00e9k.<br \/>\nH: Istenem \u00e9s kir\u00e1lyom, magasztallak t\u00e9ged, * szent nevedet \u00e1ldom \u00f6r\u00f6kk\u00f6n-\u00f6r\u00f6kk\u00e9.<br \/>\nVagy: Alleluja, alleluja, alleluja.<br \/>\nE: Hirdess\u00e9k az embereknek hatalmas tetteid, * kir\u00e1lys\u00e1god f\u00f6ls\u00e9ges dics\u0151s\u00e9g\u00e9t.<br \/>\nA te orsz\u00e1god \u00f6r\u00f6kk\u00e9val\u00f3 orsz\u00e1g, * uralmad megmarad nemzed\u00e9kr\u0151l nemzed\u00e9kre.<br \/>\nH: Istenem \u00e9s kir\u00e1lyom, magasztallak t\u00e9ged, * szent nevedet \u00e1ldom \u00f6r\u00f6kk\u00f6n-\u00f6r\u00f6kk\u00e9.<br \/>\nVagy: Alleluja, alleluja, alleluja.<\/p>\n<p><span style=\"color: #ff6600;\">SZENTLECKE a Jelen\u00e9sek k\u00f6nyv\u00e9b\u0151l (Jel 21,1-5a)<\/span><br \/>\n<em>Isten let<\/em><em>\u00f6r<\/em><em>\u00f6l szem<\/em><em>\u00fckr<\/em><em>\u0151l minden k<\/em><em>\u00f6nnyet.<\/em><br \/>\n\u00c9n, J\u00e1nos, \u00faj eget \u00e9s \u00faj f\u00f6ldet l\u00e1ttam. Az els\u0151 \u00e9g \u00e9s az els\u0151 f\u00f6ld ugyanis elm\u00falt, \u00e9s a tenger sem volt t\u00f6bb\u00e9.<br \/>\nAkkor l\u00e1ttam, hogy a szent V\u00e1ros, az \u00faj Jeruzs\u00e1lem al\u00e1sz\u00e1ll az \u00e9gb\u0151l, az Istent\u0151l. Sz\u00e9p volt, mint a v\u0151leg\u00e9nynek f\u00f6l\u00e9kes\u00edtett menyasszony.<br \/>\nAkkor hallottam, hogy a tr\u00f3n fel\u0151l megsz\u00f3lal egy hars\u00e1ny hang: \u201eN\u00e9zd, ez az Isten hajl\u00e9ka az emberek k\u00f6z\u00f6tt! Vel\u00fck fog lakni, \u00e9s \u0151k az \u0151 n\u00e9pe lesznek, \u00e9s maga az Isten lesz vel\u00fck. Let\u00f6r\u00f6l szem\u00fckr\u0151l minden k\u00f6nnyet. Nem lesz t\u00f6bb\u00e9 hal\u00e1l, sem gy\u00e1sz, sem jajgat\u00e1s, sem vesz\u0151ds\u00e9g, mert a r\u00e9gi vil\u00e1g elm\u00falt.\u201d<br \/>\nAkkor a tr\u00f3non \u00fcl\u0151 megsz\u00f3lalt: \u201e\u00cdme, \u00fajj\u00e1alkotok mindent!\u201d<br \/>\nEz az Isten ig\u00e9je.<\/p>\n<p><span style=\"color: #ff6600;\">ALLELUJA<\/span><br \/>\nJ\u00e9zus mondja: \u2020 \u201e\u00daj parancsot adok nektek, * szeress\u00e9tek egym\u00e1st, ahogy \u00e9n szeretlek titeket.\u201d Jn 13,34 \u2013 6. t\u00f3nus.<\/p>\n<p><span style=\"color: #ff6600;\">\u2020 EVANG\u00c9LIUM Szent J\u00e1nos k\u00f6nyv\u00e9b\u0151l (Jn 13,31-33a.34-35)<\/span><br \/>\n<em>\u00daj parancsot adok nektek: Szeress<\/em><em>\u00e9tek egym<\/em><em>\u00e1st!<\/em><br \/>\nAbban az id\u0151ben amikor az \u00e1rul\u00f3 J\u00fad\u00e1s kiment a teremb\u0151l, J\u00e9zus besz\u00e9lni kezdett: \u201eMost dics\u0151\u00fcl meg az Emberfia, s az Isten is megdics\u0151\u00fcl benne. Ha Isten megdics\u0151\u00fcl benne, Isten is megdics\u0151\u00edti \u0151t saj\u00e1t mag\u00e1ban, s\u0151t hamarosan megdics\u0151\u00edti.<br \/>\nFiaim, m\u00e1r csak r\u00f6vid ideig vagyok veletek. \u00daj parancsot adok nektek: Szeress\u00e9tek egym\u00e1st! Amint \u00e9n szerettelek titeket, \u00fagy szeress\u00e9tek ti is egym\u00e1st. Arr\u00f3l tudj\u00e1k majd meg, hogy tan\u00edtv\u00e1nyaim vagytok, hogy szeretettel vagytok egym\u00e1s ir\u00e1nt.\u201d<br \/>\nEzek az evang\u00e9lium ig\u00e9i.<\/p>\n<p><span style=\"color: #ff6600;\">EGYETEMES K\u00d6NY\u00d6RG\u00c9SEK<\/span><br \/>\nPap: K\u00f6ny\u00f6r\u00f6gj\u00fcnk, testv\u00e9reim, a mi Urunkhoz, J\u00e9zus Krisztushoz, aki \u00e1ltalunk akarja megmutatni szeretet\u00e9t a vil\u00e1gnak!<br \/>\nLektor: 1. Alak\u00edtsd sz\u00edv\u00fcnket szent Sz\u00edved szerint, \u00e9s t\u00f6ltsd el szeretettel embert\u00e1rsaink ir\u00e1nt!<br \/>\nH\u00edvek: K\u00e9r\u00fcnk T\u00e9ged, hallgass meg minket!<br \/>\n2. Seg\u00edtsd Egyh\u00e1zadat, hogy hangos sz\u00f3val hirdesse a szeretet evang\u00e9lium\u00e1t, \u00e9s h\u0151sies \u00e1ldozatv\u00e1llal\u00e1ssal tan\u00fas\u00e1got is tegyen r\u00f3la!<br \/>\nH\u00edvek: K\u00e9r\u00fcnk T\u00e9ged, hallgass meg minket!<br \/>\n3. Add, hogy a kereszt\u00e9ny n\u00e9pek p\u00e9ld\u00e1j\u00e1b\u00f3l ismerje meg a vil\u00e1g a szeretet \u00e1talak\u00edt\u00f3 erej\u00e9t!<br \/>\nH\u00edvek: K\u00e9r\u00fcnk T\u00e9ged, hallgass meg minket!<br \/>\n4. Nyisd meg szem\u00fcnket, hogy a seg\u00edts\u00e9gre szorul\u00f3 emberekben t\u00e9ged l\u00e1ssunk, \u00e9s nekik r\u00f3juk le a tev\u00e9keny szeretet ad\u00f3j\u00e1t, amellyel teneked tartozunk!<br \/>\nH\u00edvek: K\u00e9r\u00fcnk T\u00e9ged, hallgass meg minket!<br \/>\n5. T\u00e9gy minket j\u00f3s\u00e1god alkalmas eszk\u00f6z\u00e9v\u00e9, amikor embert\u00e1rsainkr\u00f3l gondoskodni akarsz!<br \/>\nH\u00edvek: K\u00e9r\u00fcnk T\u00e9ged, hallgass meg minket!<br \/>\nPap: Urunk, J\u00e9zus Krisztus, te megdics\u0151\u00edtetted mennyei Aty\u00e1dat szeretetb\u0151l v\u00e1llalt \u00e1ldozatoddal. Add, hogy k\u00f6z\u00f6s \u00e1ldozatbemutat\u00e1sunkb\u00f3l er\u0151t mer\u00edtve folytassuk tov\u00e1bb szereteted m\u0171v\u00e9t a vil\u00e1gon! Aki \u00e9lsz \u00e9s uralkodol mind\u00f6r\u00f6kk\u00f6n-\u00f6r\u00f6kk\u00e9.<br \/>\nH\u00edvek: \u00c1men.<\/p>\n<p><span style=\"color: #ff6600;\">Felaj\u00e1nl\u00f3 k\u00f6ny\u00f6rg\u00e9s:<\/span><br \/>\nIsten\u00fcnk, te a csod\u00e1latos csere \u00e1ltal, amely ebben az \u00e1ldozatban megval\u00f3sul, isteni \u00e9leted r\u00e9szeseiv\u00e9 tett\u00e9l minket. Add, k\u00e9r\u00fcnk, hogy az \u00edgy megismert igazs\u00e1got m\u00e9lt\u00f3 \u00e9lettel meg is val\u00f3s\u00edtsuk. Krisztus, a mi Urunk \u00e1ltal.<\/p>\n<p><span style=\"color: #ff6600;\">Pref\u00e1ci\u00f3:<\/span><br \/>\nAz \u00dar legyen veletek.<br \/>\nH.: \u00c9s a te lelkeddel.<br \/>\nEmelj\u00fck f\u00f6l sz\u00edv\u00fcnket.<br \/>\nH.: F\u00f6lemelt\u00fck az \u00darhoz.<br \/>\nAdjunk h\u00e1l\u00e1t Urunknak, Isten\u00fcnknek.<br \/>\nH.: M\u00e9lt\u00f3 \u00e9s igazs\u00e1gos.<br \/>\n(Mert) Val\u00f3ban m\u00e9lt\u00f3 \u00e9s igazs\u00e1gos, ill\u0151 \u00e9s \u00fcdv\u00f6s, hogy minden id\u0151ben magasztaljunk, Urunk, t\u00e9ged, de k\u00fcl\u00f6n\u00f6sen ezen a szent \u00fcnnepen, \u2013 mid\u0151n \u00e1ldozatt\u00e1 lett \u00e9rt\u00fcnk KRISZtus, a H\u00fasv\u00e9ti B\u00e1r\u00e1ny.<br \/>\nMert \u0151 az igazi B\u00e1r\u00e1ny, aki elvette a vil\u00e1g b\u0171neit, \u2013 hal\u00e1lunkat hal\u00e1l\u00e1val MEGt\u00f6rte, \u00e9s felt\u00e1mad\u00e1s\u00e1val \u00faj \u00e9letet szerzett n\u00e9k\u00fcnk.<br \/>\nA h\u00fasv\u00e9ti \u00f6r\u00f6m ez\u00e9rt ki\u00e1rad az eg\u00e9sz f\u00f6ldre, a nagyvil\u00e1g \u00f6rvendezve ujjong, a mennyei er\u0151k \u00e9s a hatalmas angyalok, \u2013 (a te) dics\u0151s\u00e9ged himnusz\u00e1t ZENgik, \u00e9s v\u00e9g n\u00e9lk\u00fcl mondj\u00e1k (\u00e9neklik):<\/p>\n<p><span style=\"color: #ff6600;\">\u00c1ldoz\u00e1si \u00e9nek:<\/span><br \/>\n\u00c9n vagyok az igazi sz\u0151l\u0151t\u00f6, ti pedig a sz\u0151l\u0151vessz\u0151k &#8211; mondja az \u00dar. Aki bennem marad, \u00e9s \u00e9n \u0151benne, az b\u0151 term\u00e9st hoz, alleluja! (Jn 15,1.5)<\/p>\n<p><span style=\"color: #ff6600;\">\u00c1ldoz\u00e1s ut\u00e1ni k\u00f6ny\u00f6rg\u00e9s:<\/span><br \/>\nK\u00e9r\u00fcnk, Urunk, Isten\u00fcnk, l\u00e9gy irgalmas a te n\u00e9pedhez, \u00e9s minket, akiket a mennyei miszt\u00e9riumokba beavatt\u00e1l, vezess \u00e1t a r\u00e9gib\u0151l az \u00faj \u00e9letbe. Krisztus, a mi Urunk \u00e1ltal.<\/p>\n<p><em>(K\u00e9p forr\u00e1sa: Pixabay)<\/em><\/p>\n","protected":false},"excerpt":{"rendered":"<p>H\u00fasv\u00e9t 5. vas\u00e1rnapj\u00e1nak olvasm\u00e1nya Szent P\u00e1l apostol bels\u0151 \u00fatj\u00e1nak fontos \u00e1llom\u00e1s\u00e1t mutatja be megt\u00e9r\u00e9s\u00e9t k\u00f6vet\u0151en. Barnab\u00e1s volt az, aki kezess\u00e9get v\u00e1llalt \u00e9s ki\u00e1llt mellette. A keresztsz\u00fcl\u0151k, b\u00e9rmasz\u00fcl\u0151k egy\u00e9ni felel\u0151ss\u00e9g\u00e9t is megtestes\u00edti ez a t\u00f6rt\u00e9net. Az apostolok b\u00edzhatnak abban, hogy munk\u00e1juk v\u00e9gz\u00e9s\u00e9hez megkapj\u00e1k a Szentl\u00e9lek aj\u00e1nd\u00e9kait: a b\u00f6lcsess\u00e9g, az okoss\u00e1g \u00e9s lelkier\u0151 kegyelm\u00e9t. Ennek elnyer\u00e9s\u00e9\u00e9rt viszont nek\u00fcnk is mindent meg kell tenn\u00fcnk. \u00cdgy nyer \u00e9rtelmet a b\u00f6jt \u00e9s im\u00e1ds\u00e1g! Az \u00fcdv\u00f6ss\u00e9g hely\u00e9t, vagyis a &#8222;mennyei Jeruzs\u00e1lemet&#8221; J\u00e9zus Krisztus m\u00e1r ki\u00e9rdemelte sz\u00e1munkra. Most rajtunk a sor, hogy f\u00f6ldi \u00e9let\u00fcnk helyt\u00e1ll\u00e1s\u00e1val, tov\u00e1bb\u00e1 k\u00f6teless\u00e9geink h\u0171s\u00e9ges teljes\u00edt\u00e9s\u00e9vel m\u00e9lt\u00f3k legy\u00fcnk bel\u00e9pni az \u00fcdv\u00f6z\u00fcltek hon\u00e1ba. Az evang\u00e9liumi r\u00e9sz \u00e9rdekes m\u00f3d az utols\u00f3 vacsora term\u00e9be kalauzol el benn\u00fcnket. B\u00e1r sejtelmes form\u00e1ban, de J\u00e9zus a szenved\u00e9sen kereszt\u00fcl t\u00f6rt\u00e9n\u0151 megdics\u0151\u00fcl\u00e9s\u00e9r\u0151l besz\u00e9l. Nyilv\u00e1nval\u00f3, ott \u00e9s akkor mindebb\u0151l az apostolok semmit sem \u00e9rtettek meg. Azonban m\u00e9lyen sz\u00edv\u00fckben \u0151rizt\u00e9k J\u00e9zus szeretetr\u0151l sz\u00f3l\u00f3 szavait: &#8222;\u00daj parancsot adok nektek: Szeress\u00e9tek egym\u00e1st!&#8221;\u00a0 Ma is \u00e9rv\u00e9nyes \u00e9s ir\u00e1nyt mutat\u00f3 sz\u00e1munkra J\u00e9zusunk tan\u00edt\u00e1sa. Csakis a p\u00e9ld\u00e1ja szerinti, szeretetben meg\u00e9lt \u00e9let vezet el az egy\u00e9ni megdics\u0151\u00fcl\u00e9shez. A mennyorsz\u00e1gba csakis szeretet\u00fcnket vissz\u00fck magunkkal. \u00dagyis fogalmazhatn\u00e9k: meg\u00e9lt szeretet\u00fcnk visz el a mennyorsz\u00e1gba. \u00c9rdemes minden m\u00e1st\u00f3l id\u0151ben megszabadulni ezen az \u00faton! Kezd\u0151\u00e9nek: \u00c9nekeljetek az \u00darnak \u00faj \u00e9neket, mert csod\u00e1latos dolgokat cselekedett; kinyilatkoztatta az \u0151 igazs\u00e1g\u00e1t a nemzetek sz\u00edne el\u0151tt, alleluja! (V\u00f6. Zsolt 97,1-2) K\u00f6ny\u00f6rg\u00e9s: Mindenhat\u00f3, \u00f6r\u00f6k Isten, tedd t\u00f6k\u00e9letess\u00e9 benn\u00fcnk a h\u00fasv\u00e9ti szents\u00e9get, hogy akiket a szent kereszts\u00e9gben meg\u00faj\u00edtott\u00e1l, oltalmad alatt b\u0151 term\u00e9st hozzanak, \u00e9s eljussanak az \u00f6r\u00f6k boldogs\u00e1gra. A mi Urunk, J\u00e9zus Krisztus, a te Fiad \u00e1ltal, aki veled \u00e9l \u00e9s uralkodik a Szentl\u00e9lekkel egys\u00e9gben, Isten mind\u00f6r\u00f6kk\u00f6n \u00f6r\u00f6kk\u00e9. OLVASM\u00c1NY az Apostolok Cselekedeteib\u0151l (ApCsel 14,21b-27) P\u00e1l \u00e9s Barnab\u00e1s besz\u00e1mol arr\u00f3l, hogy milyen nagy dolgokat cselekedett vel\u00fck az \u00dar. Abban az id\u0151ben P\u00e1l \u00e9s Barnab\u00e1s (\u00fatra kelt Derb\u00e9be. Ebben a v\u00e1rosban is hirdett\u00e9k az evang\u00e9liumot, sok tan\u00edtv\u00e1nyt szereztek, majd) visszafordultak Lisztr\u00e1ba, Ik\u00f3niumba \u00e9s&#8230; <\/p>\n<p><a class=\"readmore\" href=\"https:\/\/stuttgarti-katolikusok.de\/index.php\/husvet-5-vasarnapja-3\/\">R\u00e9szletek<\/a><\/p>\n","protected":false},"author":3,"featured_media":21755,"comment_status":"closed","ping_status":"closed","sticky":false,"template":"","format":"standard","meta":{"footnotes":""},"categories":[85,63],"tags":[],"class_list":["post-30960","post","type-post","status-publish","format-standard","has-post-thumbnail","hentry","category-a-liturgia-olvasmanyai","category-vasarnapi-gondolatok"],"yoast_head":"<!-- This site is optimized with the Yoast SEO plugin v27.3 - https:\/\/yoast.com\/product\/yoast-seo-wordpress\/ -->\n<title>H\u00fasv\u00e9t 5. vas\u00e1rnapja - Stuttgarti Katolikusok<\/title>\n<meta name=\"robots\" content=\"index, follow, max-snippet:-1, max-image-preview:large, max-video-preview:-1\" \/>\n<link rel=\"canonical\" href=\"https:\/\/stuttgarti-katolikusok.de\/index.php\/husvet-5-vasarnapja-3\/\" \/>\n<meta property=\"og:locale\" content=\"hu_HU\" \/>\n<meta property=\"og:type\" content=\"article\" \/>\n<meta property=\"og:title\" content=\"H\u00fasv\u00e9t 5. vas\u00e1rnapja - Stuttgarti Katolikusok\" \/>\n<meta property=\"og:description\" content=\"H\u00fasv\u00e9t 5. vas\u00e1rnapj\u00e1nak olvasm\u00e1nya Szent P\u00e1l apostol bels\u0151 \u00fatj\u00e1nak fontos \u00e1llom\u00e1s\u00e1t mutatja be megt\u00e9r\u00e9s\u00e9t k\u00f6vet\u0151en. Barnab\u00e1s volt az, aki kezess\u00e9get v\u00e1llalt \u00e9s ki\u00e1llt mellette. A keresztsz\u00fcl\u0151k, b\u00e9rmasz\u00fcl\u0151k egy\u00e9ni felel\u0151ss\u00e9g\u00e9t is megtestes\u00edti ez a t\u00f6rt\u00e9net. Az apostolok b\u00edzhatnak abban, hogy munk\u00e1juk v\u00e9gz\u00e9s\u00e9hez megkapj\u00e1k a Szentl\u00e9lek aj\u00e1nd\u00e9kait: a b\u00f6lcsess\u00e9g, az okoss\u00e1g \u00e9s lelkier\u0151 kegyelm\u00e9t. Ennek elnyer\u00e9s\u00e9\u00e9rt viszont nek\u00fcnk is mindent meg kell tenn\u00fcnk. \u00cdgy nyer \u00e9rtelmet a b\u00f6jt \u00e9s im\u00e1ds\u00e1g! Az \u00fcdv\u00f6ss\u00e9g hely\u00e9t, vagyis a &#8222;mennyei Jeruzs\u00e1lemet&#8221; J\u00e9zus Krisztus m\u00e1r ki\u00e9rdemelte sz\u00e1munkra. Most rajtunk a sor, hogy f\u00f6ldi \u00e9let\u00fcnk helyt\u00e1ll\u00e1s\u00e1val, tov\u00e1bb\u00e1 k\u00f6teless\u00e9geink h\u0171s\u00e9ges teljes\u00edt\u00e9s\u00e9vel m\u00e9lt\u00f3k legy\u00fcnk bel\u00e9pni az \u00fcdv\u00f6z\u00fcltek hon\u00e1ba. Az evang\u00e9liumi r\u00e9sz \u00e9rdekes m\u00f3d az utols\u00f3 vacsora term\u00e9be kalauzol el benn\u00fcnket. B\u00e1r sejtelmes form\u00e1ban, de J\u00e9zus a szenved\u00e9sen kereszt\u00fcl t\u00f6rt\u00e9n\u0151 megdics\u0151\u00fcl\u00e9s\u00e9r\u0151l besz\u00e9l. Nyilv\u00e1nval\u00f3, ott \u00e9s akkor mindebb\u0151l az apostolok semmit sem \u00e9rtettek meg. Azonban m\u00e9lyen sz\u00edv\u00fckben \u0151rizt\u00e9k J\u00e9zus szeretetr\u0151l sz\u00f3l\u00f3 szavait: &#8222;\u00daj parancsot adok nektek: Szeress\u00e9tek egym\u00e1st!&#8221;\u00a0 Ma is \u00e9rv\u00e9nyes \u00e9s ir\u00e1nyt mutat\u00f3 sz\u00e1munkra J\u00e9zusunk tan\u00edt\u00e1sa. Csakis a p\u00e9ld\u00e1ja szerinti, szeretetben meg\u00e9lt \u00e9let vezet el az egy\u00e9ni megdics\u0151\u00fcl\u00e9shez. A mennyorsz\u00e1gba csakis szeretet\u00fcnket vissz\u00fck magunkkal. \u00dagyis fogalmazhatn\u00e9k: meg\u00e9lt szeretet\u00fcnk visz el a mennyorsz\u00e1gba. \u00c9rdemes minden m\u00e1st\u00f3l id\u0151ben megszabadulni ezen az \u00faton! Kezd\u0151\u00e9nek: \u00c9nekeljetek az \u00darnak \u00faj \u00e9neket, mert csod\u00e1latos dolgokat cselekedett; kinyilatkoztatta az \u0151 igazs\u00e1g\u00e1t a nemzetek sz\u00edne el\u0151tt, alleluja! (V\u00f6. Zsolt 97,1-2) K\u00f6ny\u00f6rg\u00e9s: Mindenhat\u00f3, \u00f6r\u00f6k Isten, tedd t\u00f6k\u00e9letess\u00e9 benn\u00fcnk a h\u00fasv\u00e9ti szents\u00e9get, hogy akiket a szent kereszts\u00e9gben meg\u00faj\u00edtott\u00e1l, oltalmad alatt b\u0151 term\u00e9st hozzanak, \u00e9s eljussanak az \u00f6r\u00f6k boldogs\u00e1gra. A mi Urunk, J\u00e9zus Krisztus, a te Fiad \u00e1ltal, aki veled \u00e9l \u00e9s uralkodik a Szentl\u00e9lekkel egys\u00e9gben, Isten mind\u00f6r\u00f6kk\u00f6n \u00f6r\u00f6kk\u00e9. OLVASM\u00c1NY az Apostolok Cselekedeteib\u0151l (ApCsel 14,21b-27) P\u00e1l \u00e9s Barnab\u00e1s besz\u00e1mol arr\u00f3l, hogy milyen nagy dolgokat cselekedett vel\u00fck az \u00dar. Abban az id\u0151ben P\u00e1l \u00e9s Barnab\u00e1s (\u00fatra kelt Derb\u00e9be. Ebben a v\u00e1rosban is hirdett\u00e9k az evang\u00e9liumot, sok tan\u00edtv\u00e1nyt szereztek, majd) visszafordultak Lisztr\u00e1ba, Ik\u00f3niumba \u00e9s... R\u00e9szletek\" \/>\n<meta property=\"og:url\" content=\"https:\/\/stuttgarti-katolikusok.de\/index.php\/husvet-5-vasarnapja-3\/\" \/>\n<meta property=\"og:site_name\" content=\"Stuttgarti Katolikusok\" \/>\n<meta property=\"article:published_time\" content=\"2025-05-17T09:22:08+00:00\" \/>\n<meta property=\"article:modified_time\" content=\"2025-05-17T09:23:24+00:00\" \/>\n<meta property=\"og:image\" content=\"https:\/\/stuttgarti-katolikusok.de\/wp-content\/uploads\/2021\/04\/wine-3657275-1280.jpg\" \/>\n\t<meta property=\"og:image:width\" content=\"1280\" \/>\n\t<meta property=\"og:image:height\" content=\"853\" \/>\n\t<meta property=\"og:image:type\" content=\"image\/jpeg\" \/>\n<meta name=\"author\" content=\"Tibor atya\" \/>\n<meta name=\"twitter:card\" content=\"summary_large_image\" \/>\n<meta name=\"twitter:label1\" content=\"Szerz\u0151:\" \/>\n\t<meta name=\"twitter:data1\" content=\"Tibor atya\" \/>\n\t<meta name=\"twitter:label2\" content=\"Becs\u00fclt olvas\u00e1si id\u0151\" \/>\n\t<meta name=\"twitter:data2\" content=\"7 perc\" \/>\n<script type=\"application\/ld+json\" class=\"yoast-schema-graph\">{\"@context\":\"https:\\\/\\\/schema.org\",\"@graph\":[{\"@type\":\"Article\",\"@id\":\"https:\\\/\\\/stuttgarti-katolikusok.de\\\/index.php\\\/husvet-5-vasarnapja-3\\\/#article\",\"isPartOf\":{\"@id\":\"https:\\\/\\\/stuttgarti-katolikusok.de\\\/index.php\\\/husvet-5-vasarnapja-3\\\/\"},\"author\":{\"name\":\"Tibor atya\",\"@id\":\"https:\\\/\\\/stuttgarti-katolikusok.de\\\/#\\\/schema\\\/person\\\/75908d6f8fdc03a57889d27209df7795\"},\"headline\":\"H\u00fasv\u00e9t 5. vas\u00e1rnapja\",\"datePublished\":\"2025-05-17T09:22:08+00:00\",\"dateModified\":\"2025-05-17T09:23:24+00:00\",\"mainEntityOfPage\":{\"@id\":\"https:\\\/\\\/stuttgarti-katolikusok.de\\\/index.php\\\/husvet-5-vasarnapja-3\\\/\"},\"wordCount\":1663,\"image\":{\"@id\":\"https:\\\/\\\/stuttgarti-katolikusok.de\\\/index.php\\\/husvet-5-vasarnapja-3\\\/#primaryimage\"},\"thumbnailUrl\":\"https:\\\/\\\/stuttgarti-katolikusok.de\\\/wp-content\\\/uploads\\\/2021\\\/04\\\/wine-3657275-1280.jpg\",\"articleSection\":[\"A liturgia olvasm\u00e1nyai\",\"Vas\u00e1rnapi gondolatok\"],\"inLanguage\":\"hu\"},{\"@type\":\"WebPage\",\"@id\":\"https:\\\/\\\/stuttgarti-katolikusok.de\\\/index.php\\\/husvet-5-vasarnapja-3\\\/\",\"url\":\"https:\\\/\\\/stuttgarti-katolikusok.de\\\/index.php\\\/husvet-5-vasarnapja-3\\\/\",\"name\":\"H\u00fasv\u00e9t 5. vas\u00e1rnapja - Stuttgarti Katolikusok\",\"isPartOf\":{\"@id\":\"https:\\\/\\\/stuttgarti-katolikusok.de\\\/#website\"},\"primaryImageOfPage\":{\"@id\":\"https:\\\/\\\/stuttgarti-katolikusok.de\\\/index.php\\\/husvet-5-vasarnapja-3\\\/#primaryimage\"},\"image\":{\"@id\":\"https:\\\/\\\/stuttgarti-katolikusok.de\\\/index.php\\\/husvet-5-vasarnapja-3\\\/#primaryimage\"},\"thumbnailUrl\":\"https:\\\/\\\/stuttgarti-katolikusok.de\\\/wp-content\\\/uploads\\\/2021\\\/04\\\/wine-3657275-1280.jpg\",\"datePublished\":\"2025-05-17T09:22:08+00:00\",\"dateModified\":\"2025-05-17T09:23:24+00:00\",\"author\":{\"@id\":\"https:\\\/\\\/stuttgarti-katolikusok.de\\\/#\\\/schema\\\/person\\\/75908d6f8fdc03a57889d27209df7795\"},\"breadcrumb\":{\"@id\":\"https:\\\/\\\/stuttgarti-katolikusok.de\\\/index.php\\\/husvet-5-vasarnapja-3\\\/#breadcrumb\"},\"inLanguage\":\"hu\",\"potentialAction\":[{\"@type\":\"ReadAction\",\"target\":[\"https:\\\/\\\/stuttgarti-katolikusok.de\\\/index.php\\\/husvet-5-vasarnapja-3\\\/\"]}]},{\"@type\":\"ImageObject\",\"inLanguage\":\"hu\",\"@id\":\"https:\\\/\\\/stuttgarti-katolikusok.de\\\/index.php\\\/husvet-5-vasarnapja-3\\\/#primaryimage\",\"url\":\"https:\\\/\\\/stuttgarti-katolikusok.de\\\/wp-content\\\/uploads\\\/2021\\\/04\\\/wine-3657275-1280.jpg\",\"contentUrl\":\"https:\\\/\\\/stuttgarti-katolikusok.de\\\/wp-content\\\/uploads\\\/2021\\\/04\\\/wine-3657275-1280.jpg\",\"width\":1280,\"height\":853},{\"@type\":\"BreadcrumbList\",\"@id\":\"https:\\\/\\\/stuttgarti-katolikusok.de\\\/index.php\\\/husvet-5-vasarnapja-3\\\/#breadcrumb\",\"itemListElement\":[{\"@type\":\"ListItem\",\"position\":1,\"name\":\"Kezd\u0151lap\",\"item\":\"https:\\\/\\\/stuttgarti-katolikusok.de\\\/\"},{\"@type\":\"ListItem\",\"position\":2,\"name\":\"H\u00fasv\u00e9t 5. vas\u00e1rnapja\"}]},{\"@type\":\"WebSite\",\"@id\":\"https:\\\/\\\/stuttgarti-katolikusok.de\\\/#website\",\"url\":\"https:\\\/\\\/stuttgarti-katolikusok.de\\\/\",\"name\":\"Stuttgarti Katolikusok\",\"description\":\"\",\"potentialAction\":[{\"@type\":\"SearchAction\",\"target\":{\"@type\":\"EntryPoint\",\"urlTemplate\":\"https:\\\/\\\/stuttgarti-katolikusok.de\\\/?s={search_term_string}\"},\"query-input\":{\"@type\":\"PropertyValueSpecification\",\"valueRequired\":true,\"valueName\":\"search_term_string\"}}],\"inLanguage\":\"hu\"},{\"@type\":\"Person\",\"@id\":\"https:\\\/\\\/stuttgarti-katolikusok.de\\\/#\\\/schema\\\/person\\\/75908d6f8fdc03a57889d27209df7795\",\"name\":\"Tibor atya\",\"image\":{\"@type\":\"ImageObject\",\"inLanguage\":\"hu\",\"@id\":\"https:\\\/\\\/secure.gravatar.com\\\/avatar\\\/61d268e57d1f4525b111222e29d2d5a7f8c420fdbf231ba5566a8ceac74fa960?s=96&d=mm&r=g\",\"url\":\"https:\\\/\\\/secure.gravatar.com\\\/avatar\\\/61d268e57d1f4525b111222e29d2d5a7f8c420fdbf231ba5566a8ceac74fa960?s=96&d=mm&r=g\",\"contentUrl\":\"https:\\\/\\\/secure.gravatar.com\\\/avatar\\\/61d268e57d1f4525b111222e29d2d5a7f8c420fdbf231ba5566a8ceac74fa960?s=96&d=mm&r=g\",\"caption\":\"Tibor atya\"},\"url\":\"https:\\\/\\\/stuttgarti-katolikusok.de\\\/index.php\\\/author\\\/tibor-atya\\\/\"}]}<\/script>\n<!-- \/ Yoast SEO plugin. -->","yoast_head_json":{"title":"H\u00fasv\u00e9t 5. vas\u00e1rnapja - Stuttgarti Katolikusok","robots":{"index":"index","follow":"follow","max-snippet":"max-snippet:-1","max-image-preview":"max-image-preview:large","max-video-preview":"max-video-preview:-1"},"canonical":"https:\/\/stuttgarti-katolikusok.de\/index.php\/husvet-5-vasarnapja-3\/","og_locale":"hu_HU","og_type":"article","og_title":"H\u00fasv\u00e9t 5. vas\u00e1rnapja - Stuttgarti Katolikusok","og_description":"H\u00fasv\u00e9t 5. vas\u00e1rnapj\u00e1nak olvasm\u00e1nya Szent P\u00e1l apostol bels\u0151 \u00fatj\u00e1nak fontos \u00e1llom\u00e1s\u00e1t mutatja be megt\u00e9r\u00e9s\u00e9t k\u00f6vet\u0151en. Barnab\u00e1s volt az, aki kezess\u00e9get v\u00e1llalt \u00e9s ki\u00e1llt mellette. A keresztsz\u00fcl\u0151k, b\u00e9rmasz\u00fcl\u0151k egy\u00e9ni felel\u0151ss\u00e9g\u00e9t is megtestes\u00edti ez a t\u00f6rt\u00e9net. Az apostolok b\u00edzhatnak abban, hogy munk\u00e1juk v\u00e9gz\u00e9s\u00e9hez megkapj\u00e1k a Szentl\u00e9lek aj\u00e1nd\u00e9kait: a b\u00f6lcsess\u00e9g, az okoss\u00e1g \u00e9s lelkier\u0151 kegyelm\u00e9t. Ennek elnyer\u00e9s\u00e9\u00e9rt viszont nek\u00fcnk is mindent meg kell tenn\u00fcnk. \u00cdgy nyer \u00e9rtelmet a b\u00f6jt \u00e9s im\u00e1ds\u00e1g! Az \u00fcdv\u00f6ss\u00e9g hely\u00e9t, vagyis a &#8222;mennyei Jeruzs\u00e1lemet&#8221; J\u00e9zus Krisztus m\u00e1r ki\u00e9rdemelte sz\u00e1munkra. Most rajtunk a sor, hogy f\u00f6ldi \u00e9let\u00fcnk helyt\u00e1ll\u00e1s\u00e1val, tov\u00e1bb\u00e1 k\u00f6teless\u00e9geink h\u0171s\u00e9ges teljes\u00edt\u00e9s\u00e9vel m\u00e9lt\u00f3k legy\u00fcnk bel\u00e9pni az \u00fcdv\u00f6z\u00fcltek hon\u00e1ba. Az evang\u00e9liumi r\u00e9sz \u00e9rdekes m\u00f3d az utols\u00f3 vacsora term\u00e9be kalauzol el benn\u00fcnket. B\u00e1r sejtelmes form\u00e1ban, de J\u00e9zus a szenved\u00e9sen kereszt\u00fcl t\u00f6rt\u00e9n\u0151 megdics\u0151\u00fcl\u00e9s\u00e9r\u0151l besz\u00e9l. Nyilv\u00e1nval\u00f3, ott \u00e9s akkor mindebb\u0151l az apostolok semmit sem \u00e9rtettek meg. Azonban m\u00e9lyen sz\u00edv\u00fckben \u0151rizt\u00e9k J\u00e9zus szeretetr\u0151l sz\u00f3l\u00f3 szavait: &#8222;\u00daj parancsot adok nektek: Szeress\u00e9tek egym\u00e1st!&#8221;\u00a0 Ma is \u00e9rv\u00e9nyes \u00e9s ir\u00e1nyt mutat\u00f3 sz\u00e1munkra J\u00e9zusunk tan\u00edt\u00e1sa. Csakis a p\u00e9ld\u00e1ja szerinti, szeretetben meg\u00e9lt \u00e9let vezet el az egy\u00e9ni megdics\u0151\u00fcl\u00e9shez. A mennyorsz\u00e1gba csakis szeretet\u00fcnket vissz\u00fck magunkkal. \u00dagyis fogalmazhatn\u00e9k: meg\u00e9lt szeretet\u00fcnk visz el a mennyorsz\u00e1gba. \u00c9rdemes minden m\u00e1st\u00f3l id\u0151ben megszabadulni ezen az \u00faton! Kezd\u0151\u00e9nek: \u00c9nekeljetek az \u00darnak \u00faj \u00e9neket, mert csod\u00e1latos dolgokat cselekedett; kinyilatkoztatta az \u0151 igazs\u00e1g\u00e1t a nemzetek sz\u00edne el\u0151tt, alleluja! (V\u00f6. Zsolt 97,1-2) K\u00f6ny\u00f6rg\u00e9s: Mindenhat\u00f3, \u00f6r\u00f6k Isten, tedd t\u00f6k\u00e9letess\u00e9 benn\u00fcnk a h\u00fasv\u00e9ti szents\u00e9get, hogy akiket a szent kereszts\u00e9gben meg\u00faj\u00edtott\u00e1l, oltalmad alatt b\u0151 term\u00e9st hozzanak, \u00e9s eljussanak az \u00f6r\u00f6k boldogs\u00e1gra. A mi Urunk, J\u00e9zus Krisztus, a te Fiad \u00e1ltal, aki veled \u00e9l \u00e9s uralkodik a Szentl\u00e9lekkel egys\u00e9gben, Isten mind\u00f6r\u00f6kk\u00f6n \u00f6r\u00f6kk\u00e9. OLVASM\u00c1NY az Apostolok Cselekedeteib\u0151l (ApCsel 14,21b-27) P\u00e1l \u00e9s Barnab\u00e1s besz\u00e1mol arr\u00f3l, hogy milyen nagy dolgokat cselekedett vel\u00fck az \u00dar. Abban az id\u0151ben P\u00e1l \u00e9s Barnab\u00e1s (\u00fatra kelt Derb\u00e9be. Ebben a v\u00e1rosban is hirdett\u00e9k az evang\u00e9liumot, sok tan\u00edtv\u00e1nyt szereztek, majd) visszafordultak Lisztr\u00e1ba, Ik\u00f3niumba \u00e9s... R\u00e9szletek","og_url":"https:\/\/stuttgarti-katolikusok.de\/index.php\/husvet-5-vasarnapja-3\/","og_site_name":"Stuttgarti Katolikusok","article_published_time":"2025-05-17T09:22:08+00:00","article_modified_time":"2025-05-17T09:23:24+00:00","og_image":[{"width":1280,"height":853,"url":"https:\/\/stuttgarti-katolikusok.de\/wp-content\/uploads\/2021\/04\/wine-3657275-1280.jpg","type":"image\/jpeg"}],"author":"Tibor atya","twitter_card":"summary_large_image","twitter_misc":{"Szerz\u0151:":"Tibor atya","Becs\u00fclt olvas\u00e1si id\u0151":"7 perc"},"schema":{"@context":"https:\/\/schema.org","@graph":[{"@type":"Article","@id":"https:\/\/stuttgarti-katolikusok.de\/index.php\/husvet-5-vasarnapja-3\/#article","isPartOf":{"@id":"https:\/\/stuttgarti-katolikusok.de\/index.php\/husvet-5-vasarnapja-3\/"},"author":{"name":"Tibor atya","@id":"https:\/\/stuttgarti-katolikusok.de\/#\/schema\/person\/75908d6f8fdc03a57889d27209df7795"},"headline":"H\u00fasv\u00e9t 5. vas\u00e1rnapja","datePublished":"2025-05-17T09:22:08+00:00","dateModified":"2025-05-17T09:23:24+00:00","mainEntityOfPage":{"@id":"https:\/\/stuttgarti-katolikusok.de\/index.php\/husvet-5-vasarnapja-3\/"},"wordCount":1663,"image":{"@id":"https:\/\/stuttgarti-katolikusok.de\/index.php\/husvet-5-vasarnapja-3\/#primaryimage"},"thumbnailUrl":"https:\/\/stuttgarti-katolikusok.de\/wp-content\/uploads\/2021\/04\/wine-3657275-1280.jpg","articleSection":["A liturgia olvasm\u00e1nyai","Vas\u00e1rnapi gondolatok"],"inLanguage":"hu"},{"@type":"WebPage","@id":"https:\/\/stuttgarti-katolikusok.de\/index.php\/husvet-5-vasarnapja-3\/","url":"https:\/\/stuttgarti-katolikusok.de\/index.php\/husvet-5-vasarnapja-3\/","name":"H\u00fasv\u00e9t 5. vas\u00e1rnapja - Stuttgarti Katolikusok","isPartOf":{"@id":"https:\/\/stuttgarti-katolikusok.de\/#website"},"primaryImageOfPage":{"@id":"https:\/\/stuttgarti-katolikusok.de\/index.php\/husvet-5-vasarnapja-3\/#primaryimage"},"image":{"@id":"https:\/\/stuttgarti-katolikusok.de\/index.php\/husvet-5-vasarnapja-3\/#primaryimage"},"thumbnailUrl":"https:\/\/stuttgarti-katolikusok.de\/wp-content\/uploads\/2021\/04\/wine-3657275-1280.jpg","datePublished":"2025-05-17T09:22:08+00:00","dateModified":"2025-05-17T09:23:24+00:00","author":{"@id":"https:\/\/stuttgarti-katolikusok.de\/#\/schema\/person\/75908d6f8fdc03a57889d27209df7795"},"breadcrumb":{"@id":"https:\/\/stuttgarti-katolikusok.de\/index.php\/husvet-5-vasarnapja-3\/#breadcrumb"},"inLanguage":"hu","potentialAction":[{"@type":"ReadAction","target":["https:\/\/stuttgarti-katolikusok.de\/index.php\/husvet-5-vasarnapja-3\/"]}]},{"@type":"ImageObject","inLanguage":"hu","@id":"https:\/\/stuttgarti-katolikusok.de\/index.php\/husvet-5-vasarnapja-3\/#primaryimage","url":"https:\/\/stuttgarti-katolikusok.de\/wp-content\/uploads\/2021\/04\/wine-3657275-1280.jpg","contentUrl":"https:\/\/stuttgarti-katolikusok.de\/wp-content\/uploads\/2021\/04\/wine-3657275-1280.jpg","width":1280,"height":853},{"@type":"BreadcrumbList","@id":"https:\/\/stuttgarti-katolikusok.de\/index.php\/husvet-5-vasarnapja-3\/#breadcrumb","itemListElement":[{"@type":"ListItem","position":1,"name":"Kezd\u0151lap","item":"https:\/\/stuttgarti-katolikusok.de\/"},{"@type":"ListItem","position":2,"name":"H\u00fasv\u00e9t 5. vas\u00e1rnapja"}]},{"@type":"WebSite","@id":"https:\/\/stuttgarti-katolikusok.de\/#website","url":"https:\/\/stuttgarti-katolikusok.de\/","name":"Stuttgarti Katolikusok","description":"","potentialAction":[{"@type":"SearchAction","target":{"@type":"EntryPoint","urlTemplate":"https:\/\/stuttgarti-katolikusok.de\/?s={search_term_string}"},"query-input":{"@type":"PropertyValueSpecification","valueRequired":true,"valueName":"search_term_string"}}],"inLanguage":"hu"},{"@type":"Person","@id":"https:\/\/stuttgarti-katolikusok.de\/#\/schema\/person\/75908d6f8fdc03a57889d27209df7795","name":"Tibor atya","image":{"@type":"ImageObject","inLanguage":"hu","@id":"https:\/\/secure.gravatar.com\/avatar\/61d268e57d1f4525b111222e29d2d5a7f8c420fdbf231ba5566a8ceac74fa960?s=96&d=mm&r=g","url":"https:\/\/secure.gravatar.com\/avatar\/61d268e57d1f4525b111222e29d2d5a7f8c420fdbf231ba5566a8ceac74fa960?s=96&d=mm&r=g","contentUrl":"https:\/\/secure.gravatar.com\/avatar\/61d268e57d1f4525b111222e29d2d5a7f8c420fdbf231ba5566a8ceac74fa960?s=96&d=mm&r=g","caption":"Tibor atya"},"url":"https:\/\/stuttgarti-katolikusok.de\/index.php\/author\/tibor-atya\/"}]}},"_links":{"self":[{"href":"https:\/\/stuttgarti-katolikusok.de\/index.php\/wp-json\/wp\/v2\/posts\/30960","targetHints":{"allow":["GET"]}}],"collection":[{"href":"https:\/\/stuttgarti-katolikusok.de\/index.php\/wp-json\/wp\/v2\/posts"}],"about":[{"href":"https:\/\/stuttgarti-katolikusok.de\/index.php\/wp-json\/wp\/v2\/types\/post"}],"author":[{"embeddable":true,"href":"https:\/\/stuttgarti-katolikusok.de\/index.php\/wp-json\/wp\/v2\/users\/3"}],"replies":[{"embeddable":true,"href":"https:\/\/stuttgarti-katolikusok.de\/index.php\/wp-json\/wp\/v2\/comments?post=30960"}],"version-history":[{"count":2,"href":"https:\/\/stuttgarti-katolikusok.de\/index.php\/wp-json\/wp\/v2\/posts\/30960\/revisions"}],"predecessor-version":[{"id":30962,"href":"https:\/\/stuttgarti-katolikusok.de\/index.php\/wp-json\/wp\/v2\/posts\/30960\/revisions\/30962"}],"wp:featuredmedia":[{"embeddable":true,"href":"https:\/\/stuttgarti-katolikusok.de\/index.php\/wp-json\/wp\/v2\/media\/21755"}],"wp:attachment":[{"href":"https:\/\/stuttgarti-katolikusok.de\/index.php\/wp-json\/wp\/v2\/media?parent=30960"}],"wp:term":[{"taxonomy":"category","embeddable":true,"href":"https:\/\/stuttgarti-katolikusok.de\/index.php\/wp-json\/wp\/v2\/categories?post=30960"},{"taxonomy":"post_tag","embeddable":true,"href":"https:\/\/stuttgarti-katolikusok.de\/index.php\/wp-json\/wp\/v2\/tags?post=30960"}],"curies":[{"name":"wp","href":"https:\/\/api.w.org\/{rel}","templated":true}]}}