{"id":30943,"date":"2025-05-10T07:28:29","date_gmt":"2025-05-10T05:28:29","guid":{"rendered":"https:\/\/stuttgarti-katolikusok.de\/?p=30943"},"modified":"2025-05-10T07:28:29","modified_gmt":"2025-05-10T05:28:29","slug":"husvet-4-vasarnapja-konyorgonap-papi-hivatasokert","status":"publish","type":"post","link":"https:\/\/stuttgarti-katolikusok.de\/index.php\/husvet-4-vasarnapja-konyorgonap-papi-hivatasokert\/","title":{"rendered":"H\u00fasv\u00e9t 4. vas\u00e1rnapja \u2013 K\u00f6ny\u00f6rg\u0151nap papi hivat\u00e1sok\u00e9rt"},"content":{"rendered":"<p><span style=\"color: #ff6600;\"><em>&#8222;Habemus Papam!&#8221; XIV. Le\u00f3 p\u00e1pa szem\u00e9ly\u00e9ben \u00faj vezet\u0151je, p\u00e1sztora van Egyh\u00e1zunknak.\u00a0<\/em><\/span><\/p>\n<p><span style=\"color: #ff6600;\"><em>Bek\u00f6sz\u00f6n\u0151 besz\u00e9d\u00e9ben els\u0151k\u00e9nt a felt\u00e1madt \u00fcdv\u00f6z\u00edt\u0151, J\u00e9zus Krisztus szavaival sz\u00f3l\u00edtotta meg az egybegy\u0171lteket: &#8222;B\u00e9kess\u00e9g veletek!&#8221; Ezzel kijel\u00f6lte f\u0151p\u00e1sztori feladat\u00e1nak legf\u0151bb csap\u00e1svonal\u00e1t. El\u0151dj\u00e9hez, Ferenc p\u00e1p\u00e1hoz hasonl\u00f3an, a b\u00e9ke k\u00f6vetek\u00e9nt teljes\u00edti majd f\u0151p\u00e1sztori k\u00fcldet\u00e9s\u00e9t.<\/em><\/span><\/p>\n<p><span style=\"color: #ff6600;\"><em>N\u00e9vv\u00e1laszt\u00e1sa pedig, XIV. Le\u00f3 p\u00e1pa, egy\u00e9rtelm\u0171 utal\u00e1s, hogy XIII. Le\u00f3 p\u00e1pa szellemi ut\u00f3dja is k\u00edv\u00e1n lenni. XIII. Le\u00f3 p\u00e1pa 1891-ben kiadott &#8222;Rerum novarum&#8221; enciklik\u00e1ja a modern t\u00e1rsadalmi tan\u00edt\u00e1s alapjait fektette le, amely mind a mai napig ir\u00e1nytmutat\u00f3. A munk\u00e1hoz val\u00f3 jog, igazs\u00e1gos b\u00e9rez\u00e9s, megannyi, ma is aktu\u00e1lis k\u00e9rd\u00e9s, amely v\u00e1laszra v\u00e1r. Erd\u0151 P\u00e9ter b\u00edboros \u00far els\u0151 hivatalos interj\u00faj\u00e1ban a p\u00e1pav\u00e1laszt\u00e1si konkl\u00e1v\u00e9t k\u00f6vet\u0151en eml\u00edtette, hogy XIV. Le\u00f3 p\u00e1pa m\u00e1r fel is h\u00edvta figyelm\u00fcket az egyik legnagyobb jelenkori kih\u00edv\u00e1sra, amelyet a mesters\u00e9ges intelligencia jelent korunk embere sz\u00e1m\u00e1ra.\u00a0 <\/em><\/span><\/p>\n<p><span style=\"color: #ff6600;\"><em>Tov\u00e1bb\u00e1 arr\u00f3l sem feledkezhet\u00fcnk meg, hogy sz\u00f3lt Egyh\u00e1zunk egyik fontos k\u00fcldet\u00e9s\u00e9r\u0151l: h\u00eddd\u00e1 v\u00e1lni. Ez az\u00e9rt is \u00e9rdekes gondolat, mert ezt az \u00fczenetet Ferenc p\u00e1pa fogalmazta meg hangs\u00falyos form\u00e1ban 2023-ban, amikor Budapestre l\u00e1togatott. Budapest, mint a hidak v\u00e1rosa, tekinthet\u0151 egyfajta szimb\u00f3lumnak is. Egyh\u00e1zunknak ilyen hidd\u00e1 kell v\u00e1lnia tov\u00e1bbra is jelen vil\u00e1gunkban. Kapcsolatot \u00e9s \u00e1tk\u00f6t\u00e9st jelent a m\u00falt \u00e9rt\u00e9kei \u00e9s hagyom\u00e1nyai, gy\u00f6kerei, tov\u00e1bb\u00e1 a j\u00f6v\u0151re nyitott \u00faj elv\u00e1r\u00e1sok \u00e9s kih\u00edv\u00e1sok k\u00f6z\u00f6tt.\u00a0<\/em><\/span><\/p>\n<p><span style=\"color: #ff6600;\">Kezd\u0151\u00e9nek:<\/span><br \/>\nAz \u00dar irgalma bet\u00f6lti a f\u00f6ldet, az \u00dar szav\u00e1ra lettek az egek, alleluja! (V\u00f6. Zsolt 32,5-6)<\/p>\n<p><span style=\"color: #ff6600;\">K\u00f6ny\u00f6rg\u00e9s:<\/span><br \/>\nMindenhat\u00f3, \u00f6r\u00f6k Isten, vezess minket a mennyorsz\u00e1g boldog k\u00f6z\u00f6ss\u00e9g\u00e9be. Jusson el h\u00edveid gy\u00f6nge ny\u00e1ja oda, ahov\u00e1 el\u0151tt\u00fcnk ment J\u00e9zus, a mi er\u0151s P\u00e1sztorunk. A mi Urunk, J\u00e9zus Krisztus, a te Fiad \u00e1ltal, aki veled \u00e9l \u00e9s uralkodik a Szentl\u00e9lekkel egys\u00e9gben, Isten mind\u00f6r\u00f6kk\u00f6n \u00f6r\u00f6kk\u00e9.<\/p>\n<p><span style=\"color: #ff6600;\">OLVASM\u00c1NY az Apostolok Cselekedeteib\u0151l (ApCsel 13,14.43-52)<\/span><br \/>\n<em>P\u00e1l \u00e9s Barnab\u00e1s a pog\u00e1nyok k\u00f6z\u00f6tt is kezdi hirdetni az evang\u00e9liumot.<\/em><br \/>\nAbban az id\u0151ben P\u00e1l \u00e9s Barnab\u00e1s Perg\u00e9n kereszt\u00fcl eljutott a pizidiai Antiochi\u00e1ba. Itt egy szombaton bementek a zsinag\u00f3g\u00e1ba, \u00e9s le\u00fcltek.<br \/>\nAmikor a gy\u00fclekezet sz\u00e9toszlott, a zsid\u00f3k \u00e9s az istenf\u00e9l\u0151 j\u00f6vev\u00e9nyek k\u00f6z\u00fcl sokan P\u00e1l \u00e9s Barnab\u00e1s nyom\u00e1ba szeg\u0151dtek. Ezeket arra biztatt\u00e1k, hogy tartsanak ki az Isten kegyelm\u00e9ben.<br \/>\nA k\u00f6vetkez\u0151 szombaton csaknem az eg\u00e9sz v\u00e1ros \u00f6sszegy\u0171lt, hogy hallja az Isten szav\u00e1t. Amikor a zsid\u00f3k megl\u00e1tt\u00e1k a nagy t\u00f6meget, irigys\u00e9g fogta el \u0151ket, s r\u00e1galmakat sz\u00f3rva pr\u00f3b\u00e1lt\u00e1k P\u00e1l szavait meghazudtolni.<br \/>\nDe P\u00e1l \u00e9s Barnab\u00e1s b\u00e1tran megfeleltek nekik: \u201eEl\u0151sz\u00f6r nektek kellett hirdetn\u00fcnk az Isten szav\u00e1t. De mert visszautas\u00edtott\u00e1tok \u00e9s m\u00e9ltatlannak \u00edt\u00e9lt\u00e9tek magatokat az \u00f6r\u00f6k \u00e9letre, most a pog\u00e1nyokhoz fordulunk. Ezt a parancsot adta nek\u00fcnk az \u00dar: \u00bbA pog\u00e1nyok vil\u00e1goss\u00e1g\u00e1v\u00e1 tettelek, hogy \u00fcdv\u00f6ss\u00e9g\u00fck l\u00e9gy eg\u00e9szen a f\u00f6ld v\u00e9gs\u0151 hat\u00e1r\u00e1ig.\u00ab\u201d<br \/>\nAmikor a pog\u00e1nyok ezt meghallott\u00e1k, \u00f6r\u00fcltek, magasztalt\u00e1k az Isten szav\u00e1t, \u00e9s hittek is mind, akik az \u00f6r\u00f6k \u00e9letre voltak rendelve. Elterjedt az \u00dar szava az eg\u00e9sz k\u00f6rny\u00e9ken.<br \/>\nA zsid\u00f3k azonban felbujtatt\u00e1k az el\u0151kel\u0151 vall\u00e1sos asszonyokat meg a v\u00e1ros tekint\u00e9lyesebb f\u00e9rfiait, \u00e9s \u00fcld\u00f6z\u00e9st sz\u00edtva P\u00e1l \u00e9s Barnab\u00e1s ellen, el\u0171zt\u00e9k \u0151ket a vid\u00e9kr\u0151l.<br \/>\n\u0150k \u2013 bizonys\u00e1gul ellen\u00fck \u2013 ler\u00e1zt\u00e1k l\u00e1bukr\u00f3l a port, \u00e9s Ik\u00f3niumba mentek. A tan\u00edtv\u00e1nyokat elt\u00f6lt\u00f6tte az \u00f6r\u00f6m \u00e9s a Szentl\u00e9lek.<br \/>\nEz az Isten ig\u00e9je.<\/p>\n<p><span style=\"color: #ff6600;\">V\u00c1LASZOS ZSOLT\u00c1R (Zsolt 99,2.3.5)<\/span><br \/>\nV\u00e1lasz:\u00a0<strong>Mi az \u0151 n\u00e9pe vagyunk, * \u00e9s legel\u0151j\u00e9nek ny\u00e1ja.<\/strong>\u00a03c. vers. (1. t\u00f3nus)<br \/>\nVagy:\u00a0<strong>Alleluja, alleluja, alleluja.<\/strong>\u00a01. sz\u00e1m.<br \/>\nEl\u0151\u00e9nekes: Ujjongjatok az \u00darnak, minden f\u00f6ldek, * szolg\u00e1ljatok az \u00darnak vigass\u00e1ggal!<br \/>\nJ\u00e1ruljatok sz\u00edne el\u00e9, * vid\u00e1m \u00e9neksz\u00f3val.<br \/>\nH\u00edvek: Mi az \u0151 n\u00e9pe vagyunk, * \u00e9s legel\u0151j\u00e9nek ny\u00e1ja.<br \/>\nVagy: Alleluja, alleluja, alleluja.<br \/>\nE: Tudj\u00e1tok meg, hogy az \u00dar az Isten, * \u00f6v\u00e9 vagyunk, \u0151 alkotott minket.<br \/>\nAz \u0151 n\u00e9pe vagyunk, * legel\u0151j\u00e9nek ny\u00e1ja.<br \/>\nH: Mi az \u0151 n\u00e9pe vagyunk, * \u00e9s legel\u0151j\u00e9nek ny\u00e1ja.<br \/>\nVagy: Alleluja, alleluja, alleluja.<br \/>\nE: Val\u00f3ban j\u00f3 az \u00dar, \u2020 irgalma \u00f6r\u00f6kk\u00e9 megmarad, * \u00e9s h\u0171s\u00e9ge nemzed\u00e9kr\u0151l nemzed\u00e9kre.<br \/>\nH: Mi az \u0151 n\u00e9pe vagyunk, * \u00e9s legel\u0151j\u00e9nek ny\u00e1ja.<br \/>\nVagy: Alleluja, alleluja, alleluja.<\/p>\n<p><span style=\"color: #ff6600;\">SZENTLECKE a Jelen\u00e9sek k\u00f6nyv\u00e9b\u0151l (Jel 7,9.14b-17)<\/span><br \/>\n<em>A B\u00e1r\u00e1ny, aki a tr\u00f3n k\u00f6zep\u00e9n \u00e1ll, legelteti \u00e9s az \u00e9l\u0151 vizek forr\u00e1s\u00e1hoz tereli \u0151ket:<\/em><br \/>\n\u00c9n, J\u00e1nos, akkora sereget l\u00e1ttam, hogy meg sem lehetett sz\u00e1ml\u00e1lni. Minden nemzetb\u0151l \u00e9s t\u00f6rzsb\u0151l, n\u00e9pb\u0151l \u00e9s nyelvb\u0151l \u00e1lltak ott a tr\u00f3n \u00e9s a B\u00e1r\u00e1ny el\u0151tt. Feh\u00e9r ruh\u00e1ban voltak, a kez\u00fckben p\u00e1lma\u00e1ggal.<br \/>\nEkkor a v\u00e9nek k\u00f6z\u00fcl az egyik megsz\u00f3l\u00edtott, \u00e9s azt mondta: \u201eEzek a nagy szorongattat\u00e1sb\u00f3l j\u00f6ttek. Ruh\u00e1jukat feh\u00e9rre most\u00e1k a B\u00e1r\u00e1ny v\u00e9r\u00e9ben.<br \/>\nEz\u00e9rt \u00e1llnak Isten tr\u00f3nja el\u0151tt, s \u00e9jjel-nappal szolg\u00e1lnak neki a templomban. A tr\u00f3non \u00fcl\u0151 oltalmat ny\u00fajt nekik. Nem \u00e9heznek \u00e9s nem szomjaznak t\u00f6bb\u00e9, a nap nem \u00e9geti \u0151ket, sem m\u00e1sfajta h\u0151s\u00e9g.<br \/>\nMert a B\u00e1r\u00e1ny, aki a kir\u00e1lyi tr\u00f3non \u00fcl, legelteti \u00e9s az \u00e9l\u0151 vizek forr\u00e1s\u00e1hoz tereli \u0151ket. Isten pedig let\u00f6r\u00f6l a szem\u00fckr\u0151l minden k\u00f6nnyet.\u201d<br \/>\nEz az Isten ig\u00e9je.<\/p>\n<p><span style=\"color: #ff6600;\">ALLELUJA<\/span><br \/>\nJ\u00e9zus mondja: \u2020 \u201e\u00c9n vagyok a j\u00f3 P\u00e1sztor, * ismerem juhaimat, \u00e9s juhaim ismernek engem.\u201d Jn 10,14 \u2013 8 G. t\u00f3nus.<\/p>\n<p><span style=\"color: #ff6600;\">\u2020 EVANG\u00c9LIUM Szent J\u00e1nos k\u00f6nyv\u00e9b\u0151l (Jn 10,27-30)<\/span><br \/>\n<em>Juhaimnak \u00f6r\u00f6k \u00e9letet adok.<\/em><br \/>\nAbban az id\u0151ben J\u00e9zus ezt mondta tan\u00edtv\u00e1nyainak: \u201eJuhaim hallgatnak szavamra. Ismerem \u0151ket, \u00e9s \u0151k k\u00f6vetnek engem. \u00d6r\u00f6k \u00e9letet adok nekik, nem vesznek el soha, \u00e9s senki nem ragadja ki \u0151ket kezemb\u0151l.<br \/>\nAty\u00e1m, aki nekem adta \u0151ket, nagyobb mindenkin\u00e9l: Aty\u00e1m kez\u00e9b\u0151l nem ragadhat ki senki semmit. \u00c9n \u00e9s az Atya egy vagyunk.\u201d<br \/>\nEzek az evang\u00e9lium ig\u00e9i.<\/p>\n<p><span style=\"color: #ff6600;\">EGYETEMES K\u00d6NY\u00d6RG\u00c9SEK<\/span><br \/>\nPap: Im\u00e1dkozzunk, testv\u00e9reim, Krisztushoz, \u00f6r\u00f6k F\u0151papunkhoz, aki j\u00f3 P\u00e1sztork\u00e9nt j\u00f6tt el k\u00f6z\u00e9nk, hogy orsz\u00e1g\u00e1ba h\u00edvjon minket!<br \/>\nLektor: 1. \u00c1ldd meg, Urunk, XIV. Le\u00f3 p\u00e1p\u00e1t, f\u0151p\u00e1sztorainkat \u00e9s papjainkat, hogy a j\u00f3 P\u00e1sztor \u00e1ldozatoss\u00e1g\u00e1val vezess\u00e9k a r\u00e1juk b\u00edzottakat!<br \/>\nH\u00edvek: K\u00e9r\u00fcnk T\u00e9ged, hallgass meg minket!<br \/>\n2. L\u00e9gy, Urunk, j\u00f3 P\u00e1sztora az eg\u00e9sz vil\u00e1gnak, hogy b\u00e9k\u00e9ben \u00e9ljenek a nemzetek!<br \/>\nH\u00edvek: K\u00e9r\u00fcnk T\u00e9ged, hallgass meg minket!<br \/>\n3. Vezesd egys\u00e9gre ny\u00e1jadat, hogy egy akol legyen \u00e9s egy P\u00e1sztor!<br \/>\nH\u00edvek: K\u00e9r\u00fcnk T\u00e9ged, hallgass meg minket!<br \/>\n4. \u00c1ldd meg, Urunk, a kereszt\u00e9ny csal\u00e1dokat, \u00e9s t\u00e1massz bel\u0151l\u00fck szent papi \u00e9s szerzetesi hivat\u00e1sokat!<br \/>\nH\u00edvek: K\u00e9r\u00fcnk T\u00e9ged, hallgass meg minket!<br \/>\n5. Adj er\u0151t a fiataloknak, akiket szolg\u00e1latodra kiv\u00e1lasztott\u00e1l, hogy felel\u0151ss\u00e9gteljesen elfogadj\u00e1k \u00e9s \u0151rizz\u00e9k a hivat\u00e1s kegyelm\u00e9t!<br \/>\nH\u00edvek: K\u00e9r\u00fcnk T\u00e9ged, hallgass meg minket!<br \/>\nPap: Urunk \u00e9s Isten\u00fcnk! Te, a j\u00f3 P\u00e1sztor, \u00e9letedet adtad \u00e9rett\u00fcnk. Add, hogy sokan k\u00f6vess\u00e9k h\u00edv\u00f3 szavadat, \u00e9s a te \u00e1ldozatos szereteteddel dolgozzanak a lelkek\u00e9rt. Aki \u00e9lsz \u00e9s uralkodol mind\u00f6r\u00f6kk\u00f6n-\u00f6r\u00f6kk\u00e9.<br \/>\nH\u00edvek: \u00c1men.<\/p>\n<p><span style=\"color: #ff6600;\">Felaj\u00e1nl\u00f3 k\u00f6ny\u00f6rg\u00e9s:<\/span><br \/>\nUrunk, Isten\u00fcnk, seg\u00edts minket, hogy mindenkor h\u00e1l\u00e1t adjunk a h\u00fasv\u00e9ti miszt\u00e9riumok \u00e1ltal, \u00e9s megv\u00e1lt\u00e1sunk folytonosan hat\u00f3 kegyelme sz\u00fcntelen \u00f6rvendez\u00e9s forr\u00e1sa legyen benn\u00fcnk. Krisztus, a mi Urunk \u00e1ltal.<\/p>\n<p><span style=\"color: #ff6600;\">Pref\u00e1ci\u00f3:<\/span><br \/>\nAz \u00dar legyen veletek.<br \/>\nH.: \u00c9s a te lelkeddel.<br \/>\nEmelj\u00fck f\u00f6l sz\u00edv\u00fcnket.<br \/>\nH.: F\u00f6lemelt\u00fck az \u00darhoz.<br \/>\nAdjunk h\u00e1l\u00e1t Urunknak, Isten\u00fcnknek.<br \/>\nH.: M\u00e9lt\u00f3 \u00e9s igazs\u00e1gos.<br \/>\n(Mert) Val\u00f3ban m\u00e9lt\u00f3 \u00e9s igazs\u00e1gos, ill\u0151 \u00e9s \u00fcdv\u00f6s, hogy minden id\u0151ben magasztaljunk, Urunk, t\u00e9ged, de k\u00fcl\u00f6n\u00f6sen ezen a szent \u00fcnnepen, \u2013 mid\u0151n \u00e1ldozatt\u00e1 lett \u00e9rt\u00fcnk KRISZtus, a H\u00fasv\u00e9ti B\u00e1r\u00e1ny.<br \/>\nMert \u0151 az igazi B\u00e1r\u00e1ny, aki elvette a vil\u00e1g b\u0171neit, \u2013 hal\u00e1lunkat hal\u00e1l\u00e1val MEGt\u00f6rte, \u00e9s felt\u00e1mad\u00e1s\u00e1val \u00faj \u00e9letet szerzett n\u00e9k\u00fcnk.<br \/>\nA h\u00fasv\u00e9ti \u00f6r\u00f6m ez\u00e9rt ki\u00e1rad az eg\u00e9sz f\u00f6ldre, a nagyvil\u00e1g \u00f6rvendezve ujjong, a mennyei er\u0151k \u00e9s a hatalmas angyalok, \u2013 (a te) dics\u0151s\u00e9ged himnusz\u00e1t ZENgik, \u00e9s v\u00e9g n\u00e9lk\u00fcl mondj\u00e1k (\u00e9neklik):<\/p>\n<p><span style=\"color: #ff6600;\">\u00c1ldoz\u00e1si \u00e9nek:<\/span><br \/>\nFelt\u00e1madt a j\u00f3 P\u00e1sztor, aki \u00e9let\u00e9t adta juhai\u00e9rt \u00e9s meghalt az \u0151 ny\u00e1j\u00e1\u00e9rt, alleluja.<\/p>\n<p><span style=\"color: #ff6600;\">\u00c1ldoz\u00e1s ut\u00e1ni k\u00f6ny\u00f6rg\u00e9s:<\/span><br \/>\nJ\u00f3 P\u00e1sztorunk, tekints kegyesen ny\u00e1jadra, \u00e9s juhaidat, akiket Fiad dr\u00e1ga v\u00e9r\u00e9n megv\u00e1ltott\u00e1l, vezesd az \u00f6r\u00f6k \u00e9let orsz\u00e1g\u00e1ba. Krisztus, a mi Urunk \u00e1ltal.<\/p>\n<p><em>(K\u00e9p forr\u00e1sa: Magyar Kur\u00edr &#8211; Vatican News)<\/em><\/p>\n","protected":false},"excerpt":{"rendered":"<p>&#8222;Habemus Papam!&#8221; XIV. Le\u00f3 p\u00e1pa szem\u00e9ly\u00e9ben \u00faj vezet\u0151je, p\u00e1sztora van Egyh\u00e1zunknak.\u00a0 Bek\u00f6sz\u00f6n\u0151 besz\u00e9d\u00e9ben els\u0151k\u00e9nt a felt\u00e1madt \u00fcdv\u00f6z\u00edt\u0151, J\u00e9zus Krisztus szavaival sz\u00f3l\u00edtotta meg az egybegy\u0171lteket: &#8222;B\u00e9kess\u00e9g veletek!&#8221; Ezzel kijel\u00f6lte f\u0151p\u00e1sztori feladat\u00e1nak legf\u0151bb csap\u00e1svonal\u00e1t. El\u0151dj\u00e9hez, Ferenc p\u00e1p\u00e1hoz hasonl\u00f3an, a b\u00e9ke k\u00f6vetek\u00e9nt teljes\u00edti majd f\u0151p\u00e1sztori k\u00fcldet\u00e9s\u00e9t. N\u00e9vv\u00e1laszt\u00e1sa pedig, XIV. Le\u00f3 p\u00e1pa, egy\u00e9rtelm\u0171 utal\u00e1s, hogy XIII. Le\u00f3 p\u00e1pa szellemi ut\u00f3dja is k\u00edv\u00e1n lenni. XIII. Le\u00f3 p\u00e1pa 1891-ben kiadott &#8222;Rerum novarum&#8221; enciklik\u00e1ja a modern t\u00e1rsadalmi tan\u00edt\u00e1s alapjait fektette le, amely mind a mai napig ir\u00e1nytmutat\u00f3. A munk\u00e1hoz val\u00f3 jog, igazs\u00e1gos b\u00e9rez\u00e9s, megannyi, ma is aktu\u00e1lis k\u00e9rd\u00e9s, amely v\u00e1laszra v\u00e1r. Erd\u0151 P\u00e9ter b\u00edboros \u00far els\u0151 hivatalos interj\u00faj\u00e1ban a p\u00e1pav\u00e1laszt\u00e1si konkl\u00e1v\u00e9t k\u00f6vet\u0151en eml\u00edtette, hogy XIV. Le\u00f3 p\u00e1pa m\u00e1r fel is h\u00edvta figyelm\u00fcket az egyik legnagyobb jelenkori kih\u00edv\u00e1sra, amelyet a mesters\u00e9ges intelligencia jelent korunk embere sz\u00e1m\u00e1ra.\u00a0 Tov\u00e1bb\u00e1 arr\u00f3l sem feledkezhet\u00fcnk meg, hogy sz\u00f3lt Egyh\u00e1zunk egyik fontos k\u00fcldet\u00e9s\u00e9r\u0151l: h\u00eddd\u00e1 v\u00e1lni. Ez az\u00e9rt is \u00e9rdekes gondolat, mert ezt az \u00fczenetet Ferenc p\u00e1pa fogalmazta meg hangs\u00falyos form\u00e1ban 2023-ban, amikor Budapestre l\u00e1togatott. Budapest, mint a hidak v\u00e1rosa, tekinthet\u0151 egyfajta szimb\u00f3lumnak is. Egyh\u00e1zunknak ilyen hidd\u00e1 kell v\u00e1lnia tov\u00e1bbra is jelen vil\u00e1gunkban. Kapcsolatot \u00e9s \u00e1tk\u00f6t\u00e9st jelent a m\u00falt \u00e9rt\u00e9kei \u00e9s hagyom\u00e1nyai, gy\u00f6kerei, tov\u00e1bb\u00e1 a j\u00f6v\u0151re nyitott \u00faj elv\u00e1r\u00e1sok \u00e9s kih\u00edv\u00e1sok k\u00f6z\u00f6tt.\u00a0 Kezd\u0151\u00e9nek: Az \u00dar irgalma bet\u00f6lti a f\u00f6ldet, az \u00dar szav\u00e1ra lettek az egek, alleluja! (V\u00f6. Zsolt 32,5-6) K\u00f6ny\u00f6rg\u00e9s: Mindenhat\u00f3, \u00f6r\u00f6k Isten, vezess minket a mennyorsz\u00e1g boldog k\u00f6z\u00f6ss\u00e9g\u00e9be. Jusson el h\u00edveid gy\u00f6nge ny\u00e1ja oda, ahov\u00e1 el\u0151tt\u00fcnk ment J\u00e9zus, a mi er\u0151s P\u00e1sztorunk. A mi Urunk, J\u00e9zus Krisztus, a te Fiad \u00e1ltal, aki veled \u00e9l \u00e9s uralkodik a Szentl\u00e9lekkel egys\u00e9gben, Isten mind\u00f6r\u00f6kk\u00f6n \u00f6r\u00f6kk\u00e9. OLVASM\u00c1NY az Apostolok Cselekedeteib\u0151l (ApCsel 13,14.43-52) P\u00e1l \u00e9s Barnab\u00e1s a pog\u00e1nyok k\u00f6z\u00f6tt is kezdi hirdetni az evang\u00e9liumot. Abban az id\u0151ben P\u00e1l \u00e9s Barnab\u00e1s Perg\u00e9n kereszt\u00fcl eljutott a pizidiai Antiochi\u00e1ba. Itt egy szombaton bementek a zsinag\u00f3g\u00e1ba, \u00e9s le\u00fcltek. Amikor a gy\u00fclekezet sz\u00e9toszlott, a&#8230; <\/p>\n<p><a class=\"readmore\" href=\"https:\/\/stuttgarti-katolikusok.de\/index.php\/husvet-4-vasarnapja-konyorgonap-papi-hivatasokert\/\">R\u00e9szletek<\/a><\/p>\n","protected":false},"author":3,"featured_media":30944,"comment_status":"closed","ping_status":"closed","sticky":false,"template":"","format":"standard","meta":{"footnotes":""},"categories":[85,63],"tags":[],"class_list":["post-30943","post","type-post","status-publish","format-standard","has-post-thumbnail","hentry","category-a-liturgia-olvasmanyai","category-vasarnapi-gondolatok"],"yoast_head":"<!-- This site is optimized with the Yoast SEO plugin v27.3 - https:\/\/yoast.com\/product\/yoast-seo-wordpress\/ -->\n<title>H\u00fasv\u00e9t 4. vas\u00e1rnapja \u2013 K\u00f6ny\u00f6rg\u0151nap papi hivat\u00e1sok\u00e9rt - Stuttgarti Katolikusok<\/title>\n<meta name=\"robots\" content=\"index, follow, max-snippet:-1, max-image-preview:large, max-video-preview:-1\" \/>\n<link rel=\"canonical\" href=\"https:\/\/stuttgarti-katolikusok.de\/index.php\/husvet-4-vasarnapja-konyorgonap-papi-hivatasokert\/\" \/>\n<meta property=\"og:locale\" content=\"hu_HU\" \/>\n<meta property=\"og:type\" content=\"article\" \/>\n<meta property=\"og:title\" content=\"H\u00fasv\u00e9t 4. vas\u00e1rnapja \u2013 K\u00f6ny\u00f6rg\u0151nap papi hivat\u00e1sok\u00e9rt - Stuttgarti Katolikusok\" \/>\n<meta property=\"og:description\" content=\"&#8222;Habemus Papam!&#8221; XIV. Le\u00f3 p\u00e1pa szem\u00e9ly\u00e9ben \u00faj vezet\u0151je, p\u00e1sztora van Egyh\u00e1zunknak.\u00a0 Bek\u00f6sz\u00f6n\u0151 besz\u00e9d\u00e9ben els\u0151k\u00e9nt a felt\u00e1madt \u00fcdv\u00f6z\u00edt\u0151, J\u00e9zus Krisztus szavaival sz\u00f3l\u00edtotta meg az egybegy\u0171lteket: &#8222;B\u00e9kess\u00e9g veletek!&#8221; Ezzel kijel\u00f6lte f\u0151p\u00e1sztori feladat\u00e1nak legf\u0151bb csap\u00e1svonal\u00e1t. El\u0151dj\u00e9hez, Ferenc p\u00e1p\u00e1hoz hasonl\u00f3an, a b\u00e9ke k\u00f6vetek\u00e9nt teljes\u00edti majd f\u0151p\u00e1sztori k\u00fcldet\u00e9s\u00e9t. N\u00e9vv\u00e1laszt\u00e1sa pedig, XIV. Le\u00f3 p\u00e1pa, egy\u00e9rtelm\u0171 utal\u00e1s, hogy XIII. Le\u00f3 p\u00e1pa szellemi ut\u00f3dja is k\u00edv\u00e1n lenni. XIII. Le\u00f3 p\u00e1pa 1891-ben kiadott &#8222;Rerum novarum&#8221; enciklik\u00e1ja a modern t\u00e1rsadalmi tan\u00edt\u00e1s alapjait fektette le, amely mind a mai napig ir\u00e1nytmutat\u00f3. A munk\u00e1hoz val\u00f3 jog, igazs\u00e1gos b\u00e9rez\u00e9s, megannyi, ma is aktu\u00e1lis k\u00e9rd\u00e9s, amely v\u00e1laszra v\u00e1r. Erd\u0151 P\u00e9ter b\u00edboros \u00far els\u0151 hivatalos interj\u00faj\u00e1ban a p\u00e1pav\u00e1laszt\u00e1si konkl\u00e1v\u00e9t k\u00f6vet\u0151en eml\u00edtette, hogy XIV. Le\u00f3 p\u00e1pa m\u00e1r fel is h\u00edvta figyelm\u00fcket az egyik legnagyobb jelenkori kih\u00edv\u00e1sra, amelyet a mesters\u00e9ges intelligencia jelent korunk embere sz\u00e1m\u00e1ra.\u00a0 Tov\u00e1bb\u00e1 arr\u00f3l sem feledkezhet\u00fcnk meg, hogy sz\u00f3lt Egyh\u00e1zunk egyik fontos k\u00fcldet\u00e9s\u00e9r\u0151l: h\u00eddd\u00e1 v\u00e1lni. Ez az\u00e9rt is \u00e9rdekes gondolat, mert ezt az \u00fczenetet Ferenc p\u00e1pa fogalmazta meg hangs\u00falyos form\u00e1ban 2023-ban, amikor Budapestre l\u00e1togatott. Budapest, mint a hidak v\u00e1rosa, tekinthet\u0151 egyfajta szimb\u00f3lumnak is. Egyh\u00e1zunknak ilyen hidd\u00e1 kell v\u00e1lnia tov\u00e1bbra is jelen vil\u00e1gunkban. Kapcsolatot \u00e9s \u00e1tk\u00f6t\u00e9st jelent a m\u00falt \u00e9rt\u00e9kei \u00e9s hagyom\u00e1nyai, gy\u00f6kerei, tov\u00e1bb\u00e1 a j\u00f6v\u0151re nyitott \u00faj elv\u00e1r\u00e1sok \u00e9s kih\u00edv\u00e1sok k\u00f6z\u00f6tt.\u00a0 Kezd\u0151\u00e9nek: Az \u00dar irgalma bet\u00f6lti a f\u00f6ldet, az \u00dar szav\u00e1ra lettek az egek, alleluja! (V\u00f6. Zsolt 32,5-6) K\u00f6ny\u00f6rg\u00e9s: Mindenhat\u00f3, \u00f6r\u00f6k Isten, vezess minket a mennyorsz\u00e1g boldog k\u00f6z\u00f6ss\u00e9g\u00e9be. Jusson el h\u00edveid gy\u00f6nge ny\u00e1ja oda, ahov\u00e1 el\u0151tt\u00fcnk ment J\u00e9zus, a mi er\u0151s P\u00e1sztorunk. A mi Urunk, J\u00e9zus Krisztus, a te Fiad \u00e1ltal, aki veled \u00e9l \u00e9s uralkodik a Szentl\u00e9lekkel egys\u00e9gben, Isten mind\u00f6r\u00f6kk\u00f6n \u00f6r\u00f6kk\u00e9. OLVASM\u00c1NY az Apostolok Cselekedeteib\u0151l (ApCsel 13,14.43-52) P\u00e1l \u00e9s Barnab\u00e1s a pog\u00e1nyok k\u00f6z\u00f6tt is kezdi hirdetni az evang\u00e9liumot. Abban az id\u0151ben P\u00e1l \u00e9s Barnab\u00e1s Perg\u00e9n kereszt\u00fcl eljutott a pizidiai Antiochi\u00e1ba. Itt egy szombaton bementek a zsinag\u00f3g\u00e1ba, \u00e9s le\u00fcltek. Amikor a gy\u00fclekezet sz\u00e9toszlott, a... R\u00e9szletek\" \/>\n<meta property=\"og:url\" content=\"https:\/\/stuttgarti-katolikusok.de\/index.php\/husvet-4-vasarnapja-konyorgonap-papi-hivatasokert\/\" \/>\n<meta property=\"og:site_name\" content=\"Stuttgarti Katolikusok\" \/>\n<meta property=\"article:published_time\" content=\"2025-05-10T05:28:29+00:00\" \/>\n<meta property=\"og:image\" content=\"https:\/\/stuttgarti-katolikusok.de\/wp-content\/uploads\/2025\/05\/xiv-leo-papa-vatican-news.jpg\" \/>\n\t<meta property=\"og:image:width\" content=\"849\" \/>\n\t<meta property=\"og:image:height\" content=\"560\" \/>\n\t<meta property=\"og:image:type\" content=\"image\/jpeg\" \/>\n<meta name=\"author\" content=\"Tibor atya\" \/>\n<meta name=\"twitter:card\" content=\"summary_large_image\" \/>\n<meta name=\"twitter:label1\" content=\"Szerz\u0151:\" \/>\n\t<meta name=\"twitter:data1\" content=\"Tibor atya\" \/>\n\t<meta name=\"twitter:label2\" content=\"Becs\u00fclt olvas\u00e1si id\u0151\" \/>\n\t<meta name=\"twitter:data2\" content=\"7 perc\" \/>\n<script type=\"application\/ld+json\" class=\"yoast-schema-graph\">{\"@context\":\"https:\\\/\\\/schema.org\",\"@graph\":[{\"@type\":\"Article\",\"@id\":\"https:\\\/\\\/stuttgarti-katolikusok.de\\\/index.php\\\/husvet-4-vasarnapja-konyorgonap-papi-hivatasokert\\\/#article\",\"isPartOf\":{\"@id\":\"https:\\\/\\\/stuttgarti-katolikusok.de\\\/index.php\\\/husvet-4-vasarnapja-konyorgonap-papi-hivatasokert\\\/\"},\"author\":{\"name\":\"Tibor atya\",\"@id\":\"https:\\\/\\\/stuttgarti-katolikusok.de\\\/#\\\/schema\\\/person\\\/75908d6f8fdc03a57889d27209df7795\"},\"headline\":\"H\u00fasv\u00e9t 4. vas\u00e1rnapja \u2013 K\u00f6ny\u00f6rg\u0151nap papi hivat\u00e1sok\u00e9rt\",\"datePublished\":\"2025-05-10T05:28:29+00:00\",\"mainEntityOfPage\":{\"@id\":\"https:\\\/\\\/stuttgarti-katolikusok.de\\\/index.php\\\/husvet-4-vasarnapja-konyorgonap-papi-hivatasokert\\\/\"},\"wordCount\":1703,\"image\":{\"@id\":\"https:\\\/\\\/stuttgarti-katolikusok.de\\\/index.php\\\/husvet-4-vasarnapja-konyorgonap-papi-hivatasokert\\\/#primaryimage\"},\"thumbnailUrl\":\"https:\\\/\\\/stuttgarti-katolikusok.de\\\/wp-content\\\/uploads\\\/2025\\\/05\\\/xiv-leo-papa-vatican-news.jpg\",\"articleSection\":[\"A liturgia olvasm\u00e1nyai\",\"Vas\u00e1rnapi gondolatok\"],\"inLanguage\":\"hu\"},{\"@type\":\"WebPage\",\"@id\":\"https:\\\/\\\/stuttgarti-katolikusok.de\\\/index.php\\\/husvet-4-vasarnapja-konyorgonap-papi-hivatasokert\\\/\",\"url\":\"https:\\\/\\\/stuttgarti-katolikusok.de\\\/index.php\\\/husvet-4-vasarnapja-konyorgonap-papi-hivatasokert\\\/\",\"name\":\"H\u00fasv\u00e9t 4. vas\u00e1rnapja \u2013 K\u00f6ny\u00f6rg\u0151nap papi hivat\u00e1sok\u00e9rt - Stuttgarti Katolikusok\",\"isPartOf\":{\"@id\":\"https:\\\/\\\/stuttgarti-katolikusok.de\\\/#website\"},\"primaryImageOfPage\":{\"@id\":\"https:\\\/\\\/stuttgarti-katolikusok.de\\\/index.php\\\/husvet-4-vasarnapja-konyorgonap-papi-hivatasokert\\\/#primaryimage\"},\"image\":{\"@id\":\"https:\\\/\\\/stuttgarti-katolikusok.de\\\/index.php\\\/husvet-4-vasarnapja-konyorgonap-papi-hivatasokert\\\/#primaryimage\"},\"thumbnailUrl\":\"https:\\\/\\\/stuttgarti-katolikusok.de\\\/wp-content\\\/uploads\\\/2025\\\/05\\\/xiv-leo-papa-vatican-news.jpg\",\"datePublished\":\"2025-05-10T05:28:29+00:00\",\"author\":{\"@id\":\"https:\\\/\\\/stuttgarti-katolikusok.de\\\/#\\\/schema\\\/person\\\/75908d6f8fdc03a57889d27209df7795\"},\"breadcrumb\":{\"@id\":\"https:\\\/\\\/stuttgarti-katolikusok.de\\\/index.php\\\/husvet-4-vasarnapja-konyorgonap-papi-hivatasokert\\\/#breadcrumb\"},\"inLanguage\":\"hu\",\"potentialAction\":[{\"@type\":\"ReadAction\",\"target\":[\"https:\\\/\\\/stuttgarti-katolikusok.de\\\/index.php\\\/husvet-4-vasarnapja-konyorgonap-papi-hivatasokert\\\/\"]}]},{\"@type\":\"ImageObject\",\"inLanguage\":\"hu\",\"@id\":\"https:\\\/\\\/stuttgarti-katolikusok.de\\\/index.php\\\/husvet-4-vasarnapja-konyorgonap-papi-hivatasokert\\\/#primaryimage\",\"url\":\"https:\\\/\\\/stuttgarti-katolikusok.de\\\/wp-content\\\/uploads\\\/2025\\\/05\\\/xiv-leo-papa-vatican-news.jpg\",\"contentUrl\":\"https:\\\/\\\/stuttgarti-katolikusok.de\\\/wp-content\\\/uploads\\\/2025\\\/05\\\/xiv-leo-papa-vatican-news.jpg\",\"width\":849,\"height\":560},{\"@type\":\"BreadcrumbList\",\"@id\":\"https:\\\/\\\/stuttgarti-katolikusok.de\\\/index.php\\\/husvet-4-vasarnapja-konyorgonap-papi-hivatasokert\\\/#breadcrumb\",\"itemListElement\":[{\"@type\":\"ListItem\",\"position\":1,\"name\":\"Kezd\u0151lap\",\"item\":\"https:\\\/\\\/stuttgarti-katolikusok.de\\\/\"},{\"@type\":\"ListItem\",\"position\":2,\"name\":\"H\u00fasv\u00e9t 4. vas\u00e1rnapja \u2013 K\u00f6ny\u00f6rg\u0151nap papi hivat\u00e1sok\u00e9rt\"}]},{\"@type\":\"WebSite\",\"@id\":\"https:\\\/\\\/stuttgarti-katolikusok.de\\\/#website\",\"url\":\"https:\\\/\\\/stuttgarti-katolikusok.de\\\/\",\"name\":\"Stuttgarti Katolikusok\",\"description\":\"\",\"potentialAction\":[{\"@type\":\"SearchAction\",\"target\":{\"@type\":\"EntryPoint\",\"urlTemplate\":\"https:\\\/\\\/stuttgarti-katolikusok.de\\\/?s={search_term_string}\"},\"query-input\":{\"@type\":\"PropertyValueSpecification\",\"valueRequired\":true,\"valueName\":\"search_term_string\"}}],\"inLanguage\":\"hu\"},{\"@type\":\"Person\",\"@id\":\"https:\\\/\\\/stuttgarti-katolikusok.de\\\/#\\\/schema\\\/person\\\/75908d6f8fdc03a57889d27209df7795\",\"name\":\"Tibor atya\",\"image\":{\"@type\":\"ImageObject\",\"inLanguage\":\"hu\",\"@id\":\"https:\\\/\\\/secure.gravatar.com\\\/avatar\\\/61d268e57d1f4525b111222e29d2d5a7f8c420fdbf231ba5566a8ceac74fa960?s=96&d=mm&r=g\",\"url\":\"https:\\\/\\\/secure.gravatar.com\\\/avatar\\\/61d268e57d1f4525b111222e29d2d5a7f8c420fdbf231ba5566a8ceac74fa960?s=96&d=mm&r=g\",\"contentUrl\":\"https:\\\/\\\/secure.gravatar.com\\\/avatar\\\/61d268e57d1f4525b111222e29d2d5a7f8c420fdbf231ba5566a8ceac74fa960?s=96&d=mm&r=g\",\"caption\":\"Tibor atya\"},\"url\":\"https:\\\/\\\/stuttgarti-katolikusok.de\\\/index.php\\\/author\\\/tibor-atya\\\/\"}]}<\/script>\n<!-- \/ Yoast SEO plugin. -->","yoast_head_json":{"title":"H\u00fasv\u00e9t 4. vas\u00e1rnapja \u2013 K\u00f6ny\u00f6rg\u0151nap papi hivat\u00e1sok\u00e9rt - Stuttgarti Katolikusok","robots":{"index":"index","follow":"follow","max-snippet":"max-snippet:-1","max-image-preview":"max-image-preview:large","max-video-preview":"max-video-preview:-1"},"canonical":"https:\/\/stuttgarti-katolikusok.de\/index.php\/husvet-4-vasarnapja-konyorgonap-papi-hivatasokert\/","og_locale":"hu_HU","og_type":"article","og_title":"H\u00fasv\u00e9t 4. vas\u00e1rnapja \u2013 K\u00f6ny\u00f6rg\u0151nap papi hivat\u00e1sok\u00e9rt - Stuttgarti Katolikusok","og_description":"&#8222;Habemus Papam!&#8221; XIV. Le\u00f3 p\u00e1pa szem\u00e9ly\u00e9ben \u00faj vezet\u0151je, p\u00e1sztora van Egyh\u00e1zunknak.\u00a0 Bek\u00f6sz\u00f6n\u0151 besz\u00e9d\u00e9ben els\u0151k\u00e9nt a felt\u00e1madt \u00fcdv\u00f6z\u00edt\u0151, J\u00e9zus Krisztus szavaival sz\u00f3l\u00edtotta meg az egybegy\u0171lteket: &#8222;B\u00e9kess\u00e9g veletek!&#8221; Ezzel kijel\u00f6lte f\u0151p\u00e1sztori feladat\u00e1nak legf\u0151bb csap\u00e1svonal\u00e1t. El\u0151dj\u00e9hez, Ferenc p\u00e1p\u00e1hoz hasonl\u00f3an, a b\u00e9ke k\u00f6vetek\u00e9nt teljes\u00edti majd f\u0151p\u00e1sztori k\u00fcldet\u00e9s\u00e9t. N\u00e9vv\u00e1laszt\u00e1sa pedig, XIV. Le\u00f3 p\u00e1pa, egy\u00e9rtelm\u0171 utal\u00e1s, hogy XIII. Le\u00f3 p\u00e1pa szellemi ut\u00f3dja is k\u00edv\u00e1n lenni. XIII. Le\u00f3 p\u00e1pa 1891-ben kiadott &#8222;Rerum novarum&#8221; enciklik\u00e1ja a modern t\u00e1rsadalmi tan\u00edt\u00e1s alapjait fektette le, amely mind a mai napig ir\u00e1nytmutat\u00f3. A munk\u00e1hoz val\u00f3 jog, igazs\u00e1gos b\u00e9rez\u00e9s, megannyi, ma is aktu\u00e1lis k\u00e9rd\u00e9s, amely v\u00e1laszra v\u00e1r. Erd\u0151 P\u00e9ter b\u00edboros \u00far els\u0151 hivatalos interj\u00faj\u00e1ban a p\u00e1pav\u00e1laszt\u00e1si konkl\u00e1v\u00e9t k\u00f6vet\u0151en eml\u00edtette, hogy XIV. Le\u00f3 p\u00e1pa m\u00e1r fel is h\u00edvta figyelm\u00fcket az egyik legnagyobb jelenkori kih\u00edv\u00e1sra, amelyet a mesters\u00e9ges intelligencia jelent korunk embere sz\u00e1m\u00e1ra.\u00a0 Tov\u00e1bb\u00e1 arr\u00f3l sem feledkezhet\u00fcnk meg, hogy sz\u00f3lt Egyh\u00e1zunk egyik fontos k\u00fcldet\u00e9s\u00e9r\u0151l: h\u00eddd\u00e1 v\u00e1lni. Ez az\u00e9rt is \u00e9rdekes gondolat, mert ezt az \u00fczenetet Ferenc p\u00e1pa fogalmazta meg hangs\u00falyos form\u00e1ban 2023-ban, amikor Budapestre l\u00e1togatott. Budapest, mint a hidak v\u00e1rosa, tekinthet\u0151 egyfajta szimb\u00f3lumnak is. Egyh\u00e1zunknak ilyen hidd\u00e1 kell v\u00e1lnia tov\u00e1bbra is jelen vil\u00e1gunkban. Kapcsolatot \u00e9s \u00e1tk\u00f6t\u00e9st jelent a m\u00falt \u00e9rt\u00e9kei \u00e9s hagyom\u00e1nyai, gy\u00f6kerei, tov\u00e1bb\u00e1 a j\u00f6v\u0151re nyitott \u00faj elv\u00e1r\u00e1sok \u00e9s kih\u00edv\u00e1sok k\u00f6z\u00f6tt.\u00a0 Kezd\u0151\u00e9nek: Az \u00dar irgalma bet\u00f6lti a f\u00f6ldet, az \u00dar szav\u00e1ra lettek az egek, alleluja! (V\u00f6. Zsolt 32,5-6) K\u00f6ny\u00f6rg\u00e9s: Mindenhat\u00f3, \u00f6r\u00f6k Isten, vezess minket a mennyorsz\u00e1g boldog k\u00f6z\u00f6ss\u00e9g\u00e9be. Jusson el h\u00edveid gy\u00f6nge ny\u00e1ja oda, ahov\u00e1 el\u0151tt\u00fcnk ment J\u00e9zus, a mi er\u0151s P\u00e1sztorunk. A mi Urunk, J\u00e9zus Krisztus, a te Fiad \u00e1ltal, aki veled \u00e9l \u00e9s uralkodik a Szentl\u00e9lekkel egys\u00e9gben, Isten mind\u00f6r\u00f6kk\u00f6n \u00f6r\u00f6kk\u00e9. OLVASM\u00c1NY az Apostolok Cselekedeteib\u0151l (ApCsel 13,14.43-52) P\u00e1l \u00e9s Barnab\u00e1s a pog\u00e1nyok k\u00f6z\u00f6tt is kezdi hirdetni az evang\u00e9liumot. Abban az id\u0151ben P\u00e1l \u00e9s Barnab\u00e1s Perg\u00e9n kereszt\u00fcl eljutott a pizidiai Antiochi\u00e1ba. Itt egy szombaton bementek a zsinag\u00f3g\u00e1ba, \u00e9s le\u00fcltek. Amikor a gy\u00fclekezet sz\u00e9toszlott, a... R\u00e9szletek","og_url":"https:\/\/stuttgarti-katolikusok.de\/index.php\/husvet-4-vasarnapja-konyorgonap-papi-hivatasokert\/","og_site_name":"Stuttgarti Katolikusok","article_published_time":"2025-05-10T05:28:29+00:00","og_image":[{"width":849,"height":560,"url":"https:\/\/stuttgarti-katolikusok.de\/wp-content\/uploads\/2025\/05\/xiv-leo-papa-vatican-news.jpg","type":"image\/jpeg"}],"author":"Tibor atya","twitter_card":"summary_large_image","twitter_misc":{"Szerz\u0151:":"Tibor atya","Becs\u00fclt olvas\u00e1si id\u0151":"7 perc"},"schema":{"@context":"https:\/\/schema.org","@graph":[{"@type":"Article","@id":"https:\/\/stuttgarti-katolikusok.de\/index.php\/husvet-4-vasarnapja-konyorgonap-papi-hivatasokert\/#article","isPartOf":{"@id":"https:\/\/stuttgarti-katolikusok.de\/index.php\/husvet-4-vasarnapja-konyorgonap-papi-hivatasokert\/"},"author":{"name":"Tibor atya","@id":"https:\/\/stuttgarti-katolikusok.de\/#\/schema\/person\/75908d6f8fdc03a57889d27209df7795"},"headline":"H\u00fasv\u00e9t 4. vas\u00e1rnapja \u2013 K\u00f6ny\u00f6rg\u0151nap papi hivat\u00e1sok\u00e9rt","datePublished":"2025-05-10T05:28:29+00:00","mainEntityOfPage":{"@id":"https:\/\/stuttgarti-katolikusok.de\/index.php\/husvet-4-vasarnapja-konyorgonap-papi-hivatasokert\/"},"wordCount":1703,"image":{"@id":"https:\/\/stuttgarti-katolikusok.de\/index.php\/husvet-4-vasarnapja-konyorgonap-papi-hivatasokert\/#primaryimage"},"thumbnailUrl":"https:\/\/stuttgarti-katolikusok.de\/wp-content\/uploads\/2025\/05\/xiv-leo-papa-vatican-news.jpg","articleSection":["A liturgia olvasm\u00e1nyai","Vas\u00e1rnapi gondolatok"],"inLanguage":"hu"},{"@type":"WebPage","@id":"https:\/\/stuttgarti-katolikusok.de\/index.php\/husvet-4-vasarnapja-konyorgonap-papi-hivatasokert\/","url":"https:\/\/stuttgarti-katolikusok.de\/index.php\/husvet-4-vasarnapja-konyorgonap-papi-hivatasokert\/","name":"H\u00fasv\u00e9t 4. vas\u00e1rnapja \u2013 K\u00f6ny\u00f6rg\u0151nap papi hivat\u00e1sok\u00e9rt - Stuttgarti Katolikusok","isPartOf":{"@id":"https:\/\/stuttgarti-katolikusok.de\/#website"},"primaryImageOfPage":{"@id":"https:\/\/stuttgarti-katolikusok.de\/index.php\/husvet-4-vasarnapja-konyorgonap-papi-hivatasokert\/#primaryimage"},"image":{"@id":"https:\/\/stuttgarti-katolikusok.de\/index.php\/husvet-4-vasarnapja-konyorgonap-papi-hivatasokert\/#primaryimage"},"thumbnailUrl":"https:\/\/stuttgarti-katolikusok.de\/wp-content\/uploads\/2025\/05\/xiv-leo-papa-vatican-news.jpg","datePublished":"2025-05-10T05:28:29+00:00","author":{"@id":"https:\/\/stuttgarti-katolikusok.de\/#\/schema\/person\/75908d6f8fdc03a57889d27209df7795"},"breadcrumb":{"@id":"https:\/\/stuttgarti-katolikusok.de\/index.php\/husvet-4-vasarnapja-konyorgonap-papi-hivatasokert\/#breadcrumb"},"inLanguage":"hu","potentialAction":[{"@type":"ReadAction","target":["https:\/\/stuttgarti-katolikusok.de\/index.php\/husvet-4-vasarnapja-konyorgonap-papi-hivatasokert\/"]}]},{"@type":"ImageObject","inLanguage":"hu","@id":"https:\/\/stuttgarti-katolikusok.de\/index.php\/husvet-4-vasarnapja-konyorgonap-papi-hivatasokert\/#primaryimage","url":"https:\/\/stuttgarti-katolikusok.de\/wp-content\/uploads\/2025\/05\/xiv-leo-papa-vatican-news.jpg","contentUrl":"https:\/\/stuttgarti-katolikusok.de\/wp-content\/uploads\/2025\/05\/xiv-leo-papa-vatican-news.jpg","width":849,"height":560},{"@type":"BreadcrumbList","@id":"https:\/\/stuttgarti-katolikusok.de\/index.php\/husvet-4-vasarnapja-konyorgonap-papi-hivatasokert\/#breadcrumb","itemListElement":[{"@type":"ListItem","position":1,"name":"Kezd\u0151lap","item":"https:\/\/stuttgarti-katolikusok.de\/"},{"@type":"ListItem","position":2,"name":"H\u00fasv\u00e9t 4. vas\u00e1rnapja \u2013 K\u00f6ny\u00f6rg\u0151nap papi hivat\u00e1sok\u00e9rt"}]},{"@type":"WebSite","@id":"https:\/\/stuttgarti-katolikusok.de\/#website","url":"https:\/\/stuttgarti-katolikusok.de\/","name":"Stuttgarti Katolikusok","description":"","potentialAction":[{"@type":"SearchAction","target":{"@type":"EntryPoint","urlTemplate":"https:\/\/stuttgarti-katolikusok.de\/?s={search_term_string}"},"query-input":{"@type":"PropertyValueSpecification","valueRequired":true,"valueName":"search_term_string"}}],"inLanguage":"hu"},{"@type":"Person","@id":"https:\/\/stuttgarti-katolikusok.de\/#\/schema\/person\/75908d6f8fdc03a57889d27209df7795","name":"Tibor atya","image":{"@type":"ImageObject","inLanguage":"hu","@id":"https:\/\/secure.gravatar.com\/avatar\/61d268e57d1f4525b111222e29d2d5a7f8c420fdbf231ba5566a8ceac74fa960?s=96&d=mm&r=g","url":"https:\/\/secure.gravatar.com\/avatar\/61d268e57d1f4525b111222e29d2d5a7f8c420fdbf231ba5566a8ceac74fa960?s=96&d=mm&r=g","contentUrl":"https:\/\/secure.gravatar.com\/avatar\/61d268e57d1f4525b111222e29d2d5a7f8c420fdbf231ba5566a8ceac74fa960?s=96&d=mm&r=g","caption":"Tibor atya"},"url":"https:\/\/stuttgarti-katolikusok.de\/index.php\/author\/tibor-atya\/"}]}},"_links":{"self":[{"href":"https:\/\/stuttgarti-katolikusok.de\/index.php\/wp-json\/wp\/v2\/posts\/30943","targetHints":{"allow":["GET"]}}],"collection":[{"href":"https:\/\/stuttgarti-katolikusok.de\/index.php\/wp-json\/wp\/v2\/posts"}],"about":[{"href":"https:\/\/stuttgarti-katolikusok.de\/index.php\/wp-json\/wp\/v2\/types\/post"}],"author":[{"embeddable":true,"href":"https:\/\/stuttgarti-katolikusok.de\/index.php\/wp-json\/wp\/v2\/users\/3"}],"replies":[{"embeddable":true,"href":"https:\/\/stuttgarti-katolikusok.de\/index.php\/wp-json\/wp\/v2\/comments?post=30943"}],"version-history":[{"count":1,"href":"https:\/\/stuttgarti-katolikusok.de\/index.php\/wp-json\/wp\/v2\/posts\/30943\/revisions"}],"predecessor-version":[{"id":30945,"href":"https:\/\/stuttgarti-katolikusok.de\/index.php\/wp-json\/wp\/v2\/posts\/30943\/revisions\/30945"}],"wp:featuredmedia":[{"embeddable":true,"href":"https:\/\/stuttgarti-katolikusok.de\/index.php\/wp-json\/wp\/v2\/media\/30944"}],"wp:attachment":[{"href":"https:\/\/stuttgarti-katolikusok.de\/index.php\/wp-json\/wp\/v2\/media?parent=30943"}],"wp:term":[{"taxonomy":"category","embeddable":true,"href":"https:\/\/stuttgarti-katolikusok.de\/index.php\/wp-json\/wp\/v2\/categories?post=30943"},{"taxonomy":"post_tag","embeddable":true,"href":"https:\/\/stuttgarti-katolikusok.de\/index.php\/wp-json\/wp\/v2\/tags?post=30943"}],"curies":[{"name":"wp","href":"https:\/\/api.w.org\/{rel}","templated":true}]}}