{"id":30902,"date":"2025-05-03T13:07:21","date_gmt":"2025-05-03T11:07:21","guid":{"rendered":"https:\/\/stuttgarti-katolikusok.de\/?p=30902"},"modified":"2025-05-03T13:23:41","modified_gmt":"2025-05-03T11:23:41","slug":"husvet-3-vasarnapja-3","status":"publish","type":"post","link":"https:\/\/stuttgarti-katolikusok.de\/index.php\/husvet-3-vasarnapja-3\/","title":{"rendered":"H\u00fasv\u00e9t 3. vas\u00e1rnapja"},"content":{"rendered":"<p><strong><span style=\"color: #ff6600;\"><em>A tan\u00fas\u00e1gt\u00e9tel vas\u00e1rnapja &#8211; Meg\u00fajul\u00e1s kudarcainkon kereszt\u00fcl<\/em><\/span><\/strong><\/p>\n<p><span style=\"color: #ff6600;\"><em>A tan\u00fas\u00e1gt\u00e9tel (g\u00f6r\u00f6g: mart\u00fcrion, latin: testimonium) eredetileg jogi fogalom. A Szent\u00edr\u00e1sban pedig ennek vall\u00e1si tartalm\u00e1val ismerkedhet\u00fcnk meg.<\/em><\/span><\/p>\n<p><span style=\"color: #ff6600;\"><em><strong>Az olvasm\u00e1ny<\/strong>\u00a0P\u00e9ter apostolnak tan\u00fas\u00e1gt\u00e9tel\u00e9r\u0151l sz\u00f3l, aki f\u00e9lelemb\u0151l m\u00e9g megtagadja J\u00e9zus Krisztust. A felt\u00e1madottal val\u00f3 t\u00f6bbsz\u00f6ri tal\u00e1lkoz\u00e1sa mer\u0151ben megv\u00e1ltoztatja \u0151t. Hasonl\u00f3 v\u00e1ltoz\u00e1s megy v\u00e9gbe az apostolt\u00e1rsakban is. Most b\u00e1tran tan\u00fas\u00e1got tesznek hit\u00fckr\u0151l. &#8222;Mi ezeknek a dolgoknak tan\u00fai vagyunk a Szentl\u00e9lekkel egyetemben.&#8221; Milyen er\u0151 van ebben a mondatban!<\/em><\/span><\/p>\n<p><span style=\"color: #ff6600;\"><em><strong>A szentlecke<\/strong> J\u00e1nos apostol l\u00e1tom\u00e1s\u00e1r\u00f3l sz\u00f3l. Tekinthetj\u00fck ezt a rem\u00e9ny \u00fczenet\u00e9nek is. K\u00fcl\u00f6n\u00f6sen fontos tan\u00edt\u00e1s ez a kereszt\u00e9ny ember sz\u00e1m\u00e1ra, hiszen ebben a jubileumi esztend\u0151ben a rem\u00e9ny zar\u00e1ndokaik\u00e9nt j\u00e1rjuk a magunk \u00fatj\u00e1t. A l\u00e1tom\u00e1s l\u00e9nyege: Krisztus \u00f6r\u00f6mh\u00edre egyetemes \u00e9s gy\u0151zelemre jut. A mai, er\u0151ltetett ideol\u00f3giai k\u00fczdelemben igazi er\u0151forr\u00e1s mindannyiunk sz\u00e1m\u00e1ra.<\/em><\/span><\/p>\n<p><span style=\"color: #ff6600;\"><em><strong>Az evang\u00e9liumban<\/strong> arr\u00f3l hallunk, hogy J\u00e9zus Krisztus a hal\u00e1lb\u00f3l val\u00f3 felt\u00e1mad\u00e1s\u00e1t k\u00f6vet\u0151en harmadik alkalommal jelenik meg az apostoloknak. T\u00f6bb \u00e9rdekes mozzanatra is felfigyelhet\u00fcnk: <\/em><\/span><\/p>\n<p><span style=\"color: #ff6600;\"><em>&#8211; Ez az esem\u00e9ny m\u00e1r a k\u00e9telked\u0151 Tam\u00e1s apostol \u00e9s a t\u00f6bbi apostollal t\u00f6rt\u00e9n\u0151 megjelen\u00e9s ut\u00e1n van. Vagyis, a teljes bizonyoss\u00e1ghoz vezet\u0151 \u00fat mindannyiunk sz\u00e1m\u00e1ra hossz\u00fa. Benne pedig helyet kap a k\u00e9tely, f\u00e9lelem, kishit\u0171s\u00e9g. <\/em><\/span><\/p>\n<p><span style=\"color: #ff6600;\"><em>&#8211; Egy kudarcos \u00e9s eredm\u00e9nytelen \u00e9jszaka ut\u00e1n vannak. Tal\u00e1n ennek is k\u00f6sz\u00f6nhet\u0151, hogy kezdetben nem ismerik fel a parton \u00e1ll\u00f3 J\u00e9zust. Egyszer\u0171 a k\u00f6vetkeztet\u00e9s: kudarcaink \u00e9s sikertelens\u00e9geink hatalmukba ker\u00edtenek. Nem l\u00e1tunk kiutat abb\u00f3l a helyzetb\u0151l. <\/em><\/span><\/p>\n<p><span style=\"color: #ff6600;\"><em>&#8211; J\u00e9zus arra k\u00e9ri \u0151ket, hogy menjenek vissza kudarcaik hely\u00e9re. &#8222;Vess\u00e9tek ki a h\u00e1l\u00f3t!&#8221; &#8211; Engedelmeskednek, s ennek gy\u00fcm\u00f6lcse \u00e9s jutalma a halakkal teli h\u00e1l\u00f3. A kudarc jelentette f\u00e1tyolk\u00f6d elt\u0171nik, felismerik a parton \u00e1ll\u00f3 Krisztust. <\/em><\/span><\/p>\n<p><span style=\"color: #ff6600;\"><em>&#8211; J\u00e9zus hallal \u00e9s keny\u00e9rrel v\u00e1rja \u0151ket. Azonban sz\u00fcks\u00e9g van az \u00e1ltaluk kifogott<\/em><\/span><span style=\"color: #ff6600;\"><em> halakra is. Gy\u00f6ny\u00f6r\u0171 a szimbolikus \u00e9rtelme ennek a jelenetnek! J\u00e9zusnak sz\u00fcks\u00e9ge van az \u00c9n kifogott halamra, vagyis munk\u00e1mra. <\/em><\/span><\/p>\n<p><span style=\"color: #ff6600;\"><em>&#8211; Nem P\u00e9ter apostol megleck\u00e9ztet\u00e9s\u00e9r\u0151l van sz\u00f3, amikor J\u00e9zus h\u00e1romszor is megk\u00e9rdezi P\u00e9tert, hogy szereti-e \u0150t. P\u00e9ter apostol sz\u00e1m\u00e1ra a h\u00e1romszori tagad\u00e1s maga a teljes kudarc. Azonban van bel\u0151le ki\u00fat! Ez a l\u00e9nyeg!\u00a0 <\/em><\/span><\/p>\n<p><span style=\"color: #ff6600;\"><em>&#8211; Biztat\u00f3 \u00e9s b\u00e1tor\u00edt\u00f3 \u00fczenet nek\u00fcnk. Csup\u00e1n a bennem l\u00e9v\u0151 szeretet \u00e9rz\u00e9s\u00e9t kell felsz\u00edtanom ahhoz, hogy \u00e9letem minden m\u00e9lys\u00e9g\u00e9b\u0151l \u00e9s kudarcainak, sikertelens\u00e9geinek sokas\u00e1g\u00e1b\u00f3l talpra \u00e1llhassak. Ennek a h\u00fasv\u00e9ti vas\u00e1rnap fontos \u00fczenete ez!<\/em><\/span><\/p>\n<p><span style=\"color: #ff6600;\">Kezd\u0151\u00e9nek:<\/span><br \/>\nUjjongjatok Istennek, minden f\u00f6ldek, mondjatok nev\u00e9nek \u00e9neket, dics\u0151s\u00e9g\u00e9t dics\u00e9rve zengj\u00e9tek, alleluja! (V\u00f6. Zsolt 65,1-2)<\/p>\n<p><span style=\"color: #ff6600;\">K\u00f6ny\u00f6rg\u00e9s:<\/span><br \/>\nIsten\u00fcnk, te \u00fagy akartad, hogy n\u00e9ped sz\u00fcntelen\u00fcl vigadozz\u00e9k, mert visszaadtad lelke fiatals\u00e1g\u00e1t. Engedd, hogy akik most a fogadott fi\u00fas\u00e1g dics\u0151s\u00e9g\u00e9nek \u00f6rvendeznek, a biztos rem\u00e9ny \u00f6r\u00f6m\u00e9vel v\u00e1rj\u00e1k a felt\u00e1mad\u00e1s napj\u00e1t. A mi Urunk, J\u00e9zus Krisztus, a te Fiad \u00e1ltal, aki veled \u00e9l \u00e9s uralkodik a Szentl\u00e9lekkel egys\u00e9gben, Isten mind\u00f6r\u00f6kk\u00f6n \u00f6r\u00f6kk\u00e9.<\/p>\n<p><span style=\"color: #ff6600;\">OLVASM\u00c1NY az Apostolok Cselekedeteib\u0151l (ApCsel 5,27b-32.40b-41)<\/span><br \/>\n<em>Az apostolok a Szentl<\/em><em>\u00e9lek <\/em><em>\u00e1ltal tan<\/em><em>\u00fas<\/em><em>\u00e1got tesznek Krisztus mellett.<\/em><br \/>\nAzokban a napokban az apostolokat a jeruzs\u00e1lemi f\u0151tan\u00e1cs el\u00e9 \u00e1ll\u00edtott\u00e1k:<br \/>\nA f\u0151pap k\u00e9rd\u0151re vonta \u0151ket: \u201eSzigor\u00faan megparancsoltuk nektek, hogy ne tan\u00edtsatok az \u0151 nev\u00e9ben, \u00e9s l\u00e1m, eg\u00e9sz Jeruzs\u00e1lem tele van tan\u00edt\u00e1sotokkal. R\u00e1nk akarj\u00e1tok h\u00e1r\u00edtani annak az embernek a v\u00e9r\u00e9t.\u201d<br \/>\nP\u00e9ter \u00e9s az apostolok \u00edgy v\u00e1laszoltak: \u201eInk\u00e1bb kell engedelmeskedni Istennek, mint az embereknek. Aty\u00e1ink Istene felt\u00e1masztotta J\u00e9zust, akit ti keresztf\u00e1ra fesz\u00edtve meg\u00f6ltetek. Isten jobbja fejedelemm\u00e9 \u00e9s Megv\u00e1lt\u00f3v\u00e1 emelte, hogy megt\u00e9r\u00edtse Izraelt, \u00e9s megbocs\u00e1ssa b\u0171neit. Mi ezeknek a dolgoknak tan\u00fai vagyunk a Szentl\u00e9lekkel egyetemben, akit az Isten megadott azoknak, akik engedelmeskednek neki.\u201d<br \/>\nErre odah\u00edvatt\u00e1k az apostolokat, megvessz\u0151ztett\u00e9k \u0151ket, azt\u00e1n r\u00e1juk parancsoltak, hogy J\u00e9zus nev\u00e9ben ne besz\u00e9ljenek, azut\u00e1n szabadon engedt\u00e9k \u0151ket. Boldogan t\u00e1voztak a f\u0151tan\u00e1csb\u00f3l, mert m\u00e9lt\u00f3k lettek arra, hogy J\u00e9zus nev\u00e9\u00e9rt gyal\u00e1zatot szenvedjenek.<br \/>\nEz az Isten ig\u00e9je.<\/p>\n<p><span style=\"color: #ff6600;\">V\u00c1LASZOS ZSOLT\u00c1R (Zsolt 29,2 \u00e9s 4.5-6.11 \u00e9s 12a \u00e9s 13b)<\/span><br \/>\nV\u00e1lasz:\u00a0<strong>Magasztallak, Uram, * mivel megmentett<\/strong><strong>\u00e9l engem.<\/strong>\u00a0V\u00f6. 2a. vers. (6. t\u00f3nus)<br \/>\nVagy:\u00a0<strong>Alleluja, alleluja, alleluja.<\/strong>\u00a06. sz\u00e1m.<br \/>\nEl\u0151\u00e9nekes: Magasztallak, Uram, mivel megmentett\u00e9l engem, * nem engedted, hogy ellens\u00e9geim ujjongjanak rajtam.<br \/>\nUram, lelkemet kihoztad a hal\u00e1l orsz\u00e1g\u00e1b\u00f3l, * \u00e9letben tartott\u00e1l, nehogy s\u00edrba sz\u00e1lljak.<br \/>\nH\u00edvek: Magasztallak, Uram, * mivel megmentett\u00e9l engem.<br \/>\nVagy: Alleluja, alleluja, alleluja.<br \/>\nE: Zsolt\u00e1rt zengjetek az \u00darnak, ti az \u0151 szentjei, * \u00e9s dics\u00e9rj\u00e9tek az \u0151 szent nev\u00e9t.<br \/>\nMert haragja csak egy pillanat, * de j\u00f3s\u00e1ga v\u00e9gigk\u00eds\u00e9r eg\u00e9sz \u00e9let\u00fcnk\u00f6n.<br \/>\nH: Magasztallak, Uram, * mivel megmentett\u00e9l engem.<br \/>\nVagy: Alleluja, alleluja, alleluja.<br \/>\nE: Ha este meg is l\u00e1togat a s\u00edr\u00e1s, * reggelre az \u00f6r\u00f6m visszat\u00e9r.<br \/>\nMeghallgatott az \u00dar \u00e9s megk\u00f6ny\u00f6r\u00fclt rajtam, * az \u00dar lett az \u00e9n seg\u00edts\u00e9gem.<br \/>\nH: Magasztallak, Uram, * mivel megmentett\u00e9l engem.<br \/>\nVagy: Alleluja, alleluja, alleluja.<br \/>\nE: S\u00edr\u00e1somat \u00f6r\u00f6mre ford\u00edtottad, * Uram, Istenem, magasztallak mind\u00f6r\u00f6kk\u00e9.<br \/>\nH: Magasztallak, Uram, * mivel megmentett\u00e9l engem.<br \/>\nVagy: Alleluja, alleluja, alleluja.<\/p>\n<p><span style=\"color: #ff6600;\">SZENTLECKE a Jelen\u00e9sek k\u00f6nyv\u00e9b\u0151l (Jel 5,11-14)<\/span><br \/>\n<em>M<\/em><em>\u00e9lt<\/em><em>\u00f3 a B<\/em><em>\u00e1r<\/em><em>\u00e1ny, akit meg<\/em><em>\u00f6ltek, hogy <\/em><em>\u00f6v<\/em><em>\u00e9 legyen a hatalom <\/em><em>\u00e9s a dics<\/em><em>\u0151s<\/em><em>\u00e9g.<\/em><br \/>\n\u00c9n, J\u00e1nos, amint l\u00e1tom\u00e1somban n\u00e9ztem a tr\u00f3nt, az \u00e9l\u0151l\u00e9nyek \u00e9s a v\u00e9nek k\u00f6r\u00fcl angyalok sereg\u00e9nek hangj\u00e1t hallottam. Sz\u00e1muk t\u00edzezerszer t\u00edzezerre \u00e9s ezerszer ezerre r\u00fagott. Hars\u00e1nyan zengt\u00e9k: \u201eM\u00e9lt\u00f3 a B\u00e1r\u00e1ny, akit meg\u00f6ltek, hogy \u00f6v\u00e9 legyen a hatalom, a gazdags\u00e1g, a b\u00f6lcsess\u00e9g, az er\u0151, a tisztelet, a dics\u0151s\u00e9g \u00e9s az \u00e1ld\u00e1s!\u201d Majd hallottam, hogy minden teremtm\u00e9ny a mennyben, a f\u00f6ld\u00f6n, a f\u00f6ld alatt \u00e9s a tengerben, az eg\u00e9sz vil\u00e1gmindens\u00e9ggel egyetemben ezt harsogta: \u201eA tr\u00f3non \u00fcl\u0151nek \u00e9s a B\u00e1r\u00e1nynak \u00e1ld\u00e1s, tisztelet, dics\u0151s\u00e9g \u00e9s hatalom \u00f6r\u00f6kk\u00f6n-\u00f6r\u00f6kk\u00e9!\u201d<br \/>\nA n\u00e9gy \u00e9l\u0151l\u00e9ny \u00edgy felelt: \u201e\u00c1men\u201d, a v\u00e9nek pedig leborultak \u00e9s im\u00e1dt\u00e1k.<br \/>\nEz az Isten ig\u00e9je.<\/p>\n<p><span style=\"color: #ff6600;\">ALLELUJA<\/span><br \/>\nFelt\u00e1madt Krisztus, ki mindeneket alkotott, * \u00e9s megk\u00f6ny\u00f6r\u00fclt az emberi nemen. \u2013 5. t\u00f3nus.<\/p>\n<p><span style=\"color: #ff6600;\">\u2020 EVANG\u00c9LIUM Szent J\u00e1nos k\u00f6nyv\u00e9b\u0151l (Jn 21,1-19)<\/span><br \/>\n<em>J<\/em><em>\u00e9zus fogta a kenyeret, <\/em><em>\u00e9s adott nekik. Ugyan<\/em><em>\u00edgy halb<\/em><em>\u00f3l is.<\/em><br \/>\nFelt\u00e1mad\u00e1sa ut\u00e1n J\u00e9zus egy alkalommal \u00edgy jelent meg tan\u00edtv\u00e1nyainak a Tib\u00e9ri\u00e1s-t\u00f3 partj\u00e1n:<br \/>\nEgy\u00fctt voltak Simon P\u00e9ter \u00e9s Tam\u00e1s, mell\u00e9knev\u00e9n Didimusz, tov\u00e1bb\u00e1 a galileai K\u00e1n\u00e1b\u00f3l val\u00f3 Natanael, Zebedeus fiai \u00e9s m\u00e9g k\u00e9t m\u00e1sik tan\u00edtv\u00e1ny. Simon P\u00e9ter \u00edgy sz\u00f3lt hozz\u00e1juk: \u201eMegyek hal\u00e1szni.\u201d \u201eMi is veled megy\u00fcnk\u201d \u2013 felelt\u00e9k. Kimentek \u00e9s b\u00e1rk\u00e1ba sz\u00e1lltak. De azon az \u00e9jszak\u00e1n nem fogtak semmit.<br \/>\nAmikor megvirradt, J\u00e9zus ott \u00e1llt a parton. A tan\u00edtv\u00e1nyok azonban nem ismert\u00e9k fel, hogy J\u00e9zus az.<br \/>\nJ\u00e9zus megsz\u00f3l\u00edtotta \u0151ket: \u201eFiaim, nincs valami ennival\u00f3tok?\u201d \u201eNincs\u201d \u2013 felelt\u00e9k. Erre azt mondta nekik: \u201eVess\u00e9tek ki a h\u00e1l\u00f3t a b\u00e1rka jobb oldal\u00e1n, ott majd tal\u00e1ltok.\u201d Kivetett\u00e9k a h\u00e1l\u00f3t, s alig b\u00edrt\u00e1k visszah\u00fazni a t\u00f6m\u00e9rdek halt\u00f3l.<br \/>\nErre az a tan\u00edtv\u00e1ny, akit J\u00e9zus szeretett, \u00edgy sz\u00f3lt P\u00e9terhez: \u201eAz \u00dar az!\u201d Amint Simon P\u00e9ter meghallotta, hogy az \u00dar az, mag\u00e1ra \u00f6lt\u00f6tte k\u00f6nt\u00f6s\u00e9t \u2013 mert neki volt vetk\u0151zve \u2013, \u00e9s beugrott a v\u00edzbe.<br \/>\nA t\u00f6bbi tan\u00edtv\u00e1ny k\u00f6vette a b\u00e1rk\u00e1val. A hallal teli h\u00e1l\u00f3t is maguk ut\u00e1n h\u00fazt\u00e1k. Nem voltak messze a partt\u00f3l, csak mintegy k\u00e9tsz\u00e1z k\u00f6ny\u00f6knyire.<br \/>\nAmikor partot \u00e9rtek, izz\u00f3 parazsat l\u00e1ttak, s rajta halat, mellette meg kenyeret. J\u00e9zus sz\u00f3lt nekik: \u201eHozzatok a halb\u00f3l, amit most fogtatok.\u201d P\u00e9ter visszament, \u00e9s partra vonta a h\u00e1l\u00f3t, amely tele volt nagy hallal, sz\u00e1m szerint sz\u00e1z\u00f6tvenh\u00e1rommal, s b\u00e1r ennyi volt benne, nem szakadt el a h\u00e1l\u00f3.<br \/>\nJ\u00e9zus h\u00edvta \u0151ket: \u201eGyertek, egyetek!\u201d A tan\u00edtv\u00e1nyok k\u00f6z\u00fcl senki sem merte megk\u00e9rdezni: \u201eKi vagy?\u201d \u2013 hiszen tudt\u00e1k, hogy az \u00dar az. J\u00e9zus fogta a kenyeret, \u00e9s adott nekik, Ugyan\u00edgy halb\u00f3l is.<br \/>\nEz volt a harmadik eset, hogy a hal\u00e1lb\u00f3l val\u00f3 felt\u00e1mad\u00e1sa ut\u00e1n J\u00e9zus megjelent nekik.<br \/>\n<span style=\"color: #ff6600;\"><em>* r<\/em><em>\u00f6videbb forma: Jn 21,1-14<\/em><\/span><br \/>\nMiut\u00e1n ettek, J\u00e9zus megk\u00e9rdezte Simon P\u00e9tert\u0151l: \u201eSimon, J\u00e1nos fia, jobban szeretsz-e engem, mint ezek?\u201d P\u00e9ter \u00edgy sz\u00f3lt: \u201eIgen, Uram, te tudod, hogy szeretlek.\u201d<br \/>\nErre J\u00e9zus azt mondta neki: \u201eLegeltesd b\u00e1r\u00e1nyaimat!\u201d Azt\u00e1n \u00fajra megk\u00e9rdezte t\u0151le: \u201eSimon, J\u00e1nos fia, szeretsz te engem?\u201d \u0150 azt felelte: \u201eIgen, Uram, tudod, hogy szeretlek!\u201d Erre azt mondta neki: \u201eLegeltesd juhaimat!\u201d<br \/>\nMajd harmadszor is megk\u00e9rdezte t\u0151le: \u201eSimon, J\u00e1nos fia, szeretsz engem?\u201d P\u00e9ter elszomorodott, hogy harmadszor is megk\u00e9rdezte: \u201eSzeretsz engem?\u201d, \u00e9s ezt v\u00e1laszolta: \u201eUram, te mindent tudsz, azt is tudod, hogy szeretlek!\u201d J\u00e9zus pedig ism\u00e9t ezt mondta: \u201eLegeltesd juhaimat!<br \/>\nBizony, bizony, mondom neked: Amikor m\u00e9g fiatal volt\u00e1l, fel\u00f6vezted magad, \u00e9s oda ment\u00e9l, ahova akart\u00e1l. De ha majd meg\u00f6regszel, kiterjeszted karjaidat. M\u00e1s fog fel\u00f6vezni t\u00e9ged, \u00e9s oda visz, ahova nem akarod.\u201d<br \/>\nAzt jelezte e szavakkal, hogy (P\u00e9ter) milyen hal\u00e1llal dics\u0151\u00edti majd meg az Istent. Azut\u00e1n hozz\u00e1tette: \u201eK\u00f6vess engem!\u201d<br \/>\nEzek az evang\u00e9lium ig\u00e9i.<\/p>\n<p><span style=\"color: #ff6600;\">EGYETEMES K\u00d6NY\u00d6RG\u00c9SEK<\/span><br \/>\nPap: Forduljunk, testv\u00e9reim, Urunkhoz, Isten\u00fcnkh\u00f6z, \u00e9s k\u00e9rj\u00fck, hallgassa meg k\u00f6ny\u00f6rg\u00e9s\u00fcnket!<br \/>\nLektor: 1. Hogy &#8230; a p\u00fcsp\u00f6keink Krisztus tan\u00edt\u00e1s\u00e1val t\u00e1pl\u00e1ljanak \u00e9s az \u00f6r\u00f6k dics\u0151s\u00e9gbe vezessenek minket!<br \/>\nH\u00edvek: K\u00e9r\u00fcnk T\u00e9ged, hallgass meg minket!<br \/>\n2. Hogy f\u00f6ldi haz\u00e1nk vezet\u0151i t\u00f6rekedjenek biztos\u00edtani mindenki r\u00e9sz\u00e9re az emberhez m\u00e9lt\u00f3 \u00e9letet!<br \/>\nH\u00edvek: K\u00e9r\u00fcnk T\u00e9ged, hallgass meg minket!<br \/>\n3. Hogy a Krisztusban h\u00edv\u0151k mindny\u00e1jan elismerj\u00e9k Szent P\u00e9ter ut\u00f3dj\u00e1nak legf\u0151bb p\u00e1sztori k\u00fcldet\u00e9s\u00e9t!<br \/>\nH\u00edvek: K\u00e9r\u00fcnk T\u00e9ged, hallgass meg minket!<br \/>\n4. Hogy mindennapi munk\u00e1nkat \u00e9s k\u00f6teless\u00e9geinket kereszt\u00e9ny hivat\u00e1studattal v\u00e9gezz\u00fck!<br \/>\nH\u00edvek: K\u00e9r\u00fcnk T\u00e9ged, hallgass meg minket!<br \/>\n5. Hogy az Olt\u00e1riszents\u00e9gben a keny\u00e9r \u00e9s bor sz\u00edn\u00e9nek f\u00e1tyla alatt is felismerj\u00fck Megv\u00e1lt\u00f3 Urunkat!<br \/>\nH\u00edvek: K\u00e9r\u00fcnk T\u00e9ged, hallgass meg minket!<br \/>\nPap: Gondvisel\u0151 Aty\u00e1nk, Isten\u00fcnk! A f\u00f6ldi eledel\u00e9rt v\u00e1llalt f\u00e1radalmainkat tedd eredm\u00e9nyess\u00e9, lelk\u00fcnket pedig t\u00e1pl\u00e1ld igazs\u00e1goddal \u00e9s kegyelmeddel! Krisztus, a mi Urunk \u00e1ltal.<br \/>\nH\u00edvek: \u00c1men.<\/p>\n<p><span style=\"color: #ff6600;\">Felaj\u00e1nl\u00f3 k\u00f6ny\u00f6rg\u00e9s:<\/span><br \/>\nK\u00e9r\u00fcnk, Isten\u00fcnk, fogadd el ezeket az adom\u00e1nyokat ujjong\u00f3 Egyh\u00e1zadt\u00f3l, amelynek most ilyen nagy \u00f6r\u00f6met okozt\u00e1l. Add, hogy egykor az \u00f6r\u00f6k boldogs\u00e1got is \u00e9lvezze. Krisztus, a mi Urunk \u00e1ltal.<\/p>\n<p><span style=\"color: #ff6600;\">Pref\u00e1ci\u00f3:<\/span><br \/>\nAz \u00dar legyen veletek.<br \/>\nH.: \u00c9s a te lelkeddel.<br \/>\nEmelj\u00fck f\u00f6l sz\u00edv\u00fcnket.<br \/>\nH.: F\u00f6lemelt\u00fck az \u00darhoz.<br \/>\nAdjunk h\u00e1l\u00e1t Urunknak, Isten\u00fcnknek.<br \/>\nH.: M\u00e9lt\u00f3 \u00e9s igazs\u00e1gos.<br \/>\n(Mert) Val\u00f3ban m\u00e9lt\u00f3 \u00e9s igazs\u00e1gos, ill\u0151 \u00e9s \u00fcdv\u00f6s, hogy minden id\u0151ben magasztaljunk, Urunk, t\u00e9ged, de k\u00fcl\u00f6n\u00f6sen ezen a szent \u00fcnnepen, \u2013 mid\u0151n \u00e1ldozatt\u00e1 lett \u00e9rt\u00fcnk KRISZtus, a H\u00fasv\u00e9ti B\u00e1r\u00e1ny.<br \/>\nMert \u0151 az igazi B\u00e1r\u00e1ny, aki elvette a vil\u00e1g b\u0171neit, \u2013 hal\u00e1lunkat hal\u00e1l\u00e1val MEGt\u00f6rte, \u00e9s felt\u00e1mad\u00e1s\u00e1val \u00faj \u00e9letet szerzett n\u00e9k\u00fcnk.<br \/>\nA h\u00fasv\u00e9ti \u00f6r\u00f6m ez\u00e9rt ki\u00e1rad az eg\u00e9sz f\u00f6ldre, a nagyvil\u00e1g \u00f6rvendezve ujjong, a mennyei er\u0151k \u00e9s a hatalmas angyalok, \u2013 (a te) dics\u0151s\u00e9ged himnusz\u00e1t ZENgik, \u00e9s v\u00e9g n\u00e9lk\u00fcl mondj\u00e1k (\u00e9neklik):<\/p>\n<p><span style=\"color: #ff6600;\">\u00c1ldoz\u00e1si \u00e9nek:<\/span><br \/>\nJ\u00e9zus \u00edgy sz\u00f3lt tan\u00edtv\u00e1nyaihoz: J\u00f6jjetek \u00e9s egyetek! Majd fogta a kenyeret \u00e9s odaadta nekik, alleluja. (V\u00f6. Jn 21,12-13)<\/p>\n<p><span style=\"color: #ff6600;\">\u00c1ldoz\u00e1s ut\u00e1ni k\u00f6ny\u00f6rg\u00e9s:<\/span><br \/>\nUrunk, Isten\u00fcnk, tekints j\u00f3s\u00e1gosan n\u00e9pedre, \u00e9s akiket \u00f6r\u00f6k \u00e9letre sz\u00f3l\u00f3 szents\u00e9geiddel meg\u00faj\u00edtott\u00e1l, azokat juttasd el a megdics\u0151\u00fcl\u0151 test romolhatatlan felt\u00e1mad\u00e1s\u00e1ra. Krisztus, a mi Urunk \u00e1ltal.<\/p>\n<p><em>(Nyit\u00f3k\u00e9p: Eislingen &#8211; Emmauszi tan\u00edtv\u00e1nyok)<\/em><\/p>\n","protected":false},"excerpt":{"rendered":"<p>A tan\u00fas\u00e1gt\u00e9tel vas\u00e1rnapja &#8211; Meg\u00fajul\u00e1s kudarcainkon kereszt\u00fcl A tan\u00fas\u00e1gt\u00e9tel (g\u00f6r\u00f6g: mart\u00fcrion, latin: testimonium) eredetileg jogi fogalom. A Szent\u00edr\u00e1sban pedig ennek vall\u00e1si tartalm\u00e1val ismerkedhet\u00fcnk meg. Az olvasm\u00e1ny\u00a0P\u00e9ter apostolnak tan\u00fas\u00e1gt\u00e9tel\u00e9r\u0151l sz\u00f3l, aki f\u00e9lelemb\u0151l m\u00e9g megtagadja J\u00e9zus Krisztust. A felt\u00e1madottal val\u00f3 t\u00f6bbsz\u00f6ri tal\u00e1lkoz\u00e1sa mer\u0151ben megv\u00e1ltoztatja \u0151t. Hasonl\u00f3 v\u00e1ltoz\u00e1s megy v\u00e9gbe az apostolt\u00e1rsakban is. Most b\u00e1tran tan\u00fas\u00e1got tesznek hit\u00fckr\u0151l. &#8222;Mi ezeknek a dolgoknak tan\u00fai vagyunk a Szentl\u00e9lekkel egyetemben.&#8221; Milyen er\u0151 van ebben a mondatban! A szentlecke J\u00e1nos apostol l\u00e1tom\u00e1s\u00e1r\u00f3l sz\u00f3l. Tekinthetj\u00fck ezt a rem\u00e9ny \u00fczenet\u00e9nek is. K\u00fcl\u00f6n\u00f6sen fontos tan\u00edt\u00e1s ez a kereszt\u00e9ny ember sz\u00e1m\u00e1ra, hiszen ebben a jubileumi esztend\u0151ben a rem\u00e9ny zar\u00e1ndokaik\u00e9nt j\u00e1rjuk a magunk \u00fatj\u00e1t. A l\u00e1tom\u00e1s l\u00e9nyege: Krisztus \u00f6r\u00f6mh\u00edre egyetemes \u00e9s gy\u0151zelemre jut. A mai, er\u0151ltetett ideol\u00f3giai k\u00fczdelemben igazi er\u0151forr\u00e1s mindannyiunk sz\u00e1m\u00e1ra. Az evang\u00e9liumban arr\u00f3l hallunk, hogy J\u00e9zus Krisztus a hal\u00e1lb\u00f3l val\u00f3 felt\u00e1mad\u00e1s\u00e1t k\u00f6vet\u0151en harmadik alkalommal jelenik meg az apostoloknak. T\u00f6bb \u00e9rdekes mozzanatra is felfigyelhet\u00fcnk: &#8211; Ez az esem\u00e9ny m\u00e1r a k\u00e9telked\u0151 Tam\u00e1s apostol \u00e9s a t\u00f6bbi apostollal t\u00f6rt\u00e9n\u0151 megjelen\u00e9s ut\u00e1n van. Vagyis, a teljes bizonyoss\u00e1ghoz vezet\u0151 \u00fat mindannyiunk sz\u00e1m\u00e1ra hossz\u00fa. Benne pedig helyet kap a k\u00e9tely, f\u00e9lelem, kishit\u0171s\u00e9g. &#8211; Egy kudarcos \u00e9s eredm\u00e9nytelen \u00e9jszaka ut\u00e1n vannak. Tal\u00e1n ennek is k\u00f6sz\u00f6nhet\u0151, hogy kezdetben nem ismerik fel a parton \u00e1ll\u00f3 J\u00e9zust. Egyszer\u0171 a k\u00f6vetkeztet\u00e9s: kudarcaink \u00e9s sikertelens\u00e9geink hatalmukba ker\u00edtenek. Nem l\u00e1tunk kiutat abb\u00f3l a helyzetb\u0151l. &#8211; J\u00e9zus arra k\u00e9ri \u0151ket, hogy menjenek vissza kudarcaik hely\u00e9re. &#8222;Vess\u00e9tek ki a h\u00e1l\u00f3t!&#8221; &#8211; Engedelmeskednek, s ennek gy\u00fcm\u00f6lcse \u00e9s jutalma a halakkal teli h\u00e1l\u00f3. A kudarc jelentette f\u00e1tyolk\u00f6d elt\u0171nik, felismerik a parton \u00e1ll\u00f3 Krisztust. &#8211; J\u00e9zus hallal \u00e9s keny\u00e9rrel v\u00e1rja \u0151ket. Azonban sz\u00fcks\u00e9g van az \u00e1ltaluk kifogott halakra is. Gy\u00f6ny\u00f6r\u0171 a szimbolikus \u00e9rtelme ennek a jelenetnek! J\u00e9zusnak sz\u00fcks\u00e9ge van az \u00c9n kifogott halamra, vagyis munk\u00e1mra. &#8211; Nem P\u00e9ter apostol megleck\u00e9ztet\u00e9s\u00e9r\u0151l van sz\u00f3, amikor J\u00e9zus h\u00e1romszor is megk\u00e9rdezi P\u00e9tert, hogy szereti-e \u0150t. P\u00e9ter apostol sz\u00e1m\u00e1ra a h\u00e1romszori tagad\u00e1s&#8230; <\/p>\n<p><a class=\"readmore\" href=\"https:\/\/stuttgarti-katolikusok.de\/index.php\/husvet-3-vasarnapja-3\/\">R\u00e9szletek<\/a><\/p>\n","protected":false},"author":3,"featured_media":26677,"comment_status":"closed","ping_status":"closed","sticky":false,"template":"","format":"standard","meta":{"footnotes":""},"categories":[85,63],"tags":[],"class_list":["post-30902","post","type-post","status-publish","format-standard","has-post-thumbnail","hentry","category-a-liturgia-olvasmanyai","category-vasarnapi-gondolatok"],"yoast_head":"<!-- This site is optimized with the Yoast SEO plugin v27.3 - https:\/\/yoast.com\/product\/yoast-seo-wordpress\/ -->\n<title>H\u00fasv\u00e9t 3. vas\u00e1rnapja - Stuttgarti Katolikusok<\/title>\n<meta name=\"robots\" content=\"index, follow, max-snippet:-1, max-image-preview:large, max-video-preview:-1\" \/>\n<link rel=\"canonical\" href=\"https:\/\/stuttgarti-katolikusok.de\/index.php\/husvet-3-vasarnapja-3\/\" \/>\n<meta property=\"og:locale\" content=\"hu_HU\" \/>\n<meta property=\"og:type\" content=\"article\" \/>\n<meta property=\"og:title\" content=\"H\u00fasv\u00e9t 3. vas\u00e1rnapja - Stuttgarti Katolikusok\" \/>\n<meta property=\"og:description\" content=\"A tan\u00fas\u00e1gt\u00e9tel vas\u00e1rnapja &#8211; Meg\u00fajul\u00e1s kudarcainkon kereszt\u00fcl A tan\u00fas\u00e1gt\u00e9tel (g\u00f6r\u00f6g: mart\u00fcrion, latin: testimonium) eredetileg jogi fogalom. A Szent\u00edr\u00e1sban pedig ennek vall\u00e1si tartalm\u00e1val ismerkedhet\u00fcnk meg. Az olvasm\u00e1ny\u00a0P\u00e9ter apostolnak tan\u00fas\u00e1gt\u00e9tel\u00e9r\u0151l sz\u00f3l, aki f\u00e9lelemb\u0151l m\u00e9g megtagadja J\u00e9zus Krisztust. A felt\u00e1madottal val\u00f3 t\u00f6bbsz\u00f6ri tal\u00e1lkoz\u00e1sa mer\u0151ben megv\u00e1ltoztatja \u0151t. Hasonl\u00f3 v\u00e1ltoz\u00e1s megy v\u00e9gbe az apostolt\u00e1rsakban is. Most b\u00e1tran tan\u00fas\u00e1got tesznek hit\u00fckr\u0151l. &#8222;Mi ezeknek a dolgoknak tan\u00fai vagyunk a Szentl\u00e9lekkel egyetemben.&#8221; Milyen er\u0151 van ebben a mondatban! A szentlecke J\u00e1nos apostol l\u00e1tom\u00e1s\u00e1r\u00f3l sz\u00f3l. Tekinthetj\u00fck ezt a rem\u00e9ny \u00fczenet\u00e9nek is. K\u00fcl\u00f6n\u00f6sen fontos tan\u00edt\u00e1s ez a kereszt\u00e9ny ember sz\u00e1m\u00e1ra, hiszen ebben a jubileumi esztend\u0151ben a rem\u00e9ny zar\u00e1ndokaik\u00e9nt j\u00e1rjuk a magunk \u00fatj\u00e1t. A l\u00e1tom\u00e1s l\u00e9nyege: Krisztus \u00f6r\u00f6mh\u00edre egyetemes \u00e9s gy\u0151zelemre jut. A mai, er\u0151ltetett ideol\u00f3giai k\u00fczdelemben igazi er\u0151forr\u00e1s mindannyiunk sz\u00e1m\u00e1ra. Az evang\u00e9liumban arr\u00f3l hallunk, hogy J\u00e9zus Krisztus a hal\u00e1lb\u00f3l val\u00f3 felt\u00e1mad\u00e1s\u00e1t k\u00f6vet\u0151en harmadik alkalommal jelenik meg az apostoloknak. T\u00f6bb \u00e9rdekes mozzanatra is felfigyelhet\u00fcnk: &#8211; Ez az esem\u00e9ny m\u00e1r a k\u00e9telked\u0151 Tam\u00e1s apostol \u00e9s a t\u00f6bbi apostollal t\u00f6rt\u00e9n\u0151 megjelen\u00e9s ut\u00e1n van. Vagyis, a teljes bizonyoss\u00e1ghoz vezet\u0151 \u00fat mindannyiunk sz\u00e1m\u00e1ra hossz\u00fa. Benne pedig helyet kap a k\u00e9tely, f\u00e9lelem, kishit\u0171s\u00e9g. &#8211; Egy kudarcos \u00e9s eredm\u00e9nytelen \u00e9jszaka ut\u00e1n vannak. Tal\u00e1n ennek is k\u00f6sz\u00f6nhet\u0151, hogy kezdetben nem ismerik fel a parton \u00e1ll\u00f3 J\u00e9zust. Egyszer\u0171 a k\u00f6vetkeztet\u00e9s: kudarcaink \u00e9s sikertelens\u00e9geink hatalmukba ker\u00edtenek. Nem l\u00e1tunk kiutat abb\u00f3l a helyzetb\u0151l. &#8211; J\u00e9zus arra k\u00e9ri \u0151ket, hogy menjenek vissza kudarcaik hely\u00e9re. &#8222;Vess\u00e9tek ki a h\u00e1l\u00f3t!&#8221; &#8211; Engedelmeskednek, s ennek gy\u00fcm\u00f6lcse \u00e9s jutalma a halakkal teli h\u00e1l\u00f3. A kudarc jelentette f\u00e1tyolk\u00f6d elt\u0171nik, felismerik a parton \u00e1ll\u00f3 Krisztust. &#8211; J\u00e9zus hallal \u00e9s keny\u00e9rrel v\u00e1rja \u0151ket. Azonban sz\u00fcks\u00e9g van az \u00e1ltaluk kifogott halakra is. Gy\u00f6ny\u00f6r\u0171 a szimbolikus \u00e9rtelme ennek a jelenetnek! J\u00e9zusnak sz\u00fcks\u00e9ge van az \u00c9n kifogott halamra, vagyis munk\u00e1mra. &#8211; Nem P\u00e9ter apostol megleck\u00e9ztet\u00e9s\u00e9r\u0151l van sz\u00f3, amikor J\u00e9zus h\u00e1romszor is megk\u00e9rdezi P\u00e9tert, hogy szereti-e \u0150t. P\u00e9ter apostol sz\u00e1m\u00e1ra a h\u00e1romszori tagad\u00e1s... R\u00e9szletek\" \/>\n<meta property=\"og:url\" content=\"https:\/\/stuttgarti-katolikusok.de\/index.php\/husvet-3-vasarnapja-3\/\" \/>\n<meta property=\"og:site_name\" content=\"Stuttgarti Katolikusok\" \/>\n<meta property=\"article:published_time\" content=\"2025-05-03T11:07:21+00:00\" \/>\n<meta property=\"article:modified_time\" content=\"2025-05-03T11:23:41+00:00\" \/>\n<meta property=\"og:image\" content=\"https:\/\/stuttgarti-katolikusok.de\/wp-content\/uploads\/2023\/04\/eislingen-emmausz.jpg\" \/>\n\t<meta property=\"og:image:width\" content=\"1976\" \/>\n\t<meta property=\"og:image:height\" content=\"1100\" \/>\n\t<meta property=\"og:image:type\" content=\"image\/jpeg\" \/>\n<meta name=\"author\" content=\"Tibor atya\" \/>\n<meta name=\"twitter:card\" content=\"summary_large_image\" \/>\n<meta name=\"twitter:label1\" content=\"Szerz\u0151:\" \/>\n\t<meta name=\"twitter:data1\" content=\"Tibor atya\" \/>\n\t<meta name=\"twitter:label2\" content=\"Becs\u00fclt olvas\u00e1si id\u0151\" \/>\n\t<meta name=\"twitter:data2\" content=\"9 perc\" \/>\n<script type=\"application\/ld+json\" class=\"yoast-schema-graph\">{\"@context\":\"https:\\\/\\\/schema.org\",\"@graph\":[{\"@type\":\"Article\",\"@id\":\"https:\\\/\\\/stuttgarti-katolikusok.de\\\/index.php\\\/husvet-3-vasarnapja-3\\\/#article\",\"isPartOf\":{\"@id\":\"https:\\\/\\\/stuttgarti-katolikusok.de\\\/index.php\\\/husvet-3-vasarnapja-3\\\/\"},\"author\":{\"name\":\"Tibor atya\",\"@id\":\"https:\\\/\\\/stuttgarti-katolikusok.de\\\/#\\\/schema\\\/person\\\/75908d6f8fdc03a57889d27209df7795\"},\"headline\":\"H\u00fasv\u00e9t 3. vas\u00e1rnapja\",\"datePublished\":\"2025-05-03T11:07:21+00:00\",\"dateModified\":\"2025-05-03T11:23:41+00:00\",\"mainEntityOfPage\":{\"@id\":\"https:\\\/\\\/stuttgarti-katolikusok.de\\\/index.php\\\/husvet-3-vasarnapja-3\\\/\"},\"wordCount\":2304,\"image\":{\"@id\":\"https:\\\/\\\/stuttgarti-katolikusok.de\\\/index.php\\\/husvet-3-vasarnapja-3\\\/#primaryimage\"},\"thumbnailUrl\":\"https:\\\/\\\/stuttgarti-katolikusok.de\\\/wp-content\\\/uploads\\\/2023\\\/04\\\/eislingen-emmausz.jpg\",\"articleSection\":[\"A liturgia olvasm\u00e1nyai\",\"Vas\u00e1rnapi gondolatok\"],\"inLanguage\":\"hu\"},{\"@type\":\"WebPage\",\"@id\":\"https:\\\/\\\/stuttgarti-katolikusok.de\\\/index.php\\\/husvet-3-vasarnapja-3\\\/\",\"url\":\"https:\\\/\\\/stuttgarti-katolikusok.de\\\/index.php\\\/husvet-3-vasarnapja-3\\\/\",\"name\":\"H\u00fasv\u00e9t 3. vas\u00e1rnapja - Stuttgarti Katolikusok\",\"isPartOf\":{\"@id\":\"https:\\\/\\\/stuttgarti-katolikusok.de\\\/#website\"},\"primaryImageOfPage\":{\"@id\":\"https:\\\/\\\/stuttgarti-katolikusok.de\\\/index.php\\\/husvet-3-vasarnapja-3\\\/#primaryimage\"},\"image\":{\"@id\":\"https:\\\/\\\/stuttgarti-katolikusok.de\\\/index.php\\\/husvet-3-vasarnapja-3\\\/#primaryimage\"},\"thumbnailUrl\":\"https:\\\/\\\/stuttgarti-katolikusok.de\\\/wp-content\\\/uploads\\\/2023\\\/04\\\/eislingen-emmausz.jpg\",\"datePublished\":\"2025-05-03T11:07:21+00:00\",\"dateModified\":\"2025-05-03T11:23:41+00:00\",\"author\":{\"@id\":\"https:\\\/\\\/stuttgarti-katolikusok.de\\\/#\\\/schema\\\/person\\\/75908d6f8fdc03a57889d27209df7795\"},\"breadcrumb\":{\"@id\":\"https:\\\/\\\/stuttgarti-katolikusok.de\\\/index.php\\\/husvet-3-vasarnapja-3\\\/#breadcrumb\"},\"inLanguage\":\"hu\",\"potentialAction\":[{\"@type\":\"ReadAction\",\"target\":[\"https:\\\/\\\/stuttgarti-katolikusok.de\\\/index.php\\\/husvet-3-vasarnapja-3\\\/\"]}]},{\"@type\":\"ImageObject\",\"inLanguage\":\"hu\",\"@id\":\"https:\\\/\\\/stuttgarti-katolikusok.de\\\/index.php\\\/husvet-3-vasarnapja-3\\\/#primaryimage\",\"url\":\"https:\\\/\\\/stuttgarti-katolikusok.de\\\/wp-content\\\/uploads\\\/2023\\\/04\\\/eislingen-emmausz.jpg\",\"contentUrl\":\"https:\\\/\\\/stuttgarti-katolikusok.de\\\/wp-content\\\/uploads\\\/2023\\\/04\\\/eislingen-emmausz.jpg\",\"width\":1976,\"height\":1100},{\"@type\":\"BreadcrumbList\",\"@id\":\"https:\\\/\\\/stuttgarti-katolikusok.de\\\/index.php\\\/husvet-3-vasarnapja-3\\\/#breadcrumb\",\"itemListElement\":[{\"@type\":\"ListItem\",\"position\":1,\"name\":\"Kezd\u0151lap\",\"item\":\"https:\\\/\\\/stuttgarti-katolikusok.de\\\/\"},{\"@type\":\"ListItem\",\"position\":2,\"name\":\"H\u00fasv\u00e9t 3. vas\u00e1rnapja\"}]},{\"@type\":\"WebSite\",\"@id\":\"https:\\\/\\\/stuttgarti-katolikusok.de\\\/#website\",\"url\":\"https:\\\/\\\/stuttgarti-katolikusok.de\\\/\",\"name\":\"Stuttgarti Katolikusok\",\"description\":\"\",\"potentialAction\":[{\"@type\":\"SearchAction\",\"target\":{\"@type\":\"EntryPoint\",\"urlTemplate\":\"https:\\\/\\\/stuttgarti-katolikusok.de\\\/?s={search_term_string}\"},\"query-input\":{\"@type\":\"PropertyValueSpecification\",\"valueRequired\":true,\"valueName\":\"search_term_string\"}}],\"inLanguage\":\"hu\"},{\"@type\":\"Person\",\"@id\":\"https:\\\/\\\/stuttgarti-katolikusok.de\\\/#\\\/schema\\\/person\\\/75908d6f8fdc03a57889d27209df7795\",\"name\":\"Tibor atya\",\"image\":{\"@type\":\"ImageObject\",\"inLanguage\":\"hu\",\"@id\":\"https:\\\/\\\/secure.gravatar.com\\\/avatar\\\/61d268e57d1f4525b111222e29d2d5a7f8c420fdbf231ba5566a8ceac74fa960?s=96&d=mm&r=g\",\"url\":\"https:\\\/\\\/secure.gravatar.com\\\/avatar\\\/61d268e57d1f4525b111222e29d2d5a7f8c420fdbf231ba5566a8ceac74fa960?s=96&d=mm&r=g\",\"contentUrl\":\"https:\\\/\\\/secure.gravatar.com\\\/avatar\\\/61d268e57d1f4525b111222e29d2d5a7f8c420fdbf231ba5566a8ceac74fa960?s=96&d=mm&r=g\",\"caption\":\"Tibor atya\"},\"url\":\"https:\\\/\\\/stuttgarti-katolikusok.de\\\/index.php\\\/author\\\/tibor-atya\\\/\"}]}<\/script>\n<!-- \/ Yoast SEO plugin. -->","yoast_head_json":{"title":"H\u00fasv\u00e9t 3. vas\u00e1rnapja - Stuttgarti Katolikusok","robots":{"index":"index","follow":"follow","max-snippet":"max-snippet:-1","max-image-preview":"max-image-preview:large","max-video-preview":"max-video-preview:-1"},"canonical":"https:\/\/stuttgarti-katolikusok.de\/index.php\/husvet-3-vasarnapja-3\/","og_locale":"hu_HU","og_type":"article","og_title":"H\u00fasv\u00e9t 3. vas\u00e1rnapja - Stuttgarti Katolikusok","og_description":"A tan\u00fas\u00e1gt\u00e9tel vas\u00e1rnapja &#8211; Meg\u00fajul\u00e1s kudarcainkon kereszt\u00fcl A tan\u00fas\u00e1gt\u00e9tel (g\u00f6r\u00f6g: mart\u00fcrion, latin: testimonium) eredetileg jogi fogalom. A Szent\u00edr\u00e1sban pedig ennek vall\u00e1si tartalm\u00e1val ismerkedhet\u00fcnk meg. Az olvasm\u00e1ny\u00a0P\u00e9ter apostolnak tan\u00fas\u00e1gt\u00e9tel\u00e9r\u0151l sz\u00f3l, aki f\u00e9lelemb\u0151l m\u00e9g megtagadja J\u00e9zus Krisztust. A felt\u00e1madottal val\u00f3 t\u00f6bbsz\u00f6ri tal\u00e1lkoz\u00e1sa mer\u0151ben megv\u00e1ltoztatja \u0151t. Hasonl\u00f3 v\u00e1ltoz\u00e1s megy v\u00e9gbe az apostolt\u00e1rsakban is. Most b\u00e1tran tan\u00fas\u00e1got tesznek hit\u00fckr\u0151l. &#8222;Mi ezeknek a dolgoknak tan\u00fai vagyunk a Szentl\u00e9lekkel egyetemben.&#8221; Milyen er\u0151 van ebben a mondatban! A szentlecke J\u00e1nos apostol l\u00e1tom\u00e1s\u00e1r\u00f3l sz\u00f3l. Tekinthetj\u00fck ezt a rem\u00e9ny \u00fczenet\u00e9nek is. K\u00fcl\u00f6n\u00f6sen fontos tan\u00edt\u00e1s ez a kereszt\u00e9ny ember sz\u00e1m\u00e1ra, hiszen ebben a jubileumi esztend\u0151ben a rem\u00e9ny zar\u00e1ndokaik\u00e9nt j\u00e1rjuk a magunk \u00fatj\u00e1t. A l\u00e1tom\u00e1s l\u00e9nyege: Krisztus \u00f6r\u00f6mh\u00edre egyetemes \u00e9s gy\u0151zelemre jut. A mai, er\u0151ltetett ideol\u00f3giai k\u00fczdelemben igazi er\u0151forr\u00e1s mindannyiunk sz\u00e1m\u00e1ra. Az evang\u00e9liumban arr\u00f3l hallunk, hogy J\u00e9zus Krisztus a hal\u00e1lb\u00f3l val\u00f3 felt\u00e1mad\u00e1s\u00e1t k\u00f6vet\u0151en harmadik alkalommal jelenik meg az apostoloknak. T\u00f6bb \u00e9rdekes mozzanatra is felfigyelhet\u00fcnk: &#8211; Ez az esem\u00e9ny m\u00e1r a k\u00e9telked\u0151 Tam\u00e1s apostol \u00e9s a t\u00f6bbi apostollal t\u00f6rt\u00e9n\u0151 megjelen\u00e9s ut\u00e1n van. Vagyis, a teljes bizonyoss\u00e1ghoz vezet\u0151 \u00fat mindannyiunk sz\u00e1m\u00e1ra hossz\u00fa. Benne pedig helyet kap a k\u00e9tely, f\u00e9lelem, kishit\u0171s\u00e9g. &#8211; Egy kudarcos \u00e9s eredm\u00e9nytelen \u00e9jszaka ut\u00e1n vannak. Tal\u00e1n ennek is k\u00f6sz\u00f6nhet\u0151, hogy kezdetben nem ismerik fel a parton \u00e1ll\u00f3 J\u00e9zust. Egyszer\u0171 a k\u00f6vetkeztet\u00e9s: kudarcaink \u00e9s sikertelens\u00e9geink hatalmukba ker\u00edtenek. Nem l\u00e1tunk kiutat abb\u00f3l a helyzetb\u0151l. &#8211; J\u00e9zus arra k\u00e9ri \u0151ket, hogy menjenek vissza kudarcaik hely\u00e9re. &#8222;Vess\u00e9tek ki a h\u00e1l\u00f3t!&#8221; &#8211; Engedelmeskednek, s ennek gy\u00fcm\u00f6lcse \u00e9s jutalma a halakkal teli h\u00e1l\u00f3. A kudarc jelentette f\u00e1tyolk\u00f6d elt\u0171nik, felismerik a parton \u00e1ll\u00f3 Krisztust. &#8211; J\u00e9zus hallal \u00e9s keny\u00e9rrel v\u00e1rja \u0151ket. Azonban sz\u00fcks\u00e9g van az \u00e1ltaluk kifogott halakra is. Gy\u00f6ny\u00f6r\u0171 a szimbolikus \u00e9rtelme ennek a jelenetnek! J\u00e9zusnak sz\u00fcks\u00e9ge van az \u00c9n kifogott halamra, vagyis munk\u00e1mra. &#8211; Nem P\u00e9ter apostol megleck\u00e9ztet\u00e9s\u00e9r\u0151l van sz\u00f3, amikor J\u00e9zus h\u00e1romszor is megk\u00e9rdezi P\u00e9tert, hogy szereti-e \u0150t. P\u00e9ter apostol sz\u00e1m\u00e1ra a h\u00e1romszori tagad\u00e1s... R\u00e9szletek","og_url":"https:\/\/stuttgarti-katolikusok.de\/index.php\/husvet-3-vasarnapja-3\/","og_site_name":"Stuttgarti Katolikusok","article_published_time":"2025-05-03T11:07:21+00:00","article_modified_time":"2025-05-03T11:23:41+00:00","og_image":[{"width":1976,"height":1100,"url":"https:\/\/stuttgarti-katolikusok.de\/wp-content\/uploads\/2023\/04\/eislingen-emmausz.jpg","type":"image\/jpeg"}],"author":"Tibor atya","twitter_card":"summary_large_image","twitter_misc":{"Szerz\u0151:":"Tibor atya","Becs\u00fclt olvas\u00e1si id\u0151":"9 perc"},"schema":{"@context":"https:\/\/schema.org","@graph":[{"@type":"Article","@id":"https:\/\/stuttgarti-katolikusok.de\/index.php\/husvet-3-vasarnapja-3\/#article","isPartOf":{"@id":"https:\/\/stuttgarti-katolikusok.de\/index.php\/husvet-3-vasarnapja-3\/"},"author":{"name":"Tibor atya","@id":"https:\/\/stuttgarti-katolikusok.de\/#\/schema\/person\/75908d6f8fdc03a57889d27209df7795"},"headline":"H\u00fasv\u00e9t 3. vas\u00e1rnapja","datePublished":"2025-05-03T11:07:21+00:00","dateModified":"2025-05-03T11:23:41+00:00","mainEntityOfPage":{"@id":"https:\/\/stuttgarti-katolikusok.de\/index.php\/husvet-3-vasarnapja-3\/"},"wordCount":2304,"image":{"@id":"https:\/\/stuttgarti-katolikusok.de\/index.php\/husvet-3-vasarnapja-3\/#primaryimage"},"thumbnailUrl":"https:\/\/stuttgarti-katolikusok.de\/wp-content\/uploads\/2023\/04\/eislingen-emmausz.jpg","articleSection":["A liturgia olvasm\u00e1nyai","Vas\u00e1rnapi gondolatok"],"inLanguage":"hu"},{"@type":"WebPage","@id":"https:\/\/stuttgarti-katolikusok.de\/index.php\/husvet-3-vasarnapja-3\/","url":"https:\/\/stuttgarti-katolikusok.de\/index.php\/husvet-3-vasarnapja-3\/","name":"H\u00fasv\u00e9t 3. vas\u00e1rnapja - Stuttgarti Katolikusok","isPartOf":{"@id":"https:\/\/stuttgarti-katolikusok.de\/#website"},"primaryImageOfPage":{"@id":"https:\/\/stuttgarti-katolikusok.de\/index.php\/husvet-3-vasarnapja-3\/#primaryimage"},"image":{"@id":"https:\/\/stuttgarti-katolikusok.de\/index.php\/husvet-3-vasarnapja-3\/#primaryimage"},"thumbnailUrl":"https:\/\/stuttgarti-katolikusok.de\/wp-content\/uploads\/2023\/04\/eislingen-emmausz.jpg","datePublished":"2025-05-03T11:07:21+00:00","dateModified":"2025-05-03T11:23:41+00:00","author":{"@id":"https:\/\/stuttgarti-katolikusok.de\/#\/schema\/person\/75908d6f8fdc03a57889d27209df7795"},"breadcrumb":{"@id":"https:\/\/stuttgarti-katolikusok.de\/index.php\/husvet-3-vasarnapja-3\/#breadcrumb"},"inLanguage":"hu","potentialAction":[{"@type":"ReadAction","target":["https:\/\/stuttgarti-katolikusok.de\/index.php\/husvet-3-vasarnapja-3\/"]}]},{"@type":"ImageObject","inLanguage":"hu","@id":"https:\/\/stuttgarti-katolikusok.de\/index.php\/husvet-3-vasarnapja-3\/#primaryimage","url":"https:\/\/stuttgarti-katolikusok.de\/wp-content\/uploads\/2023\/04\/eislingen-emmausz.jpg","contentUrl":"https:\/\/stuttgarti-katolikusok.de\/wp-content\/uploads\/2023\/04\/eislingen-emmausz.jpg","width":1976,"height":1100},{"@type":"BreadcrumbList","@id":"https:\/\/stuttgarti-katolikusok.de\/index.php\/husvet-3-vasarnapja-3\/#breadcrumb","itemListElement":[{"@type":"ListItem","position":1,"name":"Kezd\u0151lap","item":"https:\/\/stuttgarti-katolikusok.de\/"},{"@type":"ListItem","position":2,"name":"H\u00fasv\u00e9t 3. vas\u00e1rnapja"}]},{"@type":"WebSite","@id":"https:\/\/stuttgarti-katolikusok.de\/#website","url":"https:\/\/stuttgarti-katolikusok.de\/","name":"Stuttgarti Katolikusok","description":"","potentialAction":[{"@type":"SearchAction","target":{"@type":"EntryPoint","urlTemplate":"https:\/\/stuttgarti-katolikusok.de\/?s={search_term_string}"},"query-input":{"@type":"PropertyValueSpecification","valueRequired":true,"valueName":"search_term_string"}}],"inLanguage":"hu"},{"@type":"Person","@id":"https:\/\/stuttgarti-katolikusok.de\/#\/schema\/person\/75908d6f8fdc03a57889d27209df7795","name":"Tibor atya","image":{"@type":"ImageObject","inLanguage":"hu","@id":"https:\/\/secure.gravatar.com\/avatar\/61d268e57d1f4525b111222e29d2d5a7f8c420fdbf231ba5566a8ceac74fa960?s=96&d=mm&r=g","url":"https:\/\/secure.gravatar.com\/avatar\/61d268e57d1f4525b111222e29d2d5a7f8c420fdbf231ba5566a8ceac74fa960?s=96&d=mm&r=g","contentUrl":"https:\/\/secure.gravatar.com\/avatar\/61d268e57d1f4525b111222e29d2d5a7f8c420fdbf231ba5566a8ceac74fa960?s=96&d=mm&r=g","caption":"Tibor atya"},"url":"https:\/\/stuttgarti-katolikusok.de\/index.php\/author\/tibor-atya\/"}]}},"_links":{"self":[{"href":"https:\/\/stuttgarti-katolikusok.de\/index.php\/wp-json\/wp\/v2\/posts\/30902","targetHints":{"allow":["GET"]}}],"collection":[{"href":"https:\/\/stuttgarti-katolikusok.de\/index.php\/wp-json\/wp\/v2\/posts"}],"about":[{"href":"https:\/\/stuttgarti-katolikusok.de\/index.php\/wp-json\/wp\/v2\/types\/post"}],"author":[{"embeddable":true,"href":"https:\/\/stuttgarti-katolikusok.de\/index.php\/wp-json\/wp\/v2\/users\/3"}],"replies":[{"embeddable":true,"href":"https:\/\/stuttgarti-katolikusok.de\/index.php\/wp-json\/wp\/v2\/comments?post=30902"}],"version-history":[{"count":6,"href":"https:\/\/stuttgarti-katolikusok.de\/index.php\/wp-json\/wp\/v2\/posts\/30902\/revisions"}],"predecessor-version":[{"id":30908,"href":"https:\/\/stuttgarti-katolikusok.de\/index.php\/wp-json\/wp\/v2\/posts\/30902\/revisions\/30908"}],"wp:featuredmedia":[{"embeddable":true,"href":"https:\/\/stuttgarti-katolikusok.de\/index.php\/wp-json\/wp\/v2\/media\/26677"}],"wp:attachment":[{"href":"https:\/\/stuttgarti-katolikusok.de\/index.php\/wp-json\/wp\/v2\/media?parent=30902"}],"wp:term":[{"taxonomy":"category","embeddable":true,"href":"https:\/\/stuttgarti-katolikusok.de\/index.php\/wp-json\/wp\/v2\/categories?post=30902"},{"taxonomy":"post_tag","embeddable":true,"href":"https:\/\/stuttgarti-katolikusok.de\/index.php\/wp-json\/wp\/v2\/tags?post=30902"}],"curies":[{"name":"wp","href":"https:\/\/api.w.org\/{rel}","templated":true}]}}