{"id":30871,"date":"2025-04-29T11:28:14","date_gmt":"2025-04-29T09:28:14","guid":{"rendered":"https:\/\/stuttgarti-katolikusok.de\/?p=30871"},"modified":"2025-04-29T12:10:45","modified_gmt":"2025-04-29T10:10:45","slug":"30871","status":"publish","type":"post","link":"https:\/\/stuttgarti-katolikusok.de\/index.php\/30871\/","title":{"rendered":"2025. \u00c1PRILIS 28 \u00c9S M\u00c1JUS 4 K\u00d6Z\u00d6TT"},"content":{"rendered":"<p><span style=\"color: #ff6600;\"><strong><em>Programel\u0151zetes<\/em><\/strong><\/span><\/p>\n<p style=\"text-align: center;\"><strong><span style=\"color: #ff6600;\">\u00a0*<\/span><\/strong><\/p>\n<p><strong>M\u00e1jus 1-j\u00e9n<\/strong>, cs\u00fct\u00f6rt\u00f6k\u00f6n<em>, <span style=\"color: #ff6600;\"><strong>Szent J\u00f3zsef a munk\u00e1s \u00fcnnepe. <\/strong><\/span><\/em><\/p>\n<p><strong>Weingartenben<\/strong> 10.00 \u00f3rakor<em> szentmise <\/em>a <em>14 Nothelfer Kapelle<\/em>-ben.<\/p>\n<p style=\"text-align: center;\"><span style=\"color: #ff6600;\"><strong>\u00a0*<\/strong><\/span><\/p>\n<p><strong>M\u00e1jus 2-\u00e1n, <\/strong>p\u00e9nteken<em>, <strong>Stuttgarti d\u00e9lut\u00e1n<\/strong>, <\/em>17.30 \u00f3rakor <em>r\u00f3zsaf\u00fcz\u00e9rt im\u00e1dkozunk, <\/em>18.00 \u00f3rakor<em> szentmise <\/em>\u00e9s <em>m\u00e1jusi \u00e1jtatoss\u00e1g. <\/em><\/p>\n<p style=\"text-align: center;\"><span style=\"color: #ff6600;\"><strong>\u00a0*<\/strong><\/span><\/p>\n<p><strong>M\u00e1jus 3-\u00e1n<\/strong>, szombaton,<strong> Balingenben<\/strong> 16.00 \u00f3rakor <em>szentmise, <\/em>ut\u00e1na <em>agap\u00e9. <\/em>A szentmise keret\u00e9ben k\u00f6sz\u00f6ntj\u00fck az <em>\u00e9desany\u00e1kat, nagymam\u00e1kat.<\/em><\/p>\n<p style=\"text-align: center;\"><span style=\"color: #ff6600;\"><strong>*<\/strong><\/span><\/p>\n<p><strong>M\u00e1jus 4-\u00e9n<em>,<\/em><\/strong> <strong><em><span style=\"color: #ff6600;\">H\u00fasv\u00e9t 3. vas\u00e1rnapja<\/span><\/em><\/strong><em>, <strong><span style=\"color: #ff6600;\">Any\u00e1k napja<\/span><\/strong><\/em><\/p>\n<p><strong>Schw<\/strong><strong>\u00e4bisch<\/strong><strong>-Gm\u00fcndben <\/strong>9.30 \u00f3rakor<em> szentmise, <\/em>ut\u00e1na <em>agap\u00e9.<\/em><\/p>\n<p>Egyben k\u00f6z\u00f6ss\u00e9g\u00fcnk v\u00e9d\u0151szentj\u00e9t, <span style=\"color: #ff6600;\"><strong><em>Boldog Bajor Gizell\u00e1t<\/em><\/strong><\/span> k\u00f6sz\u00f6ntj\u00fck, k\u00f6zs\u00e9g\u00fcnk b\u00facs\u00fa\u00fcnnep\u00e9t is \u00fclj\u00fck.<\/p>\n<p style=\"text-align: center;\"><a href=\"https:\/\/stuttgarti-katolikusok.de\/wp-content\/uploads\/2025\/04\/boldog-bajor-gizella.jpg\"><img loading=\"lazy\" decoding=\"async\" class=\"alignnone size-full wp-image-30872\" src=\"https:\/\/stuttgarti-katolikusok.de\/wp-content\/uploads\/2025\/04\/boldog-bajor-gizella.jpg\" alt=\"\" width=\"302\" height=\"432\" srcset=\"https:\/\/stuttgarti-katolikusok.de\/wp-content\/uploads\/2025\/04\/boldog-bajor-gizella.jpg 302w, https:\/\/stuttgarti-katolikusok.de\/wp-content\/uploads\/2025\/04\/boldog-bajor-gizella-210x300.jpg 210w\" sizes=\"auto, (max-width: 302px) 100vw, 302px\" \/><\/a><\/p>\n<p style=\"text-align: center;\"><em>(Miseruha r\u00e9szlet &#8211; Sab\u0103u-Trifu Cristina)<\/em><\/p>\n<p><strong>Stuttgartban <\/strong>15.00 \u00f3rakor<em> gyermek-istentisztelet, szentmise,<\/em> ut\u00e1na <em>agap\u00e9.<\/em><\/p>\n<p>Gyermekeink k\u00f6sz\u00f6ntik az \u00e9desany\u00e1kat, nagymam\u00e1kat.<\/p>\n<p style=\"text-align: center;\"><span style=\"color: #ff6600;\"><strong>*<\/strong><\/span><\/p>\n<p>Minden helyen mindenkit szeretettel v\u00e1r a k\u00f6z\u00f6ss\u00e9g \u00e9s Tibor atya!<\/p>\n<p style=\"text-align: center;\"><span style=\"color: #ff6600;\"><strong>*<\/strong><\/span><\/p>\n<p><a href=\"https:\/\/stuttgarti-katolikusok.de\/wp-content\/uploads\/2023\/04\/eislingen-feltamadas.jpg\"><img loading=\"lazy\" decoding=\"async\" class=\"alignnone size-full wp-image-26645\" src=\"https:\/\/stuttgarti-katolikusok.de\/wp-content\/uploads\/2023\/04\/eislingen-feltamadas.jpg\" alt=\"\" width=\"1482\" height=\"2048\" srcset=\"https:\/\/stuttgarti-katolikusok.de\/wp-content\/uploads\/2023\/04\/eislingen-feltamadas.jpg 1482w, https:\/\/stuttgarti-katolikusok.de\/wp-content\/uploads\/2023\/04\/eislingen-feltamadas-217x300.jpg 217w, https:\/\/stuttgarti-katolikusok.de\/wp-content\/uploads\/2023\/04\/eislingen-feltamadas-741x1024.jpg 741w, https:\/\/stuttgarti-katolikusok.de\/wp-content\/uploads\/2023\/04\/eislingen-feltamadas-1112x1536.jpg 1112w\" sizes=\"auto, (max-width: 1482px) 100vw, 1482px\" \/><\/a><\/p>\n<p style=\"text-align: center;\"><em>(Eislingen \u2013 XV. \u00e1llom\u00e1s: Krisztus felt\u00e1mad\u00e1sa)<\/em><\/p>\n<p style=\"text-align: center;\"><span style=\"color: #ff6600;\"><strong>*<\/strong><\/span><\/p>\n<p><span style=\"color: #ff6600;\"><strong><em>Kegyelemteljes h\u00fasv\u00e9ti napokat, tartalmas besz\u00e9lget\u00e9seket \u00e9s \u00f6r\u00f6mteli tal\u00e1lkoz\u00e1sokat k\u00edv\u00e1nunk minden Kedves H\u00edv\u00fcnknek!<\/em><\/strong><\/span><\/p>\n<p style=\"text-align: center;\"><span style=\"color: #ff6600;\"><strong>*<\/strong><\/span><\/p>\n<p><strong><em>\u201eIsten Orsz\u00e1g\u00e1ban megsz\u0171nnek az egy\u00e9n hat\u00e1rvonalai. Mindazt, amit eddig csak t\u00fck\u00f6r \u00e1ltal hom\u00e1lyosan tal\u00e1lgattunk, imm\u00e1r l\u00e1tni \u00e9s tudni fogjuk. Isten a vil\u00e1g l\u00e9nyeg\u00e9nek az \u00e1lland\u00f3s\u00e1ga nem zaj, hanem Csend.\u201d <\/em><\/strong><em>(Csermely P\u00e9ter \u2013 kutat\u00f3, biok\u00e9mikus \u2013 1958 -)<\/em><\/p>\n<p><em>(K\u00e9p forr\u00e1sa: MTL)<\/em><\/p>\n<p style=\"text-align: center;\"><strong>\u00a0<span style=\"color: #ff6600;\">*<\/span><\/strong><\/p>\n","protected":false},"excerpt":{"rendered":"<p>Programel\u0151zetes \u00a0* M\u00e1jus 1-j\u00e9n, cs\u00fct\u00f6rt\u00f6k\u00f6n, Szent J\u00f3zsef a munk\u00e1s \u00fcnnepe. Weingartenben 10.00 \u00f3rakor szentmise a 14 Nothelfer Kapelle-ben. \u00a0* M\u00e1jus 2-\u00e1n, p\u00e9nteken, Stuttgarti d\u00e9lut\u00e1n, 17.30 \u00f3rakor r\u00f3zsaf\u00fcz\u00e9rt im\u00e1dkozunk, 18.00 \u00f3rakor szentmise \u00e9s m\u00e1jusi \u00e1jtatoss\u00e1g. \u00a0* M\u00e1jus 3-\u00e1n, szombaton, Balingenben 16.00 \u00f3rakor szentmise, ut\u00e1na agap\u00e9. A szentmise keret\u00e9ben k\u00f6sz\u00f6ntj\u00fck az \u00e9desany\u00e1kat, nagymam\u00e1kat. * M\u00e1jus 4-\u00e9n, H\u00fasv\u00e9t 3. vas\u00e1rnapja, Any\u00e1k napja Schw\u00e4bisch-Gm\u00fcndben 9.30 \u00f3rakor szentmise, ut\u00e1na agap\u00e9. Egyben k\u00f6z\u00f6ss\u00e9g\u00fcnk v\u00e9d\u0151szentj\u00e9t, Boldog Bajor Gizell\u00e1t k\u00f6sz\u00f6ntj\u00fck, k\u00f6zs\u00e9g\u00fcnk b\u00facs\u00fa\u00fcnnep\u00e9t is \u00fclj\u00fck. (Miseruha r\u00e9szlet &#8211; Sab\u0103u-Trifu Cristina) Stuttgartban 15.00 \u00f3rakor gyermek-istentisztelet, szentmise, ut\u00e1na agap\u00e9. Gyermekeink k\u00f6sz\u00f6ntik az \u00e9desany\u00e1kat, nagymam\u00e1kat. * Minden helyen mindenkit szeretettel v\u00e1r a k\u00f6z\u00f6ss\u00e9g \u00e9s Tibor atya! * (Eislingen \u2013 XV. \u00e1llom\u00e1s: Krisztus felt\u00e1mad\u00e1sa) * Kegyelemteljes h\u00fasv\u00e9ti napokat, tartalmas besz\u00e9lget\u00e9seket \u00e9s \u00f6r\u00f6mteli tal\u00e1lkoz\u00e1sokat k\u00edv\u00e1nunk minden Kedves H\u00edv\u00fcnknek! * \u201eIsten Orsz\u00e1g\u00e1ban megsz\u0171nnek az egy\u00e9n hat\u00e1rvonalai. Mindazt, amit eddig csak t\u00fck\u00f6r \u00e1ltal hom\u00e1lyosan tal\u00e1lgattunk, imm\u00e1r l\u00e1tni \u00e9s tudni fogjuk. Isten a vil\u00e1g l\u00e9nyeg\u00e9nek az \u00e1lland\u00f3s\u00e1ga nem zaj, hanem Csend.\u201d (Csermely P\u00e9ter \u2013 kutat\u00f3, biok\u00e9mikus \u2013 1958 -) (K\u00e9p forr\u00e1sa: MTL) \u00a0*<\/p>\n","protected":false},"author":3,"featured_media":30848,"comment_status":"closed","ping_status":"closed","sticky":false,"template":"","format":"standard","meta":{"footnotes":""},"categories":[37],"tags":[],"class_list":["post-30871","post","type-post","status-publish","format-standard","has-post-thumbnail","hentry","category-progamelozetes"],"yoast_head":"<!-- This site is optimized with the Yoast SEO plugin v27.3 - https:\/\/yoast.com\/product\/yoast-seo-wordpress\/ -->\n<title>2025. \u00c1PRILIS 28 \u00c9S M\u00c1JUS 4 K\u00d6Z\u00d6TT - Stuttgarti Katolikusok<\/title>\n<meta name=\"robots\" content=\"index, follow, max-snippet:-1, max-image-preview:large, max-video-preview:-1\" \/>\n<link rel=\"canonical\" href=\"https:\/\/stuttgarti-katolikusok.de\/index.php\/30871\/\" \/>\n<meta property=\"og:locale\" content=\"hu_HU\" \/>\n<meta property=\"og:type\" content=\"article\" \/>\n<meta property=\"og:title\" content=\"2025. \u00c1PRILIS 28 \u00c9S M\u00c1JUS 4 K\u00d6Z\u00d6TT - Stuttgarti Katolikusok\" \/>\n<meta property=\"og:description\" content=\"Programel\u0151zetes \u00a0* M\u00e1jus 1-j\u00e9n, cs\u00fct\u00f6rt\u00f6k\u00f6n, Szent J\u00f3zsef a munk\u00e1s \u00fcnnepe. Weingartenben 10.00 \u00f3rakor szentmise a 14 Nothelfer Kapelle-ben. \u00a0* M\u00e1jus 2-\u00e1n, p\u00e9nteken, Stuttgarti d\u00e9lut\u00e1n, 17.30 \u00f3rakor r\u00f3zsaf\u00fcz\u00e9rt im\u00e1dkozunk, 18.00 \u00f3rakor szentmise \u00e9s m\u00e1jusi \u00e1jtatoss\u00e1g. \u00a0* M\u00e1jus 3-\u00e1n, szombaton, Balingenben 16.00 \u00f3rakor szentmise, ut\u00e1na agap\u00e9. A szentmise keret\u00e9ben k\u00f6sz\u00f6ntj\u00fck az \u00e9desany\u00e1kat, nagymam\u00e1kat. * M\u00e1jus 4-\u00e9n, H\u00fasv\u00e9t 3. vas\u00e1rnapja, Any\u00e1k napja Schw\u00e4bisch-Gm\u00fcndben 9.30 \u00f3rakor szentmise, ut\u00e1na agap\u00e9. Egyben k\u00f6z\u00f6ss\u00e9g\u00fcnk v\u00e9d\u0151szentj\u00e9t, Boldog Bajor Gizell\u00e1t k\u00f6sz\u00f6ntj\u00fck, k\u00f6zs\u00e9g\u00fcnk b\u00facs\u00fa\u00fcnnep\u00e9t is \u00fclj\u00fck. (Miseruha r\u00e9szlet &#8211; Sab\u0103u-Trifu Cristina) Stuttgartban 15.00 \u00f3rakor gyermek-istentisztelet, szentmise, ut\u00e1na agap\u00e9. Gyermekeink k\u00f6sz\u00f6ntik az \u00e9desany\u00e1kat, nagymam\u00e1kat. * Minden helyen mindenkit szeretettel v\u00e1r a k\u00f6z\u00f6ss\u00e9g \u00e9s Tibor atya! * (Eislingen \u2013 XV. \u00e1llom\u00e1s: Krisztus felt\u00e1mad\u00e1sa) * Kegyelemteljes h\u00fasv\u00e9ti napokat, tartalmas besz\u00e9lget\u00e9seket \u00e9s \u00f6r\u00f6mteli tal\u00e1lkoz\u00e1sokat k\u00edv\u00e1nunk minden Kedves H\u00edv\u00fcnknek! * \u201eIsten Orsz\u00e1g\u00e1ban megsz\u0171nnek az egy\u00e9n hat\u00e1rvonalai. Mindazt, amit eddig csak t\u00fck\u00f6r \u00e1ltal hom\u00e1lyosan tal\u00e1lgattunk, imm\u00e1r l\u00e1tni \u00e9s tudni fogjuk. Isten a vil\u00e1g l\u00e9nyeg\u00e9nek az \u00e1lland\u00f3s\u00e1ga nem zaj, hanem Csend.\u201d (Csermely P\u00e9ter \u2013 kutat\u00f3, biok\u00e9mikus \u2013 1958 -) (K\u00e9p forr\u00e1sa: MTL) \u00a0*\" \/>\n<meta property=\"og:url\" content=\"https:\/\/stuttgarti-katolikusok.de\/index.php\/30871\/\" \/>\n<meta property=\"og:site_name\" content=\"Stuttgarti Katolikusok\" \/>\n<meta property=\"article:published_time\" content=\"2025-04-29T09:28:14+00:00\" \/>\n<meta property=\"article:modified_time\" content=\"2025-04-29T10:10:45+00:00\" \/>\n<meta property=\"og:image\" content=\"https:\/\/stuttgarti-katolikusok.de\/wp-content\/uploads\/2025\/04\/screenshot-101.jpg\" \/>\n\t<meta property=\"og:image:width\" content=\"1540\" \/>\n\t<meta property=\"og:image:height\" content=\"873\" \/>\n\t<meta property=\"og:image:type\" content=\"image\/jpeg\" \/>\n<meta name=\"author\" content=\"Tibor atya\" \/>\n<meta name=\"twitter:card\" content=\"summary_large_image\" \/>\n<meta name=\"twitter:label1\" content=\"Szerz\u0151:\" \/>\n\t<meta name=\"twitter:data1\" content=\"Tibor atya\" \/>\n\t<meta name=\"twitter:label2\" content=\"Becs\u00fclt olvas\u00e1si id\u0151\" \/>\n\t<meta name=\"twitter:data2\" content=\"2 perc\" \/>\n<script type=\"application\/ld+json\" class=\"yoast-schema-graph\">{\"@context\":\"https:\\\/\\\/schema.org\",\"@graph\":[{\"@type\":\"Article\",\"@id\":\"https:\\\/\\\/stuttgarti-katolikusok.de\\\/index.php\\\/30871\\\/#article\",\"isPartOf\":{\"@id\":\"https:\\\/\\\/stuttgarti-katolikusok.de\\\/index.php\\\/30871\\\/\"},\"author\":{\"name\":\"Tibor atya\",\"@id\":\"https:\\\/\\\/stuttgarti-katolikusok.de\\\/#\\\/schema\\\/person\\\/75908d6f8fdc03a57889d27209df7795\"},\"headline\":\"2025. \u00c1PRILIS 28 \u00c9S M\u00c1JUS 4 K\u00d6Z\u00d6TT\",\"datePublished\":\"2025-04-29T09:28:14+00:00\",\"dateModified\":\"2025-04-29T10:10:45+00:00\",\"mainEntityOfPage\":{\"@id\":\"https:\\\/\\\/stuttgarti-katolikusok.de\\\/index.php\\\/30871\\\/\"},\"wordCount\":254,\"image\":{\"@id\":\"https:\\\/\\\/stuttgarti-katolikusok.de\\\/index.php\\\/30871\\\/#primaryimage\"},\"thumbnailUrl\":\"https:\\\/\\\/stuttgarti-katolikusok.de\\\/wp-content\\\/uploads\\\/2025\\\/04\\\/screenshot-101.jpg\",\"articleSection\":[\"Progamel\u0151zetes\"],\"inLanguage\":\"hu\"},{\"@type\":\"WebPage\",\"@id\":\"https:\\\/\\\/stuttgarti-katolikusok.de\\\/index.php\\\/30871\\\/\",\"url\":\"https:\\\/\\\/stuttgarti-katolikusok.de\\\/index.php\\\/30871\\\/\",\"name\":\"2025. \u00c1PRILIS 28 \u00c9S M\u00c1JUS 4 K\u00d6Z\u00d6TT - Stuttgarti Katolikusok\",\"isPartOf\":{\"@id\":\"https:\\\/\\\/stuttgarti-katolikusok.de\\\/#website\"},\"primaryImageOfPage\":{\"@id\":\"https:\\\/\\\/stuttgarti-katolikusok.de\\\/index.php\\\/30871\\\/#primaryimage\"},\"image\":{\"@id\":\"https:\\\/\\\/stuttgarti-katolikusok.de\\\/index.php\\\/30871\\\/#primaryimage\"},\"thumbnailUrl\":\"https:\\\/\\\/stuttgarti-katolikusok.de\\\/wp-content\\\/uploads\\\/2025\\\/04\\\/screenshot-101.jpg\",\"datePublished\":\"2025-04-29T09:28:14+00:00\",\"dateModified\":\"2025-04-29T10:10:45+00:00\",\"author\":{\"@id\":\"https:\\\/\\\/stuttgarti-katolikusok.de\\\/#\\\/schema\\\/person\\\/75908d6f8fdc03a57889d27209df7795\"},\"breadcrumb\":{\"@id\":\"https:\\\/\\\/stuttgarti-katolikusok.de\\\/index.php\\\/30871\\\/#breadcrumb\"},\"inLanguage\":\"hu\",\"potentialAction\":[{\"@type\":\"ReadAction\",\"target\":[\"https:\\\/\\\/stuttgarti-katolikusok.de\\\/index.php\\\/30871\\\/\"]}]},{\"@type\":\"ImageObject\",\"inLanguage\":\"hu\",\"@id\":\"https:\\\/\\\/stuttgarti-katolikusok.de\\\/index.php\\\/30871\\\/#primaryimage\",\"url\":\"https:\\\/\\\/stuttgarti-katolikusok.de\\\/wp-content\\\/uploads\\\/2025\\\/04\\\/screenshot-101.jpg\",\"contentUrl\":\"https:\\\/\\\/stuttgarti-katolikusok.de\\\/wp-content\\\/uploads\\\/2025\\\/04\\\/screenshot-101.jpg\",\"width\":1540,\"height\":873},{\"@type\":\"BreadcrumbList\",\"@id\":\"https:\\\/\\\/stuttgarti-katolikusok.de\\\/index.php\\\/30871\\\/#breadcrumb\",\"itemListElement\":[{\"@type\":\"ListItem\",\"position\":1,\"name\":\"Kezd\u0151lap\",\"item\":\"https:\\\/\\\/stuttgarti-katolikusok.de\\\/\"},{\"@type\":\"ListItem\",\"position\":2,\"name\":\"2025. \u00c1PRILIS 28 \u00c9S M\u00c1JUS 4 K\u00d6Z\u00d6TT\"}]},{\"@type\":\"WebSite\",\"@id\":\"https:\\\/\\\/stuttgarti-katolikusok.de\\\/#website\",\"url\":\"https:\\\/\\\/stuttgarti-katolikusok.de\\\/\",\"name\":\"Stuttgarti Katolikusok\",\"description\":\"\",\"potentialAction\":[{\"@type\":\"SearchAction\",\"target\":{\"@type\":\"EntryPoint\",\"urlTemplate\":\"https:\\\/\\\/stuttgarti-katolikusok.de\\\/?s={search_term_string}\"},\"query-input\":{\"@type\":\"PropertyValueSpecification\",\"valueRequired\":true,\"valueName\":\"search_term_string\"}}],\"inLanguage\":\"hu\"},{\"@type\":\"Person\",\"@id\":\"https:\\\/\\\/stuttgarti-katolikusok.de\\\/#\\\/schema\\\/person\\\/75908d6f8fdc03a57889d27209df7795\",\"name\":\"Tibor atya\",\"image\":{\"@type\":\"ImageObject\",\"inLanguage\":\"hu\",\"@id\":\"https:\\\/\\\/secure.gravatar.com\\\/avatar\\\/61d268e57d1f4525b111222e29d2d5a7f8c420fdbf231ba5566a8ceac74fa960?s=96&d=mm&r=g\",\"url\":\"https:\\\/\\\/secure.gravatar.com\\\/avatar\\\/61d268e57d1f4525b111222e29d2d5a7f8c420fdbf231ba5566a8ceac74fa960?s=96&d=mm&r=g\",\"contentUrl\":\"https:\\\/\\\/secure.gravatar.com\\\/avatar\\\/61d268e57d1f4525b111222e29d2d5a7f8c420fdbf231ba5566a8ceac74fa960?s=96&d=mm&r=g\",\"caption\":\"Tibor atya\"},\"url\":\"https:\\\/\\\/stuttgarti-katolikusok.de\\\/index.php\\\/author\\\/tibor-atya\\\/\"}]}<\/script>\n<!-- \/ Yoast SEO plugin. -->","yoast_head_json":{"title":"2025. \u00c1PRILIS 28 \u00c9S M\u00c1JUS 4 K\u00d6Z\u00d6TT - Stuttgarti Katolikusok","robots":{"index":"index","follow":"follow","max-snippet":"max-snippet:-1","max-image-preview":"max-image-preview:large","max-video-preview":"max-video-preview:-1"},"canonical":"https:\/\/stuttgarti-katolikusok.de\/index.php\/30871\/","og_locale":"hu_HU","og_type":"article","og_title":"2025. \u00c1PRILIS 28 \u00c9S M\u00c1JUS 4 K\u00d6Z\u00d6TT - Stuttgarti Katolikusok","og_description":"Programel\u0151zetes \u00a0* M\u00e1jus 1-j\u00e9n, cs\u00fct\u00f6rt\u00f6k\u00f6n, Szent J\u00f3zsef a munk\u00e1s \u00fcnnepe. Weingartenben 10.00 \u00f3rakor szentmise a 14 Nothelfer Kapelle-ben. \u00a0* M\u00e1jus 2-\u00e1n, p\u00e9nteken, Stuttgarti d\u00e9lut\u00e1n, 17.30 \u00f3rakor r\u00f3zsaf\u00fcz\u00e9rt im\u00e1dkozunk, 18.00 \u00f3rakor szentmise \u00e9s m\u00e1jusi \u00e1jtatoss\u00e1g. \u00a0* M\u00e1jus 3-\u00e1n, szombaton, Balingenben 16.00 \u00f3rakor szentmise, ut\u00e1na agap\u00e9. A szentmise keret\u00e9ben k\u00f6sz\u00f6ntj\u00fck az \u00e9desany\u00e1kat, nagymam\u00e1kat. * M\u00e1jus 4-\u00e9n, H\u00fasv\u00e9t 3. vas\u00e1rnapja, Any\u00e1k napja Schw\u00e4bisch-Gm\u00fcndben 9.30 \u00f3rakor szentmise, ut\u00e1na agap\u00e9. Egyben k\u00f6z\u00f6ss\u00e9g\u00fcnk v\u00e9d\u0151szentj\u00e9t, Boldog Bajor Gizell\u00e1t k\u00f6sz\u00f6ntj\u00fck, k\u00f6zs\u00e9g\u00fcnk b\u00facs\u00fa\u00fcnnep\u00e9t is \u00fclj\u00fck. (Miseruha r\u00e9szlet &#8211; Sab\u0103u-Trifu Cristina) Stuttgartban 15.00 \u00f3rakor gyermek-istentisztelet, szentmise, ut\u00e1na agap\u00e9. Gyermekeink k\u00f6sz\u00f6ntik az \u00e9desany\u00e1kat, nagymam\u00e1kat. * Minden helyen mindenkit szeretettel v\u00e1r a k\u00f6z\u00f6ss\u00e9g \u00e9s Tibor atya! * (Eislingen \u2013 XV. \u00e1llom\u00e1s: Krisztus felt\u00e1mad\u00e1sa) * Kegyelemteljes h\u00fasv\u00e9ti napokat, tartalmas besz\u00e9lget\u00e9seket \u00e9s \u00f6r\u00f6mteli tal\u00e1lkoz\u00e1sokat k\u00edv\u00e1nunk minden Kedves H\u00edv\u00fcnknek! * \u201eIsten Orsz\u00e1g\u00e1ban megsz\u0171nnek az egy\u00e9n hat\u00e1rvonalai. Mindazt, amit eddig csak t\u00fck\u00f6r \u00e1ltal hom\u00e1lyosan tal\u00e1lgattunk, imm\u00e1r l\u00e1tni \u00e9s tudni fogjuk. Isten a vil\u00e1g l\u00e9nyeg\u00e9nek az \u00e1lland\u00f3s\u00e1ga nem zaj, hanem Csend.\u201d (Csermely P\u00e9ter \u2013 kutat\u00f3, biok\u00e9mikus \u2013 1958 -) (K\u00e9p forr\u00e1sa: MTL) \u00a0*","og_url":"https:\/\/stuttgarti-katolikusok.de\/index.php\/30871\/","og_site_name":"Stuttgarti Katolikusok","article_published_time":"2025-04-29T09:28:14+00:00","article_modified_time":"2025-04-29T10:10:45+00:00","og_image":[{"width":1540,"height":873,"url":"https:\/\/stuttgarti-katolikusok.de\/wp-content\/uploads\/2025\/04\/screenshot-101.jpg","type":"image\/jpeg"}],"author":"Tibor atya","twitter_card":"summary_large_image","twitter_misc":{"Szerz\u0151:":"Tibor atya","Becs\u00fclt olvas\u00e1si id\u0151":"2 perc"},"schema":{"@context":"https:\/\/schema.org","@graph":[{"@type":"Article","@id":"https:\/\/stuttgarti-katolikusok.de\/index.php\/30871\/#article","isPartOf":{"@id":"https:\/\/stuttgarti-katolikusok.de\/index.php\/30871\/"},"author":{"name":"Tibor atya","@id":"https:\/\/stuttgarti-katolikusok.de\/#\/schema\/person\/75908d6f8fdc03a57889d27209df7795"},"headline":"2025. \u00c1PRILIS 28 \u00c9S M\u00c1JUS 4 K\u00d6Z\u00d6TT","datePublished":"2025-04-29T09:28:14+00:00","dateModified":"2025-04-29T10:10:45+00:00","mainEntityOfPage":{"@id":"https:\/\/stuttgarti-katolikusok.de\/index.php\/30871\/"},"wordCount":254,"image":{"@id":"https:\/\/stuttgarti-katolikusok.de\/index.php\/30871\/#primaryimage"},"thumbnailUrl":"https:\/\/stuttgarti-katolikusok.de\/wp-content\/uploads\/2025\/04\/screenshot-101.jpg","articleSection":["Progamel\u0151zetes"],"inLanguage":"hu"},{"@type":"WebPage","@id":"https:\/\/stuttgarti-katolikusok.de\/index.php\/30871\/","url":"https:\/\/stuttgarti-katolikusok.de\/index.php\/30871\/","name":"2025. \u00c1PRILIS 28 \u00c9S M\u00c1JUS 4 K\u00d6Z\u00d6TT - Stuttgarti Katolikusok","isPartOf":{"@id":"https:\/\/stuttgarti-katolikusok.de\/#website"},"primaryImageOfPage":{"@id":"https:\/\/stuttgarti-katolikusok.de\/index.php\/30871\/#primaryimage"},"image":{"@id":"https:\/\/stuttgarti-katolikusok.de\/index.php\/30871\/#primaryimage"},"thumbnailUrl":"https:\/\/stuttgarti-katolikusok.de\/wp-content\/uploads\/2025\/04\/screenshot-101.jpg","datePublished":"2025-04-29T09:28:14+00:00","dateModified":"2025-04-29T10:10:45+00:00","author":{"@id":"https:\/\/stuttgarti-katolikusok.de\/#\/schema\/person\/75908d6f8fdc03a57889d27209df7795"},"breadcrumb":{"@id":"https:\/\/stuttgarti-katolikusok.de\/index.php\/30871\/#breadcrumb"},"inLanguage":"hu","potentialAction":[{"@type":"ReadAction","target":["https:\/\/stuttgarti-katolikusok.de\/index.php\/30871\/"]}]},{"@type":"ImageObject","inLanguage":"hu","@id":"https:\/\/stuttgarti-katolikusok.de\/index.php\/30871\/#primaryimage","url":"https:\/\/stuttgarti-katolikusok.de\/wp-content\/uploads\/2025\/04\/screenshot-101.jpg","contentUrl":"https:\/\/stuttgarti-katolikusok.de\/wp-content\/uploads\/2025\/04\/screenshot-101.jpg","width":1540,"height":873},{"@type":"BreadcrumbList","@id":"https:\/\/stuttgarti-katolikusok.de\/index.php\/30871\/#breadcrumb","itemListElement":[{"@type":"ListItem","position":1,"name":"Kezd\u0151lap","item":"https:\/\/stuttgarti-katolikusok.de\/"},{"@type":"ListItem","position":2,"name":"2025. \u00c1PRILIS 28 \u00c9S M\u00c1JUS 4 K\u00d6Z\u00d6TT"}]},{"@type":"WebSite","@id":"https:\/\/stuttgarti-katolikusok.de\/#website","url":"https:\/\/stuttgarti-katolikusok.de\/","name":"Stuttgarti Katolikusok","description":"","potentialAction":[{"@type":"SearchAction","target":{"@type":"EntryPoint","urlTemplate":"https:\/\/stuttgarti-katolikusok.de\/?s={search_term_string}"},"query-input":{"@type":"PropertyValueSpecification","valueRequired":true,"valueName":"search_term_string"}}],"inLanguage":"hu"},{"@type":"Person","@id":"https:\/\/stuttgarti-katolikusok.de\/#\/schema\/person\/75908d6f8fdc03a57889d27209df7795","name":"Tibor atya","image":{"@type":"ImageObject","inLanguage":"hu","@id":"https:\/\/secure.gravatar.com\/avatar\/61d268e57d1f4525b111222e29d2d5a7f8c420fdbf231ba5566a8ceac74fa960?s=96&d=mm&r=g","url":"https:\/\/secure.gravatar.com\/avatar\/61d268e57d1f4525b111222e29d2d5a7f8c420fdbf231ba5566a8ceac74fa960?s=96&d=mm&r=g","contentUrl":"https:\/\/secure.gravatar.com\/avatar\/61d268e57d1f4525b111222e29d2d5a7f8c420fdbf231ba5566a8ceac74fa960?s=96&d=mm&r=g","caption":"Tibor atya"},"url":"https:\/\/stuttgarti-katolikusok.de\/index.php\/author\/tibor-atya\/"}]}},"_links":{"self":[{"href":"https:\/\/stuttgarti-katolikusok.de\/index.php\/wp-json\/wp\/v2\/posts\/30871","targetHints":{"allow":["GET"]}}],"collection":[{"href":"https:\/\/stuttgarti-katolikusok.de\/index.php\/wp-json\/wp\/v2\/posts"}],"about":[{"href":"https:\/\/stuttgarti-katolikusok.de\/index.php\/wp-json\/wp\/v2\/types\/post"}],"author":[{"embeddable":true,"href":"https:\/\/stuttgarti-katolikusok.de\/index.php\/wp-json\/wp\/v2\/users\/3"}],"replies":[{"embeddable":true,"href":"https:\/\/stuttgarti-katolikusok.de\/index.php\/wp-json\/wp\/v2\/comments?post=30871"}],"version-history":[{"count":5,"href":"https:\/\/stuttgarti-katolikusok.de\/index.php\/wp-json\/wp\/v2\/posts\/30871\/revisions"}],"predecessor-version":[{"id":30885,"href":"https:\/\/stuttgarti-katolikusok.de\/index.php\/wp-json\/wp\/v2\/posts\/30871\/revisions\/30885"}],"wp:featuredmedia":[{"embeddable":true,"href":"https:\/\/stuttgarti-katolikusok.de\/index.php\/wp-json\/wp\/v2\/media\/30848"}],"wp:attachment":[{"href":"https:\/\/stuttgarti-katolikusok.de\/index.php\/wp-json\/wp\/v2\/media?parent=30871"}],"wp:term":[{"taxonomy":"category","embeddable":true,"href":"https:\/\/stuttgarti-katolikusok.de\/index.php\/wp-json\/wp\/v2\/categories?post=30871"},{"taxonomy":"post_tag","embeddable":true,"href":"https:\/\/stuttgarti-katolikusok.de\/index.php\/wp-json\/wp\/v2\/tags?post=30871"}],"curies":[{"name":"wp","href":"https:\/\/api.w.org\/{rel}","templated":true}]}}