{"id":30829,"date":"2025-04-16T00:50:15","date_gmt":"2025-04-15T22:50:15","guid":{"rendered":"https:\/\/stuttgarti-katolikusok.de\/?p=30829"},"modified":"2025-04-16T07:36:51","modified_gmt":"2025-04-16T05:36:51","slug":"kreativ-delutan-szines-programokkal","status":"publish","type":"post","link":"https:\/\/stuttgarti-katolikusok.de\/index.php\/kreativ-delutan-szines-programokkal\/","title":{"rendered":"Kreat\u00edv d\u00e9lut\u00e1n sz\u00ednes programokkal"},"content":{"rendered":"<p><span style=\"color: #ff6600;\"><em> 2025. \u00e1prilis 11-\u00e9n ism\u00e9telten tal\u00e1lkoztak a Bar\u00e1ts\u00e1gklub tagjai. Nagyb\u00f6jt p\u00e9ntekje l\u00e9v\u00e9n el\u0151sz\u00f6r kereszt\u00fati \u00e1jtatoss\u00e1gon vett\u00fcnk r\u00e9szt, azt\u00e1n szentmise k\u00f6vetkezett. Ezt k\u00f6vet\u0151en pedig a k\u00f6z\u00f6ss\u00e9gi teremben v\u00e1rt benn\u00fcnket a meglepet\u00e9s. \u00dajra \u00f6r\u00f6mteli d\u00e9lut\u00e1nban \u00e9s est\u00e9ben volt r\u00e9sz\u00fcnk. K\u00f6sz\u00f6net Erd\u0151sn\u00e9-Nyirtai Erik\u00e1nak, f\u00e9rj\u00e9nrk S\u00e1ndornak \u00e9s Szamosi-Madar\u00e1sz Erzs\u00e9betnek a sz\u00ednes \u00e9s tartalmas program\u00e9rt. Sz\u00e9les reperto\u00e1r fogadott: h\u00edmesek fest\u00e9se, locsol\u00f3-versek, h\u00fasv\u00e9ti n\u00e9phagyom\u00e1nyok \u00e9s szok\u00e1sok, j\u00e1t\u00e9kos vet\u00e9lked\u0151k. Nem utols\u00f3 sorban pedig nagy szeretettel elk\u00e9sz\u00edtett \u00edzletes falatok \u00e9s a magunkkal hozott j\u00f3kedv tette \u00e9lm\u00e9nny\u00e9 ezt az est\u00e9t is.<\/em><\/span><\/p>\n<p><span style=\"color: #ff6600;\"><em>\u00c1lljon itt Stauder Marika besz\u00e1mol\u00f3ja \u00e9s egy k\u00e9pgal\u00e9ria:<\/em><\/span><\/p>\n<div class=\"brlbs-cmpnt-container brlbs-cmpnt-content-blocker brlbs-cmpnt-with-individual-styles\" data-borlabs-cookie-content-blocker-id=\"default\" data-borlabs-cookie-content=\"PGEgZGF0YS1mbGlja3ItZW1iZWQ9J3RydWUnIGhyZWY9J2h0dHBzOi8vd3d3LmZsaWNrci5jb20vcGhvdG9zLzE5MDEyMTk2NEBOMDYvYWxidW1zLzcyMTc3NzIwMzI1MTA5MTg1LycgdGl0bGU9J0JhcsOhdHPDoWdrbHViIC0gMjAyNS4gw6FwcmlsaXMgMTEuIGJ5IGJydWRlcmtsYXVzMjAyMCwgb24gRmxpY2tyJz48aW1nIHNyYz0naHR0cHM6Ly9saXZlLnN0YXRpY2ZsaWNrci5jb20vNjU1MzUvNTQ0NTQ5OTg0MTRfYjJlM2I1NTY2OF9jLmpwZycgd2lkdGg9JzgwMCcgaGVpZ2h0PSc2MDAnIGFsdD0nQmFyw6F0c8OhZ2tsdWIgLSAyMDI1LiDDoXByaWxpcyc+PC9hPjxzY3JpcHQgYXN5bmMgc3JjPSdodHRwczovL2VtYmVkci5mbGlja3IuY29tL2Fzc2V0cy9jbGllbnQtY29kZS5qcycgY2hhcnNldD0ndXRmLTgnPjwvc2NyaXB0Pg==\">\n<div class=\"brlbs-cmpnt-cb-preset-a\">\n<p class=\"brlbs-cmpnt-cb-description\">You are currently viewing a placeholder content from <strong>Default<\/strong>. To access the actual content, click the button below. Please note that doing so will share data with third-party providers.<\/p>\n<div class=\"brlbs-cmpnt-cb-buttons\"> <a class=\"brlbs-cmpnt-cb-btn\" href=\"#\" data-borlabs-cookie-unblock role=\"button\">Unblock content<\/a> <a class=\"brlbs-cmpnt-cb-btn\" href=\"#\" data-borlabs-cookie-accept-service role=\"button\" style=\"display: none\">Accept required service and unblock content<\/a> <\/div>\n<p> <a class=\"brlbs-cmpnt-cb-provider-toggle\" href=\"#\" data-borlabs-cookie-show-provider-information role=\"button\">More Information<\/a> <\/div>\n<\/div>\n<p>A tavasz elj\u00f6tte, \u00f6r\u00f6mmel t\u00f6lti be sz\u00edvemet! Ugyan a t\u00e9lnek is van var\u00e1zsa, decemberben az adventi id\u0151szak, kar\u00e1csony, J\u00e9zus sz\u00fclet\u00e9se, majd az &#8222;\u00daj \u00c9v&#8221; kezdete, ami mindig tele rem\u00e9nyekkel t\u00f6lt el, hogy szebb \u00e9s jobb lesz! Az emberek mindig megtal\u00e1lt\u00e1k a maguk m\u00f3dj\u00e1n, hogy tegy\u00e9k szebb\u00e9 \u00e9let\u00fcket.<\/p>\n<p>\u00daj\u00e9v ut\u00e1n kezd\u0151d\u00f6tt a farsangol\u00e1s, a b\u00e1lok, vid\u00e1ms\u00e1g&#8230;&#8221;Nyolc \u00f3ra munka, nyolc \u00f3ra pihen\u00e9s, nyolc \u00f3ra sz\u00f3rakoz\u00e1s&#8221; &#8211; ahogy a Beatrice dalolja.<\/p>\n<p>Azt\u00e1n szinte \u00e9szrev\u00e9tlen\u00fcl beoson \u00e9let\u00fcnkbe a tavasz, ahogy most is t\u00f6rt\u00e9nt. A term\u00e9szet \u00e9bred, a f\u00e1k r\u00fcgyeznek, a magn\u00f3lia gy\u00f6ny\u00f6r\u0171 sz\u00edn\u00e9vel k\u00e1pr\u00e1ztat el benn\u00fcnket, a r\u00e9t is tele lesz vir\u00e1ggal, a madarak vid\u00e1mabban \u00e9nekelnek, mi pedig szint\u00e9n vid\u00e1mabbak lesz\u00fcnk. A tavasznak is van \u00fcnnepe.<\/p>\n<p>M\u00e9gpedig az egyik legfontosabb \u00fcnnep\u00fcnk H\u00fasv\u00e9t, amelyet a 40 napos b\u00f6jti id\u0151 k\u00e9sz\u00edt el\u0151. A Bar\u00e1ts\u00e1gklub tagjai megh\u00edv\u00f3t kaptak, \u00e1prilis 11-\u00e9re, egy kreat\u00edv d\u00e9lut\u00e1nra, ahol h\u00fasv\u00e9ti h\u00edmes toj\u00e1sukat k\u00e9sz\u00edthetik el, \u00e9s j\u00e1t\u00e9kos vet\u00e9lked\u0151n kereszt\u00fcl, h\u00fasv\u00e9ti n\u00e9phagyom\u00e1nyokat ismerhetnek meg.<\/p>\n<p>Nagy \u00f6r\u00f6m volt nekem, hogy mi is Bandival r\u00e9szt vehett\u00fcnk ezen a tal\u00e1lkoz\u00f3n, ugyanis nem mindig vagyunk itthon. Nagyi \u00e9s Tata &#8222;id\u0151milliomosok&#8221; \u00e9s gyakran \u00fatra kelnek \u00e9s megl\u00e1togatj\u00e1k kis unok\u00e1ikat.<\/p>\n<p>A d\u00e9lut\u00e1nunk kereszt\u00fati \u00e1jtatoss\u00e1ggal \u00e9s ut\u00e1na szentmis\u00e9vel kezd\u0151d\u00f6tt. Ezek a kereszt\u00fati \u00e1jtatoss\u00e1gok nagyon elgondolkoztatnak, szinte l\u00e1tom \u00e9s \u00e1t\u00e9rzem lelkemmel J\u00e9zus szenved\u00e9s\u00e9t. A szentmise ut\u00e1n, a k\u00f6z\u00f6ss\u00e9gi teremben folytattuk szok\u00e1s szerint d\u00e9lut\u00e1nunkat.<\/p>\n<p>Erika, mint midig, szeretettel k\u00f6sz\u00f6nt\u00f6tt benn\u00fcnket, \u00fcdv\u00f6z\u00f6lte Erzs\u00e9betet is, aki \u00fajra megtisztelte k\u00f6z\u00f6ss\u00e9g\u00fcnket, nem ismerve f\u00e1radts\u00e1got, \u00fatra kelt Karlsruhe-b\u00f3l kedves f\u00e9rj\u00e9vel, Zolival, hogy szebb\u00e9 tegye d\u00e9lut\u00e1nunkat. Most a h\u00edmes toj\u00e1s k\u00e9sz\u00edt\u00e9s m\u0171v\u00e9szet\u00e9t ismertette meg. Az \u00e9rdekl\u0151d\u0151k k\u00f6r\u00fcl \u00fclt\u00e9k erre az alkalomra k\u00e9sz\u00edtett asztalt. Erzs\u00e9bet minden kell\u00e9kr\u0151l gondoskodott. A toj\u00e1sokat is, fest\u00e9sre elk\u00e9sz\u00edtve hozta. Kis betekint\u00e9st kaptunk, hogy is k\u00e9sz\u00fcl a h\u00edmes toj\u00e1s. Sok v\u00e1ltozata \u00e9s technik\u00e1ja l\u00e9tezik mind a toj\u00e1sh\u00edmz\u00e9snek, \u00edr\u00e1snak, mind a fest\u00e9snek.<\/p>\n<p>Egy legenda f\u0171z\u0151dik a piros toj\u00e1s fest\u00e9shez, ami szerint mikor Krisztus a keresztf\u00e1n f\u00fcgg\u00f6tt, el\u0151tte egy asszony egy kos\u00e1r toj\u00e1ssal \u00e1llt meg im\u00e1dkozni, \u00e9s Krisztus v\u00e9re r\u00e1cseppent a toj\u00e1sokra. Ez\u00e9rt szok\u00e1s a h\u00fasv\u00e9ti toj\u00e1st pirosra festeni. K\u00f6zben, akik nem festett\u00fcnk, j\u00e1t\u00e9kos kv\u00edzben vett\u00fcnk r\u00e9szt, amin kereszt\u00fcl feleleven\u00edthett\u00fck h\u00fasv\u00e9ti n\u00e9phagyom\u00e1nyi tud\u00e1sunkat, s\u0151t b\u0151v\u00edthett\u00fck is olyannal, amit eddig nem tudtunk.<\/p>\n<p>A vir\u00e1gvas\u00e1rnapi n\u00e9pszok\u00e1sokr\u00f3l \u00e9n csak a barkaszentel\u00e9sr\u0151l tudtam, amikor a barka\u00e1gakat a templomba megszentelik \u00e9s k\u00f6rbe viszik, J\u00e9zus Jeruzs\u00e1lembe bevonul\u00e1s\u00e1ra eml\u00e9kezve, de ezenk\u00edv\u00fcl m\u00e9g van a &#8211; &#8222;kiszehajt\u00e1s&#8221; amikor a falu l\u00e1nyai k\u00e9sz\u00edtenek egy kiszeb\u00e1but szalm\u00e1b\u00f3l, amit fel\u00f6lt\u00f6ztetnek menyecske ruh\u00e1ban \u00e9s k\u00f6rbeviszik a faluban, v\u00e9g\u00fcl a falu hat\u00e1r\u00e1n levetk\u0151ztetik \u00e9s a szalm\u00e1t foly\u00f3ba dobj\u00e1k. Akinek a szalm\u00e1ja el\u00faszik, az f\u00e9rjhez megy m\u00e9g abban az \u00e9vben.<\/p>\n<p>Van m\u00e9g a &#8222;vill\u0151z\u00e9s&#8221;, ami a kiszehajt\u00e1s ut\u00e1n k\u00f6vetkezik. A l\u00e1nyok f\u0171zfa\u00e1gakkal j\u00e1rj\u00e1k k\u00f6rbe a falut. Minden h\u00e1zn\u00e1l el\u00e9neklik a vill\u0151z\u00e9sre hagyom\u00e1nyos \u00e9nekeket. Ut\u00e1na a h\u00e1z gazdasszonya kij\u00f6tt \u00e9s toj\u00e1st adott a l\u00e1nyoknak. Az egyik \u00e1gr\u00f3l let\u00f6rt egy gallyat \u00e9s azzal &#8222;verte el&#8221; a l\u00e1nyokat, azt kiab\u00e1lva, hogy &#8222;mind menjetek f\u00e9rjhez&#8221;.<\/p>\n<p>K\u00f6vetkeztek a H\u00fasv\u00e9ti Szent H\u00e1romnap n\u00e9pszok\u00e1sai, hagyom\u00e1nyai.<\/p>\n<p>Nagycs\u00fct\u00f6rt\u00f6ki szok\u00e1sok: l\u00e1bmos\u00e1s hagyom\u00e1nya, ami az al\u00e1zatra nevel, valamilyen z\u00f6ld \u00e9tel fogyaszt\u00e1sa (ez\u00e9rt Z\u00f6ldcs\u00fct\u00f6rt\u00f6knek is nevezik). A templomban a harangok utolj\u00e1ra sz\u00f3lalnak meg a h\u00fasv\u00e9ti vig\u00edlia szertart\u00e1sig. Nagycs\u00fct\u00f6rt\u00f6k, J\u00e9zus utols\u00f3 vacsor\u00e1j\u00e1t, az Eucharisztia alap\u00edt\u00e1s\u00e1t, Olajf\u00e1k hegyi elfogat\u00e1s\u00e1t \u00e9s szenved\u00e9s\u00e9nek kezdet\u00e9t jel\u00f6li.<\/p>\n<p>Nagyp\u00e9ntek szigor\u00fa b\u00f6jti nap, tilos h\u00fast enni, tilos b\u00e1rmilyen h\u00e1zt\u00e1ji munka, h\u00e1romszor szabad enni, amib\u0151l csak egy alkalommal lehet j\u00f3llakni.<\/p>\n<p>A h\u00fasv\u00e9ti vig\u00edlia \u00fcnnep\u00e9vel v\u00e9get \u00e9r a b\u00f6jti id\u0151. A liturgi\u00e1hoz kapcsol\u00f3d\u00f3 hagyom\u00e1ny, hogy a t\u0171z hamuj\u00e1t, parazs\u00e1t eltett\u00e9k \u00e9s gy\u00f3gy\u00edt\u00e1sra haszn\u00e1lt\u00e1k \u00e9s a f\u00f6ldeken elsz\u00f3rt\u00e1k. \u00daj t\u00fczet gy\u00fajtottak a templomban. Ezen a napon fek\u00fcdt J\u00e9zus teste a sziklas\u00edrban.<\/p>\n<p>H\u00fasv\u00e9tvas\u00e1rnap, a felt\u00e1mad\u00e1s napja.<\/p>\n<p>Tilos a munka. \u00c9telszentel\u00e9s hagyom\u00e1nya. A reggeli mis\u00e9re sonk\u00e1t, toj\u00e1st, kal\u00e1csot, torm\u00e1t, bort visznek sz\u00e9p fonott kosarakban letakarva. Az \u00e1ld\u00e1s ut\u00e1n hazaviszik \u00e9s sz\u00e9pen megter\u00edtett asztalon felt\u00e1lalj\u00e1k. A betegs\u00e9gek, a rossz t\u00e1vol tart\u00e1sa.<\/p>\n<p>H\u00fasv\u00e9th\u00e9tf\u0151, a locsolkod\u00e1s napja. A v\u00edz az egyik legfontosabb term\u00e9kenys\u00e9g szimb\u00f3lum. Nagyon fontos ez\u00e9rt, hogy a l\u00e1nyok meg legyenek locsolva, hiszen a h\u00fasv\u00e9t \u00fcnnepe a meg\u00fajul\u00e1sr\u00f3l \u00e9s tavaszv\u00e1r\u00e1sr\u00f3l sz\u00f3l. A fi\u00faknak a locsol\u00e1s\u00e9rt cser\u00e9be h\u00edmes, festett toj\u00e1s j\u00e1r. A locsol\u00e1ssal egy\u00fctt a korb\u00e1csol\u00e1s, vessz\u0151z\u00e9s is szok\u00e1s volt H\u00fasv\u00e9th\u00e9tf\u0151n. A leg\u00e9nyek \u00e1ltal\u00e1ban f\u0171zfavessz\u0151b\u0151l fontak v\u00e9kony korb\u00e1csot, \u00e9s sorra j\u00e1rt\u00e1k a l\u00e1nyos h\u00e1zakat \u00e9s megcsapkodt\u00e1k a l\u00e1nyokat. A vessz\u0151re ezut\u00e1n a l\u00e1nyok szalagot k\u00f6t\u00f6ttek \u00e9s a fi\u00fakat borral vend\u00e9gelt\u00e9k meg. Volt m\u00e9g szok\u00e1s a &#8222;hajnalfa&#8221; \u00e9s a k\u00f3k\u00e1nyol\u00e1s&#8221; is. H\u00fasv\u00e9t vas\u00e1rnap hajnal\u00e1n a leg\u00e9nyek a kiszemelt l\u00e1ny ker\u00edt\u00e9s\u00e9hez egy fiatal f\u00e1t er\u0151s\u00edtettek, majd m\u00e1snap bebocs\u00e1t\u00e1st k\u00e9rve alaposan meg\u00f6nt\u00f6zt\u00e9k a le\u00e1nyz\u00f3t. A k\u00f3k\u00e1nyol\u00e1sn\u00e1l a leg\u00e9nyek az aj\u00e1nd\u00e9kba kapott toj\u00e1sokkal j\u00e1tszottak, k\u00e9t toj\u00e1st addig kocogtattak \u00f6ssze, m\u00edg az egyik el nem t\u00f6rt.\u00a0 Aki\u00e9 \u00e9p maradt, az nyert.<\/p>\n<p>M\u00e9g egy szok\u00e1s, amir\u0151l nem tudtam a &#8222;komat\u00e1lk\u00fcld\u00e9s&#8221;. A bar\u00e1ts\u00e1got k\u00f6tni k\u00edv\u00e1n\u00f3 fi\u00fak, l\u00e1nyok \u00f6ssze\u00e1ll\u00edtottak egy t\u00e1lat h\u00fasv\u00e9ti \u00e9telekb\u0151l \u00e9s elk\u00fcldt\u00e9k egym\u00e1snak. T\u00f6bbnyire fi\u00fa fi\u00fanak \u00e9s l\u00e1ny l\u00e1nynak k\u00fcldte. K\u00f6zben a sz\u00e9p h\u00edmes toj\u00e1sok elk\u00e9sz\u00fcltek. Az egyik szebb volt, mint a m\u00e1sik. A zs\u0171rinek neh\u00e9z volt a legszebb toj\u00e1s kiv\u00e1laszt\u00e1sa.<\/p>\n<p>V\u00e9g\u00fcl az Anik\u00f3 \u00e1ltal festet toj\u00e1s nyerte meg az els\u0151 d\u00edjat. Szerintem, Feri is, f\u00e9rfi l\u00e9t\u00e9re, nagyon \u00fcgyes volt, sz\u00e9pen elk\u00e9sz\u00edtette a h\u00fasv\u00e9ti h\u00edmes toj\u00e1s\u00e1t.<\/p>\n<p>K\u00f6zben Erika felk\u00e9rte a f\u00e9rfitagokat, mondj\u00e1k el kedvenc locsol\u00f3 vers\u00fcket.<\/p>\n<p>Erzs\u00e9bet f\u00e9rje, Zoli, felolvasott egy verset, amir\u0151l kider\u00fclt, hogy ezel\u0151tt 19 \u00e9ve egy locsol\u00f3b\u00e1lon mondta el kedves feles\u00e9g\u00e9nek. Az els\u0151 d\u00edjat G\u00e1sp\u00e1r, neki volt saj\u00e1t kompon\u00e1lt verse is, a m\u00e1sodikat Bandi \u00e9s a harmadikat pedig T\u00f3ni kapta. Tibor atya is hozott egy sz\u00e9p verset, de \u00f6t nem d\u00edjazt\u00e1k.<\/p>\n<p>A vers \u00edgy sz\u00f3l:<\/p>\n<p>Erd\u00e9ly k\u00f6zep\u00e9ben kiny\u00edlott a r\u00f3zsa,<\/p>\n<p>Az elhagyott magyar nemzet gy\u00f6ny\u00f6r\u0171 bimb\u00f3ja.<\/p>\n<p>Meg\u00f6nt\u00f6zn\u00e9m sz\u00e1zszor is \u00e9n, sz\u00e1lljon \u00e1ld\u00e1s r\u00e1ja.<\/p>\n<p>Ne legyen a magyar nemzet szomor\u00fa \u00e9s \u00e1rva.<\/p>\n<p>Locsoljuk \u00e9s \u00e1ldjuk ezt a sz\u00e9p vir\u00e1got,<\/p>\n<p>Ez terem a magyar n\u00e9pnek \u00e9des szabads\u00e1got.<\/p>\n<p>Besz\u00e9lget\u00e9sekkel, az \u00e1ltalunk hozott \u00e9telek fogyaszt\u00e1s\u00e1val folytat\u00f3dott az est\u00e9nk. Sz\u00e9pen r\u00e1nk s\u00f6t\u00e9tedett, \u00e9szre sem vett\u00fck az id\u0151 m\u00fal\u00e1s\u00e1t. Ilyen d\u00e9lut\u00e1nok, est\u00e9k megsz\u00e9p\u00edtik \u00e9let\u00fcnket. H\u00e1l\u00e1s k\u00f6sz\u00f6net ez\u00e9rt kedves Erik\u00e1nknak \u00e9s S\u00e1ndornak! S\u00e1ndor gy\u00f6ny\u00f6r\u0171 vers\u00e9t, ami engem nagyon meghatott, szeretn\u00e9m, hogy megismerj\u00e9tek:<\/p>\n<p>Gy\u00e1szol a Golgota, s\u00f6t\u00e9t az \u00e9g alja,<\/p>\n<p>Az \u00e1rtatlan J\u00e9zus megfesz\u00edtve, halva.<\/p>\n<p>De harmadnapon meghasadt a hajnal,<\/p>\n<p>Boldog \u00f6r\u00f6mh\u00edrt hoz a menyb\u00e9li angyal.<\/p>\n<p>Holtak k\u00f6zt az \u00e9l\u0151t minek keresn\u00e9tek?<\/p>\n<p>Hisz felt\u00e1madt J\u00e9zus, \u00e9l az \u00f6r\u00f6k \u00e9let!<\/p>\n<p>Most is gy\u00e1szol a f\u00f6ld, s\u00edr a vil\u00e1g n\u00e9pe,<\/p>\n<p>Meghalt a szeretet, a testv\u00e9ri b\u00e9ke.<\/p>\n<p>De b\u00edzzunk Istenben, mennyei Aty\u00e1nkban,<\/p>\n<p>Hoz m\u00e9g szebb H\u00fasv\u00e9tot szeretett haz\u00e1nkra!<\/p>\n<p>Sz\u00edvemb\u0151l k\u00edv\u00e1nom<\/p>\n<p>\u00dagy legyen! Mindannyi\u00f3toknak k\u00edv\u00e1nunk b\u00e9k\u00e9s, \u00e1ldott h\u00fasv\u00e9ti \u00fcnnepeket!<\/p>\n<p><em>Szeretettel, Marika \u00e9s Bandi<\/em><\/p>\n<p><em>K\u00f6sz\u00f6net Erd\u0151s S\u00e1ndornak a meg\u00f6r\u00f6k\u00edtett pillanatok\u00e9rt!<\/em><\/p>\n","protected":false},"excerpt":{"rendered":"<p>2025. \u00e1prilis 11-\u00e9n ism\u00e9telten tal\u00e1lkoztak a Bar\u00e1ts\u00e1gklub tagjai. Nagyb\u00f6jt p\u00e9ntekje l\u00e9v\u00e9n el\u0151sz\u00f6r kereszt\u00fati \u00e1jtatoss\u00e1gon vett\u00fcnk r\u00e9szt, azt\u00e1n szentmise k\u00f6vetkezett. Ezt k\u00f6vet\u0151en pedig a k\u00f6z\u00f6ss\u00e9gi teremben v\u00e1rt benn\u00fcnket a meglepet\u00e9s. \u00dajra \u00f6r\u00f6mteli d\u00e9lut\u00e1nban \u00e9s est\u00e9ben volt r\u00e9sz\u00fcnk. K\u00f6sz\u00f6net Erd\u0151sn\u00e9-Nyirtai Erik\u00e1nak, f\u00e9rj\u00e9nrk S\u00e1ndornak \u00e9s Szamosi-Madar\u00e1sz Erzs\u00e9betnek a sz\u00ednes \u00e9s tartalmas program\u00e9rt. Sz\u00e9les reperto\u00e1r fogadott: h\u00edmesek fest\u00e9se, locsol\u00f3-versek, h\u00fasv\u00e9ti n\u00e9phagyom\u00e1nyok \u00e9s szok\u00e1sok, j\u00e1t\u00e9kos vet\u00e9lked\u0151k. Nem utols\u00f3 sorban pedig nagy szeretettel elk\u00e9sz\u00edtett \u00edzletes falatok \u00e9s a magunkkal hozott j\u00f3kedv tette \u00e9lm\u00e9nny\u00e9 ezt az est\u00e9t is. \u00c1lljon itt Stauder Marika besz\u00e1mol\u00f3ja \u00e9s egy k\u00e9pgal\u00e9ria: You are currently viewing a placeholder content from Default. To access the actual content, click the button below. Please note that doing so will share data with third-party providers. Unblock content Accept required service and unblock content More Information A tavasz elj\u00f6tte, \u00f6r\u00f6mmel t\u00f6lti be sz\u00edvemet! Ugyan a t\u00e9lnek is van var\u00e1zsa, decemberben az adventi id\u0151szak, kar\u00e1csony, J\u00e9zus sz\u00fclet\u00e9se, majd az &#8222;\u00daj \u00c9v&#8221; kezdete, ami mindig tele rem\u00e9nyekkel t\u00f6lt el, hogy szebb \u00e9s jobb lesz! Az emberek mindig megtal\u00e1lt\u00e1k a maguk m\u00f3dj\u00e1n, hogy tegy\u00e9k szebb\u00e9 \u00e9let\u00fcket. \u00daj\u00e9v ut\u00e1n kezd\u0151d\u00f6tt a farsangol\u00e1s, a b\u00e1lok, vid\u00e1ms\u00e1g&#8230;&#8221;Nyolc \u00f3ra munka, nyolc \u00f3ra pihen\u00e9s, nyolc \u00f3ra sz\u00f3rakoz\u00e1s&#8221; &#8211; ahogy a Beatrice dalolja. Azt\u00e1n szinte \u00e9szrev\u00e9tlen\u00fcl beoson \u00e9let\u00fcnkbe a tavasz, ahogy most is t\u00f6rt\u00e9nt. A term\u00e9szet \u00e9bred, a f\u00e1k r\u00fcgyeznek, a magn\u00f3lia gy\u00f6ny\u00f6r\u0171 sz\u00edn\u00e9vel k\u00e1pr\u00e1ztat el benn\u00fcnket, a r\u00e9t is tele lesz vir\u00e1ggal, a madarak vid\u00e1mabban \u00e9nekelnek, mi pedig szint\u00e9n vid\u00e1mabbak lesz\u00fcnk. A tavasznak is van \u00fcnnepe. M\u00e9gpedig az egyik legfontosabb \u00fcnnep\u00fcnk H\u00fasv\u00e9t, amelyet a 40 napos b\u00f6jti id\u0151 k\u00e9sz\u00edt el\u0151. A Bar\u00e1ts\u00e1gklub tagjai megh\u00edv\u00f3t kaptak, \u00e1prilis 11-\u00e9re, egy kreat\u00edv d\u00e9lut\u00e1nra, ahol h\u00fasv\u00e9ti h\u00edmes toj\u00e1sukat k\u00e9sz\u00edthetik el, \u00e9s j\u00e1t\u00e9kos vet\u00e9lked\u0151n kereszt\u00fcl, h\u00fasv\u00e9ti n\u00e9phagyom\u00e1nyokat ismerhetnek meg. Nagy \u00f6r\u00f6m volt nekem, hogy mi is Bandival r\u00e9szt vehett\u00fcnk ezen a tal\u00e1lkoz\u00f3n, ugyanis nem mindig vagyunk itthon. Nagyi \u00e9s Tata &#8222;id\u0151milliomosok&#8221;&#8230; <\/p>\n<p><a class=\"readmore\" href=\"https:\/\/stuttgarti-katolikusok.de\/index.php\/kreativ-delutan-szines-programokkal\/\">R\u00e9szletek<\/a><\/p>\n","protected":false},"author":3,"featured_media":30830,"comment_status":"closed","ping_status":"closed","sticky":false,"template":"","format":"standard","meta":{"footnotes":""},"categories":[32,28],"tags":[],"class_list":["post-30829","post","type-post","status-publish","format-standard","has-post-thumbnail","hentry","category-baratsag-klub","category-olvasoink-irjak"],"yoast_head":"<!-- This site is optimized with the Yoast SEO plugin v27.3 - https:\/\/yoast.com\/product\/yoast-seo-wordpress\/ -->\n<title>Kreat\u00edv d\u00e9lut\u00e1n sz\u00ednes programokkal - Stuttgarti Katolikusok<\/title>\n<meta name=\"robots\" content=\"index, follow, max-snippet:-1, max-image-preview:large, max-video-preview:-1\" \/>\n<link rel=\"canonical\" href=\"https:\/\/stuttgarti-katolikusok.de\/index.php\/kreativ-delutan-szines-programokkal\/\" \/>\n<meta property=\"og:locale\" content=\"hu_HU\" \/>\n<meta property=\"og:type\" content=\"article\" \/>\n<meta property=\"og:title\" content=\"Kreat\u00edv d\u00e9lut\u00e1n sz\u00ednes programokkal - Stuttgarti Katolikusok\" \/>\n<meta property=\"og:description\" content=\"2025. \u00e1prilis 11-\u00e9n ism\u00e9telten tal\u00e1lkoztak a Bar\u00e1ts\u00e1gklub tagjai. Nagyb\u00f6jt p\u00e9ntekje l\u00e9v\u00e9n el\u0151sz\u00f6r kereszt\u00fati \u00e1jtatoss\u00e1gon vett\u00fcnk r\u00e9szt, azt\u00e1n szentmise k\u00f6vetkezett. Ezt k\u00f6vet\u0151en pedig a k\u00f6z\u00f6ss\u00e9gi teremben v\u00e1rt benn\u00fcnket a meglepet\u00e9s. \u00dajra \u00f6r\u00f6mteli d\u00e9lut\u00e1nban \u00e9s est\u00e9ben volt r\u00e9sz\u00fcnk. K\u00f6sz\u00f6net Erd\u0151sn\u00e9-Nyirtai Erik\u00e1nak, f\u00e9rj\u00e9nrk S\u00e1ndornak \u00e9s Szamosi-Madar\u00e1sz Erzs\u00e9betnek a sz\u00ednes \u00e9s tartalmas program\u00e9rt. Sz\u00e9les reperto\u00e1r fogadott: h\u00edmesek fest\u00e9se, locsol\u00f3-versek, h\u00fasv\u00e9ti n\u00e9phagyom\u00e1nyok \u00e9s szok\u00e1sok, j\u00e1t\u00e9kos vet\u00e9lked\u0151k. Nem utols\u00f3 sorban pedig nagy szeretettel elk\u00e9sz\u00edtett \u00edzletes falatok \u00e9s a magunkkal hozott j\u00f3kedv tette \u00e9lm\u00e9nny\u00e9 ezt az est\u00e9t is. \u00c1lljon itt Stauder Marika besz\u00e1mol\u00f3ja \u00e9s egy k\u00e9pgal\u00e9ria: You are currently viewing a placeholder content from Default. To access the actual content, click the button below. Please note that doing so will share data with third-party providers. Unblock content Accept required service and unblock content More Information A tavasz elj\u00f6tte, \u00f6r\u00f6mmel t\u00f6lti be sz\u00edvemet! Ugyan a t\u00e9lnek is van var\u00e1zsa, decemberben az adventi id\u0151szak, kar\u00e1csony, J\u00e9zus sz\u00fclet\u00e9se, majd az &#8222;\u00daj \u00c9v&#8221; kezdete, ami mindig tele rem\u00e9nyekkel t\u00f6lt el, hogy szebb \u00e9s jobb lesz! Az emberek mindig megtal\u00e1lt\u00e1k a maguk m\u00f3dj\u00e1n, hogy tegy\u00e9k szebb\u00e9 \u00e9let\u00fcket. \u00daj\u00e9v ut\u00e1n kezd\u0151d\u00f6tt a farsangol\u00e1s, a b\u00e1lok, vid\u00e1ms\u00e1g&#8230;&#8221;Nyolc \u00f3ra munka, nyolc \u00f3ra pihen\u00e9s, nyolc \u00f3ra sz\u00f3rakoz\u00e1s&#8221; &#8211; ahogy a Beatrice dalolja. Azt\u00e1n szinte \u00e9szrev\u00e9tlen\u00fcl beoson \u00e9let\u00fcnkbe a tavasz, ahogy most is t\u00f6rt\u00e9nt. A term\u00e9szet \u00e9bred, a f\u00e1k r\u00fcgyeznek, a magn\u00f3lia gy\u00f6ny\u00f6r\u0171 sz\u00edn\u00e9vel k\u00e1pr\u00e1ztat el benn\u00fcnket, a r\u00e9t is tele lesz vir\u00e1ggal, a madarak vid\u00e1mabban \u00e9nekelnek, mi pedig szint\u00e9n vid\u00e1mabbak lesz\u00fcnk. A tavasznak is van \u00fcnnepe. M\u00e9gpedig az egyik legfontosabb \u00fcnnep\u00fcnk H\u00fasv\u00e9t, amelyet a 40 napos b\u00f6jti id\u0151 k\u00e9sz\u00edt el\u0151. A Bar\u00e1ts\u00e1gklub tagjai megh\u00edv\u00f3t kaptak, \u00e1prilis 11-\u00e9re, egy kreat\u00edv d\u00e9lut\u00e1nra, ahol h\u00fasv\u00e9ti h\u00edmes toj\u00e1sukat k\u00e9sz\u00edthetik el, \u00e9s j\u00e1t\u00e9kos vet\u00e9lked\u0151n kereszt\u00fcl, h\u00fasv\u00e9ti n\u00e9phagyom\u00e1nyokat ismerhetnek meg. Nagy \u00f6r\u00f6m volt nekem, hogy mi is Bandival r\u00e9szt vehett\u00fcnk ezen a tal\u00e1lkoz\u00f3n, ugyanis nem mindig vagyunk itthon. Nagyi \u00e9s Tata &#8222;id\u0151milliomosok&#8221;... R\u00e9szletek\" \/>\n<meta property=\"og:url\" content=\"https:\/\/stuttgarti-katolikusok.de\/index.php\/kreativ-delutan-szines-programokkal\/\" \/>\n<meta property=\"og:site_name\" content=\"Stuttgarti Katolikusok\" \/>\n<meta property=\"article:published_time\" content=\"2025-04-15T22:50:15+00:00\" \/>\n<meta property=\"article:modified_time\" content=\"2025-04-16T05:36:51+00:00\" \/>\n<meta property=\"og:image\" content=\"https:\/\/stuttgarti-katolikusok.de\/wp-content\/uploads\/2025\/04\/kreativ-delutan-1.jpg\" \/>\n\t<meta property=\"og:image:width\" content=\"1200\" \/>\n\t<meta property=\"og:image:height\" content=\"1271\" \/>\n\t<meta property=\"og:image:type\" content=\"image\/jpeg\" \/>\n<meta name=\"author\" content=\"Tibor atya\" \/>\n<meta name=\"twitter:card\" content=\"summary_large_image\" \/>\n<meta name=\"twitter:label1\" content=\"Szerz\u0151:\" \/>\n\t<meta name=\"twitter:data1\" content=\"Tibor atya\" \/>\n\t<meta name=\"twitter:label2\" content=\"Becs\u00fclt olvas\u00e1si id\u0151\" \/>\n\t<meta name=\"twitter:data2\" content=\"7 perc\" \/>\n<script type=\"application\/ld+json\" class=\"yoast-schema-graph\">{\"@context\":\"https:\\\/\\\/schema.org\",\"@graph\":[{\"@type\":\"Article\",\"@id\":\"https:\\\/\\\/stuttgarti-katolikusok.de\\\/index.php\\\/kreativ-delutan-szines-programokkal\\\/#article\",\"isPartOf\":{\"@id\":\"https:\\\/\\\/stuttgarti-katolikusok.de\\\/index.php\\\/kreativ-delutan-szines-programokkal\\\/\"},\"author\":{\"name\":\"Tibor atya\",\"@id\":\"https:\\\/\\\/stuttgarti-katolikusok.de\\\/#\\\/schema\\\/person\\\/75908d6f8fdc03a57889d27209df7795\"},\"headline\":\"Kreat\u00edv d\u00e9lut\u00e1n sz\u00ednes programokkal\",\"datePublished\":\"2025-04-15T22:50:15+00:00\",\"dateModified\":\"2025-04-16T05:36:51+00:00\",\"mainEntityOfPage\":{\"@id\":\"https:\\\/\\\/stuttgarti-katolikusok.de\\\/index.php\\\/kreativ-delutan-szines-programokkal\\\/\"},\"wordCount\":1850,\"image\":{\"@id\":\"https:\\\/\\\/stuttgarti-katolikusok.de\\\/index.php\\\/kreativ-delutan-szines-programokkal\\\/#primaryimage\"},\"thumbnailUrl\":\"https:\\\/\\\/stuttgarti-katolikusok.de\\\/wp-content\\\/uploads\\\/2025\\\/04\\\/kreativ-delutan-1.jpg\",\"articleSection\":[\"Bar\u00e1ts\u00e1g Klub\",\"Olvas\u00f3ink \u00edrj\u00e1k\"],\"inLanguage\":\"hu\"},{\"@type\":\"WebPage\",\"@id\":\"https:\\\/\\\/stuttgarti-katolikusok.de\\\/index.php\\\/kreativ-delutan-szines-programokkal\\\/\",\"url\":\"https:\\\/\\\/stuttgarti-katolikusok.de\\\/index.php\\\/kreativ-delutan-szines-programokkal\\\/\",\"name\":\"Kreat\u00edv d\u00e9lut\u00e1n sz\u00ednes programokkal - Stuttgarti Katolikusok\",\"isPartOf\":{\"@id\":\"https:\\\/\\\/stuttgarti-katolikusok.de\\\/#website\"},\"primaryImageOfPage\":{\"@id\":\"https:\\\/\\\/stuttgarti-katolikusok.de\\\/index.php\\\/kreativ-delutan-szines-programokkal\\\/#primaryimage\"},\"image\":{\"@id\":\"https:\\\/\\\/stuttgarti-katolikusok.de\\\/index.php\\\/kreativ-delutan-szines-programokkal\\\/#primaryimage\"},\"thumbnailUrl\":\"https:\\\/\\\/stuttgarti-katolikusok.de\\\/wp-content\\\/uploads\\\/2025\\\/04\\\/kreativ-delutan-1.jpg\",\"datePublished\":\"2025-04-15T22:50:15+00:00\",\"dateModified\":\"2025-04-16T05:36:51+00:00\",\"author\":{\"@id\":\"https:\\\/\\\/stuttgarti-katolikusok.de\\\/#\\\/schema\\\/person\\\/75908d6f8fdc03a57889d27209df7795\"},\"breadcrumb\":{\"@id\":\"https:\\\/\\\/stuttgarti-katolikusok.de\\\/index.php\\\/kreativ-delutan-szines-programokkal\\\/#breadcrumb\"},\"inLanguage\":\"hu\",\"potentialAction\":[{\"@type\":\"ReadAction\",\"target\":[\"https:\\\/\\\/stuttgarti-katolikusok.de\\\/index.php\\\/kreativ-delutan-szines-programokkal\\\/\"]}]},{\"@type\":\"ImageObject\",\"inLanguage\":\"hu\",\"@id\":\"https:\\\/\\\/stuttgarti-katolikusok.de\\\/index.php\\\/kreativ-delutan-szines-programokkal\\\/#primaryimage\",\"url\":\"https:\\\/\\\/stuttgarti-katolikusok.de\\\/wp-content\\\/uploads\\\/2025\\\/04\\\/kreativ-delutan-1.jpg\",\"contentUrl\":\"https:\\\/\\\/stuttgarti-katolikusok.de\\\/wp-content\\\/uploads\\\/2025\\\/04\\\/kreativ-delutan-1.jpg\",\"width\":1200,\"height\":1271},{\"@type\":\"BreadcrumbList\",\"@id\":\"https:\\\/\\\/stuttgarti-katolikusok.de\\\/index.php\\\/kreativ-delutan-szines-programokkal\\\/#breadcrumb\",\"itemListElement\":[{\"@type\":\"ListItem\",\"position\":1,\"name\":\"Kezd\u0151lap\",\"item\":\"https:\\\/\\\/stuttgarti-katolikusok.de\\\/\"},{\"@type\":\"ListItem\",\"position\":2,\"name\":\"Kreat\u00edv d\u00e9lut\u00e1n sz\u00ednes programokkal\"}]},{\"@type\":\"WebSite\",\"@id\":\"https:\\\/\\\/stuttgarti-katolikusok.de\\\/#website\",\"url\":\"https:\\\/\\\/stuttgarti-katolikusok.de\\\/\",\"name\":\"Stuttgarti Katolikusok\",\"description\":\"\",\"potentialAction\":[{\"@type\":\"SearchAction\",\"target\":{\"@type\":\"EntryPoint\",\"urlTemplate\":\"https:\\\/\\\/stuttgarti-katolikusok.de\\\/?s={search_term_string}\"},\"query-input\":{\"@type\":\"PropertyValueSpecification\",\"valueRequired\":true,\"valueName\":\"search_term_string\"}}],\"inLanguage\":\"hu\"},{\"@type\":\"Person\",\"@id\":\"https:\\\/\\\/stuttgarti-katolikusok.de\\\/#\\\/schema\\\/person\\\/75908d6f8fdc03a57889d27209df7795\",\"name\":\"Tibor atya\",\"image\":{\"@type\":\"ImageObject\",\"inLanguage\":\"hu\",\"@id\":\"https:\\\/\\\/secure.gravatar.com\\\/avatar\\\/61d268e57d1f4525b111222e29d2d5a7f8c420fdbf231ba5566a8ceac74fa960?s=96&d=mm&r=g\",\"url\":\"https:\\\/\\\/secure.gravatar.com\\\/avatar\\\/61d268e57d1f4525b111222e29d2d5a7f8c420fdbf231ba5566a8ceac74fa960?s=96&d=mm&r=g\",\"contentUrl\":\"https:\\\/\\\/secure.gravatar.com\\\/avatar\\\/61d268e57d1f4525b111222e29d2d5a7f8c420fdbf231ba5566a8ceac74fa960?s=96&d=mm&r=g\",\"caption\":\"Tibor atya\"},\"url\":\"https:\\\/\\\/stuttgarti-katolikusok.de\\\/index.php\\\/author\\\/tibor-atya\\\/\"}]}<\/script>\n<!-- \/ Yoast SEO plugin. -->","yoast_head_json":{"title":"Kreat\u00edv d\u00e9lut\u00e1n sz\u00ednes programokkal - Stuttgarti Katolikusok","robots":{"index":"index","follow":"follow","max-snippet":"max-snippet:-1","max-image-preview":"max-image-preview:large","max-video-preview":"max-video-preview:-1"},"canonical":"https:\/\/stuttgarti-katolikusok.de\/index.php\/kreativ-delutan-szines-programokkal\/","og_locale":"hu_HU","og_type":"article","og_title":"Kreat\u00edv d\u00e9lut\u00e1n sz\u00ednes programokkal - Stuttgarti Katolikusok","og_description":"2025. \u00e1prilis 11-\u00e9n ism\u00e9telten tal\u00e1lkoztak a Bar\u00e1ts\u00e1gklub tagjai. Nagyb\u00f6jt p\u00e9ntekje l\u00e9v\u00e9n el\u0151sz\u00f6r kereszt\u00fati \u00e1jtatoss\u00e1gon vett\u00fcnk r\u00e9szt, azt\u00e1n szentmise k\u00f6vetkezett. Ezt k\u00f6vet\u0151en pedig a k\u00f6z\u00f6ss\u00e9gi teremben v\u00e1rt benn\u00fcnket a meglepet\u00e9s. \u00dajra \u00f6r\u00f6mteli d\u00e9lut\u00e1nban \u00e9s est\u00e9ben volt r\u00e9sz\u00fcnk. K\u00f6sz\u00f6net Erd\u0151sn\u00e9-Nyirtai Erik\u00e1nak, f\u00e9rj\u00e9nrk S\u00e1ndornak \u00e9s Szamosi-Madar\u00e1sz Erzs\u00e9betnek a sz\u00ednes \u00e9s tartalmas program\u00e9rt. Sz\u00e9les reperto\u00e1r fogadott: h\u00edmesek fest\u00e9se, locsol\u00f3-versek, h\u00fasv\u00e9ti n\u00e9phagyom\u00e1nyok \u00e9s szok\u00e1sok, j\u00e1t\u00e9kos vet\u00e9lked\u0151k. Nem utols\u00f3 sorban pedig nagy szeretettel elk\u00e9sz\u00edtett \u00edzletes falatok \u00e9s a magunkkal hozott j\u00f3kedv tette \u00e9lm\u00e9nny\u00e9 ezt az est\u00e9t is. \u00c1lljon itt Stauder Marika besz\u00e1mol\u00f3ja \u00e9s egy k\u00e9pgal\u00e9ria: You are currently viewing a placeholder content from Default. To access the actual content, click the button below. Please note that doing so will share data with third-party providers. Unblock content Accept required service and unblock content More Information A tavasz elj\u00f6tte, \u00f6r\u00f6mmel t\u00f6lti be sz\u00edvemet! Ugyan a t\u00e9lnek is van var\u00e1zsa, decemberben az adventi id\u0151szak, kar\u00e1csony, J\u00e9zus sz\u00fclet\u00e9se, majd az &#8222;\u00daj \u00c9v&#8221; kezdete, ami mindig tele rem\u00e9nyekkel t\u00f6lt el, hogy szebb \u00e9s jobb lesz! Az emberek mindig megtal\u00e1lt\u00e1k a maguk m\u00f3dj\u00e1n, hogy tegy\u00e9k szebb\u00e9 \u00e9let\u00fcket. \u00daj\u00e9v ut\u00e1n kezd\u0151d\u00f6tt a farsangol\u00e1s, a b\u00e1lok, vid\u00e1ms\u00e1g&#8230;&#8221;Nyolc \u00f3ra munka, nyolc \u00f3ra pihen\u00e9s, nyolc \u00f3ra sz\u00f3rakoz\u00e1s&#8221; &#8211; ahogy a Beatrice dalolja. Azt\u00e1n szinte \u00e9szrev\u00e9tlen\u00fcl beoson \u00e9let\u00fcnkbe a tavasz, ahogy most is t\u00f6rt\u00e9nt. A term\u00e9szet \u00e9bred, a f\u00e1k r\u00fcgyeznek, a magn\u00f3lia gy\u00f6ny\u00f6r\u0171 sz\u00edn\u00e9vel k\u00e1pr\u00e1ztat el benn\u00fcnket, a r\u00e9t is tele lesz vir\u00e1ggal, a madarak vid\u00e1mabban \u00e9nekelnek, mi pedig szint\u00e9n vid\u00e1mabbak lesz\u00fcnk. A tavasznak is van \u00fcnnepe. M\u00e9gpedig az egyik legfontosabb \u00fcnnep\u00fcnk H\u00fasv\u00e9t, amelyet a 40 napos b\u00f6jti id\u0151 k\u00e9sz\u00edt el\u0151. A Bar\u00e1ts\u00e1gklub tagjai megh\u00edv\u00f3t kaptak, \u00e1prilis 11-\u00e9re, egy kreat\u00edv d\u00e9lut\u00e1nra, ahol h\u00fasv\u00e9ti h\u00edmes toj\u00e1sukat k\u00e9sz\u00edthetik el, \u00e9s j\u00e1t\u00e9kos vet\u00e9lked\u0151n kereszt\u00fcl, h\u00fasv\u00e9ti n\u00e9phagyom\u00e1nyokat ismerhetnek meg. Nagy \u00f6r\u00f6m volt nekem, hogy mi is Bandival r\u00e9szt vehett\u00fcnk ezen a tal\u00e1lkoz\u00f3n, ugyanis nem mindig vagyunk itthon. Nagyi \u00e9s Tata &#8222;id\u0151milliomosok&#8221;... R\u00e9szletek","og_url":"https:\/\/stuttgarti-katolikusok.de\/index.php\/kreativ-delutan-szines-programokkal\/","og_site_name":"Stuttgarti Katolikusok","article_published_time":"2025-04-15T22:50:15+00:00","article_modified_time":"2025-04-16T05:36:51+00:00","og_image":[{"width":1200,"height":1271,"url":"https:\/\/stuttgarti-katolikusok.de\/wp-content\/uploads\/2025\/04\/kreativ-delutan-1.jpg","type":"image\/jpeg"}],"author":"Tibor atya","twitter_card":"summary_large_image","twitter_misc":{"Szerz\u0151:":"Tibor atya","Becs\u00fclt olvas\u00e1si id\u0151":"7 perc"},"schema":{"@context":"https:\/\/schema.org","@graph":[{"@type":"Article","@id":"https:\/\/stuttgarti-katolikusok.de\/index.php\/kreativ-delutan-szines-programokkal\/#article","isPartOf":{"@id":"https:\/\/stuttgarti-katolikusok.de\/index.php\/kreativ-delutan-szines-programokkal\/"},"author":{"name":"Tibor atya","@id":"https:\/\/stuttgarti-katolikusok.de\/#\/schema\/person\/75908d6f8fdc03a57889d27209df7795"},"headline":"Kreat\u00edv d\u00e9lut\u00e1n sz\u00ednes programokkal","datePublished":"2025-04-15T22:50:15+00:00","dateModified":"2025-04-16T05:36:51+00:00","mainEntityOfPage":{"@id":"https:\/\/stuttgarti-katolikusok.de\/index.php\/kreativ-delutan-szines-programokkal\/"},"wordCount":1850,"image":{"@id":"https:\/\/stuttgarti-katolikusok.de\/index.php\/kreativ-delutan-szines-programokkal\/#primaryimage"},"thumbnailUrl":"https:\/\/stuttgarti-katolikusok.de\/wp-content\/uploads\/2025\/04\/kreativ-delutan-1.jpg","articleSection":["Bar\u00e1ts\u00e1g Klub","Olvas\u00f3ink \u00edrj\u00e1k"],"inLanguage":"hu"},{"@type":"WebPage","@id":"https:\/\/stuttgarti-katolikusok.de\/index.php\/kreativ-delutan-szines-programokkal\/","url":"https:\/\/stuttgarti-katolikusok.de\/index.php\/kreativ-delutan-szines-programokkal\/","name":"Kreat\u00edv d\u00e9lut\u00e1n sz\u00ednes programokkal - Stuttgarti Katolikusok","isPartOf":{"@id":"https:\/\/stuttgarti-katolikusok.de\/#website"},"primaryImageOfPage":{"@id":"https:\/\/stuttgarti-katolikusok.de\/index.php\/kreativ-delutan-szines-programokkal\/#primaryimage"},"image":{"@id":"https:\/\/stuttgarti-katolikusok.de\/index.php\/kreativ-delutan-szines-programokkal\/#primaryimage"},"thumbnailUrl":"https:\/\/stuttgarti-katolikusok.de\/wp-content\/uploads\/2025\/04\/kreativ-delutan-1.jpg","datePublished":"2025-04-15T22:50:15+00:00","dateModified":"2025-04-16T05:36:51+00:00","author":{"@id":"https:\/\/stuttgarti-katolikusok.de\/#\/schema\/person\/75908d6f8fdc03a57889d27209df7795"},"breadcrumb":{"@id":"https:\/\/stuttgarti-katolikusok.de\/index.php\/kreativ-delutan-szines-programokkal\/#breadcrumb"},"inLanguage":"hu","potentialAction":[{"@type":"ReadAction","target":["https:\/\/stuttgarti-katolikusok.de\/index.php\/kreativ-delutan-szines-programokkal\/"]}]},{"@type":"ImageObject","inLanguage":"hu","@id":"https:\/\/stuttgarti-katolikusok.de\/index.php\/kreativ-delutan-szines-programokkal\/#primaryimage","url":"https:\/\/stuttgarti-katolikusok.de\/wp-content\/uploads\/2025\/04\/kreativ-delutan-1.jpg","contentUrl":"https:\/\/stuttgarti-katolikusok.de\/wp-content\/uploads\/2025\/04\/kreativ-delutan-1.jpg","width":1200,"height":1271},{"@type":"BreadcrumbList","@id":"https:\/\/stuttgarti-katolikusok.de\/index.php\/kreativ-delutan-szines-programokkal\/#breadcrumb","itemListElement":[{"@type":"ListItem","position":1,"name":"Kezd\u0151lap","item":"https:\/\/stuttgarti-katolikusok.de\/"},{"@type":"ListItem","position":2,"name":"Kreat\u00edv d\u00e9lut\u00e1n sz\u00ednes programokkal"}]},{"@type":"WebSite","@id":"https:\/\/stuttgarti-katolikusok.de\/#website","url":"https:\/\/stuttgarti-katolikusok.de\/","name":"Stuttgarti Katolikusok","description":"","potentialAction":[{"@type":"SearchAction","target":{"@type":"EntryPoint","urlTemplate":"https:\/\/stuttgarti-katolikusok.de\/?s={search_term_string}"},"query-input":{"@type":"PropertyValueSpecification","valueRequired":true,"valueName":"search_term_string"}}],"inLanguage":"hu"},{"@type":"Person","@id":"https:\/\/stuttgarti-katolikusok.de\/#\/schema\/person\/75908d6f8fdc03a57889d27209df7795","name":"Tibor atya","image":{"@type":"ImageObject","inLanguage":"hu","@id":"https:\/\/secure.gravatar.com\/avatar\/61d268e57d1f4525b111222e29d2d5a7f8c420fdbf231ba5566a8ceac74fa960?s=96&d=mm&r=g","url":"https:\/\/secure.gravatar.com\/avatar\/61d268e57d1f4525b111222e29d2d5a7f8c420fdbf231ba5566a8ceac74fa960?s=96&d=mm&r=g","contentUrl":"https:\/\/secure.gravatar.com\/avatar\/61d268e57d1f4525b111222e29d2d5a7f8c420fdbf231ba5566a8ceac74fa960?s=96&d=mm&r=g","caption":"Tibor atya"},"url":"https:\/\/stuttgarti-katolikusok.de\/index.php\/author\/tibor-atya\/"}]}},"_links":{"self":[{"href":"https:\/\/stuttgarti-katolikusok.de\/index.php\/wp-json\/wp\/v2\/posts\/30829","targetHints":{"allow":["GET"]}}],"collection":[{"href":"https:\/\/stuttgarti-katolikusok.de\/index.php\/wp-json\/wp\/v2\/posts"}],"about":[{"href":"https:\/\/stuttgarti-katolikusok.de\/index.php\/wp-json\/wp\/v2\/types\/post"}],"author":[{"embeddable":true,"href":"https:\/\/stuttgarti-katolikusok.de\/index.php\/wp-json\/wp\/v2\/users\/3"}],"replies":[{"embeddable":true,"href":"https:\/\/stuttgarti-katolikusok.de\/index.php\/wp-json\/wp\/v2\/comments?post=30829"}],"version-history":[{"count":4,"href":"https:\/\/stuttgarti-katolikusok.de\/index.php\/wp-json\/wp\/v2\/posts\/30829\/revisions"}],"predecessor-version":[{"id":30834,"href":"https:\/\/stuttgarti-katolikusok.de\/index.php\/wp-json\/wp\/v2\/posts\/30829\/revisions\/30834"}],"wp:featuredmedia":[{"embeddable":true,"href":"https:\/\/stuttgarti-katolikusok.de\/index.php\/wp-json\/wp\/v2\/media\/30830"}],"wp:attachment":[{"href":"https:\/\/stuttgarti-katolikusok.de\/index.php\/wp-json\/wp\/v2\/media?parent=30829"}],"wp:term":[{"taxonomy":"category","embeddable":true,"href":"https:\/\/stuttgarti-katolikusok.de\/index.php\/wp-json\/wp\/v2\/categories?post=30829"},{"taxonomy":"post_tag","embeddable":true,"href":"https:\/\/stuttgarti-katolikusok.de\/index.php\/wp-json\/wp\/v2\/tags?post=30829"}],"curies":[{"name":"wp","href":"https:\/\/api.w.org\/{rel}","templated":true}]}}