{"id":30789,"date":"2025-04-14T21:13:04","date_gmt":"2025-04-14T19:13:04","guid":{"rendered":"https:\/\/stuttgarti-katolikusok.de\/?p=30789"},"modified":"2025-04-14T23:19:58","modified_gmt":"2025-04-14T21:19:58","slug":"2025-aprilis-14-es-kozott","status":"publish","type":"post","link":"https:\/\/stuttgarti-katolikusok.de\/index.php\/2025-aprilis-14-es-kozott\/","title":{"rendered":"2025. \u00c1PRILIS 14 \u00c9S 21 K\u00d6Z\u00d6TT"},"content":{"rendered":"<p><span style=\"color: #800080;\"><strong><em>Programel\u0151zetes<\/em><\/strong><\/span><\/p>\n<p style=\"text-align: center;\"><span style=\"color: #800080;\"><strong>\u00a0<\/strong><strong>*<\/strong><\/span><\/p>\n<p><a href=\"https:\/\/stuttgarti-katolikusok.de\/wp-content\/uploads\/2021\/03\/last-supper-780993-1280.jpg\"><img loading=\"lazy\" decoding=\"async\" class=\"alignnone size-full wp-image-21514\" src=\"https:\/\/stuttgarti-katolikusok.de\/wp-content\/uploads\/2021\/03\/last-supper-780993-1280.jpg\" alt=\"\" width=\"1280\" height=\"856\" srcset=\"https:\/\/stuttgarti-katolikusok.de\/wp-content\/uploads\/2021\/03\/last-supper-780993-1280.jpg 1280w, https:\/\/stuttgarti-katolikusok.de\/wp-content\/uploads\/2021\/03\/last-supper-780993-1280-300x201.jpg 300w, https:\/\/stuttgarti-katolikusok.de\/wp-content\/uploads\/2021\/03\/last-supper-780993-1280-1024x685.jpg 1024w, https:\/\/stuttgarti-katolikusok.de\/wp-content\/uploads\/2021\/03\/last-supper-780993-1280-420x280.jpg 420w, https:\/\/stuttgarti-katolikusok.de\/wp-content\/uploads\/2021\/03\/last-supper-780993-1280-690x460.jpg 690w\" sizes=\"auto, (max-width: 1280px) 100vw, 1280px\" \/><\/a><\/p>\n<p><strong>\u00c1prilis 17-\u00e9n<\/strong>, <span style=\"color: #800080;\"><strong>Nagycs\u00fct\u00f6rt\u00f6k<\/strong><\/span><em>,<\/em>\u00a0<strong>Stuttgartban<\/strong> 19.00 \u00f3rakor<em> szentmise az Utols\u00f3 Vacsora eml\u00e9k\u00e9re, <\/em>ezt k\u00f6vet\u0151en <em>csendes virraszt\u00e1s-szents\u00e9gim\u00e1d\u00e1s.<\/em><\/p>\n<p style=\"text-align: center;\"><span style=\"color: #800080;\"><strong>\u00a0<\/strong><strong>*<\/strong><\/span><\/p>\n<p><a href=\"https:\/\/stuttgarti-katolikusok.de\/wp-content\/uploads\/2021\/03\/good-friday-3278188-1280.jpg\"><img loading=\"lazy\" decoding=\"async\" class=\"alignnone size-full wp-image-21515\" src=\"https:\/\/stuttgarti-katolikusok.de\/wp-content\/uploads\/2021\/03\/good-friday-3278188-1280.jpg\" alt=\"\" width=\"1280\" height=\"850\" srcset=\"https:\/\/stuttgarti-katolikusok.de\/wp-content\/uploads\/2021\/03\/good-friday-3278188-1280.jpg 1280w, https:\/\/stuttgarti-katolikusok.de\/wp-content\/uploads\/2021\/03\/good-friday-3278188-1280-300x199.jpg 300w, https:\/\/stuttgarti-katolikusok.de\/wp-content\/uploads\/2021\/03\/good-friday-3278188-1280-1024x680.jpg 1024w, https:\/\/stuttgarti-katolikusok.de\/wp-content\/uploads\/2021\/03\/good-friday-3278188-1280-420x280.jpg 420w\" sizes=\"auto, (max-width: 1280px) 100vw, 1280px\" \/><\/a><\/p>\n<p><strong>\u00c1prilis 18-\u00e1n,<\/strong> <span style=\"color: #800080;\"><strong>Nagyp\u00e9ntek<\/strong><\/span><em><strong>,<\/strong><\/em><\/p>\n<p><strong>Weingartenben<\/strong> 15.00 \u00f3rakor<em> Urunk szenved\u00e9s\u00e9nek \u00fcnnepl\u00e9se a 14 Nothelfer Kapelle-<\/em><em>ben<\/em><em>,<\/em><\/p>\n<p><strong>Stuttgartban <\/strong>19.00 \u00f3rakor <em>Urunk szenved\u00e9s\u00e9nek \u00fcnnepl\u00e9se.<\/em><\/p>\n<p style=\"text-align: center;\"><span style=\"color: #800080;\"><strong>*<\/strong><\/span><\/p>\n<p><a href=\"https:\/\/stuttgarti-katolikusok.de\/wp-content\/uploads\/2025\/04\/szentsir-3.jpg\"><img loading=\"lazy\" decoding=\"async\" class=\"alignnone size-full wp-image-30791\" src=\"https:\/\/stuttgarti-katolikusok.de\/wp-content\/uploads\/2025\/04\/szentsir-3.jpg\" alt=\"\" width=\"1200\" height=\"1600\" srcset=\"https:\/\/stuttgarti-katolikusok.de\/wp-content\/uploads\/2025\/04\/szentsir-3.jpg 1200w, https:\/\/stuttgarti-katolikusok.de\/wp-content\/uploads\/2025\/04\/szentsir-3-225x300.jpg 225w, https:\/\/stuttgarti-katolikusok.de\/wp-content\/uploads\/2025\/04\/szentsir-3-768x1024.jpg 768w, https:\/\/stuttgarti-katolikusok.de\/wp-content\/uploads\/2025\/04\/szentsir-3-1152x1536.jpg 1152w\" sizes=\"auto, (max-width: 1200px) 100vw, 1200px\" \/><\/a><\/p>\n<p><em>(Szents\u00edr &#8211; M\u00e1ramarossziget &#8211; Borromeo Szent K\u00e1roly templom)<\/em><\/p>\n<p><strong>\u00c1prilis 19-\u00e9n<\/strong><em>, <\/em><span style=\"color: #ff6600;\"><strong>Nagyszombat<\/strong><\/span><em>.<\/em> <span style=\"color: #000000;\"><strong>Stuttgartban <\/strong><\/span>20.00 \u00f3rakor<em><span style=\"color: #ff6600;\"><strong> H\u00fasv\u00e9ti vig\u00edlia<\/strong>, felt\u00e1mad\u00e1si szertart\u00e1s, <\/span><\/em>ut\u00e1na<span style=\"color: #ff6600;\"><em> \u00e9telszentel\u00e9s.\u00a0<\/em><\/span><\/p>\n<p><a href=\"https:\/\/stuttgarti-katolikusok.de\/wp-content\/uploads\/2021\/03\/easter-6063668-1280.jpg\"><img loading=\"lazy\" decoding=\"async\" class=\"alignnone size-full wp-image-21522\" src=\"https:\/\/stuttgarti-katolikusok.de\/wp-content\/uploads\/2021\/03\/easter-6063668-1280.jpg\" alt=\"\" width=\"1280\" height=\"853\" srcset=\"https:\/\/stuttgarti-katolikusok.de\/wp-content\/uploads\/2021\/03\/easter-6063668-1280.jpg 1280w, https:\/\/stuttgarti-katolikusok.de\/wp-content\/uploads\/2021\/03\/easter-6063668-1280-300x200.jpg 300w, https:\/\/stuttgarti-katolikusok.de\/wp-content\/uploads\/2021\/03\/easter-6063668-1280-1024x682.jpg 1024w, https:\/\/stuttgarti-katolikusok.de\/wp-content\/uploads\/2021\/03\/easter-6063668-1280-420x280.jpg 420w, https:\/\/stuttgarti-katolikusok.de\/wp-content\/uploads\/2021\/03\/easter-6063668-1280-690x460.jpg 690w\" sizes=\"auto, (max-width: 1280px) 100vw, 1280px\" \/><\/a><\/p>\n<p><strong>\u00c1prilis 20-\u00e1n,<\/strong> <span style=\"color: #ff6600;\"><strong>H\u00fasv\u00e9tvas\u00e1rnap<\/strong><\/span><em><strong>,<span style=\"color: #ff6600;\"> Urunk felt\u00e1mad\u00e1sa<\/span>,<\/strong><\/em><\/p>\n<p><strong>Weingartenben <\/strong>10.00 \u00f3rakor <em>\u00fcnnepi szentmise a 14 Nothelfer Kapelle-<\/em><em>ben<\/em><em>,\u00a0<\/em>ut\u00e1na <em>\u00e9telszentel\u00e9s,<\/em><\/p>\n<p><strong>Ulmban<\/strong> 15.00 \u00f3rakor<em> \u00fcnnepi szentmise, <\/em>ut\u00e1na <em>\u00e9telszentel\u00e9s,<\/em><\/p>\n<p><strong>Stuttgartban<\/strong> 18.00 \u00f3rakor <em>\u00fcnnepi szentmise, <\/em>ut\u00e1na <em>\u00e9telszentel\u00e9s.<\/em><\/p>\n<p style=\"text-align: center;\"><span style=\"color: #ff6600;\"><strong>\u00a0*<\/strong><\/span><\/p>\n<p><a href=\"https:\/\/stuttgarti-katolikusok.de\/wp-content\/uploads\/2021\/03\/husvethetfo.jpg\"><img loading=\"lazy\" decoding=\"async\" class=\"alignnone size-full wp-image-21517\" src=\"https:\/\/stuttgarti-katolikusok.de\/wp-content\/uploads\/2021\/03\/husvethetfo.jpg\" alt=\"\" width=\"1280\" height=\"960\" srcset=\"https:\/\/stuttgarti-katolikusok.de\/wp-content\/uploads\/2021\/03\/husvethetfo.jpg 1280w, https:\/\/stuttgarti-katolikusok.de\/wp-content\/uploads\/2021\/03\/husvethetfo-300x225.jpg 300w, https:\/\/stuttgarti-katolikusok.de\/wp-content\/uploads\/2021\/03\/husvethetfo-1024x768.jpg 1024w, https:\/\/stuttgarti-katolikusok.de\/wp-content\/uploads\/2021\/03\/husvethetfo-164x124.jpg 164w\" sizes=\"auto, (max-width: 1280px) 100vw, 1280px\" \/><\/a><\/p>\n<p><strong>\u00c1prilis 21-\u00e9n<\/strong><em><strong>, <\/strong><\/em><span style=\"color: #ff6600;\"><strong>H\u00fasv\u00e9th\u00e9tf\u0151<\/strong><\/span><em><strong>, <\/strong><\/em><\/p>\n<p><strong>B\u00f6blingenben<\/strong> 9.30 \u00f3rakor<em> \u00fcnnepi szentmise. <\/em><span style=\"color: #ff0000;\">A szentmise megv\u00e1ltozott helyen lesz!!! <\/span><span style=\"color: #ff0000;\">St. Maria Kirche, 71034 B\u00f6blingen, Berliner Str. 14<\/span><\/p>\n<p><strong>Heilbronnban <\/strong>15.30 \u00f3rakor <em>\u00fcnnepi szentmise<\/em><em>, <\/em>keret\u00e9ben <em>keresztel\u0151.<\/em><\/p>\n<p style=\"text-align: center;\"><span style=\"color: #ff6600;\"><strong>\u00a0*<\/strong><\/span><\/p>\n<p>Minden helyen mindenkit szeretettel v\u00e1r a k\u00f6z\u00f6ss\u00e9g \u00e9s Tibor atya!<\/p>\n<p style=\"text-align: center;\"><span style=\"color: #ff6600;\"><strong>*<\/strong><\/span><\/p>\n<p><a href=\"https:\/\/stuttgarti-katolikusok.de\/wp-content\/uploads\/2021\/03\/triduum-paschale.jpg\"><img loading=\"lazy\" decoding=\"async\" class=\"alignnone size-full wp-image-21519\" src=\"https:\/\/stuttgarti-katolikusok.de\/wp-content\/uploads\/2021\/03\/triduum-paschale.jpg\" alt=\"\" width=\"1280\" height=\"761\" srcset=\"https:\/\/stuttgarti-katolikusok.de\/wp-content\/uploads\/2021\/03\/triduum-paschale.jpg 1280w, https:\/\/stuttgarti-katolikusok.de\/wp-content\/uploads\/2021\/03\/triduum-paschale-300x178.jpg 300w, https:\/\/stuttgarti-katolikusok.de\/wp-content\/uploads\/2021\/03\/triduum-paschale-1024x609.jpg 1024w\" sizes=\"auto, (max-width: 1280px) 100vw, 1280px\" \/><\/a><\/p>\n<p style=\"text-align: center;\"><span style=\"color: #ff6600;\"><em><strong>*<\/strong><\/em><\/span><\/p>\n<p><span style=\"color: #ff6600;\"><em><strong>Kegyelemteljes H\u00fasv\u00e9tot k\u00edv\u00e1nunk minden Kedves H\u00edv\u00fcnknek!<\/strong><\/em><\/span><\/p>\n<p style=\"text-align: center;\"><span style=\"color: #ff6600;\"><strong>*<\/strong><\/span><\/p>\n<p><em><strong>\u201eA H\u00fasv\u00e9t a legnagyobb m\u00e9lys\u00e9geket \u00e9s legnagyobb magass\u00e1gokat meg\u00e9l\u0151 \u00fcnnep\u00fcnk.\u201d<\/strong><\/em><em> (J\u00f3kai Anna \u2013 k\u00f6lt\u0151n\u0151 \u2013 1932 &#8211; 2017)<\/em><\/p>\n<p>(K\u00e9pek forr\u00e1sa: Pixabay.com)<\/p>\n","protected":false},"excerpt":{"rendered":"<p>Programel\u0151zetes \u00a0* \u00c1prilis 17-\u00e9n, Nagycs\u00fct\u00f6rt\u00f6k,\u00a0Stuttgartban 19.00 \u00f3rakor szentmise az Utols\u00f3 Vacsora eml\u00e9k\u00e9re, ezt k\u00f6vet\u0151en csendes virraszt\u00e1s-szents\u00e9gim\u00e1d\u00e1s. \u00a0* \u00c1prilis 18-\u00e1n, Nagyp\u00e9ntek, Weingartenben 15.00 \u00f3rakor Urunk szenved\u00e9s\u00e9nek \u00fcnnepl\u00e9se a 14 Nothelfer Kapelle-ben, Stuttgartban 19.00 \u00f3rakor Urunk szenved\u00e9s\u00e9nek \u00fcnnepl\u00e9se. * (Szents\u00edr &#8211; M\u00e1ramarossziget &#8211; Borromeo Szent K\u00e1roly templom) \u00c1prilis 19-\u00e9n, Nagyszombat. Stuttgartban 20.00 \u00f3rakor H\u00fasv\u00e9ti vig\u00edlia, felt\u00e1mad\u00e1si szertart\u00e1s, ut\u00e1na \u00e9telszentel\u00e9s.\u00a0 \u00c1prilis 20-\u00e1n, H\u00fasv\u00e9tvas\u00e1rnap, Urunk felt\u00e1mad\u00e1sa, Weingartenben 10.00 \u00f3rakor \u00fcnnepi szentmise a 14 Nothelfer Kapelle-ben,\u00a0ut\u00e1na \u00e9telszentel\u00e9s, Ulmban 15.00 \u00f3rakor \u00fcnnepi szentmise, ut\u00e1na \u00e9telszentel\u00e9s, Stuttgartban 18.00 \u00f3rakor \u00fcnnepi szentmise, ut\u00e1na \u00e9telszentel\u00e9s. \u00a0* \u00c1prilis 21-\u00e9n, H\u00fasv\u00e9th\u00e9tf\u0151, B\u00f6blingenben 9.30 \u00f3rakor \u00fcnnepi szentmise. A szentmise megv\u00e1ltozott helyen lesz!!! St. Maria Kirche, 71034 B\u00f6blingen, Berliner Str. 14 Heilbronnban 15.30 \u00f3rakor \u00fcnnepi szentmise, keret\u00e9ben keresztel\u0151. \u00a0* Minden helyen mindenkit szeretettel v\u00e1r a k\u00f6z\u00f6ss\u00e9g \u00e9s Tibor atya! * * Kegyelemteljes H\u00fasv\u00e9tot k\u00edv\u00e1nunk minden Kedves H\u00edv\u00fcnknek! * \u201eA H\u00fasv\u00e9t a legnagyobb m\u00e9lys\u00e9geket \u00e9s legnagyobb magass\u00e1gokat meg\u00e9l\u0151 \u00fcnnep\u00fcnk.\u201d (J\u00f3kai Anna \u2013 k\u00f6lt\u0151n\u0151 \u2013 1932 &#8211; 2017) (K\u00e9pek forr\u00e1sa: Pixabay.com)<\/p>\n","protected":false},"author":3,"featured_media":21513,"comment_status":"closed","ping_status":"closed","sticky":false,"template":"","format":"standard","meta":{"footnotes":""},"categories":[37],"tags":[],"class_list":["post-30789","post","type-post","status-publish","format-standard","has-post-thumbnail","hentry","category-progamelozetes"],"yoast_head":"<!-- This site is optimized with the Yoast SEO plugin v27.3 - https:\/\/yoast.com\/product\/yoast-seo-wordpress\/ -->\n<title>2025. \u00c1PRILIS 14 \u00c9S 21 K\u00d6Z\u00d6TT - Stuttgarti Katolikusok<\/title>\n<meta name=\"robots\" content=\"index, follow, max-snippet:-1, max-image-preview:large, max-video-preview:-1\" \/>\n<link rel=\"canonical\" href=\"https:\/\/stuttgarti-katolikusok.de\/index.php\/2025-aprilis-14-es-kozott\/\" \/>\n<meta property=\"og:locale\" content=\"hu_HU\" \/>\n<meta property=\"og:type\" content=\"article\" \/>\n<meta property=\"og:title\" content=\"2025. \u00c1PRILIS 14 \u00c9S 21 K\u00d6Z\u00d6TT - Stuttgarti Katolikusok\" \/>\n<meta property=\"og:description\" content=\"Programel\u0151zetes \u00a0* \u00c1prilis 17-\u00e9n, Nagycs\u00fct\u00f6rt\u00f6k,\u00a0Stuttgartban 19.00 \u00f3rakor szentmise az Utols\u00f3 Vacsora eml\u00e9k\u00e9re, ezt k\u00f6vet\u0151en csendes virraszt\u00e1s-szents\u00e9gim\u00e1d\u00e1s. \u00a0* \u00c1prilis 18-\u00e1n, Nagyp\u00e9ntek, Weingartenben 15.00 \u00f3rakor Urunk szenved\u00e9s\u00e9nek \u00fcnnepl\u00e9se a 14 Nothelfer Kapelle-ben, Stuttgartban 19.00 \u00f3rakor Urunk szenved\u00e9s\u00e9nek \u00fcnnepl\u00e9se. * (Szents\u00edr &#8211; M\u00e1ramarossziget &#8211; Borromeo Szent K\u00e1roly templom) \u00c1prilis 19-\u00e9n, Nagyszombat. Stuttgartban 20.00 \u00f3rakor H\u00fasv\u00e9ti vig\u00edlia, felt\u00e1mad\u00e1si szertart\u00e1s, ut\u00e1na \u00e9telszentel\u00e9s.\u00a0 \u00c1prilis 20-\u00e1n, H\u00fasv\u00e9tvas\u00e1rnap, Urunk felt\u00e1mad\u00e1sa, Weingartenben 10.00 \u00f3rakor \u00fcnnepi szentmise a 14 Nothelfer Kapelle-ben,\u00a0ut\u00e1na \u00e9telszentel\u00e9s, Ulmban 15.00 \u00f3rakor \u00fcnnepi szentmise, ut\u00e1na \u00e9telszentel\u00e9s, Stuttgartban 18.00 \u00f3rakor \u00fcnnepi szentmise, ut\u00e1na \u00e9telszentel\u00e9s. \u00a0* \u00c1prilis 21-\u00e9n, H\u00fasv\u00e9th\u00e9tf\u0151, B\u00f6blingenben 9.30 \u00f3rakor \u00fcnnepi szentmise. A szentmise megv\u00e1ltozott helyen lesz!!! St. Maria Kirche, 71034 B\u00f6blingen, Berliner Str. 14 Heilbronnban 15.30 \u00f3rakor \u00fcnnepi szentmise, keret\u00e9ben keresztel\u0151. \u00a0* Minden helyen mindenkit szeretettel v\u00e1r a k\u00f6z\u00f6ss\u00e9g \u00e9s Tibor atya! * * Kegyelemteljes H\u00fasv\u00e9tot k\u00edv\u00e1nunk minden Kedves H\u00edv\u00fcnknek! * \u201eA H\u00fasv\u00e9t a legnagyobb m\u00e9lys\u00e9geket \u00e9s legnagyobb magass\u00e1gokat meg\u00e9l\u0151 \u00fcnnep\u00fcnk.\u201d (J\u00f3kai Anna \u2013 k\u00f6lt\u0151n\u0151 \u2013 1932 &#8211; 2017) (K\u00e9pek forr\u00e1sa: Pixabay.com)\" \/>\n<meta property=\"og:url\" content=\"https:\/\/stuttgarti-katolikusok.de\/index.php\/2025-aprilis-14-es-kozott\/\" \/>\n<meta property=\"og:site_name\" content=\"Stuttgarti Katolikusok\" \/>\n<meta property=\"article:published_time\" content=\"2025-04-14T19:13:04+00:00\" \/>\n<meta property=\"article:modified_time\" content=\"2025-04-14T21:19:58+00:00\" \/>\n<meta property=\"og:image\" content=\"https:\/\/stuttgarti-katolikusok.de\/wp-content\/uploads\/2021\/03\/jesus-6124304-1280.jpg\" \/>\n\t<meta property=\"og:image:width\" content=\"1280\" \/>\n\t<meta property=\"og:image:height\" content=\"720\" \/>\n\t<meta property=\"og:image:type\" content=\"image\/jpeg\" \/>\n<meta name=\"author\" content=\"Tibor atya\" \/>\n<meta name=\"twitter:card\" content=\"summary_large_image\" \/>\n<meta name=\"twitter:label1\" content=\"Szerz\u0151:\" \/>\n\t<meta name=\"twitter:data1\" content=\"Tibor atya\" \/>\n\t<meta name=\"twitter:label2\" content=\"Becs\u00fclt olvas\u00e1si id\u0151\" \/>\n\t<meta name=\"twitter:data2\" content=\"3 perc\" \/>\n<script type=\"application\/ld+json\" class=\"yoast-schema-graph\">{\"@context\":\"https:\\\/\\\/schema.org\",\"@graph\":[{\"@type\":\"Article\",\"@id\":\"https:\\\/\\\/stuttgarti-katolikusok.de\\\/index.php\\\/2025-aprilis-14-es-kozott\\\/#article\",\"isPartOf\":{\"@id\":\"https:\\\/\\\/stuttgarti-katolikusok.de\\\/index.php\\\/2025-aprilis-14-es-kozott\\\/\"},\"author\":{\"name\":\"Tibor atya\",\"@id\":\"https:\\\/\\\/stuttgarti-katolikusok.de\\\/#\\\/schema\\\/person\\\/75908d6f8fdc03a57889d27209df7795\"},\"headline\":\"2025. \u00c1PRILIS 14 \u00c9S 21 K\u00d6Z\u00d6TT\",\"datePublished\":\"2025-04-14T19:13:04+00:00\",\"dateModified\":\"2025-04-14T21:19:58+00:00\",\"mainEntityOfPage\":{\"@id\":\"https:\\\/\\\/stuttgarti-katolikusok.de\\\/index.php\\\/2025-aprilis-14-es-kozott\\\/\"},\"wordCount\":216,\"image\":{\"@id\":\"https:\\\/\\\/stuttgarti-katolikusok.de\\\/index.php\\\/2025-aprilis-14-es-kozott\\\/#primaryimage\"},\"thumbnailUrl\":\"https:\\\/\\\/stuttgarti-katolikusok.de\\\/wp-content\\\/uploads\\\/2021\\\/03\\\/jesus-6124304-1280.jpg\",\"articleSection\":[\"Progamel\u0151zetes\"],\"inLanguage\":\"hu\"},{\"@type\":\"WebPage\",\"@id\":\"https:\\\/\\\/stuttgarti-katolikusok.de\\\/index.php\\\/2025-aprilis-14-es-kozott\\\/\",\"url\":\"https:\\\/\\\/stuttgarti-katolikusok.de\\\/index.php\\\/2025-aprilis-14-es-kozott\\\/\",\"name\":\"2025. \u00c1PRILIS 14 \u00c9S 21 K\u00d6Z\u00d6TT - Stuttgarti Katolikusok\",\"isPartOf\":{\"@id\":\"https:\\\/\\\/stuttgarti-katolikusok.de\\\/#website\"},\"primaryImageOfPage\":{\"@id\":\"https:\\\/\\\/stuttgarti-katolikusok.de\\\/index.php\\\/2025-aprilis-14-es-kozott\\\/#primaryimage\"},\"image\":{\"@id\":\"https:\\\/\\\/stuttgarti-katolikusok.de\\\/index.php\\\/2025-aprilis-14-es-kozott\\\/#primaryimage\"},\"thumbnailUrl\":\"https:\\\/\\\/stuttgarti-katolikusok.de\\\/wp-content\\\/uploads\\\/2021\\\/03\\\/jesus-6124304-1280.jpg\",\"datePublished\":\"2025-04-14T19:13:04+00:00\",\"dateModified\":\"2025-04-14T21:19:58+00:00\",\"author\":{\"@id\":\"https:\\\/\\\/stuttgarti-katolikusok.de\\\/#\\\/schema\\\/person\\\/75908d6f8fdc03a57889d27209df7795\"},\"breadcrumb\":{\"@id\":\"https:\\\/\\\/stuttgarti-katolikusok.de\\\/index.php\\\/2025-aprilis-14-es-kozott\\\/#breadcrumb\"},\"inLanguage\":\"hu\",\"potentialAction\":[{\"@type\":\"ReadAction\",\"target\":[\"https:\\\/\\\/stuttgarti-katolikusok.de\\\/index.php\\\/2025-aprilis-14-es-kozott\\\/\"]}]},{\"@type\":\"ImageObject\",\"inLanguage\":\"hu\",\"@id\":\"https:\\\/\\\/stuttgarti-katolikusok.de\\\/index.php\\\/2025-aprilis-14-es-kozott\\\/#primaryimage\",\"url\":\"https:\\\/\\\/stuttgarti-katolikusok.de\\\/wp-content\\\/uploads\\\/2021\\\/03\\\/jesus-6124304-1280.jpg\",\"contentUrl\":\"https:\\\/\\\/stuttgarti-katolikusok.de\\\/wp-content\\\/uploads\\\/2021\\\/03\\\/jesus-6124304-1280.jpg\",\"width\":1280,\"height\":720},{\"@type\":\"BreadcrumbList\",\"@id\":\"https:\\\/\\\/stuttgarti-katolikusok.de\\\/index.php\\\/2025-aprilis-14-es-kozott\\\/#breadcrumb\",\"itemListElement\":[{\"@type\":\"ListItem\",\"position\":1,\"name\":\"Kezd\u0151lap\",\"item\":\"https:\\\/\\\/stuttgarti-katolikusok.de\\\/\"},{\"@type\":\"ListItem\",\"position\":2,\"name\":\"2025. \u00c1PRILIS 14 \u00c9S 21 K\u00d6Z\u00d6TT\"}]},{\"@type\":\"WebSite\",\"@id\":\"https:\\\/\\\/stuttgarti-katolikusok.de\\\/#website\",\"url\":\"https:\\\/\\\/stuttgarti-katolikusok.de\\\/\",\"name\":\"Stuttgarti Katolikusok\",\"description\":\"\",\"potentialAction\":[{\"@type\":\"SearchAction\",\"target\":{\"@type\":\"EntryPoint\",\"urlTemplate\":\"https:\\\/\\\/stuttgarti-katolikusok.de\\\/?s={search_term_string}\"},\"query-input\":{\"@type\":\"PropertyValueSpecification\",\"valueRequired\":true,\"valueName\":\"search_term_string\"}}],\"inLanguage\":\"hu\"},{\"@type\":\"Person\",\"@id\":\"https:\\\/\\\/stuttgarti-katolikusok.de\\\/#\\\/schema\\\/person\\\/75908d6f8fdc03a57889d27209df7795\",\"name\":\"Tibor atya\",\"image\":{\"@type\":\"ImageObject\",\"inLanguage\":\"hu\",\"@id\":\"https:\\\/\\\/secure.gravatar.com\\\/avatar\\\/61d268e57d1f4525b111222e29d2d5a7f8c420fdbf231ba5566a8ceac74fa960?s=96&d=mm&r=g\",\"url\":\"https:\\\/\\\/secure.gravatar.com\\\/avatar\\\/61d268e57d1f4525b111222e29d2d5a7f8c420fdbf231ba5566a8ceac74fa960?s=96&d=mm&r=g\",\"contentUrl\":\"https:\\\/\\\/secure.gravatar.com\\\/avatar\\\/61d268e57d1f4525b111222e29d2d5a7f8c420fdbf231ba5566a8ceac74fa960?s=96&d=mm&r=g\",\"caption\":\"Tibor atya\"},\"url\":\"https:\\\/\\\/stuttgarti-katolikusok.de\\\/index.php\\\/author\\\/tibor-atya\\\/\"}]}<\/script>\n<!-- \/ Yoast SEO plugin. -->","yoast_head_json":{"title":"2025. \u00c1PRILIS 14 \u00c9S 21 K\u00d6Z\u00d6TT - Stuttgarti Katolikusok","robots":{"index":"index","follow":"follow","max-snippet":"max-snippet:-1","max-image-preview":"max-image-preview:large","max-video-preview":"max-video-preview:-1"},"canonical":"https:\/\/stuttgarti-katolikusok.de\/index.php\/2025-aprilis-14-es-kozott\/","og_locale":"hu_HU","og_type":"article","og_title":"2025. \u00c1PRILIS 14 \u00c9S 21 K\u00d6Z\u00d6TT - Stuttgarti Katolikusok","og_description":"Programel\u0151zetes \u00a0* \u00c1prilis 17-\u00e9n, Nagycs\u00fct\u00f6rt\u00f6k,\u00a0Stuttgartban 19.00 \u00f3rakor szentmise az Utols\u00f3 Vacsora eml\u00e9k\u00e9re, ezt k\u00f6vet\u0151en csendes virraszt\u00e1s-szents\u00e9gim\u00e1d\u00e1s. \u00a0* \u00c1prilis 18-\u00e1n, Nagyp\u00e9ntek, Weingartenben 15.00 \u00f3rakor Urunk szenved\u00e9s\u00e9nek \u00fcnnepl\u00e9se a 14 Nothelfer Kapelle-ben, Stuttgartban 19.00 \u00f3rakor Urunk szenved\u00e9s\u00e9nek \u00fcnnepl\u00e9se. * (Szents\u00edr &#8211; M\u00e1ramarossziget &#8211; Borromeo Szent K\u00e1roly templom) \u00c1prilis 19-\u00e9n, Nagyszombat. Stuttgartban 20.00 \u00f3rakor H\u00fasv\u00e9ti vig\u00edlia, felt\u00e1mad\u00e1si szertart\u00e1s, ut\u00e1na \u00e9telszentel\u00e9s.\u00a0 \u00c1prilis 20-\u00e1n, H\u00fasv\u00e9tvas\u00e1rnap, Urunk felt\u00e1mad\u00e1sa, Weingartenben 10.00 \u00f3rakor \u00fcnnepi szentmise a 14 Nothelfer Kapelle-ben,\u00a0ut\u00e1na \u00e9telszentel\u00e9s, Ulmban 15.00 \u00f3rakor \u00fcnnepi szentmise, ut\u00e1na \u00e9telszentel\u00e9s, Stuttgartban 18.00 \u00f3rakor \u00fcnnepi szentmise, ut\u00e1na \u00e9telszentel\u00e9s. \u00a0* \u00c1prilis 21-\u00e9n, H\u00fasv\u00e9th\u00e9tf\u0151, B\u00f6blingenben 9.30 \u00f3rakor \u00fcnnepi szentmise. A szentmise megv\u00e1ltozott helyen lesz!!! St. Maria Kirche, 71034 B\u00f6blingen, Berliner Str. 14 Heilbronnban 15.30 \u00f3rakor \u00fcnnepi szentmise, keret\u00e9ben keresztel\u0151. \u00a0* Minden helyen mindenkit szeretettel v\u00e1r a k\u00f6z\u00f6ss\u00e9g \u00e9s Tibor atya! * * Kegyelemteljes H\u00fasv\u00e9tot k\u00edv\u00e1nunk minden Kedves H\u00edv\u00fcnknek! * \u201eA H\u00fasv\u00e9t a legnagyobb m\u00e9lys\u00e9geket \u00e9s legnagyobb magass\u00e1gokat meg\u00e9l\u0151 \u00fcnnep\u00fcnk.\u201d (J\u00f3kai Anna \u2013 k\u00f6lt\u0151n\u0151 \u2013 1932 &#8211; 2017) (K\u00e9pek forr\u00e1sa: Pixabay.com)","og_url":"https:\/\/stuttgarti-katolikusok.de\/index.php\/2025-aprilis-14-es-kozott\/","og_site_name":"Stuttgarti Katolikusok","article_published_time":"2025-04-14T19:13:04+00:00","article_modified_time":"2025-04-14T21:19:58+00:00","og_image":[{"width":1280,"height":720,"url":"https:\/\/stuttgarti-katolikusok.de\/wp-content\/uploads\/2021\/03\/jesus-6124304-1280.jpg","type":"image\/jpeg"}],"author":"Tibor atya","twitter_card":"summary_large_image","twitter_misc":{"Szerz\u0151:":"Tibor atya","Becs\u00fclt olvas\u00e1si id\u0151":"3 perc"},"schema":{"@context":"https:\/\/schema.org","@graph":[{"@type":"Article","@id":"https:\/\/stuttgarti-katolikusok.de\/index.php\/2025-aprilis-14-es-kozott\/#article","isPartOf":{"@id":"https:\/\/stuttgarti-katolikusok.de\/index.php\/2025-aprilis-14-es-kozott\/"},"author":{"name":"Tibor atya","@id":"https:\/\/stuttgarti-katolikusok.de\/#\/schema\/person\/75908d6f8fdc03a57889d27209df7795"},"headline":"2025. \u00c1PRILIS 14 \u00c9S 21 K\u00d6Z\u00d6TT","datePublished":"2025-04-14T19:13:04+00:00","dateModified":"2025-04-14T21:19:58+00:00","mainEntityOfPage":{"@id":"https:\/\/stuttgarti-katolikusok.de\/index.php\/2025-aprilis-14-es-kozott\/"},"wordCount":216,"image":{"@id":"https:\/\/stuttgarti-katolikusok.de\/index.php\/2025-aprilis-14-es-kozott\/#primaryimage"},"thumbnailUrl":"https:\/\/stuttgarti-katolikusok.de\/wp-content\/uploads\/2021\/03\/jesus-6124304-1280.jpg","articleSection":["Progamel\u0151zetes"],"inLanguage":"hu"},{"@type":"WebPage","@id":"https:\/\/stuttgarti-katolikusok.de\/index.php\/2025-aprilis-14-es-kozott\/","url":"https:\/\/stuttgarti-katolikusok.de\/index.php\/2025-aprilis-14-es-kozott\/","name":"2025. \u00c1PRILIS 14 \u00c9S 21 K\u00d6Z\u00d6TT - Stuttgarti Katolikusok","isPartOf":{"@id":"https:\/\/stuttgarti-katolikusok.de\/#website"},"primaryImageOfPage":{"@id":"https:\/\/stuttgarti-katolikusok.de\/index.php\/2025-aprilis-14-es-kozott\/#primaryimage"},"image":{"@id":"https:\/\/stuttgarti-katolikusok.de\/index.php\/2025-aprilis-14-es-kozott\/#primaryimage"},"thumbnailUrl":"https:\/\/stuttgarti-katolikusok.de\/wp-content\/uploads\/2021\/03\/jesus-6124304-1280.jpg","datePublished":"2025-04-14T19:13:04+00:00","dateModified":"2025-04-14T21:19:58+00:00","author":{"@id":"https:\/\/stuttgarti-katolikusok.de\/#\/schema\/person\/75908d6f8fdc03a57889d27209df7795"},"breadcrumb":{"@id":"https:\/\/stuttgarti-katolikusok.de\/index.php\/2025-aprilis-14-es-kozott\/#breadcrumb"},"inLanguage":"hu","potentialAction":[{"@type":"ReadAction","target":["https:\/\/stuttgarti-katolikusok.de\/index.php\/2025-aprilis-14-es-kozott\/"]}]},{"@type":"ImageObject","inLanguage":"hu","@id":"https:\/\/stuttgarti-katolikusok.de\/index.php\/2025-aprilis-14-es-kozott\/#primaryimage","url":"https:\/\/stuttgarti-katolikusok.de\/wp-content\/uploads\/2021\/03\/jesus-6124304-1280.jpg","contentUrl":"https:\/\/stuttgarti-katolikusok.de\/wp-content\/uploads\/2021\/03\/jesus-6124304-1280.jpg","width":1280,"height":720},{"@type":"BreadcrumbList","@id":"https:\/\/stuttgarti-katolikusok.de\/index.php\/2025-aprilis-14-es-kozott\/#breadcrumb","itemListElement":[{"@type":"ListItem","position":1,"name":"Kezd\u0151lap","item":"https:\/\/stuttgarti-katolikusok.de\/"},{"@type":"ListItem","position":2,"name":"2025. \u00c1PRILIS 14 \u00c9S 21 K\u00d6Z\u00d6TT"}]},{"@type":"WebSite","@id":"https:\/\/stuttgarti-katolikusok.de\/#website","url":"https:\/\/stuttgarti-katolikusok.de\/","name":"Stuttgarti Katolikusok","description":"","potentialAction":[{"@type":"SearchAction","target":{"@type":"EntryPoint","urlTemplate":"https:\/\/stuttgarti-katolikusok.de\/?s={search_term_string}"},"query-input":{"@type":"PropertyValueSpecification","valueRequired":true,"valueName":"search_term_string"}}],"inLanguage":"hu"},{"@type":"Person","@id":"https:\/\/stuttgarti-katolikusok.de\/#\/schema\/person\/75908d6f8fdc03a57889d27209df7795","name":"Tibor atya","image":{"@type":"ImageObject","inLanguage":"hu","@id":"https:\/\/secure.gravatar.com\/avatar\/61d268e57d1f4525b111222e29d2d5a7f8c420fdbf231ba5566a8ceac74fa960?s=96&d=mm&r=g","url":"https:\/\/secure.gravatar.com\/avatar\/61d268e57d1f4525b111222e29d2d5a7f8c420fdbf231ba5566a8ceac74fa960?s=96&d=mm&r=g","contentUrl":"https:\/\/secure.gravatar.com\/avatar\/61d268e57d1f4525b111222e29d2d5a7f8c420fdbf231ba5566a8ceac74fa960?s=96&d=mm&r=g","caption":"Tibor atya"},"url":"https:\/\/stuttgarti-katolikusok.de\/index.php\/author\/tibor-atya\/"}]}},"_links":{"self":[{"href":"https:\/\/stuttgarti-katolikusok.de\/index.php\/wp-json\/wp\/v2\/posts\/30789","targetHints":{"allow":["GET"]}}],"collection":[{"href":"https:\/\/stuttgarti-katolikusok.de\/index.php\/wp-json\/wp\/v2\/posts"}],"about":[{"href":"https:\/\/stuttgarti-katolikusok.de\/index.php\/wp-json\/wp\/v2\/types\/post"}],"author":[{"embeddable":true,"href":"https:\/\/stuttgarti-katolikusok.de\/index.php\/wp-json\/wp\/v2\/users\/3"}],"replies":[{"embeddable":true,"href":"https:\/\/stuttgarti-katolikusok.de\/index.php\/wp-json\/wp\/v2\/comments?post=30789"}],"version-history":[{"count":7,"href":"https:\/\/stuttgarti-katolikusok.de\/index.php\/wp-json\/wp\/v2\/posts\/30789\/revisions"}],"predecessor-version":[{"id":30822,"href":"https:\/\/stuttgarti-katolikusok.de\/index.php\/wp-json\/wp\/v2\/posts\/30789\/revisions\/30822"}],"wp:featuredmedia":[{"embeddable":true,"href":"https:\/\/stuttgarti-katolikusok.de\/index.php\/wp-json\/wp\/v2\/media\/21513"}],"wp:attachment":[{"href":"https:\/\/stuttgarti-katolikusok.de\/index.php\/wp-json\/wp\/v2\/media?parent=30789"}],"wp:term":[{"taxonomy":"category","embeddable":true,"href":"https:\/\/stuttgarti-katolikusok.de\/index.php\/wp-json\/wp\/v2\/categories?post=30789"},{"taxonomy":"post_tag","embeddable":true,"href":"https:\/\/stuttgarti-katolikusok.de\/index.php\/wp-json\/wp\/v2\/tags?post=30789"}],"curies":[{"name":"wp","href":"https:\/\/api.w.org\/{rel}","templated":true}]}}