{"id":30782,"date":"2025-04-12T07:30:11","date_gmt":"2025-04-12T05:30:11","guid":{"rendered":"https:\/\/stuttgarti-katolikusok.de\/?p=30782"},"modified":"2025-04-08T19:04:31","modified_gmt":"2025-04-08T17:04:31","slug":"viragvasarnap-az-ur-szenvedesenek-vasarnapja-2","status":"publish","type":"post","link":"https:\/\/stuttgarti-katolikusok.de\/index.php\/viragvasarnap-az-ur-szenvedesenek-vasarnapja-2\/","title":{"rendered":"Vir\u00e1gvas\u00e1rnap &#8211; az \u00dar szenved\u00e9s\u00e9nek vas\u00e1rnapja"},"content":{"rendered":"<p><span style=\"color: #ff0000;\"><em>A vir\u00e1gvas\u00e1rnapi barkaszentel\u00e9s \u00e9s k\u00f6rmenet J\u00e9zus \u00fcnnep\u00e9lyes jeruzs\u00e1lemi bevonul\u00e1sra eml\u00e9keztet. Csatlakozzunk mi is a lelkes t\u00f6meghez, k\u00f6sz\u00f6nj\u00fck meg D\u00e1vid Fi\u00e1nak, hogy elj\u00f6tt hozz\u00e1nk az \u00dar nev\u00e9ben, \u00e9s elhozta k\u00f6z\u00e9nk Isten orsz\u00e1g\u00e1t.<\/em><\/span><\/p>\n<p><span style=\"color: #ff0000;\"><em>Az olvasm\u00e1ny arr\u00f3l sz\u00f3l, hogy a Messi\u00e1s az \u00dar szenved\u0151 szolg\u00e1ja lesz. Nem menek\u00fcl el a szenved\u00e9st\u0151l, hanem el\u00e9be megy, mert b\u00edzik az \u00darban, hogy megseg\u00edti \u00e9s nem vall sz\u00e9gyent.<\/em><\/span><\/p>\n<p><span style=\"color: #ff0000;\"><em>A szentlecke az egyik legm\u00e9lyebb teol\u00f3giai tan\u00edt\u00e1s. Krisztus szolgai alakot vett fel \u00e9s ki\u00fcres\u00edtette \u00f6nmag\u00e1t. Ezzel mintegy k\u00f6vetend\u0151 utat is mutat a ma embere sz\u00e1m\u00e1ra. A teljes\u00edtm\u00e9ny n\u00e9lk\u00fcli celebek kor\u00e1ban, \u0151ket k\u00f6vetve, sokan a neki juttatott c\u00edm \u00e9s poz\u00edci\u00f3 m\u00f6g\u00e9 rejt\u0151\u00edznek. M\u00e9lys\u00e9g \u00e9s tartalom n\u00e9lk\u00fcl! Cser\u00e9be elv\u00e1rj\u00e1k, hogy emiatt tisztelj\u00e9k \u0151ket. K\u00f6z\u00e9j\u00fck tartozom? &#8211; megv\u00e1laszoland\u00f3 k\u00e9rd\u00e9s.<\/em><\/span><\/p>\n<p><span style=\"color: #ff0000;\"><em>A szenved\u00e9st\u00f6rt\u00e9net, azaz a passi\u00f3, karaktereket \u00e1ll\u00edt el\u00e9m. Mik\u00f6zben hallgatom \u00e9s gondolkodom, helyem is keresem a szenved\u00e9st\u00f6rt\u00e9netben. Ilyen \u00e9rtelemben egyfajta t\u00fck\u00f6rk\u00e9nt is tekinthetek r\u00e1, amelyben megl\u00e1tom magam. Maradjak \u0151szinte \u00f6nmagamhoz, s akkor igencsak tisztul ez a k\u00e9p.\u00a0<\/em><\/span><\/p>\n<p><span style=\"color: #ff0000;\">Kezd\u0151\u00e9nek:<\/span><br \/>\nHat nappal H\u00fasv\u00e9t el\u0151tt, amikor az \u00dar Jeruzs\u00e1lembe \u00e9rkezett, gyermekek j\u00f6ttek el\u00e9be: kez\u00fckben p\u00e1lma\u00e1gakat hoztak, \u00e9s hangosan ki\u00e1ltozt\u00e1k: Hozsanna a magass\u00e1gban! \u00c1ldott vagy, aki irgalmadnak b\u0151s\u00e9g\u00e9v\u00e9! \u00e9rkezel! (V\u00f6.Jn 12,1.12-13)<br \/>\n<span style=\"color: #ff0000;\"><em>vagy<\/em><\/span><br \/>\nEmelj\u00e9tek f\u00f6l fejeteket, kapuk, t\u00e1ruljatok fel, \u00f6r\u00f6k kapuk, hadd vonuljon be a dics\u0151s\u00e9g kir\u00e1lya!<br \/>\nKi az a dics\u0151s\u00e9g kir\u00e1lya? A Seregek Ura, \u0151 a dics\u0151s\u00e9g Kir\u00e1lya! Hozsanna a magass\u00e1gban! \u00c1ldott vagy, aki irgalmadnak b\u0151s\u00e9g\u00e9v\u00e9! \u00e9rkezel! (Zsolt 23,9-10)<\/p>\n<p><span style=\"color: #ff0000;\">K\u00f6ny\u00f6rg\u00e9s:<\/span><br \/>\nMindenhat\u00f3, \u00f6r\u00f6k Isten, \u00dcdv\u00f6z\u00edt\u0151nk p\u00e9ld\u00e1t adott nek\u00fcnk az al\u00e1zatoss\u00e1gra, amikor szent akaratodb\u00f3l emberi testet \u00f6lt\u00f6tt \u00e9s v\u00e1llalta a kereszthal\u00e1lt. Seg\u00edts j\u00f3s\u00e1gosan, hogy k\u00ednszenved\u00e9s\u00e9nek tan\u00edt\u00e1s\u00e1t meg\u00e9rts\u00fck, \u00e9s t\u00e1rsai lehess\u00fcnk felt\u00e1mad\u00e1s\u00e1ban. Aki veled \u00e9l \u00e9s uralkodik a Szentl\u00e9lekkel egys\u00e9gben, Isten mind\u00f6r\u00f6kk\u00f6n \u00f6r\u00f6kk\u00e9.<\/p>\n<p><span style=\"color: #ff0000;\">OLVASM\u00c1NY Izaj\u00e1s pr\u00f3f\u00e9ta k\u00f6nyv\u00e9b\u0151l (Iz 50,4-7)<\/span><br \/>\n<em>Nem rejtettem el arcomat azok el<\/em><em>\u0151l, akik gyal<\/em><em>\u00e1ztak, de tudom, hogy nem vallok sz<\/em><em>\u00e9gyent.<\/em><br \/>\nIzaj\u00e1s \u00edgy j\u00f6vend\u00f6lt a Megv\u00e1lt\u00f3r\u00f3l:<br \/>\nEzt mondja az \u00dar Szolg\u00e1ja:<br \/>\n\u201eIsten, az \u00dar tan\u00edtotta nyelvemet, hogy az ig\u00e9vel t\u00e1masza lehessek a megf\u00e1radtaknak. Reggelenk\u00e9nt \u0151 teszi figyelmess\u00e9 f\u00fclemet, hogy r\u00e1 hallgassak, mint a tan\u00edtv\u00e1nyok. Isten, az \u00dar nyitotta meg f\u00fclemet. S \u00e9n nem \u00e1lltam ellen \u00e9s nem h\u00e1tr\u00e1ltam meg. H\u00e1tamat odaadtam azoknak, akik vertek, arcomat meg azoknak, akik t\u00e9p\u00e1ztak. Nem rejtettem el arcomat azok el\u0151l, akik gyal\u00e1ztak \u00e9s lek\u00f6pd\u00f6stek. Isten, az \u00dar megseg\u00edt, ez\u00e9rt nem vallok sz\u00e9gyent. Arcomat megkem\u00e9ny\u00edtem, mint a k\u0151szikla, s tudom, hogy nem kell sz\u00e9gyenkeznem.\u201d<br \/>\nEz az Isten ig\u00e9je.<\/p>\n<p><span style=\"color: #ff0000;\">V\u00c1LASZOS ZSOLT\u00c1R (Zsolt 21,8-9.17-18a.19-20.23-24)<\/span><br \/>\nV\u00e1lasz:\u00a0<strong>Istenem, Istenem, * mi<\/strong><strong>\u00e9rt hagyt<\/strong><strong>\u00e1l el engem?<\/strong>\u00a0V\u00f6. 2a. vers. (2. t\u00f3nus)<br \/>\nEl\u0151\u00e9nekes: Aki csak r\u00e1m n\u00e9z, mind kinevet, * elh\u00fazza sz\u00e1j\u00e1t, fej\u00e9t cs\u00f3v\u00e1lja.<br \/>\nAz \u00darban rem\u00e9lt, h\u00e1t mentse meg, * ha szereti \u0151t, szabad\u00edtsa meg.<br \/>\nH\u00edvek: Istenem, Istenem, * mi\u00e9rt hagyt\u00e1l el engem?<br \/>\nE: Kuty\u00e1k falk\u00e1ja vett k\u00f6r\u00fcl, * gonosztev\u0151k serege szorongat engem.<br \/>\n\u00c1tlyuggatt\u00e1k kezemet \u00e9s l\u00e1bamat, * megsz\u00e1ml\u00e1lhatom minden csontomat.<br \/>\nH: Istenem, Istenem, * mi\u00e9rt hagyt\u00e1l el engem?<br \/>\nE: Elosztj\u00e1k maguk k\u00f6zt ruh\u00e1mat, * \u00e9s k\u00f6nt\u00f6s\u00f6mre sorsot vetnek.<br \/>\nTe azonban, Uram, ne maradj t\u00e1vol, * er\u0151ss\u00e9gem, siess \u00e9s seg\u00edts.<br \/>\nH: Istenem, Istenem, * mi\u00e9rt hagyt\u00e1l el engem?<br \/>\nE: Hirdetni fogom nevedet testv\u00e9reim el\u0151tt, * a gy\u00fclekezetben dics\u0151\u00edtelek t\u00e9ged.<br \/>\nTi, akik f\u00e9litek az Urat, \u00e1ldj\u00e1tok, \u2020 magasztalj\u00e1tok \u0151t, J\u00e1kob fiai, Izrael minden gyermeke f\u00e9lje \u0151t.<br \/>\nH: Istenem, Istenem, * mi\u00e9rt hagyt\u00e1l el engem?<\/p>\n<p><span style=\"color: #ff0000;\">SZENTLECKE Szent P\u00e1l apostolnak a filippiekhez \u00edrt level\u00e9b\u0151l (Fil 2,6-11)<\/span><br \/>\n<em>Megal<\/em><em>\u00e1zta <\/em><em>\u00f6nmag<\/em><em>\u00e1t, ez<\/em><em>\u00e9rt Isten felmagasztalta <\/em><em>\u0151t.<\/em><br \/>\nTestv\u00e9reim!<br \/>\nKrisztus J\u00e9zus, mint Isten, az Istennel val\u00f3 egyenl\u0151s\u00e9get nem tartotta olyan dolognak, amelyhez felt\u00e9tlen\u00fcl ragaszkodnia kell, hanem szolgai alakot \u00f6lt\u00f6tt, ki\u00fcres\u00edtette \u00f6nmag\u00e1t, \u00e9s hasonl\u00f3 lett az emberekhez. Megal\u00e1zta \u00f6nmag\u00e1t, \u00e9s engedelmes lett a hal\u00e1lig, m\u00e9gpedig a kereszthal\u00e1lig.<br \/>\nEz\u00e9rt Isten felmagasztalta \u0151t, \u00e9s olyan nevet adott neki, amely f\u00f6l\u00f6tte van minden n\u00e9vnek, hogy J\u00e9zus nev\u00e9re hajoljon meg minden t\u00e9rd a mennyben, a f\u00f6ld\u00f6n \u00e9s az alvil\u00e1gban, \u00e9s minden nyelv hirdesse az Atyaisten dics\u0151s\u00e9g\u00e9re, hogy J\u00e9zus Krisztus az \u00dar.<br \/>\nEz az Isten ig\u00e9je.<\/p>\n<p><span style=\"color: #ff0000;\">EVANG\u00c9LIUM EL\u0150TTI VERS<\/span><br \/>\nKrisztus engedelmes lett \u00e9rt\u00fcnk mindhal\u00e1lig, * m\u00e9gpedig a kereszthal\u00e1lig. Ez\u00e9rt Isten felmagasztalta, \u2020 \u00e9s olyan nevet adott neki, * amely f\u00f6l\u00f6tte \u00e1ll minden n\u00e9vnek. Fil 2,8-9 \u2013 7b. t\u00f3nus.<\/p>\n<p><span style=\"color: #ff0000;\">A MI URUNK J\u00c9ZUS KRISZTUS K\u00cdNSZENVED\u00c9SE Szent Luk\u00e1cs szerint (Lk 22,14-23,56)<\/span><\/p>\n<p><em>V<\/em><em>\u00e1gyva v<\/em><em>\u00e1gytam r<\/em><em>\u00e1, hogy ezt a h<\/em><em>\u00fasv<\/em><em>\u00e9ti vacsor<\/em><em>\u00e1t elk<\/em><em>\u00f6ltsem veletek, miel<\/em><em>\u0151tt szenvedek.<\/em><\/p>\n<p>Amint el\u00e9rkezett az \u00f3ra, J\u00e9zus asztalhoz \u00fclt apostolaival egy\u00fctt. \u00cdgy sz\u00f3lt hozz\u00e1juk: \u201eV\u00e1gyva v\u00e1gytam arra, hogy ezt a h\u00fasv\u00e9ti vacsor\u00e1t elk\u00f6ltsem veletek, miel\u0151tt szenvedek. Mondom nektek, t\u00f6bb\u00e9 nem eszem ezt, m\u00edg be nem teljesedik az Isten orsz\u00e1g\u00e1ban.\u201d Azt\u00e1n fogta a kelyhet, h\u00e1l\u00e1t adott \u00e9s \u00edgy sz\u00f3lt: \u201eVegy\u00e9tek, \u00e9s ossz\u00e1tok sz\u00e9t magatok k\u00f6z\u00f6tt. Mondom nektek: nem iszom a sz\u0151l\u0151t\u0151 term\u00e9s\u00e9b\u0151l addig, am\u00edg el nem j\u00f6n az Isten orsz\u00e1ga.\u201d<\/p>\n<p><em>Ezt tegy<\/em><em>\u00e9tek az <\/em><em>\u00e9n eml<\/em><em>\u00e9kezetemre.<\/em><\/p>\n<p>Azut\u00e1n kenyeret vett a kez\u00e9be, h\u00e1l\u00e1t adott, megt\u00f6rte \u00e9s odany\u00fajtotta nekik ezekkel a szavakkal: \u201eEz az \u00e9n testem, amely \u00e9rtetek adatik. Ezt tegy\u00e9tek az \u00e9n eml\u00e9kezetemre.\u201d Ugyan\u00edgy a vacsora v\u00e9g\u00e9n fogta a kelyhet is \u00e9s azt mondta: \u201eEz a kehely az \u00faj sz\u00f6vets\u00e9g az \u00e9n v\u00e9remben, amely \u00e9rtetek kiontatik.\u201d<\/p>\n<p><em>Jaj annak az embernek, aki el<\/em><em>\u00e1rulja az Emberfi<\/em><em>\u00e1t!<\/em><\/p>\n<p>\u201eDe n\u00e9zz\u00e9tek, az \u00e1rul\u00f3 keze is rajta van az asztalon. Az Emberfia ugyan elmegy, amint el van rendelve, de jaj annak az embernek, aki el\u00e1rulja.\u201d Erre k\u00e9rdezgetni kezdt\u00e9k egym\u00e1st, ki az k\u00f6z\u00fcl\u00fck, aki ezt megteszi.<\/p>\n<p><em>\u00c9n <\/em><em>\u00fagy vagyok k<\/em><em>\u00f6ztetek, mintha a szolg<\/em><em>\u00e1tok voln<\/em><em>\u00e9k.<\/em><\/p>\n<p>Majd verseng\u00e9s t\u00e1madt k\u00f6zt\u00fck, hogy melyik\u00fck a nagyobb. Erre azt mondta nekik: \u201eA kir\u00e1lyok uralkodnak a n\u00e9peken, s akik hatalmat gyakorolnak f\u00f6l\u00f6tt\u00fck, j\u00f3tev\u0151iknek h\u00edvatj\u00e1k magukat. K\u00f6z\u00f6ttetek ne \u00edgy legyen. A legnagyobb legyen olyan, mintha a legkisebb volna, az el\u00f6lj\u00e1r\u00f3 pedig mintha a szolga volna. Mert ki a nagyobb, aki az asztaln\u00e1l \u00fcl, vagy aki felszolg\u00e1l? Nyilv\u00e1n az, aki az asztaln\u00e1l \u00fcl. \u00c9n m\u00e9gis \u00fagy vagyok k\u00f6ztetek, mint aki szolg\u00e1l. Ti kitartottatok velem megpr\u00f3b\u00e1ltat\u00e1saimban. Ez\u00e9rt nektek adom az orsz\u00e1got, mint ahogy Aty\u00e1m nekem adta, hogy majd asztalomn\u00e1l egyetek \u00e9s igyatok orsz\u00e1gomban, \u00e9s tr\u00f3non \u00fclve \u00edt\u00e9lkezzetek Izrael tizenk\u00e9t t\u00f6rzse f\u00f6l\u00f6tt.<\/p>\n<p><em>Amikor megt<\/em><em>\u00e9rsz, meger<\/em><em>\u0151s<\/em><em>\u00edted testv<\/em><em>\u00e9reidet:<\/em><\/p>\n<p>Simon, Simon, a s\u00e1t\u00e1n hatalmat k\u00e9rt mag\u00e1nak f\u00f6l\u00f6ttetek, hogy megrost\u00e1ljon benneteket, mint a b\u00faz\u00e1t. De \u00e9n im\u00e1dkoztam \u00e9rted, nehogy meginogj a hitedben. Amikor majd megt\u00e9rsz, te er\u0151s\u00edted meg testv\u00e9reidet.\u201d \u201eUram \u2013 felelte \u2013, k\u00e9sz vagyok arra, hogy b\u00f6rt\u00f6nbe, s\u0151t a hal\u00e1lba menjek veled!\u201d \u0150 azonban \u00edgy v\u00e1laszolt: \u201eP\u00e9ter, mondom neked, miel\u0151tt ma megsz\u00f3lal a kakas, h\u00e1romszor tagadod le, hogy ismersz engem.\u201d<\/p>\n<p><em>Be kell k<\/em><em>\u00f6vetkeznie annak, amit az <\/em><em>\u00cdr<\/em><em>\u00e1s r<\/em><em>\u00f3lam mond.<\/em><\/p>\n<p>Azt\u00e1n tov\u00e1bb besz\u00e9lt hozz\u00e1juk: \u201eAmikor elk\u00fcldtelek benneteket ersz\u00e9ny, tarisznya \u00e9s saru n\u00e9lk\u00fcl, szenvedtetek-e hi\u00e1nyt valamiben?\u201d \u201eSemmiben sem\u201d \u2013 felelt\u00e9k. \u201eMost azonban \u2013 folytatta \u2013, akinek van ersz\u00e9nye, vegye el\u0151, ugyan\u00fagy a tariszny\u00e1j\u00e1t is. Akinek pedig nincsen, adja el a ruh\u00e1j\u00e1t, \u00e9s vegyen rajta kardot. Mondom nektek, be kell k\u00f6vetkeznie annak, amit az \u00cdr\u00e1s r\u00f3lam mond: \u00bbA gonosztev\u0151k k\u00f6z\u00e9 sz\u00e1m\u00edtott\u00e1k.\u00ab Sorsom ugyanis beteljesedik.\u201d \u201eUram \u2013 mondt\u00e1k \u2013, n\u00e9zd, van itt k\u00e9t kard!\u201d Erre csak annyit mondott: \u201eEl\u00e9g.\u201d<\/p>\n<p><em>Hal<\/em><em>\u00e1lf<\/em><em>\u00e9lelem ker<\/em><em>\u00edtette hatalm<\/em><em>\u00e1ba, <\/em><em>\u00e9s m<\/em><em>\u00e9g buzg<\/em><em>\u00f3bban im<\/em><em>\u00e1dkozott.<\/em><\/p>\n<p>Ezut\u00e1n kiment, \u00e9s szok\u00e1sa szerint elindult az Olajf\u00e1k-hegy\u00e9re. A tan\u00edtv\u00e1nyok is k\u00f6vett\u00e9k \u0151t. Amikor oda\u00e9rt, azt mondta nekik: \u201eIm\u00e1dkozzatok, hogy k\u00eds\u00e9rt\u00e9sbe ne essetek.\u201d Azut\u00e1n mintegy k\u0151haj\u00edt\u00e1snyira elt\u00e1vozott t\u0151l\u00fck, \u00e9s t\u00e9rdre borulva im\u00e1dkozott: \u201eAty\u00e1m, ha akarod, vedd el t\u0151lem ezt a kelyhet. De ne az \u00e9n akaratom teljes\u00fclj\u00f6n, hanem a tied.\u201d Ekkor megjelent neki az \u00e9gb\u0151l egy angyal, \u00e9s meger\u0151s\u00edtette. Hal\u00e1lf\u00e9lelem ker\u00edtette hatalm\u00e1ba, \u00e9s m\u00e9g kitart\u00f3bban im\u00e1dkozott. Verejt\u00e9ke mint megannyi v\u00e9rcsepp hullott a f\u00f6ldre. Majd abbahagyta az im\u00e1t \u00e9s visszament a tan\u00edtv\u00e1nyokhoz, de a szomor\u00fas\u00e1gt\u00f3l alva tal\u00e1lta \u0151ket. R\u00e1juk sz\u00f3lt: \u201eMi\u00e9rt alusztok? Keljetek fel \u00e9s im\u00e1dkozzatok, hogy k\u00eds\u00e9rt\u00e9sbe ne essetek!\u201d<\/p>\n<p><em>J<\/em><em>\u00fad<\/em><em>\u00e1s, cs<\/em><em>\u00f3kkal <\/em><em>\u00e1rulod el az Emberfi<\/em><em>\u00e1t?<\/em><\/p>\n<p>Miel\u0151tt m\u00e9g befejezte volna szavait, egy csapat \u00e9rkezett. J\u00fad\u00e1s vezette, egy a tizenkett\u0151 k\u00f6z\u00fcl. J\u00e9zushoz l\u00e9pett, hogy megcs\u00f3kolja. J\u00e9zus megk\u00e9rdezte: \u201eJ\u00fad\u00e1s, cs\u00f3kkal \u00e1rulod el az Emberfi\u00e1t?\u201d Amikor a tan\u00edtv\u00e1nyok l\u00e1tt\u00e1k, hogy mi k\u00e9sz\u00fcl, megk\u00e9rdezt\u00e9k: \u201eUram, r\u00e1ntsunk kardot ellen\u00fck?\u201d Egyik\u00fck mindj\u00e1rt le is s\u00fajtott a f\u0151pap szolg\u00e1j\u00e1ra, s lev\u00e1gta a jobb f\u00fcl\u00e9t. De J\u00e9zus leintette: \u201eHagyj\u00e1tok, el\u00e9g!\u201d Azt\u00e1n meg\u00e9rintette a szolga f\u00fcl\u00e9t, \u00e9s meggy\u00f3gy\u00edtotta. Az ellene kivonult f\u0151papoknak, a templom\u0151rs\u00e9g tisztjeinek \u00e9s a v\u00e9neknek pedig ezt mondta: \u201eMint egy rabl\u00f3 ellen, \u00fagy vonultatok ki, kardokkal, dorongokkal! Naponta ott voltam a templomban veletek, m\u00e9gsem emeltetek r\u00e1m kezet. De ez a ti \u00f3r\u00e1tok, a s\u00f6t\u00e9ts\u00e9g hatalm\u00e1\u00e9.\u201d<\/p>\n<p><em>P<\/em><em>\u00e9ter kiment, <\/em><em>\u00e9s keserves s<\/em><em>\u00edr<\/em><em>\u00e1sra fakadt.<\/em><\/p>\n<p>Miut\u00e1n elfogt\u00e1k J\u00e9zust, a f\u0151pap h\u00e1z\u00e1ba vitt\u00e9k. P\u00e9ter messzir\u0151l k\u00eds\u00e9rte. Az udvar k\u00f6zep\u00e9n t\u00fczet raktak, \u00e9s k\u00f6rbe \u00fclt\u00e9k. P\u00e9ter is k\u00f6z\u00e9j\u00fck \u00fclt. Egy szolg\u00e1l\u00f3 megl\u00e1tta, hogy ott \u00fcl a t\u0171zn\u00e9l. Szem\u00fcgyre vette, azt\u00e1n megjegyezte: \u201eEz is vele volt.\u201d De P\u00e9ter tagadta: \u201eAsszony, nem is ismerem \u0151t.\u201d Nem sokkal ezut\u00e1n m\u00e1s valaki is \u00e9szre vette: \u201eTe is k\u00f6z\u00e9j\u00fck tartozol!\u201d \u2013 sz\u00f3lt neki. P\u00e9ter tiltakozott: \u201eEmber, nem tartozom k\u00f6z\u00e9j\u00fck!\u201d Alig telt el egy \u00f3ra, valaki ism\u00e9t bizonygatta: \u201eDe igen, ez is vele volt, hiszen galileai.\u201d \u201eEmber \u2013 tagadta \u00fajra P\u00e9ter \u2013, nem tudom, mit besz\u00e9lsz.\u201d M\u00e9g ki sem mondta, m\u00e1ris megsz\u00f3lalt a kakas. Az \u00dar megfordult, s r\u00e1tekintett P\u00e9terre. P\u00e9ternek esz\u00e9be jutott, mit mondott neki az \u00dar: \u201eMiel\u0151tt ma megsz\u00f3lal a kakas, h\u00e1romszor tagadsz meg engem.\u201d Akkor P\u00e9ter kiment, \u00e9s keserves s\u00edr\u00e1sra fakadt.<\/p>\n<p><em>Tal<\/em><em>\u00e1ld el, ki <\/em><em>\u00fct<\/em><em>\u00f6tt meg?<\/em><\/p>\n<p>Az emberek, akik \u0151rizt\u00e9k J\u00e9zust, cs\u00fafot \u0171ztek bel\u0151le \u00e9s b\u00e1ntalmazt\u00e1k. Szem\u00e9t bek\u00f6t\u00f6tt\u00e9k, \u00e9s k\u00e9rdezgett\u00e9k: \u201eTal\u00e1ld el, ki \u00fct\u00f6tt meg?\u201d \u00c9s mindenf\u00e9le szitkokat sz\u00f3rtak r\u00e1.<\/p>\n<p><em>J<\/em><em>\u00e9zust a f<\/em><em>\u0151papok tan<\/em><em>\u00e1csa el<\/em><em>\u00e9 <\/em><em>\u00e1ll<\/em><em>\u00edtott<\/em><em>\u00e1k.<\/em><\/p>\n<p>Mihelyt megvirradt, \u00f6sszegy\u0171ltek a n\u00e9p v\u00e9nei, a f\u0151papok meg az \u00edr\u00e1stud\u00f3k, \u00e9s a tan\u00e1csuk el\u00e9 \u00e1ll\u00edtott\u00e1k. \u201eHa te vagy a Messi\u00e1s \u2013 sz\u00f3l\u00edtott\u00e1k fel \u2013, mondd meg nek\u00fcnk.\u201d \u00cdgy v\u00e1laszolt r\u00e1: \u201eHa megmondom is, nem hiszitek el. Ha pedig k\u00e9rdezlek benneteket, nem feleltek. De az Emberfia mostant\u00f3l fogva a hatalmas Isten jobbj\u00e1n fog \u00fclni.\u201d Erre egyszerre k\u00f6zbev\u00e1gtak: \u201eTeh\u00e1t te vagy az Isten Fia?\u201d \u0150 pedig ezt mondta nekik: \u201eTi mondj\u00e1tok, hogy \u00e9n vagyok.\u201d \u201eMi sz\u00fcks\u00e9g\u00fcnk van m\u00e9g tan\u00fakra? \u2013 mondt\u00e1k erre. \u2013 Magunk hallottuk a saj\u00e1t sz\u00e1j\u00e1b\u00f3l.\u201d Ezzel f\u00f6lkerekedett az eg\u00e9sz test\u00fclet, \u00e9s Pil\u00e1tushoz k\u00eds\u00e9rt\u00e9k.<\/p>\n<p><em>Nem tal<\/em><em>\u00e1lom semmiben b<\/em><em>\u0171n<\/em><em>\u00f6snek ezt az embert.<\/em><\/p>\n<p>Ott v\u00e1dolni kezdt\u00e9k: \u201eAzt tapasztaltuk \u2013 mondt\u00e1k \u2013, hogy t\u00e9v\u00fatra vezeti n\u00e9p\u00fcnket. Megtiltja, hogy ad\u00f3t fizess\u00fcnk a cs\u00e1sz\u00e1rnak. Azt \u00e1ll\u00edtja mag\u00e1r\u00f3l, hogy \u0151 a Messi\u00e1s kir\u00e1ly.\u201d Pil\u00e1tus megk\u00e9rdezte t\u0151le: \u201eTe vagy-e a zsid\u00f3k kir\u00e1lya?\u201d \u201eMagad mondod\u201d \u2013 felelte. Pil\u00e1tus erre kijelentette a f\u0151papoknak \u00e9s a n\u00e9pnek: \u201eNem tal\u00e1lom semmiben b\u0171n\u00f6snek ezt az embert.\u201d De azok er\u0151sk\u00f6dtek: \u201eTan\u00edt\u00e1s\u00e1val fell\u00e1z\u00edtja a n\u00e9pet Galile\u00e1t\u00f3l kezdve eg\u00e9szen Jude\u00e1ig.\u201d Ennek hallat\u00e1ra Pil\u00e1tus megk\u00e9rdezte, hogy Galile\u00e1ba val\u00f3-e. Amikor megtudta, hogy Her\u00f3des uralma al\u00e1 tartozik, elk\u00fcldte Her\u00f3deshez, aki azokban a napokban \u00e9ppen Jeruzs\u00e1lemben tart\u00f3zkodott.<\/p>\n<p><em>Her<\/em><em>\u00f3des udvar<\/em><em>\u00e1val egy<\/em><em>\u00fctt g<\/em><em>\u00fanyt <\/em><em>\u0171z<\/em><em>\u00f6tt bel<\/em><em>\u0151le.<\/em><\/p>\n<p>Amikor Her\u00f3des megl\u00e1tta J\u00e9zust, nagyon meg\u00f6r\u00fclt. R\u00e9g\u00f3ta szerette volna l\u00e1tni, mert sokat hallott fel\u0151le, s rem\u00e9lte, hogy valami csod\u00e1t tesz a jelenl\u00e9t\u00e9ben. Sokat faggatta, de \u0151 nem m\u00e9ltatta feleletre. A f\u0151papok \u00e9s az \u00edr\u00e1stud\u00f3k is odamentek, \u00e9s hevesen v\u00e1dolt\u00e1k. Her\u00f3des akkor udvar\u00e1val egy\u00fctt g\u00fanyt \u0171z\u00f6tt bel\u0151le. Cs\u00fafs\u00e1gb\u00f3l feh\u00e9r ruh\u00e1ba \u00f6lt\u00f6ztette, azt\u00e1n visszak\u00fcldte Pil\u00e1tushoz. Ezen a napon Her\u00f3des \u00e9s Pil\u00e1tus j\u00f3 bar\u00e1tok lettek; azel\u0151tt ugyanis haragban voltak.<\/p>\n<p><em>Pil<\/em><em>\u00e1tus kiszolg<\/em><em>\u00e1ltatta nekik J<\/em><em>\u00e9zust akaratuk szerint.<\/em><\/p>\n<p>Pil\u00e1tus ism\u00e9t \u00f6sszeh\u00edvta a f\u0151papokat, a v\u00e9neket \u00e9s a n\u00e9pet, s \u00edgy sz\u00f3lt hozz\u00e1juk: \u201eEl\u00e9m vezett\u00e9tek ezt az embert, mint a n\u00e9p l\u00e1z\u00edt\u00f3j\u00e1t. Jelenl\u00e9tetekben kihallgattam, de az ellene felhozott v\u00e1dak k\u00f6z\u00fcl nem tal\u00e1ltam egyben sem v\u00e9tkesnek. \u00c9s Her\u00f3des sem, mert l\u00e1m, visszak\u00fcldte hozz\u00e1m. L\u00e1thatj\u00e1tok, semmi olyat nem k\u00f6vetett el, ami\u00e9rt hal\u00e1lt \u00e9rdemelne. Megfeny\u00edtem h\u00e1t, \u00e9s szabadon bocs\u00e1tom.\u201d Az \u00fcnnep alkalm\u00e1val szabadon kellett bocs\u00e1tania egy foglyot. Az eg\u00e9sz n\u00e9p akkor ki\u00e1ltozni kezdett: \u201eVesszen el! Bocs\u00e1sd szabadon Barab\u00e1st!\u201d Barab\u00e1st a v\u00e1rosban t\u00f6rt\u00e9nt f\u00f6lkel\u00e9s \u00e9s gyilkoss\u00e1g miatt vetett\u00e9k b\u00f6rt\u00f6nbe. Pil\u00e1tus ism\u00e9t hozz\u00e1juk fordult, mert szabadon akarta bocs\u00e1tani J\u00e9zust. De tov\u00e1bb ord\u00edtoztak: \u201eKeresztre! Keresztre vele!\u201d Harmadszor is megk\u00e9rdezte: \u201eDe h\u00e1t mi rosszat tett? Semmi v\u00e9tket nem tal\u00e1lok, ami\u00e9rt hal\u00e1lra kellene \u00edt\u00e9lnem. Megfeny\u00edtem \u00e9s szabadon bocs\u00e1tom.\u201d De azok nem t\u00e1g\u00edtottak, hanem egyre elsz\u00e1ntabban, egyre hangosabban ki\u00e1ltozt\u00e1k, hogy fesz\u00edtse keresztre. Erre Pil\u00e1tus \u00fagy hat\u00e1rozott, hogy enged k\u00f6vetel\u00e9s\u00fcknek. Szabadon engedte h\u00e1t k\u00e9r\u00e9s\u00fckre azt, aki l\u00e1zad\u00e1s \u00e9s gyilkoss\u00e1g miatt ker\u00fclt b\u00f6rt\u00f6nbe, J\u00e9zust meg kiszolg\u00e1ltatta nekik akaratuk szerint.<\/p>\n<p><em>Jeruzs<\/em><em>\u00e1lem le<\/em><em>\u00e1nyai, ne engem sirassatok!<\/em><\/p>\n<p>Ahogy elvezett\u00e9k, meg\u00e1ll\u00edtottak egy cirenei embert, Simont, aki \u00e9ppen a mez\u0151r\u0151l tartott hazafel\u00e9. V\u00e1ll\u00e1ra adt\u00e1k a keresztet, hogy vigye J\u00e9zus ut\u00e1n. Nagy t\u00f6meg k\u00f6vette, asszonyok is, akik jajgattak \u00e9s s\u00edrtak miatta. J\u00e9zus hozz\u00e1juk fordult \u00e9s \u00edgy sz\u00f3lt: \u201eJeruzs\u00e1lem le\u00e1nyai, ne engem sirassatok! Ink\u00e1bb magatokat sirass\u00e1tok \u00e9s gyermekeiteket, mert j\u00f6nnek majd napok, amikor azt fogj\u00e1k mondani: Boldogok a magtalanok, \u00e9s akik nem sz\u00fcltek \u00e9s nem szoptattak. Akkor majd ki\u00e1ltani fogj\u00e1k a hegyeknek: \u00bbOmoljatok r\u00e1nk!\u00ab \u00c9s a domboknak: \u00bbTakarjatok el!\u00ab Mert ha a z\u00f6ldell\u0151 f\u00e1val \u00edgy tesznek, mi lesz a sorsa a kisz\u00e1radt f\u00e1nak?\u201d K\u00e9t gonosztev\u0151t is vittek vele, hogy kiv\u00e9gezz\u00e9k \u0151ket.<\/p>\n<p><em>Aty<\/em><em>\u00e1m, bocs<\/em><em>\u00e1ss meg nekik, hisz nem tudj<\/em><em>\u00e1k, mit tesznek.<\/em><\/p>\n<p>Amikor oda\u00e9rtek arra a helyre, amelyet Koponya-helynek h\u00edvtak, ott keresztre fesz\u00edtett\u00e9k, s a gonosztev\u0151ket is vele, egyik\u00fcket jobbr\u00f3l, m\u00e1sikukat balr\u00f3l. J\u00e9zus pedig ezt mondta: \u201eAty\u00e1m, bocs\u00e1ss meg nekik, mert nem tudj\u00e1k, mit tesznek.\u201d Ruh\u00e1j\u00e1n sorsot vetve megosztoztak.<\/p>\n<p><em>Ez a zsid<\/em><em>\u00f3k kir<\/em><em>\u00e1lya.<\/em><\/p>\n<p>A n\u00e9p b\u00e1m\u00e9szkodott, a f\u0151tan\u00e1cs tagjai g\u00fanyol\u00f3dtak: \u201eM\u00e1sokat megmentett \u2013 mondt\u00e1k \u2013, most mentse meg mag\u00e1t, ha \u0151 a Messi\u00e1s, az Isten v\u00e1lasztottja.\u201d G\u00fanyt \u0171ztek bel\u0151le a katon\u00e1k is, odamentek, \u00e9s ecettel k\u00edn\u00e1lt\u00e1k: \u201eHa te vagy a zsid\u00f3k kir\u00e1lya, szabad\u00edtsd meg magadat!\u201d \u2013 mondt\u00e1k. Feje f\u00f6l\u00e9 g\u00f6r\u00f6g, latin \u00e9s h\u00e9ber nyelv\u0171 feliratot tettek: Ez a zsid\u00f3k kir\u00e1lya.<\/p>\n<p><em>M<\/em><em>\u00e9g ma velem leszel a paradicsomban.<\/em><\/p>\n<p>Az egyik f\u00f6lfesz\u00edtett gonosztev\u0151 k\u00e1romolta: \u201eNem te vagy a Krisztus? Szabad\u00edtsd meg h\u00e1t magadat \u00e9s minket is.\u201d A m\u00e1sik r\u00e1sz\u00f3lt: \u201eNem f\u00e9lsz az Istent\u0151l? Hisz te is ugyanazt a b\u00fcntet\u00e9st szenveded. Mi legal\u00e1bb tetteink m\u00e9lt\u00f3 b\u00fcntet\u00e9s\u00e9t kapjuk. De ez semmi rosszat sem tett!\u201d Azt\u00e1n hozz\u00e1 fordult: \u201eJ\u00e9zus, eml\u00e9kezz\u00e9l meg r\u00f3lam, amikor elj\u00f6ssz uralmadban.\u201d Ezt v\u00e1laszolta neki: \u201eBizony mondom neked, m\u00e9g ma velem leszel a paradicsomban.\u201d<\/p>\n<p><em>Aty<\/em><em>\u00e1m, kezedbe aj<\/em><em>\u00e1nlom lelkemet.<\/em><\/p>\n<p>A hatodik \u00f3ra k\u00f6r\u00fcl s\u00f6t\u00e9ts\u00e9g t\u00e1madt az eg\u00e9sz f\u00f6ld\u00f6n, s eg\u00e9szen a kilencedik \u00f3r\u00e1ig tartott. A nap els\u00f6t\u00e9tedett, a templom f\u00fcgg\u00f6nye k\u00f6z\u00e9pen kett\u00e9hasadt. J\u00e9zus ekkor hangosan felki\u00e1ltott: \u201eAty\u00e1m, kezedbe aj\u00e1nlom lelkemet.\u201d E szavakkal kilehelte lelk\u00e9t.<\/p>\n<p><em><span style=\"color: #ff0000;\">***<\/span> (Most t<\/em><em>\u00e9rdre borulunk, <\/em><em>\u00e9s egy keveset csendben id<\/em><em>\u0151z<\/em><em>\u00fcnk.)<\/em><\/p>\n<p>Amikor a sz\u00e1zados a t\u00f6rt\u00e9nteket l\u00e1tta, dics\u0151\u00edtette az Istent, s azt mondta: \u201eEz az ember val\u00f3ban igaz volt.\u201d Az eg\u00e9sz k\u00edv\u00e1ncsi t\u00f6meg, amely \u00f6sszever\u0151d\u00f6tt, a t\u00f6rt\u00e9ntek l\u00e1tt\u00e1n mell\u00e9t verte \u00e9s sz\u00e9toszlott. J\u00e9zus ismer\u0151sei pedig, k\u00f6zt\u00fck az asszonyok is, akik Galile\u00e1b\u00f3l k\u00eds\u00e9rt\u00e9k, t\u00e1volabb \u00e1llva n\u00e9zt\u00e9k mindezt.<\/p>\n<p><em>J<\/em><em>\u00f3zsef a holttestet szikl<\/em><em>\u00e1ba v<\/em><em>\u00e1jt s<\/em><em>\u00edrba fektette.<\/em><\/p>\n<p>Volt egy J\u00f3zsef nev\u0171 der\u00e9k \u00e9s igaz f\u00e9rfi, Judea Arimatea nev\u0171 v\u00e1ros\u00e1b\u00f3l sz\u00e1rmazott, \u00e9s maga is v\u00e1rta az Isten orsz\u00e1g\u00e1t. Tagja volt a tan\u00e1csnak, de nem \u00e9rtett egyet a hat\u00e1rozattal \u00e9s az elj\u00e1r\u00e1ss\u00e1l. Ez elment Pil\u00e1tushoz, \u00e9s elk\u00e9rte J\u00e9zus test\u00e9t. Azt\u00e1n levette, gyolcsba g\u00f6ngy\u00f6lte, \u00e9s sziklas\u00edrba helyezte, amelyben m\u00e9g nem fek\u00fcdt senki. A k\u00e9sz\u00fclet napja volt, amikor a szombat f\u00e9nyei m\u00e1r vil\u00e1g\u00edtottak. A Galile\u00e1b\u00f3l \u00e9rkezett asszonyok is elmentek, \u00e9s megn\u00e9zt\u00e9k a s\u00edrt, hogyan helyezt\u00e9k el benne a holttestet. Hazat\u00e9r\u0151ben illatszereket \u00e9s keneteket v\u00e1s\u00e1roltak, a szombatot meg a parancs szerint nyugalomban t\u00f6lt\u00f6tt\u00e9k.<\/p>\n<p>Ezek az evang\u00e9lium ig\u00e9i.<\/p>\n<p><span style=\"color: #ff0000;\">EGYETEMES K\u00d6NY\u00d6RG\u00c9SEK<\/span><br \/>\nPap: Im\u00e1dkozzunk, testv\u00e9reim, hogy Megv\u00e1lt\u00f3 kir\u00e1lyunkhoz mindenkor h\u0171s\u00e9gesek maradjunk!<br \/>\nLektor: 1. Urunk, ismerje fel minden ember, hogy \u00f6nfel\u00e1ldoz\u00f3 szenved\u00e9sed \u00e1r\u00e1n v\u00e1ltott\u00e1l meg benn\u00fcnket!<br \/>\nH\u00edvek: K\u00e9r\u00fcnk t\u00e9ged, hallgass meg minket!<br \/>\n2. Tedd k\u00e9szs\u00e9gess\u00e9 Egyh\u00e1zad tagjait a kereszt hordoz\u00e1s\u00e1ra \u00e9s a kegyelem k\u00f6zvet\u00edt\u00e9s\u00e9re!<br \/>\nH\u00edvek: K\u00e9r\u00fcnk t\u00e9ged . . .<br \/>\n3. Keresztedb\u0151l fakadjon b\u00e9ke \u00e9s egyet\u00e9rt\u00e9s minden n\u00e9p sz\u00e1m\u00e1ra!<br \/>\nH\u00edvek: K\u00e9r\u00fcnk t\u00e9ged . . .<br \/>\n4. Egyes\u00edtsd szenved\u00e9seinket megv\u00e1lt\u00f3 szenved\u00e9seddel, hogy egyek lehess\u00fcnk veled a mennyei boldogs\u00e1gban is!<br \/>\nH\u00edvek: K\u00e9r\u00fcnk t\u00e9ged . . .<br \/>\n5. Megv\u00e1lt\u00f3 kereszthal\u00e1lod \u00e1ltal adj \u00f6r\u00f6k \u00e9letet az elhunyt h\u00edveknek!<br \/>\nH\u00edvek: K\u00e9r\u00fcnk t\u00e9ged . . .<br \/>\nPap: Urunk J\u00e9zus, te vonakod\u00e1s n\u00e9lk\u00fcl v\u00e1llaltad a kereszthal\u00e1l gy\u00f6trelm\u00e9t n\u00e9ped \u00fcdv\u00f6ss\u00e9g\u00e9\u00e9rt. Tan\u00edts meg minket az \u00e1ldozatos szeretetre, hogy r\u00e9sz\u00fcnk legyen az \u00f6r\u00f6k dics\u0151s\u00e9gben! Aki \u00e9lsz \u00e9s uralkodol mind\u00f6r\u00f6kk\u00f6n-\u00f6r\u00f6kk\u00e9.<br \/>\nH\u00edvek: \u00c1men.<\/p>\n<p><span style=\"color: #ff0000;\">Felaj\u00e1nl\u00f3 k\u00f6ny\u00f6rg\u00e9s:<\/span><br \/>\nUrunk, Isten\u00fcnk, egysz\u00fcl\u00f6tt Fiad szenved\u00e9se engeszteljen ki t\u00e9ged ir\u00e1ntunk, \u00e9s amit cselekedeteinkkel nem tudunk ki\u00e9rdemelni, ennek a v\u00e9gtelen \u00e9rt\u00e9k\u0171 \u00e1ldozatnak \u00e9rdem\u00e9b\u0151l adja meg nek\u00fcnk a te irgalmad. Krisztus, a mi Urunk \u00e1ltal.<\/p>\n<p>&nbsp;<\/p>\n<p><span style=\"color: #ff0000;\">Pref\u00e1ci\u00f3:<\/span><br \/>\nAz \u00dar legyen veletek.<br \/>\nH.: \u00c9s a te lelkeddel.<br \/>\nEmelj\u00fck f\u00f6l sz\u00edv\u00fcnket.<br \/>\nH.: F\u00f6lemelt\u00fck az \u00darhoz.<br \/>\nAdjunk h\u00e1l\u00e1t Urunknak, Isten\u00fcnknek.<br \/>\nH.: M\u00e9lt\u00f3 \u00e9s igazs\u00e1gos.<br \/>\n(Mert) Val\u00f3ban m\u00e9lt\u00f3 \u00e9s igazs\u00e1gos, ill\u0151 \u00e9s \u00fcdv\u00f6s, hogy mindig \u00e9s minden\u00fctt h\u00e1l\u00e1t adjunk n\u00e9ked, mi Urunk, szents\u00e9ges Aty\u00e1nk, mindenhat\u00f3 \u00f6r\u00f6k Isten: \u2013 Krisztus, a mi Urunk \u00e1ltal.<br \/>\nB\u00e1r \u0151maga semmit sem v\u00e9tett, az \u00edt\u00e9let \u00e1rtatlanul \u00e9rte, \u2013 a b\u0171n\u00f6s\u00f6k\u00e9rt m\u00e9gis szenved\u00e9st v\u00e1llalt.<br \/>\nAz \u0151 hal\u00e1la b\u0171neinket elvette, felt\u00e1mad\u00e1sa megigazul\u00e1st adott nek\u00fcnk.<br \/>\nAz \u0151 dics\u0151s\u00e9g\u00e9t vallja \u00e9g \u00e9s f\u00f6ld, vallj\u00e1k az angyalok \u00e9s f\u0151angyalok, \u2013 hangos sz\u00f3val hirdetik, \u00e9s v\u00e9g n\u00e9lk\u00fcl mondj\u00e1k (zengik):<\/p>\n<p><span style=\"color: #ff0000;\">\u00c1ldoz\u00e1si \u00e9nek:<\/span><br \/>\nAty\u00e1m, ha nem lehet, hogy elm\u00faljon ez a kehely an\u00e9lk\u00fcl, hogy kiigyam, legyen meg a te akaratod. (Mt 26,42)<\/p>\n<p><span style=\"color: #ff0000;\">\u00c1ldoz\u00e1s ut\u00e1ni k\u00f6ny\u00f6rg\u00e9s:<\/span><br \/>\nMennyei eledellel t\u00e1pl\u00e1lt\u00e1l minket, Urunk, Isten\u00fcnk. K\u00f6ny\u00f6r\u00f6gve k\u00e9r\u00fcnk, hogy akik szent Fiad hal\u00e1l\u00e1b\u00f3l m\u00e1r biztosan rem\u00e9lhetj\u00fck azt, amiben hisz\u00fcnk, felt\u00e1mad\u00e1s\u00e1nak erej\u00e9b\u0151l eljuthassunk oda, ahov\u00e1 t\u00f6reksz\u00fcnk. Krisztus, a mi Urunk \u00e1ltal.<\/p>\n<p><span style=\"color: #ff0000;\">K\u00f6ny\u00f6rg\u00e9s a n\u00e9p\u00e9rt:<\/span><br \/>\nK\u00e9r\u00fcnk, Urunk, Isten\u00fcnk, tekints a te csal\u00e1dodra, mely\u00e9rt a mi Urunk, J\u00e9zus Krisztus t\u00e9tov\u00e1z\u00e1s n\u00e9lk\u00fcl a b\u0171n\u00f6s\u00f6k kez\u00e9re adta mag\u00e1t \u00e9s v\u00e1llalta a kereszthal\u00e1l gy\u00f6trelm\u00e9t. Aki veled \u00e9l \u00e9s uralkodik mind\u00f6r\u00f6kk\u00f6n \u00f6r\u00f6kk\u00e9.<\/p>\n<p><em>(K\u00e9p forr\u00e1sa: Instagram)<\/em><\/p>\n","protected":false},"excerpt":{"rendered":"<p>A vir\u00e1gvas\u00e1rnapi barkaszentel\u00e9s \u00e9s k\u00f6rmenet J\u00e9zus \u00fcnnep\u00e9lyes jeruzs\u00e1lemi bevonul\u00e1sra eml\u00e9keztet. Csatlakozzunk mi is a lelkes t\u00f6meghez, k\u00f6sz\u00f6nj\u00fck meg D\u00e1vid Fi\u00e1nak, hogy elj\u00f6tt hozz\u00e1nk az \u00dar nev\u00e9ben, \u00e9s elhozta k\u00f6z\u00e9nk Isten orsz\u00e1g\u00e1t. Az olvasm\u00e1ny arr\u00f3l sz\u00f3l, hogy a Messi\u00e1s az \u00dar szenved\u0151 szolg\u00e1ja lesz. Nem menek\u00fcl el a szenved\u00e9st\u0151l, hanem el\u00e9be megy, mert b\u00edzik az \u00darban, hogy megseg\u00edti \u00e9s nem vall sz\u00e9gyent. A szentlecke az egyik legm\u00e9lyebb teol\u00f3giai tan\u00edt\u00e1s. Krisztus szolgai alakot vett fel \u00e9s ki\u00fcres\u00edtette \u00f6nmag\u00e1t. Ezzel mintegy k\u00f6vetend\u0151 utat is mutat a ma embere sz\u00e1m\u00e1ra. A teljes\u00edtm\u00e9ny n\u00e9lk\u00fcli celebek kor\u00e1ban, \u0151ket k\u00f6vetve, sokan a neki juttatott c\u00edm \u00e9s poz\u00edci\u00f3 m\u00f6g\u00e9 rejt\u0151\u00edznek. M\u00e9lys\u00e9g \u00e9s tartalom n\u00e9lk\u00fcl! Cser\u00e9be elv\u00e1rj\u00e1k, hogy emiatt tisztelj\u00e9k \u0151ket. K\u00f6z\u00e9j\u00fck tartozom? &#8211; megv\u00e1laszoland\u00f3 k\u00e9rd\u00e9s. A szenved\u00e9st\u00f6rt\u00e9net, azaz a passi\u00f3, karaktereket \u00e1ll\u00edt el\u00e9m. Mik\u00f6zben hallgatom \u00e9s gondolkodom, helyem is keresem a szenved\u00e9st\u00f6rt\u00e9netben. Ilyen \u00e9rtelemben egyfajta t\u00fck\u00f6rk\u00e9nt is tekinthetek r\u00e1, amelyben megl\u00e1tom magam. Maradjak \u0151szinte \u00f6nmagamhoz, s akkor igencsak tisztul ez a k\u00e9p.\u00a0 Kezd\u0151\u00e9nek: Hat nappal H\u00fasv\u00e9t el\u0151tt, amikor az \u00dar Jeruzs\u00e1lembe \u00e9rkezett, gyermekek j\u00f6ttek el\u00e9be: kez\u00fckben p\u00e1lma\u00e1gakat hoztak, \u00e9s hangosan ki\u00e1ltozt\u00e1k: Hozsanna a magass\u00e1gban! \u00c1ldott vagy, aki irgalmadnak b\u0151s\u00e9g\u00e9v\u00e9! \u00e9rkezel! (V\u00f6.Jn 12,1.12-13) vagy Emelj\u00e9tek f\u00f6l fejeteket, kapuk, t\u00e1ruljatok fel, \u00f6r\u00f6k kapuk, hadd vonuljon be a dics\u0151s\u00e9g kir\u00e1lya! Ki az a dics\u0151s\u00e9g kir\u00e1lya? A Seregek Ura, \u0151 a dics\u0151s\u00e9g Kir\u00e1lya! Hozsanna a magass\u00e1gban! \u00c1ldott vagy, aki irgalmadnak b\u0151s\u00e9g\u00e9v\u00e9! \u00e9rkezel! (Zsolt 23,9-10) K\u00f6ny\u00f6rg\u00e9s: Mindenhat\u00f3, \u00f6r\u00f6k Isten, \u00dcdv\u00f6z\u00edt\u0151nk p\u00e9ld\u00e1t adott nek\u00fcnk az al\u00e1zatoss\u00e1gra, amikor szent akaratodb\u00f3l emberi testet \u00f6lt\u00f6tt \u00e9s v\u00e1llalta a kereszthal\u00e1lt. Seg\u00edts j\u00f3s\u00e1gosan, hogy k\u00ednszenved\u00e9s\u00e9nek tan\u00edt\u00e1s\u00e1t meg\u00e9rts\u00fck, \u00e9s t\u00e1rsai lehess\u00fcnk felt\u00e1mad\u00e1s\u00e1ban. Aki veled \u00e9l \u00e9s uralkodik a Szentl\u00e9lekkel egys\u00e9gben, Isten mind\u00f6r\u00f6kk\u00f6n \u00f6r\u00f6kk\u00e9. OLVASM\u00c1NY Izaj\u00e1s pr\u00f3f\u00e9ta k\u00f6nyv\u00e9b\u0151l (Iz 50,4-7) Nem rejtettem el arcomat azok el\u0151l, akik gyal\u00e1ztak, de tudom, hogy nem vallok sz\u00e9gyent. Izaj\u00e1s \u00edgy j\u00f6vend\u00f6lt a Megv\u00e1lt\u00f3r\u00f3l: Ezt mondja az \u00dar Szolg\u00e1ja: \u201eIsten, az \u00dar tan\u00edtotta nyelvemet, hogy az&#8230; <\/p>\n<p><a class=\"readmore\" href=\"https:\/\/stuttgarti-katolikusok.de\/index.php\/viragvasarnap-az-ur-szenvedesenek-vasarnapja-2\/\">R\u00e9szletek<\/a><\/p>\n","protected":false},"author":3,"featured_media":28567,"comment_status":"closed","ping_status":"closed","sticky":false,"template":"","format":"standard","meta":{"footnotes":""},"categories":[85,63],"tags":[],"class_list":["post-30782","post","type-post","status-publish","format-standard","has-post-thumbnail","hentry","category-a-liturgia-olvasmanyai","category-vasarnapi-gondolatok"],"yoast_head":"<!-- This site is optimized with the Yoast SEO plugin v27.3 - https:\/\/yoast.com\/product\/yoast-seo-wordpress\/ -->\n<title>Vir\u00e1gvas\u00e1rnap - az \u00dar szenved\u00e9s\u00e9nek vas\u00e1rnapja - Stuttgarti Katolikusok<\/title>\n<meta name=\"robots\" content=\"index, follow, max-snippet:-1, max-image-preview:large, max-video-preview:-1\" \/>\n<link rel=\"canonical\" href=\"https:\/\/stuttgarti-katolikusok.de\/index.php\/viragvasarnap-az-ur-szenvedesenek-vasarnapja-2\/\" \/>\n<meta property=\"og:locale\" content=\"hu_HU\" \/>\n<meta property=\"og:type\" content=\"article\" \/>\n<meta property=\"og:title\" content=\"Vir\u00e1gvas\u00e1rnap - az \u00dar szenved\u00e9s\u00e9nek vas\u00e1rnapja - Stuttgarti Katolikusok\" \/>\n<meta property=\"og:description\" content=\"A vir\u00e1gvas\u00e1rnapi barkaszentel\u00e9s \u00e9s k\u00f6rmenet J\u00e9zus \u00fcnnep\u00e9lyes jeruzs\u00e1lemi bevonul\u00e1sra eml\u00e9keztet. Csatlakozzunk mi is a lelkes t\u00f6meghez, k\u00f6sz\u00f6nj\u00fck meg D\u00e1vid Fi\u00e1nak, hogy elj\u00f6tt hozz\u00e1nk az \u00dar nev\u00e9ben, \u00e9s elhozta k\u00f6z\u00e9nk Isten orsz\u00e1g\u00e1t. Az olvasm\u00e1ny arr\u00f3l sz\u00f3l, hogy a Messi\u00e1s az \u00dar szenved\u0151 szolg\u00e1ja lesz. Nem menek\u00fcl el a szenved\u00e9st\u0151l, hanem el\u00e9be megy, mert b\u00edzik az \u00darban, hogy megseg\u00edti \u00e9s nem vall sz\u00e9gyent. A szentlecke az egyik legm\u00e9lyebb teol\u00f3giai tan\u00edt\u00e1s. Krisztus szolgai alakot vett fel \u00e9s ki\u00fcres\u00edtette \u00f6nmag\u00e1t. Ezzel mintegy k\u00f6vetend\u0151 utat is mutat a ma embere sz\u00e1m\u00e1ra. A teljes\u00edtm\u00e9ny n\u00e9lk\u00fcli celebek kor\u00e1ban, \u0151ket k\u00f6vetve, sokan a neki juttatott c\u00edm \u00e9s poz\u00edci\u00f3 m\u00f6g\u00e9 rejt\u0151\u00edznek. M\u00e9lys\u00e9g \u00e9s tartalom n\u00e9lk\u00fcl! Cser\u00e9be elv\u00e1rj\u00e1k, hogy emiatt tisztelj\u00e9k \u0151ket. K\u00f6z\u00e9j\u00fck tartozom? &#8211; megv\u00e1laszoland\u00f3 k\u00e9rd\u00e9s. A szenved\u00e9st\u00f6rt\u00e9net, azaz a passi\u00f3, karaktereket \u00e1ll\u00edt el\u00e9m. Mik\u00f6zben hallgatom \u00e9s gondolkodom, helyem is keresem a szenved\u00e9st\u00f6rt\u00e9netben. Ilyen \u00e9rtelemben egyfajta t\u00fck\u00f6rk\u00e9nt is tekinthetek r\u00e1, amelyben megl\u00e1tom magam. Maradjak \u0151szinte \u00f6nmagamhoz, s akkor igencsak tisztul ez a k\u00e9p.\u00a0 Kezd\u0151\u00e9nek: Hat nappal H\u00fasv\u00e9t el\u0151tt, amikor az \u00dar Jeruzs\u00e1lembe \u00e9rkezett, gyermekek j\u00f6ttek el\u00e9be: kez\u00fckben p\u00e1lma\u00e1gakat hoztak, \u00e9s hangosan ki\u00e1ltozt\u00e1k: Hozsanna a magass\u00e1gban! \u00c1ldott vagy, aki irgalmadnak b\u0151s\u00e9g\u00e9v\u00e9! \u00e9rkezel! (V\u00f6.Jn 12,1.12-13) vagy Emelj\u00e9tek f\u00f6l fejeteket, kapuk, t\u00e1ruljatok fel, \u00f6r\u00f6k kapuk, hadd vonuljon be a dics\u0151s\u00e9g kir\u00e1lya! Ki az a dics\u0151s\u00e9g kir\u00e1lya? A Seregek Ura, \u0151 a dics\u0151s\u00e9g Kir\u00e1lya! Hozsanna a magass\u00e1gban! \u00c1ldott vagy, aki irgalmadnak b\u0151s\u00e9g\u00e9v\u00e9! \u00e9rkezel! (Zsolt 23,9-10) K\u00f6ny\u00f6rg\u00e9s: Mindenhat\u00f3, \u00f6r\u00f6k Isten, \u00dcdv\u00f6z\u00edt\u0151nk p\u00e9ld\u00e1t adott nek\u00fcnk az al\u00e1zatoss\u00e1gra, amikor szent akaratodb\u00f3l emberi testet \u00f6lt\u00f6tt \u00e9s v\u00e1llalta a kereszthal\u00e1lt. Seg\u00edts j\u00f3s\u00e1gosan, hogy k\u00ednszenved\u00e9s\u00e9nek tan\u00edt\u00e1s\u00e1t meg\u00e9rts\u00fck, \u00e9s t\u00e1rsai lehess\u00fcnk felt\u00e1mad\u00e1s\u00e1ban. Aki veled \u00e9l \u00e9s uralkodik a Szentl\u00e9lekkel egys\u00e9gben, Isten mind\u00f6r\u00f6kk\u00f6n \u00f6r\u00f6kk\u00e9. OLVASM\u00c1NY Izaj\u00e1s pr\u00f3f\u00e9ta k\u00f6nyv\u00e9b\u0151l (Iz 50,4-7) Nem rejtettem el arcomat azok el\u0151l, akik gyal\u00e1ztak, de tudom, hogy nem vallok sz\u00e9gyent. Izaj\u00e1s \u00edgy j\u00f6vend\u00f6lt a Megv\u00e1lt\u00f3r\u00f3l: Ezt mondja az \u00dar Szolg\u00e1ja: \u201eIsten, az \u00dar tan\u00edtotta nyelvemet, hogy az... R\u00e9szletek\" \/>\n<meta property=\"og:url\" content=\"https:\/\/stuttgarti-katolikusok.de\/index.php\/viragvasarnap-az-ur-szenvedesenek-vasarnapja-2\/\" \/>\n<meta property=\"og:site_name\" content=\"Stuttgarti Katolikusok\" \/>\n<meta property=\"article:published_time\" content=\"2025-04-12T05:30:11+00:00\" \/>\n<meta property=\"og:image\" content=\"https:\/\/stuttgarti-katolikusok.de\/wp-content\/uploads\/2024\/03\/web-13.jpg\" \/>\n\t<meta property=\"og:image:width\" content=\"1080\" \/>\n\t<meta property=\"og:image:height\" content=\"803\" \/>\n\t<meta property=\"og:image:type\" content=\"image\/jpeg\" \/>\n<meta name=\"author\" content=\"Tibor atya\" \/>\n<meta name=\"twitter:card\" content=\"summary_large_image\" \/>\n<meta name=\"twitter:label1\" content=\"Szerz\u0151:\" \/>\n\t<meta name=\"twitter:data1\" content=\"Tibor atya\" \/>\n\t<meta name=\"twitter:label2\" content=\"Becs\u00fclt olvas\u00e1si id\u0151\" \/>\n\t<meta name=\"twitter:data2\" content=\"16 perc\" \/>\n<script type=\"application\/ld+json\" class=\"yoast-schema-graph\">{\"@context\":\"https:\\\/\\\/schema.org\",\"@graph\":[{\"@type\":\"Article\",\"@id\":\"https:\\\/\\\/stuttgarti-katolikusok.de\\\/index.php\\\/viragvasarnap-az-ur-szenvedesenek-vasarnapja-2\\\/#article\",\"isPartOf\":{\"@id\":\"https:\\\/\\\/stuttgarti-katolikusok.de\\\/index.php\\\/viragvasarnap-az-ur-szenvedesenek-vasarnapja-2\\\/\"},\"author\":{\"name\":\"Tibor atya\",\"@id\":\"https:\\\/\\\/stuttgarti-katolikusok.de\\\/#\\\/schema\\\/person\\\/75908d6f8fdc03a57889d27209df7795\"},\"headline\":\"Vir\u00e1gvas\u00e1rnap &#8211; az \u00dar szenved\u00e9s\u00e9nek vas\u00e1rnapja\",\"datePublished\":\"2025-04-12T05:30:11+00:00\",\"mainEntityOfPage\":{\"@id\":\"https:\\\/\\\/stuttgarti-katolikusok.de\\\/index.php\\\/viragvasarnap-az-ur-szenvedesenek-vasarnapja-2\\\/\"},\"wordCount\":4006,\"image\":{\"@id\":\"https:\\\/\\\/stuttgarti-katolikusok.de\\\/index.php\\\/viragvasarnap-az-ur-szenvedesenek-vasarnapja-2\\\/#primaryimage\"},\"thumbnailUrl\":\"https:\\\/\\\/stuttgarti-katolikusok.de\\\/wp-content\\\/uploads\\\/2024\\\/03\\\/web-13.jpg\",\"articleSection\":[\"A liturgia olvasm\u00e1nyai\",\"Vas\u00e1rnapi gondolatok\"],\"inLanguage\":\"hu\"},{\"@type\":\"WebPage\",\"@id\":\"https:\\\/\\\/stuttgarti-katolikusok.de\\\/index.php\\\/viragvasarnap-az-ur-szenvedesenek-vasarnapja-2\\\/\",\"url\":\"https:\\\/\\\/stuttgarti-katolikusok.de\\\/index.php\\\/viragvasarnap-az-ur-szenvedesenek-vasarnapja-2\\\/\",\"name\":\"Vir\u00e1gvas\u00e1rnap - az \u00dar szenved\u00e9s\u00e9nek vas\u00e1rnapja - Stuttgarti Katolikusok\",\"isPartOf\":{\"@id\":\"https:\\\/\\\/stuttgarti-katolikusok.de\\\/#website\"},\"primaryImageOfPage\":{\"@id\":\"https:\\\/\\\/stuttgarti-katolikusok.de\\\/index.php\\\/viragvasarnap-az-ur-szenvedesenek-vasarnapja-2\\\/#primaryimage\"},\"image\":{\"@id\":\"https:\\\/\\\/stuttgarti-katolikusok.de\\\/index.php\\\/viragvasarnap-az-ur-szenvedesenek-vasarnapja-2\\\/#primaryimage\"},\"thumbnailUrl\":\"https:\\\/\\\/stuttgarti-katolikusok.de\\\/wp-content\\\/uploads\\\/2024\\\/03\\\/web-13.jpg\",\"datePublished\":\"2025-04-12T05:30:11+00:00\",\"author\":{\"@id\":\"https:\\\/\\\/stuttgarti-katolikusok.de\\\/#\\\/schema\\\/person\\\/75908d6f8fdc03a57889d27209df7795\"},\"breadcrumb\":{\"@id\":\"https:\\\/\\\/stuttgarti-katolikusok.de\\\/index.php\\\/viragvasarnap-az-ur-szenvedesenek-vasarnapja-2\\\/#breadcrumb\"},\"inLanguage\":\"hu\",\"potentialAction\":[{\"@type\":\"ReadAction\",\"target\":[\"https:\\\/\\\/stuttgarti-katolikusok.de\\\/index.php\\\/viragvasarnap-az-ur-szenvedesenek-vasarnapja-2\\\/\"]}]},{\"@type\":\"ImageObject\",\"inLanguage\":\"hu\",\"@id\":\"https:\\\/\\\/stuttgarti-katolikusok.de\\\/index.php\\\/viragvasarnap-az-ur-szenvedesenek-vasarnapja-2\\\/#primaryimage\",\"url\":\"https:\\\/\\\/stuttgarti-katolikusok.de\\\/wp-content\\\/uploads\\\/2024\\\/03\\\/web-13.jpg\",\"contentUrl\":\"https:\\\/\\\/stuttgarti-katolikusok.de\\\/wp-content\\\/uploads\\\/2024\\\/03\\\/web-13.jpg\",\"width\":1080,\"height\":803},{\"@type\":\"BreadcrumbList\",\"@id\":\"https:\\\/\\\/stuttgarti-katolikusok.de\\\/index.php\\\/viragvasarnap-az-ur-szenvedesenek-vasarnapja-2\\\/#breadcrumb\",\"itemListElement\":[{\"@type\":\"ListItem\",\"position\":1,\"name\":\"Kezd\u0151lap\",\"item\":\"https:\\\/\\\/stuttgarti-katolikusok.de\\\/\"},{\"@type\":\"ListItem\",\"position\":2,\"name\":\"Vir\u00e1gvas\u00e1rnap &#8211; az \u00dar szenved\u00e9s\u00e9nek vas\u00e1rnapja\"}]},{\"@type\":\"WebSite\",\"@id\":\"https:\\\/\\\/stuttgarti-katolikusok.de\\\/#website\",\"url\":\"https:\\\/\\\/stuttgarti-katolikusok.de\\\/\",\"name\":\"Stuttgarti Katolikusok\",\"description\":\"\",\"potentialAction\":[{\"@type\":\"SearchAction\",\"target\":{\"@type\":\"EntryPoint\",\"urlTemplate\":\"https:\\\/\\\/stuttgarti-katolikusok.de\\\/?s={search_term_string}\"},\"query-input\":{\"@type\":\"PropertyValueSpecification\",\"valueRequired\":true,\"valueName\":\"search_term_string\"}}],\"inLanguage\":\"hu\"},{\"@type\":\"Person\",\"@id\":\"https:\\\/\\\/stuttgarti-katolikusok.de\\\/#\\\/schema\\\/person\\\/75908d6f8fdc03a57889d27209df7795\",\"name\":\"Tibor atya\",\"image\":{\"@type\":\"ImageObject\",\"inLanguage\":\"hu\",\"@id\":\"https:\\\/\\\/secure.gravatar.com\\\/avatar\\\/61d268e57d1f4525b111222e29d2d5a7f8c420fdbf231ba5566a8ceac74fa960?s=96&d=mm&r=g\",\"url\":\"https:\\\/\\\/secure.gravatar.com\\\/avatar\\\/61d268e57d1f4525b111222e29d2d5a7f8c420fdbf231ba5566a8ceac74fa960?s=96&d=mm&r=g\",\"contentUrl\":\"https:\\\/\\\/secure.gravatar.com\\\/avatar\\\/61d268e57d1f4525b111222e29d2d5a7f8c420fdbf231ba5566a8ceac74fa960?s=96&d=mm&r=g\",\"caption\":\"Tibor atya\"},\"url\":\"https:\\\/\\\/stuttgarti-katolikusok.de\\\/index.php\\\/author\\\/tibor-atya\\\/\"}]}<\/script>\n<!-- \/ Yoast SEO plugin. -->","yoast_head_json":{"title":"Vir\u00e1gvas\u00e1rnap - az \u00dar szenved\u00e9s\u00e9nek vas\u00e1rnapja - Stuttgarti Katolikusok","robots":{"index":"index","follow":"follow","max-snippet":"max-snippet:-1","max-image-preview":"max-image-preview:large","max-video-preview":"max-video-preview:-1"},"canonical":"https:\/\/stuttgarti-katolikusok.de\/index.php\/viragvasarnap-az-ur-szenvedesenek-vasarnapja-2\/","og_locale":"hu_HU","og_type":"article","og_title":"Vir\u00e1gvas\u00e1rnap - az \u00dar szenved\u00e9s\u00e9nek vas\u00e1rnapja - Stuttgarti Katolikusok","og_description":"A vir\u00e1gvas\u00e1rnapi barkaszentel\u00e9s \u00e9s k\u00f6rmenet J\u00e9zus \u00fcnnep\u00e9lyes jeruzs\u00e1lemi bevonul\u00e1sra eml\u00e9keztet. Csatlakozzunk mi is a lelkes t\u00f6meghez, k\u00f6sz\u00f6nj\u00fck meg D\u00e1vid Fi\u00e1nak, hogy elj\u00f6tt hozz\u00e1nk az \u00dar nev\u00e9ben, \u00e9s elhozta k\u00f6z\u00e9nk Isten orsz\u00e1g\u00e1t. Az olvasm\u00e1ny arr\u00f3l sz\u00f3l, hogy a Messi\u00e1s az \u00dar szenved\u0151 szolg\u00e1ja lesz. Nem menek\u00fcl el a szenved\u00e9st\u0151l, hanem el\u00e9be megy, mert b\u00edzik az \u00darban, hogy megseg\u00edti \u00e9s nem vall sz\u00e9gyent. A szentlecke az egyik legm\u00e9lyebb teol\u00f3giai tan\u00edt\u00e1s. Krisztus szolgai alakot vett fel \u00e9s ki\u00fcres\u00edtette \u00f6nmag\u00e1t. Ezzel mintegy k\u00f6vetend\u0151 utat is mutat a ma embere sz\u00e1m\u00e1ra. A teljes\u00edtm\u00e9ny n\u00e9lk\u00fcli celebek kor\u00e1ban, \u0151ket k\u00f6vetve, sokan a neki juttatott c\u00edm \u00e9s poz\u00edci\u00f3 m\u00f6g\u00e9 rejt\u0151\u00edznek. M\u00e9lys\u00e9g \u00e9s tartalom n\u00e9lk\u00fcl! Cser\u00e9be elv\u00e1rj\u00e1k, hogy emiatt tisztelj\u00e9k \u0151ket. K\u00f6z\u00e9j\u00fck tartozom? &#8211; megv\u00e1laszoland\u00f3 k\u00e9rd\u00e9s. A szenved\u00e9st\u00f6rt\u00e9net, azaz a passi\u00f3, karaktereket \u00e1ll\u00edt el\u00e9m. Mik\u00f6zben hallgatom \u00e9s gondolkodom, helyem is keresem a szenved\u00e9st\u00f6rt\u00e9netben. Ilyen \u00e9rtelemben egyfajta t\u00fck\u00f6rk\u00e9nt is tekinthetek r\u00e1, amelyben megl\u00e1tom magam. Maradjak \u0151szinte \u00f6nmagamhoz, s akkor igencsak tisztul ez a k\u00e9p.\u00a0 Kezd\u0151\u00e9nek: Hat nappal H\u00fasv\u00e9t el\u0151tt, amikor az \u00dar Jeruzs\u00e1lembe \u00e9rkezett, gyermekek j\u00f6ttek el\u00e9be: kez\u00fckben p\u00e1lma\u00e1gakat hoztak, \u00e9s hangosan ki\u00e1ltozt\u00e1k: Hozsanna a magass\u00e1gban! \u00c1ldott vagy, aki irgalmadnak b\u0151s\u00e9g\u00e9v\u00e9! \u00e9rkezel! (V\u00f6.Jn 12,1.12-13) vagy Emelj\u00e9tek f\u00f6l fejeteket, kapuk, t\u00e1ruljatok fel, \u00f6r\u00f6k kapuk, hadd vonuljon be a dics\u0151s\u00e9g kir\u00e1lya! Ki az a dics\u0151s\u00e9g kir\u00e1lya? A Seregek Ura, \u0151 a dics\u0151s\u00e9g Kir\u00e1lya! Hozsanna a magass\u00e1gban! \u00c1ldott vagy, aki irgalmadnak b\u0151s\u00e9g\u00e9v\u00e9! \u00e9rkezel! (Zsolt 23,9-10) K\u00f6ny\u00f6rg\u00e9s: Mindenhat\u00f3, \u00f6r\u00f6k Isten, \u00dcdv\u00f6z\u00edt\u0151nk p\u00e9ld\u00e1t adott nek\u00fcnk az al\u00e1zatoss\u00e1gra, amikor szent akaratodb\u00f3l emberi testet \u00f6lt\u00f6tt \u00e9s v\u00e1llalta a kereszthal\u00e1lt. Seg\u00edts j\u00f3s\u00e1gosan, hogy k\u00ednszenved\u00e9s\u00e9nek tan\u00edt\u00e1s\u00e1t meg\u00e9rts\u00fck, \u00e9s t\u00e1rsai lehess\u00fcnk felt\u00e1mad\u00e1s\u00e1ban. Aki veled \u00e9l \u00e9s uralkodik a Szentl\u00e9lekkel egys\u00e9gben, Isten mind\u00f6r\u00f6kk\u00f6n \u00f6r\u00f6kk\u00e9. OLVASM\u00c1NY Izaj\u00e1s pr\u00f3f\u00e9ta k\u00f6nyv\u00e9b\u0151l (Iz 50,4-7) Nem rejtettem el arcomat azok el\u0151l, akik gyal\u00e1ztak, de tudom, hogy nem vallok sz\u00e9gyent. Izaj\u00e1s \u00edgy j\u00f6vend\u00f6lt a Megv\u00e1lt\u00f3r\u00f3l: Ezt mondja az \u00dar Szolg\u00e1ja: \u201eIsten, az \u00dar tan\u00edtotta nyelvemet, hogy az... R\u00e9szletek","og_url":"https:\/\/stuttgarti-katolikusok.de\/index.php\/viragvasarnap-az-ur-szenvedesenek-vasarnapja-2\/","og_site_name":"Stuttgarti Katolikusok","article_published_time":"2025-04-12T05:30:11+00:00","og_image":[{"width":1080,"height":803,"url":"https:\/\/stuttgarti-katolikusok.de\/wp-content\/uploads\/2024\/03\/web-13.jpg","type":"image\/jpeg"}],"author":"Tibor atya","twitter_card":"summary_large_image","twitter_misc":{"Szerz\u0151:":"Tibor atya","Becs\u00fclt olvas\u00e1si id\u0151":"16 perc"},"schema":{"@context":"https:\/\/schema.org","@graph":[{"@type":"Article","@id":"https:\/\/stuttgarti-katolikusok.de\/index.php\/viragvasarnap-az-ur-szenvedesenek-vasarnapja-2\/#article","isPartOf":{"@id":"https:\/\/stuttgarti-katolikusok.de\/index.php\/viragvasarnap-az-ur-szenvedesenek-vasarnapja-2\/"},"author":{"name":"Tibor atya","@id":"https:\/\/stuttgarti-katolikusok.de\/#\/schema\/person\/75908d6f8fdc03a57889d27209df7795"},"headline":"Vir\u00e1gvas\u00e1rnap &#8211; az \u00dar szenved\u00e9s\u00e9nek vas\u00e1rnapja","datePublished":"2025-04-12T05:30:11+00:00","mainEntityOfPage":{"@id":"https:\/\/stuttgarti-katolikusok.de\/index.php\/viragvasarnap-az-ur-szenvedesenek-vasarnapja-2\/"},"wordCount":4006,"image":{"@id":"https:\/\/stuttgarti-katolikusok.de\/index.php\/viragvasarnap-az-ur-szenvedesenek-vasarnapja-2\/#primaryimage"},"thumbnailUrl":"https:\/\/stuttgarti-katolikusok.de\/wp-content\/uploads\/2024\/03\/web-13.jpg","articleSection":["A liturgia olvasm\u00e1nyai","Vas\u00e1rnapi gondolatok"],"inLanguage":"hu"},{"@type":"WebPage","@id":"https:\/\/stuttgarti-katolikusok.de\/index.php\/viragvasarnap-az-ur-szenvedesenek-vasarnapja-2\/","url":"https:\/\/stuttgarti-katolikusok.de\/index.php\/viragvasarnap-az-ur-szenvedesenek-vasarnapja-2\/","name":"Vir\u00e1gvas\u00e1rnap - az \u00dar szenved\u00e9s\u00e9nek vas\u00e1rnapja - Stuttgarti Katolikusok","isPartOf":{"@id":"https:\/\/stuttgarti-katolikusok.de\/#website"},"primaryImageOfPage":{"@id":"https:\/\/stuttgarti-katolikusok.de\/index.php\/viragvasarnap-az-ur-szenvedesenek-vasarnapja-2\/#primaryimage"},"image":{"@id":"https:\/\/stuttgarti-katolikusok.de\/index.php\/viragvasarnap-az-ur-szenvedesenek-vasarnapja-2\/#primaryimage"},"thumbnailUrl":"https:\/\/stuttgarti-katolikusok.de\/wp-content\/uploads\/2024\/03\/web-13.jpg","datePublished":"2025-04-12T05:30:11+00:00","author":{"@id":"https:\/\/stuttgarti-katolikusok.de\/#\/schema\/person\/75908d6f8fdc03a57889d27209df7795"},"breadcrumb":{"@id":"https:\/\/stuttgarti-katolikusok.de\/index.php\/viragvasarnap-az-ur-szenvedesenek-vasarnapja-2\/#breadcrumb"},"inLanguage":"hu","potentialAction":[{"@type":"ReadAction","target":["https:\/\/stuttgarti-katolikusok.de\/index.php\/viragvasarnap-az-ur-szenvedesenek-vasarnapja-2\/"]}]},{"@type":"ImageObject","inLanguage":"hu","@id":"https:\/\/stuttgarti-katolikusok.de\/index.php\/viragvasarnap-az-ur-szenvedesenek-vasarnapja-2\/#primaryimage","url":"https:\/\/stuttgarti-katolikusok.de\/wp-content\/uploads\/2024\/03\/web-13.jpg","contentUrl":"https:\/\/stuttgarti-katolikusok.de\/wp-content\/uploads\/2024\/03\/web-13.jpg","width":1080,"height":803},{"@type":"BreadcrumbList","@id":"https:\/\/stuttgarti-katolikusok.de\/index.php\/viragvasarnap-az-ur-szenvedesenek-vasarnapja-2\/#breadcrumb","itemListElement":[{"@type":"ListItem","position":1,"name":"Kezd\u0151lap","item":"https:\/\/stuttgarti-katolikusok.de\/"},{"@type":"ListItem","position":2,"name":"Vir\u00e1gvas\u00e1rnap &#8211; az \u00dar szenved\u00e9s\u00e9nek vas\u00e1rnapja"}]},{"@type":"WebSite","@id":"https:\/\/stuttgarti-katolikusok.de\/#website","url":"https:\/\/stuttgarti-katolikusok.de\/","name":"Stuttgarti Katolikusok","description":"","potentialAction":[{"@type":"SearchAction","target":{"@type":"EntryPoint","urlTemplate":"https:\/\/stuttgarti-katolikusok.de\/?s={search_term_string}"},"query-input":{"@type":"PropertyValueSpecification","valueRequired":true,"valueName":"search_term_string"}}],"inLanguage":"hu"},{"@type":"Person","@id":"https:\/\/stuttgarti-katolikusok.de\/#\/schema\/person\/75908d6f8fdc03a57889d27209df7795","name":"Tibor atya","image":{"@type":"ImageObject","inLanguage":"hu","@id":"https:\/\/secure.gravatar.com\/avatar\/61d268e57d1f4525b111222e29d2d5a7f8c420fdbf231ba5566a8ceac74fa960?s=96&d=mm&r=g","url":"https:\/\/secure.gravatar.com\/avatar\/61d268e57d1f4525b111222e29d2d5a7f8c420fdbf231ba5566a8ceac74fa960?s=96&d=mm&r=g","contentUrl":"https:\/\/secure.gravatar.com\/avatar\/61d268e57d1f4525b111222e29d2d5a7f8c420fdbf231ba5566a8ceac74fa960?s=96&d=mm&r=g","caption":"Tibor atya"},"url":"https:\/\/stuttgarti-katolikusok.de\/index.php\/author\/tibor-atya\/"}]}},"_links":{"self":[{"href":"https:\/\/stuttgarti-katolikusok.de\/index.php\/wp-json\/wp\/v2\/posts\/30782","targetHints":{"allow":["GET"]}}],"collection":[{"href":"https:\/\/stuttgarti-katolikusok.de\/index.php\/wp-json\/wp\/v2\/posts"}],"about":[{"href":"https:\/\/stuttgarti-katolikusok.de\/index.php\/wp-json\/wp\/v2\/types\/post"}],"author":[{"embeddable":true,"href":"https:\/\/stuttgarti-katolikusok.de\/index.php\/wp-json\/wp\/v2\/users\/3"}],"replies":[{"embeddable":true,"href":"https:\/\/stuttgarti-katolikusok.de\/index.php\/wp-json\/wp\/v2\/comments?post=30782"}],"version-history":[{"count":1,"href":"https:\/\/stuttgarti-katolikusok.de\/index.php\/wp-json\/wp\/v2\/posts\/30782\/revisions"}],"predecessor-version":[{"id":30783,"href":"https:\/\/stuttgarti-katolikusok.de\/index.php\/wp-json\/wp\/v2\/posts\/30782\/revisions\/30783"}],"wp:featuredmedia":[{"embeddable":true,"href":"https:\/\/stuttgarti-katolikusok.de\/index.php\/wp-json\/wp\/v2\/media\/28567"}],"wp:attachment":[{"href":"https:\/\/stuttgarti-katolikusok.de\/index.php\/wp-json\/wp\/v2\/media?parent=30782"}],"wp:term":[{"taxonomy":"category","embeddable":true,"href":"https:\/\/stuttgarti-katolikusok.de\/index.php\/wp-json\/wp\/v2\/categories?post=30782"},{"taxonomy":"post_tag","embeddable":true,"href":"https:\/\/stuttgarti-katolikusok.de\/index.php\/wp-json\/wp\/v2\/tags?post=30782"}],"curies":[{"name":"wp","href":"https:\/\/api.w.org\/{rel}","templated":true}]}}