{"id":30726,"date":"2025-04-05T11:46:55","date_gmt":"2025-04-05T09:46:55","guid":{"rendered":"https:\/\/stuttgarti-katolikusok.de\/?p=30726"},"modified":"2025-04-05T11:46:55","modified_gmt":"2025-04-05T09:46:55","slug":"nagybojt-5-vasarnap","status":"publish","type":"post","link":"https:\/\/stuttgarti-katolikusok.de\/index.php\/nagybojt-5-vasarnap\/","title":{"rendered":"Nagyb\u00f6jt 5. vas\u00e1rnap"},"content":{"rendered":"<p><span style=\"color: #800080;\"><em>Nagyb\u00f6jt 5. vas\u00e1rnapja Krisztus ir\u00e1ntunk val\u00f3 szeretet\u00e9re h\u00edvja fel figyelm\u00fcnket. Ezt olvashatjuk m\u00e1r a szentmise els\u0151 k\u00f6ny\u00f6rg\u00e9s\u00e9ben is. Krisztus szeretete ekment a legv\u00e9gs\u0151kig, \u00e9let\u00e9t \u00e1ldozta fel \u00e9rt\u00fcnk.\u00a0<\/em><\/span><\/p>\n<p><span style=\"color: #800080;\"><em>Ennek a nagyb\u00f6jti vas\u00e1rnapnak alap\u00fczenete: &#8222;M\u00e1sok\u00e9rt \u00e9lni!&#8221;<\/em><\/span><\/p>\n<p><span style=\"color: #800080;\"><em>Az olvasm\u00e1nyban arr\u00f3l hallunk, hogy a pr\u00f3f\u00e9ta vigasztalja a v\u00e1lasztott n\u00e9pet: Isten mindig h\u0171 marad \u00edg\u00e9ret\u00e9hez, \u00e9s n\u00e9p\u00e9vel k\u00f6t\u00f6tt sz\u00f6vets\u00e9ghez. Kell\u0151 id\u0151ben hazavezeti, a n\u00e9p pedig \u00e9lvezni fogja Isten megannyi j\u00f3t\u00e9tem\u00e9ny\u00e9t.<\/em><\/span><\/p>\n<p><span style=\"color: #800080;\"><em>A v\u00e1laszos szolt\u00e1r is visszat\u00e9r\u0151 foh\u00e1sz\u00e1val a rem\u00e9nyt \u00e9lteti a v\u00e1lasztott n\u00e9pben: Hatalmas dolgot m\u0171velt az \u00dar v\u00e9l\u00fcnk, az\u00e9rt sz\u00edvb\u0151l ujjongunk.\u00a0<\/em><\/span><\/p>\n<p><span style=\"color: #800080;\"><em>Szent P\u00e1l apostola filippiekhey \u00edrt level\u00e9ben \u0151szint\u00e9n vall m\u00faltj\u00e1r\u00f3l, annak elk\u00f6vetett hib\u00e1ir\u00f3l. \u0150szinte szemben\u00e9z\u00e9s a m\u00falttal! Sz\u00e1munkra is ez\u00a0 a k\u00f6vetend\u0151 \u00fat. Csakis ez ad es\u00e9lyt a hitben t\u0151rt\u00e9n\u0151 meg\u00fajul\u00e1shoz. \u00c9ppen \u00fagy, mint P\u00e1l apostol eset\u00e9ben. Feladat: Hitben meg\u00faj\u00edtani egy\u00e9ni \u00e9letemet!<\/em><\/span><\/p>\n<p><span style=\"color: #800080;\"><em>Az evang\u00e9liumban szerepl\u0151 h\u00e1zass\u00e1gt\u00f6r\u00e9sen \u00e9rt asszony esete nagyszer\u0171en \u00e9rz\u00e9kelteti J\u00e9zus Krisztus megbocs\u00e1jt\u00f3 \u00e9s irgalmas szeretet\u00e9t. J\u00e9zus az irgalom hangj\u00e1n sz\u00f3l\u00edtja meg az asszonyt: &#8222;Menj, de t\u00f6bb\u00e9 ne v\u00e9tkezz\u00e9l!&#8221; \u00c9n magam is megtapasztalhatom J\u00e9zus megbocs\u00e1jt\u00f3 \u00e9s irgalmas szeretet\u00e9t, de ehhez nekem is b\u00e1tran szembe kell n\u00e9znem m\u00faltammal, annak elk\u00f6vetett hib\u00e1ival. Csakis \u00edgy k\u00edn\u00e1lok es\u00e9lyt magamnak a lelki b\u00e9ke elnyer\u00e9s\u00e9re \u00e9s az igaz b\u0171nb\u00e1natra.<\/em><\/span><\/p>\n<p><span style=\"color: #800080;\">Kezd\u0151\u00e9nek:<\/span><br \/>\nSzolg\u00e1ltass nekem igazs\u00e1got, Istenem, az istentelen n\u00e9ppel szemben v\u00e9delmezd \u00fcgyemet, ments meg a gonosz \u00e9s \u00e1lnok embert\u0151l, mert te vagy Istenem \u00e9s er\u0151ss\u00e9gem. (V\u00f6. Zsolt 42,1-2)<\/p>\n<p><span style=\"color: #800080;\">K\u00f6ny\u00f6rg\u00e9s:<\/span><br \/>\nUrunk, Isten\u00fcnk, seg\u00edts minket, hogy \u00e9letutunkat azzal az odaad\u00f3 szeretettel j\u00e1rjuk, amellyel Fiad szerette a vil\u00e1got, \u00e9s hal\u00e1lra adta \u00e9rt\u00fcnk \u00f6nmag\u00e1t. A mi Urunk, J\u00e9zus Krisztus, a te Fiad \u00e1ltal, aki veled \u00e9l \u00e9s uralkodik a Szentl\u00e9lekkel egys\u00e9gben, Isten mind\u00f6r\u00f6kk\u00f6n \u00f6r\u00f6kk\u00e9.<\/p>\n<p><span style=\"color: #800080;\">OLVASM\u00c1NY Izaj\u00e1s pr\u00f3f\u00e9ta k\u00f6nyv\u00e9b\u0151l (Iz 43,16-21)<\/span><br \/>\n<em>\u00daj dolgot visz v<\/em><em>\u00e9gbe az Isten: vizet fakaszt n<\/em><em>\u00e9p<\/em><em>\u00e9nek a pusztas<\/em><em>\u00e1gban, <\/em><em>\u00e9s megnyitja sz<\/em><em>\u00e1m<\/em><em>\u00e1ra a kegyelem forr<\/em><em>\u00e1s<\/em><em>\u00e1t.<\/em><br \/>\nEzt mondja az \u00dar: aki egykor utat k\u00e9sz\u00edtett a tengeren \u00e1t \u00e9s \u00f6sv\u00e9nyt a nagy vizekben, aki kivezette a harci szekereket \u00e9s lovakat, a hadsereget \u00e9s a h\u0151st: elbuktak \u00e9s nem keltek f\u00f6l t\u00f6bb\u00e9, odavesztek, \u00e9s kialudtak, mint a m\u00e9cses l\u00e1ngja:<br \/>\n\u201eMost m\u00e1r ne arra gondoljatok, ami r\u00e9gen t\u00f6rt\u00e9nt, \u00e9s ne a m\u00falt dolgaira figyeljetek! N\u00e9zz\u00e9tek: \u00e9n valami \u00fajat viszek v\u00e9gbe, \u00e9s m\u00e1r sarjad\u00f3ban is van, nem l\u00e1tj\u00e1tok? Val\u00f3ban, utat k\u00e9sz\u00edtek a puszt\u00e1ban, \u00e9s foly\u00f3kat a sivatagban.<br \/>\nDics\u0151\u00edteni fog a mez\u0151 minden vadja, a sak\u00e1lok \u00e9s a struccok, mert vizet fakasztok a puszt\u00e1ban \u00e9s foly\u00f3kat a sivatagban, hogy inni adjak n\u00e9pemnek, az \u00e9n kiv\u00e1lasztottamnak. A n\u00e9p, amelyet magamnak alkottam, hirdetni fogja dics\u0151s\u00e9gemet.\u201d<br \/>\nEz az Isten ig\u00e9je.<\/p>\n<p><span style=\"color: #800080;\">V\u00c1LASZOS ZSOLT\u00c1R (Zsolt 125,1-2ab.2cd-3.4-5.6)<\/span><br \/>\nV\u00e1lasz:\u00a0<strong>Hatalmas dolgot m<\/strong><strong>\u0171velt az <\/strong><strong>\u00dar v<\/strong><strong>\u00e9l<\/strong><strong>\u00fcnk, * az<\/strong><strong>\u00e9rt sz<\/strong><strong>\u00edvb<\/strong><strong>\u0151l ujjongunk.<\/strong>\u00a03. vers. (8. G t\u00f3nus)<br \/>\nEl\u0151\u00e9nekes: Mid\u0151n az \u00dar hazah\u00edvta Sionnak foglyait, * olyanok voltunk, mint akik \u00e1lmodnak.<br \/>\nMegtelt akkor \u00f6r\u00f6mmel az ajkunk, * \u00e9s a nyelv\u00fcnk ujjong\u00e1ssal.<br \/>\nH\u00edvek: Hatalmas dolgot m\u0171velt az \u00dar v\u00e9l\u00fcnk, * az\u00e9rt sz\u00edvb\u0151l ujjongunk.<br \/>\nE: Akkor \u00edgy besz\u00e9ltek a nemzetek: * \u201eAz \u00dar nagy dolgot m\u0171velt v\u00e9l\u00fck.\u201d<br \/>\nHatalmas dolgot m\u0171velt az \u00dar v\u00e9l\u00fcnk, * az\u00e9rt sz\u00edvb\u0151l ujjongunk.<br \/>\nH: Hatalmas dolgot m\u0171velt az \u00dar v\u00e9l\u00fcnk, * az\u00e9rt sz\u00edvb\u0151l ujjongunk.<br \/>\nE: Ford\u00edtsd, Uram, j\u00f3ra sorsunkat, * amint meg\u00e1rasztod d\u00e9len a foly\u00f3kat.<br \/>\nAkik k\u00f6nnyek k\u00f6z\u00f6tt vetnek, * majd ujjongva aratnak.<br \/>\nH: Hatalmas dolgot m\u0171velt az \u00dar v\u00e9l\u00fcnk, * az\u00e9rt sz\u00edvb\u0151l ujjongunk.<br \/>\nE: S\u00edrva viszik a magot, mikor vetni indulnak, * de ujjongva j\u00f6nnek, j\u00f6nnek \u00e9s hozz\u00e1k k\u00e9v\u00e9iket.<br \/>\nH: Hatalmas dolgot m\u0171velt az \u00dar v\u00e9l\u00fcnk, * az\u00e9rt sz\u00edvb\u0151l ujjongunk.<\/p>\n<p><span style=\"color: #800080;\">SZENTLECKE Szent P\u00e1l apostolnak a filippiekhez \u00edrt level\u00e9b\u0151l (Fil 3,8-14)<\/span><br \/>\n<em>Tekints<\/em><em>\u00fcnk Krisztus<\/em><em>\u00e9rt mindent <\/em><em>\u00e9rt<\/em><em>\u00e9ktelennek, <\/em><em>\u00e9s <\/em><em>\u00edgy hasonl<\/em><em>\u00f3ak lesz<\/em><em>\u00fcnk hozz<\/em><em>\u00e1 a hal<\/em><em>\u00e1lban.<\/em><br \/>\nTestv\u00e9reim!<br \/>\nKrisztus J\u00e9zusnak f\u00f6ns\u00e9ges ismeret\u00e9hez m\u00e9rten mindent h\u00e1tr\u00e1nynak tartok. \u00c9rte mindent elvetettem, s\u0151t szem\u00e9tnek tekintek, csakhogy Krisztust elnyerhessem \u00e9s hozz\u00e1 tartozzam. Hiszen nem a t\u00f6rv\u00e9ny \u00fatj\u00e1n v\u00e1ltam igazz\u00e1, hanem a J\u00e9zus Krisztusba vetett hit r\u00e9v\u00e9n. Isten ugyanis a hit \u00e1ltal tett igazz\u00e1, hogy megismerjem \u0151t \u00e9s felt\u00e1mad\u00e1s\u00e1nak erej\u00e9t, de a szenved\u00e9sben is v\u00e1llaljam vele a k\u00f6z\u00f6ss\u00e9get. \u00cdgy hasonl\u00f3 akarok lenni hozz\u00e1 hal\u00e1l\u00e1ban, hogy ez\u00e1ltal eljussak a hal\u00e1lb\u00f3l a felt\u00e1mad\u00e1sra is.<br \/>\nNem mintha m\u00e1r el\u00e9rtem volna, vagy m\u00e1r a c\u00e9lban lenn\u00e9k, de futok ut\u00e1na, hogy magamhoz ragadjam, ahogy Krisztus is megragadott engem.<br \/>\nTestv\u00e9reim, nem gondolom, hogy m\u00e1ris magamhoz ragadtam, de azt igen, hogy elfelejtem, ami m\u00f6g\u00f6ttem van, \u00e9s nekilend\u00fcl\u00f6k annak, ami el\u0151ttem van. Futok a kit\u0171z\u00f6tt c\u00e9l fel\u00e9, az \u00e9gi hivat\u00e1s jutalm\u00e1\u00e9rt, amelyre Isten megh\u00edvott Krisztusban.<br \/>\nEz az Isten ig\u00e9je.<\/p>\n<p><span style=\"color: #800080;\">EVANG\u00c9LIUM EL\u0150TTI VERS<\/span><br \/>\nTeljes sz\u00edvvel t\u00e9rjetek vissza hozz\u00e1m, mondja a mi Urunk Isten\u00fcnk, mert j\u00f3s\u00e1gos \u00e9s irgalmas vagyok tihozz\u00e1tok! Joel 2,12-13 \u2013 3a. t\u00f3nus.<\/p>\n<p><span style=\"color: #800080;\">\u2020 EVANG\u00c9LIUM Szent J\u00e1nos k\u00f6nyv\u00e9b\u0151l<\/span><br \/>\n<em>Az vesse r<\/em><em>\u00e1 az els<\/em><em>\u0151 k<\/em><em>\u00f6vet, aki b<\/em><em>\u0171ntelen k<\/em><em>\u00f6z<\/em><em>\u00fcletek!<\/em><br \/>\nAbban az id\u0151ben J\u00e9zus kiment az Olajf\u00e1k-hegy\u00e9re. Kora reggel \u00fajra megjelent a templomban. A n\u00e9p k\u00f6r\u00e9je sereglett, \u0151 pedig le\u00fclt, \u00e9s tan\u00edtotta \u0151ket.<br \/>\nAz \u00edr\u00e1stud\u00f3k \u00e9s a farizeusok egy h\u00e1zass\u00e1gt\u00f6r\u00e9sen \u00e9rt asszonyt vittek el\u00e9je. Oda\u00e1ll\u00edtott\u00e1k k\u00f6z\u00e9pre, \u00e9s \u00edgy sz\u00f3ltak hozz\u00e1: \u201eMester, ezt az asszonyt h\u00e1zass\u00e1gt\u00f6r\u00e9sen \u00e9rt\u00e9k. M\u00f3zes azt parancsolta a t\u00f6rv\u00e9nyben, hogy az ilyet meg kell k\u00f6vezni. H\u00e1t te mit mondasz?\u201d Ezt az\u00e9rt k\u00e9rdezt\u00e9k, hogy pr\u00f3b\u00e1ra tegy\u00e9k, \u00e9s v\u00e1dolhass\u00e1k.<br \/>\nJ\u00e9zus lehajolt, \u00e9s az ujj\u00e1val \u00edrni kezdett a f\u00f6ld\u00f6n. \u0150k azonban tov\u00e1bb faggatt\u00e1k. Erre f\u00f6legyenesedett, \u00e9s azt mondta nekik: \u201eAz vesse r\u00e1 az els\u0151 k\u00f6vet, aki k\u00f6z\u00fcletek b\u0171n n\u00e9lk\u00fcl van!\u201d Azt\u00e1n \u00fajra lehajolt, s tov\u00e1bb \u00edrt a f\u00f6ld\u00f6n. Azok meg ennek hallat\u00e1ra egym\u00e1s ut\u00e1n eloldalogtak, kezdve a v\u00e9neken, s csak J\u00e9zus maradt ott a k\u00f6z\u00e9pen \u00e1ll\u00f3 asszonnyal.<br \/>\nJ\u00e9zus f\u00f6legyenesedett \u00e9s megsz\u00f3l\u00edtotta: \u201eAsszony, hol vannak, akik v\u00e1doltak t\u00e9ged? Senki sem \u00edt\u00e9lt el?\u201d<br \/>\n\u201eSenki, Uram\u201d \u2013 felelte az asszony.<br \/>\nErre J\u00e9zus azt mondta neki: \u201e\u00c9n sem \u00edt\u00e9llek el. Menj, de t\u00f6bb\u00e9 ne v\u00e9tkezz\u00e9l!\u201d<br \/>\nEzek az evang\u00e9lium ig\u00e9i.<\/p>\n<p><span style=\"color: #800080;\">EGYETEMES K\u00d6NY\u00d6RG\u00c9SEK<\/span><br \/>\nPap: Testv\u00e9reim! J\u00e1ruljunk al\u00e1zatos sz\u00edvvel az isteni kegyelem tr\u00f3nusa el\u00e9, \u00e9s k\u00e9rj\u00fck mennyei Aty\u00e1nkat, hogy er\u0151s\u00edtsen meg minket gyenges\u00e9geinkben!<br \/>\nLektor: 1. Add, Urunk, hogy mindenki tartsa tiszteletben a h\u00e1zast\u00e1rsi h\u0171s\u00e9get, \u00e9s a csal\u00e1dok egys\u00e9g\u00e9nek meg\u0151rz\u00e9s\u00e9\u00e9rt legyen k\u00e9sz minden \u00e1ldozatra!<br \/>\nH\u00edvek: K\u00e9r\u00fcnk T\u00e9ged, hallgass meg minket!<br \/>\n2. Add, Urunk, hogy Egyh\u00e1zad p\u00e1sztorai nagy b\u00f6lcsess\u00e9ggel \u00e9s szel\u00edds\u00e9ggel gyakorolj\u00e1k lelki hatalmukat, amelyet Krisztus Urunkt\u00f3l kaptak!<br \/>\nH\u00edvek: K\u00e9r\u00fcnk T\u00e9ged, hallgass meg minket!<br \/>\n3. Add, hogy az \u00e1llami igazs\u00e1gszolg\u00e1ltat\u00e1s a rossz sz\u00e1nd\u00e9k\u00fa emberek elrettent\u00e9s\u00e9re \u00e9s a v\u00e9tkesek javul\u00e1s\u00e1ra szolg\u00e1ljon!<br \/>\nH\u00edvek: K\u00e9r\u00fcnk T\u00e9ged, hallgass meg minket!<br \/>\n4. Add, hogy \u00e9let\u00fcnk neh\u00e9z helyzeteiben is mindig megtal\u00e1ljuk a helyes megold\u00e1st!<br \/>\nH\u00edvek: K\u00e9r\u00fcnk T\u00e9ged, hallgass meg minket!<br \/>\n5. Add, hogy j\u00f3tetteinkkel sose hivalkodjunk, \u00e9s hib\u00e1inkat mindig k\u00e9szs\u00e9gesen beismerj\u00fck!<br \/>\nH\u00edvek: K\u00e9r\u00fcnk T\u00e9ged, hallgass meg minket!<br \/>\n6. Add, hogy b\u0171nbocs\u00e1t\u00f3 irgalmad ne k\u00f6nnyelm\u0171s\u00e9gre ind\u00edtson minket, hanem ir\u00e1ntad val\u00f3 szeretetre gyullassza sz\u00edv\u00fcnket!<br \/>\nH\u00edvek: K\u00e9r\u00fcnk T\u00e9ged, hallgass meg minket!<br \/>\nPap: Irgalmas Isten\u00fcnk! Alak\u00edtsd sz\u00edv\u00fcnket, hogy hat\u00e1rozottan elforduljunk a b\u0171nt\u0151l, de legy\u00fcnk meg\u00e9rt\u0151k a b\u0171n\u00f6s\u00f6k ir\u00e1nt szent Fiad szel\u00edds\u00e9g\u00e9t k\u00f6vetve. Aki \u00e9l \u00e9s uralkodik mind\u00f6r\u00f6kk\u00f6n \u00f6r\u00f6kk\u00e9.<br \/>\nH\u00edvek: \u00c1men.<\/p>\n<p><span style=\"color: #800080;\">Felaj\u00e1nl\u00f3 k\u00f6ny\u00f6rg\u00e9s:<\/span><br \/>\nHallgass meg minket, mindenhat\u00f3 Isten\u00fcnk, \u00e9s add, hogy h\u00edveidet tiszt\u00edtsa meg ennek az \u00e1ldozatnak az ereje, miut\u00e1n a kereszt\u00e9ny hit tan\u00edt\u00e1s\u00e1ban r\u00e9szes\u00fcltek. Krisztus, a mi Urunk \u00e1ltal.<\/p>\n<p><span style=\"color: #800080;\">Pref\u00e1ci\u00f3:<\/span><br \/>\nAz \u00dar legyen veletek.<br \/>\nH.: \u00c9s a te lelkeddel.<br \/>\nEmelj\u00fck f\u00f6l sz\u00edv\u00fcnket.<br \/>\nH.: F\u00f6lemelt\u00fck az \u00darhoz.<br \/>\nAdjunk h\u00e1l\u00e1t Urunknak, Isten\u00fcnknek,<br \/>\nH.: M\u00e9lt\u00f3 \u00e9s igazs\u00e1gos.<br \/>\n(Mert) Val\u00f3ban m\u00e9lt\u00f3 \u00e9s igazs\u00e1gos, ill\u0151 \u00e9s \u00fcdv\u00f6s, hogy mindig \u00e9s minden\u00fctt h\u00e1l\u00e1t adjunk n\u00e9ked, \u2013 mi Urunk, szents\u00e9ges aty\u00e1nk, mindenhat\u00f3, \u00f6r\u00f6k Isten:<br \/>\nTe gyermekeid lelki tisztul\u00e1s\u00e1ra \u00fcdv\u00f6s id\u0151t rendelt\u00e9l, hogy szabadd\u00e1 v\u00e1ljanak minden b\u0171n\u00f6s v\u00e1gyt\u00f3l, \u2013 \u00e9s \u00fagy haszn\u00e1lj\u00e1k a muland\u00f3 javakat, hogy t\u00f6bbre tarts\u00e1k az \u00f6r\u00f6k \u00e9let kincseit.<br \/>\nMost ez\u00e9rt a szentekkel \u00e9s minden angyallal egy\u00fctt \u2013 dics\u0151\u00edt\u00fcnk t\u00e9ged \u00e9s v\u00e9g n\u00e9lk\u00fcl mondjuk: (zengj\u00fck:)<\/p>\n<p><span style=\"color: #800080;\">\u00c1ldoz\u00e1si \u00e9nek:<\/span><br \/>\n<em>Ha az evang<\/em><em>\u00e9lium a h<\/em><em>\u00e1zass<\/em><em>\u00e1gt<\/em><em>\u00f6r<\/em><em>\u00f6 asszonyr<\/em><em>\u00f3l sz<\/em><em>\u00f3lt<\/em><br \/>\n\u2013 Asszony, senki sem \u00edt\u00e9lt el t\u00e9ged? \u2013 Senki sem, Uram. \u2013 \u00c9n sem \u00edt\u00e9llek el: menj, t\u00f6bb\u00e9 m\u00e1r ne v\u00e9tkezz\u00e9l! (Jn 8,10-11)<\/p>\n<p><span style=\"color: #800080;\">\u00c1ldoz\u00e1s ut\u00e1ni k\u00f6ny\u00f6rg\u00e9s:<\/span><br \/>\nK\u00e9r\u00fcnk, mindenhat\u00f3 Isten\u00fcnk, add, hogy mindig \u00e9l\u0151 tagjai maradjunk szent Fiadnak, akinek test\u00e9t \u00e9s v\u00e9r\u00e9t magunkhoz vett\u00fck. Aki \u00e9l \u00e9s uralkodik mind\u00f6r\u00f6kk\u00f6n \u00f6r\u00f6kk\u00e9.<\/p>\n<p><span style=\"color: #800080;\">K\u00f6ny\u00f6rg\u00e9s a n\u00e9p\u00e9rt:<\/span><br \/>\n\u00c1ldd meg, Urunk, Isten\u00fcnk irgalmass\u00e1god aj\u00e1nd\u00e9k\u00e1t v\u00e1r\u00f3 n\u00e9pedet. Add meg, hogy amit \u00f6szt\u00f6nz\u00e9sedre k\u00edv\u00e1n, b\u0151kez\u0171s\u00e9gedb\u0151l meg is kapja. Krisztus, a mi Urunk \u00e1ltal.<\/p>\n<p><em>(K\u00e9p forr\u00e1sa: Pixabay)<\/em><\/p>\n","protected":false},"excerpt":{"rendered":"<p>Nagyb\u00f6jt 5. vas\u00e1rnapja Krisztus ir\u00e1ntunk val\u00f3 szeretet\u00e9re h\u00edvja fel figyelm\u00fcnket. Ezt olvashatjuk m\u00e1r a szentmise els\u0151 k\u00f6ny\u00f6rg\u00e9s\u00e9ben is. Krisztus szeretete ekment a legv\u00e9gs\u0151kig, \u00e9let\u00e9t \u00e1ldozta fel \u00e9rt\u00fcnk.\u00a0 Ennek a nagyb\u00f6jti vas\u00e1rnapnak alap\u00fczenete: &#8222;M\u00e1sok\u00e9rt \u00e9lni!&#8221; Az olvasm\u00e1nyban arr\u00f3l hallunk, hogy a pr\u00f3f\u00e9ta vigasztalja a v\u00e1lasztott n\u00e9pet: Isten mindig h\u0171 marad \u00edg\u00e9ret\u00e9hez, \u00e9s n\u00e9p\u00e9vel k\u00f6t\u00f6tt sz\u00f6vets\u00e9ghez. Kell\u0151 id\u0151ben hazavezeti, a n\u00e9p pedig \u00e9lvezni fogja Isten megannyi j\u00f3t\u00e9tem\u00e9ny\u00e9t. A v\u00e1laszos szolt\u00e1r is visszat\u00e9r\u0151 foh\u00e1sz\u00e1val a rem\u00e9nyt \u00e9lteti a v\u00e1lasztott n\u00e9pben: Hatalmas dolgot m\u0171velt az \u00dar v\u00e9l\u00fcnk, az\u00e9rt sz\u00edvb\u0151l ujjongunk.\u00a0 Szent P\u00e1l apostola filippiekhey \u00edrt level\u00e9ben \u0151szint\u00e9n vall m\u00faltj\u00e1r\u00f3l, annak elk\u00f6vetett hib\u00e1ir\u00f3l. \u0150szinte szemben\u00e9z\u00e9s a m\u00falttal! Sz\u00e1munkra is ez\u00a0 a k\u00f6vetend\u0151 \u00fat. Csakis ez ad es\u00e9lyt a hitben t\u0151rt\u00e9n\u0151 meg\u00fajul\u00e1shoz. \u00c9ppen \u00fagy, mint P\u00e1l apostol eset\u00e9ben. Feladat: Hitben meg\u00faj\u00edtani egy\u00e9ni \u00e9letemet! Az evang\u00e9liumban szerepl\u0151 h\u00e1zass\u00e1gt\u00f6r\u00e9sen \u00e9rt asszony esete nagyszer\u0171en \u00e9rz\u00e9kelteti J\u00e9zus Krisztus megbocs\u00e1jt\u00f3 \u00e9s irgalmas szeretet\u00e9t. J\u00e9zus az irgalom hangj\u00e1n sz\u00f3l\u00edtja meg az asszonyt: &#8222;Menj, de t\u00f6bb\u00e9 ne v\u00e9tkezz\u00e9l!&#8221; \u00c9n magam is megtapasztalhatom J\u00e9zus megbocs\u00e1jt\u00f3 \u00e9s irgalmas szeretet\u00e9t, de ehhez nekem is b\u00e1tran szembe kell n\u00e9znem m\u00faltammal, annak elk\u00f6vetett hib\u00e1ival. Csakis \u00edgy k\u00edn\u00e1lok es\u00e9lyt magamnak a lelki b\u00e9ke elnyer\u00e9s\u00e9re \u00e9s az igaz b\u0171nb\u00e1natra. Kezd\u0151\u00e9nek: Szolg\u00e1ltass nekem igazs\u00e1got, Istenem, az istentelen n\u00e9ppel szemben v\u00e9delmezd \u00fcgyemet, ments meg a gonosz \u00e9s \u00e1lnok embert\u0151l, mert te vagy Istenem \u00e9s er\u0151ss\u00e9gem. (V\u00f6. Zsolt 42,1-2) K\u00f6ny\u00f6rg\u00e9s: Urunk, Isten\u00fcnk, seg\u00edts minket, hogy \u00e9letutunkat azzal az odaad\u00f3 szeretettel j\u00e1rjuk, amellyel Fiad szerette a vil\u00e1got, \u00e9s hal\u00e1lra adta \u00e9rt\u00fcnk \u00f6nmag\u00e1t. A mi Urunk, J\u00e9zus Krisztus, a te Fiad \u00e1ltal, aki veled \u00e9l \u00e9s uralkodik a Szentl\u00e9lekkel egys\u00e9gben, Isten mind\u00f6r\u00f6kk\u00f6n \u00f6r\u00f6kk\u00e9. OLVASM\u00c1NY Izaj\u00e1s pr\u00f3f\u00e9ta k\u00f6nyv\u00e9b\u0151l (Iz 43,16-21) \u00daj dolgot visz v\u00e9gbe az Isten: vizet fakaszt n\u00e9p\u00e9nek a pusztas\u00e1gban, \u00e9s megnyitja sz\u00e1m\u00e1ra a kegyelem forr\u00e1s\u00e1t. Ezt mondja az \u00dar: aki egykor utat k\u00e9sz\u00edtett a tengeren \u00e1t \u00e9s \u00f6sv\u00e9nyt a nagy vizekben, aki kivezette a&#8230; <\/p>\n<p><a class=\"readmore\" href=\"https:\/\/stuttgarti-katolikusok.de\/index.php\/nagybojt-5-vasarnap\/\">R\u00e9szletek<\/a><\/p>\n","protected":false},"author":3,"featured_media":23016,"comment_status":"closed","ping_status":"closed","sticky":false,"template":"","format":"standard","meta":{"footnotes":""},"categories":[85,63],"tags":[],"class_list":["post-30726","post","type-post","status-publish","format-standard","has-post-thumbnail","hentry","category-a-liturgia-olvasmanyai","category-vasarnapi-gondolatok"],"yoast_head":"<!-- This site is optimized with the Yoast SEO plugin v27.3 - https:\/\/yoast.com\/product\/yoast-seo-wordpress\/ -->\n<title>Nagyb\u00f6jt 5. vas\u00e1rnap - Stuttgarti Katolikusok<\/title>\n<meta name=\"robots\" content=\"index, follow, max-snippet:-1, max-image-preview:large, max-video-preview:-1\" \/>\n<link rel=\"canonical\" href=\"https:\/\/stuttgarti-katolikusok.de\/index.php\/nagybojt-5-vasarnap\/\" \/>\n<meta property=\"og:locale\" content=\"hu_HU\" \/>\n<meta property=\"og:type\" content=\"article\" \/>\n<meta property=\"og:title\" content=\"Nagyb\u00f6jt 5. vas\u00e1rnap - Stuttgarti Katolikusok\" \/>\n<meta property=\"og:description\" content=\"Nagyb\u00f6jt 5. vas\u00e1rnapja Krisztus ir\u00e1ntunk val\u00f3 szeretet\u00e9re h\u00edvja fel figyelm\u00fcnket. Ezt olvashatjuk m\u00e1r a szentmise els\u0151 k\u00f6ny\u00f6rg\u00e9s\u00e9ben is. Krisztus szeretete ekment a legv\u00e9gs\u0151kig, \u00e9let\u00e9t \u00e1ldozta fel \u00e9rt\u00fcnk.\u00a0 Ennek a nagyb\u00f6jti vas\u00e1rnapnak alap\u00fczenete: &#8222;M\u00e1sok\u00e9rt \u00e9lni!&#8221; Az olvasm\u00e1nyban arr\u00f3l hallunk, hogy a pr\u00f3f\u00e9ta vigasztalja a v\u00e1lasztott n\u00e9pet: Isten mindig h\u0171 marad \u00edg\u00e9ret\u00e9hez, \u00e9s n\u00e9p\u00e9vel k\u00f6t\u00f6tt sz\u00f6vets\u00e9ghez. Kell\u0151 id\u0151ben hazavezeti, a n\u00e9p pedig \u00e9lvezni fogja Isten megannyi j\u00f3t\u00e9tem\u00e9ny\u00e9t. A v\u00e1laszos szolt\u00e1r is visszat\u00e9r\u0151 foh\u00e1sz\u00e1val a rem\u00e9nyt \u00e9lteti a v\u00e1lasztott n\u00e9pben: Hatalmas dolgot m\u0171velt az \u00dar v\u00e9l\u00fcnk, az\u00e9rt sz\u00edvb\u0151l ujjongunk.\u00a0 Szent P\u00e1l apostola filippiekhey \u00edrt level\u00e9ben \u0151szint\u00e9n vall m\u00faltj\u00e1r\u00f3l, annak elk\u00f6vetett hib\u00e1ir\u00f3l. \u0150szinte szemben\u00e9z\u00e9s a m\u00falttal! Sz\u00e1munkra is ez\u00a0 a k\u00f6vetend\u0151 \u00fat. Csakis ez ad es\u00e9lyt a hitben t\u0151rt\u00e9n\u0151 meg\u00fajul\u00e1shoz. \u00c9ppen \u00fagy, mint P\u00e1l apostol eset\u00e9ben. Feladat: Hitben meg\u00faj\u00edtani egy\u00e9ni \u00e9letemet! Az evang\u00e9liumban szerepl\u0151 h\u00e1zass\u00e1gt\u00f6r\u00e9sen \u00e9rt asszony esete nagyszer\u0171en \u00e9rz\u00e9kelteti J\u00e9zus Krisztus megbocs\u00e1jt\u00f3 \u00e9s irgalmas szeretet\u00e9t. J\u00e9zus az irgalom hangj\u00e1n sz\u00f3l\u00edtja meg az asszonyt: &#8222;Menj, de t\u00f6bb\u00e9 ne v\u00e9tkezz\u00e9l!&#8221; \u00c9n magam is megtapasztalhatom J\u00e9zus megbocs\u00e1jt\u00f3 \u00e9s irgalmas szeretet\u00e9t, de ehhez nekem is b\u00e1tran szembe kell n\u00e9znem m\u00faltammal, annak elk\u00f6vetett hib\u00e1ival. Csakis \u00edgy k\u00edn\u00e1lok es\u00e9lyt magamnak a lelki b\u00e9ke elnyer\u00e9s\u00e9re \u00e9s az igaz b\u0171nb\u00e1natra. Kezd\u0151\u00e9nek: Szolg\u00e1ltass nekem igazs\u00e1got, Istenem, az istentelen n\u00e9ppel szemben v\u00e9delmezd \u00fcgyemet, ments meg a gonosz \u00e9s \u00e1lnok embert\u0151l, mert te vagy Istenem \u00e9s er\u0151ss\u00e9gem. (V\u00f6. Zsolt 42,1-2) K\u00f6ny\u00f6rg\u00e9s: Urunk, Isten\u00fcnk, seg\u00edts minket, hogy \u00e9letutunkat azzal az odaad\u00f3 szeretettel j\u00e1rjuk, amellyel Fiad szerette a vil\u00e1got, \u00e9s hal\u00e1lra adta \u00e9rt\u00fcnk \u00f6nmag\u00e1t. A mi Urunk, J\u00e9zus Krisztus, a te Fiad \u00e1ltal, aki veled \u00e9l \u00e9s uralkodik a Szentl\u00e9lekkel egys\u00e9gben, Isten mind\u00f6r\u00f6kk\u00f6n \u00f6r\u00f6kk\u00e9. OLVASM\u00c1NY Izaj\u00e1s pr\u00f3f\u00e9ta k\u00f6nyv\u00e9b\u0151l (Iz 43,16-21) \u00daj dolgot visz v\u00e9gbe az Isten: vizet fakaszt n\u00e9p\u00e9nek a pusztas\u00e1gban, \u00e9s megnyitja sz\u00e1m\u00e1ra a kegyelem forr\u00e1s\u00e1t. Ezt mondja az \u00dar: aki egykor utat k\u00e9sz\u00edtett a tengeren \u00e1t \u00e9s \u00f6sv\u00e9nyt a nagy vizekben, aki kivezette a... R\u00e9szletek\" \/>\n<meta property=\"og:url\" content=\"https:\/\/stuttgarti-katolikusok.de\/index.php\/nagybojt-5-vasarnap\/\" \/>\n<meta property=\"og:site_name\" content=\"Stuttgarti Katolikusok\" \/>\n<meta property=\"article:published_time\" content=\"2025-04-05T09:46:55+00:00\" \/>\n<meta property=\"og:image\" content=\"https:\/\/stuttgarti-katolikusok.de\/wp-content\/uploads\/2022\/03\/hands-g8503f80c0-1280.jpg\" \/>\n\t<meta property=\"og:image:width\" content=\"1280\" \/>\n\t<meta property=\"og:image:height\" content=\"671\" \/>\n\t<meta property=\"og:image:type\" content=\"image\/jpeg\" \/>\n<meta name=\"author\" content=\"Tibor atya\" \/>\n<meta name=\"twitter:card\" content=\"summary_large_image\" \/>\n<meta name=\"twitter:label1\" content=\"Szerz\u0151:\" \/>\n\t<meta name=\"twitter:data1\" content=\"Tibor atya\" \/>\n\t<meta name=\"twitter:label2\" content=\"Becs\u00fclt olvas\u00e1si id\u0151\" \/>\n\t<meta name=\"twitter:data2\" content=\"8 perc\" \/>\n<script type=\"application\/ld+json\" class=\"yoast-schema-graph\">{\"@context\":\"https:\\\/\\\/schema.org\",\"@graph\":[{\"@type\":\"Article\",\"@id\":\"https:\\\/\\\/stuttgarti-katolikusok.de\\\/index.php\\\/nagybojt-5-vasarnap\\\/#article\",\"isPartOf\":{\"@id\":\"https:\\\/\\\/stuttgarti-katolikusok.de\\\/index.php\\\/nagybojt-5-vasarnap\\\/\"},\"author\":{\"name\":\"Tibor atya\",\"@id\":\"https:\\\/\\\/stuttgarti-katolikusok.de\\\/#\\\/schema\\\/person\\\/75908d6f8fdc03a57889d27209df7795\"},\"headline\":\"Nagyb\u00f6jt 5. vas\u00e1rnap\",\"datePublished\":\"2025-04-05T09:46:55+00:00\",\"mainEntityOfPage\":{\"@id\":\"https:\\\/\\\/stuttgarti-katolikusok.de\\\/index.php\\\/nagybojt-5-vasarnap\\\/\"},\"wordCount\":1885,\"image\":{\"@id\":\"https:\\\/\\\/stuttgarti-katolikusok.de\\\/index.php\\\/nagybojt-5-vasarnap\\\/#primaryimage\"},\"thumbnailUrl\":\"https:\\\/\\\/stuttgarti-katolikusok.de\\\/wp-content\\\/uploads\\\/2022\\\/03\\\/hands-g8503f80c0-1280.jpg\",\"articleSection\":[\"A liturgia olvasm\u00e1nyai\",\"Vas\u00e1rnapi gondolatok\"],\"inLanguage\":\"hu\"},{\"@type\":\"WebPage\",\"@id\":\"https:\\\/\\\/stuttgarti-katolikusok.de\\\/index.php\\\/nagybojt-5-vasarnap\\\/\",\"url\":\"https:\\\/\\\/stuttgarti-katolikusok.de\\\/index.php\\\/nagybojt-5-vasarnap\\\/\",\"name\":\"Nagyb\u00f6jt 5. vas\u00e1rnap - Stuttgarti Katolikusok\",\"isPartOf\":{\"@id\":\"https:\\\/\\\/stuttgarti-katolikusok.de\\\/#website\"},\"primaryImageOfPage\":{\"@id\":\"https:\\\/\\\/stuttgarti-katolikusok.de\\\/index.php\\\/nagybojt-5-vasarnap\\\/#primaryimage\"},\"image\":{\"@id\":\"https:\\\/\\\/stuttgarti-katolikusok.de\\\/index.php\\\/nagybojt-5-vasarnap\\\/#primaryimage\"},\"thumbnailUrl\":\"https:\\\/\\\/stuttgarti-katolikusok.de\\\/wp-content\\\/uploads\\\/2022\\\/03\\\/hands-g8503f80c0-1280.jpg\",\"datePublished\":\"2025-04-05T09:46:55+00:00\",\"author\":{\"@id\":\"https:\\\/\\\/stuttgarti-katolikusok.de\\\/#\\\/schema\\\/person\\\/75908d6f8fdc03a57889d27209df7795\"},\"breadcrumb\":{\"@id\":\"https:\\\/\\\/stuttgarti-katolikusok.de\\\/index.php\\\/nagybojt-5-vasarnap\\\/#breadcrumb\"},\"inLanguage\":\"hu\",\"potentialAction\":[{\"@type\":\"ReadAction\",\"target\":[\"https:\\\/\\\/stuttgarti-katolikusok.de\\\/index.php\\\/nagybojt-5-vasarnap\\\/\"]}]},{\"@type\":\"ImageObject\",\"inLanguage\":\"hu\",\"@id\":\"https:\\\/\\\/stuttgarti-katolikusok.de\\\/index.php\\\/nagybojt-5-vasarnap\\\/#primaryimage\",\"url\":\"https:\\\/\\\/stuttgarti-katolikusok.de\\\/wp-content\\\/uploads\\\/2022\\\/03\\\/hands-g8503f80c0-1280.jpg\",\"contentUrl\":\"https:\\\/\\\/stuttgarti-katolikusok.de\\\/wp-content\\\/uploads\\\/2022\\\/03\\\/hands-g8503f80c0-1280.jpg\",\"width\":1280,\"height\":671},{\"@type\":\"BreadcrumbList\",\"@id\":\"https:\\\/\\\/stuttgarti-katolikusok.de\\\/index.php\\\/nagybojt-5-vasarnap\\\/#breadcrumb\",\"itemListElement\":[{\"@type\":\"ListItem\",\"position\":1,\"name\":\"Kezd\u0151lap\",\"item\":\"https:\\\/\\\/stuttgarti-katolikusok.de\\\/\"},{\"@type\":\"ListItem\",\"position\":2,\"name\":\"Nagyb\u00f6jt 5. vas\u00e1rnap\"}]},{\"@type\":\"WebSite\",\"@id\":\"https:\\\/\\\/stuttgarti-katolikusok.de\\\/#website\",\"url\":\"https:\\\/\\\/stuttgarti-katolikusok.de\\\/\",\"name\":\"Stuttgarti Katolikusok\",\"description\":\"\",\"potentialAction\":[{\"@type\":\"SearchAction\",\"target\":{\"@type\":\"EntryPoint\",\"urlTemplate\":\"https:\\\/\\\/stuttgarti-katolikusok.de\\\/?s={search_term_string}\"},\"query-input\":{\"@type\":\"PropertyValueSpecification\",\"valueRequired\":true,\"valueName\":\"search_term_string\"}}],\"inLanguage\":\"hu\"},{\"@type\":\"Person\",\"@id\":\"https:\\\/\\\/stuttgarti-katolikusok.de\\\/#\\\/schema\\\/person\\\/75908d6f8fdc03a57889d27209df7795\",\"name\":\"Tibor atya\",\"image\":{\"@type\":\"ImageObject\",\"inLanguage\":\"hu\",\"@id\":\"https:\\\/\\\/secure.gravatar.com\\\/avatar\\\/61d268e57d1f4525b111222e29d2d5a7f8c420fdbf231ba5566a8ceac74fa960?s=96&d=mm&r=g\",\"url\":\"https:\\\/\\\/secure.gravatar.com\\\/avatar\\\/61d268e57d1f4525b111222e29d2d5a7f8c420fdbf231ba5566a8ceac74fa960?s=96&d=mm&r=g\",\"contentUrl\":\"https:\\\/\\\/secure.gravatar.com\\\/avatar\\\/61d268e57d1f4525b111222e29d2d5a7f8c420fdbf231ba5566a8ceac74fa960?s=96&d=mm&r=g\",\"caption\":\"Tibor atya\"},\"url\":\"https:\\\/\\\/stuttgarti-katolikusok.de\\\/index.php\\\/author\\\/tibor-atya\\\/\"}]}<\/script>\n<!-- \/ Yoast SEO plugin. -->","yoast_head_json":{"title":"Nagyb\u00f6jt 5. vas\u00e1rnap - Stuttgarti Katolikusok","robots":{"index":"index","follow":"follow","max-snippet":"max-snippet:-1","max-image-preview":"max-image-preview:large","max-video-preview":"max-video-preview:-1"},"canonical":"https:\/\/stuttgarti-katolikusok.de\/index.php\/nagybojt-5-vasarnap\/","og_locale":"hu_HU","og_type":"article","og_title":"Nagyb\u00f6jt 5. vas\u00e1rnap - Stuttgarti Katolikusok","og_description":"Nagyb\u00f6jt 5. vas\u00e1rnapja Krisztus ir\u00e1ntunk val\u00f3 szeretet\u00e9re h\u00edvja fel figyelm\u00fcnket. Ezt olvashatjuk m\u00e1r a szentmise els\u0151 k\u00f6ny\u00f6rg\u00e9s\u00e9ben is. Krisztus szeretete ekment a legv\u00e9gs\u0151kig, \u00e9let\u00e9t \u00e1ldozta fel \u00e9rt\u00fcnk.\u00a0 Ennek a nagyb\u00f6jti vas\u00e1rnapnak alap\u00fczenete: &#8222;M\u00e1sok\u00e9rt \u00e9lni!&#8221; Az olvasm\u00e1nyban arr\u00f3l hallunk, hogy a pr\u00f3f\u00e9ta vigasztalja a v\u00e1lasztott n\u00e9pet: Isten mindig h\u0171 marad \u00edg\u00e9ret\u00e9hez, \u00e9s n\u00e9p\u00e9vel k\u00f6t\u00f6tt sz\u00f6vets\u00e9ghez. Kell\u0151 id\u0151ben hazavezeti, a n\u00e9p pedig \u00e9lvezni fogja Isten megannyi j\u00f3t\u00e9tem\u00e9ny\u00e9t. A v\u00e1laszos szolt\u00e1r is visszat\u00e9r\u0151 foh\u00e1sz\u00e1val a rem\u00e9nyt \u00e9lteti a v\u00e1lasztott n\u00e9pben: Hatalmas dolgot m\u0171velt az \u00dar v\u00e9l\u00fcnk, az\u00e9rt sz\u00edvb\u0151l ujjongunk.\u00a0 Szent P\u00e1l apostola filippiekhey \u00edrt level\u00e9ben \u0151szint\u00e9n vall m\u00faltj\u00e1r\u00f3l, annak elk\u00f6vetett hib\u00e1ir\u00f3l. \u0150szinte szemben\u00e9z\u00e9s a m\u00falttal! Sz\u00e1munkra is ez\u00a0 a k\u00f6vetend\u0151 \u00fat. Csakis ez ad es\u00e9lyt a hitben t\u0151rt\u00e9n\u0151 meg\u00fajul\u00e1shoz. \u00c9ppen \u00fagy, mint P\u00e1l apostol eset\u00e9ben. Feladat: Hitben meg\u00faj\u00edtani egy\u00e9ni \u00e9letemet! Az evang\u00e9liumban szerepl\u0151 h\u00e1zass\u00e1gt\u00f6r\u00e9sen \u00e9rt asszony esete nagyszer\u0171en \u00e9rz\u00e9kelteti J\u00e9zus Krisztus megbocs\u00e1jt\u00f3 \u00e9s irgalmas szeretet\u00e9t. J\u00e9zus az irgalom hangj\u00e1n sz\u00f3l\u00edtja meg az asszonyt: &#8222;Menj, de t\u00f6bb\u00e9 ne v\u00e9tkezz\u00e9l!&#8221; \u00c9n magam is megtapasztalhatom J\u00e9zus megbocs\u00e1jt\u00f3 \u00e9s irgalmas szeretet\u00e9t, de ehhez nekem is b\u00e1tran szembe kell n\u00e9znem m\u00faltammal, annak elk\u00f6vetett hib\u00e1ival. Csakis \u00edgy k\u00edn\u00e1lok es\u00e9lyt magamnak a lelki b\u00e9ke elnyer\u00e9s\u00e9re \u00e9s az igaz b\u0171nb\u00e1natra. Kezd\u0151\u00e9nek: Szolg\u00e1ltass nekem igazs\u00e1got, Istenem, az istentelen n\u00e9ppel szemben v\u00e9delmezd \u00fcgyemet, ments meg a gonosz \u00e9s \u00e1lnok embert\u0151l, mert te vagy Istenem \u00e9s er\u0151ss\u00e9gem. (V\u00f6. Zsolt 42,1-2) K\u00f6ny\u00f6rg\u00e9s: Urunk, Isten\u00fcnk, seg\u00edts minket, hogy \u00e9letutunkat azzal az odaad\u00f3 szeretettel j\u00e1rjuk, amellyel Fiad szerette a vil\u00e1got, \u00e9s hal\u00e1lra adta \u00e9rt\u00fcnk \u00f6nmag\u00e1t. A mi Urunk, J\u00e9zus Krisztus, a te Fiad \u00e1ltal, aki veled \u00e9l \u00e9s uralkodik a Szentl\u00e9lekkel egys\u00e9gben, Isten mind\u00f6r\u00f6kk\u00f6n \u00f6r\u00f6kk\u00e9. OLVASM\u00c1NY Izaj\u00e1s pr\u00f3f\u00e9ta k\u00f6nyv\u00e9b\u0151l (Iz 43,16-21) \u00daj dolgot visz v\u00e9gbe az Isten: vizet fakaszt n\u00e9p\u00e9nek a pusztas\u00e1gban, \u00e9s megnyitja sz\u00e1m\u00e1ra a kegyelem forr\u00e1s\u00e1t. Ezt mondja az \u00dar: aki egykor utat k\u00e9sz\u00edtett a tengeren \u00e1t \u00e9s \u00f6sv\u00e9nyt a nagy vizekben, aki kivezette a... R\u00e9szletek","og_url":"https:\/\/stuttgarti-katolikusok.de\/index.php\/nagybojt-5-vasarnap\/","og_site_name":"Stuttgarti Katolikusok","article_published_time":"2025-04-05T09:46:55+00:00","og_image":[{"width":1280,"height":671,"url":"https:\/\/stuttgarti-katolikusok.de\/wp-content\/uploads\/2022\/03\/hands-g8503f80c0-1280.jpg","type":"image\/jpeg"}],"author":"Tibor atya","twitter_card":"summary_large_image","twitter_misc":{"Szerz\u0151:":"Tibor atya","Becs\u00fclt olvas\u00e1si id\u0151":"8 perc"},"schema":{"@context":"https:\/\/schema.org","@graph":[{"@type":"Article","@id":"https:\/\/stuttgarti-katolikusok.de\/index.php\/nagybojt-5-vasarnap\/#article","isPartOf":{"@id":"https:\/\/stuttgarti-katolikusok.de\/index.php\/nagybojt-5-vasarnap\/"},"author":{"name":"Tibor atya","@id":"https:\/\/stuttgarti-katolikusok.de\/#\/schema\/person\/75908d6f8fdc03a57889d27209df7795"},"headline":"Nagyb\u00f6jt 5. vas\u00e1rnap","datePublished":"2025-04-05T09:46:55+00:00","mainEntityOfPage":{"@id":"https:\/\/stuttgarti-katolikusok.de\/index.php\/nagybojt-5-vasarnap\/"},"wordCount":1885,"image":{"@id":"https:\/\/stuttgarti-katolikusok.de\/index.php\/nagybojt-5-vasarnap\/#primaryimage"},"thumbnailUrl":"https:\/\/stuttgarti-katolikusok.de\/wp-content\/uploads\/2022\/03\/hands-g8503f80c0-1280.jpg","articleSection":["A liturgia olvasm\u00e1nyai","Vas\u00e1rnapi gondolatok"],"inLanguage":"hu"},{"@type":"WebPage","@id":"https:\/\/stuttgarti-katolikusok.de\/index.php\/nagybojt-5-vasarnap\/","url":"https:\/\/stuttgarti-katolikusok.de\/index.php\/nagybojt-5-vasarnap\/","name":"Nagyb\u00f6jt 5. vas\u00e1rnap - Stuttgarti Katolikusok","isPartOf":{"@id":"https:\/\/stuttgarti-katolikusok.de\/#website"},"primaryImageOfPage":{"@id":"https:\/\/stuttgarti-katolikusok.de\/index.php\/nagybojt-5-vasarnap\/#primaryimage"},"image":{"@id":"https:\/\/stuttgarti-katolikusok.de\/index.php\/nagybojt-5-vasarnap\/#primaryimage"},"thumbnailUrl":"https:\/\/stuttgarti-katolikusok.de\/wp-content\/uploads\/2022\/03\/hands-g8503f80c0-1280.jpg","datePublished":"2025-04-05T09:46:55+00:00","author":{"@id":"https:\/\/stuttgarti-katolikusok.de\/#\/schema\/person\/75908d6f8fdc03a57889d27209df7795"},"breadcrumb":{"@id":"https:\/\/stuttgarti-katolikusok.de\/index.php\/nagybojt-5-vasarnap\/#breadcrumb"},"inLanguage":"hu","potentialAction":[{"@type":"ReadAction","target":["https:\/\/stuttgarti-katolikusok.de\/index.php\/nagybojt-5-vasarnap\/"]}]},{"@type":"ImageObject","inLanguage":"hu","@id":"https:\/\/stuttgarti-katolikusok.de\/index.php\/nagybojt-5-vasarnap\/#primaryimage","url":"https:\/\/stuttgarti-katolikusok.de\/wp-content\/uploads\/2022\/03\/hands-g8503f80c0-1280.jpg","contentUrl":"https:\/\/stuttgarti-katolikusok.de\/wp-content\/uploads\/2022\/03\/hands-g8503f80c0-1280.jpg","width":1280,"height":671},{"@type":"BreadcrumbList","@id":"https:\/\/stuttgarti-katolikusok.de\/index.php\/nagybojt-5-vasarnap\/#breadcrumb","itemListElement":[{"@type":"ListItem","position":1,"name":"Kezd\u0151lap","item":"https:\/\/stuttgarti-katolikusok.de\/"},{"@type":"ListItem","position":2,"name":"Nagyb\u00f6jt 5. vas\u00e1rnap"}]},{"@type":"WebSite","@id":"https:\/\/stuttgarti-katolikusok.de\/#website","url":"https:\/\/stuttgarti-katolikusok.de\/","name":"Stuttgarti Katolikusok","description":"","potentialAction":[{"@type":"SearchAction","target":{"@type":"EntryPoint","urlTemplate":"https:\/\/stuttgarti-katolikusok.de\/?s={search_term_string}"},"query-input":{"@type":"PropertyValueSpecification","valueRequired":true,"valueName":"search_term_string"}}],"inLanguage":"hu"},{"@type":"Person","@id":"https:\/\/stuttgarti-katolikusok.de\/#\/schema\/person\/75908d6f8fdc03a57889d27209df7795","name":"Tibor atya","image":{"@type":"ImageObject","inLanguage":"hu","@id":"https:\/\/secure.gravatar.com\/avatar\/61d268e57d1f4525b111222e29d2d5a7f8c420fdbf231ba5566a8ceac74fa960?s=96&d=mm&r=g","url":"https:\/\/secure.gravatar.com\/avatar\/61d268e57d1f4525b111222e29d2d5a7f8c420fdbf231ba5566a8ceac74fa960?s=96&d=mm&r=g","contentUrl":"https:\/\/secure.gravatar.com\/avatar\/61d268e57d1f4525b111222e29d2d5a7f8c420fdbf231ba5566a8ceac74fa960?s=96&d=mm&r=g","caption":"Tibor atya"},"url":"https:\/\/stuttgarti-katolikusok.de\/index.php\/author\/tibor-atya\/"}]}},"_links":{"self":[{"href":"https:\/\/stuttgarti-katolikusok.de\/index.php\/wp-json\/wp\/v2\/posts\/30726","targetHints":{"allow":["GET"]}}],"collection":[{"href":"https:\/\/stuttgarti-katolikusok.de\/index.php\/wp-json\/wp\/v2\/posts"}],"about":[{"href":"https:\/\/stuttgarti-katolikusok.de\/index.php\/wp-json\/wp\/v2\/types\/post"}],"author":[{"embeddable":true,"href":"https:\/\/stuttgarti-katolikusok.de\/index.php\/wp-json\/wp\/v2\/users\/3"}],"replies":[{"embeddable":true,"href":"https:\/\/stuttgarti-katolikusok.de\/index.php\/wp-json\/wp\/v2\/comments?post=30726"}],"version-history":[{"count":1,"href":"https:\/\/stuttgarti-katolikusok.de\/index.php\/wp-json\/wp\/v2\/posts\/30726\/revisions"}],"predecessor-version":[{"id":30727,"href":"https:\/\/stuttgarti-katolikusok.de\/index.php\/wp-json\/wp\/v2\/posts\/30726\/revisions\/30727"}],"wp:featuredmedia":[{"embeddable":true,"href":"https:\/\/stuttgarti-katolikusok.de\/index.php\/wp-json\/wp\/v2\/media\/23016"}],"wp:attachment":[{"href":"https:\/\/stuttgarti-katolikusok.de\/index.php\/wp-json\/wp\/v2\/media?parent=30726"}],"wp:term":[{"taxonomy":"category","embeddable":true,"href":"https:\/\/stuttgarti-katolikusok.de\/index.php\/wp-json\/wp\/v2\/categories?post=30726"},{"taxonomy":"post_tag","embeddable":true,"href":"https:\/\/stuttgarti-katolikusok.de\/index.php\/wp-json\/wp\/v2\/tags?post=30726"}],"curies":[{"name":"wp","href":"https:\/\/api.w.org\/{rel}","templated":true}]}}