{"id":30684,"date":"2025-03-30T14:56:05","date_gmt":"2025-03-30T12:56:05","guid":{"rendered":"https:\/\/stuttgarti-katolikusok.de\/?p=30684"},"modified":"2025-03-30T14:57:18","modified_gmt":"2025-03-30T12:57:18","slug":"nagybojt-4-vasarnapja-laetare-vasarnap-2","status":"publish","type":"post","link":"https:\/\/stuttgarti-katolikusok.de\/index.php\/nagybojt-4-vasarnapja-laetare-vasarnap-2\/","title":{"rendered":"Nagyb\u00f6jt 4. vas\u00e1rnapja \u2013 L\u00e6tare-vas\u00e1rnap"},"content":{"rendered":"<p><span style=\"color: #800080;\"><em>Nagyb\u00f6jt 4. vas\u00e1rnapja az \u00f6r\u00f6m vas\u00e1rnapja. A szentmise kezd\u0151\u00e9neke, Izaj\u00e1s pr\u00f3f\u00e9ta nyom\u00e1n, \u00f6r\u00f6mre sz\u00f3l\u00edt fel.\u00a0<\/em><\/span><\/p>\n<p><span style=\"color: #800080;\"><em>Mi az, ami benn\u00fcnket, kereszt\u00e9nyeket \u00f6r\u00f6mre k\u00e9sztet? Ahogyan k\u00f6ny\u00f6rg\u00e9s\u00fcnk fogalmaz, a puszta t\u00e9ny, hogy Isten J\u00e9zus Krisztus \u00e1ltal mag\u00e1hoz b\u00e9k\u00edtette az emberis\u00e9get.<\/em><\/span><\/p>\n<p><span style=\"color: #800080;\"><em>Ez, mint feladat \u00e9s lehet\u0151s\u00e9g, mindannyiunk k\u00fcldet\u00e9se \u00e9s hivat\u00e1sa is egyben. A b\u00e9ke \u00e9s a kiengesztel\u0151d\u00e9s k\u00f6veteiv\u00e9 kell v\u00e1lnunk.<\/em><\/span><\/p>\n<p><span style=\"color: #800080;\"><em>A v\u00e1lasztott n\u00e9p pusztai v\u00e1ndorl\u00e1sa el\u0151k\u00e9pe volt az Egyh\u00e1z f\u00f6ldi v\u00e1ndorl\u00e1s\u00e1nak, amely az \u00f6r\u00f6k haza fel\u00e9 tart. Isten gondvisel\u0151 szeretet\u00e9vel \u0151rk\u00f6d\u00f6tt n\u00e9pe f\u00f6l\u00f6tt. Ugyanezt megtapasztalhatjuk mi is, ha megtartjuk parancsait.<\/em><\/span><\/p>\n<p><span style=\"color: #800080;\"><em>Isten nem vetette el v\u00e9gleg a b\u0171n\u00f6st embert \u00e9s nem hagyta mag\u00e1ra. Szent Fia \u00e1ltal kiengesztel\u0151d\u00f6tt a vil\u00e1ggal. Legy\u00fcnk h\u00e1l\u00e1sak az\u00e9rt, hogy ez a kiengesztel\u0151d\u00e9s az Egyh\u00e1z szolg\u00e1lata \u00e1ltal tov\u00e1bb folytat\u00f3dik a vil\u00e1gban.<\/em><\/span><\/p>\n<p><span style=\"color: #800080;\"><em>A ma elhangz\u00f3 evang\u00e9liumi t\u00f6rt\u00e9net t\u00f6bb szempontb\u00f3l is tekinthet\u0151. Legyen sz\u00f3 a t\u00e9kozl\u00f3 fi\u00far\u00f3l, az irgalmas aty\u00e1r\u00f3l, avagy az el\u00e9gedetlen b\u00e1tyr\u00f3l. Igazi nagy k\u00e9rd\u00e9s sz\u00e1momra, hogy ki az, akivel a legink\u00e1bb azonosulni tudok.\u00a0<\/em><\/span><\/p>\n<p><span style=\"color: #800080;\">Kezd\u0151\u00e9nek:<\/span><br \/>\nVigadozz\u00e1l, Jeruzs\u00e1lem, \u00e9s gy\u0171ljetek egybe mind, akik szeretitek \u0151t, \u00f6rvendjetek vigass\u00e1ggal, akik b\u00e1nk\u00f3dtatok, hogy ujjongjatok \u00e9s elteljetek vigasztal\u00e1s\u00e1nak tej\u00e9vel. (V\u00f6. Iz 66,10-11)<\/p>\n<p><span style=\"color: #800080;\">K\u00f6ny\u00f6rg\u00e9s:<\/span><br \/>\nIsten\u00fcnk, te szent Fiad \u00e1ltal csod\u00e1latos m\u00f3don magadhoz b\u00e9k\u00edtetted az emberis\u00e9get. Engedd, k\u00e9r\u00fcnk, hogy kereszt\u00e9ny n\u00e9ped k\u00e9szs\u00e9ges \u00f6n\u00e1tad\u00e1ssal \u00e9s \u00e9l\u0151 hittel k\u00e9sz\u00fclj\u00f6n a k\u00f6zelg\u0151 \u00fcnnepekre. A mi Urunk, J\u00e9zus Krisztus, a te Fiad \u00e1ltal, aki veled \u00e9l \u00e9s uralkodik a Szentl\u00e9lekkel egys\u00e9gben, Isten mind\u00f6r\u00f6kk\u00f6n \u00f6r\u00f6kk\u00e9.<\/p>\n<p><span style=\"color: #800080;\">OLVASM\u00c1NY J\u00f3zsue k\u00f6nyv\u00e9b\u0151l (J\u00f3zs 5,9a.10-12)<\/span><br \/>\n<em>Isten n<\/em><em>\u00e9pe bevonul az <\/em><em>\u00cdg<\/em><em>\u00e9ret f<\/em><em>\u00f6ldj<\/em><em>\u00e9re, <\/em><em>\u00e9s ott meg<\/em><em>\u00fcnnepli a h<\/em><em>\u00fasv<\/em><em>\u00e9ti lakom<\/em><em>\u00e1t.<\/em><br \/>\nIzrael n\u00e9pe \u00e1tkelt a Jord\u00e1non, \u00e9s bevonult az \u00cdg\u00e9ret f\u00f6ldj\u00e9re. Ekkor az \u00dar \u00edgy sz\u00f3lt J\u00f3zsu\u00e9hoz: \u201eMa levettem r\u00f3latok Egyiptom gyal\u00e1zat\u00e1t.\u201d<br \/>\nIzrael fiai Gilgalban t\u00e1boroztak, \u00e9s a h\u00f3nap tizennegyedik napj\u00e1n este ott \u00fclt\u00e9k meg a p\u00e1szk\u00e1t Jerik\u00f3 s\u00edks\u00e1g\u00e1n.<br \/>\nM\u00e1snap m\u00e1r az orsz\u00e1g term\u00e9s\u00e9b\u0151l ett\u00e9k a kov\u00e1sztalan kenyeret \u00e9s a pir\u00edtott gabon\u00e1t.<br \/>\nAtt\u00f3l kezdve, hogy a f\u00f6ld term\u00e9s\u00e9b\u0151l ettek, megsz\u0171nt a manna, \u00e9s ett\u0151l az \u00e9vt\u0151l kezdve K\u00e1na\u00e1n f\u00f6ldj\u00e9nek term\u00e9nyeivel t\u00e1pl\u00e1lkoztak.<br \/>\nEz az Isten ig\u00e9je.<\/p>\n<p><span style=\"color: #800080;\">V\u00c1LASZOS ZSOLT\u00c1R (Zsolt 33,2-3.4-5.6-7)<\/span><\/p>\n<p>V\u00e1lasz:\u00a0<strong>\u00cd<\/strong><strong>zlelj<\/strong><strong>\u00e9tek <\/strong><strong>\u00e9s l<\/strong><strong>\u00e1ss<\/strong><strong>\u00e1tok, * milyen <\/strong><strong>\u00e9des az <\/strong><strong>\u00dar.<\/strong>\u00a09a. vers. (4. g t\u00f3nus)<br \/>\nEl\u0151\u00e9nekes: Minden id\u0151ben \u00e1ldom az Urat, * dics\u00e9ret\u00e9t sz\u00fcntelen\u00fcl zengi ajkam.<br \/>\nLelkem az \u00darban dicsekszik, * hallj\u00e1k meg a szel\u00eddek \u00e9s \u00f6rvendezzenek.<br \/>\nH\u00edvek: \u00cdzlelj\u00e9tek \u00e9s l\u00e1ss\u00e1tok, * milyen \u00e9des az \u00dar.<br \/>\nE: Magasztalj\u00e1tok az Urat \u00e9nvelem, * dics\u0151\u00edts\u00fck az \u0151 nev\u00e9t mindny\u00e1jan.<br \/>\nKerestem az Urat, \u00e9s \u0151 meghallgatott engem, * \u00e9s kiragadott minden retteg\u00e9sb\u0151l.<br \/>\nH: \u00cdzlelj\u00e9tek \u00e9s l\u00e1ss\u00e1tok, * milyen \u00e9des az \u00dar.<br \/>\nE: Megvil\u00e1gosultok, ha az \u00darra n\u00e9ztek, * \u00e9s arcotokat nem \u00e9ri sz\u00e9gyen.<br \/>\nAz \u00dar meghallgatta a szeg\u00e9nyt, aki hozz\u00e1 ki\u00e1ltott, * \u00e9s minden szorongat\u00e1s\u00e1b\u00f3l kiszabad\u00edtotta.<br \/>\nH: \u00cdzlelj\u00e9tek \u00e9s l\u00e1ss\u00e1tok, * milyen \u00e9des az \u00dar.<\/p>\n<p><span style=\"color: #800080;\">SZENTLECKE Szent P\u00e1l apostolnak a korintusiakhoz \u00edrt m\u00e1sodik level\u00e9b\u0151l(2Kor 5,17-21)<\/span><br \/>\n<em>Isten Krisztusban kiengesztel<\/em><em>\u0151d<\/em><em>\u00f6tt a vil<\/em><em>\u00e1ggal.<\/em><br \/>\nTestv\u00e9reim!<br \/>\nMindenki, aki Krisztusban van, \u00faj teremtm\u00e9ny. A r\u00e9gi megsz\u0171nt, valami \u00faj val\u00f3sult meg. De ezt Isten viszi v\u00e9gbe, akit Krisztus kiengesztelt ir\u00e1ntunk, \u00e9s aki megb\u00edzott minket a kiengesztel\u0151d\u00e9s szolg\u00e1lat\u00e1val. Isten ugyanis Krisztusban kiengesztel\u0151d\u00f6tt a vil\u00e1ggal. Nem tartja sz\u00e1mon v\u00e9tkeinket. S\u0151t, r\u00e1nk b\u00edzta a kiengesztel\u0151d\u00e9s tan\u00edt\u00e1s\u00e1t. Teh\u00e1t Krisztus k\u00f6vets\u00e9g\u00e9ben j\u00e1runk: Isten maga int benneteket \u00e1ltalunk.<br \/>\nKrisztus nev\u00e9ben k\u00e9r\u00fcnk: engesztel\u0151djetek ki Istennel. \u0150 azt, aki b\u0171nt nem ismert, \u201eb\u0171nn\u00e9\u201d tette \u00e9rt\u00fcnk, hogy \u00e1ltala \u201eIsten igazs\u00e1goss\u00e1ga\u201d legy\u00fcnk.<br \/>\nEz az Isten ig\u00e9je.<\/p>\n<p><span style=\"color: #800080;\">EVANG\u00c9LIUM EL\u0150TTI VERS\u00a0<\/span><br \/>\nF\u00f6lkelek, \u00e9s aty\u00e1mhoz megyek, \u2020 azt mondom n\u00e9ki, * \u201eAty\u00e1m, v\u00e9tkeztem az \u00e9g ellen \u00e9s te ellened.\u201d Lk 15,18 \u2013 2. t\u00f3nus.<\/p>\n<p><span style=\"color: #800080;\">\u2020 EVANG\u00c9LIUM Szent Luk\u00e1cs k\u00f6nyv\u00e9b\u0151l (Lk 15,1-3.11-32)<\/span><br \/>\n<em>A mennyei Atya megbocs<\/em><em>\u00e1t t<\/em><em>\u00e9kozl<\/em><em>\u00f3 fi<\/em><em>\u00e1nak, ha <\/em><em>\u0151szint<\/em><em>\u00e9n megb<\/em><em>\u00e1nja b<\/em><em>\u0171neit.<\/em><br \/>\nAzokban a napokban v\u00e1mosok \u00e9s b\u0171n\u00f6s\u00f6k j\u00f6ttek J\u00e9zushoz, hogy hallgass\u00e1k \u0151t. A farizeusok \u00e9s az \u00edr\u00e1stud\u00f3k m\u00e9ltatlankodtak miatta. \u201eEz sz\u00f3ba \u00e1ll b\u0171n\u00f6s\u00f6kkel, s\u0151t eszik is vel\u00fck\u201d \u2013 mondt\u00e1k. J\u00e9zus erre a k\u00f6vetkez\u0151 p\u00e9ldabesz\u00e9det mondta nekik:<br \/>\n\u201eEgy embernek k\u00e9t fia volt. A fiatalabbik egyszer \u00edgy sz\u00f3lt apj\u00e1hoz: Aty\u00e1m, add ki nekem az \u00f6r\u00f6ks\u00e9g r\u00e1m es\u0151 r\u00e9sz\u00e9t. Erre \u0151 sz\u00e9tosztotta k\u00f6zt\u00fck vagyon\u00e1t. Nem sokkal ezut\u00e1n a fiatalabbik \u00f6sszeszedte minden\u00e9t, \u00e9s elment egy t\u00e1voli orsz\u00e1gba. Ott l\u00e9ha \u00e9letet \u00e9lt, \u00e9s elt\u00e9kozolta vagyon\u00e1t. Amikor minden\u00e9t elpazarolta, az orsz\u00e1gban nagy \u00e9h\u00edns\u00e9g t\u00e1madt, s \u0151maga is n\u00e9lk\u00fcl\u00f6zni kezdett. Erre elment \u00e9s elszeg\u0151d\u00f6tt egy ottani gazd\u00e1hoz. Az kik\u00fcldte a tany\u00e1j\u00e1ra, hogy \u0151rizze a sert\u00e9seket. Sz\u00edvesen megt\u00f6lt\u00f6tte volna gyomr\u00e1t a sert\u00e9sek eledel\u00e9vel, de m\u00e9g abb\u00f3l sem adtak neki. Ekkor mag\u00e1ba sz\u00e1llt: Aty\u00e1m h\u00e1z\u00e1ban h\u00e1ny napsz\u00e1mos b\u0151velkedik keny\u00e9rben \u2013 mondta \u2013, \u00e9n meg itt \u00e9hen halok. Felkelek, aty\u00e1mhoz megyek, \u00e9s azt mondom neki: Aty\u00e1m, v\u00e9tkeztem az \u00e9g ellen \u00e9s teellened. Arra m\u00e1r nem vagyok m\u00e9lt\u00f3, hogy fiadnak nevezz, csak b\u00e9reseid k\u00f6z\u00e9 fogadj be.<br \/>\nAzonnal \u00fatra is kelt, \u00e9s visszat\u00e9rt atyj\u00e1hoz. Atyja m\u00e1r messzir\u0151l megl\u00e1tta, \u00e9s megesett rajta a sz\u00edve. El\u00e9je sietett, nyak\u00e1ba borult, \u00e9s megcs\u00f3kolta. Ekkor a fi\u00fa megsz\u00f3lalt: Aty\u00e1m v\u00e9tkeztem az \u00e9g ellen \u00e9s teellened. Arra m\u00e1r nem vagyok m\u00e9lt\u00f3, hogy fiadnak nevezz. Az atya odasz\u00f3lt a szolg\u00e1knak: \u00bbHozz\u00e1tok hamar a legdr\u00e1g\u00e1bb ruh\u00e1t, \u00e9s adj\u00e1tok r\u00e1. H\u00fazzatok gy\u0171r\u0171t az ujj\u00e1ra \u00e9s sarut a l\u00e1b\u00e1ra. Vezess\u00e9tek el\u0151 a hizlalt borj\u00fat, \u00e9s v\u00e1gj\u00e1tok le. Egy\u00fcnk \u00e9s vigadjunk, hisz fiam halott volt \u00e9s \u00e9letre kelt, elveszett \u00e9s megker\u00fclt.\u00ab Erre vigadozni kezdtek.<br \/>\nAz id\u0151sebbik fi\u00fa kint volt a mez\u0151n. Amikor hazat\u00e9r\u0151ben k\u00f6zeledett a h\u00e1zhoz, meghallotta a zenesz\u00f3t \u00e9s a t\u00e1ncot. Sz\u00f3lt az egyik szolg\u00e1nak, \u00e9s megk\u00e9rdezte, mi t\u00f6rt\u00e9nt. Megj\u00f6tt az \u00f6cs\u00e9d, \u00e9s aty\u00e1d lev\u00e1gatta a hizlalt borj\u00fat, mivel \u00e9ps\u00e9gben visszakapta \u0151t \u2013 felelte a szolga. Erre az id\u0151sebbik fi\u00fa megharagudott, \u00e9s nem akart bemenni. Ez\u00e9rt atyja kij\u00f6tt \u00e9s k\u00e9rlelni kezdte. De \u0151 szem\u00e9re vetette atyj\u00e1nak: L\u00e1tod, \u00e9n annyi \u00e9ve szolg\u00e1lok neked, \u00e9s egyszer sem szegtem meg parancsodat. \u00c9s te nekem m\u00e9g egy g\u00f6d\u00f6ly\u00e9t sem adt\u00e1l soha, hogy mulathassak egyet a bar\u00e1taimmal. Most pedig, hogy ez a te fiad, aki vagyonodat rossz n\u0151kre pazarolta, megj\u00f6tt, hizlalt borj\u00fat v\u00e1gatt\u00e1l le neki.<br \/>\n\u0150 erre azt mondta: Fiam, te mindig itt vagy velem, \u00e9s mindenem a tied. De most \u00fagy illett, hogy vigadjunk \u00e9s \u00f6r\u00fclj\u00fcnk, mert ez a te \u00f6cs\u00e9d meghalt \u00e9s most \u00e9letre kelt, elveszett \u00e9s \u00fajra megker\u00fclt.\u201d<br \/>\nEzek az evang\u00e9lium ig\u00e9i.<\/p>\n<p><span style=\"color: #800080;\">EGYETEMES K\u00d6NY\u00d6RG\u00c9SEK<\/span><br \/>\nPap: Testv\u00e9reim! J\u00e1ruljunk bizalommal mennyei Aty\u00e1nkhoz, \u00e9s m\u00e9ly al\u00e1zattal terjessz\u00fck el\u00e9je k\u00e9r\u00e9seinket!<br \/>\nLektor: 1. Add, Urunk, hogy mindig boldogan siess\u00fcnk a testv\u00e9ri lakom\u00e1ra, amelyet a szentmis\u00e9ben k\u00e9sz\u00edtesz sz\u00e1munkra!<br \/>\nH\u00edvek: K\u00e9r\u00fcnk T\u00e9ged, hallgass meg minket!<br \/>\n2. Add, hogy k\u00fcl\u00f6nv\u00e1lt kereszt\u00e9ny testv\u00e9reinkkel egy\u00fctt \u00f6rvendhess\u00fcnk a k\u00f6z\u00f6s otthon szent asztal\u00e1n\u00e1l!<br \/>\nH\u00edvek: K\u00e9r\u00fcnk T\u00e9ged, hallgass meg minket!<br \/>\n3. Adj kenyeret az \u00e9hez\u0151knek, \u00e9s munkalehet\u0151s\u00e9get a r\u00e1szorul\u00f3knak!<br \/>\nH\u00edvek: K\u00e9r\u00fcnk T\u00e9ged, hallgass meg minket!<br \/>\n4. Add, hogy az emberek ne a b\u0171n \u00e1r\u00e1n szerzett \u00f6r\u00f6mmel csillap\u00edts\u00e1k szeretet\u00e9hs\u00e9g\u00fcket!<br \/>\nH\u00edvek: K\u00e9r\u00fcnk T\u00e9ged, hallgass meg minket!<br \/>\n5. Add, hogy f\u00f6ldi javainkat ne sajn\u00e1ljuk megosztani r\u00e1szorul\u00f3 testv\u00e9reinkkel!<br \/>\nH\u00edvek: K\u00e9r\u00fcnk T\u00e9ged, hallgass meg minket!<br \/>\nPap: J\u00f3s\u00e1gos, mennyei Aty\u00e1nk! Seg\u00edts, hogy az ellen\u00fcnk v\u00e9tkez\u0151knek k\u00e9szs\u00e9ges sz\u00edvvel megbocs\u00e1ssunk, \u00e9s \u00edgy mi magunk is elnyerhess\u00fck t\u0151led b\u0171neink bocs\u00e1nat\u00e1t! Krisztus, a mi Urunk \u00e1ltal.<br \/>\nH\u00edvek: \u00c1men.<\/p>\n<p><span style=\"color: #800080;\">Felaj\u00e1nl\u00f3 k\u00f6ny\u00f6rg\u00e9s:<\/span><br \/>\n\u00d6r\u00f6mmel aj\u00e1nljuk fel neked, Isten\u00fcnk, \u00e1ldozatunkat, hogy az \u00f6r\u00f6k \u00e9let kenyere legyen bel\u0151le. K\u00e9rve k\u00e9r\u00fcnk, seg\u00edts, hogy h\u00edv\u0151 tisztelettel vegy\u00fck k\u00f6r\u00fcl, \u00e9s m\u00e9lt\u00f3k\u00e9ppen mutassuk be a vil\u00e1g \u00fcdv\u00f6ss\u00e9g\u00e9re. Krisztus, a mi Urunk \u00e1ltal.<\/p>\n<p><span style=\"color: #800080;\">Pref\u00e1ci\u00f3:<\/span><br \/>\nAz \u00dar legyen veletek.<br \/>\nH.: \u00c9s a te lelkeddel.<br \/>\nEmelj\u00fck f\u00f6l sz\u00edv\u00fcnket.<br \/>\nH.: F\u00f6lemelt\u00fck az \u00darhoz.<br \/>\nAdjunk h\u00e1l\u00e1t Urunknak, Isten\u00fcnknek.<br \/>\nH.: M\u00e9lt\u00f3 \u00e9s igazs\u00e1gos.<br \/>\n(Mert) Val\u00f3ban m\u00e9lt\u00f3 \u00e9s igazs\u00e1gos, ill\u0151 \u00e9s \u00fcdv\u00f6s, hogy mindig \u00e9s minden\u00fctt h\u00e1l\u00e1t adjunk n\u00e9ked, \u2013 mi Urunk, szents\u00e9ges aty\u00e1nk, mindenhat\u00f3, \u00f6r\u00f6k Isten:<br \/>\nMert testi b\u00f6jt\u00f6l\u00e9s\u00fcnkkel a b\u0171nt f\u00e9kezed, f\u00f6lemeled a lelket, \u2013 szent er\u0151t \u00e9s jutalmat b\u0151ven adsz Krisztus, a mi Urunk \u00e1ltal.<br \/>\nA te f\u00f6ls\u00e9gedet \u00e1ltala dics\u00e9rik az angyalok, \u00e9s im\u00e1dj\u00e1k az uralkod\u00f3 szellemek, az \u00e9gi hatalmak rettegik; a mennyei seregek, az \u00e9g er\u0151i s a boldog szer\u00e1fk\u00f3rusok ujjongva egy\u00fctt tisztelik.<br \/>\nAdd, k\u00e9r\u00fcnk, hogy az \u0151 szavukhoz t\u00e1rsuljon sz\u00f3zatunk, \u00e9s al\u00e1zatos megvall\u00e1ssal mondjuk: (zengj\u00fck:)<\/p>\n<p><span style=\"color: #800080;\">\u00c1ldoz\u00e1si \u00e9nek:<\/span><\/p>\n<p>\u00d6r\u00fcln\u00f6d kell, fiam, mert testv\u00e9red halott volt, \u00e9s \u00e9letre kelt, elveszett \u00e9s hazaker\u00fclt. (Lk 15,32)<\/p>\n<p><span style=\"color: #800080;\">\u00c1ldoz\u00e1s ut\u00e1ni k\u00f6ny\u00f6rg\u00e9s:<\/span><br \/>\nIsten\u00fcnk, te megvil\u00e1gos\u00edtasz minden embert, aki a vil\u00e1gra sz\u00fcletik. K\u00e9r\u00fcnk, ragyogja be sz\u00edv\u00fcnket kegyelmed f\u00e9nye, hogy mindig \u00fagy gondolkodjunk, ahogy hozz\u00e1d m\u00e9lt\u00f3, f\u00f6ls\u00e9gednek kedves, \u00e9s \u0151szinte sz\u00edvvel szeress\u00fcnk t\u00e9ged. Krisztus, a mi Urunk \u00e1ltal.<\/p>\n<p><span style=\"color: #800080;\">K\u00f6ny\u00f6rg\u00e9s a n\u00e9p\u00e9rt:<\/span><br \/>\nV\u00e9delmezd, Urunk, a hozz\u00e1d ki\u00e1lt\u00f3kat, t\u00e1mogasd a gyeng\u00e9ket, a hal\u00e1l \u00e1rny\u00e9k\u00e1ban j\u00e1r\u00f3kat \u00e9ltesd f\u00e9nyeddel, \u00e9s azokat, akiket a bajokb\u00f3l szel\u00edden kimentett\u00e9l, engedd, eljutni \u00e9gi javaid birtokl\u00e1s\u00e1ra. Krisztus, a mi Urunk \u00e1ltal.<\/p>\n","protected":false},"excerpt":{"rendered":"<p>Nagyb\u00f6jt 4. vas\u00e1rnapja az \u00f6r\u00f6m vas\u00e1rnapja. A szentmise kezd\u0151\u00e9neke, Izaj\u00e1s pr\u00f3f\u00e9ta nyom\u00e1n, \u00f6r\u00f6mre sz\u00f3l\u00edt fel.\u00a0 Mi az, ami benn\u00fcnket, kereszt\u00e9nyeket \u00f6r\u00f6mre k\u00e9sztet? Ahogyan k\u00f6ny\u00f6rg\u00e9s\u00fcnk fogalmaz, a puszta t\u00e9ny, hogy Isten J\u00e9zus Krisztus \u00e1ltal mag\u00e1hoz b\u00e9k\u00edtette az emberis\u00e9get. Ez, mint feladat \u00e9s lehet\u0151s\u00e9g, mindannyiunk k\u00fcldet\u00e9se \u00e9s hivat\u00e1sa is egyben. A b\u00e9ke \u00e9s a kiengesztel\u0151d\u00e9s k\u00f6veteiv\u00e9 kell v\u00e1lnunk. A v\u00e1lasztott n\u00e9p pusztai v\u00e1ndorl\u00e1sa el\u0151k\u00e9pe volt az Egyh\u00e1z f\u00f6ldi v\u00e1ndorl\u00e1s\u00e1nak, amely az \u00f6r\u00f6k haza fel\u00e9 tart. Isten gondvisel\u0151 szeretet\u00e9vel \u0151rk\u00f6d\u00f6tt n\u00e9pe f\u00f6l\u00f6tt. Ugyanezt megtapasztalhatjuk mi is, ha megtartjuk parancsait. Isten nem vetette el v\u00e9gleg a b\u0171n\u00f6st embert \u00e9s nem hagyta mag\u00e1ra. Szent Fia \u00e1ltal kiengesztel\u0151d\u00f6tt a vil\u00e1ggal. Legy\u00fcnk h\u00e1l\u00e1sak az\u00e9rt, hogy ez a kiengesztel\u0151d\u00e9s az Egyh\u00e1z szolg\u00e1lata \u00e1ltal tov\u00e1bb folytat\u00f3dik a vil\u00e1gban. A ma elhangz\u00f3 evang\u00e9liumi t\u00f6rt\u00e9net t\u00f6bb szempontb\u00f3l is tekinthet\u0151. Legyen sz\u00f3 a t\u00e9kozl\u00f3 fi\u00far\u00f3l, az irgalmas aty\u00e1r\u00f3l, avagy az el\u00e9gedetlen b\u00e1tyr\u00f3l. Igazi nagy k\u00e9rd\u00e9s sz\u00e1momra, hogy ki az, akivel a legink\u00e1bb azonosulni tudok.\u00a0 Kezd\u0151\u00e9nek: Vigadozz\u00e1l, Jeruzs\u00e1lem, \u00e9s gy\u0171ljetek egybe mind, akik szeretitek \u0151t, \u00f6rvendjetek vigass\u00e1ggal, akik b\u00e1nk\u00f3dtatok, hogy ujjongjatok \u00e9s elteljetek vigasztal\u00e1s\u00e1nak tej\u00e9vel. (V\u00f6. Iz 66,10-11) K\u00f6ny\u00f6rg\u00e9s: Isten\u00fcnk, te szent Fiad \u00e1ltal csod\u00e1latos m\u00f3don magadhoz b\u00e9k\u00edtetted az emberis\u00e9get. Engedd, k\u00e9r\u00fcnk, hogy kereszt\u00e9ny n\u00e9ped k\u00e9szs\u00e9ges \u00f6n\u00e1tad\u00e1ssal \u00e9s \u00e9l\u0151 hittel k\u00e9sz\u00fclj\u00f6n a k\u00f6zelg\u0151 \u00fcnnepekre. A mi Urunk, J\u00e9zus Krisztus, a te Fiad \u00e1ltal, aki veled \u00e9l \u00e9s uralkodik a Szentl\u00e9lekkel egys\u00e9gben, Isten mind\u00f6r\u00f6kk\u00f6n \u00f6r\u00f6kk\u00e9. OLVASM\u00c1NY J\u00f3zsue k\u00f6nyv\u00e9b\u0151l (J\u00f3zs 5,9a.10-12) Isten n\u00e9pe bevonul az \u00cdg\u00e9ret f\u00f6ldj\u00e9re, \u00e9s ott meg\u00fcnnepli a h\u00fasv\u00e9ti lakom\u00e1t. Izrael n\u00e9pe \u00e1tkelt a Jord\u00e1non, \u00e9s bevonult az \u00cdg\u00e9ret f\u00f6ldj\u00e9re. Ekkor az \u00dar \u00edgy sz\u00f3lt J\u00f3zsu\u00e9hoz: \u201eMa levettem r\u00f3latok Egyiptom gyal\u00e1zat\u00e1t.\u201d Izrael fiai Gilgalban t\u00e1boroztak, \u00e9s a h\u00f3nap tizennegyedik napj\u00e1n este ott \u00fclt\u00e9k meg a p\u00e1szk\u00e1t Jerik\u00f3 s\u00edks\u00e1g\u00e1n. M\u00e1snap m\u00e1r az orsz\u00e1g term\u00e9s\u00e9b\u0151l ett\u00e9k a kov\u00e1sztalan kenyeret \u00e9s a pir\u00edtott gabon\u00e1t. Att\u00f3l kezdve, hogy a f\u00f6ld term\u00e9s\u00e9b\u0151l ettek, megsz\u0171nt a manna, \u00e9s&#8230; <\/p>\n<p><a class=\"readmore\" href=\"https:\/\/stuttgarti-katolikusok.de\/index.php\/nagybojt-4-vasarnapja-laetare-vasarnap-2\/\">R\u00e9szletek<\/a><\/p>\n","protected":false},"author":3,"featured_media":28502,"comment_status":"closed","ping_status":"closed","sticky":false,"template":"","format":"standard","meta":{"footnotes":""},"categories":[85,63],"tags":[],"class_list":["post-30684","post","type-post","status-publish","format-standard","has-post-thumbnail","hentry","category-a-liturgia-olvasmanyai","category-vasarnapi-gondolatok"],"yoast_head":"<!-- This site is optimized with the Yoast SEO plugin v27.3 - https:\/\/yoast.com\/product\/yoast-seo-wordpress\/ -->\n<title>Nagyb\u00f6jt 4. vas\u00e1rnapja \u2013 L\u00e6tare-vas\u00e1rnap - Stuttgarti Katolikusok<\/title>\n<meta name=\"robots\" content=\"index, follow, max-snippet:-1, max-image-preview:large, max-video-preview:-1\" \/>\n<link rel=\"canonical\" href=\"https:\/\/stuttgarti-katolikusok.de\/index.php\/nagybojt-4-vasarnapja-laetare-vasarnap-2\/\" \/>\n<meta property=\"og:locale\" content=\"hu_HU\" \/>\n<meta property=\"og:type\" content=\"article\" \/>\n<meta property=\"og:title\" content=\"Nagyb\u00f6jt 4. vas\u00e1rnapja \u2013 L\u00e6tare-vas\u00e1rnap - Stuttgarti Katolikusok\" \/>\n<meta property=\"og:description\" content=\"Nagyb\u00f6jt 4. vas\u00e1rnapja az \u00f6r\u00f6m vas\u00e1rnapja. A szentmise kezd\u0151\u00e9neke, Izaj\u00e1s pr\u00f3f\u00e9ta nyom\u00e1n, \u00f6r\u00f6mre sz\u00f3l\u00edt fel.\u00a0 Mi az, ami benn\u00fcnket, kereszt\u00e9nyeket \u00f6r\u00f6mre k\u00e9sztet? Ahogyan k\u00f6ny\u00f6rg\u00e9s\u00fcnk fogalmaz, a puszta t\u00e9ny, hogy Isten J\u00e9zus Krisztus \u00e1ltal mag\u00e1hoz b\u00e9k\u00edtette az emberis\u00e9get. Ez, mint feladat \u00e9s lehet\u0151s\u00e9g, mindannyiunk k\u00fcldet\u00e9se \u00e9s hivat\u00e1sa is egyben. A b\u00e9ke \u00e9s a kiengesztel\u0151d\u00e9s k\u00f6veteiv\u00e9 kell v\u00e1lnunk. A v\u00e1lasztott n\u00e9p pusztai v\u00e1ndorl\u00e1sa el\u0151k\u00e9pe volt az Egyh\u00e1z f\u00f6ldi v\u00e1ndorl\u00e1s\u00e1nak, amely az \u00f6r\u00f6k haza fel\u00e9 tart. Isten gondvisel\u0151 szeretet\u00e9vel \u0151rk\u00f6d\u00f6tt n\u00e9pe f\u00f6l\u00f6tt. Ugyanezt megtapasztalhatjuk mi is, ha megtartjuk parancsait. Isten nem vetette el v\u00e9gleg a b\u0171n\u00f6st embert \u00e9s nem hagyta mag\u00e1ra. Szent Fia \u00e1ltal kiengesztel\u0151d\u00f6tt a vil\u00e1ggal. Legy\u00fcnk h\u00e1l\u00e1sak az\u00e9rt, hogy ez a kiengesztel\u0151d\u00e9s az Egyh\u00e1z szolg\u00e1lata \u00e1ltal tov\u00e1bb folytat\u00f3dik a vil\u00e1gban. A ma elhangz\u00f3 evang\u00e9liumi t\u00f6rt\u00e9net t\u00f6bb szempontb\u00f3l is tekinthet\u0151. Legyen sz\u00f3 a t\u00e9kozl\u00f3 fi\u00far\u00f3l, az irgalmas aty\u00e1r\u00f3l, avagy az el\u00e9gedetlen b\u00e1tyr\u00f3l. Igazi nagy k\u00e9rd\u00e9s sz\u00e1momra, hogy ki az, akivel a legink\u00e1bb azonosulni tudok.\u00a0 Kezd\u0151\u00e9nek: Vigadozz\u00e1l, Jeruzs\u00e1lem, \u00e9s gy\u0171ljetek egybe mind, akik szeretitek \u0151t, \u00f6rvendjetek vigass\u00e1ggal, akik b\u00e1nk\u00f3dtatok, hogy ujjongjatok \u00e9s elteljetek vigasztal\u00e1s\u00e1nak tej\u00e9vel. (V\u00f6. Iz 66,10-11) K\u00f6ny\u00f6rg\u00e9s: Isten\u00fcnk, te szent Fiad \u00e1ltal csod\u00e1latos m\u00f3don magadhoz b\u00e9k\u00edtetted az emberis\u00e9get. Engedd, k\u00e9r\u00fcnk, hogy kereszt\u00e9ny n\u00e9ped k\u00e9szs\u00e9ges \u00f6n\u00e1tad\u00e1ssal \u00e9s \u00e9l\u0151 hittel k\u00e9sz\u00fclj\u00f6n a k\u00f6zelg\u0151 \u00fcnnepekre. A mi Urunk, J\u00e9zus Krisztus, a te Fiad \u00e1ltal, aki veled \u00e9l \u00e9s uralkodik a Szentl\u00e9lekkel egys\u00e9gben, Isten mind\u00f6r\u00f6kk\u00f6n \u00f6r\u00f6kk\u00e9. OLVASM\u00c1NY J\u00f3zsue k\u00f6nyv\u00e9b\u0151l (J\u00f3zs 5,9a.10-12) Isten n\u00e9pe bevonul az \u00cdg\u00e9ret f\u00f6ldj\u00e9re, \u00e9s ott meg\u00fcnnepli a h\u00fasv\u00e9ti lakom\u00e1t. Izrael n\u00e9pe \u00e1tkelt a Jord\u00e1non, \u00e9s bevonult az \u00cdg\u00e9ret f\u00f6ldj\u00e9re. Ekkor az \u00dar \u00edgy sz\u00f3lt J\u00f3zsu\u00e9hoz: \u201eMa levettem r\u00f3latok Egyiptom gyal\u00e1zat\u00e1t.\u201d Izrael fiai Gilgalban t\u00e1boroztak, \u00e9s a h\u00f3nap tizennegyedik napj\u00e1n este ott \u00fclt\u00e9k meg a p\u00e1szk\u00e1t Jerik\u00f3 s\u00edks\u00e1g\u00e1n. M\u00e1snap m\u00e1r az orsz\u00e1g term\u00e9s\u00e9b\u0151l ett\u00e9k a kov\u00e1sztalan kenyeret \u00e9s a pir\u00edtott gabon\u00e1t. Att\u00f3l kezdve, hogy a f\u00f6ld term\u00e9s\u00e9b\u0151l ettek, megsz\u0171nt a manna, \u00e9s... R\u00e9szletek\" \/>\n<meta property=\"og:url\" content=\"https:\/\/stuttgarti-katolikusok.de\/index.php\/nagybojt-4-vasarnapja-laetare-vasarnap-2\/\" \/>\n<meta property=\"og:site_name\" content=\"Stuttgarti Katolikusok\" \/>\n<meta property=\"article:published_time\" content=\"2025-03-30T12:56:05+00:00\" \/>\n<meta property=\"article:modified_time\" content=\"2025-03-30T12:57:18+00:00\" \/>\n<meta property=\"og:image\" content=\"https:\/\/stuttgarti-katolikusok.de\/wp-content\/uploads\/2024\/03\/web-24.jpg\" \/>\n\t<meta property=\"og:image:width\" content=\"1080\" \/>\n\t<meta property=\"og:image:height\" content=\"1066\" \/>\n\t<meta property=\"og:image:type\" content=\"image\/jpeg\" \/>\n<meta name=\"author\" content=\"Tibor atya\" \/>\n<meta name=\"twitter:card\" content=\"summary_large_image\" \/>\n<meta name=\"twitter:label1\" content=\"Szerz\u0151:\" \/>\n\t<meta name=\"twitter:data1\" content=\"Tibor atya\" \/>\n\t<meta name=\"twitter:label2\" content=\"Becs\u00fclt olvas\u00e1si id\u0151\" \/>\n\t<meta name=\"twitter:data2\" content=\"8 perc\" \/>\n<script type=\"application\/ld+json\" class=\"yoast-schema-graph\">{\"@context\":\"https:\\\/\\\/schema.org\",\"@graph\":[{\"@type\":\"Article\",\"@id\":\"https:\\\/\\\/stuttgarti-katolikusok.de\\\/index.php\\\/nagybojt-4-vasarnapja-laetare-vasarnap-2\\\/#article\",\"isPartOf\":{\"@id\":\"https:\\\/\\\/stuttgarti-katolikusok.de\\\/index.php\\\/nagybojt-4-vasarnapja-laetare-vasarnap-2\\\/\"},\"author\":{\"name\":\"Tibor atya\",\"@id\":\"https:\\\/\\\/stuttgarti-katolikusok.de\\\/#\\\/schema\\\/person\\\/75908d6f8fdc03a57889d27209df7795\"},\"headline\":\"Nagyb\u00f6jt 4. vas\u00e1rnapja \u2013 L\u00e6tare-vas\u00e1rnap\",\"datePublished\":\"2025-03-30T12:56:05+00:00\",\"dateModified\":\"2025-03-30T12:57:18+00:00\",\"mainEntityOfPage\":{\"@id\":\"https:\\\/\\\/stuttgarti-katolikusok.de\\\/index.php\\\/nagybojt-4-vasarnapja-laetare-vasarnap-2\\\/\"},\"wordCount\":1959,\"image\":{\"@id\":\"https:\\\/\\\/stuttgarti-katolikusok.de\\\/index.php\\\/nagybojt-4-vasarnapja-laetare-vasarnap-2\\\/#primaryimage\"},\"thumbnailUrl\":\"https:\\\/\\\/stuttgarti-katolikusok.de\\\/wp-content\\\/uploads\\\/2024\\\/03\\\/web-24.jpg\",\"articleSection\":[\"A liturgia olvasm\u00e1nyai\",\"Vas\u00e1rnapi gondolatok\"],\"inLanguage\":\"hu\"},{\"@type\":\"WebPage\",\"@id\":\"https:\\\/\\\/stuttgarti-katolikusok.de\\\/index.php\\\/nagybojt-4-vasarnapja-laetare-vasarnap-2\\\/\",\"url\":\"https:\\\/\\\/stuttgarti-katolikusok.de\\\/index.php\\\/nagybojt-4-vasarnapja-laetare-vasarnap-2\\\/\",\"name\":\"Nagyb\u00f6jt 4. vas\u00e1rnapja \u2013 L\u00e6tare-vas\u00e1rnap - Stuttgarti Katolikusok\",\"isPartOf\":{\"@id\":\"https:\\\/\\\/stuttgarti-katolikusok.de\\\/#website\"},\"primaryImageOfPage\":{\"@id\":\"https:\\\/\\\/stuttgarti-katolikusok.de\\\/index.php\\\/nagybojt-4-vasarnapja-laetare-vasarnap-2\\\/#primaryimage\"},\"image\":{\"@id\":\"https:\\\/\\\/stuttgarti-katolikusok.de\\\/index.php\\\/nagybojt-4-vasarnapja-laetare-vasarnap-2\\\/#primaryimage\"},\"thumbnailUrl\":\"https:\\\/\\\/stuttgarti-katolikusok.de\\\/wp-content\\\/uploads\\\/2024\\\/03\\\/web-24.jpg\",\"datePublished\":\"2025-03-30T12:56:05+00:00\",\"dateModified\":\"2025-03-30T12:57:18+00:00\",\"author\":{\"@id\":\"https:\\\/\\\/stuttgarti-katolikusok.de\\\/#\\\/schema\\\/person\\\/75908d6f8fdc03a57889d27209df7795\"},\"breadcrumb\":{\"@id\":\"https:\\\/\\\/stuttgarti-katolikusok.de\\\/index.php\\\/nagybojt-4-vasarnapja-laetare-vasarnap-2\\\/#breadcrumb\"},\"inLanguage\":\"hu\",\"potentialAction\":[{\"@type\":\"ReadAction\",\"target\":[\"https:\\\/\\\/stuttgarti-katolikusok.de\\\/index.php\\\/nagybojt-4-vasarnapja-laetare-vasarnap-2\\\/\"]}]},{\"@type\":\"ImageObject\",\"inLanguage\":\"hu\",\"@id\":\"https:\\\/\\\/stuttgarti-katolikusok.de\\\/index.php\\\/nagybojt-4-vasarnapja-laetare-vasarnap-2\\\/#primaryimage\",\"url\":\"https:\\\/\\\/stuttgarti-katolikusok.de\\\/wp-content\\\/uploads\\\/2024\\\/03\\\/web-24.jpg\",\"contentUrl\":\"https:\\\/\\\/stuttgarti-katolikusok.de\\\/wp-content\\\/uploads\\\/2024\\\/03\\\/web-24.jpg\",\"width\":1080,\"height\":1066},{\"@type\":\"BreadcrumbList\",\"@id\":\"https:\\\/\\\/stuttgarti-katolikusok.de\\\/index.php\\\/nagybojt-4-vasarnapja-laetare-vasarnap-2\\\/#breadcrumb\",\"itemListElement\":[{\"@type\":\"ListItem\",\"position\":1,\"name\":\"Kezd\u0151lap\",\"item\":\"https:\\\/\\\/stuttgarti-katolikusok.de\\\/\"},{\"@type\":\"ListItem\",\"position\":2,\"name\":\"Nagyb\u00f6jt 4. vas\u00e1rnapja \u2013 L\u00e6tare-vas\u00e1rnap\"}]},{\"@type\":\"WebSite\",\"@id\":\"https:\\\/\\\/stuttgarti-katolikusok.de\\\/#website\",\"url\":\"https:\\\/\\\/stuttgarti-katolikusok.de\\\/\",\"name\":\"Stuttgarti Katolikusok\",\"description\":\"\",\"potentialAction\":[{\"@type\":\"SearchAction\",\"target\":{\"@type\":\"EntryPoint\",\"urlTemplate\":\"https:\\\/\\\/stuttgarti-katolikusok.de\\\/?s={search_term_string}\"},\"query-input\":{\"@type\":\"PropertyValueSpecification\",\"valueRequired\":true,\"valueName\":\"search_term_string\"}}],\"inLanguage\":\"hu\"},{\"@type\":\"Person\",\"@id\":\"https:\\\/\\\/stuttgarti-katolikusok.de\\\/#\\\/schema\\\/person\\\/75908d6f8fdc03a57889d27209df7795\",\"name\":\"Tibor atya\",\"image\":{\"@type\":\"ImageObject\",\"inLanguage\":\"hu\",\"@id\":\"https:\\\/\\\/secure.gravatar.com\\\/avatar\\\/61d268e57d1f4525b111222e29d2d5a7f8c420fdbf231ba5566a8ceac74fa960?s=96&d=mm&r=g\",\"url\":\"https:\\\/\\\/secure.gravatar.com\\\/avatar\\\/61d268e57d1f4525b111222e29d2d5a7f8c420fdbf231ba5566a8ceac74fa960?s=96&d=mm&r=g\",\"contentUrl\":\"https:\\\/\\\/secure.gravatar.com\\\/avatar\\\/61d268e57d1f4525b111222e29d2d5a7f8c420fdbf231ba5566a8ceac74fa960?s=96&d=mm&r=g\",\"caption\":\"Tibor atya\"},\"url\":\"https:\\\/\\\/stuttgarti-katolikusok.de\\\/index.php\\\/author\\\/tibor-atya\\\/\"}]}<\/script>\n<!-- \/ Yoast SEO plugin. -->","yoast_head_json":{"title":"Nagyb\u00f6jt 4. vas\u00e1rnapja \u2013 L\u00e6tare-vas\u00e1rnap - Stuttgarti Katolikusok","robots":{"index":"index","follow":"follow","max-snippet":"max-snippet:-1","max-image-preview":"max-image-preview:large","max-video-preview":"max-video-preview:-1"},"canonical":"https:\/\/stuttgarti-katolikusok.de\/index.php\/nagybojt-4-vasarnapja-laetare-vasarnap-2\/","og_locale":"hu_HU","og_type":"article","og_title":"Nagyb\u00f6jt 4. vas\u00e1rnapja \u2013 L\u00e6tare-vas\u00e1rnap - Stuttgarti Katolikusok","og_description":"Nagyb\u00f6jt 4. vas\u00e1rnapja az \u00f6r\u00f6m vas\u00e1rnapja. A szentmise kezd\u0151\u00e9neke, Izaj\u00e1s pr\u00f3f\u00e9ta nyom\u00e1n, \u00f6r\u00f6mre sz\u00f3l\u00edt fel.\u00a0 Mi az, ami benn\u00fcnket, kereszt\u00e9nyeket \u00f6r\u00f6mre k\u00e9sztet? Ahogyan k\u00f6ny\u00f6rg\u00e9s\u00fcnk fogalmaz, a puszta t\u00e9ny, hogy Isten J\u00e9zus Krisztus \u00e1ltal mag\u00e1hoz b\u00e9k\u00edtette az emberis\u00e9get. Ez, mint feladat \u00e9s lehet\u0151s\u00e9g, mindannyiunk k\u00fcldet\u00e9se \u00e9s hivat\u00e1sa is egyben. A b\u00e9ke \u00e9s a kiengesztel\u0151d\u00e9s k\u00f6veteiv\u00e9 kell v\u00e1lnunk. A v\u00e1lasztott n\u00e9p pusztai v\u00e1ndorl\u00e1sa el\u0151k\u00e9pe volt az Egyh\u00e1z f\u00f6ldi v\u00e1ndorl\u00e1s\u00e1nak, amely az \u00f6r\u00f6k haza fel\u00e9 tart. Isten gondvisel\u0151 szeretet\u00e9vel \u0151rk\u00f6d\u00f6tt n\u00e9pe f\u00f6l\u00f6tt. Ugyanezt megtapasztalhatjuk mi is, ha megtartjuk parancsait. Isten nem vetette el v\u00e9gleg a b\u0171n\u00f6st embert \u00e9s nem hagyta mag\u00e1ra. Szent Fia \u00e1ltal kiengesztel\u0151d\u00f6tt a vil\u00e1ggal. Legy\u00fcnk h\u00e1l\u00e1sak az\u00e9rt, hogy ez a kiengesztel\u0151d\u00e9s az Egyh\u00e1z szolg\u00e1lata \u00e1ltal tov\u00e1bb folytat\u00f3dik a vil\u00e1gban. A ma elhangz\u00f3 evang\u00e9liumi t\u00f6rt\u00e9net t\u00f6bb szempontb\u00f3l is tekinthet\u0151. Legyen sz\u00f3 a t\u00e9kozl\u00f3 fi\u00far\u00f3l, az irgalmas aty\u00e1r\u00f3l, avagy az el\u00e9gedetlen b\u00e1tyr\u00f3l. Igazi nagy k\u00e9rd\u00e9s sz\u00e1momra, hogy ki az, akivel a legink\u00e1bb azonosulni tudok.\u00a0 Kezd\u0151\u00e9nek: Vigadozz\u00e1l, Jeruzs\u00e1lem, \u00e9s gy\u0171ljetek egybe mind, akik szeretitek \u0151t, \u00f6rvendjetek vigass\u00e1ggal, akik b\u00e1nk\u00f3dtatok, hogy ujjongjatok \u00e9s elteljetek vigasztal\u00e1s\u00e1nak tej\u00e9vel. (V\u00f6. Iz 66,10-11) K\u00f6ny\u00f6rg\u00e9s: Isten\u00fcnk, te szent Fiad \u00e1ltal csod\u00e1latos m\u00f3don magadhoz b\u00e9k\u00edtetted az emberis\u00e9get. Engedd, k\u00e9r\u00fcnk, hogy kereszt\u00e9ny n\u00e9ped k\u00e9szs\u00e9ges \u00f6n\u00e1tad\u00e1ssal \u00e9s \u00e9l\u0151 hittel k\u00e9sz\u00fclj\u00f6n a k\u00f6zelg\u0151 \u00fcnnepekre. A mi Urunk, J\u00e9zus Krisztus, a te Fiad \u00e1ltal, aki veled \u00e9l \u00e9s uralkodik a Szentl\u00e9lekkel egys\u00e9gben, Isten mind\u00f6r\u00f6kk\u00f6n \u00f6r\u00f6kk\u00e9. OLVASM\u00c1NY J\u00f3zsue k\u00f6nyv\u00e9b\u0151l (J\u00f3zs 5,9a.10-12) Isten n\u00e9pe bevonul az \u00cdg\u00e9ret f\u00f6ldj\u00e9re, \u00e9s ott meg\u00fcnnepli a h\u00fasv\u00e9ti lakom\u00e1t. Izrael n\u00e9pe \u00e1tkelt a Jord\u00e1non, \u00e9s bevonult az \u00cdg\u00e9ret f\u00f6ldj\u00e9re. Ekkor az \u00dar \u00edgy sz\u00f3lt J\u00f3zsu\u00e9hoz: \u201eMa levettem r\u00f3latok Egyiptom gyal\u00e1zat\u00e1t.\u201d Izrael fiai Gilgalban t\u00e1boroztak, \u00e9s a h\u00f3nap tizennegyedik napj\u00e1n este ott \u00fclt\u00e9k meg a p\u00e1szk\u00e1t Jerik\u00f3 s\u00edks\u00e1g\u00e1n. M\u00e1snap m\u00e1r az orsz\u00e1g term\u00e9s\u00e9b\u0151l ett\u00e9k a kov\u00e1sztalan kenyeret \u00e9s a pir\u00edtott gabon\u00e1t. Att\u00f3l kezdve, hogy a f\u00f6ld term\u00e9s\u00e9b\u0151l ettek, megsz\u0171nt a manna, \u00e9s... R\u00e9szletek","og_url":"https:\/\/stuttgarti-katolikusok.de\/index.php\/nagybojt-4-vasarnapja-laetare-vasarnap-2\/","og_site_name":"Stuttgarti Katolikusok","article_published_time":"2025-03-30T12:56:05+00:00","article_modified_time":"2025-03-30T12:57:18+00:00","og_image":[{"width":1080,"height":1066,"url":"https:\/\/stuttgarti-katolikusok.de\/wp-content\/uploads\/2024\/03\/web-24.jpg","type":"image\/jpeg"}],"author":"Tibor atya","twitter_card":"summary_large_image","twitter_misc":{"Szerz\u0151:":"Tibor atya","Becs\u00fclt olvas\u00e1si id\u0151":"8 perc"},"schema":{"@context":"https:\/\/schema.org","@graph":[{"@type":"Article","@id":"https:\/\/stuttgarti-katolikusok.de\/index.php\/nagybojt-4-vasarnapja-laetare-vasarnap-2\/#article","isPartOf":{"@id":"https:\/\/stuttgarti-katolikusok.de\/index.php\/nagybojt-4-vasarnapja-laetare-vasarnap-2\/"},"author":{"name":"Tibor atya","@id":"https:\/\/stuttgarti-katolikusok.de\/#\/schema\/person\/75908d6f8fdc03a57889d27209df7795"},"headline":"Nagyb\u00f6jt 4. vas\u00e1rnapja \u2013 L\u00e6tare-vas\u00e1rnap","datePublished":"2025-03-30T12:56:05+00:00","dateModified":"2025-03-30T12:57:18+00:00","mainEntityOfPage":{"@id":"https:\/\/stuttgarti-katolikusok.de\/index.php\/nagybojt-4-vasarnapja-laetare-vasarnap-2\/"},"wordCount":1959,"image":{"@id":"https:\/\/stuttgarti-katolikusok.de\/index.php\/nagybojt-4-vasarnapja-laetare-vasarnap-2\/#primaryimage"},"thumbnailUrl":"https:\/\/stuttgarti-katolikusok.de\/wp-content\/uploads\/2024\/03\/web-24.jpg","articleSection":["A liturgia olvasm\u00e1nyai","Vas\u00e1rnapi gondolatok"],"inLanguage":"hu"},{"@type":"WebPage","@id":"https:\/\/stuttgarti-katolikusok.de\/index.php\/nagybojt-4-vasarnapja-laetare-vasarnap-2\/","url":"https:\/\/stuttgarti-katolikusok.de\/index.php\/nagybojt-4-vasarnapja-laetare-vasarnap-2\/","name":"Nagyb\u00f6jt 4. vas\u00e1rnapja \u2013 L\u00e6tare-vas\u00e1rnap - Stuttgarti Katolikusok","isPartOf":{"@id":"https:\/\/stuttgarti-katolikusok.de\/#website"},"primaryImageOfPage":{"@id":"https:\/\/stuttgarti-katolikusok.de\/index.php\/nagybojt-4-vasarnapja-laetare-vasarnap-2\/#primaryimage"},"image":{"@id":"https:\/\/stuttgarti-katolikusok.de\/index.php\/nagybojt-4-vasarnapja-laetare-vasarnap-2\/#primaryimage"},"thumbnailUrl":"https:\/\/stuttgarti-katolikusok.de\/wp-content\/uploads\/2024\/03\/web-24.jpg","datePublished":"2025-03-30T12:56:05+00:00","dateModified":"2025-03-30T12:57:18+00:00","author":{"@id":"https:\/\/stuttgarti-katolikusok.de\/#\/schema\/person\/75908d6f8fdc03a57889d27209df7795"},"breadcrumb":{"@id":"https:\/\/stuttgarti-katolikusok.de\/index.php\/nagybojt-4-vasarnapja-laetare-vasarnap-2\/#breadcrumb"},"inLanguage":"hu","potentialAction":[{"@type":"ReadAction","target":["https:\/\/stuttgarti-katolikusok.de\/index.php\/nagybojt-4-vasarnapja-laetare-vasarnap-2\/"]}]},{"@type":"ImageObject","inLanguage":"hu","@id":"https:\/\/stuttgarti-katolikusok.de\/index.php\/nagybojt-4-vasarnapja-laetare-vasarnap-2\/#primaryimage","url":"https:\/\/stuttgarti-katolikusok.de\/wp-content\/uploads\/2024\/03\/web-24.jpg","contentUrl":"https:\/\/stuttgarti-katolikusok.de\/wp-content\/uploads\/2024\/03\/web-24.jpg","width":1080,"height":1066},{"@type":"BreadcrumbList","@id":"https:\/\/stuttgarti-katolikusok.de\/index.php\/nagybojt-4-vasarnapja-laetare-vasarnap-2\/#breadcrumb","itemListElement":[{"@type":"ListItem","position":1,"name":"Kezd\u0151lap","item":"https:\/\/stuttgarti-katolikusok.de\/"},{"@type":"ListItem","position":2,"name":"Nagyb\u00f6jt 4. vas\u00e1rnapja \u2013 L\u00e6tare-vas\u00e1rnap"}]},{"@type":"WebSite","@id":"https:\/\/stuttgarti-katolikusok.de\/#website","url":"https:\/\/stuttgarti-katolikusok.de\/","name":"Stuttgarti Katolikusok","description":"","potentialAction":[{"@type":"SearchAction","target":{"@type":"EntryPoint","urlTemplate":"https:\/\/stuttgarti-katolikusok.de\/?s={search_term_string}"},"query-input":{"@type":"PropertyValueSpecification","valueRequired":true,"valueName":"search_term_string"}}],"inLanguage":"hu"},{"@type":"Person","@id":"https:\/\/stuttgarti-katolikusok.de\/#\/schema\/person\/75908d6f8fdc03a57889d27209df7795","name":"Tibor atya","image":{"@type":"ImageObject","inLanguage":"hu","@id":"https:\/\/secure.gravatar.com\/avatar\/61d268e57d1f4525b111222e29d2d5a7f8c420fdbf231ba5566a8ceac74fa960?s=96&d=mm&r=g","url":"https:\/\/secure.gravatar.com\/avatar\/61d268e57d1f4525b111222e29d2d5a7f8c420fdbf231ba5566a8ceac74fa960?s=96&d=mm&r=g","contentUrl":"https:\/\/secure.gravatar.com\/avatar\/61d268e57d1f4525b111222e29d2d5a7f8c420fdbf231ba5566a8ceac74fa960?s=96&d=mm&r=g","caption":"Tibor atya"},"url":"https:\/\/stuttgarti-katolikusok.de\/index.php\/author\/tibor-atya\/"}]}},"_links":{"self":[{"href":"https:\/\/stuttgarti-katolikusok.de\/index.php\/wp-json\/wp\/v2\/posts\/30684","targetHints":{"allow":["GET"]}}],"collection":[{"href":"https:\/\/stuttgarti-katolikusok.de\/index.php\/wp-json\/wp\/v2\/posts"}],"about":[{"href":"https:\/\/stuttgarti-katolikusok.de\/index.php\/wp-json\/wp\/v2\/types\/post"}],"author":[{"embeddable":true,"href":"https:\/\/stuttgarti-katolikusok.de\/index.php\/wp-json\/wp\/v2\/users\/3"}],"replies":[{"embeddable":true,"href":"https:\/\/stuttgarti-katolikusok.de\/index.php\/wp-json\/wp\/v2\/comments?post=30684"}],"version-history":[{"count":3,"href":"https:\/\/stuttgarti-katolikusok.de\/index.php\/wp-json\/wp\/v2\/posts\/30684\/revisions"}],"predecessor-version":[{"id":30687,"href":"https:\/\/stuttgarti-katolikusok.de\/index.php\/wp-json\/wp\/v2\/posts\/30684\/revisions\/30687"}],"wp:featuredmedia":[{"embeddable":true,"href":"https:\/\/stuttgarti-katolikusok.de\/index.php\/wp-json\/wp\/v2\/media\/28502"}],"wp:attachment":[{"href":"https:\/\/stuttgarti-katolikusok.de\/index.php\/wp-json\/wp\/v2\/media?parent=30684"}],"wp:term":[{"taxonomy":"category","embeddable":true,"href":"https:\/\/stuttgarti-katolikusok.de\/index.php\/wp-json\/wp\/v2\/categories?post=30684"},{"taxonomy":"post_tag","embeddable":true,"href":"https:\/\/stuttgarti-katolikusok.de\/index.php\/wp-json\/wp\/v2\/tags?post=30684"}],"curies":[{"name":"wp","href":"https:\/\/api.w.org\/{rel}","templated":true}]}}