{"id":30674,"date":"2025-03-26T09:51:24","date_gmt":"2025-03-26T08:51:24","guid":{"rendered":"https:\/\/stuttgarti-katolikusok.de\/?p=30674"},"modified":"2025-03-26T10:06:53","modified_gmt":"2025-03-26T09:06:53","slug":"denes-eva-megosztott-kincseink","status":"publish","type":"post","link":"https:\/\/stuttgarti-katolikusok.de\/index.php\/denes-eva-megosztott-kincseink\/","title":{"rendered":"D\u00e9nes \u00c9va: Megosztott kincseink"},"content":{"rendered":"<p><em>Nagyb\u00f6jti id\u0151 l\u00e9v\u00e9n, m\u00e1rcius 21-\u00e9n, p\u00e9nteken a kereszt\u00fati \u00e1jtatoss\u00e1g \u00e9s szentmise ut\u00e1n a Bar\u00e1ts\u00e1gklub m\u00e1rcius h\u00f3napra tervezett tal\u00e1lkoz\u00f3j\u00e1ra ker\u00fclt sor.\u00a0<\/em><\/p>\n<p><em>A k\u00e9pgal\u00e9ri\u00e1t D\u00e9nes \u00c9va \u00edr\u00e1sa k\u00f6veti.<\/em><\/p>\n<div class=\"brlbs-cmpnt-container brlbs-cmpnt-content-blocker brlbs-cmpnt-with-individual-styles\" data-borlabs-cookie-content-blocker-id=\"default\" data-borlabs-cookie-content=\"PGEgZGF0YS1mbGlja3ItZW1iZWQ9J3RydWUnIGhyZWY9J2h0dHBzOi8vd3d3LmZsaWNrci5jb20vcGhvdG9zLzE5MDEyMTk2NEBOMDYvYWxidW1zLzcyMTc3NzIwMzI0NjU1ODc1LycgdGl0bGU9J0JhcsOhdHPDoWdrbHViIC0gMjAyNS4gbcOhcmNpdXMgMjEuIGJ5IGJydWRlcmtsYXVzMjAyMCwgb24gRmxpY2tyJz48aW1nIHNyYz0naHR0cHM6Ly9saXZlLnN0YXRpY2ZsaWNrci5jb20vNjU1MzUvNTQ0MDk2NjkyMTdfMDQ1YmZmNThlN19jLmpwZycgd2lkdGg9JzgwMCcgaGVpZ2h0PSc2MDAnIGFsdD0nQmFyw6F0c8OhZ2tsdWIgMSc+PC9hPjxzY3JpcHQgYXN5bmMgc3JjPSdodHRwczovL2VtYmVkci5mbGlja3IuY29tL2Fzc2V0cy9jbGllbnQtY29kZS5qcycgY2hhcnNldD0ndXRmLTgnPjwvc2NyaXB0Pg==\">\n<div class=\"brlbs-cmpnt-cb-preset-a\">\n<p class=\"brlbs-cmpnt-cb-description\">You are currently viewing a placeholder content from <strong>Default<\/strong>. To access the actual content, click the button below. Please note that doing so will share data with third-party providers.<\/p>\n<div class=\"brlbs-cmpnt-cb-buttons\"> <a class=\"brlbs-cmpnt-cb-btn\" href=\"#\" data-borlabs-cookie-unblock role=\"button\">Unblock content<\/a> <a class=\"brlbs-cmpnt-cb-btn\" href=\"#\" data-borlabs-cookie-accept-service role=\"button\" style=\"display: none\">Accept required service and unblock content<\/a> <\/div>\n<p> <a class=\"brlbs-cmpnt-cb-provider-toggle\" href=\"#\" data-borlabs-cookie-show-provider-information role=\"button\">More Information<\/a> <\/div>\n<\/div>\n<p>A m\u00e1rcius 21-ei Bar\u00e1ts\u00e1gklubban Erika \u00e9s Judit ism\u00e9t sz\u00e9pen ter\u00edtett asztallal \u00e9s nagy szeretettel fogadtak.<\/p>\n<p>A tal\u00e1lkoz\u00f3ra mindenki egy \u201ekincset\u201d hozott el az \u00e9let\u00e9b\u0151l, ak\u00e1r t\u00e1rgyi, ak\u00e1r lelki kincset, melyet meghitt \u00e9s vid\u00e1m hangulatban osztott meg.<\/p>\n<p>El\u0151sz\u00f6r a Bal\u00e1zs \u00e1ltal mesteri pontoss\u00e1ggal hajtogatott, pap\u00edrb\u00f3l k\u00e9sz\u00fclt m\u0171alkot\u00e1sokat csod\u00e1ltuk meg, melyeket a term\u00e9szet ihletett \u00e9s t\u00f6bb ki\u00e1ll\u00edt\u00e1son is l\u00e1tni lehetett.<\/p>\n<p>Matyi a szenved\u00e9lyes motoros \u00e9s Sudokus, elmes\u00e9lte, hogy a poros Alf\u00f6ld\u00f6n szerzett tapasztalat\u00e1val az afrikai sivatagban is elk\u00e1pr\u00e1ztatta motorost\u00e1rsait.<\/p>\n<p>Szilvia a fot\u00f3ir\u00f3l mes\u00e9lt, melyeken az apr\u00f3 dolgokra helyezi a hangs\u00falyt. Sz\u00edvesen fest, sz\u00ednez \u00e9s megcsod\u00e1ltuk sz\u00edvmint\u00e1s t\u00e1skakre\u00e1ci\u00f3j\u00e1t is.<\/p>\n<p>Erzs\u00e9bet csod\u00e1s k\u00e9zimunk\u00e1ib\u00f3l hozott bemutat\u00f3t. A magyar mint\u00e1k h\u00edmz\u00e9se seg\u00edtett neki \u00e9s \u00e9desanyj\u00e1nak Argent\u00edn\u00e1ban a honv\u00e1gyukat enyh\u00edteni \u00e9s m\u00e1soknak is \u00f6r\u00f6met okoztak vele. Erzs\u00e9bet m\u00e1r k\u00e9t \u00e9rdekes el\u0151ad\u00e1st tartott nek\u00fcnk: Az \u00e1sv\u00e1nyokr\u00f3l \u00e9s az \u0151shonos magyar kuty\u00e1kr\u00f3l.<\/p>\n<p>J\u00f3magam f\u00e9nyk\u00e9peket hoztam az 1990-es \u00e9vek stuttgarti magyar rendezv\u00e9nyeir\u0151l. Az ismer\u0151s arcok felfedez\u00e9se mellett \u00e9rdekes volt l\u00e1tni, hogy pont \u00fagy, mint ma, akkor is, lelkes emberek szerveztek, ter\u00edtettek, szavaltak, daloltak, kir\u00e1ndultak \u00e9s elvitt\u00e9k azokat is, akik nem aut\u00f3ztak.<\/p>\n<p>Ma egy \u00faj gener\u00e1ci\u00f3 hozza el \u0151ket, hogy r\u00e9szesei lehessenek k\u00f6z\u00f6ss\u00e9g\u00fcnknek.<\/p>\n<p>Editke a zongor\u00e1n\u00e1l J\u00e1nos vit\u00e9z dalaival var\u00e1zsolt el \u2013 pont \u00fagy \u2013 mint 35 \u00e9vvel ezel\u0151tt is \u00e9s a zen\u00e9l\u00e9s, \u00e9nekl\u00e9s \u00f6sszetart\u00f3 erej\u00e9t \u00e9reztette vel\u00fcnk.<\/p>\n<p>G\u00e1sp\u00e1r versgy\u0171jt\u0151 szenved\u00e9ly\u00e9r\u0151l mes\u00e9lt \u00e9s elhozta nek\u00fcnk V\u00f6r\u00f6smarty Mih\u00e1ly \u201eA szeg\u00e9ny asszony k\u00f6nyve\u201d c\u00edm\u0171 verset.<\/p>\n<p>J\u00e1nos a sport \u00e9s a foci ir\u00e1nti szenved\u00e9ly\u00e9t osztotta meg vel\u00fcnk.<\/p>\n<p>Ann\u00e1t\u00f3l megtudtuk, hogy 2000 \u00e9ve a borosty\u00e1nlev\u00e9l alakja ihlette meg a sz\u00edv \u00e1br\u00e1zol\u00e1s\u00e1t. \u00c9rt\u00e9kes, r\u00e9gi f\u00e9nyk\u00e9pez\u0151g\u00e9p\u00e9vel sz\u00edvesen f\u00e9nyk\u00e9pez vir\u00e1gokat \u00e9s idegen orsz\u00e1gok kult\u00far\u00e1ja is nagyon \u00e9rdekli.<\/p>\n<p>Tibor atya m\u00e1r gyermekk\u00e9nt \u00e9desapj\u00e1t\u00f3l \u00f6r\u00f6k\u00f6lte az aut\u00f3k ir\u00e1nti szeretet\u00e9t \u00e9s eg\u00e9sz \u00e9let\u00e9ben rajong a fociz\u00e1s\u00e9rt is. Hivat\u00e1s\u00e1hoz a j\u00f3 Isten ir\u00e1nti szeretete vez\u00e9relte \u00e9s f\u00e1radhatatlan munk\u00e1ss\u00e1g\u00e1val a mi k\u00f6z\u00f6ss\u00e9g\u00fcnket is \u00f6sszetartja, megsz\u00e9p\u00edti. H\u00e1l\u00e1sak vagyunk neki \u00e9rte!<\/p>\n<p>Judit a k\u00f6nyvhajtogat\u00e1s m\u0171v\u00e9szet\u00e9be vezetett be \u00e9s csod\u00e1latos, sz\u00ednpomp\u00e1s mandal\u00e1kat hozott, melyeket bakelit lemezekre k\u00e9sz\u00edt. \u00cdgy mer\u00edt er\u0151t \u00e1pol\u00f3i hivat\u00e1s\u00e1hoz.<\/p>\n<p>Kedves vend\u00e9geink is voltak: egy d\u00e9lmagyarorsz\u00e1gi mozdonyvezet\u0151 csal\u00e1d, vonatrajong\u00f3 ifj\u00fa h\u00f6lgytagja, Harmati Bea \u00e9s guatemalai br\u00e1tja, Pablo, aki sz\u00edvesen lovagol \u00e9s verseket k\u00f6lt. \u0150k egyszer\u0171en csak a d\u00e9lut\u00e1ni szentmis\u00e9re j\u00f6ttek el, azt\u00e1n vel\u00fcnk tartottak az este folyam\u00e1n Pablospanyol nyelven \u00edrt saj\u00e1t k\u00f6ltem\u00e9ny\u00e9vel aj\u00e1nd\u00e9kozott meg benn\u00fcnket.<\/p>\n<p>Erika a Bar\u00e1ts\u00e1gklub lelke \u00e9s szervez\u0151je, sz\u00edve meleg\u00e9t hozta nek\u00fcnk. Mindenkinek jutott szeretet\u00e9b\u0151l, ak\u00e1r h\u00e1zasod\u00f3 p\u00e1rok, ak\u00e1r fogyat\u00e9kos emberek veszik k\u00f6r\u00fcl.<\/p>\n<p>Aranyosi Ervin \u201eHiszem\u2026\u201d c\u00edm\u0171 csod\u00e1latos vers\u00e9vel fejezte ki gondolatait \u00e9s eg\u00e9sz emberi l\u00e9t\u00fcnk \u00e9rtelm\u00e9t, c\u00e9lj\u00e1t:<\/p>\n<p>\u201eKeress, kutass \u00e9s v\u00e1gyad \u00e9ld meg,<\/p>\n<p>l\u00e1sd vil\u00e1godat v\u00e9gre sz\u00e9pnek,<\/p>\n<p>s tedd azz\u00e1 m\u00e1sok \u00e9let\u00e9t,<\/p>\n<p>szolg\u00e1ljon j\u00f3 c\u00e9lt ez a l\u00e9t.\u201d<\/p>\n<p>A finom vacsora elfogyaszt\u00e1sa ut\u00e1n, Editke zongorak\u00eds\u00e9ret\u00e9vel, k\u00e9s\u0151ig daloltunk vid\u00e1man egy\u00fctt. Ism\u00e9telten felejthetetlen d\u00e9lut\u00e1nt \u00e9s est\u00e9t t\u00f6lthett\u00fcnk el egy\u00fctt.<\/p>\n<p>K\u00f6sz\u00f6nj\u00fck sz\u00e9pen ezt a sz\u00e9p est\u00e9t!<\/p>\n<p><em>D\u00e9nes \u00c9va\u00a0<\/em><\/p>\n","protected":false},"excerpt":{"rendered":"<p>Nagyb\u00f6jti id\u0151 l\u00e9v\u00e9n, m\u00e1rcius 21-\u00e9n, p\u00e9nteken a kereszt\u00fati \u00e1jtatoss\u00e1g \u00e9s szentmise ut\u00e1n a Bar\u00e1ts\u00e1gklub m\u00e1rcius h\u00f3napra tervezett tal\u00e1lkoz\u00f3j\u00e1ra ker\u00fclt sor.\u00a0 A k\u00e9pgal\u00e9ri\u00e1t D\u00e9nes \u00c9va \u00edr\u00e1sa k\u00f6veti. You are currently viewing a placeholder content from Default. To access the actual content, click the button below. Please note that doing so will share data with third-party providers. Unblock content Accept required service and unblock content More Information A m\u00e1rcius 21-ei Bar\u00e1ts\u00e1gklubban Erika \u00e9s Judit ism\u00e9t sz\u00e9pen ter\u00edtett asztallal \u00e9s nagy szeretettel fogadtak. A tal\u00e1lkoz\u00f3ra mindenki egy \u201ekincset\u201d hozott el az \u00e9let\u00e9b\u0151l, ak\u00e1r t\u00e1rgyi, ak\u00e1r lelki kincset, melyet meghitt \u00e9s vid\u00e1m hangulatban osztott meg. El\u0151sz\u00f6r a Bal\u00e1zs \u00e1ltal mesteri pontoss\u00e1ggal hajtogatott, pap\u00edrb\u00f3l k\u00e9sz\u00fclt m\u0171alkot\u00e1sokat csod\u00e1ltuk meg, melyeket a term\u00e9szet ihletett \u00e9s t\u00f6bb ki\u00e1ll\u00edt\u00e1son is l\u00e1tni lehetett. Matyi a szenved\u00e9lyes motoros \u00e9s Sudokus, elmes\u00e9lte, hogy a poros Alf\u00f6ld\u00f6n szerzett tapasztalat\u00e1val az afrikai sivatagban is elk\u00e1pr\u00e1ztatta motorost\u00e1rsait. Szilvia a fot\u00f3ir\u00f3l mes\u00e9lt, melyeken az apr\u00f3 dolgokra helyezi a hangs\u00falyt. Sz\u00edvesen fest, sz\u00ednez \u00e9s megcsod\u00e1ltuk sz\u00edvmint\u00e1s t\u00e1skakre\u00e1ci\u00f3j\u00e1t is. Erzs\u00e9bet csod\u00e1s k\u00e9zimunk\u00e1ib\u00f3l hozott bemutat\u00f3t. A magyar mint\u00e1k h\u00edmz\u00e9se seg\u00edtett neki \u00e9s \u00e9desanyj\u00e1nak Argent\u00edn\u00e1ban a honv\u00e1gyukat enyh\u00edteni \u00e9s m\u00e1soknak is \u00f6r\u00f6met okoztak vele. Erzs\u00e9bet m\u00e1r k\u00e9t \u00e9rdekes el\u0151ad\u00e1st tartott nek\u00fcnk: Az \u00e1sv\u00e1nyokr\u00f3l \u00e9s az \u0151shonos magyar kuty\u00e1kr\u00f3l. J\u00f3magam f\u00e9nyk\u00e9peket hoztam az 1990-es \u00e9vek stuttgarti magyar rendezv\u00e9nyeir\u0151l. Az ismer\u0151s arcok felfedez\u00e9se mellett \u00e9rdekes volt l\u00e1tni, hogy pont \u00fagy, mint ma, akkor is, lelkes emberek szerveztek, ter\u00edtettek, szavaltak, daloltak, kir\u00e1ndultak \u00e9s elvitt\u00e9k azokat is, akik nem aut\u00f3ztak. Ma egy \u00faj gener\u00e1ci\u00f3 hozza el \u0151ket, hogy r\u00e9szesei lehessenek k\u00f6z\u00f6ss\u00e9g\u00fcnknek. Editke a zongor\u00e1n\u00e1l J\u00e1nos vit\u00e9z dalaival var\u00e1zsolt el \u2013 pont \u00fagy \u2013 mint 35 \u00e9vvel ezel\u0151tt is \u00e9s a zen\u00e9l\u00e9s, \u00e9nekl\u00e9s \u00f6sszetart\u00f3 erej\u00e9t \u00e9reztette vel\u00fcnk. G\u00e1sp\u00e1r versgy\u0171jt\u0151 szenved\u00e9ly\u00e9r\u0151l mes\u00e9lt \u00e9s elhozta nek\u00fcnk V\u00f6r\u00f6smarty Mih\u00e1ly \u201eA szeg\u00e9ny asszony k\u00f6nyve\u201d c\u00edm\u0171 verset. J\u00e1nos a sport \u00e9s a foci ir\u00e1nti szenved\u00e9ly\u00e9t osztotta meg vel\u00fcnk. Ann\u00e1t\u00f3l megtudtuk,&#8230; <\/p>\n<p><a class=\"readmore\" href=\"https:\/\/stuttgarti-katolikusok.de\/index.php\/denes-eva-megosztott-kincseink\/\">R\u00e9szletek<\/a><\/p>\n","protected":false},"author":3,"featured_media":30675,"comment_status":"closed","ping_status":"closed","sticky":false,"template":"","format":"standard","meta":{"footnotes":""},"categories":[32,1],"tags":[],"class_list":["post-30674","post","type-post","status-publish","format-standard","has-post-thumbnail","hentry","category-baratsag-klub","category-valogatott"],"yoast_head":"<!-- This site is optimized with the Yoast SEO plugin v27.3 - https:\/\/yoast.com\/product\/yoast-seo-wordpress\/ -->\n<title>D\u00e9nes \u00c9va: Megosztott kincseink - Stuttgarti Katolikusok<\/title>\n<meta name=\"robots\" content=\"index, follow, max-snippet:-1, max-image-preview:large, max-video-preview:-1\" \/>\n<link rel=\"canonical\" href=\"https:\/\/stuttgarti-katolikusok.de\/index.php\/denes-eva-megosztott-kincseink\/\" \/>\n<meta property=\"og:locale\" content=\"hu_HU\" \/>\n<meta property=\"og:type\" content=\"article\" \/>\n<meta property=\"og:title\" content=\"D\u00e9nes \u00c9va: Megosztott kincseink - Stuttgarti Katolikusok\" \/>\n<meta property=\"og:description\" content=\"Nagyb\u00f6jti id\u0151 l\u00e9v\u00e9n, m\u00e1rcius 21-\u00e9n, p\u00e9nteken a kereszt\u00fati \u00e1jtatoss\u00e1g \u00e9s szentmise ut\u00e1n a Bar\u00e1ts\u00e1gklub m\u00e1rcius h\u00f3napra tervezett tal\u00e1lkoz\u00f3j\u00e1ra ker\u00fclt sor.\u00a0 A k\u00e9pgal\u00e9ri\u00e1t D\u00e9nes \u00c9va \u00edr\u00e1sa k\u00f6veti. You are currently viewing a placeholder content from Default. To access the actual content, click the button below. Please note that doing so will share data with third-party providers. Unblock content Accept required service and unblock content More Information A m\u00e1rcius 21-ei Bar\u00e1ts\u00e1gklubban Erika \u00e9s Judit ism\u00e9t sz\u00e9pen ter\u00edtett asztallal \u00e9s nagy szeretettel fogadtak. A tal\u00e1lkoz\u00f3ra mindenki egy \u201ekincset\u201d hozott el az \u00e9let\u00e9b\u0151l, ak\u00e1r t\u00e1rgyi, ak\u00e1r lelki kincset, melyet meghitt \u00e9s vid\u00e1m hangulatban osztott meg. El\u0151sz\u00f6r a Bal\u00e1zs \u00e1ltal mesteri pontoss\u00e1ggal hajtogatott, pap\u00edrb\u00f3l k\u00e9sz\u00fclt m\u0171alkot\u00e1sokat csod\u00e1ltuk meg, melyeket a term\u00e9szet ihletett \u00e9s t\u00f6bb ki\u00e1ll\u00edt\u00e1son is l\u00e1tni lehetett. Matyi a szenved\u00e9lyes motoros \u00e9s Sudokus, elmes\u00e9lte, hogy a poros Alf\u00f6ld\u00f6n szerzett tapasztalat\u00e1val az afrikai sivatagban is elk\u00e1pr\u00e1ztatta motorost\u00e1rsait. Szilvia a fot\u00f3ir\u00f3l mes\u00e9lt, melyeken az apr\u00f3 dolgokra helyezi a hangs\u00falyt. Sz\u00edvesen fest, sz\u00ednez \u00e9s megcsod\u00e1ltuk sz\u00edvmint\u00e1s t\u00e1skakre\u00e1ci\u00f3j\u00e1t is. Erzs\u00e9bet csod\u00e1s k\u00e9zimunk\u00e1ib\u00f3l hozott bemutat\u00f3t. A magyar mint\u00e1k h\u00edmz\u00e9se seg\u00edtett neki \u00e9s \u00e9desanyj\u00e1nak Argent\u00edn\u00e1ban a honv\u00e1gyukat enyh\u00edteni \u00e9s m\u00e1soknak is \u00f6r\u00f6met okoztak vele. Erzs\u00e9bet m\u00e1r k\u00e9t \u00e9rdekes el\u0151ad\u00e1st tartott nek\u00fcnk: Az \u00e1sv\u00e1nyokr\u00f3l \u00e9s az \u0151shonos magyar kuty\u00e1kr\u00f3l. J\u00f3magam f\u00e9nyk\u00e9peket hoztam az 1990-es \u00e9vek stuttgarti magyar rendezv\u00e9nyeir\u0151l. Az ismer\u0151s arcok felfedez\u00e9se mellett \u00e9rdekes volt l\u00e1tni, hogy pont \u00fagy, mint ma, akkor is, lelkes emberek szerveztek, ter\u00edtettek, szavaltak, daloltak, kir\u00e1ndultak \u00e9s elvitt\u00e9k azokat is, akik nem aut\u00f3ztak. Ma egy \u00faj gener\u00e1ci\u00f3 hozza el \u0151ket, hogy r\u00e9szesei lehessenek k\u00f6z\u00f6ss\u00e9g\u00fcnknek. Editke a zongor\u00e1n\u00e1l J\u00e1nos vit\u00e9z dalaival var\u00e1zsolt el \u2013 pont \u00fagy \u2013 mint 35 \u00e9vvel ezel\u0151tt is \u00e9s a zen\u00e9l\u00e9s, \u00e9nekl\u00e9s \u00f6sszetart\u00f3 erej\u00e9t \u00e9reztette vel\u00fcnk. G\u00e1sp\u00e1r versgy\u0171jt\u0151 szenved\u00e9ly\u00e9r\u0151l mes\u00e9lt \u00e9s elhozta nek\u00fcnk V\u00f6r\u00f6smarty Mih\u00e1ly \u201eA szeg\u00e9ny asszony k\u00f6nyve\u201d c\u00edm\u0171 verset. J\u00e1nos a sport \u00e9s a foci ir\u00e1nti szenved\u00e9ly\u00e9t osztotta meg vel\u00fcnk. Ann\u00e1t\u00f3l megtudtuk,... R\u00e9szletek\" \/>\n<meta property=\"og:url\" content=\"https:\/\/stuttgarti-katolikusok.de\/index.php\/denes-eva-megosztott-kincseink\/\" \/>\n<meta property=\"og:site_name\" content=\"Stuttgarti Katolikusok\" \/>\n<meta property=\"article:published_time\" content=\"2025-03-26T08:51:24+00:00\" \/>\n<meta property=\"article:modified_time\" content=\"2025-03-26T09:06:53+00:00\" \/>\n<meta property=\"og:image\" content=\"https:\/\/stuttgarti-katolikusok.de\/wp-content\/uploads\/2025\/03\/baratsagklub-4.jpg\" \/>\n\t<meta property=\"og:image:width\" content=\"2048\" \/>\n\t<meta property=\"og:image:height\" content=\"1536\" \/>\n\t<meta property=\"og:image:type\" content=\"image\/jpeg\" \/>\n<meta name=\"author\" content=\"Tibor atya\" \/>\n<meta name=\"twitter:card\" content=\"summary_large_image\" \/>\n<meta name=\"twitter:label1\" content=\"Szerz\u0151:\" \/>\n\t<meta name=\"twitter:data1\" content=\"Tibor atya\" \/>\n\t<meta name=\"twitter:label2\" content=\"Becs\u00fclt olvas\u00e1si id\u0151\" \/>\n\t<meta name=\"twitter:data2\" content=\"3 perc\" \/>\n<script type=\"application\/ld+json\" class=\"yoast-schema-graph\">{\"@context\":\"https:\\\/\\\/schema.org\",\"@graph\":[{\"@type\":\"Article\",\"@id\":\"https:\\\/\\\/stuttgarti-katolikusok.de\\\/index.php\\\/denes-eva-megosztott-kincseink\\\/#article\",\"isPartOf\":{\"@id\":\"https:\\\/\\\/stuttgarti-katolikusok.de\\\/index.php\\\/denes-eva-megosztott-kincseink\\\/\"},\"author\":{\"name\":\"Tibor atya\",\"@id\":\"https:\\\/\\\/stuttgarti-katolikusok.de\\\/#\\\/schema\\\/person\\\/75908d6f8fdc03a57889d27209df7795\"},\"headline\":\"D\u00e9nes \u00c9va: Megosztott kincseink\",\"datePublished\":\"2025-03-26T08:51:24+00:00\",\"dateModified\":\"2025-03-26T09:06:53+00:00\",\"mainEntityOfPage\":{\"@id\":\"https:\\\/\\\/stuttgarti-katolikusok.de\\\/index.php\\\/denes-eva-megosztott-kincseink\\\/\"},\"wordCount\":775,\"image\":{\"@id\":\"https:\\\/\\\/stuttgarti-katolikusok.de\\\/index.php\\\/denes-eva-megosztott-kincseink\\\/#primaryimage\"},\"thumbnailUrl\":\"https:\\\/\\\/stuttgarti-katolikusok.de\\\/wp-content\\\/uploads\\\/2025\\\/03\\\/baratsagklub-4.jpg\",\"articleSection\":[\"Bar\u00e1ts\u00e1g Klub\",\"V\u00e1logatott \u00edr\u00e1sok\"],\"inLanguage\":\"hu\"},{\"@type\":\"WebPage\",\"@id\":\"https:\\\/\\\/stuttgarti-katolikusok.de\\\/index.php\\\/denes-eva-megosztott-kincseink\\\/\",\"url\":\"https:\\\/\\\/stuttgarti-katolikusok.de\\\/index.php\\\/denes-eva-megosztott-kincseink\\\/\",\"name\":\"D\u00e9nes \u00c9va: Megosztott kincseink - Stuttgarti Katolikusok\",\"isPartOf\":{\"@id\":\"https:\\\/\\\/stuttgarti-katolikusok.de\\\/#website\"},\"primaryImageOfPage\":{\"@id\":\"https:\\\/\\\/stuttgarti-katolikusok.de\\\/index.php\\\/denes-eva-megosztott-kincseink\\\/#primaryimage\"},\"image\":{\"@id\":\"https:\\\/\\\/stuttgarti-katolikusok.de\\\/index.php\\\/denes-eva-megosztott-kincseink\\\/#primaryimage\"},\"thumbnailUrl\":\"https:\\\/\\\/stuttgarti-katolikusok.de\\\/wp-content\\\/uploads\\\/2025\\\/03\\\/baratsagklub-4.jpg\",\"datePublished\":\"2025-03-26T08:51:24+00:00\",\"dateModified\":\"2025-03-26T09:06:53+00:00\",\"author\":{\"@id\":\"https:\\\/\\\/stuttgarti-katolikusok.de\\\/#\\\/schema\\\/person\\\/75908d6f8fdc03a57889d27209df7795\"},\"breadcrumb\":{\"@id\":\"https:\\\/\\\/stuttgarti-katolikusok.de\\\/index.php\\\/denes-eva-megosztott-kincseink\\\/#breadcrumb\"},\"inLanguage\":\"hu\",\"potentialAction\":[{\"@type\":\"ReadAction\",\"target\":[\"https:\\\/\\\/stuttgarti-katolikusok.de\\\/index.php\\\/denes-eva-megosztott-kincseink\\\/\"]}]},{\"@type\":\"ImageObject\",\"inLanguage\":\"hu\",\"@id\":\"https:\\\/\\\/stuttgarti-katolikusok.de\\\/index.php\\\/denes-eva-megosztott-kincseink\\\/#primaryimage\",\"url\":\"https:\\\/\\\/stuttgarti-katolikusok.de\\\/wp-content\\\/uploads\\\/2025\\\/03\\\/baratsagklub-4.jpg\",\"contentUrl\":\"https:\\\/\\\/stuttgarti-katolikusok.de\\\/wp-content\\\/uploads\\\/2025\\\/03\\\/baratsagklub-4.jpg\",\"width\":2048,\"height\":1536},{\"@type\":\"BreadcrumbList\",\"@id\":\"https:\\\/\\\/stuttgarti-katolikusok.de\\\/index.php\\\/denes-eva-megosztott-kincseink\\\/#breadcrumb\",\"itemListElement\":[{\"@type\":\"ListItem\",\"position\":1,\"name\":\"Kezd\u0151lap\",\"item\":\"https:\\\/\\\/stuttgarti-katolikusok.de\\\/\"},{\"@type\":\"ListItem\",\"position\":2,\"name\":\"D\u00e9nes \u00c9va: Megosztott kincseink\"}]},{\"@type\":\"WebSite\",\"@id\":\"https:\\\/\\\/stuttgarti-katolikusok.de\\\/#website\",\"url\":\"https:\\\/\\\/stuttgarti-katolikusok.de\\\/\",\"name\":\"Stuttgarti Katolikusok\",\"description\":\"\",\"potentialAction\":[{\"@type\":\"SearchAction\",\"target\":{\"@type\":\"EntryPoint\",\"urlTemplate\":\"https:\\\/\\\/stuttgarti-katolikusok.de\\\/?s={search_term_string}\"},\"query-input\":{\"@type\":\"PropertyValueSpecification\",\"valueRequired\":true,\"valueName\":\"search_term_string\"}}],\"inLanguage\":\"hu\"},{\"@type\":\"Person\",\"@id\":\"https:\\\/\\\/stuttgarti-katolikusok.de\\\/#\\\/schema\\\/person\\\/75908d6f8fdc03a57889d27209df7795\",\"name\":\"Tibor atya\",\"image\":{\"@type\":\"ImageObject\",\"inLanguage\":\"hu\",\"@id\":\"https:\\\/\\\/secure.gravatar.com\\\/avatar\\\/61d268e57d1f4525b111222e29d2d5a7f8c420fdbf231ba5566a8ceac74fa960?s=96&d=mm&r=g\",\"url\":\"https:\\\/\\\/secure.gravatar.com\\\/avatar\\\/61d268e57d1f4525b111222e29d2d5a7f8c420fdbf231ba5566a8ceac74fa960?s=96&d=mm&r=g\",\"contentUrl\":\"https:\\\/\\\/secure.gravatar.com\\\/avatar\\\/61d268e57d1f4525b111222e29d2d5a7f8c420fdbf231ba5566a8ceac74fa960?s=96&d=mm&r=g\",\"caption\":\"Tibor atya\"},\"url\":\"https:\\\/\\\/stuttgarti-katolikusok.de\\\/index.php\\\/author\\\/tibor-atya\\\/\"}]}<\/script>\n<!-- \/ Yoast SEO plugin. -->","yoast_head_json":{"title":"D\u00e9nes \u00c9va: Megosztott kincseink - Stuttgarti Katolikusok","robots":{"index":"index","follow":"follow","max-snippet":"max-snippet:-1","max-image-preview":"max-image-preview:large","max-video-preview":"max-video-preview:-1"},"canonical":"https:\/\/stuttgarti-katolikusok.de\/index.php\/denes-eva-megosztott-kincseink\/","og_locale":"hu_HU","og_type":"article","og_title":"D\u00e9nes \u00c9va: Megosztott kincseink - Stuttgarti Katolikusok","og_description":"Nagyb\u00f6jti id\u0151 l\u00e9v\u00e9n, m\u00e1rcius 21-\u00e9n, p\u00e9nteken a kereszt\u00fati \u00e1jtatoss\u00e1g \u00e9s szentmise ut\u00e1n a Bar\u00e1ts\u00e1gklub m\u00e1rcius h\u00f3napra tervezett tal\u00e1lkoz\u00f3j\u00e1ra ker\u00fclt sor.\u00a0 A k\u00e9pgal\u00e9ri\u00e1t D\u00e9nes \u00c9va \u00edr\u00e1sa k\u00f6veti. You are currently viewing a placeholder content from Default. To access the actual content, click the button below. Please note that doing so will share data with third-party providers. Unblock content Accept required service and unblock content More Information A m\u00e1rcius 21-ei Bar\u00e1ts\u00e1gklubban Erika \u00e9s Judit ism\u00e9t sz\u00e9pen ter\u00edtett asztallal \u00e9s nagy szeretettel fogadtak. A tal\u00e1lkoz\u00f3ra mindenki egy \u201ekincset\u201d hozott el az \u00e9let\u00e9b\u0151l, ak\u00e1r t\u00e1rgyi, ak\u00e1r lelki kincset, melyet meghitt \u00e9s vid\u00e1m hangulatban osztott meg. El\u0151sz\u00f6r a Bal\u00e1zs \u00e1ltal mesteri pontoss\u00e1ggal hajtogatott, pap\u00edrb\u00f3l k\u00e9sz\u00fclt m\u0171alkot\u00e1sokat csod\u00e1ltuk meg, melyeket a term\u00e9szet ihletett \u00e9s t\u00f6bb ki\u00e1ll\u00edt\u00e1son is l\u00e1tni lehetett. Matyi a szenved\u00e9lyes motoros \u00e9s Sudokus, elmes\u00e9lte, hogy a poros Alf\u00f6ld\u00f6n szerzett tapasztalat\u00e1val az afrikai sivatagban is elk\u00e1pr\u00e1ztatta motorost\u00e1rsait. Szilvia a fot\u00f3ir\u00f3l mes\u00e9lt, melyeken az apr\u00f3 dolgokra helyezi a hangs\u00falyt. Sz\u00edvesen fest, sz\u00ednez \u00e9s megcsod\u00e1ltuk sz\u00edvmint\u00e1s t\u00e1skakre\u00e1ci\u00f3j\u00e1t is. Erzs\u00e9bet csod\u00e1s k\u00e9zimunk\u00e1ib\u00f3l hozott bemutat\u00f3t. A magyar mint\u00e1k h\u00edmz\u00e9se seg\u00edtett neki \u00e9s \u00e9desanyj\u00e1nak Argent\u00edn\u00e1ban a honv\u00e1gyukat enyh\u00edteni \u00e9s m\u00e1soknak is \u00f6r\u00f6met okoztak vele. Erzs\u00e9bet m\u00e1r k\u00e9t \u00e9rdekes el\u0151ad\u00e1st tartott nek\u00fcnk: Az \u00e1sv\u00e1nyokr\u00f3l \u00e9s az \u0151shonos magyar kuty\u00e1kr\u00f3l. J\u00f3magam f\u00e9nyk\u00e9peket hoztam az 1990-es \u00e9vek stuttgarti magyar rendezv\u00e9nyeir\u0151l. Az ismer\u0151s arcok felfedez\u00e9se mellett \u00e9rdekes volt l\u00e1tni, hogy pont \u00fagy, mint ma, akkor is, lelkes emberek szerveztek, ter\u00edtettek, szavaltak, daloltak, kir\u00e1ndultak \u00e9s elvitt\u00e9k azokat is, akik nem aut\u00f3ztak. Ma egy \u00faj gener\u00e1ci\u00f3 hozza el \u0151ket, hogy r\u00e9szesei lehessenek k\u00f6z\u00f6ss\u00e9g\u00fcnknek. Editke a zongor\u00e1n\u00e1l J\u00e1nos vit\u00e9z dalaival var\u00e1zsolt el \u2013 pont \u00fagy \u2013 mint 35 \u00e9vvel ezel\u0151tt is \u00e9s a zen\u00e9l\u00e9s, \u00e9nekl\u00e9s \u00f6sszetart\u00f3 erej\u00e9t \u00e9reztette vel\u00fcnk. G\u00e1sp\u00e1r versgy\u0171jt\u0151 szenved\u00e9ly\u00e9r\u0151l mes\u00e9lt \u00e9s elhozta nek\u00fcnk V\u00f6r\u00f6smarty Mih\u00e1ly \u201eA szeg\u00e9ny asszony k\u00f6nyve\u201d c\u00edm\u0171 verset. J\u00e1nos a sport \u00e9s a foci ir\u00e1nti szenved\u00e9ly\u00e9t osztotta meg vel\u00fcnk. Ann\u00e1t\u00f3l megtudtuk,... R\u00e9szletek","og_url":"https:\/\/stuttgarti-katolikusok.de\/index.php\/denes-eva-megosztott-kincseink\/","og_site_name":"Stuttgarti Katolikusok","article_published_time":"2025-03-26T08:51:24+00:00","article_modified_time":"2025-03-26T09:06:53+00:00","og_image":[{"width":2048,"height":1536,"url":"https:\/\/stuttgarti-katolikusok.de\/wp-content\/uploads\/2025\/03\/baratsagklub-4.jpg","type":"image\/jpeg"}],"author":"Tibor atya","twitter_card":"summary_large_image","twitter_misc":{"Szerz\u0151:":"Tibor atya","Becs\u00fclt olvas\u00e1si id\u0151":"3 perc"},"schema":{"@context":"https:\/\/schema.org","@graph":[{"@type":"Article","@id":"https:\/\/stuttgarti-katolikusok.de\/index.php\/denes-eva-megosztott-kincseink\/#article","isPartOf":{"@id":"https:\/\/stuttgarti-katolikusok.de\/index.php\/denes-eva-megosztott-kincseink\/"},"author":{"name":"Tibor atya","@id":"https:\/\/stuttgarti-katolikusok.de\/#\/schema\/person\/75908d6f8fdc03a57889d27209df7795"},"headline":"D\u00e9nes \u00c9va: Megosztott kincseink","datePublished":"2025-03-26T08:51:24+00:00","dateModified":"2025-03-26T09:06:53+00:00","mainEntityOfPage":{"@id":"https:\/\/stuttgarti-katolikusok.de\/index.php\/denes-eva-megosztott-kincseink\/"},"wordCount":775,"image":{"@id":"https:\/\/stuttgarti-katolikusok.de\/index.php\/denes-eva-megosztott-kincseink\/#primaryimage"},"thumbnailUrl":"https:\/\/stuttgarti-katolikusok.de\/wp-content\/uploads\/2025\/03\/baratsagklub-4.jpg","articleSection":["Bar\u00e1ts\u00e1g Klub","V\u00e1logatott \u00edr\u00e1sok"],"inLanguage":"hu"},{"@type":"WebPage","@id":"https:\/\/stuttgarti-katolikusok.de\/index.php\/denes-eva-megosztott-kincseink\/","url":"https:\/\/stuttgarti-katolikusok.de\/index.php\/denes-eva-megosztott-kincseink\/","name":"D\u00e9nes \u00c9va: Megosztott kincseink - Stuttgarti Katolikusok","isPartOf":{"@id":"https:\/\/stuttgarti-katolikusok.de\/#website"},"primaryImageOfPage":{"@id":"https:\/\/stuttgarti-katolikusok.de\/index.php\/denes-eva-megosztott-kincseink\/#primaryimage"},"image":{"@id":"https:\/\/stuttgarti-katolikusok.de\/index.php\/denes-eva-megosztott-kincseink\/#primaryimage"},"thumbnailUrl":"https:\/\/stuttgarti-katolikusok.de\/wp-content\/uploads\/2025\/03\/baratsagklub-4.jpg","datePublished":"2025-03-26T08:51:24+00:00","dateModified":"2025-03-26T09:06:53+00:00","author":{"@id":"https:\/\/stuttgarti-katolikusok.de\/#\/schema\/person\/75908d6f8fdc03a57889d27209df7795"},"breadcrumb":{"@id":"https:\/\/stuttgarti-katolikusok.de\/index.php\/denes-eva-megosztott-kincseink\/#breadcrumb"},"inLanguage":"hu","potentialAction":[{"@type":"ReadAction","target":["https:\/\/stuttgarti-katolikusok.de\/index.php\/denes-eva-megosztott-kincseink\/"]}]},{"@type":"ImageObject","inLanguage":"hu","@id":"https:\/\/stuttgarti-katolikusok.de\/index.php\/denes-eva-megosztott-kincseink\/#primaryimage","url":"https:\/\/stuttgarti-katolikusok.de\/wp-content\/uploads\/2025\/03\/baratsagklub-4.jpg","contentUrl":"https:\/\/stuttgarti-katolikusok.de\/wp-content\/uploads\/2025\/03\/baratsagklub-4.jpg","width":2048,"height":1536},{"@type":"BreadcrumbList","@id":"https:\/\/stuttgarti-katolikusok.de\/index.php\/denes-eva-megosztott-kincseink\/#breadcrumb","itemListElement":[{"@type":"ListItem","position":1,"name":"Kezd\u0151lap","item":"https:\/\/stuttgarti-katolikusok.de\/"},{"@type":"ListItem","position":2,"name":"D\u00e9nes \u00c9va: Megosztott kincseink"}]},{"@type":"WebSite","@id":"https:\/\/stuttgarti-katolikusok.de\/#website","url":"https:\/\/stuttgarti-katolikusok.de\/","name":"Stuttgarti Katolikusok","description":"","potentialAction":[{"@type":"SearchAction","target":{"@type":"EntryPoint","urlTemplate":"https:\/\/stuttgarti-katolikusok.de\/?s={search_term_string}"},"query-input":{"@type":"PropertyValueSpecification","valueRequired":true,"valueName":"search_term_string"}}],"inLanguage":"hu"},{"@type":"Person","@id":"https:\/\/stuttgarti-katolikusok.de\/#\/schema\/person\/75908d6f8fdc03a57889d27209df7795","name":"Tibor atya","image":{"@type":"ImageObject","inLanguage":"hu","@id":"https:\/\/secure.gravatar.com\/avatar\/61d268e57d1f4525b111222e29d2d5a7f8c420fdbf231ba5566a8ceac74fa960?s=96&d=mm&r=g","url":"https:\/\/secure.gravatar.com\/avatar\/61d268e57d1f4525b111222e29d2d5a7f8c420fdbf231ba5566a8ceac74fa960?s=96&d=mm&r=g","contentUrl":"https:\/\/secure.gravatar.com\/avatar\/61d268e57d1f4525b111222e29d2d5a7f8c420fdbf231ba5566a8ceac74fa960?s=96&d=mm&r=g","caption":"Tibor atya"},"url":"https:\/\/stuttgarti-katolikusok.de\/index.php\/author\/tibor-atya\/"}]}},"_links":{"self":[{"href":"https:\/\/stuttgarti-katolikusok.de\/index.php\/wp-json\/wp\/v2\/posts\/30674","targetHints":{"allow":["GET"]}}],"collection":[{"href":"https:\/\/stuttgarti-katolikusok.de\/index.php\/wp-json\/wp\/v2\/posts"}],"about":[{"href":"https:\/\/stuttgarti-katolikusok.de\/index.php\/wp-json\/wp\/v2\/types\/post"}],"author":[{"embeddable":true,"href":"https:\/\/stuttgarti-katolikusok.de\/index.php\/wp-json\/wp\/v2\/users\/3"}],"replies":[{"embeddable":true,"href":"https:\/\/stuttgarti-katolikusok.de\/index.php\/wp-json\/wp\/v2\/comments?post=30674"}],"version-history":[{"count":5,"href":"https:\/\/stuttgarti-katolikusok.de\/index.php\/wp-json\/wp\/v2\/posts\/30674\/revisions"}],"predecessor-version":[{"id":30681,"href":"https:\/\/stuttgarti-katolikusok.de\/index.php\/wp-json\/wp\/v2\/posts\/30674\/revisions\/30681"}],"wp:featuredmedia":[{"embeddable":true,"href":"https:\/\/stuttgarti-katolikusok.de\/index.php\/wp-json\/wp\/v2\/media\/30675"}],"wp:attachment":[{"href":"https:\/\/stuttgarti-katolikusok.de\/index.php\/wp-json\/wp\/v2\/media?parent=30674"}],"wp:term":[{"taxonomy":"category","embeddable":true,"href":"https:\/\/stuttgarti-katolikusok.de\/index.php\/wp-json\/wp\/v2\/categories?post=30674"},{"taxonomy":"post_tag","embeddable":true,"href":"https:\/\/stuttgarti-katolikusok.de\/index.php\/wp-json\/wp\/v2\/tags?post=30674"}],"curies":[{"name":"wp","href":"https:\/\/api.w.org\/{rel}","templated":true}]}}