{"id":30650,"date":"2025-03-04T23:22:09","date_gmt":"2025-03-04T22:22:09","guid":{"rendered":"https:\/\/stuttgarti-katolikusok.de\/?p=30650"},"modified":"2025-03-18T23:40:23","modified_gmt":"2025-03-18T22:40:23","slug":"dr-klaus-kramer-puspok-nagybojti-uzenete","status":"publish","type":"post","link":"https:\/\/stuttgarti-katolikusok.de\/index.php\/dr-klaus-kramer-puspok-nagybojti-uzenete\/","title":{"rendered":"Dr. Klaus Kr\u00e4mer p\u00fcsp\u00f6k nagyb\u00f6jti \u00fczenete"},"content":{"rendered":"<p>Kedves Testv\u00e9rek,<\/p>\n<p>a h\u00fasv\u00e9tot megel\u0151z\u0151 b\u0171nb\u00e1nati id\u0151 elej\u00e9n egy els\u0151 lelkip\u00e1sztori lev\u00e9llel szeretn\u00e9k mindannyiukhoz fordulni. Sz\u00e1z nap telt el december 1-je \u00f3ta, amikor p\u00fcsp\u00f6kk\u00e9 szenteltek. Sz\u00edvesen ragadom az alkalmat, hogy a sok j\u00f3k\u00edv\u00e1ns\u00e1got, amit az Egyh\u00e1zmegye minden t\u00e1j\u00e1r\u00f3l kaptam, tiszta sz\u00edvb\u0151l megk\u00f6sz\u00f6njem. K\u00fcl\u00f6n\u00f6sen k\u00f6sz\u00f6n\u00f6m im\u00e1ds\u00e1gaikat. Az elm\u00falt hetekben p\u00fcsp\u00f6ks\u00e9g\u00fcnket mindenekel\u0151tt imak\u00f6z\u00f6ss\u00e9gnek tapasztaltam. Ez a tapasztalat er\u0151s\u00edt \u00e9s b\u00e1tor\u00edt, hogy \u00d6n\u00f6kkel egy\u00fctt Egyh\u00e1zmegy\u00e9nkben \u00faj l\u00e9p\u00e9seket tegy\u00fcnk.<\/p>\n<p>A h\u00fasv\u00e9ti b\u0171nb\u00e1nat id\u0151 kezdet\u00e9n J\u00e9zus figyelmeztet\u0151 szava \u00e1ll: \u201eT\u00e9rjetek meg \u00e9s higgyetek az evang\u00e9liumban\u201d. Ez a felh\u00edv\u00e1s mindannyiunkat \u00e9rint. Felh\u00edv\u00e1s, hogy ebben a 4O napban intenz\u00edvebben tekints\u00fcnk \u00e9let\u00fcnkre, utunknak \u00faj ir\u00e1nyt adjunk J\u00e9zus Krisztus fel\u00e9. \u0150 a vez\u00e9rcsillagunk, amelyhez igazodunk. A j\u00f3 h\u00edr, amit hirdetett, a rem\u00e9ny k\u00f6vete \u2013 Isten irgalmas szeretet\u00e9nek \u00edg\u00e9rete, amely mindenkit \u00e9rint. Akik tal\u00e1lkoztak J\u00e9zussal, \u00e9rezt\u00e9k: Szavaiban Isten besz\u00e9l hozz\u00e1nk. Isten szava a forr\u00e1s, amelyb\u0151l mindig \u00fajra er\u0151t mer\u00edthet\u00fcnk \u00e9let\u00fcnkh\u00f6z. Mert \u201enem csak keny\u00e9rrel \u00e9l az ember, hanem minden ig\u00e9vel, ami Isten sz\u00e1j\u00e1b\u00f3l sz\u00e1rmazik\u201d (Mt 4,4)<\/p>\n<p>Ami minden egyes kereszt\u00e9ny sz\u00e1m\u00e1ra \u00e9rv\u00e9nyes, az \u00e9rv\u00e9nyes minden h\u00edv\u0151 k\u00f6z\u00f6ss\u00e9g sz\u00e1m\u00e1ra is: Az Egyh\u00e1znak is mindig \u00fajra kell az evang\u00e9lium ut\u00e1n t\u00e1j\u00e9koz\u00f3dni, mindig tudatosan Isten szava al\u00e1 kell rendelje mag\u00e1t, hogy felismerje az utat, amelyet, mint h\u00edv\u0151k k\u00f6z\u00f6sen kell megtenn\u00fcnk: Hogyan lehet\u00fcnk az Evang\u00e9lium hiteles tan\u00fai az \u00fcdv\u00f6z\u00edt\u0151 h\u00edrnek, amely \u00e1ltalunk el akarja \u00e9rni az emberek sz\u00edv\u00e9t. \u00c9s ezt egy olyan id\u0151szakban, amikor \u00fagy t\u0171nik, hogy egyre t\u00f6bben fordulnak el a hitt\u0151l \u00e9s az egyh\u00e1zt\u00f3l. Hogyan siker\u00fclhetne, hogy \u0151k is legm\u00e9lyebb l\u00e9ny\u00fckben megtapasztalj\u00e1k, hogy Isten elfogadja \u00e9s szereti \u0151ket.<\/p>\n<p>Az Egyh\u00e1z, amely az evang\u00e9liumhoz igazodik tan\u00edt\u00e1s\u00e1ban, mint J\u00e9zus, mindenekel\u0151tt azokat fogja szemmel tartani, akik a t\u00e1rsadalom sz\u00e9l\u00e9n \u00e9lnek, akiket figyelmen k\u00edv\u00fcl hagynak, akik az \u00e9let \u00e1rnyoldal\u00e1n vannak. Ilyen emberekkel tal\u00e1lkozunk napjainkban \u2013 k\u00f6zvetlen \u00e9letk\u00f6r\u00fcnkben, a v\u00e1rosok \u00e9s falvak utc\u00e1in, terein. Mint vil\u00e1gszerte elterjedt hitk\u00f6z\u00f6ss\u00e9get nem hagyhat \u00e9rintetlen\u00fcl azon emberek sorsa, akik a vil\u00e1g m\u00e1s ter\u00fcletein igen neh\u00e9z k\u00f6r\u00fclm\u00e9nyek k\u00f6z\u00f6tt kell \u00e9ljenek. Az Evang\u00e9lium boldogit\u00f3 \u00fczenete ott lesz konkr\u00e9t, ahol ki\u00e1llunk minden egyes ember m\u00e9lt\u00f3s\u00e1g\u00e1\u00e9rt, ahol arra igyeksz\u00fcnk, hogy minden ember igazs\u00e1gos \u00e9s emberhez m\u00e9lt\u00f3 k\u00f6r\u00fclm\u00e9nyek k\u00f6z\u00f6tt \u00e9lhessen \u00e9s mindig \u00fajra nevelj\u00fck magunkat, hogy mindenkivel tisztelettel b\u00e1njunk.<\/p>\n<p>J\u00e9zus p\u00e9ldak\u00e9p\u00e9t k\u00f6vetve az Egyh\u00e1z feladata, a manaps\u00e1g k\u00fcl\u00f6nb\u00f6z\u0151 \u00e9letk\u00f6rnyezetben \u00e9l\u0151 embereket \u00f6sszehozni. Arra kell tov\u00e1bbra is t\u00f6rekedni, hogy egy ny\u00edlt, vend\u00e9gszeret\u0151 Egyh\u00e1z legy\u00fcnk. Napjainkban k\u00fcl\u00f6n\u00f6sen fontos, lek\u00fczdeni a polariz\u00e1ci\u00f3t \u00e9s a szakad\u00e9kot, az \u00e1rkokat nem m\u00e9ly\u00edteni, hidakat \u00e9p\u00edteni, helyet adni a p\u00e1rbesz\u00e9dnek, hogy az emberek egym\u00e1sra tal\u00e1lhassanak. Mint hitk\u00f6z\u00f6ss\u00e9g ezzel tudunk t\u00e1rsadalmunkban a szoci\u00e1lis \u00f6sszetart\u00e1shoz hozz\u00e1j\u00e1rulni. Ez azt is jelenti, hogy egy\u00e9rtelm\u0171en \u00e1ll\u00e1st foglalunk, ha olyan \u00e9rt\u00e9kekr\u0151l van sz\u00f3, amelyeket kereszt\u00e9nyk\u00e9nt vallunk, mint t\u00e1rsadalmi alapot. Mint kereszt\u00e9nyek nem hallgathatunk, ha az ember m\u00e9lt\u00f3s\u00e1g\u00e1t \u00e9s alapjog\u00e1t megs\u00e9rtik vagy k\u00e9rd\u0151be vonj\u00e1k.<\/p>\n<p>Szil\u00e1rdan meg vagyok gy\u0151z\u0151dve, hogy ahol egyh\u00e1zunk J\u00e9zus p\u00e9ldak\u00e9p\u00e9t k\u00f6vetve, az \u0150 \u00fczenet\u00e9b\u0151l keres korunk k\u00e9rd\u00e9seire v\u00e1laszt, ott \u00fajra sug\u00e1rz\u00f3 er\u0151t nyer. Fontos, hogy azon igyekezz\u00fcnk, hogy \u00e9l\u0151 egyh\u00e1z maradjunk, \u00e9s ahol ez nem adatott, ott egyre ink\u00e1bb azz\u00e1 v\u00e1ljunk.<br \/>\nEz csak \u00fagy siker\u00fclhet, ha hajland\u00f3k vagyunk t\u00e9nyeket \u00fajra \u00e1tgondolni \u00e9s megv\u00e1ltoztatni.<\/p>\n<p>A jelenlegi fejl\u0151d\u00e9s kij\u00f3zan\u00edt\u00f3 k\u00e9pet ad: Az egyh\u00e1ztagok sz\u00e1ma cs\u00f6kken. Ugyan\u00fagy a papok \u00e9s a lelki szolg\u00e1latban dolgoz\u00f3k sz\u00e1ma is. Azzal is tiszt\u00e1ban kell lenni, hogy a j\u00f6v\u0151ben nem rendelkez\u00fcnk azzal a p\u00e9nz\u00fcgyi kerettel, amelyhez mostan\u00e1ig hozz\u00e1szoktunk. Ez\u00e9rt nagyon meg kell gondolni, hogyan haszn\u00e1ljuk azt, ami rendelkez\u00e9s\u00fcnkre \u00e1ll \u00fagy, hogy az egyh\u00e1zi \u00e9let p\u00fcsp\u00f6ks\u00e9g\u00fcnkben ne csak megmaradjon, hanem tov\u00e1bb fejl\u0151dhessen \u00e9s \u00faj impulzusokat adjon.<\/p>\n<p>\u00c1t kell gondoljuk, hogy a j\u00f6v\u0151ben mire fektess\u00fck a s\u00falyt \u00e9s hol kell egyes dolgokr\u00f3l lemondani, hogy \u00fajat teremthess\u00fcnk. Arr\u00f3l fogunk t\u00e1rgyalni, hogyan fejl\u0151dhet az egy\u00fcttm\u0171k\u00f6d\u00e9s a k\u00f6zs\u00e9gek k\u00f6z\u00f6tt, \u00e9s ebb\u0151l milyen lelkip\u00e1sztori strukt\u00far\u00e1k ad\u00f3dhatnak.<br \/>\nV\u00e9g\u00fcl is a templom\u00e9p\u00fcletek \u00e1llom\u00e1ny\u00e1t \u00fagy kell tervezni \u00e9s az adminisztr\u00e1ci\u00f3s feladatokat \u00fagy szervezni, hogy a lelkiszolg\u00e1lat k\u00f6z\u00f6ss\u00e9geinket t\u00e1mogathassa \u00e9s az Egyh\u00e1z az emberek \u00e9let\u00e9hez k\u00f6zel maradhasson.<\/p>\n<p>Ezekkel &#8211; p\u00fcsp\u00f6ks\u00e9g\u00fcnk j\u00f6v\u0151j\u00e9re n\u00e9zve fontos &#8211; k\u00e9rd\u00e9sekkel fogok, mint p\u00fcsp\u00f6k foglalkozni \u2013 mindazokkal, akik felel\u0151ss\u00e9get viselnek p\u00fcsp\u00f6ks\u00e9g\u00fcnk egyh\u00e1zi \u00e9let\u00e9ben. Mint kereszt\u00e9nyek egy\u00fctt j\u00e1rjuk utunkat \u2013 szinod\u00e1lis egyh\u00e1z vagyunk. Ez\u00e9rt fontos nekem, hogy ezekr\u0151l a k\u00e9rd\u00e9sekr\u0151l p\u00fcsp\u00f6ks\u00e9g\u00fcnk minden szintj\u00e9n alaposan tan\u00e1cskozzanak: Az Egyh\u00e1zmegyei- Tan\u00e1cs, a Esperesi-Tan\u00e1cs, a Pl\u00e9b\u00e1niai-Tan\u00e1csban. Ez arr\u00f3l sz\u00f3l, hogy minden szempontot \u00e1t kell tekinteni. \u00c9s arr\u00f3l is sz\u00f3l, hogy egy\u00fctt hallgassuk Isten szav\u00e1t \u2013 hogy egy\u00fctt vizsg\u00e1ljuk azt a<br \/>\nk\u00e9rd\u00e9st, melyik \u00faton vezet minket Isten Szentlelke, mint J\u00e9zus Krisztus Egyh\u00e1za, a Rottenburg-Stuttgarti Egyh\u00e1zmegy\u00e9ben.<\/p>\n<p>Sz\u00edv\u00e9lyesen megh\u00edvom \u00d6n\u00f6ket, hogy ezt az utat egy\u00fctt j\u00e1rjuk, \u00f6tleteiket k\u00f6z\u00f6lj\u00e9k \u00e9s ezt a fontos folyamatot im\u00e1ikkal k\u00eds\u00e9rj\u00e9k. Er\u0151sen b\u00edzom benne: Ha Isten szav\u00e1t egy\u00fctt k\u00f6vetj\u00fck, felismerj\u00fck a helyes ir\u00e1nyt \u00e9s j\u00f3 \u00faton mehet\u00fcnk a j\u00f6v\u0151be \u2013 mint a rem\u00e9ny zar\u00e1ndokai.<\/p>\n<p>Ez Ferenc p\u00e1pa jelszava a Szent\u00e9vre. A rem\u00e9ny meg\u00f3v a belet\u00f6r\u0151d\u00e9st\u0151l \u00e9s a b\u00e9n\u00edt\u00f3 f\u00e9lelemt\u0151l. \u00c9let\u00fcnket sz\u00e9les horizontra \u00e1ll\u00edtja. Tekintet\u00fcnket a j\u00f6v\u0151re, mag\u00e1ra Istenre ir\u00e1ny\u00edtja. Megv\u00e9d a k\u00eds\u00e9rt\u00e9st\u0151l, hogy r\u00f6vidl\u00e1t\u00f3an gondolkodjunk, hogy hamis \u00e9rt\u00e9kek fel\u00e9 ir\u00e1nyuljunk vagy hogy t\u00e9tlenek legy\u00fcnk. A rem\u00e9ny zar\u00e1ndokaik\u00e9nt hivatva vagyunk, Isten szav\u00e1t k\u00f6vetni, erej\u00e9b\u0151l mer\u00edtett bizalommal j\u00e1rni a k\u00f6z\u00f6s utat \u2013 k\u00fcl\u00f6n\u00f6sen ezekben a h\u00fasv\u00e9t el\u0151tti b\u0171nb\u00e1nati napokban.<\/p>\n<p>K\u00edv\u00e1nok \u00d6n\u00f6knek \u00e1ldott el\u0151k\u00e9sz\u00fcletet a h\u00fasv\u00e9ti \u00fcnnepekre \u00e9s sz\u00edv\u00e9lyes \u00f6sszetart\u00e1ssal k\u00fcld\u00f6m \u00fcdv\u00f6zleteimet,<\/p>\n<p>Dr. Klaus Kr\u00e4mer<br \/>\nRottenburg am Neckar, 2025. Szent\u00e9v, febru\u00e1r 22.<\/p>\n<p><em>(K\u00e9p forr\u00e1sa: Jochen Wiedemann)<\/em><\/p>\n","protected":false},"excerpt":{"rendered":"<p>Kedves Testv\u00e9rek, a h\u00fasv\u00e9tot megel\u0151z\u0151 b\u0171nb\u00e1nati id\u0151 elej\u00e9n egy els\u0151 lelkip\u00e1sztori lev\u00e9llel szeretn\u00e9k mindannyiukhoz fordulni. Sz\u00e1z nap telt el december 1-je \u00f3ta, amikor p\u00fcsp\u00f6kk\u00e9 szenteltek. Sz\u00edvesen ragadom az alkalmat, hogy a sok j\u00f3k\u00edv\u00e1ns\u00e1got, amit az Egyh\u00e1zmegye minden t\u00e1j\u00e1r\u00f3l kaptam, tiszta sz\u00edvb\u0151l megk\u00f6sz\u00f6njem. K\u00fcl\u00f6n\u00f6sen k\u00f6sz\u00f6n\u00f6m im\u00e1ds\u00e1gaikat. Az elm\u00falt hetekben p\u00fcsp\u00f6ks\u00e9g\u00fcnket mindenekel\u0151tt imak\u00f6z\u00f6ss\u00e9gnek tapasztaltam. Ez a tapasztalat er\u0151s\u00edt \u00e9s b\u00e1tor\u00edt, hogy \u00d6n\u00f6kkel egy\u00fctt Egyh\u00e1zmegy\u00e9nkben \u00faj l\u00e9p\u00e9seket tegy\u00fcnk. A h\u00fasv\u00e9ti b\u0171nb\u00e1nat id\u0151 kezdet\u00e9n J\u00e9zus figyelmeztet\u0151 szava \u00e1ll: \u201eT\u00e9rjetek meg \u00e9s higgyetek az evang\u00e9liumban\u201d. Ez a felh\u00edv\u00e1s mindannyiunkat \u00e9rint. Felh\u00edv\u00e1s, hogy ebben a 4O napban intenz\u00edvebben tekints\u00fcnk \u00e9let\u00fcnkre, utunknak \u00faj ir\u00e1nyt adjunk J\u00e9zus Krisztus fel\u00e9. \u0150 a vez\u00e9rcsillagunk, amelyhez igazodunk. A j\u00f3 h\u00edr, amit hirdetett, a rem\u00e9ny k\u00f6vete \u2013 Isten irgalmas szeretet\u00e9nek \u00edg\u00e9rete, amely mindenkit \u00e9rint. Akik tal\u00e1lkoztak J\u00e9zussal, \u00e9rezt\u00e9k: Szavaiban Isten besz\u00e9l hozz\u00e1nk. Isten szava a forr\u00e1s, amelyb\u0151l mindig \u00fajra er\u0151t mer\u00edthet\u00fcnk \u00e9let\u00fcnkh\u00f6z. Mert \u201enem csak keny\u00e9rrel \u00e9l az ember, hanem minden ig\u00e9vel, ami Isten sz\u00e1j\u00e1b\u00f3l sz\u00e1rmazik\u201d (Mt 4,4) Ami minden egyes kereszt\u00e9ny sz\u00e1m\u00e1ra \u00e9rv\u00e9nyes, az \u00e9rv\u00e9nyes minden h\u00edv\u0151 k\u00f6z\u00f6ss\u00e9g sz\u00e1m\u00e1ra is: Az Egyh\u00e1znak is mindig \u00fajra kell az evang\u00e9lium ut\u00e1n t\u00e1j\u00e9koz\u00f3dni, mindig tudatosan Isten szava al\u00e1 kell rendelje mag\u00e1t, hogy felismerje az utat, amelyet, mint h\u00edv\u0151k k\u00f6z\u00f6sen kell megtenn\u00fcnk: Hogyan lehet\u00fcnk az Evang\u00e9lium hiteles tan\u00fai az \u00fcdv\u00f6z\u00edt\u0151 h\u00edrnek, amely \u00e1ltalunk el akarja \u00e9rni az emberek sz\u00edv\u00e9t. \u00c9s ezt egy olyan id\u0151szakban, amikor \u00fagy t\u0171nik, hogy egyre t\u00f6bben fordulnak el a hitt\u0151l \u00e9s az egyh\u00e1zt\u00f3l. Hogyan siker\u00fclhetne, hogy \u0151k is legm\u00e9lyebb l\u00e9ny\u00fckben megtapasztalj\u00e1k, hogy Isten elfogadja \u00e9s szereti \u0151ket. Az Egyh\u00e1z, amely az evang\u00e9liumhoz igazodik tan\u00edt\u00e1s\u00e1ban, mint J\u00e9zus, mindenekel\u0151tt azokat fogja szemmel tartani, akik a t\u00e1rsadalom sz\u00e9l\u00e9n \u00e9lnek, akiket figyelmen k\u00edv\u00fcl hagynak, akik az \u00e9let \u00e1rnyoldal\u00e1n vannak. Ilyen emberekkel tal\u00e1lkozunk napjainkban \u2013 k\u00f6zvetlen \u00e9letk\u00f6r\u00fcnkben, a v\u00e1rosok \u00e9s falvak utc\u00e1in, terein. Mint vil\u00e1gszerte elterjedt hitk\u00f6z\u00f6ss\u00e9get nem hagyhat \u00e9rintetlen\u00fcl azon emberek sorsa, akik a vil\u00e1g&#8230; <\/p>\n<p><a class=\"readmore\" href=\"https:\/\/stuttgarti-katolikusok.de\/index.php\/dr-klaus-kramer-puspok-nagybojti-uzenete\/\">R\u00e9szletek<\/a><\/p>\n","protected":false},"author":3,"featured_media":30651,"comment_status":"closed","ping_status":"closed","sticky":false,"template":"","format":"standard","meta":{"footnotes":""},"categories":[5,1],"tags":[],"class_list":["post-30650","post","type-post","status-publish","format-standard","has-post-thumbnail","hentry","category-hirek","category-valogatott"],"yoast_head":"<!-- This site is optimized with the Yoast SEO plugin v27.3 - https:\/\/yoast.com\/product\/yoast-seo-wordpress\/ -->\n<title>Dr. Klaus Kr\u00e4mer p\u00fcsp\u00f6k nagyb\u00f6jti \u00fczenete - Stuttgarti Katolikusok<\/title>\n<meta name=\"robots\" content=\"index, follow, max-snippet:-1, max-image-preview:large, max-video-preview:-1\" \/>\n<link rel=\"canonical\" href=\"https:\/\/stuttgarti-katolikusok.de\/index.php\/dr-klaus-kramer-puspok-nagybojti-uzenete\/\" \/>\n<meta property=\"og:locale\" content=\"hu_HU\" \/>\n<meta property=\"og:type\" content=\"article\" \/>\n<meta property=\"og:title\" content=\"Dr. Klaus Kr\u00e4mer p\u00fcsp\u00f6k nagyb\u00f6jti \u00fczenete - Stuttgarti Katolikusok\" \/>\n<meta property=\"og:description\" content=\"Kedves Testv\u00e9rek, a h\u00fasv\u00e9tot megel\u0151z\u0151 b\u0171nb\u00e1nati id\u0151 elej\u00e9n egy els\u0151 lelkip\u00e1sztori lev\u00e9llel szeretn\u00e9k mindannyiukhoz fordulni. Sz\u00e1z nap telt el december 1-je \u00f3ta, amikor p\u00fcsp\u00f6kk\u00e9 szenteltek. Sz\u00edvesen ragadom az alkalmat, hogy a sok j\u00f3k\u00edv\u00e1ns\u00e1got, amit az Egyh\u00e1zmegye minden t\u00e1j\u00e1r\u00f3l kaptam, tiszta sz\u00edvb\u0151l megk\u00f6sz\u00f6njem. K\u00fcl\u00f6n\u00f6sen k\u00f6sz\u00f6n\u00f6m im\u00e1ds\u00e1gaikat. Az elm\u00falt hetekben p\u00fcsp\u00f6ks\u00e9g\u00fcnket mindenekel\u0151tt imak\u00f6z\u00f6ss\u00e9gnek tapasztaltam. Ez a tapasztalat er\u0151s\u00edt \u00e9s b\u00e1tor\u00edt, hogy \u00d6n\u00f6kkel egy\u00fctt Egyh\u00e1zmegy\u00e9nkben \u00faj l\u00e9p\u00e9seket tegy\u00fcnk. A h\u00fasv\u00e9ti b\u0171nb\u00e1nat id\u0151 kezdet\u00e9n J\u00e9zus figyelmeztet\u0151 szava \u00e1ll: \u201eT\u00e9rjetek meg \u00e9s higgyetek az evang\u00e9liumban\u201d. Ez a felh\u00edv\u00e1s mindannyiunkat \u00e9rint. Felh\u00edv\u00e1s, hogy ebben a 4O napban intenz\u00edvebben tekints\u00fcnk \u00e9let\u00fcnkre, utunknak \u00faj ir\u00e1nyt adjunk J\u00e9zus Krisztus fel\u00e9. \u0150 a vez\u00e9rcsillagunk, amelyhez igazodunk. A j\u00f3 h\u00edr, amit hirdetett, a rem\u00e9ny k\u00f6vete \u2013 Isten irgalmas szeretet\u00e9nek \u00edg\u00e9rete, amely mindenkit \u00e9rint. Akik tal\u00e1lkoztak J\u00e9zussal, \u00e9rezt\u00e9k: Szavaiban Isten besz\u00e9l hozz\u00e1nk. Isten szava a forr\u00e1s, amelyb\u0151l mindig \u00fajra er\u0151t mer\u00edthet\u00fcnk \u00e9let\u00fcnkh\u00f6z. Mert \u201enem csak keny\u00e9rrel \u00e9l az ember, hanem minden ig\u00e9vel, ami Isten sz\u00e1j\u00e1b\u00f3l sz\u00e1rmazik\u201d (Mt 4,4) Ami minden egyes kereszt\u00e9ny sz\u00e1m\u00e1ra \u00e9rv\u00e9nyes, az \u00e9rv\u00e9nyes minden h\u00edv\u0151 k\u00f6z\u00f6ss\u00e9g sz\u00e1m\u00e1ra is: Az Egyh\u00e1znak is mindig \u00fajra kell az evang\u00e9lium ut\u00e1n t\u00e1j\u00e9koz\u00f3dni, mindig tudatosan Isten szava al\u00e1 kell rendelje mag\u00e1t, hogy felismerje az utat, amelyet, mint h\u00edv\u0151k k\u00f6z\u00f6sen kell megtenn\u00fcnk: Hogyan lehet\u00fcnk az Evang\u00e9lium hiteles tan\u00fai az \u00fcdv\u00f6z\u00edt\u0151 h\u00edrnek, amely \u00e1ltalunk el akarja \u00e9rni az emberek sz\u00edv\u00e9t. \u00c9s ezt egy olyan id\u0151szakban, amikor \u00fagy t\u0171nik, hogy egyre t\u00f6bben fordulnak el a hitt\u0151l \u00e9s az egyh\u00e1zt\u00f3l. Hogyan siker\u00fclhetne, hogy \u0151k is legm\u00e9lyebb l\u00e9ny\u00fckben megtapasztalj\u00e1k, hogy Isten elfogadja \u00e9s szereti \u0151ket. Az Egyh\u00e1z, amely az evang\u00e9liumhoz igazodik tan\u00edt\u00e1s\u00e1ban, mint J\u00e9zus, mindenekel\u0151tt azokat fogja szemmel tartani, akik a t\u00e1rsadalom sz\u00e9l\u00e9n \u00e9lnek, akiket figyelmen k\u00edv\u00fcl hagynak, akik az \u00e9let \u00e1rnyoldal\u00e1n vannak. Ilyen emberekkel tal\u00e1lkozunk napjainkban \u2013 k\u00f6zvetlen \u00e9letk\u00f6r\u00fcnkben, a v\u00e1rosok \u00e9s falvak utc\u00e1in, terein. Mint vil\u00e1gszerte elterjedt hitk\u00f6z\u00f6ss\u00e9get nem hagyhat \u00e9rintetlen\u00fcl azon emberek sorsa, akik a vil\u00e1g... R\u00e9szletek\" \/>\n<meta property=\"og:url\" content=\"https:\/\/stuttgarti-katolikusok.de\/index.php\/dr-klaus-kramer-puspok-nagybojti-uzenete\/\" \/>\n<meta property=\"og:site_name\" content=\"Stuttgarti Katolikusok\" \/>\n<meta property=\"article:published_time\" content=\"2025-03-04T22:22:09+00:00\" \/>\n<meta property=\"article:modified_time\" content=\"2025-03-18T22:40:23+00:00\" \/>\n<meta property=\"og:image\" content=\"https:\/\/stuttgarti-katolikusok.de\/wp-content\/uploads\/2025\/03\/klaus-kramer-jochen-wiedemann.jpg\" \/>\n\t<meta property=\"og:image:width\" content=\"630\" \/>\n\t<meta property=\"og:image:height\" content=\"420\" \/>\n\t<meta property=\"og:image:type\" content=\"image\/jpeg\" \/>\n<meta name=\"author\" content=\"Tibor atya\" \/>\n<meta name=\"twitter:card\" content=\"summary_large_image\" \/>\n<meta name=\"twitter:label1\" content=\"Szerz\u0151:\" \/>\n\t<meta name=\"twitter:data1\" content=\"Tibor atya\" \/>\n\t<meta name=\"twitter:label2\" content=\"Becs\u00fclt olvas\u00e1si id\u0151\" \/>\n\t<meta name=\"twitter:data2\" content=\"5 perc\" \/>\n<script type=\"application\/ld+json\" class=\"yoast-schema-graph\">{\"@context\":\"https:\\\/\\\/schema.org\",\"@graph\":[{\"@type\":\"Article\",\"@id\":\"https:\\\/\\\/stuttgarti-katolikusok.de\\\/index.php\\\/dr-klaus-kramer-puspok-nagybojti-uzenete\\\/#article\",\"isPartOf\":{\"@id\":\"https:\\\/\\\/stuttgarti-katolikusok.de\\\/index.php\\\/dr-klaus-kramer-puspok-nagybojti-uzenete\\\/\"},\"author\":{\"name\":\"Tibor atya\",\"@id\":\"https:\\\/\\\/stuttgarti-katolikusok.de\\\/#\\\/schema\\\/person\\\/75908d6f8fdc03a57889d27209df7795\"},\"headline\":\"Dr. Klaus Kr\u00e4mer p\u00fcsp\u00f6k nagyb\u00f6jti \u00fczenete\",\"datePublished\":\"2025-03-04T22:22:09+00:00\",\"dateModified\":\"2025-03-18T22:40:23+00:00\",\"mainEntityOfPage\":{\"@id\":\"https:\\\/\\\/stuttgarti-katolikusok.de\\\/index.php\\\/dr-klaus-kramer-puspok-nagybojti-uzenete\\\/\"},\"wordCount\":1315,\"image\":{\"@id\":\"https:\\\/\\\/stuttgarti-katolikusok.de\\\/index.php\\\/dr-klaus-kramer-puspok-nagybojti-uzenete\\\/#primaryimage\"},\"thumbnailUrl\":\"https:\\\/\\\/stuttgarti-katolikusok.de\\\/wp-content\\\/uploads\\\/2025\\\/03\\\/klaus-kramer-jochen-wiedemann.jpg\",\"articleSection\":[\"H\u00edrek\",\"V\u00e1logatott \u00edr\u00e1sok\"],\"inLanguage\":\"hu\"},{\"@type\":\"WebPage\",\"@id\":\"https:\\\/\\\/stuttgarti-katolikusok.de\\\/index.php\\\/dr-klaus-kramer-puspok-nagybojti-uzenete\\\/\",\"url\":\"https:\\\/\\\/stuttgarti-katolikusok.de\\\/index.php\\\/dr-klaus-kramer-puspok-nagybojti-uzenete\\\/\",\"name\":\"Dr. Klaus Kr\u00e4mer p\u00fcsp\u00f6k nagyb\u00f6jti \u00fczenete - Stuttgarti Katolikusok\",\"isPartOf\":{\"@id\":\"https:\\\/\\\/stuttgarti-katolikusok.de\\\/#website\"},\"primaryImageOfPage\":{\"@id\":\"https:\\\/\\\/stuttgarti-katolikusok.de\\\/index.php\\\/dr-klaus-kramer-puspok-nagybojti-uzenete\\\/#primaryimage\"},\"image\":{\"@id\":\"https:\\\/\\\/stuttgarti-katolikusok.de\\\/index.php\\\/dr-klaus-kramer-puspok-nagybojti-uzenete\\\/#primaryimage\"},\"thumbnailUrl\":\"https:\\\/\\\/stuttgarti-katolikusok.de\\\/wp-content\\\/uploads\\\/2025\\\/03\\\/klaus-kramer-jochen-wiedemann.jpg\",\"datePublished\":\"2025-03-04T22:22:09+00:00\",\"dateModified\":\"2025-03-18T22:40:23+00:00\",\"author\":{\"@id\":\"https:\\\/\\\/stuttgarti-katolikusok.de\\\/#\\\/schema\\\/person\\\/75908d6f8fdc03a57889d27209df7795\"},\"breadcrumb\":{\"@id\":\"https:\\\/\\\/stuttgarti-katolikusok.de\\\/index.php\\\/dr-klaus-kramer-puspok-nagybojti-uzenete\\\/#breadcrumb\"},\"inLanguage\":\"hu\",\"potentialAction\":[{\"@type\":\"ReadAction\",\"target\":[\"https:\\\/\\\/stuttgarti-katolikusok.de\\\/index.php\\\/dr-klaus-kramer-puspok-nagybojti-uzenete\\\/\"]}]},{\"@type\":\"ImageObject\",\"inLanguage\":\"hu\",\"@id\":\"https:\\\/\\\/stuttgarti-katolikusok.de\\\/index.php\\\/dr-klaus-kramer-puspok-nagybojti-uzenete\\\/#primaryimage\",\"url\":\"https:\\\/\\\/stuttgarti-katolikusok.de\\\/wp-content\\\/uploads\\\/2025\\\/03\\\/klaus-kramer-jochen-wiedemann.jpg\",\"contentUrl\":\"https:\\\/\\\/stuttgarti-katolikusok.de\\\/wp-content\\\/uploads\\\/2025\\\/03\\\/klaus-kramer-jochen-wiedemann.jpg\",\"width\":630,\"height\":420},{\"@type\":\"BreadcrumbList\",\"@id\":\"https:\\\/\\\/stuttgarti-katolikusok.de\\\/index.php\\\/dr-klaus-kramer-puspok-nagybojti-uzenete\\\/#breadcrumb\",\"itemListElement\":[{\"@type\":\"ListItem\",\"position\":1,\"name\":\"Kezd\u0151lap\",\"item\":\"https:\\\/\\\/stuttgarti-katolikusok.de\\\/\"},{\"@type\":\"ListItem\",\"position\":2,\"name\":\"Dr. Klaus Kr\u00e4mer p\u00fcsp\u00f6k nagyb\u00f6jti \u00fczenete\"}]},{\"@type\":\"WebSite\",\"@id\":\"https:\\\/\\\/stuttgarti-katolikusok.de\\\/#website\",\"url\":\"https:\\\/\\\/stuttgarti-katolikusok.de\\\/\",\"name\":\"Stuttgarti Katolikusok\",\"description\":\"\",\"potentialAction\":[{\"@type\":\"SearchAction\",\"target\":{\"@type\":\"EntryPoint\",\"urlTemplate\":\"https:\\\/\\\/stuttgarti-katolikusok.de\\\/?s={search_term_string}\"},\"query-input\":{\"@type\":\"PropertyValueSpecification\",\"valueRequired\":true,\"valueName\":\"search_term_string\"}}],\"inLanguage\":\"hu\"},{\"@type\":\"Person\",\"@id\":\"https:\\\/\\\/stuttgarti-katolikusok.de\\\/#\\\/schema\\\/person\\\/75908d6f8fdc03a57889d27209df7795\",\"name\":\"Tibor atya\",\"image\":{\"@type\":\"ImageObject\",\"inLanguage\":\"hu\",\"@id\":\"https:\\\/\\\/secure.gravatar.com\\\/avatar\\\/61d268e57d1f4525b111222e29d2d5a7f8c420fdbf231ba5566a8ceac74fa960?s=96&d=mm&r=g\",\"url\":\"https:\\\/\\\/secure.gravatar.com\\\/avatar\\\/61d268e57d1f4525b111222e29d2d5a7f8c420fdbf231ba5566a8ceac74fa960?s=96&d=mm&r=g\",\"contentUrl\":\"https:\\\/\\\/secure.gravatar.com\\\/avatar\\\/61d268e57d1f4525b111222e29d2d5a7f8c420fdbf231ba5566a8ceac74fa960?s=96&d=mm&r=g\",\"caption\":\"Tibor atya\"},\"url\":\"https:\\\/\\\/stuttgarti-katolikusok.de\\\/index.php\\\/author\\\/tibor-atya\\\/\"}]}<\/script>\n<!-- \/ Yoast SEO plugin. -->","yoast_head_json":{"title":"Dr. Klaus Kr\u00e4mer p\u00fcsp\u00f6k nagyb\u00f6jti \u00fczenete - Stuttgarti Katolikusok","robots":{"index":"index","follow":"follow","max-snippet":"max-snippet:-1","max-image-preview":"max-image-preview:large","max-video-preview":"max-video-preview:-1"},"canonical":"https:\/\/stuttgarti-katolikusok.de\/index.php\/dr-klaus-kramer-puspok-nagybojti-uzenete\/","og_locale":"hu_HU","og_type":"article","og_title":"Dr. Klaus Kr\u00e4mer p\u00fcsp\u00f6k nagyb\u00f6jti \u00fczenete - Stuttgarti Katolikusok","og_description":"Kedves Testv\u00e9rek, a h\u00fasv\u00e9tot megel\u0151z\u0151 b\u0171nb\u00e1nati id\u0151 elej\u00e9n egy els\u0151 lelkip\u00e1sztori lev\u00e9llel szeretn\u00e9k mindannyiukhoz fordulni. Sz\u00e1z nap telt el december 1-je \u00f3ta, amikor p\u00fcsp\u00f6kk\u00e9 szenteltek. Sz\u00edvesen ragadom az alkalmat, hogy a sok j\u00f3k\u00edv\u00e1ns\u00e1got, amit az Egyh\u00e1zmegye minden t\u00e1j\u00e1r\u00f3l kaptam, tiszta sz\u00edvb\u0151l megk\u00f6sz\u00f6njem. K\u00fcl\u00f6n\u00f6sen k\u00f6sz\u00f6n\u00f6m im\u00e1ds\u00e1gaikat. Az elm\u00falt hetekben p\u00fcsp\u00f6ks\u00e9g\u00fcnket mindenekel\u0151tt imak\u00f6z\u00f6ss\u00e9gnek tapasztaltam. Ez a tapasztalat er\u0151s\u00edt \u00e9s b\u00e1tor\u00edt, hogy \u00d6n\u00f6kkel egy\u00fctt Egyh\u00e1zmegy\u00e9nkben \u00faj l\u00e9p\u00e9seket tegy\u00fcnk. A h\u00fasv\u00e9ti b\u0171nb\u00e1nat id\u0151 kezdet\u00e9n J\u00e9zus figyelmeztet\u0151 szava \u00e1ll: \u201eT\u00e9rjetek meg \u00e9s higgyetek az evang\u00e9liumban\u201d. Ez a felh\u00edv\u00e1s mindannyiunkat \u00e9rint. Felh\u00edv\u00e1s, hogy ebben a 4O napban intenz\u00edvebben tekints\u00fcnk \u00e9let\u00fcnkre, utunknak \u00faj ir\u00e1nyt adjunk J\u00e9zus Krisztus fel\u00e9. \u0150 a vez\u00e9rcsillagunk, amelyhez igazodunk. A j\u00f3 h\u00edr, amit hirdetett, a rem\u00e9ny k\u00f6vete \u2013 Isten irgalmas szeretet\u00e9nek \u00edg\u00e9rete, amely mindenkit \u00e9rint. Akik tal\u00e1lkoztak J\u00e9zussal, \u00e9rezt\u00e9k: Szavaiban Isten besz\u00e9l hozz\u00e1nk. Isten szava a forr\u00e1s, amelyb\u0151l mindig \u00fajra er\u0151t mer\u00edthet\u00fcnk \u00e9let\u00fcnkh\u00f6z. Mert \u201enem csak keny\u00e9rrel \u00e9l az ember, hanem minden ig\u00e9vel, ami Isten sz\u00e1j\u00e1b\u00f3l sz\u00e1rmazik\u201d (Mt 4,4) Ami minden egyes kereszt\u00e9ny sz\u00e1m\u00e1ra \u00e9rv\u00e9nyes, az \u00e9rv\u00e9nyes minden h\u00edv\u0151 k\u00f6z\u00f6ss\u00e9g sz\u00e1m\u00e1ra is: Az Egyh\u00e1znak is mindig \u00fajra kell az evang\u00e9lium ut\u00e1n t\u00e1j\u00e9koz\u00f3dni, mindig tudatosan Isten szava al\u00e1 kell rendelje mag\u00e1t, hogy felismerje az utat, amelyet, mint h\u00edv\u0151k k\u00f6z\u00f6sen kell megtenn\u00fcnk: Hogyan lehet\u00fcnk az Evang\u00e9lium hiteles tan\u00fai az \u00fcdv\u00f6z\u00edt\u0151 h\u00edrnek, amely \u00e1ltalunk el akarja \u00e9rni az emberek sz\u00edv\u00e9t. \u00c9s ezt egy olyan id\u0151szakban, amikor \u00fagy t\u0171nik, hogy egyre t\u00f6bben fordulnak el a hitt\u0151l \u00e9s az egyh\u00e1zt\u00f3l. Hogyan siker\u00fclhetne, hogy \u0151k is legm\u00e9lyebb l\u00e9ny\u00fckben megtapasztalj\u00e1k, hogy Isten elfogadja \u00e9s szereti \u0151ket. Az Egyh\u00e1z, amely az evang\u00e9liumhoz igazodik tan\u00edt\u00e1s\u00e1ban, mint J\u00e9zus, mindenekel\u0151tt azokat fogja szemmel tartani, akik a t\u00e1rsadalom sz\u00e9l\u00e9n \u00e9lnek, akiket figyelmen k\u00edv\u00fcl hagynak, akik az \u00e9let \u00e1rnyoldal\u00e1n vannak. Ilyen emberekkel tal\u00e1lkozunk napjainkban \u2013 k\u00f6zvetlen \u00e9letk\u00f6r\u00fcnkben, a v\u00e1rosok \u00e9s falvak utc\u00e1in, terein. Mint vil\u00e1gszerte elterjedt hitk\u00f6z\u00f6ss\u00e9get nem hagyhat \u00e9rintetlen\u00fcl azon emberek sorsa, akik a vil\u00e1g... R\u00e9szletek","og_url":"https:\/\/stuttgarti-katolikusok.de\/index.php\/dr-klaus-kramer-puspok-nagybojti-uzenete\/","og_site_name":"Stuttgarti Katolikusok","article_published_time":"2025-03-04T22:22:09+00:00","article_modified_time":"2025-03-18T22:40:23+00:00","og_image":[{"width":630,"height":420,"url":"https:\/\/stuttgarti-katolikusok.de\/wp-content\/uploads\/2025\/03\/klaus-kramer-jochen-wiedemann.jpg","type":"image\/jpeg"}],"author":"Tibor atya","twitter_card":"summary_large_image","twitter_misc":{"Szerz\u0151:":"Tibor atya","Becs\u00fclt olvas\u00e1si id\u0151":"5 perc"},"schema":{"@context":"https:\/\/schema.org","@graph":[{"@type":"Article","@id":"https:\/\/stuttgarti-katolikusok.de\/index.php\/dr-klaus-kramer-puspok-nagybojti-uzenete\/#article","isPartOf":{"@id":"https:\/\/stuttgarti-katolikusok.de\/index.php\/dr-klaus-kramer-puspok-nagybojti-uzenete\/"},"author":{"name":"Tibor atya","@id":"https:\/\/stuttgarti-katolikusok.de\/#\/schema\/person\/75908d6f8fdc03a57889d27209df7795"},"headline":"Dr. Klaus Kr\u00e4mer p\u00fcsp\u00f6k nagyb\u00f6jti \u00fczenete","datePublished":"2025-03-04T22:22:09+00:00","dateModified":"2025-03-18T22:40:23+00:00","mainEntityOfPage":{"@id":"https:\/\/stuttgarti-katolikusok.de\/index.php\/dr-klaus-kramer-puspok-nagybojti-uzenete\/"},"wordCount":1315,"image":{"@id":"https:\/\/stuttgarti-katolikusok.de\/index.php\/dr-klaus-kramer-puspok-nagybojti-uzenete\/#primaryimage"},"thumbnailUrl":"https:\/\/stuttgarti-katolikusok.de\/wp-content\/uploads\/2025\/03\/klaus-kramer-jochen-wiedemann.jpg","articleSection":["H\u00edrek","V\u00e1logatott \u00edr\u00e1sok"],"inLanguage":"hu"},{"@type":"WebPage","@id":"https:\/\/stuttgarti-katolikusok.de\/index.php\/dr-klaus-kramer-puspok-nagybojti-uzenete\/","url":"https:\/\/stuttgarti-katolikusok.de\/index.php\/dr-klaus-kramer-puspok-nagybojti-uzenete\/","name":"Dr. Klaus Kr\u00e4mer p\u00fcsp\u00f6k nagyb\u00f6jti \u00fczenete - Stuttgarti Katolikusok","isPartOf":{"@id":"https:\/\/stuttgarti-katolikusok.de\/#website"},"primaryImageOfPage":{"@id":"https:\/\/stuttgarti-katolikusok.de\/index.php\/dr-klaus-kramer-puspok-nagybojti-uzenete\/#primaryimage"},"image":{"@id":"https:\/\/stuttgarti-katolikusok.de\/index.php\/dr-klaus-kramer-puspok-nagybojti-uzenete\/#primaryimage"},"thumbnailUrl":"https:\/\/stuttgarti-katolikusok.de\/wp-content\/uploads\/2025\/03\/klaus-kramer-jochen-wiedemann.jpg","datePublished":"2025-03-04T22:22:09+00:00","dateModified":"2025-03-18T22:40:23+00:00","author":{"@id":"https:\/\/stuttgarti-katolikusok.de\/#\/schema\/person\/75908d6f8fdc03a57889d27209df7795"},"breadcrumb":{"@id":"https:\/\/stuttgarti-katolikusok.de\/index.php\/dr-klaus-kramer-puspok-nagybojti-uzenete\/#breadcrumb"},"inLanguage":"hu","potentialAction":[{"@type":"ReadAction","target":["https:\/\/stuttgarti-katolikusok.de\/index.php\/dr-klaus-kramer-puspok-nagybojti-uzenete\/"]}]},{"@type":"ImageObject","inLanguage":"hu","@id":"https:\/\/stuttgarti-katolikusok.de\/index.php\/dr-klaus-kramer-puspok-nagybojti-uzenete\/#primaryimage","url":"https:\/\/stuttgarti-katolikusok.de\/wp-content\/uploads\/2025\/03\/klaus-kramer-jochen-wiedemann.jpg","contentUrl":"https:\/\/stuttgarti-katolikusok.de\/wp-content\/uploads\/2025\/03\/klaus-kramer-jochen-wiedemann.jpg","width":630,"height":420},{"@type":"BreadcrumbList","@id":"https:\/\/stuttgarti-katolikusok.de\/index.php\/dr-klaus-kramer-puspok-nagybojti-uzenete\/#breadcrumb","itemListElement":[{"@type":"ListItem","position":1,"name":"Kezd\u0151lap","item":"https:\/\/stuttgarti-katolikusok.de\/"},{"@type":"ListItem","position":2,"name":"Dr. Klaus Kr\u00e4mer p\u00fcsp\u00f6k nagyb\u00f6jti \u00fczenete"}]},{"@type":"WebSite","@id":"https:\/\/stuttgarti-katolikusok.de\/#website","url":"https:\/\/stuttgarti-katolikusok.de\/","name":"Stuttgarti Katolikusok","description":"","potentialAction":[{"@type":"SearchAction","target":{"@type":"EntryPoint","urlTemplate":"https:\/\/stuttgarti-katolikusok.de\/?s={search_term_string}"},"query-input":{"@type":"PropertyValueSpecification","valueRequired":true,"valueName":"search_term_string"}}],"inLanguage":"hu"},{"@type":"Person","@id":"https:\/\/stuttgarti-katolikusok.de\/#\/schema\/person\/75908d6f8fdc03a57889d27209df7795","name":"Tibor atya","image":{"@type":"ImageObject","inLanguage":"hu","@id":"https:\/\/secure.gravatar.com\/avatar\/61d268e57d1f4525b111222e29d2d5a7f8c420fdbf231ba5566a8ceac74fa960?s=96&d=mm&r=g","url":"https:\/\/secure.gravatar.com\/avatar\/61d268e57d1f4525b111222e29d2d5a7f8c420fdbf231ba5566a8ceac74fa960?s=96&d=mm&r=g","contentUrl":"https:\/\/secure.gravatar.com\/avatar\/61d268e57d1f4525b111222e29d2d5a7f8c420fdbf231ba5566a8ceac74fa960?s=96&d=mm&r=g","caption":"Tibor atya"},"url":"https:\/\/stuttgarti-katolikusok.de\/index.php\/author\/tibor-atya\/"}]}},"_links":{"self":[{"href":"https:\/\/stuttgarti-katolikusok.de\/index.php\/wp-json\/wp\/v2\/posts\/30650","targetHints":{"allow":["GET"]}}],"collection":[{"href":"https:\/\/stuttgarti-katolikusok.de\/index.php\/wp-json\/wp\/v2\/posts"}],"about":[{"href":"https:\/\/stuttgarti-katolikusok.de\/index.php\/wp-json\/wp\/v2\/types\/post"}],"author":[{"embeddable":true,"href":"https:\/\/stuttgarti-katolikusok.de\/index.php\/wp-json\/wp\/v2\/users\/3"}],"replies":[{"embeddable":true,"href":"https:\/\/stuttgarti-katolikusok.de\/index.php\/wp-json\/wp\/v2\/comments?post=30650"}],"version-history":[{"count":1,"href":"https:\/\/stuttgarti-katolikusok.de\/index.php\/wp-json\/wp\/v2\/posts\/30650\/revisions"}],"predecessor-version":[{"id":30652,"href":"https:\/\/stuttgarti-katolikusok.de\/index.php\/wp-json\/wp\/v2\/posts\/30650\/revisions\/30652"}],"wp:featuredmedia":[{"embeddable":true,"href":"https:\/\/stuttgarti-katolikusok.de\/index.php\/wp-json\/wp\/v2\/media\/30651"}],"wp:attachment":[{"href":"https:\/\/stuttgarti-katolikusok.de\/index.php\/wp-json\/wp\/v2\/media?parent=30650"}],"wp:term":[{"taxonomy":"category","embeddable":true,"href":"https:\/\/stuttgarti-katolikusok.de\/index.php\/wp-json\/wp\/v2\/categories?post=30650"},{"taxonomy":"post_tag","embeddable":true,"href":"https:\/\/stuttgarti-katolikusok.de\/index.php\/wp-json\/wp\/v2\/tags?post=30650"}],"curies":[{"name":"wp","href":"https:\/\/api.w.org\/{rel}","templated":true}]}}