{"id":30614,"date":"2025-03-15T21:10:38","date_gmt":"2025-03-15T20:10:38","guid":{"rendered":"https:\/\/stuttgarti-katolikusok.de\/?p=30614"},"modified":"2025-03-15T21:13:13","modified_gmt":"2025-03-15T20:13:13","slug":"nagybojt-2-vasarnap-2","status":"publish","type":"post","link":"https:\/\/stuttgarti-katolikusok.de\/index.php\/nagybojt-2-vasarnap-2\/","title":{"rendered":"Nagyb\u00f6jt 2. vas\u00e1rnap"},"content":{"rendered":"<p><span style=\"color: #ff6600;\"><em>\u00c9let\u00fcnk nem m\u00e1s, mint \u00e1lland\u00f3 Isten-keres\u00e9s. Keress\u00fck Isten arc\u00e1t. Mi\u00e9rt? Keres\u00e9s\u00fcnk c\u00e9lja, felemelni tekintet\u00fcnket \u0150hozz\u00e1. Ebben az isteni arcban pedig, felismerve annak ragyog\u00e1s\u00e1t, azt szeml\u00e9lj\u00fck, mi az amire nek\u00fcnk mindennapi \u00e9let\u00fcnkben sz\u00fcks\u00e9g\u00fcnk van. Keres\u00e9sre az v\u00e1llalkozzon, aki hisz a keres\u00e9s \u00e9rtelm\u00e9ben. Hinnem kell abban, hogy \u00e1ltalam a vil\u00e1g jobb \u00e9s b\u00e9k\u00e9sebb lesz.<\/em><\/span><\/p>\n<p><span style=\"color: #ff6600;\"><em>Az olvasm\u00e1nyban arr\u00f3l hallunk, hogy Isten sz\u00f6vets\u00e9gre l\u00e9p \u00c1brah\u00e1mmal. Mag\u00e1t a sz\u00f6vets\u00e9get az \u00e1ldozat bemutat\u00e1s\u00e1val pecs\u00e9telik meg.<\/em><\/span><\/p>\n<p><span style=\"color: #ff6600;\"><em>Szent P\u00e1l apostol a szentleck\u00e9ben szem\u00e9lyes p\u00e9ld\u00e1j\u00e1t \u00e9s tan\u00fas\u00e1gt\u00e9tel\u00e9t aj\u00e1nlja k\u00f6vetend\u0151 \u00fatk\u00e9nt. Amennyiben mi magunk is \u00edgy \u00e9l\u00fcnk, jell\u00e9 v\u00e1lunk. Igazi tan\u00fas\u00e1gt\u00e9tel ez! Ehhez pedig az a felismer\u00e9s ad er\u0151t, hogy a mi haz\u00e1nk a mennyben van. Vagyis az \u00f6r\u00f6k\u00e9letben val\u00f3 hit, az abban val\u00f3 bizonyoss\u00e1g, lelki er\u0151t ad a mindennapi \u00e9l\u0151 \u00e9s hiteles tan\u00fas\u00e1gt\u00e9telhez.<\/em><\/span><\/p>\n<p><span style=\"color: #ff6600;\"><em>Az evang\u00e9liumban a T\u00e1bor-hegy jelenet\u00e9t hallhatjuk. A kiv\u00e1lasztott apostolok t\u00e1rsas\u00e1g\u00e1ban, mik\u00f6zben sz\u00edn\u00e9ben elv\u00e1ltozott, M\u00f3zessel \u00e9s lll\u00e9ssel besz\u00e9lget. K\u00f6zben pedig a r\u00e1v\u00e1r\u00f3 szenved\u00e9sekr\u0151l sz\u00f3l. Vil\u00e1gos az \u00fczenet, az egy\u00e9ni megdics\u0151\u00fcl\u00e9s a szenved\u00e9sen kereszt\u00fcl vezet.<\/em><\/span><\/p>\n<p><span style=\"color: #800080;\">Kezd\u0151\u00e9nek:<\/span><br \/>\nNeked mondta a sz\u00edvem: \u201ea te arcodat keresem, v\u00e1gyakozom a te arcod ut\u00e1n, Uram.\u201d Ne ford\u00edtsd el arcodat t\u0151lem! (V\u00f6. Zsolt 26,8-9)<br \/>\n<span style=\"color: #800080;\"><em>Vagy<\/em><\/span><br \/>\nEml\u00e9kezz\u00e9l meg, Urunk, k\u00f6ny\u00f6r\u00fcletedr\u0151l \u00e9s irgalmass\u00e1godr\u00f3l, mely \u00f6r\u00f6kt\u0151l val\u00f3! Ne uralkodjanak ellens\u00e9geink f\u00f6l\u00f6tt\u00fcnk; szabad\u00edts meg, Izrael Istene, minden szorongattat\u00e1sunkb\u00f3l! (V\u00f6. Zsolt 24.6.3.22)<\/p>\n<p><span style=\"color: #800080;\">K\u00f6ny\u00f6rg\u00e9s:<\/span><br \/>\nIsten\u00fcnk, te megparancsoltad nek\u00fcnk, hogy szeretett Fiadra hallgassunk. K\u00e9r\u00fcnk, t\u00e1pl\u00e1ld lelk\u00fcnket szent ig\u00e9ddel, hogy lelki \u00f6r\u00f6mmel szeml\u00e9lhess\u00fck dics\u0151s\u00e9gedet! A mi Urunk, J\u00e9zus Krisztus, a te Fiad \u00e1ltal, aki veled \u00e9l \u00e9s uralkodik a Szentl\u00e9lekkel egys\u00e9gben, Isten mind\u00f6r\u00f6kk\u00f6n \u00f6r\u00f6kk\u00e9.<\/p>\n<p><span style=\"color: #800080;\">OLVASM\u00c1NY M\u00f3zes els\u0151 k\u00f6nyv\u00e9b\u0151l (Ter 15,5-12.17-18)<\/span><br \/>\n<em>\u00c1brah<\/em><em>\u00e1m hitt az Istennek, Isten pedig sz<\/em><em>\u00f6vets<\/em><em>\u00e9get k<\/em><em>\u00f6t<\/em><em>\u00f6tt vele, <\/em><em>\u00e9s meg<\/em><em>\u00edg<\/em><em>\u00e9rte neki minden <\/em><em>\u00e1ld<\/em><em>\u00e1s<\/em><em>\u00e1t.<\/em><br \/>\nIsten egy napon kivezette \u00c1brah\u00e1mot s\u00e1tr\u00e1b\u00f3l a szabad \u00e9g al\u00e1, \u00e9s ezt mondta neki: \u201eN\u00e9zz f\u00f6l az \u00e9gre, \u00e9s sz\u00e1mold meg a csillagokat, ha meg tudod \u0151ket sz\u00e1molni.\u201d Majd hozz\u00e1f\u0171zte: \u201eIlyen lesz a te nemzets\u00e9ged.\u201d \u00c1brah\u00e1m hitt az \u00darnak, Isten pedig besz\u00e1m\u00edtotta ezt az \u0151 megigazul\u00e1s\u00e1ra.<br \/>\nMajd ism\u00e9t sz\u00f3lt Isten \u00c1brah\u00e1mhoz: \u201e\u00c9n vagyok az \u00dar, aki kih\u00edvtalak a k\u00e1ldeai Ur v\u00e1ros\u00e1b\u00f3l, hogy ezt a f\u00f6ldet neked adjam birtokul.\u201d \u00c1brah\u00e1m \u00edgy v\u00e1laszolt: \u201eUram, Istenem, mib\u0151l tudom meg, hogy birtokolni fogom azt?\u201d<br \/>\nErre Isten megparancsolta neki: \u201eHozz egy h\u00e1rom\u00e9ves \u00fcsz\u0151t, egy h\u00e1rom\u00e9ves kecsk\u00e9t, egy h\u00e1rom\u00e9ves bakot, egy gerl\u00e9t \u00e9s egy galambot.\u201d<br \/>\n\u00c1brah\u00e1m odahozta neki ezeket az \u00e1llatokat, majd k\u00f6z\u00e9pen kett\u00e9v\u00e1gta \u0151ket, \u00e9s a sz\u00e9tv\u00e1gott r\u00e9szeket egym\u00e1ssal szemben helyezte el; a madarakat azonban nem v\u00e1gta sz\u00e9t. Akkor ragadoz\u00f3 madarak sz\u00e1lltak a testekre, de \u00c1brah\u00e1m el\u0171zte \u0151ket. Amikor a nap lenyugodott, \u00c1brah\u00e1m m\u00e9ly \u00e1lomba mer\u00fclt, \u00e9s f\u00e9lelmetes s\u00f6t\u00e9ts\u00e9g sz\u00e1llott r\u00e1.<br \/>\nAmikor a nap lenyugodott, \u00e9s be\u00e1llt a s\u0171r\u0171 s\u00f6t\u00e9ts\u00e9g, f\u00fcst\u00f6lg\u0151 kemenc\u00e9hez \u00e9s \u00e9g\u0151 f\u00e1kly\u00e1hoz hasonl\u00f3 valami vonult v\u00e9gig a sz\u00e9tv\u00e1gott darabok k\u00f6z\u00f6tt. Azon a napon k\u00f6t\u00f6tt az \u00dar sz\u00f6vets\u00e9get \u00c1brah\u00e1mmal, \u00e9s \u00edgy sz\u00f3lt: \u201eUt\u00f3daidnak adom ezt a f\u00f6ldet Egyiptom patakj\u00e1t\u00f3l eg\u00e9szen a nagy folyamig, az Eufr\u00e1teszig.\u201d<br \/>\nEz az Isten ig\u00e9je.<\/p>\n<p><span style=\"color: #800080;\">V\u00c1LASZOS ZSOLT\u00c1R (Zsolt 26,1.7-8.9abc.13-14)<\/span><br \/>\nV\u00e1lasz:\u00a0<strong>Az <\/strong><strong>\u00dar az <\/strong><strong>\u00e9n vil<\/strong><strong>\u00e1goss<\/strong><strong>\u00e1gom, * <\/strong><strong>\u00e9s <\/strong><strong>\u0151 az <\/strong><strong>\u00e9n <\/strong><strong>\u00fcdv<\/strong><strong>\u00f6ss<\/strong><strong>\u00e9gem.<\/strong>\u00a01a. vers. (4. g t\u00f3nus)<br \/>\nEl\u0151\u00e9nekes: Vil\u00e1goss\u00e1gom \u00e9s \u00fcdv\u00f6ss\u00e9gem az \u00dar, * kit\u0151l f\u00e9ln\u00e9k.<br \/>\nAz \u00dar \u00e9letem oltalmaz\u00f3ja, * kit\u0151l rettegn\u00e9k.<br \/>\nH\u00edvek: Az \u00dar az \u00e9n vil\u00e1goss\u00e1gom, * \u00e9s \u0151 az \u00e9n \u00fcdv\u00f6ss\u00e9gem.<br \/>\nE: Uram, halld meg ki\u00e1lt\u00f3 szavamat, * k\u00f6ny\u00f6r\u00fclj rajtam \u00e9s hallgass meg engem.<br \/>\nSz\u00edvem r\u00f3lad mondta: * \u201eKeress\u00e9tek az \u0151 arc\u00e1t!\u201d<br \/>\nH: Az \u00dar az \u00e9n vil\u00e1goss\u00e1gom, * \u00e9s \u0151 az \u00e9n \u00fcdv\u00f6ss\u00e9gem.<br \/>\nE: A te arcodat keresem, Uram, * ne rejtsd el el\u0151lem arcodat.<br \/>\nNe fordulj el haragodban szolg\u00e1dt\u00f3l, * seg\u00edts\u00e9gem te vagy, el ne tasz\u00edts.<br \/>\nH: Az \u00dar az \u00e9n vil\u00e1goss\u00e1gom, * \u00e9s \u0151 az \u00e9n \u00fcdv\u00f6ss\u00e9gem.<br \/>\nE: Hiszem, hogy megl\u00e1tom az \u00dar javait, * az \u00e9l\u0151k f\u00f6ldj\u00e9n.<br \/>\nRem\u00e9lj az \u00darban, b\u00e1tran cselekedj, * sz\u00edved legyen er\u0151s, \u00e9s b\u00edzz\u00e1l az \u00darban.<br \/>\nH: Az \u00dar az \u00e9n vil\u00e1goss\u00e1gom, * \u00e9s \u0151 az \u00e9n \u00fcdv\u00f6ss\u00e9gem.<\/p>\n<p><em>Hosszabb forma:<\/em><br \/>\n<span style=\"color: #800080;\">SZENTLECKE Szent P\u00e1l apostolnak a filippiekhez \u00edrt level\u00e9b\u0151l (Fil 3,17\u20134,1)<\/span><br \/>\n<em>A felt<\/em><em>\u00e1mad<\/em><em>\u00e1skor Krisztus <\/em><em>\u00e1talak<\/em><em>\u00edtja gyarl<\/em><em>\u00f3 test<\/em><em>\u00fcnket, <\/em><em>\u00e9s hasonl<\/em><em>\u00f3v<\/em><em>\u00e1 teszi megdics<\/em><em>\u0151\u00fclt test<\/em><em>\u00e9hez.<\/em><br \/>\nTestv\u00e9reim!<br \/>\n* K\u00f6vess\u00e9tek a p\u00e9ld\u00e1mat mindny\u00e1jan! N\u00e9zz\u00e9tek azokat, akik \u00fagy \u00e9lnek, ahogy p\u00e9ld\u00e1mon l\u00e1tj\u00e1tok. Hiszen \u2013 mint m\u00e1r t\u00f6bbsz\u00f6r mondtam, most meg k\u00f6nnyek k\u00f6zt mondom \u2013 sokan \u00fagy \u00e9lnek, mint Krisztus keresztj\u00e9nek ellens\u00e9gei. V\u00e9g\u00fck a pusztul\u00e1s, Isten\u00fck a hasuk, azzal dicsekszenek, ami gyal\u00e1zatukra v\u00e1lik, \u00e9s az esz\u00fcket f\u00f6ldi dolgokon j\u00e1ratj\u00e1k.<br \/>\n* A mi haz\u00e1nk azonban a mennyben van. Onnan v\u00e1rjuk az \u00dcdv\u00f6z\u00edt\u0151t is, Urunkat, J\u00e9zus Krisztust. \u0150 azzal az er\u0151vel, amellyel mindent hatalma al\u00e1 vethet, \u00e1talak\u00edtja gyarl\u00f3 test\u00fcnket, \u00e9s hasonl\u00f3v\u00e1 teszi megdics\u0151\u00fclt test\u00e9hez.<br \/>\nEz\u00e9rt, sz\u00edvb\u0151l szeretett testv\u00e9reim, \u00f6r\u00f6m\u00f6m \u00e9s koron\u00e1m: \u00edgy \u00e1lljatok helyt az \u00darban, szeretteim!<br \/>\nEz az Isten ig\u00e9je.<\/p>\n<p><em>Vagy r<\/em><em>\u00f6videbb forma a *-ok k<\/em><em>\u00f6z<\/em><em>\u00f6tti r<\/em><em>\u00e9sz kimarad Fil 3,20<\/em><em>\u20134,1<\/em><\/p>\n<p><span style=\"color: #800080;\">EVANG\u00c9LIUM EL\u0150TTI VERS<\/span><br \/>\nA f\u00e9nyes felh\u0151b\u0151l az Atya sz\u00f3zata hallatszott: * \u201eEz az \u00e9n szeretett Fiam, \u0151t hallgass\u00e1tok!\u201d V\u00f6. 2P\u00e9t 1,17 \u2013 3a. t\u00f3nus.<\/p>\n<p><span style=\"color: #800080;\">\u2020 EVANG\u00c9LIUM Szent Luk\u00e1cs k\u00f6nyv\u00e9b\u0151l (Lk 9,28b-36)<\/span><br \/>\n<em>M<\/em><em>\u00edg J<\/em><em>\u00e9zus im<\/em><em>\u00e1dkozott, arca teljesen megv<\/em><em>\u00e1ltozott.<\/em><br \/>\nAbban az id\u0151ben J\u00e9zus kiv\u00e1lasztotta P\u00e9tert, J\u00e1nost \u00e9s Jakabot, \u00e9s f\u00f6lment vel\u00fck a hegyre im\u00e1dkozni. M\u00edg im\u00e1dkozott, arca teljesen \u00e1tv\u00e1ltozott, ruh\u00e1ja pedig h\u00f3feh\u00e9ren ragyogott. S \u00edme k\u00e9t f\u00e9rfi besz\u00e9lgetett vele: M\u00f3zes \u00e9s Ill\u00e9s. Megdics\u0151\u00fclten jelentek meg, \u00e9s hal\u00e1l\u00e1r\u00f3l besz\u00e9lgettek, amelyet Jeruzs\u00e1lemben kell majd elszenvednie. P\u00e9tert \u00e9s t\u00e1rsait elnyomta az \u00e1lom. Amikor f\u00f6l\u00e9bredtek, l\u00e1tt\u00e1k dics\u0151s\u00e9g\u00e9t \u00e9s a mellette \u00e1ll\u00f3 k\u00e9t f\u00e9rfit.<br \/>\nAzok m\u00e1r \u00e9pp menni k\u00e9sz\u00fcltek. P\u00e9ter akkor \u00edgy sz\u00f3lt J\u00e9zushoz: \u201eMester, j\u00f3 nek\u00fcnk itt lenn\u00fcnk! Hadd csin\u00e1ljunk h\u00e1rom s\u00e1trat: neked egyet, M\u00f3zesnek egyet \u00e9s Ill\u00e9snek egyet.\u201d Nem tudta ugyanis, hogy mit mondjon. K\u00f6zben felh\u0151 t\u00e1madt \u00e9s bebor\u00edtotta \u0151ket. A felh\u0151ben f\u00e9lelem sz\u00e1llta meg \u0151ket.<br \/>\nA felh\u0151b\u0151l sz\u00f3zat hallatszott: \u201eEz az \u00e9n v\u00e1lasztott Fiam, \u0151t hallgass\u00e1tok.\u201d Mik\u00f6zben a sz\u00f3zat hangzott, J\u00e9zus ism\u00e9t egyed\u00fcl volt. \u0150k pedig hallgattak, \u00e9s senkinek sem \u00e1rultak el semmit abb\u00f3l, amit l\u00e1ttak.<br \/>\nEzek az evang\u00e9lium ig\u00e9i.<\/p>\n<p><span style=\"color: #800080;\">EGYETEMES K\u00d6NY\u00d6RG\u00c9SEK<\/span><br \/>\nPap: K\u00e9rj\u00fck, testv\u00e9reim, mennyei Aty\u00e1nkat, hogy templomainkban gyakran \u00e1t\u00e9lj\u00fck a T\u00e1borhegyen megdics\u0151\u00fclt Krisztus vigasztal\u00f3 k\u00f6zels\u00e9g\u00e9t!<br \/>\nLektor: 1. Add, Urunk, hogy templomaidb\u00f3l sug\u00e1rozz\u00e9k \u00e1ld\u00e1s \u00e9s kegyelem az eg\u00e9sz vil\u00e1gra!<br \/>\nH\u00edvek: K\u00e9r\u00fcnk T\u00e9ged, hallgass meg minket!<br \/>\n2. Add, hogy Szentaty\u00e1nkkal, f\u0151p\u00e1sztorainkkal \u00e9s papjainkkal egy\u00fctt mindig odaad\u00f3 l\u00e9lekkel mutassuk be F\u00f6ls\u00e9gednek az \u00fajsz\u00f6vets\u00e9g \u00e1ldozat\u00e1t!<br \/>\nH\u00edvek: K\u00e9r\u00fcnk T\u00e9ged, hallgass meg minket!<br \/>\n3. Vezesd el az egyh\u00e1zakat a teljes egys\u00e9gre \u00e9s a nemzeteket b\u00e9k\u00e9s egyet\u00e9rt\u00e9sre!<br \/>\nH\u00edvek: K\u00e9r\u00fcnk T\u00e9ged, hallgass meg minket!<br \/>\n4. A szent\u00e1ldoz\u00e1s kegyelmei er\u0151s\u00edts\u00e9k \u00e9s vigasztalj\u00e1k gondokkal k\u00fczd\u0151, retteg\u00e9sben \u00e9l\u0151 vagy b\u00e1ntalmakat szenved\u0151 embert\u00e1rsainkat!<br \/>\nH\u00edvek: K\u00e9r\u00fcnk T\u00e9ged, hallgass meg minket!<br \/>\n5. Egyh\u00e1zk\u00f6zs\u00e9geink h\u00edv\u0151 n\u00e9pe vas\u00e1rnapr\u00f3l vas\u00e1rnapra a k\u00f6z\u00f6sen bemutatott szent \u00e1ldozatb\u00f3l mer\u00edtsen er\u0151t az \u00e9let k\u00fczdelmeihez!<br \/>\nH\u00edvek: K\u00e9r\u00fcnk T\u00e9ged, hallgass meg minket!<br \/>\nPap: Mindenhat\u00f3, \u00f6r\u00f6k Isten! \u00d6rvendeztesd meg lelk\u00fcnket k\u00f6zels\u00e9ged vigasztal\u00f3 tudat\u00e1val! Add, hogy hozz\u00e1d mindhal\u00e1lig h\u0171s\u00e9gesek maradjunk, \u00e9s az istenl\u00e1t\u00e1s \u00f6r\u00f6k boldogs\u00e1g\u00e1ban is r\u00e9sz\u00fcnk legyen! Krisztus, a mi Urunk \u00e1ltal.<br \/>\nH\u00edvek: \u00c1men.<\/p>\n<p><span style=\"color: #800080;\">Felaj\u00e1nl\u00f3 k\u00f6ny\u00f6rg\u00e9s:<\/span><br \/>\nK\u00e9r\u00fcnk, Isten\u00fcnk, ez az \u00e1ldozat tiszt\u00edtson meg v\u00e9tkeinkt\u0151l, szentelje meg szolg\u00e1id test\u00e9t \u00e9s lelk\u00e9t, hogy m\u00e9lt\u00f3 m\u00f3don \u00fclj\u00fck meg h\u00fasv\u00e9t \u00fcnnep\u00e9t. Krisztus, a mi Urunk \u00e1ltal.<\/p>\n<p><span style=\"color: #800080;\">Pref\u00e1ci\u00f3:<\/span><br \/>\nAz \u00dar legyen veletek.<br \/>\nH.: \u00c9s a te lelkeddel.<br \/>\nEmelj\u00fck f\u00f6l sz\u00edv\u00fcnket.<br \/>\nH.: F\u00f6lemelt\u00fck az \u00darhoz.<br \/>\nAdjunk h\u00e1l\u00e1t Urunknak, Isten\u00fcnknek.<br \/>\nH.: M\u00e9lt\u00f3 \u00e9s igazs\u00e1gos.<br \/>\n(Mert) Val\u00f3ban m\u00e9lt\u00f3 \u00e9s igazs\u00e1gos, ill\u0151 \u00e9s \u00fcdv\u00f6s, hogy mindig \u00e9s minden\u00fctt h\u00e1l\u00e1t adjunk n\u00e9ked, mi Urunk, szents\u00e9ges Aty\u00e1nk, mindenhat\u00f3 \u00f6r\u00f6k Isten: \u2013 Krisztus, a mi Urunk \u00e1ltal.<br \/>\n\u0150 tan\u00edtv\u00e1nyainak saj\u00e1t hal\u00e1l\u00e1t el\u0151re megmondta, \u2013 a szent hegyen megmutatta n\u00e9kik dics\u0151s\u00e9g\u00e9nek f\u00e9ny\u00e9t.<br \/>\n\u00cdgy vil\u00e1goss\u00e1 tette sz\u00e1munkra, amit a t\u00f6rv\u00e9ny \u00e9s a pr\u00f3f\u00e9t\u00e1k tan\u00fas\u00e1ga hirdet, hogy szenved\u00e9s\u00e9re a felt\u00e1mad\u00e1s \u00f6r\u00f6k f\u00e9nye virrad.<br \/>\n(\u00c9s) Ez\u00e9rt a mennyei hatalmas angyalokkal egy\u00fctt a f\u00f6ld\u00f6n mi is sz\u00fcntelen\u00fcl magasztalunk t\u00e9ged, \u2013 f\u00f6ls\u00e9gedet dics\u00e9rj\u00fck, \u00e9s hangos sz\u00f3val v\u00e9g n\u00e9lk\u00fcl mondjuk (zengj\u00fck):<\/p>\n<p><span style=\"color: #800080;\">\u00c1ldoz\u00e1si \u00e9nek:<\/span><br \/>\nEz az \u00e9n szeretett Fiam, akiben kedvem telik, \u0151t hallgass\u00e1tok! (Mt 17,5)<\/p>\n<p><span style=\"color: #800080;\">\u00c1ldoz\u00e1s ut\u00e1ni k\u00f6ny\u00f6rg\u00e9s:<\/span><br \/>\nDics\u0151s\u00e9ges szent titkokat magunkhoz v\u00e9ve, h\u00e1l\u00e1t adunk neked, Urunk, mert m\u00e1r itt a f\u00f6ld\u00f6n mennyei aj\u00e1nd\u00e9kaidban r\u00e9szes\u00edtesz minket. Krisztus, a mi Urunk \u00e1ltal.<\/p>\n<p><span style=\"color: #800080;\">K\u00f6ny\u00f6rg\u00e9s a n\u00e9p\u00e9rt:<\/span><br \/>\nIsten\u00fcnk, \u00f6r\u00f6k \u00e1ld\u00e1ssal \u00e1ldd meg h\u00edveidet, \u00e9s seg\u00edtsd \u00fagy ragaszkodni Egysz\u00fcl\u00f6tted evang\u00e9lium\u00e1hoz, hogy arra a dics\u0151s\u00e9gre v\u00e1gyakozzanak, amelyet apostolainak megmutatott, \u00e9s oda el is jussanak. Krisztus, a mi Urunk \u00e1ltal.<\/p>\n<p><em>(K\u00e9p forr\u00e1sa: Pixabay)<\/em><\/p>\n","protected":false},"excerpt":{"rendered":"<p>\u00c9let\u00fcnk nem m\u00e1s, mint \u00e1lland\u00f3 Isten-keres\u00e9s. Keress\u00fck Isten arc\u00e1t. Mi\u00e9rt? Keres\u00e9s\u00fcnk c\u00e9lja, felemelni tekintet\u00fcnket \u0150hozz\u00e1. Ebben az isteni arcban pedig, felismerve annak ragyog\u00e1s\u00e1t, azt szeml\u00e9lj\u00fck, mi az amire nek\u00fcnk mindennapi \u00e9let\u00fcnkben sz\u00fcks\u00e9g\u00fcnk van. Keres\u00e9sre az v\u00e1llalkozzon, aki hisz a keres\u00e9s \u00e9rtelm\u00e9ben. Hinnem kell abban, hogy \u00e1ltalam a vil\u00e1g jobb \u00e9s b\u00e9k\u00e9sebb lesz. Az olvasm\u00e1nyban arr\u00f3l hallunk, hogy Isten sz\u00f6vets\u00e9gre l\u00e9p \u00c1brah\u00e1mmal. Mag\u00e1t a sz\u00f6vets\u00e9get az \u00e1ldozat bemutat\u00e1s\u00e1val pecs\u00e9telik meg. Szent P\u00e1l apostol a szentleck\u00e9ben szem\u00e9lyes p\u00e9ld\u00e1j\u00e1t \u00e9s tan\u00fas\u00e1gt\u00e9tel\u00e9t aj\u00e1nlja k\u00f6vetend\u0151 \u00fatk\u00e9nt. Amennyiben mi magunk is \u00edgy \u00e9l\u00fcnk, jell\u00e9 v\u00e1lunk. Igazi tan\u00fas\u00e1gt\u00e9tel ez! Ehhez pedig az a felismer\u00e9s ad er\u0151t, hogy a mi haz\u00e1nk a mennyben van. Vagyis az \u00f6r\u00f6k\u00e9letben val\u00f3 hit, az abban val\u00f3 bizonyoss\u00e1g, lelki er\u0151t ad a mindennapi \u00e9l\u0151 \u00e9s hiteles tan\u00fas\u00e1gt\u00e9telhez. Az evang\u00e9liumban a T\u00e1bor-hegy jelenet\u00e9t hallhatjuk. A kiv\u00e1lasztott apostolok t\u00e1rsas\u00e1g\u00e1ban, mik\u00f6zben sz\u00edn\u00e9ben elv\u00e1ltozott, M\u00f3zessel \u00e9s lll\u00e9ssel besz\u00e9lget. K\u00f6zben pedig a r\u00e1v\u00e1r\u00f3 szenved\u00e9sekr\u0151l sz\u00f3l. Vil\u00e1gos az \u00fczenet, az egy\u00e9ni megdics\u0151\u00fcl\u00e9s a szenved\u00e9sen kereszt\u00fcl vezet. Kezd\u0151\u00e9nek: Neked mondta a sz\u00edvem: \u201ea te arcodat keresem, v\u00e1gyakozom a te arcod ut\u00e1n, Uram.\u201d Ne ford\u00edtsd el arcodat t\u0151lem! (V\u00f6. Zsolt 26,8-9) Vagy Eml\u00e9kezz\u00e9l meg, Urunk, k\u00f6ny\u00f6r\u00fcletedr\u0151l \u00e9s irgalmass\u00e1godr\u00f3l, mely \u00f6r\u00f6kt\u0151l val\u00f3! Ne uralkodjanak ellens\u00e9geink f\u00f6l\u00f6tt\u00fcnk; szabad\u00edts meg, Izrael Istene, minden szorongattat\u00e1sunkb\u00f3l! (V\u00f6. Zsolt 24.6.3.22) K\u00f6ny\u00f6rg\u00e9s: Isten\u00fcnk, te megparancsoltad nek\u00fcnk, hogy szeretett Fiadra hallgassunk. K\u00e9r\u00fcnk, t\u00e1pl\u00e1ld lelk\u00fcnket szent ig\u00e9ddel, hogy lelki \u00f6r\u00f6mmel szeml\u00e9lhess\u00fck dics\u0151s\u00e9gedet! A mi Urunk, J\u00e9zus Krisztus, a te Fiad \u00e1ltal, aki veled \u00e9l \u00e9s uralkodik a Szentl\u00e9lekkel egys\u00e9gben, Isten mind\u00f6r\u00f6kk\u00f6n \u00f6r\u00f6kk\u00e9. OLVASM\u00c1NY M\u00f3zes els\u0151 k\u00f6nyv\u00e9b\u0151l (Ter 15,5-12.17-18) \u00c1brah\u00e1m hitt az Istennek, Isten pedig sz\u00f6vets\u00e9get k\u00f6t\u00f6tt vele, \u00e9s meg\u00edg\u00e9rte neki minden \u00e1ld\u00e1s\u00e1t. Isten egy napon kivezette \u00c1brah\u00e1mot s\u00e1tr\u00e1b\u00f3l a szabad \u00e9g al\u00e1, \u00e9s ezt mondta neki: \u201eN\u00e9zz f\u00f6l az \u00e9gre, \u00e9s sz\u00e1mold meg a csillagokat, ha meg tudod \u0151ket sz\u00e1molni.\u201d Majd hozz\u00e1f\u0171zte: \u201eIlyen lesz a te nemzets\u00e9ged.\u201d \u00c1brah\u00e1m hitt az&#8230; <\/p>\n<p><a class=\"readmore\" href=\"https:\/\/stuttgarti-katolikusok.de\/index.php\/nagybojt-2-vasarnap-2\/\">R\u00e9szletek<\/a><\/p>\n","protected":false},"author":3,"featured_media":21513,"comment_status":"closed","ping_status":"closed","sticky":false,"template":"","format":"standard","meta":{"footnotes":""},"categories":[85,63],"tags":[],"class_list":["post-30614","post","type-post","status-publish","format-standard","has-post-thumbnail","hentry","category-a-liturgia-olvasmanyai","category-vasarnapi-gondolatok"],"yoast_head":"<!-- This site is optimized with the Yoast SEO plugin v27.3 - https:\/\/yoast.com\/product\/yoast-seo-wordpress\/ -->\n<title>Nagyb\u00f6jt 2. vas\u00e1rnap - Stuttgarti Katolikusok<\/title>\n<meta name=\"robots\" content=\"index, follow, max-snippet:-1, max-image-preview:large, max-video-preview:-1\" \/>\n<link rel=\"canonical\" href=\"https:\/\/stuttgarti-katolikusok.de\/index.php\/nagybojt-2-vasarnap-2\/\" \/>\n<meta property=\"og:locale\" content=\"hu_HU\" \/>\n<meta property=\"og:type\" content=\"article\" \/>\n<meta property=\"og:title\" content=\"Nagyb\u00f6jt 2. vas\u00e1rnap - Stuttgarti Katolikusok\" \/>\n<meta property=\"og:description\" content=\"\u00c9let\u00fcnk nem m\u00e1s, mint \u00e1lland\u00f3 Isten-keres\u00e9s. Keress\u00fck Isten arc\u00e1t. Mi\u00e9rt? Keres\u00e9s\u00fcnk c\u00e9lja, felemelni tekintet\u00fcnket \u0150hozz\u00e1. Ebben az isteni arcban pedig, felismerve annak ragyog\u00e1s\u00e1t, azt szeml\u00e9lj\u00fck, mi az amire nek\u00fcnk mindennapi \u00e9let\u00fcnkben sz\u00fcks\u00e9g\u00fcnk van. Keres\u00e9sre az v\u00e1llalkozzon, aki hisz a keres\u00e9s \u00e9rtelm\u00e9ben. Hinnem kell abban, hogy \u00e1ltalam a vil\u00e1g jobb \u00e9s b\u00e9k\u00e9sebb lesz. Az olvasm\u00e1nyban arr\u00f3l hallunk, hogy Isten sz\u00f6vets\u00e9gre l\u00e9p \u00c1brah\u00e1mmal. Mag\u00e1t a sz\u00f6vets\u00e9get az \u00e1ldozat bemutat\u00e1s\u00e1val pecs\u00e9telik meg. Szent P\u00e1l apostol a szentleck\u00e9ben szem\u00e9lyes p\u00e9ld\u00e1j\u00e1t \u00e9s tan\u00fas\u00e1gt\u00e9tel\u00e9t aj\u00e1nlja k\u00f6vetend\u0151 \u00fatk\u00e9nt. Amennyiben mi magunk is \u00edgy \u00e9l\u00fcnk, jell\u00e9 v\u00e1lunk. Igazi tan\u00fas\u00e1gt\u00e9tel ez! Ehhez pedig az a felismer\u00e9s ad er\u0151t, hogy a mi haz\u00e1nk a mennyben van. Vagyis az \u00f6r\u00f6k\u00e9letben val\u00f3 hit, az abban val\u00f3 bizonyoss\u00e1g, lelki er\u0151t ad a mindennapi \u00e9l\u0151 \u00e9s hiteles tan\u00fas\u00e1gt\u00e9telhez. Az evang\u00e9liumban a T\u00e1bor-hegy jelenet\u00e9t hallhatjuk. A kiv\u00e1lasztott apostolok t\u00e1rsas\u00e1g\u00e1ban, mik\u00f6zben sz\u00edn\u00e9ben elv\u00e1ltozott, M\u00f3zessel \u00e9s lll\u00e9ssel besz\u00e9lget. K\u00f6zben pedig a r\u00e1v\u00e1r\u00f3 szenved\u00e9sekr\u0151l sz\u00f3l. Vil\u00e1gos az \u00fczenet, az egy\u00e9ni megdics\u0151\u00fcl\u00e9s a szenved\u00e9sen kereszt\u00fcl vezet. Kezd\u0151\u00e9nek: Neked mondta a sz\u00edvem: \u201ea te arcodat keresem, v\u00e1gyakozom a te arcod ut\u00e1n, Uram.\u201d Ne ford\u00edtsd el arcodat t\u0151lem! (V\u00f6. Zsolt 26,8-9) Vagy Eml\u00e9kezz\u00e9l meg, Urunk, k\u00f6ny\u00f6r\u00fcletedr\u0151l \u00e9s irgalmass\u00e1godr\u00f3l, mely \u00f6r\u00f6kt\u0151l val\u00f3! Ne uralkodjanak ellens\u00e9geink f\u00f6l\u00f6tt\u00fcnk; szabad\u00edts meg, Izrael Istene, minden szorongattat\u00e1sunkb\u00f3l! (V\u00f6. Zsolt 24.6.3.22) K\u00f6ny\u00f6rg\u00e9s: Isten\u00fcnk, te megparancsoltad nek\u00fcnk, hogy szeretett Fiadra hallgassunk. K\u00e9r\u00fcnk, t\u00e1pl\u00e1ld lelk\u00fcnket szent ig\u00e9ddel, hogy lelki \u00f6r\u00f6mmel szeml\u00e9lhess\u00fck dics\u0151s\u00e9gedet! A mi Urunk, J\u00e9zus Krisztus, a te Fiad \u00e1ltal, aki veled \u00e9l \u00e9s uralkodik a Szentl\u00e9lekkel egys\u00e9gben, Isten mind\u00f6r\u00f6kk\u00f6n \u00f6r\u00f6kk\u00e9. OLVASM\u00c1NY M\u00f3zes els\u0151 k\u00f6nyv\u00e9b\u0151l (Ter 15,5-12.17-18) \u00c1brah\u00e1m hitt az Istennek, Isten pedig sz\u00f6vets\u00e9get k\u00f6t\u00f6tt vele, \u00e9s meg\u00edg\u00e9rte neki minden \u00e1ld\u00e1s\u00e1t. Isten egy napon kivezette \u00c1brah\u00e1mot s\u00e1tr\u00e1b\u00f3l a szabad \u00e9g al\u00e1, \u00e9s ezt mondta neki: \u201eN\u00e9zz f\u00f6l az \u00e9gre, \u00e9s sz\u00e1mold meg a csillagokat, ha meg tudod \u0151ket sz\u00e1molni.\u201d Majd hozz\u00e1f\u0171zte: \u201eIlyen lesz a te nemzets\u00e9ged.\u201d \u00c1brah\u00e1m hitt az... R\u00e9szletek\" \/>\n<meta property=\"og:url\" content=\"https:\/\/stuttgarti-katolikusok.de\/index.php\/nagybojt-2-vasarnap-2\/\" \/>\n<meta property=\"og:site_name\" content=\"Stuttgarti Katolikusok\" \/>\n<meta property=\"article:published_time\" content=\"2025-03-15T20:10:38+00:00\" \/>\n<meta property=\"article:modified_time\" content=\"2025-03-15T20:13:13+00:00\" \/>\n<meta property=\"og:image\" content=\"https:\/\/stuttgarti-katolikusok.de\/wp-content\/uploads\/2021\/03\/jesus-6124304-1280.jpg\" \/>\n\t<meta property=\"og:image:width\" content=\"1280\" \/>\n\t<meta property=\"og:image:height\" content=\"720\" \/>\n\t<meta property=\"og:image:type\" content=\"image\/jpeg\" \/>\n<meta name=\"author\" content=\"Tibor atya\" \/>\n<meta name=\"twitter:card\" content=\"summary_large_image\" \/>\n<meta name=\"twitter:label1\" content=\"Szerz\u0151:\" \/>\n\t<meta name=\"twitter:data1\" content=\"Tibor atya\" \/>\n\t<meta name=\"twitter:label2\" content=\"Becs\u00fclt olvas\u00e1si id\u0151\" \/>\n\t<meta name=\"twitter:data2\" content=\"8 perc\" \/>\n<script type=\"application\/ld+json\" class=\"yoast-schema-graph\">{\"@context\":\"https:\\\/\\\/schema.org\",\"@graph\":[{\"@type\":\"Article\",\"@id\":\"https:\\\/\\\/stuttgarti-katolikusok.de\\\/index.php\\\/nagybojt-2-vasarnap-2\\\/#article\",\"isPartOf\":{\"@id\":\"https:\\\/\\\/stuttgarti-katolikusok.de\\\/index.php\\\/nagybojt-2-vasarnap-2\\\/\"},\"author\":{\"name\":\"Tibor atya\",\"@id\":\"https:\\\/\\\/stuttgarti-katolikusok.de\\\/#\\\/schema\\\/person\\\/75908d6f8fdc03a57889d27209df7795\"},\"headline\":\"Nagyb\u00f6jt 2. vas\u00e1rnap\",\"datePublished\":\"2025-03-15T20:10:38+00:00\",\"dateModified\":\"2025-03-15T20:13:13+00:00\",\"mainEntityOfPage\":{\"@id\":\"https:\\\/\\\/stuttgarti-katolikusok.de\\\/index.php\\\/nagybojt-2-vasarnap-2\\\/\"},\"wordCount\":1920,\"image\":{\"@id\":\"https:\\\/\\\/stuttgarti-katolikusok.de\\\/index.php\\\/nagybojt-2-vasarnap-2\\\/#primaryimage\"},\"thumbnailUrl\":\"https:\\\/\\\/stuttgarti-katolikusok.de\\\/wp-content\\\/uploads\\\/2021\\\/03\\\/jesus-6124304-1280.jpg\",\"articleSection\":[\"A liturgia olvasm\u00e1nyai\",\"Vas\u00e1rnapi gondolatok\"],\"inLanguage\":\"hu\"},{\"@type\":\"WebPage\",\"@id\":\"https:\\\/\\\/stuttgarti-katolikusok.de\\\/index.php\\\/nagybojt-2-vasarnap-2\\\/\",\"url\":\"https:\\\/\\\/stuttgarti-katolikusok.de\\\/index.php\\\/nagybojt-2-vasarnap-2\\\/\",\"name\":\"Nagyb\u00f6jt 2. vas\u00e1rnap - Stuttgarti Katolikusok\",\"isPartOf\":{\"@id\":\"https:\\\/\\\/stuttgarti-katolikusok.de\\\/#website\"},\"primaryImageOfPage\":{\"@id\":\"https:\\\/\\\/stuttgarti-katolikusok.de\\\/index.php\\\/nagybojt-2-vasarnap-2\\\/#primaryimage\"},\"image\":{\"@id\":\"https:\\\/\\\/stuttgarti-katolikusok.de\\\/index.php\\\/nagybojt-2-vasarnap-2\\\/#primaryimage\"},\"thumbnailUrl\":\"https:\\\/\\\/stuttgarti-katolikusok.de\\\/wp-content\\\/uploads\\\/2021\\\/03\\\/jesus-6124304-1280.jpg\",\"datePublished\":\"2025-03-15T20:10:38+00:00\",\"dateModified\":\"2025-03-15T20:13:13+00:00\",\"author\":{\"@id\":\"https:\\\/\\\/stuttgarti-katolikusok.de\\\/#\\\/schema\\\/person\\\/75908d6f8fdc03a57889d27209df7795\"},\"breadcrumb\":{\"@id\":\"https:\\\/\\\/stuttgarti-katolikusok.de\\\/index.php\\\/nagybojt-2-vasarnap-2\\\/#breadcrumb\"},\"inLanguage\":\"hu\",\"potentialAction\":[{\"@type\":\"ReadAction\",\"target\":[\"https:\\\/\\\/stuttgarti-katolikusok.de\\\/index.php\\\/nagybojt-2-vasarnap-2\\\/\"]}]},{\"@type\":\"ImageObject\",\"inLanguage\":\"hu\",\"@id\":\"https:\\\/\\\/stuttgarti-katolikusok.de\\\/index.php\\\/nagybojt-2-vasarnap-2\\\/#primaryimage\",\"url\":\"https:\\\/\\\/stuttgarti-katolikusok.de\\\/wp-content\\\/uploads\\\/2021\\\/03\\\/jesus-6124304-1280.jpg\",\"contentUrl\":\"https:\\\/\\\/stuttgarti-katolikusok.de\\\/wp-content\\\/uploads\\\/2021\\\/03\\\/jesus-6124304-1280.jpg\",\"width\":1280,\"height\":720},{\"@type\":\"BreadcrumbList\",\"@id\":\"https:\\\/\\\/stuttgarti-katolikusok.de\\\/index.php\\\/nagybojt-2-vasarnap-2\\\/#breadcrumb\",\"itemListElement\":[{\"@type\":\"ListItem\",\"position\":1,\"name\":\"Kezd\u0151lap\",\"item\":\"https:\\\/\\\/stuttgarti-katolikusok.de\\\/\"},{\"@type\":\"ListItem\",\"position\":2,\"name\":\"Nagyb\u00f6jt 2. vas\u00e1rnap\"}]},{\"@type\":\"WebSite\",\"@id\":\"https:\\\/\\\/stuttgarti-katolikusok.de\\\/#website\",\"url\":\"https:\\\/\\\/stuttgarti-katolikusok.de\\\/\",\"name\":\"Stuttgarti Katolikusok\",\"description\":\"\",\"potentialAction\":[{\"@type\":\"SearchAction\",\"target\":{\"@type\":\"EntryPoint\",\"urlTemplate\":\"https:\\\/\\\/stuttgarti-katolikusok.de\\\/?s={search_term_string}\"},\"query-input\":{\"@type\":\"PropertyValueSpecification\",\"valueRequired\":true,\"valueName\":\"search_term_string\"}}],\"inLanguage\":\"hu\"},{\"@type\":\"Person\",\"@id\":\"https:\\\/\\\/stuttgarti-katolikusok.de\\\/#\\\/schema\\\/person\\\/75908d6f8fdc03a57889d27209df7795\",\"name\":\"Tibor atya\",\"image\":{\"@type\":\"ImageObject\",\"inLanguage\":\"hu\",\"@id\":\"https:\\\/\\\/secure.gravatar.com\\\/avatar\\\/61d268e57d1f4525b111222e29d2d5a7f8c420fdbf231ba5566a8ceac74fa960?s=96&d=mm&r=g\",\"url\":\"https:\\\/\\\/secure.gravatar.com\\\/avatar\\\/61d268e57d1f4525b111222e29d2d5a7f8c420fdbf231ba5566a8ceac74fa960?s=96&d=mm&r=g\",\"contentUrl\":\"https:\\\/\\\/secure.gravatar.com\\\/avatar\\\/61d268e57d1f4525b111222e29d2d5a7f8c420fdbf231ba5566a8ceac74fa960?s=96&d=mm&r=g\",\"caption\":\"Tibor atya\"},\"url\":\"https:\\\/\\\/stuttgarti-katolikusok.de\\\/index.php\\\/author\\\/tibor-atya\\\/\"}]}<\/script>\n<!-- \/ Yoast SEO plugin. -->","yoast_head_json":{"title":"Nagyb\u00f6jt 2. vas\u00e1rnap - Stuttgarti Katolikusok","robots":{"index":"index","follow":"follow","max-snippet":"max-snippet:-1","max-image-preview":"max-image-preview:large","max-video-preview":"max-video-preview:-1"},"canonical":"https:\/\/stuttgarti-katolikusok.de\/index.php\/nagybojt-2-vasarnap-2\/","og_locale":"hu_HU","og_type":"article","og_title":"Nagyb\u00f6jt 2. vas\u00e1rnap - Stuttgarti Katolikusok","og_description":"\u00c9let\u00fcnk nem m\u00e1s, mint \u00e1lland\u00f3 Isten-keres\u00e9s. Keress\u00fck Isten arc\u00e1t. Mi\u00e9rt? Keres\u00e9s\u00fcnk c\u00e9lja, felemelni tekintet\u00fcnket \u0150hozz\u00e1. Ebben az isteni arcban pedig, felismerve annak ragyog\u00e1s\u00e1t, azt szeml\u00e9lj\u00fck, mi az amire nek\u00fcnk mindennapi \u00e9let\u00fcnkben sz\u00fcks\u00e9g\u00fcnk van. Keres\u00e9sre az v\u00e1llalkozzon, aki hisz a keres\u00e9s \u00e9rtelm\u00e9ben. Hinnem kell abban, hogy \u00e1ltalam a vil\u00e1g jobb \u00e9s b\u00e9k\u00e9sebb lesz. Az olvasm\u00e1nyban arr\u00f3l hallunk, hogy Isten sz\u00f6vets\u00e9gre l\u00e9p \u00c1brah\u00e1mmal. Mag\u00e1t a sz\u00f6vets\u00e9get az \u00e1ldozat bemutat\u00e1s\u00e1val pecs\u00e9telik meg. Szent P\u00e1l apostol a szentleck\u00e9ben szem\u00e9lyes p\u00e9ld\u00e1j\u00e1t \u00e9s tan\u00fas\u00e1gt\u00e9tel\u00e9t aj\u00e1nlja k\u00f6vetend\u0151 \u00fatk\u00e9nt. Amennyiben mi magunk is \u00edgy \u00e9l\u00fcnk, jell\u00e9 v\u00e1lunk. Igazi tan\u00fas\u00e1gt\u00e9tel ez! Ehhez pedig az a felismer\u00e9s ad er\u0151t, hogy a mi haz\u00e1nk a mennyben van. Vagyis az \u00f6r\u00f6k\u00e9letben val\u00f3 hit, az abban val\u00f3 bizonyoss\u00e1g, lelki er\u0151t ad a mindennapi \u00e9l\u0151 \u00e9s hiteles tan\u00fas\u00e1gt\u00e9telhez. Az evang\u00e9liumban a T\u00e1bor-hegy jelenet\u00e9t hallhatjuk. A kiv\u00e1lasztott apostolok t\u00e1rsas\u00e1g\u00e1ban, mik\u00f6zben sz\u00edn\u00e9ben elv\u00e1ltozott, M\u00f3zessel \u00e9s lll\u00e9ssel besz\u00e9lget. K\u00f6zben pedig a r\u00e1v\u00e1r\u00f3 szenved\u00e9sekr\u0151l sz\u00f3l. Vil\u00e1gos az \u00fczenet, az egy\u00e9ni megdics\u0151\u00fcl\u00e9s a szenved\u00e9sen kereszt\u00fcl vezet. Kezd\u0151\u00e9nek: Neked mondta a sz\u00edvem: \u201ea te arcodat keresem, v\u00e1gyakozom a te arcod ut\u00e1n, Uram.\u201d Ne ford\u00edtsd el arcodat t\u0151lem! (V\u00f6. Zsolt 26,8-9) Vagy Eml\u00e9kezz\u00e9l meg, Urunk, k\u00f6ny\u00f6r\u00fcletedr\u0151l \u00e9s irgalmass\u00e1godr\u00f3l, mely \u00f6r\u00f6kt\u0151l val\u00f3! Ne uralkodjanak ellens\u00e9geink f\u00f6l\u00f6tt\u00fcnk; szabad\u00edts meg, Izrael Istene, minden szorongattat\u00e1sunkb\u00f3l! (V\u00f6. Zsolt 24.6.3.22) K\u00f6ny\u00f6rg\u00e9s: Isten\u00fcnk, te megparancsoltad nek\u00fcnk, hogy szeretett Fiadra hallgassunk. K\u00e9r\u00fcnk, t\u00e1pl\u00e1ld lelk\u00fcnket szent ig\u00e9ddel, hogy lelki \u00f6r\u00f6mmel szeml\u00e9lhess\u00fck dics\u0151s\u00e9gedet! A mi Urunk, J\u00e9zus Krisztus, a te Fiad \u00e1ltal, aki veled \u00e9l \u00e9s uralkodik a Szentl\u00e9lekkel egys\u00e9gben, Isten mind\u00f6r\u00f6kk\u00f6n \u00f6r\u00f6kk\u00e9. OLVASM\u00c1NY M\u00f3zes els\u0151 k\u00f6nyv\u00e9b\u0151l (Ter 15,5-12.17-18) \u00c1brah\u00e1m hitt az Istennek, Isten pedig sz\u00f6vets\u00e9get k\u00f6t\u00f6tt vele, \u00e9s meg\u00edg\u00e9rte neki minden \u00e1ld\u00e1s\u00e1t. Isten egy napon kivezette \u00c1brah\u00e1mot s\u00e1tr\u00e1b\u00f3l a szabad \u00e9g al\u00e1, \u00e9s ezt mondta neki: \u201eN\u00e9zz f\u00f6l az \u00e9gre, \u00e9s sz\u00e1mold meg a csillagokat, ha meg tudod \u0151ket sz\u00e1molni.\u201d Majd hozz\u00e1f\u0171zte: \u201eIlyen lesz a te nemzets\u00e9ged.\u201d \u00c1brah\u00e1m hitt az... R\u00e9szletek","og_url":"https:\/\/stuttgarti-katolikusok.de\/index.php\/nagybojt-2-vasarnap-2\/","og_site_name":"Stuttgarti Katolikusok","article_published_time":"2025-03-15T20:10:38+00:00","article_modified_time":"2025-03-15T20:13:13+00:00","og_image":[{"width":1280,"height":720,"url":"https:\/\/stuttgarti-katolikusok.de\/wp-content\/uploads\/2021\/03\/jesus-6124304-1280.jpg","type":"image\/jpeg"}],"author":"Tibor atya","twitter_card":"summary_large_image","twitter_misc":{"Szerz\u0151:":"Tibor atya","Becs\u00fclt olvas\u00e1si id\u0151":"8 perc"},"schema":{"@context":"https:\/\/schema.org","@graph":[{"@type":"Article","@id":"https:\/\/stuttgarti-katolikusok.de\/index.php\/nagybojt-2-vasarnap-2\/#article","isPartOf":{"@id":"https:\/\/stuttgarti-katolikusok.de\/index.php\/nagybojt-2-vasarnap-2\/"},"author":{"name":"Tibor atya","@id":"https:\/\/stuttgarti-katolikusok.de\/#\/schema\/person\/75908d6f8fdc03a57889d27209df7795"},"headline":"Nagyb\u00f6jt 2. vas\u00e1rnap","datePublished":"2025-03-15T20:10:38+00:00","dateModified":"2025-03-15T20:13:13+00:00","mainEntityOfPage":{"@id":"https:\/\/stuttgarti-katolikusok.de\/index.php\/nagybojt-2-vasarnap-2\/"},"wordCount":1920,"image":{"@id":"https:\/\/stuttgarti-katolikusok.de\/index.php\/nagybojt-2-vasarnap-2\/#primaryimage"},"thumbnailUrl":"https:\/\/stuttgarti-katolikusok.de\/wp-content\/uploads\/2021\/03\/jesus-6124304-1280.jpg","articleSection":["A liturgia olvasm\u00e1nyai","Vas\u00e1rnapi gondolatok"],"inLanguage":"hu"},{"@type":"WebPage","@id":"https:\/\/stuttgarti-katolikusok.de\/index.php\/nagybojt-2-vasarnap-2\/","url":"https:\/\/stuttgarti-katolikusok.de\/index.php\/nagybojt-2-vasarnap-2\/","name":"Nagyb\u00f6jt 2. vas\u00e1rnap - Stuttgarti Katolikusok","isPartOf":{"@id":"https:\/\/stuttgarti-katolikusok.de\/#website"},"primaryImageOfPage":{"@id":"https:\/\/stuttgarti-katolikusok.de\/index.php\/nagybojt-2-vasarnap-2\/#primaryimage"},"image":{"@id":"https:\/\/stuttgarti-katolikusok.de\/index.php\/nagybojt-2-vasarnap-2\/#primaryimage"},"thumbnailUrl":"https:\/\/stuttgarti-katolikusok.de\/wp-content\/uploads\/2021\/03\/jesus-6124304-1280.jpg","datePublished":"2025-03-15T20:10:38+00:00","dateModified":"2025-03-15T20:13:13+00:00","author":{"@id":"https:\/\/stuttgarti-katolikusok.de\/#\/schema\/person\/75908d6f8fdc03a57889d27209df7795"},"breadcrumb":{"@id":"https:\/\/stuttgarti-katolikusok.de\/index.php\/nagybojt-2-vasarnap-2\/#breadcrumb"},"inLanguage":"hu","potentialAction":[{"@type":"ReadAction","target":["https:\/\/stuttgarti-katolikusok.de\/index.php\/nagybojt-2-vasarnap-2\/"]}]},{"@type":"ImageObject","inLanguage":"hu","@id":"https:\/\/stuttgarti-katolikusok.de\/index.php\/nagybojt-2-vasarnap-2\/#primaryimage","url":"https:\/\/stuttgarti-katolikusok.de\/wp-content\/uploads\/2021\/03\/jesus-6124304-1280.jpg","contentUrl":"https:\/\/stuttgarti-katolikusok.de\/wp-content\/uploads\/2021\/03\/jesus-6124304-1280.jpg","width":1280,"height":720},{"@type":"BreadcrumbList","@id":"https:\/\/stuttgarti-katolikusok.de\/index.php\/nagybojt-2-vasarnap-2\/#breadcrumb","itemListElement":[{"@type":"ListItem","position":1,"name":"Kezd\u0151lap","item":"https:\/\/stuttgarti-katolikusok.de\/"},{"@type":"ListItem","position":2,"name":"Nagyb\u00f6jt 2. vas\u00e1rnap"}]},{"@type":"WebSite","@id":"https:\/\/stuttgarti-katolikusok.de\/#website","url":"https:\/\/stuttgarti-katolikusok.de\/","name":"Stuttgarti Katolikusok","description":"","potentialAction":[{"@type":"SearchAction","target":{"@type":"EntryPoint","urlTemplate":"https:\/\/stuttgarti-katolikusok.de\/?s={search_term_string}"},"query-input":{"@type":"PropertyValueSpecification","valueRequired":true,"valueName":"search_term_string"}}],"inLanguage":"hu"},{"@type":"Person","@id":"https:\/\/stuttgarti-katolikusok.de\/#\/schema\/person\/75908d6f8fdc03a57889d27209df7795","name":"Tibor atya","image":{"@type":"ImageObject","inLanguage":"hu","@id":"https:\/\/secure.gravatar.com\/avatar\/61d268e57d1f4525b111222e29d2d5a7f8c420fdbf231ba5566a8ceac74fa960?s=96&d=mm&r=g","url":"https:\/\/secure.gravatar.com\/avatar\/61d268e57d1f4525b111222e29d2d5a7f8c420fdbf231ba5566a8ceac74fa960?s=96&d=mm&r=g","contentUrl":"https:\/\/secure.gravatar.com\/avatar\/61d268e57d1f4525b111222e29d2d5a7f8c420fdbf231ba5566a8ceac74fa960?s=96&d=mm&r=g","caption":"Tibor atya"},"url":"https:\/\/stuttgarti-katolikusok.de\/index.php\/author\/tibor-atya\/"}]}},"_links":{"self":[{"href":"https:\/\/stuttgarti-katolikusok.de\/index.php\/wp-json\/wp\/v2\/posts\/30614","targetHints":{"allow":["GET"]}}],"collection":[{"href":"https:\/\/stuttgarti-katolikusok.de\/index.php\/wp-json\/wp\/v2\/posts"}],"about":[{"href":"https:\/\/stuttgarti-katolikusok.de\/index.php\/wp-json\/wp\/v2\/types\/post"}],"author":[{"embeddable":true,"href":"https:\/\/stuttgarti-katolikusok.de\/index.php\/wp-json\/wp\/v2\/users\/3"}],"replies":[{"embeddable":true,"href":"https:\/\/stuttgarti-katolikusok.de\/index.php\/wp-json\/wp\/v2\/comments?post=30614"}],"version-history":[{"count":4,"href":"https:\/\/stuttgarti-katolikusok.de\/index.php\/wp-json\/wp\/v2\/posts\/30614\/revisions"}],"predecessor-version":[{"id":30620,"href":"https:\/\/stuttgarti-katolikusok.de\/index.php\/wp-json\/wp\/v2\/posts\/30614\/revisions\/30620"}],"wp:featuredmedia":[{"embeddable":true,"href":"https:\/\/stuttgarti-katolikusok.de\/index.php\/wp-json\/wp\/v2\/media\/21513"}],"wp:attachment":[{"href":"https:\/\/stuttgarti-katolikusok.de\/index.php\/wp-json\/wp\/v2\/media?parent=30614"}],"wp:term":[{"taxonomy":"category","embeddable":true,"href":"https:\/\/stuttgarti-katolikusok.de\/index.php\/wp-json\/wp\/v2\/categories?post=30614"},{"taxonomy":"post_tag","embeddable":true,"href":"https:\/\/stuttgarti-katolikusok.de\/index.php\/wp-json\/wp\/v2\/tags?post=30614"}],"curies":[{"name":"wp","href":"https:\/\/api.w.org\/{rel}","templated":true}]}}