{"id":30569,"date":"2025-03-09T09:00:36","date_gmt":"2025-03-09T08:00:36","guid":{"rendered":"https:\/\/stuttgarti-katolikusok.de\/?p=30569"},"modified":"2025-03-09T09:02:10","modified_gmt":"2025-03-09T08:02:10","slug":"nagybojt-1-vasarnapja-3","status":"publish","type":"post","link":"https:\/\/stuttgarti-katolikusok.de\/index.php\/nagybojt-1-vasarnapja-3\/","title":{"rendered":"Nagyb\u00f6jt 1. vas\u00e1rnapja"},"content":{"rendered":"<p><em><span style=\"color: #800080;\">Nagyb\u00f6jt el\u0151k\u00e9sz\u00fcleti id\u0151 H\u00fasv\u00e9t \u00fcnnep\u00e9re. Kegyelmi id\u0151. Ahogyan a szentmise k\u00f6ny\u00f6rg\u00e9se fogalmaz: visszat\u00e9r\u0151 gyakorlatai \u00e1ltal eljuthatunk Krisztus titkainak meg\u00e9rt\u00e9s\u00e9re. M\u00e9lt\u00f3 kereszt\u00e9ny \u00e9let\u00fcnkkel hozz\u00e1 igazodunk. A kereszt\u00e9ny \u00e9rt\u00e9krendhez val\u00f3 igazod\u00e1s, nem \u00f6nmagunk felad\u00e1s\u00e1t jelenti, sokkal ink\u00e1bb elk\u00f6telez\u0151d\u00e9st \u00e9s abban val\u00f3 meger\u0151s\u00f6d\u00e9st. Vil\u00e1gunkban, amikor annyi ideol\u00f3giai \u00e1ramlat csap \u00f6ssze, k\u00fcl\u00f6n\u00f6sen is fontos tiszt\u00e1znom, hogy milyen ir\u00e1nyt v\u00e1lasztok \u00e9letemnek. Ehhez pedig elcsendesed\u00e9sre \u00e9s id\u0151re van sz\u00fcks\u00e9gem.<\/span><\/em><\/p>\n<p><em><span style=\"color: #800080;\">A szentmise olvasm\u00e1nyai ebben hivatottak seg\u00edteni.<\/span><\/em><\/p>\n<p><span style=\"color: #800080;\">Kezd\u0151\u00e9nek:<\/span><br \/>\nHa hozz\u00e1m ki\u00e1lt, \u00e9n meghallgatom; megmentem \u00e9s megdics\u0151\u00edtem, bet\u00f6lt\u0151m \u0151t napok hossz\u00fa sor\u00e1val. (V\u00f6. Zsolt 90,15-16)<\/p>\n<p><span style=\"color: #800080;\">K\u00f6ny\u00f6rg\u00e9s:<\/span><br \/>\nAdd meg nek\u00fcnk, mindenhat\u00f3 Isten\u00fcnk, hogy a nagyb\u00f6jti szent id\u0151szak \u00e9vente visszat\u00e9r\u0151 gyakorlatai \u00e1ltal eljuthassunk Krisztus titkainak meg\u00e9rt\u00e9s\u00e9re, \u00e9s m\u00e9lt\u00f3 kereszt\u00e9ny \u00e9lettel igazodjunk hozz\u00e1. A mi Urunk, J\u00e9zus Krisztus, a te Fiad \u00e1ltal, aki veled \u00e9l \u00e9s uralkodik a Szentl\u00e9lekkel egys\u00e9gben, Isten mind\u00f6r\u00f6kk\u00f6n \u00f6r\u00f6kk\u00e9.<\/p>\n<p><span style=\"color: #800080;\">OLVASM\u00c1NY M\u00f3zes \u00f6t\u00f6dik k\u00f6nyv\u00e9b\u0151l (MT\u00f6rv 26,4-10)<\/span><br \/>\nA v\u00e1lasztott n\u00e9p hitvall\u00e1sa \u00e9s im\u00e1ds\u00e1ga az \u00dar el\u0151tt.<br \/>\nM\u00f3zes \u00edgy tan\u00edtotta a n\u00e9pet:<br \/>\nAmikor term\u00e9sed legjav\u00e1b\u00f3l aj\u00e1nd\u00e9kot hozol, a pap vegye ki kezedb\u0151l a kosarat, s \u00e1ll\u00edtsa az \u00dar, a te Istened olt\u00e1ra el\u00e9. Te pedig mondd az \u00dar, a te Istened el\u0151tt:<br \/>\n\u201eAp\u00e1m v\u00e1ndorl\u00f3 ar\u00e1m volt, lement Egyiptomba, s ott \u00e9lt idegenk\u00e9nt kevesed mag\u00e1val, m\u00e9gis nagy, er\u0151s \u00e9s hatalmas n\u00e9pp\u00e9 lett.<br \/>\nAmikor azt\u00e1n az egyiptomiak rosszul b\u00e1ntak vel\u00fcnk, sanyargattak \u00e9s kem\u00e9ny szolgas\u00e1gba vetettek minket, akkor az \u00darhoz, aty\u00e1ink Isten\u00e9hez ki\u00e1ltottunk. S az \u00dar meghallgatta k\u00f6ny\u00f6rg\u00e9s\u00fcnket, megl\u00e1tta nyomor\u00fas\u00e1gunkat, elnyomat\u00e1sunkat \u00e9s sanyar\u00fa sorsunkat. Az \u00dar er\u0151s k\u00e9zzel \u00e9s kiny\u00fajtott karral kivezetett minket Egyiptomb\u00f3l, nagy r\u00e9m\u00fcletet t\u00e1masztva, jelek \u00e9s csod\u00e1k k\u00eds\u00e9ret\u00e9ben. Erre a f\u00f6ldre hozott, \u00e9s nek\u00fcnk adta ezt a tejjel-m\u00e9zzel foly\u00f3 orsz\u00e1got.<br \/>\n\u00cdme, most hozom annak a f\u00f6ldnek els\u0151 term\u00e9s\u00e9t, amelyet te, az \u00dar, nekem adt\u00e1l.\u201d<br \/>\nEzzel hagyd ott a kosarat az \u00dar, a te Istened sz\u00edne el\u0151tt, majd borulj le az \u00dar, a te Istened el\u0151tt.<br \/>\nEz az Isten ig\u00e9je.<\/p>\n<p><span style=\"color: #800080;\">V\u00c1LASZOS ZSOLT\u00c1R (Zsolt 90,1-2.10-11.12-13.14-15)<\/span><br \/>\nV\u00e1lasz:\u00a0L\u00e9gy velem,\u00a0Uram, * minden sz\u00fcks\u00e9gemben.\u00a015b. vers. (2. t\u00f3nus)<br \/>\nEl\u0151\u00e9nekes: Aki a F\u00f6ls\u00e9ges oltalm\u00e1ban\u00a0lakik, * a Mindenhat\u00f3 \u00e1rny\u00e9k\u00e1ban tart\u00f3zkodik.<br \/>\n\u00cdgy sz\u00f3l az \u00darhoz: \u2020 \u201eMened\u00e9kem \u00e9s v\u00e1ram te vagy\u00a0n\u00e9kem, * Istenem, benned\u00a0b\u00edzom.\u201d<br \/>\nH\u00edvek:\u00a0L\u00e9gy velem,\u00a0Uram, * minden sz\u00fcks\u00e9gemben.<br \/>\nE: Nem eshet semmi\u00a0bajod, * otthonodhoz nem k\u00f6zel\u00edthet semmi\u00a0csap\u00e1s.<br \/>\nMert angyalainak parancsol\u00a0fel\u0151led, * hogy \u0151rizzenek minden\u00a0utadon.<br \/>\nH:\u00a0L\u00e9gy velem,\u00a0Uram, * minden sz\u00fcks\u00e9gemben.<br \/>\nE: Kez\u00fckben hordoznak\u00a0t\u00e9ged, * hogy k\u0151be ne \u00fcssed\u00a0l\u00e1badat.<br \/>\n\u00c1spisk\u00edgy\u00f3n \u00e9s viper\u00e1n\u00a0l\u00e9pdelsz, * oroszl\u00e1nt \u00e9s s\u00e1rk\u00e1nyt\u00a0eltiporsz.<br \/>\nH:\u00a0L\u00e9gy velem,\u00a0Uram, * minden sz\u00fcks\u00e9gemben.<br \/>\nE: \u201eMegszabad\u00edtom \u0151t, mivel ragaszkodik\u00a0hozz\u00e1m, * oltalmazom, mert nevemet\u00a0ismeri.<br \/>\nHozz\u00e1m ki\u00e1lt, \u00e9s \u00e9n meghallgatom\u00a0\u0151t, \u2020 minden sz\u00fcks\u00e9gben vele\u00a0vagyok, * megszabad\u00edtom \u00e9s dics\u0151s\u00e9get szerzek\u00a0n\u00e9ki.\u201d<br \/>\nH: L\u00e9gy velem, Uram, * minden sz\u00fcks\u00e9gemben.<\/p>\n<p><span style=\"color: #800080;\">SZENTLECKE Szent P\u00e1l apostolnak a r\u00f3maiakhoz \u00edrt level\u00e9b\u0151l (R\u00f3m 10,8-13)<\/span><br \/>\nA hit \u00f6r\u00f6k \u00e9letet szerez.<br \/>\nAki Krisztusban hisz, megvallja hit\u00e9t.<br \/>\nTestv\u00e9reim!<br \/>\nHogyan mondja az \u00cdr\u00e1s? K\u00f6zel van hozz\u00e1d a tan\u00edt\u00e1s, ajkadon \u00e9s sz\u00edvedben, tudniillik a hit tan\u00edt\u00e1sa, amelyet hirdet\u00fcnk. Ha teh\u00e1t sz\u00e1ddal vallod, hogy J\u00e9zus az \u00dar, \u00e9s sz\u00edvedben hiszed, hogy Isten felt\u00e1masztotta \u0151t a hal\u00e1lb\u00f3l, \u00fcdv\u00f6z\u00fclsz. A sz\u00edvbeli hit ugyanis megigazul\u00e1sra, a sz\u00e1jjal val\u00f3 megvall\u00e1s pedig \u00fcdv\u00f6ss\u00e9gre szolg\u00e1l. Az \u00cdr\u00e1s ugyanis azt mondja: Senki nem vall sz\u00e9gyent, aki \u0151benne hisz.<br \/>\nNincs k\u00fcl\u00f6nbs\u00e9g zsid\u00f3 meg pog\u00e1ny k\u00f6z\u00f6tt, mert mindny\u00e1junknak egy az Ura. \u0150 b\u0151kez\u0171 mindazokhoz, akik seg\u00edts\u00e9g\u00fcl h\u00edvj\u00e1k. Mindenki, aki seg\u00edts\u00e9g\u00fcl h\u00edvja az \u00dar nev\u00e9t, \u00fcdv\u00f6z\u00fcl.<br \/>\nEz az Isten ig\u00e9je.<\/p>\n<p><span style=\"color: #800080;\">EVANG\u00c9LIUM EL\u0150TTI VERS<\/span><br \/>\nNemcsak keny\u00e9rrel \u00e9l az\u00a0ember, * hanem minden ig\u00e9vel is, mely Isten ajk\u00e1r\u00f3l\u00a0val\u00f3. Mt 4,4b \u2013 2. t\u00f3nus.<\/p>\n<p><span style=\"color: #800080;\">\u2020 EVANG\u00c9LIUM Szent Luk\u00e1cs k\u00f6nyv\u00e9b\u0151l (Lk 4,1-13)<\/span><br \/>\nJ\u00e9zust a Szentl\u00e9lek a puszt\u00e1ba vitte, \u00e9s ott megk\u00eds\u00e9rtette a s\u00e1t\u00e1n.<br \/>\nAbban az id\u0151ben J\u00e9zus a Szentl\u00e9lekt\u0151l eltelve otthagyta a Jord\u00e1nt, s a L\u00e9lek \u00f6szt\u00f6nz\u00e9s\u00e9re a puszt\u00e1ba vonult negyven napra. Itt megk\u00eds\u00e9rtette a s\u00e1t\u00e1n. Ezekben a napokban nem evett semmit sem, de v\u00e9g\u00fcl is meg\u00e9hezett. Ekkor megsz\u00f3l\u00edtotta a s\u00e1t\u00e1n: \u201eHa Isten Fia vagy, mondd ennek a k\u0151nek, hogy v\u00e1lj\u00e9k keny\u00e9rr\u00e9.\u201d De J\u00e9zus ezt felelte: \u201e\u00cdrva van, nemcsak keny\u00e9rrel \u00e9l az ember.\u201d Erre a s\u00e1t\u00e1n f\u00f6lvezette egy magas hegyre, \u00e9s egy szempillant\u00e1s alatt felvonultatta szeme el\u0151tt a f\u00f6ldkereks\u00e9g minden orsz\u00e1g\u00e1t. \u201eMinden hatalmat \u00e9s dics\u0151s\u00e9get neked adok \u2013 mondta \u2013, mert hisz \u00e9n kaptam meg \u00e9s annak adom, akinek akarom. Ha leborulva h\u00f3dolsz el\u0151ttem, az mind a tied lesz.\u201d J\u00e9zus elutas\u00edtotta: \u201e\u00cdrva van: Uradat, Istenedet im\u00e1dd \u00e9s csak neki szolg\u00e1lj!\u201d Ekkor a s\u00e1t\u00e1n Jeruzs\u00e1lembe vitte, a templom p\u00e1rk\u00e1ny\u00e1ra \u00e1ll\u00edtotta, \u00e9s \u00edgy sz\u00f3lt: \u201eHa Isten Fia vagy, vesd le magad inn\u00e9t. Hisz \u00edrva van: angyalainak parancsolta, hogy oltalmazzanak, \u00e9s: kez\u00fck\u00f6n hordoznak majd, nehogy k\u0151be \u00fcsd a l\u00e1bad.\u201d De J\u00e9zus ezt v\u00e1laszolta: \u201eAz is \u00edrva van: Ne k\u00eds\u00e9rtsd Uradat, Istenedet!\u201d<br \/>\nMiut\u00e1n a s\u00e1t\u00e1n ezekkel a k\u00eds\u00e9rt\u00e9sekkel hi\u00e1ba pr\u00f3b\u00e1lkozott, egy id\u0151re elhagyta J\u00e9zust.<br \/>\nEzek az evang\u00e9lium ig\u00e9i.<\/p>\n<p><span style=\"color: #800080;\">EGYETEMES K\u00d6NY\u00d6RG\u00c9SEK<\/span><br \/>\nPap: K\u00e9rj\u00fck, testv\u00e9reim, mindenhat\u00f3 Aty\u00e1nkat, hogy a h\u00fasv\u00e9ti el\u0151k\u00e9sz\u00fclet szent negyven napja idej\u00e9n \u00f6nfegyelemben \u00e9lj\u00fcnk, \u0151szinte b\u0171nb\u00e1natot tartsunk, \u00e9s sok j\u00f3t cselekedj\u00fcnk!<br \/>\nLektor: 1. Add meg, Urunk, h\u00edveidnek, hogy szent ig\u00e9idet felid\u00e9zve utas\u00edts\u00e1k vissza a s\u00e1t\u00e1n minden k\u00eds\u00e9rt\u00e9s\u00e9t!<br \/>\nH\u00edvek: K\u00e9r\u00fcnk T\u00e9ged, hallgass meg minket!<br \/>\n2. Add meg Egyh\u00e1zad p\u00e1sztorainak, hogy sz\u00edvesen hozzanak meg minden \u00e1ldozatot a maguk \u00e9s a r\u00e1juk b\u00edzott ny\u00e1j megszentel\u00e9s\u00e9re!<br \/>\nH\u00edvek: K\u00e9r\u00fcnk T\u00e9ged, hallgass meg minket!<br \/>\n3. Add meg a vil\u00e1g n\u00e9peinek, hogy testv\u00e9riesen seg\u00edts\u00e9k egym\u00e1st az \u00e9hs\u00e9g \u00e9s a tudatlans\u00e1g megsz\u00fcntet\u00e9s\u00e9ben!<br \/>\nH\u00edvek: K\u00e9r\u00fcnk T\u00e9ged, hallgass meg minket!<br \/>\n4. Add meg a betegeknek \u00e9s a szenved\u0151knek, hogy Krisztus Urunk b\u00e9ket\u0171r\u00e9s\u00e9b\u0151l er\u0151t mer\u00edtsenek!<br \/>\nH\u00edvek: K\u00e9r\u00fcnk T\u00e9ged, hallgass meg minket!<br \/>\n5. Add meg mindny\u00e1junknak, hogy buzg\u00f3 im\u00e1ds\u00e1gos \u00e9let\u00fcnk, \u00f6nmegtagad\u00e1saink \u00e9s j\u00f3t\u00e9konys\u00e1gunk \u00e1ltal el\u0151seg\u00edts\u00fck egyh\u00e1zk\u00f6zs\u00e9geink meg\u00fajul\u00e1s\u00e1t!<br \/>\nH\u00edvek: K\u00e9r\u00fcnk T\u00e9ged, hallgass meg minket!<br \/>\nPap: Mindenhat\u00f3 Isten\u00fcnk! Szent Fiad \u00e9rdemei\u00e9rt seg\u00edts minket, hogy a Szentl\u00e9lek \u00f6szt\u00f6nz\u00e9s\u00e9re elforduljunk a rosszt\u00f3l, \u00e9s kegyelmedben gyarapodva k\u00e9sz\u00fclj\u00fcnk a h\u00fasv\u00e9ti \u00f6r\u00f6mre! Krisztus, a mi urunk \u00e1ltal.<br \/>\nH\u00edvek: \u00c1men.<\/p>\n<p><span style=\"color: #800080;\">Felaj\u00e1nl\u00f3 k\u00f6ny\u00f6rg\u00e9s:<\/span><br \/>\nUrunk, Isten\u00fcnk, t\u00e9gy m\u00e9lt\u00f3v\u00e1 minket az \u00e1ldozati adom\u00e1nyok felaj\u00e1nl\u00e1s\u00e1ra, amelyekkel az \u00e1ldott nagyb\u00f6jti id\u0151szak kezdet\u00e9t \u00fcnnepelj\u00fck. Krisztus, a mi Urunk \u00e1ltal.<\/p>\n<p><span style=\"color: #800080;\">Pref\u00e1ci\u00f3:<\/span><br \/>\nAz \u00dar legyen veletek.<br \/>\nH.: \u00c9s a te lelkeddel.<br \/>\nEmelj\u00fck f\u00f6l sz\u00edv\u00fcnket.<br \/>\nH.: F\u00f6lemelt\u00fck az \u00darhoz.<br \/>\nAdjunk h\u00e1l\u00e1t Urunknak, Isten\u00fcnknek.<br \/>\nH.: M\u00e9lt\u00f3 \u00e9s igazs\u00e1gos.<br \/>\n(Mert) Val\u00f3ban m\u00e9lt\u00f3 \u00e9s igazs\u00e1gos, ill\u0151 \u00e9s \u00fcdv\u00f6s, hogy mindig \u00e9s minden\u00fctt h\u00e1l\u00e1t adjunk n\u00e9ked, mi Urunk, szents\u00e9ges Aty\u00e1nk, mindenhat\u00f3 \u00f6r\u00f6k Isten: \u2013 Krisztus, a mi Urunk \u00e1ltal.<br \/>\n(\u0150) Amikor negyven napon \u00e1t a f\u00f6ldi t\u00e1pl\u00e1l\u00e9kt\u00f3l megtart\u00f3ztatta mag\u00e1t, \u2013 megszentelte b\u00f6jtj\u00e9vel az \u00f6nfegyelmez\u00e9snek ezt a m\u00f3dj\u00e1t.<br \/>\nA s\u00e1t\u00e1n minden cselvet\u00e9s\u00e9t legy\u0151zve megtan\u00edtott arra, hogy ellen\u00e1lljunk a roml\u00e1s kov\u00e1sz\u00e1nak, \u2013 \u00edgy m\u00e9lt\u00f3 l\u00e9lekkel \u00fcnnepelj\u00fck a h\u00fasv\u00e9t szent titk\u00e1t, \u00e9s az \u00f6r\u00f6k h\u00fasv\u00e9tra is eljussunk.<br \/>\nMi ez\u00e9rt az angyalok \u00e9s szentek k\u00f3rus\u00e1val egy\u00fctt, \u2013 dics\u00e9reted himnusz\u00e1t zengj\u00fck, \u00e9s v\u00e9g n\u00e9lk\u00fcl mondjuk (\u00e9nekelj\u00fck):<\/p>\n<p><span style=\"color: #800080;\">\u00c1ldoz\u00e1si \u00e9nek:<\/span><br \/>\nNem csak keny\u00e9rrel \u00e9l az ember, hanem minden ig\u00e9vel, amely Isten ajk\u00e1r\u00f3l sz\u00e1rmazik! (Mt 4,4)<br \/>\n<span style=\"color: #800080;\">Vagy<\/span><br \/>\nSz\u00e1rnyaival be\u00e1rny\u00e9koz t\u00e9ged az \u00dar, \u00e9s tollai alatt mened\u00e9kre tal\u00e1lsz. (V\u00f6. Zsolt 90,4)<\/p>\n<p><span style=\"color: #800080;\">\u00c1ldoz\u00e1s ut\u00e1ni k\u00f6ny\u00f6rg\u00e9s:<\/span><br \/>\nIsten\u00fcnk, te mennyei keny\u00e9rrel t\u00e1pl\u00e1lt\u00e1l minket, amely \u00e9lteti a hitet, megszil\u00e1rd\u00edtja a rem\u00e9nyt \u00e9s er\u0151s\u00edti a szeretetet. K\u00e9r\u00fcnk, tan\u00edts meg benn\u00fcnket \u00e9hezni az igazi \u00e9s \u00e9l\u0151 Keny\u00e9rre, \u00e9s add, hogy \u00e9lni tudjunk minden ig\u00e9b\u0151l, amely ajkadr\u00f3l sz\u00e1rmazik. Krisztus, a mi Urunk \u00e1ltal.<\/p>\n<p><span style=\"color: #800080;\">K\u00f6ny\u00f6rg\u00e9s a n\u00e9p\u00e9rt:<\/span><br \/>\nK\u00e9r\u00fcnk, Isten\u00fcnk, sz\u00e1lljon a te n\u00e9pedre b\u0151s\u00e9ges \u00e1ld\u00e1sod, hogy rem\u00e9nye a szorongat\u00e1s idej\u00e9n n\u00f6vekedj\u00e9k, er\u00e9nye a k\u00eds\u00e9rt\u00e9s idej\u00e9n er\u0151s\u00f6dj\u00e9k, \u00e9s \u00edgy r\u00e9szese legyen \u00f6r\u00f6k megv\u00e1lt\u00e1sodnak. Krisztus, a mi Urunk \u00e1ltal.<\/p>\n<p><em>(K\u00e9p forr\u00e1sa: Pixabay)<\/em><\/p>\n","protected":false},"excerpt":{"rendered":"<p>Nagyb\u00f6jt el\u0151k\u00e9sz\u00fcleti id\u0151 H\u00fasv\u00e9t \u00fcnnep\u00e9re. Kegyelmi id\u0151. Ahogyan a szentmise k\u00f6ny\u00f6rg\u00e9se fogalmaz: visszat\u00e9r\u0151 gyakorlatai \u00e1ltal eljuthatunk Krisztus titkainak meg\u00e9rt\u00e9s\u00e9re. M\u00e9lt\u00f3 kereszt\u00e9ny \u00e9let\u00fcnkkel hozz\u00e1 igazodunk. A kereszt\u00e9ny \u00e9rt\u00e9krendhez val\u00f3 igazod\u00e1s, nem \u00f6nmagunk felad\u00e1s\u00e1t jelenti, sokkal ink\u00e1bb elk\u00f6telez\u0151d\u00e9st \u00e9s abban val\u00f3 meger\u0151s\u00f6d\u00e9st. Vil\u00e1gunkban, amikor annyi ideol\u00f3giai \u00e1ramlat csap \u00f6ssze, k\u00fcl\u00f6n\u00f6sen is fontos tiszt\u00e1znom, hogy milyen ir\u00e1nyt v\u00e1lasztok \u00e9letemnek. Ehhez pedig elcsendesed\u00e9sre \u00e9s id\u0151re van sz\u00fcks\u00e9gem. A szentmise olvasm\u00e1nyai ebben hivatottak seg\u00edteni. Kezd\u0151\u00e9nek: Ha hozz\u00e1m ki\u00e1lt, \u00e9n meghallgatom; megmentem \u00e9s megdics\u0151\u00edtem, bet\u00f6lt\u0151m \u0151t napok hossz\u00fa sor\u00e1val. (V\u00f6. Zsolt 90,15-16) K\u00f6ny\u00f6rg\u00e9s: Add meg nek\u00fcnk, mindenhat\u00f3 Isten\u00fcnk, hogy a nagyb\u00f6jti szent id\u0151szak \u00e9vente visszat\u00e9r\u0151 gyakorlatai \u00e1ltal eljuthassunk Krisztus titkainak meg\u00e9rt\u00e9s\u00e9re, \u00e9s m\u00e9lt\u00f3 kereszt\u00e9ny \u00e9lettel igazodjunk hozz\u00e1. A mi Urunk, J\u00e9zus Krisztus, a te Fiad \u00e1ltal, aki veled \u00e9l \u00e9s uralkodik a Szentl\u00e9lekkel egys\u00e9gben, Isten mind\u00f6r\u00f6kk\u00f6n \u00f6r\u00f6kk\u00e9. OLVASM\u00c1NY M\u00f3zes \u00f6t\u00f6dik k\u00f6nyv\u00e9b\u0151l (MT\u00f6rv 26,4-10) A v\u00e1lasztott n\u00e9p hitvall\u00e1sa \u00e9s im\u00e1ds\u00e1ga az \u00dar el\u0151tt. M\u00f3zes \u00edgy tan\u00edtotta a n\u00e9pet: Amikor term\u00e9sed legjav\u00e1b\u00f3l aj\u00e1nd\u00e9kot hozol, a pap vegye ki kezedb\u0151l a kosarat, s \u00e1ll\u00edtsa az \u00dar, a te Istened olt\u00e1ra el\u00e9. Te pedig mondd az \u00dar, a te Istened el\u0151tt: \u201eAp\u00e1m v\u00e1ndorl\u00f3 ar\u00e1m volt, lement Egyiptomba, s ott \u00e9lt idegenk\u00e9nt kevesed mag\u00e1val, m\u00e9gis nagy, er\u0151s \u00e9s hatalmas n\u00e9pp\u00e9 lett. Amikor azt\u00e1n az egyiptomiak rosszul b\u00e1ntak vel\u00fcnk, sanyargattak \u00e9s kem\u00e9ny szolgas\u00e1gba vetettek minket, akkor az \u00darhoz, aty\u00e1ink Isten\u00e9hez ki\u00e1ltottunk. S az \u00dar meghallgatta k\u00f6ny\u00f6rg\u00e9s\u00fcnket, megl\u00e1tta nyomor\u00fas\u00e1gunkat, elnyomat\u00e1sunkat \u00e9s sanyar\u00fa sorsunkat. Az \u00dar er\u0151s k\u00e9zzel \u00e9s kiny\u00fajtott karral kivezetett minket Egyiptomb\u00f3l, nagy r\u00e9m\u00fcletet t\u00e1masztva, jelek \u00e9s csod\u00e1k k\u00eds\u00e9ret\u00e9ben. Erre a f\u00f6ldre hozott, \u00e9s nek\u00fcnk adta ezt a tejjel-m\u00e9zzel foly\u00f3 orsz\u00e1got. \u00cdme, most hozom annak a f\u00f6ldnek els\u0151 term\u00e9s\u00e9t, amelyet te, az \u00dar, nekem adt\u00e1l.\u201d Ezzel hagyd ott a kosarat az \u00dar, a te Istened sz\u00edne el\u0151tt, majd borulj le az \u00dar, a te Istened el\u0151tt. Ez az Isten ig\u00e9je. V\u00c1LASZOS ZSOLT\u00c1R&#8230; <\/p>\n<p><a class=\"readmore\" href=\"https:\/\/stuttgarti-katolikusok.de\/index.php\/nagybojt-1-vasarnapja-3\/\">R\u00e9szletek<\/a><\/p>\n","protected":false},"author":3,"featured_media":21226,"comment_status":"closed","ping_status":"closed","sticky":false,"template":"","format":"standard","meta":{"footnotes":""},"categories":[85,63],"tags":[],"class_list":["post-30569","post","type-post","status-publish","format-standard","has-post-thumbnail","hentry","category-a-liturgia-olvasmanyai","category-vasarnapi-gondolatok"],"yoast_head":"<!-- This site is optimized with the Yoast SEO plugin v27.3 - https:\/\/yoast.com\/product\/yoast-seo-wordpress\/ -->\n<title>Nagyb\u00f6jt 1. vas\u00e1rnapja - Stuttgarti Katolikusok<\/title>\n<meta name=\"robots\" content=\"index, follow, max-snippet:-1, max-image-preview:large, max-video-preview:-1\" \/>\n<link rel=\"canonical\" href=\"https:\/\/stuttgarti-katolikusok.de\/index.php\/nagybojt-1-vasarnapja-3\/\" \/>\n<meta property=\"og:locale\" content=\"hu_HU\" \/>\n<meta property=\"og:type\" content=\"article\" \/>\n<meta property=\"og:title\" content=\"Nagyb\u00f6jt 1. vas\u00e1rnapja - Stuttgarti Katolikusok\" \/>\n<meta property=\"og:description\" content=\"Nagyb\u00f6jt el\u0151k\u00e9sz\u00fcleti id\u0151 H\u00fasv\u00e9t \u00fcnnep\u00e9re. Kegyelmi id\u0151. Ahogyan a szentmise k\u00f6ny\u00f6rg\u00e9se fogalmaz: visszat\u00e9r\u0151 gyakorlatai \u00e1ltal eljuthatunk Krisztus titkainak meg\u00e9rt\u00e9s\u00e9re. M\u00e9lt\u00f3 kereszt\u00e9ny \u00e9let\u00fcnkkel hozz\u00e1 igazodunk. A kereszt\u00e9ny \u00e9rt\u00e9krendhez val\u00f3 igazod\u00e1s, nem \u00f6nmagunk felad\u00e1s\u00e1t jelenti, sokkal ink\u00e1bb elk\u00f6telez\u0151d\u00e9st \u00e9s abban val\u00f3 meger\u0151s\u00f6d\u00e9st. Vil\u00e1gunkban, amikor annyi ideol\u00f3giai \u00e1ramlat csap \u00f6ssze, k\u00fcl\u00f6n\u00f6sen is fontos tiszt\u00e1znom, hogy milyen ir\u00e1nyt v\u00e1lasztok \u00e9letemnek. Ehhez pedig elcsendesed\u00e9sre \u00e9s id\u0151re van sz\u00fcks\u00e9gem. A szentmise olvasm\u00e1nyai ebben hivatottak seg\u00edteni. Kezd\u0151\u00e9nek: Ha hozz\u00e1m ki\u00e1lt, \u00e9n meghallgatom; megmentem \u00e9s megdics\u0151\u00edtem, bet\u00f6lt\u0151m \u0151t napok hossz\u00fa sor\u00e1val. (V\u00f6. Zsolt 90,15-16) K\u00f6ny\u00f6rg\u00e9s: Add meg nek\u00fcnk, mindenhat\u00f3 Isten\u00fcnk, hogy a nagyb\u00f6jti szent id\u0151szak \u00e9vente visszat\u00e9r\u0151 gyakorlatai \u00e1ltal eljuthassunk Krisztus titkainak meg\u00e9rt\u00e9s\u00e9re, \u00e9s m\u00e9lt\u00f3 kereszt\u00e9ny \u00e9lettel igazodjunk hozz\u00e1. A mi Urunk, J\u00e9zus Krisztus, a te Fiad \u00e1ltal, aki veled \u00e9l \u00e9s uralkodik a Szentl\u00e9lekkel egys\u00e9gben, Isten mind\u00f6r\u00f6kk\u00f6n \u00f6r\u00f6kk\u00e9. OLVASM\u00c1NY M\u00f3zes \u00f6t\u00f6dik k\u00f6nyv\u00e9b\u0151l (MT\u00f6rv 26,4-10) A v\u00e1lasztott n\u00e9p hitvall\u00e1sa \u00e9s im\u00e1ds\u00e1ga az \u00dar el\u0151tt. M\u00f3zes \u00edgy tan\u00edtotta a n\u00e9pet: Amikor term\u00e9sed legjav\u00e1b\u00f3l aj\u00e1nd\u00e9kot hozol, a pap vegye ki kezedb\u0151l a kosarat, s \u00e1ll\u00edtsa az \u00dar, a te Istened olt\u00e1ra el\u00e9. Te pedig mondd az \u00dar, a te Istened el\u0151tt: \u201eAp\u00e1m v\u00e1ndorl\u00f3 ar\u00e1m volt, lement Egyiptomba, s ott \u00e9lt idegenk\u00e9nt kevesed mag\u00e1val, m\u00e9gis nagy, er\u0151s \u00e9s hatalmas n\u00e9pp\u00e9 lett. Amikor azt\u00e1n az egyiptomiak rosszul b\u00e1ntak vel\u00fcnk, sanyargattak \u00e9s kem\u00e9ny szolgas\u00e1gba vetettek minket, akkor az \u00darhoz, aty\u00e1ink Isten\u00e9hez ki\u00e1ltottunk. S az \u00dar meghallgatta k\u00f6ny\u00f6rg\u00e9s\u00fcnket, megl\u00e1tta nyomor\u00fas\u00e1gunkat, elnyomat\u00e1sunkat \u00e9s sanyar\u00fa sorsunkat. Az \u00dar er\u0151s k\u00e9zzel \u00e9s kiny\u00fajtott karral kivezetett minket Egyiptomb\u00f3l, nagy r\u00e9m\u00fcletet t\u00e1masztva, jelek \u00e9s csod\u00e1k k\u00eds\u00e9ret\u00e9ben. Erre a f\u00f6ldre hozott, \u00e9s nek\u00fcnk adta ezt a tejjel-m\u00e9zzel foly\u00f3 orsz\u00e1got. \u00cdme, most hozom annak a f\u00f6ldnek els\u0151 term\u00e9s\u00e9t, amelyet te, az \u00dar, nekem adt\u00e1l.\u201d Ezzel hagyd ott a kosarat az \u00dar, a te Istened sz\u00edne el\u0151tt, majd borulj le az \u00dar, a te Istened el\u0151tt. Ez az Isten ig\u00e9je. V\u00c1LASZOS ZSOLT\u00c1R... R\u00e9szletek\" \/>\n<meta property=\"og:url\" content=\"https:\/\/stuttgarti-katolikusok.de\/index.php\/nagybojt-1-vasarnapja-3\/\" \/>\n<meta property=\"og:site_name\" content=\"Stuttgarti Katolikusok\" \/>\n<meta property=\"article:published_time\" content=\"2025-03-09T08:00:36+00:00\" \/>\n<meta property=\"article:modified_time\" content=\"2025-03-09T08:02:10+00:00\" \/>\n<meta property=\"og:image\" content=\"https:\/\/stuttgarti-katolikusok.de\/wp-content\/uploads\/2021\/02\/hamvazoszerda.jpg\" \/>\n\t<meta property=\"og:image:width\" content=\"1280\" \/>\n\t<meta property=\"og:image:height\" content=\"853\" \/>\n\t<meta property=\"og:image:type\" content=\"image\/jpeg\" \/>\n<meta name=\"author\" content=\"Tibor atya\" \/>\n<meta name=\"twitter:card\" content=\"summary_large_image\" \/>\n<meta name=\"twitter:label1\" content=\"Szerz\u0151:\" \/>\n\t<meta name=\"twitter:data1\" content=\"Tibor atya\" \/>\n\t<meta name=\"twitter:label2\" content=\"Becs\u00fclt olvas\u00e1si id\u0151\" \/>\n\t<meta name=\"twitter:data2\" content=\"7 perc\" \/>\n<script type=\"application\/ld+json\" class=\"yoast-schema-graph\">{\"@context\":\"https:\\\/\\\/schema.org\",\"@graph\":[{\"@type\":\"Article\",\"@id\":\"https:\\\/\\\/stuttgarti-katolikusok.de\\\/index.php\\\/nagybojt-1-vasarnapja-3\\\/#article\",\"isPartOf\":{\"@id\":\"https:\\\/\\\/stuttgarti-katolikusok.de\\\/index.php\\\/nagybojt-1-vasarnapja-3\\\/\"},\"author\":{\"name\":\"Tibor atya\",\"@id\":\"https:\\\/\\\/stuttgarti-katolikusok.de\\\/#\\\/schema\\\/person\\\/75908d6f8fdc03a57889d27209df7795\"},\"headline\":\"Nagyb\u00f6jt 1. vas\u00e1rnapja\",\"datePublished\":\"2025-03-09T08:00:36+00:00\",\"dateModified\":\"2025-03-09T08:02:10+00:00\",\"mainEntityOfPage\":{\"@id\":\"https:\\\/\\\/stuttgarti-katolikusok.de\\\/index.php\\\/nagybojt-1-vasarnapja-3\\\/\"},\"wordCount\":1755,\"image\":{\"@id\":\"https:\\\/\\\/stuttgarti-katolikusok.de\\\/index.php\\\/nagybojt-1-vasarnapja-3\\\/#primaryimage\"},\"thumbnailUrl\":\"https:\\\/\\\/stuttgarti-katolikusok.de\\\/wp-content\\\/uploads\\\/2021\\\/02\\\/hamvazoszerda.jpg\",\"articleSection\":[\"A liturgia olvasm\u00e1nyai\",\"Vas\u00e1rnapi gondolatok\"],\"inLanguage\":\"hu\"},{\"@type\":\"WebPage\",\"@id\":\"https:\\\/\\\/stuttgarti-katolikusok.de\\\/index.php\\\/nagybojt-1-vasarnapja-3\\\/\",\"url\":\"https:\\\/\\\/stuttgarti-katolikusok.de\\\/index.php\\\/nagybojt-1-vasarnapja-3\\\/\",\"name\":\"Nagyb\u00f6jt 1. vas\u00e1rnapja - Stuttgarti Katolikusok\",\"isPartOf\":{\"@id\":\"https:\\\/\\\/stuttgarti-katolikusok.de\\\/#website\"},\"primaryImageOfPage\":{\"@id\":\"https:\\\/\\\/stuttgarti-katolikusok.de\\\/index.php\\\/nagybojt-1-vasarnapja-3\\\/#primaryimage\"},\"image\":{\"@id\":\"https:\\\/\\\/stuttgarti-katolikusok.de\\\/index.php\\\/nagybojt-1-vasarnapja-3\\\/#primaryimage\"},\"thumbnailUrl\":\"https:\\\/\\\/stuttgarti-katolikusok.de\\\/wp-content\\\/uploads\\\/2021\\\/02\\\/hamvazoszerda.jpg\",\"datePublished\":\"2025-03-09T08:00:36+00:00\",\"dateModified\":\"2025-03-09T08:02:10+00:00\",\"author\":{\"@id\":\"https:\\\/\\\/stuttgarti-katolikusok.de\\\/#\\\/schema\\\/person\\\/75908d6f8fdc03a57889d27209df7795\"},\"breadcrumb\":{\"@id\":\"https:\\\/\\\/stuttgarti-katolikusok.de\\\/index.php\\\/nagybojt-1-vasarnapja-3\\\/#breadcrumb\"},\"inLanguage\":\"hu\",\"potentialAction\":[{\"@type\":\"ReadAction\",\"target\":[\"https:\\\/\\\/stuttgarti-katolikusok.de\\\/index.php\\\/nagybojt-1-vasarnapja-3\\\/\"]}]},{\"@type\":\"ImageObject\",\"inLanguage\":\"hu\",\"@id\":\"https:\\\/\\\/stuttgarti-katolikusok.de\\\/index.php\\\/nagybojt-1-vasarnapja-3\\\/#primaryimage\",\"url\":\"https:\\\/\\\/stuttgarti-katolikusok.de\\\/wp-content\\\/uploads\\\/2021\\\/02\\\/hamvazoszerda.jpg\",\"contentUrl\":\"https:\\\/\\\/stuttgarti-katolikusok.de\\\/wp-content\\\/uploads\\\/2021\\\/02\\\/hamvazoszerda.jpg\",\"width\":1280,\"height\":853},{\"@type\":\"BreadcrumbList\",\"@id\":\"https:\\\/\\\/stuttgarti-katolikusok.de\\\/index.php\\\/nagybojt-1-vasarnapja-3\\\/#breadcrumb\",\"itemListElement\":[{\"@type\":\"ListItem\",\"position\":1,\"name\":\"Kezd\u0151lap\",\"item\":\"https:\\\/\\\/stuttgarti-katolikusok.de\\\/\"},{\"@type\":\"ListItem\",\"position\":2,\"name\":\"Nagyb\u00f6jt 1. vas\u00e1rnapja\"}]},{\"@type\":\"WebSite\",\"@id\":\"https:\\\/\\\/stuttgarti-katolikusok.de\\\/#website\",\"url\":\"https:\\\/\\\/stuttgarti-katolikusok.de\\\/\",\"name\":\"Stuttgarti Katolikusok\",\"description\":\"\",\"potentialAction\":[{\"@type\":\"SearchAction\",\"target\":{\"@type\":\"EntryPoint\",\"urlTemplate\":\"https:\\\/\\\/stuttgarti-katolikusok.de\\\/?s={search_term_string}\"},\"query-input\":{\"@type\":\"PropertyValueSpecification\",\"valueRequired\":true,\"valueName\":\"search_term_string\"}}],\"inLanguage\":\"hu\"},{\"@type\":\"Person\",\"@id\":\"https:\\\/\\\/stuttgarti-katolikusok.de\\\/#\\\/schema\\\/person\\\/75908d6f8fdc03a57889d27209df7795\",\"name\":\"Tibor atya\",\"image\":{\"@type\":\"ImageObject\",\"inLanguage\":\"hu\",\"@id\":\"https:\\\/\\\/secure.gravatar.com\\\/avatar\\\/61d268e57d1f4525b111222e29d2d5a7f8c420fdbf231ba5566a8ceac74fa960?s=96&d=mm&r=g\",\"url\":\"https:\\\/\\\/secure.gravatar.com\\\/avatar\\\/61d268e57d1f4525b111222e29d2d5a7f8c420fdbf231ba5566a8ceac74fa960?s=96&d=mm&r=g\",\"contentUrl\":\"https:\\\/\\\/secure.gravatar.com\\\/avatar\\\/61d268e57d1f4525b111222e29d2d5a7f8c420fdbf231ba5566a8ceac74fa960?s=96&d=mm&r=g\",\"caption\":\"Tibor atya\"},\"url\":\"https:\\\/\\\/stuttgarti-katolikusok.de\\\/index.php\\\/author\\\/tibor-atya\\\/\"}]}<\/script>\n<!-- \/ Yoast SEO plugin. -->","yoast_head_json":{"title":"Nagyb\u00f6jt 1. vas\u00e1rnapja - Stuttgarti Katolikusok","robots":{"index":"index","follow":"follow","max-snippet":"max-snippet:-1","max-image-preview":"max-image-preview:large","max-video-preview":"max-video-preview:-1"},"canonical":"https:\/\/stuttgarti-katolikusok.de\/index.php\/nagybojt-1-vasarnapja-3\/","og_locale":"hu_HU","og_type":"article","og_title":"Nagyb\u00f6jt 1. vas\u00e1rnapja - Stuttgarti Katolikusok","og_description":"Nagyb\u00f6jt el\u0151k\u00e9sz\u00fcleti id\u0151 H\u00fasv\u00e9t \u00fcnnep\u00e9re. Kegyelmi id\u0151. Ahogyan a szentmise k\u00f6ny\u00f6rg\u00e9se fogalmaz: visszat\u00e9r\u0151 gyakorlatai \u00e1ltal eljuthatunk Krisztus titkainak meg\u00e9rt\u00e9s\u00e9re. M\u00e9lt\u00f3 kereszt\u00e9ny \u00e9let\u00fcnkkel hozz\u00e1 igazodunk. A kereszt\u00e9ny \u00e9rt\u00e9krendhez val\u00f3 igazod\u00e1s, nem \u00f6nmagunk felad\u00e1s\u00e1t jelenti, sokkal ink\u00e1bb elk\u00f6telez\u0151d\u00e9st \u00e9s abban val\u00f3 meger\u0151s\u00f6d\u00e9st. Vil\u00e1gunkban, amikor annyi ideol\u00f3giai \u00e1ramlat csap \u00f6ssze, k\u00fcl\u00f6n\u00f6sen is fontos tiszt\u00e1znom, hogy milyen ir\u00e1nyt v\u00e1lasztok \u00e9letemnek. Ehhez pedig elcsendesed\u00e9sre \u00e9s id\u0151re van sz\u00fcks\u00e9gem. A szentmise olvasm\u00e1nyai ebben hivatottak seg\u00edteni. Kezd\u0151\u00e9nek: Ha hozz\u00e1m ki\u00e1lt, \u00e9n meghallgatom; megmentem \u00e9s megdics\u0151\u00edtem, bet\u00f6lt\u0151m \u0151t napok hossz\u00fa sor\u00e1val. (V\u00f6. Zsolt 90,15-16) K\u00f6ny\u00f6rg\u00e9s: Add meg nek\u00fcnk, mindenhat\u00f3 Isten\u00fcnk, hogy a nagyb\u00f6jti szent id\u0151szak \u00e9vente visszat\u00e9r\u0151 gyakorlatai \u00e1ltal eljuthassunk Krisztus titkainak meg\u00e9rt\u00e9s\u00e9re, \u00e9s m\u00e9lt\u00f3 kereszt\u00e9ny \u00e9lettel igazodjunk hozz\u00e1. A mi Urunk, J\u00e9zus Krisztus, a te Fiad \u00e1ltal, aki veled \u00e9l \u00e9s uralkodik a Szentl\u00e9lekkel egys\u00e9gben, Isten mind\u00f6r\u00f6kk\u00f6n \u00f6r\u00f6kk\u00e9. OLVASM\u00c1NY M\u00f3zes \u00f6t\u00f6dik k\u00f6nyv\u00e9b\u0151l (MT\u00f6rv 26,4-10) A v\u00e1lasztott n\u00e9p hitvall\u00e1sa \u00e9s im\u00e1ds\u00e1ga az \u00dar el\u0151tt. M\u00f3zes \u00edgy tan\u00edtotta a n\u00e9pet: Amikor term\u00e9sed legjav\u00e1b\u00f3l aj\u00e1nd\u00e9kot hozol, a pap vegye ki kezedb\u0151l a kosarat, s \u00e1ll\u00edtsa az \u00dar, a te Istened olt\u00e1ra el\u00e9. Te pedig mondd az \u00dar, a te Istened el\u0151tt: \u201eAp\u00e1m v\u00e1ndorl\u00f3 ar\u00e1m volt, lement Egyiptomba, s ott \u00e9lt idegenk\u00e9nt kevesed mag\u00e1val, m\u00e9gis nagy, er\u0151s \u00e9s hatalmas n\u00e9pp\u00e9 lett. Amikor azt\u00e1n az egyiptomiak rosszul b\u00e1ntak vel\u00fcnk, sanyargattak \u00e9s kem\u00e9ny szolgas\u00e1gba vetettek minket, akkor az \u00darhoz, aty\u00e1ink Isten\u00e9hez ki\u00e1ltottunk. S az \u00dar meghallgatta k\u00f6ny\u00f6rg\u00e9s\u00fcnket, megl\u00e1tta nyomor\u00fas\u00e1gunkat, elnyomat\u00e1sunkat \u00e9s sanyar\u00fa sorsunkat. Az \u00dar er\u0151s k\u00e9zzel \u00e9s kiny\u00fajtott karral kivezetett minket Egyiptomb\u00f3l, nagy r\u00e9m\u00fcletet t\u00e1masztva, jelek \u00e9s csod\u00e1k k\u00eds\u00e9ret\u00e9ben. Erre a f\u00f6ldre hozott, \u00e9s nek\u00fcnk adta ezt a tejjel-m\u00e9zzel foly\u00f3 orsz\u00e1got. \u00cdme, most hozom annak a f\u00f6ldnek els\u0151 term\u00e9s\u00e9t, amelyet te, az \u00dar, nekem adt\u00e1l.\u201d Ezzel hagyd ott a kosarat az \u00dar, a te Istened sz\u00edne el\u0151tt, majd borulj le az \u00dar, a te Istened el\u0151tt. Ez az Isten ig\u00e9je. V\u00c1LASZOS ZSOLT\u00c1R... R\u00e9szletek","og_url":"https:\/\/stuttgarti-katolikusok.de\/index.php\/nagybojt-1-vasarnapja-3\/","og_site_name":"Stuttgarti Katolikusok","article_published_time":"2025-03-09T08:00:36+00:00","article_modified_time":"2025-03-09T08:02:10+00:00","og_image":[{"width":1280,"height":853,"url":"https:\/\/stuttgarti-katolikusok.de\/wp-content\/uploads\/2021\/02\/hamvazoszerda.jpg","type":"image\/jpeg"}],"author":"Tibor atya","twitter_card":"summary_large_image","twitter_misc":{"Szerz\u0151:":"Tibor atya","Becs\u00fclt olvas\u00e1si id\u0151":"7 perc"},"schema":{"@context":"https:\/\/schema.org","@graph":[{"@type":"Article","@id":"https:\/\/stuttgarti-katolikusok.de\/index.php\/nagybojt-1-vasarnapja-3\/#article","isPartOf":{"@id":"https:\/\/stuttgarti-katolikusok.de\/index.php\/nagybojt-1-vasarnapja-3\/"},"author":{"name":"Tibor atya","@id":"https:\/\/stuttgarti-katolikusok.de\/#\/schema\/person\/75908d6f8fdc03a57889d27209df7795"},"headline":"Nagyb\u00f6jt 1. vas\u00e1rnapja","datePublished":"2025-03-09T08:00:36+00:00","dateModified":"2025-03-09T08:02:10+00:00","mainEntityOfPage":{"@id":"https:\/\/stuttgarti-katolikusok.de\/index.php\/nagybojt-1-vasarnapja-3\/"},"wordCount":1755,"image":{"@id":"https:\/\/stuttgarti-katolikusok.de\/index.php\/nagybojt-1-vasarnapja-3\/#primaryimage"},"thumbnailUrl":"https:\/\/stuttgarti-katolikusok.de\/wp-content\/uploads\/2021\/02\/hamvazoszerda.jpg","articleSection":["A liturgia olvasm\u00e1nyai","Vas\u00e1rnapi gondolatok"],"inLanguage":"hu"},{"@type":"WebPage","@id":"https:\/\/stuttgarti-katolikusok.de\/index.php\/nagybojt-1-vasarnapja-3\/","url":"https:\/\/stuttgarti-katolikusok.de\/index.php\/nagybojt-1-vasarnapja-3\/","name":"Nagyb\u00f6jt 1. vas\u00e1rnapja - Stuttgarti Katolikusok","isPartOf":{"@id":"https:\/\/stuttgarti-katolikusok.de\/#website"},"primaryImageOfPage":{"@id":"https:\/\/stuttgarti-katolikusok.de\/index.php\/nagybojt-1-vasarnapja-3\/#primaryimage"},"image":{"@id":"https:\/\/stuttgarti-katolikusok.de\/index.php\/nagybojt-1-vasarnapja-3\/#primaryimage"},"thumbnailUrl":"https:\/\/stuttgarti-katolikusok.de\/wp-content\/uploads\/2021\/02\/hamvazoszerda.jpg","datePublished":"2025-03-09T08:00:36+00:00","dateModified":"2025-03-09T08:02:10+00:00","author":{"@id":"https:\/\/stuttgarti-katolikusok.de\/#\/schema\/person\/75908d6f8fdc03a57889d27209df7795"},"breadcrumb":{"@id":"https:\/\/stuttgarti-katolikusok.de\/index.php\/nagybojt-1-vasarnapja-3\/#breadcrumb"},"inLanguage":"hu","potentialAction":[{"@type":"ReadAction","target":["https:\/\/stuttgarti-katolikusok.de\/index.php\/nagybojt-1-vasarnapja-3\/"]}]},{"@type":"ImageObject","inLanguage":"hu","@id":"https:\/\/stuttgarti-katolikusok.de\/index.php\/nagybojt-1-vasarnapja-3\/#primaryimage","url":"https:\/\/stuttgarti-katolikusok.de\/wp-content\/uploads\/2021\/02\/hamvazoszerda.jpg","contentUrl":"https:\/\/stuttgarti-katolikusok.de\/wp-content\/uploads\/2021\/02\/hamvazoszerda.jpg","width":1280,"height":853},{"@type":"BreadcrumbList","@id":"https:\/\/stuttgarti-katolikusok.de\/index.php\/nagybojt-1-vasarnapja-3\/#breadcrumb","itemListElement":[{"@type":"ListItem","position":1,"name":"Kezd\u0151lap","item":"https:\/\/stuttgarti-katolikusok.de\/"},{"@type":"ListItem","position":2,"name":"Nagyb\u00f6jt 1. vas\u00e1rnapja"}]},{"@type":"WebSite","@id":"https:\/\/stuttgarti-katolikusok.de\/#website","url":"https:\/\/stuttgarti-katolikusok.de\/","name":"Stuttgarti Katolikusok","description":"","potentialAction":[{"@type":"SearchAction","target":{"@type":"EntryPoint","urlTemplate":"https:\/\/stuttgarti-katolikusok.de\/?s={search_term_string}"},"query-input":{"@type":"PropertyValueSpecification","valueRequired":true,"valueName":"search_term_string"}}],"inLanguage":"hu"},{"@type":"Person","@id":"https:\/\/stuttgarti-katolikusok.de\/#\/schema\/person\/75908d6f8fdc03a57889d27209df7795","name":"Tibor atya","image":{"@type":"ImageObject","inLanguage":"hu","@id":"https:\/\/secure.gravatar.com\/avatar\/61d268e57d1f4525b111222e29d2d5a7f8c420fdbf231ba5566a8ceac74fa960?s=96&d=mm&r=g","url":"https:\/\/secure.gravatar.com\/avatar\/61d268e57d1f4525b111222e29d2d5a7f8c420fdbf231ba5566a8ceac74fa960?s=96&d=mm&r=g","contentUrl":"https:\/\/secure.gravatar.com\/avatar\/61d268e57d1f4525b111222e29d2d5a7f8c420fdbf231ba5566a8ceac74fa960?s=96&d=mm&r=g","caption":"Tibor atya"},"url":"https:\/\/stuttgarti-katolikusok.de\/index.php\/author\/tibor-atya\/"}]}},"_links":{"self":[{"href":"https:\/\/stuttgarti-katolikusok.de\/index.php\/wp-json\/wp\/v2\/posts\/30569","targetHints":{"allow":["GET"]}}],"collection":[{"href":"https:\/\/stuttgarti-katolikusok.de\/index.php\/wp-json\/wp\/v2\/posts"}],"about":[{"href":"https:\/\/stuttgarti-katolikusok.de\/index.php\/wp-json\/wp\/v2\/types\/post"}],"author":[{"embeddable":true,"href":"https:\/\/stuttgarti-katolikusok.de\/index.php\/wp-json\/wp\/v2\/users\/3"}],"replies":[{"embeddable":true,"href":"https:\/\/stuttgarti-katolikusok.de\/index.php\/wp-json\/wp\/v2\/comments?post=30569"}],"version-history":[{"count":3,"href":"https:\/\/stuttgarti-katolikusok.de\/index.php\/wp-json\/wp\/v2\/posts\/30569\/revisions"}],"predecessor-version":[{"id":30572,"href":"https:\/\/stuttgarti-katolikusok.de\/index.php\/wp-json\/wp\/v2\/posts\/30569\/revisions\/30572"}],"wp:featuredmedia":[{"embeddable":true,"href":"https:\/\/stuttgarti-katolikusok.de\/index.php\/wp-json\/wp\/v2\/media\/21226"}],"wp:attachment":[{"href":"https:\/\/stuttgarti-katolikusok.de\/index.php\/wp-json\/wp\/v2\/media?parent=30569"}],"wp:term":[{"taxonomy":"category","embeddable":true,"href":"https:\/\/stuttgarti-katolikusok.de\/index.php\/wp-json\/wp\/v2\/categories?post=30569"},{"taxonomy":"post_tag","embeddable":true,"href":"https:\/\/stuttgarti-katolikusok.de\/index.php\/wp-json\/wp\/v2\/tags?post=30569"}],"curies":[{"name":"wp","href":"https:\/\/api.w.org\/{rel}","templated":true}]}}