{"id":30534,"date":"2025-03-01T00:24:35","date_gmt":"2025-02-28T23:24:35","guid":{"rendered":"https:\/\/stuttgarti-katolikusok.de\/?p=30534"},"modified":"2025-03-01T00:24:35","modified_gmt":"2025-02-28T23:24:35","slug":"evkozi-8-vasarnap-konyorgonap-a-vilag-ehezoiert","status":"publish","type":"post","link":"https:\/\/stuttgarti-katolikusok.de\/index.php\/evkozi-8-vasarnap-konyorgonap-a-vilag-ehezoiert\/","title":{"rendered":"\u00c9vk\u00f6zi 8. vas\u00e1rnap \u2013 K\u00f6ny\u00f6rg\u0151nap a vil\u00e1g \u00e9hez\u0151i\u00e9rt"},"content":{"rendered":"<p><span style=\"color: #ff6600;\"><em>Szeretj\u00fck mind a magunk, mind a re\u00e1nk b\u00edzottak \u00e9let\u00e9t biztons\u00e1gban tudni. Ez\u00e9rt is annyira biztat\u00f3 a zsolt\u00e1ros foh\u00e1sza: &#8222;Az \u00dar az \u00e9n oltalmam, t\u00e1gas t\u00e9rre vezetett engem, megszabad\u00edtott&#8230;&#8221; Egy olyan k\u00e9pl\u00e9keny vil\u00e1gban, mint a mostani, \u00fcd\u00edt\u0151en hat a zsolt\u00e1ros biztat\u00e1sa. Hiszem, hogy val\u00f3ban az \u00dar, az Isten \u00e9letem oltalmaz\u00f3ja. \u00c9ppen ez\u00e9rt nincs okom a f\u00e9lelemre, agg\u00f3d\u00e1sra. T\u00e1gas t\u00e9rre vezet, vagyis szabads\u00e1ggal aj\u00e1nd\u00e9koz meg. Minden bizonnyal volt m\u00e1r r\u00e9szem megtapasztalni a bez\u00e1rts\u00e1got, amikor er\u0151t vesz rajtam a szorong\u00e1s. Nem jutok leveg\u0151h\u00f6z, testemben elbizonytalanodom. Mennyire j\u00f3 \u00e9rz\u00e9s kimenni a szabadba, beleharapni a friss leveg\u0151be.\u00a0<\/em><\/span><\/p>\n<p><span style=\"color: #ff6600;\"><em>Az olvasm\u00e1ny l\u00e9nyeg\u00e9ben b\u00f6lcs mond\u00e1sokat tartalmaz. Hagyd csak besz\u00e9lni a m\u00e1sikat, s megtudod, hogy milyen ember. Szavaink a gondolataink, \u00e9rz\u00e9seink \u00e9s bels\u0151 vil\u00e1gunk artikul\u00e1l\u00e1sa. Felel\u0151ss\u00e9ggel kell viseltetnem szavaimmal szemben. Vigy\u00e1zzak szavaim tisztas\u00e1g\u00e1ra. Meggondolatlanul kimondott szavaim helyrehozhatatlan k\u00e1rokat k\u00e9pesek okozni. T\u00f6bb ez mint hiba. Ez m\u00e1r b\u0171n!<\/em><\/span><\/p>\n<p><span style=\"color: #ff6600;\"><em>A szentlecke az \u00e1llhatatoss\u00e1g er\u00e9ny\u00e9t dics\u00e9ri. \u00c1llhatatoss\u00e1g \u00e9s kitart\u00e1s, a sikeres \u00e9s eredm\u00e9nyes \u00e9let n\u00e9lk\u00fcl\u00f6zhetetlen kell\u00e9kei. Erre van sz\u00fcks\u00e9ge a sportol\u00f3nak, hogy nagyszer\u0171 eredm\u00e9nyt \u00e9rjen el. \u00d6nmag\u00e1ban a tehets\u00e9g, a megannyi j\u00f3 tulajdons\u00e1g nem el\u00e9g. Ezt sohasem feledhetem!<\/em><\/span><\/p>\n<p><span style=\"color: #ff6600;\"><em>Az olvasm\u00e1nyhoz hasonl\u00f3an, az evang\u00e9liumban az \u00dar J\u00e9zus szint\u00e9n n\u00e9h\u00e1ny b\u00f6lcs tan\u00e1ccsal aj\u00e1nd\u00e9koz meg benn\u00fcnket. Csakis azt adhatom szavaimon \u00e9s cselekedeteimen kereszt\u00fcl, ami l\u00e9nyegem. &#8222;A sz\u00edv b\u0151s\u00e9g\u00e9b\u0151l besz\u00e9l a sz\u00e1j.&#8221; J\u00e9zus arra h\u00edv, hogy el\u0151sz\u00f6r mindig magamba n\u00e9zzek. \u00d6nmagammal szemben legyek kell\u0151 m\u00f3don kritikus \u00e9s szigor\u00fa. Ezt pedig nem lehet j\u00f3l tenni a Vele t\u00f6lt\u00f6tt id\u0151 n\u00e9lk\u00fcl. Ha csak elemezgetve n\u00e9zek magamba Isten Szentlelk\u00e9nek seg\u00edts\u00e9g\u00fcl h\u00edv\u00e1sa n\u00e9lk\u00fcl, k\u00f6nnyen f\u00e9lreismerhetem magam.\u00a0<\/em><\/span><\/p>\n<p><span style=\"color: #008000;\">Kezd\u0151\u00e9nek:<\/span><br \/>\nAz \u00dar lett az \u00e9n oltalmam, t\u00e1gas t\u00e9rre vezetett ki engem, megszabad\u00edtott, mert kedv\u00e9t lelte bennem.(V\u00f6. Zsolt 17,19-20)<\/p>\n<p><span style=\"color: #008000;\">K\u00f6ny\u00f6rg\u00e9s:<\/span><br \/>\nUrunk, Isten\u00fcnk, ir\u00e1ny\u00edtsd a vil\u00e1g rendj\u00e9t akaratod szerint b\u00e9kess\u00e9gben. Egyh\u00e1zadnak pedig add meg, hogy odaad\u00f3 buzg\u00f3s\u00e1ggal \u00e9s zavartalan \u00f6r\u00f6mmel szolg\u00e1ljon neked. A mi Urunk, J\u00e9zus Krisztus, a te Fiad \u00e1ltal, aki veled \u00e9l \u00e9s uralkodik a Szentl\u00e9lekkel egys\u00e9gben, Isten mind\u00f6r\u00f6kk\u00f6n \u00f6r\u00f6kk\u00e9.<\/p>\n<p><span style=\"color: #008000;\">OLVASM\u00c1NY Sir\u00e1k fia k\u00f6nyv\u00e9b\u0151l (Sir 27,5-8)<\/span><br \/>\n<em>Az ember besz<\/em><em>\u00e9de sokat el<\/em><em>\u00e1rul bels<\/em><em>\u0151 vil<\/em><em>\u00e1g<\/em><em>\u00e1r<\/em><em>\u00f3l.<\/em><br \/>\nAmikor szit\u00e1lnak, fennakad a szem\u00e9t, ha valaki besz\u00e9l, kider\u00fcl a gyeng\u00e9je.<br \/>\nA cser\u00e9p akkor lesz kem\u00e9ny, ha meleg a kemence, az ember \u00e9rt\u00e9k\u00e9t pedig a besz\u00e9de szabja meg. A f\u00e1k gy\u00fcm\u00f6lcse szerint becs\u00fclik meg a kertet, az embert szavai alapj\u00e1n \u00edt\u00e9lik meg. Ne magasztalj senkit, am\u00edg nem besz\u00e9lt, mert ez az ember legjobb pr\u00f3b\u00e1ja.<br \/>\nEz az Isten ig\u00e9je.<\/p>\n<p><span style=\"color: #008000;\">V\u00c1LASZOS ZSOLT\u00c1R (Zsolt 91,2-3.13-14.15-16)<\/span><br \/>\nV\u00e1lasz:\u00a0<strong>Mennyire j<\/strong><strong>\u00f3lesik<\/strong><strong>\u00a0<u>n<\/u><\/strong><strong><u>\u00e9<\/u>kem, * t<\/strong><strong>\u00e9gedet, Uram,<\/strong><strong>\u00a0<u>h<\/u><\/strong><strong><u>\u00e1<\/u>l<\/strong><strong>\u00e1val dics<\/strong><strong>\u00e9rnem.<\/strong>\u00a0V\u00f6. 2a. vers. (5. t\u00f3nus)<br \/>\nEl\u0151\u00e9nekes: J\u00f3 dolog az Urat\u00a0<u>di<\/u>cs\u00e9rni, * nevednek, \u00f3 F\u00f6ls\u00e9ges,\u00a0<u>\u00e9<\/u>neket zengeni.<br \/>\nIrgalmadat hajnalban\u00a0<u>hir<\/u>detni, * \u00e9s eg\u00e9sz \u00e9jszaka\u00a0<u>h<\/u><u>\u0171<\/u>s\u00e9gedet.<br \/>\nH\u00edvek:\u00a0<strong>Mennyire j<\/strong><strong>\u00f3lesik<\/strong><strong>\u00a0<u>n<\/u><\/strong><strong><u>\u00e9<\/u>kem, * t<\/strong><strong>\u00e9gedet, Uram,<\/strong><strong>\u00a0<u>h<\/u><\/strong><strong><u>\u00e1<\/u>l<\/strong><strong>\u00e1val dics<\/strong><strong>\u00e9rnem.<\/strong><br \/>\nE: Virul az igaz, ak\u00e1r a\u00a0<u>p<\/u><u>\u00e1l<\/u>ma, * \u00fagy n\u00f6vekszik mint a\u00a0<u>Li<\/u>banon c\u00e9drusa.<br \/>\nAz \u00dar h\u00e1z\u00e1ban \u00fcltett\u00e9k el\u00a0<u>\u0151<\/u>ket, * Isten\u00fcnk csarnok\u00e1ban\u00a0<u>vi<\/u>r\u00e1gzanak.<br \/>\nH:\u00a0<strong>Mennyire j<\/strong><strong>\u00f3lesik<\/strong><strong>\u00a0<u>n<\/u><\/strong><strong><u>\u00e9<\/u>kem, * t<\/strong><strong>\u00e9gedet, Uram,<\/strong><strong>\u00a0<u>h<\/u><\/strong><strong><u>\u00e1<\/u>l<\/strong><strong>\u00e1val dics<\/strong><strong>\u00e9rnem.<\/strong><br \/>\nE: M\u00e9g \u00f6regkorukban is gy\u00fcm\u00f6lcs\u00f6t\u00a0<u>hoz<\/u>nak, * telve vannak\u00a0<u>b<\/u><u>\u0151<\/u>s\u00e9ges \u00e9lettel.<br \/>\nHogy hirdess\u00e9k: \u201eIgaz az\u00a0<u>Is<\/u>ten, * nincs benne hamiss\u00e1g, \u0151 a\u00a0<u>me<\/u>ned\u00e9kem.\u201d<br \/>\nH:\u00a0<strong>Mennyire j<\/strong><strong>\u00f3lesik<\/strong><strong>\u00a0<u>n<\/u><\/strong><strong><u>\u00e9<\/u>kem, * t<\/strong><strong>\u00e9gedet, Uram,<\/strong><strong>\u00a0<u>h<\/u><\/strong><strong><u>\u00e1<\/u>l<\/strong><strong>\u00e1val dics<\/strong><strong>\u00e9rnem.<\/strong><\/p>\n<p><span style=\"color: #008000;\">SZENTLECKE Szent P\u00e1l apostolnak a korintusiakhoz \u00edrt els\u0151 level\u00e9b\u0151l (1Kor 15,54-58)<\/span><br \/>\n<em>Isten J<\/em><em>\u00e9zus Krisztus <\/em><em>\u00e1ltal gy<\/em><em>\u0151zelmet adott nek<\/em><em>\u00fcnk a hal<\/em><em>\u00e1l felett.<\/em><br \/>\nTestv\u00e9reim!<br \/>\nAmikor a romland\u00f3 test mag\u00e1ra \u00f6lti a romolhatatlans\u00e1got, a haland\u00f3 a halhatatlans\u00e1got, akkor beteljesedik az \u00cdr\u00e1s szava:<br \/>\nA gy\u0151zelem elnyelte a hal\u00e1lt. Hal\u00e1l, hol a te gy\u0151zelmed? Hal\u00e1l, hol a te full\u00e1nkod?<br \/>\nA hal\u00e1l full\u00e1nkja a b\u0171n, a b\u0171n ereje pedig a t\u00f6rv\u00e9ny. Legyen h\u00e1la az Istennek, mert \u0151 gy\u0151zelemre seg\u00edt minket, J\u00e9zus Krisztus, a mi Urunk \u00e1ltal.<br \/>\nLegyetek teh\u00e1t \u00e1llhatatosak \u00e9s kitart\u00f3ak, szeretett testv\u00e9reim! Tegyetek min\u00e9l t\u00f6bbet az \u00dar \u00fcgy\u00e9\u00e9rt sz\u00fcntelen, hiszen tudj\u00e1tok, hogy f\u00e1radoz\u00e1stok az \u00darban nem hi\u00e1baval\u00f3.<br \/>\nEz az Isten ig\u00e9je.<\/p>\n<p><span style=\"color: #008000;\">ALLELUJA<\/span><br \/>\n\u00dagy ragyogjatok, mint csillagok a min<u>den<\/u>s\u00e9gben, * \u00e9s tarts\u00e1tok meg az \u00f6<u>r<\/u><u>\u00f6k<\/u>\u00a0\u00e9let ig\u00e9it. Fil 2,15d.16a. \u2013 6. t\u00f3nus.<\/p>\n<p>\u2020 EVANG\u00c9LIUM Szent Luk\u00e1cs k\u00f6nyv\u00e9b\u0151l (Lk 6,39-45)<br \/>\n<em>A sz<\/em><em>\u00edv b<\/em><em>\u0151s<\/em><em>\u00e9g<\/em><em>\u00e9b<\/em><em>\u0151l besz<\/em><em>\u00e9l a sz<\/em><em>\u00e1j.<\/em><br \/>\nJ\u00e9zus a hegyi besz\u00e9dben ezeket a hasonlatokat mondta tan\u00edtv\u00e1nyainak: \u201eVajon vezethet-e vak vil\u00e1gtalant? Nem esnek-e bele mind a ketten a g\u00f6d\u00f6rbe?<br \/>\nNem nagyobb a tan\u00edtv\u00e1ny mester\u00e9n\u00e9l: Akkor t\u00f6k\u00e9letes az ember, amikor m\u00e1r olyan, mint a mestere.<br \/>\nMi\u00e9rt l\u00e1tod meg a sz\u00e1lk\u00e1t embert\u00e1rsad szem\u00e9ben, amikor a magad szem\u00e9ben a gerend\u00e1t sem veszed \u00e9szre? Hogyan mondhatod embert\u00e1rsadnak: Bar\u00e1tom, hadd vegyem ki szemedb\u0151l a sz\u00e1lk\u00e1t, holott saj\u00e1t szemedben nem l\u00e1tod meg a gerend\u00e1t? K\u00e9pmutat\u00f3! Vedd ki el\u0151bb a magad szem\u00e9b\u0151l a gerend\u00e1t, s azt\u00e1n t\u00f6r\u0151dj azzal, hogy kivedd a sz\u00e1lk\u00e1t embert\u00e1rsad szem\u00e9b\u0151l.<br \/>\nMert nincsen j\u00f3 fa, amely rossz gy\u00fcm\u00f6lcs\u00f6t terem, \u00e9s nincsen rossz fa, amely j\u00f3 gy\u00fcm\u00f6lcs\u00f6t hoz. Minden f\u00e1t gy\u00fcm\u00f6lcs\u00e9r\u0151l lehet megismerni. Nem szednek a t\u00f6visbokorr\u00f3l f\u00fcg\u00e9t, sem a t\u00fcskebokorr\u00f3l nem sz\u00fcretelnek sz\u0151l\u0151t. A j\u00f3 ember sz\u00edv\u00e9nek j\u00f3 kincs\u00e9b\u0151l j\u00f3t hoz el\u0151, a rossz ember pedig a rosszb\u00f3l rosszat hoz el\u0151. Hisz a sz\u00edv b\u0151s\u00e9g\u00e9b\u0151l besz\u00e9l a sz\u00e1j.\u201d<br \/>\nEzek az evang\u00e9lium ig\u00e9i.<\/p>\n<p><span style=\"color: #008000;\">EGYETEMES K\u00d6NY\u00d6RG\u00c9SEK<\/span><br \/>\nPap: Testv\u00e9reim! J\u00e9zus igaz besz\u00e9det \u00e9s p\u00e9ld\u00e1s \u00e9letet v\u00e1r h\u00edveit\u0151l. K\u00e9rj\u00fck ehhez isteni seg\u00edts\u00e9g\u00e9t!<br \/>\nLektor: 1. Seg\u00edtsd Egyh\u00e1zadat, a n\u00e9pek anyj\u00e1t \u00e9s tan\u00edt\u00f3mester\u00e9t, hogy mentes legyen mindazokt\u00f3l a hib\u00e1kt\u00f3l, amelyekt\u0151l \u00f3vnia kell a vil\u00e1got!<br \/>\nH\u00edvek: K\u00e9r\u00fcnk t\u00e9ged, hallgass meg minket!<br \/>\n2. Seg\u00edtsd az \u00e1llamf\u00e9rfiakat, hogy m\u00edg saj\u00e1t orsz\u00e1guk k\u00f6zjav\u00e1t biztos\u00edtj\u00e1k, a b\u00e9ke nemzetk\u00f6zi rendj\u00e9t is \u00e9p\u00edts\u00e9k!<br \/>\nH\u00edvek: K\u00e9r\u00fcnk t\u00e9ged . . .<br \/>\n3. Seg\u00edtsd a h\u00e1zast\u00e1rsakat, hogy mik\u00f6zben h\u0171s\u00e9get k\u00edv\u00e1nnak egym\u00e1st\u00f3l, k\u00f6lcs\u00f6n\u00f6s megbecs\u00fcl\u00e9ssel \u00e9s szeretettel er\u0151s\u00edts\u00e9k is az egym\u00e1s ir\u00e1nti h\u0171s\u00e9get!<br \/>\nH\u00edvek: K\u00e9r\u00fcnk t\u00e9ged . . .<br \/>\n4. Seg\u00edtsd a sz\u00fcl\u0151ket, akik gyermekeiket az isteni t\u00f6rv\u00e9ny megtart\u00e1s\u00e1ra nevelik, hogy \u0151k maguk is p\u00e9ld\u00e1s kereszt\u00e9ny \u00e9letet \u00e9ljenek!<br \/>\nH\u00edvek: K\u00e9r\u00fcnk t\u00e9ged . . .<br \/>\n5. Seg\u00edtsd meg egyh\u00e1zk\u00f6zs\u00e9g\u00fcnk h\u00edveit, hogy ne csak sajn\u00e1lkozzanak m\u00e1sok anyagiass\u00e1ga miatt, hanem \u00f6nzetlen\u00fcl ossz\u00e1k is meg saj\u00e1t javaikat sz\u0171k\u00f6lk\u00f6d\u0151 embert\u00e1rsaikkal!<br \/>\nH\u00edvek: K\u00e9r\u00fcnk t\u00e9ged . . .<br \/>\nPap: Isteni Mester\u00fcnk! Te azt k\u00edv\u00e1nod, hogy h\u00edveid ne csup\u00e1n hangoztass\u00e1k tan\u00edt\u00e1sodat, hanem p\u00e9ld\u00e1jukkal is legyenek a f\u00f6ld s\u00f3ja \u00e9s a vil\u00e1g vil\u00e1goss\u00e1ga. Add kegyelmedet, hogy mindazt a j\u00f3t, amit m\u00e1sokt\u00f3l elv\u00e1runk, mi magunk is p\u00e9ldaad\u00f3an gyakoroljuk! Aki \u00e9lsz \u00e9s uralkodol mind\u00f6r\u00f6kk\u00f6n-\u00f6r\u00f6kk\u00e9.<br \/>\nH\u00edvek: \u00c1men.<\/p>\n<p><span style=\"color: #008000;\">Felaj\u00e1nl\u00f3 k\u00f6ny\u00f6rg\u00e9s:<\/span><br \/>\nIsten\u00fcnk, t\u0151led kaptuk, amit nevednek felaj\u00e1nlunk, te m\u00e9gis a mi odaad\u00f3 szolg\u00e1latunk h\u00f3dolatak\u00e9nt fogadod el adom\u00e1nyainkat. K\u00e9rj\u00fck irgalmas j\u00f3s\u00e1godat, hogy amit \u00e9rdemszerz\u00e9sre kaptunk t\u0151led, szerezze meg nek\u00fcnk \u00f6r\u00f6k jutalmadat. Krisztus, a mi Urunk \u00e1ltal.<\/p>\n<p>&nbsp;<\/p>\n<p><span style=\"color: #008000;\">Pref\u00e1ci\u00f3:<\/span><br \/>\nMert val\u00f3ban m\u00e9lt\u00f3 \u00e9s igazs\u00e1gos, ill\u0151 \u00e9s \u00fcdv\u00f6s, hogy mindig \u00e9s minden\u00fctt h\u00e1l\u00e1t adjunk n\u00e9ked, mi Urunk, szents\u00e9ges Aty\u00e1nk, mindenhat\u00f3, \u00f6r\u00f6k Isten:<br \/>\nA b\u0171n ugyan elszak\u00edtotta fiaidat t\u0151led, de szent Fiad v\u00e9re \u00e9s Szentlelked ereje \u00e1ltal te \u00fajb\u00f3l magad k\u00f6r\u00e9 akartad gy\u0171jteni \u0151ket:<br \/>\nhogy n\u00e9ped, amelyet a Szenth\u00e1roms\u00e1g egy Isten egyes\u00edt, a Te m\u00e9rhetetlen b\u00f6lcsess\u00e9ged dics\u00e9ret\u00e9re Egyh\u00e1zz\u00e1 v\u00e1lj\u00e9k, mint Krisztus teste \u00e9s a Szentl\u00e9lek temploma.<br \/>\n\u00c9s ez\u00e9rt mi is az angyalok k\u00f3rus\u00e1hoz t\u00e1rsulunk, dics\u0151\u00edt\u00fcnk T\u00e9ged, \u00e9s ujjongva zengj\u00fck:<\/p>\n<p><span style=\"color: #008000;\">\u00c1ldoz\u00e1si \u00e9nek:<\/span><br \/>\n\u00c9nekelek az \u00darnak, aki j\u00f3t tett velem, \u00e9s dics\u00e9retet zengek a Fels\u00e9ges \u00dar nev\u00e9nek. (V\u00f6. Zsolt 12,6)<br \/>\n<span style=\"color: #008000;\"><em>Vagy<\/em><\/span><br \/>\n\u00cdme, \u00e9n veletek vagyok minden nap, a vil\u00e1g v\u00e9g\u00e9ig \u2013 mondja az \u00dar. (Mt 28,20)<\/p>\n<p><span style=\"color: #008000;\">\u00c1ldoz\u00e1s ut\u00e1ni k\u00f6ny\u00f6rg\u00e9s:<\/span><br \/>\n\u00dcdv\u00f6ss\u00e9gszerz\u0151 aj\u00e1nd\u00e9koddal vend\u00e9gelt\u00e9l meg minket, Urunk, Isten\u00fcnk. K\u00e9rj\u00fck irgalmass\u00e1godat, hogy amivel most f\u00f6ldi \u00e9let\u00fcnkben t\u00e1pl\u00e1lsz, ugyanazzal a mennyei eledellel t\u00e9gy benn\u00fcnket az \u00f6r\u00f6k \u00e9let r\u00e9szes\u00e9v\u00e9. Krisztus, a mi Urunk \u00e1ltal.<\/p>\n<p><em>(K\u00e9p forr\u00e1sa: Pixabay)<\/em><\/p>\n","protected":false},"excerpt":{"rendered":"<p>Szeretj\u00fck mind a magunk, mind a re\u00e1nk b\u00edzottak \u00e9let\u00e9t biztons\u00e1gban tudni. Ez\u00e9rt is annyira biztat\u00f3 a zsolt\u00e1ros foh\u00e1sza: &#8222;Az \u00dar az \u00e9n oltalmam, t\u00e1gas t\u00e9rre vezetett engem, megszabad\u00edtott&#8230;&#8221; Egy olyan k\u00e9pl\u00e9keny vil\u00e1gban, mint a mostani, \u00fcd\u00edt\u0151en hat a zsolt\u00e1ros biztat\u00e1sa. Hiszem, hogy val\u00f3ban az \u00dar, az Isten \u00e9letem oltalmaz\u00f3ja. \u00c9ppen ez\u00e9rt nincs okom a f\u00e9lelemre, agg\u00f3d\u00e1sra. T\u00e1gas t\u00e9rre vezet, vagyis szabads\u00e1ggal aj\u00e1nd\u00e9koz meg. Minden bizonnyal volt m\u00e1r r\u00e9szem megtapasztalni a bez\u00e1rts\u00e1got, amikor er\u0151t vesz rajtam a szorong\u00e1s. Nem jutok leveg\u0151h\u00f6z, testemben elbizonytalanodom. Mennyire j\u00f3 \u00e9rz\u00e9s kimenni a szabadba, beleharapni a friss leveg\u0151be.\u00a0 Az olvasm\u00e1ny l\u00e9nyeg\u00e9ben b\u00f6lcs mond\u00e1sokat tartalmaz. Hagyd csak besz\u00e9lni a m\u00e1sikat, s megtudod, hogy milyen ember. Szavaink a gondolataink, \u00e9rz\u00e9seink \u00e9s bels\u0151 vil\u00e1gunk artikul\u00e1l\u00e1sa. Felel\u0151ss\u00e9ggel kell viseltetnem szavaimmal szemben. Vigy\u00e1zzak szavaim tisztas\u00e1g\u00e1ra. Meggondolatlanul kimondott szavaim helyrehozhatatlan k\u00e1rokat k\u00e9pesek okozni. T\u00f6bb ez mint hiba. Ez m\u00e1r b\u0171n! A szentlecke az \u00e1llhatatoss\u00e1g er\u00e9ny\u00e9t dics\u00e9ri. \u00c1llhatatoss\u00e1g \u00e9s kitart\u00e1s, a sikeres \u00e9s eredm\u00e9nyes \u00e9let n\u00e9lk\u00fcl\u00f6zhetetlen kell\u00e9kei. Erre van sz\u00fcks\u00e9ge a sportol\u00f3nak, hogy nagyszer\u0171 eredm\u00e9nyt \u00e9rjen el. \u00d6nmag\u00e1ban a tehets\u00e9g, a megannyi j\u00f3 tulajdons\u00e1g nem el\u00e9g. Ezt sohasem feledhetem! Az olvasm\u00e1nyhoz hasonl\u00f3an, az evang\u00e9liumban az \u00dar J\u00e9zus szint\u00e9n n\u00e9h\u00e1ny b\u00f6lcs tan\u00e1ccsal aj\u00e1nd\u00e9koz meg benn\u00fcnket. Csakis azt adhatom szavaimon \u00e9s cselekedeteimen kereszt\u00fcl, ami l\u00e9nyegem. &#8222;A sz\u00edv b\u0151s\u00e9g\u00e9b\u0151l besz\u00e9l a sz\u00e1j.&#8221; J\u00e9zus arra h\u00edv, hogy el\u0151sz\u00f6r mindig magamba n\u00e9zzek. \u00d6nmagammal szemben legyek kell\u0151 m\u00f3don kritikus \u00e9s szigor\u00fa. Ezt pedig nem lehet j\u00f3l tenni a Vele t\u00f6lt\u00f6tt id\u0151 n\u00e9lk\u00fcl. Ha csak elemezgetve n\u00e9zek magamba Isten Szentlelk\u00e9nek seg\u00edts\u00e9g\u00fcl h\u00edv\u00e1sa n\u00e9lk\u00fcl, k\u00f6nnyen f\u00e9lreismerhetem magam.\u00a0 Kezd\u0151\u00e9nek: Az \u00dar lett az \u00e9n oltalmam, t\u00e1gas t\u00e9rre vezetett ki engem, megszabad\u00edtott, mert kedv\u00e9t lelte bennem.(V\u00f6. Zsolt 17,19-20) K\u00f6ny\u00f6rg\u00e9s: Urunk, Isten\u00fcnk, ir\u00e1ny\u00edtsd a vil\u00e1g rendj\u00e9t akaratod szerint b\u00e9kess\u00e9gben. Egyh\u00e1zadnak pedig add meg, hogy odaad\u00f3 buzg\u00f3s\u00e1ggal \u00e9s zavartalan \u00f6r\u00f6mmel szolg\u00e1ljon neked. A mi Urunk, J\u00e9zus Krisztus, a te Fiad \u00e1ltal, aki veled \u00e9l \u00e9s&#8230; <\/p>\n<p><a class=\"readmore\" href=\"https:\/\/stuttgarti-katolikusok.de\/index.php\/evkozi-8-vasarnap-konyorgonap-a-vilag-ehezoiert\/\">R\u00e9szletek<\/a><\/p>\n","protected":false},"author":3,"featured_media":30535,"comment_status":"closed","ping_status":"closed","sticky":false,"template":"","format":"standard","meta":{"footnotes":""},"categories":[85,63],"tags":[],"class_list":["post-30534","post","type-post","status-publish","format-standard","has-post-thumbnail","hentry","category-a-liturgia-olvasmanyai","category-vasarnapi-gondolatok"],"yoast_head":"<!-- This site is optimized with the Yoast SEO plugin v27.3 - https:\/\/yoast.com\/product\/yoast-seo-wordpress\/ -->\n<title>\u00c9vk\u00f6zi 8. vas\u00e1rnap \u2013 K\u00f6ny\u00f6rg\u0151nap a vil\u00e1g \u00e9hez\u0151i\u00e9rt - Stuttgarti Katolikusok<\/title>\n<meta name=\"robots\" content=\"index, follow, max-snippet:-1, max-image-preview:large, max-video-preview:-1\" \/>\n<link rel=\"canonical\" href=\"https:\/\/stuttgarti-katolikusok.de\/index.php\/evkozi-8-vasarnap-konyorgonap-a-vilag-ehezoiert\/\" \/>\n<meta property=\"og:locale\" content=\"hu_HU\" \/>\n<meta property=\"og:type\" content=\"article\" \/>\n<meta property=\"og:title\" content=\"\u00c9vk\u00f6zi 8. vas\u00e1rnap \u2013 K\u00f6ny\u00f6rg\u0151nap a vil\u00e1g \u00e9hez\u0151i\u00e9rt - Stuttgarti Katolikusok\" \/>\n<meta property=\"og:description\" content=\"Szeretj\u00fck mind a magunk, mind a re\u00e1nk b\u00edzottak \u00e9let\u00e9t biztons\u00e1gban tudni. Ez\u00e9rt is annyira biztat\u00f3 a zsolt\u00e1ros foh\u00e1sza: &#8222;Az \u00dar az \u00e9n oltalmam, t\u00e1gas t\u00e9rre vezetett engem, megszabad\u00edtott&#8230;&#8221; Egy olyan k\u00e9pl\u00e9keny vil\u00e1gban, mint a mostani, \u00fcd\u00edt\u0151en hat a zsolt\u00e1ros biztat\u00e1sa. Hiszem, hogy val\u00f3ban az \u00dar, az Isten \u00e9letem oltalmaz\u00f3ja. \u00c9ppen ez\u00e9rt nincs okom a f\u00e9lelemre, agg\u00f3d\u00e1sra. T\u00e1gas t\u00e9rre vezet, vagyis szabads\u00e1ggal aj\u00e1nd\u00e9koz meg. Minden bizonnyal volt m\u00e1r r\u00e9szem megtapasztalni a bez\u00e1rts\u00e1got, amikor er\u0151t vesz rajtam a szorong\u00e1s. Nem jutok leveg\u0151h\u00f6z, testemben elbizonytalanodom. Mennyire j\u00f3 \u00e9rz\u00e9s kimenni a szabadba, beleharapni a friss leveg\u0151be.\u00a0 Az olvasm\u00e1ny l\u00e9nyeg\u00e9ben b\u00f6lcs mond\u00e1sokat tartalmaz. Hagyd csak besz\u00e9lni a m\u00e1sikat, s megtudod, hogy milyen ember. Szavaink a gondolataink, \u00e9rz\u00e9seink \u00e9s bels\u0151 vil\u00e1gunk artikul\u00e1l\u00e1sa. Felel\u0151ss\u00e9ggel kell viseltetnem szavaimmal szemben. Vigy\u00e1zzak szavaim tisztas\u00e1g\u00e1ra. Meggondolatlanul kimondott szavaim helyrehozhatatlan k\u00e1rokat k\u00e9pesek okozni. T\u00f6bb ez mint hiba. Ez m\u00e1r b\u0171n! A szentlecke az \u00e1llhatatoss\u00e1g er\u00e9ny\u00e9t dics\u00e9ri. \u00c1llhatatoss\u00e1g \u00e9s kitart\u00e1s, a sikeres \u00e9s eredm\u00e9nyes \u00e9let n\u00e9lk\u00fcl\u00f6zhetetlen kell\u00e9kei. Erre van sz\u00fcks\u00e9ge a sportol\u00f3nak, hogy nagyszer\u0171 eredm\u00e9nyt \u00e9rjen el. \u00d6nmag\u00e1ban a tehets\u00e9g, a megannyi j\u00f3 tulajdons\u00e1g nem el\u00e9g. Ezt sohasem feledhetem! Az olvasm\u00e1nyhoz hasonl\u00f3an, az evang\u00e9liumban az \u00dar J\u00e9zus szint\u00e9n n\u00e9h\u00e1ny b\u00f6lcs tan\u00e1ccsal aj\u00e1nd\u00e9koz meg benn\u00fcnket. Csakis azt adhatom szavaimon \u00e9s cselekedeteimen kereszt\u00fcl, ami l\u00e9nyegem. &#8222;A sz\u00edv b\u0151s\u00e9g\u00e9b\u0151l besz\u00e9l a sz\u00e1j.&#8221; J\u00e9zus arra h\u00edv, hogy el\u0151sz\u00f6r mindig magamba n\u00e9zzek. \u00d6nmagammal szemben legyek kell\u0151 m\u00f3don kritikus \u00e9s szigor\u00fa. Ezt pedig nem lehet j\u00f3l tenni a Vele t\u00f6lt\u00f6tt id\u0151 n\u00e9lk\u00fcl. Ha csak elemezgetve n\u00e9zek magamba Isten Szentlelk\u00e9nek seg\u00edts\u00e9g\u00fcl h\u00edv\u00e1sa n\u00e9lk\u00fcl, k\u00f6nnyen f\u00e9lreismerhetem magam.\u00a0 Kezd\u0151\u00e9nek: Az \u00dar lett az \u00e9n oltalmam, t\u00e1gas t\u00e9rre vezetett ki engem, megszabad\u00edtott, mert kedv\u00e9t lelte bennem.(V\u00f6. Zsolt 17,19-20) K\u00f6ny\u00f6rg\u00e9s: Urunk, Isten\u00fcnk, ir\u00e1ny\u00edtsd a vil\u00e1g rendj\u00e9t akaratod szerint b\u00e9kess\u00e9gben. Egyh\u00e1zadnak pedig add meg, hogy odaad\u00f3 buzg\u00f3s\u00e1ggal \u00e9s zavartalan \u00f6r\u00f6mmel szolg\u00e1ljon neked. A mi Urunk, J\u00e9zus Krisztus, a te Fiad \u00e1ltal, aki veled \u00e9l \u00e9s... R\u00e9szletek\" \/>\n<meta property=\"og:url\" content=\"https:\/\/stuttgarti-katolikusok.de\/index.php\/evkozi-8-vasarnap-konyorgonap-a-vilag-ehezoiert\/\" \/>\n<meta property=\"og:site_name\" content=\"Stuttgarti Katolikusok\" \/>\n<meta property=\"article:published_time\" content=\"2025-02-28T23:24:35+00:00\" \/>\n<meta property=\"og:image\" content=\"https:\/\/stuttgarti-katolikusok.de\/wp-content\/uploads\/2025\/03\/peach-7423096-1280.jpg\" \/>\n\t<meta property=\"og:image:width\" content=\"1280\" \/>\n\t<meta property=\"og:image:height\" content=\"856\" \/>\n\t<meta property=\"og:image:type\" content=\"image\/jpeg\" \/>\n<meta name=\"author\" content=\"Tibor atya\" \/>\n<meta name=\"twitter:card\" content=\"summary_large_image\" \/>\n<meta name=\"twitter:label1\" content=\"Szerz\u0151:\" \/>\n\t<meta name=\"twitter:data1\" content=\"Tibor atya\" \/>\n\t<meta name=\"twitter:label2\" content=\"Becs\u00fclt olvas\u00e1si id\u0151\" \/>\n\t<meta name=\"twitter:data2\" content=\"7 perc\" \/>\n<script type=\"application\/ld+json\" class=\"yoast-schema-graph\">{\"@context\":\"https:\\\/\\\/schema.org\",\"@graph\":[{\"@type\":\"Article\",\"@id\":\"https:\\\/\\\/stuttgarti-katolikusok.de\\\/index.php\\\/evkozi-8-vasarnap-konyorgonap-a-vilag-ehezoiert\\\/#article\",\"isPartOf\":{\"@id\":\"https:\\\/\\\/stuttgarti-katolikusok.de\\\/index.php\\\/evkozi-8-vasarnap-konyorgonap-a-vilag-ehezoiert\\\/\"},\"author\":{\"name\":\"Tibor atya\",\"@id\":\"https:\\\/\\\/stuttgarti-katolikusok.de\\\/#\\\/schema\\\/person\\\/75908d6f8fdc03a57889d27209df7795\"},\"headline\":\"\u00c9vk\u00f6zi 8. vas\u00e1rnap \u2013 K\u00f6ny\u00f6rg\u0151nap a vil\u00e1g \u00e9hez\u0151i\u00e9rt\",\"datePublished\":\"2025-02-28T23:24:35+00:00\",\"mainEntityOfPage\":{\"@id\":\"https:\\\/\\\/stuttgarti-katolikusok.de\\\/index.php\\\/evkozi-8-vasarnap-konyorgonap-a-vilag-ehezoiert\\\/\"},\"wordCount\":1732,\"image\":{\"@id\":\"https:\\\/\\\/stuttgarti-katolikusok.de\\\/index.php\\\/evkozi-8-vasarnap-konyorgonap-a-vilag-ehezoiert\\\/#primaryimage\"},\"thumbnailUrl\":\"https:\\\/\\\/stuttgarti-katolikusok.de\\\/wp-content\\\/uploads\\\/2025\\\/03\\\/peach-7423096-1280.jpg\",\"articleSection\":[\"A liturgia olvasm\u00e1nyai\",\"Vas\u00e1rnapi gondolatok\"],\"inLanguage\":\"hu\"},{\"@type\":\"WebPage\",\"@id\":\"https:\\\/\\\/stuttgarti-katolikusok.de\\\/index.php\\\/evkozi-8-vasarnap-konyorgonap-a-vilag-ehezoiert\\\/\",\"url\":\"https:\\\/\\\/stuttgarti-katolikusok.de\\\/index.php\\\/evkozi-8-vasarnap-konyorgonap-a-vilag-ehezoiert\\\/\",\"name\":\"\u00c9vk\u00f6zi 8. vas\u00e1rnap \u2013 K\u00f6ny\u00f6rg\u0151nap a vil\u00e1g \u00e9hez\u0151i\u00e9rt - Stuttgarti Katolikusok\",\"isPartOf\":{\"@id\":\"https:\\\/\\\/stuttgarti-katolikusok.de\\\/#website\"},\"primaryImageOfPage\":{\"@id\":\"https:\\\/\\\/stuttgarti-katolikusok.de\\\/index.php\\\/evkozi-8-vasarnap-konyorgonap-a-vilag-ehezoiert\\\/#primaryimage\"},\"image\":{\"@id\":\"https:\\\/\\\/stuttgarti-katolikusok.de\\\/index.php\\\/evkozi-8-vasarnap-konyorgonap-a-vilag-ehezoiert\\\/#primaryimage\"},\"thumbnailUrl\":\"https:\\\/\\\/stuttgarti-katolikusok.de\\\/wp-content\\\/uploads\\\/2025\\\/03\\\/peach-7423096-1280.jpg\",\"datePublished\":\"2025-02-28T23:24:35+00:00\",\"author\":{\"@id\":\"https:\\\/\\\/stuttgarti-katolikusok.de\\\/#\\\/schema\\\/person\\\/75908d6f8fdc03a57889d27209df7795\"},\"breadcrumb\":{\"@id\":\"https:\\\/\\\/stuttgarti-katolikusok.de\\\/index.php\\\/evkozi-8-vasarnap-konyorgonap-a-vilag-ehezoiert\\\/#breadcrumb\"},\"inLanguage\":\"hu\",\"potentialAction\":[{\"@type\":\"ReadAction\",\"target\":[\"https:\\\/\\\/stuttgarti-katolikusok.de\\\/index.php\\\/evkozi-8-vasarnap-konyorgonap-a-vilag-ehezoiert\\\/\"]}]},{\"@type\":\"ImageObject\",\"inLanguage\":\"hu\",\"@id\":\"https:\\\/\\\/stuttgarti-katolikusok.de\\\/index.php\\\/evkozi-8-vasarnap-konyorgonap-a-vilag-ehezoiert\\\/#primaryimage\",\"url\":\"https:\\\/\\\/stuttgarti-katolikusok.de\\\/wp-content\\\/uploads\\\/2025\\\/03\\\/peach-7423096-1280.jpg\",\"contentUrl\":\"https:\\\/\\\/stuttgarti-katolikusok.de\\\/wp-content\\\/uploads\\\/2025\\\/03\\\/peach-7423096-1280.jpg\",\"width\":1280,\"height\":856},{\"@type\":\"BreadcrumbList\",\"@id\":\"https:\\\/\\\/stuttgarti-katolikusok.de\\\/index.php\\\/evkozi-8-vasarnap-konyorgonap-a-vilag-ehezoiert\\\/#breadcrumb\",\"itemListElement\":[{\"@type\":\"ListItem\",\"position\":1,\"name\":\"Kezd\u0151lap\",\"item\":\"https:\\\/\\\/stuttgarti-katolikusok.de\\\/\"},{\"@type\":\"ListItem\",\"position\":2,\"name\":\"\u00c9vk\u00f6zi 8. vas\u00e1rnap \u2013 K\u00f6ny\u00f6rg\u0151nap a vil\u00e1g \u00e9hez\u0151i\u00e9rt\"}]},{\"@type\":\"WebSite\",\"@id\":\"https:\\\/\\\/stuttgarti-katolikusok.de\\\/#website\",\"url\":\"https:\\\/\\\/stuttgarti-katolikusok.de\\\/\",\"name\":\"Stuttgarti Katolikusok\",\"description\":\"\",\"potentialAction\":[{\"@type\":\"SearchAction\",\"target\":{\"@type\":\"EntryPoint\",\"urlTemplate\":\"https:\\\/\\\/stuttgarti-katolikusok.de\\\/?s={search_term_string}\"},\"query-input\":{\"@type\":\"PropertyValueSpecification\",\"valueRequired\":true,\"valueName\":\"search_term_string\"}}],\"inLanguage\":\"hu\"},{\"@type\":\"Person\",\"@id\":\"https:\\\/\\\/stuttgarti-katolikusok.de\\\/#\\\/schema\\\/person\\\/75908d6f8fdc03a57889d27209df7795\",\"name\":\"Tibor atya\",\"image\":{\"@type\":\"ImageObject\",\"inLanguage\":\"hu\",\"@id\":\"https:\\\/\\\/secure.gravatar.com\\\/avatar\\\/61d268e57d1f4525b111222e29d2d5a7f8c420fdbf231ba5566a8ceac74fa960?s=96&d=mm&r=g\",\"url\":\"https:\\\/\\\/secure.gravatar.com\\\/avatar\\\/61d268e57d1f4525b111222e29d2d5a7f8c420fdbf231ba5566a8ceac74fa960?s=96&d=mm&r=g\",\"contentUrl\":\"https:\\\/\\\/secure.gravatar.com\\\/avatar\\\/61d268e57d1f4525b111222e29d2d5a7f8c420fdbf231ba5566a8ceac74fa960?s=96&d=mm&r=g\",\"caption\":\"Tibor atya\"},\"url\":\"https:\\\/\\\/stuttgarti-katolikusok.de\\\/index.php\\\/author\\\/tibor-atya\\\/\"}]}<\/script>\n<!-- \/ Yoast SEO plugin. -->","yoast_head_json":{"title":"\u00c9vk\u00f6zi 8. vas\u00e1rnap \u2013 K\u00f6ny\u00f6rg\u0151nap a vil\u00e1g \u00e9hez\u0151i\u00e9rt - Stuttgarti Katolikusok","robots":{"index":"index","follow":"follow","max-snippet":"max-snippet:-1","max-image-preview":"max-image-preview:large","max-video-preview":"max-video-preview:-1"},"canonical":"https:\/\/stuttgarti-katolikusok.de\/index.php\/evkozi-8-vasarnap-konyorgonap-a-vilag-ehezoiert\/","og_locale":"hu_HU","og_type":"article","og_title":"\u00c9vk\u00f6zi 8. vas\u00e1rnap \u2013 K\u00f6ny\u00f6rg\u0151nap a vil\u00e1g \u00e9hez\u0151i\u00e9rt - Stuttgarti Katolikusok","og_description":"Szeretj\u00fck mind a magunk, mind a re\u00e1nk b\u00edzottak \u00e9let\u00e9t biztons\u00e1gban tudni. Ez\u00e9rt is annyira biztat\u00f3 a zsolt\u00e1ros foh\u00e1sza: &#8222;Az \u00dar az \u00e9n oltalmam, t\u00e1gas t\u00e9rre vezetett engem, megszabad\u00edtott&#8230;&#8221; Egy olyan k\u00e9pl\u00e9keny vil\u00e1gban, mint a mostani, \u00fcd\u00edt\u0151en hat a zsolt\u00e1ros biztat\u00e1sa. Hiszem, hogy val\u00f3ban az \u00dar, az Isten \u00e9letem oltalmaz\u00f3ja. \u00c9ppen ez\u00e9rt nincs okom a f\u00e9lelemre, agg\u00f3d\u00e1sra. T\u00e1gas t\u00e9rre vezet, vagyis szabads\u00e1ggal aj\u00e1nd\u00e9koz meg. Minden bizonnyal volt m\u00e1r r\u00e9szem megtapasztalni a bez\u00e1rts\u00e1got, amikor er\u0151t vesz rajtam a szorong\u00e1s. Nem jutok leveg\u0151h\u00f6z, testemben elbizonytalanodom. Mennyire j\u00f3 \u00e9rz\u00e9s kimenni a szabadba, beleharapni a friss leveg\u0151be.\u00a0 Az olvasm\u00e1ny l\u00e9nyeg\u00e9ben b\u00f6lcs mond\u00e1sokat tartalmaz. Hagyd csak besz\u00e9lni a m\u00e1sikat, s megtudod, hogy milyen ember. Szavaink a gondolataink, \u00e9rz\u00e9seink \u00e9s bels\u0151 vil\u00e1gunk artikul\u00e1l\u00e1sa. Felel\u0151ss\u00e9ggel kell viseltetnem szavaimmal szemben. Vigy\u00e1zzak szavaim tisztas\u00e1g\u00e1ra. Meggondolatlanul kimondott szavaim helyrehozhatatlan k\u00e1rokat k\u00e9pesek okozni. T\u00f6bb ez mint hiba. Ez m\u00e1r b\u0171n! A szentlecke az \u00e1llhatatoss\u00e1g er\u00e9ny\u00e9t dics\u00e9ri. \u00c1llhatatoss\u00e1g \u00e9s kitart\u00e1s, a sikeres \u00e9s eredm\u00e9nyes \u00e9let n\u00e9lk\u00fcl\u00f6zhetetlen kell\u00e9kei. Erre van sz\u00fcks\u00e9ge a sportol\u00f3nak, hogy nagyszer\u0171 eredm\u00e9nyt \u00e9rjen el. \u00d6nmag\u00e1ban a tehets\u00e9g, a megannyi j\u00f3 tulajdons\u00e1g nem el\u00e9g. Ezt sohasem feledhetem! Az olvasm\u00e1nyhoz hasonl\u00f3an, az evang\u00e9liumban az \u00dar J\u00e9zus szint\u00e9n n\u00e9h\u00e1ny b\u00f6lcs tan\u00e1ccsal aj\u00e1nd\u00e9koz meg benn\u00fcnket. Csakis azt adhatom szavaimon \u00e9s cselekedeteimen kereszt\u00fcl, ami l\u00e9nyegem. &#8222;A sz\u00edv b\u0151s\u00e9g\u00e9b\u0151l besz\u00e9l a sz\u00e1j.&#8221; J\u00e9zus arra h\u00edv, hogy el\u0151sz\u00f6r mindig magamba n\u00e9zzek. \u00d6nmagammal szemben legyek kell\u0151 m\u00f3don kritikus \u00e9s szigor\u00fa. Ezt pedig nem lehet j\u00f3l tenni a Vele t\u00f6lt\u00f6tt id\u0151 n\u00e9lk\u00fcl. Ha csak elemezgetve n\u00e9zek magamba Isten Szentlelk\u00e9nek seg\u00edts\u00e9g\u00fcl h\u00edv\u00e1sa n\u00e9lk\u00fcl, k\u00f6nnyen f\u00e9lreismerhetem magam.\u00a0 Kezd\u0151\u00e9nek: Az \u00dar lett az \u00e9n oltalmam, t\u00e1gas t\u00e9rre vezetett ki engem, megszabad\u00edtott, mert kedv\u00e9t lelte bennem.(V\u00f6. Zsolt 17,19-20) K\u00f6ny\u00f6rg\u00e9s: Urunk, Isten\u00fcnk, ir\u00e1ny\u00edtsd a vil\u00e1g rendj\u00e9t akaratod szerint b\u00e9kess\u00e9gben. Egyh\u00e1zadnak pedig add meg, hogy odaad\u00f3 buzg\u00f3s\u00e1ggal \u00e9s zavartalan \u00f6r\u00f6mmel szolg\u00e1ljon neked. A mi Urunk, J\u00e9zus Krisztus, a te Fiad \u00e1ltal, aki veled \u00e9l \u00e9s... R\u00e9szletek","og_url":"https:\/\/stuttgarti-katolikusok.de\/index.php\/evkozi-8-vasarnap-konyorgonap-a-vilag-ehezoiert\/","og_site_name":"Stuttgarti Katolikusok","article_published_time":"2025-02-28T23:24:35+00:00","og_image":[{"width":1280,"height":856,"url":"https:\/\/stuttgarti-katolikusok.de\/wp-content\/uploads\/2025\/03\/peach-7423096-1280.jpg","type":"image\/jpeg"}],"author":"Tibor atya","twitter_card":"summary_large_image","twitter_misc":{"Szerz\u0151:":"Tibor atya","Becs\u00fclt olvas\u00e1si id\u0151":"7 perc"},"schema":{"@context":"https:\/\/schema.org","@graph":[{"@type":"Article","@id":"https:\/\/stuttgarti-katolikusok.de\/index.php\/evkozi-8-vasarnap-konyorgonap-a-vilag-ehezoiert\/#article","isPartOf":{"@id":"https:\/\/stuttgarti-katolikusok.de\/index.php\/evkozi-8-vasarnap-konyorgonap-a-vilag-ehezoiert\/"},"author":{"name":"Tibor atya","@id":"https:\/\/stuttgarti-katolikusok.de\/#\/schema\/person\/75908d6f8fdc03a57889d27209df7795"},"headline":"\u00c9vk\u00f6zi 8. vas\u00e1rnap \u2013 K\u00f6ny\u00f6rg\u0151nap a vil\u00e1g \u00e9hez\u0151i\u00e9rt","datePublished":"2025-02-28T23:24:35+00:00","mainEntityOfPage":{"@id":"https:\/\/stuttgarti-katolikusok.de\/index.php\/evkozi-8-vasarnap-konyorgonap-a-vilag-ehezoiert\/"},"wordCount":1732,"image":{"@id":"https:\/\/stuttgarti-katolikusok.de\/index.php\/evkozi-8-vasarnap-konyorgonap-a-vilag-ehezoiert\/#primaryimage"},"thumbnailUrl":"https:\/\/stuttgarti-katolikusok.de\/wp-content\/uploads\/2025\/03\/peach-7423096-1280.jpg","articleSection":["A liturgia olvasm\u00e1nyai","Vas\u00e1rnapi gondolatok"],"inLanguage":"hu"},{"@type":"WebPage","@id":"https:\/\/stuttgarti-katolikusok.de\/index.php\/evkozi-8-vasarnap-konyorgonap-a-vilag-ehezoiert\/","url":"https:\/\/stuttgarti-katolikusok.de\/index.php\/evkozi-8-vasarnap-konyorgonap-a-vilag-ehezoiert\/","name":"\u00c9vk\u00f6zi 8. vas\u00e1rnap \u2013 K\u00f6ny\u00f6rg\u0151nap a vil\u00e1g \u00e9hez\u0151i\u00e9rt - Stuttgarti Katolikusok","isPartOf":{"@id":"https:\/\/stuttgarti-katolikusok.de\/#website"},"primaryImageOfPage":{"@id":"https:\/\/stuttgarti-katolikusok.de\/index.php\/evkozi-8-vasarnap-konyorgonap-a-vilag-ehezoiert\/#primaryimage"},"image":{"@id":"https:\/\/stuttgarti-katolikusok.de\/index.php\/evkozi-8-vasarnap-konyorgonap-a-vilag-ehezoiert\/#primaryimage"},"thumbnailUrl":"https:\/\/stuttgarti-katolikusok.de\/wp-content\/uploads\/2025\/03\/peach-7423096-1280.jpg","datePublished":"2025-02-28T23:24:35+00:00","author":{"@id":"https:\/\/stuttgarti-katolikusok.de\/#\/schema\/person\/75908d6f8fdc03a57889d27209df7795"},"breadcrumb":{"@id":"https:\/\/stuttgarti-katolikusok.de\/index.php\/evkozi-8-vasarnap-konyorgonap-a-vilag-ehezoiert\/#breadcrumb"},"inLanguage":"hu","potentialAction":[{"@type":"ReadAction","target":["https:\/\/stuttgarti-katolikusok.de\/index.php\/evkozi-8-vasarnap-konyorgonap-a-vilag-ehezoiert\/"]}]},{"@type":"ImageObject","inLanguage":"hu","@id":"https:\/\/stuttgarti-katolikusok.de\/index.php\/evkozi-8-vasarnap-konyorgonap-a-vilag-ehezoiert\/#primaryimage","url":"https:\/\/stuttgarti-katolikusok.de\/wp-content\/uploads\/2025\/03\/peach-7423096-1280.jpg","contentUrl":"https:\/\/stuttgarti-katolikusok.de\/wp-content\/uploads\/2025\/03\/peach-7423096-1280.jpg","width":1280,"height":856},{"@type":"BreadcrumbList","@id":"https:\/\/stuttgarti-katolikusok.de\/index.php\/evkozi-8-vasarnap-konyorgonap-a-vilag-ehezoiert\/#breadcrumb","itemListElement":[{"@type":"ListItem","position":1,"name":"Kezd\u0151lap","item":"https:\/\/stuttgarti-katolikusok.de\/"},{"@type":"ListItem","position":2,"name":"\u00c9vk\u00f6zi 8. vas\u00e1rnap \u2013 K\u00f6ny\u00f6rg\u0151nap a vil\u00e1g \u00e9hez\u0151i\u00e9rt"}]},{"@type":"WebSite","@id":"https:\/\/stuttgarti-katolikusok.de\/#website","url":"https:\/\/stuttgarti-katolikusok.de\/","name":"Stuttgarti Katolikusok","description":"","potentialAction":[{"@type":"SearchAction","target":{"@type":"EntryPoint","urlTemplate":"https:\/\/stuttgarti-katolikusok.de\/?s={search_term_string}"},"query-input":{"@type":"PropertyValueSpecification","valueRequired":true,"valueName":"search_term_string"}}],"inLanguage":"hu"},{"@type":"Person","@id":"https:\/\/stuttgarti-katolikusok.de\/#\/schema\/person\/75908d6f8fdc03a57889d27209df7795","name":"Tibor atya","image":{"@type":"ImageObject","inLanguage":"hu","@id":"https:\/\/secure.gravatar.com\/avatar\/61d268e57d1f4525b111222e29d2d5a7f8c420fdbf231ba5566a8ceac74fa960?s=96&d=mm&r=g","url":"https:\/\/secure.gravatar.com\/avatar\/61d268e57d1f4525b111222e29d2d5a7f8c420fdbf231ba5566a8ceac74fa960?s=96&d=mm&r=g","contentUrl":"https:\/\/secure.gravatar.com\/avatar\/61d268e57d1f4525b111222e29d2d5a7f8c420fdbf231ba5566a8ceac74fa960?s=96&d=mm&r=g","caption":"Tibor atya"},"url":"https:\/\/stuttgarti-katolikusok.de\/index.php\/author\/tibor-atya\/"}]}},"_links":{"self":[{"href":"https:\/\/stuttgarti-katolikusok.de\/index.php\/wp-json\/wp\/v2\/posts\/30534","targetHints":{"allow":["GET"]}}],"collection":[{"href":"https:\/\/stuttgarti-katolikusok.de\/index.php\/wp-json\/wp\/v2\/posts"}],"about":[{"href":"https:\/\/stuttgarti-katolikusok.de\/index.php\/wp-json\/wp\/v2\/types\/post"}],"author":[{"embeddable":true,"href":"https:\/\/stuttgarti-katolikusok.de\/index.php\/wp-json\/wp\/v2\/users\/3"}],"replies":[{"embeddable":true,"href":"https:\/\/stuttgarti-katolikusok.de\/index.php\/wp-json\/wp\/v2\/comments?post=30534"}],"version-history":[{"count":1,"href":"https:\/\/stuttgarti-katolikusok.de\/index.php\/wp-json\/wp\/v2\/posts\/30534\/revisions"}],"predecessor-version":[{"id":30536,"href":"https:\/\/stuttgarti-katolikusok.de\/index.php\/wp-json\/wp\/v2\/posts\/30534\/revisions\/30536"}],"wp:featuredmedia":[{"embeddable":true,"href":"https:\/\/stuttgarti-katolikusok.de\/index.php\/wp-json\/wp\/v2\/media\/30535"}],"wp:attachment":[{"href":"https:\/\/stuttgarti-katolikusok.de\/index.php\/wp-json\/wp\/v2\/media?parent=30534"}],"wp:term":[{"taxonomy":"category","embeddable":true,"href":"https:\/\/stuttgarti-katolikusok.de\/index.php\/wp-json\/wp\/v2\/categories?post=30534"},{"taxonomy":"post_tag","embeddable":true,"href":"https:\/\/stuttgarti-katolikusok.de\/index.php\/wp-json\/wp\/v2\/tags?post=30534"}],"curies":[{"name":"wp","href":"https:\/\/api.w.org\/{rel}","templated":true}]}}