{"id":30516,"date":"2025-02-24T22:55:30","date_gmt":"2025-02-24T21:55:30","guid":{"rendered":"https:\/\/stuttgarti-katolikusok.de\/?p=30516"},"modified":"2025-02-24T22:55:30","modified_gmt":"2025-02-24T21:55:30","slug":"2025-februar-24-es-marcius-2-kozott","status":"publish","type":"post","link":"https:\/\/stuttgarti-katolikusok.de\/index.php\/2025-februar-24-es-marcius-2-kozott\/","title":{"rendered":"2025. FEBRU\u00c1R 24 \u00c9S M\u00c1RCIUS 2 K\u00d6Z\u00d6TT"},"content":{"rendered":"<p><span style=\"color: #008000;\"><strong>Programel\u0151zetes<\/strong><\/span><\/p>\n<p style=\"text-align: center;\"><span style=\"color: #008000;\"><strong>*<\/strong><\/span><\/p>\n<p><strong>Febru\u00e1r 27-\u00e9n<\/strong>, szerd\u00e1n, <em><strong>Weingarteni d\u00e9lut\u00e1n<\/strong><\/em><em>, a <\/em><em>14 Nothelfer Kapelle<\/em><em>-ben <\/em>18.00 \u00f3rakor <em>szentmise,<\/em> el\u0151tte <em>r\u00f3zsaf\u00fcz\u00e9rt im\u00e1dkozunk. <\/em>Szentmise keret\u00e9ben <em>Besz\u00e9lget\u00e9sek a katekizmusr\u00f3l.<\/em><\/p>\n<p style=\"text-align: center;\"><span style=\"color: #008000;\"><strong>*<\/strong><\/span><\/p>\n<p><strong>Febru\u00e1r 28-\u00e1n, <\/strong>p\u00e9nteken,<em><strong>Stuttgarti d\u00e9lut\u00e1n, <\/strong><\/em><\/p>\n<p>17.30 \u00f3rakor<em> szentmise,<\/em><\/p>\n<p>18.00 \u00f3rakor <em><strong><span style=\"color: #ff6600;\">Bar\u00e1ts\u00e1gklub<\/span><\/strong>.<\/em><\/p>\n<p><em> <a href=\"https:\/\/stuttgarti-katolikusok.de\/wp-content\/uploads\/2025\/02\/baratsagklub-2025-februar.jpg\"><img loading=\"lazy\" decoding=\"async\" class=\"alignnone size-full wp-image-30517\" src=\"https:\/\/stuttgarti-katolikusok.de\/wp-content\/uploads\/2025\/02\/baratsagklub-2025-februar.jpg\" alt=\"\" width=\"1654\" height=\"2339\" srcset=\"https:\/\/stuttgarti-katolikusok.de\/wp-content\/uploads\/2025\/02\/baratsagklub-2025-februar.jpg 1654w, https:\/\/stuttgarti-katolikusok.de\/wp-content\/uploads\/2025\/02\/baratsagklub-2025-februar-212x300.jpg 212w, https:\/\/stuttgarti-katolikusok.de\/wp-content\/uploads\/2025\/02\/baratsagklub-2025-februar-724x1024.jpg 724w, https:\/\/stuttgarti-katolikusok.de\/wp-content\/uploads\/2025\/02\/baratsagklub-2025-februar-1086x1536.jpg 1086w, https:\/\/stuttgarti-katolikusok.de\/wp-content\/uploads\/2025\/02\/baratsagklub-2025-februar-1448x2048.jpg 1448w\" sizes=\"auto, (max-width: 1654px) 100vw, 1654px\" \/><\/a><\/em><\/p>\n<p style=\"text-align: center;\"><span style=\"color: #008000;\">*<\/span><\/p>\n<p><strong>M\u00e1rcius 1-j\u00e9n<\/strong>, szombaton, <strong>Reutlingenben<\/strong> 16.30 \u00f3rakor<em>\u00a0szentmise, <\/em>ut\u00e1na <em>agap\u00e9.<\/em><\/p>\n<p style=\"text-align: center;\"><span style=\"color: #008000;\"><strong>*<\/strong><\/span><\/p>\n<p><strong>M\u00e1rcius 2-\u00e1n<\/strong><strong>,<\/strong> <span style=\"color: #008000;\"><em><strong>\u00c9vk\u00f6zi 8. vas\u00e1rnap<\/strong><\/em><\/span><em>,<\/em><\/p>\n<p><strong>Schw<\/strong><strong>\u00e4bisch-Gm<\/strong><strong>\u00fcndben<\/strong> 9.30 \u00f3rakor <em>szentmise, <\/em>ut\u00e1na <em>agap\u00e9.<\/em><\/p>\n<p><strong>Stuttgartban<\/strong> 15.00 \u00f3rakor <em>szentmise <\/em>\u00e9s <em>gyermek-istentisztelet, <\/em>ut\u00e1na <em>agap\u00e9. <\/em>Ennek keret\u00e9ben <em>gyermekek farsangj\u00e1ra<\/em> ker\u00fcl sor.<\/p>\n<p style=\"text-align: center;\"><em>\u00a0<\/em><span style=\"color: #008000;\"><strong>*<\/strong><\/span><\/p>\n<p>Minden helyen mindenkit szeretettel v\u00e1r a k\u00f6z\u00f6ss\u00e9g \u00e9s Tibor atya!<\/p>\n<p style=\"text-align: center;\"><span style=\"color: #008000;\"><strong>*<\/strong><\/span><\/p>\n<p><a href=\"https:\/\/stuttgarti-katolikusok.de\/wp-content\/uploads\/2025\/02\/donut-3081989-1280.jpg\"><img loading=\"lazy\" decoding=\"async\" class=\"alignnone size-full wp-image-30518\" src=\"https:\/\/stuttgarti-katolikusok.de\/wp-content\/uploads\/2025\/02\/donut-3081989-1280.jpg\" alt=\"\" width=\"1280\" height=\"1024\" srcset=\"https:\/\/stuttgarti-katolikusok.de\/wp-content\/uploads\/2025\/02\/donut-3081989-1280.jpg 1280w, https:\/\/stuttgarti-katolikusok.de\/wp-content\/uploads\/2025\/02\/donut-3081989-1280-300x240.jpg 300w, https:\/\/stuttgarti-katolikusok.de\/wp-content\/uploads\/2025\/02\/donut-3081989-1280-1024x819.jpg 1024w\" sizes=\"auto, (max-width: 1280px) 100vw, 1280px\" \/><\/a><\/p>\n<p style=\"text-align: center;\"><span style=\"color: #008000;\"><strong>*<\/strong><\/span><\/p>\n<p><span style=\"color: #008000;\"><em><strong>Bens\u0151s\u00e9ges \u00e9s kellemes farsangi napokat, j\u00f3 tal\u00e1lkoz\u00e1sokat \u00e9s sok \u00f6r\u00f6met k\u00edv\u00e1nok minden kedves H\u00edvemnek.<\/strong><\/em><\/span><\/p>\n<p style=\"text-align: center;\"><span style=\"color: #008000;\"><strong>*<\/strong><\/span><\/p>\n<p><span style=\"color: #ff6600;\"><em>\u00a0<\/em><\/span><em><span style=\"color: #008000;\"><span style=\"color: #ff6600;\">\u201eEgy ember kereszt\u00fcl-kasul utazza a vil\u00e1got, csakhogy szem\u00e9lyesen meggy\u0151z\u0151dhess\u00e9k egy h\u00edrneves ember nagys\u00e1g\u00e1r\u00f3l. \u2013 Milyen csod\u00e1t tett a mestered? \u2013 k\u00e9rdezte egyik tan\u00edtv\u00e1ny\u00e1t\u00f3l. \u0150 azt felelte: Tudom, n\u00e1latok azt tekintik csod\u00e1nak, ha Isten teljes\u00edti valakinek az akarat\u00e1t. N\u00e1lunk viszont az a csoda, ha mi teljes\u00edtj\u00fck Isten akarat\u00e1t. Ilyen \u00e9rtelemben az \u00e9n mesterem nagy csodatev\u0151 volt.\u201d<\/span>\u00a0<\/span> <\/em><em>(Anthony de Mello S.J. \u2013 1931 \u2013 1987)<\/em><\/p>\n<p><em>(K\u00e9p forr\u00e1sa: N\u00e9meti Gergely)<\/em><\/p>\n<p><em><strong>\u00a0<\/strong><\/em><\/p>\n","protected":false},"excerpt":{"rendered":"<p>Programel\u0151zetes * Febru\u00e1r 27-\u00e9n, szerd\u00e1n, Weingarteni d\u00e9lut\u00e1n, a 14 Nothelfer Kapelle-ben 18.00 \u00f3rakor szentmise, el\u0151tte r\u00f3zsaf\u00fcz\u00e9rt im\u00e1dkozunk. Szentmise keret\u00e9ben Besz\u00e9lget\u00e9sek a katekizmusr\u00f3l. * Febru\u00e1r 28-\u00e1n, p\u00e9nteken,Stuttgarti d\u00e9lut\u00e1n, 17.30 \u00f3rakor szentmise, 18.00 \u00f3rakor Bar\u00e1ts\u00e1gklub. * M\u00e1rcius 1-j\u00e9n, szombaton, Reutlingenben 16.30 \u00f3rakor\u00a0szentmise, ut\u00e1na agap\u00e9. * M\u00e1rcius 2-\u00e1n, \u00c9vk\u00f6zi 8. vas\u00e1rnap, Schw\u00e4bisch-Gm\u00fcndben 9.30 \u00f3rakor szentmise, ut\u00e1na agap\u00e9. Stuttgartban 15.00 \u00f3rakor szentmise \u00e9s gyermek-istentisztelet, ut\u00e1na agap\u00e9. Ennek keret\u00e9ben gyermekek farsangj\u00e1ra ker\u00fcl sor. \u00a0* Minden helyen mindenkit szeretettel v\u00e1r a k\u00f6z\u00f6ss\u00e9g \u00e9s Tibor atya! * * Bens\u0151s\u00e9ges \u00e9s kellemes farsangi napokat, j\u00f3 tal\u00e1lkoz\u00e1sokat \u00e9s sok \u00f6r\u00f6met k\u00edv\u00e1nok minden kedves H\u00edvemnek. * \u00a0\u201eEgy ember kereszt\u00fcl-kasul utazza a vil\u00e1got, csakhogy szem\u00e9lyesen meggy\u0151z\u0151dhess\u00e9k egy h\u00edrneves ember nagys\u00e1g\u00e1r\u00f3l. \u2013 Milyen csod\u00e1t tett a mestered? \u2013 k\u00e9rdezte egyik tan\u00edtv\u00e1ny\u00e1t\u00f3l. \u0150 azt felelte: Tudom, n\u00e1latok azt tekintik csod\u00e1nak, ha Isten teljes\u00edti valakinek az akarat\u00e1t. N\u00e1lunk viszont az a csoda, ha mi teljes\u00edtj\u00fck Isten akarat\u00e1t. Ilyen \u00e9rtelemben az \u00e9n mesterem nagy csodatev\u0151 volt.\u201d\u00a0 (Anthony de Mello S.J. \u2013 1931 \u2013 1987) (K\u00e9p forr\u00e1sa: N\u00e9meti Gergely) \u00a0<\/p>\n","protected":false},"author":3,"featured_media":30519,"comment_status":"closed","ping_status":"closed","sticky":false,"template":"","format":"standard","meta":{"footnotes":""},"categories":[32],"tags":[],"class_list":["post-30516","post","type-post","status-publish","format-standard","has-post-thumbnail","hentry","category-baratsag-klub"],"yoast_head":"<!-- This site is optimized with the Yoast SEO plugin v27.3 - https:\/\/yoast.com\/product\/yoast-seo-wordpress\/ -->\n<title>2025. FEBRU\u00c1R 24 \u00c9S M\u00c1RCIUS 2 K\u00d6Z\u00d6TT - Stuttgarti Katolikusok<\/title>\n<meta name=\"robots\" content=\"index, follow, max-snippet:-1, max-image-preview:large, max-video-preview:-1\" \/>\n<link rel=\"canonical\" href=\"https:\/\/stuttgarti-katolikusok.de\/index.php\/2025-februar-24-es-marcius-2-kozott\/\" \/>\n<meta property=\"og:locale\" content=\"hu_HU\" \/>\n<meta property=\"og:type\" content=\"article\" \/>\n<meta property=\"og:title\" content=\"2025. FEBRU\u00c1R 24 \u00c9S M\u00c1RCIUS 2 K\u00d6Z\u00d6TT - Stuttgarti Katolikusok\" \/>\n<meta property=\"og:description\" content=\"Programel\u0151zetes * Febru\u00e1r 27-\u00e9n, szerd\u00e1n, Weingarteni d\u00e9lut\u00e1n, a 14 Nothelfer Kapelle-ben 18.00 \u00f3rakor szentmise, el\u0151tte r\u00f3zsaf\u00fcz\u00e9rt im\u00e1dkozunk. Szentmise keret\u00e9ben Besz\u00e9lget\u00e9sek a katekizmusr\u00f3l. * Febru\u00e1r 28-\u00e1n, p\u00e9nteken,Stuttgarti d\u00e9lut\u00e1n, 17.30 \u00f3rakor szentmise, 18.00 \u00f3rakor Bar\u00e1ts\u00e1gklub. * M\u00e1rcius 1-j\u00e9n, szombaton, Reutlingenben 16.30 \u00f3rakor\u00a0szentmise, ut\u00e1na agap\u00e9. * M\u00e1rcius 2-\u00e1n, \u00c9vk\u00f6zi 8. vas\u00e1rnap, Schw\u00e4bisch-Gm\u00fcndben 9.30 \u00f3rakor szentmise, ut\u00e1na agap\u00e9. Stuttgartban 15.00 \u00f3rakor szentmise \u00e9s gyermek-istentisztelet, ut\u00e1na agap\u00e9. Ennek keret\u00e9ben gyermekek farsangj\u00e1ra ker\u00fcl sor. \u00a0* Minden helyen mindenkit szeretettel v\u00e1r a k\u00f6z\u00f6ss\u00e9g \u00e9s Tibor atya! * * Bens\u0151s\u00e9ges \u00e9s kellemes farsangi napokat, j\u00f3 tal\u00e1lkoz\u00e1sokat \u00e9s sok \u00f6r\u00f6met k\u00edv\u00e1nok minden kedves H\u00edvemnek. * \u00a0\u201eEgy ember kereszt\u00fcl-kasul utazza a vil\u00e1got, csakhogy szem\u00e9lyesen meggy\u0151z\u0151dhess\u00e9k egy h\u00edrneves ember nagys\u00e1g\u00e1r\u00f3l. \u2013 Milyen csod\u00e1t tett a mestered? \u2013 k\u00e9rdezte egyik tan\u00edtv\u00e1ny\u00e1t\u00f3l. \u0150 azt felelte: Tudom, n\u00e1latok azt tekintik csod\u00e1nak, ha Isten teljes\u00edti valakinek az akarat\u00e1t. N\u00e1lunk viszont az a csoda, ha mi teljes\u00edtj\u00fck Isten akarat\u00e1t. Ilyen \u00e9rtelemben az \u00e9n mesterem nagy csodatev\u0151 volt.\u201d\u00a0 (Anthony de Mello S.J. \u2013 1931 \u2013 1987) (K\u00e9p forr\u00e1sa: N\u00e9meti Gergely) \u00a0\" \/>\n<meta property=\"og:url\" content=\"https:\/\/stuttgarti-katolikusok.de\/index.php\/2025-februar-24-es-marcius-2-kozott\/\" \/>\n<meta property=\"og:site_name\" content=\"Stuttgarti Katolikusok\" \/>\n<meta property=\"article:published_time\" content=\"2025-02-24T21:55:30+00:00\" \/>\n<meta property=\"og:image\" content=\"https:\/\/stuttgarti-katolikusok.de\/wp-content\/uploads\/2025\/02\/nemeti-gergely-tavasz.jpg\" \/>\n\t<meta property=\"og:image:width\" content=\"526\" \/>\n\t<meta property=\"og:image:height\" content=\"526\" \/>\n\t<meta property=\"og:image:type\" content=\"image\/jpeg\" \/>\n<meta name=\"author\" content=\"Tibor atya\" \/>\n<meta name=\"twitter:card\" content=\"summary_large_image\" \/>\n<meta name=\"twitter:label1\" content=\"Szerz\u0151:\" \/>\n\t<meta name=\"twitter:data1\" content=\"Tibor atya\" \/>\n\t<meta name=\"twitter:label2\" content=\"Becs\u00fclt olvas\u00e1si id\u0151\" \/>\n\t<meta name=\"twitter:data2\" content=\"2 perc\" \/>\n<script type=\"application\/ld+json\" class=\"yoast-schema-graph\">{\"@context\":\"https:\\\/\\\/schema.org\",\"@graph\":[{\"@type\":\"Article\",\"@id\":\"https:\\\/\\\/stuttgarti-katolikusok.de\\\/index.php\\\/2025-februar-24-es-marcius-2-kozott\\\/#article\",\"isPartOf\":{\"@id\":\"https:\\\/\\\/stuttgarti-katolikusok.de\\\/index.php\\\/2025-februar-24-es-marcius-2-kozott\\\/\"},\"author\":{\"name\":\"Tibor atya\",\"@id\":\"https:\\\/\\\/stuttgarti-katolikusok.de\\\/#\\\/schema\\\/person\\\/75908d6f8fdc03a57889d27209df7795\"},\"headline\":\"2025. FEBRU\u00c1R 24 \u00c9S M\u00c1RCIUS 2 K\u00d6Z\u00d6TT\",\"datePublished\":\"2025-02-24T21:55:30+00:00\",\"mainEntityOfPage\":{\"@id\":\"https:\\\/\\\/stuttgarti-katolikusok.de\\\/index.php\\\/2025-februar-24-es-marcius-2-kozott\\\/\"},\"wordCount\":227,\"image\":{\"@id\":\"https:\\\/\\\/stuttgarti-katolikusok.de\\\/index.php\\\/2025-februar-24-es-marcius-2-kozott\\\/#primaryimage\"},\"thumbnailUrl\":\"https:\\\/\\\/stuttgarti-katolikusok.de\\\/wp-content\\\/uploads\\\/2025\\\/02\\\/nemeti-gergely-tavasz.jpg\",\"articleSection\":[\"Bar\u00e1ts\u00e1g Klub\"],\"inLanguage\":\"hu\"},{\"@type\":\"WebPage\",\"@id\":\"https:\\\/\\\/stuttgarti-katolikusok.de\\\/index.php\\\/2025-februar-24-es-marcius-2-kozott\\\/\",\"url\":\"https:\\\/\\\/stuttgarti-katolikusok.de\\\/index.php\\\/2025-februar-24-es-marcius-2-kozott\\\/\",\"name\":\"2025. FEBRU\u00c1R 24 \u00c9S M\u00c1RCIUS 2 K\u00d6Z\u00d6TT - Stuttgarti Katolikusok\",\"isPartOf\":{\"@id\":\"https:\\\/\\\/stuttgarti-katolikusok.de\\\/#website\"},\"primaryImageOfPage\":{\"@id\":\"https:\\\/\\\/stuttgarti-katolikusok.de\\\/index.php\\\/2025-februar-24-es-marcius-2-kozott\\\/#primaryimage\"},\"image\":{\"@id\":\"https:\\\/\\\/stuttgarti-katolikusok.de\\\/index.php\\\/2025-februar-24-es-marcius-2-kozott\\\/#primaryimage\"},\"thumbnailUrl\":\"https:\\\/\\\/stuttgarti-katolikusok.de\\\/wp-content\\\/uploads\\\/2025\\\/02\\\/nemeti-gergely-tavasz.jpg\",\"datePublished\":\"2025-02-24T21:55:30+00:00\",\"author\":{\"@id\":\"https:\\\/\\\/stuttgarti-katolikusok.de\\\/#\\\/schema\\\/person\\\/75908d6f8fdc03a57889d27209df7795\"},\"breadcrumb\":{\"@id\":\"https:\\\/\\\/stuttgarti-katolikusok.de\\\/index.php\\\/2025-februar-24-es-marcius-2-kozott\\\/#breadcrumb\"},\"inLanguage\":\"hu\",\"potentialAction\":[{\"@type\":\"ReadAction\",\"target\":[\"https:\\\/\\\/stuttgarti-katolikusok.de\\\/index.php\\\/2025-februar-24-es-marcius-2-kozott\\\/\"]}]},{\"@type\":\"ImageObject\",\"inLanguage\":\"hu\",\"@id\":\"https:\\\/\\\/stuttgarti-katolikusok.de\\\/index.php\\\/2025-februar-24-es-marcius-2-kozott\\\/#primaryimage\",\"url\":\"https:\\\/\\\/stuttgarti-katolikusok.de\\\/wp-content\\\/uploads\\\/2025\\\/02\\\/nemeti-gergely-tavasz.jpg\",\"contentUrl\":\"https:\\\/\\\/stuttgarti-katolikusok.de\\\/wp-content\\\/uploads\\\/2025\\\/02\\\/nemeti-gergely-tavasz.jpg\",\"width\":526,\"height\":526},{\"@type\":\"BreadcrumbList\",\"@id\":\"https:\\\/\\\/stuttgarti-katolikusok.de\\\/index.php\\\/2025-februar-24-es-marcius-2-kozott\\\/#breadcrumb\",\"itemListElement\":[{\"@type\":\"ListItem\",\"position\":1,\"name\":\"Kezd\u0151lap\",\"item\":\"https:\\\/\\\/stuttgarti-katolikusok.de\\\/\"},{\"@type\":\"ListItem\",\"position\":2,\"name\":\"2025. FEBRU\u00c1R 24 \u00c9S M\u00c1RCIUS 2 K\u00d6Z\u00d6TT\"}]},{\"@type\":\"WebSite\",\"@id\":\"https:\\\/\\\/stuttgarti-katolikusok.de\\\/#website\",\"url\":\"https:\\\/\\\/stuttgarti-katolikusok.de\\\/\",\"name\":\"Stuttgarti Katolikusok\",\"description\":\"\",\"potentialAction\":[{\"@type\":\"SearchAction\",\"target\":{\"@type\":\"EntryPoint\",\"urlTemplate\":\"https:\\\/\\\/stuttgarti-katolikusok.de\\\/?s={search_term_string}\"},\"query-input\":{\"@type\":\"PropertyValueSpecification\",\"valueRequired\":true,\"valueName\":\"search_term_string\"}}],\"inLanguage\":\"hu\"},{\"@type\":\"Person\",\"@id\":\"https:\\\/\\\/stuttgarti-katolikusok.de\\\/#\\\/schema\\\/person\\\/75908d6f8fdc03a57889d27209df7795\",\"name\":\"Tibor atya\",\"image\":{\"@type\":\"ImageObject\",\"inLanguage\":\"hu\",\"@id\":\"https:\\\/\\\/secure.gravatar.com\\\/avatar\\\/61d268e57d1f4525b111222e29d2d5a7f8c420fdbf231ba5566a8ceac74fa960?s=96&d=mm&r=g\",\"url\":\"https:\\\/\\\/secure.gravatar.com\\\/avatar\\\/61d268e57d1f4525b111222e29d2d5a7f8c420fdbf231ba5566a8ceac74fa960?s=96&d=mm&r=g\",\"contentUrl\":\"https:\\\/\\\/secure.gravatar.com\\\/avatar\\\/61d268e57d1f4525b111222e29d2d5a7f8c420fdbf231ba5566a8ceac74fa960?s=96&d=mm&r=g\",\"caption\":\"Tibor atya\"},\"url\":\"https:\\\/\\\/stuttgarti-katolikusok.de\\\/index.php\\\/author\\\/tibor-atya\\\/\"}]}<\/script>\n<!-- \/ Yoast SEO plugin. -->","yoast_head_json":{"title":"2025. FEBRU\u00c1R 24 \u00c9S M\u00c1RCIUS 2 K\u00d6Z\u00d6TT - Stuttgarti Katolikusok","robots":{"index":"index","follow":"follow","max-snippet":"max-snippet:-1","max-image-preview":"max-image-preview:large","max-video-preview":"max-video-preview:-1"},"canonical":"https:\/\/stuttgarti-katolikusok.de\/index.php\/2025-februar-24-es-marcius-2-kozott\/","og_locale":"hu_HU","og_type":"article","og_title":"2025. FEBRU\u00c1R 24 \u00c9S M\u00c1RCIUS 2 K\u00d6Z\u00d6TT - Stuttgarti Katolikusok","og_description":"Programel\u0151zetes * Febru\u00e1r 27-\u00e9n, szerd\u00e1n, Weingarteni d\u00e9lut\u00e1n, a 14 Nothelfer Kapelle-ben 18.00 \u00f3rakor szentmise, el\u0151tte r\u00f3zsaf\u00fcz\u00e9rt im\u00e1dkozunk. Szentmise keret\u00e9ben Besz\u00e9lget\u00e9sek a katekizmusr\u00f3l. * Febru\u00e1r 28-\u00e1n, p\u00e9nteken,Stuttgarti d\u00e9lut\u00e1n, 17.30 \u00f3rakor szentmise, 18.00 \u00f3rakor Bar\u00e1ts\u00e1gklub. * M\u00e1rcius 1-j\u00e9n, szombaton, Reutlingenben 16.30 \u00f3rakor\u00a0szentmise, ut\u00e1na agap\u00e9. * M\u00e1rcius 2-\u00e1n, \u00c9vk\u00f6zi 8. vas\u00e1rnap, Schw\u00e4bisch-Gm\u00fcndben 9.30 \u00f3rakor szentmise, ut\u00e1na agap\u00e9. Stuttgartban 15.00 \u00f3rakor szentmise \u00e9s gyermek-istentisztelet, ut\u00e1na agap\u00e9. Ennek keret\u00e9ben gyermekek farsangj\u00e1ra ker\u00fcl sor. \u00a0* Minden helyen mindenkit szeretettel v\u00e1r a k\u00f6z\u00f6ss\u00e9g \u00e9s Tibor atya! * * Bens\u0151s\u00e9ges \u00e9s kellemes farsangi napokat, j\u00f3 tal\u00e1lkoz\u00e1sokat \u00e9s sok \u00f6r\u00f6met k\u00edv\u00e1nok minden kedves H\u00edvemnek. * \u00a0\u201eEgy ember kereszt\u00fcl-kasul utazza a vil\u00e1got, csakhogy szem\u00e9lyesen meggy\u0151z\u0151dhess\u00e9k egy h\u00edrneves ember nagys\u00e1g\u00e1r\u00f3l. \u2013 Milyen csod\u00e1t tett a mestered? \u2013 k\u00e9rdezte egyik tan\u00edtv\u00e1ny\u00e1t\u00f3l. \u0150 azt felelte: Tudom, n\u00e1latok azt tekintik csod\u00e1nak, ha Isten teljes\u00edti valakinek az akarat\u00e1t. N\u00e1lunk viszont az a csoda, ha mi teljes\u00edtj\u00fck Isten akarat\u00e1t. Ilyen \u00e9rtelemben az \u00e9n mesterem nagy csodatev\u0151 volt.\u201d\u00a0 (Anthony de Mello S.J. \u2013 1931 \u2013 1987) (K\u00e9p forr\u00e1sa: N\u00e9meti Gergely) \u00a0","og_url":"https:\/\/stuttgarti-katolikusok.de\/index.php\/2025-februar-24-es-marcius-2-kozott\/","og_site_name":"Stuttgarti Katolikusok","article_published_time":"2025-02-24T21:55:30+00:00","og_image":[{"width":526,"height":526,"url":"https:\/\/stuttgarti-katolikusok.de\/wp-content\/uploads\/2025\/02\/nemeti-gergely-tavasz.jpg","type":"image\/jpeg"}],"author":"Tibor atya","twitter_card":"summary_large_image","twitter_misc":{"Szerz\u0151:":"Tibor atya","Becs\u00fclt olvas\u00e1si id\u0151":"2 perc"},"schema":{"@context":"https:\/\/schema.org","@graph":[{"@type":"Article","@id":"https:\/\/stuttgarti-katolikusok.de\/index.php\/2025-februar-24-es-marcius-2-kozott\/#article","isPartOf":{"@id":"https:\/\/stuttgarti-katolikusok.de\/index.php\/2025-februar-24-es-marcius-2-kozott\/"},"author":{"name":"Tibor atya","@id":"https:\/\/stuttgarti-katolikusok.de\/#\/schema\/person\/75908d6f8fdc03a57889d27209df7795"},"headline":"2025. FEBRU\u00c1R 24 \u00c9S M\u00c1RCIUS 2 K\u00d6Z\u00d6TT","datePublished":"2025-02-24T21:55:30+00:00","mainEntityOfPage":{"@id":"https:\/\/stuttgarti-katolikusok.de\/index.php\/2025-februar-24-es-marcius-2-kozott\/"},"wordCount":227,"image":{"@id":"https:\/\/stuttgarti-katolikusok.de\/index.php\/2025-februar-24-es-marcius-2-kozott\/#primaryimage"},"thumbnailUrl":"https:\/\/stuttgarti-katolikusok.de\/wp-content\/uploads\/2025\/02\/nemeti-gergely-tavasz.jpg","articleSection":["Bar\u00e1ts\u00e1g Klub"],"inLanguage":"hu"},{"@type":"WebPage","@id":"https:\/\/stuttgarti-katolikusok.de\/index.php\/2025-februar-24-es-marcius-2-kozott\/","url":"https:\/\/stuttgarti-katolikusok.de\/index.php\/2025-februar-24-es-marcius-2-kozott\/","name":"2025. FEBRU\u00c1R 24 \u00c9S M\u00c1RCIUS 2 K\u00d6Z\u00d6TT - Stuttgarti Katolikusok","isPartOf":{"@id":"https:\/\/stuttgarti-katolikusok.de\/#website"},"primaryImageOfPage":{"@id":"https:\/\/stuttgarti-katolikusok.de\/index.php\/2025-februar-24-es-marcius-2-kozott\/#primaryimage"},"image":{"@id":"https:\/\/stuttgarti-katolikusok.de\/index.php\/2025-februar-24-es-marcius-2-kozott\/#primaryimage"},"thumbnailUrl":"https:\/\/stuttgarti-katolikusok.de\/wp-content\/uploads\/2025\/02\/nemeti-gergely-tavasz.jpg","datePublished":"2025-02-24T21:55:30+00:00","author":{"@id":"https:\/\/stuttgarti-katolikusok.de\/#\/schema\/person\/75908d6f8fdc03a57889d27209df7795"},"breadcrumb":{"@id":"https:\/\/stuttgarti-katolikusok.de\/index.php\/2025-februar-24-es-marcius-2-kozott\/#breadcrumb"},"inLanguage":"hu","potentialAction":[{"@type":"ReadAction","target":["https:\/\/stuttgarti-katolikusok.de\/index.php\/2025-februar-24-es-marcius-2-kozott\/"]}]},{"@type":"ImageObject","inLanguage":"hu","@id":"https:\/\/stuttgarti-katolikusok.de\/index.php\/2025-februar-24-es-marcius-2-kozott\/#primaryimage","url":"https:\/\/stuttgarti-katolikusok.de\/wp-content\/uploads\/2025\/02\/nemeti-gergely-tavasz.jpg","contentUrl":"https:\/\/stuttgarti-katolikusok.de\/wp-content\/uploads\/2025\/02\/nemeti-gergely-tavasz.jpg","width":526,"height":526},{"@type":"BreadcrumbList","@id":"https:\/\/stuttgarti-katolikusok.de\/index.php\/2025-februar-24-es-marcius-2-kozott\/#breadcrumb","itemListElement":[{"@type":"ListItem","position":1,"name":"Kezd\u0151lap","item":"https:\/\/stuttgarti-katolikusok.de\/"},{"@type":"ListItem","position":2,"name":"2025. FEBRU\u00c1R 24 \u00c9S M\u00c1RCIUS 2 K\u00d6Z\u00d6TT"}]},{"@type":"WebSite","@id":"https:\/\/stuttgarti-katolikusok.de\/#website","url":"https:\/\/stuttgarti-katolikusok.de\/","name":"Stuttgarti Katolikusok","description":"","potentialAction":[{"@type":"SearchAction","target":{"@type":"EntryPoint","urlTemplate":"https:\/\/stuttgarti-katolikusok.de\/?s={search_term_string}"},"query-input":{"@type":"PropertyValueSpecification","valueRequired":true,"valueName":"search_term_string"}}],"inLanguage":"hu"},{"@type":"Person","@id":"https:\/\/stuttgarti-katolikusok.de\/#\/schema\/person\/75908d6f8fdc03a57889d27209df7795","name":"Tibor atya","image":{"@type":"ImageObject","inLanguage":"hu","@id":"https:\/\/secure.gravatar.com\/avatar\/61d268e57d1f4525b111222e29d2d5a7f8c420fdbf231ba5566a8ceac74fa960?s=96&d=mm&r=g","url":"https:\/\/secure.gravatar.com\/avatar\/61d268e57d1f4525b111222e29d2d5a7f8c420fdbf231ba5566a8ceac74fa960?s=96&d=mm&r=g","contentUrl":"https:\/\/secure.gravatar.com\/avatar\/61d268e57d1f4525b111222e29d2d5a7f8c420fdbf231ba5566a8ceac74fa960?s=96&d=mm&r=g","caption":"Tibor atya"},"url":"https:\/\/stuttgarti-katolikusok.de\/index.php\/author\/tibor-atya\/"}]}},"_links":{"self":[{"href":"https:\/\/stuttgarti-katolikusok.de\/index.php\/wp-json\/wp\/v2\/posts\/30516","targetHints":{"allow":["GET"]}}],"collection":[{"href":"https:\/\/stuttgarti-katolikusok.de\/index.php\/wp-json\/wp\/v2\/posts"}],"about":[{"href":"https:\/\/stuttgarti-katolikusok.de\/index.php\/wp-json\/wp\/v2\/types\/post"}],"author":[{"embeddable":true,"href":"https:\/\/stuttgarti-katolikusok.de\/index.php\/wp-json\/wp\/v2\/users\/3"}],"replies":[{"embeddable":true,"href":"https:\/\/stuttgarti-katolikusok.de\/index.php\/wp-json\/wp\/v2\/comments?post=30516"}],"version-history":[{"count":1,"href":"https:\/\/stuttgarti-katolikusok.de\/index.php\/wp-json\/wp\/v2\/posts\/30516\/revisions"}],"predecessor-version":[{"id":30520,"href":"https:\/\/stuttgarti-katolikusok.de\/index.php\/wp-json\/wp\/v2\/posts\/30516\/revisions\/30520"}],"wp:featuredmedia":[{"embeddable":true,"href":"https:\/\/stuttgarti-katolikusok.de\/index.php\/wp-json\/wp\/v2\/media\/30519"}],"wp:attachment":[{"href":"https:\/\/stuttgarti-katolikusok.de\/index.php\/wp-json\/wp\/v2\/media?parent=30516"}],"wp:term":[{"taxonomy":"category","embeddable":true,"href":"https:\/\/stuttgarti-katolikusok.de\/index.php\/wp-json\/wp\/v2\/categories?post=30516"},{"taxonomy":"post_tag","embeddable":true,"href":"https:\/\/stuttgarti-katolikusok.de\/index.php\/wp-json\/wp\/v2\/tags?post=30516"}],"curies":[{"name":"wp","href":"https:\/\/api.w.org\/{rel}","templated":true}]}}