{"id":30507,"date":"2025-02-22T11:35:18","date_gmt":"2025-02-22T10:35:18","guid":{"rendered":"https:\/\/stuttgarti-katolikusok.de\/?p=30507"},"modified":"2025-02-23T00:19:33","modified_gmt":"2025-02-22T23:19:33","slug":"evkozi-7-vasarnap-2","status":"publish","type":"post","link":"https:\/\/stuttgarti-katolikusok.de\/index.php\/evkozi-7-vasarnap-2\/","title":{"rendered":"\u00c9vk\u00f6zi 7. vas\u00e1rnap"},"content":{"rendered":"<p><span style=\"color: #ff6600;\"><em>A szentmise k\u00f6ny\u00f6rg\u00e9se gy\u00f6ny\u00f6r\u0171 k\u00e9ppel szeml\u00e9lteti a t\u00f6rv\u00e9nyek \u00e9let\u00fcnkben bet\u00f6lt\u00f6tt fontoss\u00e1g\u00e1nak szerep\u00e9t. A vall\u00e1sos zsid\u00f3 ember tefillint k\u00f6t\u00f6tt homlok\u00e1ra, kifejezve, hogy val\u00f3ban \u00e1lland\u00f3an szeme el\u0151tt hordja az \u00dar t\u00f6rv\u00e9ny\u00e9t. A k\u00e9p sz\u00e1momra azt \u00fczeni, hogy odafigyelek, szemmel tartom azt, ami fontos sz\u00e1momra. Ezt k\u00f6vet\u0151en pedig m\u00e1r nem csup\u00e1n odafigyelek, hanem sz\u00f3val \u00e9s tettel meg is val\u00f3s\u00edtom.<\/em><\/span><\/p>\n<p><span style=\"color: #ff6600;\"><em>Az els\u0151 olvasm\u00e1ny\u00e1ban\u00a0 az \u00dar D\u00e1vid kez\u00e9be adja az \u00e9let\u00e9re t\u00f6r\u0151 Saul kir\u00e1lyt, de \u0151 nem emel kezet az \u00dar f\u00f6lkentj\u00e9re. Amikor az ember szemben\u00e9z a benne jelentkez\u0151 gondolatokkal \u00e9s \u00e9rz\u00e9sekkel, szabads\u00e1ga van eld\u00f6nteni, hogy mit kezd vel\u00fck: szemben\u00e9z \u00e9s kezeli azokat, vagy pedig azok vesznek uralmat rajta. A szemben\u00e9z\u00e9s \u00f6nmag\u00e1ban m\u00e9g nem el\u00e9g,\u00a0 az \u00fajra meg \u00fajra jelentkez\u0151 gondolataimat \u00e9s \u00e9rz\u00e9seimet kell elengednem \u00e9s \u00e1tadnom az \u00darnak. Mindez pedig csak nagyon sok gyakorl\u00e1ssal \u00e9s t\u00fcrelemmel saj\u00e1t\u00edthat\u00f3 el. D\u00e1vid jelesre vizsg\u00e1zott! K\u00f6zben pedig hatalmas bels\u0151 utat tett meg, legy\u0151zve \u00f6nmag\u00e1t.\u00a0<\/em><\/span><\/p>\n<p><span style=\"color: #ff6600;\"><em>A szentlecke azt a bels\u0151 utat v\u00e1zolja fel, amely megmutatja, hogyan juthatunk el a testi embert\u0151l a szellemi emberhez.\u00a0<\/em><\/span><\/p>\n<p><span style=\"color: #ff6600;\"><em>Hogyan alakul ki bennem ez a fajta lelk\u00fclet? Erre kapjuk meg a v\u00e1laszt az evang\u00e9liumban. \u00c9letem k\u00e9t ter\u00fclet\u00e9n kell magamat alkalmass\u00e1 tennem. Ez pedig a szeretet \u00e9s az irgalmass\u00e1g. \u00a0J\u00e9zus azt akarja, hogy a rosszat j\u00f3val gy\u0151zzem le, nem csup\u00e1n a rossz elker\u00fcl\u00e9s\u00e9vel. J\u00f3v\u00e1 szidni eddig m\u00e9g senkit sem siker\u00fclt. J\u00f3v\u00e1 szeretni, viszont igen! Felt\u00e9tele, hogy lelki\u00e9letet \u00e9lek. A k\u00f6zelg\u0151 nagyb\u00f6jti kegyelmi id\u0151 erre k\u00edn\u00e1l lehet\u0151s\u00e9get. Igazi bels\u0151 \u00fat ez sz\u00e1momra.<\/em><\/span><\/p>\n<p><span style=\"color: #008000;\">Kezd\u0151\u00e9nek:<\/span><br \/>\nUram, a te irgalmadban b\u00edzom. Ujjong a sz\u00edvem a te szabad\u00edt\u00e1sodban. \u00e9nekelek az \u00darnak, aki j\u00f3t tett velem. (Zsolt 12,6)<\/p>\n<p><span style=\"color: #008000;\">K\u00f6ny\u00f6rg\u00e9s:<\/span><br \/>\nMindenhat\u00f3 Isten\u00fcnk, seg\u00edts, hogy t\u00f6rv\u00e9nyedet mindenkor szem el\u0151tt tartsuk, akaratodat pedig sz\u00f3val \u00e9s tettel meg is val\u00f3s\u00edtsuk. A mi Urunk, J\u00e9zus Krisztus, a te Fiad \u00e1ltal, aki veled \u00e9l \u00e9s uralkodik a Szentl\u00e9lekkel egys\u00e9gben, Isten mind\u00f6r\u00f6kk\u00f6n \u00f6r\u00f6kk\u00e9.<\/p>\n<p><span style=\"color: #008000;\">OLVASM\u00c1NY S\u00e1muel els\u0151 k\u00f6nyv\u00e9b\u0151l (1S\u00e1m 26,2.7-9.12-13.22-23)<\/span><br \/>\n<em>D<\/em><em>\u00e1vid megk<\/em><em>\u00edm<\/em><em>\u00e9li ellenfel<\/em><em>\u00e9nek, Saul kir<\/em><em>\u00e1lynak <\/em><em>\u00e9let<\/em><em>\u00e9t.<\/em><br \/>\nSaul f\u00e9ltette hatalm\u00e1t D\u00e1vidt\u00f3l. Ez\u00e9rt Saul h\u00e1romezer f\u00e9rfival, Izrael legjav\u00e1val elindult, hogy felkutassa D\u00e1vidot Szif puszt\u00e1j\u00e1ban.<br \/>\nD\u00e1vid tudom\u00e1st szerzett Saul \u00e9rkez\u00e9s\u00e9r\u0151l. Egy \u00e9jszaka D\u00e1vid \u00e9s Abis\u00e1j megk\u00f6zel\u00edtett\u00e9k Saul t\u00e1bor\u00e1t. Sault alva tal\u00e1lt\u00e1k a t\u00e1borban. L\u00e1ndzs\u00e1ja a fej\u00e9n\u00e9l a f\u00f6ldbe volt sz\u00farva. Abner \u00e9s a csapat k\u00f6r\u00fcl\u00f6tte aludt. Ekkor Abis\u00e1j azt mondta D\u00e1vidnak: \u201eIsten ma kezedbe adta ellens\u00e9gedet. L\u00e1ndzs\u00e1val odasz\u00f6gezem a f\u00f6ldh\u00f6z, egyetlen d\u00f6f\u00e9ssel. M\u00e1sodikra m\u00e1r nem lesz sz\u00fcks\u00e9g!\u201d D\u00e1vid azonban \u00edgy felelt Abis\u00e1jnak: \u201eNe \u00f6ld meg, mert senki sem b\u00fcntetlen, aki az \u00dar f\u00f6lkentj\u00e9re emeli kez\u00e9t!\u201d<br \/>\nEzzel D\u00e1vid Saul feje mell\u0151l elvette a l\u00e1ndzs\u00e1t meg a vizeskors\u00f3t, \u00e9s elt\u00e1voztak an\u00e9lk\u00fcl, hogy valaki l\u00e1tta vagy \u00e9szrevette volna \u0151ket, vagy pedig f\u00f6l\u00e9bredt volna. Mindny\u00e1jan aludtak, mert az \u00dar m\u00e9ly \u00e1lmot bocs\u00e1tott r\u00e1juk.<br \/>\nAmikor D\u00e1vid a szemk\u00f6zti oldalra \u00e9rt, j\u00f3 messze meg\u00e1llt egy hegy tetej\u00e9n, \u00fagy, hogy nagy t\u00e1vols\u00e1g volt k\u00f6zt\u00fck. D\u00e1vid \u00e1tki\u00e1ltott innen Saul t\u00e1bor\u00e1ba: \u201eN\u00e9zz\u00e9tek, itt a kir\u00e1ly l\u00e1ndzs\u00e1ja. J\u00f6jj\u00f6n \u00e1t valamelyik szolga \u00e9s vigye el. Az \u00dar mindenkinek megfizet igazs\u00e1goss\u00e1g\u00e1ban \u00e9s h\u0171s\u00e9g\u00e9ben. Az \u00dar ma kezembe adott, de nem akartam kezet emelni az \u00dar f\u00f6lkentj\u00e9re.\u201d<br \/>\nEz az Isten ig\u00e9je.<\/p>\n<p><span style=\"color: #008000;\">V\u00c1LASZOS ZSOLT\u00c1R (Zsolt 102,1-2.3-4.8 \u00e9s 10.12-13)<\/span><br \/>\nV\u00e1lasz:\u00a0<strong>Irgalmas a mi Urunk,<\/strong><strong>\u00a0<u>Is<\/u>ten<\/strong><strong>\u00fcnk: * k<\/strong><strong>\u00f6ny<\/strong><strong>\u00f6r<\/strong><strong>\u00fclet<u>re<\/u><\/strong><strong>\u00a0hajlik sz<\/strong><strong>\u00edve.<\/strong>\u00a0V\u00f6. 8a. vers. (11. t\u00f3nus)<br \/>\nEl\u0151\u00e9nekes: \u00c1ldjad, lelkem, az\u00a0<u>U<\/u>rat, * eg\u00e9sz bens\u0151m az \u0151\u00a0<u>szent<\/u>\u00a0nev\u00e9t \u00e1ldja.<br \/>\n\u00c1ldjad, lelkem, az\u00a0<u>U<\/u>rat, * \u00e9s ne feledd, hogy hoz<u>z<\/u><u>\u00e1d<\/u>\u00a0milyen j\u00f3 volt.<br \/>\nH\u00edvek:\u00a0<strong>Irgalmas a mi Urunk,<\/strong><strong>\u00a0<u>Is<\/u>ten<\/strong><strong>\u00fcnk: * k<\/strong><strong>\u00f6ny<\/strong><strong>\u00f6r<\/strong><strong>\u00fclet<u>re<\/u><\/strong><strong>\u00a0hajlik sz<\/strong><strong>\u00edve.<\/strong><br \/>\nE: Megbocs\u00e1tja minden\u00a0<u>v<\/u><u>\u00e9t<\/u>ked, * meggy\u00f3gy\u00edtja min<u>den<\/u>\u00a0gyenges\u00e9ged.<br \/>\nA pusztul\u00e1st\u00f3l megmenti\u00a0<u>\u00e9<\/u>leted, * kegyelm\u00e9ben \u00e9s irgalm\u00e1ban meg\u00a0<u>is<\/u>\u00a0koron\u00e1zza.<br \/>\nH:\u00a0<strong>Irgalmas a mi Urunk,<\/strong><strong>\u00a0<u>Is<\/u>ten<\/strong><strong>\u00fcnk: * k<\/strong><strong>\u00f6ny<\/strong><strong>\u00f6r<\/strong><strong>\u00fclet<u>re<\/u><\/strong><strong>\u00a0hajlik sz<\/strong><strong>\u00edve.<\/strong><br \/>\nE: Irgalmas \u00e9s kegyes a mi\u00a0<u>Is<\/u>ten\u00fcnk: * nagy irgalm\u00fa\u00a0<u>\u00e9<\/u><u>s<\/u>\u00a0hosszan t\u0171r\u0151.<br \/>\nNem b\u0171neink szerint b\u00e1nik\u00a0<u>ve<\/u>l\u00fcnk, * \u00e9s nem gonoszs\u00e1gunk szerint fi<u>zet<\/u>\u00a0vissza nek\u00fcnk.<br \/>\nH:\u00a0<strong>Irgalmas a mi Urunk,<\/strong><strong>\u00a0<u>Is<\/u>ten<\/strong><strong>\u00fcnk: * k<\/strong><strong>\u00f6ny<\/strong><strong>\u00f6r<\/strong><strong>\u00fclet<u>re<\/u><\/strong><strong>\u00a0hajlik sz<\/strong><strong>\u00edve.<\/strong><br \/>\nE: Amilyen messze van napkelett\u0151l a\u00a0<u>nap<\/u>nyugat, * b\u0171neinket olyan mes<u>sze<\/u>\u00a0dobja t\u0151l\u00fcnk.<br \/>\nAhogyan az atya megk\u00f6ny\u00f6r\u00fcl\u00a0<u>fi<\/u>ain, * \u00fagy k\u00f6ny\u00f6r\u00fcl meg az \u00dar\u00a0<u>az<\/u>\u00a0istenf\u00e9l\u0151n.<br \/>\nH:\u00a0<strong>Irgalmas a mi Urunk,<\/strong><strong>\u00a0<u>Is<\/u>ten<\/strong><strong>\u00fcnk: * k<\/strong><strong>\u00f6ny<\/strong><strong>\u00f6r<\/strong><strong>\u00fclet<u>re<\/u><\/strong><strong>\u00a0hajlik sz<\/strong><strong>\u00edve.<\/strong><\/p>\n<p><span style=\"color: #008000;\">SZENTLECKE Szent P\u00e1l apostolnak a korintusiakhoz \u00edrt els\u0151 level\u00e9b\u0151l (1Kor 15,45-49)<\/span><br \/>\n<em>Ahogy hasonl<\/em><em>\u00edtunk f<\/em><em>\u00f6ldi k<\/em><em>\u00e9pm<\/em><em>\u00e1sunkhoz <\/em><em>\u00c1d<\/em><em>\u00e1mhoz, ugyan<\/em><em>\u00fagy hasonl<\/em><em>\u00edtani fogunk <\/em><em>\u00e9gi k<\/em><em>\u00e9pm<\/em><em>\u00e1sunkban Krisztushoz is.<\/em><br \/>\nTestv\u00e9reim!<br \/>\nAz \u00cdr\u00e1s mondja: \u201e\u00c1d\u00e1m, az els\u0151 ember \u00e9l\u0151 l\u00e9nny\u00e9 lett\u201d, az utols\u00f3 \u00c1d\u00e1m pedig \u00e9ltet\u0151 l\u00e9lekk\u00e9.<br \/>\nDe nem a szellemi az els\u0151, hanem az \u00e9rz\u00e9ki, azut\u00e1n k\u00f6vetkezik a szellemi. Az els\u0151 ember a f\u00f6ldb\u0151l val\u00f3, f\u00f6ldi, a m\u00e1sodik ember a mennyb\u0151l val\u00f3, (mennyei). Amilyen a f\u00f6ldb\u0151l val\u00f3, olyanok a f\u00f6ldiek is, \u00e9s amilyen a mennyb\u0151l val\u00f3, olyanok a mennyeiek is.<br \/>\nEz\u00e9rt, ahogy a f\u00f6ldi ember alakj\u00e1t magunkon hordozzuk, \u00fagy a mennyeinek az alakj\u00e1t is magunkon fogjuk hordozni.<br \/>\nEz az Isten ig\u00e9je.<\/p>\n<p><span style=\"color: #008000;\">ALLELUJA<\/span><br \/>\nJ\u00e9zus mond<u>ja<\/u>: \u2020 \u201e\u00daj parancsot adok\u00a0<u>n<\/u><u>\u00e9k<\/u>tek, * szeress\u00e9tek egym\u00e1st, amint \u00e9n szeret<u>te<\/u>lek titeket!\u201d Jn 13,34 \u2013 8 G. t\u00f3nus.<\/p>\n<p><span style=\"color: #008000;\">\u2020 EVANG\u00c9LIUM Szent Luk\u00e1cs k\u00f6nyv\u00e9b\u0151l (Lk 6,27-38)<\/span><br \/>\n<em>Legyetek irgalmasok, amint aty<\/em><em>\u00e1tok is irgalmas.<\/em><br \/>\nJ\u00e9zus a hegyi besz\u00e9dben \u00edgy sz\u00f3lt tan\u00edtv\u00e1nyaihoz:<br \/>\n\u201eNektek, akik hallgattok engem, ezt mondom: Szeress\u00e9tek ellens\u00e9geiteket, tegyetek j\u00f3t azokkal, akik gy\u0171l\u00f6lnek titeket. Azokra, akik \u00e1tkoznak titeket, mondjatok \u00e1ld\u00e1st, \u00e9s im\u00e1dkozzatok r\u00e1galmaz\u00f3itok\u00e9rt. Ha arcul \u00fct valaki, tartsd oda a m\u00e1sik arcodat is. Annak, aki elveszi k\u00f6nt\u00f6s\u00f6det, add oda a ruh\u00e1dat is. Mindenkinek, aki k\u00e9r t\u0151led, adj, \u00e9s aki elviszi, ami a tied, att\u00f3l ne k\u00e9rd vissza. \u00dagy b\u00e1njatok az emberekkel, ahogy szeretn\u00e9tek, hogy veletek is b\u00e1njanak.<br \/>\nMert ha csak azokat szeretitek, akik titeket is szeretnek, milyen jutalmat v\u00e1rhattok \u00e9rte Istent\u0151l? Hisz a b\u0171n\u00f6s\u00f6k is szeretik azokat, akik \u0151ket szeretik. Ha csak azokkal tesztek j\u00f3t, akik veletek is j\u00f3t tesznek, milyen jutalmat \u00e9rdemeltek? Hisz ezt a b\u0171n\u00f6s\u00f6k is megteszik. Ha csak a visszafizet\u00e9s rem\u00e9ny\u00e9ben adtok k\u00f6lcs\u00f6nt, milyen h\u00e1l\u00e1ra sz\u00e1m\u00edthattok? A b\u0171n\u00f6s\u00f6k is k\u00f6lcs\u00f6n\u00f6znek a b\u0171n\u00f6s\u00f6knek, hogy ugyanannyit kapjanak vissza.<br \/>\nSzeress\u00e9tek ink\u00e1bb ellens\u00e9geiteket: tegyetek j\u00f3t, adjatok k\u00f6lcs\u00f6n, \u00e9s semmi viszonz\u00e1st ne v\u00e1rjatok. \u00cdgy nagy jutalomban r\u00e9szes\u00fclt\u00f6k, \u00e9s fiai lesztek a Magass\u00e1gbelinek, hisz \u0151 is j\u00f3s\u00e1gos a h\u00e1l\u00e1tlanok \u00e9s a gonoszok ir\u00e1nt. Legyetek teh\u00e1t irgalmasok, amint Aty\u00e1tok is irgalmas. Ne mondjatok \u00edt\u00e9letet senki f\u00f6l\u00f6tt, s akkor f\u00f6l\u00f6ttetek sem \u00edt\u00e9lkeznek. Ne \u00edt\u00e9ljetek el senkit, s akkor titeket sem \u00edt\u00e9lnek el. Bocs\u00e1ssatok meg, \u00e9s nektek is megbocs\u00e1tanak. Adjatok, \u00e9s akkor ti is kaptok. J\u00f3, t\u00f6m\u00f6tt, megr\u00e1zott \u00e9s t\u00falcsordul\u00f3 m\u00e9rt\u00e9kkel m\u00e9rnek \u00f6letekbe. Mert amilyen m\u00e9rt\u00e9kkel ti m\u00e9rtek, olyannal m\u00e9rnek majd nektek is.\u201d<br \/>\nEzek az evang\u00e9lium ig\u00e9i.<\/p>\n<p><span style=\"color: #008000;\">EGYETEMES K\u00d6NY\u00d6RG\u00c9SEK<\/span><br \/>\nPap: Im\u00e1dkozzunk, testv\u00e9reim, mennyei Aty\u00e1nkhoz, aki j\u00f3s\u00e1gos a h\u00e1l\u00e1tlanok ir\u00e1nt is, \u00e9s felkelti napj\u00e1t igazakra \u00e9s hamisakra egyar\u00e1nt!<br \/>\nLektor: 1. Hogy az \u00f6nz\u00e9s \u00e9s az er\u0151szak hely\u00e9ben a szeretet \u00e9s a nagylelk\u0171s\u00e9g uralkodj\u00e9k a vil\u00e1gon!<br \/>\nH\u00edvek: K\u00e9r\u00fcnk T\u00e9ged, hallgass meg minket!<br \/>\n2. Hogy a kereszt\u00e9nyek J\u00e9zus parancsa szerint ellens\u00e9geik \u00e9s r\u00e1galmaz\u00f3ik ir\u00e1nt is j\u00f3akarattal legyenek!<br \/>\nH\u00edvek: K\u00e9r\u00fcnk T\u00e9ged, hallgass meg minket!<br \/>\n3. Hogy a n\u00e9pek a nemzeti, faji, t\u00f6rzsi \u00e9s vall\u00e1si gy\u0171l\u00f6lk\u00f6d\u00e9s helyett a testv\u00e9ri \u00f6sszetartoz\u00e1sra t\u00f6rekedjenek!<br \/>\nH\u00edvek: K\u00e9r\u00fcnk T\u00e9ged, hallgass meg minket!<br \/>\n4. Hogy sohase neheztelj\u00fcnk azokra, akik \u00f6nhib\u00e1jukon k\u00edv\u00fcl k\u00e1rt okoztak nek\u00fcnk!<br \/>\nH\u00edvek: K\u00e9r\u00fcnk T\u00e9ged, hallgass meg minket!<br \/>\n5. Hogy az id\u0151sebbek \u00e9rts\u00e9k meg a fiatalokat, ossz\u00e1k meg vel\u00fck tud\u00e1sukat \u00e9s tapasztalataikat, \u00e9s f\u00e9lt\u00e9kenyked\u00e9s n\u00e9lk\u00fcl seg\u00edts\u00e9k fejl\u0151d\u00e9s\u00fcket!<br \/>\nH\u00edvek: K\u00e9r\u00fcnk T\u00e9ged, hallgass meg minket!<br \/>\n6. Hogy az ifjabb nemzed\u00e9k ne ellens\u00e9get l\u00e1sson az id\u0151sebbekben, hanem bar\u00e1ts\u00e1gosan k\u00f6zeledj\u00e9k fel\u00e9j\u00fck, \u00e9s k\u00e9szs\u00e9gesen tanuljon t\u0151l\u00fck!<br \/>\nH\u00edvek: K\u00e9r\u00fcnk T\u00e9ged, hallgass meg minket!<br \/>\nPap: Teremt\u0151 \u00e9s Megv\u00e1lt\u00f3 Isten\u00fcnk! Te magad adsz nek\u00fcnk p\u00e9ld\u00e1t a t\u00fcrelemre \u00e9s a megbocs\u00e1t\u00e1sra. Seg\u00edts, hogy sohase tegy\u00fcnk m\u00e1snak olyat, amit magunknak sem k\u00edv\u00e1nunk; s\u0151t a rosszat is j\u00f3val viszonozzuk! Krisztus, a mi Urunk \u00e1ltal.<br \/>\nH\u00edvek: \u00c1men.<\/p>\n<p><span style=\"color: #008000;\">Felaj\u00e1nl\u00f3 k\u00f6ny\u00f6rg\u00e9s:<\/span><br \/>\nUrunk, Isten\u00fcnk, k\u00f6teles gyermeki h\u00f3dolattal \u00fcnnepelj\u00fck miszt\u00e9riumaidat. K\u00f6ny\u00f6r\u00f6gve k\u00e9r\u00fcnk, hogy amit F\u00f6ls\u00e9ged dics\u0151s\u00e9g\u00e9re felaj\u00e1nlunk, hozza meg nek\u00fcnk az \u00fcdv\u00f6ss\u00e9get. Krisztus, a mi Urunk \u00e1ltal.<\/p>\n<p>&nbsp;<\/p>\n<p><span style=\"color: #008000;\">Pref\u00e1ci\u00f3:<\/span><br \/>\nMert val\u00f3ban m\u00e9lt\u00f3 \u00e9s igazs\u00e1gos, ill\u0151 \u00e9s \u00fcdv\u00f6s, hogy mindig \u00e9s minden\u00fctt h\u00e1l\u00e1t adjunk n\u00e9ked, mi Urunk, szents\u00e9ges Aty\u00e1nk, mindenhat\u00f3, \u00f6r\u00f6k Isten:<br \/>\nMert \u00fagy szeretted a vil\u00e1got, irgalmas Isten\u00fcnk, hogy olyan Megv\u00e1lt\u00f3t k\u00fcldt\u00e9l n\u00e9k\u00fcnk, ki akaratod szerint hozz\u00e1nk hasonl\u00f3an \u00e9lt a F\u00f6ld\u00f6n, de minden b\u0171n n\u00e9lk\u00fcl.<br \/>\nAz \u0151 engedelmess\u00e9ge miatt kaptuk vissza t\u0151led, amit elvesztett\u00fcnk az engedetlens\u00e9g b\u0171ne \u00e1ltal; hogy azt szerethesd benn\u00fcnk, amit Fiadban kedvelt\u00e9l.<br \/>\n\u00c9s ez\u00e9rt mi is, az \u00f6sszes angyallal \u00e9s szenttel egy\u00fctt, Urunknak vallunk T\u00e9ged, \u00e9s ujjongva zengj\u00fck:<\/p>\n<p><span style=\"color: #008000;\">\u00c1ldoz\u00e1si \u00e9nek:<\/span><br \/>\nHirdetem minden csodatettedet. Vigadok \u00e9s ujjongok benned, dics\u00e9retet zengek nevednek, F\u00f6ls\u00e9ges!(Zsolt 9,2-3)<br \/>\n<span style=\"color: #008000;\"><em>vagy<\/em><\/span><br \/>\nUram, hiszem, hogy te vagy a Krisztus, az \u00e9l\u0151 Isten Fia, aki a vil\u00e1gba j\u00f6tt\u00e9l. (Jn 11,27)<\/p>\n<p><span style=\"color: #008000;\">\u00c1ldoz\u00e1s ut\u00e1ni k\u00f6ny\u00f6rg\u00e9s:<\/span><br \/>\nMindenhat\u00f3 Isten\u00fcnk, add, hogy val\u00f3ban elnyerhess\u00fck az \u00fcdv\u00f6ss\u00e9get, amelynek z\u00e1log\u00e1t ezekben a miszt\u00e9riumokban befogadtuk. Krisztus, a mi Urunk \u00e1ltal.<\/p>\n<p><em>(K\u00e9p forr\u00e1sa: Plak\u00e1t &#8211; Tapolyai Em\u0151ke el\u0151ad\u00e1sa H\u00e1zass\u00e1g hete alkalm\u00e1b\u00f3l &#8211; 2023)<\/em><\/p>\n","protected":false},"excerpt":{"rendered":"<p>A szentmise k\u00f6ny\u00f6rg\u00e9se gy\u00f6ny\u00f6r\u0171 k\u00e9ppel szeml\u00e9lteti a t\u00f6rv\u00e9nyek \u00e9let\u00fcnkben bet\u00f6lt\u00f6tt fontoss\u00e1g\u00e1nak szerep\u00e9t. A vall\u00e1sos zsid\u00f3 ember tefillint k\u00f6t\u00f6tt homlok\u00e1ra, kifejezve, hogy val\u00f3ban \u00e1lland\u00f3an szeme el\u0151tt hordja az \u00dar t\u00f6rv\u00e9ny\u00e9t. A k\u00e9p sz\u00e1momra azt \u00fczeni, hogy odafigyelek, szemmel tartom azt, ami fontos sz\u00e1momra. Ezt k\u00f6vet\u0151en pedig m\u00e1r nem csup\u00e1n odafigyelek, hanem sz\u00f3val \u00e9s tettel meg is val\u00f3s\u00edtom. Az els\u0151 olvasm\u00e1ny\u00e1ban\u00a0 az \u00dar D\u00e1vid kez\u00e9be adja az \u00e9let\u00e9re t\u00f6r\u0151 Saul kir\u00e1lyt, de \u0151 nem emel kezet az \u00dar f\u00f6lkentj\u00e9re. Amikor az ember szemben\u00e9z a benne jelentkez\u0151 gondolatokkal \u00e9s \u00e9rz\u00e9sekkel, szabads\u00e1ga van eld\u00f6nteni, hogy mit kezd vel\u00fck: szemben\u00e9z \u00e9s kezeli azokat, vagy pedig azok vesznek uralmat rajta. A szemben\u00e9z\u00e9s \u00f6nmag\u00e1ban m\u00e9g nem el\u00e9g,\u00a0 az \u00fajra meg \u00fajra jelentkez\u0151 gondolataimat \u00e9s \u00e9rz\u00e9seimet kell elengednem \u00e9s \u00e1tadnom az \u00darnak. Mindez pedig csak nagyon sok gyakorl\u00e1ssal \u00e9s t\u00fcrelemmel saj\u00e1t\u00edthat\u00f3 el. D\u00e1vid jelesre vizsg\u00e1zott! K\u00f6zben pedig hatalmas bels\u0151 utat tett meg, legy\u0151zve \u00f6nmag\u00e1t.\u00a0 A szentlecke azt a bels\u0151 utat v\u00e1zolja fel, amely megmutatja, hogyan juthatunk el a testi embert\u0151l a szellemi emberhez.\u00a0 Hogyan alakul ki bennem ez a fajta lelk\u00fclet? Erre kapjuk meg a v\u00e1laszt az evang\u00e9liumban. \u00c9letem k\u00e9t ter\u00fclet\u00e9n kell magamat alkalmass\u00e1 tennem. Ez pedig a szeretet \u00e9s az irgalmass\u00e1g. \u00a0J\u00e9zus azt akarja, hogy a rosszat j\u00f3val gy\u0151zzem le, nem csup\u00e1n a rossz elker\u00fcl\u00e9s\u00e9vel. J\u00f3v\u00e1 szidni eddig m\u00e9g senkit sem siker\u00fclt. J\u00f3v\u00e1 szeretni, viszont igen! Felt\u00e9tele, hogy lelki\u00e9letet \u00e9lek. A k\u00f6zelg\u0151 nagyb\u00f6jti kegyelmi id\u0151 erre k\u00edn\u00e1l lehet\u0151s\u00e9get. Igazi bels\u0151 \u00fat ez sz\u00e1momra. Kezd\u0151\u00e9nek: Uram, a te irgalmadban b\u00edzom. Ujjong a sz\u00edvem a te szabad\u00edt\u00e1sodban. \u00e9nekelek az \u00darnak, aki j\u00f3t tett velem. (Zsolt 12,6) K\u00f6ny\u00f6rg\u00e9s: Mindenhat\u00f3 Isten\u00fcnk, seg\u00edts, hogy t\u00f6rv\u00e9nyedet mindenkor szem el\u0151tt tartsuk, akaratodat pedig sz\u00f3val \u00e9s tettel meg is val\u00f3s\u00edtsuk. A mi Urunk, J\u00e9zus Krisztus, a te Fiad \u00e1ltal, aki veled \u00e9l \u00e9s uralkodik a Szentl\u00e9lekkel egys\u00e9gben, Isten mind\u00f6r\u00f6kk\u00f6n \u00f6r\u00f6kk\u00e9. OLVASM\u00c1NY S\u00e1muel els\u0151 k\u00f6nyv\u00e9b\u0151l (1S\u00e1m&#8230; <\/p>\n<p><a class=\"readmore\" href=\"https:\/\/stuttgarti-katolikusok.de\/index.php\/evkozi-7-vasarnap-2\/\">R\u00e9szletek<\/a><\/p>\n","protected":false},"author":3,"featured_media":26305,"comment_status":"closed","ping_status":"closed","sticky":false,"template":"","format":"standard","meta":{"footnotes":""},"categories":[85,63],"tags":[],"class_list":["post-30507","post","type-post","status-publish","format-standard","has-post-thumbnail","hentry","category-a-liturgia-olvasmanyai","category-vasarnapi-gondolatok"],"yoast_head":"<!-- This site is optimized with the Yoast SEO plugin v27.3 - https:\/\/yoast.com\/product\/yoast-seo-wordpress\/ -->\n<title>\u00c9vk\u00f6zi 7. vas\u00e1rnap - Stuttgarti Katolikusok<\/title>\n<meta name=\"robots\" content=\"index, follow, max-snippet:-1, max-image-preview:large, max-video-preview:-1\" \/>\n<link rel=\"canonical\" href=\"https:\/\/stuttgarti-katolikusok.de\/index.php\/evkozi-7-vasarnap-2\/\" \/>\n<meta property=\"og:locale\" content=\"hu_HU\" \/>\n<meta property=\"og:type\" content=\"article\" \/>\n<meta property=\"og:title\" content=\"\u00c9vk\u00f6zi 7. vas\u00e1rnap - Stuttgarti Katolikusok\" \/>\n<meta property=\"og:description\" content=\"A szentmise k\u00f6ny\u00f6rg\u00e9se gy\u00f6ny\u00f6r\u0171 k\u00e9ppel szeml\u00e9lteti a t\u00f6rv\u00e9nyek \u00e9let\u00fcnkben bet\u00f6lt\u00f6tt fontoss\u00e1g\u00e1nak szerep\u00e9t. A vall\u00e1sos zsid\u00f3 ember tefillint k\u00f6t\u00f6tt homlok\u00e1ra, kifejezve, hogy val\u00f3ban \u00e1lland\u00f3an szeme el\u0151tt hordja az \u00dar t\u00f6rv\u00e9ny\u00e9t. A k\u00e9p sz\u00e1momra azt \u00fczeni, hogy odafigyelek, szemmel tartom azt, ami fontos sz\u00e1momra. Ezt k\u00f6vet\u0151en pedig m\u00e1r nem csup\u00e1n odafigyelek, hanem sz\u00f3val \u00e9s tettel meg is val\u00f3s\u00edtom. Az els\u0151 olvasm\u00e1ny\u00e1ban\u00a0 az \u00dar D\u00e1vid kez\u00e9be adja az \u00e9let\u00e9re t\u00f6r\u0151 Saul kir\u00e1lyt, de \u0151 nem emel kezet az \u00dar f\u00f6lkentj\u00e9re. Amikor az ember szemben\u00e9z a benne jelentkez\u0151 gondolatokkal \u00e9s \u00e9rz\u00e9sekkel, szabads\u00e1ga van eld\u00f6nteni, hogy mit kezd vel\u00fck: szemben\u00e9z \u00e9s kezeli azokat, vagy pedig azok vesznek uralmat rajta. A szemben\u00e9z\u00e9s \u00f6nmag\u00e1ban m\u00e9g nem el\u00e9g,\u00a0 az \u00fajra meg \u00fajra jelentkez\u0151 gondolataimat \u00e9s \u00e9rz\u00e9seimet kell elengednem \u00e9s \u00e1tadnom az \u00darnak. Mindez pedig csak nagyon sok gyakorl\u00e1ssal \u00e9s t\u00fcrelemmel saj\u00e1t\u00edthat\u00f3 el. D\u00e1vid jelesre vizsg\u00e1zott! K\u00f6zben pedig hatalmas bels\u0151 utat tett meg, legy\u0151zve \u00f6nmag\u00e1t.\u00a0 A szentlecke azt a bels\u0151 utat v\u00e1zolja fel, amely megmutatja, hogyan juthatunk el a testi embert\u0151l a szellemi emberhez.\u00a0 Hogyan alakul ki bennem ez a fajta lelk\u00fclet? Erre kapjuk meg a v\u00e1laszt az evang\u00e9liumban. \u00c9letem k\u00e9t ter\u00fclet\u00e9n kell magamat alkalmass\u00e1 tennem. Ez pedig a szeretet \u00e9s az irgalmass\u00e1g. \u00a0J\u00e9zus azt akarja, hogy a rosszat j\u00f3val gy\u0151zzem le, nem csup\u00e1n a rossz elker\u00fcl\u00e9s\u00e9vel. J\u00f3v\u00e1 szidni eddig m\u00e9g senkit sem siker\u00fclt. J\u00f3v\u00e1 szeretni, viszont igen! Felt\u00e9tele, hogy lelki\u00e9letet \u00e9lek. A k\u00f6zelg\u0151 nagyb\u00f6jti kegyelmi id\u0151 erre k\u00edn\u00e1l lehet\u0151s\u00e9get. Igazi bels\u0151 \u00fat ez sz\u00e1momra. Kezd\u0151\u00e9nek: Uram, a te irgalmadban b\u00edzom. Ujjong a sz\u00edvem a te szabad\u00edt\u00e1sodban. \u00e9nekelek az \u00darnak, aki j\u00f3t tett velem. (Zsolt 12,6) K\u00f6ny\u00f6rg\u00e9s: Mindenhat\u00f3 Isten\u00fcnk, seg\u00edts, hogy t\u00f6rv\u00e9nyedet mindenkor szem el\u0151tt tartsuk, akaratodat pedig sz\u00f3val \u00e9s tettel meg is val\u00f3s\u00edtsuk. A mi Urunk, J\u00e9zus Krisztus, a te Fiad \u00e1ltal, aki veled \u00e9l \u00e9s uralkodik a Szentl\u00e9lekkel egys\u00e9gben, Isten mind\u00f6r\u00f6kk\u00f6n \u00f6r\u00f6kk\u00e9. OLVASM\u00c1NY S\u00e1muel els\u0151 k\u00f6nyv\u00e9b\u0151l (1S\u00e1m... R\u00e9szletek\" \/>\n<meta property=\"og:url\" content=\"https:\/\/stuttgarti-katolikusok.de\/index.php\/evkozi-7-vasarnap-2\/\" \/>\n<meta property=\"og:site_name\" content=\"Stuttgarti Katolikusok\" \/>\n<meta property=\"article:published_time\" content=\"2025-02-22T10:35:18+00:00\" \/>\n<meta property=\"article:modified_time\" content=\"2025-02-22T23:19:33+00:00\" \/>\n<meta property=\"og:image\" content=\"https:\/\/stuttgarti-katolikusok.de\/wp-content\/uploads\/2023\/02\/tapolyai-eloadasplakat-hh2023.jpg\" \/>\n\t<meta property=\"og:image:width\" content=\"1069\" \/>\n\t<meta property=\"og:image:height\" content=\"732\" \/>\n\t<meta property=\"og:image:type\" content=\"image\/jpeg\" \/>\n<meta name=\"author\" content=\"Tibor atya\" \/>\n<meta name=\"twitter:card\" content=\"summary_large_image\" \/>\n<meta name=\"twitter:label1\" content=\"Szerz\u0151:\" \/>\n\t<meta name=\"twitter:data1\" content=\"Tibor atya\" \/>\n\t<meta name=\"twitter:label2\" content=\"Becs\u00fclt olvas\u00e1si id\u0151\" \/>\n\t<meta name=\"twitter:data2\" content=\"9 perc\" \/>\n<script type=\"application\/ld+json\" class=\"yoast-schema-graph\">{\"@context\":\"https:\\\/\\\/schema.org\",\"@graph\":[{\"@type\":\"Article\",\"@id\":\"https:\\\/\\\/stuttgarti-katolikusok.de\\\/index.php\\\/evkozi-7-vasarnap-2\\\/#article\",\"isPartOf\":{\"@id\":\"https:\\\/\\\/stuttgarti-katolikusok.de\\\/index.php\\\/evkozi-7-vasarnap-2\\\/\"},\"author\":{\"name\":\"Tibor atya\",\"@id\":\"https:\\\/\\\/stuttgarti-katolikusok.de\\\/#\\\/schema\\\/person\\\/75908d6f8fdc03a57889d27209df7795\"},\"headline\":\"\u00c9vk\u00f6zi 7. vas\u00e1rnap\",\"datePublished\":\"2025-02-22T10:35:18+00:00\",\"dateModified\":\"2025-02-22T23:19:33+00:00\",\"mainEntityOfPage\":{\"@id\":\"https:\\\/\\\/stuttgarti-katolikusok.de\\\/index.php\\\/evkozi-7-vasarnap-2\\\/\"},\"wordCount\":1989,\"image\":{\"@id\":\"https:\\\/\\\/stuttgarti-katolikusok.de\\\/index.php\\\/evkozi-7-vasarnap-2\\\/#primaryimage\"},\"thumbnailUrl\":\"https:\\\/\\\/stuttgarti-katolikusok.de\\\/wp-content\\\/uploads\\\/2023\\\/02\\\/tapolyai-eloadasplakat-hh2023.jpg\",\"articleSection\":[\"A liturgia olvasm\u00e1nyai\",\"Vas\u00e1rnapi gondolatok\"],\"inLanguage\":\"hu\"},{\"@type\":\"WebPage\",\"@id\":\"https:\\\/\\\/stuttgarti-katolikusok.de\\\/index.php\\\/evkozi-7-vasarnap-2\\\/\",\"url\":\"https:\\\/\\\/stuttgarti-katolikusok.de\\\/index.php\\\/evkozi-7-vasarnap-2\\\/\",\"name\":\"\u00c9vk\u00f6zi 7. vas\u00e1rnap - Stuttgarti Katolikusok\",\"isPartOf\":{\"@id\":\"https:\\\/\\\/stuttgarti-katolikusok.de\\\/#website\"},\"primaryImageOfPage\":{\"@id\":\"https:\\\/\\\/stuttgarti-katolikusok.de\\\/index.php\\\/evkozi-7-vasarnap-2\\\/#primaryimage\"},\"image\":{\"@id\":\"https:\\\/\\\/stuttgarti-katolikusok.de\\\/index.php\\\/evkozi-7-vasarnap-2\\\/#primaryimage\"},\"thumbnailUrl\":\"https:\\\/\\\/stuttgarti-katolikusok.de\\\/wp-content\\\/uploads\\\/2023\\\/02\\\/tapolyai-eloadasplakat-hh2023.jpg\",\"datePublished\":\"2025-02-22T10:35:18+00:00\",\"dateModified\":\"2025-02-22T23:19:33+00:00\",\"author\":{\"@id\":\"https:\\\/\\\/stuttgarti-katolikusok.de\\\/#\\\/schema\\\/person\\\/75908d6f8fdc03a57889d27209df7795\"},\"breadcrumb\":{\"@id\":\"https:\\\/\\\/stuttgarti-katolikusok.de\\\/index.php\\\/evkozi-7-vasarnap-2\\\/#breadcrumb\"},\"inLanguage\":\"hu\",\"potentialAction\":[{\"@type\":\"ReadAction\",\"target\":[\"https:\\\/\\\/stuttgarti-katolikusok.de\\\/index.php\\\/evkozi-7-vasarnap-2\\\/\"]}]},{\"@type\":\"ImageObject\",\"inLanguage\":\"hu\",\"@id\":\"https:\\\/\\\/stuttgarti-katolikusok.de\\\/index.php\\\/evkozi-7-vasarnap-2\\\/#primaryimage\",\"url\":\"https:\\\/\\\/stuttgarti-katolikusok.de\\\/wp-content\\\/uploads\\\/2023\\\/02\\\/tapolyai-eloadasplakat-hh2023.jpg\",\"contentUrl\":\"https:\\\/\\\/stuttgarti-katolikusok.de\\\/wp-content\\\/uploads\\\/2023\\\/02\\\/tapolyai-eloadasplakat-hh2023.jpg\",\"width\":1069,\"height\":732},{\"@type\":\"BreadcrumbList\",\"@id\":\"https:\\\/\\\/stuttgarti-katolikusok.de\\\/index.php\\\/evkozi-7-vasarnap-2\\\/#breadcrumb\",\"itemListElement\":[{\"@type\":\"ListItem\",\"position\":1,\"name\":\"Kezd\u0151lap\",\"item\":\"https:\\\/\\\/stuttgarti-katolikusok.de\\\/\"},{\"@type\":\"ListItem\",\"position\":2,\"name\":\"\u00c9vk\u00f6zi 7. vas\u00e1rnap\"}]},{\"@type\":\"WebSite\",\"@id\":\"https:\\\/\\\/stuttgarti-katolikusok.de\\\/#website\",\"url\":\"https:\\\/\\\/stuttgarti-katolikusok.de\\\/\",\"name\":\"Stuttgarti Katolikusok\",\"description\":\"\",\"potentialAction\":[{\"@type\":\"SearchAction\",\"target\":{\"@type\":\"EntryPoint\",\"urlTemplate\":\"https:\\\/\\\/stuttgarti-katolikusok.de\\\/?s={search_term_string}\"},\"query-input\":{\"@type\":\"PropertyValueSpecification\",\"valueRequired\":true,\"valueName\":\"search_term_string\"}}],\"inLanguage\":\"hu\"},{\"@type\":\"Person\",\"@id\":\"https:\\\/\\\/stuttgarti-katolikusok.de\\\/#\\\/schema\\\/person\\\/75908d6f8fdc03a57889d27209df7795\",\"name\":\"Tibor atya\",\"image\":{\"@type\":\"ImageObject\",\"inLanguage\":\"hu\",\"@id\":\"https:\\\/\\\/secure.gravatar.com\\\/avatar\\\/61d268e57d1f4525b111222e29d2d5a7f8c420fdbf231ba5566a8ceac74fa960?s=96&d=mm&r=g\",\"url\":\"https:\\\/\\\/secure.gravatar.com\\\/avatar\\\/61d268e57d1f4525b111222e29d2d5a7f8c420fdbf231ba5566a8ceac74fa960?s=96&d=mm&r=g\",\"contentUrl\":\"https:\\\/\\\/secure.gravatar.com\\\/avatar\\\/61d268e57d1f4525b111222e29d2d5a7f8c420fdbf231ba5566a8ceac74fa960?s=96&d=mm&r=g\",\"caption\":\"Tibor atya\"},\"url\":\"https:\\\/\\\/stuttgarti-katolikusok.de\\\/index.php\\\/author\\\/tibor-atya\\\/\"}]}<\/script>\n<!-- \/ Yoast SEO plugin. -->","yoast_head_json":{"title":"\u00c9vk\u00f6zi 7. vas\u00e1rnap - Stuttgarti Katolikusok","robots":{"index":"index","follow":"follow","max-snippet":"max-snippet:-1","max-image-preview":"max-image-preview:large","max-video-preview":"max-video-preview:-1"},"canonical":"https:\/\/stuttgarti-katolikusok.de\/index.php\/evkozi-7-vasarnap-2\/","og_locale":"hu_HU","og_type":"article","og_title":"\u00c9vk\u00f6zi 7. vas\u00e1rnap - Stuttgarti Katolikusok","og_description":"A szentmise k\u00f6ny\u00f6rg\u00e9se gy\u00f6ny\u00f6r\u0171 k\u00e9ppel szeml\u00e9lteti a t\u00f6rv\u00e9nyek \u00e9let\u00fcnkben bet\u00f6lt\u00f6tt fontoss\u00e1g\u00e1nak szerep\u00e9t. A vall\u00e1sos zsid\u00f3 ember tefillint k\u00f6t\u00f6tt homlok\u00e1ra, kifejezve, hogy val\u00f3ban \u00e1lland\u00f3an szeme el\u0151tt hordja az \u00dar t\u00f6rv\u00e9ny\u00e9t. A k\u00e9p sz\u00e1momra azt \u00fczeni, hogy odafigyelek, szemmel tartom azt, ami fontos sz\u00e1momra. Ezt k\u00f6vet\u0151en pedig m\u00e1r nem csup\u00e1n odafigyelek, hanem sz\u00f3val \u00e9s tettel meg is val\u00f3s\u00edtom. Az els\u0151 olvasm\u00e1ny\u00e1ban\u00a0 az \u00dar D\u00e1vid kez\u00e9be adja az \u00e9let\u00e9re t\u00f6r\u0151 Saul kir\u00e1lyt, de \u0151 nem emel kezet az \u00dar f\u00f6lkentj\u00e9re. Amikor az ember szemben\u00e9z a benne jelentkez\u0151 gondolatokkal \u00e9s \u00e9rz\u00e9sekkel, szabads\u00e1ga van eld\u00f6nteni, hogy mit kezd vel\u00fck: szemben\u00e9z \u00e9s kezeli azokat, vagy pedig azok vesznek uralmat rajta. A szemben\u00e9z\u00e9s \u00f6nmag\u00e1ban m\u00e9g nem el\u00e9g,\u00a0 az \u00fajra meg \u00fajra jelentkez\u0151 gondolataimat \u00e9s \u00e9rz\u00e9seimet kell elengednem \u00e9s \u00e1tadnom az \u00darnak. Mindez pedig csak nagyon sok gyakorl\u00e1ssal \u00e9s t\u00fcrelemmel saj\u00e1t\u00edthat\u00f3 el. D\u00e1vid jelesre vizsg\u00e1zott! K\u00f6zben pedig hatalmas bels\u0151 utat tett meg, legy\u0151zve \u00f6nmag\u00e1t.\u00a0 A szentlecke azt a bels\u0151 utat v\u00e1zolja fel, amely megmutatja, hogyan juthatunk el a testi embert\u0151l a szellemi emberhez.\u00a0 Hogyan alakul ki bennem ez a fajta lelk\u00fclet? Erre kapjuk meg a v\u00e1laszt az evang\u00e9liumban. \u00c9letem k\u00e9t ter\u00fclet\u00e9n kell magamat alkalmass\u00e1 tennem. Ez pedig a szeretet \u00e9s az irgalmass\u00e1g. \u00a0J\u00e9zus azt akarja, hogy a rosszat j\u00f3val gy\u0151zzem le, nem csup\u00e1n a rossz elker\u00fcl\u00e9s\u00e9vel. J\u00f3v\u00e1 szidni eddig m\u00e9g senkit sem siker\u00fclt. J\u00f3v\u00e1 szeretni, viszont igen! Felt\u00e9tele, hogy lelki\u00e9letet \u00e9lek. A k\u00f6zelg\u0151 nagyb\u00f6jti kegyelmi id\u0151 erre k\u00edn\u00e1l lehet\u0151s\u00e9get. Igazi bels\u0151 \u00fat ez sz\u00e1momra. Kezd\u0151\u00e9nek: Uram, a te irgalmadban b\u00edzom. Ujjong a sz\u00edvem a te szabad\u00edt\u00e1sodban. \u00e9nekelek az \u00darnak, aki j\u00f3t tett velem. (Zsolt 12,6) K\u00f6ny\u00f6rg\u00e9s: Mindenhat\u00f3 Isten\u00fcnk, seg\u00edts, hogy t\u00f6rv\u00e9nyedet mindenkor szem el\u0151tt tartsuk, akaratodat pedig sz\u00f3val \u00e9s tettel meg is val\u00f3s\u00edtsuk. A mi Urunk, J\u00e9zus Krisztus, a te Fiad \u00e1ltal, aki veled \u00e9l \u00e9s uralkodik a Szentl\u00e9lekkel egys\u00e9gben, Isten mind\u00f6r\u00f6kk\u00f6n \u00f6r\u00f6kk\u00e9. OLVASM\u00c1NY S\u00e1muel els\u0151 k\u00f6nyv\u00e9b\u0151l (1S\u00e1m... R\u00e9szletek","og_url":"https:\/\/stuttgarti-katolikusok.de\/index.php\/evkozi-7-vasarnap-2\/","og_site_name":"Stuttgarti Katolikusok","article_published_time":"2025-02-22T10:35:18+00:00","article_modified_time":"2025-02-22T23:19:33+00:00","og_image":[{"width":1069,"height":732,"url":"https:\/\/stuttgarti-katolikusok.de\/wp-content\/uploads\/2023\/02\/tapolyai-eloadasplakat-hh2023.jpg","type":"image\/jpeg"}],"author":"Tibor atya","twitter_card":"summary_large_image","twitter_misc":{"Szerz\u0151:":"Tibor atya","Becs\u00fclt olvas\u00e1si id\u0151":"9 perc"},"schema":{"@context":"https:\/\/schema.org","@graph":[{"@type":"Article","@id":"https:\/\/stuttgarti-katolikusok.de\/index.php\/evkozi-7-vasarnap-2\/#article","isPartOf":{"@id":"https:\/\/stuttgarti-katolikusok.de\/index.php\/evkozi-7-vasarnap-2\/"},"author":{"name":"Tibor atya","@id":"https:\/\/stuttgarti-katolikusok.de\/#\/schema\/person\/75908d6f8fdc03a57889d27209df7795"},"headline":"\u00c9vk\u00f6zi 7. vas\u00e1rnap","datePublished":"2025-02-22T10:35:18+00:00","dateModified":"2025-02-22T23:19:33+00:00","mainEntityOfPage":{"@id":"https:\/\/stuttgarti-katolikusok.de\/index.php\/evkozi-7-vasarnap-2\/"},"wordCount":1989,"image":{"@id":"https:\/\/stuttgarti-katolikusok.de\/index.php\/evkozi-7-vasarnap-2\/#primaryimage"},"thumbnailUrl":"https:\/\/stuttgarti-katolikusok.de\/wp-content\/uploads\/2023\/02\/tapolyai-eloadasplakat-hh2023.jpg","articleSection":["A liturgia olvasm\u00e1nyai","Vas\u00e1rnapi gondolatok"],"inLanguage":"hu"},{"@type":"WebPage","@id":"https:\/\/stuttgarti-katolikusok.de\/index.php\/evkozi-7-vasarnap-2\/","url":"https:\/\/stuttgarti-katolikusok.de\/index.php\/evkozi-7-vasarnap-2\/","name":"\u00c9vk\u00f6zi 7. vas\u00e1rnap - Stuttgarti Katolikusok","isPartOf":{"@id":"https:\/\/stuttgarti-katolikusok.de\/#website"},"primaryImageOfPage":{"@id":"https:\/\/stuttgarti-katolikusok.de\/index.php\/evkozi-7-vasarnap-2\/#primaryimage"},"image":{"@id":"https:\/\/stuttgarti-katolikusok.de\/index.php\/evkozi-7-vasarnap-2\/#primaryimage"},"thumbnailUrl":"https:\/\/stuttgarti-katolikusok.de\/wp-content\/uploads\/2023\/02\/tapolyai-eloadasplakat-hh2023.jpg","datePublished":"2025-02-22T10:35:18+00:00","dateModified":"2025-02-22T23:19:33+00:00","author":{"@id":"https:\/\/stuttgarti-katolikusok.de\/#\/schema\/person\/75908d6f8fdc03a57889d27209df7795"},"breadcrumb":{"@id":"https:\/\/stuttgarti-katolikusok.de\/index.php\/evkozi-7-vasarnap-2\/#breadcrumb"},"inLanguage":"hu","potentialAction":[{"@type":"ReadAction","target":["https:\/\/stuttgarti-katolikusok.de\/index.php\/evkozi-7-vasarnap-2\/"]}]},{"@type":"ImageObject","inLanguage":"hu","@id":"https:\/\/stuttgarti-katolikusok.de\/index.php\/evkozi-7-vasarnap-2\/#primaryimage","url":"https:\/\/stuttgarti-katolikusok.de\/wp-content\/uploads\/2023\/02\/tapolyai-eloadasplakat-hh2023.jpg","contentUrl":"https:\/\/stuttgarti-katolikusok.de\/wp-content\/uploads\/2023\/02\/tapolyai-eloadasplakat-hh2023.jpg","width":1069,"height":732},{"@type":"BreadcrumbList","@id":"https:\/\/stuttgarti-katolikusok.de\/index.php\/evkozi-7-vasarnap-2\/#breadcrumb","itemListElement":[{"@type":"ListItem","position":1,"name":"Kezd\u0151lap","item":"https:\/\/stuttgarti-katolikusok.de\/"},{"@type":"ListItem","position":2,"name":"\u00c9vk\u00f6zi 7. vas\u00e1rnap"}]},{"@type":"WebSite","@id":"https:\/\/stuttgarti-katolikusok.de\/#website","url":"https:\/\/stuttgarti-katolikusok.de\/","name":"Stuttgarti Katolikusok","description":"","potentialAction":[{"@type":"SearchAction","target":{"@type":"EntryPoint","urlTemplate":"https:\/\/stuttgarti-katolikusok.de\/?s={search_term_string}"},"query-input":{"@type":"PropertyValueSpecification","valueRequired":true,"valueName":"search_term_string"}}],"inLanguage":"hu"},{"@type":"Person","@id":"https:\/\/stuttgarti-katolikusok.de\/#\/schema\/person\/75908d6f8fdc03a57889d27209df7795","name":"Tibor atya","image":{"@type":"ImageObject","inLanguage":"hu","@id":"https:\/\/secure.gravatar.com\/avatar\/61d268e57d1f4525b111222e29d2d5a7f8c420fdbf231ba5566a8ceac74fa960?s=96&d=mm&r=g","url":"https:\/\/secure.gravatar.com\/avatar\/61d268e57d1f4525b111222e29d2d5a7f8c420fdbf231ba5566a8ceac74fa960?s=96&d=mm&r=g","contentUrl":"https:\/\/secure.gravatar.com\/avatar\/61d268e57d1f4525b111222e29d2d5a7f8c420fdbf231ba5566a8ceac74fa960?s=96&d=mm&r=g","caption":"Tibor atya"},"url":"https:\/\/stuttgarti-katolikusok.de\/index.php\/author\/tibor-atya\/"}]}},"_links":{"self":[{"href":"https:\/\/stuttgarti-katolikusok.de\/index.php\/wp-json\/wp\/v2\/posts\/30507","targetHints":{"allow":["GET"]}}],"collection":[{"href":"https:\/\/stuttgarti-katolikusok.de\/index.php\/wp-json\/wp\/v2\/posts"}],"about":[{"href":"https:\/\/stuttgarti-katolikusok.de\/index.php\/wp-json\/wp\/v2\/types\/post"}],"author":[{"embeddable":true,"href":"https:\/\/stuttgarti-katolikusok.de\/index.php\/wp-json\/wp\/v2\/users\/3"}],"replies":[{"embeddable":true,"href":"https:\/\/stuttgarti-katolikusok.de\/index.php\/wp-json\/wp\/v2\/comments?post=30507"}],"version-history":[{"count":6,"href":"https:\/\/stuttgarti-katolikusok.de\/index.php\/wp-json\/wp\/v2\/posts\/30507\/revisions"}],"predecessor-version":[{"id":30513,"href":"https:\/\/stuttgarti-katolikusok.de\/index.php\/wp-json\/wp\/v2\/posts\/30507\/revisions\/30513"}],"wp:featuredmedia":[{"embeddable":true,"href":"https:\/\/stuttgarti-katolikusok.de\/index.php\/wp-json\/wp\/v2\/media\/26305"}],"wp:attachment":[{"href":"https:\/\/stuttgarti-katolikusok.de\/index.php\/wp-json\/wp\/v2\/media?parent=30507"}],"wp:term":[{"taxonomy":"category","embeddable":true,"href":"https:\/\/stuttgarti-katolikusok.de\/index.php\/wp-json\/wp\/v2\/categories?post=30507"},{"taxonomy":"post_tag","embeddable":true,"href":"https:\/\/stuttgarti-katolikusok.de\/index.php\/wp-json\/wp\/v2\/tags?post=30507"}],"curies":[{"name":"wp","href":"https:\/\/api.w.org\/{rel}","templated":true}]}}