{"id":30482,"date":"2025-02-15T01:06:04","date_gmt":"2025-02-15T00:06:04","guid":{"rendered":"https:\/\/stuttgarti-katolikusok.de\/?p=30482"},"modified":"2025-03-25T23:38:10","modified_gmt":"2025-03-25T22:38:10","slug":"evkozi-6-vasarnap-4","status":"publish","type":"post","link":"https:\/\/stuttgarti-katolikusok.de\/index.php\/evkozi-6-vasarnap-4\/","title":{"rendered":"\u00c9vk\u00f6zi 6. vas\u00e1rnap"},"content":{"rendered":"<p><span style=\"color: #ff6600;\"><em>A szentmise els\u0151 k\u00f6ny\u00f6rg\u00e9se az \u0151szinte \u00e9s tiszta sz\u00edv fontoss\u00e1g\u00e1t emeli ki. Hiszen Isten\u00fcnk az ilyen sz\u00edvekben akar lak\u00e1st venni. Egyben ez a foh\u00e1sz felfoghat\u00f3, mint \u00e1lland\u00f3 biztat\u00e1s is. \u0150szint\u00e9n \u00e9s tiszta sz\u00edvvel \u00e9lni, ez az igazi boldogs\u00e1g. Ehhez k\u00e9rj\u00fck az \u0150 seg\u00edts\u00e9g\u00e9t, melyet \u00fagy \u00e9rhet\u00fcnk el, hogy \u00e1tadjuk \u00e9let\u00fcnket, hagyjuk, hogy ir\u00e1ny\u00edtson \u00e9s alak\u00edtson is egyben.<\/em><\/span><\/p>\n<p><span style=\"color: #ff6600;\"><em>Az olvasm\u00e1ny \u00e9rdekes m\u00f3d ellent\u00e9tp\u00e1rral dolgozik:<\/em><\/span><\/p>\n<ul>\n<li><span style=\"color: #ff6600;\"><em>\u00c1tkozott az az ember, aki emberben b\u00edzik.<\/em><\/span><\/li>\n<li><span style=\"color: #ff6600;\"><em>\u00c1ldott az az ember, aki az \u00darban b\u00edzik.<\/em><\/span><\/li>\n<\/ul>\n<p><span style=\"color: #ff6600;\"><em>Nyilv\u00e1nval\u00f3, az olvasm\u00e1ny \u00e1ll\u00e1sfoglal\u00e1sra k\u00e9nyszer\u00edt. Kiben b\u00edzom?\u00a0<\/em><\/span><\/p>\n<p><span style=\"color: #ff6600;\"><em>Szent P\u00e1l apostol a felt\u00e1mad\u00e1s hit\u00e9nek fontoss\u00e1g\u00e1t \u00e9s \u00e9let\u00fcnkre gyakorolt hat\u00e1s\u00e1t emeli ki. &#8222;Quid hoc ad aeternitatem?&#8221; &#8211; &#8222;Mi ez az \u00f6r\u00f6kk\u00e9val\u00f3s\u00e1ghoz k\u00e9pest?&#8221; &#8211; ez adott er\u0151t v\u00e9rtanuinknak, hiteles kereszt\u00e9ny testv\u00e9reinknek \u00e9let\u00fck neh\u00e9zs\u00e9gei \u00e9s igazs\u00e1gtalans\u00e1gai elvisel\u00e9s\u00e9hez. \u00c9let\u00fcnkben mindent az \u00f6r\u00f6kk\u00e9val\u00f3s\u00e1g f\u00e9ny\u00e9ben tekinteni. Ez egy hossz\u00fa tanul\u00e1si folyamat sz\u00e1momra. Amennyiben siker\u00fcl ennek \u00fatj\u00e1ra l\u00e9pnem, jutalmam a lelkiismeret szabads\u00e1ga \u00e9s boldogs\u00e1ga. Ez pedig megfizethetetlen!<\/em><\/span><\/p>\n<p><span style=\"color: #ff6600;\"><em>Az olvasm\u00e1nyhoz hasonl\u00f3an az evang\u00e9liumi r\u00e9sz is ellent\u00e9tp\u00e1rral dolgozik.<\/em><\/span><\/p>\n<ul>\n<li><span style=\"color: #ff6600;\"><em>Boldogok vagytok&#8230;<\/em><\/span><\/li>\n<li><span style=\"color: #ff6600;\"><em>De jaj nektek,&#8230;<\/em><\/span><\/li>\n<\/ul>\n<p><span style=\"color: #ff6600;\"><em>Mindannyiunk v\u00e1gya boldognak lenni, ebben az \u00e9rz\u00e9sben megmaradni, m\u00e9ghozz\u00e1 tart\u00f3san. Felt\u00e9tele is van az egy\u00e9ni boldogs\u00e1gnak. Ez sokkal ink\u00e1bb akarat \u00e9s elhat\u00e1roz\u00e1s k\u00e9rd\u00e9se, kev\u00e9sb\u00e9 \u00e9rzelem.\u00a0<\/em><\/span><\/p>\n<p><span style=\"color: #008000;\">Kezd\u0151\u00e9nek:<\/span><br \/>\nL\u00e9gy nekem oltalmaz\u00f3 Istenem \u00e9s mened\u00e9kh\u00e1zam, hogy megszabad\u00edts engem: mert er\u0151ss\u00e9gem \u00e9s mened\u00e9kem vagy te, neved\u00e9rt vez\u00e9relsz engem, \u00e9s gondomat viseled. (V\u00f6. Zsolt 30,3-4)<\/p>\n<p><span style=\"color: #008000;\">K\u00f6ny\u00f6rg\u00e9s:<\/span><br \/>\nIsten\u00fcnk, tan\u00edt\u00e1sodb\u00f3l tudjuk, hogy az \u0151szinte \u00e9s tiszta sz\u00edvekben akarsz \u00e9lni. K\u00e9r\u00fcnk, alak\u00edts \u00e1t minket kegyelmeddel, hogy m\u00e9lt\u00f3 hajl\u00e9kod legy\u00fcnk. A mi Urunk, J\u00e9zus Krisztus, a te Fiad \u00e1ltal, aki veled \u00e9l \u00e9s uralkodik a Szentl\u00e9lekkel egys\u00e9gben, Isten mind\u00f6r\u00f6kk\u00f6n \u00f6r\u00f6kk\u00e9.<\/p>\n<p align=\"justify\"><span style=\"color: #008000;\">OLVASM\u00c1NY Jeremi\u00e1s pr\u00f3f\u00e9ta k\u00f6nyv\u00e9b\u0151l (Jer 17,5-8)<\/span><br \/>\n<em>A pr\u00f3f\u00e9ta figyelmezteti Joj\u00e1kim kir\u00e1lyt, hogy ne az emberekbe, hanem az Istenbe vesse bizalm\u00e1t.<\/em><br \/>\nEzt mondja az \u00dar:<br \/>\n\u00c1tkozott az az ember, aki emberben b\u00edzik, aki haland\u00f3ra t\u00e1maszkodik, \u00e9s akinek sz\u00edve elfordul az \u00dart\u00f3l. Olyan lesz, mint a cserje a puszt\u00e1ban: semmi j\u00f3t nem v\u00e1rhat, a kiaszott sivatagban tany\u00e1zik, s\u00f3s \u00e9s lakhatatlan f\u00f6ld\u00f6n.<br \/>\n\u00c1ldott az az ember, aki az \u00darban b\u00edzik, akinek az \u00darban van a rem\u00e9nye. Olyan lesz, mint a v\u00edz mell\u00e9 \u00fcltetett fa, amely gy\u00f6kereit eg\u00e9szen a foly\u00f3ig ereszti. Ha j\u00f6n a h\u0151s\u00e9g, nem kell f\u00e9lnie, lombja mindig z\u00f6ldellni fog. Sz\u00e1razs\u00e1g idej\u00e9n sem kell agg\u00f3dnia, akkor sem sz\u0171nik meg gy\u00fcm\u00f6lcs\u00f6t teremni.<br \/>\nEz az Isten ig\u00e9je.<\/p>\n<p align=\"justify\"><span style=\"color: #008000;\">V\u00c1LASZOS ZSOLT\u00c1R (Zsolt 1,1-2.3.4 \u00e9s 6)<\/span><br \/>\nV\u00e1lasz:\u00a0<strong>Boldog az az\u00a0<u>em<\/u>ber, * aki az\u00a0<u>\u00dar<\/u>ban b\u00edzik.<\/strong>\u00a0Zsolt 39,5a (5. t\u00f3nus)<br \/>\nEl\u0151\u00e9nekes: Boldog ember, aki nem k\u00f6veti a gonoszok ta<u>n\u00e1<\/u>cs\u00e1t, \u2020 nem l\u00e9p a b\u0171n\u00f6s\u00f6k\u00a0<u>\u00fat<\/u>j\u00e1ra, * a g\u00fanyol\u00f3d\u00f3k k\u00f6r\u00e9ben\u00a0<u>nem<\/u>\u00a0foglal helyet.<br \/>\nHanem az \u00dar t\u00f6rv\u00e9ny\u00e9ben leli\u00a0<u>\u00f6<\/u>r\u00f6m\u00e9t, * az \u0151 parancsair\u00f3l elm\u00e9lkedik\u00a0<u>\u00e9j<\/u>jel \u00e9s nappal.<br \/>\nH\u00edvek:\u00a0<strong>Boldog az az\u00a0<u>em<\/u>ber, * aki az\u00a0<u>\u00dar<\/u>ban b\u00edzik.<\/strong><br \/>\nE: Olyan, mint a fa, melyet foly\u00f3v\u00edz mell\u00e9\u00a0<u>\u00fcl<\/u>tettek, * mely idej\u00e9ben\u00a0<u>gy\u00fc<\/u>m\u00f6lcs\u00f6t \u00e9rlel.<br \/>\nNem fonnyad el a\u00a0<u>lomb<\/u>ja, * siker koron\u00e1zza\u00a0<u>min<\/u>den tett\u00e9t.<br \/>\nH:\u00a0<strong>Boldog az az\u00a0<u>em<\/u>ber, * aki az\u00a0<u>\u00dar<\/u>ban b\u00edzik.<\/strong><br \/>\nE: Nem \u00edgy j\u00e1rnak a gonoszok,\u00a0<u>nem<\/u>\u00a0\u00edgy, * hanem mint a polyva, melyet\u00a0<u>sz\u00e9t<\/u>sz\u00f3r a sz\u00e9l.<br \/>\nMert az \u00dar \u0151rzi az igazak\u00a0<u>\u00fat<\/u>j\u00e1t, * a gonoszok\u00a0<u>\u00fat<\/u>ja pusztul\u00e1s.<br \/>\nH:\u00a0<strong>Boldog az az\u00a0<u>em<\/u>ber, * aki az\u00a0<u>\u00dar<\/u>ban b\u00edzik.<\/strong><\/p>\n<p align=\"justify\"><span style=\"color: #008000;\">SZENTLECKE Szent P\u00e1l apostolnak a korintusiakhoz \u00edrt els\u0151 level\u00e9b\u0151l (1Kor 15,12.16-20)<\/span><br \/>\n<em>Ha Krisztus nem t\u00e1madt fel, semmit sem \u00e9r a hit\u00fcnk.<\/em><br \/>\nTestv\u00e9reim!<br \/>\nHa mi azt hirdetj\u00fck, hogy Krisztus felt\u00e1madt a hal\u00e1lb\u00f3l, hogyan \u00e1ll\u00edthatj\u00e1k n\u00e9melyek k\u00f6z\u00fcletek, hogy nincs felt\u00e1mad\u00e1s?<br \/>\nHa ugyanis a halottak nem t\u00e1madnak fel, akkor Krisztus sem t\u00e1madt fel. Ha pedig Krisztus nem t\u00e1madt fel, semmit sem \u00e9r a hitetek, mert m\u00e9g mindig b\u0171neitekben vagytok. S\u0151t azok is elvesztek, akik Krisztusban haltak meg. Ha csak ebben az \u00e9letben rem\u00e9nyked\u00fcnk Krisztusban, minden embern\u00e9l sz\u00e1nalomra m\u00e9lt\u00f3bbak vagyunk.<br \/>\nDe Krisztus felt\u00e1madt a hal\u00e1lb\u00f3l, els\u0151k\u00e9nt a halottak k\u00f6z\u00fcl.<br \/>\nEz az Isten ig\u00e9je.<\/p>\n<p align=\"justify\"><span style=\"color: #008000;\">ALLELUJA<\/span><br \/>\n\u00d6r\u00fcljetek \u00e9s vigadjatok, mondja a mi\u00a0<u>U<\/u>runk, * mert nagy lesz a mennyben\u00a0<u>ju<\/u>talmatok. Lk 6,23ab. \u2013 5. t\u00f3nus.<\/p>\n<p align=\"justify\"><span style=\"color: #008000;\">\u2020 EVANG\u00c9LIUM Szent Luk\u00e1cs k\u00f6nyv\u00e9b\u0151l (Lk 6,17.20-26)<\/span><br \/>\n<em>J\u00e9zus boldognak hirdeti a l\u00e9lekben szeg\u00e9nyeket, de jajt ki\u00e1lt a sz\u00edvtelen gazdagokra.<\/em><br \/>\nAz apostolok kiv\u00e1laszt\u00e1sa ut\u00e1n J\u00e9zus lej\u00f6tt a hegyr\u0151l, \u00e9s egy s\u00edk terepen meg\u00e1llt. Rengeteg tan\u00edtv\u00e1ny sereglett k\u00f6r\u00e9je, \u00e9s hatalmas t\u00f6meg vette k\u00f6r\u00fcl eg\u00e9sz J\u00fade\u00e1b\u00f3l, Jeruzs\u00e1lemb\u0151l, valamint a tiruszi \u00e9s szidoni tengermell\u00e9kr\u0151l.<br \/>\nEkkor tan\u00edtv\u00e1nyaira emelte tekintet\u00e9t, \u00e9s megsz\u00f3lalt:<br \/>\n\u201eBoldogok vagytok, ti, szeg\u00e9nyek, mert ti\u00e9tek az Isten orsz\u00e1ga.<br \/>\nBoldogok vagytok, akik most \u00e9heztek, mert jutalmul b\u0151s\u00e9gben lesz r\u00e9szetek.<br \/>\nBoldogok vagytok, akik most s\u00edrtok, mert s\u00edr\u00e1stok nevet\u00e9sre fordul.<br \/>\nBoldogok vagytok, ha gy\u0171l\u00f6lnek titeket az emberek, kiz\u00e1rnak k\u00f6r\u00fckb\u0151l \u00e9s megr\u00e1galmaznak, s neveteket, mint valami sz\u00e9gyenletes dolgot, emlegetik az Emberfia miatt. \u00d6r\u00fcljetek, ha majd ez bek\u00f6vetkezik, \u00e9s ujjongjatok, mert nagy jutalomban r\u00e9szes\u00fclt\u00f6k a mennyben. Aty\u00e1ik is \u00edgy b\u00e1ntak a pr\u00f3f\u00e9t\u00e1kkal.<br \/>\nDe jaj, nektek, gazdagok, mert m\u00e1r megkapt\u00e1tok vigasztal\u00e1stokat.<br \/>\nJaj nektek, akik most j\u00f3llaktatok, mert \u00e9hezni fogtok.<br \/>\nJaj nektek, akik most nevettek, mert s\u00edrni \u00e9s jajgatni fogtok!<br \/>\nJaj nektek, ha az emberek h\u00edzelegnek nektek! Hisz aty\u00e1ik is \u00edgy tettek a hamis pr\u00f3f\u00e9t\u00e1kkal.\u201d<br \/>\nEzek az evang\u00e9lium ig\u00e9i.<\/p>\n<p><span style=\"color: #008000;\">EGYETEMES K\u00d6NY\u00d6RG\u00c9SEK<\/span><br \/>\nPap: Testv\u00e9reim! J\u00e9zus \u00faj, term\u00e9szetfeletti \u00e9letfelfog\u00e1sra oktatott minket. K\u00e9rj\u00fck seg\u00edts\u00e9g\u00e9t, hogy meg\u00e9rts\u00fck \u00e9s megval\u00f3s\u00edtsuk a t\u0151le kapott tan\u00edt\u00e1st!<br \/>\nLektor: 1. Hogy Isten orsz\u00e1g\u00e1t \u00e9s igazs\u00e1g\u00e1t t\u00f6bbre becs\u00fclj\u00fck minden f\u00f6ldi kincsn\u00e9l!<br \/>\nH\u00edvek: K\u00e9r\u00fcnk T\u00e9ged, hallgass meg minket!<br \/>\n2. Hogy Egyh\u00e1zad tan\u00edtsa \u00e9s mutassa meg a vil\u00e1gnak az evang\u00e9liumi \u00e9let boldogs\u00e1g\u00e1t!<br \/>\nH\u00edvek: K\u00e9r\u00fcnk T\u00e9ged, hallgass meg minket!<br \/>\n3. Hogy a muland\u00f3 \u00e9let javai miatt meg ne feledkezz\u00fcnk az \u00f6r\u00f6k \u00e9rt\u00e9k\u00e9r\u0151l!<br \/>\nH\u00edvek: K\u00e9r\u00fcnk T\u00e9ged, hallgass meg minket!<br \/>\n4. Hogy b\u0171neinket igaz b\u0171nb\u00e1nattal megsirassuk, \u00e9s r\u00e9sz\u00fcnk legyen a Szentl\u00e9lek vigasztal\u00e1s\u00e1ban.<br \/>\nH\u00edvek: K\u00e9r\u00fcnk T\u00e9ged, hallgass meg minket!<br \/>\n5. Hogy J\u00e9zus nev\u00e9\u00e9rt b\u00e9ket\u0171r\u0151 l\u00e9lekkel viselj\u00fck el az \u00e9let k\u00fcl\u00f6nf\u00e9le megpr\u00f3b\u00e1ltat\u00e1sait!<br \/>\nH\u00edvek: K\u00e9r\u00fcnk T\u00e9ged, hallgass meg minket!<br \/>\nPap: Isteni Mester\u00fcnk! Add, hogy sz\u00edv\u00fcnkbe fogadjuk tan\u00edt\u00e1sodat, \u00e9s ne engedd, hogy elkeseredj\u00fcnk \u00e9let\u00fcnk pr\u00f3bat\u00e9telei miatt, hiszen te boldognak hirdetted azokat, akik \u00e1llhatatosan kitartanak az ir\u00e1ntad val\u00f3 h\u0171s\u00e9gben! Aki \u00e9lsz \u00e9s uralkodol, mind\u00f6r\u00f6kk\u00f6n-\u00f6r\u00f6kk\u00e9.<br \/>\nH\u00edvek: \u00c1men.<\/p>\n<p><span style=\"color: #008000;\">Felaj\u00e1nl\u00f3 k\u00f6ny\u00f6rg\u00e9s:<\/span><br \/>\nK\u00e9r\u00fcnk, Isten\u00fcnk, hogy ez az \u00e1ldozati adom\u00e1ny tiszt\u00edtson meg \u00e9s \u00faj\u00edtson meg minket. Legyen \u00f6r\u00f6k jutalom forr\u00e1sa azoknak, akik teljes\u00edtik szent akaratodat. Krisztus, a mi Urunk \u00e1ltal.<\/p>\n<p><span style=\"color: #008000;\">Pref\u00e1ci\u00f3:<\/span><br \/>\nMert val\u00f3ban m\u00e9lt\u00f3 \u00e9s igazs\u00e1gos, ill\u0151 \u00e9s \u00fcdv\u00f6s, hogy mindig \u00e9s minden\u00fctt h\u00e1l\u00e1t adjunk n\u00e9ked, mi Urunk, szents\u00e9ges Aty\u00e1nk, mindenhat\u00f3, \u00f6r\u00f6k Isten:<br \/>\nMert benned \u00e9l\u00fcnk, mozgunk \u00e9s vagyunk, \u00e9s f\u00f6ldi \u00e9let\u00fcnkben nemcsak j\u00f3s\u00e1godat tapasztaljuk napr\u00f3l napra, hanem megkaptuk T\u0151led az \u00f6r\u00f6k \u00e9let z\u00e1log\u00e1t.<br \/>\nA Szentl\u00e9lek ugyanis, aki \u00e9letre keltette a hal\u00e1lb\u00f3l J\u00e9zust, m\u00e1r elkezdte isteni m\u0171k\u00f6d\u00e9s\u00e9t lelk\u00fcnkben, \u00edgy rem\u00e9lj\u00fck, hogy a h\u00fasv\u00e9t szent titk\u00e1ban \u00e1lland\u00f3an r\u00e9szes\u00edt minket.<br \/>\n\u00c9s ez\u00e9rt mi is dics\u0151\u00edt\u00fcnk az \u00f6sszes angyalokkal egy\u00fctt, vid\u00e1m l\u00e9lekkel \u00e9nekl\u00fcnk, \u00e9s h\u00e1l\u00e1s sz\u00edvvel zengj\u00fck:<\/p>\n<p><span style=\"color: #008000;\">\u00c1ldoz\u00e1si \u00e9nek:<\/span><br \/>\nEttek, \u00e9s elteltek b\u0151s\u00e9gesen, \u00e9s k\u00edv\u00e1ns\u00e1gukat bet\u00f6lt\u00f6tte az \u00dar; \u00e9s nem csalatkoztak k\u00edv\u00e1ns\u00e1gukban. (V\u00f6. Zsolt 77,29-30)<br \/>\n<span style=\"color: #008000;\"><em>Vagy<\/em><\/span><br \/>\n\u00dagy szerette Isten a vil\u00e1got, hogy egysz\u00fcl\u00f6tt Fi\u00e1t adta, hogy mindaz, aki hisz \u0151benne, el ne vesszen, hanem \u00f6r\u00f6k \u00e9lete legyen. (Jn 3,16)<\/p>\n<p><span style=\"color: #008000;\">\u00c1ldoz\u00e1s ut\u00e1ni k\u00f6ny\u00f6rg\u00e9s:<\/span><br \/>\nMennyei keny\u00e9rrel \u00f6rvendeztett\u00e9l meg minket, Urunk, Isten\u00fcnk. Add, hogy mindig olyan eledelre v\u00e1gyakozzunk, amely az igaz \u00e9letet t\u00e1pl\u00e1lja benn\u00fcnk. Krisztus, a mi Urunk \u00e1ltal.<\/p>\n<p><em>(K\u00e9p forr\u00e1sa: Pixabay)<\/em><\/p>\n","protected":false},"excerpt":{"rendered":"<p>A szentmise els\u0151 k\u00f6ny\u00f6rg\u00e9se az \u0151szinte \u00e9s tiszta sz\u00edv fontoss\u00e1g\u00e1t emeli ki. Hiszen Isten\u00fcnk az ilyen sz\u00edvekben akar lak\u00e1st venni. Egyben ez a foh\u00e1sz felfoghat\u00f3, mint \u00e1lland\u00f3 biztat\u00e1s is. \u0150szint\u00e9n \u00e9s tiszta sz\u00edvvel \u00e9lni, ez az igazi boldogs\u00e1g. Ehhez k\u00e9rj\u00fck az \u0150 seg\u00edts\u00e9g\u00e9t, melyet \u00fagy \u00e9rhet\u00fcnk el, hogy \u00e1tadjuk \u00e9let\u00fcnket, hagyjuk, hogy ir\u00e1ny\u00edtson \u00e9s alak\u00edtson is egyben. Az olvasm\u00e1ny \u00e9rdekes m\u00f3d ellent\u00e9tp\u00e1rral dolgozik: \u00c1tkozott az az ember, aki emberben b\u00edzik. \u00c1ldott az az ember, aki az \u00darban b\u00edzik. Nyilv\u00e1nval\u00f3, az olvasm\u00e1ny \u00e1ll\u00e1sfoglal\u00e1sra k\u00e9nyszer\u00edt. Kiben b\u00edzom?\u00a0 Szent P\u00e1l apostol a felt\u00e1mad\u00e1s hit\u00e9nek fontoss\u00e1g\u00e1t \u00e9s \u00e9let\u00fcnkre gyakorolt hat\u00e1s\u00e1t emeli ki. &#8222;Quid hoc ad aeternitatem?&#8221; &#8211; &#8222;Mi ez az \u00f6r\u00f6kk\u00e9val\u00f3s\u00e1ghoz k\u00e9pest?&#8221; &#8211; ez adott er\u0151t v\u00e9rtanuinknak, hiteles kereszt\u00e9ny testv\u00e9reinknek \u00e9let\u00fck neh\u00e9zs\u00e9gei \u00e9s igazs\u00e1gtalans\u00e1gai elvisel\u00e9s\u00e9hez. \u00c9let\u00fcnkben mindent az \u00f6r\u00f6kk\u00e9val\u00f3s\u00e1g f\u00e9ny\u00e9ben tekinteni. Ez egy hossz\u00fa tanul\u00e1si folyamat sz\u00e1momra. Amennyiben siker\u00fcl ennek \u00fatj\u00e1ra l\u00e9pnem, jutalmam a lelkiismeret szabads\u00e1ga \u00e9s boldogs\u00e1ga. Ez pedig megfizethetetlen! Az olvasm\u00e1nyhoz hasonl\u00f3an az evang\u00e9liumi r\u00e9sz is ellent\u00e9tp\u00e1rral dolgozik. Boldogok vagytok&#8230; De jaj nektek,&#8230; Mindannyiunk v\u00e1gya boldognak lenni, ebben az \u00e9rz\u00e9sben megmaradni, m\u00e9ghozz\u00e1 tart\u00f3san. Felt\u00e9tele is van az egy\u00e9ni boldogs\u00e1gnak. Ez sokkal ink\u00e1bb akarat \u00e9s elhat\u00e1roz\u00e1s k\u00e9rd\u00e9se, kev\u00e9sb\u00e9 \u00e9rzelem.\u00a0 Kezd\u0151\u00e9nek: L\u00e9gy nekem oltalmaz\u00f3 Istenem \u00e9s mened\u00e9kh\u00e1zam, hogy megszabad\u00edts engem: mert er\u0151ss\u00e9gem \u00e9s mened\u00e9kem vagy te, neved\u00e9rt vez\u00e9relsz engem, \u00e9s gondomat viseled. (V\u00f6. Zsolt 30,3-4) K\u00f6ny\u00f6rg\u00e9s: Isten\u00fcnk, tan\u00edt\u00e1sodb\u00f3l tudjuk, hogy az \u0151szinte \u00e9s tiszta sz\u00edvekben akarsz \u00e9lni. K\u00e9r\u00fcnk, alak\u00edts \u00e1t minket kegyelmeddel, hogy m\u00e9lt\u00f3 hajl\u00e9kod legy\u00fcnk. A mi Urunk, J\u00e9zus Krisztus, a te Fiad \u00e1ltal, aki veled \u00e9l \u00e9s uralkodik a Szentl\u00e9lekkel egys\u00e9gben, Isten mind\u00f6r\u00f6kk\u00f6n \u00f6r\u00f6kk\u00e9. OLVASM\u00c1NY Jeremi\u00e1s pr\u00f3f\u00e9ta k\u00f6nyv\u00e9b\u0151l (Jer 17,5-8) A pr\u00f3f\u00e9ta figyelmezteti Joj\u00e1kim kir\u00e1lyt, hogy ne az emberekbe, hanem az Istenbe vesse bizalm\u00e1t. Ezt mondja az \u00dar: \u00c1tkozott az az ember, aki emberben b\u00edzik, aki haland\u00f3ra t\u00e1maszkodik, \u00e9s akinek sz\u00edve elfordul az \u00dart\u00f3l. Olyan lesz, mint a cserje a puszt\u00e1ban: semmi&#8230; <\/p>\n<p><a class=\"readmore\" href=\"https:\/\/stuttgarti-katolikusok.de\/index.php\/evkozi-6-vasarnap-4\/\">R\u00e9szletek<\/a><\/p>\n","protected":false},"author":3,"featured_media":22956,"comment_status":"closed","ping_status":"closed","sticky":false,"template":"","format":"standard","meta":{"footnotes":""},"categories":[85,63],"tags":[],"class_list":["post-30482","post","type-post","status-publish","format-standard","has-post-thumbnail","hentry","category-a-liturgia-olvasmanyai","category-vasarnapi-gondolatok"],"yoast_head":"<!-- This site is optimized with the Yoast SEO plugin v27.3 - https:\/\/yoast.com\/product\/yoast-seo-wordpress\/ -->\n<title>\u00c9vk\u00f6zi 6. vas\u00e1rnap - Stuttgarti Katolikusok<\/title>\n<meta name=\"robots\" content=\"index, follow, max-snippet:-1, max-image-preview:large, max-video-preview:-1\" \/>\n<link rel=\"canonical\" href=\"https:\/\/stuttgarti-katolikusok.de\/index.php\/evkozi-6-vasarnap-4\/\" \/>\n<meta property=\"og:locale\" content=\"hu_HU\" \/>\n<meta property=\"og:type\" content=\"article\" \/>\n<meta property=\"og:title\" content=\"\u00c9vk\u00f6zi 6. vas\u00e1rnap - Stuttgarti Katolikusok\" \/>\n<meta property=\"og:description\" content=\"A szentmise els\u0151 k\u00f6ny\u00f6rg\u00e9se az \u0151szinte \u00e9s tiszta sz\u00edv fontoss\u00e1g\u00e1t emeli ki. Hiszen Isten\u00fcnk az ilyen sz\u00edvekben akar lak\u00e1st venni. Egyben ez a foh\u00e1sz felfoghat\u00f3, mint \u00e1lland\u00f3 biztat\u00e1s is. \u0150szint\u00e9n \u00e9s tiszta sz\u00edvvel \u00e9lni, ez az igazi boldogs\u00e1g. Ehhez k\u00e9rj\u00fck az \u0150 seg\u00edts\u00e9g\u00e9t, melyet \u00fagy \u00e9rhet\u00fcnk el, hogy \u00e1tadjuk \u00e9let\u00fcnket, hagyjuk, hogy ir\u00e1ny\u00edtson \u00e9s alak\u00edtson is egyben. Az olvasm\u00e1ny \u00e9rdekes m\u00f3d ellent\u00e9tp\u00e1rral dolgozik: \u00c1tkozott az az ember, aki emberben b\u00edzik. \u00c1ldott az az ember, aki az \u00darban b\u00edzik. Nyilv\u00e1nval\u00f3, az olvasm\u00e1ny \u00e1ll\u00e1sfoglal\u00e1sra k\u00e9nyszer\u00edt. Kiben b\u00edzom?\u00a0 Szent P\u00e1l apostol a felt\u00e1mad\u00e1s hit\u00e9nek fontoss\u00e1g\u00e1t \u00e9s \u00e9let\u00fcnkre gyakorolt hat\u00e1s\u00e1t emeli ki. &#8222;Quid hoc ad aeternitatem?&#8221; &#8211; &#8222;Mi ez az \u00f6r\u00f6kk\u00e9val\u00f3s\u00e1ghoz k\u00e9pest?&#8221; &#8211; ez adott er\u0151t v\u00e9rtanuinknak, hiteles kereszt\u00e9ny testv\u00e9reinknek \u00e9let\u00fck neh\u00e9zs\u00e9gei \u00e9s igazs\u00e1gtalans\u00e1gai elvisel\u00e9s\u00e9hez. \u00c9let\u00fcnkben mindent az \u00f6r\u00f6kk\u00e9val\u00f3s\u00e1g f\u00e9ny\u00e9ben tekinteni. Ez egy hossz\u00fa tanul\u00e1si folyamat sz\u00e1momra. Amennyiben siker\u00fcl ennek \u00fatj\u00e1ra l\u00e9pnem, jutalmam a lelkiismeret szabads\u00e1ga \u00e9s boldogs\u00e1ga. Ez pedig megfizethetetlen! Az olvasm\u00e1nyhoz hasonl\u00f3an az evang\u00e9liumi r\u00e9sz is ellent\u00e9tp\u00e1rral dolgozik. Boldogok vagytok&#8230; De jaj nektek,&#8230; Mindannyiunk v\u00e1gya boldognak lenni, ebben az \u00e9rz\u00e9sben megmaradni, m\u00e9ghozz\u00e1 tart\u00f3san. Felt\u00e9tele is van az egy\u00e9ni boldogs\u00e1gnak. Ez sokkal ink\u00e1bb akarat \u00e9s elhat\u00e1roz\u00e1s k\u00e9rd\u00e9se, kev\u00e9sb\u00e9 \u00e9rzelem.\u00a0 Kezd\u0151\u00e9nek: L\u00e9gy nekem oltalmaz\u00f3 Istenem \u00e9s mened\u00e9kh\u00e1zam, hogy megszabad\u00edts engem: mert er\u0151ss\u00e9gem \u00e9s mened\u00e9kem vagy te, neved\u00e9rt vez\u00e9relsz engem, \u00e9s gondomat viseled. (V\u00f6. Zsolt 30,3-4) K\u00f6ny\u00f6rg\u00e9s: Isten\u00fcnk, tan\u00edt\u00e1sodb\u00f3l tudjuk, hogy az \u0151szinte \u00e9s tiszta sz\u00edvekben akarsz \u00e9lni. K\u00e9r\u00fcnk, alak\u00edts \u00e1t minket kegyelmeddel, hogy m\u00e9lt\u00f3 hajl\u00e9kod legy\u00fcnk. A mi Urunk, J\u00e9zus Krisztus, a te Fiad \u00e1ltal, aki veled \u00e9l \u00e9s uralkodik a Szentl\u00e9lekkel egys\u00e9gben, Isten mind\u00f6r\u00f6kk\u00f6n \u00f6r\u00f6kk\u00e9. OLVASM\u00c1NY Jeremi\u00e1s pr\u00f3f\u00e9ta k\u00f6nyv\u00e9b\u0151l (Jer 17,5-8) A pr\u00f3f\u00e9ta figyelmezteti Joj\u00e1kim kir\u00e1lyt, hogy ne az emberekbe, hanem az Istenbe vesse bizalm\u00e1t. Ezt mondja az \u00dar: \u00c1tkozott az az ember, aki emberben b\u00edzik, aki haland\u00f3ra t\u00e1maszkodik, \u00e9s akinek sz\u00edve elfordul az \u00dart\u00f3l. Olyan lesz, mint a cserje a puszt\u00e1ban: semmi... R\u00e9szletek\" \/>\n<meta property=\"og:url\" content=\"https:\/\/stuttgarti-katolikusok.de\/index.php\/evkozi-6-vasarnap-4\/\" \/>\n<meta property=\"og:site_name\" content=\"Stuttgarti Katolikusok\" \/>\n<meta property=\"article:published_time\" content=\"2025-02-15T00:06:04+00:00\" \/>\n<meta property=\"article:modified_time\" content=\"2025-03-25T22:38:10+00:00\" \/>\n<meta property=\"og:image\" content=\"https:\/\/stuttgarti-katolikusok.de\/wp-content\/uploads\/2022\/02\/kovek-es-teglak.jpg\" \/>\n\t<meta property=\"og:image:width\" content=\"1280\" \/>\n\t<meta property=\"og:image:height\" content=\"853\" \/>\n\t<meta property=\"og:image:type\" content=\"image\/jpeg\" \/>\n<meta name=\"author\" content=\"Tibor atya\" \/>\n<meta name=\"twitter:card\" content=\"summary_large_image\" \/>\n<meta name=\"twitter:label1\" content=\"Szerz\u0151:\" \/>\n\t<meta name=\"twitter:data1\" content=\"Tibor atya\" \/>\n\t<meta name=\"twitter:label2\" content=\"Becs\u00fclt olvas\u00e1si id\u0151\" \/>\n\t<meta name=\"twitter:data2\" content=\"7 perc\" \/>\n<script type=\"application\/ld+json\" class=\"yoast-schema-graph\">{\"@context\":\"https:\\\/\\\/schema.org\",\"@graph\":[{\"@type\":\"Article\",\"@id\":\"https:\\\/\\\/stuttgarti-katolikusok.de\\\/index.php\\\/evkozi-6-vasarnap-4\\\/#article\",\"isPartOf\":{\"@id\":\"https:\\\/\\\/stuttgarti-katolikusok.de\\\/index.php\\\/evkozi-6-vasarnap-4\\\/\"},\"author\":{\"name\":\"Tibor atya\",\"@id\":\"https:\\\/\\\/stuttgarti-katolikusok.de\\\/#\\\/schema\\\/person\\\/75908d6f8fdc03a57889d27209df7795\"},\"headline\":\"\u00c9vk\u00f6zi 6. vas\u00e1rnap\",\"datePublished\":\"2025-02-15T00:06:04+00:00\",\"dateModified\":\"2025-03-25T22:38:10+00:00\",\"mainEntityOfPage\":{\"@id\":\"https:\\\/\\\/stuttgarti-katolikusok.de\\\/index.php\\\/evkozi-6-vasarnap-4\\\/\"},\"wordCount\":1624,\"image\":{\"@id\":\"https:\\\/\\\/stuttgarti-katolikusok.de\\\/index.php\\\/evkozi-6-vasarnap-4\\\/#primaryimage\"},\"thumbnailUrl\":\"https:\\\/\\\/stuttgarti-katolikusok.de\\\/wp-content\\\/uploads\\\/2022\\\/02\\\/kovek-es-teglak.jpg\",\"articleSection\":[\"A liturgia olvasm\u00e1nyai\",\"Vas\u00e1rnapi gondolatok\"],\"inLanguage\":\"hu\"},{\"@type\":\"WebPage\",\"@id\":\"https:\\\/\\\/stuttgarti-katolikusok.de\\\/index.php\\\/evkozi-6-vasarnap-4\\\/\",\"url\":\"https:\\\/\\\/stuttgarti-katolikusok.de\\\/index.php\\\/evkozi-6-vasarnap-4\\\/\",\"name\":\"\u00c9vk\u00f6zi 6. vas\u00e1rnap - Stuttgarti Katolikusok\",\"isPartOf\":{\"@id\":\"https:\\\/\\\/stuttgarti-katolikusok.de\\\/#website\"},\"primaryImageOfPage\":{\"@id\":\"https:\\\/\\\/stuttgarti-katolikusok.de\\\/index.php\\\/evkozi-6-vasarnap-4\\\/#primaryimage\"},\"image\":{\"@id\":\"https:\\\/\\\/stuttgarti-katolikusok.de\\\/index.php\\\/evkozi-6-vasarnap-4\\\/#primaryimage\"},\"thumbnailUrl\":\"https:\\\/\\\/stuttgarti-katolikusok.de\\\/wp-content\\\/uploads\\\/2022\\\/02\\\/kovek-es-teglak.jpg\",\"datePublished\":\"2025-02-15T00:06:04+00:00\",\"dateModified\":\"2025-03-25T22:38:10+00:00\",\"author\":{\"@id\":\"https:\\\/\\\/stuttgarti-katolikusok.de\\\/#\\\/schema\\\/person\\\/75908d6f8fdc03a57889d27209df7795\"},\"breadcrumb\":{\"@id\":\"https:\\\/\\\/stuttgarti-katolikusok.de\\\/index.php\\\/evkozi-6-vasarnap-4\\\/#breadcrumb\"},\"inLanguage\":\"hu\",\"potentialAction\":[{\"@type\":\"ReadAction\",\"target\":[\"https:\\\/\\\/stuttgarti-katolikusok.de\\\/index.php\\\/evkozi-6-vasarnap-4\\\/\"]}]},{\"@type\":\"ImageObject\",\"inLanguage\":\"hu\",\"@id\":\"https:\\\/\\\/stuttgarti-katolikusok.de\\\/index.php\\\/evkozi-6-vasarnap-4\\\/#primaryimage\",\"url\":\"https:\\\/\\\/stuttgarti-katolikusok.de\\\/wp-content\\\/uploads\\\/2022\\\/02\\\/kovek-es-teglak.jpg\",\"contentUrl\":\"https:\\\/\\\/stuttgarti-katolikusok.de\\\/wp-content\\\/uploads\\\/2022\\\/02\\\/kovek-es-teglak.jpg\",\"width\":1280,\"height\":853},{\"@type\":\"BreadcrumbList\",\"@id\":\"https:\\\/\\\/stuttgarti-katolikusok.de\\\/index.php\\\/evkozi-6-vasarnap-4\\\/#breadcrumb\",\"itemListElement\":[{\"@type\":\"ListItem\",\"position\":1,\"name\":\"Kezd\u0151lap\",\"item\":\"https:\\\/\\\/stuttgarti-katolikusok.de\\\/\"},{\"@type\":\"ListItem\",\"position\":2,\"name\":\"\u00c9vk\u00f6zi 6. vas\u00e1rnap\"}]},{\"@type\":\"WebSite\",\"@id\":\"https:\\\/\\\/stuttgarti-katolikusok.de\\\/#website\",\"url\":\"https:\\\/\\\/stuttgarti-katolikusok.de\\\/\",\"name\":\"Stuttgarti Katolikusok\",\"description\":\"\",\"potentialAction\":[{\"@type\":\"SearchAction\",\"target\":{\"@type\":\"EntryPoint\",\"urlTemplate\":\"https:\\\/\\\/stuttgarti-katolikusok.de\\\/?s={search_term_string}\"},\"query-input\":{\"@type\":\"PropertyValueSpecification\",\"valueRequired\":true,\"valueName\":\"search_term_string\"}}],\"inLanguage\":\"hu\"},{\"@type\":\"Person\",\"@id\":\"https:\\\/\\\/stuttgarti-katolikusok.de\\\/#\\\/schema\\\/person\\\/75908d6f8fdc03a57889d27209df7795\",\"name\":\"Tibor atya\",\"image\":{\"@type\":\"ImageObject\",\"inLanguage\":\"hu\",\"@id\":\"https:\\\/\\\/secure.gravatar.com\\\/avatar\\\/61d268e57d1f4525b111222e29d2d5a7f8c420fdbf231ba5566a8ceac74fa960?s=96&d=mm&r=g\",\"url\":\"https:\\\/\\\/secure.gravatar.com\\\/avatar\\\/61d268e57d1f4525b111222e29d2d5a7f8c420fdbf231ba5566a8ceac74fa960?s=96&d=mm&r=g\",\"contentUrl\":\"https:\\\/\\\/secure.gravatar.com\\\/avatar\\\/61d268e57d1f4525b111222e29d2d5a7f8c420fdbf231ba5566a8ceac74fa960?s=96&d=mm&r=g\",\"caption\":\"Tibor atya\"},\"url\":\"https:\\\/\\\/stuttgarti-katolikusok.de\\\/index.php\\\/author\\\/tibor-atya\\\/\"}]}<\/script>\n<!-- \/ Yoast SEO plugin. -->","yoast_head_json":{"title":"\u00c9vk\u00f6zi 6. vas\u00e1rnap - Stuttgarti Katolikusok","robots":{"index":"index","follow":"follow","max-snippet":"max-snippet:-1","max-image-preview":"max-image-preview:large","max-video-preview":"max-video-preview:-1"},"canonical":"https:\/\/stuttgarti-katolikusok.de\/index.php\/evkozi-6-vasarnap-4\/","og_locale":"hu_HU","og_type":"article","og_title":"\u00c9vk\u00f6zi 6. vas\u00e1rnap - Stuttgarti Katolikusok","og_description":"A szentmise els\u0151 k\u00f6ny\u00f6rg\u00e9se az \u0151szinte \u00e9s tiszta sz\u00edv fontoss\u00e1g\u00e1t emeli ki. Hiszen Isten\u00fcnk az ilyen sz\u00edvekben akar lak\u00e1st venni. Egyben ez a foh\u00e1sz felfoghat\u00f3, mint \u00e1lland\u00f3 biztat\u00e1s is. \u0150szint\u00e9n \u00e9s tiszta sz\u00edvvel \u00e9lni, ez az igazi boldogs\u00e1g. Ehhez k\u00e9rj\u00fck az \u0150 seg\u00edts\u00e9g\u00e9t, melyet \u00fagy \u00e9rhet\u00fcnk el, hogy \u00e1tadjuk \u00e9let\u00fcnket, hagyjuk, hogy ir\u00e1ny\u00edtson \u00e9s alak\u00edtson is egyben. Az olvasm\u00e1ny \u00e9rdekes m\u00f3d ellent\u00e9tp\u00e1rral dolgozik: \u00c1tkozott az az ember, aki emberben b\u00edzik. \u00c1ldott az az ember, aki az \u00darban b\u00edzik. Nyilv\u00e1nval\u00f3, az olvasm\u00e1ny \u00e1ll\u00e1sfoglal\u00e1sra k\u00e9nyszer\u00edt. Kiben b\u00edzom?\u00a0 Szent P\u00e1l apostol a felt\u00e1mad\u00e1s hit\u00e9nek fontoss\u00e1g\u00e1t \u00e9s \u00e9let\u00fcnkre gyakorolt hat\u00e1s\u00e1t emeli ki. &#8222;Quid hoc ad aeternitatem?&#8221; &#8211; &#8222;Mi ez az \u00f6r\u00f6kk\u00e9val\u00f3s\u00e1ghoz k\u00e9pest?&#8221; &#8211; ez adott er\u0151t v\u00e9rtanuinknak, hiteles kereszt\u00e9ny testv\u00e9reinknek \u00e9let\u00fck neh\u00e9zs\u00e9gei \u00e9s igazs\u00e1gtalans\u00e1gai elvisel\u00e9s\u00e9hez. \u00c9let\u00fcnkben mindent az \u00f6r\u00f6kk\u00e9val\u00f3s\u00e1g f\u00e9ny\u00e9ben tekinteni. Ez egy hossz\u00fa tanul\u00e1si folyamat sz\u00e1momra. Amennyiben siker\u00fcl ennek \u00fatj\u00e1ra l\u00e9pnem, jutalmam a lelkiismeret szabads\u00e1ga \u00e9s boldogs\u00e1ga. Ez pedig megfizethetetlen! Az olvasm\u00e1nyhoz hasonl\u00f3an az evang\u00e9liumi r\u00e9sz is ellent\u00e9tp\u00e1rral dolgozik. Boldogok vagytok&#8230; De jaj nektek,&#8230; Mindannyiunk v\u00e1gya boldognak lenni, ebben az \u00e9rz\u00e9sben megmaradni, m\u00e9ghozz\u00e1 tart\u00f3san. Felt\u00e9tele is van az egy\u00e9ni boldogs\u00e1gnak. Ez sokkal ink\u00e1bb akarat \u00e9s elhat\u00e1roz\u00e1s k\u00e9rd\u00e9se, kev\u00e9sb\u00e9 \u00e9rzelem.\u00a0 Kezd\u0151\u00e9nek: L\u00e9gy nekem oltalmaz\u00f3 Istenem \u00e9s mened\u00e9kh\u00e1zam, hogy megszabad\u00edts engem: mert er\u0151ss\u00e9gem \u00e9s mened\u00e9kem vagy te, neved\u00e9rt vez\u00e9relsz engem, \u00e9s gondomat viseled. (V\u00f6. Zsolt 30,3-4) K\u00f6ny\u00f6rg\u00e9s: Isten\u00fcnk, tan\u00edt\u00e1sodb\u00f3l tudjuk, hogy az \u0151szinte \u00e9s tiszta sz\u00edvekben akarsz \u00e9lni. K\u00e9r\u00fcnk, alak\u00edts \u00e1t minket kegyelmeddel, hogy m\u00e9lt\u00f3 hajl\u00e9kod legy\u00fcnk. A mi Urunk, J\u00e9zus Krisztus, a te Fiad \u00e1ltal, aki veled \u00e9l \u00e9s uralkodik a Szentl\u00e9lekkel egys\u00e9gben, Isten mind\u00f6r\u00f6kk\u00f6n \u00f6r\u00f6kk\u00e9. OLVASM\u00c1NY Jeremi\u00e1s pr\u00f3f\u00e9ta k\u00f6nyv\u00e9b\u0151l (Jer 17,5-8) A pr\u00f3f\u00e9ta figyelmezteti Joj\u00e1kim kir\u00e1lyt, hogy ne az emberekbe, hanem az Istenbe vesse bizalm\u00e1t. Ezt mondja az \u00dar: \u00c1tkozott az az ember, aki emberben b\u00edzik, aki haland\u00f3ra t\u00e1maszkodik, \u00e9s akinek sz\u00edve elfordul az \u00dart\u00f3l. Olyan lesz, mint a cserje a puszt\u00e1ban: semmi... R\u00e9szletek","og_url":"https:\/\/stuttgarti-katolikusok.de\/index.php\/evkozi-6-vasarnap-4\/","og_site_name":"Stuttgarti Katolikusok","article_published_time":"2025-02-15T00:06:04+00:00","article_modified_time":"2025-03-25T22:38:10+00:00","og_image":[{"width":1280,"height":853,"url":"https:\/\/stuttgarti-katolikusok.de\/wp-content\/uploads\/2022\/02\/kovek-es-teglak.jpg","type":"image\/jpeg"}],"author":"Tibor atya","twitter_card":"summary_large_image","twitter_misc":{"Szerz\u0151:":"Tibor atya","Becs\u00fclt olvas\u00e1si id\u0151":"7 perc"},"schema":{"@context":"https:\/\/schema.org","@graph":[{"@type":"Article","@id":"https:\/\/stuttgarti-katolikusok.de\/index.php\/evkozi-6-vasarnap-4\/#article","isPartOf":{"@id":"https:\/\/stuttgarti-katolikusok.de\/index.php\/evkozi-6-vasarnap-4\/"},"author":{"name":"Tibor atya","@id":"https:\/\/stuttgarti-katolikusok.de\/#\/schema\/person\/75908d6f8fdc03a57889d27209df7795"},"headline":"\u00c9vk\u00f6zi 6. vas\u00e1rnap","datePublished":"2025-02-15T00:06:04+00:00","dateModified":"2025-03-25T22:38:10+00:00","mainEntityOfPage":{"@id":"https:\/\/stuttgarti-katolikusok.de\/index.php\/evkozi-6-vasarnap-4\/"},"wordCount":1624,"image":{"@id":"https:\/\/stuttgarti-katolikusok.de\/index.php\/evkozi-6-vasarnap-4\/#primaryimage"},"thumbnailUrl":"https:\/\/stuttgarti-katolikusok.de\/wp-content\/uploads\/2022\/02\/kovek-es-teglak.jpg","articleSection":["A liturgia olvasm\u00e1nyai","Vas\u00e1rnapi gondolatok"],"inLanguage":"hu"},{"@type":"WebPage","@id":"https:\/\/stuttgarti-katolikusok.de\/index.php\/evkozi-6-vasarnap-4\/","url":"https:\/\/stuttgarti-katolikusok.de\/index.php\/evkozi-6-vasarnap-4\/","name":"\u00c9vk\u00f6zi 6. vas\u00e1rnap - Stuttgarti Katolikusok","isPartOf":{"@id":"https:\/\/stuttgarti-katolikusok.de\/#website"},"primaryImageOfPage":{"@id":"https:\/\/stuttgarti-katolikusok.de\/index.php\/evkozi-6-vasarnap-4\/#primaryimage"},"image":{"@id":"https:\/\/stuttgarti-katolikusok.de\/index.php\/evkozi-6-vasarnap-4\/#primaryimage"},"thumbnailUrl":"https:\/\/stuttgarti-katolikusok.de\/wp-content\/uploads\/2022\/02\/kovek-es-teglak.jpg","datePublished":"2025-02-15T00:06:04+00:00","dateModified":"2025-03-25T22:38:10+00:00","author":{"@id":"https:\/\/stuttgarti-katolikusok.de\/#\/schema\/person\/75908d6f8fdc03a57889d27209df7795"},"breadcrumb":{"@id":"https:\/\/stuttgarti-katolikusok.de\/index.php\/evkozi-6-vasarnap-4\/#breadcrumb"},"inLanguage":"hu","potentialAction":[{"@type":"ReadAction","target":["https:\/\/stuttgarti-katolikusok.de\/index.php\/evkozi-6-vasarnap-4\/"]}]},{"@type":"ImageObject","inLanguage":"hu","@id":"https:\/\/stuttgarti-katolikusok.de\/index.php\/evkozi-6-vasarnap-4\/#primaryimage","url":"https:\/\/stuttgarti-katolikusok.de\/wp-content\/uploads\/2022\/02\/kovek-es-teglak.jpg","contentUrl":"https:\/\/stuttgarti-katolikusok.de\/wp-content\/uploads\/2022\/02\/kovek-es-teglak.jpg","width":1280,"height":853},{"@type":"BreadcrumbList","@id":"https:\/\/stuttgarti-katolikusok.de\/index.php\/evkozi-6-vasarnap-4\/#breadcrumb","itemListElement":[{"@type":"ListItem","position":1,"name":"Kezd\u0151lap","item":"https:\/\/stuttgarti-katolikusok.de\/"},{"@type":"ListItem","position":2,"name":"\u00c9vk\u00f6zi 6. vas\u00e1rnap"}]},{"@type":"WebSite","@id":"https:\/\/stuttgarti-katolikusok.de\/#website","url":"https:\/\/stuttgarti-katolikusok.de\/","name":"Stuttgarti Katolikusok","description":"","potentialAction":[{"@type":"SearchAction","target":{"@type":"EntryPoint","urlTemplate":"https:\/\/stuttgarti-katolikusok.de\/?s={search_term_string}"},"query-input":{"@type":"PropertyValueSpecification","valueRequired":true,"valueName":"search_term_string"}}],"inLanguage":"hu"},{"@type":"Person","@id":"https:\/\/stuttgarti-katolikusok.de\/#\/schema\/person\/75908d6f8fdc03a57889d27209df7795","name":"Tibor atya","image":{"@type":"ImageObject","inLanguage":"hu","@id":"https:\/\/secure.gravatar.com\/avatar\/61d268e57d1f4525b111222e29d2d5a7f8c420fdbf231ba5566a8ceac74fa960?s=96&d=mm&r=g","url":"https:\/\/secure.gravatar.com\/avatar\/61d268e57d1f4525b111222e29d2d5a7f8c420fdbf231ba5566a8ceac74fa960?s=96&d=mm&r=g","contentUrl":"https:\/\/secure.gravatar.com\/avatar\/61d268e57d1f4525b111222e29d2d5a7f8c420fdbf231ba5566a8ceac74fa960?s=96&d=mm&r=g","caption":"Tibor atya"},"url":"https:\/\/stuttgarti-katolikusok.de\/index.php\/author\/tibor-atya\/"}]}},"_links":{"self":[{"href":"https:\/\/stuttgarti-katolikusok.de\/index.php\/wp-json\/wp\/v2\/posts\/30482","targetHints":{"allow":["GET"]}}],"collection":[{"href":"https:\/\/stuttgarti-katolikusok.de\/index.php\/wp-json\/wp\/v2\/posts"}],"about":[{"href":"https:\/\/stuttgarti-katolikusok.de\/index.php\/wp-json\/wp\/v2\/types\/post"}],"author":[{"embeddable":true,"href":"https:\/\/stuttgarti-katolikusok.de\/index.php\/wp-json\/wp\/v2\/users\/3"}],"replies":[{"embeddable":true,"href":"https:\/\/stuttgarti-katolikusok.de\/index.php\/wp-json\/wp\/v2\/comments?post=30482"}],"version-history":[{"count":2,"href":"https:\/\/stuttgarti-katolikusok.de\/index.php\/wp-json\/wp\/v2\/posts\/30482\/revisions"}],"predecessor-version":[{"id":30486,"href":"https:\/\/stuttgarti-katolikusok.de\/index.php\/wp-json\/wp\/v2\/posts\/30482\/revisions\/30486"}],"wp:featuredmedia":[{"embeddable":true,"href":"https:\/\/stuttgarti-katolikusok.de\/index.php\/wp-json\/wp\/v2\/media\/22956"}],"wp:attachment":[{"href":"https:\/\/stuttgarti-katolikusok.de\/index.php\/wp-json\/wp\/v2\/media?parent=30482"}],"wp:term":[{"taxonomy":"category","embeddable":true,"href":"https:\/\/stuttgarti-katolikusok.de\/index.php\/wp-json\/wp\/v2\/categories?post=30482"},{"taxonomy":"post_tag","embeddable":true,"href":"https:\/\/stuttgarti-katolikusok.de\/index.php\/wp-json\/wp\/v2\/tags?post=30482"}],"curies":[{"name":"wp","href":"https:\/\/api.w.org\/{rel}","templated":true}]}}