{"id":30296,"date":"2025-02-10T21:16:19","date_gmt":"2025-02-10T20:16:19","guid":{"rendered":"https:\/\/stuttgarti-katolikusok.de\/?p=30296"},"modified":"2025-02-10T21:17:44","modified_gmt":"2025-02-10T20:17:44","slug":"2025-februar-10-es-16-kozott","status":"publish","type":"post","link":"https:\/\/stuttgarti-katolikusok.de\/index.php\/2025-februar-10-es-16-kozott\/","title":{"rendered":"2025. FEBRU\u00c1R 10 \u00c9S 16 K\u00d6Z\u00d6TT"},"content":{"rendered":"<p><span style=\"color: #008000;\"><strong>Programel\u0151zetes<\/strong><\/span><\/p>\n<p style=\"text-align: center;\"><span style=\"color: #008000;\"><strong><em>*<\/em><\/strong><\/span><\/p>\n<p><strong>Febru\u00e1r 14-\u00e9n, <\/strong>p\u00e9nteken<em>, <\/em><strong><em>Stuttgarti d\u00e9lut\u00e1n, <\/em><\/strong>18.00 \u00f3rakor<em> szentmise, <\/em>el\u0151tte<em> r\u00f3zsaf\u00fcz\u00e9rt im\u00e1dkozunk. <\/em>Szentmise keret\u00e9ben <em>Besz\u00e9lget\u00e9sek a katekizmusr\u00f3l.<\/em><\/p>\n<p style=\"text-align: center;\"><span style=\"color: #008000;\"><strong><em>*<\/em><\/strong><\/span><\/p>\n<p><strong>Febru\u00e1r 15-\u00e9n<\/strong>, szombaton<em>,<\/em><strong> Heidenheimban <\/strong>15.30 \u00f3rakor<em> szentmise.<\/em><\/p>\n<p><em><strong>A szentmise helye:<\/strong><\/em><span style=\"color: #ff6600;\"> \u00d6kumenisches Gemeindezentrum Mittelrain \u2013 <strong>\u00d6GZ <\/strong>&#8211; <a style=\"color: #ff6600;\" href=\"https:\/\/www.google.com\/maps\/place\/data=!4m2!3m1!1s0x4799165fa7b72ecf:0x517d152ff8306525?sa=X&amp;ved=1t:8290&amp;ictx=111\">Hans-Thoma-Stra\u00dfe 50, 89520 Heidenheim an der Brenz<\/a><\/span><\/p>\n<p style=\"text-align: center;\"><span style=\"color: #008000;\"><em><strong>*<\/strong><\/em><\/span><\/p>\n<p><strong>Febru\u00e1r 16-\u00e1n<em>,<\/em><\/strong> <span style=\"color: #008000;\"><strong><em>\u00c9vk\u00f6zi 6. vas\u00e1rnap<\/em><\/strong><\/span><em>,<\/em><\/p>\n<p><strong>Ludwigsburgban <\/strong>9.30 \u00f3rakor<em> szentmise, <\/em><em>ut\u00e1na agap\u00e9.<\/em><\/p>\n<p><strong>Heilbronnban <\/strong>15.30 \u00f3rakor<em> szentmise,\u00a0<\/em>ut\u00e1na <em>agap\u00e9.<\/em><\/p>\n<p style=\"text-align: center;\"><span style=\"color: #008000;\"><em>\u00a0<\/em><strong><em>*<\/em><\/strong><\/span><\/p>\n<p>Minden helyen mindenkit szeretettel v\u00e1r a k\u00f6z\u00f6ss\u00e9g \u00e9s Tibor atya!<\/p>\n<p style=\"text-align: center;\"><span style=\"color: #008000;\"><strong>*<\/strong><\/span><\/p>\n<p><a href=\"https:\/\/stuttgarti-katolikusok.de\/wp-content\/uploads\/2022\/02\/szeretet.jpg\"><img loading=\"lazy\" decoding=\"async\" class=\"alignnone size-full wp-image-22925\" src=\"https:\/\/stuttgarti-katolikusok.de\/wp-content\/uploads\/2022\/02\/szeretet.jpg\" alt=\"\" width=\"1280\" height=\"853\" srcset=\"https:\/\/stuttgarti-katolikusok.de\/wp-content\/uploads\/2022\/02\/szeretet.jpg 1280w, https:\/\/stuttgarti-katolikusok.de\/wp-content\/uploads\/2022\/02\/szeretet-300x200.jpg 300w, https:\/\/stuttgarti-katolikusok.de\/wp-content\/uploads\/2022\/02\/szeretet-1024x682.jpg 1024w, https:\/\/stuttgarti-katolikusok.de\/wp-content\/uploads\/2022\/02\/szeretet-420x280.jpg 420w, https:\/\/stuttgarti-katolikusok.de\/wp-content\/uploads\/2022\/02\/szeretet-690x460.jpg 690w\" sizes=\"auto, (max-width: 1280px) 100vw, 1280px\" \/><\/a><\/p>\n<p style=\"text-align: center;\"><span style=\"color: #008000;\"><strong>*<\/strong><\/span><\/p>\n<p><span style=\"color: #008000;\"><strong><em>Bens\u0151s\u00e9ges \u00e9s kellemes farsangi napokat, j\u00f3 tal\u00e1lkoz\u00e1sokat \u00e9s sok \u00f6r\u00f6met k\u00edv\u00e1nok minden kedves H\u00edvemnek.<\/em><\/strong><\/span><\/p>\n<p style=\"text-align: center;\"><span style=\"color: #008000;\"><strong>*<\/strong><\/span><\/p>\n<p><span style=\"color: #ff6600;\"><strong><em>\u00a0\u201eAz \u00e9let minden csat\u00e1ja arra j\u00f3, hogy tanuljunk valamit bel\u0151le, m\u00e9g azokb\u00f3l is, amelyeket elvesz\u00edt\u00fcnk.\u201d<\/em><\/strong><\/span> <em>(Paulo Coelho \u2013 sz. 1947 \u2013 brazil \u00edr\u00f3)<\/em><\/p>\n<p><em>(Nyit\u00f3k\u00e9p: Heidenheim &#8211; tabern\u00e1ulum, tov\u00e1bb\u00e1: Pixabay)<\/em><\/p>\n","protected":false},"excerpt":{"rendered":"<p>Programel\u0151zetes * Febru\u00e1r 14-\u00e9n, p\u00e9nteken, Stuttgarti d\u00e9lut\u00e1n, 18.00 \u00f3rakor szentmise, el\u0151tte r\u00f3zsaf\u00fcz\u00e9rt im\u00e1dkozunk. Szentmise keret\u00e9ben Besz\u00e9lget\u00e9sek a katekizmusr\u00f3l. * Febru\u00e1r 15-\u00e9n, szombaton, Heidenheimban 15.30 \u00f3rakor szentmise. A szentmise helye: \u00d6kumenisches Gemeindezentrum Mittelrain \u2013 \u00d6GZ &#8211; Hans-Thoma-Stra\u00dfe 50, 89520 Heidenheim an der Brenz * Febru\u00e1r 16-\u00e1n, \u00c9vk\u00f6zi 6. vas\u00e1rnap, Ludwigsburgban 9.30 \u00f3rakor szentmise, ut\u00e1na agap\u00e9. Heilbronnban 15.30 \u00f3rakor szentmise,\u00a0ut\u00e1na agap\u00e9. \u00a0* Minden helyen mindenkit szeretettel v\u00e1r a k\u00f6z\u00f6ss\u00e9g \u00e9s Tibor atya! * * Bens\u0151s\u00e9ges \u00e9s kellemes farsangi napokat, j\u00f3 tal\u00e1lkoz\u00e1sokat \u00e9s sok \u00f6r\u00f6met k\u00edv\u00e1nok minden kedves H\u00edvemnek. * \u00a0\u201eAz \u00e9let minden csat\u00e1ja arra j\u00f3, hogy tanuljunk valamit bel\u0151le, m\u00e9g azokb\u00f3l is, amelyeket elvesz\u00edt\u00fcnk.\u201d (Paulo Coelho \u2013 sz. 1947 \u2013 brazil \u00edr\u00f3) (Nyit\u00f3k\u00e9p: Heidenheim &#8211; tabern\u00e1ulum, tov\u00e1bb\u00e1: Pixabay)<\/p>\n","protected":false},"author":3,"featured_media":22951,"comment_status":"closed","ping_status":"closed","sticky":false,"template":"","format":"standard","meta":{"footnotes":""},"categories":[37],"tags":[],"class_list":["post-30296","post","type-post","status-publish","format-standard","has-post-thumbnail","hentry","category-progamelozetes"],"yoast_head":"<!-- This site is optimized with the Yoast SEO plugin v27.3 - https:\/\/yoast.com\/product\/yoast-seo-wordpress\/ -->\n<title>2025. FEBRU\u00c1R 10 \u00c9S 16 K\u00d6Z\u00d6TT - Stuttgarti Katolikusok<\/title>\n<meta name=\"robots\" content=\"index, follow, max-snippet:-1, max-image-preview:large, max-video-preview:-1\" \/>\n<link rel=\"canonical\" href=\"https:\/\/stuttgarti-katolikusok.de\/index.php\/2025-februar-10-es-16-kozott\/\" \/>\n<meta property=\"og:locale\" content=\"hu_HU\" \/>\n<meta property=\"og:type\" content=\"article\" \/>\n<meta property=\"og:title\" content=\"2025. FEBRU\u00c1R 10 \u00c9S 16 K\u00d6Z\u00d6TT - Stuttgarti Katolikusok\" \/>\n<meta property=\"og:description\" content=\"Programel\u0151zetes * Febru\u00e1r 14-\u00e9n, p\u00e9nteken, Stuttgarti d\u00e9lut\u00e1n, 18.00 \u00f3rakor szentmise, el\u0151tte r\u00f3zsaf\u00fcz\u00e9rt im\u00e1dkozunk. Szentmise keret\u00e9ben Besz\u00e9lget\u00e9sek a katekizmusr\u00f3l. * Febru\u00e1r 15-\u00e9n, szombaton, Heidenheimban 15.30 \u00f3rakor szentmise. A szentmise helye: \u00d6kumenisches Gemeindezentrum Mittelrain \u2013 \u00d6GZ &#8211; Hans-Thoma-Stra\u00dfe 50, 89520 Heidenheim an der Brenz * Febru\u00e1r 16-\u00e1n, \u00c9vk\u00f6zi 6. vas\u00e1rnap, Ludwigsburgban 9.30 \u00f3rakor szentmise, ut\u00e1na agap\u00e9. Heilbronnban 15.30 \u00f3rakor szentmise,\u00a0ut\u00e1na agap\u00e9. \u00a0* Minden helyen mindenkit szeretettel v\u00e1r a k\u00f6z\u00f6ss\u00e9g \u00e9s Tibor atya! * * Bens\u0151s\u00e9ges \u00e9s kellemes farsangi napokat, j\u00f3 tal\u00e1lkoz\u00e1sokat \u00e9s sok \u00f6r\u00f6met k\u00edv\u00e1nok minden kedves H\u00edvemnek. * \u00a0\u201eAz \u00e9let minden csat\u00e1ja arra j\u00f3, hogy tanuljunk valamit bel\u0151le, m\u00e9g azokb\u00f3l is, amelyeket elvesz\u00edt\u00fcnk.\u201d (Paulo Coelho \u2013 sz. 1947 \u2013 brazil \u00edr\u00f3) (Nyit\u00f3k\u00e9p: Heidenheim &#8211; tabern\u00e1ulum, tov\u00e1bb\u00e1: Pixabay)\" \/>\n<meta property=\"og:url\" content=\"https:\/\/stuttgarti-katolikusok.de\/index.php\/2025-februar-10-es-16-kozott\/\" \/>\n<meta property=\"og:site_name\" content=\"Stuttgarti Katolikusok\" \/>\n<meta property=\"article:published_time\" content=\"2025-02-10T20:16:19+00:00\" \/>\n<meta property=\"article:modified_time\" content=\"2025-02-10T20:17:44+00:00\" \/>\n<meta property=\"og:image\" content=\"https:\/\/stuttgarti-katolikusok.de\/wp-content\/uploads\/2022\/02\/s1920001-scaled.jpg\" \/>\n\t<meta property=\"og:image:width\" content=\"2560\" \/>\n\t<meta property=\"og:image:height\" content=\"1440\" \/>\n\t<meta property=\"og:image:type\" content=\"image\/jpeg\" \/>\n<meta name=\"author\" content=\"Tibor atya\" \/>\n<meta name=\"twitter:card\" content=\"summary_large_image\" \/>\n<meta name=\"twitter:label1\" content=\"Szerz\u0151:\" \/>\n\t<meta name=\"twitter:data1\" content=\"Tibor atya\" \/>\n\t<meta name=\"twitter:label2\" content=\"Becs\u00fclt olvas\u00e1si id\u0151\" \/>\n\t<meta name=\"twitter:data2\" content=\"2 perc\" \/>\n<script type=\"application\/ld+json\" class=\"yoast-schema-graph\">{\"@context\":\"https:\\\/\\\/schema.org\",\"@graph\":[{\"@type\":\"Article\",\"@id\":\"https:\\\/\\\/stuttgarti-katolikusok.de\\\/index.php\\\/2025-februar-10-es-16-kozott\\\/#article\",\"isPartOf\":{\"@id\":\"https:\\\/\\\/stuttgarti-katolikusok.de\\\/index.php\\\/2025-februar-10-es-16-kozott\\\/\"},\"author\":{\"name\":\"Tibor atya\",\"@id\":\"https:\\\/\\\/stuttgarti-katolikusok.de\\\/#\\\/schema\\\/person\\\/75908d6f8fdc03a57889d27209df7795\"},\"headline\":\"2025. FEBRU\u00c1R 10 \u00c9S 16 K\u00d6Z\u00d6TT\",\"datePublished\":\"2025-02-10T20:16:19+00:00\",\"dateModified\":\"2025-02-10T20:17:44+00:00\",\"mainEntityOfPage\":{\"@id\":\"https:\\\/\\\/stuttgarti-katolikusok.de\\\/index.php\\\/2025-februar-10-es-16-kozott\\\/\"},\"wordCount\":151,\"image\":{\"@id\":\"https:\\\/\\\/stuttgarti-katolikusok.de\\\/index.php\\\/2025-februar-10-es-16-kozott\\\/#primaryimage\"},\"thumbnailUrl\":\"https:\\\/\\\/stuttgarti-katolikusok.de\\\/wp-content\\\/uploads\\\/2022\\\/02\\\/s1920001-scaled.jpg\",\"articleSection\":[\"Progamel\u0151zetes\"],\"inLanguage\":\"hu\"},{\"@type\":\"WebPage\",\"@id\":\"https:\\\/\\\/stuttgarti-katolikusok.de\\\/index.php\\\/2025-februar-10-es-16-kozott\\\/\",\"url\":\"https:\\\/\\\/stuttgarti-katolikusok.de\\\/index.php\\\/2025-februar-10-es-16-kozott\\\/\",\"name\":\"2025. FEBRU\u00c1R 10 \u00c9S 16 K\u00d6Z\u00d6TT - Stuttgarti Katolikusok\",\"isPartOf\":{\"@id\":\"https:\\\/\\\/stuttgarti-katolikusok.de\\\/#website\"},\"primaryImageOfPage\":{\"@id\":\"https:\\\/\\\/stuttgarti-katolikusok.de\\\/index.php\\\/2025-februar-10-es-16-kozott\\\/#primaryimage\"},\"image\":{\"@id\":\"https:\\\/\\\/stuttgarti-katolikusok.de\\\/index.php\\\/2025-februar-10-es-16-kozott\\\/#primaryimage\"},\"thumbnailUrl\":\"https:\\\/\\\/stuttgarti-katolikusok.de\\\/wp-content\\\/uploads\\\/2022\\\/02\\\/s1920001-scaled.jpg\",\"datePublished\":\"2025-02-10T20:16:19+00:00\",\"dateModified\":\"2025-02-10T20:17:44+00:00\",\"author\":{\"@id\":\"https:\\\/\\\/stuttgarti-katolikusok.de\\\/#\\\/schema\\\/person\\\/75908d6f8fdc03a57889d27209df7795\"},\"breadcrumb\":{\"@id\":\"https:\\\/\\\/stuttgarti-katolikusok.de\\\/index.php\\\/2025-februar-10-es-16-kozott\\\/#breadcrumb\"},\"inLanguage\":\"hu\",\"potentialAction\":[{\"@type\":\"ReadAction\",\"target\":[\"https:\\\/\\\/stuttgarti-katolikusok.de\\\/index.php\\\/2025-februar-10-es-16-kozott\\\/\"]}]},{\"@type\":\"ImageObject\",\"inLanguage\":\"hu\",\"@id\":\"https:\\\/\\\/stuttgarti-katolikusok.de\\\/index.php\\\/2025-februar-10-es-16-kozott\\\/#primaryimage\",\"url\":\"https:\\\/\\\/stuttgarti-katolikusok.de\\\/wp-content\\\/uploads\\\/2022\\\/02\\\/s1920001-scaled.jpg\",\"contentUrl\":\"https:\\\/\\\/stuttgarti-katolikusok.de\\\/wp-content\\\/uploads\\\/2022\\\/02\\\/s1920001-scaled.jpg\",\"width\":2560,\"height\":1440},{\"@type\":\"BreadcrumbList\",\"@id\":\"https:\\\/\\\/stuttgarti-katolikusok.de\\\/index.php\\\/2025-februar-10-es-16-kozott\\\/#breadcrumb\",\"itemListElement\":[{\"@type\":\"ListItem\",\"position\":1,\"name\":\"Kezd\u0151lap\",\"item\":\"https:\\\/\\\/stuttgarti-katolikusok.de\\\/\"},{\"@type\":\"ListItem\",\"position\":2,\"name\":\"2025. FEBRU\u00c1R 10 \u00c9S 16 K\u00d6Z\u00d6TT\"}]},{\"@type\":\"WebSite\",\"@id\":\"https:\\\/\\\/stuttgarti-katolikusok.de\\\/#website\",\"url\":\"https:\\\/\\\/stuttgarti-katolikusok.de\\\/\",\"name\":\"Stuttgarti Katolikusok\",\"description\":\"\",\"potentialAction\":[{\"@type\":\"SearchAction\",\"target\":{\"@type\":\"EntryPoint\",\"urlTemplate\":\"https:\\\/\\\/stuttgarti-katolikusok.de\\\/?s={search_term_string}\"},\"query-input\":{\"@type\":\"PropertyValueSpecification\",\"valueRequired\":true,\"valueName\":\"search_term_string\"}}],\"inLanguage\":\"hu\"},{\"@type\":\"Person\",\"@id\":\"https:\\\/\\\/stuttgarti-katolikusok.de\\\/#\\\/schema\\\/person\\\/75908d6f8fdc03a57889d27209df7795\",\"name\":\"Tibor atya\",\"image\":{\"@type\":\"ImageObject\",\"inLanguage\":\"hu\",\"@id\":\"https:\\\/\\\/secure.gravatar.com\\\/avatar\\\/61d268e57d1f4525b111222e29d2d5a7f8c420fdbf231ba5566a8ceac74fa960?s=96&d=mm&r=g\",\"url\":\"https:\\\/\\\/secure.gravatar.com\\\/avatar\\\/61d268e57d1f4525b111222e29d2d5a7f8c420fdbf231ba5566a8ceac74fa960?s=96&d=mm&r=g\",\"contentUrl\":\"https:\\\/\\\/secure.gravatar.com\\\/avatar\\\/61d268e57d1f4525b111222e29d2d5a7f8c420fdbf231ba5566a8ceac74fa960?s=96&d=mm&r=g\",\"caption\":\"Tibor atya\"},\"url\":\"https:\\\/\\\/stuttgarti-katolikusok.de\\\/index.php\\\/author\\\/tibor-atya\\\/\"}]}<\/script>\n<!-- \/ Yoast SEO plugin. -->","yoast_head_json":{"title":"2025. FEBRU\u00c1R 10 \u00c9S 16 K\u00d6Z\u00d6TT - Stuttgarti Katolikusok","robots":{"index":"index","follow":"follow","max-snippet":"max-snippet:-1","max-image-preview":"max-image-preview:large","max-video-preview":"max-video-preview:-1"},"canonical":"https:\/\/stuttgarti-katolikusok.de\/index.php\/2025-februar-10-es-16-kozott\/","og_locale":"hu_HU","og_type":"article","og_title":"2025. FEBRU\u00c1R 10 \u00c9S 16 K\u00d6Z\u00d6TT - Stuttgarti Katolikusok","og_description":"Programel\u0151zetes * Febru\u00e1r 14-\u00e9n, p\u00e9nteken, Stuttgarti d\u00e9lut\u00e1n, 18.00 \u00f3rakor szentmise, el\u0151tte r\u00f3zsaf\u00fcz\u00e9rt im\u00e1dkozunk. Szentmise keret\u00e9ben Besz\u00e9lget\u00e9sek a katekizmusr\u00f3l. * Febru\u00e1r 15-\u00e9n, szombaton, Heidenheimban 15.30 \u00f3rakor szentmise. A szentmise helye: \u00d6kumenisches Gemeindezentrum Mittelrain \u2013 \u00d6GZ &#8211; Hans-Thoma-Stra\u00dfe 50, 89520 Heidenheim an der Brenz * Febru\u00e1r 16-\u00e1n, \u00c9vk\u00f6zi 6. vas\u00e1rnap, Ludwigsburgban 9.30 \u00f3rakor szentmise, ut\u00e1na agap\u00e9. Heilbronnban 15.30 \u00f3rakor szentmise,\u00a0ut\u00e1na agap\u00e9. \u00a0* Minden helyen mindenkit szeretettel v\u00e1r a k\u00f6z\u00f6ss\u00e9g \u00e9s Tibor atya! * * Bens\u0151s\u00e9ges \u00e9s kellemes farsangi napokat, j\u00f3 tal\u00e1lkoz\u00e1sokat \u00e9s sok \u00f6r\u00f6met k\u00edv\u00e1nok minden kedves H\u00edvemnek. * \u00a0\u201eAz \u00e9let minden csat\u00e1ja arra j\u00f3, hogy tanuljunk valamit bel\u0151le, m\u00e9g azokb\u00f3l is, amelyeket elvesz\u00edt\u00fcnk.\u201d (Paulo Coelho \u2013 sz. 1947 \u2013 brazil \u00edr\u00f3) (Nyit\u00f3k\u00e9p: Heidenheim &#8211; tabern\u00e1ulum, tov\u00e1bb\u00e1: Pixabay)","og_url":"https:\/\/stuttgarti-katolikusok.de\/index.php\/2025-februar-10-es-16-kozott\/","og_site_name":"Stuttgarti Katolikusok","article_published_time":"2025-02-10T20:16:19+00:00","article_modified_time":"2025-02-10T20:17:44+00:00","og_image":[{"width":2560,"height":1440,"url":"https:\/\/stuttgarti-katolikusok.de\/wp-content\/uploads\/2022\/02\/s1920001-scaled.jpg","type":"image\/jpeg"}],"author":"Tibor atya","twitter_card":"summary_large_image","twitter_misc":{"Szerz\u0151:":"Tibor atya","Becs\u00fclt olvas\u00e1si id\u0151":"2 perc"},"schema":{"@context":"https:\/\/schema.org","@graph":[{"@type":"Article","@id":"https:\/\/stuttgarti-katolikusok.de\/index.php\/2025-februar-10-es-16-kozott\/#article","isPartOf":{"@id":"https:\/\/stuttgarti-katolikusok.de\/index.php\/2025-februar-10-es-16-kozott\/"},"author":{"name":"Tibor atya","@id":"https:\/\/stuttgarti-katolikusok.de\/#\/schema\/person\/75908d6f8fdc03a57889d27209df7795"},"headline":"2025. FEBRU\u00c1R 10 \u00c9S 16 K\u00d6Z\u00d6TT","datePublished":"2025-02-10T20:16:19+00:00","dateModified":"2025-02-10T20:17:44+00:00","mainEntityOfPage":{"@id":"https:\/\/stuttgarti-katolikusok.de\/index.php\/2025-februar-10-es-16-kozott\/"},"wordCount":151,"image":{"@id":"https:\/\/stuttgarti-katolikusok.de\/index.php\/2025-februar-10-es-16-kozott\/#primaryimage"},"thumbnailUrl":"https:\/\/stuttgarti-katolikusok.de\/wp-content\/uploads\/2022\/02\/s1920001-scaled.jpg","articleSection":["Progamel\u0151zetes"],"inLanguage":"hu"},{"@type":"WebPage","@id":"https:\/\/stuttgarti-katolikusok.de\/index.php\/2025-februar-10-es-16-kozott\/","url":"https:\/\/stuttgarti-katolikusok.de\/index.php\/2025-februar-10-es-16-kozott\/","name":"2025. FEBRU\u00c1R 10 \u00c9S 16 K\u00d6Z\u00d6TT - Stuttgarti Katolikusok","isPartOf":{"@id":"https:\/\/stuttgarti-katolikusok.de\/#website"},"primaryImageOfPage":{"@id":"https:\/\/stuttgarti-katolikusok.de\/index.php\/2025-februar-10-es-16-kozott\/#primaryimage"},"image":{"@id":"https:\/\/stuttgarti-katolikusok.de\/index.php\/2025-februar-10-es-16-kozott\/#primaryimage"},"thumbnailUrl":"https:\/\/stuttgarti-katolikusok.de\/wp-content\/uploads\/2022\/02\/s1920001-scaled.jpg","datePublished":"2025-02-10T20:16:19+00:00","dateModified":"2025-02-10T20:17:44+00:00","author":{"@id":"https:\/\/stuttgarti-katolikusok.de\/#\/schema\/person\/75908d6f8fdc03a57889d27209df7795"},"breadcrumb":{"@id":"https:\/\/stuttgarti-katolikusok.de\/index.php\/2025-februar-10-es-16-kozott\/#breadcrumb"},"inLanguage":"hu","potentialAction":[{"@type":"ReadAction","target":["https:\/\/stuttgarti-katolikusok.de\/index.php\/2025-februar-10-es-16-kozott\/"]}]},{"@type":"ImageObject","inLanguage":"hu","@id":"https:\/\/stuttgarti-katolikusok.de\/index.php\/2025-februar-10-es-16-kozott\/#primaryimage","url":"https:\/\/stuttgarti-katolikusok.de\/wp-content\/uploads\/2022\/02\/s1920001-scaled.jpg","contentUrl":"https:\/\/stuttgarti-katolikusok.de\/wp-content\/uploads\/2022\/02\/s1920001-scaled.jpg","width":2560,"height":1440},{"@type":"BreadcrumbList","@id":"https:\/\/stuttgarti-katolikusok.de\/index.php\/2025-februar-10-es-16-kozott\/#breadcrumb","itemListElement":[{"@type":"ListItem","position":1,"name":"Kezd\u0151lap","item":"https:\/\/stuttgarti-katolikusok.de\/"},{"@type":"ListItem","position":2,"name":"2025. FEBRU\u00c1R 10 \u00c9S 16 K\u00d6Z\u00d6TT"}]},{"@type":"WebSite","@id":"https:\/\/stuttgarti-katolikusok.de\/#website","url":"https:\/\/stuttgarti-katolikusok.de\/","name":"Stuttgarti Katolikusok","description":"","potentialAction":[{"@type":"SearchAction","target":{"@type":"EntryPoint","urlTemplate":"https:\/\/stuttgarti-katolikusok.de\/?s={search_term_string}"},"query-input":{"@type":"PropertyValueSpecification","valueRequired":true,"valueName":"search_term_string"}}],"inLanguage":"hu"},{"@type":"Person","@id":"https:\/\/stuttgarti-katolikusok.de\/#\/schema\/person\/75908d6f8fdc03a57889d27209df7795","name":"Tibor atya","image":{"@type":"ImageObject","inLanguage":"hu","@id":"https:\/\/secure.gravatar.com\/avatar\/61d268e57d1f4525b111222e29d2d5a7f8c420fdbf231ba5566a8ceac74fa960?s=96&d=mm&r=g","url":"https:\/\/secure.gravatar.com\/avatar\/61d268e57d1f4525b111222e29d2d5a7f8c420fdbf231ba5566a8ceac74fa960?s=96&d=mm&r=g","contentUrl":"https:\/\/secure.gravatar.com\/avatar\/61d268e57d1f4525b111222e29d2d5a7f8c420fdbf231ba5566a8ceac74fa960?s=96&d=mm&r=g","caption":"Tibor atya"},"url":"https:\/\/stuttgarti-katolikusok.de\/index.php\/author\/tibor-atya\/"}]}},"_links":{"self":[{"href":"https:\/\/stuttgarti-katolikusok.de\/index.php\/wp-json\/wp\/v2\/posts\/30296","targetHints":{"allow":["GET"]}}],"collection":[{"href":"https:\/\/stuttgarti-katolikusok.de\/index.php\/wp-json\/wp\/v2\/posts"}],"about":[{"href":"https:\/\/stuttgarti-katolikusok.de\/index.php\/wp-json\/wp\/v2\/types\/post"}],"author":[{"embeddable":true,"href":"https:\/\/stuttgarti-katolikusok.de\/index.php\/wp-json\/wp\/v2\/users\/3"}],"replies":[{"embeddable":true,"href":"https:\/\/stuttgarti-katolikusok.de\/index.php\/wp-json\/wp\/v2\/comments?post=30296"}],"version-history":[{"count":3,"href":"https:\/\/stuttgarti-katolikusok.de\/index.php\/wp-json\/wp\/v2\/posts\/30296\/revisions"}],"predecessor-version":[{"id":30300,"href":"https:\/\/stuttgarti-katolikusok.de\/index.php\/wp-json\/wp\/v2\/posts\/30296\/revisions\/30300"}],"wp:featuredmedia":[{"embeddable":true,"href":"https:\/\/stuttgarti-katolikusok.de\/index.php\/wp-json\/wp\/v2\/media\/22951"}],"wp:attachment":[{"href":"https:\/\/stuttgarti-katolikusok.de\/index.php\/wp-json\/wp\/v2\/media?parent=30296"}],"wp:term":[{"taxonomy":"category","embeddable":true,"href":"https:\/\/stuttgarti-katolikusok.de\/index.php\/wp-json\/wp\/v2\/categories?post=30296"},{"taxonomy":"post_tag","embeddable":true,"href":"https:\/\/stuttgarti-katolikusok.de\/index.php\/wp-json\/wp\/v2\/tags?post=30296"}],"curies":[{"name":"wp","href":"https:\/\/api.w.org\/{rel}","templated":true}]}}