{"id":30283,"date":"2025-02-08T11:09:50","date_gmt":"2025-02-08T10:09:50","guid":{"rendered":"https:\/\/stuttgarti-katolikusok.de\/?p=30283"},"modified":"2025-03-25T23:39:22","modified_gmt":"2025-03-25T22:39:22","slug":"evkozi-5-vasarnap-3","status":"publish","type":"post","link":"https:\/\/stuttgarti-katolikusok.de\/index.php\/evkozi-5-vasarnap-3\/","title":{"rendered":"\u00c9vk\u00f6zi 5. vas\u00e1rnap"},"content":{"rendered":"<p><span style=\"color: #ff6600;\"><em>A szentmise els\u0151 k\u00f6ny\u00f6rg\u00e9se a kegyelem fontoss\u00e1g\u00e1t emeli ki. Mindaz, amit el\u00e9rhet\u00fcnk \u00e9let\u00fcnkben, kiz\u00e1r\u00f3lag Isten kegyelm\u00e9nek k\u00f6sz\u00f6nhet\u0151. Feladatom a kegyelem, a nekem juttatott karizma felismer\u00e9se. Ezt k\u00f6vet\u0151en pedig annak m\u00e1sok szolg\u00e1latba t\u00f6rt\u00e9n\u0151 \u00e1ll\u00edt\u00e1sa.<\/em><\/span><\/p>\n<p><span style=\"color: #ff6600;\"><em>Az olvasm\u00e1nyban Izaj\u00e1s pr\u00f3f\u00e9ta saj\u00e1t megh\u00edv\u00e1s t\u00f6rt\u00e9net\u00e9r\u0151l sz\u00f3l. Ami sz\u00e1momra elgondolkodtat\u00f3, hogy kezdetben jelen van \u00e9let\u00e9ben a f\u00e9lelem \u00e9s megd\u00f6bben\u00e9s. Tudat\u00e1ban van emberi gyenges\u00e9geinek \u00e9s kicsinys\u00e9g\u00e9nek. Tal\u00e1n ez\u00e9rt is annyira bizonytalan. Magamra ismerek? Magadra ismersz? Izaj\u00e1s nagys\u00e1ga, hogy hagyja mag\u00e1t meger\u0151s\u00edttetni. Sz\u00e1momra is ez a j\u00e1rhat\u00f3 \u00fat.<\/em><\/span><\/p>\n<p><span style=\"color: #ff6600;\"><em>A szentleck\u00e9ben P\u00e1l apostol az isteni kegyelem \u00e9let\u00e9ben megnyilv\u00e1nul\u00f3 hat\u00e9kony erej\u00e9r\u0151l sz\u00f3l: &#8222;Isten kegyelm\u00e9b\u0151l vagyok az, ami vagyok, s r\u00e1m \u00e1rasztott kegyelme nem maradt bennem hat\u00e1stalan. T\u00f6bbet dolgoztam mindegyik\u00fckn\u00e9l, igaz ugyan, hogy nem \u00e9n, hanem az Isten kegyelme, amely velem van.&#8221; Amennyiben nekem is siker\u00fcl \u00e1tadnom magam az isteni kegyelem sz\u00e1m\u00e1ra, \u00fagy \u00e9ppen olyan sikeres lehetek, mint maga P\u00e1l apostol.\u00a0<\/em><\/span><\/p>\n<p><span style=\"color: #ff6600;\"><em>Az evang\u00e9liumi r\u00e9sz P\u00e9ter apostol megh\u00edv\u00e1st\u00f6rt\u00e9nete. Sz\u00e1mtalan alkalommal olvastam m\u00e1r, hallottam is mag\u00e1t a t\u00f6rt\u00e9netet. M\u00e9gis minden alkalommal meg\u00e9rint. Annyira emberi \u00e9s \u00e9leth\u0171 minden mondata. Most csak egy gondolatot emeln\u00e9k ki: am\u00edg Simon P\u00e9ternek nem siker\u00fcl levetnie b\u00fcszkes\u00e9g\u00e9t &#8211; mindent tud a hal\u00e1szatr\u00f3l -, addig nincs v\u00e1ltoz\u00e1s, nincs eredm\u00e9ny. Vagyis, a bennem v\u00e9gbemehet\u0151 nagy v\u00e1ltoz\u00e1snak mindig egyetlen akad\u00e1lya van: \u00f6nmagam b\u00fcszkes\u00e9ge, s mindaz, ami ehhez t\u00e1rsul. Ezt sohasem szabad elfelednem! Nyilv\u00e1nval\u00f3, ezt a harcot \u00f6nmagammal kell megv\u00edvnom. \u00d3ri\u00e1si hiba lenne, ha mindig m\u00e1sokat hib\u00e1ztatn\u00e9k. J\u00e9zus biztat\u00f3 szava hozz\u00e1m is sz\u00f3l: &#8222;Ne f\u00e9lj!&#8221;<\/em><\/span><\/p>\n<p><span style=\"color: #008000;\">Kezd\u0151\u00e9nek:<\/span><br \/>\nJ\u00f6jjetek, boruljunk le, h\u00f3doljunk Urunk, alkot\u00f3nk el\u0151tt, hulljunk t\u00e9rdre, mert \u0151 az \u00dar, a mi Isten\u00fcnk. (Zsolt 94,6-7)<\/p>\n<p><span style=\"color: #008000;\">K\u00f6ny\u00f6rg\u00e9s:<\/span><br \/>\nUrunk, Isten\u00fcnk, \u0151rizd sz\u00fcntelen j\u00f3s\u00e1goddal h\u00e1zad n\u00e9p\u00e9t \u00e9s er\u0151s\u00edtsd oltalmaddal mindenkor, mert csak a te kegyelmedre hagyatkozhat. A mi Urunk, J\u00e9zus Krisztus, a te Fiad \u00e1ltal, aki veled \u00e9l \u00e9s uralkodik a Szentl\u00e9lekkel egys\u00e9gben, Isten mind\u00f6r\u00f6kk\u00f6n \u00f6r\u00f6kk\u00e9.<\/p>\n<p><span style=\"color: #008000;\">OLVASM\u00c1NY Izaj\u00e1s pr\u00f3f\u00e9ta k\u00f6nyv\u00e9b\u0151l (Iz 6,1-2a.3-8)<\/span><br \/>\n<em>Izaj<\/em><em>\u00e1s v<\/em><em>\u00e1llalja a pr<\/em><em>\u00f3f<\/em><em>\u00e9tai k<\/em><em>\u00fcldet<\/em><em>\u00e9st.<\/em><br \/>\nAbban az esztend\u0151ben, amikor meghalt Uzija kir\u00e1ly, l\u00e1ttam az Urat. Magas \u00e9s f\u00f6ns\u00e9ges kir\u00e1lyi sz\u00e9ken \u00fclt, \u00e9s usz\u00e1lya bet\u00f6lt\u00f6tte a templomot. Szer\u00e1fok lebegtek f\u00f6l\u00f6tte: mindegyiknek hat-hat sz\u00e1rnya volt.<br \/>\n\u00cdgy ki\u00e1ltott egyik a m\u00e1siknak: \u201eSzent, szent, szent a Seregek Ura, dics\u0151s\u00e9ge bet\u00f6lti az eg\u00e9sz f\u00f6ldet.\u201d Hangjukt\u00f3l m\u00e9g a k\u00fcsz\u00f6b\u00f6k alapjai is megrend\u00fcltek, \u00e9s a templom megtelt f\u00fcsttel.<br \/>\nErre \u00edgy sz\u00f3ltam: \u201eJaj nekem, v\u00e9gem van, mert tiszt\u00e1talan ajk\u00fa ember vagyok, \u00e9s tiszt\u00e1talan n\u00e9p k\u00f6z\u00f6tt \u00e9lek, m\u00e9gis szememmel l\u00e1ttam a Kir\u00e1lyt, a Seregek Ur\u00e1t.\u201d<br \/>\nAkkor az egyik szer\u00e1f odar\u00f6p\u00fclt hozz\u00e1m, a kez\u00e9ben izz\u00f3 parazsat tartott, amelyet cs\u00edp\u0151vassal az olt\u00e1rr\u00f3l vett. Meg\u00e9rintette vele ajkamat, \u00e9s \u00edgy sz\u00f3lt: \u201e\u00cdme, mivel ez meg\u00e9rintette ajkadat, elt\u0171nt gonoszs\u00e1god \u00e9s bocs\u00e1natot nyert b\u0171n\u00f6d.\u201d<br \/>\nAzut\u00e1n hallottam az \u00dar szav\u00e1t, amint \u00edgy sz\u00f3lt: \u201eKit k\u00fcldjek el? Ki megy el nek\u00fcnk?\u201d \u00cdgy v\u00e1laszoltam: \u201e\u00cdme, itt vagyok, engem k\u00fcldj el!\u201d<br \/>\nEz az Isten ig\u00e9je.<\/p>\n<p><span style=\"color: #008000;\">V\u00c1LASZOS ZSOLT\u00c1R (Zsolt 137,1-2a.2bc-3.4-5.7c-8)<\/span><br \/>\nV\u00e1lasz:\u00a0<strong>Angyalaid el<\/strong><strong>\u0151tt zsol<u>t<\/u><\/strong><strong><u>\u00e1rt<\/u><\/strong><strong>\u00a0\u00e9neklek, * magasztallak t<\/strong><strong>\u00e9<u>ged<\/u>, Istenem.<\/strong>\u00a01c. (12. t\u00f3nus)<br \/>\nEl\u0151\u00e9nekes: \u00dcnnepellek, Uram, sz\u00ed<u>vem<\/u>\u00a0m\u00e9ly\u00e9b\u0151l, * mert meghallgattad aj<u>kam<\/u>\u00a0ig\u00e9it.<br \/>\nAngyalaid el\u0151tt zsol<u>t<\/u><u>\u00e1rt<\/u>\u00a0\u00e9neklek, * szent templomodban arc<u>ra<\/u>\u00a0borulok.<br \/>\nH\u00edvek:\u00a0<strong>Angyalaid el<\/strong><strong>\u0151tt zsol<u>t<\/u><\/strong><strong><u>\u00e1rt<\/u><\/strong><strong>\u00a0\u00e9neklek, * magasztallak t<\/strong><strong>\u00e9<u>ged<\/u>, Istenem.<\/strong><br \/>\nE: Szent neved min<u>dig<\/u>\u00a0megvallom, * irgalmad\u00e9rt \u00e9s i<u>gaz<\/u>\u00a0voltod\u00e9rt.<br \/>\nAmely napon hozz\u00e1d ki\u00e1ltok, hall<u>gass<\/u>\u00a0meg engem, * gyarap\u00edtsd az e<u>r<\/u><u>\u0151t<\/u>\u00a0lelkemben.<br \/>\nH:\u00a0<strong>Angyalaid el<\/strong><strong>\u0151tt zsol<u>t<\/u><\/strong><strong><u>\u00e1rt<\/u><\/strong><strong>\u00a0\u00e9neklek, * magasztallak t<\/strong><strong>\u00e9<u>ged<\/u>, Istenem.<\/strong><br \/>\nE: Dics\u0151\u00edtsen t\u00e9ged a f\u00f6ld\u00a0<u>min<\/u>den kir\u00e1lya, * amikor meghallja aj<u>kad<\/u>\u00a0sz\u00f3zat\u00e1t.<br \/>\nAz \u00dar \u00fatjair\u00f3l\u00a0<u>\u00e9<\/u>nekeljenek, * mert nagy az \u00dar\u00a0<u>di<\/u>cs\u0151s\u00e9ge.<br \/>\nH:\u00a0<strong>Angyalaid el<\/strong><strong>\u0151tt zsol<u>t<\/u><\/strong><strong><u>\u00e1rt<\/u><\/strong><strong>\u00a0\u00e9neklek, * magasztallak t<\/strong><strong>\u00e9<u>ged<\/u>, Istenem.<\/strong><br \/>\nE: Megszabad\u00edt engem a\u00a0<u>te<\/u>\u00a0jobb kezed, * az \u00dar javamra d\u00f6n<u>ti<\/u>\u00a0el \u00fcgyem.<br \/>\n\u00d6r\u00f6kk\u00e9 tart, Uram, a\u00a0<u>te<\/u>\u00a0irgalmad, * ne vesd meg kezed al<u>ko<\/u>t\u00e1sait.<br \/>\nH:\u00a0<strong>Angyalaid el<\/strong><strong>\u0151tt zsol<u>t<\/u><\/strong><strong><u>\u00e1rt<\/u><\/strong><strong>\u00a0\u00e9neklek, * magasztallak t<\/strong><strong>\u00e9<u>ged<\/u>, Istenem.<\/strong><\/p>\n<p><span style=\"color: #008000;\"><em>Hosszabb forma: <\/em><\/span><br \/>\n<span style=\"color: #008000;\">SZENTLECKE Szent P\u00e1l apostolnak a korintusiakhoz \u00edrt els\u0151 level\u00e9b\u0151l (1Kor 15,1-11<em>\u00a0)<\/em><\/span><br \/>\n<em>Az apostolok mindny<\/em><em>\u00e1jan ugyanazt az evang<\/em><em>\u00e9liumot hirdetik, hogy ugyanabban a Krisztusban higgy<\/em><em>\u00fcnk.<\/em><br \/>\nTestv\u00e9reim!<br \/>\nFigyelmetekbe aj\u00e1nlom az evang\u00e9liumot, amelyet hirdettem nektek. Elfogadt\u00e1tok, \u00e9s szil\u00e1rdan kitartotok benne. \u00c1ltala elnyeritek az \u00fcdv\u00f6ss\u00e9get, ha megtartj\u00e1tok \u00fagy, ahogy hirdettem nektek. K\u00fcl\u00f6nben hi\u00e1ba lettetek volna h\u00edv\u0151kk\u00e9.<br \/>\nEls\u0151sorban azt hagytam r\u00e1tok, amit magam is kaptam: Krisztus meghalt b\u0171neink\u00e9rt, az \u00cdr\u00e1s szerint; eltemett\u00e9k \u00e9s harmadnap felt\u00e1madt, ism\u00e9t az \u00cdr\u00e1s szerint. Megjelent P\u00e9ternek, majd a tizenkett\u0151nek. K\u00e9s\u0151bb egyszerre t\u00f6bb mint \u00f6tsz\u00e1z testv\u00e9rnek is megjelent. Ezek k\u00f6z\u00fcl a legt\u00f6bben m\u00e9g \u00e9lnek, n\u00e9h\u00e1nyan azonban m\u00e1r meghaltak. Azut\u00e1n megjelent Jakabnak, majd az \u00f6sszes apostolnak. Ut\u00e1nuk pedig, mint egy elvet\u00e9ltnek, megjelent nekem is.<br \/>\n\u00c9n ugyanis az utols\u00f3 vagyok az apostolok k\u00f6z\u00f6tt, s arra sem m\u00e9lt\u00f3, hogy apostolnak h\u00edvjanak, hiszen \u00fcld\u00f6ztem az Isten egyh\u00e1z\u00e1t. De Isten kegyelm\u00e9b\u0151l vagyok az, ami vagyok, s r\u00e1m \u00e1rasztott kegyelme nem maradt bennem hat\u00e1stalan. T\u00f6bbet dolgoztam mindegyik\u00fckn\u00e9l, igaz ugyan, hogy nem \u00e9n, hanem az Isten kegyelme, amely velem van.<br \/>\nMindegy teh\u00e1t, hogy \u00e9n vagy \u0151k: ugyanazt hirdetj\u00fck, s \u00edgy lettetek h\u00edv\u0151kk\u00e9.<br \/>\nEz az Isten ig\u00e9je.<\/p>\n<p><span style=\"color: #008000;\"><em>Vagy r<\/em><em>\u00f6videbb forma:<\/em><\/span><br \/>\n<span style=\"color: #008000;\">SZENTLECKE Szent P\u00e1l apostolnak a korintusiakhoz \u00edrt els\u0151 level\u00e9b\u0151l (1Kor 15,3-8.11)<\/span><br \/>\n<em>Az apostolok mindny<\/em><em>\u00e1jan ugyanazt az evang<\/em><em>\u00e9liumot hirdetik, hogy ugyanabban a Krisztusban higgy<\/em><em>\u00fcnk.<\/em><br \/>\nTestv\u00e9reim!<br \/>\nEls\u0151sorban azt hagytam r\u00e1tok, amit magam is kaptam:<br \/>\nKrisztus meghalt b\u0171neink\u00e9rt, az \u00cdr\u00e1s szerint; eltemett\u00e9k \u00e9s harmadnap felt\u00e1madt, ism\u00e9t az \u00cdr\u00e1s szerint. Megjelent P\u00e9ternek, majd a tizenkett\u0151nek. K\u00e9s\u0151bb egyszerre t\u00f6bb mint \u00f6tsz\u00e1z testv\u00e9rnek is megjelent. Ezek k\u00f6z\u00fcl a legt\u00f6bben m\u00e9g \u00e9lnek, n\u00e9h\u00e1nyan azonban m\u00e1r meghaltak. Azut\u00e1n megjelent Jakabnak, majd az \u00f6sszes apostolnak. Ut\u00e1nuk pedig, mint egy elvet\u00e9ltnek, megjelent nekem is.<br \/>\nMindegy teh\u00e1t, hogy \u00e9n vagy \u0151k: ugyanazt hirdetj\u00fck, s \u00edgy lettetek h\u00edv\u0151kk\u00e9.<br \/>\nEz az Isten ig\u00e9je.<\/p>\n<p><span style=\"color: #008000;\">ALLELUJA<\/span><br \/>\nK\u00f6vessetek engem, mond<u>ja<\/u>\u00a0az \u00dar, * \u00e9s \u00e9n emberek hal\u00e1sz\u00e1<u>v<\/u><u>\u00e1<\/u>\u00a0teszlek titeket. Mt 4,19 \u2013 6. t\u00f3nus.<\/p>\n<p><span style=\"color: #008000;\">\u2020 EVANG\u00c9LIUM Szent Luk\u00e1cs k\u00f6nyv\u00e9b\u0151l (Lk 5,1-11)<\/span><br \/>\n<em>A csod<\/em><em>\u00e1latos halfog<\/em><em>\u00e1s l<\/em><em>\u00e1tt<\/em><em>\u00e1n az apostolok minden<\/em><em>\u00fcket elhagyt<\/em><em>\u00e1k, <\/em><em>\u00e9s k<\/em><em>\u00f6vett<\/em><em>\u00e9k J<\/em><em>\u00e9zust.<\/em><br \/>\nAmikor J\u00e9zus egyszer a Genez\u00e1ret tav\u00e1n\u00e1l \u00e1llt, nagy t\u00f6meg sereglett k\u00f6r\u00e9je, hogy hallgassa az Isten szav\u00e1t. J\u00e9zus l\u00e1tta, hogy a t\u00f3 partj\u00e1n k\u00e9t b\u00e1rka vesztegel. A hal\u00e1szok kisz\u00e1lltak, \u00e9s a h\u00e1l\u00f3ikat most\u00e1k. Besz\u00e1llt h\u00e1t az egyik b\u00e1rk\u00e1ba, amelyik Simon\u00e9 volt, s megk\u00e9rte, hogy vigye kiss\u00e9 beljebb a partt\u00f3l. Azt\u00e1n le\u00fclt, \u00e9s a b\u00e1rk\u00e1b\u00f3l tan\u00edtotta a n\u00e9pet.<br \/>\nAmikor befejezte a tan\u00edt\u00e1st, \u00edgy sz\u00f3lt Simonhoz: \u201eEvezz a m\u00e9lyre, \u00e9s vess\u00e9tek ki a h\u00e1l\u00f3tokat halfog\u00e1sra.\u201d \u201eMester \u2013 v\u00e1laszolta Simon \u2013, eg\u00e9sz \u00e9jszaka f\u00e1radoztunk, s nem fogtunk semmit, de a te szavadra, kivetem a h\u00e1l\u00f3t.\u201d Meg is tette, s annyi halat fogtak, hogy szakadozni kezdett a h\u00e1l\u00f3. Intettek a m\u00e1sik b\u00e1rk\u00e1ban lev\u0151 t\u00e1rsaiknak, hogy j\u00f6jjenek \u00e9s seg\u00edtsenek. Azok odamentek, \u00e9s \u00fagy megt\u00f6lt\u00f6tt\u00e9k mind a k\u00e9t b\u00e1rk\u00e1t, hogy majdnem els\u00fcllyedt.<br \/>\nEnnek l\u00e1tt\u00e1n Simon P\u00e9ter J\u00e9zus l\u00e1b\u00e1hoz borult, \u00e9s e szavakra fakadt: \u201eUram, menj el t\u0151lem, mert b\u0171n\u00f6s ember vagyok.\u201d A szerencs\u00e9s halfog\u00e1s l\u00e1tt\u00e1n ugyanis t\u00e1rsaival egy\u00fctt f\u00e9lelem t\u00f6lt\u00f6tte el. Hasonl\u00f3k\u00e9ppen Jakabot \u00e9s J\u00e1nost is, Zebedeus fiait, Simon t\u00e1rsait. De J\u00e9zus b\u00e1tors\u00e1got \u00f6nt\u00f6tt Simonba: \u201eNe f\u00e9lj! Ezent\u00fal emberhal\u00e1sz leszel.\u201d<br \/>\nErre partra vont\u00e1k haj\u00f3ikat, \u00e9s minden\u00fcket elhagyva k\u00f6vett\u00e9k J\u00e9zust.<br \/>\nEzek az evang\u00e9lium ig\u00e9i.<\/p>\n<p><span style=\"color: #008000;\">EGYETEMES K\u00d6NY\u00d6RG\u00c9SEK<\/span><br \/>\nPap: Testv\u00e9reim! A mindenhat\u00f3 Isten szeret minket, \u00e9s t\u00f6r\u0151dik vel\u00fcnk. Terjessz\u00fck el\u00e9je bizalommal k\u00e9r\u00e9seinket!<br \/>\nLektor: 1. Add, Urunk, hogy az apostolok ut\u00f3dai az emberek hal\u00e1szaik\u00e9nt lankadatlanul \u00e9s eredm\u00e9nyesen munk\u00e1lkodjanak!<br \/>\nH\u00edvek: K\u00e9r\u00fcnk T\u00e9ged, hallgass meg minket!<br \/>\n2. Add, Urunk, hogy minden n\u00e9p \u00e9lvezhesse a b\u00e9ke nyugalm\u00e1t!<br \/>\nH\u00edvek: K\u00e9r\u00fcnk T\u00e9ged, hallgass meg minket!<br \/>\n3. Oltalmazd, Urunk, a h\u00e1zas\u00e9let tisztas\u00e1g\u00e1t, \u00e9s l\u00e9gy mened\u00e9ke a v\u00e1ls\u00e1gba ker\u00fclt csal\u00e1doknak!<br \/>\nH\u00edvek: K\u00e9r\u00fcnk T\u00e9ged, hallgass meg minket!<br \/>\n4. Add, Urunk, hogy a szorgalmas munka \u00e9s az alkalmas id\u0151j\u00e1r\u00e1s minden ember sz\u00e1m\u00e1ra meghozza a mindennapi kenyeret!<br \/>\nH\u00edvek: K\u00e9r\u00fcnk T\u00e9ged, hallgass meg minket!<br \/>\n5. Te l\u00e9gy, Urunk, a szenved\u0151k enyh\u00fcl\u00e9se, a szomorkod\u00f3k vigasztal\u00e1sa \u00e9s halottaink \u00f6r\u00f6k jutalma!<br \/>\nH\u00edvek: K\u00e9r\u00fcnk T\u00e9ged, hallgass meg minket!<br \/>\nPap: Mennyei Aty\u00e1nk, add kegyelmedet, hogy minden m\u00e1s oltalomn\u00e1l \u00e9s seg\u00edts\u00e9gn\u00e9l ink\u00e1bb b\u00edzzunk gondvisel\u0151 j\u00f3s\u00e1godban! Krisztus, a mi Urunk \u00e1ltal.<br \/>\nH\u00edvek: \u00c1men.<\/p>\n<p><span style=\"color: #008000;\">Felaj\u00e1nl\u00f3 k\u00f6ny\u00f6rg\u00e9s:<\/span><br \/>\nUrunk, Isten\u00fcnk, te a kenyeret \u00e9s a bort els\u0151sorban muland\u00f3 f\u00f6ldi \u00e9let\u00fcnk t\u00e1pl\u00e1l\u00e9k\u00e1ul rendelted. Add, hogy \u00f6r\u00f6k \u00e9let\u00fcnk szents\u00e9gi t\u00e1pl\u00e1l\u00e9k\u00e1v\u00e1 is legyenek. Krisztus, a mi Urunk \u00e1ltal.<\/p>\n<p><span style=\"color: #008000;\">Pref\u00e1ci\u00f3:<\/span><br \/>\nMert val\u00f3ban m\u00e9lt\u00f3 \u00e9s igazs\u00e1gos, ill\u0151 \u00e9s \u00fcdv\u00f6s, hogy mindig \u00e9s minden\u00fctt h\u00e1l\u00e1t adjunk n\u00e9ked, mi Urunk, szents\u00e9ges Aty\u00e1nk, mindenhat\u00f3, \u00f6r\u00f6k Isten:<br \/>\nMert te alkott\u00e1l mindent, amib\u0151l a vil\u00e1g \u00e9p\u00fcl, az id\u0151k j\u00e1r\u00e1s\u00e1nak te szabt\u00e1l t\u00f6rv\u00e9nyt.<br \/>\nA te k\u00e9pm\u00e1sodra form\u00e1ltad az embert, s\u0151t hatalm\u00e1ba adtad mindazt, amit a vil\u00e1gban \u00e1mulva l\u00e1tunk, hogy helyettesedk\u00e9nt uralkodj\u00e9k minden m\u0171veden, \u00e9s nagy tetteid\u00e9rt sz\u00fcntelen magasztaljon T\u00e9ged, Krisztus, a mi Urunk \u00e1ltal.<br \/>\n\u00c9s ez\u00e9rt mi is dics\u0151\u00edt\u00fcnk az \u00f6sszes angyallal egy\u00fctt, vid\u00e1m l\u00e9lekkel \u00e9nekl\u00fcnk, \u00e9s h\u00e1l\u00e1s sz\u00edvvel zengj\u00fck:<\/p>\n<p><span style=\"color: #008000;\">\u00c1ldoz\u00e1si \u00e9nek:<\/span><br \/>\nAdjunk h\u00e1l\u00e1t az \u00darnak irgalmass\u00e1g\u00e1\u00e9rt, az emberek fiaival tett csod\u00e1i\u00e9rt, mert b\u0151 vizet adott a szomjaz\u00f3nak, \u00e9s az \u00e9hez\u0151t elt\u00f6lt\u00f6tte minden j\u00f3val. (V\u00f6. Zsolt 106,8-9)<br \/>\n<span style=\"color: #008000;\"><em>Vagy<\/em><\/span><br \/>\nBoldogok, akik s\u00edrnak, mert \u0151k vigasztal\u00e1st nyernek. Boldogok, akik \u00e9hezik \u00e9s szomjazz\u00e1k az igazs\u00e1got, mert \u0151k majd eltelnek vele. (Mt 5,5-6)<\/p>\n<p><span style=\"color: #008000;\">\u00c1ldoz\u00e1s ut\u00e1ni k\u00f6ny\u00f6rg\u00e9s:<\/span><br \/>\nIsten\u00fcnk, te egy keny\u00e9rb\u0151l adt\u00e1l enn\u00fcnk, \u00e9s egy kehelyb\u0151l adt\u00e1l innunk. Seg\u00edts, hogy egy legy\u00fcnk Krisztusban, \u00e9s \u00f6r\u00f6mmel munk\u00e1lkodjunk az eg\u00e9sz vil\u00e1g \u00fcdv\u00f6ss\u00e9g\u00e9n. Krisztus, a mi Urunk \u00e1ltal.<\/p>\n<p><em>(K\u00e9p forr\u00e1sa: Pixabay)<\/em><\/p>\n","protected":false},"excerpt":{"rendered":"<p>A szentmise els\u0151 k\u00f6ny\u00f6rg\u00e9se a kegyelem fontoss\u00e1g\u00e1t emeli ki. Mindaz, amit el\u00e9rhet\u00fcnk \u00e9let\u00fcnkben, kiz\u00e1r\u00f3lag Isten kegyelm\u00e9nek k\u00f6sz\u00f6nhet\u0151. Feladatom a kegyelem, a nekem juttatott karizma felismer\u00e9se. Ezt k\u00f6vet\u0151en pedig annak m\u00e1sok szolg\u00e1latba t\u00f6rt\u00e9n\u0151 \u00e1ll\u00edt\u00e1sa. Az olvasm\u00e1nyban Izaj\u00e1s pr\u00f3f\u00e9ta saj\u00e1t megh\u00edv\u00e1s t\u00f6rt\u00e9net\u00e9r\u0151l sz\u00f3l. Ami sz\u00e1momra elgondolkodtat\u00f3, hogy kezdetben jelen van \u00e9let\u00e9ben a f\u00e9lelem \u00e9s megd\u00f6bben\u00e9s. Tudat\u00e1ban van emberi gyenges\u00e9geinek \u00e9s kicsinys\u00e9g\u00e9nek. Tal\u00e1n ez\u00e9rt is annyira bizonytalan. Magamra ismerek? Magadra ismersz? Izaj\u00e1s nagys\u00e1ga, hogy hagyja mag\u00e1t meger\u0151s\u00edttetni. Sz\u00e1momra is ez a j\u00e1rhat\u00f3 \u00fat. A szentleck\u00e9ben P\u00e1l apostol az isteni kegyelem \u00e9let\u00e9ben megnyilv\u00e1nul\u00f3 hat\u00e9kony erej\u00e9r\u0151l sz\u00f3l: &#8222;Isten kegyelm\u00e9b\u0151l vagyok az, ami vagyok, s r\u00e1m \u00e1rasztott kegyelme nem maradt bennem hat\u00e1stalan. T\u00f6bbet dolgoztam mindegyik\u00fckn\u00e9l, igaz ugyan, hogy nem \u00e9n, hanem az Isten kegyelme, amely velem van.&#8221; Amennyiben nekem is siker\u00fcl \u00e1tadnom magam az isteni kegyelem sz\u00e1m\u00e1ra, \u00fagy \u00e9ppen olyan sikeres lehetek, mint maga P\u00e1l apostol.\u00a0 Az evang\u00e9liumi r\u00e9sz P\u00e9ter apostol megh\u00edv\u00e1st\u00f6rt\u00e9nete. Sz\u00e1mtalan alkalommal olvastam m\u00e1r, hallottam is mag\u00e1t a t\u00f6rt\u00e9netet. M\u00e9gis minden alkalommal meg\u00e9rint. Annyira emberi \u00e9s \u00e9leth\u0171 minden mondata. Most csak egy gondolatot emeln\u00e9k ki: am\u00edg Simon P\u00e9ternek nem siker\u00fcl levetnie b\u00fcszkes\u00e9g\u00e9t &#8211; mindent tud a hal\u00e1szatr\u00f3l -, addig nincs v\u00e1ltoz\u00e1s, nincs eredm\u00e9ny. Vagyis, a bennem v\u00e9gbemehet\u0151 nagy v\u00e1ltoz\u00e1snak mindig egyetlen akad\u00e1lya van: \u00f6nmagam b\u00fcszkes\u00e9ge, s mindaz, ami ehhez t\u00e1rsul. Ezt sohasem szabad elfelednem! Nyilv\u00e1nval\u00f3, ezt a harcot \u00f6nmagammal kell megv\u00edvnom. \u00d3ri\u00e1si hiba lenne, ha mindig m\u00e1sokat hib\u00e1ztatn\u00e9k. J\u00e9zus biztat\u00f3 szava hozz\u00e1m is sz\u00f3l: &#8222;Ne f\u00e9lj!&#8221; Kezd\u0151\u00e9nek: J\u00f6jjetek, boruljunk le, h\u00f3doljunk Urunk, alkot\u00f3nk el\u0151tt, hulljunk t\u00e9rdre, mert \u0151 az \u00dar, a mi Isten\u00fcnk. (Zsolt 94,6-7) K\u00f6ny\u00f6rg\u00e9s: Urunk, Isten\u00fcnk, \u0151rizd sz\u00fcntelen j\u00f3s\u00e1goddal h\u00e1zad n\u00e9p\u00e9t \u00e9s er\u0151s\u00edtsd oltalmaddal mindenkor, mert csak a te kegyelmedre hagyatkozhat. A mi Urunk, J\u00e9zus Krisztus, a te Fiad \u00e1ltal, aki veled \u00e9l \u00e9s uralkodik a Szentl\u00e9lekkel egys\u00e9gben, Isten mind\u00f6r\u00f6kk\u00f6n \u00f6r\u00f6kk\u00e9. OLVASM\u00c1NY Izaj\u00e1s pr\u00f3f\u00e9ta k\u00f6nyv\u00e9b\u0151l (Iz 6,1-2a.3-8) Izaj\u00e1s v\u00e1llalja a pr\u00f3f\u00e9tai k\u00fcldet\u00e9st&#8230;. <\/p>\n<p><a class=\"readmore\" href=\"https:\/\/stuttgarti-katolikusok.de\/index.php\/evkozi-5-vasarnap-3\/\">R\u00e9szletek<\/a><\/p>\n","protected":false},"author":3,"featured_media":24730,"comment_status":"closed","ping_status":"closed","sticky":false,"template":"","format":"standard","meta":{"footnotes":""},"categories":[85,63],"tags":[],"class_list":["post-30283","post","type-post","status-publish","format-standard","has-post-thumbnail","hentry","category-a-liturgia-olvasmanyai","category-vasarnapi-gondolatok"],"yoast_head":"<!-- This site is optimized with the Yoast SEO plugin v27.3 - https:\/\/yoast.com\/product\/yoast-seo-wordpress\/ -->\n<title>\u00c9vk\u00f6zi 5. vas\u00e1rnap - Stuttgarti Katolikusok<\/title>\n<meta name=\"robots\" content=\"index, follow, max-snippet:-1, max-image-preview:large, max-video-preview:-1\" \/>\n<link rel=\"canonical\" href=\"https:\/\/stuttgarti-katolikusok.de\/index.php\/evkozi-5-vasarnap-3\/\" \/>\n<meta property=\"og:locale\" content=\"hu_HU\" \/>\n<meta property=\"og:type\" content=\"article\" \/>\n<meta property=\"og:title\" content=\"\u00c9vk\u00f6zi 5. vas\u00e1rnap - Stuttgarti Katolikusok\" \/>\n<meta property=\"og:description\" content=\"A szentmise els\u0151 k\u00f6ny\u00f6rg\u00e9se a kegyelem fontoss\u00e1g\u00e1t emeli ki. Mindaz, amit el\u00e9rhet\u00fcnk \u00e9let\u00fcnkben, kiz\u00e1r\u00f3lag Isten kegyelm\u00e9nek k\u00f6sz\u00f6nhet\u0151. Feladatom a kegyelem, a nekem juttatott karizma felismer\u00e9se. Ezt k\u00f6vet\u0151en pedig annak m\u00e1sok szolg\u00e1latba t\u00f6rt\u00e9n\u0151 \u00e1ll\u00edt\u00e1sa. Az olvasm\u00e1nyban Izaj\u00e1s pr\u00f3f\u00e9ta saj\u00e1t megh\u00edv\u00e1s t\u00f6rt\u00e9net\u00e9r\u0151l sz\u00f3l. Ami sz\u00e1momra elgondolkodtat\u00f3, hogy kezdetben jelen van \u00e9let\u00e9ben a f\u00e9lelem \u00e9s megd\u00f6bben\u00e9s. Tudat\u00e1ban van emberi gyenges\u00e9geinek \u00e9s kicsinys\u00e9g\u00e9nek. Tal\u00e1n ez\u00e9rt is annyira bizonytalan. Magamra ismerek? Magadra ismersz? Izaj\u00e1s nagys\u00e1ga, hogy hagyja mag\u00e1t meger\u0151s\u00edttetni. Sz\u00e1momra is ez a j\u00e1rhat\u00f3 \u00fat. A szentleck\u00e9ben P\u00e1l apostol az isteni kegyelem \u00e9let\u00e9ben megnyilv\u00e1nul\u00f3 hat\u00e9kony erej\u00e9r\u0151l sz\u00f3l: &#8222;Isten kegyelm\u00e9b\u0151l vagyok az, ami vagyok, s r\u00e1m \u00e1rasztott kegyelme nem maradt bennem hat\u00e1stalan. T\u00f6bbet dolgoztam mindegyik\u00fckn\u00e9l, igaz ugyan, hogy nem \u00e9n, hanem az Isten kegyelme, amely velem van.&#8221; Amennyiben nekem is siker\u00fcl \u00e1tadnom magam az isteni kegyelem sz\u00e1m\u00e1ra, \u00fagy \u00e9ppen olyan sikeres lehetek, mint maga P\u00e1l apostol.\u00a0 Az evang\u00e9liumi r\u00e9sz P\u00e9ter apostol megh\u00edv\u00e1st\u00f6rt\u00e9nete. Sz\u00e1mtalan alkalommal olvastam m\u00e1r, hallottam is mag\u00e1t a t\u00f6rt\u00e9netet. M\u00e9gis minden alkalommal meg\u00e9rint. Annyira emberi \u00e9s \u00e9leth\u0171 minden mondata. Most csak egy gondolatot emeln\u00e9k ki: am\u00edg Simon P\u00e9ternek nem siker\u00fcl levetnie b\u00fcszkes\u00e9g\u00e9t &#8211; mindent tud a hal\u00e1szatr\u00f3l -, addig nincs v\u00e1ltoz\u00e1s, nincs eredm\u00e9ny. Vagyis, a bennem v\u00e9gbemehet\u0151 nagy v\u00e1ltoz\u00e1snak mindig egyetlen akad\u00e1lya van: \u00f6nmagam b\u00fcszkes\u00e9ge, s mindaz, ami ehhez t\u00e1rsul. Ezt sohasem szabad elfelednem! Nyilv\u00e1nval\u00f3, ezt a harcot \u00f6nmagammal kell megv\u00edvnom. \u00d3ri\u00e1si hiba lenne, ha mindig m\u00e1sokat hib\u00e1ztatn\u00e9k. J\u00e9zus biztat\u00f3 szava hozz\u00e1m is sz\u00f3l: &#8222;Ne f\u00e9lj!&#8221; Kezd\u0151\u00e9nek: J\u00f6jjetek, boruljunk le, h\u00f3doljunk Urunk, alkot\u00f3nk el\u0151tt, hulljunk t\u00e9rdre, mert \u0151 az \u00dar, a mi Isten\u00fcnk. (Zsolt 94,6-7) K\u00f6ny\u00f6rg\u00e9s: Urunk, Isten\u00fcnk, \u0151rizd sz\u00fcntelen j\u00f3s\u00e1goddal h\u00e1zad n\u00e9p\u00e9t \u00e9s er\u0151s\u00edtsd oltalmaddal mindenkor, mert csak a te kegyelmedre hagyatkozhat. A mi Urunk, J\u00e9zus Krisztus, a te Fiad \u00e1ltal, aki veled \u00e9l \u00e9s uralkodik a Szentl\u00e9lekkel egys\u00e9gben, Isten mind\u00f6r\u00f6kk\u00f6n \u00f6r\u00f6kk\u00e9. OLVASM\u00c1NY Izaj\u00e1s pr\u00f3f\u00e9ta k\u00f6nyv\u00e9b\u0151l (Iz 6,1-2a.3-8) Izaj\u00e1s v\u00e1llalja a pr\u00f3f\u00e9tai k\u00fcldet\u00e9st.... R\u00e9szletek\" \/>\n<meta property=\"og:url\" content=\"https:\/\/stuttgarti-katolikusok.de\/index.php\/evkozi-5-vasarnap-3\/\" \/>\n<meta property=\"og:site_name\" content=\"Stuttgarti Katolikusok\" \/>\n<meta property=\"article:published_time\" content=\"2025-02-08T10:09:50+00:00\" \/>\n<meta property=\"article:modified_time\" content=\"2025-03-25T22:39:22+00:00\" \/>\n<meta property=\"og:image\" content=\"https:\/\/stuttgarti-katolikusok.de\/wp-content\/uploads\/2023\/01\/man-6342665-1280.jpg\" \/>\n\t<meta property=\"og:image:width\" content=\"1280\" \/>\n\t<meta property=\"og:image:height\" content=\"854\" \/>\n\t<meta property=\"og:image:type\" content=\"image\/jpeg\" \/>\n<meta name=\"author\" content=\"Tibor atya\" \/>\n<meta name=\"twitter:card\" content=\"summary_large_image\" \/>\n<meta name=\"twitter:label1\" content=\"Szerz\u0151:\" \/>\n\t<meta name=\"twitter:data1\" content=\"Tibor atya\" \/>\n\t<meta name=\"twitter:label2\" content=\"Becs\u00fclt olvas\u00e1si id\u0151\" \/>\n\t<meta name=\"twitter:data2\" content=\"9 perc\" \/>\n<script type=\"application\/ld+json\" class=\"yoast-schema-graph\">{\"@context\":\"https:\\\/\\\/schema.org\",\"@graph\":[{\"@type\":\"Article\",\"@id\":\"https:\\\/\\\/stuttgarti-katolikusok.de\\\/index.php\\\/evkozi-5-vasarnap-3\\\/#article\",\"isPartOf\":{\"@id\":\"https:\\\/\\\/stuttgarti-katolikusok.de\\\/index.php\\\/evkozi-5-vasarnap-3\\\/\"},\"author\":{\"name\":\"Tibor atya\",\"@id\":\"https:\\\/\\\/stuttgarti-katolikusok.de\\\/#\\\/schema\\\/person\\\/75908d6f8fdc03a57889d27209df7795\"},\"headline\":\"\u00c9vk\u00f6zi 5. vas\u00e1rnap\",\"datePublished\":\"2025-02-08T10:09:50+00:00\",\"dateModified\":\"2025-03-25T22:39:22+00:00\",\"mainEntityOfPage\":{\"@id\":\"https:\\\/\\\/stuttgarti-katolikusok.de\\\/index.php\\\/evkozi-5-vasarnap-3\\\/\"},\"wordCount\":2060,\"image\":{\"@id\":\"https:\\\/\\\/stuttgarti-katolikusok.de\\\/index.php\\\/evkozi-5-vasarnap-3\\\/#primaryimage\"},\"thumbnailUrl\":\"https:\\\/\\\/stuttgarti-katolikusok.de\\\/wp-content\\\/uploads\\\/2023\\\/01\\\/man-6342665-1280.jpg\",\"articleSection\":[\"A liturgia olvasm\u00e1nyai\",\"Vas\u00e1rnapi gondolatok\"],\"inLanguage\":\"hu\"},{\"@type\":\"WebPage\",\"@id\":\"https:\\\/\\\/stuttgarti-katolikusok.de\\\/index.php\\\/evkozi-5-vasarnap-3\\\/\",\"url\":\"https:\\\/\\\/stuttgarti-katolikusok.de\\\/index.php\\\/evkozi-5-vasarnap-3\\\/\",\"name\":\"\u00c9vk\u00f6zi 5. vas\u00e1rnap - Stuttgarti Katolikusok\",\"isPartOf\":{\"@id\":\"https:\\\/\\\/stuttgarti-katolikusok.de\\\/#website\"},\"primaryImageOfPage\":{\"@id\":\"https:\\\/\\\/stuttgarti-katolikusok.de\\\/index.php\\\/evkozi-5-vasarnap-3\\\/#primaryimage\"},\"image\":{\"@id\":\"https:\\\/\\\/stuttgarti-katolikusok.de\\\/index.php\\\/evkozi-5-vasarnap-3\\\/#primaryimage\"},\"thumbnailUrl\":\"https:\\\/\\\/stuttgarti-katolikusok.de\\\/wp-content\\\/uploads\\\/2023\\\/01\\\/man-6342665-1280.jpg\",\"datePublished\":\"2025-02-08T10:09:50+00:00\",\"dateModified\":\"2025-03-25T22:39:22+00:00\",\"author\":{\"@id\":\"https:\\\/\\\/stuttgarti-katolikusok.de\\\/#\\\/schema\\\/person\\\/75908d6f8fdc03a57889d27209df7795\"},\"breadcrumb\":{\"@id\":\"https:\\\/\\\/stuttgarti-katolikusok.de\\\/index.php\\\/evkozi-5-vasarnap-3\\\/#breadcrumb\"},\"inLanguage\":\"hu\",\"potentialAction\":[{\"@type\":\"ReadAction\",\"target\":[\"https:\\\/\\\/stuttgarti-katolikusok.de\\\/index.php\\\/evkozi-5-vasarnap-3\\\/\"]}]},{\"@type\":\"ImageObject\",\"inLanguage\":\"hu\",\"@id\":\"https:\\\/\\\/stuttgarti-katolikusok.de\\\/index.php\\\/evkozi-5-vasarnap-3\\\/#primaryimage\",\"url\":\"https:\\\/\\\/stuttgarti-katolikusok.de\\\/wp-content\\\/uploads\\\/2023\\\/01\\\/man-6342665-1280.jpg\",\"contentUrl\":\"https:\\\/\\\/stuttgarti-katolikusok.de\\\/wp-content\\\/uploads\\\/2023\\\/01\\\/man-6342665-1280.jpg\",\"width\":1280,\"height\":854},{\"@type\":\"BreadcrumbList\",\"@id\":\"https:\\\/\\\/stuttgarti-katolikusok.de\\\/index.php\\\/evkozi-5-vasarnap-3\\\/#breadcrumb\",\"itemListElement\":[{\"@type\":\"ListItem\",\"position\":1,\"name\":\"Kezd\u0151lap\",\"item\":\"https:\\\/\\\/stuttgarti-katolikusok.de\\\/\"},{\"@type\":\"ListItem\",\"position\":2,\"name\":\"\u00c9vk\u00f6zi 5. vas\u00e1rnap\"}]},{\"@type\":\"WebSite\",\"@id\":\"https:\\\/\\\/stuttgarti-katolikusok.de\\\/#website\",\"url\":\"https:\\\/\\\/stuttgarti-katolikusok.de\\\/\",\"name\":\"Stuttgarti Katolikusok\",\"description\":\"\",\"potentialAction\":[{\"@type\":\"SearchAction\",\"target\":{\"@type\":\"EntryPoint\",\"urlTemplate\":\"https:\\\/\\\/stuttgarti-katolikusok.de\\\/?s={search_term_string}\"},\"query-input\":{\"@type\":\"PropertyValueSpecification\",\"valueRequired\":true,\"valueName\":\"search_term_string\"}}],\"inLanguage\":\"hu\"},{\"@type\":\"Person\",\"@id\":\"https:\\\/\\\/stuttgarti-katolikusok.de\\\/#\\\/schema\\\/person\\\/75908d6f8fdc03a57889d27209df7795\",\"name\":\"Tibor atya\",\"image\":{\"@type\":\"ImageObject\",\"inLanguage\":\"hu\",\"@id\":\"https:\\\/\\\/secure.gravatar.com\\\/avatar\\\/61d268e57d1f4525b111222e29d2d5a7f8c420fdbf231ba5566a8ceac74fa960?s=96&d=mm&r=g\",\"url\":\"https:\\\/\\\/secure.gravatar.com\\\/avatar\\\/61d268e57d1f4525b111222e29d2d5a7f8c420fdbf231ba5566a8ceac74fa960?s=96&d=mm&r=g\",\"contentUrl\":\"https:\\\/\\\/secure.gravatar.com\\\/avatar\\\/61d268e57d1f4525b111222e29d2d5a7f8c420fdbf231ba5566a8ceac74fa960?s=96&d=mm&r=g\",\"caption\":\"Tibor atya\"},\"url\":\"https:\\\/\\\/stuttgarti-katolikusok.de\\\/index.php\\\/author\\\/tibor-atya\\\/\"}]}<\/script>\n<!-- \/ Yoast SEO plugin. -->","yoast_head_json":{"title":"\u00c9vk\u00f6zi 5. vas\u00e1rnap - Stuttgarti Katolikusok","robots":{"index":"index","follow":"follow","max-snippet":"max-snippet:-1","max-image-preview":"max-image-preview:large","max-video-preview":"max-video-preview:-1"},"canonical":"https:\/\/stuttgarti-katolikusok.de\/index.php\/evkozi-5-vasarnap-3\/","og_locale":"hu_HU","og_type":"article","og_title":"\u00c9vk\u00f6zi 5. vas\u00e1rnap - Stuttgarti Katolikusok","og_description":"A szentmise els\u0151 k\u00f6ny\u00f6rg\u00e9se a kegyelem fontoss\u00e1g\u00e1t emeli ki. Mindaz, amit el\u00e9rhet\u00fcnk \u00e9let\u00fcnkben, kiz\u00e1r\u00f3lag Isten kegyelm\u00e9nek k\u00f6sz\u00f6nhet\u0151. Feladatom a kegyelem, a nekem juttatott karizma felismer\u00e9se. Ezt k\u00f6vet\u0151en pedig annak m\u00e1sok szolg\u00e1latba t\u00f6rt\u00e9n\u0151 \u00e1ll\u00edt\u00e1sa. Az olvasm\u00e1nyban Izaj\u00e1s pr\u00f3f\u00e9ta saj\u00e1t megh\u00edv\u00e1s t\u00f6rt\u00e9net\u00e9r\u0151l sz\u00f3l. Ami sz\u00e1momra elgondolkodtat\u00f3, hogy kezdetben jelen van \u00e9let\u00e9ben a f\u00e9lelem \u00e9s megd\u00f6bben\u00e9s. Tudat\u00e1ban van emberi gyenges\u00e9geinek \u00e9s kicsinys\u00e9g\u00e9nek. Tal\u00e1n ez\u00e9rt is annyira bizonytalan. Magamra ismerek? Magadra ismersz? Izaj\u00e1s nagys\u00e1ga, hogy hagyja mag\u00e1t meger\u0151s\u00edttetni. Sz\u00e1momra is ez a j\u00e1rhat\u00f3 \u00fat. A szentleck\u00e9ben P\u00e1l apostol az isteni kegyelem \u00e9let\u00e9ben megnyilv\u00e1nul\u00f3 hat\u00e9kony erej\u00e9r\u0151l sz\u00f3l: &#8222;Isten kegyelm\u00e9b\u0151l vagyok az, ami vagyok, s r\u00e1m \u00e1rasztott kegyelme nem maradt bennem hat\u00e1stalan. T\u00f6bbet dolgoztam mindegyik\u00fckn\u00e9l, igaz ugyan, hogy nem \u00e9n, hanem az Isten kegyelme, amely velem van.&#8221; Amennyiben nekem is siker\u00fcl \u00e1tadnom magam az isteni kegyelem sz\u00e1m\u00e1ra, \u00fagy \u00e9ppen olyan sikeres lehetek, mint maga P\u00e1l apostol.\u00a0 Az evang\u00e9liumi r\u00e9sz P\u00e9ter apostol megh\u00edv\u00e1st\u00f6rt\u00e9nete. Sz\u00e1mtalan alkalommal olvastam m\u00e1r, hallottam is mag\u00e1t a t\u00f6rt\u00e9netet. M\u00e9gis minden alkalommal meg\u00e9rint. Annyira emberi \u00e9s \u00e9leth\u0171 minden mondata. Most csak egy gondolatot emeln\u00e9k ki: am\u00edg Simon P\u00e9ternek nem siker\u00fcl levetnie b\u00fcszkes\u00e9g\u00e9t &#8211; mindent tud a hal\u00e1szatr\u00f3l -, addig nincs v\u00e1ltoz\u00e1s, nincs eredm\u00e9ny. Vagyis, a bennem v\u00e9gbemehet\u0151 nagy v\u00e1ltoz\u00e1snak mindig egyetlen akad\u00e1lya van: \u00f6nmagam b\u00fcszkes\u00e9ge, s mindaz, ami ehhez t\u00e1rsul. Ezt sohasem szabad elfelednem! Nyilv\u00e1nval\u00f3, ezt a harcot \u00f6nmagammal kell megv\u00edvnom. \u00d3ri\u00e1si hiba lenne, ha mindig m\u00e1sokat hib\u00e1ztatn\u00e9k. J\u00e9zus biztat\u00f3 szava hozz\u00e1m is sz\u00f3l: &#8222;Ne f\u00e9lj!&#8221; Kezd\u0151\u00e9nek: J\u00f6jjetek, boruljunk le, h\u00f3doljunk Urunk, alkot\u00f3nk el\u0151tt, hulljunk t\u00e9rdre, mert \u0151 az \u00dar, a mi Isten\u00fcnk. (Zsolt 94,6-7) K\u00f6ny\u00f6rg\u00e9s: Urunk, Isten\u00fcnk, \u0151rizd sz\u00fcntelen j\u00f3s\u00e1goddal h\u00e1zad n\u00e9p\u00e9t \u00e9s er\u0151s\u00edtsd oltalmaddal mindenkor, mert csak a te kegyelmedre hagyatkozhat. A mi Urunk, J\u00e9zus Krisztus, a te Fiad \u00e1ltal, aki veled \u00e9l \u00e9s uralkodik a Szentl\u00e9lekkel egys\u00e9gben, Isten mind\u00f6r\u00f6kk\u00f6n \u00f6r\u00f6kk\u00e9. OLVASM\u00c1NY Izaj\u00e1s pr\u00f3f\u00e9ta k\u00f6nyv\u00e9b\u0151l (Iz 6,1-2a.3-8) Izaj\u00e1s v\u00e1llalja a pr\u00f3f\u00e9tai k\u00fcldet\u00e9st.... R\u00e9szletek","og_url":"https:\/\/stuttgarti-katolikusok.de\/index.php\/evkozi-5-vasarnap-3\/","og_site_name":"Stuttgarti Katolikusok","article_published_time":"2025-02-08T10:09:50+00:00","article_modified_time":"2025-03-25T22:39:22+00:00","og_image":[{"width":1280,"height":854,"url":"https:\/\/stuttgarti-katolikusok.de\/wp-content\/uploads\/2023\/01\/man-6342665-1280.jpg","type":"image\/jpeg"}],"author":"Tibor atya","twitter_card":"summary_large_image","twitter_misc":{"Szerz\u0151:":"Tibor atya","Becs\u00fclt olvas\u00e1si id\u0151":"9 perc"},"schema":{"@context":"https:\/\/schema.org","@graph":[{"@type":"Article","@id":"https:\/\/stuttgarti-katolikusok.de\/index.php\/evkozi-5-vasarnap-3\/#article","isPartOf":{"@id":"https:\/\/stuttgarti-katolikusok.de\/index.php\/evkozi-5-vasarnap-3\/"},"author":{"name":"Tibor atya","@id":"https:\/\/stuttgarti-katolikusok.de\/#\/schema\/person\/75908d6f8fdc03a57889d27209df7795"},"headline":"\u00c9vk\u00f6zi 5. vas\u00e1rnap","datePublished":"2025-02-08T10:09:50+00:00","dateModified":"2025-03-25T22:39:22+00:00","mainEntityOfPage":{"@id":"https:\/\/stuttgarti-katolikusok.de\/index.php\/evkozi-5-vasarnap-3\/"},"wordCount":2060,"image":{"@id":"https:\/\/stuttgarti-katolikusok.de\/index.php\/evkozi-5-vasarnap-3\/#primaryimage"},"thumbnailUrl":"https:\/\/stuttgarti-katolikusok.de\/wp-content\/uploads\/2023\/01\/man-6342665-1280.jpg","articleSection":["A liturgia olvasm\u00e1nyai","Vas\u00e1rnapi gondolatok"],"inLanguage":"hu"},{"@type":"WebPage","@id":"https:\/\/stuttgarti-katolikusok.de\/index.php\/evkozi-5-vasarnap-3\/","url":"https:\/\/stuttgarti-katolikusok.de\/index.php\/evkozi-5-vasarnap-3\/","name":"\u00c9vk\u00f6zi 5. vas\u00e1rnap - Stuttgarti Katolikusok","isPartOf":{"@id":"https:\/\/stuttgarti-katolikusok.de\/#website"},"primaryImageOfPage":{"@id":"https:\/\/stuttgarti-katolikusok.de\/index.php\/evkozi-5-vasarnap-3\/#primaryimage"},"image":{"@id":"https:\/\/stuttgarti-katolikusok.de\/index.php\/evkozi-5-vasarnap-3\/#primaryimage"},"thumbnailUrl":"https:\/\/stuttgarti-katolikusok.de\/wp-content\/uploads\/2023\/01\/man-6342665-1280.jpg","datePublished":"2025-02-08T10:09:50+00:00","dateModified":"2025-03-25T22:39:22+00:00","author":{"@id":"https:\/\/stuttgarti-katolikusok.de\/#\/schema\/person\/75908d6f8fdc03a57889d27209df7795"},"breadcrumb":{"@id":"https:\/\/stuttgarti-katolikusok.de\/index.php\/evkozi-5-vasarnap-3\/#breadcrumb"},"inLanguage":"hu","potentialAction":[{"@type":"ReadAction","target":["https:\/\/stuttgarti-katolikusok.de\/index.php\/evkozi-5-vasarnap-3\/"]}]},{"@type":"ImageObject","inLanguage":"hu","@id":"https:\/\/stuttgarti-katolikusok.de\/index.php\/evkozi-5-vasarnap-3\/#primaryimage","url":"https:\/\/stuttgarti-katolikusok.de\/wp-content\/uploads\/2023\/01\/man-6342665-1280.jpg","contentUrl":"https:\/\/stuttgarti-katolikusok.de\/wp-content\/uploads\/2023\/01\/man-6342665-1280.jpg","width":1280,"height":854},{"@type":"BreadcrumbList","@id":"https:\/\/stuttgarti-katolikusok.de\/index.php\/evkozi-5-vasarnap-3\/#breadcrumb","itemListElement":[{"@type":"ListItem","position":1,"name":"Kezd\u0151lap","item":"https:\/\/stuttgarti-katolikusok.de\/"},{"@type":"ListItem","position":2,"name":"\u00c9vk\u00f6zi 5. vas\u00e1rnap"}]},{"@type":"WebSite","@id":"https:\/\/stuttgarti-katolikusok.de\/#website","url":"https:\/\/stuttgarti-katolikusok.de\/","name":"Stuttgarti Katolikusok","description":"","potentialAction":[{"@type":"SearchAction","target":{"@type":"EntryPoint","urlTemplate":"https:\/\/stuttgarti-katolikusok.de\/?s={search_term_string}"},"query-input":{"@type":"PropertyValueSpecification","valueRequired":true,"valueName":"search_term_string"}}],"inLanguage":"hu"},{"@type":"Person","@id":"https:\/\/stuttgarti-katolikusok.de\/#\/schema\/person\/75908d6f8fdc03a57889d27209df7795","name":"Tibor atya","image":{"@type":"ImageObject","inLanguage":"hu","@id":"https:\/\/secure.gravatar.com\/avatar\/61d268e57d1f4525b111222e29d2d5a7f8c420fdbf231ba5566a8ceac74fa960?s=96&d=mm&r=g","url":"https:\/\/secure.gravatar.com\/avatar\/61d268e57d1f4525b111222e29d2d5a7f8c420fdbf231ba5566a8ceac74fa960?s=96&d=mm&r=g","contentUrl":"https:\/\/secure.gravatar.com\/avatar\/61d268e57d1f4525b111222e29d2d5a7f8c420fdbf231ba5566a8ceac74fa960?s=96&d=mm&r=g","caption":"Tibor atya"},"url":"https:\/\/stuttgarti-katolikusok.de\/index.php\/author\/tibor-atya\/"}]}},"_links":{"self":[{"href":"https:\/\/stuttgarti-katolikusok.de\/index.php\/wp-json\/wp\/v2\/posts\/30283","targetHints":{"allow":["GET"]}}],"collection":[{"href":"https:\/\/stuttgarti-katolikusok.de\/index.php\/wp-json\/wp\/v2\/posts"}],"about":[{"href":"https:\/\/stuttgarti-katolikusok.de\/index.php\/wp-json\/wp\/v2\/types\/post"}],"author":[{"embeddable":true,"href":"https:\/\/stuttgarti-katolikusok.de\/index.php\/wp-json\/wp\/v2\/users\/3"}],"replies":[{"embeddable":true,"href":"https:\/\/stuttgarti-katolikusok.de\/index.php\/wp-json\/wp\/v2\/comments?post=30283"}],"version-history":[{"count":4,"href":"https:\/\/stuttgarti-katolikusok.de\/index.php\/wp-json\/wp\/v2\/posts\/30283\/revisions"}],"predecessor-version":[{"id":30287,"href":"https:\/\/stuttgarti-katolikusok.de\/index.php\/wp-json\/wp\/v2\/posts\/30283\/revisions\/30287"}],"wp:featuredmedia":[{"embeddable":true,"href":"https:\/\/stuttgarti-katolikusok.de\/index.php\/wp-json\/wp\/v2\/media\/24730"}],"wp:attachment":[{"href":"https:\/\/stuttgarti-katolikusok.de\/index.php\/wp-json\/wp\/v2\/media?parent=30283"}],"wp:term":[{"taxonomy":"category","embeddable":true,"href":"https:\/\/stuttgarti-katolikusok.de\/index.php\/wp-json\/wp\/v2\/categories?post=30283"},{"taxonomy":"post_tag","embeddable":true,"href":"https:\/\/stuttgarti-katolikusok.de\/index.php\/wp-json\/wp\/v2\/tags?post=30283"}],"curies":[{"name":"wp","href":"https:\/\/api.w.org\/{rel}","templated":true}]}}