{"id":30280,"date":"2025-02-02T10:33:16","date_gmt":"2025-02-02T09:33:16","guid":{"rendered":"https:\/\/stuttgarti-katolikusok.de\/?p=30280"},"modified":"2025-03-18T23:39:24","modified_gmt":"2025-03-18T22:39:24","slug":"kreativ-kezmuves-delutan-a-baratsagklubban","status":"publish","type":"post","link":"https:\/\/stuttgarti-katolikusok.de\/index.php\/kreativ-kezmuves-delutan-a-baratsagklubban\/","title":{"rendered":"Kreat\u00edv, k\u00e9zm\u0171ves d\u00e9lut\u00e1n a Bar\u00e1ts\u00e1gklubban"},"content":{"rendered":"<p><span style=\"color: #ff6600;\"><em>R\u00e9gi ad\u00f3ss\u00e1gomat t\u00f6rlesztem a mostani \u00edr\u00e1s megjelentet\u00e9s\u00e9vel. Stauder Marika tal\u00e1lkoz\u00f3nkat k\u00f6vet\u0151en nagyon hamar elk\u00e9sz\u00edtette besz\u00e1mol\u00f3j\u00e1t. Az igazs\u00e1g pedig az, hogy egyszer\u0171en elfeledkeztem r\u00f3la. Ennek ellen\u00e9re, b\u00e1r most ker\u00fcl k\u00f6zl\u00e9sre a besz\u00e1mol\u00f3, sokunk \u00f6r\u00f6m\u00e9t szolg\u00e1lja.<\/em><\/span><\/p>\n<p><span style=\"color: #ff6600;\"><em>Fogadj\u00e1tok szeretettel:<\/em><\/span><\/p>\n<p>Az id\u0151 kereke forog, forog. Nem tudom mi\u00e9rt, de nekem \u00fagy t\u0171nik, hogy az id\u0151 m\u00fal\u00e1sa felgyorsult! Vagy \u00e9n lettem tal\u00e1n lassabb? \u00dagy t\u0171nik most volt \u00e9v eleje \u00e9s m\u00e1r az \u00e9v utols\u00f3 h\u00f3napj\u00e1ban, decemberben vagyunk.<\/p>\n<p>Decembernek is meg van \u00e1m a maga var\u00e1zsa. Megkezd\u0151d\u00f6tt az Advent. A v\u00e1rakoz\u00e1s id\u0151szak\u00e1ban vagyunk, amelynek szimb\u00f3luma: az adventi koszor\u00fa gyerty\u00e1i, amelyek az adventi id\u0151szak n\u00e9gy het\u00e9t jelk\u00e9pezik. Az adventi koszor\u00fa \u00f6r\u00f6kz\u00f6ld \u00e1gai a rem\u00e9nyt \u00e9s az \u00e9letet jelk\u00e9pezik, a gyerty\u00e1k pedig az er\u0151s\u00f6d\u0151 f\u00e9nyt, J\u00e9zus elj\u00f6vetel\u00e9nek k\u00f6zeledt\u00e9t. A n\u00e9gy gyertya a h\u00e1rom isteni er\u00e9nyt \u2013 hit, rem\u00e9ny, szeretet -, \u00e9s a kereszt\u00e9ny \u00e9let alappill\u00e9r\u00e9t, az \u00f6r\u00f6m\u00f6t jelk\u00e9pezi.<\/p>\n<p>Sz\u00e1momra advent egy nagyon sz\u00e9p id\u0151szaka az \u00e9vnek. Misszi\u00f3nkban is pezsg\u0151bb az \u00e9let. A p\u00e9ntek d\u00e9lut\u00e1ni szentmis\u00e9ket, rorat\u00e9-mis\u00e9k helyettes\u00edtik, amelyek k\u00f6z\u00f6s reggelivel fejez\u0151dnek be. Nagyon kellemes, sz\u00e9p egy\u00fcttl\u00e9t a h\u00edveknek. Misszi\u00f3 keret\u00e9ben m\u0171k\u00f6d\u0151 k\u00fcl\u00f6nb\u00f6z\u0151 csoportok is adventi \u00fcnneps\u00e9get tartanak.<\/p>\n<p>A bar\u00e1ts\u00e1gklub tagjainak is \u00e9rkezett megh\u00edv\u00f3 ebben az \u00e9vben az utols\u00f3 tal\u00e1lkoz\u00e1sukra. \u00d6r\u00f6mmel olvastuk a kedvesen fogalmazott megh\u00edv\u00f3t, ami, mint mindig, tartalm\u00e1val, sz\u00fcrke napjainkat megsz\u00ednes\u00edti.<\/p>\n<p>December 6-\u00e1n tal\u00e1lkoztunk. Gy\u00f6ny\u00f6r\u0171en d\u00edsz\u00edtett asztal, forralt bor illata v\u00e1rta a tagokat. Erika, kedves bar\u00e1tn\u0151j\u00e9nek, T\u00fcnd\u00e9nek \u00edzl\u00e9ses, sz\u00e9p asztald\u00edsz\u00edt\u00e9se \u00fcnnepi hangulatot teremtett a teremben. K\u00f6sz\u00f6nj\u00fck sz\u00e9pen, kedves T\u00fcnde! \u00d6r\u00f6m\u00fcnkre gyereksereg \u00e9rkezett sz\u00fcl\u0151k k\u00eds\u00e9ret\u00e9ben. \u00cdgy azt\u00e1n sz\u00ednes lett a t\u00e1rsas\u00e1g, gyerekekkel \u00e9s \u00fagymond, a &#8222;m\u00e1sodik gyerekkorukhoz k\u00f6zeled\u0151k&#8221;-kel telt meg a terem. Tibor atya \u00e9s Erika \u00fcdv\u00f6z\u00f6ltek benn\u00fcnket.<\/p>\n<p>Erika bemutatta k\u00e9t nagyon kedves vend\u00e9g\u00fcnket: Szamosi Madar\u00e1sz Erzs\u00e9betet, aki a m\u00e9zeskal\u00e1csok d\u00edsz\u00edt\u00e9s\u00e9vel, \u00e9s Benke M\u00e1ri\u00e1t, aki kar\u00e1csonyi d\u00edszek k\u00e9sz\u00edt\u00e9s\u00e9vel is foglalkoznak. Egyszer csak cseng\u0151 csilingel\u00e9sre lett\u00fcnk figyelmesek. Meglepet\u00e9s\u00fcnkre a dr\u00e1ga j\u00f3 Mikul\u00e1s k\u00eds\u00e9r\u0151j\u00e9vel, a krampusszal elj\u00f6tt hozz\u00e1nk, gyerekek, feln\u0151ttek \u00f6r\u00f6m\u00e9re.<\/p>\n<p>Eszembe jutott egy kicsi, gyerekkori pillanat, mikor hozz\u00e1m is j\u00f6tt a Mikul\u00e1s a krampusszal, akinek m\u00e9g virg\u00e1cs is volt a k\u00e9ziben. Nagyon f\u00e9ltem \u00e9s gyorsan a h\u00e1l\u00f3szob\u00e1ban az \u00e1gy al\u00e1 b\u00fajtam. A Mikul\u00e1s kellemes hangj\u00e1val k\u00f6sz\u00f6nt\u00f6tt benn\u00fcnket, mindenki csendben hallgatta p\u00e1r mondat\u00e1t. Azt\u00e1n a gyereksereg sorba \u00e1llva v\u00e1rta az aj\u00e1nd\u00e9kot, amit a Mikul\u00e1s k\u00eds\u00e9r\u0151je osztogatott nekik. K\u00f6zben a Mikul\u00e1s b\u00e1csi, k\u00e9rdez\u0151sk\u00f6d\u00f6tt, h\u00e1ny \u00e9vesek, szeretnek-e tanulni, seg\u00edtenek-e \u00e9desanyuknak&#8230; Engem nagyon leny\u0171g\u00f6z\u00f6tt a dr\u00e1ga kicsik arckifejez\u00e9s\u00fck, ahogy megillet\u0151dve feln\u00e9ztek a Mikul\u00e1sra \u00e9s milyen illedelmesen v\u00e1laszoltak a k\u00e9rd\u00e9sekre.<\/p>\n<p>Felejthetetlen marad nekem! Tibor atya besz\u00e9lt m\u00e9g Szent Mikl\u00f3s p\u00fcsp\u00f6kr\u0151l. Szent Mikl\u00f3s p\u00fcsp\u00f6k, a hit v\u00e9delmez\u0151je, a szeg\u00e9nyek gy\u00e1mol\u00edt\u00f3ja \u00e9vsz\u00e1zadok \u00f3ta az egyik legn\u00e9pszer\u0171bb szent, az aj\u00e1nd\u00e9koz\u00f3 szeretet, az utaz\u00f3k, haj\u00f3sok, hal\u00e1szok, keresked\u0151k, a zar\u00e1ndokok \u00e9s a f\u00e9rjez menni v\u00e1gy\u00f3 l\u00e1nyok patr\u00f3nusa.<\/p>\n<p>Gazdag sz\u00fcl\u0151k gyermekek\u00e9nt sz\u00fcletett Anatoli\u00e1ban, Patara v\u00e1ros\u00e1ban, de kor\u00e1n \u00e1rvas\u00e1gra jutott. Kolostorba ker\u00fclt, ahol nagyb\u00e1tyj\u00e1nak, Patara \u00e9rsek\u00e9nek fel\u00fcgyelete alatt nevelkedett.<\/p>\n<p>V\u00e9g\u00fcl a papi h\u00edvat\u00e1st v\u00e1lasztotta.\u00a0 Anatolia f\u0151v\u00e1ros\u00e1ban, Myr\u00e1ban telepedett le. M\u00e9g nem volt harminc \u00e9ves, amikor megv\u00e1lasztj\u00e1k a v\u00e1ros p\u00fcsp\u00f6k\u00e9v\u00e9. Minden vagyon\u00e1t a gyerekek \u00e9s a szeg\u00e9nyek, a bajba jutottak megseg\u00edt\u00e9s\u00e9re ford\u00edtotta. Mindenkinek minden sz\u00fcks\u00e9gben gyors seg\u00edt\u0151je volt. \u00c9let\u00e9r\u0151l sok legenda ismert, ezek alapj\u00e1n sz\u00fcletett meg Mikul\u00e1s alakja. A hagyom\u00e1ny szerint a Krisztus ut\u00e1ni 342-ben december 6-\u00e1n halt meg, Myr\u00e1ban, t\u00f6bb mint \u00f6tven \u00e9vi f\u0151p\u00e1sztori tiszts\u00e9g ut\u00e1n.<\/p>\n<p>Miut\u00e1n Tibor atya befejezte Szent Mikl\u00f3s p\u00fcsp\u00f6kr\u0151l besz\u00e9dj\u00e9t, gyerekek, anyuk\u00e1k \u00fclt\u00e9k k\u00f6r\u00fcl a m\u00e9zeskal\u00e1cs d\u00edsz\u00edt\u00e9s\u00e9re \u00e9s a bark\u00e1csol\u00e1s k\u00e9sz\u00edt\u00e9s\u00e9re el\u0151k\u00e9sz\u00edtett asztalokat. Az asztalok megteltek a kid\u00edsz\u00edt\u00e9sre v\u00e1r\u00f3 m\u00e9zeskal\u00e1csokkal, az ehhez val\u00f3 eszk\u00f6z\u00f6kkel. Erzs\u00e9bet hozz\u00e1 fogott a bemutat\u00e1sra, magyar\u00e1z\u00e1sra,\u00a0hogyan is kell ilyesmit csin\u00e1lni. M\u00e1ria pedig a bark\u00e1csol\u00e1snak fogott hozz\u00e1, az \u00e9rdekl\u0151d\u0151 gyerekekkel. Az egyik kisle\u00e1ny \u00e9desanya, aki hossz\u00fa napi munka ut\u00e1n, szeretett volna haza menni, gyermeke kedv\u00e9\u00e9rt m\u00e9g maradnia kellett. Azt jelenti, mindenki j\u00f3l \u00e9rezte mag\u00e1t. K\u00f6zben a Mikul\u00e1s is elb\u00facs\u00fazott, rem\u00e9lj\u00fck j\u00f3k maradunk \u00e9s j\u00f6v\u0151re is megl\u00e1togat benn\u00fcnket!<\/p>\n<p>A misszi\u00f3nk az id\u00e9n is bekapcsol\u00f3dott a J\u00f3nak lenni j\u00f3! adom\u00e1ny gy\u0171jt\u0151 kamp\u00e1ny\u00e1ba. A Bar\u00e1ts\u00e1gklub is hozz\u00e1j\u00e1rul ehhez a gy\u0171jt\u00e9shez, a kid\u00edsz\u00edtett m\u00e9zeskal\u00e1csok is \u00e1rus\u00edt\u00e1sra ker\u00fclnek december 15-\u00e9n, \u201eEgy\u00fctt j\u00f3nak lenni m\u00e9g jobb&#8221; rendezv\u00e9ny\u00e9n. Nem nagy bej\u00f6vetel, de azt mondj\u00e1k &#8222;sok kicsi sokra megy&#8221;! K\u00f6tetlen besz\u00e9lget\u00e9sekkel, a finom, a magunkkal hozott falatok fogyaszt\u00e1s\u00e1val folytat\u00f3dott d\u00e9lut\u00e1nunk, est\u00e9nk. \u00dajb\u00f3l h\u00e1l\u00e1s k\u00f6sz\u00f6net Erik\u00e1nknak \u00e9s f\u00e9rj\u00e9nek, S\u00e1ndornak ez\u00e9rt a sz\u00e9p, felejthetetlen d\u00e9lut\u00e1n\u00e9rt \u00e9s est\u00e9\u00e9rt!<\/p>\n<p><strong><em>Irgalmas Isten\u00fcnk, Szent Mikl\u00f3s p\u00fcsp\u00f6k k\u00f6zbenj\u00e1r\u00e1s\u00e1ra \u0151rizz meg minket minden vesz\u00e9lyben, hogy biztons\u00e1ggal j\u00e1rjuk az \u00fcdv\u00f6ss\u00e9g \u00fatj\u00e1t! A mi Urunk J\u00e9zus Krisztus, a Te Fiad \u00e1ltal, aki Veled \u00e9l \u00e9s uralkodik a Szentl\u00e9lek egys\u00e9gben, Isten mind\u00f6r\u00f6kk\u00f6n-\u00f6r\u00f6kk\u00e9. \u00c1men.<\/em><\/strong><\/p>\n<p><em>Stauder Marika<\/em><\/p>\n","protected":false},"excerpt":{"rendered":"<p>R\u00e9gi ad\u00f3ss\u00e1gomat t\u00f6rlesztem a mostani \u00edr\u00e1s megjelentet\u00e9s\u00e9vel. Stauder Marika tal\u00e1lkoz\u00f3nkat k\u00f6vet\u0151en nagyon hamar elk\u00e9sz\u00edtette besz\u00e1mol\u00f3j\u00e1t. Az igazs\u00e1g pedig az, hogy egyszer\u0171en elfeledkeztem r\u00f3la. Ennek ellen\u00e9re, b\u00e1r most ker\u00fcl k\u00f6zl\u00e9sre a besz\u00e1mol\u00f3, sokunk \u00f6r\u00f6m\u00e9t szolg\u00e1lja. Fogadj\u00e1tok szeretettel: Az id\u0151 kereke forog, forog. Nem tudom mi\u00e9rt, de nekem \u00fagy t\u0171nik, hogy az id\u0151 m\u00fal\u00e1sa felgyorsult! Vagy \u00e9n lettem tal\u00e1n lassabb? \u00dagy t\u0171nik most volt \u00e9v eleje \u00e9s m\u00e1r az \u00e9v utols\u00f3 h\u00f3napj\u00e1ban, decemberben vagyunk. Decembernek is meg van \u00e1m a maga var\u00e1zsa. Megkezd\u0151d\u00f6tt az Advent. A v\u00e1rakoz\u00e1s id\u0151szak\u00e1ban vagyunk, amelynek szimb\u00f3luma: az adventi koszor\u00fa gyerty\u00e1i, amelyek az adventi id\u0151szak n\u00e9gy het\u00e9t jelk\u00e9pezik. Az adventi koszor\u00fa \u00f6r\u00f6kz\u00f6ld \u00e1gai a rem\u00e9nyt \u00e9s az \u00e9letet jelk\u00e9pezik, a gyerty\u00e1k pedig az er\u0151s\u00f6d\u0151 f\u00e9nyt, J\u00e9zus elj\u00f6vetel\u00e9nek k\u00f6zeledt\u00e9t. A n\u00e9gy gyertya a h\u00e1rom isteni er\u00e9nyt \u2013 hit, rem\u00e9ny, szeretet -, \u00e9s a kereszt\u00e9ny \u00e9let alappill\u00e9r\u00e9t, az \u00f6r\u00f6m\u00f6t jelk\u00e9pezi. Sz\u00e1momra advent egy nagyon sz\u00e9p id\u0151szaka az \u00e9vnek. Misszi\u00f3nkban is pezsg\u0151bb az \u00e9let. A p\u00e9ntek d\u00e9lut\u00e1ni szentmis\u00e9ket, rorat\u00e9-mis\u00e9k helyettes\u00edtik, amelyek k\u00f6z\u00f6s reggelivel fejez\u0151dnek be. Nagyon kellemes, sz\u00e9p egy\u00fcttl\u00e9t a h\u00edveknek. Misszi\u00f3 keret\u00e9ben m\u0171k\u00f6d\u0151 k\u00fcl\u00f6nb\u00f6z\u0151 csoportok is adventi \u00fcnneps\u00e9get tartanak. A bar\u00e1ts\u00e1gklub tagjainak is \u00e9rkezett megh\u00edv\u00f3 ebben az \u00e9vben az utols\u00f3 tal\u00e1lkoz\u00e1sukra. \u00d6r\u00f6mmel olvastuk a kedvesen fogalmazott megh\u00edv\u00f3t, ami, mint mindig, tartalm\u00e1val, sz\u00fcrke napjainkat megsz\u00ednes\u00edti. December 6-\u00e1n tal\u00e1lkoztunk. Gy\u00f6ny\u00f6r\u0171en d\u00edsz\u00edtett asztal, forralt bor illata v\u00e1rta a tagokat. Erika, kedves bar\u00e1tn\u0151j\u00e9nek, T\u00fcnd\u00e9nek \u00edzl\u00e9ses, sz\u00e9p asztald\u00edsz\u00edt\u00e9se \u00fcnnepi hangulatot teremtett a teremben. K\u00f6sz\u00f6nj\u00fck sz\u00e9pen, kedves T\u00fcnde! \u00d6r\u00f6m\u00fcnkre gyereksereg \u00e9rkezett sz\u00fcl\u0151k k\u00eds\u00e9ret\u00e9ben. \u00cdgy azt\u00e1n sz\u00ednes lett a t\u00e1rsas\u00e1g, gyerekekkel \u00e9s \u00fagymond, a &#8222;m\u00e1sodik gyerekkorukhoz k\u00f6zeled\u0151k&#8221;-kel telt meg a terem. Tibor atya \u00e9s Erika \u00fcdv\u00f6z\u00f6ltek benn\u00fcnket. Erika bemutatta k\u00e9t nagyon kedves vend\u00e9g\u00fcnket: Szamosi Madar\u00e1sz Erzs\u00e9betet, aki a m\u00e9zeskal\u00e1csok d\u00edsz\u00edt\u00e9s\u00e9vel, \u00e9s Benke M\u00e1ri\u00e1t, aki kar\u00e1csonyi d\u00edszek k\u00e9sz\u00edt\u00e9s\u00e9vel is foglalkoznak. Egyszer csak cseng\u0151 csilingel\u00e9sre lett\u00fcnk figyelmesek. Meglepet\u00e9s\u00fcnkre a dr\u00e1ga j\u00f3 Mikul\u00e1s k\u00eds\u00e9r\u0151j\u00e9vel, a krampusszal elj\u00f6tt hozz\u00e1nk, gyerekek, feln\u0151ttek&#8230; <\/p>\n<p><a class=\"readmore\" href=\"https:\/\/stuttgarti-katolikusok.de\/index.php\/kreativ-kezmuves-delutan-a-baratsagklubban\/\">R\u00e9szletek<\/a><\/p>\n","protected":false},"author":3,"featured_media":30281,"comment_status":"closed","ping_status":"closed","sticky":false,"template":"","format":"standard","meta":{"footnotes":""},"categories":[28,1],"tags":[],"class_list":["post-30280","post","type-post","status-publish","format-standard","has-post-thumbnail","hentry","category-olvasoink-irjak","category-valogatott"],"yoast_head":"<!-- This site is optimized with the Yoast SEO plugin v27.3 - https:\/\/yoast.com\/product\/yoast-seo-wordpress\/ -->\n<title>Kreat\u00edv, k\u00e9zm\u0171ves d\u00e9lut\u00e1n a Bar\u00e1ts\u00e1gklubban - Stuttgarti Katolikusok<\/title>\n<meta name=\"robots\" content=\"index, follow, max-snippet:-1, max-image-preview:large, max-video-preview:-1\" \/>\n<link rel=\"canonical\" href=\"https:\/\/stuttgarti-katolikusok.de\/index.php\/kreativ-kezmuves-delutan-a-baratsagklubban\/\" \/>\n<meta property=\"og:locale\" content=\"hu_HU\" \/>\n<meta property=\"og:type\" content=\"article\" \/>\n<meta property=\"og:title\" content=\"Kreat\u00edv, k\u00e9zm\u0171ves d\u00e9lut\u00e1n a Bar\u00e1ts\u00e1gklubban - Stuttgarti Katolikusok\" \/>\n<meta property=\"og:description\" content=\"R\u00e9gi ad\u00f3ss\u00e1gomat t\u00f6rlesztem a mostani \u00edr\u00e1s megjelentet\u00e9s\u00e9vel. Stauder Marika tal\u00e1lkoz\u00f3nkat k\u00f6vet\u0151en nagyon hamar elk\u00e9sz\u00edtette besz\u00e1mol\u00f3j\u00e1t. Az igazs\u00e1g pedig az, hogy egyszer\u0171en elfeledkeztem r\u00f3la. Ennek ellen\u00e9re, b\u00e1r most ker\u00fcl k\u00f6zl\u00e9sre a besz\u00e1mol\u00f3, sokunk \u00f6r\u00f6m\u00e9t szolg\u00e1lja. Fogadj\u00e1tok szeretettel: Az id\u0151 kereke forog, forog. Nem tudom mi\u00e9rt, de nekem \u00fagy t\u0171nik, hogy az id\u0151 m\u00fal\u00e1sa felgyorsult! Vagy \u00e9n lettem tal\u00e1n lassabb? \u00dagy t\u0171nik most volt \u00e9v eleje \u00e9s m\u00e1r az \u00e9v utols\u00f3 h\u00f3napj\u00e1ban, decemberben vagyunk. Decembernek is meg van \u00e1m a maga var\u00e1zsa. Megkezd\u0151d\u00f6tt az Advent. A v\u00e1rakoz\u00e1s id\u0151szak\u00e1ban vagyunk, amelynek szimb\u00f3luma: az adventi koszor\u00fa gyerty\u00e1i, amelyek az adventi id\u0151szak n\u00e9gy het\u00e9t jelk\u00e9pezik. Az adventi koszor\u00fa \u00f6r\u00f6kz\u00f6ld \u00e1gai a rem\u00e9nyt \u00e9s az \u00e9letet jelk\u00e9pezik, a gyerty\u00e1k pedig az er\u0151s\u00f6d\u0151 f\u00e9nyt, J\u00e9zus elj\u00f6vetel\u00e9nek k\u00f6zeledt\u00e9t. A n\u00e9gy gyertya a h\u00e1rom isteni er\u00e9nyt \u2013 hit, rem\u00e9ny, szeretet -, \u00e9s a kereszt\u00e9ny \u00e9let alappill\u00e9r\u00e9t, az \u00f6r\u00f6m\u00f6t jelk\u00e9pezi. Sz\u00e1momra advent egy nagyon sz\u00e9p id\u0151szaka az \u00e9vnek. Misszi\u00f3nkban is pezsg\u0151bb az \u00e9let. A p\u00e9ntek d\u00e9lut\u00e1ni szentmis\u00e9ket, rorat\u00e9-mis\u00e9k helyettes\u00edtik, amelyek k\u00f6z\u00f6s reggelivel fejez\u0151dnek be. Nagyon kellemes, sz\u00e9p egy\u00fcttl\u00e9t a h\u00edveknek. Misszi\u00f3 keret\u00e9ben m\u0171k\u00f6d\u0151 k\u00fcl\u00f6nb\u00f6z\u0151 csoportok is adventi \u00fcnneps\u00e9get tartanak. A bar\u00e1ts\u00e1gklub tagjainak is \u00e9rkezett megh\u00edv\u00f3 ebben az \u00e9vben az utols\u00f3 tal\u00e1lkoz\u00e1sukra. \u00d6r\u00f6mmel olvastuk a kedvesen fogalmazott megh\u00edv\u00f3t, ami, mint mindig, tartalm\u00e1val, sz\u00fcrke napjainkat megsz\u00ednes\u00edti. December 6-\u00e1n tal\u00e1lkoztunk. Gy\u00f6ny\u00f6r\u0171en d\u00edsz\u00edtett asztal, forralt bor illata v\u00e1rta a tagokat. Erika, kedves bar\u00e1tn\u0151j\u00e9nek, T\u00fcnd\u00e9nek \u00edzl\u00e9ses, sz\u00e9p asztald\u00edsz\u00edt\u00e9se \u00fcnnepi hangulatot teremtett a teremben. K\u00f6sz\u00f6nj\u00fck sz\u00e9pen, kedves T\u00fcnde! \u00d6r\u00f6m\u00fcnkre gyereksereg \u00e9rkezett sz\u00fcl\u0151k k\u00eds\u00e9ret\u00e9ben. \u00cdgy azt\u00e1n sz\u00ednes lett a t\u00e1rsas\u00e1g, gyerekekkel \u00e9s \u00fagymond, a &#8222;m\u00e1sodik gyerekkorukhoz k\u00f6zeled\u0151k&#8221;-kel telt meg a terem. Tibor atya \u00e9s Erika \u00fcdv\u00f6z\u00f6ltek benn\u00fcnket. Erika bemutatta k\u00e9t nagyon kedves vend\u00e9g\u00fcnket: Szamosi Madar\u00e1sz Erzs\u00e9betet, aki a m\u00e9zeskal\u00e1csok d\u00edsz\u00edt\u00e9s\u00e9vel, \u00e9s Benke M\u00e1ri\u00e1t, aki kar\u00e1csonyi d\u00edszek k\u00e9sz\u00edt\u00e9s\u00e9vel is foglalkoznak. Egyszer csak cseng\u0151 csilingel\u00e9sre lett\u00fcnk figyelmesek. Meglepet\u00e9s\u00fcnkre a dr\u00e1ga j\u00f3 Mikul\u00e1s k\u00eds\u00e9r\u0151j\u00e9vel, a krampusszal elj\u00f6tt hozz\u00e1nk, gyerekek, feln\u0151ttek... R\u00e9szletek\" \/>\n<meta property=\"og:url\" content=\"https:\/\/stuttgarti-katolikusok.de\/index.php\/kreativ-kezmuves-delutan-a-baratsagklubban\/\" \/>\n<meta property=\"og:site_name\" content=\"Stuttgarti Katolikusok\" \/>\n<meta property=\"article:published_time\" content=\"2025-02-02T09:33:16+00:00\" \/>\n<meta property=\"article:modified_time\" content=\"2025-03-18T22:39:24+00:00\" \/>\n<meta property=\"og:image\" content=\"https:\/\/stuttgarti-katolikusok.de\/wp-content\/uploads\/2025\/02\/baratsagklub-december.jpg\" \/>\n\t<meta property=\"og:image:width\" content=\"1530\" \/>\n\t<meta property=\"og:image:height\" content=\"2040\" \/>\n\t<meta property=\"og:image:type\" content=\"image\/jpeg\" \/>\n<meta name=\"author\" content=\"Tibor atya\" \/>\n<meta name=\"twitter:card\" content=\"summary_large_image\" \/>\n<meta name=\"twitter:label1\" content=\"Szerz\u0151:\" \/>\n\t<meta name=\"twitter:data1\" content=\"Tibor atya\" \/>\n\t<meta name=\"twitter:label2\" content=\"Becs\u00fclt olvas\u00e1si id\u0151\" \/>\n\t<meta name=\"twitter:data2\" content=\"5 perc\" \/>\n<script type=\"application\/ld+json\" class=\"yoast-schema-graph\">{\"@context\":\"https:\\\/\\\/schema.org\",\"@graph\":[{\"@type\":\"Article\",\"@id\":\"https:\\\/\\\/stuttgarti-katolikusok.de\\\/index.php\\\/kreativ-kezmuves-delutan-a-baratsagklubban\\\/#article\",\"isPartOf\":{\"@id\":\"https:\\\/\\\/stuttgarti-katolikusok.de\\\/index.php\\\/kreativ-kezmuves-delutan-a-baratsagklubban\\\/\"},\"author\":{\"name\":\"Tibor atya\",\"@id\":\"https:\\\/\\\/stuttgarti-katolikusok.de\\\/#\\\/schema\\\/person\\\/75908d6f8fdc03a57889d27209df7795\"},\"headline\":\"Kreat\u00edv, k\u00e9zm\u0171ves d\u00e9lut\u00e1n a Bar\u00e1ts\u00e1gklubban\",\"datePublished\":\"2025-02-02T09:33:16+00:00\",\"dateModified\":\"2025-03-18T22:39:24+00:00\",\"mainEntityOfPage\":{\"@id\":\"https:\\\/\\\/stuttgarti-katolikusok.de\\\/index.php\\\/kreativ-kezmuves-delutan-a-baratsagklubban\\\/\"},\"wordCount\":1177,\"image\":{\"@id\":\"https:\\\/\\\/stuttgarti-katolikusok.de\\\/index.php\\\/kreativ-kezmuves-delutan-a-baratsagklubban\\\/#primaryimage\"},\"thumbnailUrl\":\"https:\\\/\\\/stuttgarti-katolikusok.de\\\/wp-content\\\/uploads\\\/2025\\\/02\\\/baratsagklub-december.jpg\",\"articleSection\":[\"Olvas\u00f3ink \u00edrj\u00e1k\",\"V\u00e1logatott \u00edr\u00e1sok\"],\"inLanguage\":\"hu\"},{\"@type\":\"WebPage\",\"@id\":\"https:\\\/\\\/stuttgarti-katolikusok.de\\\/index.php\\\/kreativ-kezmuves-delutan-a-baratsagklubban\\\/\",\"url\":\"https:\\\/\\\/stuttgarti-katolikusok.de\\\/index.php\\\/kreativ-kezmuves-delutan-a-baratsagklubban\\\/\",\"name\":\"Kreat\u00edv, k\u00e9zm\u0171ves d\u00e9lut\u00e1n a Bar\u00e1ts\u00e1gklubban - Stuttgarti Katolikusok\",\"isPartOf\":{\"@id\":\"https:\\\/\\\/stuttgarti-katolikusok.de\\\/#website\"},\"primaryImageOfPage\":{\"@id\":\"https:\\\/\\\/stuttgarti-katolikusok.de\\\/index.php\\\/kreativ-kezmuves-delutan-a-baratsagklubban\\\/#primaryimage\"},\"image\":{\"@id\":\"https:\\\/\\\/stuttgarti-katolikusok.de\\\/index.php\\\/kreativ-kezmuves-delutan-a-baratsagklubban\\\/#primaryimage\"},\"thumbnailUrl\":\"https:\\\/\\\/stuttgarti-katolikusok.de\\\/wp-content\\\/uploads\\\/2025\\\/02\\\/baratsagklub-december.jpg\",\"datePublished\":\"2025-02-02T09:33:16+00:00\",\"dateModified\":\"2025-03-18T22:39:24+00:00\",\"author\":{\"@id\":\"https:\\\/\\\/stuttgarti-katolikusok.de\\\/#\\\/schema\\\/person\\\/75908d6f8fdc03a57889d27209df7795\"},\"breadcrumb\":{\"@id\":\"https:\\\/\\\/stuttgarti-katolikusok.de\\\/index.php\\\/kreativ-kezmuves-delutan-a-baratsagklubban\\\/#breadcrumb\"},\"inLanguage\":\"hu\",\"potentialAction\":[{\"@type\":\"ReadAction\",\"target\":[\"https:\\\/\\\/stuttgarti-katolikusok.de\\\/index.php\\\/kreativ-kezmuves-delutan-a-baratsagklubban\\\/\"]}]},{\"@type\":\"ImageObject\",\"inLanguage\":\"hu\",\"@id\":\"https:\\\/\\\/stuttgarti-katolikusok.de\\\/index.php\\\/kreativ-kezmuves-delutan-a-baratsagklubban\\\/#primaryimage\",\"url\":\"https:\\\/\\\/stuttgarti-katolikusok.de\\\/wp-content\\\/uploads\\\/2025\\\/02\\\/baratsagklub-december.jpg\",\"contentUrl\":\"https:\\\/\\\/stuttgarti-katolikusok.de\\\/wp-content\\\/uploads\\\/2025\\\/02\\\/baratsagklub-december.jpg\",\"width\":1530,\"height\":2040},{\"@type\":\"BreadcrumbList\",\"@id\":\"https:\\\/\\\/stuttgarti-katolikusok.de\\\/index.php\\\/kreativ-kezmuves-delutan-a-baratsagklubban\\\/#breadcrumb\",\"itemListElement\":[{\"@type\":\"ListItem\",\"position\":1,\"name\":\"Kezd\u0151lap\",\"item\":\"https:\\\/\\\/stuttgarti-katolikusok.de\\\/\"},{\"@type\":\"ListItem\",\"position\":2,\"name\":\"Kreat\u00edv, k\u00e9zm\u0171ves d\u00e9lut\u00e1n a Bar\u00e1ts\u00e1gklubban\"}]},{\"@type\":\"WebSite\",\"@id\":\"https:\\\/\\\/stuttgarti-katolikusok.de\\\/#website\",\"url\":\"https:\\\/\\\/stuttgarti-katolikusok.de\\\/\",\"name\":\"Stuttgarti Katolikusok\",\"description\":\"\",\"potentialAction\":[{\"@type\":\"SearchAction\",\"target\":{\"@type\":\"EntryPoint\",\"urlTemplate\":\"https:\\\/\\\/stuttgarti-katolikusok.de\\\/?s={search_term_string}\"},\"query-input\":{\"@type\":\"PropertyValueSpecification\",\"valueRequired\":true,\"valueName\":\"search_term_string\"}}],\"inLanguage\":\"hu\"},{\"@type\":\"Person\",\"@id\":\"https:\\\/\\\/stuttgarti-katolikusok.de\\\/#\\\/schema\\\/person\\\/75908d6f8fdc03a57889d27209df7795\",\"name\":\"Tibor atya\",\"image\":{\"@type\":\"ImageObject\",\"inLanguage\":\"hu\",\"@id\":\"https:\\\/\\\/secure.gravatar.com\\\/avatar\\\/61d268e57d1f4525b111222e29d2d5a7f8c420fdbf231ba5566a8ceac74fa960?s=96&d=mm&r=g\",\"url\":\"https:\\\/\\\/secure.gravatar.com\\\/avatar\\\/61d268e57d1f4525b111222e29d2d5a7f8c420fdbf231ba5566a8ceac74fa960?s=96&d=mm&r=g\",\"contentUrl\":\"https:\\\/\\\/secure.gravatar.com\\\/avatar\\\/61d268e57d1f4525b111222e29d2d5a7f8c420fdbf231ba5566a8ceac74fa960?s=96&d=mm&r=g\",\"caption\":\"Tibor atya\"},\"url\":\"https:\\\/\\\/stuttgarti-katolikusok.de\\\/index.php\\\/author\\\/tibor-atya\\\/\"}]}<\/script>\n<!-- \/ Yoast SEO plugin. -->","yoast_head_json":{"title":"Kreat\u00edv, k\u00e9zm\u0171ves d\u00e9lut\u00e1n a Bar\u00e1ts\u00e1gklubban - Stuttgarti Katolikusok","robots":{"index":"index","follow":"follow","max-snippet":"max-snippet:-1","max-image-preview":"max-image-preview:large","max-video-preview":"max-video-preview:-1"},"canonical":"https:\/\/stuttgarti-katolikusok.de\/index.php\/kreativ-kezmuves-delutan-a-baratsagklubban\/","og_locale":"hu_HU","og_type":"article","og_title":"Kreat\u00edv, k\u00e9zm\u0171ves d\u00e9lut\u00e1n a Bar\u00e1ts\u00e1gklubban - Stuttgarti Katolikusok","og_description":"R\u00e9gi ad\u00f3ss\u00e1gomat t\u00f6rlesztem a mostani \u00edr\u00e1s megjelentet\u00e9s\u00e9vel. Stauder Marika tal\u00e1lkoz\u00f3nkat k\u00f6vet\u0151en nagyon hamar elk\u00e9sz\u00edtette besz\u00e1mol\u00f3j\u00e1t. Az igazs\u00e1g pedig az, hogy egyszer\u0171en elfeledkeztem r\u00f3la. Ennek ellen\u00e9re, b\u00e1r most ker\u00fcl k\u00f6zl\u00e9sre a besz\u00e1mol\u00f3, sokunk \u00f6r\u00f6m\u00e9t szolg\u00e1lja. Fogadj\u00e1tok szeretettel: Az id\u0151 kereke forog, forog. Nem tudom mi\u00e9rt, de nekem \u00fagy t\u0171nik, hogy az id\u0151 m\u00fal\u00e1sa felgyorsult! Vagy \u00e9n lettem tal\u00e1n lassabb? \u00dagy t\u0171nik most volt \u00e9v eleje \u00e9s m\u00e1r az \u00e9v utols\u00f3 h\u00f3napj\u00e1ban, decemberben vagyunk. Decembernek is meg van \u00e1m a maga var\u00e1zsa. Megkezd\u0151d\u00f6tt az Advent. A v\u00e1rakoz\u00e1s id\u0151szak\u00e1ban vagyunk, amelynek szimb\u00f3luma: az adventi koszor\u00fa gyerty\u00e1i, amelyek az adventi id\u0151szak n\u00e9gy het\u00e9t jelk\u00e9pezik. Az adventi koszor\u00fa \u00f6r\u00f6kz\u00f6ld \u00e1gai a rem\u00e9nyt \u00e9s az \u00e9letet jelk\u00e9pezik, a gyerty\u00e1k pedig az er\u0151s\u00f6d\u0151 f\u00e9nyt, J\u00e9zus elj\u00f6vetel\u00e9nek k\u00f6zeledt\u00e9t. A n\u00e9gy gyertya a h\u00e1rom isteni er\u00e9nyt \u2013 hit, rem\u00e9ny, szeretet -, \u00e9s a kereszt\u00e9ny \u00e9let alappill\u00e9r\u00e9t, az \u00f6r\u00f6m\u00f6t jelk\u00e9pezi. Sz\u00e1momra advent egy nagyon sz\u00e9p id\u0151szaka az \u00e9vnek. Misszi\u00f3nkban is pezsg\u0151bb az \u00e9let. A p\u00e9ntek d\u00e9lut\u00e1ni szentmis\u00e9ket, rorat\u00e9-mis\u00e9k helyettes\u00edtik, amelyek k\u00f6z\u00f6s reggelivel fejez\u0151dnek be. Nagyon kellemes, sz\u00e9p egy\u00fcttl\u00e9t a h\u00edveknek. Misszi\u00f3 keret\u00e9ben m\u0171k\u00f6d\u0151 k\u00fcl\u00f6nb\u00f6z\u0151 csoportok is adventi \u00fcnneps\u00e9get tartanak. A bar\u00e1ts\u00e1gklub tagjainak is \u00e9rkezett megh\u00edv\u00f3 ebben az \u00e9vben az utols\u00f3 tal\u00e1lkoz\u00e1sukra. \u00d6r\u00f6mmel olvastuk a kedvesen fogalmazott megh\u00edv\u00f3t, ami, mint mindig, tartalm\u00e1val, sz\u00fcrke napjainkat megsz\u00ednes\u00edti. December 6-\u00e1n tal\u00e1lkoztunk. Gy\u00f6ny\u00f6r\u0171en d\u00edsz\u00edtett asztal, forralt bor illata v\u00e1rta a tagokat. Erika, kedves bar\u00e1tn\u0151j\u00e9nek, T\u00fcnd\u00e9nek \u00edzl\u00e9ses, sz\u00e9p asztald\u00edsz\u00edt\u00e9se \u00fcnnepi hangulatot teremtett a teremben. K\u00f6sz\u00f6nj\u00fck sz\u00e9pen, kedves T\u00fcnde! \u00d6r\u00f6m\u00fcnkre gyereksereg \u00e9rkezett sz\u00fcl\u0151k k\u00eds\u00e9ret\u00e9ben. \u00cdgy azt\u00e1n sz\u00ednes lett a t\u00e1rsas\u00e1g, gyerekekkel \u00e9s \u00fagymond, a &#8222;m\u00e1sodik gyerekkorukhoz k\u00f6zeled\u0151k&#8221;-kel telt meg a terem. Tibor atya \u00e9s Erika \u00fcdv\u00f6z\u00f6ltek benn\u00fcnket. Erika bemutatta k\u00e9t nagyon kedves vend\u00e9g\u00fcnket: Szamosi Madar\u00e1sz Erzs\u00e9betet, aki a m\u00e9zeskal\u00e1csok d\u00edsz\u00edt\u00e9s\u00e9vel, \u00e9s Benke M\u00e1ri\u00e1t, aki kar\u00e1csonyi d\u00edszek k\u00e9sz\u00edt\u00e9s\u00e9vel is foglalkoznak. Egyszer csak cseng\u0151 csilingel\u00e9sre lett\u00fcnk figyelmesek. Meglepet\u00e9s\u00fcnkre a dr\u00e1ga j\u00f3 Mikul\u00e1s k\u00eds\u00e9r\u0151j\u00e9vel, a krampusszal elj\u00f6tt hozz\u00e1nk, gyerekek, feln\u0151ttek... R\u00e9szletek","og_url":"https:\/\/stuttgarti-katolikusok.de\/index.php\/kreativ-kezmuves-delutan-a-baratsagklubban\/","og_site_name":"Stuttgarti Katolikusok","article_published_time":"2025-02-02T09:33:16+00:00","article_modified_time":"2025-03-18T22:39:24+00:00","og_image":[{"width":1530,"height":2040,"url":"https:\/\/stuttgarti-katolikusok.de\/wp-content\/uploads\/2025\/02\/baratsagklub-december.jpg","type":"image\/jpeg"}],"author":"Tibor atya","twitter_card":"summary_large_image","twitter_misc":{"Szerz\u0151:":"Tibor atya","Becs\u00fclt olvas\u00e1si id\u0151":"5 perc"},"schema":{"@context":"https:\/\/schema.org","@graph":[{"@type":"Article","@id":"https:\/\/stuttgarti-katolikusok.de\/index.php\/kreativ-kezmuves-delutan-a-baratsagklubban\/#article","isPartOf":{"@id":"https:\/\/stuttgarti-katolikusok.de\/index.php\/kreativ-kezmuves-delutan-a-baratsagklubban\/"},"author":{"name":"Tibor atya","@id":"https:\/\/stuttgarti-katolikusok.de\/#\/schema\/person\/75908d6f8fdc03a57889d27209df7795"},"headline":"Kreat\u00edv, k\u00e9zm\u0171ves d\u00e9lut\u00e1n a Bar\u00e1ts\u00e1gklubban","datePublished":"2025-02-02T09:33:16+00:00","dateModified":"2025-03-18T22:39:24+00:00","mainEntityOfPage":{"@id":"https:\/\/stuttgarti-katolikusok.de\/index.php\/kreativ-kezmuves-delutan-a-baratsagklubban\/"},"wordCount":1177,"image":{"@id":"https:\/\/stuttgarti-katolikusok.de\/index.php\/kreativ-kezmuves-delutan-a-baratsagklubban\/#primaryimage"},"thumbnailUrl":"https:\/\/stuttgarti-katolikusok.de\/wp-content\/uploads\/2025\/02\/baratsagklub-december.jpg","articleSection":["Olvas\u00f3ink \u00edrj\u00e1k","V\u00e1logatott \u00edr\u00e1sok"],"inLanguage":"hu"},{"@type":"WebPage","@id":"https:\/\/stuttgarti-katolikusok.de\/index.php\/kreativ-kezmuves-delutan-a-baratsagklubban\/","url":"https:\/\/stuttgarti-katolikusok.de\/index.php\/kreativ-kezmuves-delutan-a-baratsagklubban\/","name":"Kreat\u00edv, k\u00e9zm\u0171ves d\u00e9lut\u00e1n a Bar\u00e1ts\u00e1gklubban - Stuttgarti Katolikusok","isPartOf":{"@id":"https:\/\/stuttgarti-katolikusok.de\/#website"},"primaryImageOfPage":{"@id":"https:\/\/stuttgarti-katolikusok.de\/index.php\/kreativ-kezmuves-delutan-a-baratsagklubban\/#primaryimage"},"image":{"@id":"https:\/\/stuttgarti-katolikusok.de\/index.php\/kreativ-kezmuves-delutan-a-baratsagklubban\/#primaryimage"},"thumbnailUrl":"https:\/\/stuttgarti-katolikusok.de\/wp-content\/uploads\/2025\/02\/baratsagklub-december.jpg","datePublished":"2025-02-02T09:33:16+00:00","dateModified":"2025-03-18T22:39:24+00:00","author":{"@id":"https:\/\/stuttgarti-katolikusok.de\/#\/schema\/person\/75908d6f8fdc03a57889d27209df7795"},"breadcrumb":{"@id":"https:\/\/stuttgarti-katolikusok.de\/index.php\/kreativ-kezmuves-delutan-a-baratsagklubban\/#breadcrumb"},"inLanguage":"hu","potentialAction":[{"@type":"ReadAction","target":["https:\/\/stuttgarti-katolikusok.de\/index.php\/kreativ-kezmuves-delutan-a-baratsagklubban\/"]}]},{"@type":"ImageObject","inLanguage":"hu","@id":"https:\/\/stuttgarti-katolikusok.de\/index.php\/kreativ-kezmuves-delutan-a-baratsagklubban\/#primaryimage","url":"https:\/\/stuttgarti-katolikusok.de\/wp-content\/uploads\/2025\/02\/baratsagklub-december.jpg","contentUrl":"https:\/\/stuttgarti-katolikusok.de\/wp-content\/uploads\/2025\/02\/baratsagklub-december.jpg","width":1530,"height":2040},{"@type":"BreadcrumbList","@id":"https:\/\/stuttgarti-katolikusok.de\/index.php\/kreativ-kezmuves-delutan-a-baratsagklubban\/#breadcrumb","itemListElement":[{"@type":"ListItem","position":1,"name":"Kezd\u0151lap","item":"https:\/\/stuttgarti-katolikusok.de\/"},{"@type":"ListItem","position":2,"name":"Kreat\u00edv, k\u00e9zm\u0171ves d\u00e9lut\u00e1n a Bar\u00e1ts\u00e1gklubban"}]},{"@type":"WebSite","@id":"https:\/\/stuttgarti-katolikusok.de\/#website","url":"https:\/\/stuttgarti-katolikusok.de\/","name":"Stuttgarti Katolikusok","description":"","potentialAction":[{"@type":"SearchAction","target":{"@type":"EntryPoint","urlTemplate":"https:\/\/stuttgarti-katolikusok.de\/?s={search_term_string}"},"query-input":{"@type":"PropertyValueSpecification","valueRequired":true,"valueName":"search_term_string"}}],"inLanguage":"hu"},{"@type":"Person","@id":"https:\/\/stuttgarti-katolikusok.de\/#\/schema\/person\/75908d6f8fdc03a57889d27209df7795","name":"Tibor atya","image":{"@type":"ImageObject","inLanguage":"hu","@id":"https:\/\/secure.gravatar.com\/avatar\/61d268e57d1f4525b111222e29d2d5a7f8c420fdbf231ba5566a8ceac74fa960?s=96&d=mm&r=g","url":"https:\/\/secure.gravatar.com\/avatar\/61d268e57d1f4525b111222e29d2d5a7f8c420fdbf231ba5566a8ceac74fa960?s=96&d=mm&r=g","contentUrl":"https:\/\/secure.gravatar.com\/avatar\/61d268e57d1f4525b111222e29d2d5a7f8c420fdbf231ba5566a8ceac74fa960?s=96&d=mm&r=g","caption":"Tibor atya"},"url":"https:\/\/stuttgarti-katolikusok.de\/index.php\/author\/tibor-atya\/"}]}},"_links":{"self":[{"href":"https:\/\/stuttgarti-katolikusok.de\/index.php\/wp-json\/wp\/v2\/posts\/30280","targetHints":{"allow":["GET"]}}],"collection":[{"href":"https:\/\/stuttgarti-katolikusok.de\/index.php\/wp-json\/wp\/v2\/posts"}],"about":[{"href":"https:\/\/stuttgarti-katolikusok.de\/index.php\/wp-json\/wp\/v2\/types\/post"}],"author":[{"embeddable":true,"href":"https:\/\/stuttgarti-katolikusok.de\/index.php\/wp-json\/wp\/v2\/users\/3"}],"replies":[{"embeddable":true,"href":"https:\/\/stuttgarti-katolikusok.de\/index.php\/wp-json\/wp\/v2\/comments?post=30280"}],"version-history":[{"count":1,"href":"https:\/\/stuttgarti-katolikusok.de\/index.php\/wp-json\/wp\/v2\/posts\/30280\/revisions"}],"predecessor-version":[{"id":30282,"href":"https:\/\/stuttgarti-katolikusok.de\/index.php\/wp-json\/wp\/v2\/posts\/30280\/revisions\/30282"}],"wp:featuredmedia":[{"embeddable":true,"href":"https:\/\/stuttgarti-katolikusok.de\/index.php\/wp-json\/wp\/v2\/media\/30281"}],"wp:attachment":[{"href":"https:\/\/stuttgarti-katolikusok.de\/index.php\/wp-json\/wp\/v2\/media?parent=30280"}],"wp:term":[{"taxonomy":"category","embeddable":true,"href":"https:\/\/stuttgarti-katolikusok.de\/index.php\/wp-json\/wp\/v2\/categories?post=30280"},{"taxonomy":"post_tag","embeddable":true,"href":"https:\/\/stuttgarti-katolikusok.de\/index.php\/wp-json\/wp\/v2\/tags?post=30280"}],"curies":[{"name":"wp","href":"https:\/\/api.w.org\/{rel}","templated":true}]}}