{"id":30222,"date":"2025-02-01T12:58:25","date_gmt":"2025-02-01T11:58:25","guid":{"rendered":"https:\/\/stuttgarti-katolikusok.de\/?p=30222"},"modified":"2025-02-01T13:01:24","modified_gmt":"2025-02-01T12:01:24","slug":"urunk-bemutatasa-gyertyaszentelo-boldogasszony-unnepe","status":"publish","type":"post","link":"https:\/\/stuttgarti-katolikusok.de\/index.php\/urunk-bemutatasa-gyertyaszentelo-boldogasszony-unnepe\/","title":{"rendered":"Urunk bemutat\u00e1sa &#8211; Gyertyaszentel\u0151 Boldogasszony \u00fcnnepe"},"content":{"rendered":"<p><span style=\"color: #ff6600;\"><em>Kett\u0151s elnevez\u00e9se van a mai \u00fcnnepnek. <\/em><\/span><\/p>\n<p><span style=\"color: #ff6600;\"><em>A teol\u00f3giai elnevez\u00e9s, Urunk bemutat\u00e1sa, kifejezi, J\u00e9zus \u00e9let\u00e9ben elkezd\u0151dik az \u00e1ldozat. Sz\u00fclei helyette visznek \u00e1ldozatot a jeruzs\u00e1lemi templomba, majd \u0151 maga lesz \u00e1ldozatt\u00e1. Ezzel mintegy kifejezi, hogy a kereszt\u00e9ny ember sz\u00e1m\u00e1ra is ez a k\u00f6vetend\u0151 \u00fat. \u00c9letem \u00f6r\u00f6k\u00f6s jelenl\u00e9t Isten sz\u00edne el\u0151tt, m\u00e9gpedig \u00fagy bemutatom azt a mennyei Aty\u00e1nak nap mint nap. K\u00f6zben arr\u00f3l sem feledkezhetem meg, hogy az \u00e1ldozatv\u00e1llal\u00e1s l\u00e9nyeges r\u00e9sze emberi \u00e9letemnek, b\u00e1rmely ter\u00fclet\u00e9t n\u00e9zzem is. Nevezhetem nyugodtan \u00e9letemet proegzisztenci\u00e1nak (m\u00e1sok\u00e9rt \u00e9lni), az \u00e1ldozatv\u00e1llal\u00e1s szellem\u00e9ben. Ez pedig az egy\u00e9ni \u00e9lethivat\u00e1s megszentel\u00e9s\u00e9t is mag\u00e1ba foglalja.\u00a0<\/em><\/span><\/p>\n<p><span style=\"color: #ff6600;\"><em>A n\u00e9pi elnevez\u00e9s, Gyertyaszentel\u0151 Boldogasszony \u00fcnnepe, pedig arra utal, hogy az Egyh\u00e1z ezen a napon gyerty\u00e1t szentel, s a megszentelt gyety\u00e1val egy\u00fctt annak gazdag \u00e9s m\u00e9ly\u00e9rtelm\u0171 jelrendszer\u00e9vel is megaj\u00e1nd\u00e9koz. \u00c9ppen csak felsorolom ezeket a szimbolumokat: m\u00e9hek szorgos munk\u00e1j\u00e1nak gy\u00fcm\u00f6lcse a viasz, f\u00e9nyt ad, a gyertya h\u00f3feh\u00e9r sz\u00edne, mint a tisztas\u00e1g jelk\u00e9pe, \u00f6nmag\u00e1t em\u00e9szti el, elfogy, az \u00e1ldozatv\u00e1llal\u00e1s, f\u00e9ny\u00e9t nem tartja meg mag\u00e1nak, neh\u00e9z id\u0151ben gyerty\u00e1t gy\u00fajtunk&#8230; L\u00e9nyeg\u00e9ben a megszentelt gyertya bekeretezi a h\u00edv\u0151 ember \u00e9let\u00e9t a sz\u00fclet\u00e9st\u0151l, keresztel\u0151i gyertya, eg\u00e9szen a hal\u00e1lig, temet\u00e9s alkalm\u00e1val a meggy\u00fajtott gyertya.<\/em><\/span><\/p>\n<p><span style=\"color: #ff6600;\"><em>Az \u00fcnnep ugyanakkor a tal\u00e1lkoz\u00e1sok \u00fcnnepe is, ahogyan arr\u00f3l az evang\u00e9liumi r\u00e9sz besz\u00e1mol. Legyen \u00e9letemben is minden tal\u00e1lkoz\u00e1s igazi \u00fcnnep! \u00c9ppen tal\u00e1lkoz\u00e1saink emelnek ki benn\u00fcnket a h\u00e9tk\u00f6znapok megszokott ritmus\u00e1b\u00f3l. Ide k\u00edv\u00e1nkoznak Pilinszky J\u00e1nos gondolatai is, melyeket b\u00e1r az adventtel kapcsolatosan \u00edr, m\u00e9gis helyt\u00e1ll\u00f3ak: szerelmesek v\u00e1rakoz\u00e1sa a tal\u00e1lkoz\u00e1sra, gyermek v\u00e1rakoz\u00e1sa az els\u0151 h\u00f3es\u00e9sre&#8230;\u00a0<\/em><\/span><\/p>\n<p><span style=\"color: #ff6600;\"><em>Tibor atya<\/em><\/span><\/p>\n<p><span style=\"color: #ff6600;\">Kezd\u0151\u00e9nek:<\/span><br \/>\nBefogadtuk, Isten\u00fcnk, irgalmass\u00e1godat templomod belsej\u00e9ben. Mik\u00e9nt neved, Isten\u00fcnk, \u00fagy dics\u00e9reted is bet\u00f6lti a f\u00f6ld hat\u00e1rait, jobbod telve igazs\u00e1ggal. (V\u00f6. Zsolt 47,10-11)<\/p>\n<p><span style=\"color: #ff6600;\">K\u00f6ny\u00f6rg\u00e9s:<\/span><br \/>\nMindenhat\u00f3, \u00f6r\u00f6k Isten, egysz\u00fcl\u00f6tt Fiadat ma emberi test\u00fcnk val\u00f3s\u00e1g\u00e1ban mutatt\u00e1k be templomodban. Tiszt\u00edtsd meg sz\u00edv\u00fcnket, hogy m\u00e9lt\u00f3k legy\u00fcnk egykor mi is megjelenni el\u0151tted. A mi Urunk, J\u00e9zus Krisztus, a te Fiad \u00e1ltal, aki veled \u00e9l \u00e9s uralkodik a Szentl\u00e9lekkel egys\u00e9gben, Isten mind\u00f6r\u00f6kk\u00f6n \u00f6r\u00f6kk\u00e9.<\/p>\n<p><span style=\"color: #ff6600;\">OLVASM\u00c1NY Malaki\u00e1s pr\u00f3f\u00e9ta k\u00f6nyv\u00e9b\u0151l (Mal 3,1-4)<\/span><br \/>\n<em>Hamarosan bel<\/em><em>\u00e9p szent<\/em><em>\u00e9ly<\/em><em>\u00e9be az <\/em><em>\u00dar, akit kerestek.<\/em><br \/>\nEzt mondja az \u00dar, a mi Isten\u00fcnk: \u201e\u00cdme, elk\u00fcld\u00f6m h\u00edrn\u00f6k\u00f6met, hogy elk\u00e9sz\u00edtse el\u0151ttem az utat. Hamarosan bel\u00e9p szent\u00e9ly\u00e9be az \u00dar, akit kerestek, \u00e9s a sz\u00f6vets\u00e9g angyala, aki ut\u00e1n v\u00e1gyakoztok. L\u00e1m, m\u00e1r j\u00f6n is! \u2013 mondja a Seregek Ura. De ki tudja majd elviselni j\u00f6vetele napj\u00e1t? \u00c9s ki maradhat \u00e1llva, amikor megjelenik? Mert olyan, mint az olvaszt\u00f3k t\u00fcze \u00e9s a v\u00e1nyol\u00f3k l\u00fagja. Le\u00fcl, mint az ez\u00fcstolvaszt\u00f3 \u00e9s tiszt\u00edt\u00f3 mester. Megtiszt\u00edtja L\u00e9vi fiait, megnemes\u00edti \u0151ket, mint az aranyat \u00e9s az ez\u00fcst\u00f6t szok\u00e1s, hogy igazs\u00e1gban mutassanak be \u00e1ldozatot az \u00darnak.\u201d<br \/>\nJ\u00fada \u00e9s Jeruzs\u00e1lem \u00e1ldozata tetszeni fog akkor az \u00darnak, \u00e9pp\u00fagy, mint a r\u00e9gm\u00falt id\u0151kben, mint az els\u0151 \u00e9vekben.<br \/>\nEz az Isten ig\u00e9je.<\/p>\n<p><span style=\"color: #ff6600;\">V\u00c1LASZOS ZSOLT\u00c1R (Zsolt 23,7.8.9.10)<\/span><br \/>\nV\u00e1lasz:\u00a0<strong>Az <\/strong><strong>\u00e9gi seregek<\/strong><strong>\u00a0<u>U<\/u>ra, * <\/strong><strong>\u0151 a<\/strong><strong>\u00a0<u>di<\/u>cs<\/strong><strong>\u0151s<\/strong><strong>\u00e9g Kir<\/strong><strong>\u00e1lya.<\/strong>\u00a0(V\u00f6. 10. vers. &#8211; 5. t\u00f3nus)<br \/>\nEl\u0151\u00e9nekes: Emelj\u00e9tek f\u00f6l fejeteket, kapuk, \u2020 t\u00e1ruljatok f\u00f6l, \u00f6r\u00f6k kapuk, * \u00e9s bevonul a dics\u0151s\u00e9g Kir\u00e1lya.<br \/>\nH\u00edvek:\u00a0<strong>Az <\/strong><strong>\u00e9gi seregek<\/strong><strong>\u00a0<u>U<\/u>ra, * <\/strong><strong>\u0151 a<\/strong><strong>\u00a0<u>di<\/u>cs<\/strong><strong>\u0151s<\/strong><strong>\u00e9g Kir<\/strong><strong>\u00e1lya.<\/strong><br \/>\nE: Ki a dics\u0151s\u00e9g Ki<u>r<\/u><u>\u00e1<\/u>lya? \u2020 Az \u00dar, a hatalmas \u00e9s\u00a0<u>e<\/u>r\u0151s, * az \u00dar a harcban gy\u0151z<u>he<\/u>tetlen.<br \/>\nH:\u00a0<strong>Az <\/strong><strong>\u00e9gi seregek<\/strong><strong>\u00a0<u>U<\/u>ra, * <\/strong><strong>\u0151 a<\/strong><strong>\u00a0<u>di<\/u>cs<\/strong><strong>\u0151s<\/strong><strong>\u00e9g Kir<\/strong><strong>\u00e1lya.<\/strong><br \/>\nE: Emelj\u00e9tek f\u00f6l fejeteket, ka<u>puk<\/u>, \u2020 t\u00e1ruljatok f\u00f6l, \u00f6r\u00f6k\u00a0<u>ka<\/u>puk, * \u00e9s bevonul a\u00a0<u>di<\/u>cs\u0151s\u00e9g Kir\u00e1lya.<br \/>\nH:\u00a0<strong>Az <\/strong><strong>\u00e9gi seregek<\/strong><strong>\u00a0<u>U<\/u>ra, * <\/strong><strong>\u0151 a<\/strong><strong>\u00a0<u>di<\/u>cs<\/strong><strong>\u0151s<\/strong><strong>\u00e9g Kir<\/strong><strong>\u00e1lya.<\/strong><br \/>\nE: Ki a dics\u0151s\u00e9g\u00a0<u>Ki<\/u>r\u00e1lya? * A seregek Ura a\u00a0<u>di<\/u>cs\u0151s\u00e9g Kir\u00e1lya.<br \/>\nH:\u00a0<strong>Az <\/strong><strong>\u00e9gi seregek<\/strong><strong>\u00a0<u>U<\/u>ra, * <\/strong><strong>\u0151 a<\/strong><strong>\u00a0<u>di<\/u>cs<\/strong><strong>\u0151s<\/strong><strong>\u00e9g Kir<\/strong><strong>\u00e1lya.<\/strong><\/p>\n<p><span style=\"color: #ff6600;\">SZENTLECKE a Zsid\u00f3khoz \u00edrt lev\u00e9lb\u0151l (Zsid 2,14-18)<\/span><br \/>\n<em>J<\/em><em>\u00e9zusnak minden tekintetben hasonl<\/em><em>\u00f3v<\/em><em>\u00e1 kellett v<\/em><em>\u00e1lnia testv<\/em><em>\u00e9reihez.<\/em><br \/>\nTestv\u00e9reim!<br \/>\nA testv\u00e9reknek k\u00f6z\u00f6s a test\u00fck \u00e9s a v\u00e9r\u00fck. Ebb\u0151l J\u00e9zus is r\u00e9szt v\u00e1llalt, hogy \u00edgy hal\u00e1l\u00e1val legy\u0151zze azt, aki a hal\u00e1lon uralkodott, tudniillik a s\u00e1t\u00e1nt, \u00e9s felszabad\u00edtsa azokat, akiket a hal\u00e1lt\u00f3l val\u00f3 f\u00e9lelem eg\u00e9sz \u00e9let\u00fckre rabszolg\u00e1v\u00e1 tett.<br \/>\nHiszen J\u00e9zus nem az angyalokat, hanem \u00c1brah\u00e1m lesz\u00e1rmazottait karolta fel. Ez\u00e9rt minden tekintetben hasonl\u00f3v\u00e1 kellett v\u00e1lnia testv\u00e9reihez, hogy irgalmas \u00e9s Istenhez h\u0171s\u00e9ges f\u0151pap legyen, \u00e9s levezekelje a n\u00e9p b\u0171neit.<br \/>\nMivel \u0151 maga is k\u00eds\u00e9rt\u00e9st szenvedett, tud seg\u00edteni azokon, akik k\u00eds\u00e9rt\u00e9sekkel k\u00fczdenek.<br \/>\nEz az Isten ig\u00e9je.<\/p>\n<p><span style=\"color: #ff6600;\">ALLELUJA<\/span><br \/>\n\u00daj f\u00e9ny t\u00e1madt, pog\u00e1nyoknak\u00a0<u>\u00fc<\/u><u>d<\/u>v\u00f6ss\u00e9g, * kiv\u00e1lasztott nemze<u>ted<\/u>nek dics\u0151s\u00e9g. (Lk 2,32 \u2013 8 G. t\u00f3nus.)<\/p>\n<p><em>Hosszabb forma:<\/em> (Lk 2,22-40), <em>vagy r<\/em><em>\u00f6videbb forma a *-ig:<\/em> (Lk 2,22-32)<br \/>\n<span style=\"color: #ff6600;\">\u2020 EVANG\u00c9LIUM Szent Luk\u00e1cs k\u00f6nyv\u00e9b\u0151l <\/span><br \/>\n<em>Simeon megl<\/em><em>\u00e1tta a Szabad<\/em><em>\u00edt<\/em><em>\u00f3t, a Messi<\/em><em>\u00e1st.<\/em><br \/>\nAmikor M\u00f3zes t\u00f6rv\u00e9nye szerint elteltek M\u00e1ria tisztul\u00e1s\u00e1nak napjai, f\u00f6lvitt\u00e9k J\u00e9zust Jeruzs\u00e1lembe, hogy bemutass\u00e1k az \u00darnak, amint az \u00dar t\u00f6rv\u00e9nye el\u0151\u00edrja: \u201eMinden els\u0151sz\u00fcl\u00f6tt fi\u00fa az \u00dar szent tulajdona.\u201d Ekkor kellett M\u00e1ri\u00e1nak, ugyancsak az \u00dar t\u00f6rv\u00e9nye szerint, \u201eegy p\u00e1r gerl\u00e9t vagy k\u00e9t galambfi\u00f3k\u00e1t\u201d tisztul\u00e1si \u00e1ldozatul bemutatnia.<br \/>\n\u00c9s \u00edme, volt Jeruzs\u00e1lemben egy Simeon nev\u0171 f\u00e9rfi\u00fa, egy igaz \u00e9s istenf\u00e9l\u0151 ember, aki Izrael vigasz\u00e1ra v\u00e1rt, \u00e9s a Szentl\u00e9lek lakott benne. A Szentl\u00e9lek kinyilatkoztatta neki, hogy nem l\u00e1t hal\u00e1lt addig, m\u00edg meg nem l\u00e1tja az \u00dar F\u00f6lkentj\u00e9t. A L\u00e9lek arra ind\u00edtotta, hogy menjen a templomba, amikor a gyermek J\u00e9zust odavitt\u00e9k sz\u00fclei, hogy a t\u00f6rv\u00e9ny el\u0151\u00edr\u00e1sai szerint cselekedjenek vele. Simeon a karj\u00e1ra vette \u0151t, \u00e9s \u00edgy magasztalta Istent:<br \/>\nMost m\u00e1r elbocs\u00e1thatod szolg\u00e1dat, Uram, szavaid szerint b\u00e9kess\u00e9gben, mert szemeim megl\u00e1tt\u00e1k Szabad\u00edt\u00e1sodat, melyet minden nemzet sz\u00e1m\u00e1ra k\u00e9sz\u00edtett\u00e9l, hogy vil\u00e1goss\u00e1g legyen: kinyilatkoztat\u00e1s a pog\u00e1nyoknak, \u00e9s dics\u0151s\u00e9g n\u00e9pednek, Izraelnek.<\/p>\n<p><strong><span style=\"color: #ff6600;\">*<\/span><\/strong><br \/>\nJ\u00e9zus atyja \u00e9s anyja \u00e1mulva hallgatt\u00e1k mindazt, amit Simeon mondott. Simeon pedig meg\u00e1ldotta \u0151ket, \u00e9s \u00edgy sz\u00f3lt M\u00e1ri\u00e1hoz, J\u00e9zus anyj\u00e1hoz: \u201eL\u00e1m, e gyermek \u00e1ltal sokan elbuknak \u00e9s sokan felt\u00e1madnak Izraelben! Az ellentmond\u00e1s jele lesz \u0151 \u2013 m\u00e9g a te lelkedet is t\u0151r j\u00e1rja \u00e1t \u2013, hogy napf\u00e9nyre ker\u00fcljenek sok sz\u00edvnek titkos gondolatai!\u201d Ott volt Anna pr\u00f3f\u00e9tan\u0151 is, F\u00e1nuel le\u00e1nya \u00c1ser t\u00f6rzs\u00e9b\u0151l. Id\u0151s volt m\u00e1r, napjai el\u0151rehaladtak. Le\u00e1nykora ut\u00e1n h\u00e9t \u00e9vig \u00e9lt f\u00e9rj\u00e9vel, majd \u00f6zvegyen \u00e9rte meg a nyolcvannegyedik \u00e9v\u00e9t. Nem hagyta el a templomot soha, b\u00f6jt\u00f6lve \u00e9s im\u00e1dkozva szolg\u00e1lta Istent \u00e9jjel \u00e9s nappal. Abban az \u00f3r\u00e1ban is odament, dics\u0151\u00edtette Istent, \u00e9s besz\u00e9lt a gyermekr\u0151l mindazoknak, akik Jeruzs\u00e1lem megv\u00e1lt\u00e1s\u00e1ra v\u00e1rtak.<br \/>\nMiut\u00e1n az \u00dar t\u00f6rv\u00e9nye szerint elv\u00e9geztek mindent, visszat\u00e9rtek v\u00e1rosukba, a galileai N\u00e1z\u00e1retbe. A gyermek pedig n\u00f6vekedett \u00e9s er\u0151s\u00f6d\u00f6tt, eltelt b\u00f6lcsess\u00e9ggel, \u00e9s Isten kedv\u00e9t lelte benne.<br \/>\nEzek az evang\u00e9lium ig\u00e9i.<\/p>\n<p><span style=\"color: #ff6600;\">EGYETEMES K\u00d6NY\u00d6RG\u00c9SEK<\/span><br \/>\n<span style=\"color: #ff6600;\">Pap:<\/span> K\u00e9rj\u00fck, testv\u00e9reim, hogy a mi Urunkban, J\u00e9zus Krisztusban minden ember felismerje a vil\u00e1g Vil\u00e1goss\u00e1g\u00e1t!<br \/>\n1. Urunk, J\u00e9zus Krisztus: add, hogy a szentmise\u00e1ldozatban \u2013 Simeonhoz hasonl\u00f3an \u2013 tal\u00e1lkozhassunk veled, \u00e9s felismerj\u00fcnk t\u00e9ged!<br \/>\n2. Urunk, J\u00e9zus Krisztus: add vil\u00e1goss\u00e1godat Egyh\u00e1zadnak, \u00e9s add, hogy h\u00edveid az isteni \u00e9let f\u00e9ny\u00e9ben j\u00e1rjanak!<br \/>\n3. Urunk, J\u00e9zus Krisztus: egyes\u00edtsd n\u00e9pedet Szentlelked erej\u00e9vel, \u00e9s adj neki b\u00e9kess\u00e9get!<br \/>\n4. Urunk, J\u00e9zus Krisztus: add kegyelmedet, hogy min\u00e9l t\u00f6bb sz\u00fcl\u0151 nevelje gyermek\u00e9t az evang\u00e9lium vil\u00e1goss\u00e1g\u00e1nak terjeszt\u00e9s\u00e9re!<br \/>\n5. Urunk, J\u00e9zus Krisztus: add meg nek\u00fcnk, hogy \u00e9let\u00fcnk v\u00e9g\u00e9n tal\u00e1lkozhassunk veled, \u00e9s a mennyben \u00f6r\u00f6kre l\u00e1thassuk f\u00e9nyess\u00e9gedet!<br \/>\n<span style=\"color: #ff6600;\">Pap:<\/span> Gy\u00fajtsd fel, Urunk, sz\u00edv\u00fcnkben istens\u00e9ged ismeret\u00e9nek tiszta vil\u00e1goss\u00e1g\u00e1t, hogy mindig tetsz\u00e9sed szerint \u00e9lj\u00fcnk! Mert te vagy lelk\u00fcnk \u00e9s test\u00fcnk megvil\u00e1gos\u00edt\u00f3ja; Krisztus, a mi Isten\u00fcnk. T\u00e9ged dics\u0151\u00edt\u00fcnk Aty\u00e1ddal \u00e9s \u00e9ltet\u0151 Lelkeddel egy\u00fctt most \u00e9s mind\u00f6r\u00f6kk\u00f6n \u00f6r\u00f6kk\u00e9. (A g\u00f6r. kat. Liturgikonb\u00f3l.)<br \/>\nH\u00edvek: \u00c1men.<\/p>\n<p><span style=\"color: #ff6600;\">Felaj\u00e1nl\u00f3 k\u00f6ny\u00f6rg\u00e9s:<\/span><br \/>\nUrunk, Isten\u00fcnk, legyen kedves el\u0151tted az \u00e1ldozati adom\u00e1ny, amelyet ujjong\u00f3 l\u00e9lekkel bemutat Egyh\u00e1zad, hiszen te akartad, hogy felaj\u00e1nlja neked \u00e1ldozatul a vil\u00e1g \u00e9let\u00e9\u00e9rt egysz\u00fcl\u00f6tt Fiadat, a szepl\u0151telen B\u00e1r\u00e1nyt. Aki \u00e9l \u00e9s uralkodik mind\u00f6r\u00f6kk\u00f6n \u00f6r\u00f6kk\u00e9.<\/p>\n<p><span style=\"color: #ff6600;\">Pref\u00e1ci\u00f3:<\/span><br \/>\n<span style=\"color: #ff6600;\"><em>Urunk bemutat<\/em><em>\u00e1s<\/em><em>\u00e1nak titka<\/em><\/span><br \/>\nAz \u00dar legyen veletek. H.: \u00c9s a te lelkeddel.<br \/>\nEmelj\u00fck f\u00f6l sz\u00edv\u00fcnket. H.: F\u00f6lemelt\u00fck az \u00darhoz.<br \/>\nAdjunk h\u00e1l\u00e1t Urunknak, Isten\u00fcnknek. H.: M\u00e9lt\u00f3 \u00e9s igazs\u00e1gos.<br \/>\n(Mert) Val\u00f3ban m\u00e9lt\u00f3 \u00e9s igazs\u00e1gos, ill\u0151 \u00e9s \u00fcdv\u00f6s, hogy mindig \u00e9s minden\u00fctt h\u00e1l\u00e1t adjunk n\u00e9ked, \u2013 mi Urunk, szents\u00e9ges Aty\u00e1nk, mindenhat\u00f3, \u00f6r\u00f6k Isten:<br \/>\nMert szent Fiadat, \u00f6r\u00f6kk\u00e9val\u00f3s\u00e1god r\u00e9szes\u00e9t, ma templomodban bemutatt\u00e1k n\u00e9ked, s a Szentl\u00e9lek kinyilv\u00e1n\u00edtotta r\u00f3la, \u2013 hogy vil\u00e1goss\u00e1ga lesz minden nemzetnek \u00e9s dics\u0151s\u00e9ge v\u00e1lasztott n\u00e9pednek.<br \/>\nAz \u00dcdv\u00f6z\u00edt\u0151h\u00f6z mi is \u00f6rvendezve j\u00e1rulunk, az angyalokkal \u00e9s a szentekkel egy\u00fctt \u2013 \u00e1ldunk T\u00e9ged, \u00e9s v\u00e9g n\u00e9lk\u00fcl mondjuk (zengj\u00fck):<\/p>\n<p><span style=\"color: #ff6600;\">\u00c1ldoz\u00e1si \u00e9nek:<\/span><br \/>\nMegl\u00e1tt\u00e1k m\u00e1r szemeim a te \u00fcdv\u00f6ss\u00e9ged, melyet elk\u00e9sz\u00edtett\u00e9l minden n\u00e9p sz\u00edne el\u0151tt. (Lk 2,30-31)<\/p>\n<p><span style=\"color: #ff6600;\">\u00c1ldoz\u00e1s ut\u00e1ni k\u00f6ny\u00f6rg\u00e9s:<\/span><br \/>\nMagunkhoz vett szents\u00e9ged tegye t\u00f6k\u00e9letess\u00e9 benn\u00fcnk kegyelmed m\u0171v\u00e9t, Isten\u00fcnk, aki bet\u00f6lt\u00f6tted Simeon sz\u00edve v\u00e1gy\u00e1t, \u00e9s nem halt meg, am\u00edg karjaiba nem fogadta a Messi\u00e1st. Engedd, hogy \u00e9letutunkon mi is tal\u00e1lkozzunk szent Fiaddal \u00e9s elnyerj\u00fck az \u00f6r\u00f6k \u00e9letet. Krisztus, a mi Urunk \u00e1ltal.<\/p>\n<p><em>(Nyit\u00f3k\u00e9p forr\u00e1sa: \u00a0Ludovico Carracci: J\u00e9zus bemutat\u00e1sa a templomban, 1605 k\u00f6r\u00fcl, Catalunya m\u00fazeum, Barcelona)<\/em><\/p>\n","protected":false},"excerpt":{"rendered":"<p>Kett\u0151s elnevez\u00e9se van a mai \u00fcnnepnek. A teol\u00f3giai elnevez\u00e9s, Urunk bemutat\u00e1sa, kifejezi, J\u00e9zus \u00e9let\u00e9ben elkezd\u0151dik az \u00e1ldozat. Sz\u00fclei helyette visznek \u00e1ldozatot a jeruzs\u00e1lemi templomba, majd \u0151 maga lesz \u00e1ldozatt\u00e1. Ezzel mintegy kifejezi, hogy a kereszt\u00e9ny ember sz\u00e1m\u00e1ra is ez a k\u00f6vetend\u0151 \u00fat. \u00c9letem \u00f6r\u00f6k\u00f6s jelenl\u00e9t Isten sz\u00edne el\u0151tt, m\u00e9gpedig \u00fagy bemutatom azt a mennyei Aty\u00e1nak nap mint nap. K\u00f6zben arr\u00f3l sem feledkezhetem meg, hogy az \u00e1ldozatv\u00e1llal\u00e1s l\u00e9nyeges r\u00e9sze emberi \u00e9letemnek, b\u00e1rmely ter\u00fclet\u00e9t n\u00e9zzem is. Nevezhetem nyugodtan \u00e9letemet proegzisztenci\u00e1nak (m\u00e1sok\u00e9rt \u00e9lni), az \u00e1ldozatv\u00e1llal\u00e1s szellem\u00e9ben. Ez pedig az egy\u00e9ni \u00e9lethivat\u00e1s megszentel\u00e9s\u00e9t is mag\u00e1ba foglalja.\u00a0 A n\u00e9pi elnevez\u00e9s, Gyertyaszentel\u0151 Boldogasszony \u00fcnnepe, pedig arra utal, hogy az Egyh\u00e1z ezen a napon gyerty\u00e1t szentel, s a megszentelt gyety\u00e1val egy\u00fctt annak gazdag \u00e9s m\u00e9ly\u00e9rtelm\u0171 jelrendszer\u00e9vel is megaj\u00e1nd\u00e9koz. \u00c9ppen csak felsorolom ezeket a szimbolumokat: m\u00e9hek szorgos munk\u00e1j\u00e1nak gy\u00fcm\u00f6lcse a viasz, f\u00e9nyt ad, a gyertya h\u00f3feh\u00e9r sz\u00edne, mint a tisztas\u00e1g jelk\u00e9pe, \u00f6nmag\u00e1t em\u00e9szti el, elfogy, az \u00e1ldozatv\u00e1llal\u00e1s, f\u00e9ny\u00e9t nem tartja meg mag\u00e1nak, neh\u00e9z id\u0151ben gyerty\u00e1t gy\u00fajtunk&#8230; L\u00e9nyeg\u00e9ben a megszentelt gyertya bekeretezi a h\u00edv\u0151 ember \u00e9let\u00e9t a sz\u00fclet\u00e9st\u0151l, keresztel\u0151i gyertya, eg\u00e9szen a hal\u00e1lig, temet\u00e9s alkalm\u00e1val a meggy\u00fajtott gyertya. Az \u00fcnnep ugyanakkor a tal\u00e1lkoz\u00e1sok \u00fcnnepe is, ahogyan arr\u00f3l az evang\u00e9liumi r\u00e9sz besz\u00e1mol. Legyen \u00e9letemben is minden tal\u00e1lkoz\u00e1s igazi \u00fcnnep! \u00c9ppen tal\u00e1lkoz\u00e1saink emelnek ki benn\u00fcnket a h\u00e9tk\u00f6znapok megszokott ritmus\u00e1b\u00f3l. Ide k\u00edv\u00e1nkoznak Pilinszky J\u00e1nos gondolatai is, melyeket b\u00e1r az adventtel kapcsolatosan \u00edr, m\u00e9gis helyt\u00e1ll\u00f3ak: szerelmesek v\u00e1rakoz\u00e1sa a tal\u00e1lkoz\u00e1sra, gyermek v\u00e1rakoz\u00e1sa az els\u0151 h\u00f3es\u00e9sre&#8230;\u00a0 Tibor atya Kezd\u0151\u00e9nek: Befogadtuk, Isten\u00fcnk, irgalmass\u00e1godat templomod belsej\u00e9ben. Mik\u00e9nt neved, Isten\u00fcnk, \u00fagy dics\u00e9reted is bet\u00f6lti a f\u00f6ld hat\u00e1rait, jobbod telve igazs\u00e1ggal. (V\u00f6. Zsolt 47,10-11) K\u00f6ny\u00f6rg\u00e9s: Mindenhat\u00f3, \u00f6r\u00f6k Isten, egysz\u00fcl\u00f6tt Fiadat ma emberi test\u00fcnk val\u00f3s\u00e1g\u00e1ban mutatt\u00e1k be templomodban. Tiszt\u00edtsd meg sz\u00edv\u00fcnket, hogy m\u00e9lt\u00f3k legy\u00fcnk egykor mi is megjelenni el\u0151tted. A mi Urunk, J\u00e9zus Krisztus, a te Fiad \u00e1ltal, aki veled \u00e9l \u00e9s uralkodik a Szentl\u00e9lekkel egys\u00e9gben, Isten mind\u00f6r\u00f6kk\u00f6n \u00f6r\u00f6kk\u00e9. OLVASM\u00c1NY&#8230; <\/p>\n<p><a class=\"readmore\" href=\"https:\/\/stuttgarti-katolikusok.de\/index.php\/urunk-bemutatasa-gyertyaszentelo-boldogasszony-unnepe\/\">R\u00e9szletek<\/a><\/p>\n","protected":false},"author":3,"featured_media":30225,"comment_status":"closed","ping_status":"closed","sticky":false,"template":"","format":"standard","meta":{"footnotes":""},"categories":[85,63],"tags":[],"class_list":["post-30222","post","type-post","status-publish","format-standard","has-post-thumbnail","hentry","category-a-liturgia-olvasmanyai","category-vasarnapi-gondolatok"],"yoast_head":"<!-- This site is optimized with the Yoast SEO plugin v27.3 - https:\/\/yoast.com\/product\/yoast-seo-wordpress\/ -->\n<title>Urunk bemutat\u00e1sa - Gyertyaszentel\u0151 Boldogasszony \u00fcnnepe - Stuttgarti Katolikusok<\/title>\n<meta name=\"robots\" content=\"index, follow, max-snippet:-1, max-image-preview:large, max-video-preview:-1\" \/>\n<link rel=\"canonical\" href=\"https:\/\/stuttgarti-katolikusok.de\/index.php\/urunk-bemutatasa-gyertyaszentelo-boldogasszony-unnepe\/\" \/>\n<meta property=\"og:locale\" content=\"hu_HU\" \/>\n<meta property=\"og:type\" content=\"article\" \/>\n<meta property=\"og:title\" content=\"Urunk bemutat\u00e1sa - Gyertyaszentel\u0151 Boldogasszony \u00fcnnepe - Stuttgarti Katolikusok\" \/>\n<meta property=\"og:description\" content=\"Kett\u0151s elnevez\u00e9se van a mai \u00fcnnepnek. A teol\u00f3giai elnevez\u00e9s, Urunk bemutat\u00e1sa, kifejezi, J\u00e9zus \u00e9let\u00e9ben elkezd\u0151dik az \u00e1ldozat. Sz\u00fclei helyette visznek \u00e1ldozatot a jeruzs\u00e1lemi templomba, majd \u0151 maga lesz \u00e1ldozatt\u00e1. Ezzel mintegy kifejezi, hogy a kereszt\u00e9ny ember sz\u00e1m\u00e1ra is ez a k\u00f6vetend\u0151 \u00fat. \u00c9letem \u00f6r\u00f6k\u00f6s jelenl\u00e9t Isten sz\u00edne el\u0151tt, m\u00e9gpedig \u00fagy bemutatom azt a mennyei Aty\u00e1nak nap mint nap. K\u00f6zben arr\u00f3l sem feledkezhetem meg, hogy az \u00e1ldozatv\u00e1llal\u00e1s l\u00e9nyeges r\u00e9sze emberi \u00e9letemnek, b\u00e1rmely ter\u00fclet\u00e9t n\u00e9zzem is. Nevezhetem nyugodtan \u00e9letemet proegzisztenci\u00e1nak (m\u00e1sok\u00e9rt \u00e9lni), az \u00e1ldozatv\u00e1llal\u00e1s szellem\u00e9ben. Ez pedig az egy\u00e9ni \u00e9lethivat\u00e1s megszentel\u00e9s\u00e9t is mag\u00e1ba foglalja.\u00a0 A n\u00e9pi elnevez\u00e9s, Gyertyaszentel\u0151 Boldogasszony \u00fcnnepe, pedig arra utal, hogy az Egyh\u00e1z ezen a napon gyerty\u00e1t szentel, s a megszentelt gyety\u00e1val egy\u00fctt annak gazdag \u00e9s m\u00e9ly\u00e9rtelm\u0171 jelrendszer\u00e9vel is megaj\u00e1nd\u00e9koz. \u00c9ppen csak felsorolom ezeket a szimbolumokat: m\u00e9hek szorgos munk\u00e1j\u00e1nak gy\u00fcm\u00f6lcse a viasz, f\u00e9nyt ad, a gyertya h\u00f3feh\u00e9r sz\u00edne, mint a tisztas\u00e1g jelk\u00e9pe, \u00f6nmag\u00e1t em\u00e9szti el, elfogy, az \u00e1ldozatv\u00e1llal\u00e1s, f\u00e9ny\u00e9t nem tartja meg mag\u00e1nak, neh\u00e9z id\u0151ben gyerty\u00e1t gy\u00fajtunk&#8230; L\u00e9nyeg\u00e9ben a megszentelt gyertya bekeretezi a h\u00edv\u0151 ember \u00e9let\u00e9t a sz\u00fclet\u00e9st\u0151l, keresztel\u0151i gyertya, eg\u00e9szen a hal\u00e1lig, temet\u00e9s alkalm\u00e1val a meggy\u00fajtott gyertya. Az \u00fcnnep ugyanakkor a tal\u00e1lkoz\u00e1sok \u00fcnnepe is, ahogyan arr\u00f3l az evang\u00e9liumi r\u00e9sz besz\u00e1mol. Legyen \u00e9letemben is minden tal\u00e1lkoz\u00e1s igazi \u00fcnnep! \u00c9ppen tal\u00e1lkoz\u00e1saink emelnek ki benn\u00fcnket a h\u00e9tk\u00f6znapok megszokott ritmus\u00e1b\u00f3l. Ide k\u00edv\u00e1nkoznak Pilinszky J\u00e1nos gondolatai is, melyeket b\u00e1r az adventtel kapcsolatosan \u00edr, m\u00e9gis helyt\u00e1ll\u00f3ak: szerelmesek v\u00e1rakoz\u00e1sa a tal\u00e1lkoz\u00e1sra, gyermek v\u00e1rakoz\u00e1sa az els\u0151 h\u00f3es\u00e9sre&#8230;\u00a0 Tibor atya Kezd\u0151\u00e9nek: Befogadtuk, Isten\u00fcnk, irgalmass\u00e1godat templomod belsej\u00e9ben. Mik\u00e9nt neved, Isten\u00fcnk, \u00fagy dics\u00e9reted is bet\u00f6lti a f\u00f6ld hat\u00e1rait, jobbod telve igazs\u00e1ggal. (V\u00f6. Zsolt 47,10-11) K\u00f6ny\u00f6rg\u00e9s: Mindenhat\u00f3, \u00f6r\u00f6k Isten, egysz\u00fcl\u00f6tt Fiadat ma emberi test\u00fcnk val\u00f3s\u00e1g\u00e1ban mutatt\u00e1k be templomodban. Tiszt\u00edtsd meg sz\u00edv\u00fcnket, hogy m\u00e9lt\u00f3k legy\u00fcnk egykor mi is megjelenni el\u0151tted. A mi Urunk, J\u00e9zus Krisztus, a te Fiad \u00e1ltal, aki veled \u00e9l \u00e9s uralkodik a Szentl\u00e9lekkel egys\u00e9gben, Isten mind\u00f6r\u00f6kk\u00f6n \u00f6r\u00f6kk\u00e9. OLVASM\u00c1NY... R\u00e9szletek\" \/>\n<meta property=\"og:url\" content=\"https:\/\/stuttgarti-katolikusok.de\/index.php\/urunk-bemutatasa-gyertyaszentelo-boldogasszony-unnepe\/\" \/>\n<meta property=\"og:site_name\" content=\"Stuttgarti Katolikusok\" \/>\n<meta property=\"article:published_time\" content=\"2025-02-01T11:58:25+00:00\" \/>\n<meta property=\"article:modified_time\" content=\"2025-02-01T12:01:24+00:00\" \/>\n<meta property=\"og:image\" content=\"https:\/\/stuttgarti-katolikusok.de\/wp-content\/uploads\/2025\/02\/ludovico-carracci.jpg\" \/>\n\t<meta property=\"og:image:width\" content=\"537\" \/>\n\t<meta property=\"og:image:height\" content=\"691\" \/>\n\t<meta property=\"og:image:type\" content=\"image\/jpeg\" \/>\n<meta name=\"author\" content=\"Tibor atya\" \/>\n<meta name=\"twitter:card\" content=\"summary_large_image\" \/>\n<meta name=\"twitter:label1\" content=\"Szerz\u0151:\" \/>\n\t<meta name=\"twitter:data1\" content=\"Tibor atya\" \/>\n\t<meta name=\"twitter:label2\" content=\"Becs\u00fclt olvas\u00e1si id\u0151\" \/>\n\t<meta name=\"twitter:data2\" content=\"8 perc\" \/>\n<script type=\"application\/ld+json\" class=\"yoast-schema-graph\">{\"@context\":\"https:\\\/\\\/schema.org\",\"@graph\":[{\"@type\":\"Article\",\"@id\":\"https:\\\/\\\/stuttgarti-katolikusok.de\\\/index.php\\\/urunk-bemutatasa-gyertyaszentelo-boldogasszony-unnepe\\\/#article\",\"isPartOf\":{\"@id\":\"https:\\\/\\\/stuttgarti-katolikusok.de\\\/index.php\\\/urunk-bemutatasa-gyertyaszentelo-boldogasszony-unnepe\\\/\"},\"author\":{\"name\":\"Tibor atya\",\"@id\":\"https:\\\/\\\/stuttgarti-katolikusok.de\\\/#\\\/schema\\\/person\\\/75908d6f8fdc03a57889d27209df7795\"},\"headline\":\"Urunk bemutat\u00e1sa &#8211; Gyertyaszentel\u0151 Boldogasszony \u00fcnnepe\",\"datePublished\":\"2025-02-01T11:58:25+00:00\",\"dateModified\":\"2025-02-01T12:01:24+00:00\",\"mainEntityOfPage\":{\"@id\":\"https:\\\/\\\/stuttgarti-katolikusok.de\\\/index.php\\\/urunk-bemutatasa-gyertyaszentelo-boldogasszony-unnepe\\\/\"},\"wordCount\":1920,\"image\":{\"@id\":\"https:\\\/\\\/stuttgarti-katolikusok.de\\\/index.php\\\/urunk-bemutatasa-gyertyaszentelo-boldogasszony-unnepe\\\/#primaryimage\"},\"thumbnailUrl\":\"https:\\\/\\\/stuttgarti-katolikusok.de\\\/wp-content\\\/uploads\\\/2025\\\/02\\\/ludovico-carracci.jpg\",\"articleSection\":[\"A liturgia olvasm\u00e1nyai\",\"Vas\u00e1rnapi gondolatok\"],\"inLanguage\":\"hu\"},{\"@type\":\"WebPage\",\"@id\":\"https:\\\/\\\/stuttgarti-katolikusok.de\\\/index.php\\\/urunk-bemutatasa-gyertyaszentelo-boldogasszony-unnepe\\\/\",\"url\":\"https:\\\/\\\/stuttgarti-katolikusok.de\\\/index.php\\\/urunk-bemutatasa-gyertyaszentelo-boldogasszony-unnepe\\\/\",\"name\":\"Urunk bemutat\u00e1sa - Gyertyaszentel\u0151 Boldogasszony \u00fcnnepe - Stuttgarti Katolikusok\",\"isPartOf\":{\"@id\":\"https:\\\/\\\/stuttgarti-katolikusok.de\\\/#website\"},\"primaryImageOfPage\":{\"@id\":\"https:\\\/\\\/stuttgarti-katolikusok.de\\\/index.php\\\/urunk-bemutatasa-gyertyaszentelo-boldogasszony-unnepe\\\/#primaryimage\"},\"image\":{\"@id\":\"https:\\\/\\\/stuttgarti-katolikusok.de\\\/index.php\\\/urunk-bemutatasa-gyertyaszentelo-boldogasszony-unnepe\\\/#primaryimage\"},\"thumbnailUrl\":\"https:\\\/\\\/stuttgarti-katolikusok.de\\\/wp-content\\\/uploads\\\/2025\\\/02\\\/ludovico-carracci.jpg\",\"datePublished\":\"2025-02-01T11:58:25+00:00\",\"dateModified\":\"2025-02-01T12:01:24+00:00\",\"author\":{\"@id\":\"https:\\\/\\\/stuttgarti-katolikusok.de\\\/#\\\/schema\\\/person\\\/75908d6f8fdc03a57889d27209df7795\"},\"breadcrumb\":{\"@id\":\"https:\\\/\\\/stuttgarti-katolikusok.de\\\/index.php\\\/urunk-bemutatasa-gyertyaszentelo-boldogasszony-unnepe\\\/#breadcrumb\"},\"inLanguage\":\"hu\",\"potentialAction\":[{\"@type\":\"ReadAction\",\"target\":[\"https:\\\/\\\/stuttgarti-katolikusok.de\\\/index.php\\\/urunk-bemutatasa-gyertyaszentelo-boldogasszony-unnepe\\\/\"]}]},{\"@type\":\"ImageObject\",\"inLanguage\":\"hu\",\"@id\":\"https:\\\/\\\/stuttgarti-katolikusok.de\\\/index.php\\\/urunk-bemutatasa-gyertyaszentelo-boldogasszony-unnepe\\\/#primaryimage\",\"url\":\"https:\\\/\\\/stuttgarti-katolikusok.de\\\/wp-content\\\/uploads\\\/2025\\\/02\\\/ludovico-carracci.jpg\",\"contentUrl\":\"https:\\\/\\\/stuttgarti-katolikusok.de\\\/wp-content\\\/uploads\\\/2025\\\/02\\\/ludovico-carracci.jpg\",\"width\":537,\"height\":691},{\"@type\":\"BreadcrumbList\",\"@id\":\"https:\\\/\\\/stuttgarti-katolikusok.de\\\/index.php\\\/urunk-bemutatasa-gyertyaszentelo-boldogasszony-unnepe\\\/#breadcrumb\",\"itemListElement\":[{\"@type\":\"ListItem\",\"position\":1,\"name\":\"Kezd\u0151lap\",\"item\":\"https:\\\/\\\/stuttgarti-katolikusok.de\\\/\"},{\"@type\":\"ListItem\",\"position\":2,\"name\":\"Urunk bemutat\u00e1sa &#8211; Gyertyaszentel\u0151 Boldogasszony \u00fcnnepe\"}]},{\"@type\":\"WebSite\",\"@id\":\"https:\\\/\\\/stuttgarti-katolikusok.de\\\/#website\",\"url\":\"https:\\\/\\\/stuttgarti-katolikusok.de\\\/\",\"name\":\"Stuttgarti Katolikusok\",\"description\":\"\",\"potentialAction\":[{\"@type\":\"SearchAction\",\"target\":{\"@type\":\"EntryPoint\",\"urlTemplate\":\"https:\\\/\\\/stuttgarti-katolikusok.de\\\/?s={search_term_string}\"},\"query-input\":{\"@type\":\"PropertyValueSpecification\",\"valueRequired\":true,\"valueName\":\"search_term_string\"}}],\"inLanguage\":\"hu\"},{\"@type\":\"Person\",\"@id\":\"https:\\\/\\\/stuttgarti-katolikusok.de\\\/#\\\/schema\\\/person\\\/75908d6f8fdc03a57889d27209df7795\",\"name\":\"Tibor atya\",\"image\":{\"@type\":\"ImageObject\",\"inLanguage\":\"hu\",\"@id\":\"https:\\\/\\\/secure.gravatar.com\\\/avatar\\\/61d268e57d1f4525b111222e29d2d5a7f8c420fdbf231ba5566a8ceac74fa960?s=96&d=mm&r=g\",\"url\":\"https:\\\/\\\/secure.gravatar.com\\\/avatar\\\/61d268e57d1f4525b111222e29d2d5a7f8c420fdbf231ba5566a8ceac74fa960?s=96&d=mm&r=g\",\"contentUrl\":\"https:\\\/\\\/secure.gravatar.com\\\/avatar\\\/61d268e57d1f4525b111222e29d2d5a7f8c420fdbf231ba5566a8ceac74fa960?s=96&d=mm&r=g\",\"caption\":\"Tibor atya\"},\"url\":\"https:\\\/\\\/stuttgarti-katolikusok.de\\\/index.php\\\/author\\\/tibor-atya\\\/\"}]}<\/script>\n<!-- \/ Yoast SEO plugin. -->","yoast_head_json":{"title":"Urunk bemutat\u00e1sa - Gyertyaszentel\u0151 Boldogasszony \u00fcnnepe - Stuttgarti Katolikusok","robots":{"index":"index","follow":"follow","max-snippet":"max-snippet:-1","max-image-preview":"max-image-preview:large","max-video-preview":"max-video-preview:-1"},"canonical":"https:\/\/stuttgarti-katolikusok.de\/index.php\/urunk-bemutatasa-gyertyaszentelo-boldogasszony-unnepe\/","og_locale":"hu_HU","og_type":"article","og_title":"Urunk bemutat\u00e1sa - Gyertyaszentel\u0151 Boldogasszony \u00fcnnepe - Stuttgarti Katolikusok","og_description":"Kett\u0151s elnevez\u00e9se van a mai \u00fcnnepnek. A teol\u00f3giai elnevez\u00e9s, Urunk bemutat\u00e1sa, kifejezi, J\u00e9zus \u00e9let\u00e9ben elkezd\u0151dik az \u00e1ldozat. Sz\u00fclei helyette visznek \u00e1ldozatot a jeruzs\u00e1lemi templomba, majd \u0151 maga lesz \u00e1ldozatt\u00e1. Ezzel mintegy kifejezi, hogy a kereszt\u00e9ny ember sz\u00e1m\u00e1ra is ez a k\u00f6vetend\u0151 \u00fat. \u00c9letem \u00f6r\u00f6k\u00f6s jelenl\u00e9t Isten sz\u00edne el\u0151tt, m\u00e9gpedig \u00fagy bemutatom azt a mennyei Aty\u00e1nak nap mint nap. K\u00f6zben arr\u00f3l sem feledkezhetem meg, hogy az \u00e1ldozatv\u00e1llal\u00e1s l\u00e9nyeges r\u00e9sze emberi \u00e9letemnek, b\u00e1rmely ter\u00fclet\u00e9t n\u00e9zzem is. Nevezhetem nyugodtan \u00e9letemet proegzisztenci\u00e1nak (m\u00e1sok\u00e9rt \u00e9lni), az \u00e1ldozatv\u00e1llal\u00e1s szellem\u00e9ben. Ez pedig az egy\u00e9ni \u00e9lethivat\u00e1s megszentel\u00e9s\u00e9t is mag\u00e1ba foglalja.\u00a0 A n\u00e9pi elnevez\u00e9s, Gyertyaszentel\u0151 Boldogasszony \u00fcnnepe, pedig arra utal, hogy az Egyh\u00e1z ezen a napon gyerty\u00e1t szentel, s a megszentelt gyety\u00e1val egy\u00fctt annak gazdag \u00e9s m\u00e9ly\u00e9rtelm\u0171 jelrendszer\u00e9vel is megaj\u00e1nd\u00e9koz. \u00c9ppen csak felsorolom ezeket a szimbolumokat: m\u00e9hek szorgos munk\u00e1j\u00e1nak gy\u00fcm\u00f6lcse a viasz, f\u00e9nyt ad, a gyertya h\u00f3feh\u00e9r sz\u00edne, mint a tisztas\u00e1g jelk\u00e9pe, \u00f6nmag\u00e1t em\u00e9szti el, elfogy, az \u00e1ldozatv\u00e1llal\u00e1s, f\u00e9ny\u00e9t nem tartja meg mag\u00e1nak, neh\u00e9z id\u0151ben gyerty\u00e1t gy\u00fajtunk&#8230; L\u00e9nyeg\u00e9ben a megszentelt gyertya bekeretezi a h\u00edv\u0151 ember \u00e9let\u00e9t a sz\u00fclet\u00e9st\u0151l, keresztel\u0151i gyertya, eg\u00e9szen a hal\u00e1lig, temet\u00e9s alkalm\u00e1val a meggy\u00fajtott gyertya. Az \u00fcnnep ugyanakkor a tal\u00e1lkoz\u00e1sok \u00fcnnepe is, ahogyan arr\u00f3l az evang\u00e9liumi r\u00e9sz besz\u00e1mol. Legyen \u00e9letemben is minden tal\u00e1lkoz\u00e1s igazi \u00fcnnep! \u00c9ppen tal\u00e1lkoz\u00e1saink emelnek ki benn\u00fcnket a h\u00e9tk\u00f6znapok megszokott ritmus\u00e1b\u00f3l. Ide k\u00edv\u00e1nkoznak Pilinszky J\u00e1nos gondolatai is, melyeket b\u00e1r az adventtel kapcsolatosan \u00edr, m\u00e9gis helyt\u00e1ll\u00f3ak: szerelmesek v\u00e1rakoz\u00e1sa a tal\u00e1lkoz\u00e1sra, gyermek v\u00e1rakoz\u00e1sa az els\u0151 h\u00f3es\u00e9sre&#8230;\u00a0 Tibor atya Kezd\u0151\u00e9nek: Befogadtuk, Isten\u00fcnk, irgalmass\u00e1godat templomod belsej\u00e9ben. Mik\u00e9nt neved, Isten\u00fcnk, \u00fagy dics\u00e9reted is bet\u00f6lti a f\u00f6ld hat\u00e1rait, jobbod telve igazs\u00e1ggal. (V\u00f6. Zsolt 47,10-11) K\u00f6ny\u00f6rg\u00e9s: Mindenhat\u00f3, \u00f6r\u00f6k Isten, egysz\u00fcl\u00f6tt Fiadat ma emberi test\u00fcnk val\u00f3s\u00e1g\u00e1ban mutatt\u00e1k be templomodban. Tiszt\u00edtsd meg sz\u00edv\u00fcnket, hogy m\u00e9lt\u00f3k legy\u00fcnk egykor mi is megjelenni el\u0151tted. A mi Urunk, J\u00e9zus Krisztus, a te Fiad \u00e1ltal, aki veled \u00e9l \u00e9s uralkodik a Szentl\u00e9lekkel egys\u00e9gben, Isten mind\u00f6r\u00f6kk\u00f6n \u00f6r\u00f6kk\u00e9. OLVASM\u00c1NY... R\u00e9szletek","og_url":"https:\/\/stuttgarti-katolikusok.de\/index.php\/urunk-bemutatasa-gyertyaszentelo-boldogasszony-unnepe\/","og_site_name":"Stuttgarti Katolikusok","article_published_time":"2025-02-01T11:58:25+00:00","article_modified_time":"2025-02-01T12:01:24+00:00","og_image":[{"width":537,"height":691,"url":"https:\/\/stuttgarti-katolikusok.de\/wp-content\/uploads\/2025\/02\/ludovico-carracci.jpg","type":"image\/jpeg"}],"author":"Tibor atya","twitter_card":"summary_large_image","twitter_misc":{"Szerz\u0151:":"Tibor atya","Becs\u00fclt olvas\u00e1si id\u0151":"8 perc"},"schema":{"@context":"https:\/\/schema.org","@graph":[{"@type":"Article","@id":"https:\/\/stuttgarti-katolikusok.de\/index.php\/urunk-bemutatasa-gyertyaszentelo-boldogasszony-unnepe\/#article","isPartOf":{"@id":"https:\/\/stuttgarti-katolikusok.de\/index.php\/urunk-bemutatasa-gyertyaszentelo-boldogasszony-unnepe\/"},"author":{"name":"Tibor atya","@id":"https:\/\/stuttgarti-katolikusok.de\/#\/schema\/person\/75908d6f8fdc03a57889d27209df7795"},"headline":"Urunk bemutat\u00e1sa &#8211; Gyertyaszentel\u0151 Boldogasszony \u00fcnnepe","datePublished":"2025-02-01T11:58:25+00:00","dateModified":"2025-02-01T12:01:24+00:00","mainEntityOfPage":{"@id":"https:\/\/stuttgarti-katolikusok.de\/index.php\/urunk-bemutatasa-gyertyaszentelo-boldogasszony-unnepe\/"},"wordCount":1920,"image":{"@id":"https:\/\/stuttgarti-katolikusok.de\/index.php\/urunk-bemutatasa-gyertyaszentelo-boldogasszony-unnepe\/#primaryimage"},"thumbnailUrl":"https:\/\/stuttgarti-katolikusok.de\/wp-content\/uploads\/2025\/02\/ludovico-carracci.jpg","articleSection":["A liturgia olvasm\u00e1nyai","Vas\u00e1rnapi gondolatok"],"inLanguage":"hu"},{"@type":"WebPage","@id":"https:\/\/stuttgarti-katolikusok.de\/index.php\/urunk-bemutatasa-gyertyaszentelo-boldogasszony-unnepe\/","url":"https:\/\/stuttgarti-katolikusok.de\/index.php\/urunk-bemutatasa-gyertyaszentelo-boldogasszony-unnepe\/","name":"Urunk bemutat\u00e1sa - Gyertyaszentel\u0151 Boldogasszony \u00fcnnepe - Stuttgarti Katolikusok","isPartOf":{"@id":"https:\/\/stuttgarti-katolikusok.de\/#website"},"primaryImageOfPage":{"@id":"https:\/\/stuttgarti-katolikusok.de\/index.php\/urunk-bemutatasa-gyertyaszentelo-boldogasszony-unnepe\/#primaryimage"},"image":{"@id":"https:\/\/stuttgarti-katolikusok.de\/index.php\/urunk-bemutatasa-gyertyaszentelo-boldogasszony-unnepe\/#primaryimage"},"thumbnailUrl":"https:\/\/stuttgarti-katolikusok.de\/wp-content\/uploads\/2025\/02\/ludovico-carracci.jpg","datePublished":"2025-02-01T11:58:25+00:00","dateModified":"2025-02-01T12:01:24+00:00","author":{"@id":"https:\/\/stuttgarti-katolikusok.de\/#\/schema\/person\/75908d6f8fdc03a57889d27209df7795"},"breadcrumb":{"@id":"https:\/\/stuttgarti-katolikusok.de\/index.php\/urunk-bemutatasa-gyertyaszentelo-boldogasszony-unnepe\/#breadcrumb"},"inLanguage":"hu","potentialAction":[{"@type":"ReadAction","target":["https:\/\/stuttgarti-katolikusok.de\/index.php\/urunk-bemutatasa-gyertyaszentelo-boldogasszony-unnepe\/"]}]},{"@type":"ImageObject","inLanguage":"hu","@id":"https:\/\/stuttgarti-katolikusok.de\/index.php\/urunk-bemutatasa-gyertyaszentelo-boldogasszony-unnepe\/#primaryimage","url":"https:\/\/stuttgarti-katolikusok.de\/wp-content\/uploads\/2025\/02\/ludovico-carracci.jpg","contentUrl":"https:\/\/stuttgarti-katolikusok.de\/wp-content\/uploads\/2025\/02\/ludovico-carracci.jpg","width":537,"height":691},{"@type":"BreadcrumbList","@id":"https:\/\/stuttgarti-katolikusok.de\/index.php\/urunk-bemutatasa-gyertyaszentelo-boldogasszony-unnepe\/#breadcrumb","itemListElement":[{"@type":"ListItem","position":1,"name":"Kezd\u0151lap","item":"https:\/\/stuttgarti-katolikusok.de\/"},{"@type":"ListItem","position":2,"name":"Urunk bemutat\u00e1sa &#8211; Gyertyaszentel\u0151 Boldogasszony \u00fcnnepe"}]},{"@type":"WebSite","@id":"https:\/\/stuttgarti-katolikusok.de\/#website","url":"https:\/\/stuttgarti-katolikusok.de\/","name":"Stuttgarti Katolikusok","description":"","potentialAction":[{"@type":"SearchAction","target":{"@type":"EntryPoint","urlTemplate":"https:\/\/stuttgarti-katolikusok.de\/?s={search_term_string}"},"query-input":{"@type":"PropertyValueSpecification","valueRequired":true,"valueName":"search_term_string"}}],"inLanguage":"hu"},{"@type":"Person","@id":"https:\/\/stuttgarti-katolikusok.de\/#\/schema\/person\/75908d6f8fdc03a57889d27209df7795","name":"Tibor atya","image":{"@type":"ImageObject","inLanguage":"hu","@id":"https:\/\/secure.gravatar.com\/avatar\/61d268e57d1f4525b111222e29d2d5a7f8c420fdbf231ba5566a8ceac74fa960?s=96&d=mm&r=g","url":"https:\/\/secure.gravatar.com\/avatar\/61d268e57d1f4525b111222e29d2d5a7f8c420fdbf231ba5566a8ceac74fa960?s=96&d=mm&r=g","contentUrl":"https:\/\/secure.gravatar.com\/avatar\/61d268e57d1f4525b111222e29d2d5a7f8c420fdbf231ba5566a8ceac74fa960?s=96&d=mm&r=g","caption":"Tibor atya"},"url":"https:\/\/stuttgarti-katolikusok.de\/index.php\/author\/tibor-atya\/"}]}},"_links":{"self":[{"href":"https:\/\/stuttgarti-katolikusok.de\/index.php\/wp-json\/wp\/v2\/posts\/30222","targetHints":{"allow":["GET"]}}],"collection":[{"href":"https:\/\/stuttgarti-katolikusok.de\/index.php\/wp-json\/wp\/v2\/posts"}],"about":[{"href":"https:\/\/stuttgarti-katolikusok.de\/index.php\/wp-json\/wp\/v2\/types\/post"}],"author":[{"embeddable":true,"href":"https:\/\/stuttgarti-katolikusok.de\/index.php\/wp-json\/wp\/v2\/users\/3"}],"replies":[{"embeddable":true,"href":"https:\/\/stuttgarti-katolikusok.de\/index.php\/wp-json\/wp\/v2\/comments?post=30222"}],"version-history":[{"count":6,"href":"https:\/\/stuttgarti-katolikusok.de\/index.php\/wp-json\/wp\/v2\/posts\/30222\/revisions"}],"predecessor-version":[{"id":30229,"href":"https:\/\/stuttgarti-katolikusok.de\/index.php\/wp-json\/wp\/v2\/posts\/30222\/revisions\/30229"}],"wp:featuredmedia":[{"embeddable":true,"href":"https:\/\/stuttgarti-katolikusok.de\/index.php\/wp-json\/wp\/v2\/media\/30225"}],"wp:attachment":[{"href":"https:\/\/stuttgarti-katolikusok.de\/index.php\/wp-json\/wp\/v2\/media?parent=30222"}],"wp:term":[{"taxonomy":"category","embeddable":true,"href":"https:\/\/stuttgarti-katolikusok.de\/index.php\/wp-json\/wp\/v2\/categories?post=30222"},{"taxonomy":"post_tag","embeddable":true,"href":"https:\/\/stuttgarti-katolikusok.de\/index.php\/wp-json\/wp\/v2\/tags?post=30222"}],"curies":[{"name":"wp","href":"https:\/\/api.w.org\/{rel}","templated":true}]}}