{"id":30186,"date":"2025-01-27T22:16:53","date_gmt":"2025-01-27T21:16:53","guid":{"rendered":"https:\/\/stuttgarti-katolikusok.de\/?p=30186"},"modified":"2025-01-27T22:18:26","modified_gmt":"2025-01-27T21:18:26","slug":"2025-januar-27-es-februar-2-kozott","status":"publish","type":"post","link":"https:\/\/stuttgarti-katolikusok.de\/index.php\/2025-januar-27-es-februar-2-kozott\/","title":{"rendered":"2025. JANU\u00c1R 27 \u00c9S FEBRU\u00c1R 2 K\u00d6Z\u00d6TT"},"content":{"rendered":"<p><span style=\"color: #008000;\"><strong>Programel\u0151zetes<\/strong><\/span><\/p>\n<p style=\"text-align: center;\"><span style=\"color: #008000;\"><strong> *<\/strong><\/span><\/p>\n<p><strong>Janu\u00e1r 31-\u00e9n<\/strong><em>, <\/em>p\u00e9nteken<em>,<\/em> <strong>Stuttgartban<\/strong><\/p>\n<p>17.30 \u00f3rakor <em>szentmise, <\/em><\/p>\n<p>18.00 \u00f3rakor <span style=\"color: #ff6600;\"><strong><em>Bar\u00e1ts\u00e1gklub<\/em><\/strong><\/span><\/p>\n<p><a href=\"https:\/\/stuttgarti-katolikusok.de\/wp-content\/uploads\/2025\/01\/baratsagklub-2025-januar.jpg\"><img loading=\"lazy\" decoding=\"async\" class=\"alignnone size-full wp-image-30187\" src=\"https:\/\/stuttgarti-katolikusok.de\/wp-content\/uploads\/2025\/01\/baratsagklub-2025-januar.jpg\" alt=\"\" width=\"1654\" height=\"2339\" srcset=\"https:\/\/stuttgarti-katolikusok.de\/wp-content\/uploads\/2025\/01\/baratsagklub-2025-januar.jpg 1654w, https:\/\/stuttgarti-katolikusok.de\/wp-content\/uploads\/2025\/01\/baratsagklub-2025-januar-212x300.jpg 212w, https:\/\/stuttgarti-katolikusok.de\/wp-content\/uploads\/2025\/01\/baratsagklub-2025-januar-724x1024.jpg 724w, https:\/\/stuttgarti-katolikusok.de\/wp-content\/uploads\/2025\/01\/baratsagklub-2025-januar-1086x1536.jpg 1086w, https:\/\/stuttgarti-katolikusok.de\/wp-content\/uploads\/2025\/01\/baratsagklub-2025-januar-1448x2048.jpg 1448w\" sizes=\"auto, (max-width: 1654px) 100vw, 1654px\" \/><\/a><\/p>\n<p style=\"text-align: center;\"><span style=\"color: #008000;\"><strong>\u00a0*<\/strong><\/span><\/p>\n<p><strong>Febru\u00e1r 1-j\u00e9n<\/strong>, szombaton<em>, <\/em><strong>Balingenben <\/strong>16.00 \u00f3rakor<em>\u00a0<span style=\"color: #ff6600;\">b\u00facs\u00fas-szentmise, <strong>Szent\u00a0Magyar P\u00e1l<\/strong>, a k\u00f6z\u00f6ss\u00e9g v\u00e9d\u0151szentje<\/span>,<\/em> ut\u00e1na <em>agap\u00e9.<\/em><\/p>\n<p>Szentmise v\u00e9gezt\u00e9vel<em> gyertyaszentel\u00e9s <\/em>\u00e9s<em> Bal\u00e1zs-\u00e1ld\u00e1s.<\/em><\/p>\n<p><a href=\"https:\/\/stuttgarti-katolikusok.de\/wp-content\/uploads\/2025\/01\/boldog-magyar-pal-honlap.jpg\"><img loading=\"lazy\" decoding=\"async\" class=\"alignnone size-full wp-image-30188\" src=\"https:\/\/stuttgarti-katolikusok.de\/wp-content\/uploads\/2025\/01\/boldog-magyar-pal-honlap.jpg\" alt=\"\" width=\"481\" height=\"818\" srcset=\"https:\/\/stuttgarti-katolikusok.de\/wp-content\/uploads\/2025\/01\/boldog-magyar-pal-honlap.jpg 481w, https:\/\/stuttgarti-katolikusok.de\/wp-content\/uploads\/2025\/01\/boldog-magyar-pal-honlap-176x300.jpg 176w\" sizes=\"auto, (max-width: 481px) 100vw, 481px\" \/><\/a><\/p>\n<p style=\"text-align: center;\"><strong>*<\/strong><\/p>\n<p><strong>Febru\u00e1r 2-\u00e1n<\/strong><em>, <strong><span style=\"color: #ff6600;\">Gyertaszentel\u0151 Boldogasszony \u00fcnnepe<\/span><\/strong><\/em>,<\/p>\n<p><strong>Schw\u00e4bisch-Gm\u00fcndben <\/strong>9.30 \u00f3rakor <em>szentmise, gyertyaszentel\u00e9s, <\/em>v\u00e9gezt\u00e9vel<em> Bal\u00e1zs-\u00e1ld\u00e1s. <\/em>Ut\u00e1na <em>agap\u00e9, <\/em><\/p>\n<p><strong>Stuttgartban <\/strong>15.00 \u00f3rakor<em> gyermek-istentisztelet, gyertyaszentel\u00e9s, <\/em>v\u00e9gezt\u00e9vel<em> Bal\u00e1zs-\u00e1ld\u00e1s. <\/em>Ut\u00e1na <em>agap\u00e9.<\/em><\/p>\n<p style=\"text-align: center;\"><span style=\"color: #008000;\"><em>*<\/em><\/span><\/p>\n<p><em>\u00a0<\/em>Minden helyen mindenkit szeretettel v\u00e1r a k\u00f6z\u00f6ss\u00e9g \u00e9s Tibor atya!<\/p>\n<p style=\"text-align: center;\"><span style=\"color: #008000;\"><strong><em>*<\/em><\/strong><\/span><\/p>\n<p><a href=\"https:\/\/stuttgarti-katolikusok.de\/wp-content\/uploads\/2021\/02\/holzfigur-980784-1280.jpg\"><img loading=\"lazy\" decoding=\"async\" class=\"alignnone size-full wp-image-21109\" src=\"https:\/\/stuttgarti-katolikusok.de\/wp-content\/uploads\/2021\/02\/holzfigur-980784-1280.jpg\" alt=\"\" width=\"1280\" height=\"876\" srcset=\"https:\/\/stuttgarti-katolikusok.de\/wp-content\/uploads\/2021\/02\/holzfigur-980784-1280.jpg 1280w, https:\/\/stuttgarti-katolikusok.de\/wp-content\/uploads\/2021\/02\/holzfigur-980784-1280-300x205.jpg 300w, https:\/\/stuttgarti-katolikusok.de\/wp-content\/uploads\/2021\/02\/holzfigur-980784-1280-1024x701.jpg 1024w\" sizes=\"auto, (max-width: 1280px) 100vw, 1280px\" \/><\/a><\/p>\n<p style=\"text-align: center;\"><span style=\"color: #008000;\"><strong><em>*<\/em><\/strong><\/span><\/p>\n<p><span style=\"color: #008000;\"><strong><em>Bens\u0151s\u00e9ges \u00e9s kellemes farsangi napokat, j\u00f3 tal\u00e1lkoz\u00e1sokat \u00e9s sok \u00f6r\u00f6met k\u00edv\u00e1nok minden kedves H\u00edvemnek.<\/em><\/strong><\/span><\/p>\n<p style=\"text-align: center;\"><span style=\"color: #008000;\"><strong><em>*<\/em><\/strong><\/span><\/p>\n<p><strong><em><span style=\"color: #ff6600;\">\u201eAz emberi l\u00e9ny ugyanis el tud viselni egy h\u00e9t szomjaz\u00e1st, k\u00e9t h\u00e9t \u00e9hez\u00e9st, \u00e9s ak\u00e1r \u00e9vekig elviseli, hogy nincs fed\u00e9l a feje f\u00f6l\u00f6tt, de a mag\u00e1nyt nem viseli el. Minden k\u00edn \u00e9s minden szenved\u00e9s k\u00f6z\u00fcl a mag\u00e1ny a legrosszabb.\u201d<\/span> <\/em><\/strong><em>(<\/em><em>Paulo Coelho, brazil \u00edr\u00f3, 1947 &#8211; )<\/em><\/p>\n<p><em>(K\u00e9p forr\u00e1sa: Magyar Kur\u00edr)<\/em><\/p>\n","protected":false},"excerpt":{"rendered":"<p>Programel\u0151zetes * Janu\u00e1r 31-\u00e9n, p\u00e9nteken, Stuttgartban 17.30 \u00f3rakor szentmise, 18.00 \u00f3rakor Bar\u00e1ts\u00e1gklub \u00a0* Febru\u00e1r 1-j\u00e9n, szombaton, Balingenben 16.00 \u00f3rakor\u00a0b\u00facs\u00fas-szentmise, Szent\u00a0Magyar P\u00e1l, a k\u00f6z\u00f6ss\u00e9g v\u00e9d\u0151szentje, ut\u00e1na agap\u00e9. Szentmise v\u00e9gezt\u00e9vel gyertyaszentel\u00e9s \u00e9s Bal\u00e1zs-\u00e1ld\u00e1s. * Febru\u00e1r 2-\u00e1n, Gyertaszentel\u0151 Boldogasszony \u00fcnnepe, Schw\u00e4bisch-Gm\u00fcndben 9.30 \u00f3rakor szentmise, gyertyaszentel\u00e9s, v\u00e9gezt\u00e9vel Bal\u00e1zs-\u00e1ld\u00e1s. Ut\u00e1na agap\u00e9, Stuttgartban 15.00 \u00f3rakor gyermek-istentisztelet, gyertyaszentel\u00e9s, v\u00e9gezt\u00e9vel Bal\u00e1zs-\u00e1ld\u00e1s. Ut\u00e1na agap\u00e9. * \u00a0Minden helyen mindenkit szeretettel v\u00e1r a k\u00f6z\u00f6ss\u00e9g \u00e9s Tibor atya! * * Bens\u0151s\u00e9ges \u00e9s kellemes farsangi napokat, j\u00f3 tal\u00e1lkoz\u00e1sokat \u00e9s sok \u00f6r\u00f6met k\u00edv\u00e1nok minden kedves H\u00edvemnek. * \u201eAz emberi l\u00e9ny ugyanis el tud viselni egy h\u00e9t szomjaz\u00e1st, k\u00e9t h\u00e9t \u00e9hez\u00e9st, \u00e9s ak\u00e1r \u00e9vekig elviseli, hogy nincs fed\u00e9l a feje f\u00f6l\u00f6tt, de a mag\u00e1nyt nem viseli el. Minden k\u00edn \u00e9s minden szenved\u00e9s k\u00f6z\u00fcl a mag\u00e1ny a legrosszabb.\u201d (Paulo Coelho, brazil \u00edr\u00f3, 1947 &#8211; ) (K\u00e9p forr\u00e1sa: Magyar Kur\u00edr)<\/p>\n","protected":false},"author":3,"featured_media":30189,"comment_status":"closed","ping_status":"closed","sticky":false,"template":"","format":"standard","meta":{"footnotes":""},"categories":[37],"tags":[],"class_list":["post-30186","post","type-post","status-publish","format-standard","has-post-thumbnail","hentry","category-progamelozetes"],"yoast_head":"<!-- This site is optimized with the Yoast SEO plugin v27.3 - https:\/\/yoast.com\/product\/yoast-seo-wordpress\/ -->\n<title>2025. JANU\u00c1R 27 \u00c9S FEBRU\u00c1R 2 K\u00d6Z\u00d6TT - Stuttgarti Katolikusok<\/title>\n<meta name=\"robots\" content=\"index, follow, max-snippet:-1, max-image-preview:large, max-video-preview:-1\" \/>\n<link rel=\"canonical\" href=\"https:\/\/stuttgarti-katolikusok.de\/index.php\/2025-januar-27-es-februar-2-kozott\/\" \/>\n<meta property=\"og:locale\" content=\"hu_HU\" \/>\n<meta property=\"og:type\" content=\"article\" \/>\n<meta property=\"og:title\" content=\"2025. JANU\u00c1R 27 \u00c9S FEBRU\u00c1R 2 K\u00d6Z\u00d6TT - Stuttgarti Katolikusok\" \/>\n<meta property=\"og:description\" content=\"Programel\u0151zetes * Janu\u00e1r 31-\u00e9n, p\u00e9nteken, Stuttgartban 17.30 \u00f3rakor szentmise, 18.00 \u00f3rakor Bar\u00e1ts\u00e1gklub \u00a0* Febru\u00e1r 1-j\u00e9n, szombaton, Balingenben 16.00 \u00f3rakor\u00a0b\u00facs\u00fas-szentmise, Szent\u00a0Magyar P\u00e1l, a k\u00f6z\u00f6ss\u00e9g v\u00e9d\u0151szentje, ut\u00e1na agap\u00e9. Szentmise v\u00e9gezt\u00e9vel gyertyaszentel\u00e9s \u00e9s Bal\u00e1zs-\u00e1ld\u00e1s. * Febru\u00e1r 2-\u00e1n, Gyertaszentel\u0151 Boldogasszony \u00fcnnepe, Schw\u00e4bisch-Gm\u00fcndben 9.30 \u00f3rakor szentmise, gyertyaszentel\u00e9s, v\u00e9gezt\u00e9vel Bal\u00e1zs-\u00e1ld\u00e1s. Ut\u00e1na agap\u00e9, Stuttgartban 15.00 \u00f3rakor gyermek-istentisztelet, gyertyaszentel\u00e9s, v\u00e9gezt\u00e9vel Bal\u00e1zs-\u00e1ld\u00e1s. Ut\u00e1na agap\u00e9. * \u00a0Minden helyen mindenkit szeretettel v\u00e1r a k\u00f6z\u00f6ss\u00e9g \u00e9s Tibor atya! * * Bens\u0151s\u00e9ges \u00e9s kellemes farsangi napokat, j\u00f3 tal\u00e1lkoz\u00e1sokat \u00e9s sok \u00f6r\u00f6met k\u00edv\u00e1nok minden kedves H\u00edvemnek. * \u201eAz emberi l\u00e9ny ugyanis el tud viselni egy h\u00e9t szomjaz\u00e1st, k\u00e9t h\u00e9t \u00e9hez\u00e9st, \u00e9s ak\u00e1r \u00e9vekig elviseli, hogy nincs fed\u00e9l a feje f\u00f6l\u00f6tt, de a mag\u00e1nyt nem viseli el. Minden k\u00edn \u00e9s minden szenved\u00e9s k\u00f6z\u00fcl a mag\u00e1ny a legrosszabb.\u201d (Paulo Coelho, brazil \u00edr\u00f3, 1947 &#8211; ) (K\u00e9p forr\u00e1sa: Magyar Kur\u00edr)\" \/>\n<meta property=\"og:url\" content=\"https:\/\/stuttgarti-katolikusok.de\/index.php\/2025-januar-27-es-februar-2-kozott\/\" \/>\n<meta property=\"og:site_name\" content=\"Stuttgarti Katolikusok\" \/>\n<meta property=\"article:published_time\" content=\"2025-01-27T21:16:53+00:00\" \/>\n<meta property=\"article:modified_time\" content=\"2025-01-27T21:18:26+00:00\" \/>\n<meta property=\"og:image\" content=\"https:\/\/stuttgarti-katolikusok.de\/wp-content\/uploads\/2024\/01\/magyar-kurir-urunk-bemutatasa.jpeg\" \/>\n\t<meta property=\"og:image:width\" content=\"1024\" \/>\n\t<meta property=\"og:image:height\" content=\"680\" \/>\n\t<meta property=\"og:image:type\" content=\"image\/jpeg\" \/>\n<meta name=\"author\" content=\"Tibor atya\" \/>\n<meta name=\"twitter:card\" content=\"summary_large_image\" \/>\n<meta name=\"twitter:label1\" content=\"Szerz\u0151:\" \/>\n\t<meta name=\"twitter:data1\" content=\"Tibor atya\" \/>\n\t<meta name=\"twitter:label2\" content=\"Becs\u00fclt olvas\u00e1si id\u0151\" \/>\n\t<meta name=\"twitter:data2\" content=\"2 perc\" \/>\n<script type=\"application\/ld+json\" class=\"yoast-schema-graph\">{\"@context\":\"https:\\\/\\\/schema.org\",\"@graph\":[{\"@type\":\"Article\",\"@id\":\"https:\\\/\\\/stuttgarti-katolikusok.de\\\/index.php\\\/2025-januar-27-es-februar-2-kozott\\\/#article\",\"isPartOf\":{\"@id\":\"https:\\\/\\\/stuttgarti-katolikusok.de\\\/index.php\\\/2025-januar-27-es-februar-2-kozott\\\/\"},\"author\":{\"name\":\"Tibor atya\",\"@id\":\"https:\\\/\\\/stuttgarti-katolikusok.de\\\/#\\\/schema\\\/person\\\/75908d6f8fdc03a57889d27209df7795\"},\"headline\":\"2025. JANU\u00c1R 27 \u00c9S FEBRU\u00c1R 2 K\u00d6Z\u00d6TT\",\"datePublished\":\"2025-01-27T21:16:53+00:00\",\"dateModified\":\"2025-01-27T21:18:26+00:00\",\"mainEntityOfPage\":{\"@id\":\"https:\\\/\\\/stuttgarti-katolikusok.de\\\/index.php\\\/2025-januar-27-es-februar-2-kozott\\\/\"},\"wordCount\":201,\"image\":{\"@id\":\"https:\\\/\\\/stuttgarti-katolikusok.de\\\/index.php\\\/2025-januar-27-es-februar-2-kozott\\\/#primaryimage\"},\"thumbnailUrl\":\"https:\\\/\\\/stuttgarti-katolikusok.de\\\/wp-content\\\/uploads\\\/2024\\\/01\\\/magyar-kurir-urunk-bemutatasa.jpeg\",\"articleSection\":[\"Progamel\u0151zetes\"],\"inLanguage\":\"hu\"},{\"@type\":\"WebPage\",\"@id\":\"https:\\\/\\\/stuttgarti-katolikusok.de\\\/index.php\\\/2025-januar-27-es-februar-2-kozott\\\/\",\"url\":\"https:\\\/\\\/stuttgarti-katolikusok.de\\\/index.php\\\/2025-januar-27-es-februar-2-kozott\\\/\",\"name\":\"2025. JANU\u00c1R 27 \u00c9S FEBRU\u00c1R 2 K\u00d6Z\u00d6TT - Stuttgarti Katolikusok\",\"isPartOf\":{\"@id\":\"https:\\\/\\\/stuttgarti-katolikusok.de\\\/#website\"},\"primaryImageOfPage\":{\"@id\":\"https:\\\/\\\/stuttgarti-katolikusok.de\\\/index.php\\\/2025-januar-27-es-februar-2-kozott\\\/#primaryimage\"},\"image\":{\"@id\":\"https:\\\/\\\/stuttgarti-katolikusok.de\\\/index.php\\\/2025-januar-27-es-februar-2-kozott\\\/#primaryimage\"},\"thumbnailUrl\":\"https:\\\/\\\/stuttgarti-katolikusok.de\\\/wp-content\\\/uploads\\\/2024\\\/01\\\/magyar-kurir-urunk-bemutatasa.jpeg\",\"datePublished\":\"2025-01-27T21:16:53+00:00\",\"dateModified\":\"2025-01-27T21:18:26+00:00\",\"author\":{\"@id\":\"https:\\\/\\\/stuttgarti-katolikusok.de\\\/#\\\/schema\\\/person\\\/75908d6f8fdc03a57889d27209df7795\"},\"breadcrumb\":{\"@id\":\"https:\\\/\\\/stuttgarti-katolikusok.de\\\/index.php\\\/2025-januar-27-es-februar-2-kozott\\\/#breadcrumb\"},\"inLanguage\":\"hu\",\"potentialAction\":[{\"@type\":\"ReadAction\",\"target\":[\"https:\\\/\\\/stuttgarti-katolikusok.de\\\/index.php\\\/2025-januar-27-es-februar-2-kozott\\\/\"]}]},{\"@type\":\"ImageObject\",\"inLanguage\":\"hu\",\"@id\":\"https:\\\/\\\/stuttgarti-katolikusok.de\\\/index.php\\\/2025-januar-27-es-februar-2-kozott\\\/#primaryimage\",\"url\":\"https:\\\/\\\/stuttgarti-katolikusok.de\\\/wp-content\\\/uploads\\\/2024\\\/01\\\/magyar-kurir-urunk-bemutatasa.jpeg\",\"contentUrl\":\"https:\\\/\\\/stuttgarti-katolikusok.de\\\/wp-content\\\/uploads\\\/2024\\\/01\\\/magyar-kurir-urunk-bemutatasa.jpeg\",\"width\":1024,\"height\":680},{\"@type\":\"BreadcrumbList\",\"@id\":\"https:\\\/\\\/stuttgarti-katolikusok.de\\\/index.php\\\/2025-januar-27-es-februar-2-kozott\\\/#breadcrumb\",\"itemListElement\":[{\"@type\":\"ListItem\",\"position\":1,\"name\":\"Kezd\u0151lap\",\"item\":\"https:\\\/\\\/stuttgarti-katolikusok.de\\\/\"},{\"@type\":\"ListItem\",\"position\":2,\"name\":\"2025. JANU\u00c1R 27 \u00c9S FEBRU\u00c1R 2 K\u00d6Z\u00d6TT\"}]},{\"@type\":\"WebSite\",\"@id\":\"https:\\\/\\\/stuttgarti-katolikusok.de\\\/#website\",\"url\":\"https:\\\/\\\/stuttgarti-katolikusok.de\\\/\",\"name\":\"Stuttgarti Katolikusok\",\"description\":\"\",\"potentialAction\":[{\"@type\":\"SearchAction\",\"target\":{\"@type\":\"EntryPoint\",\"urlTemplate\":\"https:\\\/\\\/stuttgarti-katolikusok.de\\\/?s={search_term_string}\"},\"query-input\":{\"@type\":\"PropertyValueSpecification\",\"valueRequired\":true,\"valueName\":\"search_term_string\"}}],\"inLanguage\":\"hu\"},{\"@type\":\"Person\",\"@id\":\"https:\\\/\\\/stuttgarti-katolikusok.de\\\/#\\\/schema\\\/person\\\/75908d6f8fdc03a57889d27209df7795\",\"name\":\"Tibor atya\",\"image\":{\"@type\":\"ImageObject\",\"inLanguage\":\"hu\",\"@id\":\"https:\\\/\\\/secure.gravatar.com\\\/avatar\\\/61d268e57d1f4525b111222e29d2d5a7f8c420fdbf231ba5566a8ceac74fa960?s=96&d=mm&r=g\",\"url\":\"https:\\\/\\\/secure.gravatar.com\\\/avatar\\\/61d268e57d1f4525b111222e29d2d5a7f8c420fdbf231ba5566a8ceac74fa960?s=96&d=mm&r=g\",\"contentUrl\":\"https:\\\/\\\/secure.gravatar.com\\\/avatar\\\/61d268e57d1f4525b111222e29d2d5a7f8c420fdbf231ba5566a8ceac74fa960?s=96&d=mm&r=g\",\"caption\":\"Tibor atya\"},\"url\":\"https:\\\/\\\/stuttgarti-katolikusok.de\\\/index.php\\\/author\\\/tibor-atya\\\/\"}]}<\/script>\n<!-- \/ Yoast SEO plugin. -->","yoast_head_json":{"title":"2025. JANU\u00c1R 27 \u00c9S FEBRU\u00c1R 2 K\u00d6Z\u00d6TT - Stuttgarti Katolikusok","robots":{"index":"index","follow":"follow","max-snippet":"max-snippet:-1","max-image-preview":"max-image-preview:large","max-video-preview":"max-video-preview:-1"},"canonical":"https:\/\/stuttgarti-katolikusok.de\/index.php\/2025-januar-27-es-februar-2-kozott\/","og_locale":"hu_HU","og_type":"article","og_title":"2025. JANU\u00c1R 27 \u00c9S FEBRU\u00c1R 2 K\u00d6Z\u00d6TT - Stuttgarti Katolikusok","og_description":"Programel\u0151zetes * Janu\u00e1r 31-\u00e9n, p\u00e9nteken, Stuttgartban 17.30 \u00f3rakor szentmise, 18.00 \u00f3rakor Bar\u00e1ts\u00e1gklub \u00a0* Febru\u00e1r 1-j\u00e9n, szombaton, Balingenben 16.00 \u00f3rakor\u00a0b\u00facs\u00fas-szentmise, Szent\u00a0Magyar P\u00e1l, a k\u00f6z\u00f6ss\u00e9g v\u00e9d\u0151szentje, ut\u00e1na agap\u00e9. Szentmise v\u00e9gezt\u00e9vel gyertyaszentel\u00e9s \u00e9s Bal\u00e1zs-\u00e1ld\u00e1s. * Febru\u00e1r 2-\u00e1n, Gyertaszentel\u0151 Boldogasszony \u00fcnnepe, Schw\u00e4bisch-Gm\u00fcndben 9.30 \u00f3rakor szentmise, gyertyaszentel\u00e9s, v\u00e9gezt\u00e9vel Bal\u00e1zs-\u00e1ld\u00e1s. Ut\u00e1na agap\u00e9, Stuttgartban 15.00 \u00f3rakor gyermek-istentisztelet, gyertyaszentel\u00e9s, v\u00e9gezt\u00e9vel Bal\u00e1zs-\u00e1ld\u00e1s. Ut\u00e1na agap\u00e9. * \u00a0Minden helyen mindenkit szeretettel v\u00e1r a k\u00f6z\u00f6ss\u00e9g \u00e9s Tibor atya! * * Bens\u0151s\u00e9ges \u00e9s kellemes farsangi napokat, j\u00f3 tal\u00e1lkoz\u00e1sokat \u00e9s sok \u00f6r\u00f6met k\u00edv\u00e1nok minden kedves H\u00edvemnek. * \u201eAz emberi l\u00e9ny ugyanis el tud viselni egy h\u00e9t szomjaz\u00e1st, k\u00e9t h\u00e9t \u00e9hez\u00e9st, \u00e9s ak\u00e1r \u00e9vekig elviseli, hogy nincs fed\u00e9l a feje f\u00f6l\u00f6tt, de a mag\u00e1nyt nem viseli el. Minden k\u00edn \u00e9s minden szenved\u00e9s k\u00f6z\u00fcl a mag\u00e1ny a legrosszabb.\u201d (Paulo Coelho, brazil \u00edr\u00f3, 1947 &#8211; ) (K\u00e9p forr\u00e1sa: Magyar Kur\u00edr)","og_url":"https:\/\/stuttgarti-katolikusok.de\/index.php\/2025-januar-27-es-februar-2-kozott\/","og_site_name":"Stuttgarti Katolikusok","article_published_time":"2025-01-27T21:16:53+00:00","article_modified_time":"2025-01-27T21:18:26+00:00","og_image":[{"width":1024,"height":680,"url":"https:\/\/stuttgarti-katolikusok.de\/wp-content\/uploads\/2024\/01\/magyar-kurir-urunk-bemutatasa.jpeg","type":"image\/jpeg"}],"author":"Tibor atya","twitter_card":"summary_large_image","twitter_misc":{"Szerz\u0151:":"Tibor atya","Becs\u00fclt olvas\u00e1si id\u0151":"2 perc"},"schema":{"@context":"https:\/\/schema.org","@graph":[{"@type":"Article","@id":"https:\/\/stuttgarti-katolikusok.de\/index.php\/2025-januar-27-es-februar-2-kozott\/#article","isPartOf":{"@id":"https:\/\/stuttgarti-katolikusok.de\/index.php\/2025-januar-27-es-februar-2-kozott\/"},"author":{"name":"Tibor atya","@id":"https:\/\/stuttgarti-katolikusok.de\/#\/schema\/person\/75908d6f8fdc03a57889d27209df7795"},"headline":"2025. JANU\u00c1R 27 \u00c9S FEBRU\u00c1R 2 K\u00d6Z\u00d6TT","datePublished":"2025-01-27T21:16:53+00:00","dateModified":"2025-01-27T21:18:26+00:00","mainEntityOfPage":{"@id":"https:\/\/stuttgarti-katolikusok.de\/index.php\/2025-januar-27-es-februar-2-kozott\/"},"wordCount":201,"image":{"@id":"https:\/\/stuttgarti-katolikusok.de\/index.php\/2025-januar-27-es-februar-2-kozott\/#primaryimage"},"thumbnailUrl":"https:\/\/stuttgarti-katolikusok.de\/wp-content\/uploads\/2024\/01\/magyar-kurir-urunk-bemutatasa.jpeg","articleSection":["Progamel\u0151zetes"],"inLanguage":"hu"},{"@type":"WebPage","@id":"https:\/\/stuttgarti-katolikusok.de\/index.php\/2025-januar-27-es-februar-2-kozott\/","url":"https:\/\/stuttgarti-katolikusok.de\/index.php\/2025-januar-27-es-februar-2-kozott\/","name":"2025. JANU\u00c1R 27 \u00c9S FEBRU\u00c1R 2 K\u00d6Z\u00d6TT - Stuttgarti Katolikusok","isPartOf":{"@id":"https:\/\/stuttgarti-katolikusok.de\/#website"},"primaryImageOfPage":{"@id":"https:\/\/stuttgarti-katolikusok.de\/index.php\/2025-januar-27-es-februar-2-kozott\/#primaryimage"},"image":{"@id":"https:\/\/stuttgarti-katolikusok.de\/index.php\/2025-januar-27-es-februar-2-kozott\/#primaryimage"},"thumbnailUrl":"https:\/\/stuttgarti-katolikusok.de\/wp-content\/uploads\/2024\/01\/magyar-kurir-urunk-bemutatasa.jpeg","datePublished":"2025-01-27T21:16:53+00:00","dateModified":"2025-01-27T21:18:26+00:00","author":{"@id":"https:\/\/stuttgarti-katolikusok.de\/#\/schema\/person\/75908d6f8fdc03a57889d27209df7795"},"breadcrumb":{"@id":"https:\/\/stuttgarti-katolikusok.de\/index.php\/2025-januar-27-es-februar-2-kozott\/#breadcrumb"},"inLanguage":"hu","potentialAction":[{"@type":"ReadAction","target":["https:\/\/stuttgarti-katolikusok.de\/index.php\/2025-januar-27-es-februar-2-kozott\/"]}]},{"@type":"ImageObject","inLanguage":"hu","@id":"https:\/\/stuttgarti-katolikusok.de\/index.php\/2025-januar-27-es-februar-2-kozott\/#primaryimage","url":"https:\/\/stuttgarti-katolikusok.de\/wp-content\/uploads\/2024\/01\/magyar-kurir-urunk-bemutatasa.jpeg","contentUrl":"https:\/\/stuttgarti-katolikusok.de\/wp-content\/uploads\/2024\/01\/magyar-kurir-urunk-bemutatasa.jpeg","width":1024,"height":680},{"@type":"BreadcrumbList","@id":"https:\/\/stuttgarti-katolikusok.de\/index.php\/2025-januar-27-es-februar-2-kozott\/#breadcrumb","itemListElement":[{"@type":"ListItem","position":1,"name":"Kezd\u0151lap","item":"https:\/\/stuttgarti-katolikusok.de\/"},{"@type":"ListItem","position":2,"name":"2025. JANU\u00c1R 27 \u00c9S FEBRU\u00c1R 2 K\u00d6Z\u00d6TT"}]},{"@type":"WebSite","@id":"https:\/\/stuttgarti-katolikusok.de\/#website","url":"https:\/\/stuttgarti-katolikusok.de\/","name":"Stuttgarti Katolikusok","description":"","potentialAction":[{"@type":"SearchAction","target":{"@type":"EntryPoint","urlTemplate":"https:\/\/stuttgarti-katolikusok.de\/?s={search_term_string}"},"query-input":{"@type":"PropertyValueSpecification","valueRequired":true,"valueName":"search_term_string"}}],"inLanguage":"hu"},{"@type":"Person","@id":"https:\/\/stuttgarti-katolikusok.de\/#\/schema\/person\/75908d6f8fdc03a57889d27209df7795","name":"Tibor atya","image":{"@type":"ImageObject","inLanguage":"hu","@id":"https:\/\/secure.gravatar.com\/avatar\/61d268e57d1f4525b111222e29d2d5a7f8c420fdbf231ba5566a8ceac74fa960?s=96&d=mm&r=g","url":"https:\/\/secure.gravatar.com\/avatar\/61d268e57d1f4525b111222e29d2d5a7f8c420fdbf231ba5566a8ceac74fa960?s=96&d=mm&r=g","contentUrl":"https:\/\/secure.gravatar.com\/avatar\/61d268e57d1f4525b111222e29d2d5a7f8c420fdbf231ba5566a8ceac74fa960?s=96&d=mm&r=g","caption":"Tibor atya"},"url":"https:\/\/stuttgarti-katolikusok.de\/index.php\/author\/tibor-atya\/"}]}},"_links":{"self":[{"href":"https:\/\/stuttgarti-katolikusok.de\/index.php\/wp-json\/wp\/v2\/posts\/30186","targetHints":{"allow":["GET"]}}],"collection":[{"href":"https:\/\/stuttgarti-katolikusok.de\/index.php\/wp-json\/wp\/v2\/posts"}],"about":[{"href":"https:\/\/stuttgarti-katolikusok.de\/index.php\/wp-json\/wp\/v2\/types\/post"}],"author":[{"embeddable":true,"href":"https:\/\/stuttgarti-katolikusok.de\/index.php\/wp-json\/wp\/v2\/users\/3"}],"replies":[{"embeddable":true,"href":"https:\/\/stuttgarti-katolikusok.de\/index.php\/wp-json\/wp\/v2\/comments?post=30186"}],"version-history":[{"count":3,"href":"https:\/\/stuttgarti-katolikusok.de\/index.php\/wp-json\/wp\/v2\/posts\/30186\/revisions"}],"predecessor-version":[{"id":32545,"href":"https:\/\/stuttgarti-katolikusok.de\/index.php\/wp-json\/wp\/v2\/posts\/30186\/revisions\/32545"}],"wp:featuredmedia":[{"embeddable":true,"href":"https:\/\/stuttgarti-katolikusok.de\/index.php\/wp-json\/wp\/v2\/media\/30189"}],"wp:attachment":[{"href":"https:\/\/stuttgarti-katolikusok.de\/index.php\/wp-json\/wp\/v2\/media?parent=30186"}],"wp:term":[{"taxonomy":"category","embeddable":true,"href":"https:\/\/stuttgarti-katolikusok.de\/index.php\/wp-json\/wp\/v2\/categories?post=30186"},{"taxonomy":"post_tag","embeddable":true,"href":"https:\/\/stuttgarti-katolikusok.de\/index.php\/wp-json\/wp\/v2\/tags?post=30186"}],"curies":[{"name":"wp","href":"https:\/\/api.w.org\/{rel}","templated":true}]}}