{"id":30178,"date":"2025-01-25T13:42:53","date_gmt":"2025-01-25T12:42:53","guid":{"rendered":"https:\/\/stuttgarti-katolikusok.de\/?p=30178"},"modified":"2025-01-25T13:45:02","modified_gmt":"2025-01-25T12:45:02","slug":"evkozi-3-vasarnap-isten-igejenek-vasarnapja-3","status":"publish","type":"post","link":"https:\/\/stuttgarti-katolikusok.de\/index.php\/evkozi-3-vasarnap-isten-igejenek-vasarnapja-3\/","title":{"rendered":"\u00c9vk\u00f6zi 3. vas\u00e1rnap \u2013 Isten ig\u00e9j\u00e9nek vas\u00e1rnapja"},"content":{"rendered":"<p><span style=\"color: #ff6600;\"><em>Egyh\u00e1zk\u00f6zs\u00e9g\u00fcnk t\u00f6rt\u00e9net\u00e9ben m\u00e9rf\u00f6ldk\u0151 ez a h\u00e9tv\u00e9ge. Ugyanis 2025. janu\u00e1r 25-\u00e9n mintegy 1.300 f\u0151 r\u00e9szv\u00e9tel\u00e9vel megtartjuk az 50. Stuttgarti Magyar Katolikus J\u00f3t\u00e9konys\u00e1gi B\u00e1lunkat. Az elm\u00falt 50 esztend\u0151 v\u00e9gtelen h\u00e1l\u00e1ra \u00f6szt\u00f6n\u00f6z benn\u00fcnket. K\u00f6sz\u00f6net a j\u00f3s\u00e1gos \u00e9s gondvisel\u0151 Istennek, hogy misszi\u00f3nak megtartotta 78 \u00e9ven kereszt\u00fcl. Tov\u00e1bb\u00e1 k\u00f6sz\u00f6net \u00e9s h\u00e1la a lehet\u0151s\u00e9g\u00e9rt, amelyben 1975 \u00f3ta minden esztend\u0151ben \u00f6sszegy\u0171lhet\u00fcnk a k\u00f6z\u00f6s, bar\u00e1ti egy\u00fcttl\u00e9tre. Kincse ezeknek a j\u00f3t\u00e9konys\u00e1gi b\u00e1loknak, hogy benn\u00fck meg\u00e9lhetj\u00fck \u00f6sszetartoz\u00e1sunk \u00e9rz\u00e9s\u00e9t.\u00a0<\/em><\/span><\/p>\n<p><span style=\"color: #ff6600;\"><em>\u00c9ppen ez\u00e9rt szeretn\u00e9m egyetlen \u00fczenetk\u00e9nt az al\u00e1bbi szent\u00edr\u00e1si r\u00e9szletek k\u00f6z\u00fcl a szentlecke tan\u00edt\u00e1s\u00e1t kiemelni. Szent P\u00e1l apostol a korintusban \u00e9l\u0151 h\u00edvekhez int\u00e9zi level\u00e9t. Az \u00fczenet azonban ma is id\u0151szer\u0171, megsz\u00f3l\u00edt egy\u00e9nileg benn\u00fcnket. Az Egyh\u00e1z Krisztus titokzatos teste, amelynek tagjai a kereszt\u00e9nyek! Vagyis, helyi k\u00f6z\u00f6ss\u00e9g\u00fcnkben meg\u00e9lhetj\u00fck, mi t\u00f6bb, meg\u00e9lj\u00fck az \u00f6sszetartoz\u00e1s csod\u00e1latos \u00e9rz\u00e9s\u00e9t.<\/em><\/span><\/p>\n<p><span style=\"color: #ff6600;\"><em>Plasztikus hasonlattal \u00e9lve, el\u00e9g csup\u00e1n b\u00e1li est\u00e9nken k\u00f6r\u00fclhordozni tekintet\u00fcnket, s l\u00e1thatjuk h\u00e1ny ember \u00f6sszehangolt munk\u00e1j\u00e1ra volt sz\u00fcks\u00e9g ahhoz, hogy nagyszer\u0171en \u00e9rezz\u00fck magunkat. T\u00f6bb h\u00f3nap megfesz\u00edtett \u00e9s l\u00e1zas munk\u00e1j\u00e1nak gy\u00fcm\u00f6lcs\u00e9t \u00e9lvezhetj\u00fck.\u00a0<\/em><\/span><\/p>\n<p><span style=\"color: #ff6600;\"><em>K\u00f6sz\u00f6net mindazoknak, akik meg\u00e9rtett\u00e9k, az \u00fczenetet: sz\u00fcks\u00e9g\u00fcnk van egym\u00e1sra. Mi \u00f6sszetartozunk! M\u00e9gpedig \u00fagy, hogy mindenki egy\u00e9nileg odahelyezi a k\u00f6z\u00f6sbe egy\u00e9ni kincs\u00e9t, karizm\u00e1j\u00e1t.<\/em><\/span><\/p>\n<p><span style=\"color: #ff6600;\"><em>A test ugyan egy, de sok tagja van. A testnek ez a sok tagja azonban m\u00e9gis egy test. \u00cdgy van ez Krisztussal is. Mennyire felemel\u0151 \u00e9rz\u00e9s Krisztus titokzatos test\u00e9nek tagja lenni!<\/em><\/span><\/p>\n<p><span style=\"color: #008000;\">Kezd\u0151\u00e9nek:<\/span><br \/>\n\u00c9nekeljetek az \u00darnak \u00faj \u00e9neket, \u00e9nekelj az \u00darnak, eg\u00e9sz f\u00f6ld. M\u00e9lt\u00f3s\u00e1g \u00e9s f\u00f6ns\u00e9g van sz\u00edne el\u0151tt, szent\u00e9ly\u00e9ben hatalom \u00e9s \u00e9kess\u00e9g. (V\u00f6. Zsolt 95,1.6)<\/p>\n<p><span style=\"color: #008000;\">K\u00f6ny\u00f6rg\u00e9s:<\/span><br \/>\nMindenhat\u00f3, \u00f6r\u00f6k Isten, ir\u00e1ny\u00edtsd tetteinket tetsz\u00e9sed szerint, hogy szeretett Fiad nev\u00e9ben min\u00e9l t\u00f6bb j\u00f3t tegy\u00fcnk. A mi Urunk, J\u00e9zus Krisztus, a te Fiad \u00e1ltal, aki veled \u00e9l \u00e9s uralkodik a Szentl\u00e9lekkel egys\u00e9gben, Isten mind\u00f6r\u00f6kk\u00f6n \u00f6r\u00f6kk\u00e9.<\/p>\n<p><span style=\"color: #008000;\">OLVASM\u00c1NY Nehemi\u00e1s k\u00f6nyv\u00e9b\u0151l (Neh 8,2-4a.5b.8-10)<\/span><br \/>\n<em>Ezdr\u00e1s pap felolvasott az \u00dar t\u00f6rv\u00e9ny\u00e9nek k\u00f6nyv\u00e9b\u0151l, hogy a n\u00e9p jobban meg\u00e9rtse Isten parancsait.<\/em><br \/>\nAzokban a napokban, amikor a zsid\u00f3k visszat\u00e9rtek a babiloni fogs\u00e1gb\u00f3l, az eg\u00e9sz n\u00e9p egy emberk\u00e9nt \u00f6sszegy\u0171lt a V\u00edz-kapu el\u0151tti t\u00e9ren. Akkor Ezdr\u00e1s pap a gy\u00fclekezet el\u00e9 t\u00e1rta a T\u00f6rv\u00e9nyt, a f\u00e9rfiak, a n\u0151k \u00e9s mindazok el\u00e9, akik meg tudt\u00e1k \u00e9rteni. A hetedik h\u00f3nap els\u0151 napja volt. A V\u00edz-kapu el\u0151tti t\u00e9rs\u00e9gen reggelt\u0151l d\u00e9lig felolvasott a f\u00e9rfiaknak, a n\u0151knek \u00e9s mindazoknak, akik meg tudt\u00e1k \u00e9rteni. Az eg\u00e9sz n\u00e9p figyelt a T\u00f6rv\u00e9ny k\u00f6nyv\u00e9re.<br \/>\nEzdr\u00e1s \u00edr\u00e1stud\u00f3 fel\u00e1llt egy erre a c\u00e9lra k\u00e9sz\u00edtett faemelv\u00e9nyre. Kinyitotta a k\u00f6nyvet az eg\u00e9sz n\u00e9p szeme l\u00e1tt\u00e1ra \u2013 magasabban \u00e1llt ugyanis, mint a n\u00e9p \u2013, s amikor kinyitotta, az eg\u00e9sz n\u00e9p fel\u00e1llt. Akkor Ezdr\u00e1s \u00e1ldotta az Urat, a nagy Istent, s az eg\u00e9sz n\u00e9p felemelt k\u00e9zzel r\u00e1felelte: \u00c1men, \u00e1men. Majd m\u00e9lyen meghajoltak, \u00e9s a f\u00f6ldre borulva im\u00e1dt\u00e1k az Urat.<br \/>\nEzut\u00e1n felolvastak az Isten t\u00f6rv\u00e9ny\u00e9nek k\u00f6nyv\u00e9b\u0151l tagoltan, megmagyar\u00e1zva az \u00e9rtelm\u00e9t, \u00fagy, hogy meg is \u00e9rtett\u00e9k, amit felolvastak. Akkor Nehemi\u00e1s, a korm\u00e1nyz\u00f3, Ezdr\u00e1s, a pap \u00e9s \u00edr\u00e1stud\u00f3, valamint a levit\u00e1k, akik az eg\u00e9sz n\u00e9pet tan\u00edtott\u00e1k, \u00edgy sz\u00f3ltak az eg\u00e9sz n\u00e9phez: \u201eEz a nap az \u00darnak, a ti Isteneteknek van szentelve. Ne szomorkodjatok h\u00e1t \u00e9s ne s\u00edrjatok!\u201d Amikor ugyanis a T\u00f6rv\u00e9ny szavait meghallotta, s\u00edrt az eg\u00e9sz n\u00e9p. Azut\u00e1n \u00edgy sz\u00f3ltak hozz\u00e1juk: \u201eMenjetek, tartsatok \u00fcnnepi lakom\u00e1t! K\u00fcldjetek bel\u0151le azoknak is, akik nem k\u00e9sz\u00edtettek! Ez a nap ugyanis szent a mi Urunknak. Ne szomorkodjatok, hiszen az \u00darban val\u00f3 \u00f6rvendez\u00e9s a ti er\u0151ss\u00e9getek.\u201d<br \/>\nEz az Isten ig\u00e9je.<\/p>\n<p><span style=\"color: #008000;\">V\u00c1LASZOS ZSOLT\u00c1R (Zsolt 18,8.9.10.15)<\/span><br \/>\nV\u00e1lasz:\u00a0<strong>Uram,\u00a0<u>Is<\/u>tenem, * \u00f6r\u00f6k \u00e9letet ad\u00f3 ig\u00e9<u>id<\/u>\u00a0vannak.<\/strong>\u00a0V\u00f6. Jn 6,69 (2. t\u00f3nus)<br \/>\nEl\u0151\u00e9nekes: T\u00f6k\u00e9letes az \u00dar\u00a0<u>t\u00f6r<\/u>v\u00e9nye, * meg\u00faj\u00edtja\u00a0<u>a<\/u>\u00a0lelket.<br \/>\nAz \u00dar tan\u00fas\u00e1g\u00e1ban\u00a0<u>b\u00edz<\/u>hatunk, * b\u00f6lcsess\u00e9get ad a ki<u>csi<\/u>nyeknek.<br \/>\nH\u00edvek:\u00a0<strong>Uram,\u00a0<u>Is<\/u>tenem, * \u00f6r\u00f6k \u00e9letet ad\u00f3 ig\u00e9<u>id<\/u>\u00a0vannak.<\/strong><br \/>\nE: Az \u00dar v\u00e9gz\u00e9se\u00a0<u>i<\/u>gaz, * megvid\u00e1m\u00edtja\u00a0<u>a<\/u>\u00a0sz\u00edvet.<br \/>\nAz \u00dar parancsa\u00a0<u>vi<\/u>l\u00e1gos, * f\u00e9nyt gy\u00fajt\u00a0<u>a<\/u>\u00a0szemnek.<br \/>\nH:\u00a0<strong>Uram,\u00a0<u>Is<\/u>tenem, * \u00f6r\u00f6k \u00e9letet ad\u00f3 ig\u00e9<u>id<\/u>\u00a0vannak.<\/strong><br \/>\nE: Az \u00dar f\u00e9lelme\u00a0<u>tisz<\/u>ta, * \u00f6r\u00f6k<u>k\u00e9<\/u>\u00a0megmarad.<br \/>\nAz \u00dar \u00edt\u00e9letei\u00a0<u>i<\/u>gazak, * \u00e9s mind egya<u>r\u00e1nt<\/u>\u00a0jogosak.<br \/>\nH:\u00a0<strong>Uram,\u00a0<u>Is<\/u>tenem, * \u00f6r\u00f6k \u00e9letet ad\u00f3 ig\u00e9<u>id<\/u>\u00a0vannak.<\/strong><br \/>\nE: Legyen kedves el\u0151tted sz\u00edvem gondolata \u00e9s ajkam\u00a0<u>be<\/u>sz\u00e9de, * Uram, te vagy mened\u00e9kem\u00a0<u>\u00e9s<\/u>\u00a0megv\u00e1lt\u00f3m.<br \/>\nH:\u00a0<strong>Uram,\u00a0<u>Is<\/u>tenem, * \u00f6r\u00f6k \u00e9letet ad\u00f3 ig\u00e9<u>id<\/u>\u00a0vannak.<\/strong><\/p>\n<p><em>Hosszabb forma:<\/em><br \/>\n<span style=\"color: #008000;\">SZENTLECKE Szent P\u00e1l apostolnak a korintusiakhoz \u00edrt els\u0151 level\u00e9b\u0151l (1Kor 12,12-30)<\/span><br \/>\n<em>Az Egyh\u00e1z Krisztus titokzatos teste, amelynek tagjai a kereszt\u00e9nyek!<\/em><br \/>\nTestv\u00e9reim!<br \/>\nA test ugyan egy, de sok tagja van. A testnek ez a sok tagja azonban m\u00e9gis egy test. \u00cdgy van ez Krisztussal is.<br \/>\nMi ugyanis, ak\u00e1r zsid\u00f3k, ak\u00e1r pog\u00e1nyok, ak\u00e1r rabszolg\u00e1k, ak\u00e1r szabadok vagyunk, mindny\u00e1jan egy testt\u00e9 lett\u00fcnk a kereszts\u00e9gben az egy L\u00e9lek \u00e1ltal. Mindannyiunkat egy L\u00e9lek itatott \u00e1t.<br \/>\nMert a test nem egyetlen tagb\u00f3l \u00e1ll, hanem sokb\u00f3l.<br \/>\nM\u00e9g ha azt mondan\u00e1 is a l\u00e1b: \u201eNem vagyok k\u00e9z, teh\u00e1t nem tartozom a testhez\u201d, az\u00e9rt a testhez tartozik. Ha pedig a f\u00fcl azt mondan\u00e1: \u201eNem vagyok szem, teh\u00e1t nem tartozom a testhez\u201d, az\u00e9rt a testhez tartozik. Ha a test csupa szem volna, hol maradna a hall\u00e1s? Ha meg csupa hall\u00e1s, hol volna a szagl\u00e1s? Isten hat\u00e1rozta meg minden egyes tag feladat\u00e1t a testben, tetsz\u00e9se szerint. Ha valamennyi egy tag volna, hol volna a test? \u00cdgy azonban sok a tag, de a test csak egy.<br \/>\nA szem nem mondhatja a k\u00e9znek: \u201eNincs r\u00e1d sz\u00fcks\u00e9gem\u201d, vagy a fej a l\u00e1bnak: \u201eNincs r\u00e1d sz\u00fcks\u00e9gem\u201d. Ellenkez\u0151leg, a gy\u00f6ng\u00e9bbnek l\u00e1tsz\u00f3 tagok sokkal sz\u00fcks\u00e9gesebbek. S\u0151t a test alacsonyabb rend\u0171 tagjait nagyobb gonddal vessz\u00fck k\u00f6r\u00fcl, \u00e9s a tisztess\u00e9gtelen tagok nagyobb tisztess\u00e9gben r\u00e9szes\u00fclnek, a tisztess\u00e9ges tagoknak ugyanis nincs erre sz\u00fcks\u00e9g\u00fck. De Isten alkotta \u00edgy a testet, \u00e9s az\u00e9rt r\u00e9szes\u00edtette az alacsonyabb rend\u0171 tagot nagyobb tisztess\u00e9gben, hogy a testben ne t\u00e1madjon meghasonl\u00e1s, hanem a tagok t\u00f6r\u0151djenek egym\u00e1ssal. Ha szenved az egyik tag, valamennyi egy\u00fctt szenved vele, s ha tiszteletben van r\u00e9sze az egyik tagnak, mindegyik \u00f6r\u00fcl vele.<br \/>\nTi Krisztusnak teste vagytok, s egyenk\u00e9nt tagjai. \u00c1m az Egyh\u00e1zban Isten n\u00e9melyeket apostoll\u00e1, m\u00e1sokat pr\u00f3f\u00e9t\u00e1v\u00e1, ism\u00e9t m\u00e1sokat tan\u00edt\u00f3v\u00e1 tett. Adott csodatev\u0151 hatalmat, gy\u00f3gy\u00edt\u00f3 er\u0151t, seg\u00edt\u0151k\u00e9szs\u00e9get, korm\u00e1nyz\u00f3k\u00e9pess\u00e9get, k\u00fcl\u00f6nf\u00e9le nyelvadom\u00e1nyt. Vajon mind apostolok? Mind pr\u00f3f\u00e9t\u00e1k? Mind tan\u00edt\u00f3k? Valamennyien rendelkeznek csodatev\u0151 hatalommal \u00e9s gy\u00f3gy\u00edt\u00f3 er\u0151vel? Mindny\u00e1jan besz\u00e9lnek nyelveken? Mindny\u00e1jan \u00e9rtelmezik a besz\u00e9deket?<br \/>\nTi t\u00f6rekedjetek \u00e9rt\u00e9kesebb adom\u00e1nyokra!<br \/>\nEz az Isten ig\u00e9je.<\/p>\n<p><em>vagy r\u00f6videbb forma:<\/em><br \/>\n<span style=\"color: #008000;\">SZENTLECKE Szent P\u00e1l apostolnak a korintusiakhoz \u00edrt els\u0151 level\u00e9b\u0151l (1Kor 12,12-14.27)<\/span><br \/>\n<em>Az Egyh\u00e1z Krisztus titokzatos teste, amelynek tagjai a kereszt\u00e9nyek!<\/em><br \/>\nTestv\u00e9reim!<br \/>\nA test ugyan egy, de sok tagja van. A testnek ez a sok tagja azonban m\u00e9gis egy test. \u00cdgy van ez Krisztussal is.<br \/>\nMi ugyanis, ak\u00e1r zsid\u00f3k, ak\u00e1r pog\u00e1nyok, ak\u00e1r rabszolg\u00e1k, ak\u00e1r szabadok vagyunk, mindny\u00e1jan egy testt\u00e9 lett\u00fcnk a kereszts\u00e9gben az egy L\u00e9lek \u00e1ltal. Mindannyiunkat egy L\u00e9lek itatott \u00e1t. Mert a test nem egyetlen tagb\u00f3l \u00e1ll, hanem sokb\u00f3l.<br \/>\nTi Krisztusnak teste vagytok, s egyenk\u00e9nt tagjai.<br \/>\nEz az Isten ig\u00e9je.<\/p>\n<p><span style=\"color: #008000;\">ALLELUJA<\/span><br \/>\nAz \u00dar elk\u00fcld\u00f6tt engem, hogy a szeg\u00e9nyeknek \u00f6r\u00f6m<u>h\u00edrt<\/u>\u00a0vigyek, * \u00e9s a b\u0171n rabjainak szabad\u00a0<u>\u00e9<\/u>letet hirdessek. Lk 4,18 \u2013 6. t\u00f3nus.<\/p>\n<p><span style=\"color: #008000;\">\u2020 EVANG\u00c9LIUM Szent Luk\u00e1cs k\u00f6nyv\u00e9b\u0151l (Lk 1,1-4;4,14-21)<\/span><br \/>\n<em>J\u00e9zusban beteljesedtek a pr\u00f3f\u00e9t\u00e1k j\u00f6vend\u00f6l\u00e9sei.<\/em><br \/>\nM\u00e1r sokan v\u00e1llalkoztak arra, hogy a k\u00f6r\u00fcnkben lej\u00e1tsz\u00f3dott esem\u00e9nyeket le\u00edrj\u00e1k, \u00fagy, ahogy r\u00e1nk maradt azokt\u00f3l, akik kezdett\u0151l fogva szemtan\u00fai \u00e9s szolg\u00e1i voltak az isteni ig\u00e9nek. Most j\u00f3nak l\u00e1ttam \u00e9n is, hogy elej\u00e9t\u0151l kezdve mindennek pontosan ut\u00e1naj\u00e1rjak, \u00e9s sorban le\u00edrjak neked mindent, tiszteletrem\u00e9lt\u00f3 Teofil, hogy meggy\u0151z\u0151dj\u00e9l r\u00f3la, mennyire megb\u00edzhat\u00f3k azok a tan\u00edt\u00e1sok, amelyekre oktattak.<br \/>\nAbban az id\u0151ben:<br \/>\nJ\u00e9zus a L\u00e9lek erej\u00e9vel visszat\u00e9rt Galile\u00e1ba. H\u00edre elterjedt az eg\u00e9sz k\u00f6rny\u00e9ken. Tan\u00edtott a zsinag\u00f3g\u00e1kban, \u00e9s mindenki elismer\u00e9ssel besz\u00e9lt r\u00f3la.<br \/>\nEljutott N\u00e1z\u00e1retbe is, ahol nevelkedett. Szok\u00e1sa szerint bement szombaton a zsinag\u00f3g\u00e1ba, \u00e9s olvas\u00e1sra jelentkezett. Izaj\u00e1s pr\u00f3f\u00e9ta k\u00f6nyv\u00e9t adt\u00e1k oda neki. Sz\u00e9tbontotta a tekercset, \u00e9s \u00e9ppen arra a helyre tal\u00e1lt, ahol ez volt \u00edrva: \u201eAz \u00dar Lelke van rajtam. F\u00f6lkent engem \u00e9s elk\u00fcld\u00f6tt, hogy \u00f6r\u00f6mh\u00edrt vigyek a szeg\u00e9nyeknek, s hirdessem a foglyoknak a szabadul\u00e1st, a vakoknak a l\u00e1t\u00e1st, hogy szabadd\u00e1 tegyem az elnyomottakat, \u00e9s hirdessem: el\u00e9rkezett az \u00dar esztendeje.\u201d<br \/>\n\u00d6sszetekerte az \u00cdr\u00e1st, \u00e1tadta a szolg\u00e1nak, \u00e9s le\u00fclt. A zsinag\u00f3g\u00e1ban minden szem r\u00e1szegez\u0151d\u00f6tt. \u0150 pedig elkezdte besz\u00e9d\u00e9t: \u201eMa beteljesedett az \u00cdr\u00e1s, amelyet az im\u00e9nt hallottatok.\u201d<br \/>\nEzek az evang\u00e9lium ig\u00e9i.<\/p>\n<p><span style=\"color: #008000;\">EGYETEMES K\u00d6NY\u00d6RG\u00c9SEK<\/span><br \/>\nPap: Testv\u00e9reim! J\u00e9zus a mi Tan\u00edt\u00f3mester\u00fcnk. K\u00e9rj\u00fck seg\u00edts\u00e9g\u00e9t, hogy szent tan\u00edt\u00e1sa ne legyen sz\u00e1munkra hi\u00e1baval\u00f3!<br \/>\nLektor: 1. Add, Urunk, hogy tan\u00edt\u00e1sod terjedjen az eg\u00e9sz vil\u00e1gon \u00e9s tal\u00e1ljon k\u00e9szs\u00e9ges hallgat\u00f3kra!<br \/>\nH\u00edvek: K\u00e9r\u00fcnk T\u00e9ged, hallgass meg minket!<br \/>\n2. Add meg Egyh\u00e1zadnak, hogy egyre ink\u00e1bb gyarapodj\u00e9k a hitben \u00e9s a Szent\u00edr\u00e1s ismeret\u00e9ben!<br \/>\nH\u00edvek: K\u00e9r\u00fcnk T\u00e9ged, hallgass meg minket!<br \/>\n3. Add, hogy a Krisztusba vetett hit vigasztal\u00e1st adjon a szomor\u00faaknak, vil\u00e1goss\u00e1got a tudatlanoknak, a b\u0171n\u00f6s\u00f6knek pedig a lelki megtisztul\u00e1s kegyelm\u00e9t!<br \/>\nH\u00edvek: K\u00e9r\u00fcnk T\u00e9ged, hallgass meg minket!<br \/>\n4. Add, hogy a pr\u00f3f\u00e9t\u00e1k j\u00f6vend\u00f6l\u00e9sei a boldog messi\u00e1si id\u0151kr\u0151l mindny\u00e1junk \u00e9let\u00e9ben val\u00f3ra v\u00e1ljanak!<br \/>\nH\u00edvek: K\u00e9r\u00fcnk T\u00e9ged, hallgass meg minket!<br \/>\n5. Add, hogy halottaink sz\u00edned l\u00e1t\u00e1s\u00e1ra eljutva \u00f6rvendezzenek neked, Megv\u00e1lt\u00f3juknak!<br \/>\nH\u00edvek: K\u00e9r\u00fcnk T\u00e9ged, hallgass meg minket!<br \/>\nPap: Istennek egysz\u00fcl\u00f6tt Fia \u00e9s Ig\u00e9je! Te halhatatlan vagy, de a mi \u00fcdv\u00f6ss\u00e9g\u00fcnk\u00e9rt a Boldogs\u00e1gos Sz\u0171zany\u00e1t\u00f3l testet \u00f6lt\u00f6tt\u00e9l, emberr\u00e9 lett\u00e9l, \u00e9s kereszthal\u00e1lt szenvedt\u00e9l. \u00dcdv\u00f6z\u00edts minket! Aki \u00e9lsz \u00e9s uralkodol mind\u00f6r\u00f6kk\u00f6n-\u00f6r\u00f6kk\u00e9.<br \/>\nH\u00edvek: \u00c1men.<\/p>\n<p><span style=\"color: #008000;\">Felaj\u00e1nl\u00f3 k\u00f6ny\u00f6rg\u00e9s:<\/span><br \/>\nUrunk, Isten\u00fcnk, fogadd atyai szeretettel \u00e9s szenteld meg \u00e1ldozati adom\u00e1nyainkat, hogy ogy az \u00fcdv\u00f6ss\u00e9get megszerezz\u00e9k sz\u00e1munkra. Krisztus, a mi Urunk \u00e1ltal.<\/p>\n<p><span style=\"color: #008000;\">Pref\u00e1ci\u00f3:<\/span><br \/>\nMert val\u00f3ban m\u00e9lt\u00f3 \u00e9s igazs\u00e1gos, ill\u0151 \u00e9s \u00fcdv\u00f6s, hogy mindig \u00e9s minden\u00fctt h\u00e1l\u00e1t adjunk n\u00e9ked, mi Urunk, szents\u00e9ges Aty\u00e1nk, mindenhat\u00f3, \u00f6r\u00f6k Isten:<br \/>\nA te v\u00e9gtelen dics\u0151s\u00e9gedhez tartozik, hogy isteni er\u0151ddel seg\u00edtesz a haland\u00f3 emberen, \u00e9s \u00e9ppen haland\u00f3 voltunkb\u00f3l szerzel gy\u00f3gyul\u00e1st.<br \/>\n\u00cdgy amit vesztes\u00e9gnek tartunk, azt \u00fcdv\u00f6ss\u00e9g\u00fcnkre ford\u00edtod Krisztus, a mi Urunk \u00e1ltal.<br \/>\nA te f\u00f6ls\u00e9gedet \u0151\u00e1ltala dics\u0151\u00edti az angyalok hatalmas k\u00f3rusa: boldogan \u00e1ldanak, mert mind\u00f6r\u00f6kk\u00e9 l\u00e1tnak t\u00e9ged. Add, k\u00e9r\u00fcnk, hogy az \u0151 szavukhoz t\u00e1rsuljon sz\u00f3zatunk, \u00e9s vel\u00fck egy\u00fctt sz\u00fcntelen ujjong\u00e1ssal zengj\u00fck:<\/p>\n<p><span style=\"color: #008000;\">\u00c1ldoz\u00e1si \u00e9nek:<\/span><br \/>\nJ\u00e1ruljatok az \u00darhoz, \u00e9s megvil\u00e1gosodtok, \u00e9s arcotokat nem \u00e9rheti sz\u00e9gyen. (V\u00f6. Zsolt 33,6)<br \/>\n<span style=\"color: #008000;\"><em>vagy<\/em><\/span><br \/>\n\u00c9n vagyok a vil\u00e1g vil\u00e1goss\u00e1ga &#8211; mondja az \u00dar. Aki k\u00f6vet engem, nem j\u00e1r s\u00f6t\u00e9ts\u00e9gben, hanem \u00f6v\u00e9 lesz az \u00e9let vil\u00e1goss\u00e1ga. (Jn 8,12)<\/p>\n<p><span style=\"color: #008000;\">\u00c1ldoz\u00e1s ut\u00e1ni k\u00f6ny\u00f6rg\u00e9s:<\/span><br \/>\nK\u00e9r\u00fcnk, mindenhat\u00f3 Urunk, Isten\u00fcnk: add, hogy \u00e9ltet\u0151 kegyelmed erej\u00e9b\u0151l mindig boldogan szolg\u00e1ljunk neked. Krisztus, a mi Urunk \u00e1ltal.<\/p>\n<p><em>(K\u00e9p forr\u00e1sa: Pixabay)<\/em><\/p>\n","protected":false},"excerpt":{"rendered":"<p>Egyh\u00e1zk\u00f6zs\u00e9g\u00fcnk t\u00f6rt\u00e9net\u00e9ben m\u00e9rf\u00f6ldk\u0151 ez a h\u00e9tv\u00e9ge. Ugyanis 2025. janu\u00e1r 25-\u00e9n mintegy 1.300 f\u0151 r\u00e9szv\u00e9tel\u00e9vel megtartjuk az 50. Stuttgarti Magyar Katolikus J\u00f3t\u00e9konys\u00e1gi B\u00e1lunkat. Az elm\u00falt 50 esztend\u0151 v\u00e9gtelen h\u00e1l\u00e1ra \u00f6szt\u00f6n\u00f6z benn\u00fcnket. K\u00f6sz\u00f6net a j\u00f3s\u00e1gos \u00e9s gondvisel\u0151 Istennek, hogy misszi\u00f3nak megtartotta 78 \u00e9ven kereszt\u00fcl. Tov\u00e1bb\u00e1 k\u00f6sz\u00f6net \u00e9s h\u00e1la a lehet\u0151s\u00e9g\u00e9rt, amelyben 1975 \u00f3ta minden esztend\u0151ben \u00f6sszegy\u0171lhet\u00fcnk a k\u00f6z\u00f6s, bar\u00e1ti egy\u00fcttl\u00e9tre. Kincse ezeknek a j\u00f3t\u00e9konys\u00e1gi b\u00e1loknak, hogy benn\u00fck meg\u00e9lhetj\u00fck \u00f6sszetartoz\u00e1sunk \u00e9rz\u00e9s\u00e9t.\u00a0 \u00c9ppen ez\u00e9rt szeretn\u00e9m egyetlen \u00fczenetk\u00e9nt az al\u00e1bbi szent\u00edr\u00e1si r\u00e9szletek k\u00f6z\u00fcl a szentlecke tan\u00edt\u00e1s\u00e1t kiemelni. Szent P\u00e1l apostol a korintusban \u00e9l\u0151 h\u00edvekhez int\u00e9zi level\u00e9t. Az \u00fczenet azonban ma is id\u0151szer\u0171, megsz\u00f3l\u00edt egy\u00e9nileg benn\u00fcnket. Az Egyh\u00e1z Krisztus titokzatos teste, amelynek tagjai a kereszt\u00e9nyek! Vagyis, helyi k\u00f6z\u00f6ss\u00e9g\u00fcnkben meg\u00e9lhetj\u00fck, mi t\u00f6bb, meg\u00e9lj\u00fck az \u00f6sszetartoz\u00e1s csod\u00e1latos \u00e9rz\u00e9s\u00e9t. Plasztikus hasonlattal \u00e9lve, el\u00e9g csup\u00e1n b\u00e1li est\u00e9nken k\u00f6r\u00fclhordozni tekintet\u00fcnket, s l\u00e1thatjuk h\u00e1ny ember \u00f6sszehangolt munk\u00e1j\u00e1ra volt sz\u00fcks\u00e9g ahhoz, hogy nagyszer\u0171en \u00e9rezz\u00fck magunkat. T\u00f6bb h\u00f3nap megfesz\u00edtett \u00e9s l\u00e1zas munk\u00e1j\u00e1nak gy\u00fcm\u00f6lcs\u00e9t \u00e9lvezhetj\u00fck.\u00a0 K\u00f6sz\u00f6net mindazoknak, akik meg\u00e9rtett\u00e9k, az \u00fczenetet: sz\u00fcks\u00e9g\u00fcnk van egym\u00e1sra. Mi \u00f6sszetartozunk! M\u00e9gpedig \u00fagy, hogy mindenki egy\u00e9nileg odahelyezi a k\u00f6z\u00f6sbe egy\u00e9ni kincs\u00e9t, karizm\u00e1j\u00e1t. A test ugyan egy, de sok tagja van. A testnek ez a sok tagja azonban m\u00e9gis egy test. \u00cdgy van ez Krisztussal is. Mennyire felemel\u0151 \u00e9rz\u00e9s Krisztus titokzatos test\u00e9nek tagja lenni! Kezd\u0151\u00e9nek: \u00c9nekeljetek az \u00darnak \u00faj \u00e9neket, \u00e9nekelj az \u00darnak, eg\u00e9sz f\u00f6ld. M\u00e9lt\u00f3s\u00e1g \u00e9s f\u00f6ns\u00e9g van sz\u00edne el\u0151tt, szent\u00e9ly\u00e9ben hatalom \u00e9s \u00e9kess\u00e9g. (V\u00f6. Zsolt 95,1.6) K\u00f6ny\u00f6rg\u00e9s: Mindenhat\u00f3, \u00f6r\u00f6k Isten, ir\u00e1ny\u00edtsd tetteinket tetsz\u00e9sed szerint, hogy szeretett Fiad nev\u00e9ben min\u00e9l t\u00f6bb j\u00f3t tegy\u00fcnk. A mi Urunk, J\u00e9zus Krisztus, a te Fiad \u00e1ltal, aki veled \u00e9l \u00e9s uralkodik a Szentl\u00e9lekkel egys\u00e9gben, Isten mind\u00f6r\u00f6kk\u00f6n \u00f6r\u00f6kk\u00e9. OLVASM\u00c1NY Nehemi\u00e1s k\u00f6nyv\u00e9b\u0151l (Neh 8,2-4a.5b.8-10) Ezdr\u00e1s pap felolvasott az \u00dar t\u00f6rv\u00e9ny\u00e9nek k\u00f6nyv\u00e9b\u0151l, hogy a n\u00e9p jobban meg\u00e9rtse Isten parancsait. Azokban a napokban, amikor a zsid\u00f3k visszat\u00e9rtek a babiloni fogs\u00e1gb\u00f3l, az eg\u00e9sz n\u00e9p egy emberk\u00e9nt \u00f6sszegy\u0171lt a V\u00edz-kapu&#8230; <\/p>\n<p><a class=\"readmore\" href=\"https:\/\/stuttgarti-katolikusok.de\/index.php\/evkozi-3-vasarnap-isten-igejenek-vasarnapja-3\/\">R\u00e9szletek<\/a><\/p>\n","protected":false},"author":3,"featured_media":21024,"comment_status":"closed","ping_status":"closed","sticky":false,"template":"","format":"standard","meta":{"footnotes":""},"categories":[85,63],"tags":[],"class_list":["post-30178","post","type-post","status-publish","format-standard","has-post-thumbnail","hentry","category-a-liturgia-olvasmanyai","category-vasarnapi-gondolatok"],"yoast_head":"<!-- This site is optimized with the Yoast SEO plugin v27.3 - https:\/\/yoast.com\/product\/yoast-seo-wordpress\/ -->\n<title>\u00c9vk\u00f6zi 3. vas\u00e1rnap \u2013 Isten ig\u00e9j\u00e9nek vas\u00e1rnapja - Stuttgarti Katolikusok<\/title>\n<meta name=\"robots\" content=\"index, follow, max-snippet:-1, max-image-preview:large, max-video-preview:-1\" \/>\n<link rel=\"canonical\" href=\"https:\/\/stuttgarti-katolikusok.de\/index.php\/evkozi-3-vasarnap-isten-igejenek-vasarnapja-3\/\" \/>\n<meta property=\"og:locale\" content=\"hu_HU\" \/>\n<meta property=\"og:type\" content=\"article\" \/>\n<meta property=\"og:title\" content=\"\u00c9vk\u00f6zi 3. vas\u00e1rnap \u2013 Isten ig\u00e9j\u00e9nek vas\u00e1rnapja - Stuttgarti Katolikusok\" \/>\n<meta property=\"og:description\" content=\"Egyh\u00e1zk\u00f6zs\u00e9g\u00fcnk t\u00f6rt\u00e9net\u00e9ben m\u00e9rf\u00f6ldk\u0151 ez a h\u00e9tv\u00e9ge. Ugyanis 2025. janu\u00e1r 25-\u00e9n mintegy 1.300 f\u0151 r\u00e9szv\u00e9tel\u00e9vel megtartjuk az 50. Stuttgarti Magyar Katolikus J\u00f3t\u00e9konys\u00e1gi B\u00e1lunkat. Az elm\u00falt 50 esztend\u0151 v\u00e9gtelen h\u00e1l\u00e1ra \u00f6szt\u00f6n\u00f6z benn\u00fcnket. K\u00f6sz\u00f6net a j\u00f3s\u00e1gos \u00e9s gondvisel\u0151 Istennek, hogy misszi\u00f3nak megtartotta 78 \u00e9ven kereszt\u00fcl. Tov\u00e1bb\u00e1 k\u00f6sz\u00f6net \u00e9s h\u00e1la a lehet\u0151s\u00e9g\u00e9rt, amelyben 1975 \u00f3ta minden esztend\u0151ben \u00f6sszegy\u0171lhet\u00fcnk a k\u00f6z\u00f6s, bar\u00e1ti egy\u00fcttl\u00e9tre. Kincse ezeknek a j\u00f3t\u00e9konys\u00e1gi b\u00e1loknak, hogy benn\u00fck meg\u00e9lhetj\u00fck \u00f6sszetartoz\u00e1sunk \u00e9rz\u00e9s\u00e9t.\u00a0 \u00c9ppen ez\u00e9rt szeretn\u00e9m egyetlen \u00fczenetk\u00e9nt az al\u00e1bbi szent\u00edr\u00e1si r\u00e9szletek k\u00f6z\u00fcl a szentlecke tan\u00edt\u00e1s\u00e1t kiemelni. Szent P\u00e1l apostol a korintusban \u00e9l\u0151 h\u00edvekhez int\u00e9zi level\u00e9t. Az \u00fczenet azonban ma is id\u0151szer\u0171, megsz\u00f3l\u00edt egy\u00e9nileg benn\u00fcnket. Az Egyh\u00e1z Krisztus titokzatos teste, amelynek tagjai a kereszt\u00e9nyek! Vagyis, helyi k\u00f6z\u00f6ss\u00e9g\u00fcnkben meg\u00e9lhetj\u00fck, mi t\u00f6bb, meg\u00e9lj\u00fck az \u00f6sszetartoz\u00e1s csod\u00e1latos \u00e9rz\u00e9s\u00e9t. Plasztikus hasonlattal \u00e9lve, el\u00e9g csup\u00e1n b\u00e1li est\u00e9nken k\u00f6r\u00fclhordozni tekintet\u00fcnket, s l\u00e1thatjuk h\u00e1ny ember \u00f6sszehangolt munk\u00e1j\u00e1ra volt sz\u00fcks\u00e9g ahhoz, hogy nagyszer\u0171en \u00e9rezz\u00fck magunkat. T\u00f6bb h\u00f3nap megfesz\u00edtett \u00e9s l\u00e1zas munk\u00e1j\u00e1nak gy\u00fcm\u00f6lcs\u00e9t \u00e9lvezhetj\u00fck.\u00a0 K\u00f6sz\u00f6net mindazoknak, akik meg\u00e9rtett\u00e9k, az \u00fczenetet: sz\u00fcks\u00e9g\u00fcnk van egym\u00e1sra. Mi \u00f6sszetartozunk! M\u00e9gpedig \u00fagy, hogy mindenki egy\u00e9nileg odahelyezi a k\u00f6z\u00f6sbe egy\u00e9ni kincs\u00e9t, karizm\u00e1j\u00e1t. A test ugyan egy, de sok tagja van. A testnek ez a sok tagja azonban m\u00e9gis egy test. \u00cdgy van ez Krisztussal is. Mennyire felemel\u0151 \u00e9rz\u00e9s Krisztus titokzatos test\u00e9nek tagja lenni! Kezd\u0151\u00e9nek: \u00c9nekeljetek az \u00darnak \u00faj \u00e9neket, \u00e9nekelj az \u00darnak, eg\u00e9sz f\u00f6ld. M\u00e9lt\u00f3s\u00e1g \u00e9s f\u00f6ns\u00e9g van sz\u00edne el\u0151tt, szent\u00e9ly\u00e9ben hatalom \u00e9s \u00e9kess\u00e9g. (V\u00f6. Zsolt 95,1.6) K\u00f6ny\u00f6rg\u00e9s: Mindenhat\u00f3, \u00f6r\u00f6k Isten, ir\u00e1ny\u00edtsd tetteinket tetsz\u00e9sed szerint, hogy szeretett Fiad nev\u00e9ben min\u00e9l t\u00f6bb j\u00f3t tegy\u00fcnk. A mi Urunk, J\u00e9zus Krisztus, a te Fiad \u00e1ltal, aki veled \u00e9l \u00e9s uralkodik a Szentl\u00e9lekkel egys\u00e9gben, Isten mind\u00f6r\u00f6kk\u00f6n \u00f6r\u00f6kk\u00e9. OLVASM\u00c1NY Nehemi\u00e1s k\u00f6nyv\u00e9b\u0151l (Neh 8,2-4a.5b.8-10) Ezdr\u00e1s pap felolvasott az \u00dar t\u00f6rv\u00e9ny\u00e9nek k\u00f6nyv\u00e9b\u0151l, hogy a n\u00e9p jobban meg\u00e9rtse Isten parancsait. Azokban a napokban, amikor a zsid\u00f3k visszat\u00e9rtek a babiloni fogs\u00e1gb\u00f3l, az eg\u00e9sz n\u00e9p egy emberk\u00e9nt \u00f6sszegy\u0171lt a V\u00edz-kapu... R\u00e9szletek\" \/>\n<meta property=\"og:url\" content=\"https:\/\/stuttgarti-katolikusok.de\/index.php\/evkozi-3-vasarnap-isten-igejenek-vasarnapja-3\/\" \/>\n<meta property=\"og:site_name\" content=\"Stuttgarti Katolikusok\" \/>\n<meta property=\"article:published_time\" content=\"2025-01-25T12:42:53+00:00\" \/>\n<meta property=\"article:modified_time\" content=\"2025-01-25T12:45:02+00:00\" \/>\n<meta property=\"og:image\" content=\"https:\/\/stuttgarti-katolikusok.de\/wp-content\/uploads\/2021\/01\/12-apostol.jpg\" \/>\n\t<meta property=\"og:image:width\" content=\"640\" \/>\n\t<meta property=\"og:image:height\" content=\"426\" \/>\n\t<meta property=\"og:image:type\" content=\"image\/jpeg\" \/>\n<meta name=\"author\" content=\"Tibor atya\" \/>\n<meta name=\"twitter:card\" content=\"summary_large_image\" \/>\n<meta name=\"twitter:label1\" content=\"Szerz\u0151:\" \/>\n\t<meta name=\"twitter:data1\" content=\"Tibor atya\" \/>\n\t<meta name=\"twitter:label2\" content=\"Becs\u00fclt olvas\u00e1si id\u0151\" \/>\n\t<meta name=\"twitter:data2\" content=\"9 perc\" \/>\n<script type=\"application\/ld+json\" class=\"yoast-schema-graph\">{\"@context\":\"https:\\\/\\\/schema.org\",\"@graph\":[{\"@type\":\"Article\",\"@id\":\"https:\\\/\\\/stuttgarti-katolikusok.de\\\/index.php\\\/evkozi-3-vasarnap-isten-igejenek-vasarnapja-3\\\/#article\",\"isPartOf\":{\"@id\":\"https:\\\/\\\/stuttgarti-katolikusok.de\\\/index.php\\\/evkozi-3-vasarnap-isten-igejenek-vasarnapja-3\\\/\"},\"author\":{\"name\":\"Tibor atya\",\"@id\":\"https:\\\/\\\/stuttgarti-katolikusok.de\\\/#\\\/schema\\\/person\\\/75908d6f8fdc03a57889d27209df7795\"},\"headline\":\"\u00c9vk\u00f6zi 3. vas\u00e1rnap \u2013 Isten ig\u00e9j\u00e9nek vas\u00e1rnapja\",\"datePublished\":\"2025-01-25T12:42:53+00:00\",\"dateModified\":\"2025-01-25T12:45:02+00:00\",\"mainEntityOfPage\":{\"@id\":\"https:\\\/\\\/stuttgarti-katolikusok.de\\\/index.php\\\/evkozi-3-vasarnap-isten-igejenek-vasarnapja-3\\\/\"},\"wordCount\":2305,\"image\":{\"@id\":\"https:\\\/\\\/stuttgarti-katolikusok.de\\\/index.php\\\/evkozi-3-vasarnap-isten-igejenek-vasarnapja-3\\\/#primaryimage\"},\"thumbnailUrl\":\"https:\\\/\\\/stuttgarti-katolikusok.de\\\/wp-content\\\/uploads\\\/2021\\\/01\\\/12-apostol.jpg\",\"articleSection\":[\"A liturgia olvasm\u00e1nyai\",\"Vas\u00e1rnapi gondolatok\"],\"inLanguage\":\"hu\"},{\"@type\":\"WebPage\",\"@id\":\"https:\\\/\\\/stuttgarti-katolikusok.de\\\/index.php\\\/evkozi-3-vasarnap-isten-igejenek-vasarnapja-3\\\/\",\"url\":\"https:\\\/\\\/stuttgarti-katolikusok.de\\\/index.php\\\/evkozi-3-vasarnap-isten-igejenek-vasarnapja-3\\\/\",\"name\":\"\u00c9vk\u00f6zi 3. vas\u00e1rnap \u2013 Isten ig\u00e9j\u00e9nek vas\u00e1rnapja - Stuttgarti Katolikusok\",\"isPartOf\":{\"@id\":\"https:\\\/\\\/stuttgarti-katolikusok.de\\\/#website\"},\"primaryImageOfPage\":{\"@id\":\"https:\\\/\\\/stuttgarti-katolikusok.de\\\/index.php\\\/evkozi-3-vasarnap-isten-igejenek-vasarnapja-3\\\/#primaryimage\"},\"image\":{\"@id\":\"https:\\\/\\\/stuttgarti-katolikusok.de\\\/index.php\\\/evkozi-3-vasarnap-isten-igejenek-vasarnapja-3\\\/#primaryimage\"},\"thumbnailUrl\":\"https:\\\/\\\/stuttgarti-katolikusok.de\\\/wp-content\\\/uploads\\\/2021\\\/01\\\/12-apostol.jpg\",\"datePublished\":\"2025-01-25T12:42:53+00:00\",\"dateModified\":\"2025-01-25T12:45:02+00:00\",\"author\":{\"@id\":\"https:\\\/\\\/stuttgarti-katolikusok.de\\\/#\\\/schema\\\/person\\\/75908d6f8fdc03a57889d27209df7795\"},\"breadcrumb\":{\"@id\":\"https:\\\/\\\/stuttgarti-katolikusok.de\\\/index.php\\\/evkozi-3-vasarnap-isten-igejenek-vasarnapja-3\\\/#breadcrumb\"},\"inLanguage\":\"hu\",\"potentialAction\":[{\"@type\":\"ReadAction\",\"target\":[\"https:\\\/\\\/stuttgarti-katolikusok.de\\\/index.php\\\/evkozi-3-vasarnap-isten-igejenek-vasarnapja-3\\\/\"]}]},{\"@type\":\"ImageObject\",\"inLanguage\":\"hu\",\"@id\":\"https:\\\/\\\/stuttgarti-katolikusok.de\\\/index.php\\\/evkozi-3-vasarnap-isten-igejenek-vasarnapja-3\\\/#primaryimage\",\"url\":\"https:\\\/\\\/stuttgarti-katolikusok.de\\\/wp-content\\\/uploads\\\/2021\\\/01\\\/12-apostol.jpg\",\"contentUrl\":\"https:\\\/\\\/stuttgarti-katolikusok.de\\\/wp-content\\\/uploads\\\/2021\\\/01\\\/12-apostol.jpg\",\"width\":640,\"height\":426},{\"@type\":\"BreadcrumbList\",\"@id\":\"https:\\\/\\\/stuttgarti-katolikusok.de\\\/index.php\\\/evkozi-3-vasarnap-isten-igejenek-vasarnapja-3\\\/#breadcrumb\",\"itemListElement\":[{\"@type\":\"ListItem\",\"position\":1,\"name\":\"Kezd\u0151lap\",\"item\":\"https:\\\/\\\/stuttgarti-katolikusok.de\\\/\"},{\"@type\":\"ListItem\",\"position\":2,\"name\":\"\u00c9vk\u00f6zi 3. vas\u00e1rnap \u2013 Isten ig\u00e9j\u00e9nek vas\u00e1rnapja\"}]},{\"@type\":\"WebSite\",\"@id\":\"https:\\\/\\\/stuttgarti-katolikusok.de\\\/#website\",\"url\":\"https:\\\/\\\/stuttgarti-katolikusok.de\\\/\",\"name\":\"Stuttgarti Katolikusok\",\"description\":\"\",\"potentialAction\":[{\"@type\":\"SearchAction\",\"target\":{\"@type\":\"EntryPoint\",\"urlTemplate\":\"https:\\\/\\\/stuttgarti-katolikusok.de\\\/?s={search_term_string}\"},\"query-input\":{\"@type\":\"PropertyValueSpecification\",\"valueRequired\":true,\"valueName\":\"search_term_string\"}}],\"inLanguage\":\"hu\"},{\"@type\":\"Person\",\"@id\":\"https:\\\/\\\/stuttgarti-katolikusok.de\\\/#\\\/schema\\\/person\\\/75908d6f8fdc03a57889d27209df7795\",\"name\":\"Tibor atya\",\"image\":{\"@type\":\"ImageObject\",\"inLanguage\":\"hu\",\"@id\":\"https:\\\/\\\/secure.gravatar.com\\\/avatar\\\/61d268e57d1f4525b111222e29d2d5a7f8c420fdbf231ba5566a8ceac74fa960?s=96&d=mm&r=g\",\"url\":\"https:\\\/\\\/secure.gravatar.com\\\/avatar\\\/61d268e57d1f4525b111222e29d2d5a7f8c420fdbf231ba5566a8ceac74fa960?s=96&d=mm&r=g\",\"contentUrl\":\"https:\\\/\\\/secure.gravatar.com\\\/avatar\\\/61d268e57d1f4525b111222e29d2d5a7f8c420fdbf231ba5566a8ceac74fa960?s=96&d=mm&r=g\",\"caption\":\"Tibor atya\"},\"url\":\"https:\\\/\\\/stuttgarti-katolikusok.de\\\/index.php\\\/author\\\/tibor-atya\\\/\"}]}<\/script>\n<!-- \/ Yoast SEO plugin. -->","yoast_head_json":{"title":"\u00c9vk\u00f6zi 3. vas\u00e1rnap \u2013 Isten ig\u00e9j\u00e9nek vas\u00e1rnapja - Stuttgarti Katolikusok","robots":{"index":"index","follow":"follow","max-snippet":"max-snippet:-1","max-image-preview":"max-image-preview:large","max-video-preview":"max-video-preview:-1"},"canonical":"https:\/\/stuttgarti-katolikusok.de\/index.php\/evkozi-3-vasarnap-isten-igejenek-vasarnapja-3\/","og_locale":"hu_HU","og_type":"article","og_title":"\u00c9vk\u00f6zi 3. vas\u00e1rnap \u2013 Isten ig\u00e9j\u00e9nek vas\u00e1rnapja - Stuttgarti Katolikusok","og_description":"Egyh\u00e1zk\u00f6zs\u00e9g\u00fcnk t\u00f6rt\u00e9net\u00e9ben m\u00e9rf\u00f6ldk\u0151 ez a h\u00e9tv\u00e9ge. Ugyanis 2025. janu\u00e1r 25-\u00e9n mintegy 1.300 f\u0151 r\u00e9szv\u00e9tel\u00e9vel megtartjuk az 50. Stuttgarti Magyar Katolikus J\u00f3t\u00e9konys\u00e1gi B\u00e1lunkat. Az elm\u00falt 50 esztend\u0151 v\u00e9gtelen h\u00e1l\u00e1ra \u00f6szt\u00f6n\u00f6z benn\u00fcnket. K\u00f6sz\u00f6net a j\u00f3s\u00e1gos \u00e9s gondvisel\u0151 Istennek, hogy misszi\u00f3nak megtartotta 78 \u00e9ven kereszt\u00fcl. Tov\u00e1bb\u00e1 k\u00f6sz\u00f6net \u00e9s h\u00e1la a lehet\u0151s\u00e9g\u00e9rt, amelyben 1975 \u00f3ta minden esztend\u0151ben \u00f6sszegy\u0171lhet\u00fcnk a k\u00f6z\u00f6s, bar\u00e1ti egy\u00fcttl\u00e9tre. Kincse ezeknek a j\u00f3t\u00e9konys\u00e1gi b\u00e1loknak, hogy benn\u00fck meg\u00e9lhetj\u00fck \u00f6sszetartoz\u00e1sunk \u00e9rz\u00e9s\u00e9t.\u00a0 \u00c9ppen ez\u00e9rt szeretn\u00e9m egyetlen \u00fczenetk\u00e9nt az al\u00e1bbi szent\u00edr\u00e1si r\u00e9szletek k\u00f6z\u00fcl a szentlecke tan\u00edt\u00e1s\u00e1t kiemelni. Szent P\u00e1l apostol a korintusban \u00e9l\u0151 h\u00edvekhez int\u00e9zi level\u00e9t. Az \u00fczenet azonban ma is id\u0151szer\u0171, megsz\u00f3l\u00edt egy\u00e9nileg benn\u00fcnket. Az Egyh\u00e1z Krisztus titokzatos teste, amelynek tagjai a kereszt\u00e9nyek! Vagyis, helyi k\u00f6z\u00f6ss\u00e9g\u00fcnkben meg\u00e9lhetj\u00fck, mi t\u00f6bb, meg\u00e9lj\u00fck az \u00f6sszetartoz\u00e1s csod\u00e1latos \u00e9rz\u00e9s\u00e9t. Plasztikus hasonlattal \u00e9lve, el\u00e9g csup\u00e1n b\u00e1li est\u00e9nken k\u00f6r\u00fclhordozni tekintet\u00fcnket, s l\u00e1thatjuk h\u00e1ny ember \u00f6sszehangolt munk\u00e1j\u00e1ra volt sz\u00fcks\u00e9g ahhoz, hogy nagyszer\u0171en \u00e9rezz\u00fck magunkat. T\u00f6bb h\u00f3nap megfesz\u00edtett \u00e9s l\u00e1zas munk\u00e1j\u00e1nak gy\u00fcm\u00f6lcs\u00e9t \u00e9lvezhetj\u00fck.\u00a0 K\u00f6sz\u00f6net mindazoknak, akik meg\u00e9rtett\u00e9k, az \u00fczenetet: sz\u00fcks\u00e9g\u00fcnk van egym\u00e1sra. Mi \u00f6sszetartozunk! M\u00e9gpedig \u00fagy, hogy mindenki egy\u00e9nileg odahelyezi a k\u00f6z\u00f6sbe egy\u00e9ni kincs\u00e9t, karizm\u00e1j\u00e1t. A test ugyan egy, de sok tagja van. A testnek ez a sok tagja azonban m\u00e9gis egy test. \u00cdgy van ez Krisztussal is. Mennyire felemel\u0151 \u00e9rz\u00e9s Krisztus titokzatos test\u00e9nek tagja lenni! Kezd\u0151\u00e9nek: \u00c9nekeljetek az \u00darnak \u00faj \u00e9neket, \u00e9nekelj az \u00darnak, eg\u00e9sz f\u00f6ld. M\u00e9lt\u00f3s\u00e1g \u00e9s f\u00f6ns\u00e9g van sz\u00edne el\u0151tt, szent\u00e9ly\u00e9ben hatalom \u00e9s \u00e9kess\u00e9g. (V\u00f6. Zsolt 95,1.6) K\u00f6ny\u00f6rg\u00e9s: Mindenhat\u00f3, \u00f6r\u00f6k Isten, ir\u00e1ny\u00edtsd tetteinket tetsz\u00e9sed szerint, hogy szeretett Fiad nev\u00e9ben min\u00e9l t\u00f6bb j\u00f3t tegy\u00fcnk. A mi Urunk, J\u00e9zus Krisztus, a te Fiad \u00e1ltal, aki veled \u00e9l \u00e9s uralkodik a Szentl\u00e9lekkel egys\u00e9gben, Isten mind\u00f6r\u00f6kk\u00f6n \u00f6r\u00f6kk\u00e9. OLVASM\u00c1NY Nehemi\u00e1s k\u00f6nyv\u00e9b\u0151l (Neh 8,2-4a.5b.8-10) Ezdr\u00e1s pap felolvasott az \u00dar t\u00f6rv\u00e9ny\u00e9nek k\u00f6nyv\u00e9b\u0151l, hogy a n\u00e9p jobban meg\u00e9rtse Isten parancsait. Azokban a napokban, amikor a zsid\u00f3k visszat\u00e9rtek a babiloni fogs\u00e1gb\u00f3l, az eg\u00e9sz n\u00e9p egy emberk\u00e9nt \u00f6sszegy\u0171lt a V\u00edz-kapu... R\u00e9szletek","og_url":"https:\/\/stuttgarti-katolikusok.de\/index.php\/evkozi-3-vasarnap-isten-igejenek-vasarnapja-3\/","og_site_name":"Stuttgarti Katolikusok","article_published_time":"2025-01-25T12:42:53+00:00","article_modified_time":"2025-01-25T12:45:02+00:00","og_image":[{"width":640,"height":426,"url":"https:\/\/stuttgarti-katolikusok.de\/wp-content\/uploads\/2021\/01\/12-apostol.jpg","type":"image\/jpeg"}],"author":"Tibor atya","twitter_card":"summary_large_image","twitter_misc":{"Szerz\u0151:":"Tibor atya","Becs\u00fclt olvas\u00e1si id\u0151":"9 perc"},"schema":{"@context":"https:\/\/schema.org","@graph":[{"@type":"Article","@id":"https:\/\/stuttgarti-katolikusok.de\/index.php\/evkozi-3-vasarnap-isten-igejenek-vasarnapja-3\/#article","isPartOf":{"@id":"https:\/\/stuttgarti-katolikusok.de\/index.php\/evkozi-3-vasarnap-isten-igejenek-vasarnapja-3\/"},"author":{"name":"Tibor atya","@id":"https:\/\/stuttgarti-katolikusok.de\/#\/schema\/person\/75908d6f8fdc03a57889d27209df7795"},"headline":"\u00c9vk\u00f6zi 3. vas\u00e1rnap \u2013 Isten ig\u00e9j\u00e9nek vas\u00e1rnapja","datePublished":"2025-01-25T12:42:53+00:00","dateModified":"2025-01-25T12:45:02+00:00","mainEntityOfPage":{"@id":"https:\/\/stuttgarti-katolikusok.de\/index.php\/evkozi-3-vasarnap-isten-igejenek-vasarnapja-3\/"},"wordCount":2305,"image":{"@id":"https:\/\/stuttgarti-katolikusok.de\/index.php\/evkozi-3-vasarnap-isten-igejenek-vasarnapja-3\/#primaryimage"},"thumbnailUrl":"https:\/\/stuttgarti-katolikusok.de\/wp-content\/uploads\/2021\/01\/12-apostol.jpg","articleSection":["A liturgia olvasm\u00e1nyai","Vas\u00e1rnapi gondolatok"],"inLanguage":"hu"},{"@type":"WebPage","@id":"https:\/\/stuttgarti-katolikusok.de\/index.php\/evkozi-3-vasarnap-isten-igejenek-vasarnapja-3\/","url":"https:\/\/stuttgarti-katolikusok.de\/index.php\/evkozi-3-vasarnap-isten-igejenek-vasarnapja-3\/","name":"\u00c9vk\u00f6zi 3. vas\u00e1rnap \u2013 Isten ig\u00e9j\u00e9nek vas\u00e1rnapja - Stuttgarti Katolikusok","isPartOf":{"@id":"https:\/\/stuttgarti-katolikusok.de\/#website"},"primaryImageOfPage":{"@id":"https:\/\/stuttgarti-katolikusok.de\/index.php\/evkozi-3-vasarnap-isten-igejenek-vasarnapja-3\/#primaryimage"},"image":{"@id":"https:\/\/stuttgarti-katolikusok.de\/index.php\/evkozi-3-vasarnap-isten-igejenek-vasarnapja-3\/#primaryimage"},"thumbnailUrl":"https:\/\/stuttgarti-katolikusok.de\/wp-content\/uploads\/2021\/01\/12-apostol.jpg","datePublished":"2025-01-25T12:42:53+00:00","dateModified":"2025-01-25T12:45:02+00:00","author":{"@id":"https:\/\/stuttgarti-katolikusok.de\/#\/schema\/person\/75908d6f8fdc03a57889d27209df7795"},"breadcrumb":{"@id":"https:\/\/stuttgarti-katolikusok.de\/index.php\/evkozi-3-vasarnap-isten-igejenek-vasarnapja-3\/#breadcrumb"},"inLanguage":"hu","potentialAction":[{"@type":"ReadAction","target":["https:\/\/stuttgarti-katolikusok.de\/index.php\/evkozi-3-vasarnap-isten-igejenek-vasarnapja-3\/"]}]},{"@type":"ImageObject","inLanguage":"hu","@id":"https:\/\/stuttgarti-katolikusok.de\/index.php\/evkozi-3-vasarnap-isten-igejenek-vasarnapja-3\/#primaryimage","url":"https:\/\/stuttgarti-katolikusok.de\/wp-content\/uploads\/2021\/01\/12-apostol.jpg","contentUrl":"https:\/\/stuttgarti-katolikusok.de\/wp-content\/uploads\/2021\/01\/12-apostol.jpg","width":640,"height":426},{"@type":"BreadcrumbList","@id":"https:\/\/stuttgarti-katolikusok.de\/index.php\/evkozi-3-vasarnap-isten-igejenek-vasarnapja-3\/#breadcrumb","itemListElement":[{"@type":"ListItem","position":1,"name":"Kezd\u0151lap","item":"https:\/\/stuttgarti-katolikusok.de\/"},{"@type":"ListItem","position":2,"name":"\u00c9vk\u00f6zi 3. vas\u00e1rnap \u2013 Isten ig\u00e9j\u00e9nek vas\u00e1rnapja"}]},{"@type":"WebSite","@id":"https:\/\/stuttgarti-katolikusok.de\/#website","url":"https:\/\/stuttgarti-katolikusok.de\/","name":"Stuttgarti Katolikusok","description":"","potentialAction":[{"@type":"SearchAction","target":{"@type":"EntryPoint","urlTemplate":"https:\/\/stuttgarti-katolikusok.de\/?s={search_term_string}"},"query-input":{"@type":"PropertyValueSpecification","valueRequired":true,"valueName":"search_term_string"}}],"inLanguage":"hu"},{"@type":"Person","@id":"https:\/\/stuttgarti-katolikusok.de\/#\/schema\/person\/75908d6f8fdc03a57889d27209df7795","name":"Tibor atya","image":{"@type":"ImageObject","inLanguage":"hu","@id":"https:\/\/secure.gravatar.com\/avatar\/61d268e57d1f4525b111222e29d2d5a7f8c420fdbf231ba5566a8ceac74fa960?s=96&d=mm&r=g","url":"https:\/\/secure.gravatar.com\/avatar\/61d268e57d1f4525b111222e29d2d5a7f8c420fdbf231ba5566a8ceac74fa960?s=96&d=mm&r=g","contentUrl":"https:\/\/secure.gravatar.com\/avatar\/61d268e57d1f4525b111222e29d2d5a7f8c420fdbf231ba5566a8ceac74fa960?s=96&d=mm&r=g","caption":"Tibor atya"},"url":"https:\/\/stuttgarti-katolikusok.de\/index.php\/author\/tibor-atya\/"}]}},"_links":{"self":[{"href":"https:\/\/stuttgarti-katolikusok.de\/index.php\/wp-json\/wp\/v2\/posts\/30178","targetHints":{"allow":["GET"]}}],"collection":[{"href":"https:\/\/stuttgarti-katolikusok.de\/index.php\/wp-json\/wp\/v2\/posts"}],"about":[{"href":"https:\/\/stuttgarti-katolikusok.de\/index.php\/wp-json\/wp\/v2\/types\/post"}],"author":[{"embeddable":true,"href":"https:\/\/stuttgarti-katolikusok.de\/index.php\/wp-json\/wp\/v2\/users\/3"}],"replies":[{"embeddable":true,"href":"https:\/\/stuttgarti-katolikusok.de\/index.php\/wp-json\/wp\/v2\/comments?post=30178"}],"version-history":[{"count":3,"href":"https:\/\/stuttgarti-katolikusok.de\/index.php\/wp-json\/wp\/v2\/posts\/30178\/revisions"}],"predecessor-version":[{"id":30182,"href":"https:\/\/stuttgarti-katolikusok.de\/index.php\/wp-json\/wp\/v2\/posts\/30178\/revisions\/30182"}],"wp:featuredmedia":[{"embeddable":true,"href":"https:\/\/stuttgarti-katolikusok.de\/index.php\/wp-json\/wp\/v2\/media\/21024"}],"wp:attachment":[{"href":"https:\/\/stuttgarti-katolikusok.de\/index.php\/wp-json\/wp\/v2\/media?parent=30178"}],"wp:term":[{"taxonomy":"category","embeddable":true,"href":"https:\/\/stuttgarti-katolikusok.de\/index.php\/wp-json\/wp\/v2\/categories?post=30178"},{"taxonomy":"post_tag","embeddable":true,"href":"https:\/\/stuttgarti-katolikusok.de\/index.php\/wp-json\/wp\/v2\/tags?post=30178"}],"curies":[{"name":"wp","href":"https:\/\/api.w.org\/{rel}","templated":true}]}}