{"id":30151,"date":"2025-01-20T01:47:04","date_gmt":"2025-01-20T00:47:04","guid":{"rendered":"https:\/\/stuttgarti-katolikusok.de\/?p=30151"},"modified":"2025-01-20T09:43:23","modified_gmt":"2025-01-20T08:43:23","slug":"2025-januar-20-es-26-kozott","status":"publish","type":"post","link":"https:\/\/stuttgarti-katolikusok.de\/index.php\/2025-januar-20-es-26-kozott\/","title":{"rendered":"2025. JANU\u00c1R 20 \u00c9S 26 K\u00d6Z\u00d6TT"},"content":{"rendered":"<p style=\"text-align: left;\"><span style=\"color: #008000;\"><strong>Programel\u0151zetes<\/strong><\/span><\/p>\n<p style=\"text-align: center;\"><strong><span style=\"color: #008000;\">\u00a0*<\/span><\/strong><\/p>\n<p style=\"text-align: left;\"><strong>Janu\u00e1r 23-\u00e1n, <\/strong>cs\u00fct\u00f6rt\u00f6k\u00f6n, <em><strong>Weingarteni d\u00e9lut\u00e1n<\/strong><\/em><em><strong>. <\/strong><\/em>18.00 \u00f3rakor <em>szentmise <\/em><em>a <\/em><em><strong>14 Nothelfer Kapelle<\/strong><\/em><em>&#8211;<\/em>ben<em>,<\/em> el\u0151tte <em>r\u00f3zsaf\u00fcz\u00e9rt <\/em><em>im\u00e1dkozunk.<\/em> <em>\u00a0<\/em><\/p>\n<p style=\"text-align: center;\"><span style=\"color: #008000;\"><strong>\u00a0<\/strong><strong>*<\/strong><\/span><\/p>\n<p style=\"text-align: left;\"><strong>Janu\u00e1r 24-\u00e9n, <\/strong>p\u00e9nteken, <em><strong>Stuttgarti d\u00e9lut\u00e1n<\/strong><\/em><em><strong>. <\/strong><\/em>18.00 \u00f3rakor <em>szentmise, <\/em>el\u0151tte <em>r\u00f3zsaf\u00fcz\u00e9rt <\/em><em>im\u00e1dkozunk, szentmise keret\u00e9ben <\/em><em>katek\u00e9zis.<\/em><\/p>\n<p style=\"text-align: center;\"><span style=\"color: #008000;\"><strong><em>\u00a0<\/em><em>*<\/em><\/strong><\/span><\/p>\n<p style=\"text-align: left;\"><strong>Janu\u00e1r 25-\u00e9n<\/strong><em>, <\/em>szombaton,<\/p>\n<p style=\"text-align: left;\"><strong>Reutlingenben <\/strong><span style=\"color: #ff0000;\"><em><strong>a <\/strong><\/em><em><strong>szentmise elmarad!!!<\/strong><\/em><\/span><\/p>\n<p style=\"text-align: left;\"><em><strong>18.00 \u00f3rai teremnyit\u00e1ssal \u00e9s 19.00 \u00f3rai kezd\u00e9ssel az <\/strong><\/em><em><strong><span style=\"color: #ff6600;\">50. Stuttgarti Magyar Katolikus J\u00f3t\u00e9konys\u00e1gi B\u00e1l.<\/span><\/strong><\/em><\/p>\n<p><a href=\"https:\/\/stuttgarti-katolikusok.de\/wp-content\/uploads\/2025\/01\/50-magyar-bal-web.png\"><img loading=\"lazy\" decoding=\"async\" class=\"alignnone size-full wp-image-30071\" src=\"https:\/\/stuttgarti-katolikusok.de\/wp-content\/uploads\/2025\/01\/50-magyar-bal-web.png\" alt=\"\" width=\"1625\" height=\"906\" srcset=\"https:\/\/stuttgarti-katolikusok.de\/wp-content\/uploads\/2025\/01\/50-magyar-bal-web.png 1625w, https:\/\/stuttgarti-katolikusok.de\/wp-content\/uploads\/2025\/01\/50-magyar-bal-web-300x167.png 300w, https:\/\/stuttgarti-katolikusok.de\/wp-content\/uploads\/2025\/01\/50-magyar-bal-web-1024x571.png 1024w, https:\/\/stuttgarti-katolikusok.de\/wp-content\/uploads\/2025\/01\/50-magyar-bal-web-1536x856.png 1536w, https:\/\/stuttgarti-katolikusok.de\/wp-content\/uploads\/2025\/01\/50-magyar-bal-web-670x374.png 670w\" sizes=\"auto, (max-width: 1625px) 100vw, 1625px\" \/><\/a><\/p>\n<p style=\"text-align: center;\"><span style=\"color: #008000;\"><strong>\u00a0<\/strong><strong>*<\/strong><\/span><\/p>\n<p style=\"text-align: left;\"><strong>Janu\u00e1r 26-\u00e1n,<\/strong> <em><strong><span style=\"color: #008000;\">\u00c9vk\u00f6zi 3. vas\u00e1rnap<\/span><\/strong><\/em><em>,<\/em><\/p>\n<p style=\"text-align: left;\"><strong>B\u00f6blingenben <\/strong>9.30 \u00f3rakor <em>szentmise<\/em><em>, <\/em>ut\u00e1na <em>agap\u00e9,<\/em><\/p>\n<p style=\"text-align: left;\"><strong>Eislingenben <\/strong>15.00 \u00f3rakor <em>szentmise, <\/em>ut\u00e1na <em>agap\u00e9.<\/em><\/p>\n<p style=\"text-align: center;\"><span style=\"color: #008000;\"><strong>\u00a0*<\/strong><\/span><\/p>\n<p>Minden helyen mindenkit szeretettel v\u00e1r a k\u00f6z\u00f6ss\u00e9g \u00e9s Tibor atya!<\/p>\n<p style=\"text-align: center;\"><span style=\"color: #008000;\"><strong>\u00a0*<\/strong><\/span><\/p>\n<p style=\"text-align: left;\"><em> <a href=\"https:\/\/stuttgarti-katolikusok.de\/wp-content\/uploads\/2021\/01\/stones-167089-1280.jpg\"><img loading=\"lazy\" decoding=\"async\" class=\"alignnone size-full wp-image-21065\" src=\"https:\/\/stuttgarti-katolikusok.de\/wp-content\/uploads\/2021\/01\/stones-167089-1280.jpg\" alt=\"\" width=\"1280\" height=\"853\" srcset=\"https:\/\/stuttgarti-katolikusok.de\/wp-content\/uploads\/2021\/01\/stones-167089-1280.jpg 1280w, https:\/\/stuttgarti-katolikusok.de\/wp-content\/uploads\/2021\/01\/stones-167089-1280-300x200.jpg 300w, https:\/\/stuttgarti-katolikusok.de\/wp-content\/uploads\/2021\/01\/stones-167089-1280-1024x682.jpg 1024w, https:\/\/stuttgarti-katolikusok.de\/wp-content\/uploads\/2021\/01\/stones-167089-1280-420x280.jpg 420w, https:\/\/stuttgarti-katolikusok.de\/wp-content\/uploads\/2021\/01\/stones-167089-1280-690x460.jpg 690w\" sizes=\"auto, (max-width: 1280px) 100vw, 1280px\" \/><\/a><\/em><\/p>\n<p style=\"text-align: center;\"><span style=\"color: #008000;\"><strong>*<\/strong><\/span><\/p>\n<p style=\"text-align: left;\"><span style=\"color: #008000;\"><em><strong>Bens\u0151s\u00e9ges \u00e9s kellemes \u00faj\u00e9vi napokat, j\u00f3 tal\u00e1lkoz\u00e1sokat \u00e9s sok \u00f6r\u00f6met k\u00edv\u00e1nok minden kedves H\u00edvemnek.<\/strong><\/em><\/span><\/p>\n<p style=\"text-align: center;\"><span style=\"color: #008000;\"><strong>*<\/strong><\/span><\/p>\n<p style=\"text-align: left;\"><strong><em>&#8222;Az \u00e9rzelmek nem a l\u00e9lekben zajlanak le. M\u00e1s p\u00e1ly\u00e1juk van. De \u00e1thaladnak a lelken is, mint az \u00e1rad\u00e1s az \u00e1rter\u00fcleten.&#8221; <\/em><\/strong><em>(M\u00e1rai S\u00e1ndor &#8211; 1900-1989)<\/em><\/p>\n<p style=\"text-align: left;\"><em>(K\u00e9p forr\u00e1sa: pixabay.com)<\/em><\/p>\n","protected":false},"excerpt":{"rendered":"<p>Programel\u0151zetes \u00a0* Janu\u00e1r 23-\u00e1n, cs\u00fct\u00f6rt\u00f6k\u00f6n, Weingarteni d\u00e9lut\u00e1n. 18.00 \u00f3rakor szentmise a 14 Nothelfer Kapelle&#8211;ben, el\u0151tte r\u00f3zsaf\u00fcz\u00e9rt im\u00e1dkozunk. \u00a0 \u00a0* Janu\u00e1r 24-\u00e9n, p\u00e9nteken, Stuttgarti d\u00e9lut\u00e1n. 18.00 \u00f3rakor szentmise, el\u0151tte r\u00f3zsaf\u00fcz\u00e9rt im\u00e1dkozunk, szentmise keret\u00e9ben katek\u00e9zis. \u00a0* Janu\u00e1r 25-\u00e9n, szombaton, Reutlingenben a szentmise elmarad!!! 18.00 \u00f3rai teremnyit\u00e1ssal \u00e9s 19.00 \u00f3rai kezd\u00e9ssel az 50. Stuttgarti Magyar Katolikus J\u00f3t\u00e9konys\u00e1gi B\u00e1l. \u00a0* Janu\u00e1r 26-\u00e1n, \u00c9vk\u00f6zi 3. vas\u00e1rnap, B\u00f6blingenben 9.30 \u00f3rakor szentmise, ut\u00e1na agap\u00e9, Eislingenben 15.00 \u00f3rakor szentmise, ut\u00e1na agap\u00e9. \u00a0* Minden helyen mindenkit szeretettel v\u00e1r a k\u00f6z\u00f6ss\u00e9g \u00e9s Tibor atya! \u00a0* * Bens\u0151s\u00e9ges \u00e9s kellemes \u00faj\u00e9vi napokat, j\u00f3 tal\u00e1lkoz\u00e1sokat \u00e9s sok \u00f6r\u00f6met k\u00edv\u00e1nok minden kedves H\u00edvemnek. * &#8222;Az \u00e9rzelmek nem a l\u00e9lekben zajlanak le. M\u00e1s p\u00e1ly\u00e1juk van. De \u00e1thaladnak a lelken is, mint az \u00e1rad\u00e1s az \u00e1rter\u00fcleten.&#8221; (M\u00e1rai S\u00e1ndor &#8211; 1900-1989) (K\u00e9p forr\u00e1sa: pixabay.com)<\/p>\n","protected":false},"author":3,"featured_media":30068,"comment_status":"closed","ping_status":"closed","sticky":false,"template":"","format":"standard","meta":{"footnotes":""},"categories":[37],"tags":[],"class_list":["post-30151","post","type-post","status-publish","format-standard","has-post-thumbnail","hentry","category-progamelozetes"],"yoast_head":"<!-- This site is optimized with the Yoast SEO plugin v27.3 - https:\/\/yoast.com\/product\/yoast-seo-wordpress\/ -->\n<title>2025. JANU\u00c1R 20 \u00c9S 26 K\u00d6Z\u00d6TT - Stuttgarti Katolikusok<\/title>\n<meta name=\"robots\" content=\"index, follow, max-snippet:-1, max-image-preview:large, max-video-preview:-1\" \/>\n<link rel=\"canonical\" href=\"https:\/\/stuttgarti-katolikusok.de\/index.php\/2025-januar-20-es-26-kozott\/\" \/>\n<meta property=\"og:locale\" content=\"hu_HU\" \/>\n<meta property=\"og:type\" content=\"article\" \/>\n<meta property=\"og:title\" content=\"2025. JANU\u00c1R 20 \u00c9S 26 K\u00d6Z\u00d6TT - Stuttgarti Katolikusok\" \/>\n<meta property=\"og:description\" content=\"Programel\u0151zetes \u00a0* Janu\u00e1r 23-\u00e1n, cs\u00fct\u00f6rt\u00f6k\u00f6n, Weingarteni d\u00e9lut\u00e1n. 18.00 \u00f3rakor szentmise a 14 Nothelfer Kapelle&#8211;ben, el\u0151tte r\u00f3zsaf\u00fcz\u00e9rt im\u00e1dkozunk. \u00a0 \u00a0* Janu\u00e1r 24-\u00e9n, p\u00e9nteken, Stuttgarti d\u00e9lut\u00e1n. 18.00 \u00f3rakor szentmise, el\u0151tte r\u00f3zsaf\u00fcz\u00e9rt im\u00e1dkozunk, szentmise keret\u00e9ben katek\u00e9zis. \u00a0* Janu\u00e1r 25-\u00e9n, szombaton, Reutlingenben a szentmise elmarad!!! 18.00 \u00f3rai teremnyit\u00e1ssal \u00e9s 19.00 \u00f3rai kezd\u00e9ssel az 50. Stuttgarti Magyar Katolikus J\u00f3t\u00e9konys\u00e1gi B\u00e1l. \u00a0* Janu\u00e1r 26-\u00e1n, \u00c9vk\u00f6zi 3. vas\u00e1rnap, B\u00f6blingenben 9.30 \u00f3rakor szentmise, ut\u00e1na agap\u00e9, Eislingenben 15.00 \u00f3rakor szentmise, ut\u00e1na agap\u00e9. \u00a0* Minden helyen mindenkit szeretettel v\u00e1r a k\u00f6z\u00f6ss\u00e9g \u00e9s Tibor atya! \u00a0* * Bens\u0151s\u00e9ges \u00e9s kellemes \u00faj\u00e9vi napokat, j\u00f3 tal\u00e1lkoz\u00e1sokat \u00e9s sok \u00f6r\u00f6met k\u00edv\u00e1nok minden kedves H\u00edvemnek. * &#8222;Az \u00e9rzelmek nem a l\u00e9lekben zajlanak le. M\u00e1s p\u00e1ly\u00e1juk van. De \u00e1thaladnak a lelken is, mint az \u00e1rad\u00e1s az \u00e1rter\u00fcleten.&#8221; (M\u00e1rai S\u00e1ndor &#8211; 1900-1989) (K\u00e9p forr\u00e1sa: pixabay.com)\" \/>\n<meta property=\"og:url\" content=\"https:\/\/stuttgarti-katolikusok.de\/index.php\/2025-januar-20-es-26-kozott\/\" \/>\n<meta property=\"og:site_name\" content=\"Stuttgarti Katolikusok\" \/>\n<meta property=\"article:published_time\" content=\"2025-01-20T00:47:04+00:00\" \/>\n<meta property=\"article:modified_time\" content=\"2025-01-20T08:43:23+00:00\" \/>\n<meta property=\"og:image\" content=\"https:\/\/stuttgarti-katolikusok.de\/wp-content\/uploads\/2024\/12\/borito-web.jpg\" \/>\n\t<meta property=\"og:image:width\" content=\"1624\" \/>\n\t<meta property=\"og:image:height\" content=\"1934\" \/>\n\t<meta property=\"og:image:type\" content=\"image\/jpeg\" \/>\n<meta name=\"author\" content=\"Tibor atya\" \/>\n<meta name=\"twitter:card\" content=\"summary_large_image\" \/>\n<meta name=\"twitter:label1\" content=\"Szerz\u0151:\" \/>\n\t<meta name=\"twitter:data1\" content=\"Tibor atya\" \/>\n\t<meta name=\"twitter:label2\" content=\"Becs\u00fclt olvas\u00e1si id\u0151\" \/>\n\t<meta name=\"twitter:data2\" content=\"2 perc\" \/>\n<script type=\"application\/ld+json\" class=\"yoast-schema-graph\">{\"@context\":\"https:\\\/\\\/schema.org\",\"@graph\":[{\"@type\":\"Article\",\"@id\":\"https:\\\/\\\/stuttgarti-katolikusok.de\\\/index.php\\\/2025-januar-20-es-26-kozott\\\/#article\",\"isPartOf\":{\"@id\":\"https:\\\/\\\/stuttgarti-katolikusok.de\\\/index.php\\\/2025-januar-20-es-26-kozott\\\/\"},\"author\":{\"name\":\"Tibor atya\",\"@id\":\"https:\\\/\\\/stuttgarti-katolikusok.de\\\/#\\\/schema\\\/person\\\/75908d6f8fdc03a57889d27209df7795\"},\"headline\":\"2025. JANU\u00c1R 20 \u00c9S 26 K\u00d6Z\u00d6TT\",\"datePublished\":\"2025-01-20T00:47:04+00:00\",\"dateModified\":\"2025-01-20T08:43:23+00:00\",\"mainEntityOfPage\":{\"@id\":\"https:\\\/\\\/stuttgarti-katolikusok.de\\\/index.php\\\/2025-januar-20-es-26-kozott\\\/\"},\"wordCount\":182,\"image\":{\"@id\":\"https:\\\/\\\/stuttgarti-katolikusok.de\\\/index.php\\\/2025-januar-20-es-26-kozott\\\/#primaryimage\"},\"thumbnailUrl\":\"https:\\\/\\\/stuttgarti-katolikusok.de\\\/wp-content\\\/uploads\\\/2024\\\/12\\\/borito-web.jpg\",\"articleSection\":[\"Progamel\u0151zetes\"],\"inLanguage\":\"hu\"},{\"@type\":\"WebPage\",\"@id\":\"https:\\\/\\\/stuttgarti-katolikusok.de\\\/index.php\\\/2025-januar-20-es-26-kozott\\\/\",\"url\":\"https:\\\/\\\/stuttgarti-katolikusok.de\\\/index.php\\\/2025-januar-20-es-26-kozott\\\/\",\"name\":\"2025. JANU\u00c1R 20 \u00c9S 26 K\u00d6Z\u00d6TT - Stuttgarti Katolikusok\",\"isPartOf\":{\"@id\":\"https:\\\/\\\/stuttgarti-katolikusok.de\\\/#website\"},\"primaryImageOfPage\":{\"@id\":\"https:\\\/\\\/stuttgarti-katolikusok.de\\\/index.php\\\/2025-januar-20-es-26-kozott\\\/#primaryimage\"},\"image\":{\"@id\":\"https:\\\/\\\/stuttgarti-katolikusok.de\\\/index.php\\\/2025-januar-20-es-26-kozott\\\/#primaryimage\"},\"thumbnailUrl\":\"https:\\\/\\\/stuttgarti-katolikusok.de\\\/wp-content\\\/uploads\\\/2024\\\/12\\\/borito-web.jpg\",\"datePublished\":\"2025-01-20T00:47:04+00:00\",\"dateModified\":\"2025-01-20T08:43:23+00:00\",\"author\":{\"@id\":\"https:\\\/\\\/stuttgarti-katolikusok.de\\\/#\\\/schema\\\/person\\\/75908d6f8fdc03a57889d27209df7795\"},\"breadcrumb\":{\"@id\":\"https:\\\/\\\/stuttgarti-katolikusok.de\\\/index.php\\\/2025-januar-20-es-26-kozott\\\/#breadcrumb\"},\"inLanguage\":\"hu\",\"potentialAction\":[{\"@type\":\"ReadAction\",\"target\":[\"https:\\\/\\\/stuttgarti-katolikusok.de\\\/index.php\\\/2025-januar-20-es-26-kozott\\\/\"]}]},{\"@type\":\"ImageObject\",\"inLanguage\":\"hu\",\"@id\":\"https:\\\/\\\/stuttgarti-katolikusok.de\\\/index.php\\\/2025-januar-20-es-26-kozott\\\/#primaryimage\",\"url\":\"https:\\\/\\\/stuttgarti-katolikusok.de\\\/wp-content\\\/uploads\\\/2024\\\/12\\\/borito-web.jpg\",\"contentUrl\":\"https:\\\/\\\/stuttgarti-katolikusok.de\\\/wp-content\\\/uploads\\\/2024\\\/12\\\/borito-web.jpg\",\"width\":1624,\"height\":1934},{\"@type\":\"BreadcrumbList\",\"@id\":\"https:\\\/\\\/stuttgarti-katolikusok.de\\\/index.php\\\/2025-januar-20-es-26-kozott\\\/#breadcrumb\",\"itemListElement\":[{\"@type\":\"ListItem\",\"position\":1,\"name\":\"Kezd\u0151lap\",\"item\":\"https:\\\/\\\/stuttgarti-katolikusok.de\\\/\"},{\"@type\":\"ListItem\",\"position\":2,\"name\":\"2025. JANU\u00c1R 20 \u00c9S 26 K\u00d6Z\u00d6TT\"}]},{\"@type\":\"WebSite\",\"@id\":\"https:\\\/\\\/stuttgarti-katolikusok.de\\\/#website\",\"url\":\"https:\\\/\\\/stuttgarti-katolikusok.de\\\/\",\"name\":\"Stuttgarti Katolikusok\",\"description\":\"\",\"potentialAction\":[{\"@type\":\"SearchAction\",\"target\":{\"@type\":\"EntryPoint\",\"urlTemplate\":\"https:\\\/\\\/stuttgarti-katolikusok.de\\\/?s={search_term_string}\"},\"query-input\":{\"@type\":\"PropertyValueSpecification\",\"valueRequired\":true,\"valueName\":\"search_term_string\"}}],\"inLanguage\":\"hu\"},{\"@type\":\"Person\",\"@id\":\"https:\\\/\\\/stuttgarti-katolikusok.de\\\/#\\\/schema\\\/person\\\/75908d6f8fdc03a57889d27209df7795\",\"name\":\"Tibor atya\",\"image\":{\"@type\":\"ImageObject\",\"inLanguage\":\"hu\",\"@id\":\"https:\\\/\\\/secure.gravatar.com\\\/avatar\\\/61d268e57d1f4525b111222e29d2d5a7f8c420fdbf231ba5566a8ceac74fa960?s=96&d=mm&r=g\",\"url\":\"https:\\\/\\\/secure.gravatar.com\\\/avatar\\\/61d268e57d1f4525b111222e29d2d5a7f8c420fdbf231ba5566a8ceac74fa960?s=96&d=mm&r=g\",\"contentUrl\":\"https:\\\/\\\/secure.gravatar.com\\\/avatar\\\/61d268e57d1f4525b111222e29d2d5a7f8c420fdbf231ba5566a8ceac74fa960?s=96&d=mm&r=g\",\"caption\":\"Tibor atya\"},\"url\":\"https:\\\/\\\/stuttgarti-katolikusok.de\\\/index.php\\\/author\\\/tibor-atya\\\/\"}]}<\/script>\n<!-- \/ Yoast SEO plugin. -->","yoast_head_json":{"title":"2025. JANU\u00c1R 20 \u00c9S 26 K\u00d6Z\u00d6TT - Stuttgarti Katolikusok","robots":{"index":"index","follow":"follow","max-snippet":"max-snippet:-1","max-image-preview":"max-image-preview:large","max-video-preview":"max-video-preview:-1"},"canonical":"https:\/\/stuttgarti-katolikusok.de\/index.php\/2025-januar-20-es-26-kozott\/","og_locale":"hu_HU","og_type":"article","og_title":"2025. JANU\u00c1R 20 \u00c9S 26 K\u00d6Z\u00d6TT - Stuttgarti Katolikusok","og_description":"Programel\u0151zetes \u00a0* Janu\u00e1r 23-\u00e1n, cs\u00fct\u00f6rt\u00f6k\u00f6n, Weingarteni d\u00e9lut\u00e1n. 18.00 \u00f3rakor szentmise a 14 Nothelfer Kapelle&#8211;ben, el\u0151tte r\u00f3zsaf\u00fcz\u00e9rt im\u00e1dkozunk. \u00a0 \u00a0* Janu\u00e1r 24-\u00e9n, p\u00e9nteken, Stuttgarti d\u00e9lut\u00e1n. 18.00 \u00f3rakor szentmise, el\u0151tte r\u00f3zsaf\u00fcz\u00e9rt im\u00e1dkozunk, szentmise keret\u00e9ben katek\u00e9zis. \u00a0* Janu\u00e1r 25-\u00e9n, szombaton, Reutlingenben a szentmise elmarad!!! 18.00 \u00f3rai teremnyit\u00e1ssal \u00e9s 19.00 \u00f3rai kezd\u00e9ssel az 50. Stuttgarti Magyar Katolikus J\u00f3t\u00e9konys\u00e1gi B\u00e1l. \u00a0* Janu\u00e1r 26-\u00e1n, \u00c9vk\u00f6zi 3. vas\u00e1rnap, B\u00f6blingenben 9.30 \u00f3rakor szentmise, ut\u00e1na agap\u00e9, Eislingenben 15.00 \u00f3rakor szentmise, ut\u00e1na agap\u00e9. \u00a0* Minden helyen mindenkit szeretettel v\u00e1r a k\u00f6z\u00f6ss\u00e9g \u00e9s Tibor atya! \u00a0* * Bens\u0151s\u00e9ges \u00e9s kellemes \u00faj\u00e9vi napokat, j\u00f3 tal\u00e1lkoz\u00e1sokat \u00e9s sok \u00f6r\u00f6met k\u00edv\u00e1nok minden kedves H\u00edvemnek. * &#8222;Az \u00e9rzelmek nem a l\u00e9lekben zajlanak le. M\u00e1s p\u00e1ly\u00e1juk van. De \u00e1thaladnak a lelken is, mint az \u00e1rad\u00e1s az \u00e1rter\u00fcleten.&#8221; (M\u00e1rai S\u00e1ndor &#8211; 1900-1989) (K\u00e9p forr\u00e1sa: pixabay.com)","og_url":"https:\/\/stuttgarti-katolikusok.de\/index.php\/2025-januar-20-es-26-kozott\/","og_site_name":"Stuttgarti Katolikusok","article_published_time":"2025-01-20T00:47:04+00:00","article_modified_time":"2025-01-20T08:43:23+00:00","og_image":[{"width":1624,"height":1934,"url":"https:\/\/stuttgarti-katolikusok.de\/wp-content\/uploads\/2024\/12\/borito-web.jpg","type":"image\/jpeg"}],"author":"Tibor atya","twitter_card":"summary_large_image","twitter_misc":{"Szerz\u0151:":"Tibor atya","Becs\u00fclt olvas\u00e1si id\u0151":"2 perc"},"schema":{"@context":"https:\/\/schema.org","@graph":[{"@type":"Article","@id":"https:\/\/stuttgarti-katolikusok.de\/index.php\/2025-januar-20-es-26-kozott\/#article","isPartOf":{"@id":"https:\/\/stuttgarti-katolikusok.de\/index.php\/2025-januar-20-es-26-kozott\/"},"author":{"name":"Tibor atya","@id":"https:\/\/stuttgarti-katolikusok.de\/#\/schema\/person\/75908d6f8fdc03a57889d27209df7795"},"headline":"2025. JANU\u00c1R 20 \u00c9S 26 K\u00d6Z\u00d6TT","datePublished":"2025-01-20T00:47:04+00:00","dateModified":"2025-01-20T08:43:23+00:00","mainEntityOfPage":{"@id":"https:\/\/stuttgarti-katolikusok.de\/index.php\/2025-januar-20-es-26-kozott\/"},"wordCount":182,"image":{"@id":"https:\/\/stuttgarti-katolikusok.de\/index.php\/2025-januar-20-es-26-kozott\/#primaryimage"},"thumbnailUrl":"https:\/\/stuttgarti-katolikusok.de\/wp-content\/uploads\/2024\/12\/borito-web.jpg","articleSection":["Progamel\u0151zetes"],"inLanguage":"hu"},{"@type":"WebPage","@id":"https:\/\/stuttgarti-katolikusok.de\/index.php\/2025-januar-20-es-26-kozott\/","url":"https:\/\/stuttgarti-katolikusok.de\/index.php\/2025-januar-20-es-26-kozott\/","name":"2025. JANU\u00c1R 20 \u00c9S 26 K\u00d6Z\u00d6TT - Stuttgarti Katolikusok","isPartOf":{"@id":"https:\/\/stuttgarti-katolikusok.de\/#website"},"primaryImageOfPage":{"@id":"https:\/\/stuttgarti-katolikusok.de\/index.php\/2025-januar-20-es-26-kozott\/#primaryimage"},"image":{"@id":"https:\/\/stuttgarti-katolikusok.de\/index.php\/2025-januar-20-es-26-kozott\/#primaryimage"},"thumbnailUrl":"https:\/\/stuttgarti-katolikusok.de\/wp-content\/uploads\/2024\/12\/borito-web.jpg","datePublished":"2025-01-20T00:47:04+00:00","dateModified":"2025-01-20T08:43:23+00:00","author":{"@id":"https:\/\/stuttgarti-katolikusok.de\/#\/schema\/person\/75908d6f8fdc03a57889d27209df7795"},"breadcrumb":{"@id":"https:\/\/stuttgarti-katolikusok.de\/index.php\/2025-januar-20-es-26-kozott\/#breadcrumb"},"inLanguage":"hu","potentialAction":[{"@type":"ReadAction","target":["https:\/\/stuttgarti-katolikusok.de\/index.php\/2025-januar-20-es-26-kozott\/"]}]},{"@type":"ImageObject","inLanguage":"hu","@id":"https:\/\/stuttgarti-katolikusok.de\/index.php\/2025-januar-20-es-26-kozott\/#primaryimage","url":"https:\/\/stuttgarti-katolikusok.de\/wp-content\/uploads\/2024\/12\/borito-web.jpg","contentUrl":"https:\/\/stuttgarti-katolikusok.de\/wp-content\/uploads\/2024\/12\/borito-web.jpg","width":1624,"height":1934},{"@type":"BreadcrumbList","@id":"https:\/\/stuttgarti-katolikusok.de\/index.php\/2025-januar-20-es-26-kozott\/#breadcrumb","itemListElement":[{"@type":"ListItem","position":1,"name":"Kezd\u0151lap","item":"https:\/\/stuttgarti-katolikusok.de\/"},{"@type":"ListItem","position":2,"name":"2025. JANU\u00c1R 20 \u00c9S 26 K\u00d6Z\u00d6TT"}]},{"@type":"WebSite","@id":"https:\/\/stuttgarti-katolikusok.de\/#website","url":"https:\/\/stuttgarti-katolikusok.de\/","name":"Stuttgarti Katolikusok","description":"","potentialAction":[{"@type":"SearchAction","target":{"@type":"EntryPoint","urlTemplate":"https:\/\/stuttgarti-katolikusok.de\/?s={search_term_string}"},"query-input":{"@type":"PropertyValueSpecification","valueRequired":true,"valueName":"search_term_string"}}],"inLanguage":"hu"},{"@type":"Person","@id":"https:\/\/stuttgarti-katolikusok.de\/#\/schema\/person\/75908d6f8fdc03a57889d27209df7795","name":"Tibor atya","image":{"@type":"ImageObject","inLanguage":"hu","@id":"https:\/\/secure.gravatar.com\/avatar\/61d268e57d1f4525b111222e29d2d5a7f8c420fdbf231ba5566a8ceac74fa960?s=96&d=mm&r=g","url":"https:\/\/secure.gravatar.com\/avatar\/61d268e57d1f4525b111222e29d2d5a7f8c420fdbf231ba5566a8ceac74fa960?s=96&d=mm&r=g","contentUrl":"https:\/\/secure.gravatar.com\/avatar\/61d268e57d1f4525b111222e29d2d5a7f8c420fdbf231ba5566a8ceac74fa960?s=96&d=mm&r=g","caption":"Tibor atya"},"url":"https:\/\/stuttgarti-katolikusok.de\/index.php\/author\/tibor-atya\/"}]}},"_links":{"self":[{"href":"https:\/\/stuttgarti-katolikusok.de\/index.php\/wp-json\/wp\/v2\/posts\/30151","targetHints":{"allow":["GET"]}}],"collection":[{"href":"https:\/\/stuttgarti-katolikusok.de\/index.php\/wp-json\/wp\/v2\/posts"}],"about":[{"href":"https:\/\/stuttgarti-katolikusok.de\/index.php\/wp-json\/wp\/v2\/types\/post"}],"author":[{"embeddable":true,"href":"https:\/\/stuttgarti-katolikusok.de\/index.php\/wp-json\/wp\/v2\/users\/3"}],"replies":[{"embeddable":true,"href":"https:\/\/stuttgarti-katolikusok.de\/index.php\/wp-json\/wp\/v2\/comments?post=30151"}],"version-history":[{"count":5,"href":"https:\/\/stuttgarti-katolikusok.de\/index.php\/wp-json\/wp\/v2\/posts\/30151\/revisions"}],"predecessor-version":[{"id":30169,"href":"https:\/\/stuttgarti-katolikusok.de\/index.php\/wp-json\/wp\/v2\/posts\/30151\/revisions\/30169"}],"wp:featuredmedia":[{"embeddable":true,"href":"https:\/\/stuttgarti-katolikusok.de\/index.php\/wp-json\/wp\/v2\/media\/30068"}],"wp:attachment":[{"href":"https:\/\/stuttgarti-katolikusok.de\/index.php\/wp-json\/wp\/v2\/media?parent=30151"}],"wp:term":[{"taxonomy":"category","embeddable":true,"href":"https:\/\/stuttgarti-katolikusok.de\/index.php\/wp-json\/wp\/v2\/categories?post=30151"},{"taxonomy":"post_tag","embeddable":true,"href":"https:\/\/stuttgarti-katolikusok.de\/index.php\/wp-json\/wp\/v2\/tags?post=30151"}],"curies":[{"name":"wp","href":"https:\/\/api.w.org\/{rel}","templated":true}]}}