{"id":30149,"date":"2025-01-18T23:21:22","date_gmt":"2025-01-18T22:21:22","guid":{"rendered":"https:\/\/stuttgarti-katolikusok.de\/?p=30149"},"modified":"2025-01-20T00:26:51","modified_gmt":"2025-01-19T23:26:51","slug":"evkozi-2-vasarnap-4","status":"publish","type":"post","link":"https:\/\/stuttgarti-katolikusok.de\/index.php\/evkozi-2-vasarnap-4\/","title":{"rendered":"\u00c9vk\u00f6zi 2. vas\u00e1rnap"},"content":{"rendered":"<p align=\"justify\"><span style=\"color: #ff6600;\"><em>A b\u0171nbeesett ember \u00f6nisten\u00edt\u00e9sben \u00e9l, ha nem is olyan ny\u00edltan, mint a filoz\u00f3fus Kant, aki t\u00f6bbsz\u00f6r le\u00edrta: &#8222;\u00c9n isten vagyok&#8221;, mik\u00f6zben az objekt\u00edv vil\u00e1got nagyj\u00e1b\u00f3l-eg\u00e9sz\u00e9ben az emberi szubjektum kivet\u00edt\u00e9sek\u00e9nt t\u00e9telezte.<\/em><\/span><\/p>\n<p align=\"justify\"><span style=\"color: #ff6600;\"><em>Az \u00f6nisten\u00edt\u00e9s rejtett form\u00e1ja abban \u00e1ll, hogy feje tetej\u00e9re \u00e1ll\u00edtjuk a vil\u00e1got. A mi emberi egzisztenci\u00e1nkat t\u00fcntetj\u00fck fel mindenek forr\u00e1sak\u00e9nt, \u00e9s minden Istenre vonatkoz\u00f3 kijelent\u00e9st csup\u00e1n \u00f6nkivet\u00edt\u00e9sk\u00e9nt fogunk fel.\u00a0<\/em><\/span><\/p>\n<p align=\"justify\"><span style=\"color: #ff6600;\"><em>A szeretet Istent\u0151l van, de az Istent\u0151l elszakadt ember szeretete megbetegedett. Mindenfajta emberi szeretet csak akkor gy\u00f3gyul, ha visszatal\u00e1l eredetij\u00e9hez, az \u00e9l\u0151, szem\u00e9lyes, szenth\u00e1roms\u00e1gos Istenhez.<\/em><\/span><\/p>\n<p align=\"justify\"><span style=\"color: #ff6600;\"><em>A szentlecke azokr\u00f3l a lelki kincsekr\u0151l, karizm\u00e1kr\u00f3l sz\u00f3l, amelyeket az\u00e9rt kapunk, hogy haszn\u00e1ljuk m\u00e1sok jav\u00e1ra. A helyes \u00f6nismeret jutalma sz\u00e1momra, hogy felismerem magamban a j\u00f3 Istent\u0151l kapott egy\u00e9ni kincset, karizm\u00e1t. Term\u00e9szetesen ezt k\u00f6vet\u0151en arr\u00f3l is sz\u00e1mot kell adnom, hogyan haszn\u00e1lom azt m\u00e1sok jav\u00e1ra.\u00a0<\/em><\/span><\/p>\n<p><span style=\"color: #008000;\">Kezd\u0151\u00e9nek:<\/span><br \/>\nAz eg\u00e9sz f\u00f6ld im\u00e1djon t\u00e9ged, Isten\u00fcnk, \u00e9s dics\u00e9rjen t\u00e9ged, zengjen nevednek \u00e9neket, \u00f3 F\u00f6ls\u00e9ges! (Zsolt 65,4)<\/p>\n<p><span style=\"color: #008000;\">K\u00f6ny\u00f6rg\u00e9s:<\/span><br \/>\nMindenhat\u00f3, \u00f6r\u00f6k Isten, te korm\u00e1nyozod a mennyet \u00e9s a f\u00f6ldet: hallgasd meg n\u00e9ped esdekl\u0151 im\u00e1j\u00e1t, \u00e9s adj b\u00e9k\u00e9t napjainkban. A mi Urunk, J\u00e9zus Krisztus a te Fiad \u00e1ltal, aki veled \u00e9l \u00e9s uralkodik a Szentl\u00e9lekkel egys\u00e9gben, Isten mind\u00f6r\u00f6kk\u00f6n \u00f6r\u00f6kk\u00e9.<\/p>\n<p align=\"justify\"><span style=\"color: #008000;\">OLVASM\u00c1NY Izaj\u00e1s pr\u00f3f\u00e9ta k\u00f6nyv\u00e9b\u0151l (Iz 62,1-5)<\/span><br \/>\n<em>Az \u00dar \u00fagy szereti v\u00e1lasztott n\u00e9p\u00e9t, mint menyasszony\u00e1t a v\u0151leg\u00e9ny. Sion \u00e9s Jeruzs\u00e1lem a v\u00e1lasztott n\u00e9p jelk\u00e9pe.<\/em><br \/>\n\u00cdgy sz\u00f3l az \u00dar:<br \/>\nSion miatt nem hallgathatok, \u00e9s Jeruzs\u00e1lem miatt nem nyugszom, am\u00edg f\u00f6l nem ragyog igazs\u00e1ga, mint a hajnal, \u00e9s szabadul\u00e1sa, mint a f\u00e1klya, nem t\u00fcnd\u00f6k\u00f6l.<br \/>\nMegl\u00e1tj\u00e1k majd a n\u00e9pek igazs\u00e1godat \u00e9s a kir\u00e1lyok dics\u0151s\u00e9gedet. \u00daj n\u00e9ven h\u00edvnak majd, amellyel az \u00dar ajka nevez el. A dics\u0151s\u00e9g koron\u00e1ja leszel az \u00dar kez\u00e9ben, kir\u00e1lyi fejd\u00edsz Istened kez\u00e9ben.<br \/>\nNem h\u00edvnak t\u00f6bb\u00e9 \u201eElhagyottnak\u201d, sem orsz\u00e1godat \u201ePusztas\u00e1gnak\u201d hanem \u00edgy neveznek: \u201eGy\u00f6ny\u00f6r\u0171s\u00e9gem\u201d, \u00e9s orsz\u00e1godat: \u201eMenyasszony\u201d, mert az \u00dar \u00f6r\u00f6m\u00e9t tal\u00e1lja benned, s orsz\u00e1god \u00fajra f\u00e9rjhez megy. Mert amint a v\u0151leg\u00e9ny feles\u00e9g\u00fcl veszi a le\u00e1nyt, \u00fagy fog frigyre l\u00e9pni veled, aki t\u00e9ged fel\u00e9p\u00edt; \u00e9s amint a v\u0151leg\u00e9ny \u00f6r\u00fcl a menyasszonynak, \u00fagy leli \u00f6r\u00f6m\u00e9t benned Istened.<br \/>\nEz az Isten ig\u00e9je.<\/p>\n<p align=\"justify\"><span style=\"color: #008000;\">V\u00c1LASZOS ZSOLT\u00c1R (Zsolt 95,1-2a.2b-3.7-8a.9-10a \u00e9s c)<\/span><br \/>\nV\u00e1lasz:\u00a0<strong>Hirdess\u00e9tek minden\u00a0<u>n\u00e9p<\/u>nek, * mondj\u00e1tok el az\u00a0<u>\u00dar<\/u>\u00a0csod\u00e1s tetteit.<\/strong>\u00a0V\u00f6. 3. vers. (11. t\u00f3nus)<br \/>\nEl\u0151\u00e9nekes: \u00c9nekeljetek az \u00darnak \u00faj\u00a0<u>\u00e9<\/u>neket, * minden f\u00f6ld az \u00dar<u>nak<\/u>\u00a0\u00e9nekeljen.<br \/>\n\u00c9nekeljetek az \u00darnak, \u00e1ldj\u00e1tok\u00a0<u>ne<\/u>v\u00e9t, * napr\u00f3l napra hirdess\u00e9<u>tek<\/u>\u00a0\u00fcdv\u00f6ss\u00e9g\u00e9t.<br \/>\nH\u00edvek:\u00a0<strong>Hirdess\u00e9tek minden\u00a0<u>n\u00e9p<\/u>nek, * mondj\u00e1tok el az\u00a0<u>\u00dar<\/u>\u00a0csod\u00e1s tetteit.<\/strong><br \/>\nE: Hirdess\u00e9tek dics\u0151s\u00e9g\u00e9t a nemzetek\u00a0<u>k\u00f6<\/u>z\u00f6tt, * \u00e9s csodatette<u>it<\/u>\u00a0minden n\u00e9pnek.<br \/>\nH:\u00a0<strong>Hirdess\u00e9tek minden\u00a0<u>n\u00e9p<\/u>nek, * mondj\u00e1tok el az\u00a0<u>\u00dar<\/u>\u00a0csod\u00e1s tetteit.<\/strong><br \/>\nE: N\u00e9pek csal\u00e1djai, adjatok az \u00dar<u>nak<\/u>, \u2020 adjatok az \u00darnak dics\u0151s\u00e9get \u00e9s\u00a0<u>ha<\/u>talmat, * ismerj\u00e9tek el az \u00dar nev\u00e9<u>nek<\/u>\u00a0dics\u0151s\u00e9g\u00e9t.<br \/>\nH:\u00a0<strong>Hirdess\u00e9tek minden\u00a0<u>n\u00e9p<\/u>nek, * mondj\u00e1tok el az\u00a0<u>\u00dar<\/u>\u00a0csod\u00e1s tetteit.<\/strong><br \/>\nE: Boruljatok le az \u00dar e<u>l\u0151tt<\/u>, \u2020 sz\u00edne el\u0151tt rend\u00fclj\u00f6n meg az\u00a0<u>e<\/u>g\u00e9sz f\u00f6ld, mondj\u00e1tok a nemzeteknek: \u201eAz\u00a0<u>\u00dar<\/u>\u00a0uralkodik!\u201d<br \/>\nH:\u00a0<strong>Hirdess\u00e9tek minden\u00a0<u>n\u00e9p<\/u>nek, * mondj\u00e1tok el az\u00a0<u>\u00dar<\/u>\u00a0csod\u00e1s tetteit.<\/strong><\/p>\n<p align=\"justify\">\n<p align=\"justify\"><span style=\"color: #008000;\">SZENTLECKE Szent P\u00e1l apostolnak a korintusiakhoz \u00edrt els\u0151 level\u00e9b\u0151l (1Kor 12,4-11)<\/span><br \/>\n<em>Egy \u00e9s ugyanazon L\u00e9lek osztogatja a k\u00fcl\u00f6nb\u00f6z\u0151 adom\u00e1nyokat tetsz\u00e9se szerint.<\/em><br \/>\nTestv\u00e9reim!<br \/>\nA lelki adom\u00e1nyok ugyan k\u00fcl\u00f6nf\u00e9l\u00e9k, a L\u00e9lek azonban ugyanaz. A szolg\u00e1latok is k\u00fcl\u00f6nf\u00e9l\u00e9k, de az \u00dar ugyanaz. Sokf\u00e9l\u00e9k a csodajelek is, de Isten, aki mindenben mindent v\u00e9ghezvisz, ugyanaz.<br \/>\nA l\u00e9lek aj\u00e1nd\u00e9kait mindenki az\u00e9rt kapja, hogy haszn\u00e1ljon vele. Az egyik ugyanis a b\u00f6lcsess\u00e9g aj\u00e1nd\u00e9k\u00e1t kapja a L\u00e9lekt\u0151l, a m\u00e1sik a tud\u00e1s adom\u00e1ny\u00e1t ugyanatt\u00f3l a L\u00e9lekt\u0151l. A harmadik a hitet kapja ugyanabban a L\u00e9lekben, vagy pedig a gy\u00f3gy\u00edt\u00e1s adom\u00e1ny\u00e1t szint\u00e9n ugyanabban a L\u00e9lekben. Van, aki csodatev\u0151 hatalmat kap, van, akinek a pr\u00f3f\u00e9t\u00e1l\u00e1s k\u00e9pess\u00e9ge vagy a szellemek elb\u00edr\u00e1l\u00e1sa jut oszt\u00e1lyr\u00e9sz\u00fcl. M\u00e1s a k\u00fcl\u00f6nf\u00e9le nyelvek adom\u00e1ny\u00e1t vagy pedig a nyelvek \u00e9rtelmez\u00e9s\u00e9t nyeri el aj\u00e1nd\u00e9kul.<br \/>\nMindezt azonban egy \u00e9s ugyanaz a L\u00e9lek m\u0171veli, tetsz\u00e9se szerint osztva kinek-kinek.<br \/>\nEz az Isten ig\u00e9je.<\/p>\n<p align=\"justify\">\n<span style=\"color: #008000;\">ALLELUJA<\/span><br \/>\nAz evang\u00e9liumban Isten megh\u00ed<u>vott<\/u>\u00a0minket, * hogy Urunk J\u00e9zus Krisztus dics\u0151s\u00e9g\u00e9b\u0151l\u00a0<u>r\u00e9szt<\/u>\u00a0adjon n\u00e9k\u00fcnk. 2Tessz 2,14 \u2013 6. t\u00f3nus.<\/p>\n<p align=\"justify\"><span style=\"color: #008000;\">\u2020 EVANG\u00c9LIUM Szent J\u00e1nos k\u00f6nyv\u00e9b\u0151l (Jn 2,1-11)<\/span><br \/>\n<em>J\u00e9zus els\u0151 csod\u00e1ja a galileai K\u00e1n\u00e1ban.<\/em><br \/>\nAbban az id\u0151ben:<br \/>\nMenyegz\u0151t tartottak a galileai K\u00e1n\u00e1ban, amelyen J\u00e9zus anyja is ott volt. J\u00e9zust is megh\u00edvt\u00e1k a menyegz\u0151re, tan\u00edtv\u00e1nyaival egy\u00fctt. Amikor fogyt\u00e1n volt a bor, J\u00e9zus anyja megjegyezte: \u201eNincs t\u00f6bb boruk.\u201d J\u00e9zus azt felelte: \u201eMit akarsz t\u0151lem, asszony! M\u00e9g nem j\u00f6tt el az \u00e9n \u00f3r\u00e1m.\u201d Erre anyja sz\u00f3lt a szolg\u00e1knak: \u201eTegyetek meg mindent, amit csak mond!\u201d<br \/>\nVolt ott hat k\u0151kors\u00f3, a zsid\u00f3kn\u00e1l szok\u00e1sos tiszt\u00e1lkod\u00e1s c\u00e9lj\u00e1ra, mindegyik k\u00e9t-h\u00e1rom m\u00e9r\u0151s. J\u00e9zus sz\u00f3lt a szolg\u00e1knak: \u201eT\u00f6lts\u00e9tek meg a kors\u00f3kat v\u00edzzel!\u201d Meg is t\u00f6lt\u00f6tt\u00e9k azokat sz\u00edn\u00fcltig. Ekkor azt mondta nekik: \u201eMost mer\u00edtsetek bel\u0151le, \u00e9s vigy\u00e9tek oda a n\u00e1sznagynak.\u201d Odavitt\u00e9k.<br \/>\nAmikor a n\u00e1sznagy meg\u00edzlelte a borr\u00e1 v\u00e1lt vizet, nem tudta honnan val\u00f3. A szolg\u00e1k azonban, akik a vizet mer\u00edtett\u00e9k, tudt\u00e1k. A n\u00e1sznagy h\u00edvatta a v\u0151leg\u00e9nyt, s szem\u00e9re vetette: \u201eEl\u0151sz\u00f6r mindenki a j\u00f3 bort adja, s csak amikor m\u00e1r megittasodtak, akkor az al\u00e1bbval\u00f3t. Te meg mostan\u00e1ig tartogattad a j\u00f3 bort.\u201d<br \/>\nEzzel kezdte meg J\u00e9zus csodajeleit a galileai K\u00e1n\u00e1ban. Kinyilatkoztatta dics\u0151s\u00e9g\u00e9t, s tan\u00edtv\u00e1nyai hittek benne.<br \/>\nEzek az evang\u00e9lium ig\u00e9i.<\/p>\n<p><span style=\"color: #008000;\">EGYETEMES K\u00d6NY\u00d6RG\u00c9SEK<\/span><br \/>\nPap: Testv\u00e9reim! K\u00e9rj\u00fck Megv\u00e1lt\u00f3nkat, a mi Urunk, J\u00e9zus Krisztust, hogy Szent Anyj\u00e1nak k\u00f6zbenj\u00e1r\u00e1s\u00e1ra tiszt\u00edtsa meg gyarl\u00f3 emberi term\u00e9szet\u00fcnket, \u00e9s tegye egyre nemesebb\u00e9!<br \/>\nLektor: 1. Hogy Krisztus Urunkban megtal\u00e1ljuk az igazi \u00e9s \u00f6r\u00f6k boldogs\u00e1got!<br \/>\nH\u00edvek: K\u00e9r\u00fcnk T\u00e9ged, hallgass meg minket!<br \/>\n2. Hogy az Egyh\u00e1zat Szentaty\u00e1nk \u00e9s f\u0151p\u00e1sztoraink m\u00e9lt\u00f3k\u00e9ppen felk\u00e9sz\u00edts\u00e9k az isteni menyegz\u0151s lakom\u00e1ra!<br \/>\nH\u00edvek: K\u00e9r\u00fcnk T\u00e9ged, hallgass meg minket!<br \/>\n3. Hogy az \u00e1llamf\u00e9rfiak f\u00e1radoz\u00e1sa mindazt biztos\u00edtsa a nemzeteknek, ami az emberhez m\u00e9lt\u00f3 \u00e9lethez sz\u00fcks\u00e9ges.<br \/>\nH\u00edvek: K\u00e9r\u00fcnk T\u00e9ged, hallgass meg minket!<br \/>\n4. Hogy a kereszt\u00e9ny h\u00e1zast\u00e1rsakat gondvisel\u0151 jobbod t\u00e1mogassa minden gondjukban \u00e9s neh\u00e9zs\u00e9g\u00fckben!<br \/>\nH\u00edvek: K\u00e9r\u00fcnk T\u00e9ged, hallgass meg minket!<br \/>\n5. Hogy ifj\u00fas\u00e1gunk l\u00e1ssa be: a b\u0171n\u00f6s \u00e9let \u00fatjain nem tal\u00e1lhatja meg a boldogs\u00e1got!<br \/>\nH\u00edvek: K\u00e9r\u00fcnk T\u00e9ged, hallgass meg minket!<br \/>\nPap: Urunk, J\u00e9zus Krisztus, te a vizet borr\u00e1 v\u00e1ltoztattad, borunkat pedig szent v\u00e9redd\u00e9 teszed. Folytasd lelk\u00fcnkben is csod\u00e1s \u00e1tv\u00e1ltoztat\u00f3 m\u0171k\u00f6d\u00e9sedet, \u00e9s alak\u00edtsd \u00e9rdemszerz\u0151v\u00e9 mindennapi teend\u0151inket a tiszta sz\u00e1nd\u00e9k \u00e9s kegyelmed ereje \u00e1ltal! Aki \u00e9lsz \u00e9s uralkodol mind\u00f6r\u00f6kk\u00f6n-\u00f6r\u00f6kk\u00e9.<br \/>\nH\u00edvek: \u00c1men.<\/p>\n<p><span style=\"color: #008000;\">Felaj\u00e1nl\u00f3 k\u00f6ny\u00f6rg\u00e9s:<\/span><br \/>\nK\u00e9r\u00fcnk, Urunk, Isten\u00fcnk, add, hogy m\u00e9lt\u00f3n vegy\u00fcnk r\u00e9szt ezekben a miszt\u00e9riumokban, mert valah\u00e1nyszor Fiad \u00e1ldozat\u00e1nak eml\u00e9k\u00e9t \u00fcnnepelj\u00fck, megv\u00e1lt\u00e1sunk m\u0171ve folytat\u00f3dik. Krisztus, a mi Urunk \u00e1ltal.<\/p>\n<p><span style=\"color: #008000;\">Pref\u00e1ci\u00f3:<\/span><br \/>\nMert val\u00f3ban m\u00e9lt\u00f3 \u00e9s igazs\u00e1gos, ill\u0151 \u00e9s \u00fcdv\u00f6s, hogy mindig \u00e9s minden\u00fctt h\u00e1l\u00e1t adjunk n\u00e9ked, mi Urunk, szents\u00e9ges Aty\u00e1nk, mindenhat\u00f3, \u00f6r\u00f6k Isten: Krisztus, a mi Urunk \u00e1ltal.<br \/>\nKi megsz\u00e1nva a t\u00e9velyg\u0151 embert, vil\u00e1gra sz\u00fcletett a Szent Sz\u0171zt\u0151l, majd kereszthal\u00e1la \u00e1ltal az \u00f6r\u00f6k hal\u00e1lt\u00f3l megmentett minket, \u00e9s felt\u00e1madva a hal\u00e1lb\u00f3l \u00f6r\u00f6k \u00e9letet aj\u00e1nd\u00e9kozott n\u00e9k\u00fcnk.<br \/>\n\u00c9s ez\u00e9rt mi is, mik\u00e9nt az angyalok \u00e9s f\u0151angyalok, a tr\u00f3nod k\u00f6r\u00fcl \u00e1ll\u00f3 hatalmas \u00e9gi szellemek, \u00e9s minden seregek a mennyben, a te dics\u0151s\u00e9ged himnusz\u00e1t zengj\u00fck, \u00e9s vel\u00fck egy\u00fctt v\u00e9g n\u00e9lk\u00fcl \u00e9nekelj\u00fck:<\/p>\n<p><span style=\"color: #008000;\">\u00c1ldoz\u00e1si \u00e9nek:<\/span><br \/>\nAsztalt ter\u00edtett\u00e9l nekem, \u00e9s kelyhemet pomp\u00e1s itallal csordultig t\u00f6lt\u00f6tted. (V\u00f6. Zsolt 22,5)<br \/>\n<span style=\"color: #008000;\"><em>Vagy<\/em><\/span><br \/>\nMegismert\u00fck \u00e9s hitt\u00fck a szeretetet, amellyel Isten szeret minket. (1Jn 4,16)<\/p>\n<p><span style=\"color: #008000;\">\u00c1ldoz\u00e1s ut\u00e1ni k\u00f6ny\u00f6rg\u00e9s:<\/span><br \/>\nUrunk, Isten\u00fcnk, \u00e1raszd sz\u00edv\u00fcnkbe szereteted Szentlelk\u00e9t, hogy minket, akiket egyazon mennyei keny\u00e9rrel t\u00e1pl\u00e1lt\u00e1l, egyazon szeretet kapcsoljon \u00f6ssze. Krisztus, a mi Urunk \u00e1ltal.<\/p>\n","protected":false},"excerpt":{"rendered":"<p>A b\u0171nbeesett ember \u00f6nisten\u00edt\u00e9sben \u00e9l, ha nem is olyan ny\u00edltan, mint a filoz\u00f3fus Kant, aki t\u00f6bbsz\u00f6r le\u00edrta: &#8222;\u00c9n isten vagyok&#8221;, mik\u00f6zben az objekt\u00edv vil\u00e1got nagyj\u00e1b\u00f3l-eg\u00e9sz\u00e9ben az emberi szubjektum kivet\u00edt\u00e9sek\u00e9nt t\u00e9telezte. Az \u00f6nisten\u00edt\u00e9s rejtett form\u00e1ja abban \u00e1ll, hogy feje tetej\u00e9re \u00e1ll\u00edtjuk a vil\u00e1got. A mi emberi egzisztenci\u00e1nkat t\u00fcntetj\u00fck fel mindenek forr\u00e1sak\u00e9nt, \u00e9s minden Istenre vonatkoz\u00f3 kijelent\u00e9st csup\u00e1n \u00f6nkivet\u00edt\u00e9sk\u00e9nt fogunk fel.\u00a0 A szeretet Istent\u0151l van, de az Istent\u0151l elszakadt ember szeretete megbetegedett. Mindenfajta emberi szeretet csak akkor gy\u00f3gyul, ha visszatal\u00e1l eredetij\u00e9hez, az \u00e9l\u0151, szem\u00e9lyes, szenth\u00e1roms\u00e1gos Istenhez. A szentlecke azokr\u00f3l a lelki kincsekr\u0151l, karizm\u00e1kr\u00f3l sz\u00f3l, amelyeket az\u00e9rt kapunk, hogy haszn\u00e1ljuk m\u00e1sok jav\u00e1ra. A helyes \u00f6nismeret jutalma sz\u00e1momra, hogy felismerem magamban a j\u00f3 Istent\u0151l kapott egy\u00e9ni kincset, karizm\u00e1t. Term\u00e9szetesen ezt k\u00f6vet\u0151en arr\u00f3l is sz\u00e1mot kell adnom, hogyan haszn\u00e1lom azt m\u00e1sok jav\u00e1ra.\u00a0 Kezd\u0151\u00e9nek: Az eg\u00e9sz f\u00f6ld im\u00e1djon t\u00e9ged, Isten\u00fcnk, \u00e9s dics\u00e9rjen t\u00e9ged, zengjen nevednek \u00e9neket, \u00f3 F\u00f6ls\u00e9ges! (Zsolt 65,4) K\u00f6ny\u00f6rg\u00e9s: Mindenhat\u00f3, \u00f6r\u00f6k Isten, te korm\u00e1nyozod a mennyet \u00e9s a f\u00f6ldet: hallgasd meg n\u00e9ped esdekl\u0151 im\u00e1j\u00e1t, \u00e9s adj b\u00e9k\u00e9t napjainkban. A mi Urunk, J\u00e9zus Krisztus a te Fiad \u00e1ltal, aki veled \u00e9l \u00e9s uralkodik a Szentl\u00e9lekkel egys\u00e9gben, Isten mind\u00f6r\u00f6kk\u00f6n \u00f6r\u00f6kk\u00e9. OLVASM\u00c1NY Izaj\u00e1s pr\u00f3f\u00e9ta k\u00f6nyv\u00e9b\u0151l (Iz 62,1-5) Az \u00dar \u00fagy szereti v\u00e1lasztott n\u00e9p\u00e9t, mint menyasszony\u00e1t a v\u0151leg\u00e9ny. Sion \u00e9s Jeruzs\u00e1lem a v\u00e1lasztott n\u00e9p jelk\u00e9pe. \u00cdgy sz\u00f3l az \u00dar: Sion miatt nem hallgathatok, \u00e9s Jeruzs\u00e1lem miatt nem nyugszom, am\u00edg f\u00f6l nem ragyog igazs\u00e1ga, mint a hajnal, \u00e9s szabadul\u00e1sa, mint a f\u00e1klya, nem t\u00fcnd\u00f6k\u00f6l. Megl\u00e1tj\u00e1k majd a n\u00e9pek igazs\u00e1godat \u00e9s a kir\u00e1lyok dics\u0151s\u00e9gedet. \u00daj n\u00e9ven h\u00edvnak majd, amellyel az \u00dar ajka nevez el. A dics\u0151s\u00e9g koron\u00e1ja leszel az \u00dar kez\u00e9ben, kir\u00e1lyi fejd\u00edsz Istened kez\u00e9ben. Nem h\u00edvnak t\u00f6bb\u00e9 \u201eElhagyottnak\u201d, sem orsz\u00e1godat \u201ePusztas\u00e1gnak\u201d hanem \u00edgy neveznek: \u201eGy\u00f6ny\u00f6r\u0171s\u00e9gem\u201d, \u00e9s orsz\u00e1godat: \u201eMenyasszony\u201d, mert az \u00dar \u00f6r\u00f6m\u00e9t tal\u00e1lja benned, s orsz\u00e1god \u00fajra f\u00e9rjhez megy. Mert amint a v\u0151leg\u00e9ny feles\u00e9g\u00fcl veszi a le\u00e1nyt, \u00fagy fog&#8230; <\/p>\n<p><a class=\"readmore\" href=\"https:\/\/stuttgarti-katolikusok.de\/index.php\/evkozi-2-vasarnap-4\/\">R\u00e9szletek<\/a><\/p>\n","protected":false},"author":3,"featured_media":28208,"comment_status":"closed","ping_status":"closed","sticky":false,"template":"","format":"standard","meta":{"footnotes":""},"categories":[85,63],"tags":[],"class_list":["post-30149","post","type-post","status-publish","format-standard","has-post-thumbnail","hentry","category-a-liturgia-olvasmanyai","category-vasarnapi-gondolatok"],"yoast_head":"<!-- This site is optimized with the Yoast SEO plugin v27.3 - https:\/\/yoast.com\/product\/yoast-seo-wordpress\/ -->\n<title>\u00c9vk\u00f6zi 2. vas\u00e1rnap - Stuttgarti Katolikusok<\/title>\n<meta name=\"robots\" content=\"index, follow, max-snippet:-1, max-image-preview:large, max-video-preview:-1\" \/>\n<link rel=\"canonical\" href=\"https:\/\/stuttgarti-katolikusok.de\/index.php\/evkozi-2-vasarnap-4\/\" \/>\n<meta property=\"og:locale\" content=\"hu_HU\" \/>\n<meta property=\"og:type\" content=\"article\" \/>\n<meta property=\"og:title\" content=\"\u00c9vk\u00f6zi 2. vas\u00e1rnap - Stuttgarti Katolikusok\" \/>\n<meta property=\"og:description\" content=\"A b\u0171nbeesett ember \u00f6nisten\u00edt\u00e9sben \u00e9l, ha nem is olyan ny\u00edltan, mint a filoz\u00f3fus Kant, aki t\u00f6bbsz\u00f6r le\u00edrta: &#8222;\u00c9n isten vagyok&#8221;, mik\u00f6zben az objekt\u00edv vil\u00e1got nagyj\u00e1b\u00f3l-eg\u00e9sz\u00e9ben az emberi szubjektum kivet\u00edt\u00e9sek\u00e9nt t\u00e9telezte. Az \u00f6nisten\u00edt\u00e9s rejtett form\u00e1ja abban \u00e1ll, hogy feje tetej\u00e9re \u00e1ll\u00edtjuk a vil\u00e1got. A mi emberi egzisztenci\u00e1nkat t\u00fcntetj\u00fck fel mindenek forr\u00e1sak\u00e9nt, \u00e9s minden Istenre vonatkoz\u00f3 kijelent\u00e9st csup\u00e1n \u00f6nkivet\u00edt\u00e9sk\u00e9nt fogunk fel.\u00a0 A szeretet Istent\u0151l van, de az Istent\u0151l elszakadt ember szeretete megbetegedett. Mindenfajta emberi szeretet csak akkor gy\u00f3gyul, ha visszatal\u00e1l eredetij\u00e9hez, az \u00e9l\u0151, szem\u00e9lyes, szenth\u00e1roms\u00e1gos Istenhez. A szentlecke azokr\u00f3l a lelki kincsekr\u0151l, karizm\u00e1kr\u00f3l sz\u00f3l, amelyeket az\u00e9rt kapunk, hogy haszn\u00e1ljuk m\u00e1sok jav\u00e1ra. A helyes \u00f6nismeret jutalma sz\u00e1momra, hogy felismerem magamban a j\u00f3 Istent\u0151l kapott egy\u00e9ni kincset, karizm\u00e1t. Term\u00e9szetesen ezt k\u00f6vet\u0151en arr\u00f3l is sz\u00e1mot kell adnom, hogyan haszn\u00e1lom azt m\u00e1sok jav\u00e1ra.\u00a0 Kezd\u0151\u00e9nek: Az eg\u00e9sz f\u00f6ld im\u00e1djon t\u00e9ged, Isten\u00fcnk, \u00e9s dics\u00e9rjen t\u00e9ged, zengjen nevednek \u00e9neket, \u00f3 F\u00f6ls\u00e9ges! (Zsolt 65,4) K\u00f6ny\u00f6rg\u00e9s: Mindenhat\u00f3, \u00f6r\u00f6k Isten, te korm\u00e1nyozod a mennyet \u00e9s a f\u00f6ldet: hallgasd meg n\u00e9ped esdekl\u0151 im\u00e1j\u00e1t, \u00e9s adj b\u00e9k\u00e9t napjainkban. A mi Urunk, J\u00e9zus Krisztus a te Fiad \u00e1ltal, aki veled \u00e9l \u00e9s uralkodik a Szentl\u00e9lekkel egys\u00e9gben, Isten mind\u00f6r\u00f6kk\u00f6n \u00f6r\u00f6kk\u00e9. OLVASM\u00c1NY Izaj\u00e1s pr\u00f3f\u00e9ta k\u00f6nyv\u00e9b\u0151l (Iz 62,1-5) Az \u00dar \u00fagy szereti v\u00e1lasztott n\u00e9p\u00e9t, mint menyasszony\u00e1t a v\u0151leg\u00e9ny. Sion \u00e9s Jeruzs\u00e1lem a v\u00e1lasztott n\u00e9p jelk\u00e9pe. \u00cdgy sz\u00f3l az \u00dar: Sion miatt nem hallgathatok, \u00e9s Jeruzs\u00e1lem miatt nem nyugszom, am\u00edg f\u00f6l nem ragyog igazs\u00e1ga, mint a hajnal, \u00e9s szabadul\u00e1sa, mint a f\u00e1klya, nem t\u00fcnd\u00f6k\u00f6l. Megl\u00e1tj\u00e1k majd a n\u00e9pek igazs\u00e1godat \u00e9s a kir\u00e1lyok dics\u0151s\u00e9gedet. \u00daj n\u00e9ven h\u00edvnak majd, amellyel az \u00dar ajka nevez el. A dics\u0151s\u00e9g koron\u00e1ja leszel az \u00dar kez\u00e9ben, kir\u00e1lyi fejd\u00edsz Istened kez\u00e9ben. Nem h\u00edvnak t\u00f6bb\u00e9 \u201eElhagyottnak\u201d, sem orsz\u00e1godat \u201ePusztas\u00e1gnak\u201d hanem \u00edgy neveznek: \u201eGy\u00f6ny\u00f6r\u0171s\u00e9gem\u201d, \u00e9s orsz\u00e1godat: \u201eMenyasszony\u201d, mert az \u00dar \u00f6r\u00f6m\u00e9t tal\u00e1lja benned, s orsz\u00e1god \u00fajra f\u00e9rjhez megy. Mert amint a v\u0151leg\u00e9ny feles\u00e9g\u00fcl veszi a le\u00e1nyt, \u00fagy fog... R\u00e9szletek\" \/>\n<meta property=\"og:url\" content=\"https:\/\/stuttgarti-katolikusok.de\/index.php\/evkozi-2-vasarnap-4\/\" \/>\n<meta property=\"og:site_name\" content=\"Stuttgarti Katolikusok\" \/>\n<meta property=\"article:published_time\" content=\"2025-01-18T22:21:22+00:00\" \/>\n<meta property=\"article:modified_time\" content=\"2025-01-19T23:26:51+00:00\" \/>\n<meta property=\"og:image\" content=\"https:\/\/stuttgarti-katolikusok.de\/wp-content\/uploads\/2024\/01\/a-book-1936547-1280.jpg\" \/>\n\t<meta property=\"og:image:width\" content=\"1280\" \/>\n\t<meta property=\"og:image:height\" content=\"723\" \/>\n\t<meta property=\"og:image:type\" content=\"image\/jpeg\" \/>\n<meta name=\"author\" content=\"Tibor atya\" \/>\n<meta name=\"twitter:card\" content=\"summary_large_image\" \/>\n<meta name=\"twitter:label1\" content=\"Szerz\u0151:\" \/>\n\t<meta name=\"twitter:data1\" content=\"Tibor atya\" \/>\n\t<meta name=\"twitter:label2\" content=\"Becs\u00fclt olvas\u00e1si id\u0151\" \/>\n\t<meta name=\"twitter:data2\" content=\"7 perc\" \/>\n<script type=\"application\/ld+json\" class=\"yoast-schema-graph\">{\"@context\":\"https:\\\/\\\/schema.org\",\"@graph\":[{\"@type\":\"Article\",\"@id\":\"https:\\\/\\\/stuttgarti-katolikusok.de\\\/index.php\\\/evkozi-2-vasarnap-4\\\/#article\",\"isPartOf\":{\"@id\":\"https:\\\/\\\/stuttgarti-katolikusok.de\\\/index.php\\\/evkozi-2-vasarnap-4\\\/\"},\"author\":{\"name\":\"Tibor atya\",\"@id\":\"https:\\\/\\\/stuttgarti-katolikusok.de\\\/#\\\/schema\\\/person\\\/75908d6f8fdc03a57889d27209df7795\"},\"headline\":\"\u00c9vk\u00f6zi 2. vas\u00e1rnap\",\"datePublished\":\"2025-01-18T22:21:22+00:00\",\"dateModified\":\"2025-01-19T23:26:51+00:00\",\"mainEntityOfPage\":{\"@id\":\"https:\\\/\\\/stuttgarti-katolikusok.de\\\/index.php\\\/evkozi-2-vasarnap-4\\\/\"},\"wordCount\":1679,\"image\":{\"@id\":\"https:\\\/\\\/stuttgarti-katolikusok.de\\\/index.php\\\/evkozi-2-vasarnap-4\\\/#primaryimage\"},\"thumbnailUrl\":\"https:\\\/\\\/stuttgarti-katolikusok.de\\\/wp-content\\\/uploads\\\/2024\\\/01\\\/a-book-1936547-1280.jpg\",\"articleSection\":[\"A liturgia olvasm\u00e1nyai\",\"Vas\u00e1rnapi gondolatok\"],\"inLanguage\":\"hu\"},{\"@type\":\"WebPage\",\"@id\":\"https:\\\/\\\/stuttgarti-katolikusok.de\\\/index.php\\\/evkozi-2-vasarnap-4\\\/\",\"url\":\"https:\\\/\\\/stuttgarti-katolikusok.de\\\/index.php\\\/evkozi-2-vasarnap-4\\\/\",\"name\":\"\u00c9vk\u00f6zi 2. vas\u00e1rnap - Stuttgarti Katolikusok\",\"isPartOf\":{\"@id\":\"https:\\\/\\\/stuttgarti-katolikusok.de\\\/#website\"},\"primaryImageOfPage\":{\"@id\":\"https:\\\/\\\/stuttgarti-katolikusok.de\\\/index.php\\\/evkozi-2-vasarnap-4\\\/#primaryimage\"},\"image\":{\"@id\":\"https:\\\/\\\/stuttgarti-katolikusok.de\\\/index.php\\\/evkozi-2-vasarnap-4\\\/#primaryimage\"},\"thumbnailUrl\":\"https:\\\/\\\/stuttgarti-katolikusok.de\\\/wp-content\\\/uploads\\\/2024\\\/01\\\/a-book-1936547-1280.jpg\",\"datePublished\":\"2025-01-18T22:21:22+00:00\",\"dateModified\":\"2025-01-19T23:26:51+00:00\",\"author\":{\"@id\":\"https:\\\/\\\/stuttgarti-katolikusok.de\\\/#\\\/schema\\\/person\\\/75908d6f8fdc03a57889d27209df7795\"},\"breadcrumb\":{\"@id\":\"https:\\\/\\\/stuttgarti-katolikusok.de\\\/index.php\\\/evkozi-2-vasarnap-4\\\/#breadcrumb\"},\"inLanguage\":\"hu\",\"potentialAction\":[{\"@type\":\"ReadAction\",\"target\":[\"https:\\\/\\\/stuttgarti-katolikusok.de\\\/index.php\\\/evkozi-2-vasarnap-4\\\/\"]}]},{\"@type\":\"ImageObject\",\"inLanguage\":\"hu\",\"@id\":\"https:\\\/\\\/stuttgarti-katolikusok.de\\\/index.php\\\/evkozi-2-vasarnap-4\\\/#primaryimage\",\"url\":\"https:\\\/\\\/stuttgarti-katolikusok.de\\\/wp-content\\\/uploads\\\/2024\\\/01\\\/a-book-1936547-1280.jpg\",\"contentUrl\":\"https:\\\/\\\/stuttgarti-katolikusok.de\\\/wp-content\\\/uploads\\\/2024\\\/01\\\/a-book-1936547-1280.jpg\",\"width\":1280,\"height\":723},{\"@type\":\"BreadcrumbList\",\"@id\":\"https:\\\/\\\/stuttgarti-katolikusok.de\\\/index.php\\\/evkozi-2-vasarnap-4\\\/#breadcrumb\",\"itemListElement\":[{\"@type\":\"ListItem\",\"position\":1,\"name\":\"Kezd\u0151lap\",\"item\":\"https:\\\/\\\/stuttgarti-katolikusok.de\\\/\"},{\"@type\":\"ListItem\",\"position\":2,\"name\":\"\u00c9vk\u00f6zi 2. vas\u00e1rnap\"}]},{\"@type\":\"WebSite\",\"@id\":\"https:\\\/\\\/stuttgarti-katolikusok.de\\\/#website\",\"url\":\"https:\\\/\\\/stuttgarti-katolikusok.de\\\/\",\"name\":\"Stuttgarti Katolikusok\",\"description\":\"\",\"potentialAction\":[{\"@type\":\"SearchAction\",\"target\":{\"@type\":\"EntryPoint\",\"urlTemplate\":\"https:\\\/\\\/stuttgarti-katolikusok.de\\\/?s={search_term_string}\"},\"query-input\":{\"@type\":\"PropertyValueSpecification\",\"valueRequired\":true,\"valueName\":\"search_term_string\"}}],\"inLanguage\":\"hu\"},{\"@type\":\"Person\",\"@id\":\"https:\\\/\\\/stuttgarti-katolikusok.de\\\/#\\\/schema\\\/person\\\/75908d6f8fdc03a57889d27209df7795\",\"name\":\"Tibor atya\",\"image\":{\"@type\":\"ImageObject\",\"inLanguage\":\"hu\",\"@id\":\"https:\\\/\\\/secure.gravatar.com\\\/avatar\\\/61d268e57d1f4525b111222e29d2d5a7f8c420fdbf231ba5566a8ceac74fa960?s=96&d=mm&r=g\",\"url\":\"https:\\\/\\\/secure.gravatar.com\\\/avatar\\\/61d268e57d1f4525b111222e29d2d5a7f8c420fdbf231ba5566a8ceac74fa960?s=96&d=mm&r=g\",\"contentUrl\":\"https:\\\/\\\/secure.gravatar.com\\\/avatar\\\/61d268e57d1f4525b111222e29d2d5a7f8c420fdbf231ba5566a8ceac74fa960?s=96&d=mm&r=g\",\"caption\":\"Tibor atya\"},\"url\":\"https:\\\/\\\/stuttgarti-katolikusok.de\\\/index.php\\\/author\\\/tibor-atya\\\/\"}]}<\/script>\n<!-- \/ Yoast SEO plugin. -->","yoast_head_json":{"title":"\u00c9vk\u00f6zi 2. vas\u00e1rnap - Stuttgarti Katolikusok","robots":{"index":"index","follow":"follow","max-snippet":"max-snippet:-1","max-image-preview":"max-image-preview:large","max-video-preview":"max-video-preview:-1"},"canonical":"https:\/\/stuttgarti-katolikusok.de\/index.php\/evkozi-2-vasarnap-4\/","og_locale":"hu_HU","og_type":"article","og_title":"\u00c9vk\u00f6zi 2. vas\u00e1rnap - Stuttgarti Katolikusok","og_description":"A b\u0171nbeesett ember \u00f6nisten\u00edt\u00e9sben \u00e9l, ha nem is olyan ny\u00edltan, mint a filoz\u00f3fus Kant, aki t\u00f6bbsz\u00f6r le\u00edrta: &#8222;\u00c9n isten vagyok&#8221;, mik\u00f6zben az objekt\u00edv vil\u00e1got nagyj\u00e1b\u00f3l-eg\u00e9sz\u00e9ben az emberi szubjektum kivet\u00edt\u00e9sek\u00e9nt t\u00e9telezte. Az \u00f6nisten\u00edt\u00e9s rejtett form\u00e1ja abban \u00e1ll, hogy feje tetej\u00e9re \u00e1ll\u00edtjuk a vil\u00e1got. A mi emberi egzisztenci\u00e1nkat t\u00fcntetj\u00fck fel mindenek forr\u00e1sak\u00e9nt, \u00e9s minden Istenre vonatkoz\u00f3 kijelent\u00e9st csup\u00e1n \u00f6nkivet\u00edt\u00e9sk\u00e9nt fogunk fel.\u00a0 A szeretet Istent\u0151l van, de az Istent\u0151l elszakadt ember szeretete megbetegedett. Mindenfajta emberi szeretet csak akkor gy\u00f3gyul, ha visszatal\u00e1l eredetij\u00e9hez, az \u00e9l\u0151, szem\u00e9lyes, szenth\u00e1roms\u00e1gos Istenhez. A szentlecke azokr\u00f3l a lelki kincsekr\u0151l, karizm\u00e1kr\u00f3l sz\u00f3l, amelyeket az\u00e9rt kapunk, hogy haszn\u00e1ljuk m\u00e1sok jav\u00e1ra. A helyes \u00f6nismeret jutalma sz\u00e1momra, hogy felismerem magamban a j\u00f3 Istent\u0151l kapott egy\u00e9ni kincset, karizm\u00e1t. Term\u00e9szetesen ezt k\u00f6vet\u0151en arr\u00f3l is sz\u00e1mot kell adnom, hogyan haszn\u00e1lom azt m\u00e1sok jav\u00e1ra.\u00a0 Kezd\u0151\u00e9nek: Az eg\u00e9sz f\u00f6ld im\u00e1djon t\u00e9ged, Isten\u00fcnk, \u00e9s dics\u00e9rjen t\u00e9ged, zengjen nevednek \u00e9neket, \u00f3 F\u00f6ls\u00e9ges! (Zsolt 65,4) K\u00f6ny\u00f6rg\u00e9s: Mindenhat\u00f3, \u00f6r\u00f6k Isten, te korm\u00e1nyozod a mennyet \u00e9s a f\u00f6ldet: hallgasd meg n\u00e9ped esdekl\u0151 im\u00e1j\u00e1t, \u00e9s adj b\u00e9k\u00e9t napjainkban. A mi Urunk, J\u00e9zus Krisztus a te Fiad \u00e1ltal, aki veled \u00e9l \u00e9s uralkodik a Szentl\u00e9lekkel egys\u00e9gben, Isten mind\u00f6r\u00f6kk\u00f6n \u00f6r\u00f6kk\u00e9. OLVASM\u00c1NY Izaj\u00e1s pr\u00f3f\u00e9ta k\u00f6nyv\u00e9b\u0151l (Iz 62,1-5) Az \u00dar \u00fagy szereti v\u00e1lasztott n\u00e9p\u00e9t, mint menyasszony\u00e1t a v\u0151leg\u00e9ny. Sion \u00e9s Jeruzs\u00e1lem a v\u00e1lasztott n\u00e9p jelk\u00e9pe. \u00cdgy sz\u00f3l az \u00dar: Sion miatt nem hallgathatok, \u00e9s Jeruzs\u00e1lem miatt nem nyugszom, am\u00edg f\u00f6l nem ragyog igazs\u00e1ga, mint a hajnal, \u00e9s szabadul\u00e1sa, mint a f\u00e1klya, nem t\u00fcnd\u00f6k\u00f6l. Megl\u00e1tj\u00e1k majd a n\u00e9pek igazs\u00e1godat \u00e9s a kir\u00e1lyok dics\u0151s\u00e9gedet. \u00daj n\u00e9ven h\u00edvnak majd, amellyel az \u00dar ajka nevez el. A dics\u0151s\u00e9g koron\u00e1ja leszel az \u00dar kez\u00e9ben, kir\u00e1lyi fejd\u00edsz Istened kez\u00e9ben. Nem h\u00edvnak t\u00f6bb\u00e9 \u201eElhagyottnak\u201d, sem orsz\u00e1godat \u201ePusztas\u00e1gnak\u201d hanem \u00edgy neveznek: \u201eGy\u00f6ny\u00f6r\u0171s\u00e9gem\u201d, \u00e9s orsz\u00e1godat: \u201eMenyasszony\u201d, mert az \u00dar \u00f6r\u00f6m\u00e9t tal\u00e1lja benned, s orsz\u00e1god \u00fajra f\u00e9rjhez megy. Mert amint a v\u0151leg\u00e9ny feles\u00e9g\u00fcl veszi a le\u00e1nyt, \u00fagy fog... R\u00e9szletek","og_url":"https:\/\/stuttgarti-katolikusok.de\/index.php\/evkozi-2-vasarnap-4\/","og_site_name":"Stuttgarti Katolikusok","article_published_time":"2025-01-18T22:21:22+00:00","article_modified_time":"2025-01-19T23:26:51+00:00","og_image":[{"width":1280,"height":723,"url":"https:\/\/stuttgarti-katolikusok.de\/wp-content\/uploads\/2024\/01\/a-book-1936547-1280.jpg","type":"image\/jpeg"}],"author":"Tibor atya","twitter_card":"summary_large_image","twitter_misc":{"Szerz\u0151:":"Tibor atya","Becs\u00fclt olvas\u00e1si id\u0151":"7 perc"},"schema":{"@context":"https:\/\/schema.org","@graph":[{"@type":"Article","@id":"https:\/\/stuttgarti-katolikusok.de\/index.php\/evkozi-2-vasarnap-4\/#article","isPartOf":{"@id":"https:\/\/stuttgarti-katolikusok.de\/index.php\/evkozi-2-vasarnap-4\/"},"author":{"name":"Tibor atya","@id":"https:\/\/stuttgarti-katolikusok.de\/#\/schema\/person\/75908d6f8fdc03a57889d27209df7795"},"headline":"\u00c9vk\u00f6zi 2. vas\u00e1rnap","datePublished":"2025-01-18T22:21:22+00:00","dateModified":"2025-01-19T23:26:51+00:00","mainEntityOfPage":{"@id":"https:\/\/stuttgarti-katolikusok.de\/index.php\/evkozi-2-vasarnap-4\/"},"wordCount":1679,"image":{"@id":"https:\/\/stuttgarti-katolikusok.de\/index.php\/evkozi-2-vasarnap-4\/#primaryimage"},"thumbnailUrl":"https:\/\/stuttgarti-katolikusok.de\/wp-content\/uploads\/2024\/01\/a-book-1936547-1280.jpg","articleSection":["A liturgia olvasm\u00e1nyai","Vas\u00e1rnapi gondolatok"],"inLanguage":"hu"},{"@type":"WebPage","@id":"https:\/\/stuttgarti-katolikusok.de\/index.php\/evkozi-2-vasarnap-4\/","url":"https:\/\/stuttgarti-katolikusok.de\/index.php\/evkozi-2-vasarnap-4\/","name":"\u00c9vk\u00f6zi 2. vas\u00e1rnap - Stuttgarti Katolikusok","isPartOf":{"@id":"https:\/\/stuttgarti-katolikusok.de\/#website"},"primaryImageOfPage":{"@id":"https:\/\/stuttgarti-katolikusok.de\/index.php\/evkozi-2-vasarnap-4\/#primaryimage"},"image":{"@id":"https:\/\/stuttgarti-katolikusok.de\/index.php\/evkozi-2-vasarnap-4\/#primaryimage"},"thumbnailUrl":"https:\/\/stuttgarti-katolikusok.de\/wp-content\/uploads\/2024\/01\/a-book-1936547-1280.jpg","datePublished":"2025-01-18T22:21:22+00:00","dateModified":"2025-01-19T23:26:51+00:00","author":{"@id":"https:\/\/stuttgarti-katolikusok.de\/#\/schema\/person\/75908d6f8fdc03a57889d27209df7795"},"breadcrumb":{"@id":"https:\/\/stuttgarti-katolikusok.de\/index.php\/evkozi-2-vasarnap-4\/#breadcrumb"},"inLanguage":"hu","potentialAction":[{"@type":"ReadAction","target":["https:\/\/stuttgarti-katolikusok.de\/index.php\/evkozi-2-vasarnap-4\/"]}]},{"@type":"ImageObject","inLanguage":"hu","@id":"https:\/\/stuttgarti-katolikusok.de\/index.php\/evkozi-2-vasarnap-4\/#primaryimage","url":"https:\/\/stuttgarti-katolikusok.de\/wp-content\/uploads\/2024\/01\/a-book-1936547-1280.jpg","contentUrl":"https:\/\/stuttgarti-katolikusok.de\/wp-content\/uploads\/2024\/01\/a-book-1936547-1280.jpg","width":1280,"height":723},{"@type":"BreadcrumbList","@id":"https:\/\/stuttgarti-katolikusok.de\/index.php\/evkozi-2-vasarnap-4\/#breadcrumb","itemListElement":[{"@type":"ListItem","position":1,"name":"Kezd\u0151lap","item":"https:\/\/stuttgarti-katolikusok.de\/"},{"@type":"ListItem","position":2,"name":"\u00c9vk\u00f6zi 2. vas\u00e1rnap"}]},{"@type":"WebSite","@id":"https:\/\/stuttgarti-katolikusok.de\/#website","url":"https:\/\/stuttgarti-katolikusok.de\/","name":"Stuttgarti Katolikusok","description":"","potentialAction":[{"@type":"SearchAction","target":{"@type":"EntryPoint","urlTemplate":"https:\/\/stuttgarti-katolikusok.de\/?s={search_term_string}"},"query-input":{"@type":"PropertyValueSpecification","valueRequired":true,"valueName":"search_term_string"}}],"inLanguage":"hu"},{"@type":"Person","@id":"https:\/\/stuttgarti-katolikusok.de\/#\/schema\/person\/75908d6f8fdc03a57889d27209df7795","name":"Tibor atya","image":{"@type":"ImageObject","inLanguage":"hu","@id":"https:\/\/secure.gravatar.com\/avatar\/61d268e57d1f4525b111222e29d2d5a7f8c420fdbf231ba5566a8ceac74fa960?s=96&d=mm&r=g","url":"https:\/\/secure.gravatar.com\/avatar\/61d268e57d1f4525b111222e29d2d5a7f8c420fdbf231ba5566a8ceac74fa960?s=96&d=mm&r=g","contentUrl":"https:\/\/secure.gravatar.com\/avatar\/61d268e57d1f4525b111222e29d2d5a7f8c420fdbf231ba5566a8ceac74fa960?s=96&d=mm&r=g","caption":"Tibor atya"},"url":"https:\/\/stuttgarti-katolikusok.de\/index.php\/author\/tibor-atya\/"}]}},"_links":{"self":[{"href":"https:\/\/stuttgarti-katolikusok.de\/index.php\/wp-json\/wp\/v2\/posts\/30149","targetHints":{"allow":["GET"]}}],"collection":[{"href":"https:\/\/stuttgarti-katolikusok.de\/index.php\/wp-json\/wp\/v2\/posts"}],"about":[{"href":"https:\/\/stuttgarti-katolikusok.de\/index.php\/wp-json\/wp\/v2\/types\/post"}],"author":[{"embeddable":true,"href":"https:\/\/stuttgarti-katolikusok.de\/index.php\/wp-json\/wp\/v2\/users\/3"}],"replies":[{"embeddable":true,"href":"https:\/\/stuttgarti-katolikusok.de\/index.php\/wp-json\/wp\/v2\/comments?post=30149"}],"version-history":[{"count":1,"href":"https:\/\/stuttgarti-katolikusok.de\/index.php\/wp-json\/wp\/v2\/posts\/30149\/revisions"}],"predecessor-version":[{"id":30150,"href":"https:\/\/stuttgarti-katolikusok.de\/index.php\/wp-json\/wp\/v2\/posts\/30149\/revisions\/30150"}],"wp:featuredmedia":[{"embeddable":true,"href":"https:\/\/stuttgarti-katolikusok.de\/index.php\/wp-json\/wp\/v2\/media\/28208"}],"wp:attachment":[{"href":"https:\/\/stuttgarti-katolikusok.de\/index.php\/wp-json\/wp\/v2\/media?parent=30149"}],"wp:term":[{"taxonomy":"category","embeddable":true,"href":"https:\/\/stuttgarti-katolikusok.de\/index.php\/wp-json\/wp\/v2\/categories?post=30149"},{"taxonomy":"post_tag","embeddable":true,"href":"https:\/\/stuttgarti-katolikusok.de\/index.php\/wp-json\/wp\/v2\/tags?post=30149"}],"curies":[{"name":"wp","href":"https:\/\/api.w.org\/{rel}","templated":true}]}}