{"id":30127,"date":"2025-01-14T17:22:58","date_gmt":"2025-01-14T16:22:58","guid":{"rendered":"https:\/\/stuttgarti-katolikusok.de\/?p=30127"},"modified":"2025-01-14T18:01:12","modified_gmt":"2025-01-14T17:01:12","slug":"2025-januar-13-es-19-kozott","status":"publish","type":"post","link":"https:\/\/stuttgarti-katolikusok.de\/index.php\/2025-januar-13-es-19-kozott\/","title":{"rendered":"2025. JANU\u00c1R 13 \u00c9S 19 K\u00d6Z\u00d6TT"},"content":{"rendered":"<p><span style=\"color: #008000;\"><strong>Programel\u0151zetes<\/strong><\/span><\/p>\n<p style=\"text-align: center;\"><span style=\"color: #008000;\"><strong>*<\/strong><\/span><\/p>\n<p><strong>Janu\u00e1r 17-\u00e9n, <\/strong>p\u00e9nteken, <em><strong>Stuttgarti d\u00e9lut\u00e1n<\/strong>. <\/em>18.00 \u00f3rakor <em>szentmise, <\/em>el\u0151tte <em>r\u00f3zsaf\u00fcz\u00e9rt im\u00e1dkozunk. <\/em><\/p>\n<p style=\"text-align: center;\"><span style=\"color: #008000;\"><strong>*<\/strong><\/span><\/p>\n<p><strong>Janu\u00e1r 18-\u00e1n<\/strong>, szombaton, <strong>Heidenheimban <\/strong>15.30 \u00f3rakor<em>\u00a0szentmise<\/em><em>, <\/em>ut\u00e1na <em>agap\u00e9.<\/em><\/p>\n<p style=\"text-align: center;\"><span style=\"color: #008000;\"><strong>*<\/strong><\/span><\/p>\n<p><strong>Janu\u00e1r 19-\u00e9n,<\/strong> <span style=\"color: #008000;\"><em><strong>\u00c9vk\u00f6zi 2. vas\u00e1rnap<\/strong><\/em><\/span><em>,<\/em><\/p>\n<p><strong>Ludwigsburgban <\/strong>9.30 \u00f3rakor <em>szentmise<\/em><em>, <\/em>ut\u00e1na <em>agap\u00e9.<\/em><\/p>\n<p><strong>Stuttgartban <\/strong><span style=\"color: #ff0000;\"><em><strong>NEM LESZ SZENTMISE!!!<\/strong><\/em><\/span><\/p>\n<p><strong>Heilbronnban <\/strong><span style=\"color: #ff0000;\"><em><strong>NEM LESZ SZENTMISE!!!<\/strong><\/em><\/span><\/p>\n<p><span style=\"color: #ff0000;\"><em><strong>Megk\u00e9rlek benneteket, hogy mind Stuttgartb\u00f3l, mind Heilbronnb\u00f3l j\u00f6jjetek \u00e9s vegy\u00fcnk r\u00e9szt a Ludwigsburgban tartand\u00f3 szentmis\u00e9n.\u00a0<\/strong><\/em><\/span><\/p>\n<p style=\"text-align: center;\"><span style=\"color: #008000;\"><strong>\u00a0*<\/strong><\/span><\/p>\n<p><em>\u00a0<\/em>Minden helyen mindenkit szeretettel v\u00e1r a k\u00f6z\u00f6ss\u00e9g \u00e9s Tibor atya!<\/p>\n<p style=\"text-align: center;\"><span style=\"color: #008000;\"><strong>*<\/strong><\/span><\/p>\n<p><a href=\"https:\/\/stuttgarti-katolikusok.de\/wp-content\/uploads\/2021\/01\/halaszok.jpg\"><img loading=\"lazy\" decoding=\"async\" class=\"alignnone size-full wp-image-21025\" src=\"https:\/\/stuttgarti-katolikusok.de\/wp-content\/uploads\/2021\/01\/halaszok.jpg\" alt=\"\" width=\"1280\" height=\"853\" srcset=\"https:\/\/stuttgarti-katolikusok.de\/wp-content\/uploads\/2021\/01\/halaszok.jpg 1280w, https:\/\/stuttgarti-katolikusok.de\/wp-content\/uploads\/2021\/01\/halaszok-300x200.jpg 300w, https:\/\/stuttgarti-katolikusok.de\/wp-content\/uploads\/2021\/01\/halaszok-1024x682.jpg 1024w, https:\/\/stuttgarti-katolikusok.de\/wp-content\/uploads\/2021\/01\/halaszok-420x280.jpg 420w, https:\/\/stuttgarti-katolikusok.de\/wp-content\/uploads\/2021\/01\/halaszok-690x460.jpg 690w\" sizes=\"auto, (max-width: 1280px) 100vw, 1280px\" \/><\/a><\/p>\n<p><em>(K\u00e9pek forr\u00e1sa: Pixabay)<\/em><\/p>\n<p style=\"text-align: center;\"><strong><span style=\"color: #008000;\">*<\/span><\/strong><\/p>\n<p><span style=\"color: #008000;\"><em><strong>Bens\u0151s\u00e9ges \u00e9s kellemes \u00faj\u00e9vi napokat, j\u00f3 tal\u00e1lkoz\u00e1sokat \u00e9s sok \u00f6r\u00f6met k\u00edv\u00e1nok minden kedves H\u00edvemnek.<\/strong><\/em><\/span><\/p>\n<p style=\"text-align: center;\"><strong><span style=\"color: #008000;\">*<\/span><\/strong><\/p>\n<p><span style=\"color: #ff6600;\"><strong><em>SZABADULJ MEG \u00d6NMAGADT\u00d3L<\/em><\/strong><\/span><\/p>\n<p><span style=\"color: #ff6600;\"><strong><em>\u00a0<\/em><\/strong><\/span><\/p>\n<p><span style=\"color: #ff6600;\"><em>Minden oldalr\u00f3l \u00f6nmagaddal<\/em><\/span><\/p>\n<p><span style=\"color: #ff6600;\"><em>veszed k\u00f6r\u00fcl magad.<\/em><\/span><\/p>\n<p><span style=\"color: #ff6600;\"><em>S hogy megszabadulj \u00f6nmagadt\u00f3l,<\/em><\/span><\/p>\n<p><span style=\"color: #ff6600;\"><em>hidat kell \u00e9p\u00edtened egyed\u00fcll\u00e9ted<\/em><\/span><\/p>\n<p><span style=\"color: #ff6600;\"><em>pill\u00e9reire, melyeket \u00f6nz\u00e9sed alkotott.<\/em><\/span><\/p>\n<p><span style=\"color: #ff6600;\"><em>Pr\u00f3b\u00e1ld meg, tekints ki \u00f6nmagadb\u00f3l,<\/em><\/span><\/p>\n<p><span style=\"color: #ff6600;\"><em>keress valakit, hallgasd meg \u0151t,<\/em><\/span><\/p>\n<p><span style=\"color: #ff6600;\"><em>\u00e9s mindenekel\u0151tt szeress valakit,<\/em><\/span><\/p>\n<p><span style=\"color: #ff6600;\"><em>ahelyett, hogy \u00f6nmagaddal foglalkozn\u00e1l.<\/em><\/span><\/p>\n<p><span style=\"color: #ff6600;\"><em>\u00a0<\/em><\/span><\/p>\n<p><span style=\"color: #ff6600;\"><em>S ha l\u00e9tezni akarsz,<\/em><\/span><\/p>\n<p><span style=\"color: #ff6600;\"><em>bocs\u00e1ss meg nekem,<\/em><\/span><\/p>\n<p><span style=\"color: #ff6600;\"><em>meg kell szabadulnod legel\u0151sz\u00f6r is<\/em><\/span><\/p>\n<p><span style=\"color: #ff6600;\"><em>a birtokl\u00e1s v\u00e1gy\u00e1t\u00f3l,<\/em><\/span><\/p>\n<p><span style=\"color: #ff6600;\"><em>mely bet\u00f6lti testedet-lelkedet,<\/em><\/span><\/p>\n<p><span style=\"color: #ff6600;\"><em>eg\u00e9sz val\u00f3dat annyira,<\/em><\/span><\/p>\n<p><span style=\"color: #ff6600;\"><em>hogy miatta nem jut hely sz\u00edvedben<\/em><\/span><\/p>\n<p><span style=\"color: #ff6600;\"><em>magad sz\u00e1m\u00e1ra is,<\/em><\/span><\/p>\n<p><span style=\"color: #ff6600;\"><em>s m\u00e9g kev\u00e9sb\u00e9 az Istennek.<\/em><\/span><\/p>\n<p><em>(Helder Camara \u2013 1909-1999 \u2013 \u00e9rsek)<\/em><\/p>\n","protected":false},"excerpt":{"rendered":"<p>Programel\u0151zetes * Janu\u00e1r 17-\u00e9n, p\u00e9nteken, Stuttgarti d\u00e9lut\u00e1n. 18.00 \u00f3rakor szentmise, el\u0151tte r\u00f3zsaf\u00fcz\u00e9rt im\u00e1dkozunk. * Janu\u00e1r 18-\u00e1n, szombaton, Heidenheimban 15.30 \u00f3rakor\u00a0szentmise, ut\u00e1na agap\u00e9. * Janu\u00e1r 19-\u00e9n, \u00c9vk\u00f6zi 2. vas\u00e1rnap, Ludwigsburgban 9.30 \u00f3rakor szentmise, ut\u00e1na agap\u00e9. Stuttgartban NEM LESZ SZENTMISE!!! Heilbronnban NEM LESZ SZENTMISE!!! Megk\u00e9rlek benneteket, hogy mind Stuttgartb\u00f3l, mind Heilbronnb\u00f3l j\u00f6jjetek \u00e9s vegy\u00fcnk r\u00e9szt a Ludwigsburgban tartand\u00f3 szentmis\u00e9n.\u00a0 \u00a0* \u00a0Minden helyen mindenkit szeretettel v\u00e1r a k\u00f6z\u00f6ss\u00e9g \u00e9s Tibor atya! * (K\u00e9pek forr\u00e1sa: Pixabay) * Bens\u0151s\u00e9ges \u00e9s kellemes \u00faj\u00e9vi napokat, j\u00f3 tal\u00e1lkoz\u00e1sokat \u00e9s sok \u00f6r\u00f6met k\u00edv\u00e1nok minden kedves H\u00edvemnek. * SZABADULJ MEG \u00d6NMAGADT\u00d3L \u00a0 Minden oldalr\u00f3l \u00f6nmagaddal veszed k\u00f6r\u00fcl magad. S hogy megszabadulj \u00f6nmagadt\u00f3l, hidat kell \u00e9p\u00edtened egyed\u00fcll\u00e9ted pill\u00e9reire, melyeket \u00f6nz\u00e9sed alkotott. Pr\u00f3b\u00e1ld meg, tekints ki \u00f6nmagadb\u00f3l, keress valakit, hallgasd meg \u0151t, \u00e9s mindenekel\u0151tt szeress valakit, ahelyett, hogy \u00f6nmagaddal foglalkozn\u00e1l. \u00a0 S ha l\u00e9tezni akarsz, bocs\u00e1ss meg nekem, meg kell szabadulnod legel\u0151sz\u00f6r is a birtokl\u00e1s v\u00e1gy\u00e1t\u00f3l, mely bet\u00f6lti testedet-lelkedet, eg\u00e9sz val\u00f3dat annyira, hogy miatta nem jut hely sz\u00edvedben magad sz\u00e1m\u00e1ra is, s m\u00e9g kev\u00e9sb\u00e9 az Istennek. (Helder Camara \u2013 1909-1999 \u2013 \u00e9rsek)<\/p>\n","protected":false},"author":3,"featured_media":21024,"comment_status":"closed","ping_status":"closed","sticky":false,"template":"","format":"standard","meta":{"footnotes":""},"categories":[37],"tags":[],"class_list":["post-30127","post","type-post","status-publish","format-standard","has-post-thumbnail","hentry","category-progamelozetes"],"yoast_head":"<!-- This site is optimized with the Yoast SEO plugin v27.3 - https:\/\/yoast.com\/product\/yoast-seo-wordpress\/ -->\n<title>2025. JANU\u00c1R 13 \u00c9S 19 K\u00d6Z\u00d6TT - Stuttgarti Katolikusok<\/title>\n<meta name=\"robots\" content=\"index, follow, max-snippet:-1, max-image-preview:large, max-video-preview:-1\" \/>\n<link rel=\"canonical\" href=\"https:\/\/stuttgarti-katolikusok.de\/index.php\/2025-januar-13-es-19-kozott\/\" \/>\n<meta property=\"og:locale\" content=\"hu_HU\" \/>\n<meta property=\"og:type\" content=\"article\" \/>\n<meta property=\"og:title\" content=\"2025. JANU\u00c1R 13 \u00c9S 19 K\u00d6Z\u00d6TT - Stuttgarti Katolikusok\" \/>\n<meta property=\"og:description\" content=\"Programel\u0151zetes * Janu\u00e1r 17-\u00e9n, p\u00e9nteken, Stuttgarti d\u00e9lut\u00e1n. 18.00 \u00f3rakor szentmise, el\u0151tte r\u00f3zsaf\u00fcz\u00e9rt im\u00e1dkozunk. * Janu\u00e1r 18-\u00e1n, szombaton, Heidenheimban 15.30 \u00f3rakor\u00a0szentmise, ut\u00e1na agap\u00e9. * Janu\u00e1r 19-\u00e9n, \u00c9vk\u00f6zi 2. vas\u00e1rnap, Ludwigsburgban 9.30 \u00f3rakor szentmise, ut\u00e1na agap\u00e9. Stuttgartban NEM LESZ SZENTMISE!!! Heilbronnban NEM LESZ SZENTMISE!!! Megk\u00e9rlek benneteket, hogy mind Stuttgartb\u00f3l, mind Heilbronnb\u00f3l j\u00f6jjetek \u00e9s vegy\u00fcnk r\u00e9szt a Ludwigsburgban tartand\u00f3 szentmis\u00e9n.\u00a0 \u00a0* \u00a0Minden helyen mindenkit szeretettel v\u00e1r a k\u00f6z\u00f6ss\u00e9g \u00e9s Tibor atya! * (K\u00e9pek forr\u00e1sa: Pixabay) * Bens\u0151s\u00e9ges \u00e9s kellemes \u00faj\u00e9vi napokat, j\u00f3 tal\u00e1lkoz\u00e1sokat \u00e9s sok \u00f6r\u00f6met k\u00edv\u00e1nok minden kedves H\u00edvemnek. * SZABADULJ MEG \u00d6NMAGADT\u00d3L \u00a0 Minden oldalr\u00f3l \u00f6nmagaddal veszed k\u00f6r\u00fcl magad. S hogy megszabadulj \u00f6nmagadt\u00f3l, hidat kell \u00e9p\u00edtened egyed\u00fcll\u00e9ted pill\u00e9reire, melyeket \u00f6nz\u00e9sed alkotott. Pr\u00f3b\u00e1ld meg, tekints ki \u00f6nmagadb\u00f3l, keress valakit, hallgasd meg \u0151t, \u00e9s mindenekel\u0151tt szeress valakit, ahelyett, hogy \u00f6nmagaddal foglalkozn\u00e1l. \u00a0 S ha l\u00e9tezni akarsz, bocs\u00e1ss meg nekem, meg kell szabadulnod legel\u0151sz\u00f6r is a birtokl\u00e1s v\u00e1gy\u00e1t\u00f3l, mely bet\u00f6lti testedet-lelkedet, eg\u00e9sz val\u00f3dat annyira, hogy miatta nem jut hely sz\u00edvedben magad sz\u00e1m\u00e1ra is, s m\u00e9g kev\u00e9sb\u00e9 az Istennek. (Helder Camara \u2013 1909-1999 \u2013 \u00e9rsek)\" \/>\n<meta property=\"og:url\" content=\"https:\/\/stuttgarti-katolikusok.de\/index.php\/2025-januar-13-es-19-kozott\/\" \/>\n<meta property=\"og:site_name\" content=\"Stuttgarti Katolikusok\" \/>\n<meta property=\"article:published_time\" content=\"2025-01-14T16:22:58+00:00\" \/>\n<meta property=\"article:modified_time\" content=\"2025-01-14T17:01:12+00:00\" \/>\n<meta property=\"og:image\" content=\"https:\/\/stuttgarti-katolikusok.de\/wp-content\/uploads\/2021\/01\/12-apostol.jpg\" \/>\n\t<meta property=\"og:image:width\" content=\"640\" \/>\n\t<meta property=\"og:image:height\" content=\"426\" \/>\n\t<meta property=\"og:image:type\" content=\"image\/jpeg\" \/>\n<meta name=\"author\" content=\"Tibor atya\" \/>\n<meta name=\"twitter:card\" content=\"summary_large_image\" \/>\n<meta name=\"twitter:label1\" content=\"Szerz\u0151:\" \/>\n\t<meta name=\"twitter:data1\" content=\"Tibor atya\" \/>\n\t<meta name=\"twitter:label2\" content=\"Becs\u00fclt olvas\u00e1si id\u0151\" \/>\n\t<meta name=\"twitter:data2\" content=\"2 perc\" \/>\n<script type=\"application\/ld+json\" class=\"yoast-schema-graph\">{\"@context\":\"https:\\\/\\\/schema.org\",\"@graph\":[{\"@type\":\"Article\",\"@id\":\"https:\\\/\\\/stuttgarti-katolikusok.de\\\/index.php\\\/2025-januar-13-es-19-kozott\\\/#article\",\"isPartOf\":{\"@id\":\"https:\\\/\\\/stuttgarti-katolikusok.de\\\/index.php\\\/2025-januar-13-es-19-kozott\\\/\"},\"author\":{\"name\":\"Tibor atya\",\"@id\":\"https:\\\/\\\/stuttgarti-katolikusok.de\\\/#\\\/schema\\\/person\\\/75908d6f8fdc03a57889d27209df7795\"},\"headline\":\"2025. JANU\u00c1R 13 \u00c9S 19 K\u00d6Z\u00d6TT\",\"datePublished\":\"2025-01-14T16:22:58+00:00\",\"dateModified\":\"2025-01-14T17:01:12+00:00\",\"mainEntityOfPage\":{\"@id\":\"https:\\\/\\\/stuttgarti-katolikusok.de\\\/index.php\\\/2025-januar-13-es-19-kozott\\\/\"},\"wordCount\":234,\"image\":{\"@id\":\"https:\\\/\\\/stuttgarti-katolikusok.de\\\/index.php\\\/2025-januar-13-es-19-kozott\\\/#primaryimage\"},\"thumbnailUrl\":\"https:\\\/\\\/stuttgarti-katolikusok.de\\\/wp-content\\\/uploads\\\/2021\\\/01\\\/12-apostol.jpg\",\"articleSection\":[\"Progamel\u0151zetes\"],\"inLanguage\":\"hu\"},{\"@type\":\"WebPage\",\"@id\":\"https:\\\/\\\/stuttgarti-katolikusok.de\\\/index.php\\\/2025-januar-13-es-19-kozott\\\/\",\"url\":\"https:\\\/\\\/stuttgarti-katolikusok.de\\\/index.php\\\/2025-januar-13-es-19-kozott\\\/\",\"name\":\"2025. JANU\u00c1R 13 \u00c9S 19 K\u00d6Z\u00d6TT - Stuttgarti Katolikusok\",\"isPartOf\":{\"@id\":\"https:\\\/\\\/stuttgarti-katolikusok.de\\\/#website\"},\"primaryImageOfPage\":{\"@id\":\"https:\\\/\\\/stuttgarti-katolikusok.de\\\/index.php\\\/2025-januar-13-es-19-kozott\\\/#primaryimage\"},\"image\":{\"@id\":\"https:\\\/\\\/stuttgarti-katolikusok.de\\\/index.php\\\/2025-januar-13-es-19-kozott\\\/#primaryimage\"},\"thumbnailUrl\":\"https:\\\/\\\/stuttgarti-katolikusok.de\\\/wp-content\\\/uploads\\\/2021\\\/01\\\/12-apostol.jpg\",\"datePublished\":\"2025-01-14T16:22:58+00:00\",\"dateModified\":\"2025-01-14T17:01:12+00:00\",\"author\":{\"@id\":\"https:\\\/\\\/stuttgarti-katolikusok.de\\\/#\\\/schema\\\/person\\\/75908d6f8fdc03a57889d27209df7795\"},\"breadcrumb\":{\"@id\":\"https:\\\/\\\/stuttgarti-katolikusok.de\\\/index.php\\\/2025-januar-13-es-19-kozott\\\/#breadcrumb\"},\"inLanguage\":\"hu\",\"potentialAction\":[{\"@type\":\"ReadAction\",\"target\":[\"https:\\\/\\\/stuttgarti-katolikusok.de\\\/index.php\\\/2025-januar-13-es-19-kozott\\\/\"]}]},{\"@type\":\"ImageObject\",\"inLanguage\":\"hu\",\"@id\":\"https:\\\/\\\/stuttgarti-katolikusok.de\\\/index.php\\\/2025-januar-13-es-19-kozott\\\/#primaryimage\",\"url\":\"https:\\\/\\\/stuttgarti-katolikusok.de\\\/wp-content\\\/uploads\\\/2021\\\/01\\\/12-apostol.jpg\",\"contentUrl\":\"https:\\\/\\\/stuttgarti-katolikusok.de\\\/wp-content\\\/uploads\\\/2021\\\/01\\\/12-apostol.jpg\",\"width\":640,\"height\":426},{\"@type\":\"BreadcrumbList\",\"@id\":\"https:\\\/\\\/stuttgarti-katolikusok.de\\\/index.php\\\/2025-januar-13-es-19-kozott\\\/#breadcrumb\",\"itemListElement\":[{\"@type\":\"ListItem\",\"position\":1,\"name\":\"Kezd\u0151lap\",\"item\":\"https:\\\/\\\/stuttgarti-katolikusok.de\\\/\"},{\"@type\":\"ListItem\",\"position\":2,\"name\":\"2025. JANU\u00c1R 13 \u00c9S 19 K\u00d6Z\u00d6TT\"}]},{\"@type\":\"WebSite\",\"@id\":\"https:\\\/\\\/stuttgarti-katolikusok.de\\\/#website\",\"url\":\"https:\\\/\\\/stuttgarti-katolikusok.de\\\/\",\"name\":\"Stuttgarti Katolikusok\",\"description\":\"\",\"potentialAction\":[{\"@type\":\"SearchAction\",\"target\":{\"@type\":\"EntryPoint\",\"urlTemplate\":\"https:\\\/\\\/stuttgarti-katolikusok.de\\\/?s={search_term_string}\"},\"query-input\":{\"@type\":\"PropertyValueSpecification\",\"valueRequired\":true,\"valueName\":\"search_term_string\"}}],\"inLanguage\":\"hu\"},{\"@type\":\"Person\",\"@id\":\"https:\\\/\\\/stuttgarti-katolikusok.de\\\/#\\\/schema\\\/person\\\/75908d6f8fdc03a57889d27209df7795\",\"name\":\"Tibor atya\",\"image\":{\"@type\":\"ImageObject\",\"inLanguage\":\"hu\",\"@id\":\"https:\\\/\\\/secure.gravatar.com\\\/avatar\\\/61d268e57d1f4525b111222e29d2d5a7f8c420fdbf231ba5566a8ceac74fa960?s=96&d=mm&r=g\",\"url\":\"https:\\\/\\\/secure.gravatar.com\\\/avatar\\\/61d268e57d1f4525b111222e29d2d5a7f8c420fdbf231ba5566a8ceac74fa960?s=96&d=mm&r=g\",\"contentUrl\":\"https:\\\/\\\/secure.gravatar.com\\\/avatar\\\/61d268e57d1f4525b111222e29d2d5a7f8c420fdbf231ba5566a8ceac74fa960?s=96&d=mm&r=g\",\"caption\":\"Tibor atya\"},\"url\":\"https:\\\/\\\/stuttgarti-katolikusok.de\\\/index.php\\\/author\\\/tibor-atya\\\/\"}]}<\/script>\n<!-- \/ Yoast SEO plugin. -->","yoast_head_json":{"title":"2025. JANU\u00c1R 13 \u00c9S 19 K\u00d6Z\u00d6TT - Stuttgarti Katolikusok","robots":{"index":"index","follow":"follow","max-snippet":"max-snippet:-1","max-image-preview":"max-image-preview:large","max-video-preview":"max-video-preview:-1"},"canonical":"https:\/\/stuttgarti-katolikusok.de\/index.php\/2025-januar-13-es-19-kozott\/","og_locale":"hu_HU","og_type":"article","og_title":"2025. JANU\u00c1R 13 \u00c9S 19 K\u00d6Z\u00d6TT - Stuttgarti Katolikusok","og_description":"Programel\u0151zetes * Janu\u00e1r 17-\u00e9n, p\u00e9nteken, Stuttgarti d\u00e9lut\u00e1n. 18.00 \u00f3rakor szentmise, el\u0151tte r\u00f3zsaf\u00fcz\u00e9rt im\u00e1dkozunk. * Janu\u00e1r 18-\u00e1n, szombaton, Heidenheimban 15.30 \u00f3rakor\u00a0szentmise, ut\u00e1na agap\u00e9. * Janu\u00e1r 19-\u00e9n, \u00c9vk\u00f6zi 2. vas\u00e1rnap, Ludwigsburgban 9.30 \u00f3rakor szentmise, ut\u00e1na agap\u00e9. Stuttgartban NEM LESZ SZENTMISE!!! Heilbronnban NEM LESZ SZENTMISE!!! Megk\u00e9rlek benneteket, hogy mind Stuttgartb\u00f3l, mind Heilbronnb\u00f3l j\u00f6jjetek \u00e9s vegy\u00fcnk r\u00e9szt a Ludwigsburgban tartand\u00f3 szentmis\u00e9n.\u00a0 \u00a0* \u00a0Minden helyen mindenkit szeretettel v\u00e1r a k\u00f6z\u00f6ss\u00e9g \u00e9s Tibor atya! * (K\u00e9pek forr\u00e1sa: Pixabay) * Bens\u0151s\u00e9ges \u00e9s kellemes \u00faj\u00e9vi napokat, j\u00f3 tal\u00e1lkoz\u00e1sokat \u00e9s sok \u00f6r\u00f6met k\u00edv\u00e1nok minden kedves H\u00edvemnek. * SZABADULJ MEG \u00d6NMAGADT\u00d3L \u00a0 Minden oldalr\u00f3l \u00f6nmagaddal veszed k\u00f6r\u00fcl magad. S hogy megszabadulj \u00f6nmagadt\u00f3l, hidat kell \u00e9p\u00edtened egyed\u00fcll\u00e9ted pill\u00e9reire, melyeket \u00f6nz\u00e9sed alkotott. Pr\u00f3b\u00e1ld meg, tekints ki \u00f6nmagadb\u00f3l, keress valakit, hallgasd meg \u0151t, \u00e9s mindenekel\u0151tt szeress valakit, ahelyett, hogy \u00f6nmagaddal foglalkozn\u00e1l. \u00a0 S ha l\u00e9tezni akarsz, bocs\u00e1ss meg nekem, meg kell szabadulnod legel\u0151sz\u00f6r is a birtokl\u00e1s v\u00e1gy\u00e1t\u00f3l, mely bet\u00f6lti testedet-lelkedet, eg\u00e9sz val\u00f3dat annyira, hogy miatta nem jut hely sz\u00edvedben magad sz\u00e1m\u00e1ra is, s m\u00e9g kev\u00e9sb\u00e9 az Istennek. (Helder Camara \u2013 1909-1999 \u2013 \u00e9rsek)","og_url":"https:\/\/stuttgarti-katolikusok.de\/index.php\/2025-januar-13-es-19-kozott\/","og_site_name":"Stuttgarti Katolikusok","article_published_time":"2025-01-14T16:22:58+00:00","article_modified_time":"2025-01-14T17:01:12+00:00","og_image":[{"width":640,"height":426,"url":"https:\/\/stuttgarti-katolikusok.de\/wp-content\/uploads\/2021\/01\/12-apostol.jpg","type":"image\/jpeg"}],"author":"Tibor atya","twitter_card":"summary_large_image","twitter_misc":{"Szerz\u0151:":"Tibor atya","Becs\u00fclt olvas\u00e1si id\u0151":"2 perc"},"schema":{"@context":"https:\/\/schema.org","@graph":[{"@type":"Article","@id":"https:\/\/stuttgarti-katolikusok.de\/index.php\/2025-januar-13-es-19-kozott\/#article","isPartOf":{"@id":"https:\/\/stuttgarti-katolikusok.de\/index.php\/2025-januar-13-es-19-kozott\/"},"author":{"name":"Tibor atya","@id":"https:\/\/stuttgarti-katolikusok.de\/#\/schema\/person\/75908d6f8fdc03a57889d27209df7795"},"headline":"2025. JANU\u00c1R 13 \u00c9S 19 K\u00d6Z\u00d6TT","datePublished":"2025-01-14T16:22:58+00:00","dateModified":"2025-01-14T17:01:12+00:00","mainEntityOfPage":{"@id":"https:\/\/stuttgarti-katolikusok.de\/index.php\/2025-januar-13-es-19-kozott\/"},"wordCount":234,"image":{"@id":"https:\/\/stuttgarti-katolikusok.de\/index.php\/2025-januar-13-es-19-kozott\/#primaryimage"},"thumbnailUrl":"https:\/\/stuttgarti-katolikusok.de\/wp-content\/uploads\/2021\/01\/12-apostol.jpg","articleSection":["Progamel\u0151zetes"],"inLanguage":"hu"},{"@type":"WebPage","@id":"https:\/\/stuttgarti-katolikusok.de\/index.php\/2025-januar-13-es-19-kozott\/","url":"https:\/\/stuttgarti-katolikusok.de\/index.php\/2025-januar-13-es-19-kozott\/","name":"2025. JANU\u00c1R 13 \u00c9S 19 K\u00d6Z\u00d6TT - Stuttgarti Katolikusok","isPartOf":{"@id":"https:\/\/stuttgarti-katolikusok.de\/#website"},"primaryImageOfPage":{"@id":"https:\/\/stuttgarti-katolikusok.de\/index.php\/2025-januar-13-es-19-kozott\/#primaryimage"},"image":{"@id":"https:\/\/stuttgarti-katolikusok.de\/index.php\/2025-januar-13-es-19-kozott\/#primaryimage"},"thumbnailUrl":"https:\/\/stuttgarti-katolikusok.de\/wp-content\/uploads\/2021\/01\/12-apostol.jpg","datePublished":"2025-01-14T16:22:58+00:00","dateModified":"2025-01-14T17:01:12+00:00","author":{"@id":"https:\/\/stuttgarti-katolikusok.de\/#\/schema\/person\/75908d6f8fdc03a57889d27209df7795"},"breadcrumb":{"@id":"https:\/\/stuttgarti-katolikusok.de\/index.php\/2025-januar-13-es-19-kozott\/#breadcrumb"},"inLanguage":"hu","potentialAction":[{"@type":"ReadAction","target":["https:\/\/stuttgarti-katolikusok.de\/index.php\/2025-januar-13-es-19-kozott\/"]}]},{"@type":"ImageObject","inLanguage":"hu","@id":"https:\/\/stuttgarti-katolikusok.de\/index.php\/2025-januar-13-es-19-kozott\/#primaryimage","url":"https:\/\/stuttgarti-katolikusok.de\/wp-content\/uploads\/2021\/01\/12-apostol.jpg","contentUrl":"https:\/\/stuttgarti-katolikusok.de\/wp-content\/uploads\/2021\/01\/12-apostol.jpg","width":640,"height":426},{"@type":"BreadcrumbList","@id":"https:\/\/stuttgarti-katolikusok.de\/index.php\/2025-januar-13-es-19-kozott\/#breadcrumb","itemListElement":[{"@type":"ListItem","position":1,"name":"Kezd\u0151lap","item":"https:\/\/stuttgarti-katolikusok.de\/"},{"@type":"ListItem","position":2,"name":"2025. JANU\u00c1R 13 \u00c9S 19 K\u00d6Z\u00d6TT"}]},{"@type":"WebSite","@id":"https:\/\/stuttgarti-katolikusok.de\/#website","url":"https:\/\/stuttgarti-katolikusok.de\/","name":"Stuttgarti Katolikusok","description":"","potentialAction":[{"@type":"SearchAction","target":{"@type":"EntryPoint","urlTemplate":"https:\/\/stuttgarti-katolikusok.de\/?s={search_term_string}"},"query-input":{"@type":"PropertyValueSpecification","valueRequired":true,"valueName":"search_term_string"}}],"inLanguage":"hu"},{"@type":"Person","@id":"https:\/\/stuttgarti-katolikusok.de\/#\/schema\/person\/75908d6f8fdc03a57889d27209df7795","name":"Tibor atya","image":{"@type":"ImageObject","inLanguage":"hu","@id":"https:\/\/secure.gravatar.com\/avatar\/61d268e57d1f4525b111222e29d2d5a7f8c420fdbf231ba5566a8ceac74fa960?s=96&d=mm&r=g","url":"https:\/\/secure.gravatar.com\/avatar\/61d268e57d1f4525b111222e29d2d5a7f8c420fdbf231ba5566a8ceac74fa960?s=96&d=mm&r=g","contentUrl":"https:\/\/secure.gravatar.com\/avatar\/61d268e57d1f4525b111222e29d2d5a7f8c420fdbf231ba5566a8ceac74fa960?s=96&d=mm&r=g","caption":"Tibor atya"},"url":"https:\/\/stuttgarti-katolikusok.de\/index.php\/author\/tibor-atya\/"}]}},"_links":{"self":[{"href":"https:\/\/stuttgarti-katolikusok.de\/index.php\/wp-json\/wp\/v2\/posts\/30127","targetHints":{"allow":["GET"]}}],"collection":[{"href":"https:\/\/stuttgarti-katolikusok.de\/index.php\/wp-json\/wp\/v2\/posts"}],"about":[{"href":"https:\/\/stuttgarti-katolikusok.de\/index.php\/wp-json\/wp\/v2\/types\/post"}],"author":[{"embeddable":true,"href":"https:\/\/stuttgarti-katolikusok.de\/index.php\/wp-json\/wp\/v2\/users\/3"}],"replies":[{"embeddable":true,"href":"https:\/\/stuttgarti-katolikusok.de\/index.php\/wp-json\/wp\/v2\/comments?post=30127"}],"version-history":[{"count":4,"href":"https:\/\/stuttgarti-katolikusok.de\/index.php\/wp-json\/wp\/v2\/posts\/30127\/revisions"}],"predecessor-version":[{"id":30141,"href":"https:\/\/stuttgarti-katolikusok.de\/index.php\/wp-json\/wp\/v2\/posts\/30127\/revisions\/30141"}],"wp:featuredmedia":[{"embeddable":true,"href":"https:\/\/stuttgarti-katolikusok.de\/index.php\/wp-json\/wp\/v2\/media\/21024"}],"wp:attachment":[{"href":"https:\/\/stuttgarti-katolikusok.de\/index.php\/wp-json\/wp\/v2\/media?parent=30127"}],"wp:term":[{"taxonomy":"category","embeddable":true,"href":"https:\/\/stuttgarti-katolikusok.de\/index.php\/wp-json\/wp\/v2\/categories?post=30127"},{"taxonomy":"post_tag","embeddable":true,"href":"https:\/\/stuttgarti-katolikusok.de\/index.php\/wp-json\/wp\/v2\/tags?post=30127"}],"curies":[{"name":"wp","href":"https:\/\/api.w.org\/{rel}","templated":true}]}}