{"id":30118,"date":"2025-01-10T23:39:58","date_gmt":"2025-01-10T22:39:58","guid":{"rendered":"https:\/\/stuttgarti-katolikusok.de\/?p=30118"},"modified":"2025-01-10T23:39:58","modified_gmt":"2025-01-10T22:39:58","slug":"urunk-megkeresztelkedese-2","status":"publish","type":"post","link":"https:\/\/stuttgarti-katolikusok.de\/index.php\/urunk-megkeresztelkedese-2\/","title":{"rendered":"Urunk megkeresztelked\u00e9se"},"content":{"rendered":"<p align=\"justify\"><span style=\"color: #ff6600;\"><em>Urunk megkeresztelked\u00e9s\u00e9nek \u00fcnnepe egyfajta felh\u00edv\u00e1s a Krisztus-h\u00edv\u0151 ember sz\u00e1m\u00e1ra. Ezt alapozza meg a szentmise k\u00f6ny\u00f6rg\u00e9se. &#8222;Add, hogy mindig kedved telj\u00e9k benn\u00fcnk, fogadott gyermekeidben, akik \u00fajj\u00e1sz\u00fclett\u00fcnk v\u00edzb\u0151l \u00e9s Szentl\u00e9lekb\u0151l.&#8221;<\/em><\/span><\/p>\n<p align=\"justify\"><span style=\"color: #ff6600;\"><em>A sz\u00fcl\u0151 \u00f6r\u00f6k \u00e1lma \u00e9s v\u00e1gya, hogy gyermeke tov\u00e1bb tudja vinni azt, amit \u0151 is k\u00e9pvisel, amiben hisz. A sport vil\u00e1g\u00e1ban sz\u00e1mtalan olyan sz\u00fcl\u0151r\u0151l tudunk, aki mindent megtesz az\u00e9rt, hogy gyermeke tov\u00e1bb \u00e1lmodja az \u0151 \u00e1lm\u00e1t. Amikor pedig mindez teljes\u00fcl, nincs is n\u00e1la boldogabb sz\u00fcl\u0151. \u00c9ppen a napokban l\u00e1ttam egy podcast-ot, ahol h\u00edres magyar focista \u00e9desany\u00e1k vallottak \u00e9let\u00fckr\u0151l \u00e9s arr\u00f3l az \u00e1ldozatr\u00f3l, amelyet gyermekeik \u00e1lm\u00e1nak val\u00f3ra v\u00e1l\u00e1s\u00e1\u00e9rt megtettek. Boldogan tett\u00e9k, mert kedv\u00fck telt gyermek\u00fckben.<\/em><\/span><\/p>\n<p align=\"justify\"><span style=\"color: #ff6600;\"><em>\u00c9ljek \u00fagy Isten gyermek\u00e9nt, hogy mennyei Aty\u00e1mnak kedve telj\u00e9k bennem!\u00a0 \u00c9letre sz\u00f3l\u00f3 kih\u00edv\u00e1s ez! Hogyan lehets\u00e9ges? Csakis \u00fagy, hogy \u00fajj\u00e1sz\u00fclet\u00fcnk v\u00edzb\u0151l \u00e9s Szentl\u00e9lekb\u0151l. Hagyjuk, hogy mennyei Aty\u00e1nk el\u00e1rasszon v\u00e9gtelen szeretet\u00e9vel.\u00a0<\/em><\/span><\/p>\n<p align=\"justify\"><span style=\"color: #ff6600;\"><em>Tegyem magam m\u00e9lt\u00f3v\u00e1 erre a szeretetre!<\/em><\/span><\/p>\n<p><span style=\"color: #008000;\">Kezd\u0151\u00e9nek:<\/span><br \/>\nAz \u00dar megkeresztelked\u00e9se ut\u00e1n megny\u00edlt az \u00e9g, a Szentl\u00e9lek galamb k\u00e9p\u00e9ben r\u00e1sz\u00e1llott, \u00e9s az Atya szava hallatszott: \u201eEz az \u00e9n szeretett Fiam, akiben kedvem telik!\u201d (V\u00f6. Mt 3,16-17)<\/p>\n<p><span style=\"color: #008000;\">K\u00f6ny\u00f6rg\u00e9s:<\/span><br \/>\nMindenhat\u00f3, \u00f6r\u00f6k Isten, te \u00fcnnep\u00e9lyesen kinyilatkoztattad nek\u00fcnk Krisztust mint szeretett Fiadat, amikor megkeresztelkedett a Jord\u00e1n foly\u00f3ban \u00e9s lesz\u00e1llt r\u00e1 a Szentl\u00e9lek. Add, hogy mindig kedved telj\u00e9k benn\u00fcnk, fogadott gyermekeidben, akik \u00fajj\u00e1sz\u00fclett\u00fcnk v\u00edzb\u0151l \u00e9s Szentl\u00e9lekb\u0151l. A mi Urunk, J\u00e9zus Krisztus, a te Fiad \u00e1ltal, aki veled \u00e9l \u00e9s uralkodik a Szentl\u00e9lekkel egys\u00e9gben, Isten mind\u00f6r\u00f6kk\u00f6n \u00f6r\u00f6kk\u00e9.<br \/>\n<span style=\"color: #008000;\"><em>Vagy<\/em><\/span><br \/>\nIsten\u00fcnk, egysz\u00fcl\u00f6tt Fiad hozz\u00e1nk hasonl\u00f3 emberi testben jelent meg. Add, k\u00e9r\u00fcnk, hogy bens\u0151leg alak\u00edtson \u00fajj\u00e1 minket J\u00e9zus, aki k\u00fclsej\u00e9t tekintve hasonl\u00f3 lett hozz\u00e1nk. Aki veled \u00e9l \u00e9s uralkodik a Szentl\u00e9lekkel egys\u00e9gben, Isten mind\u00f6r\u00f6kk\u00f6n \u00f6r\u00f6kk\u00e9.<\/p>\n<p align=\"justify\"><span style=\"color: #008000;\">OLVASM\u00c1NY Izaj\u00e1s pr\u00f3f\u00e9ta k\u00f6nyv\u00e9b\u0151l (Iz 42,1-4.6-7)<\/span><br \/>\n<em>\u00cdme az \u00e9n szolg\u00e1m, akiben kedvem telik.<\/em><br \/>\nEzt mondja az \u00dar: \u00cdme, az \u00e9n szolg\u00e1m, akit t\u00e1mogatok, v\u00e1lasztottam, akiben kedvem telik. Ki\u00e1rasztom r\u00e1 lelkemet, \u00e9s igazs\u00e1got visz a nemzeteknek. Nem ki\u00e1lt majd, nem emeli f\u00f6l a hangj\u00e1t, \u00e9s szava se hallatszik az utc\u00e1kon. A megt\u00f6rt n\u00e1dsz\u00e1lat nem t\u00f6ri \u00f6ssze, a pisl\u00e1kol\u00f3 m\u00e9csbelet nem oltja ki. H\u0171s\u00e9gesen tan\u00edtja az igazs\u00e1got, nem lankad el, sem kedv\u00e9t el nem veszti, m\u00edg az igazs\u00e1got meg nem szil\u00e1rd\u00edtja a f\u00f6ld\u00f6n. Az \u0151 tan\u00edt\u00e1s\u00e1ra v\u00e1rnak a nemzetek.<br \/>\n\u00c9n, az \u00dar h\u00edvtalak meg igazs\u00e1gban, \u00e9n fogtam meg a kezed \u00e9s \u00e9n form\u00e1ltalak. \u00c1ltalad k\u00f6t\u00f6k sz\u00f6vets\u00e9get n\u00e9pemmel, \u00e9s adok vil\u00e1goss\u00e1got a nemzeteknek, hogy nyisd meg a vakok szem\u00e9t, \u00e9s szabad\u00edtsd ki a b\u00f6rt\u00f6nb\u0151l a foglyokat, \u00e9s a t\u00f6ml\u00f6cb\u0151l azokat, akik a s\u00f6t\u00e9tben \u00fclnek.<br \/>\nEz az Isten ig\u00e9je.<\/p>\n<p><span style=\"color: #008000;\"><em>vagy<\/em><\/span><\/p>\n<p><span style=\"color: #008000;\">OLVASM\u00c1NY Izaj\u00e1s pr\u00f3f\u00e9ta k\u00f6nyv\u00e9b\u0151l (Iz 40,1-5.9-11)<\/span><br \/>\n<em>Mindenki megl\u00e1tja majd az \u00dar dics\u0151s\u00e9g\u00e9t.<\/em><br \/>\n\u201eVigasztalj\u00e1tok meg n\u00e9pemet, vigasztalj\u00e1tok meg\u201d \u2013 ezt mondja Istenetek.<br \/>\n\u201eSz\u00f3ljatok Jeruzs\u00e1lem sz\u00edv\u00e9hez \u00e9s ki\u00e1lts\u00e1tok oda neki: V\u00e9get \u00e9rt szolgas\u00e1g\u00e1nak ideje, bocs\u00e1natot nyert gonoszs\u00e1ga, hiszen k\u00e9tszeresen s\u00fajtotta az \u00dar keze minden b\u0171n\u00e9\u00e9rt.\u201d<br \/>\nEgy hang ki\u00e1lt: \u201eK\u00e9sz\u00edtsetek utat az \u00darnak a puszt\u00e1ban, egyengess\u00e9tek Isten\u00fcnk \u00f6sv\u00e9ny\u00e9t a sivatagon \u00e1t. Minden v\u00f6lgy emelkedj\u00e9k f\u00f6l, minden hegy \u00e9s halom s\u00fcllyedjen al\u00e1. Ami egyenetlen, v\u00e1lj\u00e9k egyeness\u00e9, \u00e9s sima \u00fatt\u00e1, ami g\u00f6r\u00f6ngy\u00f6s. Akkor megnyilv\u00e1nul az \u00dar dics\u0151s\u00e9ge, \u00e9s megl\u00e1tj\u00e1k azt mindenek. Igen, az \u00dar sz\u00e1ja mondta ezt \u00edgy.\u201d<br \/>\nMenj f\u00f6l egy magas hegyre, te, ki j\u00f3 h\u00edrt viszel Sionnak, emeld f\u00f6l er\u0151sen hangodat, te, aki j\u00f3 h\u00edrt viszel Jeruzs\u00e1lemnek. Emeld f\u00f6l hangodat! Ne f\u00e9lj! Hirdesd Juda v\u00e1rosainak:<br \/>\n\u201e\u00cdme, a ti Istenetek! Isten, az \u00dar, \u00edme, elj\u00f6n hatalommal, karj\u00e1val mindent uralma al\u00e1 vet. Vele van gy\u0151zelm\u00e9nek jutalma, \u00e9s sz\u00edne el\u0151tt a b\u0151s\u00e9ges zs\u00e1km\u00e1ny. \u00dagy legelteti ny\u00e1j\u00e1t, mint a p\u00e1sztor. Karjaiba veszi b\u00e1r\u00e1nyait, \u00f6l\u00e9ben hordozza \u0151ket, az anyajuhokat pedig nagy gonddal vezeti.\u201d<br \/>\nEz az Isten ig\u00e9je.<\/p>\n<p align=\"justify\">\n<span style=\"color: #008000;\">V\u00c1LASZOS ZSOLT\u00c1R (Zsolt 28,1a \u00e9s 2.3ac-4.3b. \u00e9s 9b-10 v. 103,1b-2.3-4.24-25.27-28.29-30)<\/span><br \/>\nV\u00e1lasz:\u00a0<strong>\u00c1ldja meg Isten\u00a0<u>az<\/u>\u00a0\u0151 n\u00e9p\u00e9t, * adjon neki b\u00e9kess\u00e9<u>get<\/u>.<\/strong>\u00a0V\u00f6. 11 b. vers. (4 g. t\u00f3nus)<br \/>\nEl\u0151\u00e9nekes: Adj\u00e1tok\u00a0<u>meg<\/u>\u00a0az \u00darnak, * Isten gyermeke<u>i<\/u>,<br \/>\nadj\u00e1tok meg az \u00darnak a nev\u00e9t megillet\u0151\u00a0<u>di<\/u>cs\u0151s\u00e9get, * im\u00e1dj\u00e1tok az Urat szent \u00fcnnepi d\u00edsz<u>ben<\/u>!<br \/>\nH\u00edvek:\u00a0<strong>\u00c1ldja meg Isten\u00a0<u>az<\/u>\u00a0\u0151 n\u00e9p\u00e9t, * adjon neki b\u00e9kess\u00e9<u>get<\/u>.<\/strong><br \/>\nE: Az \u00dar szava z\u00fag a\u00a0<u>vi<\/u>zek \u00e1rj\u00e1n, * az \u00dar lebeg a nagy vizek f\u00f6<u>l\u00f6tt<\/u>.<br \/>\nAz \u00dar szava\u00a0<u>tel<\/u>ve er\u0151vel, * az \u00dar szava telve f\u00f6n<u>s\u00e9g<\/u>gel.<br \/>\nH:\u00a0<strong>\u00c1ldja meg Isten\u00a0<u>az<\/u>\u00a0\u0151 n\u00e9p\u00e9t, * adjon neki b\u00e9kess\u00e9<u>get<\/u>.<\/strong><br \/>\nE: A dics\u0151s\u00e9g Is<u>te<\/u>ne mennyd\u00f6r\u00f6g, * templom\u00e1ban mindenek az \u0151 dics\u00e9ret\u00e9t zen<u>gik<\/u>.<br \/>\nAz \u00dar tr\u00f3nol a v\u00edz<u>\u00f6<\/u>z\u00f6n f\u00f6l\u00f6tt, * az \u00dar kir\u00e1ly \u00f6r\u00f6k<u>k\u00e9<\/u>.<br \/>\nH:\u00a0<strong>\u00c1ldja meg Isten\u00a0<u>az<\/u>\u00a0\u0151 n\u00e9p\u00e9t, * adjon neki b\u00e9kess\u00e9<u>get<\/u>.<\/strong><\/p>\n<p><span style=\"color: #008000;\"><em>vagy<\/em><\/span><\/p>\n<p>V\u00e1lasz:\u00a0<strong>Mondj \u00e1ld\u00e1st lelkem az\u00a0<u>\u00dar<\/u>nak, * mert csod\u00e1latos\u00a0<u>az<\/u>\u00a0\u0151 nagys\u00e1ga.<\/strong>\u00a0(8 G. t\u00f3nus)<br \/>\nEl\u0151\u00e9nekes: Uram, Istenem, csod\u00e1latos a te\u00a0<u>nagy<\/u>s\u00e1god, * fens\u00e9gbe \u00e9s \u00e9kes<u>s\u00e9g<\/u>be \u00f6lt\u00f6z\u00f6l.<br \/>\nSug\u00e1rz\u00f3 f\u00e9ny a te\u00a0<u>k\u00f6n<\/u>t\u00f6s\u00f6d, * kifesz\u00edted az eget,\u00a0<u>mint<\/u>\u00a0egy s\u00e1tort.<br \/>\nH\u00edvek:\u00a0<strong>Mondj \u00e1ld\u00e1st lelkem az\u00a0<u>\u00dar<\/u>nak, * mert csod\u00e1latos\u00a0<u>az<\/u>\u00a0\u0151 nagys\u00e1ga.<\/strong><br \/>\nE: Vizek f\u00f6l\u00f6tt \u00e1ll a te\u00a0<u>ott<\/u>honod, \u2020 a felh\u0151ket fogatul\u00a0<u>hasz<\/u>n\u00e1lod, * \u00e9s tovasz\u00e1llsz a\u00a0<u>sze<\/u>lek sz\u00e1rny\u00e1n.<br \/>\nK\u00f6vetedd\u00e9 teszed a\u00a0<u>sze<\/u>leket, * \u00e9s szolg\u00e1dd\u00e1 a\u00a0<u>t\u00fc<\/u>zes vill\u00e1mot.<br \/>\nH:\u00a0<strong>Mondj \u00e1ld\u00e1st lelkem az\u00a0<u>\u00dar<\/u>nak, * mert csod\u00e1latos\u00a0<u>az<\/u>\u00a0\u0151 nagys\u00e1ga.<\/strong><br \/>\nE: Mily sz\u00e1mosak a te m\u0171veid, U<u>ram<\/u>, \u2020 b\u00f6lcsess\u00e9ggel alkott\u00e1l\u00a0<u>min<\/u>dent, * teremtm\u00e9nyeid bet\u00f6l<u>tik<\/u>\u00a0a f\u00f6ldet.<br \/>\nMily nagy \u00e9s sz\u00e9les a ten<u>ger<\/u>, \u2020 megsz\u00e1ml\u00e1lhatatlan \u00e9l\u0151l\u00e9ny ny\u00fczs\u00f6g\u00a0<u>ben<\/u>ne: * kicsiny \u00e9s ha<u>tal<\/u>mas \u00e1llatok.<br \/>\nH:\u00a0<strong>Mondj \u00e1ld\u00e1st lelkem az\u00a0<u>\u00dar<\/u>nak, * mert csod\u00e1latos\u00a0<u>az<\/u>\u00a0\u0151 nagys\u00e1ga.<\/strong><br \/>\nE: Mindenek t\u0151led\u00a0<u>v\u00e1r<\/u>j\u00e1k, * hogy enni\u00f6k adj a\u00a0<u>kel<\/u>l\u0151 id\u0151ben.<br \/>\n\u00d6sszegy\u0171jtik, amit nekik\u00a0<u>jut<\/u>tatsz, * megnyitod kezedet, \u00e9s eltelnek\u00a0<u>min<\/u>den j\u00f3val.<br \/>\nH:\u00a0<strong>Mondj \u00e1ld\u00e1st lelkem az\u00a0<u>\u00dar<\/u>nak, * mert csod\u00e1latos\u00a0<u>az<\/u>\u00a0\u0151 nagys\u00e1ga.<\/strong><br \/>\nE: De megzavarodnak, ha elford\u00edtod\u00a0<u>ar<\/u>codat, * elpusztulnak \u00e9s a porba t\u00e9rnek, ha megvonod \u00e9l<u>te<\/u>t\u0151 er\u0151det.<br \/>\n\u00c1m, ha \u00fajra ki\u00e1rasztod lelkedet, \u00e9letre\u00a0<u>kel<\/u>nek, * \u00e9s a f\u00f6ld sz\u00edn\u00e9t\u00a0<u>meg<\/u>\u00faj\u00edtod.<br \/>\nH:\u00a0<strong>Mondj \u00e1ld\u00e1st lelkem az\u00a0<u>\u00dar<\/u>nak, * mert csod\u00e1latos\u00a0<u>az<\/u>\u00a0\u0151 nagys\u00e1ga.<\/strong><\/p>\n<p align=\"justify\"><span style=\"color: #008000;\">SZENTLECKE az Apostolok Cselekedeteib\u0151l (ApCsel 10,34-38)<\/span><br \/>\n<em>Isten f\u00f6lkente a n\u00e1z\u00e1reti J\u00e9zust Szentl\u00e9lekkel.<\/em><br \/>\nKorn\u00e9liusz (sz\u00e1zados) h\u00e1z\u00e1ban P\u00e9ter sz\u00f3l\u00e1sra nyitotta ajk\u00e1t, \u00e9s ezeket mondta: \u201eVal\u00f3ban el kell ismernem, hogy Isten nem szem\u00e9lyv\u00e1logat\u00f3. Mindenki kedves el\u0151tte, b\u00e1rmely n\u00e9phez tartozik is, aki f\u00e9li \u0151t \u00e9s az igazs\u00e1got cselekszi. Isten a tan\u00edt\u00e1st Izrael fiainak adta, \u00e9s a b\u00e9ke \u00f6r\u00f6mh\u00edr\u00e9t hirdette J\u00e9zus \u00e1ltal. \u0150 a mindens\u00e9g Ura.<br \/>\nTi tudj\u00e1tok, hogy mi minden t\u00f6rt\u00e9nt Galile\u00e1t\u00f3l eg\u00e9sz Jude\u00e1ig att\u00f3l kezdve, hogy J\u00e1nos hirdette a kereszts\u00e9get: Hogyan kente fel az Isten a n\u00e1z\u00e1reti J\u00e9zust Szentl\u00e9lekkel \u00e9s hatalommal. \u0150 pedig, amerre csak j\u00e1rt, j\u00f3tetteket vitt v\u00e9gbe, \u00e9s meggy\u00f3gy\u00edtott minden \u00f6rd\u00f6gt\u0151l megsz\u00e1llottat, mert vele volt az Isten.\u201d<br \/>\nEz az Isten ig\u00e9je.<\/p>\n<p><span style=\"color: #008000;\"><em>vagy<\/em><\/span><\/p>\n<p><span style=\"color: #008000;\">SZENTLECKE Szent P\u00e1l apostolnak Tituszhoz \u00edrt level\u00e9b\u0151l (Tit 2,11-14;3,4-7)<\/span><br \/>\n<em>Isten megmentett minket a Szentl\u00e9lekben val\u00f3 \u00fajj\u00e1sz\u00fclet\u00e9s \u00e9s meg\u00fajul\u00e1s f\u00fcrd\u0151j\u00e9ben.<\/em><br \/>\nTestv\u00e9reim!<br \/>\nIsten \u00fcdv\u00f6z\u00edt\u0151 kegyelme megnyilv\u00e1nult minden ember sz\u00e1m\u00e1ra, \u00e9s arra tan\u00edt minket, hogy szak\u00edtsunk az istentelens\u00e9ggel \u00e9s az evil\u00e1gi v\u00e1gyakkal. \u00c9lj\u00fcnk becs\u00fcletesen, buzg\u00f3n \u00e9s szent\u00fcl ezen a vil\u00e1gon. V\u00e1rjuk rem\u00e9ny\u00fcnk boldog beteljesed\u00e9s\u00e9t: nagy Isten\u00fcnknek \u00e9s \u00dcdv\u00f6z\u00edt\u0151nknek, J\u00e9zus Krisztusnak dics\u0151s\u00e9ges elj\u00f6vetel\u00e9t. Hiszen \u0151 \u00f6nmag\u00e1t adta \u00e9rt\u00fcnk, hogy minket minden gonoszs\u00e1gt\u00f3l megv\u00e1ltson, megtiszt\u00edtson, \u00e9s j\u00f3tettekben buzg\u00f3lkod\u00f3, v\u00e1lasztott n\u00e9p\u00e9v\u00e9 tegyen.<br \/>\nAmikor \u00dcdv\u00f6z\u00edt\u0151 Isten\u00fcnk kinyilv\u00e1n\u00edtotta j\u00f3s\u00e1g\u00e1t \u00e9s emberszeretet\u00e9t, megmentett minket; nem az\u00e9rt, mert igazak voltak tetteink, hanem irgalmass\u00e1gb\u00f3l, a Szentl\u00e9lekben val\u00f3 \u00fajj\u00e1sz\u00fclet\u00e9s \u00e9s meg\u00fajul\u00e1s f\u00fcrd\u0151j\u00e9ben.<br \/>\nB\u0151s\u00e9ggel \u00e1rasztotta re\u00e1nk a Szentlelket J\u00e9zus Krisztus, a mi \u00dcdv\u00f6z\u00edt\u0151nk \u00e1ltal, hogy kegyelm\u00e9vel igaz \u00e9letet \u00e9lj\u00fcnk, \u00e9s az \u00f6r\u00f6k \u00e9let rem\u00e9nye legyen oszt\u00e1lyr\u00e9sz\u00fcnk.<br \/>\nEz az Isten ig\u00e9je.<\/p>\n<p align=\"justify\">\n<span style=\"color: #008000;\">ALLELUJA<\/span><br \/>\nElj\u00f6n az, aki hatalmasabb n\u00e1lam \u2013 mondja Keresz<u>te<\/u>l\u0151 J\u00e1nos, * \u0151 majd Szentl\u00e9lekkel \u00e9s t\u0171zzel keresztel meg ti<u>te<\/u>ket. V\u00f6. Lk 3,16 \u2013 4g. t\u00f3nus.<\/p>\n<p align=\"justify\"><span style=\"color: #008000;\">\u2020 EVANG\u00c9LIUM Szent Luk\u00e1cs k\u00f6nyv\u00e9b\u0151l (Lk 3,15-16.21-22)<\/span><br \/>\n<em>Amikor J\u00e9zus megkeresztelkedett \u00e9s im\u00e1dkozott, megny\u00edlt az \u00e9g.<\/em><br \/>\nAbban az id\u0151ben:<br \/>\nA n\u00e9p fesz\u00fclten v\u00e1rakozott. Mindny\u00e1jan azon t\u00f6prengtek magukban, vajon nem J\u00e1nos-e a Krisztus. Ez\u00e9rt J\u00e1nos \u00edgy sz\u00f3lt hozz\u00e1juk: \u201e\u00c9n csak v\u00edzzel keresztellek benneteket. De elj\u00f6n, aki hatalmasabb n\u00e1lam, akinek sarusz\u00edj\u00e1t sem vagyok m\u00e9lt\u00f3 megoldani. \u0150 majd Szentl\u00e9lekkel \u00e9s t\u0171zzel fog titeket megkeresztelni.<br \/>\nEkkor t\u00f6rt\u00e9nt, hogy amikor a n\u00e9p keresztelkedni ment, J\u00e9zus is megkeresztelkedett. Mik\u00f6zben im\u00e1dkozott, megny\u00edlt az \u00e9g, \u00e9s a Szentl\u00e9lek lesz\u00e1llt r\u00e1 l\u00e1that\u00f3 alakban, mint egy galamb. Sz\u00f3zat is hallatszott az \u00e9gb\u0151l: \u201eTe vagy az \u00e9n szeretett Fiam, benned telik kedvem.\u201d<br \/>\nEzek az evang\u00e9lium ig\u00e9i.<\/p>\n<p><span style=\"color: #008000;\">EGYETEMES K\u00d6NY\u00d6RG\u00c9SEK<\/span><br \/>\nPap: Im\u00e1dkozzunk, testv\u00e9reim, hogy a vil\u00e1g megl\u00e1ssa benn\u00fcnk Isten kedves gyermekeit!<br \/>\nLektor:1. Add, Urunk, hogy J\u00e9zus lelk\u00fclet\u00e9vel k\u00f6zeledj\u00fcnk az emberekhez,<br \/>\nH\u00edvek: K\u00e9r\u00fcnk T\u00e9ged, hallgass meg minket!<br \/>\n2. Add, Urunk, Krisztus lelk\u00fclet\u00e9t p\u00fcsp\u00f6keinknek, papjainknak \u00e9s mindazoknak, akik seg\u00edtik munk\u00e1jukat!<br \/>\nH\u00edvek: K\u00e9r\u00fcnk T\u00e9ged, hallgass meg minket!<br \/>\n3. Add, Urunk, hogy a n\u00e9pek \u00e9s a fajok k\u00f6z\u00f6tt megsz\u0171nj\u00e9k minden igazs\u00e1gtalan megk\u00fcl\u00f6nb\u00f6ztet\u00e9s!<br \/>\nH\u00edvek: K\u00e9r\u00fcnk T\u00e9ged, hallgass meg minket!<br \/>\n4. Add, Urunk, hogy J\u00e9zushoz hasonl\u00f3an mi is mindenben teljes\u00edts\u00fck szent akaratodat!<br \/>\nH\u00edvek: K\u00e9r\u00fcnk T\u00e9ged, hallgass meg minket!<br \/>\n5. Add, Urunk, hogy minden megkeresztelt gyermek meg\u0151rizze a fogadott fi\u00fas\u00e1g kegyelm\u00e9t!<br \/>\nH\u00edvek: K\u00e9r\u00fcnk T\u00e9ged, hallgass meg minket!<br \/>\nPap: Isten\u00fcnk! Te a mai napon kinyilv\u00e1n\u00edtottad, hogy J\u00e9zus a te szeretett Fiad. Add, hogy akik a kereszts\u00e9gben vele eggy\u00e9 lett\u00fcnk, mindv\u00e9gig h\u0171s\u00e9ges gyermekeid maradjunk! Krisztus, a mi Urunk \u00e1ltal.<br \/>\nH\u00edvek: \u00c1men.<\/p>\n<p><span style=\"color: #008000;\">Felaj\u00e1nl\u00f3 k\u00f6ny\u00f6rg\u00e9s:<\/span><br \/>\nFogadd el, Urunk, \u00e1ldozati adom\u00e1nyainkat, amelyeket szent Fiad megkeresztelked\u00e9s\u00e9nek \u00fcnnep\u00e9n el\u00e9d hozunk. K\u00e9r\u00fcnk, hogy h\u00edveid adom\u00e1nya annak \u00e1ldozat\u00e1v\u00e1 v\u00e1lj\u00e9k, aki irgalmass\u00e1g\u00e1ban a vil\u00e1g b\u0171neit elt\u00f6r\u00f6lte. Aki \u00e9l \u00e9s uralkodik mind\u00f6r\u00f6kk\u00f6n \u00f6r\u00f6kk\u00e9.<\/p>\n<p><span style=\"color: #008000;\">Pref\u00e1ci\u00f3:<\/span><br \/>\nAz \u00dar legyen veletek.<br \/>\nH.: \u00c9s a te lelkeddel.<br \/>\nEmelj\u00fck f\u00f6l sz\u00edv\u00fcnket.<br \/>\nH.: F\u00f6lemelt\u00fck az \u00darhoz.<br \/>\nAdjunk h\u00e1l\u00e1t Urunknak, Isten\u00fcnknek.<br \/>\nH.: M\u00e9lt\u00f3 \u00e9s igazs\u00e1gos.<br \/>\n(Mert) Val\u00f3ban m\u00e9lt\u00f3 \u00e9s igazs\u00e1gos, ill\u0151 \u00e9s \u00fcdv\u00f6s, hogy mindig \u00e9s minden\u00fctt h\u00e1l\u00e1t adjunk n\u00e9ked, \u2013 mi Urunk, szents\u00e9ges ATy\u00e1nk, mindenhat\u00f3 \u00f6r\u00f6k Isten:<br \/>\nTe csod\u00e1latos jelekkel vetted k\u00f6r\u00fcl J\u00e9zust, amikor megkeresztelkedett a Jord\u00e1n viz\u00e9ben: \u2013 mennyei sz\u00f3zatod HIRdette, hogy Ig\u00e9d itt lakik k\u00f6zt\u00fcnk.<br \/>\nA galamb k\u00e9p\u00e9ben lesz\u00e1ll\u00f3 L\u00e9lek tan\u00fas\u00e1got tett arr\u00f3l, hogy Krisztust, a te szolg\u00e1dat az \u00f6r\u00f6m olaj\u00e1val f\u00f6lkented, \u2013 \u00e9s a szeg\u00e9nyekhez K\u00dcLDted az \u00fcdv\u00f6ss\u00e9g j\u00f3 h\u00edr\u00e9vel.<br \/>\n(\u00c9s) Ez\u00e9rt az \u00e9gi er\u0151kkel egy\u00fctt sz\u00fcntelen\u00fcl magasztalunk a f\u00f6ld\u00f6n, \u2014 f\u00f6ls\u00e9gedet dics\u00e9rj\u00fck, \u00e9s hangos sz\u00f3val v\u00e9g n\u00e9lk\u00fcl mondjuk (zengj\u00fck):<\/p>\n<p><span style=\"color: #008000;\">\u00c1ldoz\u00e1si \u00e9nek:<\/span><br \/>\n\u00cdme, \u0151 az, akir\u0151l J\u00e1nos mondta: \u00c9n l\u00e1ttam, \u00e9s tan\u00fas\u00e1got teszek r\u00f3la, hogy \u0151 az Isten Fia! (Jn 1,32.34)<\/p>\n<p><span style=\"color: #008000;\">\u00c1ldoz\u00e1s ut\u00e1ni k\u00f6ny\u00f6rg\u00e9s:<\/span><br \/>\nSzent lakom\u00e1dban r\u00e9szes\u00fclve, Urunk, k\u00f6ny\u00f6r\u00f6gve k\u00e9r\u00fcnk, hogy Egysz\u00fcl\u00f6ttedet h\u0171s\u00e9gesen hallgatva gyermekeidnek h\u00edvjanak minket, \u00e9s val\u00f3ban azok is legy\u00fcnk. Krisztus, a mi Urunk \u00e1ltal.<\/p>\n","protected":false},"excerpt":{"rendered":"<p>Urunk megkeresztelked\u00e9s\u00e9nek \u00fcnnepe egyfajta felh\u00edv\u00e1s a Krisztus-h\u00edv\u0151 ember sz\u00e1m\u00e1ra. Ezt alapozza meg a szentmise k\u00f6ny\u00f6rg\u00e9se. &#8222;Add, hogy mindig kedved telj\u00e9k benn\u00fcnk, fogadott gyermekeidben, akik \u00fajj\u00e1sz\u00fclett\u00fcnk v\u00edzb\u0151l \u00e9s Szentl\u00e9lekb\u0151l.&#8221; A sz\u00fcl\u0151 \u00f6r\u00f6k \u00e1lma \u00e9s v\u00e1gya, hogy gyermeke tov\u00e1bb tudja vinni azt, amit \u0151 is k\u00e9pvisel, amiben hisz. A sport vil\u00e1g\u00e1ban sz\u00e1mtalan olyan sz\u00fcl\u0151r\u0151l tudunk, aki mindent megtesz az\u00e9rt, hogy gyermeke tov\u00e1bb \u00e1lmodja az \u0151 \u00e1lm\u00e1t. Amikor pedig mindez teljes\u00fcl, nincs is n\u00e1la boldogabb sz\u00fcl\u0151. \u00c9ppen a napokban l\u00e1ttam egy podcast-ot, ahol h\u00edres magyar focista \u00e9desany\u00e1k vallottak \u00e9let\u00fckr\u0151l \u00e9s arr\u00f3l az \u00e1ldozatr\u00f3l, amelyet gyermekeik \u00e1lm\u00e1nak val\u00f3ra v\u00e1l\u00e1s\u00e1\u00e9rt megtettek. Boldogan tett\u00e9k, mert kedv\u00fck telt gyermek\u00fckben. \u00c9ljek \u00fagy Isten gyermek\u00e9nt, hogy mennyei Aty\u00e1mnak kedve telj\u00e9k bennem!\u00a0 \u00c9letre sz\u00f3l\u00f3 kih\u00edv\u00e1s ez! Hogyan lehets\u00e9ges? Csakis \u00fagy, hogy \u00fajj\u00e1sz\u00fclet\u00fcnk v\u00edzb\u0151l \u00e9s Szentl\u00e9lekb\u0151l. Hagyjuk, hogy mennyei Aty\u00e1nk el\u00e1rasszon v\u00e9gtelen szeretet\u00e9vel.\u00a0 Tegyem magam m\u00e9lt\u00f3v\u00e1 erre a szeretetre! Kezd\u0151\u00e9nek: Az \u00dar megkeresztelked\u00e9se ut\u00e1n megny\u00edlt az \u00e9g, a Szentl\u00e9lek galamb k\u00e9p\u00e9ben r\u00e1sz\u00e1llott, \u00e9s az Atya szava hallatszott: \u201eEz az \u00e9n szeretett Fiam, akiben kedvem telik!\u201d (V\u00f6. Mt 3,16-17) K\u00f6ny\u00f6rg\u00e9s: Mindenhat\u00f3, \u00f6r\u00f6k Isten, te \u00fcnnep\u00e9lyesen kinyilatkoztattad nek\u00fcnk Krisztust mint szeretett Fiadat, amikor megkeresztelkedett a Jord\u00e1n foly\u00f3ban \u00e9s lesz\u00e1llt r\u00e1 a Szentl\u00e9lek. Add, hogy mindig kedved telj\u00e9k benn\u00fcnk, fogadott gyermekeidben, akik \u00fajj\u00e1sz\u00fclett\u00fcnk v\u00edzb\u0151l \u00e9s Szentl\u00e9lekb\u0151l. A mi Urunk, J\u00e9zus Krisztus, a te Fiad \u00e1ltal, aki veled \u00e9l \u00e9s uralkodik a Szentl\u00e9lekkel egys\u00e9gben, Isten mind\u00f6r\u00f6kk\u00f6n \u00f6r\u00f6kk\u00e9. Vagy Isten\u00fcnk, egysz\u00fcl\u00f6tt Fiad hozz\u00e1nk hasonl\u00f3 emberi testben jelent meg. Add, k\u00e9r\u00fcnk, hogy bens\u0151leg alak\u00edtson \u00fajj\u00e1 minket J\u00e9zus, aki k\u00fclsej\u00e9t tekintve hasonl\u00f3 lett hozz\u00e1nk. Aki veled \u00e9l \u00e9s uralkodik a Szentl\u00e9lekkel egys\u00e9gben, Isten mind\u00f6r\u00f6kk\u00f6n \u00f6r\u00f6kk\u00e9. OLVASM\u00c1NY Izaj\u00e1s pr\u00f3f\u00e9ta k\u00f6nyv\u00e9b\u0151l (Iz 42,1-4.6-7) \u00cdme az \u00e9n szolg\u00e1m, akiben kedvem telik. Ezt mondja az \u00dar: \u00cdme, az \u00e9n szolg\u00e1m, akit t\u00e1mogatok, v\u00e1lasztottam, akiben kedvem telik. Ki\u00e1rasztom r\u00e1 lelkemet, \u00e9s igazs\u00e1got visz a nemzeteknek. Nem ki\u00e1lt majd, nem emeli f\u00f6l a hangj\u00e1t,&#8230; <\/p>\n<p><a class=\"readmore\" href=\"https:\/\/stuttgarti-katolikusok.de\/index.php\/urunk-megkeresztelkedese-2\/\">R\u00e9szletek<\/a><\/p>\n","protected":false},"author":3,"featured_media":20950,"comment_status":"closed","ping_status":"closed","sticky":false,"template":"","format":"standard","meta":{"footnotes":""},"categories":[85,63],"tags":[],"class_list":["post-30118","post","type-post","status-publish","format-standard","has-post-thumbnail","hentry","category-a-liturgia-olvasmanyai","category-vasarnapi-gondolatok"],"yoast_head":"<!-- This site is optimized with the Yoast SEO plugin v27.3 - https:\/\/yoast.com\/product\/yoast-seo-wordpress\/ -->\n<title>Urunk megkeresztelked\u00e9se - Stuttgarti Katolikusok<\/title>\n<meta name=\"robots\" content=\"index, follow, max-snippet:-1, max-image-preview:large, max-video-preview:-1\" \/>\n<link rel=\"canonical\" href=\"https:\/\/stuttgarti-katolikusok.de\/index.php\/urunk-megkeresztelkedese-2\/\" \/>\n<meta property=\"og:locale\" content=\"hu_HU\" \/>\n<meta property=\"og:type\" content=\"article\" \/>\n<meta property=\"og:title\" content=\"Urunk megkeresztelked\u00e9se - Stuttgarti Katolikusok\" \/>\n<meta property=\"og:description\" content=\"Urunk megkeresztelked\u00e9s\u00e9nek \u00fcnnepe egyfajta felh\u00edv\u00e1s a Krisztus-h\u00edv\u0151 ember sz\u00e1m\u00e1ra. Ezt alapozza meg a szentmise k\u00f6ny\u00f6rg\u00e9se. &#8222;Add, hogy mindig kedved telj\u00e9k benn\u00fcnk, fogadott gyermekeidben, akik \u00fajj\u00e1sz\u00fclett\u00fcnk v\u00edzb\u0151l \u00e9s Szentl\u00e9lekb\u0151l.&#8221; A sz\u00fcl\u0151 \u00f6r\u00f6k \u00e1lma \u00e9s v\u00e1gya, hogy gyermeke tov\u00e1bb tudja vinni azt, amit \u0151 is k\u00e9pvisel, amiben hisz. A sport vil\u00e1g\u00e1ban sz\u00e1mtalan olyan sz\u00fcl\u0151r\u0151l tudunk, aki mindent megtesz az\u00e9rt, hogy gyermeke tov\u00e1bb \u00e1lmodja az \u0151 \u00e1lm\u00e1t. Amikor pedig mindez teljes\u00fcl, nincs is n\u00e1la boldogabb sz\u00fcl\u0151. \u00c9ppen a napokban l\u00e1ttam egy podcast-ot, ahol h\u00edres magyar focista \u00e9desany\u00e1k vallottak \u00e9let\u00fckr\u0151l \u00e9s arr\u00f3l az \u00e1ldozatr\u00f3l, amelyet gyermekeik \u00e1lm\u00e1nak val\u00f3ra v\u00e1l\u00e1s\u00e1\u00e9rt megtettek. Boldogan tett\u00e9k, mert kedv\u00fck telt gyermek\u00fckben. \u00c9ljek \u00fagy Isten gyermek\u00e9nt, hogy mennyei Aty\u00e1mnak kedve telj\u00e9k bennem!\u00a0 \u00c9letre sz\u00f3l\u00f3 kih\u00edv\u00e1s ez! Hogyan lehets\u00e9ges? Csakis \u00fagy, hogy \u00fajj\u00e1sz\u00fclet\u00fcnk v\u00edzb\u0151l \u00e9s Szentl\u00e9lekb\u0151l. Hagyjuk, hogy mennyei Aty\u00e1nk el\u00e1rasszon v\u00e9gtelen szeretet\u00e9vel.\u00a0 Tegyem magam m\u00e9lt\u00f3v\u00e1 erre a szeretetre! Kezd\u0151\u00e9nek: Az \u00dar megkeresztelked\u00e9se ut\u00e1n megny\u00edlt az \u00e9g, a Szentl\u00e9lek galamb k\u00e9p\u00e9ben r\u00e1sz\u00e1llott, \u00e9s az Atya szava hallatszott: \u201eEz az \u00e9n szeretett Fiam, akiben kedvem telik!\u201d (V\u00f6. Mt 3,16-17) K\u00f6ny\u00f6rg\u00e9s: Mindenhat\u00f3, \u00f6r\u00f6k Isten, te \u00fcnnep\u00e9lyesen kinyilatkoztattad nek\u00fcnk Krisztust mint szeretett Fiadat, amikor megkeresztelkedett a Jord\u00e1n foly\u00f3ban \u00e9s lesz\u00e1llt r\u00e1 a Szentl\u00e9lek. Add, hogy mindig kedved telj\u00e9k benn\u00fcnk, fogadott gyermekeidben, akik \u00fajj\u00e1sz\u00fclett\u00fcnk v\u00edzb\u0151l \u00e9s Szentl\u00e9lekb\u0151l. A mi Urunk, J\u00e9zus Krisztus, a te Fiad \u00e1ltal, aki veled \u00e9l \u00e9s uralkodik a Szentl\u00e9lekkel egys\u00e9gben, Isten mind\u00f6r\u00f6kk\u00f6n \u00f6r\u00f6kk\u00e9. Vagy Isten\u00fcnk, egysz\u00fcl\u00f6tt Fiad hozz\u00e1nk hasonl\u00f3 emberi testben jelent meg. Add, k\u00e9r\u00fcnk, hogy bens\u0151leg alak\u00edtson \u00fajj\u00e1 minket J\u00e9zus, aki k\u00fclsej\u00e9t tekintve hasonl\u00f3 lett hozz\u00e1nk. Aki veled \u00e9l \u00e9s uralkodik a Szentl\u00e9lekkel egys\u00e9gben, Isten mind\u00f6r\u00f6kk\u00f6n \u00f6r\u00f6kk\u00e9. OLVASM\u00c1NY Izaj\u00e1s pr\u00f3f\u00e9ta k\u00f6nyv\u00e9b\u0151l (Iz 42,1-4.6-7) \u00cdme az \u00e9n szolg\u00e1m, akiben kedvem telik. Ezt mondja az \u00dar: \u00cdme, az \u00e9n szolg\u00e1m, akit t\u00e1mogatok, v\u00e1lasztottam, akiben kedvem telik. Ki\u00e1rasztom r\u00e1 lelkemet, \u00e9s igazs\u00e1got visz a nemzeteknek. Nem ki\u00e1lt majd, nem emeli f\u00f6l a hangj\u00e1t,... R\u00e9szletek\" \/>\n<meta property=\"og:url\" content=\"https:\/\/stuttgarti-katolikusok.de\/index.php\/urunk-megkeresztelkedese-2\/\" \/>\n<meta property=\"og:site_name\" content=\"Stuttgarti Katolikusok\" \/>\n<meta property=\"article:published_time\" content=\"2025-01-10T22:39:58+00:00\" \/>\n<meta property=\"og:image\" content=\"https:\/\/stuttgarti-katolikusok.de\/wp-content\/uploads\/2021\/01\/the-baptism-of-the-lord.jpg\" \/>\n\t<meta property=\"og:image:width\" content=\"640\" \/>\n\t<meta property=\"og:image:height\" content=\"282\" \/>\n\t<meta property=\"og:image:type\" content=\"image\/jpeg\" \/>\n<meta name=\"author\" content=\"Tibor atya\" \/>\n<meta name=\"twitter:card\" content=\"summary_large_image\" \/>\n<meta name=\"twitter:label1\" content=\"Szerz\u0151:\" \/>\n\t<meta name=\"twitter:data1\" content=\"Tibor atya\" \/>\n\t<meta name=\"twitter:label2\" content=\"Becs\u00fclt olvas\u00e1si id\u0151\" \/>\n\t<meta name=\"twitter:data2\" content=\"10 perc\" \/>\n<script type=\"application\/ld+json\" class=\"yoast-schema-graph\">{\"@context\":\"https:\\\/\\\/schema.org\",\"@graph\":[{\"@type\":\"Article\",\"@id\":\"https:\\\/\\\/stuttgarti-katolikusok.de\\\/index.php\\\/urunk-megkeresztelkedese-2\\\/#article\",\"isPartOf\":{\"@id\":\"https:\\\/\\\/stuttgarti-katolikusok.de\\\/index.php\\\/urunk-megkeresztelkedese-2\\\/\"},\"author\":{\"name\":\"Tibor atya\",\"@id\":\"https:\\\/\\\/stuttgarti-katolikusok.de\\\/#\\\/schema\\\/person\\\/75908d6f8fdc03a57889d27209df7795\"},\"headline\":\"Urunk megkeresztelked\u00e9se\",\"datePublished\":\"2025-01-10T22:39:58+00:00\",\"mainEntityOfPage\":{\"@id\":\"https:\\\/\\\/stuttgarti-katolikusok.de\\\/index.php\\\/urunk-megkeresztelkedese-2\\\/\"},\"wordCount\":2311,\"image\":{\"@id\":\"https:\\\/\\\/stuttgarti-katolikusok.de\\\/index.php\\\/urunk-megkeresztelkedese-2\\\/#primaryimage\"},\"thumbnailUrl\":\"https:\\\/\\\/stuttgarti-katolikusok.de\\\/wp-content\\\/uploads\\\/2021\\\/01\\\/the-baptism-of-the-lord.jpg\",\"articleSection\":[\"A liturgia olvasm\u00e1nyai\",\"Vas\u00e1rnapi gondolatok\"],\"inLanguage\":\"hu\"},{\"@type\":\"WebPage\",\"@id\":\"https:\\\/\\\/stuttgarti-katolikusok.de\\\/index.php\\\/urunk-megkeresztelkedese-2\\\/\",\"url\":\"https:\\\/\\\/stuttgarti-katolikusok.de\\\/index.php\\\/urunk-megkeresztelkedese-2\\\/\",\"name\":\"Urunk megkeresztelked\u00e9se - Stuttgarti Katolikusok\",\"isPartOf\":{\"@id\":\"https:\\\/\\\/stuttgarti-katolikusok.de\\\/#website\"},\"primaryImageOfPage\":{\"@id\":\"https:\\\/\\\/stuttgarti-katolikusok.de\\\/index.php\\\/urunk-megkeresztelkedese-2\\\/#primaryimage\"},\"image\":{\"@id\":\"https:\\\/\\\/stuttgarti-katolikusok.de\\\/index.php\\\/urunk-megkeresztelkedese-2\\\/#primaryimage\"},\"thumbnailUrl\":\"https:\\\/\\\/stuttgarti-katolikusok.de\\\/wp-content\\\/uploads\\\/2021\\\/01\\\/the-baptism-of-the-lord.jpg\",\"datePublished\":\"2025-01-10T22:39:58+00:00\",\"author\":{\"@id\":\"https:\\\/\\\/stuttgarti-katolikusok.de\\\/#\\\/schema\\\/person\\\/75908d6f8fdc03a57889d27209df7795\"},\"breadcrumb\":{\"@id\":\"https:\\\/\\\/stuttgarti-katolikusok.de\\\/index.php\\\/urunk-megkeresztelkedese-2\\\/#breadcrumb\"},\"inLanguage\":\"hu\",\"potentialAction\":[{\"@type\":\"ReadAction\",\"target\":[\"https:\\\/\\\/stuttgarti-katolikusok.de\\\/index.php\\\/urunk-megkeresztelkedese-2\\\/\"]}]},{\"@type\":\"ImageObject\",\"inLanguage\":\"hu\",\"@id\":\"https:\\\/\\\/stuttgarti-katolikusok.de\\\/index.php\\\/urunk-megkeresztelkedese-2\\\/#primaryimage\",\"url\":\"https:\\\/\\\/stuttgarti-katolikusok.de\\\/wp-content\\\/uploads\\\/2021\\\/01\\\/the-baptism-of-the-lord.jpg\",\"contentUrl\":\"https:\\\/\\\/stuttgarti-katolikusok.de\\\/wp-content\\\/uploads\\\/2021\\\/01\\\/the-baptism-of-the-lord.jpg\",\"width\":640,\"height\":282},{\"@type\":\"BreadcrumbList\",\"@id\":\"https:\\\/\\\/stuttgarti-katolikusok.de\\\/index.php\\\/urunk-megkeresztelkedese-2\\\/#breadcrumb\",\"itemListElement\":[{\"@type\":\"ListItem\",\"position\":1,\"name\":\"Kezd\u0151lap\",\"item\":\"https:\\\/\\\/stuttgarti-katolikusok.de\\\/\"},{\"@type\":\"ListItem\",\"position\":2,\"name\":\"Urunk megkeresztelked\u00e9se\"}]},{\"@type\":\"WebSite\",\"@id\":\"https:\\\/\\\/stuttgarti-katolikusok.de\\\/#website\",\"url\":\"https:\\\/\\\/stuttgarti-katolikusok.de\\\/\",\"name\":\"Stuttgarti Katolikusok\",\"description\":\"\",\"potentialAction\":[{\"@type\":\"SearchAction\",\"target\":{\"@type\":\"EntryPoint\",\"urlTemplate\":\"https:\\\/\\\/stuttgarti-katolikusok.de\\\/?s={search_term_string}\"},\"query-input\":{\"@type\":\"PropertyValueSpecification\",\"valueRequired\":true,\"valueName\":\"search_term_string\"}}],\"inLanguage\":\"hu\"},{\"@type\":\"Person\",\"@id\":\"https:\\\/\\\/stuttgarti-katolikusok.de\\\/#\\\/schema\\\/person\\\/75908d6f8fdc03a57889d27209df7795\",\"name\":\"Tibor atya\",\"image\":{\"@type\":\"ImageObject\",\"inLanguage\":\"hu\",\"@id\":\"https:\\\/\\\/secure.gravatar.com\\\/avatar\\\/61d268e57d1f4525b111222e29d2d5a7f8c420fdbf231ba5566a8ceac74fa960?s=96&d=mm&r=g\",\"url\":\"https:\\\/\\\/secure.gravatar.com\\\/avatar\\\/61d268e57d1f4525b111222e29d2d5a7f8c420fdbf231ba5566a8ceac74fa960?s=96&d=mm&r=g\",\"contentUrl\":\"https:\\\/\\\/secure.gravatar.com\\\/avatar\\\/61d268e57d1f4525b111222e29d2d5a7f8c420fdbf231ba5566a8ceac74fa960?s=96&d=mm&r=g\",\"caption\":\"Tibor atya\"},\"url\":\"https:\\\/\\\/stuttgarti-katolikusok.de\\\/index.php\\\/author\\\/tibor-atya\\\/\"}]}<\/script>\n<!-- \/ Yoast SEO plugin. -->","yoast_head_json":{"title":"Urunk megkeresztelked\u00e9se - Stuttgarti Katolikusok","robots":{"index":"index","follow":"follow","max-snippet":"max-snippet:-1","max-image-preview":"max-image-preview:large","max-video-preview":"max-video-preview:-1"},"canonical":"https:\/\/stuttgarti-katolikusok.de\/index.php\/urunk-megkeresztelkedese-2\/","og_locale":"hu_HU","og_type":"article","og_title":"Urunk megkeresztelked\u00e9se - Stuttgarti Katolikusok","og_description":"Urunk megkeresztelked\u00e9s\u00e9nek \u00fcnnepe egyfajta felh\u00edv\u00e1s a Krisztus-h\u00edv\u0151 ember sz\u00e1m\u00e1ra. Ezt alapozza meg a szentmise k\u00f6ny\u00f6rg\u00e9se. &#8222;Add, hogy mindig kedved telj\u00e9k benn\u00fcnk, fogadott gyermekeidben, akik \u00fajj\u00e1sz\u00fclett\u00fcnk v\u00edzb\u0151l \u00e9s Szentl\u00e9lekb\u0151l.&#8221; A sz\u00fcl\u0151 \u00f6r\u00f6k \u00e1lma \u00e9s v\u00e1gya, hogy gyermeke tov\u00e1bb tudja vinni azt, amit \u0151 is k\u00e9pvisel, amiben hisz. A sport vil\u00e1g\u00e1ban sz\u00e1mtalan olyan sz\u00fcl\u0151r\u0151l tudunk, aki mindent megtesz az\u00e9rt, hogy gyermeke tov\u00e1bb \u00e1lmodja az \u0151 \u00e1lm\u00e1t. Amikor pedig mindez teljes\u00fcl, nincs is n\u00e1la boldogabb sz\u00fcl\u0151. \u00c9ppen a napokban l\u00e1ttam egy podcast-ot, ahol h\u00edres magyar focista \u00e9desany\u00e1k vallottak \u00e9let\u00fckr\u0151l \u00e9s arr\u00f3l az \u00e1ldozatr\u00f3l, amelyet gyermekeik \u00e1lm\u00e1nak val\u00f3ra v\u00e1l\u00e1s\u00e1\u00e9rt megtettek. Boldogan tett\u00e9k, mert kedv\u00fck telt gyermek\u00fckben. \u00c9ljek \u00fagy Isten gyermek\u00e9nt, hogy mennyei Aty\u00e1mnak kedve telj\u00e9k bennem!\u00a0 \u00c9letre sz\u00f3l\u00f3 kih\u00edv\u00e1s ez! Hogyan lehets\u00e9ges? Csakis \u00fagy, hogy \u00fajj\u00e1sz\u00fclet\u00fcnk v\u00edzb\u0151l \u00e9s Szentl\u00e9lekb\u0151l. Hagyjuk, hogy mennyei Aty\u00e1nk el\u00e1rasszon v\u00e9gtelen szeretet\u00e9vel.\u00a0 Tegyem magam m\u00e9lt\u00f3v\u00e1 erre a szeretetre! Kezd\u0151\u00e9nek: Az \u00dar megkeresztelked\u00e9se ut\u00e1n megny\u00edlt az \u00e9g, a Szentl\u00e9lek galamb k\u00e9p\u00e9ben r\u00e1sz\u00e1llott, \u00e9s az Atya szava hallatszott: \u201eEz az \u00e9n szeretett Fiam, akiben kedvem telik!\u201d (V\u00f6. Mt 3,16-17) K\u00f6ny\u00f6rg\u00e9s: Mindenhat\u00f3, \u00f6r\u00f6k Isten, te \u00fcnnep\u00e9lyesen kinyilatkoztattad nek\u00fcnk Krisztust mint szeretett Fiadat, amikor megkeresztelkedett a Jord\u00e1n foly\u00f3ban \u00e9s lesz\u00e1llt r\u00e1 a Szentl\u00e9lek. Add, hogy mindig kedved telj\u00e9k benn\u00fcnk, fogadott gyermekeidben, akik \u00fajj\u00e1sz\u00fclett\u00fcnk v\u00edzb\u0151l \u00e9s Szentl\u00e9lekb\u0151l. A mi Urunk, J\u00e9zus Krisztus, a te Fiad \u00e1ltal, aki veled \u00e9l \u00e9s uralkodik a Szentl\u00e9lekkel egys\u00e9gben, Isten mind\u00f6r\u00f6kk\u00f6n \u00f6r\u00f6kk\u00e9. Vagy Isten\u00fcnk, egysz\u00fcl\u00f6tt Fiad hozz\u00e1nk hasonl\u00f3 emberi testben jelent meg. Add, k\u00e9r\u00fcnk, hogy bens\u0151leg alak\u00edtson \u00fajj\u00e1 minket J\u00e9zus, aki k\u00fclsej\u00e9t tekintve hasonl\u00f3 lett hozz\u00e1nk. Aki veled \u00e9l \u00e9s uralkodik a Szentl\u00e9lekkel egys\u00e9gben, Isten mind\u00f6r\u00f6kk\u00f6n \u00f6r\u00f6kk\u00e9. OLVASM\u00c1NY Izaj\u00e1s pr\u00f3f\u00e9ta k\u00f6nyv\u00e9b\u0151l (Iz 42,1-4.6-7) \u00cdme az \u00e9n szolg\u00e1m, akiben kedvem telik. Ezt mondja az \u00dar: \u00cdme, az \u00e9n szolg\u00e1m, akit t\u00e1mogatok, v\u00e1lasztottam, akiben kedvem telik. Ki\u00e1rasztom r\u00e1 lelkemet, \u00e9s igazs\u00e1got visz a nemzeteknek. Nem ki\u00e1lt majd, nem emeli f\u00f6l a hangj\u00e1t,... R\u00e9szletek","og_url":"https:\/\/stuttgarti-katolikusok.de\/index.php\/urunk-megkeresztelkedese-2\/","og_site_name":"Stuttgarti Katolikusok","article_published_time":"2025-01-10T22:39:58+00:00","og_image":[{"width":640,"height":282,"url":"https:\/\/stuttgarti-katolikusok.de\/wp-content\/uploads\/2021\/01\/the-baptism-of-the-lord.jpg","type":"image\/jpeg"}],"author":"Tibor atya","twitter_card":"summary_large_image","twitter_misc":{"Szerz\u0151:":"Tibor atya","Becs\u00fclt olvas\u00e1si id\u0151":"10 perc"},"schema":{"@context":"https:\/\/schema.org","@graph":[{"@type":"Article","@id":"https:\/\/stuttgarti-katolikusok.de\/index.php\/urunk-megkeresztelkedese-2\/#article","isPartOf":{"@id":"https:\/\/stuttgarti-katolikusok.de\/index.php\/urunk-megkeresztelkedese-2\/"},"author":{"name":"Tibor atya","@id":"https:\/\/stuttgarti-katolikusok.de\/#\/schema\/person\/75908d6f8fdc03a57889d27209df7795"},"headline":"Urunk megkeresztelked\u00e9se","datePublished":"2025-01-10T22:39:58+00:00","mainEntityOfPage":{"@id":"https:\/\/stuttgarti-katolikusok.de\/index.php\/urunk-megkeresztelkedese-2\/"},"wordCount":2311,"image":{"@id":"https:\/\/stuttgarti-katolikusok.de\/index.php\/urunk-megkeresztelkedese-2\/#primaryimage"},"thumbnailUrl":"https:\/\/stuttgarti-katolikusok.de\/wp-content\/uploads\/2021\/01\/the-baptism-of-the-lord.jpg","articleSection":["A liturgia olvasm\u00e1nyai","Vas\u00e1rnapi gondolatok"],"inLanguage":"hu"},{"@type":"WebPage","@id":"https:\/\/stuttgarti-katolikusok.de\/index.php\/urunk-megkeresztelkedese-2\/","url":"https:\/\/stuttgarti-katolikusok.de\/index.php\/urunk-megkeresztelkedese-2\/","name":"Urunk megkeresztelked\u00e9se - Stuttgarti Katolikusok","isPartOf":{"@id":"https:\/\/stuttgarti-katolikusok.de\/#website"},"primaryImageOfPage":{"@id":"https:\/\/stuttgarti-katolikusok.de\/index.php\/urunk-megkeresztelkedese-2\/#primaryimage"},"image":{"@id":"https:\/\/stuttgarti-katolikusok.de\/index.php\/urunk-megkeresztelkedese-2\/#primaryimage"},"thumbnailUrl":"https:\/\/stuttgarti-katolikusok.de\/wp-content\/uploads\/2021\/01\/the-baptism-of-the-lord.jpg","datePublished":"2025-01-10T22:39:58+00:00","author":{"@id":"https:\/\/stuttgarti-katolikusok.de\/#\/schema\/person\/75908d6f8fdc03a57889d27209df7795"},"breadcrumb":{"@id":"https:\/\/stuttgarti-katolikusok.de\/index.php\/urunk-megkeresztelkedese-2\/#breadcrumb"},"inLanguage":"hu","potentialAction":[{"@type":"ReadAction","target":["https:\/\/stuttgarti-katolikusok.de\/index.php\/urunk-megkeresztelkedese-2\/"]}]},{"@type":"ImageObject","inLanguage":"hu","@id":"https:\/\/stuttgarti-katolikusok.de\/index.php\/urunk-megkeresztelkedese-2\/#primaryimage","url":"https:\/\/stuttgarti-katolikusok.de\/wp-content\/uploads\/2021\/01\/the-baptism-of-the-lord.jpg","contentUrl":"https:\/\/stuttgarti-katolikusok.de\/wp-content\/uploads\/2021\/01\/the-baptism-of-the-lord.jpg","width":640,"height":282},{"@type":"BreadcrumbList","@id":"https:\/\/stuttgarti-katolikusok.de\/index.php\/urunk-megkeresztelkedese-2\/#breadcrumb","itemListElement":[{"@type":"ListItem","position":1,"name":"Kezd\u0151lap","item":"https:\/\/stuttgarti-katolikusok.de\/"},{"@type":"ListItem","position":2,"name":"Urunk megkeresztelked\u00e9se"}]},{"@type":"WebSite","@id":"https:\/\/stuttgarti-katolikusok.de\/#website","url":"https:\/\/stuttgarti-katolikusok.de\/","name":"Stuttgarti Katolikusok","description":"","potentialAction":[{"@type":"SearchAction","target":{"@type":"EntryPoint","urlTemplate":"https:\/\/stuttgarti-katolikusok.de\/?s={search_term_string}"},"query-input":{"@type":"PropertyValueSpecification","valueRequired":true,"valueName":"search_term_string"}}],"inLanguage":"hu"},{"@type":"Person","@id":"https:\/\/stuttgarti-katolikusok.de\/#\/schema\/person\/75908d6f8fdc03a57889d27209df7795","name":"Tibor atya","image":{"@type":"ImageObject","inLanguage":"hu","@id":"https:\/\/secure.gravatar.com\/avatar\/61d268e57d1f4525b111222e29d2d5a7f8c420fdbf231ba5566a8ceac74fa960?s=96&d=mm&r=g","url":"https:\/\/secure.gravatar.com\/avatar\/61d268e57d1f4525b111222e29d2d5a7f8c420fdbf231ba5566a8ceac74fa960?s=96&d=mm&r=g","contentUrl":"https:\/\/secure.gravatar.com\/avatar\/61d268e57d1f4525b111222e29d2d5a7f8c420fdbf231ba5566a8ceac74fa960?s=96&d=mm&r=g","caption":"Tibor atya"},"url":"https:\/\/stuttgarti-katolikusok.de\/index.php\/author\/tibor-atya\/"}]}},"_links":{"self":[{"href":"https:\/\/stuttgarti-katolikusok.de\/index.php\/wp-json\/wp\/v2\/posts\/30118","targetHints":{"allow":["GET"]}}],"collection":[{"href":"https:\/\/stuttgarti-katolikusok.de\/index.php\/wp-json\/wp\/v2\/posts"}],"about":[{"href":"https:\/\/stuttgarti-katolikusok.de\/index.php\/wp-json\/wp\/v2\/types\/post"}],"author":[{"embeddable":true,"href":"https:\/\/stuttgarti-katolikusok.de\/index.php\/wp-json\/wp\/v2\/users\/3"}],"replies":[{"embeddable":true,"href":"https:\/\/stuttgarti-katolikusok.de\/index.php\/wp-json\/wp\/v2\/comments?post=30118"}],"version-history":[{"count":1,"href":"https:\/\/stuttgarti-katolikusok.de\/index.php\/wp-json\/wp\/v2\/posts\/30118\/revisions"}],"predecessor-version":[{"id":30119,"href":"https:\/\/stuttgarti-katolikusok.de\/index.php\/wp-json\/wp\/v2\/posts\/30118\/revisions\/30119"}],"wp:featuredmedia":[{"embeddable":true,"href":"https:\/\/stuttgarti-katolikusok.de\/index.php\/wp-json\/wp\/v2\/media\/20950"}],"wp:attachment":[{"href":"https:\/\/stuttgarti-katolikusok.de\/index.php\/wp-json\/wp\/v2\/media?parent=30118"}],"wp:term":[{"taxonomy":"category","embeddable":true,"href":"https:\/\/stuttgarti-katolikusok.de\/index.php\/wp-json\/wp\/v2\/categories?post=30118"},{"taxonomy":"post_tag","embeddable":true,"href":"https:\/\/stuttgarti-katolikusok.de\/index.php\/wp-json\/wp\/v2\/tags?post=30118"}],"curies":[{"name":"wp","href":"https:\/\/api.w.org\/{rel}","templated":true}]}}