{"id":30094,"date":"2025-01-05T00:31:03","date_gmt":"2025-01-04T23:31:03","guid":{"rendered":"https:\/\/stuttgarti-katolikusok.de\/?p=30094"},"modified":"2025-01-05T00:33:44","modified_gmt":"2025-01-04T23:33:44","slug":"karacsonyt-koveto-2-vasarnap","status":"publish","type":"post","link":"https:\/\/stuttgarti-katolikusok.de\/index.php\/karacsonyt-koveto-2-vasarnap\/","title":{"rendered":"Kar\u00e1csonyt k\u00f6vet\u0151 2. vas\u00e1rnap"},"content":{"rendered":"<p align=\"justify\"><span style=\"color: #ff6600;\"><em>Ezen a vas\u00e1rnapon ism\u00e9telten Szent J\u00e1nos apostol evang\u00e9lium\u00e1nak bevezet\u0151j\u00e9b\u0151l (prologus) hangzik el az evang\u00e9liumi r\u00e9sz. Ugyan\u00fagy, mint kar\u00e1csony \u00fcnnep\u00e9nek els\u0151 napj\u00e1n.<\/em><\/span><\/p>\n<p align=\"justify\"><span style=\"color: #ff6600;\"><em>Ezt igyekeztem meg kibontani elm\u00e9lked\u00e9semben:<\/em><\/span><\/p>\n<div class=\"brlbs-cmpnt-container brlbs-cmpnt-content-blocker brlbs-cmpnt-with-individual-styles\" data-borlabs-cookie-content-blocker-id=\"youtube-content-blocker\" data-borlabs-cookie-content=\"PGlmcmFtZSB0aXRsZT0iS2Fyw6Fjc29ueXQga8O2dmV0xZEgMi4gdmFzw6FybmFwIC0gQmFsaW5nZW4gLSAyMDI1LiBqYW51w6FyIDQuIiB3aWR0aD0iOTQwIiBoZWlnaHQ9IjUyOSIgc3JjPSJodHRwczovL3d3dy55b3V0dWJlLW5vY29va2llLmNvbS9lbWJlZC9iTTl2N3M2VGdhaz9zdGFydD0xMzgyJmZlYXR1cmU9b2VtYmVkIiBmcmFtZWJvcmRlcj0iMCIgYWxsb3c9ImFjY2VsZXJvbWV0ZXI7IGF1dG9wbGF5OyBjbGlwYm9hcmQtd3JpdGU7IGVuY3J5cHRlZC1tZWRpYTsgZ3lyb3Njb3BlOyBwaWN0dXJlLWluLXBpY3R1cmU7IHdlYi1zaGFyZSIgcmVmZXJyZXJwb2xpY3k9InN0cmljdC1vcmlnaW4td2hlbi1jcm9zcy1vcmlnaW4iIGFsbG93ZnVsbHNjcmVlbj48L2lmcmFtZT4=\">\n<div class=\"brlbs-cmpnt-cb-preset-c brlbs-cmpnt-cb-youtube\">\n<div class=\"brlbs-cmpnt-cb-thumbnail\" style=\"background-image: url('https:\/\/stuttgarti-katolikusok.de\/wp-content\/uploads\/borlabs-cookie\/1\/yt_bM9v7s6Tgak_hqdefault.jpg')\"><\/div>\n<div class=\"brlbs-cmpnt-cb-main\">\n<div class=\"brlbs-cmpnt-cb-play-button\"><\/div>\n<div class=\"brlbs-cmpnt-cb-content\">\n<p class=\"brlbs-cmpnt-cb-description\">You are currently viewing a placeholder content from <strong>YouTube<\/strong>. To access the actual content, click the button below. Please note that doing so will share data with third-party providers.<\/p>\n<p> <a class=\"brlbs-cmpnt-cb-provider-toggle\" href=\"#\" data-borlabs-cookie-show-provider-information role=\"button\">More Information<\/a> <\/div>\n<div class=\"brlbs-cmpnt-cb-buttons\"> <a class=\"brlbs-cmpnt-cb-btn\" href=\"#\" data-borlabs-cookie-unblock role=\"button\">Unblock content<\/a> <a class=\"brlbs-cmpnt-cb-btn\" href=\"#\" data-borlabs-cookie-accept-service role=\"button\" style=\"display: inherit\">Accept required service and unblock content<\/a> <\/div><\/div><\/div>\n<\/div>\n<p><span style=\"color: #ff6600;\">Kezd\u0151\u00e9nek:<\/span><br \/>\nMialatt m\u00e9ly csend borult mindenre, \u00e9s az \u00e9jjel siet\u0151s \u00fatja k\u00f6zep\u00e9n tartott, mindenhat\u00f3 Ig\u00e9d, Urunk, a mennyb\u0151l, kir\u00e1lyi sz\u00e9k\u00e9b\u0151l elj\u00f6tt k\u00f6z\u00e9nk! (B\u00f6lcs 18,14-15)<\/p>\n<p><span style=\"color: #ff6600;\">K\u00f6ny\u00f6rg\u00e9s:<\/span><br \/>\nMindenhat\u00f3, \u00f6r\u00f6k Isten, te vagy h\u00edveid vil\u00e1goss\u00e1ga. \u00c1raszd j\u00f3s\u00e1gosan mennyei dics\u0151s\u00e9gedet az eg\u00e9sz vil\u00e1gra, hogy minden n\u00e9p f\u00f6l\u00f6tt felragyogjon tiszta f\u00e9nyed. A mi Urunk, J\u00e9zus Krisztus, a te Fiad \u00e1ltal, aki veled \u00e9l \u00e9s uralkodik a Szentl\u00e9lekkel egys\u00e9gben, Isten mind\u00f6r\u00f6kk\u00f6n-\u00f6r\u00f6kk\u00e9.<\/p>\n<p align=\"justify\"><span style=\"color: #ff6600;\">OLVASM\u00c1NY Sir\u00e1k fia k\u00f6nyv\u00e9b\u0151l (Sir 24,1-4.12-16 [gr.1-2.8-12])<\/span><br \/>\n<em>Isten b\u00f6lcsess\u00e9ge a v\u00e1lasztott n\u00e9p k\u00f6z\u00f6tt lakott.<\/em><br \/>\nA b\u00f6lcsess\u00e9g a maga dics\u00e9ret\u00e9t zengi, tiszteletben \u00e1ll Istenn\u00e9l, n\u00e9pe k\u00f6zepette dics\u00e9ri \u00f6nmag\u00e1t. Megsz\u00f3lal a Magass\u00e1gbeli gy\u00fclekezet\u00e9ben, \u00e9s Isten n\u00e9p\u00e9nek serege el\u0151tt eldicsekszik. \u00cdgy besz\u00e9l hozz\u00e1juk: \u201eA mindens\u00e9g Teremt\u0151je parancsot adott nekem, s aki teremtett, kijel\u00f6lte s\u00e1tramnak hely\u00e9t. \u00cdgy sz\u00f3lt: \u00bbA s\u00e1tradat J\u00e1kobban \u00fcsd fel, \u00f6r\u00f6kr\u00e9szed Izraelben legyen, \u00e9s v\u00e1lasztottaim k\u00f6z\u00f6tt verj gy\u00f6keret.\u00ab \u0150sid\u0151kt\u0151l fogva, a kezdet kezdet\u00e9n teremtett, \u00e9s nem pusztulok el soha, mind\u00f6r\u00f6kre. Szolg\u00e1ltam el\u0151tte szent s\u00e1tr\u00e1ban, majd pedig Sionban kaptam lak\u00f3helyet. Letelepedtem a szeretett v\u00e1rosban, s Jeruzs\u00e1lemben van uralmam sz\u00e9khelye. Dics\u0151s\u00e9ges n\u00e9p k\u00f6zt vertem \u00edgy gy\u00f6keret, az \u00darnak r\u00e9sz\u00e9ben, az \u0151 \u00f6r\u00f6kr\u00e9sz\u00e9n, s a szentek gy\u00fclekezet\u00e9ben megtelepedtem.\u201d<br \/>\nEz az Isten ig\u00e9je.<\/p>\n<p align=\"justify\"><span style=\"color: #ff6600;\">V\u00c1LASZOS ZSOLT\u00c1R (Zsolt 147,12-13.14-15.19-20)<\/span><br \/>\nV\u00e1lasz:\u00a0<strong>Az Ige\u00a0<u>em<\/u>berr\u00e9 lett, * \u00e9s\u00a0<u>itt<\/u>\u00a0\u00e9lt k\u00f6z\u00f6tt\u00fcnk.<\/strong>\u00a0Jn 1,14 (7. t\u00f3nus)<br \/>\nVagy:\u00a0<strong>Alleluja.<\/strong>\u00a07. sz\u00e1m<br \/>\nEl\u0151\u00e9nekes: Dics\u00e9rd Uradat,\u00a0<u>Je<\/u>ruzs\u00e1lem, * magasztald, Sion,\u00a0<u>Is<\/u>tenedet.<br \/>\nMert er\u0151ss\u00e9 tette\u00a0<u>ka<\/u>puid z\u00e1r\u00e1t, * \u00e9s meg\u00e1ldotta benned\u00a0<u>fi<\/u>aidat.<br \/>\nH\u00edvek:\u00a0<strong>Az Ige\u00a0<u>em<\/u>berr\u00e9 lett, * \u00e9s\u00a0<u>itt<\/u>\u00a0\u00e9lt k\u00f6z\u00f6tt\u00fcnk.<\/strong><br \/>\nVagy: Alleluja.<br \/>\nE: Hat\u00e1raidon\u00a0<u>\u0151<\/u>\u00a0ad b\u00e9k\u00e9t, * \u00e9s j\u00f3llakat\u00a0<u>k\u00f6<\/u>v\u00e9r b\u00faz\u00e1val.<br \/>\nElk\u00fcldi\u00a0<u>sza<\/u>v\u00e1t a f\u00f6ldre, * az \u0151 ig\u00e9je\u00a0<u>gyor<\/u>san terjed.<br \/>\nH:\u00a0<strong>Az Ige\u00a0<u>em<\/u>berr\u00e9 lett, * \u00e9s\u00a0<u>itt<\/u>\u00a0\u00e9lt k\u00f6z\u00f6tt\u00fcnk.<\/strong><br \/>\nVagy: Alleluja.<br \/>\nE: Ig\u00e9j\u00e9t\u00a0<u>J\u00e1<\/u>kobnak hirdeti, * t\u00f6rv\u00e9nyeit \u00e9s v\u00e9gz\u00e9seit\u00a0<u>Iz<\/u>raelnek.<br \/>\nEgyetlen\u00a0<u>n\u00e9p<\/u>pel sem b\u00e1nt \u00edgy, * v\u00e9gz\u00e9seit nem fedte fel\u00a0<u>sen<\/u>ki m\u00e1snak.<br \/>\nH:\u00a0<strong>Az Ige\u00a0<u>em<\/u>berr\u00e9 lett, * \u00e9s\u00a0<u>itt<\/u>\u00a0\u00e9lt k\u00f6z\u00f6tt\u00fcnk.<\/strong><br \/>\nVagy: Alleluja.<\/p>\n<p align=\"justify\"><span style=\"color: #ff6600;\">SZENTLECKE Szent P\u00e1l apostolnak az efezusiakhoz \u00edrt level\u00e9b\u0151l (Ef 1,3-6.15-18)<\/span><br \/>\n<em>Isten arra rendelt minket, hogy fogadott fiakk\u00e1 legy\u00fcnk.<\/em><br \/>\nTestv\u00e9reim!<br \/>\n\u00c1ldott legyen az Isten, Urunk J\u00e9zus Krisztus Atyja, aki Lelk\u00e9nek minden \u00e1ld\u00e1s\u00e1val meg\u00e1ldott minket a mennyekben l\u00e9v\u0151 Krisztus \u00e1ltal. \u0150benne v\u00e1lasztott ki a vil\u00e1g teremt\u00e9se el\u0151tt, hogy szentek \u00e9s feddhetetlenek legy\u00fcnk sz\u00edne el\u0151tt. Szeretetb\u0151l eleve arra rendelt minket, hogy akarat\u00e1nak tetsz\u00e9se szerint, J\u00e9zus Krisztus \u00e1ltal fogadott fiakk\u00e1 legy\u00fcnk, \u00e9s magasztaljuk f\u00f6ls\u00e9ges kegyelm\u00e9t, amellyel szeretett Fi\u00e1ban j\u00f3s\u00e1gosan megaj\u00e1nd\u00e9kozott minket. Ami\u00f3ta \u00e9rtes\u00fcltem az \u00dar J\u00e9zusba vetett hitetekr\u0151l, \u00e9s az \u00f6sszes szent ir\u00e1nt tan\u00fas\u00edtott szeretetetekr\u0151l, sz\u00fcntelen\u00fcl h\u00e1l\u00e1t adok \u00e9rtetek, \u00e9s im\u00e1ds\u00e1gomban \u00fajra meg \u00fajra megeml\u00e9kezem r\u00f3latok. Urunk J\u00e9zus Krisztus Istene, a dics\u0151s\u00e9ges Atya adja meg nektek a b\u00f6lcsess\u00e9g \u00e9s a kinyilatkoztat\u00e1s Lelk\u00e9t, hogy megismerj\u00e9tek \u0151t. Gy\u00fajtson lelketekben vil\u00e1goss\u00e1got, hogy meg\u00e9rts\u00e9tek, milyen rem\u00e9nys\u00e9gre h\u00edvott meg titeket, \u00e9s milyen gazdag az a f\u00f6ls\u00e9ges \u00f6r\u00f6ks\u00e9g, amelyet \u0151 a szenteknek k\u00e9sz\u00edtett.<br \/>\nEz az Isten ig\u00e9je.<\/p>\n<p align=\"justify\"><span style=\"color: #ff6600;\">ALLELUJA<\/span><br \/>\nDics\u0151s\u00e9g neked, Krisztus, akit hirdettek a\u00a0<u>po<\/u>g\u00e1ny n\u00e9peknek! * Dics\u0151s\u00e9g neked, Krisztus, akiben hittek\u00a0<u>vi<\/u>l\u00e1gszerte! V\u00f6. 1Tim 3,16 \u2013 7. t\u00f3nus<\/p>\n<p align=\"justify\"><span style=\"color: #ff6600;\">\u2020 EVANG\u00c9LIUM Szent J\u00e1nos k\u00f6nyv\u00e9b\u0151l (Jn 1,1-18)<\/span><br \/>\n<em>Az Ige testt\u00e9 lett, \u00e9s k\u00f6z\u00f6tt\u00fcnk lakott.<\/em><br \/>\nKezdetben volt az Ige. Az Ige Istenn\u00e9l volt, \u00e9s Isten volt az Ige. \u0150 volt kezdetben Istenn\u00e9l. Minden \u0151\u00e1ltala lett, \u00e9s n\u00e9lk\u00fcle semmi sem lett, ami lett. \u0150benne \u00e9let volt, \u00e9s ez az \u00e9let volt az emberek vil\u00e1goss\u00e1ga. A vil\u00e1goss\u00e1g a s\u00f6t\u00e9ts\u00e9gben vil\u00e1g\u00edt, de a s\u00f6t\u00e9ts\u00e9g nem fogadta be.<br \/>\nF\u00f6ll\u00e9pett egy ember, akit Isten k\u00fcld\u00f6tt: J\u00e1nos volt a neve. Az\u00e9rt j\u00f6tt, hogy tan\u00fas\u00e1got tegyen, tan\u00fas\u00e1got a vil\u00e1goss\u00e1gr\u00f3l, hogy mindenki higgyen \u00e1ltala. Nem \u0151 volt a vil\u00e1goss\u00e1g, \u0151 csak az\u00e9rt j\u00f6tt, hogy tan\u00fas\u00e1got tegyen a vil\u00e1goss\u00e1gr\u00f3l.<br \/>\nAz Ige az igazi vil\u00e1goss\u00e1g volt, amely a vil\u00e1gba j\u00f6tt, hogy megvil\u00e1g\u00edtson minden embert. A vil\u00e1gban volt, \u00e9s a vil\u00e1g \u0151\u00e1ltala lett, de a vil\u00e1g nem ismerte fel \u0151t. A tulajdon\u00e1ba j\u00f6tt, de \u00f6v\u00e9i nem fogadt\u00e1k be. Mindazoknak azonban, akik befogadt\u00e1k, hatalmat adott, hogy Isten gyermekei legyenek; azoknak, akik hisznek benne, akik nem v\u00e9r szerint, nem a test k\u00edv\u00e1ns\u00e1g\u00e1b\u00f3l, \u00e9s nem is a f\u00e9rfi akarat\u00e1b\u00f3l, hanem Istent\u0151l sz\u00fclettek.<br \/>\n\u00c9s az Ige testt\u00e9 lett, \u00e9s k\u00f6z\u00f6tt\u00fcnk lakott. Mi pedig l\u00e1ttuk az \u0151 dics\u0151s\u00e9g\u00e9t, mely az Atya Egysz\u00fcl\u00f6ttj\u00e9nek dics\u0151s\u00e9ge, telve kegyelemmel \u00e9s igazs\u00e1ggal.<br \/>\nJ\u00e1nos tan\u00fas\u00e1got tett r\u00f3la, amikor ezt hirdette: \u201e\u0150 az, akir\u0151l mondtam, hogy ut\u00e1nam j\u00f6n, de megel\u0151z engem, mert el\u0151bb volt, mint \u00e9n.\u201d Hiszen mi mindannyian az \u0151 teljess\u00e9g\u00e9b\u0151l nyert\u00fcnk kegyelemb\u0151l kegyelmet. A t\u00f6rv\u00e9nyt ugyanis M\u00f3zes \u00e1ltal kaptuk, a kegyelem \u00e9s az igazs\u00e1g azonban J\u00e9zus Krisztus \u00e1ltal val\u00f3sult meg. Istent soha senki nem l\u00e1tta, Isten Egysz\u00fcl\u00f6ttje, aki az Atya kebel\u00e9n van, \u0151 nyilatkoztatta ki.<br \/>\nEzek az evang\u00e9lium ig\u00e9i.<\/p>\n<p><span style=\"color: #ff6600;\">EGYETEMES K\u00d6NY\u00d6RG\u00c9SEK<\/span><br \/>\nPap: Im\u00e1dkozzunk, testv\u00e9reim, a mennyei Aty\u00e1hoz, aki b\u00f6lcsess\u00e9ggel ir\u00e1ny\u00edtja a vil\u00e1got!<br \/>\nLektor: 1. Adj, Urunk, b\u00f6lcsess\u00e9get Egyh\u00e1zunk vezet\u0151inek, hogy a r\u00e1juk b\u00edzottakat biztos k\u00e9zzel vezess\u00e9k az \u00fcdv\u00f6ss\u00e9g \u00fatj\u00e1n!<br \/>\nH\u00edvek: K\u00e9r\u00fcnk T\u00e9ged, hallgass meg minket!<br \/>\n2. Adj, Urunk, b\u00f6lcs bel\u00e1t\u00e1st a vil\u00e1g vezet\u0151inek, hogy a n\u00e9peket b\u00e9k\u00e9ben \u00e9s igazs\u00e1gban korm\u00e1nyozz\u00e1k!<br \/>\nH\u00edvek: K\u00e9r\u00fcnk T\u00e9ged, hallgass meg minket!<br \/>\n3. Add, Urunk, hogy ne a test \u00f6szt\u00f6ne, hanem a te kegyelmed vezesse \u00e9let\u00fcnket!<br \/>\nH\u00edvek: K\u00e9r\u00fcnk T\u00e9ged, hallgass meg minket!<br \/>\n4. Add, Urunk, hogy szent \u00e9s feddhetetlen \u00e9lettel tan\u00fas\u00e1got tegy\u00fcnk hit\u00fcnkr\u0151l!<br \/>\nH\u00edvek: K\u00e9r\u00fcnk T\u00e9ged, hallgass meg minket!<br \/>\n5. Add, Urunk, hogy a gyermekek b\u00f6lcsess\u00e9gben \u00e9s kedvess\u00e9gben is n\u00f6vekedjenek!<br \/>\nH\u00edvek: K\u00e9r\u00fcnk T\u00e9ged, hallgass meg minket!<br \/>\nPap: Mennyei Aty\u00e1nk! Seg\u00edts benn\u00fcnket, hogy t\u00f6rv\u00e9nyeid b\u00f6lcs ir\u00e1ny\u00edt\u00e1s\u00e1t k\u00f6vetve, eljussunk hozz\u00e1d. Krisztus, a mi Urunk \u00e1ltal.<br \/>\nH\u00edvek: \u00c1men.<\/p>\n<p><span style=\"color: #ff6600;\">Felaj\u00e1nl\u00f3 k\u00f6ny\u00f6rg\u00e9s:<\/span><br \/>\nFelaj\u00e1nlott \u00e1ldozati adom\u00e1nyainkat szenteld meg, Urunk, egysz\u00fcl\u00f6tt Fiad sz\u00fclet\u00e9s\u00e9vel: ez mutatja meg nek\u00fcnk az igazs\u00e1g \u00fatj\u00e1t, \u00e9s ez adja meg az \u00f6r\u00f6k \u00e9let rem\u00e9ny\u00e9t. Krisztus, a mi Urunk \u00e1ltal.<\/p>\n<p><span style=\"color: #ff6600;\">Pref\u00e1ci\u00f3:<\/span><br \/>\nAz \u00dar legyen veletek.<br \/>\nH.: \u00c9s a te lelkeddel.<br \/>\nEmelj\u00fck f\u00f6l sz\u00edv\u00fcnket.<br \/>\nH.: F\u00f6lemelt\u00fck az \u00darhoz.<br \/>\nAdjunk h\u00e1l\u00e1t Urunknak, Isten\u00fcnknek.<br \/>\nH.: M\u00e9lt\u00f3 \u00e9s igazs\u00e1gos.<br \/>\n(Mert) Val\u00f3ban m\u00e9lt\u00f3 \u00e9s igazs\u00e1gos, ill\u0151 \u00e9s \u00fcdv\u00f6s, hogy mindig \u00e9s minden\u00fctt h\u00e1l\u00e1t adjunk n\u00e9ked, mi Urunk, szents\u00e9ges Aty\u00e1nk, mindenhat\u00f3, \u00f6r\u00f6k Isten: Krisztus, a mi Urunk \u00e1ltal.<br \/>\nA mai napon felragyogott benne megv\u00e1lt\u00e1sunk f\u00e9nye: az \u00f6r\u00f6k Ige gyarl\u00f3 embers\u00e9g\u00fcnket mag\u00e1ra vette, \u00e9s ezzel a haland\u00f3 emberre fogyhatatlan dics\u0151s\u00e9g sz\u00e1rmazott, \u2013 s\u0151t csod\u00e1latos CSEr\u00e9vel mi\u00e9nk lett isteni, \u00f6r\u00f6k \u00e9s boldog \u00e9lete.<br \/>\n(\u00c9s) Ez\u00e9rt mi is az angyalok k\u00f3rus\u00e1hoz t\u00e1rsulunk \u2013 dics\u0151\u00edt\u00fcnk T\u00c9ged, \u00e9s ujjongva mondjuk: (zengj\u00fck:)<\/p>\n<p><span style=\"color: #ff6600;\">\u00c1ldoz\u00e1si \u00e9nek:<\/span><br \/>\nMindazoknak, akik befogadt\u00e1k, hatalmat adott, hogy Isten fiai legyenek. (V\u00f6. Jn 1,12)<\/p>\n<p><span style=\"color: #ff6600;\">\u00c1ldoz\u00e1s ut\u00e1ni k\u00f6ny\u00f6rg\u00e9s:<\/span><br \/>\nK\u00e9rve k\u00e9r\u00fcnk, Urunk, Isten\u00fcnk, hogy ennek a miszt\u00e9riumnak az ereje mossa le b\u0171neinket, \u00e9s t\u00f6ltse be tiszta v\u00e1gyainkat. Krisztus, a mi Urunk \u00e1ltal.<\/p>\n","protected":false},"excerpt":{"rendered":"<p>Ezen a vas\u00e1rnapon ism\u00e9telten Szent J\u00e1nos apostol evang\u00e9lium\u00e1nak bevezet\u0151j\u00e9b\u0151l (prologus) hangzik el az evang\u00e9liumi r\u00e9sz. Ugyan\u00fagy, mint kar\u00e1csony \u00fcnnep\u00e9nek els\u0151 napj\u00e1n. Ezt igyekeztem meg kibontani elm\u00e9lked\u00e9semben: You are currently viewing a placeholder content from YouTube. To access the actual content, click the button below. Please note that doing so will share data with third-party providers. More Information Unblock content Accept required service and unblock content Kezd\u0151\u00e9nek: Mialatt m\u00e9ly csend borult mindenre, \u00e9s az \u00e9jjel siet\u0151s \u00fatja k\u00f6zep\u00e9n tartott, mindenhat\u00f3 Ig\u00e9d, Urunk, a mennyb\u0151l, kir\u00e1lyi sz\u00e9k\u00e9b\u0151l elj\u00f6tt k\u00f6z\u00e9nk! (B\u00f6lcs 18,14-15) K\u00f6ny\u00f6rg\u00e9s: Mindenhat\u00f3, \u00f6r\u00f6k Isten, te vagy h\u00edveid vil\u00e1goss\u00e1ga. \u00c1raszd j\u00f3s\u00e1gosan mennyei dics\u0151s\u00e9gedet az eg\u00e9sz vil\u00e1gra, hogy minden n\u00e9p f\u00f6l\u00f6tt felragyogjon tiszta f\u00e9nyed. A mi Urunk, J\u00e9zus Krisztus, a te Fiad \u00e1ltal, aki veled \u00e9l \u00e9s uralkodik a Szentl\u00e9lekkel egys\u00e9gben, Isten mind\u00f6r\u00f6kk\u00f6n-\u00f6r\u00f6kk\u00e9. OLVASM\u00c1NY Sir\u00e1k fia k\u00f6nyv\u00e9b\u0151l (Sir 24,1-4.12-16 [gr.1-2.8-12]) Isten b\u00f6lcsess\u00e9ge a v\u00e1lasztott n\u00e9p k\u00f6z\u00f6tt lakott. A b\u00f6lcsess\u00e9g a maga dics\u00e9ret\u00e9t zengi, tiszteletben \u00e1ll Istenn\u00e9l, n\u00e9pe k\u00f6zepette dics\u00e9ri \u00f6nmag\u00e1t. Megsz\u00f3lal a Magass\u00e1gbeli gy\u00fclekezet\u00e9ben, \u00e9s Isten n\u00e9p\u00e9nek serege el\u0151tt eldicsekszik. \u00cdgy besz\u00e9l hozz\u00e1juk: \u201eA mindens\u00e9g Teremt\u0151je parancsot adott nekem, s aki teremtett, kijel\u00f6lte s\u00e1tramnak hely\u00e9t. \u00cdgy sz\u00f3lt: \u00bbA s\u00e1tradat J\u00e1kobban \u00fcsd fel, \u00f6r\u00f6kr\u00e9szed Izraelben legyen, \u00e9s v\u00e1lasztottaim k\u00f6z\u00f6tt verj gy\u00f6keret.\u00ab \u0150sid\u0151kt\u0151l fogva, a kezdet kezdet\u00e9n teremtett, \u00e9s nem pusztulok el soha, mind\u00f6r\u00f6kre. Szolg\u00e1ltam el\u0151tte szent s\u00e1tr\u00e1ban, majd pedig Sionban kaptam lak\u00f3helyet. Letelepedtem a szeretett v\u00e1rosban, s Jeruzs\u00e1lemben van uralmam sz\u00e9khelye. Dics\u0151s\u00e9ges n\u00e9p k\u00f6zt vertem \u00edgy gy\u00f6keret, az \u00darnak r\u00e9sz\u00e9ben, az \u0151 \u00f6r\u00f6kr\u00e9sz\u00e9n, s a szentek gy\u00fclekezet\u00e9ben megtelepedtem.\u201d Ez az Isten ig\u00e9je. V\u00c1LASZOS ZSOLT\u00c1R (Zsolt 147,12-13.14-15.19-20) V\u00e1lasz:\u00a0Az Ige\u00a0emberr\u00e9 lett, * \u00e9s\u00a0itt\u00a0\u00e9lt k\u00f6z\u00f6tt\u00fcnk.\u00a0Jn 1,14 (7. t\u00f3nus) Vagy:\u00a0Alleluja.\u00a07. sz\u00e1m El\u0151\u00e9nekes: Dics\u00e9rd Uradat,\u00a0Jeruzs\u00e1lem, * magasztald, Sion,\u00a0Istenedet. Mert er\u0151ss\u00e9 tette\u00a0kapuid z\u00e1r\u00e1t, * \u00e9s meg\u00e1ldotta benned\u00a0fiaidat. H\u00edvek:\u00a0Az Ige\u00a0emberr\u00e9 lett, * \u00e9s\u00a0itt\u00a0\u00e9lt k\u00f6z\u00f6tt\u00fcnk. Vagy: Alleluja. E: Hat\u00e1raidon\u00a0\u0151\u00a0ad b\u00e9k\u00e9t, * \u00e9s j\u00f3llakat\u00a0k\u00f6v\u00e9r b\u00faz\u00e1val. Elk\u00fcldi\u00a0szav\u00e1t a f\u00f6ldre, * az \u0151 ig\u00e9je\u00a0gyorsan terjed&#8230;. <\/p>\n<p><a class=\"readmore\" href=\"https:\/\/stuttgarti-katolikusok.de\/index.php\/karacsonyt-koveto-2-vasarnap\/\">R\u00e9szletek<\/a><\/p>\n","protected":false},"author":3,"featured_media":30095,"comment_status":"closed","ping_status":"closed","sticky":false,"template":"","format":"standard","meta":{"footnotes":""},"categories":[85,63],"tags":[],"class_list":["post-30094","post","type-post","status-publish","format-standard","has-post-thumbnail","hentry","category-a-liturgia-olvasmanyai","category-vasarnapi-gondolatok"],"yoast_head":"<!-- This site is optimized with the Yoast SEO plugin v27.3 - https:\/\/yoast.com\/product\/yoast-seo-wordpress\/ -->\n<title>Kar\u00e1csonyt k\u00f6vet\u0151 2. vas\u00e1rnap - Stuttgarti Katolikusok<\/title>\n<meta name=\"robots\" content=\"index, follow, max-snippet:-1, max-image-preview:large, max-video-preview:-1\" \/>\n<link rel=\"canonical\" href=\"https:\/\/stuttgarti-katolikusok.de\/index.php\/karacsonyt-koveto-2-vasarnap\/\" \/>\n<meta property=\"og:locale\" content=\"hu_HU\" \/>\n<meta property=\"og:type\" content=\"article\" \/>\n<meta property=\"og:title\" content=\"Kar\u00e1csonyt k\u00f6vet\u0151 2. vas\u00e1rnap - Stuttgarti Katolikusok\" \/>\n<meta property=\"og:description\" content=\"Ezen a vas\u00e1rnapon ism\u00e9telten Szent J\u00e1nos apostol evang\u00e9lium\u00e1nak bevezet\u0151j\u00e9b\u0151l (prologus) hangzik el az evang\u00e9liumi r\u00e9sz. Ugyan\u00fagy, mint kar\u00e1csony \u00fcnnep\u00e9nek els\u0151 napj\u00e1n. Ezt igyekeztem meg kibontani elm\u00e9lked\u00e9semben: You are currently viewing a placeholder content from YouTube. To access the actual content, click the button below. Please note that doing so will share data with third-party providers. More Information Unblock content Accept required service and unblock content Kezd\u0151\u00e9nek: Mialatt m\u00e9ly csend borult mindenre, \u00e9s az \u00e9jjel siet\u0151s \u00fatja k\u00f6zep\u00e9n tartott, mindenhat\u00f3 Ig\u00e9d, Urunk, a mennyb\u0151l, kir\u00e1lyi sz\u00e9k\u00e9b\u0151l elj\u00f6tt k\u00f6z\u00e9nk! (B\u00f6lcs 18,14-15) K\u00f6ny\u00f6rg\u00e9s: Mindenhat\u00f3, \u00f6r\u00f6k Isten, te vagy h\u00edveid vil\u00e1goss\u00e1ga. \u00c1raszd j\u00f3s\u00e1gosan mennyei dics\u0151s\u00e9gedet az eg\u00e9sz vil\u00e1gra, hogy minden n\u00e9p f\u00f6l\u00f6tt felragyogjon tiszta f\u00e9nyed. A mi Urunk, J\u00e9zus Krisztus, a te Fiad \u00e1ltal, aki veled \u00e9l \u00e9s uralkodik a Szentl\u00e9lekkel egys\u00e9gben, Isten mind\u00f6r\u00f6kk\u00f6n-\u00f6r\u00f6kk\u00e9. OLVASM\u00c1NY Sir\u00e1k fia k\u00f6nyv\u00e9b\u0151l (Sir 24,1-4.12-16 [gr.1-2.8-12]) Isten b\u00f6lcsess\u00e9ge a v\u00e1lasztott n\u00e9p k\u00f6z\u00f6tt lakott. A b\u00f6lcsess\u00e9g a maga dics\u00e9ret\u00e9t zengi, tiszteletben \u00e1ll Istenn\u00e9l, n\u00e9pe k\u00f6zepette dics\u00e9ri \u00f6nmag\u00e1t. Megsz\u00f3lal a Magass\u00e1gbeli gy\u00fclekezet\u00e9ben, \u00e9s Isten n\u00e9p\u00e9nek serege el\u0151tt eldicsekszik. \u00cdgy besz\u00e9l hozz\u00e1juk: \u201eA mindens\u00e9g Teremt\u0151je parancsot adott nekem, s aki teremtett, kijel\u00f6lte s\u00e1tramnak hely\u00e9t. \u00cdgy sz\u00f3lt: \u00bbA s\u00e1tradat J\u00e1kobban \u00fcsd fel, \u00f6r\u00f6kr\u00e9szed Izraelben legyen, \u00e9s v\u00e1lasztottaim k\u00f6z\u00f6tt verj gy\u00f6keret.\u00ab \u0150sid\u0151kt\u0151l fogva, a kezdet kezdet\u00e9n teremtett, \u00e9s nem pusztulok el soha, mind\u00f6r\u00f6kre. Szolg\u00e1ltam el\u0151tte szent s\u00e1tr\u00e1ban, majd pedig Sionban kaptam lak\u00f3helyet. Letelepedtem a szeretett v\u00e1rosban, s Jeruzs\u00e1lemben van uralmam sz\u00e9khelye. Dics\u0151s\u00e9ges n\u00e9p k\u00f6zt vertem \u00edgy gy\u00f6keret, az \u00darnak r\u00e9sz\u00e9ben, az \u0151 \u00f6r\u00f6kr\u00e9sz\u00e9n, s a szentek gy\u00fclekezet\u00e9ben megtelepedtem.\u201d Ez az Isten ig\u00e9je. V\u00c1LASZOS ZSOLT\u00c1R (Zsolt 147,12-13.14-15.19-20) V\u00e1lasz:\u00a0Az Ige\u00a0emberr\u00e9 lett, * \u00e9s\u00a0itt\u00a0\u00e9lt k\u00f6z\u00f6tt\u00fcnk.\u00a0Jn 1,14 (7. t\u00f3nus) Vagy:\u00a0Alleluja.\u00a07. sz\u00e1m El\u0151\u00e9nekes: Dics\u00e9rd Uradat,\u00a0Jeruzs\u00e1lem, * magasztald, Sion,\u00a0Istenedet. Mert er\u0151ss\u00e9 tette\u00a0kapuid z\u00e1r\u00e1t, * \u00e9s meg\u00e1ldotta benned\u00a0fiaidat. H\u00edvek:\u00a0Az Ige\u00a0emberr\u00e9 lett, * \u00e9s\u00a0itt\u00a0\u00e9lt k\u00f6z\u00f6tt\u00fcnk. Vagy: Alleluja. E: Hat\u00e1raidon\u00a0\u0151\u00a0ad b\u00e9k\u00e9t, * \u00e9s j\u00f3llakat\u00a0k\u00f6v\u00e9r b\u00faz\u00e1val. Elk\u00fcldi\u00a0szav\u00e1t a f\u00f6ldre, * az \u0151 ig\u00e9je\u00a0gyorsan terjed.... R\u00e9szletek\" \/>\n<meta property=\"og:url\" content=\"https:\/\/stuttgarti-katolikusok.de\/index.php\/karacsonyt-koveto-2-vasarnap\/\" \/>\n<meta property=\"og:site_name\" content=\"Stuttgarti Katolikusok\" \/>\n<meta property=\"article:published_time\" content=\"2025-01-04T23:31:03+00:00\" \/>\n<meta property=\"article:modified_time\" content=\"2025-01-04T23:33:44+00:00\" \/>\n<meta property=\"og:image\" content=\"https:\/\/stuttgarti-katolikusok.de\/wp-content\/uploads\/2025\/01\/balingen-2.jpg\" \/>\n\t<meta property=\"og:image:width\" content=\"1600\" \/>\n\t<meta property=\"og:image:height\" content=\"1200\" \/>\n\t<meta property=\"og:image:type\" content=\"image\/jpeg\" \/>\n<meta name=\"author\" content=\"Tibor atya\" \/>\n<meta name=\"twitter:card\" content=\"summary_large_image\" \/>\n<meta name=\"twitter:label1\" content=\"Szerz\u0151:\" \/>\n\t<meta name=\"twitter:data1\" content=\"Tibor atya\" \/>\n\t<meta name=\"twitter:label2\" content=\"Becs\u00fclt olvas\u00e1si id\u0151\" \/>\n\t<meta name=\"twitter:data2\" content=\"7 perc\" \/>\n<script type=\"application\/ld+json\" class=\"yoast-schema-graph\">{\"@context\":\"https:\\\/\\\/schema.org\",\"@graph\":[{\"@type\":\"Article\",\"@id\":\"https:\\\/\\\/stuttgarti-katolikusok.de\\\/index.php\\\/karacsonyt-koveto-2-vasarnap\\\/#article\",\"isPartOf\":{\"@id\":\"https:\\\/\\\/stuttgarti-katolikusok.de\\\/index.php\\\/karacsonyt-koveto-2-vasarnap\\\/\"},\"author\":{\"name\":\"Tibor atya\",\"@id\":\"https:\\\/\\\/stuttgarti-katolikusok.de\\\/#\\\/schema\\\/person\\\/75908d6f8fdc03a57889d27209df7795\"},\"headline\":\"Kar\u00e1csonyt k\u00f6vet\u0151 2. vas\u00e1rnap\",\"datePublished\":\"2025-01-04T23:31:03+00:00\",\"dateModified\":\"2025-01-04T23:33:44+00:00\",\"mainEntityOfPage\":{\"@id\":\"https:\\\/\\\/stuttgarti-katolikusok.de\\\/index.php\\\/karacsonyt-koveto-2-vasarnap\\\/\"},\"wordCount\":1559,\"image\":{\"@id\":\"https:\\\/\\\/stuttgarti-katolikusok.de\\\/index.php\\\/karacsonyt-koveto-2-vasarnap\\\/#primaryimage\"},\"thumbnailUrl\":\"https:\\\/\\\/stuttgarti-katolikusok.de\\\/wp-content\\\/uploads\\\/2025\\\/01\\\/balingen-2.jpg\",\"articleSection\":[\"A liturgia olvasm\u00e1nyai\",\"Vas\u00e1rnapi gondolatok\"],\"inLanguage\":\"hu\"},{\"@type\":\"WebPage\",\"@id\":\"https:\\\/\\\/stuttgarti-katolikusok.de\\\/index.php\\\/karacsonyt-koveto-2-vasarnap\\\/\",\"url\":\"https:\\\/\\\/stuttgarti-katolikusok.de\\\/index.php\\\/karacsonyt-koveto-2-vasarnap\\\/\",\"name\":\"Kar\u00e1csonyt k\u00f6vet\u0151 2. vas\u00e1rnap - Stuttgarti Katolikusok\",\"isPartOf\":{\"@id\":\"https:\\\/\\\/stuttgarti-katolikusok.de\\\/#website\"},\"primaryImageOfPage\":{\"@id\":\"https:\\\/\\\/stuttgarti-katolikusok.de\\\/index.php\\\/karacsonyt-koveto-2-vasarnap\\\/#primaryimage\"},\"image\":{\"@id\":\"https:\\\/\\\/stuttgarti-katolikusok.de\\\/index.php\\\/karacsonyt-koveto-2-vasarnap\\\/#primaryimage\"},\"thumbnailUrl\":\"https:\\\/\\\/stuttgarti-katolikusok.de\\\/wp-content\\\/uploads\\\/2025\\\/01\\\/balingen-2.jpg\",\"datePublished\":\"2025-01-04T23:31:03+00:00\",\"dateModified\":\"2025-01-04T23:33:44+00:00\",\"author\":{\"@id\":\"https:\\\/\\\/stuttgarti-katolikusok.de\\\/#\\\/schema\\\/person\\\/75908d6f8fdc03a57889d27209df7795\"},\"breadcrumb\":{\"@id\":\"https:\\\/\\\/stuttgarti-katolikusok.de\\\/index.php\\\/karacsonyt-koveto-2-vasarnap\\\/#breadcrumb\"},\"inLanguage\":\"hu\",\"potentialAction\":[{\"@type\":\"ReadAction\",\"target\":[\"https:\\\/\\\/stuttgarti-katolikusok.de\\\/index.php\\\/karacsonyt-koveto-2-vasarnap\\\/\"]}]},{\"@type\":\"ImageObject\",\"inLanguage\":\"hu\",\"@id\":\"https:\\\/\\\/stuttgarti-katolikusok.de\\\/index.php\\\/karacsonyt-koveto-2-vasarnap\\\/#primaryimage\",\"url\":\"https:\\\/\\\/stuttgarti-katolikusok.de\\\/wp-content\\\/uploads\\\/2025\\\/01\\\/balingen-2.jpg\",\"contentUrl\":\"https:\\\/\\\/stuttgarti-katolikusok.de\\\/wp-content\\\/uploads\\\/2025\\\/01\\\/balingen-2.jpg\",\"width\":1600,\"height\":1200},{\"@type\":\"BreadcrumbList\",\"@id\":\"https:\\\/\\\/stuttgarti-katolikusok.de\\\/index.php\\\/karacsonyt-koveto-2-vasarnap\\\/#breadcrumb\",\"itemListElement\":[{\"@type\":\"ListItem\",\"position\":1,\"name\":\"Kezd\u0151lap\",\"item\":\"https:\\\/\\\/stuttgarti-katolikusok.de\\\/\"},{\"@type\":\"ListItem\",\"position\":2,\"name\":\"Kar\u00e1csonyt k\u00f6vet\u0151 2. vas\u00e1rnap\"}]},{\"@type\":\"WebSite\",\"@id\":\"https:\\\/\\\/stuttgarti-katolikusok.de\\\/#website\",\"url\":\"https:\\\/\\\/stuttgarti-katolikusok.de\\\/\",\"name\":\"Stuttgarti Katolikusok\",\"description\":\"\",\"potentialAction\":[{\"@type\":\"SearchAction\",\"target\":{\"@type\":\"EntryPoint\",\"urlTemplate\":\"https:\\\/\\\/stuttgarti-katolikusok.de\\\/?s={search_term_string}\"},\"query-input\":{\"@type\":\"PropertyValueSpecification\",\"valueRequired\":true,\"valueName\":\"search_term_string\"}}],\"inLanguage\":\"hu\"},{\"@type\":\"Person\",\"@id\":\"https:\\\/\\\/stuttgarti-katolikusok.de\\\/#\\\/schema\\\/person\\\/75908d6f8fdc03a57889d27209df7795\",\"name\":\"Tibor atya\",\"image\":{\"@type\":\"ImageObject\",\"inLanguage\":\"hu\",\"@id\":\"https:\\\/\\\/secure.gravatar.com\\\/avatar\\\/61d268e57d1f4525b111222e29d2d5a7f8c420fdbf231ba5566a8ceac74fa960?s=96&d=mm&r=g\",\"url\":\"https:\\\/\\\/secure.gravatar.com\\\/avatar\\\/61d268e57d1f4525b111222e29d2d5a7f8c420fdbf231ba5566a8ceac74fa960?s=96&d=mm&r=g\",\"contentUrl\":\"https:\\\/\\\/secure.gravatar.com\\\/avatar\\\/61d268e57d1f4525b111222e29d2d5a7f8c420fdbf231ba5566a8ceac74fa960?s=96&d=mm&r=g\",\"caption\":\"Tibor atya\"},\"url\":\"https:\\\/\\\/stuttgarti-katolikusok.de\\\/index.php\\\/author\\\/tibor-atya\\\/\"}]}<\/script>\n<!-- \/ Yoast SEO plugin. -->","yoast_head_json":{"title":"Kar\u00e1csonyt k\u00f6vet\u0151 2. vas\u00e1rnap - Stuttgarti Katolikusok","robots":{"index":"index","follow":"follow","max-snippet":"max-snippet:-1","max-image-preview":"max-image-preview:large","max-video-preview":"max-video-preview:-1"},"canonical":"https:\/\/stuttgarti-katolikusok.de\/index.php\/karacsonyt-koveto-2-vasarnap\/","og_locale":"hu_HU","og_type":"article","og_title":"Kar\u00e1csonyt k\u00f6vet\u0151 2. vas\u00e1rnap - Stuttgarti Katolikusok","og_description":"Ezen a vas\u00e1rnapon ism\u00e9telten Szent J\u00e1nos apostol evang\u00e9lium\u00e1nak bevezet\u0151j\u00e9b\u0151l (prologus) hangzik el az evang\u00e9liumi r\u00e9sz. Ugyan\u00fagy, mint kar\u00e1csony \u00fcnnep\u00e9nek els\u0151 napj\u00e1n. Ezt igyekeztem meg kibontani elm\u00e9lked\u00e9semben: You are currently viewing a placeholder content from YouTube. To access the actual content, click the button below. Please note that doing so will share data with third-party providers. More Information Unblock content Accept required service and unblock content Kezd\u0151\u00e9nek: Mialatt m\u00e9ly csend borult mindenre, \u00e9s az \u00e9jjel siet\u0151s \u00fatja k\u00f6zep\u00e9n tartott, mindenhat\u00f3 Ig\u00e9d, Urunk, a mennyb\u0151l, kir\u00e1lyi sz\u00e9k\u00e9b\u0151l elj\u00f6tt k\u00f6z\u00e9nk! (B\u00f6lcs 18,14-15) K\u00f6ny\u00f6rg\u00e9s: Mindenhat\u00f3, \u00f6r\u00f6k Isten, te vagy h\u00edveid vil\u00e1goss\u00e1ga. \u00c1raszd j\u00f3s\u00e1gosan mennyei dics\u0151s\u00e9gedet az eg\u00e9sz vil\u00e1gra, hogy minden n\u00e9p f\u00f6l\u00f6tt felragyogjon tiszta f\u00e9nyed. A mi Urunk, J\u00e9zus Krisztus, a te Fiad \u00e1ltal, aki veled \u00e9l \u00e9s uralkodik a Szentl\u00e9lekkel egys\u00e9gben, Isten mind\u00f6r\u00f6kk\u00f6n-\u00f6r\u00f6kk\u00e9. OLVASM\u00c1NY Sir\u00e1k fia k\u00f6nyv\u00e9b\u0151l (Sir 24,1-4.12-16 [gr.1-2.8-12]) Isten b\u00f6lcsess\u00e9ge a v\u00e1lasztott n\u00e9p k\u00f6z\u00f6tt lakott. A b\u00f6lcsess\u00e9g a maga dics\u00e9ret\u00e9t zengi, tiszteletben \u00e1ll Istenn\u00e9l, n\u00e9pe k\u00f6zepette dics\u00e9ri \u00f6nmag\u00e1t. Megsz\u00f3lal a Magass\u00e1gbeli gy\u00fclekezet\u00e9ben, \u00e9s Isten n\u00e9p\u00e9nek serege el\u0151tt eldicsekszik. \u00cdgy besz\u00e9l hozz\u00e1juk: \u201eA mindens\u00e9g Teremt\u0151je parancsot adott nekem, s aki teremtett, kijel\u00f6lte s\u00e1tramnak hely\u00e9t. \u00cdgy sz\u00f3lt: \u00bbA s\u00e1tradat J\u00e1kobban \u00fcsd fel, \u00f6r\u00f6kr\u00e9szed Izraelben legyen, \u00e9s v\u00e1lasztottaim k\u00f6z\u00f6tt verj gy\u00f6keret.\u00ab \u0150sid\u0151kt\u0151l fogva, a kezdet kezdet\u00e9n teremtett, \u00e9s nem pusztulok el soha, mind\u00f6r\u00f6kre. Szolg\u00e1ltam el\u0151tte szent s\u00e1tr\u00e1ban, majd pedig Sionban kaptam lak\u00f3helyet. Letelepedtem a szeretett v\u00e1rosban, s Jeruzs\u00e1lemben van uralmam sz\u00e9khelye. Dics\u0151s\u00e9ges n\u00e9p k\u00f6zt vertem \u00edgy gy\u00f6keret, az \u00darnak r\u00e9sz\u00e9ben, az \u0151 \u00f6r\u00f6kr\u00e9sz\u00e9n, s a szentek gy\u00fclekezet\u00e9ben megtelepedtem.\u201d Ez az Isten ig\u00e9je. V\u00c1LASZOS ZSOLT\u00c1R (Zsolt 147,12-13.14-15.19-20) V\u00e1lasz:\u00a0Az Ige\u00a0emberr\u00e9 lett, * \u00e9s\u00a0itt\u00a0\u00e9lt k\u00f6z\u00f6tt\u00fcnk.\u00a0Jn 1,14 (7. t\u00f3nus) Vagy:\u00a0Alleluja.\u00a07. sz\u00e1m El\u0151\u00e9nekes: Dics\u00e9rd Uradat,\u00a0Jeruzs\u00e1lem, * magasztald, Sion,\u00a0Istenedet. Mert er\u0151ss\u00e9 tette\u00a0kapuid z\u00e1r\u00e1t, * \u00e9s meg\u00e1ldotta benned\u00a0fiaidat. H\u00edvek:\u00a0Az Ige\u00a0emberr\u00e9 lett, * \u00e9s\u00a0itt\u00a0\u00e9lt k\u00f6z\u00f6tt\u00fcnk. Vagy: Alleluja. E: Hat\u00e1raidon\u00a0\u0151\u00a0ad b\u00e9k\u00e9t, * \u00e9s j\u00f3llakat\u00a0k\u00f6v\u00e9r b\u00faz\u00e1val. Elk\u00fcldi\u00a0szav\u00e1t a f\u00f6ldre, * az \u0151 ig\u00e9je\u00a0gyorsan terjed.... R\u00e9szletek","og_url":"https:\/\/stuttgarti-katolikusok.de\/index.php\/karacsonyt-koveto-2-vasarnap\/","og_site_name":"Stuttgarti Katolikusok","article_published_time":"2025-01-04T23:31:03+00:00","article_modified_time":"2025-01-04T23:33:44+00:00","og_image":[{"width":1600,"height":1200,"url":"https:\/\/stuttgarti-katolikusok.de\/wp-content\/uploads\/2025\/01\/balingen-2.jpg","type":"image\/jpeg"}],"author":"Tibor atya","twitter_card":"summary_large_image","twitter_misc":{"Szerz\u0151:":"Tibor atya","Becs\u00fclt olvas\u00e1si id\u0151":"7 perc"},"schema":{"@context":"https:\/\/schema.org","@graph":[{"@type":"Article","@id":"https:\/\/stuttgarti-katolikusok.de\/index.php\/karacsonyt-koveto-2-vasarnap\/#article","isPartOf":{"@id":"https:\/\/stuttgarti-katolikusok.de\/index.php\/karacsonyt-koveto-2-vasarnap\/"},"author":{"name":"Tibor atya","@id":"https:\/\/stuttgarti-katolikusok.de\/#\/schema\/person\/75908d6f8fdc03a57889d27209df7795"},"headline":"Kar\u00e1csonyt k\u00f6vet\u0151 2. vas\u00e1rnap","datePublished":"2025-01-04T23:31:03+00:00","dateModified":"2025-01-04T23:33:44+00:00","mainEntityOfPage":{"@id":"https:\/\/stuttgarti-katolikusok.de\/index.php\/karacsonyt-koveto-2-vasarnap\/"},"wordCount":1559,"image":{"@id":"https:\/\/stuttgarti-katolikusok.de\/index.php\/karacsonyt-koveto-2-vasarnap\/#primaryimage"},"thumbnailUrl":"https:\/\/stuttgarti-katolikusok.de\/wp-content\/uploads\/2025\/01\/balingen-2.jpg","articleSection":["A liturgia olvasm\u00e1nyai","Vas\u00e1rnapi gondolatok"],"inLanguage":"hu"},{"@type":"WebPage","@id":"https:\/\/stuttgarti-katolikusok.de\/index.php\/karacsonyt-koveto-2-vasarnap\/","url":"https:\/\/stuttgarti-katolikusok.de\/index.php\/karacsonyt-koveto-2-vasarnap\/","name":"Kar\u00e1csonyt k\u00f6vet\u0151 2. vas\u00e1rnap - Stuttgarti Katolikusok","isPartOf":{"@id":"https:\/\/stuttgarti-katolikusok.de\/#website"},"primaryImageOfPage":{"@id":"https:\/\/stuttgarti-katolikusok.de\/index.php\/karacsonyt-koveto-2-vasarnap\/#primaryimage"},"image":{"@id":"https:\/\/stuttgarti-katolikusok.de\/index.php\/karacsonyt-koveto-2-vasarnap\/#primaryimage"},"thumbnailUrl":"https:\/\/stuttgarti-katolikusok.de\/wp-content\/uploads\/2025\/01\/balingen-2.jpg","datePublished":"2025-01-04T23:31:03+00:00","dateModified":"2025-01-04T23:33:44+00:00","author":{"@id":"https:\/\/stuttgarti-katolikusok.de\/#\/schema\/person\/75908d6f8fdc03a57889d27209df7795"},"breadcrumb":{"@id":"https:\/\/stuttgarti-katolikusok.de\/index.php\/karacsonyt-koveto-2-vasarnap\/#breadcrumb"},"inLanguage":"hu","potentialAction":[{"@type":"ReadAction","target":["https:\/\/stuttgarti-katolikusok.de\/index.php\/karacsonyt-koveto-2-vasarnap\/"]}]},{"@type":"ImageObject","inLanguage":"hu","@id":"https:\/\/stuttgarti-katolikusok.de\/index.php\/karacsonyt-koveto-2-vasarnap\/#primaryimage","url":"https:\/\/stuttgarti-katolikusok.de\/wp-content\/uploads\/2025\/01\/balingen-2.jpg","contentUrl":"https:\/\/stuttgarti-katolikusok.de\/wp-content\/uploads\/2025\/01\/balingen-2.jpg","width":1600,"height":1200},{"@type":"BreadcrumbList","@id":"https:\/\/stuttgarti-katolikusok.de\/index.php\/karacsonyt-koveto-2-vasarnap\/#breadcrumb","itemListElement":[{"@type":"ListItem","position":1,"name":"Kezd\u0151lap","item":"https:\/\/stuttgarti-katolikusok.de\/"},{"@type":"ListItem","position":2,"name":"Kar\u00e1csonyt k\u00f6vet\u0151 2. vas\u00e1rnap"}]},{"@type":"WebSite","@id":"https:\/\/stuttgarti-katolikusok.de\/#website","url":"https:\/\/stuttgarti-katolikusok.de\/","name":"Stuttgarti Katolikusok","description":"","potentialAction":[{"@type":"SearchAction","target":{"@type":"EntryPoint","urlTemplate":"https:\/\/stuttgarti-katolikusok.de\/?s={search_term_string}"},"query-input":{"@type":"PropertyValueSpecification","valueRequired":true,"valueName":"search_term_string"}}],"inLanguage":"hu"},{"@type":"Person","@id":"https:\/\/stuttgarti-katolikusok.de\/#\/schema\/person\/75908d6f8fdc03a57889d27209df7795","name":"Tibor atya","image":{"@type":"ImageObject","inLanguage":"hu","@id":"https:\/\/secure.gravatar.com\/avatar\/61d268e57d1f4525b111222e29d2d5a7f8c420fdbf231ba5566a8ceac74fa960?s=96&d=mm&r=g","url":"https:\/\/secure.gravatar.com\/avatar\/61d268e57d1f4525b111222e29d2d5a7f8c420fdbf231ba5566a8ceac74fa960?s=96&d=mm&r=g","contentUrl":"https:\/\/secure.gravatar.com\/avatar\/61d268e57d1f4525b111222e29d2d5a7f8c420fdbf231ba5566a8ceac74fa960?s=96&d=mm&r=g","caption":"Tibor atya"},"url":"https:\/\/stuttgarti-katolikusok.de\/index.php\/author\/tibor-atya\/"}]}},"_links":{"self":[{"href":"https:\/\/stuttgarti-katolikusok.de\/index.php\/wp-json\/wp\/v2\/posts\/30094","targetHints":{"allow":["GET"]}}],"collection":[{"href":"https:\/\/stuttgarti-katolikusok.de\/index.php\/wp-json\/wp\/v2\/posts"}],"about":[{"href":"https:\/\/stuttgarti-katolikusok.de\/index.php\/wp-json\/wp\/v2\/types\/post"}],"author":[{"embeddable":true,"href":"https:\/\/stuttgarti-katolikusok.de\/index.php\/wp-json\/wp\/v2\/users\/3"}],"replies":[{"embeddable":true,"href":"https:\/\/stuttgarti-katolikusok.de\/index.php\/wp-json\/wp\/v2\/comments?post=30094"}],"version-history":[{"count":3,"href":"https:\/\/stuttgarti-katolikusok.de\/index.php\/wp-json\/wp\/v2\/posts\/30094\/revisions"}],"predecessor-version":[{"id":30100,"href":"https:\/\/stuttgarti-katolikusok.de\/index.php\/wp-json\/wp\/v2\/posts\/30094\/revisions\/30100"}],"wp:featuredmedia":[{"embeddable":true,"href":"https:\/\/stuttgarti-katolikusok.de\/index.php\/wp-json\/wp\/v2\/media\/30095"}],"wp:attachment":[{"href":"https:\/\/stuttgarti-katolikusok.de\/index.php\/wp-json\/wp\/v2\/media?parent=30094"}],"wp:term":[{"taxonomy":"category","embeddable":true,"href":"https:\/\/stuttgarti-katolikusok.de\/index.php\/wp-json\/wp\/v2\/categories?post=30094"},{"taxonomy":"post_tag","embeddable":true,"href":"https:\/\/stuttgarti-katolikusok.de\/index.php\/wp-json\/wp\/v2\/tags?post=30094"}],"curies":[{"name":"wp","href":"https:\/\/api.w.org\/{rel}","templated":true}]}}