{"id":30074,"date":"2025-12-31T08:12:00","date_gmt":"2025-12-31T07:12:00","guid":{"rendered":"https:\/\/stuttgarti-katolikusok.de\/?p=30074"},"modified":"2025-12-31T09:53:58","modified_gmt":"2025-12-31T08:53:58","slug":"igen-szent-ii-janos-pal-papa-halaado-imadsaga","status":"publish","type":"post","link":"https:\/\/stuttgarti-katolikusok.de\/index.php\/igen-szent-ii-janos-pal-papa-halaado-imadsaga\/","title":{"rendered":"Igen \u2013 Szent II. J\u00e1nos P\u00e1l p\u00e1pa h\u00e1laad\u00f3 im\u00e1ds\u00e1ga"},"content":{"rendered":"<p><span style=\"color: #ff6600;\"><em>Szent II. J\u00e1nos P\u00e1l p\u00e1pa gy\u00f6ny\u00f6r\u0171 im\u00e1ds\u00e1g\u00e1val k\u00f6sz\u00f6n\u00fcnk el az \u00f3esztend\u0151t\u0151l \u00e9s tekint\u00fcnk bizalommal az \u00faj esztend\u0151re a rem\u00e9ny zar\u00e1ndokaik\u00e9nt.<\/em><\/span><\/p>\n<p><strong>\u00a0<\/strong>\u201eUram, k\u00f6sz\u00f6n\u00f6m neked az aj\u00e1nd\u00e9kba kapott \u00e9veket \u00e9s \u00e9vtizedeket! K\u00f6sz\u00f6n\u00f6m az \u00e9letem minden eredm\u00e9ny\u00e9t, amivel meg\u00f6rvendeztett\u00e9l \u00e9s minden kudarc\u00e1t, amivel a korl\u00e1tjaimra figyelmeztett\u00e9l.<\/p>\n<p>K\u00f6sz\u00f6n\u00f6m a csal\u00e1dtagjaimat, akik elviselnek, akik mellettem \u00e1llnak \u00e9s szeretnek.<\/p>\n<p>Uram, k\u00e9rlek, bocs\u00e1jtsd meg, amit rosszul tettem, \u00e9s amit elmulasztottam. K\u00f6sz\u00f6n\u00f6m, hogy Te nem m\u00e9sz nyugd\u00edjba, hanem ma is mindent megteszel az \u00fcdv\u00f6ss\u00e9gemre.<\/p>\n<p>Uram, adj nekem h\u00e1l\u00e1s sz\u00edvet, hogy mindig \u00e9szrevegyem, t\u00f6bb okom van a h\u00e1l\u00e1ra, mint a panaszra.<\/p>\n<p>Ments meg az irigys\u00e9gt\u0151l, el\u00e9gedetlens\u00e9gt\u0151l, nyugtalans\u00e1gt\u00f3l, a mindentud\u00e1s l\u00e1tszat\u00e1t\u00f3l \u00e9s a mindent jobban-tud\u00e1s hazugs\u00e1g\u00e1t\u00f3l, a gyan\u00fat\u00f3l, hogy valaki mindig b\u00e1ntani akar.<\/p>\n<p>Ments meg a k\u00f6z\u00f6nyt\u0151l, a h\u00e1zs\u00e1rtos, bar\u00e1ts\u00e1gtalan viselked\u00e9st\u0151l, az \u00f6r\u00f6k\u00f6s zs\u00f6rt\u00f6l\u0151d\u00e9st\u0151l, a r\u00fat \u00f6nz\u00e9st\u0151l, a mindent elbor\u00edt\u00f3 keser\u0171s\u00e9gt\u0151l \u00e9s a hi\u00e1baval\u00f3s\u00e1g nyomaszt\u00f3 \u00e9rz\u00e9s\u00e9t\u0151l.<\/p>\n<p>Uram, adj er\u0151t, hogy b\u00e9k\u00e9sen hordjam az \u00f6regkor terheit, humorral fogadjam a feled\u00e9kenys\u00e9gem jeleit, er\u0151tlens\u00e9gemet, \u00e9rz\u00e9kszerveim tompul\u00e1s\u00e1t, testi \u00e9s szellemi er\u0151m hanyatl\u00e1s\u00e1t.<\/p>\n<p>Uram, adj b\u00f6lcs sz\u00edvet, hogy meg ne feledkezzem a v\u00e9gr\u0151l itt, \u00e9s a kezdetr\u0151l oda\u00e1t.<\/p>\n<p>K\u00e9rlek, adj kedvet a munk\u00e1hoz, amit m\u00e9g elv\u00e9gezhetek.<\/p>\n<p>T\u00e9gy hasznoss\u00e1, hogy ne \u00e9rezzem csak tehernek magamat \u00e9s adj al\u00e1zatot, hogy bel\u00e1ssam, egyre ink\u00e1bb m\u00e1sokra szorulok.<\/p>\n<p>Adj kedvet az im\u00e1ds\u00e1ghoz, a Veled val\u00f3 besz\u00e9lget\u00e9shez.<\/p>\n<p>Adj vil\u00e1goss\u00e1got, hogy j\u00f3l l\u00e1ssam magam, \u00e9s j\u00f3l l\u00e1ssak m\u00e1sokat is.<\/p>\n<p>Adj j\u00f3kedvet \u00e9s nyitotts\u00e1got, hogy m\u00e9g mindig tudjak befogadni \u00e9s adj szeretetet, hogy ne csak panaszkodjak m\u00e1sok hidegs\u00e9ge miatt, hanem \u00e1rasszam a szereteted meleg\u00e9t.<\/p>\n<p>Uram, maradj az, ki mindig volt\u00e1l: a megbocs\u00e1jt\u00f3 \u00c9desaty\u00e1m.<\/p>\n<p>Ez ind\u00edtson arra, hogy \u00e9n is tudjak megbocs\u00e1jtani.<\/p>\n<p>Ne engedd, hogy valaha is f\u00e1radt legyek a k\u00f6sz\u00f6net mond\u00e1s\u00e1hoz.<\/p>\n<p>Ne engedd, hogy valaha is abbahagyjam a dics\u00e9retedet.<\/p>\n<p>Tartsd meg \u00e9s n\u00f6veld a hitemet.<\/p>\n<p>Sz\u00f3l Uram, m\u00e9g hallja a Te szolg\u00e1d.<\/p>\n<p>\u00c1men!\u201d<\/p>\n<p><em>(K\u00e9p forr\u00e1sa: Pixabay)<\/em><\/p>\n","protected":false},"excerpt":{"rendered":"<p>Szent II. J\u00e1nos P\u00e1l p\u00e1pa gy\u00f6ny\u00f6r\u0171 im\u00e1ds\u00e1g\u00e1val k\u00f6sz\u00f6n\u00fcnk el az \u00f3esztend\u0151t\u0151l \u00e9s tekint\u00fcnk bizalommal az \u00faj esztend\u0151re a rem\u00e9ny zar\u00e1ndokaik\u00e9nt. \u00a0\u201eUram, k\u00f6sz\u00f6n\u00f6m neked az aj\u00e1nd\u00e9kba kapott \u00e9veket \u00e9s \u00e9vtizedeket! K\u00f6sz\u00f6n\u00f6m az \u00e9letem minden eredm\u00e9ny\u00e9t, amivel meg\u00f6rvendeztett\u00e9l \u00e9s minden kudarc\u00e1t, amivel a korl\u00e1tjaimra figyelmeztett\u00e9l. K\u00f6sz\u00f6n\u00f6m a csal\u00e1dtagjaimat, akik elviselnek, akik mellettem \u00e1llnak \u00e9s szeretnek. Uram, k\u00e9rlek, bocs\u00e1jtsd meg, amit rosszul tettem, \u00e9s amit elmulasztottam. K\u00f6sz\u00f6n\u00f6m, hogy Te nem m\u00e9sz nyugd\u00edjba, hanem ma is mindent megteszel az \u00fcdv\u00f6ss\u00e9gemre. Uram, adj nekem h\u00e1l\u00e1s sz\u00edvet, hogy mindig \u00e9szrevegyem, t\u00f6bb okom van a h\u00e1l\u00e1ra, mint a panaszra. Ments meg az irigys\u00e9gt\u0151l, el\u00e9gedetlens\u00e9gt\u0151l, nyugtalans\u00e1gt\u00f3l, a mindentud\u00e1s l\u00e1tszat\u00e1t\u00f3l \u00e9s a mindent jobban-tud\u00e1s hazugs\u00e1g\u00e1t\u00f3l, a gyan\u00fat\u00f3l, hogy valaki mindig b\u00e1ntani akar. Ments meg a k\u00f6z\u00f6nyt\u0151l, a h\u00e1zs\u00e1rtos, bar\u00e1ts\u00e1gtalan viselked\u00e9st\u0151l, az \u00f6r\u00f6k\u00f6s zs\u00f6rt\u00f6l\u0151d\u00e9st\u0151l, a r\u00fat \u00f6nz\u00e9st\u0151l, a mindent elbor\u00edt\u00f3 keser\u0171s\u00e9gt\u0151l \u00e9s a hi\u00e1baval\u00f3s\u00e1g nyomaszt\u00f3 \u00e9rz\u00e9s\u00e9t\u0151l. Uram, adj er\u0151t, hogy b\u00e9k\u00e9sen hordjam az \u00f6regkor terheit, humorral fogadjam a feled\u00e9kenys\u00e9gem jeleit, er\u0151tlens\u00e9gemet, \u00e9rz\u00e9kszerveim tompul\u00e1s\u00e1t, testi \u00e9s szellemi er\u0151m hanyatl\u00e1s\u00e1t. Uram, adj b\u00f6lcs sz\u00edvet, hogy meg ne feledkezzem a v\u00e9gr\u0151l itt, \u00e9s a kezdetr\u0151l oda\u00e1t. K\u00e9rlek, adj kedvet a munk\u00e1hoz, amit m\u00e9g elv\u00e9gezhetek. T\u00e9gy hasznoss\u00e1, hogy ne \u00e9rezzem csak tehernek magamat \u00e9s adj al\u00e1zatot, hogy bel\u00e1ssam, egyre ink\u00e1bb m\u00e1sokra szorulok. Adj kedvet az im\u00e1ds\u00e1ghoz, a Veled val\u00f3 besz\u00e9lget\u00e9shez. Adj vil\u00e1goss\u00e1got, hogy j\u00f3l l\u00e1ssam magam, \u00e9s j\u00f3l l\u00e1ssak m\u00e1sokat is. Adj j\u00f3kedvet \u00e9s nyitotts\u00e1got, hogy m\u00e9g mindig tudjak befogadni \u00e9s adj szeretetet, hogy ne csak panaszkodjak m\u00e1sok hidegs\u00e9ge miatt, hanem \u00e1rasszam a szereteted meleg\u00e9t. Uram, maradj az, ki mindig volt\u00e1l: a megbocs\u00e1jt\u00f3 \u00c9desaty\u00e1m. Ez ind\u00edtson arra, hogy \u00e9n is tudjak megbocs\u00e1jtani. Ne engedd, hogy valaha is f\u00e1radt legyek a k\u00f6sz\u00f6net mond\u00e1s\u00e1hoz. Ne engedd, hogy valaha is abbahagyjam a dics\u00e9retedet. Tartsd meg \u00e9s n\u00f6veld a hitemet. Sz\u00f3l Uram, m\u00e9g hallja a Te szolg\u00e1d. \u00c1men!\u201d (K\u00e9p forr\u00e1sa: Pixabay)<\/p>\n","protected":false},"author":3,"featured_media":30075,"comment_status":"closed","ping_status":"closed","sticky":false,"template":"","format":"standard","meta":{"footnotes":""},"categories":[24],"tags":[],"class_list":["post-30074","post","type-post","status-publish","format-standard","has-post-thumbnail","hentry","category-gondolatok"],"yoast_head":"<!-- This site is optimized with the Yoast SEO plugin v27.3 - https:\/\/yoast.com\/product\/yoast-seo-wordpress\/ -->\n<title>Igen \u2013 Szent II. J\u00e1nos P\u00e1l p\u00e1pa h\u00e1laad\u00f3 im\u00e1ds\u00e1ga - Stuttgarti Katolikusok<\/title>\n<meta name=\"robots\" content=\"index, follow, max-snippet:-1, max-image-preview:large, max-video-preview:-1\" \/>\n<link rel=\"canonical\" href=\"https:\/\/stuttgarti-katolikusok.de\/index.php\/igen-szent-ii-janos-pal-papa-halaado-imadsaga\/\" \/>\n<meta property=\"og:locale\" content=\"hu_HU\" \/>\n<meta property=\"og:type\" content=\"article\" \/>\n<meta property=\"og:title\" content=\"Igen \u2013 Szent II. J\u00e1nos P\u00e1l p\u00e1pa h\u00e1laad\u00f3 im\u00e1ds\u00e1ga - Stuttgarti Katolikusok\" \/>\n<meta property=\"og:description\" content=\"Szent II. J\u00e1nos P\u00e1l p\u00e1pa gy\u00f6ny\u00f6r\u0171 im\u00e1ds\u00e1g\u00e1val k\u00f6sz\u00f6n\u00fcnk el az \u00f3esztend\u0151t\u0151l \u00e9s tekint\u00fcnk bizalommal az \u00faj esztend\u0151re a rem\u00e9ny zar\u00e1ndokaik\u00e9nt. \u00a0\u201eUram, k\u00f6sz\u00f6n\u00f6m neked az aj\u00e1nd\u00e9kba kapott \u00e9veket \u00e9s \u00e9vtizedeket! K\u00f6sz\u00f6n\u00f6m az \u00e9letem minden eredm\u00e9ny\u00e9t, amivel meg\u00f6rvendeztett\u00e9l \u00e9s minden kudarc\u00e1t, amivel a korl\u00e1tjaimra figyelmeztett\u00e9l. K\u00f6sz\u00f6n\u00f6m a csal\u00e1dtagjaimat, akik elviselnek, akik mellettem \u00e1llnak \u00e9s szeretnek. Uram, k\u00e9rlek, bocs\u00e1jtsd meg, amit rosszul tettem, \u00e9s amit elmulasztottam. K\u00f6sz\u00f6n\u00f6m, hogy Te nem m\u00e9sz nyugd\u00edjba, hanem ma is mindent megteszel az \u00fcdv\u00f6ss\u00e9gemre. Uram, adj nekem h\u00e1l\u00e1s sz\u00edvet, hogy mindig \u00e9szrevegyem, t\u00f6bb okom van a h\u00e1l\u00e1ra, mint a panaszra. Ments meg az irigys\u00e9gt\u0151l, el\u00e9gedetlens\u00e9gt\u0151l, nyugtalans\u00e1gt\u00f3l, a mindentud\u00e1s l\u00e1tszat\u00e1t\u00f3l \u00e9s a mindent jobban-tud\u00e1s hazugs\u00e1g\u00e1t\u00f3l, a gyan\u00fat\u00f3l, hogy valaki mindig b\u00e1ntani akar. Ments meg a k\u00f6z\u00f6nyt\u0151l, a h\u00e1zs\u00e1rtos, bar\u00e1ts\u00e1gtalan viselked\u00e9st\u0151l, az \u00f6r\u00f6k\u00f6s zs\u00f6rt\u00f6l\u0151d\u00e9st\u0151l, a r\u00fat \u00f6nz\u00e9st\u0151l, a mindent elbor\u00edt\u00f3 keser\u0171s\u00e9gt\u0151l \u00e9s a hi\u00e1baval\u00f3s\u00e1g nyomaszt\u00f3 \u00e9rz\u00e9s\u00e9t\u0151l. Uram, adj er\u0151t, hogy b\u00e9k\u00e9sen hordjam az \u00f6regkor terheit, humorral fogadjam a feled\u00e9kenys\u00e9gem jeleit, er\u0151tlens\u00e9gemet, \u00e9rz\u00e9kszerveim tompul\u00e1s\u00e1t, testi \u00e9s szellemi er\u0151m hanyatl\u00e1s\u00e1t. Uram, adj b\u00f6lcs sz\u00edvet, hogy meg ne feledkezzem a v\u00e9gr\u0151l itt, \u00e9s a kezdetr\u0151l oda\u00e1t. K\u00e9rlek, adj kedvet a munk\u00e1hoz, amit m\u00e9g elv\u00e9gezhetek. T\u00e9gy hasznoss\u00e1, hogy ne \u00e9rezzem csak tehernek magamat \u00e9s adj al\u00e1zatot, hogy bel\u00e1ssam, egyre ink\u00e1bb m\u00e1sokra szorulok. Adj kedvet az im\u00e1ds\u00e1ghoz, a Veled val\u00f3 besz\u00e9lget\u00e9shez. Adj vil\u00e1goss\u00e1got, hogy j\u00f3l l\u00e1ssam magam, \u00e9s j\u00f3l l\u00e1ssak m\u00e1sokat is. Adj j\u00f3kedvet \u00e9s nyitotts\u00e1got, hogy m\u00e9g mindig tudjak befogadni \u00e9s adj szeretetet, hogy ne csak panaszkodjak m\u00e1sok hidegs\u00e9ge miatt, hanem \u00e1rasszam a szereteted meleg\u00e9t. Uram, maradj az, ki mindig volt\u00e1l: a megbocs\u00e1jt\u00f3 \u00c9desaty\u00e1m. Ez ind\u00edtson arra, hogy \u00e9n is tudjak megbocs\u00e1jtani. Ne engedd, hogy valaha is f\u00e1radt legyek a k\u00f6sz\u00f6net mond\u00e1s\u00e1hoz. Ne engedd, hogy valaha is abbahagyjam a dics\u00e9retedet. Tartsd meg \u00e9s n\u00f6veld a hitemet. Sz\u00f3l Uram, m\u00e9g hallja a Te szolg\u00e1d. \u00c1men!\u201d (K\u00e9p forr\u00e1sa: Pixabay)\" \/>\n<meta property=\"og:url\" content=\"https:\/\/stuttgarti-katolikusok.de\/index.php\/igen-szent-ii-janos-pal-papa-halaado-imadsaga\/\" \/>\n<meta property=\"og:site_name\" content=\"Stuttgarti Katolikusok\" \/>\n<meta property=\"article:published_time\" content=\"2025-12-31T07:12:00+00:00\" \/>\n<meta property=\"article:modified_time\" content=\"2025-12-31T08:53:58+00:00\" \/>\n<meta property=\"og:image\" content=\"https:\/\/stuttgarti-katolikusok.de\/wp-content\/uploads\/2025\/01\/praying-hands-2535750-1280.png\" \/>\n\t<meta property=\"og:image:width\" content=\"1280\" \/>\n\t<meta property=\"og:image:height\" content=\"1275\" \/>\n\t<meta property=\"og:image:type\" content=\"image\/png\" \/>\n<meta name=\"author\" content=\"Tibor atya\" \/>\n<meta name=\"twitter:card\" content=\"summary_large_image\" \/>\n<meta name=\"twitter:label1\" content=\"Szerz\u0151:\" \/>\n\t<meta name=\"twitter:data1\" content=\"Tibor atya\" \/>\n\t<meta name=\"twitter:label2\" content=\"Becs\u00fclt olvas\u00e1si id\u0151\" \/>\n\t<meta name=\"twitter:data2\" content=\"2 perc\" \/>\n<script type=\"application\/ld+json\" class=\"yoast-schema-graph\">{\"@context\":\"https:\\\/\\\/schema.org\",\"@graph\":[{\"@type\":\"Article\",\"@id\":\"https:\\\/\\\/stuttgarti-katolikusok.de\\\/index.php\\\/igen-szent-ii-janos-pal-papa-halaado-imadsaga\\\/#article\",\"isPartOf\":{\"@id\":\"https:\\\/\\\/stuttgarti-katolikusok.de\\\/index.php\\\/igen-szent-ii-janos-pal-papa-halaado-imadsaga\\\/\"},\"author\":{\"name\":\"Tibor atya\",\"@id\":\"https:\\\/\\\/stuttgarti-katolikusok.de\\\/#\\\/schema\\\/person\\\/75908d6f8fdc03a57889d27209df7795\"},\"headline\":\"Igen \u2013 Szent II. J\u00e1nos P\u00e1l p\u00e1pa h\u00e1laad\u00f3 im\u00e1ds\u00e1ga\",\"datePublished\":\"2025-12-31T07:12:00+00:00\",\"dateModified\":\"2025-12-31T08:53:58+00:00\",\"mainEntityOfPage\":{\"@id\":\"https:\\\/\\\/stuttgarti-katolikusok.de\\\/index.php\\\/igen-szent-ii-janos-pal-papa-halaado-imadsaga\\\/\"},\"wordCount\":468,\"image\":{\"@id\":\"https:\\\/\\\/stuttgarti-katolikusok.de\\\/index.php\\\/igen-szent-ii-janos-pal-papa-halaado-imadsaga\\\/#primaryimage\"},\"thumbnailUrl\":\"https:\\\/\\\/stuttgarti-katolikusok.de\\\/wp-content\\\/uploads\\\/2025\\\/01\\\/praying-hands-2535750-1280.png\",\"articleSection\":[\"Gondolatok\"],\"inLanguage\":\"hu\"},{\"@type\":\"WebPage\",\"@id\":\"https:\\\/\\\/stuttgarti-katolikusok.de\\\/index.php\\\/igen-szent-ii-janos-pal-papa-halaado-imadsaga\\\/\",\"url\":\"https:\\\/\\\/stuttgarti-katolikusok.de\\\/index.php\\\/igen-szent-ii-janos-pal-papa-halaado-imadsaga\\\/\",\"name\":\"Igen \u2013 Szent II. J\u00e1nos P\u00e1l p\u00e1pa h\u00e1laad\u00f3 im\u00e1ds\u00e1ga - Stuttgarti Katolikusok\",\"isPartOf\":{\"@id\":\"https:\\\/\\\/stuttgarti-katolikusok.de\\\/#website\"},\"primaryImageOfPage\":{\"@id\":\"https:\\\/\\\/stuttgarti-katolikusok.de\\\/index.php\\\/igen-szent-ii-janos-pal-papa-halaado-imadsaga\\\/#primaryimage\"},\"image\":{\"@id\":\"https:\\\/\\\/stuttgarti-katolikusok.de\\\/index.php\\\/igen-szent-ii-janos-pal-papa-halaado-imadsaga\\\/#primaryimage\"},\"thumbnailUrl\":\"https:\\\/\\\/stuttgarti-katolikusok.de\\\/wp-content\\\/uploads\\\/2025\\\/01\\\/praying-hands-2535750-1280.png\",\"datePublished\":\"2025-12-31T07:12:00+00:00\",\"dateModified\":\"2025-12-31T08:53:58+00:00\",\"author\":{\"@id\":\"https:\\\/\\\/stuttgarti-katolikusok.de\\\/#\\\/schema\\\/person\\\/75908d6f8fdc03a57889d27209df7795\"},\"breadcrumb\":{\"@id\":\"https:\\\/\\\/stuttgarti-katolikusok.de\\\/index.php\\\/igen-szent-ii-janos-pal-papa-halaado-imadsaga\\\/#breadcrumb\"},\"inLanguage\":\"hu\",\"potentialAction\":[{\"@type\":\"ReadAction\",\"target\":[\"https:\\\/\\\/stuttgarti-katolikusok.de\\\/index.php\\\/igen-szent-ii-janos-pal-papa-halaado-imadsaga\\\/\"]}]},{\"@type\":\"ImageObject\",\"inLanguage\":\"hu\",\"@id\":\"https:\\\/\\\/stuttgarti-katolikusok.de\\\/index.php\\\/igen-szent-ii-janos-pal-papa-halaado-imadsaga\\\/#primaryimage\",\"url\":\"https:\\\/\\\/stuttgarti-katolikusok.de\\\/wp-content\\\/uploads\\\/2025\\\/01\\\/praying-hands-2535750-1280.png\",\"contentUrl\":\"https:\\\/\\\/stuttgarti-katolikusok.de\\\/wp-content\\\/uploads\\\/2025\\\/01\\\/praying-hands-2535750-1280.png\",\"width\":1280,\"height\":1275},{\"@type\":\"BreadcrumbList\",\"@id\":\"https:\\\/\\\/stuttgarti-katolikusok.de\\\/index.php\\\/igen-szent-ii-janos-pal-papa-halaado-imadsaga\\\/#breadcrumb\",\"itemListElement\":[{\"@type\":\"ListItem\",\"position\":1,\"name\":\"Kezd\u0151lap\",\"item\":\"https:\\\/\\\/stuttgarti-katolikusok.de\\\/\"},{\"@type\":\"ListItem\",\"position\":2,\"name\":\"Igen \u2013 Szent II. J\u00e1nos P\u00e1l p\u00e1pa h\u00e1laad\u00f3 im\u00e1ds\u00e1ga\"}]},{\"@type\":\"WebSite\",\"@id\":\"https:\\\/\\\/stuttgarti-katolikusok.de\\\/#website\",\"url\":\"https:\\\/\\\/stuttgarti-katolikusok.de\\\/\",\"name\":\"Stuttgarti Katolikusok\",\"description\":\"\",\"potentialAction\":[{\"@type\":\"SearchAction\",\"target\":{\"@type\":\"EntryPoint\",\"urlTemplate\":\"https:\\\/\\\/stuttgarti-katolikusok.de\\\/?s={search_term_string}\"},\"query-input\":{\"@type\":\"PropertyValueSpecification\",\"valueRequired\":true,\"valueName\":\"search_term_string\"}}],\"inLanguage\":\"hu\"},{\"@type\":\"Person\",\"@id\":\"https:\\\/\\\/stuttgarti-katolikusok.de\\\/#\\\/schema\\\/person\\\/75908d6f8fdc03a57889d27209df7795\",\"name\":\"Tibor atya\",\"image\":{\"@type\":\"ImageObject\",\"inLanguage\":\"hu\",\"@id\":\"https:\\\/\\\/secure.gravatar.com\\\/avatar\\\/61d268e57d1f4525b111222e29d2d5a7f8c420fdbf231ba5566a8ceac74fa960?s=96&d=mm&r=g\",\"url\":\"https:\\\/\\\/secure.gravatar.com\\\/avatar\\\/61d268e57d1f4525b111222e29d2d5a7f8c420fdbf231ba5566a8ceac74fa960?s=96&d=mm&r=g\",\"contentUrl\":\"https:\\\/\\\/secure.gravatar.com\\\/avatar\\\/61d268e57d1f4525b111222e29d2d5a7f8c420fdbf231ba5566a8ceac74fa960?s=96&d=mm&r=g\",\"caption\":\"Tibor atya\"},\"url\":\"https:\\\/\\\/stuttgarti-katolikusok.de\\\/index.php\\\/author\\\/tibor-atya\\\/\"}]}<\/script>\n<!-- \/ Yoast SEO plugin. -->","yoast_head_json":{"title":"Igen \u2013 Szent II. J\u00e1nos P\u00e1l p\u00e1pa h\u00e1laad\u00f3 im\u00e1ds\u00e1ga - Stuttgarti Katolikusok","robots":{"index":"index","follow":"follow","max-snippet":"max-snippet:-1","max-image-preview":"max-image-preview:large","max-video-preview":"max-video-preview:-1"},"canonical":"https:\/\/stuttgarti-katolikusok.de\/index.php\/igen-szent-ii-janos-pal-papa-halaado-imadsaga\/","og_locale":"hu_HU","og_type":"article","og_title":"Igen \u2013 Szent II. J\u00e1nos P\u00e1l p\u00e1pa h\u00e1laad\u00f3 im\u00e1ds\u00e1ga - Stuttgarti Katolikusok","og_description":"Szent II. J\u00e1nos P\u00e1l p\u00e1pa gy\u00f6ny\u00f6r\u0171 im\u00e1ds\u00e1g\u00e1val k\u00f6sz\u00f6n\u00fcnk el az \u00f3esztend\u0151t\u0151l \u00e9s tekint\u00fcnk bizalommal az \u00faj esztend\u0151re a rem\u00e9ny zar\u00e1ndokaik\u00e9nt. \u00a0\u201eUram, k\u00f6sz\u00f6n\u00f6m neked az aj\u00e1nd\u00e9kba kapott \u00e9veket \u00e9s \u00e9vtizedeket! K\u00f6sz\u00f6n\u00f6m az \u00e9letem minden eredm\u00e9ny\u00e9t, amivel meg\u00f6rvendeztett\u00e9l \u00e9s minden kudarc\u00e1t, amivel a korl\u00e1tjaimra figyelmeztett\u00e9l. K\u00f6sz\u00f6n\u00f6m a csal\u00e1dtagjaimat, akik elviselnek, akik mellettem \u00e1llnak \u00e9s szeretnek. Uram, k\u00e9rlek, bocs\u00e1jtsd meg, amit rosszul tettem, \u00e9s amit elmulasztottam. K\u00f6sz\u00f6n\u00f6m, hogy Te nem m\u00e9sz nyugd\u00edjba, hanem ma is mindent megteszel az \u00fcdv\u00f6ss\u00e9gemre. Uram, adj nekem h\u00e1l\u00e1s sz\u00edvet, hogy mindig \u00e9szrevegyem, t\u00f6bb okom van a h\u00e1l\u00e1ra, mint a panaszra. Ments meg az irigys\u00e9gt\u0151l, el\u00e9gedetlens\u00e9gt\u0151l, nyugtalans\u00e1gt\u00f3l, a mindentud\u00e1s l\u00e1tszat\u00e1t\u00f3l \u00e9s a mindent jobban-tud\u00e1s hazugs\u00e1g\u00e1t\u00f3l, a gyan\u00fat\u00f3l, hogy valaki mindig b\u00e1ntani akar. Ments meg a k\u00f6z\u00f6nyt\u0151l, a h\u00e1zs\u00e1rtos, bar\u00e1ts\u00e1gtalan viselked\u00e9st\u0151l, az \u00f6r\u00f6k\u00f6s zs\u00f6rt\u00f6l\u0151d\u00e9st\u0151l, a r\u00fat \u00f6nz\u00e9st\u0151l, a mindent elbor\u00edt\u00f3 keser\u0171s\u00e9gt\u0151l \u00e9s a hi\u00e1baval\u00f3s\u00e1g nyomaszt\u00f3 \u00e9rz\u00e9s\u00e9t\u0151l. Uram, adj er\u0151t, hogy b\u00e9k\u00e9sen hordjam az \u00f6regkor terheit, humorral fogadjam a feled\u00e9kenys\u00e9gem jeleit, er\u0151tlens\u00e9gemet, \u00e9rz\u00e9kszerveim tompul\u00e1s\u00e1t, testi \u00e9s szellemi er\u0151m hanyatl\u00e1s\u00e1t. Uram, adj b\u00f6lcs sz\u00edvet, hogy meg ne feledkezzem a v\u00e9gr\u0151l itt, \u00e9s a kezdetr\u0151l oda\u00e1t. K\u00e9rlek, adj kedvet a munk\u00e1hoz, amit m\u00e9g elv\u00e9gezhetek. T\u00e9gy hasznoss\u00e1, hogy ne \u00e9rezzem csak tehernek magamat \u00e9s adj al\u00e1zatot, hogy bel\u00e1ssam, egyre ink\u00e1bb m\u00e1sokra szorulok. Adj kedvet az im\u00e1ds\u00e1ghoz, a Veled val\u00f3 besz\u00e9lget\u00e9shez. Adj vil\u00e1goss\u00e1got, hogy j\u00f3l l\u00e1ssam magam, \u00e9s j\u00f3l l\u00e1ssak m\u00e1sokat is. Adj j\u00f3kedvet \u00e9s nyitotts\u00e1got, hogy m\u00e9g mindig tudjak befogadni \u00e9s adj szeretetet, hogy ne csak panaszkodjak m\u00e1sok hidegs\u00e9ge miatt, hanem \u00e1rasszam a szereteted meleg\u00e9t. Uram, maradj az, ki mindig volt\u00e1l: a megbocs\u00e1jt\u00f3 \u00c9desaty\u00e1m. Ez ind\u00edtson arra, hogy \u00e9n is tudjak megbocs\u00e1jtani. Ne engedd, hogy valaha is f\u00e1radt legyek a k\u00f6sz\u00f6net mond\u00e1s\u00e1hoz. Ne engedd, hogy valaha is abbahagyjam a dics\u00e9retedet. Tartsd meg \u00e9s n\u00f6veld a hitemet. Sz\u00f3l Uram, m\u00e9g hallja a Te szolg\u00e1d. \u00c1men!\u201d (K\u00e9p forr\u00e1sa: Pixabay)","og_url":"https:\/\/stuttgarti-katolikusok.de\/index.php\/igen-szent-ii-janos-pal-papa-halaado-imadsaga\/","og_site_name":"Stuttgarti Katolikusok","article_published_time":"2025-12-31T07:12:00+00:00","article_modified_time":"2025-12-31T08:53:58+00:00","og_image":[{"width":1280,"height":1275,"url":"https:\/\/stuttgarti-katolikusok.de\/wp-content\/uploads\/2025\/01\/praying-hands-2535750-1280.png","type":"image\/png"}],"author":"Tibor atya","twitter_card":"summary_large_image","twitter_misc":{"Szerz\u0151:":"Tibor atya","Becs\u00fclt olvas\u00e1si id\u0151":"2 perc"},"schema":{"@context":"https:\/\/schema.org","@graph":[{"@type":"Article","@id":"https:\/\/stuttgarti-katolikusok.de\/index.php\/igen-szent-ii-janos-pal-papa-halaado-imadsaga\/#article","isPartOf":{"@id":"https:\/\/stuttgarti-katolikusok.de\/index.php\/igen-szent-ii-janos-pal-papa-halaado-imadsaga\/"},"author":{"name":"Tibor atya","@id":"https:\/\/stuttgarti-katolikusok.de\/#\/schema\/person\/75908d6f8fdc03a57889d27209df7795"},"headline":"Igen \u2013 Szent II. J\u00e1nos P\u00e1l p\u00e1pa h\u00e1laad\u00f3 im\u00e1ds\u00e1ga","datePublished":"2025-12-31T07:12:00+00:00","dateModified":"2025-12-31T08:53:58+00:00","mainEntityOfPage":{"@id":"https:\/\/stuttgarti-katolikusok.de\/index.php\/igen-szent-ii-janos-pal-papa-halaado-imadsaga\/"},"wordCount":468,"image":{"@id":"https:\/\/stuttgarti-katolikusok.de\/index.php\/igen-szent-ii-janos-pal-papa-halaado-imadsaga\/#primaryimage"},"thumbnailUrl":"https:\/\/stuttgarti-katolikusok.de\/wp-content\/uploads\/2025\/01\/praying-hands-2535750-1280.png","articleSection":["Gondolatok"],"inLanguage":"hu"},{"@type":"WebPage","@id":"https:\/\/stuttgarti-katolikusok.de\/index.php\/igen-szent-ii-janos-pal-papa-halaado-imadsaga\/","url":"https:\/\/stuttgarti-katolikusok.de\/index.php\/igen-szent-ii-janos-pal-papa-halaado-imadsaga\/","name":"Igen \u2013 Szent II. J\u00e1nos P\u00e1l p\u00e1pa h\u00e1laad\u00f3 im\u00e1ds\u00e1ga - Stuttgarti Katolikusok","isPartOf":{"@id":"https:\/\/stuttgarti-katolikusok.de\/#website"},"primaryImageOfPage":{"@id":"https:\/\/stuttgarti-katolikusok.de\/index.php\/igen-szent-ii-janos-pal-papa-halaado-imadsaga\/#primaryimage"},"image":{"@id":"https:\/\/stuttgarti-katolikusok.de\/index.php\/igen-szent-ii-janos-pal-papa-halaado-imadsaga\/#primaryimage"},"thumbnailUrl":"https:\/\/stuttgarti-katolikusok.de\/wp-content\/uploads\/2025\/01\/praying-hands-2535750-1280.png","datePublished":"2025-12-31T07:12:00+00:00","dateModified":"2025-12-31T08:53:58+00:00","author":{"@id":"https:\/\/stuttgarti-katolikusok.de\/#\/schema\/person\/75908d6f8fdc03a57889d27209df7795"},"breadcrumb":{"@id":"https:\/\/stuttgarti-katolikusok.de\/index.php\/igen-szent-ii-janos-pal-papa-halaado-imadsaga\/#breadcrumb"},"inLanguage":"hu","potentialAction":[{"@type":"ReadAction","target":["https:\/\/stuttgarti-katolikusok.de\/index.php\/igen-szent-ii-janos-pal-papa-halaado-imadsaga\/"]}]},{"@type":"ImageObject","inLanguage":"hu","@id":"https:\/\/stuttgarti-katolikusok.de\/index.php\/igen-szent-ii-janos-pal-papa-halaado-imadsaga\/#primaryimage","url":"https:\/\/stuttgarti-katolikusok.de\/wp-content\/uploads\/2025\/01\/praying-hands-2535750-1280.png","contentUrl":"https:\/\/stuttgarti-katolikusok.de\/wp-content\/uploads\/2025\/01\/praying-hands-2535750-1280.png","width":1280,"height":1275},{"@type":"BreadcrumbList","@id":"https:\/\/stuttgarti-katolikusok.de\/index.php\/igen-szent-ii-janos-pal-papa-halaado-imadsaga\/#breadcrumb","itemListElement":[{"@type":"ListItem","position":1,"name":"Kezd\u0151lap","item":"https:\/\/stuttgarti-katolikusok.de\/"},{"@type":"ListItem","position":2,"name":"Igen \u2013 Szent II. J\u00e1nos P\u00e1l p\u00e1pa h\u00e1laad\u00f3 im\u00e1ds\u00e1ga"}]},{"@type":"WebSite","@id":"https:\/\/stuttgarti-katolikusok.de\/#website","url":"https:\/\/stuttgarti-katolikusok.de\/","name":"Stuttgarti Katolikusok","description":"","potentialAction":[{"@type":"SearchAction","target":{"@type":"EntryPoint","urlTemplate":"https:\/\/stuttgarti-katolikusok.de\/?s={search_term_string}"},"query-input":{"@type":"PropertyValueSpecification","valueRequired":true,"valueName":"search_term_string"}}],"inLanguage":"hu"},{"@type":"Person","@id":"https:\/\/stuttgarti-katolikusok.de\/#\/schema\/person\/75908d6f8fdc03a57889d27209df7795","name":"Tibor atya","image":{"@type":"ImageObject","inLanguage":"hu","@id":"https:\/\/secure.gravatar.com\/avatar\/61d268e57d1f4525b111222e29d2d5a7f8c420fdbf231ba5566a8ceac74fa960?s=96&d=mm&r=g","url":"https:\/\/secure.gravatar.com\/avatar\/61d268e57d1f4525b111222e29d2d5a7f8c420fdbf231ba5566a8ceac74fa960?s=96&d=mm&r=g","contentUrl":"https:\/\/secure.gravatar.com\/avatar\/61d268e57d1f4525b111222e29d2d5a7f8c420fdbf231ba5566a8ceac74fa960?s=96&d=mm&r=g","caption":"Tibor atya"},"url":"https:\/\/stuttgarti-katolikusok.de\/index.php\/author\/tibor-atya\/"}]}},"_links":{"self":[{"href":"https:\/\/stuttgarti-katolikusok.de\/index.php\/wp-json\/wp\/v2\/posts\/30074","targetHints":{"allow":["GET"]}}],"collection":[{"href":"https:\/\/stuttgarti-katolikusok.de\/index.php\/wp-json\/wp\/v2\/posts"}],"about":[{"href":"https:\/\/stuttgarti-katolikusok.de\/index.php\/wp-json\/wp\/v2\/types\/post"}],"author":[{"embeddable":true,"href":"https:\/\/stuttgarti-katolikusok.de\/index.php\/wp-json\/wp\/v2\/users\/3"}],"replies":[{"embeddable":true,"href":"https:\/\/stuttgarti-katolikusok.de\/index.php\/wp-json\/wp\/v2\/comments?post=30074"}],"version-history":[{"count":2,"href":"https:\/\/stuttgarti-katolikusok.de\/index.php\/wp-json\/wp\/v2\/posts\/30074\/revisions"}],"predecessor-version":[{"id":32315,"href":"https:\/\/stuttgarti-katolikusok.de\/index.php\/wp-json\/wp\/v2\/posts\/30074\/revisions\/32315"}],"wp:featuredmedia":[{"embeddable":true,"href":"https:\/\/stuttgarti-katolikusok.de\/index.php\/wp-json\/wp\/v2\/media\/30075"}],"wp:attachment":[{"href":"https:\/\/stuttgarti-katolikusok.de\/index.php\/wp-json\/wp\/v2\/media?parent=30074"}],"wp:term":[{"taxonomy":"category","embeddable":true,"href":"https:\/\/stuttgarti-katolikusok.de\/index.php\/wp-json\/wp\/v2\/categories?post=30074"},{"taxonomy":"post_tag","embeddable":true,"href":"https:\/\/stuttgarti-katolikusok.de\/index.php\/wp-json\/wp\/v2\/tags?post=30074"}],"curies":[{"name":"wp","href":"https:\/\/api.w.org\/{rel}","templated":true}]}}