{"id":30060,"date":"2024-12-31T23:42:04","date_gmt":"2024-12-31T22:42:04","guid":{"rendered":"https:\/\/stuttgarti-katolikusok.de\/?p=30060"},"modified":"2025-01-01T09:29:56","modified_gmt":"2025-01-01T08:29:56","slug":"az-50-stuttgarti-magyar-katolikus-jotekonysagi-bal-meghivoja","status":"publish","type":"post","link":"https:\/\/stuttgarti-katolikusok.de\/index.php\/az-50-stuttgarti-magyar-katolikus-jotekonysagi-bal-meghivoja\/","title":{"rendered":"Az 50. Stuttgarti Magyar Katolikus J\u00f3t\u00e9konys\u00e1gi B\u00e1l megh\u00edv\u00f3ja"},"content":{"rendered":"<p><span style=\"color: #ff6600;\"><em><strong>Kedves H\u00edveim \u00e9s Bar\u00e1taim!<\/strong><\/em><\/span><\/p>\n<p><span style=\"color: #ff6600;\"><em><strong>\u00d6r\u00f6mmel osztom meg a 2025. janu\u00e1r 25-\u00e9n tartand\u00f3 J\u00f3t\u00e9konys\u00e1gi B\u00e1lunk megh\u00edv\u00f3j\u00e1t.<\/strong><\/em><\/span><\/p>\n<p><span style=\"color: #ff6600;\"><em><strong>Terjessz\u00e9tek bar\u00e1ti \u00e9s ismer\u0151si k\u00f6rben.<\/strong><\/em><\/span><\/p>\n<p><span style=\"color: #ff6600;\"><em><strong>2025. janu\u00e1r 2-\u00e1n pedig 9.00 \u00f3rai kezdettel \u00e9rt\u00e9kes\u00edtj\u00fck a b\u00e1li jegyeket.<\/strong><\/em><\/span><\/p>\n<p><span style=\"color: #ff6600;\"><em><strong>Tibor atya<\/strong><\/em><\/span><\/p>\n<a href=\"https:\/\/stuttgarti-katolikusok.de\/wp-content\/uploads\/2024\/12\/Meghivo-web.pdf\" class=\"pdfemb-viewer\" style=\"\" data-width=\"max\" data-height=\"max\" data-toolbar=\"bottom\" data-toolbar-fixed=\"off\">Megh\u00edv\u00f3 - web<\/a>\n<p><em><span style=\"color: #ff6600;\"><strong>Hasznos tudnival\u00f3k a jegyv\u00e1s\u00e1rl\u00e1ssal kapcsolatosan :<\/strong><\/span><\/em><\/p>\n<a href=\"https:\/\/stuttgarti-katolikusok.de\/wp-content\/uploads\/2024\/12\/A4_FONTOSABB-TUDNIVALOK-AZ-50.-MAGYAR-BALROL_vegleges.pdf\" class=\"pdfemb-viewer\" style=\"\" data-width=\"max\" data-height=\"max\" data-toolbar=\"bottom\" data-toolbar-fixed=\"off\">A4_FONTOSABB TUDNIVAL\u00d3K AZ 50. MAGYAR B\u00c1LR\u00d3L_v\u00e9gleges<\/a>\n<p><em><strong><span style=\"color: #ff6600;\">A nyit\u00f3k\u00e9p jubileumi b\u00e1li k\u00f6nyv\u00fcnk bor\u00edt\u00f3 lapja. \u00d6r\u00f6mmel k\u00edn\u00e1ljuk a k\u00f6nyvet adom\u00e1ny ellen\u00e9ben. Hozz\u00e1 lehet jutni a mis\u00e9z\u0151 helyeken, tov\u00e1bb\u00e1 a b\u00e1l napj\u00e1n is.<\/span><\/strong><\/em><\/p>\n","protected":false},"excerpt":{"rendered":"<p>Kedves H\u00edveim \u00e9s Bar\u00e1taim! \u00d6r\u00f6mmel osztom meg a 2025. janu\u00e1r 25-\u00e9n tartand\u00f3 J\u00f3t\u00e9konys\u00e1gi B\u00e1lunk megh\u00edv\u00f3j\u00e1t. Terjessz\u00e9tek bar\u00e1ti \u00e9s ismer\u0151si k\u00f6rben. 2025. janu\u00e1r 2-\u00e1n pedig 9.00 \u00f3rai kezdettel \u00e9rt\u00e9kes\u00edtj\u00fck a b\u00e1li jegyeket. Tibor atya Hasznos tudnival\u00f3k a jegyv\u00e1s\u00e1rl\u00e1ssal kapcsolatosan : A nyit\u00f3k\u00e9p jubileumi b\u00e1li k\u00f6nyv\u00fcnk bor\u00edt\u00f3 lapja. \u00d6r\u00f6mmel k\u00edn\u00e1ljuk a k\u00f6nyvet adom\u00e1ny ellen\u00e9ben. Hozz\u00e1 lehet jutni a mis\u00e9z\u0151 helyeken, tov\u00e1bb\u00e1 a b\u00e1l napj\u00e1n is.<\/p>\n","protected":false},"author":3,"featured_media":30068,"comment_status":"closed","ping_status":"closed","sticky":false,"template":"","format":"standard","meta":{"footnotes":""},"categories":[52,5],"tags":[],"class_list":["post-30060","post","type-post","status-publish","format-standard","has-post-thumbnail","hentry","category-hirdetesek","category-hirek"],"yoast_head":"<!-- This site is optimized with the Yoast SEO plugin v27.3 - https:\/\/yoast.com\/product\/yoast-seo-wordpress\/ -->\n<title>Az 50. Stuttgarti Magyar Katolikus J\u00f3t\u00e9konys\u00e1gi B\u00e1l megh\u00edv\u00f3ja - Stuttgarti Katolikusok<\/title>\n<meta name=\"robots\" content=\"index, follow, max-snippet:-1, max-image-preview:large, max-video-preview:-1\" \/>\n<link rel=\"canonical\" href=\"https:\/\/stuttgarti-katolikusok.de\/index.php\/az-50-stuttgarti-magyar-katolikus-jotekonysagi-bal-meghivoja\/\" \/>\n<meta property=\"og:locale\" content=\"hu_HU\" \/>\n<meta property=\"og:type\" content=\"article\" \/>\n<meta property=\"og:title\" content=\"Az 50. Stuttgarti Magyar Katolikus J\u00f3t\u00e9konys\u00e1gi B\u00e1l megh\u00edv\u00f3ja - Stuttgarti Katolikusok\" \/>\n<meta property=\"og:description\" content=\"Kedves H\u00edveim \u00e9s Bar\u00e1taim! \u00d6r\u00f6mmel osztom meg a 2025. janu\u00e1r 25-\u00e9n tartand\u00f3 J\u00f3t\u00e9konys\u00e1gi B\u00e1lunk megh\u00edv\u00f3j\u00e1t. Terjessz\u00e9tek bar\u00e1ti \u00e9s ismer\u0151si k\u00f6rben. 2025. janu\u00e1r 2-\u00e1n pedig 9.00 \u00f3rai kezdettel \u00e9rt\u00e9kes\u00edtj\u00fck a b\u00e1li jegyeket. Tibor atya Hasznos tudnival\u00f3k a jegyv\u00e1s\u00e1rl\u00e1ssal kapcsolatosan : A nyit\u00f3k\u00e9p jubileumi b\u00e1li k\u00f6nyv\u00fcnk bor\u00edt\u00f3 lapja. \u00d6r\u00f6mmel k\u00edn\u00e1ljuk a k\u00f6nyvet adom\u00e1ny ellen\u00e9ben. Hozz\u00e1 lehet jutni a mis\u00e9z\u0151 helyeken, tov\u00e1bb\u00e1 a b\u00e1l napj\u00e1n is.\" \/>\n<meta property=\"og:url\" content=\"https:\/\/stuttgarti-katolikusok.de\/index.php\/az-50-stuttgarti-magyar-katolikus-jotekonysagi-bal-meghivoja\/\" \/>\n<meta property=\"og:site_name\" content=\"Stuttgarti Katolikusok\" \/>\n<meta property=\"article:published_time\" content=\"2024-12-31T22:42:04+00:00\" \/>\n<meta property=\"article:modified_time\" content=\"2025-01-01T08:29:56+00:00\" \/>\n<meta property=\"og:image\" content=\"https:\/\/stuttgarti-katolikusok.de\/wp-content\/uploads\/2024\/12\/borito-web.jpg\" \/>\n\t<meta property=\"og:image:width\" content=\"1624\" \/>\n\t<meta property=\"og:image:height\" content=\"1934\" \/>\n\t<meta property=\"og:image:type\" content=\"image\/jpeg\" \/>\n<meta name=\"author\" content=\"Tibor atya\" \/>\n<meta name=\"twitter:card\" content=\"summary_large_image\" \/>\n<meta name=\"twitter:label1\" content=\"Szerz\u0151:\" \/>\n\t<meta name=\"twitter:data1\" content=\"Tibor atya\" \/>\n\t<meta name=\"twitter:label2\" content=\"Becs\u00fclt olvas\u00e1si id\u0151\" \/>\n\t<meta name=\"twitter:data2\" content=\"1 perc\" \/>\n<script type=\"application\/ld+json\" class=\"yoast-schema-graph\">{\"@context\":\"https:\\\/\\\/schema.org\",\"@graph\":[{\"@type\":\"Article\",\"@id\":\"https:\\\/\\\/stuttgarti-katolikusok.de\\\/index.php\\\/az-50-stuttgarti-magyar-katolikus-jotekonysagi-bal-meghivoja\\\/#article\",\"isPartOf\":{\"@id\":\"https:\\\/\\\/stuttgarti-katolikusok.de\\\/index.php\\\/az-50-stuttgarti-magyar-katolikus-jotekonysagi-bal-meghivoja\\\/\"},\"author\":{\"name\":\"Tibor atya\",\"@id\":\"https:\\\/\\\/stuttgarti-katolikusok.de\\\/#\\\/schema\\\/person\\\/75908d6f8fdc03a57889d27209df7795\"},\"headline\":\"Az 50. Stuttgarti Magyar Katolikus J\u00f3t\u00e9konys\u00e1gi B\u00e1l megh\u00edv\u00f3ja\",\"datePublished\":\"2024-12-31T22:42:04+00:00\",\"dateModified\":\"2025-01-01T08:29:56+00:00\",\"mainEntityOfPage\":{\"@id\":\"https:\\\/\\\/stuttgarti-katolikusok.de\\\/index.php\\\/az-50-stuttgarti-magyar-katolikus-jotekonysagi-bal-meghivoja\\\/\"},\"wordCount\":152,\"image\":{\"@id\":\"https:\\\/\\\/stuttgarti-katolikusok.de\\\/index.php\\\/az-50-stuttgarti-magyar-katolikus-jotekonysagi-bal-meghivoja\\\/#primaryimage\"},\"thumbnailUrl\":\"https:\\\/\\\/stuttgarti-katolikusok.de\\\/wp-content\\\/uploads\\\/2024\\\/12\\\/borito-web.jpg\",\"articleSection\":[\"Hirdet\u00e9sek\",\"H\u00edrek\"],\"inLanguage\":\"hu\"},{\"@type\":\"WebPage\",\"@id\":\"https:\\\/\\\/stuttgarti-katolikusok.de\\\/index.php\\\/az-50-stuttgarti-magyar-katolikus-jotekonysagi-bal-meghivoja\\\/\",\"url\":\"https:\\\/\\\/stuttgarti-katolikusok.de\\\/index.php\\\/az-50-stuttgarti-magyar-katolikus-jotekonysagi-bal-meghivoja\\\/\",\"name\":\"Az 50. Stuttgarti Magyar Katolikus J\u00f3t\u00e9konys\u00e1gi B\u00e1l megh\u00edv\u00f3ja - Stuttgarti Katolikusok\",\"isPartOf\":{\"@id\":\"https:\\\/\\\/stuttgarti-katolikusok.de\\\/#website\"},\"primaryImageOfPage\":{\"@id\":\"https:\\\/\\\/stuttgarti-katolikusok.de\\\/index.php\\\/az-50-stuttgarti-magyar-katolikus-jotekonysagi-bal-meghivoja\\\/#primaryimage\"},\"image\":{\"@id\":\"https:\\\/\\\/stuttgarti-katolikusok.de\\\/index.php\\\/az-50-stuttgarti-magyar-katolikus-jotekonysagi-bal-meghivoja\\\/#primaryimage\"},\"thumbnailUrl\":\"https:\\\/\\\/stuttgarti-katolikusok.de\\\/wp-content\\\/uploads\\\/2024\\\/12\\\/borito-web.jpg\",\"datePublished\":\"2024-12-31T22:42:04+00:00\",\"dateModified\":\"2025-01-01T08:29:56+00:00\",\"author\":{\"@id\":\"https:\\\/\\\/stuttgarti-katolikusok.de\\\/#\\\/schema\\\/person\\\/75908d6f8fdc03a57889d27209df7795\"},\"breadcrumb\":{\"@id\":\"https:\\\/\\\/stuttgarti-katolikusok.de\\\/index.php\\\/az-50-stuttgarti-magyar-katolikus-jotekonysagi-bal-meghivoja\\\/#breadcrumb\"},\"inLanguage\":\"hu\",\"potentialAction\":[{\"@type\":\"ReadAction\",\"target\":[\"https:\\\/\\\/stuttgarti-katolikusok.de\\\/index.php\\\/az-50-stuttgarti-magyar-katolikus-jotekonysagi-bal-meghivoja\\\/\"]}]},{\"@type\":\"ImageObject\",\"inLanguage\":\"hu\",\"@id\":\"https:\\\/\\\/stuttgarti-katolikusok.de\\\/index.php\\\/az-50-stuttgarti-magyar-katolikus-jotekonysagi-bal-meghivoja\\\/#primaryimage\",\"url\":\"https:\\\/\\\/stuttgarti-katolikusok.de\\\/wp-content\\\/uploads\\\/2024\\\/12\\\/borito-web.jpg\",\"contentUrl\":\"https:\\\/\\\/stuttgarti-katolikusok.de\\\/wp-content\\\/uploads\\\/2024\\\/12\\\/borito-web.jpg\",\"width\":1624,\"height\":1934},{\"@type\":\"BreadcrumbList\",\"@id\":\"https:\\\/\\\/stuttgarti-katolikusok.de\\\/index.php\\\/az-50-stuttgarti-magyar-katolikus-jotekonysagi-bal-meghivoja\\\/#breadcrumb\",\"itemListElement\":[{\"@type\":\"ListItem\",\"position\":1,\"name\":\"Kezd\u0151lap\",\"item\":\"https:\\\/\\\/stuttgarti-katolikusok.de\\\/\"},{\"@type\":\"ListItem\",\"position\":2,\"name\":\"Az 50. Stuttgarti Magyar Katolikus J\u00f3t\u00e9konys\u00e1gi B\u00e1l megh\u00edv\u00f3ja\"}]},{\"@type\":\"WebSite\",\"@id\":\"https:\\\/\\\/stuttgarti-katolikusok.de\\\/#website\",\"url\":\"https:\\\/\\\/stuttgarti-katolikusok.de\\\/\",\"name\":\"Stuttgarti Katolikusok\",\"description\":\"\",\"potentialAction\":[{\"@type\":\"SearchAction\",\"target\":{\"@type\":\"EntryPoint\",\"urlTemplate\":\"https:\\\/\\\/stuttgarti-katolikusok.de\\\/?s={search_term_string}\"},\"query-input\":{\"@type\":\"PropertyValueSpecification\",\"valueRequired\":true,\"valueName\":\"search_term_string\"}}],\"inLanguage\":\"hu\"},{\"@type\":\"Person\",\"@id\":\"https:\\\/\\\/stuttgarti-katolikusok.de\\\/#\\\/schema\\\/person\\\/75908d6f8fdc03a57889d27209df7795\",\"name\":\"Tibor atya\",\"image\":{\"@type\":\"ImageObject\",\"inLanguage\":\"hu\",\"@id\":\"https:\\\/\\\/secure.gravatar.com\\\/avatar\\\/61d268e57d1f4525b111222e29d2d5a7f8c420fdbf231ba5566a8ceac74fa960?s=96&d=mm&r=g\",\"url\":\"https:\\\/\\\/secure.gravatar.com\\\/avatar\\\/61d268e57d1f4525b111222e29d2d5a7f8c420fdbf231ba5566a8ceac74fa960?s=96&d=mm&r=g\",\"contentUrl\":\"https:\\\/\\\/secure.gravatar.com\\\/avatar\\\/61d268e57d1f4525b111222e29d2d5a7f8c420fdbf231ba5566a8ceac74fa960?s=96&d=mm&r=g\",\"caption\":\"Tibor atya\"},\"url\":\"https:\\\/\\\/stuttgarti-katolikusok.de\\\/index.php\\\/author\\\/tibor-atya\\\/\"}]}<\/script>\n<!-- \/ Yoast SEO plugin. -->","yoast_head_json":{"title":"Az 50. Stuttgarti Magyar Katolikus J\u00f3t\u00e9konys\u00e1gi B\u00e1l megh\u00edv\u00f3ja - Stuttgarti Katolikusok","robots":{"index":"index","follow":"follow","max-snippet":"max-snippet:-1","max-image-preview":"max-image-preview:large","max-video-preview":"max-video-preview:-1"},"canonical":"https:\/\/stuttgarti-katolikusok.de\/index.php\/az-50-stuttgarti-magyar-katolikus-jotekonysagi-bal-meghivoja\/","og_locale":"hu_HU","og_type":"article","og_title":"Az 50. Stuttgarti Magyar Katolikus J\u00f3t\u00e9konys\u00e1gi B\u00e1l megh\u00edv\u00f3ja - Stuttgarti Katolikusok","og_description":"Kedves H\u00edveim \u00e9s Bar\u00e1taim! \u00d6r\u00f6mmel osztom meg a 2025. janu\u00e1r 25-\u00e9n tartand\u00f3 J\u00f3t\u00e9konys\u00e1gi B\u00e1lunk megh\u00edv\u00f3j\u00e1t. Terjessz\u00e9tek bar\u00e1ti \u00e9s ismer\u0151si k\u00f6rben. 2025. janu\u00e1r 2-\u00e1n pedig 9.00 \u00f3rai kezdettel \u00e9rt\u00e9kes\u00edtj\u00fck a b\u00e1li jegyeket. Tibor atya Hasznos tudnival\u00f3k a jegyv\u00e1s\u00e1rl\u00e1ssal kapcsolatosan : A nyit\u00f3k\u00e9p jubileumi b\u00e1li k\u00f6nyv\u00fcnk bor\u00edt\u00f3 lapja. \u00d6r\u00f6mmel k\u00edn\u00e1ljuk a k\u00f6nyvet adom\u00e1ny ellen\u00e9ben. Hozz\u00e1 lehet jutni a mis\u00e9z\u0151 helyeken, tov\u00e1bb\u00e1 a b\u00e1l napj\u00e1n is.","og_url":"https:\/\/stuttgarti-katolikusok.de\/index.php\/az-50-stuttgarti-magyar-katolikus-jotekonysagi-bal-meghivoja\/","og_site_name":"Stuttgarti Katolikusok","article_published_time":"2024-12-31T22:42:04+00:00","article_modified_time":"2025-01-01T08:29:56+00:00","og_image":[{"width":1624,"height":1934,"url":"https:\/\/stuttgarti-katolikusok.de\/wp-content\/uploads\/2024\/12\/borito-web.jpg","type":"image\/jpeg"}],"author":"Tibor atya","twitter_card":"summary_large_image","twitter_misc":{"Szerz\u0151:":"Tibor atya","Becs\u00fclt olvas\u00e1si id\u0151":"1 perc"},"schema":{"@context":"https:\/\/schema.org","@graph":[{"@type":"Article","@id":"https:\/\/stuttgarti-katolikusok.de\/index.php\/az-50-stuttgarti-magyar-katolikus-jotekonysagi-bal-meghivoja\/#article","isPartOf":{"@id":"https:\/\/stuttgarti-katolikusok.de\/index.php\/az-50-stuttgarti-magyar-katolikus-jotekonysagi-bal-meghivoja\/"},"author":{"name":"Tibor atya","@id":"https:\/\/stuttgarti-katolikusok.de\/#\/schema\/person\/75908d6f8fdc03a57889d27209df7795"},"headline":"Az 50. Stuttgarti Magyar Katolikus J\u00f3t\u00e9konys\u00e1gi B\u00e1l megh\u00edv\u00f3ja","datePublished":"2024-12-31T22:42:04+00:00","dateModified":"2025-01-01T08:29:56+00:00","mainEntityOfPage":{"@id":"https:\/\/stuttgarti-katolikusok.de\/index.php\/az-50-stuttgarti-magyar-katolikus-jotekonysagi-bal-meghivoja\/"},"wordCount":152,"image":{"@id":"https:\/\/stuttgarti-katolikusok.de\/index.php\/az-50-stuttgarti-magyar-katolikus-jotekonysagi-bal-meghivoja\/#primaryimage"},"thumbnailUrl":"https:\/\/stuttgarti-katolikusok.de\/wp-content\/uploads\/2024\/12\/borito-web.jpg","articleSection":["Hirdet\u00e9sek","H\u00edrek"],"inLanguage":"hu"},{"@type":"WebPage","@id":"https:\/\/stuttgarti-katolikusok.de\/index.php\/az-50-stuttgarti-magyar-katolikus-jotekonysagi-bal-meghivoja\/","url":"https:\/\/stuttgarti-katolikusok.de\/index.php\/az-50-stuttgarti-magyar-katolikus-jotekonysagi-bal-meghivoja\/","name":"Az 50. Stuttgarti Magyar Katolikus J\u00f3t\u00e9konys\u00e1gi B\u00e1l megh\u00edv\u00f3ja - Stuttgarti Katolikusok","isPartOf":{"@id":"https:\/\/stuttgarti-katolikusok.de\/#website"},"primaryImageOfPage":{"@id":"https:\/\/stuttgarti-katolikusok.de\/index.php\/az-50-stuttgarti-magyar-katolikus-jotekonysagi-bal-meghivoja\/#primaryimage"},"image":{"@id":"https:\/\/stuttgarti-katolikusok.de\/index.php\/az-50-stuttgarti-magyar-katolikus-jotekonysagi-bal-meghivoja\/#primaryimage"},"thumbnailUrl":"https:\/\/stuttgarti-katolikusok.de\/wp-content\/uploads\/2024\/12\/borito-web.jpg","datePublished":"2024-12-31T22:42:04+00:00","dateModified":"2025-01-01T08:29:56+00:00","author":{"@id":"https:\/\/stuttgarti-katolikusok.de\/#\/schema\/person\/75908d6f8fdc03a57889d27209df7795"},"breadcrumb":{"@id":"https:\/\/stuttgarti-katolikusok.de\/index.php\/az-50-stuttgarti-magyar-katolikus-jotekonysagi-bal-meghivoja\/#breadcrumb"},"inLanguage":"hu","potentialAction":[{"@type":"ReadAction","target":["https:\/\/stuttgarti-katolikusok.de\/index.php\/az-50-stuttgarti-magyar-katolikus-jotekonysagi-bal-meghivoja\/"]}]},{"@type":"ImageObject","inLanguage":"hu","@id":"https:\/\/stuttgarti-katolikusok.de\/index.php\/az-50-stuttgarti-magyar-katolikus-jotekonysagi-bal-meghivoja\/#primaryimage","url":"https:\/\/stuttgarti-katolikusok.de\/wp-content\/uploads\/2024\/12\/borito-web.jpg","contentUrl":"https:\/\/stuttgarti-katolikusok.de\/wp-content\/uploads\/2024\/12\/borito-web.jpg","width":1624,"height":1934},{"@type":"BreadcrumbList","@id":"https:\/\/stuttgarti-katolikusok.de\/index.php\/az-50-stuttgarti-magyar-katolikus-jotekonysagi-bal-meghivoja\/#breadcrumb","itemListElement":[{"@type":"ListItem","position":1,"name":"Kezd\u0151lap","item":"https:\/\/stuttgarti-katolikusok.de\/"},{"@type":"ListItem","position":2,"name":"Az 50. Stuttgarti Magyar Katolikus J\u00f3t\u00e9konys\u00e1gi B\u00e1l megh\u00edv\u00f3ja"}]},{"@type":"WebSite","@id":"https:\/\/stuttgarti-katolikusok.de\/#website","url":"https:\/\/stuttgarti-katolikusok.de\/","name":"Stuttgarti Katolikusok","description":"","potentialAction":[{"@type":"SearchAction","target":{"@type":"EntryPoint","urlTemplate":"https:\/\/stuttgarti-katolikusok.de\/?s={search_term_string}"},"query-input":{"@type":"PropertyValueSpecification","valueRequired":true,"valueName":"search_term_string"}}],"inLanguage":"hu"},{"@type":"Person","@id":"https:\/\/stuttgarti-katolikusok.de\/#\/schema\/person\/75908d6f8fdc03a57889d27209df7795","name":"Tibor atya","image":{"@type":"ImageObject","inLanguage":"hu","@id":"https:\/\/secure.gravatar.com\/avatar\/61d268e57d1f4525b111222e29d2d5a7f8c420fdbf231ba5566a8ceac74fa960?s=96&d=mm&r=g","url":"https:\/\/secure.gravatar.com\/avatar\/61d268e57d1f4525b111222e29d2d5a7f8c420fdbf231ba5566a8ceac74fa960?s=96&d=mm&r=g","contentUrl":"https:\/\/secure.gravatar.com\/avatar\/61d268e57d1f4525b111222e29d2d5a7f8c420fdbf231ba5566a8ceac74fa960?s=96&d=mm&r=g","caption":"Tibor atya"},"url":"https:\/\/stuttgarti-katolikusok.de\/index.php\/author\/tibor-atya\/"}]}},"_links":{"self":[{"href":"https:\/\/stuttgarti-katolikusok.de\/index.php\/wp-json\/wp\/v2\/posts\/30060","targetHints":{"allow":["GET"]}}],"collection":[{"href":"https:\/\/stuttgarti-katolikusok.de\/index.php\/wp-json\/wp\/v2\/posts"}],"about":[{"href":"https:\/\/stuttgarti-katolikusok.de\/index.php\/wp-json\/wp\/v2\/types\/post"}],"author":[{"embeddable":true,"href":"https:\/\/stuttgarti-katolikusok.de\/index.php\/wp-json\/wp\/v2\/users\/3"}],"replies":[{"embeddable":true,"href":"https:\/\/stuttgarti-katolikusok.de\/index.php\/wp-json\/wp\/v2\/comments?post=30060"}],"version-history":[{"count":4,"href":"https:\/\/stuttgarti-katolikusok.de\/index.php\/wp-json\/wp\/v2\/posts\/30060\/revisions"}],"predecessor-version":[{"id":30069,"href":"https:\/\/stuttgarti-katolikusok.de\/index.php\/wp-json\/wp\/v2\/posts\/30060\/revisions\/30069"}],"wp:featuredmedia":[{"embeddable":true,"href":"https:\/\/stuttgarti-katolikusok.de\/index.php\/wp-json\/wp\/v2\/media\/30068"}],"wp:attachment":[{"href":"https:\/\/stuttgarti-katolikusok.de\/index.php\/wp-json\/wp\/v2\/media?parent=30060"}],"wp:term":[{"taxonomy":"category","embeddable":true,"href":"https:\/\/stuttgarti-katolikusok.de\/index.php\/wp-json\/wp\/v2\/categories?post=30060"},{"taxonomy":"post_tag","embeddable":true,"href":"https:\/\/stuttgarti-katolikusok.de\/index.php\/wp-json\/wp\/v2\/tags?post=30060"}],"curies":[{"name":"wp","href":"https:\/\/api.w.org\/{rel}","templated":true}]}}