{"id":30049,"date":"2024-12-29T00:43:01","date_gmt":"2024-12-28T23:43:01","guid":{"rendered":"https:\/\/stuttgarti-katolikusok.de\/?p=30049"},"modified":"2024-12-29T00:43:01","modified_gmt":"2024-12-28T23:43:01","slug":"szent-csalad-vasarnapja-2","status":"publish","type":"post","link":"https:\/\/stuttgarti-katolikusok.de\/index.php\/szent-csalad-vasarnapja-2\/","title":{"rendered":"Szent Csal\u00e1d vas\u00e1rnapja"},"content":{"rendered":"<p><em><span style=\"color: #ff6600;\">A 2025. \u00e9v jubileumi szent\u00e9v. Ferenc p\u00e1pa a k\u00f6vetkez\u0151 m\u00f3don sz\u00f3l\u00edt meg mindannyiunkat:<\/span><\/em><\/p>\n<p><em><span style=\"color: #ff6600;\">\u201eA szent\u00e9v mindig nagy lelki, egyh\u00e1zi \u00e9s t\u00e1rsadalmi jelent\u0151s\u00e9g\u0171 esem\u00e9ny volt az Egyh\u00e1z \u00e9let\u00e9ben. Ami\u00f3ta VIII. Bonif\u00e1c 1300-ban bevezette az els\u0151 szent\u00e9vet \u2013 sz\u00e1z\u00e9ves ism\u00e9tl\u0151d\u00e9ssel, amely azt\u00e1n a bibliai mint\u00e1ra \u00f6tven\u00e9vess\u00e9 v\u00e1lt, majd huszon\u00f6t \u00e9venk\u00e9nt ism\u00e9tl\u0151d\u0151k\u00e9nt \u00e1lland\u00f3sult \u2013, Isten h\u00edv\u0151 szent n\u00e9pe ezt az \u00fcnnepet a kegyelem k\u00fcl\u00f6nleges aj\u00e1nd\u00e9kak\u00e9nt \u00e9li meg, melyet a b\u0171n\u00f6k bocs\u00e1nata \u00e9s k\u00fcl\u00f6n\u00f6sen a b\u00facs\u00fa, Isten irgalm\u00e1nak teljes kifejez\u0151d\u00e9se jellemez.\u201d (A rem\u00e9ny zar\u00e1ndokai \u2013 Ferenc p\u00e1pa levele a 2025-\u00f6s szent\u00e9v el\u0151k\u00e9sz\u00edt\u00e9s\u00e9r\u0151l)<\/span><\/em><\/p>\n<p><em><span style=\"color: #ff6600;\">A szent\u00e9v \u00edgy alapvet\u0151en aj\u00e1nd\u00e9k\u00a0 a kereszt\u00e9ny csal\u00e1dok sz\u00e1m\u00e1ra. Hiszen a visszatekint\u00e9sen t\u00fal sz\u00f3l a meg\u00fajul\u00e1sr\u00f3l, ism\u00e9telt megt\u00e9r\u00e9sr\u0151l, az \u00fajrakezd\u00e9s lehet\u0151s\u00e9g\u00e9r\u0151l, &#8222;kegyelmi \u00fajrakezd\u00e9sr\u0151l&#8221;.<\/span><\/em><\/p>\n<p><em><span style=\"color: #ff6600;\">Rem\u00e9ny szerint a jubileumi szent\u00e9vben a kereszt\u00e9ny csal\u00e1dok ism\u00e9t visszanyerik m\u00e9lt\u00f3 hely\u00fcket \u00e9s meg\u00edt\u00e9l\u00e9s\u00fcket az emberi t\u00e1rsadalomban.<\/span><\/em><\/p>\n<p><span style=\"color: #ff6600;\">Kezd\u0151\u00e9nek:<\/span><br \/>\nA p\u00e1sztorok sietve \u00fatra keltek, s megtal\u00e1lt\u00e1k M\u00e1ri\u00e1t, J\u00f3zsefet, \u00e9s a j\u00e1szolban fekv\u0151 Kisdedet! (Lk 2,16)<\/p>\n<p><span style=\"color: #ff6600;\">K\u00f6ny\u00f6rg\u00e9s:<\/span><br \/>\nIsten\u00fcnk, te ragyog\u00f3 p\u00e9ldak\u00e9pnek \u00e1ll\u00edtod el\u00e9nk a Szent Csal\u00e1dot. Seg\u00edts, hogy nyomukban j\u00e1rjunk: gyakoroljuk a csal\u00e1di \u00e9let er\u00e9nyeit, mindig egyek maradjunk a szeretetben, \u00e9s \u00edgy atyai h\u00e1zadban \u00f6rvendezz\u00fcnk \u00f6r\u00f6k jutalmadnak. A mi Urunk, J\u00e9zus Krisztus, a te Fiad \u00e1ltal, aki veled \u00e9l \u00e9s uralkodik a Szentl\u00e9lekkel egys\u00e9gben, Isten mind\u00f6r\u00f6kk\u00f6n \u00f6r\u00f6kk\u00e9.<\/p>\n<p><span style=\"color: #ff6600;\">OLVASM\u00c1NY Sir\u00e1k fia k\u00f6nyv\u00e9b\u0151l (Sir 3,3-7.14-17a)<\/span><br \/>\n<em>Aki f\u00e9li az Urat, tiszteli sz\u00fcleit.<\/em><br \/>\nIsten tekint\u00e9lyt adott az ap\u00e1nak a gyermekek el\u0151tt, \u00e9s megszabta az anya jog\u00e1t a gyermekekkel szemben. Aki tiszteli apj\u00e1t, b\u0171neit engeszteli, megszabadul t\u0151l\u00fck, \u00e9s mindennapi im\u00e1ja meghallgat\u00e1sra tal\u00e1l. Kincset gy\u0171jt mag\u00e1nak, aki megbecs\u00fcli anyj\u00e1t, aki pedig tiszteli apj\u00e1t, \u00f6r\u00f6m\u00e9t leli gyermekeiben, s amikor im\u00e1dkozik, meghallgat\u00e1sra tal\u00e1l. Aki becs\u00fcli apj\u00e1t, hossz\u00fa \u00e9let\u0171 lesz, s aki sz\u00f3t fogad apj\u00e1nak, fel\u00fcd\u00edti anyj\u00e1t.<br \/>\nFiam! Legyen gondod ap\u00e1dra \u00f6regs\u00e9g\u00e9ben, \u00e9s ne keser\u00edtsd \u0151t \u00e9let\u00e9ben. Ha meg is fogyatkozik erej\u00e9ben, l\u00e9gy eln\u00e9z\u0151 ir\u00e1nta, \u00e9s ne vesd meg \u00e9let\u00e9nek egy napj\u00e1n se. Ap\u00e1d ir\u00e1nt tan\u00fas\u00edtott j\u00f3 cselekedeted nem megy feled\u00e9sbe, \u00e9s elsz\u00e1molj\u00e1k neked b\u0171neid\u00e9rt. A j\u00f3tett fej\u00e9ben majd gyarapodni fogsz.<br \/>\nEz az Isten ig\u00e9je.<\/p>\n<p><span style=\"color: #ff6600;\"><em>vagy<\/em><\/span><\/p>\n<p><span style=\"color: #ff6600;\">OLVASM\u00c1NY S\u00e1muel els\u0151 k\u00f6nyv\u00e9b\u0151l (1S\u00e1m 1,20-22;24-28)<\/span><br \/>\n<em>Hanna az \u00dar szolg\u00e1lat\u00e1ra adja gyermek\u00e9t.<\/em><br \/>\nHanna fogant, \u00e9s amikor el\u00e9rkezett az ideje, fi\u00fat sz\u00fclt. A S\u00e1muel nevet adta neki, \u201emert \u2013 amint mondta \u2013 az \u00dart\u00f3l k\u00f6ny\u00f6r\u00f6gtem ki\u201d. Amikor Elkana eg\u00e9sz csal\u00e1dj\u00e1val \u00fajra f\u00f6lment (az \u00dar templom\u00e1ba), hogy az \u00darnak az \u00e9vi \u00e1ldozatot bemutassa \u00e9s teljes\u00edtse fogadalm\u00e1t, Hanna nem ment f\u00f6l vele. Azt mondta f\u00e9rj\u00e9nek: \u201eEl\u0151sz\u00f6r elv\u00e1lasztom a gyereket, azt\u00e1n elviszem: jelenjen meg az \u00dar sz\u00edne el\u0151tt \u00e9s maradjon ott \u00f6r\u00f6kre.\u201d<br \/>\nMihelyt azonban Hanna elv\u00e1lasztotta a gyermeket, f\u00f6lvitte mag\u00e1val, egy h\u00e1rom\u00e9ves marh\u00e1val, egy efa liszttel \u00e9s egy t\u00f6ml\u0151 borral egyetemben, \u00e9s Sil\u00f3ban bel\u00e9pett az \u00dar templom\u00e1ba; a fi\u00fa m\u00e9g nagyon kicsi volt. Amikor a marh\u00e1t fel\u00e1ldozt\u00e1k, a fi\u00fa anyja odament \u00c9lihez: Megsz\u00f3l\u00edtotta: \u201eEngedd meg, uram! Amint igaz, hogy \u00e9lsz, uram, az az asszony vagyok, aki itt \u00e1lltam melletted \u00e9s im\u00e1dkoztam az \u00darhoz. Ez\u00e9rt a fi\u00fa\u00e9rt im\u00e1dkoztam. S l\u00e1m az \u00dar teljes\u00edtette k\u00e9r\u00e9semet, amellyel hozz\u00e1 fordultam. Ez\u00e9rt \u00e9n is \u00e1tengedem (fiamat) az \u00darnak, eg\u00e9sz \u00e9let\u00e9re \u00e1tengedem az \u00darnak.\u201d \u00c9s ott leborultak az \u00dar el\u0151tt.<br \/>\nEz az Isten ig\u00e9je.<\/p>\n<p><span style=\"color: #ff6600;\">V\u00c1LASZOS ZSOLT\u00c1R (Zsolt 127,1-2.3.4-5 v. Zsolt 83,2-3.5-6.9-10)<\/span><\/p>\n<p>V\u00e1lasz:\u00a0Boldog ember, ki f\u00e9li\u00a0<u>az<\/u>\u00a0Urat, * aki az \u00darnak\u00a0<u>\u00f6s<\/u>v\u00e9ny\u00e9n halad.\u00a0V\u00f6. 1. vers. (6. t\u00f3nus)<br \/>\nEl\u0151\u00e9nekes: Boldog mindaz, ki f\u00e9li\u00a0<u>az<\/u>\u00a0Urat, * aki az\u00a0<u>\u0151<\/u>\u00a0\u00fatjain j\u00e1r.<br \/>\nKezed munk\u00e1j\u00e1<u>b\u00f3l<\/u>\u00a0\u00e9lhetsz, * boldog leszel,\u00a0<u>\u00e9s<\/u>\u00a0j\u00f3l megy sorod.<br \/>\nH\u00edvek:\u00a0Boldog ember, ki f\u00e9li\u00a0<u>az<\/u>\u00a0Urat, * aki az \u00darnak\u00a0<u>\u00f6s<\/u>v\u00e9ny\u00e9n halad.<br \/>\nE: Feles\u00e9ged olyan, mint a ter<u>m\u0151<\/u>\u00a0sz\u0151l\u0151t\u0151, * a te h\u00e1<u>zad<\/u>\u00a0bensej\u00e9ben.<br \/>\nFiaid olyanok, mint az olaj<u>fa<\/u>csemet\u00e9k, * \u00fagy veszik k\u00f6<u>r\u00fcl<\/u>\u00a0asztalodat.<br \/>\nH:\u00a0Boldog ember, ki f\u00e9li\u00a0<u>az<\/u>\u00a0Urat, * aki az \u00darnak\u00a0<u>\u00f6s<\/u>v\u00e9ny\u00e9n halad.<br \/>\nE: \u00cdme, ilyen \u00e1ld\u00e1sban r\u00e9szes\u00fcl az\u00a0<u>az<\/u>\u00a0ember, * aki\u00a0<u>f\u00e9<\/u>li az Urat.<br \/>\n\u00c1ldjon meg az\u00a0<u>\u00dar<\/u>\u00a0Sionb\u00f3l, * hogy l\u00e1sd Jeruzs\u00e1lem j\u00f3l\u00e9t\u00e9t \u00e9le<u>ted<\/u>\u00a0minden napj\u00e1n.<br \/>\nH:\u00a0Boldog ember, ki f\u00e9li\u00a0<u>az<\/u>\u00a0Urat, * aki az \u00darnak\u00a0<u>\u00f6s<\/u>v\u00e9ny\u00e9n halad.<\/p>\n<p><span style=\"color: #ff6600;\"><em>vagy<\/em><\/span><\/p>\n<p>V\u00e1lasz:\u00a0Boldogok, Uram,\u00a0<u>mind<\/u>azok, * akik a te\u00a0<u>h\u00e1<\/u>zadban laknak.\u00a0V\u00f6. 5a. vers. (5. t\u00f3nus)<br \/>\nEl\u0151\u00e9nekes: Mily kedves a te hajl\u00e9kod, seregek\u00a0<u>U<\/u>ra, * s\u00f3v\u00e1rog \u00e9s v\u00e1gy\u00f3dik lelkem az \u00dar\u00a0<u>ud<\/u>var\u00e1ba.<br \/>\nSz\u00edvem \u00e9s\u00a0<u>tes<\/u>tem * \u00f6rvendezik az\u00a0<u>\u00e9<\/u>l\u0151 Istenben.<br \/>\nH\u00edvek:\u00a0Boldogok, Uram,\u00a0<u>mind<\/u>azok, * akik a te\u00a0<u>h\u00e1<\/u>zadban laknak.<br \/>\nE: Boldogok, akik a te h\u00e1zadban\u00a0<u>lak<\/u>nak, * \u00f6r\u00f6kk\u00f6n \u00f6r\u00f6kk\u00e9\u00a0<u>di<\/u>cs\u00e9rnek t\u00e9ged.<br \/>\nBoldog az az ember, kinek seg\u00edts\u00e9ge\u00a0<u>t\u0151<\/u>led van, * \u00e9s sz\u00edv\u00e9ben k\u00e9sz\u00fcl\u0151dik, hogy\u00a0<u>hoz<\/u>z\u00e1d menjen.<br \/>\nH:\u00a0Boldogok, Uram,\u00a0<u>mind<\/u>azok, * akik a te\u00a0<u>h\u00e1<\/u>zadban laknak.<br \/>\nE: Seregek Ura, Istene, hallgasd meg\u00a0<u>i<\/u>m\u00e1mat, * figyelj re\u00e1m\u00a0<u>J\u00e1<\/u>kob Istene.<br \/>\nIsten\u00fcnk, oltalmaz\u00f3nk,\u00a0<u>n\u00e9zz<\/u>\u00a0re\u00e1nk, * tekints a te\u00a0<u>f\u00f6l<\/u>kented arc\u00e1ra!<br \/>\nH:\u00a0Boldogok, Uram,\u00a0<u>mind<\/u>azok, * akik a te\u00a0<u>h\u00e1<\/u>zadban laknak.<\/p>\n<p><span style=\"color: #ff6600;\">SZENTLECKE Szent P\u00e1l apostolnak a kolosszeiekhez \u00edrt level\u00e9b\u0151l (Kol 3,12-21)<\/span><br \/>\n<em>A csal\u00e1d \u00e9lete az \u00darban.<\/em><br \/>\nTestv\u00e9reim!<br \/>\nMint Istennek szent \u00e9s kedves v\u00e1lasztottai, \u00f6lts\u00e9tek magatokra az irgalmass\u00e1got, a j\u00f3s\u00e1got, a szel\u00edds\u00e9get \u00e9s a t\u00fcrelmet. Viselj\u00e9tek el egym\u00e1st, \u00e9s bocs\u00e1ssatok meg egym\u00e1snak, ha valakinek panasza van a m\u00e1sik ellen. Bocs\u00e1ssatok meg ti is \u00fagy, ahogyan az \u00dar megbocs\u00e1tott nektek. Legf\u0151k\u00e9nt pedig szeress\u00e9tek egym\u00e1st, mert ez a t\u00f6k\u00e9letess\u00e9g k\u00f6tel\u00e9ke.<br \/>\nKrisztus b\u00e9k\u00e9je t\u00f6ltse be sz\u00edveteket, hiszen erre kaptatok megh\u00edv\u00e1st az egy test k\u00f6z\u00f6ss\u00e9g\u00e9ben. Legyetek h\u00e1l\u00e1sak! Krisztus ig\u00e9je \u00e9ljen bennetek gazdagon! Tan\u00edts\u00e1tok \u00e9s ints\u00e9tek egym\u00e1st telve b\u00f6lcsess\u00e9ggel! \u00c9nekeljetek Istennek h\u00e1l\u00e1s sz\u00edvvel zsolt\u00e1rokat, himnuszokat \u00e9s szent \u00e9nekeket!<br \/>\nB\u00e1rmit mondtok vagy tesztek, mindent az \u00dar J\u00e9zus nev\u00e9ben tegyetek! \u00cdgy adjatok h\u00e1l\u00e1t \u00e1ltala az Atyaistennek!<br \/>\nAsszonyok! Engedelmeskedjetek f\u00e9rjeteknek, ahogy illik az \u00darban! F\u00e9rfiak! Szeress\u00e9tek feles\u00e9geteket, ne legyetek hozz\u00e1juk durv\u00e1k! Gyermekek! Fogadjatok sz\u00f3t sz\u00fcleiteknek mindenben, mert ez kedves az \u00dar el\u0151tt!<br \/>\nAp\u00e1k! Ne keser\u00edts\u00e9tek meg gyermekeitek \u00e9let\u00e9t, hogy kedv\u00fcket ne vesz\u00edts\u00e9k!<br \/>\nEz az Isten ig\u00e9je.<\/p>\n<p><span style=\"color: #ff6600;\"><em>vagy<\/em><\/span><\/p>\n<p><span style=\"color: #ff6600;\">SZENTLECKE Szent J\u00e1nos apostol els\u0151 level\u00e9b\u0151l (1Jn 3,1-2.21-24)<\/span><br \/>\n<em>Isten gyermekeinek h\u00edvnak minket, \u00e9s azok is vagyunk.<\/em><br \/>\nSzeretteim!<br \/>\nN\u00e9zz\u00e9tek, mekkora szeretettel van ir\u00e1ntunk az Atya: Isten gyermekeinek h\u00edvnak minket, \u00e9s azok is vagyunk. A vil\u00e1g az\u00e9rt nem ismer minket, mert \u0151t sem ismeri.<br \/>\nSzeretteim, most Isten gyermekei vagyunk, de hogy mik lesz\u00fcnk, az m\u00e9g nem nyilv\u00e1nval\u00f3. Azt tudjuk, hogy ha \u0151 megjelenik, hasonl\u00f3k lesz\u00fcnk hozz\u00e1, mert l\u00e1tni fogjuk \u0151t \u00fagy, amint van.<br \/>\nSzeretteim, ha sz\u00edv\u00fcnk nem v\u00e1dol, legy\u00fcnk bizalommal az Isten ir\u00e1nt. B\u00e1rmit k\u00e9r\u00fcnk, megkapjuk t\u0151le, hisz megtartjuk parancsait, \u00e9s azt tessz\u00fck, ami neki tetszik.<br \/>\nAz az \u0151 parancsa, hogy higgy\u00fcnk Fi\u00e1nak, J\u00e9zus Krisztusnak nev\u00e9ben, \u00e9s szeress\u00fck egym\u00e1st, amint \u0151 parancsolta. Aki teljes\u00edti parancsait, Istenben marad, \u00e9s Isten is \u0151benne. Azt, hogy \u0151 benn\u00fcnk marad, a L\u00e9lekt\u0151l tudjuk, akit adott nek\u00fcnk.<br \/>\nEz az Isten ig\u00e9je.<\/p>\n<p><span style=\"color: #ff6600;\">ALLELUJA<\/span><br \/>\nSz\u00edvetekben uralkodj\u00e9k Krisztus b\u00e9k\u00e9je, * Krisztus tan\u00edt\u00e1sa t\u00f6lts\u00f6n el titeket gazdagon. Kol 3,15a.16a \u2013 5. t\u00f3nus.<br \/>\n<span style=\"color: #ff6600;\"><em>vagy<\/em><\/span><br \/>\n\u201eUram, nyisd meg sz\u00edv\u00fcnket, * hogy meghallgassuk Fiad ig\u00e9it!\u201d V\u00f6. ApCsel 16,14b \u2013 2. t\u00f3nus<\/p>\n<p><span style=\"color: #ff6600;\">\u2020 EVANG\u00c9LIUM Szent Luk\u00e1cs k\u00f6nyv\u00e9b\u0151l. (Lk 2,41-52)<\/span><br \/>\n<em>Sz\u00fclei J\u00e9zust a tan\u00edt\u00f3k k\u00f6z\u00f6tt tal\u00e1lt\u00e1k meg.<\/em><br \/>\nJ\u00e9zus sz\u00fclei minden \u00e9vben f\u00f6lmentek Jeruzs\u00e1lembe a h\u00fasv\u00e9t \u00fcnnep\u00e9re. Amikor J\u00e9zus tizenk\u00e9t \u00e9ves lett, szint\u00e9n f\u00f6lmentek, az \u00fcnnepi szok\u00e1s szerint. Az \u00fcnnepnapok eltelt\u00e9vel hazafel\u00e9 indultak. A gyermek J\u00e9zus azonban Jeruzs\u00e1lemben maradt an\u00e9lk\u00fcl, hogy sz\u00fclei \u00e9szrevett\u00e9k volna. Abban a hitben, hogy az \u00fati t\u00e1rsas\u00e1gban van, m\u00e1r egy napig mentek, amikor keresni kezdt\u00e9k a rokonok \u00e9s ismer\u0151s\u00f6k k\u00f6z\u00f6tt. Mivel nem tal\u00e1lt\u00e1k, visszafordultak, Jeruzs\u00e1lembe, hogy ott keress\u00e9k.<br \/>\nH\u00e1rom nap m\u00falva tal\u00e1ltak r\u00e1 a templomban, amint a tan\u00edt\u00f3k k\u00f6zt \u00fclt, hallgatta \u00e9s k\u00e9rdezgette \u0151ket. Akik csak hallgatt\u00e1k, mind csod\u00e1lkoztak okoss\u00e1g\u00e1n \u00e9s feleletein. Amikor a sz\u00fclei megl\u00e1tt\u00e1k \u0151t, nagyon meglep\u0151dtek.<br \/>\nAnyja \u00edgy sz\u00f3lt hozz\u00e1: \u201eGyermekem, mi\u00e9rt tetted ezt vel\u00fcnk? L\u00e1sd, aty\u00e1d \u00e9s \u00e9n b\u00e1nk\u00f3dva kerest\u00fcnk t\u00e9ged.\u201d<br \/>\n\u0150 azt felelte: \u201eMi\u00e9rt kerestetek? Nem tudt\u00e1tok, hogy nekem Aty\u00e1m dolgaiban kell lennem?\u201d<br \/>\n\u00c1m \u0151k nem \u00e9rtett\u00e9k mit akar ezzel mondani.<br \/>\nAkkor hazat\u00e9rt vel\u00fck N\u00e1z\u00e1retbe, \u00e9s engedelmes volt nekik. Szavait anyja mind meg\u0151rizte sz\u00edv\u00e9ben.<br \/>\nJ\u00e9zus pedig n\u00f6vekedett b\u00f6lcsess\u00e9gben, korban \u00e9s kedvess\u00e9gben Isten \u00e9s emberek el\u0151tt.<br \/>\nEzek az evang\u00e9lium ig\u00e9i.<\/p>\n<p><span style=\"color: #ff6600;\">EGYETEMES K\u00d6NY\u00d6RG\u00c9SEK<\/span><br \/>\nPap: K\u00e9rj\u00fck, testv\u00e9reim, a mennyei Aty\u00e1t, hogy a Szent Csal\u00e1d legyen p\u00e9ld\u00e1ja a kereszt\u00e9ny csal\u00e1doknak.<br \/>\nLektor: 1. Add, Urunk, hogy a kereszt\u00e9ny csal\u00e1dok \u00e1ltal n\u00f6vekedj\u00e9k Egyh\u00e1zunk!<br \/>\nH\u00edvek: K\u00e9r\u00fcnk T\u00e9ged, hallgass meg minket!<br \/>\n2. Add, Urunk, hogy a b\u00e9k\u00e9s csal\u00e1di \u00e9let \u00e1ltal er\u0151s\u00f6dj\u00e9k a nemzet \u00e9s a t\u00e1rsadalom!<br \/>\nH\u00edvek: K\u00e9r\u00fcnk T\u00e9ged, hallgass meg minket!<br \/>\n3. Add, Urunk, hogy a h\u00e1zast\u00e1rsak \u2013 esk\u00fcj\u00fckh\u00f6z h\u00edven h\u0171s\u00e9gesek legyenek egym\u00e1shoz a s\u00edrig!<br \/>\nH\u00edvek: K\u00e9r\u00fcnk T\u00e9ged, hallgass meg minket!<br \/>\n4. Add, Urunk, hogy a gyermekek n\u00f6vekedjenek b\u00f6lcsess\u00e9gben \u00e9s kedvess\u00e9gben Isten \u00e9s az emberek el\u0151tt!<br \/>\nH\u00edvek: K\u00e9r\u00fcnk T\u00e9ged, hallgass meg minket!<br \/>\n5. Add, Urunk, hogy elhunyt hozz\u00e1tartoz\u00f3ink elnyerj\u00e9k szeretet\u00fck jutalm\u00e1t: az \u00f6r\u00f6k boldogs\u00e1got!<br \/>\nH\u00edvek: K\u00e9r\u00fcnk T\u00e9ged, hallgass meg minket!<br \/>\nPap: Mindenhat\u00f3, \u00f6r\u00f6k Isten, te p\u00e9ldak\u00e9p\u00fcl adtad nek\u00fcnk a Szent Csal\u00e1dot, amelyben isteni Fiad f\u00f6ldi \u00e9let\u00e9t t\u00f6lt\u00f6tte. Add, hogy a csal\u00e1di \u00e9let szent legyen, \u00e9s \u00edgy elnyerhess\u00fck a f\u00f6ldi \u00e9s az \u00f6r\u00f6k boldogs\u00e1got. Krisztus, a mi Urunk \u00e1ltal.<br \/>\nH\u00edvek: \u00c1men.<\/p>\n<p><span style=\"color: #ff6600;\">Felaj\u00e1nl\u00f3 k\u00f6ny\u00f6rg\u00e9s:<\/span><br \/>\nUrunk, Isten\u00fcnk, felaj\u00e1nljuk neked engesztel\u0151 \u00e1ldozatunkat. K\u00f6ny\u00f6r\u00f6gve k\u00e9r\u00fcnk, hogy az Istensz\u00fcl\u0151 Sz\u0171z \u00e9s Szent J\u00f3zsef k\u00f6zbenj\u00e1r\u00e1s\u00e1ra er\u0151s\u00edtsd meg csal\u00e1djainkat kegyelmedben \u00e9s b\u00e9k\u00e9dben. Krisztus, a mi Urunk \u00e1ltal.<\/p>\n<p><span style=\"color: #ff6600;\">Pref\u00e1ci\u00f3:<\/span><\/p>\n<p>Az \u00dar legyen veletek.<br \/>\nH.: \u00c9s a te lelkeddel.<br \/>\nEmelj\u00fck f\u00f6l sz\u00edv\u00fcnket.<br \/>\nH.: F\u00f6lemelt\u00fck az \u00darhoz.<br \/>\nAdjunk h\u00e1l\u00e1t Urunknak, Isten\u00fcnknek.<br \/>\nH.: M\u00e9lt\u00f3 \u00e9s igazs\u00e1gos.<br \/>\n(Mert) Val\u00f3ban m\u00e9lt\u00f3 \u00e9s igazs\u00e1gos, ill\u0151 \u00e9s \u00fcdv\u00f6s, hogy mindig \u00e9s minden\u00fctt h\u00e1l\u00e1t adjunk n\u00e9ked, mi Urunk, szents\u00e9ges Aty\u00e1nk, mindenhat\u00f3, \u00f6r\u00f6k Isten: Krisztus, a mi Urunk \u00e1ltal.<br \/>\n(Mert) Vil\u00e1graj\u00f6tt\u00e9nek most \u00fcnnepelt szent titka r\u00e9v\u00e9n \u2013 l\u00e1that\u00f3an megjelent K\u00d6Zt\u00fcnk a l\u00e1thatatlan, \u00e9l\u0151 Isten. Az id\u0151 kezdete el\u0151tt sz\u00fcletett, m\u00e9gis id\u0151beli l\u00e9tez\u00e9st v\u00e1llalt: hogy \u00f6nmag\u00e1ban felemeljen mindent, ami veszni indult, \u00edgy helyre\u00e1ll\u00edtsa a vil\u00e1g rendj\u00e9t, \u2013 \u00e9s az elbukott EMbert ism\u00e9t a mennyek orsz\u00e1g\u00e1ba h\u00edvja.<br \/>\n(\u00c9s) Ez\u00e9rt mi is dics\u0151\u00edt\u00fcnk az \u00f6sszes angyalokkal egy\u00fctt, \u2013 vid\u00e1m l\u00e9lekkel \u00c9Nekl\u00fcnk, \u00e9s h\u00e1l\u00e1s sz\u00edvvel mondjuk: (zengj\u00fck:)<\/p>\n<p><span style=\"color: #ff6600;\">\u00c1ldoz\u00e1si \u00e9nek:<\/span><br \/>\nA mi Isten\u00fcnk megjelent a f\u00f6ld\u00f6n, \u00e9s besz\u00e9lgetett az emberekkel. (B\u00e1r 3,38)<\/p>\n<p><span style=\"color: #ff6600;\">\u00c1ldoz\u00e1s ut\u00e1ni k\u00f6ny\u00f6rg\u00e9s:<\/span><br \/>\nJ\u00f3s\u00e1gos Aty\u00e1nk, mennyei szents\u00e9geiddel t\u00e1pl\u00e1lt\u00e1l minket. Add, hogy a Szent Csal\u00e1d p\u00e9ld\u00e1j\u00e1t mindenkor k\u00f6vess\u00fck, \u00e9s a f\u00f6ldi \u00e9let szenved\u00e9sei ut\u00e1n annak \u00f6r\u00f6k t\u00e1rsas\u00e1g\u00e1ba jussunk. Krisztus, a mi Urunk \u00e1ltal.<\/p>\n","protected":false},"excerpt":{"rendered":"<p>A 2025. \u00e9v jubileumi szent\u00e9v. Ferenc p\u00e1pa a k\u00f6vetkez\u0151 m\u00f3don sz\u00f3l\u00edt meg mindannyiunkat: \u201eA szent\u00e9v mindig nagy lelki, egyh\u00e1zi \u00e9s t\u00e1rsadalmi jelent\u0151s\u00e9g\u0171 esem\u00e9ny volt az Egyh\u00e1z \u00e9let\u00e9ben. Ami\u00f3ta VIII. Bonif\u00e1c 1300-ban bevezette az els\u0151 szent\u00e9vet \u2013 sz\u00e1z\u00e9ves ism\u00e9tl\u0151d\u00e9ssel, amely azt\u00e1n a bibliai mint\u00e1ra \u00f6tven\u00e9vess\u00e9 v\u00e1lt, majd huszon\u00f6t \u00e9venk\u00e9nt ism\u00e9tl\u0151d\u0151k\u00e9nt \u00e1lland\u00f3sult \u2013, Isten h\u00edv\u0151 szent n\u00e9pe ezt az \u00fcnnepet a kegyelem k\u00fcl\u00f6nleges aj\u00e1nd\u00e9kak\u00e9nt \u00e9li meg, melyet a b\u0171n\u00f6k bocs\u00e1nata \u00e9s k\u00fcl\u00f6n\u00f6sen a b\u00facs\u00fa, Isten irgalm\u00e1nak teljes kifejez\u0151d\u00e9se jellemez.\u201d (A rem\u00e9ny zar\u00e1ndokai \u2013 Ferenc p\u00e1pa levele a 2025-\u00f6s szent\u00e9v el\u0151k\u00e9sz\u00edt\u00e9s\u00e9r\u0151l) A szent\u00e9v \u00edgy alapvet\u0151en aj\u00e1nd\u00e9k\u00a0 a kereszt\u00e9ny csal\u00e1dok sz\u00e1m\u00e1ra. Hiszen a visszatekint\u00e9sen t\u00fal sz\u00f3l a meg\u00fajul\u00e1sr\u00f3l, ism\u00e9telt megt\u00e9r\u00e9sr\u0151l, az \u00fajrakezd\u00e9s lehet\u0151s\u00e9g\u00e9r\u0151l, &#8222;kegyelmi \u00fajrakezd\u00e9sr\u0151l&#8221;. Rem\u00e9ny szerint a jubileumi szent\u00e9vben a kereszt\u00e9ny csal\u00e1dok ism\u00e9t visszanyerik m\u00e9lt\u00f3 hely\u00fcket \u00e9s meg\u00edt\u00e9l\u00e9s\u00fcket az emberi t\u00e1rsadalomban. Kezd\u0151\u00e9nek: A p\u00e1sztorok sietve \u00fatra keltek, s megtal\u00e1lt\u00e1k M\u00e1ri\u00e1t, J\u00f3zsefet, \u00e9s a j\u00e1szolban fekv\u0151 Kisdedet! (Lk 2,16) K\u00f6ny\u00f6rg\u00e9s: Isten\u00fcnk, te ragyog\u00f3 p\u00e9ldak\u00e9pnek \u00e1ll\u00edtod el\u00e9nk a Szent Csal\u00e1dot. Seg\u00edts, hogy nyomukban j\u00e1rjunk: gyakoroljuk a csal\u00e1di \u00e9let er\u00e9nyeit, mindig egyek maradjunk a szeretetben, \u00e9s \u00edgy atyai h\u00e1zadban \u00f6rvendezz\u00fcnk \u00f6r\u00f6k jutalmadnak. A mi Urunk, J\u00e9zus Krisztus, a te Fiad \u00e1ltal, aki veled \u00e9l \u00e9s uralkodik a Szentl\u00e9lekkel egys\u00e9gben, Isten mind\u00f6r\u00f6kk\u00f6n \u00f6r\u00f6kk\u00e9. OLVASM\u00c1NY Sir\u00e1k fia k\u00f6nyv\u00e9b\u0151l (Sir 3,3-7.14-17a) Aki f\u00e9li az Urat, tiszteli sz\u00fcleit. Isten tekint\u00e9lyt adott az ap\u00e1nak a gyermekek el\u0151tt, \u00e9s megszabta az anya jog\u00e1t a gyermekekkel szemben. Aki tiszteli apj\u00e1t, b\u0171neit engeszteli, megszabadul t\u0151l\u00fck, \u00e9s mindennapi im\u00e1ja meghallgat\u00e1sra tal\u00e1l. Kincset gy\u0171jt mag\u00e1nak, aki megbecs\u00fcli anyj\u00e1t, aki pedig tiszteli apj\u00e1t, \u00f6r\u00f6m\u00e9t leli gyermekeiben, s amikor im\u00e1dkozik, meghallgat\u00e1sra tal\u00e1l. Aki becs\u00fcli apj\u00e1t, hossz\u00fa \u00e9let\u0171 lesz, s aki sz\u00f3t fogad apj\u00e1nak, fel\u00fcd\u00edti anyj\u00e1t. Fiam! Legyen gondod ap\u00e1dra \u00f6regs\u00e9g\u00e9ben, \u00e9s ne keser\u00edtsd \u0151t \u00e9let\u00e9ben. Ha meg is fogyatkozik erej\u00e9ben, l\u00e9gy eln\u00e9z\u0151 ir\u00e1nta, \u00e9s ne vesd meg \u00e9let\u00e9nek egy napj\u00e1n se. Ap\u00e1d ir\u00e1nt tan\u00fas\u00edtott j\u00f3 cselekedeted nem megy&#8230; <\/p>\n<p><a class=\"readmore\" href=\"https:\/\/stuttgarti-katolikusok.de\/index.php\/szent-csalad-vasarnapja-2\/\">R\u00e9szletek<\/a><\/p>\n","protected":false},"author":3,"featured_media":24211,"comment_status":"closed","ping_status":"closed","sticky":false,"template":"","format":"standard","meta":{"footnotes":""},"categories":[85,63],"tags":[],"class_list":["post-30049","post","type-post","status-publish","format-standard","has-post-thumbnail","hentry","category-a-liturgia-olvasmanyai","category-vasarnapi-gondolatok"],"yoast_head":"<!-- This site is optimized with the Yoast SEO plugin v27.3 - https:\/\/yoast.com\/product\/yoast-seo-wordpress\/ -->\n<title>Szent Csal\u00e1d vas\u00e1rnapja - Stuttgarti Katolikusok<\/title>\n<meta name=\"robots\" content=\"index, follow, max-snippet:-1, max-image-preview:large, max-video-preview:-1\" \/>\n<link rel=\"canonical\" href=\"https:\/\/stuttgarti-katolikusok.de\/index.php\/szent-csalad-vasarnapja-2\/\" \/>\n<meta property=\"og:locale\" content=\"hu_HU\" \/>\n<meta property=\"og:type\" content=\"article\" \/>\n<meta property=\"og:title\" content=\"Szent Csal\u00e1d vas\u00e1rnapja - Stuttgarti Katolikusok\" \/>\n<meta property=\"og:description\" content=\"A 2025. \u00e9v jubileumi szent\u00e9v. Ferenc p\u00e1pa a k\u00f6vetkez\u0151 m\u00f3don sz\u00f3l\u00edt meg mindannyiunkat: \u201eA szent\u00e9v mindig nagy lelki, egyh\u00e1zi \u00e9s t\u00e1rsadalmi jelent\u0151s\u00e9g\u0171 esem\u00e9ny volt az Egyh\u00e1z \u00e9let\u00e9ben. Ami\u00f3ta VIII. Bonif\u00e1c 1300-ban bevezette az els\u0151 szent\u00e9vet \u2013 sz\u00e1z\u00e9ves ism\u00e9tl\u0151d\u00e9ssel, amely azt\u00e1n a bibliai mint\u00e1ra \u00f6tven\u00e9vess\u00e9 v\u00e1lt, majd huszon\u00f6t \u00e9venk\u00e9nt ism\u00e9tl\u0151d\u0151k\u00e9nt \u00e1lland\u00f3sult \u2013, Isten h\u00edv\u0151 szent n\u00e9pe ezt az \u00fcnnepet a kegyelem k\u00fcl\u00f6nleges aj\u00e1nd\u00e9kak\u00e9nt \u00e9li meg, melyet a b\u0171n\u00f6k bocs\u00e1nata \u00e9s k\u00fcl\u00f6n\u00f6sen a b\u00facs\u00fa, Isten irgalm\u00e1nak teljes kifejez\u0151d\u00e9se jellemez.\u201d (A rem\u00e9ny zar\u00e1ndokai \u2013 Ferenc p\u00e1pa levele a 2025-\u00f6s szent\u00e9v el\u0151k\u00e9sz\u00edt\u00e9s\u00e9r\u0151l) A szent\u00e9v \u00edgy alapvet\u0151en aj\u00e1nd\u00e9k\u00a0 a kereszt\u00e9ny csal\u00e1dok sz\u00e1m\u00e1ra. Hiszen a visszatekint\u00e9sen t\u00fal sz\u00f3l a meg\u00fajul\u00e1sr\u00f3l, ism\u00e9telt megt\u00e9r\u00e9sr\u0151l, az \u00fajrakezd\u00e9s lehet\u0151s\u00e9g\u00e9r\u0151l, &#8222;kegyelmi \u00fajrakezd\u00e9sr\u0151l&#8221;. Rem\u00e9ny szerint a jubileumi szent\u00e9vben a kereszt\u00e9ny csal\u00e1dok ism\u00e9t visszanyerik m\u00e9lt\u00f3 hely\u00fcket \u00e9s meg\u00edt\u00e9l\u00e9s\u00fcket az emberi t\u00e1rsadalomban. Kezd\u0151\u00e9nek: A p\u00e1sztorok sietve \u00fatra keltek, s megtal\u00e1lt\u00e1k M\u00e1ri\u00e1t, J\u00f3zsefet, \u00e9s a j\u00e1szolban fekv\u0151 Kisdedet! (Lk 2,16) K\u00f6ny\u00f6rg\u00e9s: Isten\u00fcnk, te ragyog\u00f3 p\u00e9ldak\u00e9pnek \u00e1ll\u00edtod el\u00e9nk a Szent Csal\u00e1dot. Seg\u00edts, hogy nyomukban j\u00e1rjunk: gyakoroljuk a csal\u00e1di \u00e9let er\u00e9nyeit, mindig egyek maradjunk a szeretetben, \u00e9s \u00edgy atyai h\u00e1zadban \u00f6rvendezz\u00fcnk \u00f6r\u00f6k jutalmadnak. A mi Urunk, J\u00e9zus Krisztus, a te Fiad \u00e1ltal, aki veled \u00e9l \u00e9s uralkodik a Szentl\u00e9lekkel egys\u00e9gben, Isten mind\u00f6r\u00f6kk\u00f6n \u00f6r\u00f6kk\u00e9. OLVASM\u00c1NY Sir\u00e1k fia k\u00f6nyv\u00e9b\u0151l (Sir 3,3-7.14-17a) Aki f\u00e9li az Urat, tiszteli sz\u00fcleit. Isten tekint\u00e9lyt adott az ap\u00e1nak a gyermekek el\u0151tt, \u00e9s megszabta az anya jog\u00e1t a gyermekekkel szemben. Aki tiszteli apj\u00e1t, b\u0171neit engeszteli, megszabadul t\u0151l\u00fck, \u00e9s mindennapi im\u00e1ja meghallgat\u00e1sra tal\u00e1l. Kincset gy\u0171jt mag\u00e1nak, aki megbecs\u00fcli anyj\u00e1t, aki pedig tiszteli apj\u00e1t, \u00f6r\u00f6m\u00e9t leli gyermekeiben, s amikor im\u00e1dkozik, meghallgat\u00e1sra tal\u00e1l. Aki becs\u00fcli apj\u00e1t, hossz\u00fa \u00e9let\u0171 lesz, s aki sz\u00f3t fogad apj\u00e1nak, fel\u00fcd\u00edti anyj\u00e1t. Fiam! Legyen gondod ap\u00e1dra \u00f6regs\u00e9g\u00e9ben, \u00e9s ne keser\u00edtsd \u0151t \u00e9let\u00e9ben. Ha meg is fogyatkozik erej\u00e9ben, l\u00e9gy eln\u00e9z\u0151 ir\u00e1nta, \u00e9s ne vesd meg \u00e9let\u00e9nek egy napj\u00e1n se. Ap\u00e1d ir\u00e1nt tan\u00fas\u00edtott j\u00f3 cselekedeted nem megy... R\u00e9szletek\" \/>\n<meta property=\"og:url\" content=\"https:\/\/stuttgarti-katolikusok.de\/index.php\/szent-csalad-vasarnapja-2\/\" \/>\n<meta property=\"og:site_name\" content=\"Stuttgarti Katolikusok\" \/>\n<meta property=\"article:published_time\" content=\"2024-12-28T23:43:01+00:00\" \/>\n<meta property=\"og:image\" content=\"https:\/\/stuttgarti-katolikusok.de\/wp-content\/uploads\/2022\/12\/whatsapp-kep-2022-12-30-200234.jpg\" \/>\n\t<meta property=\"og:image:width\" content=\"2000\" \/>\n\t<meta property=\"og:image:height\" content=\"1125\" \/>\n\t<meta property=\"og:image:type\" content=\"image\/jpeg\" \/>\n<meta name=\"author\" content=\"Tibor atya\" \/>\n<meta name=\"twitter:card\" content=\"summary_large_image\" \/>\n<meta name=\"twitter:label1\" content=\"Szerz\u0151:\" \/>\n\t<meta name=\"twitter:data1\" content=\"Tibor atya\" \/>\n\t<meta name=\"twitter:label2\" content=\"Becs\u00fclt olvas\u00e1si id\u0151\" \/>\n\t<meta name=\"twitter:data2\" content=\"9 perc\" \/>\n<script type=\"application\/ld+json\" class=\"yoast-schema-graph\">{\"@context\":\"https:\\\/\\\/schema.org\",\"@graph\":[{\"@type\":\"Article\",\"@id\":\"https:\\\/\\\/stuttgarti-katolikusok.de\\\/index.php\\\/szent-csalad-vasarnapja-2\\\/#article\",\"isPartOf\":{\"@id\":\"https:\\\/\\\/stuttgarti-katolikusok.de\\\/index.php\\\/szent-csalad-vasarnapja-2\\\/\"},\"author\":{\"name\":\"Tibor atya\",\"@id\":\"https:\\\/\\\/stuttgarti-katolikusok.de\\\/#\\\/schema\\\/person\\\/75908d6f8fdc03a57889d27209df7795\"},\"headline\":\"Szent Csal\u00e1d vas\u00e1rnapja\",\"datePublished\":\"2024-12-28T23:43:01+00:00\",\"mainEntityOfPage\":{\"@id\":\"https:\\\/\\\/stuttgarti-katolikusok.de\\\/index.php\\\/szent-csalad-vasarnapja-2\\\/\"},\"wordCount\":2287,\"image\":{\"@id\":\"https:\\\/\\\/stuttgarti-katolikusok.de\\\/index.php\\\/szent-csalad-vasarnapja-2\\\/#primaryimage\"},\"thumbnailUrl\":\"https:\\\/\\\/stuttgarti-katolikusok.de\\\/wp-content\\\/uploads\\\/2022\\\/12\\\/whatsapp-kep-2022-12-30-200234.jpg\",\"articleSection\":[\"A liturgia olvasm\u00e1nyai\",\"Vas\u00e1rnapi gondolatok\"],\"inLanguage\":\"hu\"},{\"@type\":\"WebPage\",\"@id\":\"https:\\\/\\\/stuttgarti-katolikusok.de\\\/index.php\\\/szent-csalad-vasarnapja-2\\\/\",\"url\":\"https:\\\/\\\/stuttgarti-katolikusok.de\\\/index.php\\\/szent-csalad-vasarnapja-2\\\/\",\"name\":\"Szent Csal\u00e1d vas\u00e1rnapja - Stuttgarti Katolikusok\",\"isPartOf\":{\"@id\":\"https:\\\/\\\/stuttgarti-katolikusok.de\\\/#website\"},\"primaryImageOfPage\":{\"@id\":\"https:\\\/\\\/stuttgarti-katolikusok.de\\\/index.php\\\/szent-csalad-vasarnapja-2\\\/#primaryimage\"},\"image\":{\"@id\":\"https:\\\/\\\/stuttgarti-katolikusok.de\\\/index.php\\\/szent-csalad-vasarnapja-2\\\/#primaryimage\"},\"thumbnailUrl\":\"https:\\\/\\\/stuttgarti-katolikusok.de\\\/wp-content\\\/uploads\\\/2022\\\/12\\\/whatsapp-kep-2022-12-30-200234.jpg\",\"datePublished\":\"2024-12-28T23:43:01+00:00\",\"author\":{\"@id\":\"https:\\\/\\\/stuttgarti-katolikusok.de\\\/#\\\/schema\\\/person\\\/75908d6f8fdc03a57889d27209df7795\"},\"breadcrumb\":{\"@id\":\"https:\\\/\\\/stuttgarti-katolikusok.de\\\/index.php\\\/szent-csalad-vasarnapja-2\\\/#breadcrumb\"},\"inLanguage\":\"hu\",\"potentialAction\":[{\"@type\":\"ReadAction\",\"target\":[\"https:\\\/\\\/stuttgarti-katolikusok.de\\\/index.php\\\/szent-csalad-vasarnapja-2\\\/\"]}]},{\"@type\":\"ImageObject\",\"inLanguage\":\"hu\",\"@id\":\"https:\\\/\\\/stuttgarti-katolikusok.de\\\/index.php\\\/szent-csalad-vasarnapja-2\\\/#primaryimage\",\"url\":\"https:\\\/\\\/stuttgarti-katolikusok.de\\\/wp-content\\\/uploads\\\/2022\\\/12\\\/whatsapp-kep-2022-12-30-200234.jpg\",\"contentUrl\":\"https:\\\/\\\/stuttgarti-katolikusok.de\\\/wp-content\\\/uploads\\\/2022\\\/12\\\/whatsapp-kep-2022-12-30-200234.jpg\",\"width\":2000,\"height\":1125},{\"@type\":\"BreadcrumbList\",\"@id\":\"https:\\\/\\\/stuttgarti-katolikusok.de\\\/index.php\\\/szent-csalad-vasarnapja-2\\\/#breadcrumb\",\"itemListElement\":[{\"@type\":\"ListItem\",\"position\":1,\"name\":\"Kezd\u0151lap\",\"item\":\"https:\\\/\\\/stuttgarti-katolikusok.de\\\/\"},{\"@type\":\"ListItem\",\"position\":2,\"name\":\"Szent Csal\u00e1d vas\u00e1rnapja\"}]},{\"@type\":\"WebSite\",\"@id\":\"https:\\\/\\\/stuttgarti-katolikusok.de\\\/#website\",\"url\":\"https:\\\/\\\/stuttgarti-katolikusok.de\\\/\",\"name\":\"Stuttgarti Katolikusok\",\"description\":\"\",\"potentialAction\":[{\"@type\":\"SearchAction\",\"target\":{\"@type\":\"EntryPoint\",\"urlTemplate\":\"https:\\\/\\\/stuttgarti-katolikusok.de\\\/?s={search_term_string}\"},\"query-input\":{\"@type\":\"PropertyValueSpecification\",\"valueRequired\":true,\"valueName\":\"search_term_string\"}}],\"inLanguage\":\"hu\"},{\"@type\":\"Person\",\"@id\":\"https:\\\/\\\/stuttgarti-katolikusok.de\\\/#\\\/schema\\\/person\\\/75908d6f8fdc03a57889d27209df7795\",\"name\":\"Tibor atya\",\"image\":{\"@type\":\"ImageObject\",\"inLanguage\":\"hu\",\"@id\":\"https:\\\/\\\/secure.gravatar.com\\\/avatar\\\/61d268e57d1f4525b111222e29d2d5a7f8c420fdbf231ba5566a8ceac74fa960?s=96&d=mm&r=g\",\"url\":\"https:\\\/\\\/secure.gravatar.com\\\/avatar\\\/61d268e57d1f4525b111222e29d2d5a7f8c420fdbf231ba5566a8ceac74fa960?s=96&d=mm&r=g\",\"contentUrl\":\"https:\\\/\\\/secure.gravatar.com\\\/avatar\\\/61d268e57d1f4525b111222e29d2d5a7f8c420fdbf231ba5566a8ceac74fa960?s=96&d=mm&r=g\",\"caption\":\"Tibor atya\"},\"url\":\"https:\\\/\\\/stuttgarti-katolikusok.de\\\/index.php\\\/author\\\/tibor-atya\\\/\"}]}<\/script>\n<!-- \/ Yoast SEO plugin. -->","yoast_head_json":{"title":"Szent Csal\u00e1d vas\u00e1rnapja - Stuttgarti Katolikusok","robots":{"index":"index","follow":"follow","max-snippet":"max-snippet:-1","max-image-preview":"max-image-preview:large","max-video-preview":"max-video-preview:-1"},"canonical":"https:\/\/stuttgarti-katolikusok.de\/index.php\/szent-csalad-vasarnapja-2\/","og_locale":"hu_HU","og_type":"article","og_title":"Szent Csal\u00e1d vas\u00e1rnapja - Stuttgarti Katolikusok","og_description":"A 2025. \u00e9v jubileumi szent\u00e9v. Ferenc p\u00e1pa a k\u00f6vetkez\u0151 m\u00f3don sz\u00f3l\u00edt meg mindannyiunkat: \u201eA szent\u00e9v mindig nagy lelki, egyh\u00e1zi \u00e9s t\u00e1rsadalmi jelent\u0151s\u00e9g\u0171 esem\u00e9ny volt az Egyh\u00e1z \u00e9let\u00e9ben. Ami\u00f3ta VIII. Bonif\u00e1c 1300-ban bevezette az els\u0151 szent\u00e9vet \u2013 sz\u00e1z\u00e9ves ism\u00e9tl\u0151d\u00e9ssel, amely azt\u00e1n a bibliai mint\u00e1ra \u00f6tven\u00e9vess\u00e9 v\u00e1lt, majd huszon\u00f6t \u00e9venk\u00e9nt ism\u00e9tl\u0151d\u0151k\u00e9nt \u00e1lland\u00f3sult \u2013, Isten h\u00edv\u0151 szent n\u00e9pe ezt az \u00fcnnepet a kegyelem k\u00fcl\u00f6nleges aj\u00e1nd\u00e9kak\u00e9nt \u00e9li meg, melyet a b\u0171n\u00f6k bocs\u00e1nata \u00e9s k\u00fcl\u00f6n\u00f6sen a b\u00facs\u00fa, Isten irgalm\u00e1nak teljes kifejez\u0151d\u00e9se jellemez.\u201d (A rem\u00e9ny zar\u00e1ndokai \u2013 Ferenc p\u00e1pa levele a 2025-\u00f6s szent\u00e9v el\u0151k\u00e9sz\u00edt\u00e9s\u00e9r\u0151l) A szent\u00e9v \u00edgy alapvet\u0151en aj\u00e1nd\u00e9k\u00a0 a kereszt\u00e9ny csal\u00e1dok sz\u00e1m\u00e1ra. Hiszen a visszatekint\u00e9sen t\u00fal sz\u00f3l a meg\u00fajul\u00e1sr\u00f3l, ism\u00e9telt megt\u00e9r\u00e9sr\u0151l, az \u00fajrakezd\u00e9s lehet\u0151s\u00e9g\u00e9r\u0151l, &#8222;kegyelmi \u00fajrakezd\u00e9sr\u0151l&#8221;. Rem\u00e9ny szerint a jubileumi szent\u00e9vben a kereszt\u00e9ny csal\u00e1dok ism\u00e9t visszanyerik m\u00e9lt\u00f3 hely\u00fcket \u00e9s meg\u00edt\u00e9l\u00e9s\u00fcket az emberi t\u00e1rsadalomban. Kezd\u0151\u00e9nek: A p\u00e1sztorok sietve \u00fatra keltek, s megtal\u00e1lt\u00e1k M\u00e1ri\u00e1t, J\u00f3zsefet, \u00e9s a j\u00e1szolban fekv\u0151 Kisdedet! (Lk 2,16) K\u00f6ny\u00f6rg\u00e9s: Isten\u00fcnk, te ragyog\u00f3 p\u00e9ldak\u00e9pnek \u00e1ll\u00edtod el\u00e9nk a Szent Csal\u00e1dot. Seg\u00edts, hogy nyomukban j\u00e1rjunk: gyakoroljuk a csal\u00e1di \u00e9let er\u00e9nyeit, mindig egyek maradjunk a szeretetben, \u00e9s \u00edgy atyai h\u00e1zadban \u00f6rvendezz\u00fcnk \u00f6r\u00f6k jutalmadnak. A mi Urunk, J\u00e9zus Krisztus, a te Fiad \u00e1ltal, aki veled \u00e9l \u00e9s uralkodik a Szentl\u00e9lekkel egys\u00e9gben, Isten mind\u00f6r\u00f6kk\u00f6n \u00f6r\u00f6kk\u00e9. OLVASM\u00c1NY Sir\u00e1k fia k\u00f6nyv\u00e9b\u0151l (Sir 3,3-7.14-17a) Aki f\u00e9li az Urat, tiszteli sz\u00fcleit. Isten tekint\u00e9lyt adott az ap\u00e1nak a gyermekek el\u0151tt, \u00e9s megszabta az anya jog\u00e1t a gyermekekkel szemben. Aki tiszteli apj\u00e1t, b\u0171neit engeszteli, megszabadul t\u0151l\u00fck, \u00e9s mindennapi im\u00e1ja meghallgat\u00e1sra tal\u00e1l. Kincset gy\u0171jt mag\u00e1nak, aki megbecs\u00fcli anyj\u00e1t, aki pedig tiszteli apj\u00e1t, \u00f6r\u00f6m\u00e9t leli gyermekeiben, s amikor im\u00e1dkozik, meghallgat\u00e1sra tal\u00e1l. Aki becs\u00fcli apj\u00e1t, hossz\u00fa \u00e9let\u0171 lesz, s aki sz\u00f3t fogad apj\u00e1nak, fel\u00fcd\u00edti anyj\u00e1t. Fiam! Legyen gondod ap\u00e1dra \u00f6regs\u00e9g\u00e9ben, \u00e9s ne keser\u00edtsd \u0151t \u00e9let\u00e9ben. Ha meg is fogyatkozik erej\u00e9ben, l\u00e9gy eln\u00e9z\u0151 ir\u00e1nta, \u00e9s ne vesd meg \u00e9let\u00e9nek egy napj\u00e1n se. Ap\u00e1d ir\u00e1nt tan\u00fas\u00edtott j\u00f3 cselekedeted nem megy... R\u00e9szletek","og_url":"https:\/\/stuttgarti-katolikusok.de\/index.php\/szent-csalad-vasarnapja-2\/","og_site_name":"Stuttgarti Katolikusok","article_published_time":"2024-12-28T23:43:01+00:00","og_image":[{"width":2000,"height":1125,"url":"https:\/\/stuttgarti-katolikusok.de\/wp-content\/uploads\/2022\/12\/whatsapp-kep-2022-12-30-200234.jpg","type":"image\/jpeg"}],"author":"Tibor atya","twitter_card":"summary_large_image","twitter_misc":{"Szerz\u0151:":"Tibor atya","Becs\u00fclt olvas\u00e1si id\u0151":"9 perc"},"schema":{"@context":"https:\/\/schema.org","@graph":[{"@type":"Article","@id":"https:\/\/stuttgarti-katolikusok.de\/index.php\/szent-csalad-vasarnapja-2\/#article","isPartOf":{"@id":"https:\/\/stuttgarti-katolikusok.de\/index.php\/szent-csalad-vasarnapja-2\/"},"author":{"name":"Tibor atya","@id":"https:\/\/stuttgarti-katolikusok.de\/#\/schema\/person\/75908d6f8fdc03a57889d27209df7795"},"headline":"Szent Csal\u00e1d vas\u00e1rnapja","datePublished":"2024-12-28T23:43:01+00:00","mainEntityOfPage":{"@id":"https:\/\/stuttgarti-katolikusok.de\/index.php\/szent-csalad-vasarnapja-2\/"},"wordCount":2287,"image":{"@id":"https:\/\/stuttgarti-katolikusok.de\/index.php\/szent-csalad-vasarnapja-2\/#primaryimage"},"thumbnailUrl":"https:\/\/stuttgarti-katolikusok.de\/wp-content\/uploads\/2022\/12\/whatsapp-kep-2022-12-30-200234.jpg","articleSection":["A liturgia olvasm\u00e1nyai","Vas\u00e1rnapi gondolatok"],"inLanguage":"hu"},{"@type":"WebPage","@id":"https:\/\/stuttgarti-katolikusok.de\/index.php\/szent-csalad-vasarnapja-2\/","url":"https:\/\/stuttgarti-katolikusok.de\/index.php\/szent-csalad-vasarnapja-2\/","name":"Szent Csal\u00e1d vas\u00e1rnapja - Stuttgarti Katolikusok","isPartOf":{"@id":"https:\/\/stuttgarti-katolikusok.de\/#website"},"primaryImageOfPage":{"@id":"https:\/\/stuttgarti-katolikusok.de\/index.php\/szent-csalad-vasarnapja-2\/#primaryimage"},"image":{"@id":"https:\/\/stuttgarti-katolikusok.de\/index.php\/szent-csalad-vasarnapja-2\/#primaryimage"},"thumbnailUrl":"https:\/\/stuttgarti-katolikusok.de\/wp-content\/uploads\/2022\/12\/whatsapp-kep-2022-12-30-200234.jpg","datePublished":"2024-12-28T23:43:01+00:00","author":{"@id":"https:\/\/stuttgarti-katolikusok.de\/#\/schema\/person\/75908d6f8fdc03a57889d27209df7795"},"breadcrumb":{"@id":"https:\/\/stuttgarti-katolikusok.de\/index.php\/szent-csalad-vasarnapja-2\/#breadcrumb"},"inLanguage":"hu","potentialAction":[{"@type":"ReadAction","target":["https:\/\/stuttgarti-katolikusok.de\/index.php\/szent-csalad-vasarnapja-2\/"]}]},{"@type":"ImageObject","inLanguage":"hu","@id":"https:\/\/stuttgarti-katolikusok.de\/index.php\/szent-csalad-vasarnapja-2\/#primaryimage","url":"https:\/\/stuttgarti-katolikusok.de\/wp-content\/uploads\/2022\/12\/whatsapp-kep-2022-12-30-200234.jpg","contentUrl":"https:\/\/stuttgarti-katolikusok.de\/wp-content\/uploads\/2022\/12\/whatsapp-kep-2022-12-30-200234.jpg","width":2000,"height":1125},{"@type":"BreadcrumbList","@id":"https:\/\/stuttgarti-katolikusok.de\/index.php\/szent-csalad-vasarnapja-2\/#breadcrumb","itemListElement":[{"@type":"ListItem","position":1,"name":"Kezd\u0151lap","item":"https:\/\/stuttgarti-katolikusok.de\/"},{"@type":"ListItem","position":2,"name":"Szent Csal\u00e1d vas\u00e1rnapja"}]},{"@type":"WebSite","@id":"https:\/\/stuttgarti-katolikusok.de\/#website","url":"https:\/\/stuttgarti-katolikusok.de\/","name":"Stuttgarti Katolikusok","description":"","potentialAction":[{"@type":"SearchAction","target":{"@type":"EntryPoint","urlTemplate":"https:\/\/stuttgarti-katolikusok.de\/?s={search_term_string}"},"query-input":{"@type":"PropertyValueSpecification","valueRequired":true,"valueName":"search_term_string"}}],"inLanguage":"hu"},{"@type":"Person","@id":"https:\/\/stuttgarti-katolikusok.de\/#\/schema\/person\/75908d6f8fdc03a57889d27209df7795","name":"Tibor atya","image":{"@type":"ImageObject","inLanguage":"hu","@id":"https:\/\/secure.gravatar.com\/avatar\/61d268e57d1f4525b111222e29d2d5a7f8c420fdbf231ba5566a8ceac74fa960?s=96&d=mm&r=g","url":"https:\/\/secure.gravatar.com\/avatar\/61d268e57d1f4525b111222e29d2d5a7f8c420fdbf231ba5566a8ceac74fa960?s=96&d=mm&r=g","contentUrl":"https:\/\/secure.gravatar.com\/avatar\/61d268e57d1f4525b111222e29d2d5a7f8c420fdbf231ba5566a8ceac74fa960?s=96&d=mm&r=g","caption":"Tibor atya"},"url":"https:\/\/stuttgarti-katolikusok.de\/index.php\/author\/tibor-atya\/"}]}},"_links":{"self":[{"href":"https:\/\/stuttgarti-katolikusok.de\/index.php\/wp-json\/wp\/v2\/posts\/30049","targetHints":{"allow":["GET"]}}],"collection":[{"href":"https:\/\/stuttgarti-katolikusok.de\/index.php\/wp-json\/wp\/v2\/posts"}],"about":[{"href":"https:\/\/stuttgarti-katolikusok.de\/index.php\/wp-json\/wp\/v2\/types\/post"}],"author":[{"embeddable":true,"href":"https:\/\/stuttgarti-katolikusok.de\/index.php\/wp-json\/wp\/v2\/users\/3"}],"replies":[{"embeddable":true,"href":"https:\/\/stuttgarti-katolikusok.de\/index.php\/wp-json\/wp\/v2\/comments?post=30049"}],"version-history":[{"count":1,"href":"https:\/\/stuttgarti-katolikusok.de\/index.php\/wp-json\/wp\/v2\/posts\/30049\/revisions"}],"predecessor-version":[{"id":30050,"href":"https:\/\/stuttgarti-katolikusok.de\/index.php\/wp-json\/wp\/v2\/posts\/30049\/revisions\/30050"}],"wp:featuredmedia":[{"embeddable":true,"href":"https:\/\/stuttgarti-katolikusok.de\/index.php\/wp-json\/wp\/v2\/media\/24211"}],"wp:attachment":[{"href":"https:\/\/stuttgarti-katolikusok.de\/index.php\/wp-json\/wp\/v2\/media?parent=30049"}],"wp:term":[{"taxonomy":"category","embeddable":true,"href":"https:\/\/stuttgarti-katolikusok.de\/index.php\/wp-json\/wp\/v2\/categories?post=30049"},{"taxonomy":"post_tag","embeddable":true,"href":"https:\/\/stuttgarti-katolikusok.de\/index.php\/wp-json\/wp\/v2\/tags?post=30049"}],"curies":[{"name":"wp","href":"https:\/\/api.w.org\/{rel}","templated":true}]}}