{"id":30000,"date":"2024-12-22T01:58:44","date_gmt":"2024-12-22T00:58:44","guid":{"rendered":"https:\/\/stuttgarti-katolikusok.de\/?p=30000"},"modified":"2024-12-22T01:59:49","modified_gmt":"2024-12-22T00:59:49","slug":"advent-4-vasarnapja-2","status":"publish","type":"post","link":"https:\/\/stuttgarti-katolikusok.de\/index.php\/advent-4-vasarnapja-2\/","title":{"rendered":"Advent 4. vas\u00e1rnapja"},"content":{"rendered":"<p><span style=\"color: #ff6600;\"><em>Advent 4. vas\u00e1rnapja m\u00e1r hirdeti J\u00e9zus Krisztus sz\u00fclet\u00e9s\u00e9nek k\u00f6zels\u00e9g\u00e9t. \u00c9ppen ez\u00e9rt a liturgi\u00e1t az elhangz\u00f3 szent\u00edr\u00e1si r\u00e9szeken kereszt\u00fcl a rem\u00e9nyteli v\u00e1rakoz\u00e1s \u00f6r\u00f6me hatja \u00e1t.<\/em><\/span><\/p>\n<p><span style=\"color: #ff6600;\"><em>Ennek ad hangot az olvasm\u00e1nyban Mike\u00e1s pr\u00f3f\u00e9ta. Betlehem kicsiny volta ellen\u00e9re naggy\u00e1 lesz, hisz benne megsz\u00fcletik a Messi\u00e1s. \u0150, aki elhozza a b\u00e9k\u00e9t. Mennyire sz\u00fcks\u00e9g\u00fcnk van arra, hogy a mi sz\u00edv\u00fcnkben is megsz\u00fclessen J\u00e9zus Krisztus. \u0150, aki elhozza sz\u00e1munkra a v\u00e1gyott b\u00e9k\u00e9t.<\/em><\/span><\/p>\n<p><span style=\"color: #ff6600;\"><em>J\u00e9zus Krisztus sz\u00fclet\u00e9s\u00e9vel egyszer s mindenkorra Isten bel\u00e9pett emberi vil\u00e1gunkba, vagyis mag\u00e1hoz emelt benn\u00fcnket, embereket. M\u00e9lt\u00f3v\u00e1 kell tenn\u00fcnk sz\u00edv\u00fcnket befogad\u00e1s\u00e1ra. Ebben hat\u00e9kony eszk\u00f6z\u00fcnk a b\u0171nb\u00e1nat szents\u00e9ge.<\/em><\/span><\/p>\n<p><span style=\"color: #ff6600;\"><em>Szent Luk\u00e1cs evang\u00e9lista k\u00e9t \u00f6r\u00f6mteli ember tal\u00e1lkoz\u00e1s\u00e1t \u00edrja le. M\u00e1ria Erzs\u00e9bethez siet, mert neki seg\u00edts\u00e9gre van sz\u00fcks\u00e9ge.\u00a0 A seg\u00edt\u0151 szeretet nem m\u00e9rlegel, hanem cselekszik. M\u00e1ria tudja, hogy ott \u00e9s akkor mi a dolga. Tudja, hogyan kell seg\u00edtenie. Szem\u00e9lyes jelenl\u00e9t\u00e9vel aj\u00e1nd\u00e9kozza meg Erzs\u00e9betet. B\u00e1tor\u00edt\u00f3 felh\u00edv\u00e1s \u00e9s biztat\u00e1s sz\u00e1momra is. \u00c9n is megaj\u00e1nd\u00e9kozhatom embert\u00e1rsamat szem\u00e9lyes jelenl\u00e9temmel. Legyek aj\u00e1nd\u00e9kk\u00e1!<\/em><\/span><\/p>\n<p><span style=\"color: #800080;\">Kezd\u0151\u00e9nek:<\/span><br \/>\nHarmatozzatok, egek a magass\u00e1gb\u00f3l, \u00e9s a felh\u0151k hullass\u00e1k k\u00f6z\u00e9nk az Igazat! Ny\u00edlj\u00e9k meg a f\u00f6ld, \u00e9s teremje az \u00dcdv\u00f6z\u00edt\u0151t. (Iz 45,8)<\/p>\n<p><span style=\"color: #800080;\">K\u00f6ny\u00f6rg\u00e9s:<\/span><br \/>\nK\u00e9r\u00fcnk t\u00e9ged, \u00daristen, \u00f6ntsd lelk\u00fcnkbe szent kegyelmedet, hogy akik az angyali \u00fczenet \u00e1ltal szent Fiadnak, J\u00e9zus Krisztusnak megtestes\u00fcl\u00e9s\u00e9t megismert\u00fck, az \u0151 k\u00ednszenved\u00e9se \u00e9s keresztje \u00e1ltal a felt\u00e1mad\u00e1s dics\u0151s\u00e9g\u00e9be vitess\u00fcnk. A mi Urunk, J\u00e9zus Krisztus, a te Fiad \u00e1ltal, aki veled \u00e9l \u00e9s uralkodik a Szentl\u00e9lekkel egys\u00e9gben, Isten mind\u00f6r\u00f6kk\u00f6n \u00f6r\u00f6kk\u00e9.<\/p>\n<p><span style=\"color: #800080;\">OLVASM\u00c1NY Mike\u00e1s pr\u00f3f\u00e9ta k\u00f6nyv\u00e9b\u0151l (Mik 5,1-4a)<\/span><br \/>\n<em>Elj\u00f6n az id\u0151, amikor Betlehemben megsz\u00fcletik a Messi\u00e1s.<\/em><br \/>\nEzt mondja az \u00dar:<br \/>\nTe, efratai Betlehem, b\u00e1r a legkisebb vagy Juda nemzets\u00e9gei k\u00f6z\u00f6tt, m\u00e9gis bel\u0151led sz\u00fcletik majd nekem, aki uralkodni fog Izrael felett. Sz\u00e1rmaz\u00e1sa az \u0151sid\u0151kre, a r\u00e9gm\u00falt id\u0151kre ny\u00falik vissza. Ez\u00e9rt elhagyja \u0151ket az \u00dar, m\u00edg nem sz\u00fcl, akinek sz\u00fclnie kell, \u00e9s testv\u00e9r\u00e9hez, Izrael fiaihoz vissza nem t\u00e9r a marad\u00e9k.<br \/>\nF\u00f6ll\u00e9p \u00e9s legelteti ny\u00e1j\u00e1t az \u00dar erej\u00e9ben, az \u00darnak, az \u0151 Isten\u00e9nek, fens\u00e9ges nev\u00e9ben. Akkor biztons\u00e1gban \u00e9lnek, mert hatalm\u00e1t kiterjeszti eg\u00e9szen a f\u00f6ld hat\u00e1r\u00e1ig: \u00e9s ez lesz a b\u00e9ke.<br \/>\nEz az Isten ig\u00e9je.<\/p>\n<p><span style=\"color: #800080;\">V\u00c1LASZOS ZSOLT\u00c1R (Zsolt 79,2ac \u00e9s 3b.15-16.18-19)<\/span><br \/>\nV\u00e1lasz:\u00a0<strong>T\u00e9r\u00edts meg\u00a0<u>min<\/u>ket, Isten\u00fcnk, * ragyogtasd r\u00e1nk arcodat, \u00e9s szabadok le<u>sz\u00fcnk<\/u>!<\/strong>\u00a04. vers. (4 g. t\u00f3nus)<br \/>\nEl\u0151\u00e9nekes: Figyelj r\u00e1nk, Iz<u>ra<\/u>el p\u00e1sztora, * ragyogj fel, aki tr\u00f3nolsz a kerubok f\u00f6<u>l\u00f6tt<\/u>!<br \/>\nMutasd meg\u00a0<u>ha<\/u>talmadat, * j\u00f6jj, hogy megszabad\u00edts min<u>ket<\/u>!<br \/>\nH\u00edvek:\u00a0<strong>T\u00e9r\u00edts meg\u00a0<u>min<\/u>ket, Isten\u00fcnk, * ragyogtasd r\u00e1nk arcodat, \u00e9s szabadok le<u>sz\u00fcnk<\/u>!<\/strong><br \/>\nE: Seregek Ura, fordulj hoz<u>z\u00e1nk<\/u>, \u2020 tekints\u00a0<u>le<\/u>\u00a0az \u00e9gb\u0151l, * l\u00e1sd, \u00e9s l\u00e1togasd meg ezt a sz\u0151<u>l\u0151t<\/u>!<br \/>\nV\u00e9dd meg, amit\u00a0<u>job<\/u>bod \u00fcltetett, * \u00e9s az emberfi\u00e1t, akit magadnak meger\u0151s\u00edtet<u>t\u00e9l<\/u>.<br \/>\nH:\u00a0<strong>T\u00e9r\u00edts meg\u00a0<u>min<\/u>ket, Isten\u00fcnk, * ragyogtasd r\u00e1nk arcodat, \u00e9s szabadok le<u>sz\u00fcnk<\/u>!<\/strong><br \/>\nE: Jobbod embere f\u00f6l\u00e9\u00a0<u>t\u00e1rd<\/u>\u00a0ki kezedet, * az emberfia f\u00f6l\u00e9, akit magadnak meger\u0151s\u00edtet<u>t\u00e9l<\/u>.<br \/>\nNem hagyunk el t\u00f6bb\u00e9, \u00e9l<u>tess<\/u>\u00a0m\u00e9g benn\u00fcnket, * \u00e9s mi seg\u00edts\u00e9g\u00fcl h\u00edvjuk ne<u>ve<\/u>det.<br \/>\nH:\u00a0<strong>T\u00e9r\u00edts meg\u00a0<u>min<\/u>ket, Isten\u00fcnk, * ragyogtasd r\u00e1nk arcodat, \u00e9s szabadok le<u>sz\u00fcnk<\/u>!<\/strong><\/p>\n<p><span style=\"color: #800080;\">SZENTLECKE a Zsid\u00f3khoz \u00edrt lev\u00e9lb\u0151l (Zsid 10,5-10)<\/span><br \/>\n<em>\u00cdme, elj\u00f6v\u00f6k, hogy teljes\u00edtsem akaratodat.<\/em><br \/>\nTestv\u00e9reim!<br \/>\nKrisztus, amikor a vil\u00e1gba l\u00e9p, \u00edgy nyilatkozik:<br \/>\n\u00c1ldozatot \u00e9s aj\u00e1nd\u00e9kot nem k\u00edv\u00e1nt\u00e1l, hanem emberi testet alkott\u00e1l nekem. Nem kedves el\u0151tted az engesztel\u0151 \u00e9s \u00e9g\u0151\u00e1ldozat. Ez\u00e9rt \u00edgy sz\u00f3ltam: \u00cdme, elmegyek, hogy teljes\u00edtsem akaratodat, amint a k\u00f6nyvtekercsben r\u00f3lam \u00edrva van.<br \/>\nEl\u0151sz\u00f6r teh\u00e1t ezt mondta: \u201e\u00c1ldozatot, aj\u00e1nd\u00e9kot, engesztel\u0151 \u00e9s \u00e9g\u0151\u00e1ldozatot nem akart\u00e1l, nem volt az kedves el\u0151tted\u201d, j\u00f3llehet ezeket a t\u00f6rv\u00e9ny \u00edrta el\u0151. Azut\u00e1n \u00edgy folytatta: \u201e\u00cdme, elmegyek, hogy teljes\u00edtsem akaratodat.\u201d Teh\u00e1t az el\u0151z\u0151ket elt\u00f6rli, hogy hely\u00e9be \u00e1ll\u00edtsa az ut\u00f3bbit. Vagyis Isten akarata szerint J\u00e9zus Krisztus test\u00e9nek fel\u00e1ldoz\u00e1sa egyszer s mindenkorra megszentel benn\u00fcnket.<br \/>\nEz az Isten ig\u00e9je.<\/p>\n<p><span style=\"color: #800080;\">ALLELUJA<\/span><br \/>\n\u00cdme, az \u00darnak szolg\u00e1l\u00f3<u>le<\/u>\u00e1nya, * legyen nekem a te i<u>g\u00e9d<\/u>\u00a0szerint. Lk 1,38 \u2013 2. t\u00f3nus.<\/p>\n<p><span style=\"color: #800080;\">\u2020 EVANG\u00c9LIUM Szent Luk\u00e1cs k\u00f6nyv\u00e9b\u0151l (Lk 1,39-45)<\/span><br \/>\n<em>Hogyan lehet az, hogy Uram anyja j\u00f6n hozz\u00e1m?<\/em><br \/>\nAz angyali \u00fcdv\u00f6zlet ut\u00e1n M\u00e1ria \u00fatra kelt, \u00e9s a hegyek k\u00f6z\u00e9, Juda egyik v\u00e1ros\u00e1ba sietett. Bel\u00e9pett Zakari\u00e1s h\u00e1z\u00e1ba, \u00e9s k\u00f6sz\u00f6nt\u00f6tte Erzs\u00e9betet.<br \/>\nAmikor Erzs\u00e9bet meghallotta M\u00e1ria k\u00f6sz\u00f6nt\u00e9s\u00e9t, sz\u00edve alatt felujjongott a magzat, \u00e9s a Szentl\u00e9lek bet\u00f6lt\u00f6tte Erzs\u00e9betet. Hangos sz\u00f3val \u00edgy ki\u00e1ltott:<br \/>\n\u201e\u00c1ldott vagy te az asszonyok k\u00f6z\u00f6tt, \u00e9s \u00e1ldott a te m\u00e9hednek gy\u00fcm\u00f6lcse! Hogyan lehet az, hogy Uram anyja j\u00f6n hozz\u00e1m? Mert \u00edme, amikor f\u00fclembe csend\u00fclt k\u00f6sz\u00f6nt\u00e9sed szava, \u00f6rvendezve felujjongott m\u00e9hemben a magzat! Boldog vagy, aki hitted, hogy beteljesedik mindaz, amit az \u00dar mondott neked!\u201d<br \/>\nEzek az evang\u00e9lium ig\u00e9i.<\/p>\n<p><span style=\"color: #800080;\">EGYETEMES K\u00d6NY\u00d6RG\u00c9SEK<\/span><br \/>\nPap: Testv\u00e9reim! \u201eAz \u00dar k\u00f6zel van.\u201d K\u00e9rj\u00fck Urunkat, Isten\u00fcnket, hogy a boldogs\u00e1gos Sz\u0171z M\u00e1ria p\u00e9ld\u00e1ja nyom\u00e1n szent v\u00e1gyakoz\u00e1ssal k\u00e9sz\u00fclj\u00fcnk J\u00e9zus sz\u00fclet\u00e9s\u00e9nek \u00fcnnep\u00e9re!<br \/>\nLektor: 1. \u00c1raszd, Urunk, Szentlelked erej\u00e9t vil\u00e1gszerte elterjedt \u00e9s itt egybegy\u0171lt egyh\u00e1zadra!<br \/>\nH\u00edvek: K\u00e9r\u00fcnk t\u00e9ged, hallgass meg minket!<br \/>\n2. Add \u00e1ld\u00e1sodat N. p\u00e1p\u00e1nkra, N. f\u0151p\u00e1sztorunkra, p\u00fcsp\u00f6keinkre \u00e9s lelkip\u00e1sztorainkra, hogy hivat\u00e1sukat szent buzg\u00f3s\u00e1ggal teljes\u00edts\u00e9k!<br \/>\nH\u00edvek: K\u00e9r\u00fcnk t\u00e9ged . . .<br \/>\n3. Add \u00e1ld\u00e1sodat a nemzetekre, hogy \u0151szinte szeretettel k\u00f6zeledjenek egym\u00e1shoz!<br \/>\nH\u00edvek: K\u00e9r\u00fcnk t\u00e9ged . . .<br \/>\n4. Add \u00e1ld\u00e1sodat egyh\u00e1zk\u00f6zs\u00e9geinkre, hogy egyre gyarapodj\u00e9k a boldog j\u00f6v\u0151\u00e9rt \u00e1ldozatot v\u00e1llal\u00f3, gyermekszeret\u0151 csal\u00e1dok sz\u00e1ma!<br \/>\nH\u00edvek: K\u00e9r\u00fcnk t\u00e9ged . . .<br \/>\n5. Elhunyt szeretteinket pedig \u00f6rvendeztesd meg az \u00f6r\u00f6k otthon boldogs\u00e1g\u00e1val!<br \/>\nH\u00edvek: K\u00e9r\u00fcnk t\u00e9ged . . .<br \/>\nPap: Mennyei Aty\u00e1nk! Te szent Fiad \u00e1ltal megl\u00e1togatt\u00e1l minket. Engedd j\u00f3s\u00e1gosan, hogy mindny\u00e1junkat \u00f6r\u00f6mmel t\u00f6ltse el az \u0151 l\u00e1togat\u00e1s\u00e1nak \u00fcnnepe! Aki \u00e9l \u00e9s uralkodik mind\u00f6r\u00f6kk\u00f6n-\u00f6r\u00f6kk\u00e9.<br \/>\nH\u00edvek: \u00c1men.<\/p>\n<p><span style=\"color: #800080;\">Felaj\u00e1nl\u00f3 k\u00f6ny\u00f6rg\u00e9s:<\/span><br \/>\nK\u00e9r\u00fcnk, Urunk, hogy ugyanaz a Szentl\u00e9lek, aki a Boldogs\u00e1gos Sz\u0171z M\u00e1ria m\u00e9h\u00e9t elt\u00f6lt\u00f6tte \u00e9gi erej\u00e9vel, szentelje meg olt\u00e1rodra helyezett \u00e1ldozati adom\u00e1nyainkat. Krisztus, a mi Urunk \u00e1ltal.<\/p>\n<p><span style=\"color: #800080;\">Pref\u00e1ci\u00f3:<\/span><br \/>\nAz \u00dar legyen veletek.<br \/>\nH.: \u00c9s a te lelkeddel.<br \/>\nEmelj\u00fck f\u00f6l sz\u00edv\u00fcnket.<br \/>\nH.: F\u00f6lemelt\u00fck az \u00darhoz.<br \/>\nAdjunk h\u00e1l\u00e1t Urunknak, Isten\u00fcnknek.<br \/>\nH.: M\u00e9lt\u00f3 \u00e9s igazs\u00e1gos.<br \/>\n(Mert) Val\u00f3ban m\u00e9lt\u00f3 \u00e9s igazs\u00e1gos, ill\u0151 \u00e9s \u00fcdv\u00f6s, hogy mindig \u00e9s minden\u00fctt h\u00e1l\u00e1t adjunk n\u00e9ked, mi Urunk, szents\u00e9ges Aty\u00e1nk, mindenhat\u00f3, \u00f6r\u00f6k Isten: Krisztus, a mi Urunk \u00e1ltal.<br \/>\n\u0150t el\u0151re hirdette a pr\u00f3f\u00e9t\u00e1k sz\u00f3zata, \u00e9s kimondhatatlan szeretettel hordozta a Sz\u0171zanya, az \u0151 k\u00f6zeledt\u00e9t jelezte Keresztel\u0151 J\u00e1nos, majd bizonys\u00e1got tett arr\u00f3l, hogy m\u00e1r hozz\u00e1nk \u00e9rkezett.<br \/>\n\u00d6 megadja nek\u00fcnk, hogy sz\u00fclet\u00e9s\u00e9nek \u00fcnnep\u00e9t \u00f6rvendezve v\u00e1rjuk, \u00e9s \u00edgy im\u00e1ds\u00e1gban virrasztva, dics\u00e9ret\u00e9ben ujjongva tal\u00e1ljon minket.<br \/>\n\u00c9s ez\u00e9rt mi is, mik\u00e9nt az angyalok \u00e9s f\u0151angyalok, a tr\u00f3nod k\u00f6r\u00fcl \u00e1ll\u00f3 hatalmas \u00e9gi szellemek, \u00e9s minden seregek a mennyben, (a te) dics\u0151s\u00e9ged himnusz\u00e1t zengj\u00fck, \u00e9s vel\u00fck egy\u00fctt v\u00e9g n\u00e9lk\u00fcl mondjuk (\u00e9nekelj\u00fck):<\/p>\n<p><span style=\"color: #800080;\">\u00c1ldoz\u00e1si \u00e9nek:<\/span><br \/>\n\u00cdme, a Sz\u0171z m\u00e9h\u00e9ben fogan \u00e9s fi\u00fat sz\u00fcl, s Emm\u00e1nuelnek fogja h\u00edvni. (Iz 7,14)<\/p>\n<p><span style=\"color: #800080;\">\u00c1ldoz\u00e1s ut\u00e1ni k\u00f6ny\u00f6rg\u00e9s:<\/span><br \/>\nMagunkhoz v\u00e9ve megv\u00e1lt\u00e1sunk z\u00e1log\u00e1t, k\u00e9r\u00fcnk, mindenhat\u00f3 Isten\u00fcnk, add, hogy min\u00e9l ink\u00e1bb k\u00f6zeledik az \u00fcnnep \u00fcdv\u00f6t hoz\u00f3 napja, ann\u00e1l nagyobb odaad\u00e1ssal k\u00e9sz\u00fclj\u00fcnk Fiad sz\u00fclet\u00e9se miszt\u00e9rium\u00e1nak m\u00e9lt\u00f3 \u00fcnnepl\u00e9s\u00e9re. Aki \u00e9l \u00e9s uralkodik mind\u00f6r\u00f6kk\u00f6n \u00f6r\u00f6kk\u00e9.<\/p>\n<p><em>(K\u00e9p forr\u00e1sa: Konkolj Jutka)<\/em><\/p>\n","protected":false},"excerpt":{"rendered":"<p>Advent 4. vas\u00e1rnapja m\u00e1r hirdeti J\u00e9zus Krisztus sz\u00fclet\u00e9s\u00e9nek k\u00f6zels\u00e9g\u00e9t. \u00c9ppen ez\u00e9rt a liturgi\u00e1t az elhangz\u00f3 szent\u00edr\u00e1si r\u00e9szeken kereszt\u00fcl a rem\u00e9nyteli v\u00e1rakoz\u00e1s \u00f6r\u00f6me hatja \u00e1t. Ennek ad hangot az olvasm\u00e1nyban Mike\u00e1s pr\u00f3f\u00e9ta. Betlehem kicsiny volta ellen\u00e9re naggy\u00e1 lesz, hisz benne megsz\u00fcletik a Messi\u00e1s. \u0150, aki elhozza a b\u00e9k\u00e9t. Mennyire sz\u00fcks\u00e9g\u00fcnk van arra, hogy a mi sz\u00edv\u00fcnkben is megsz\u00fclessen J\u00e9zus Krisztus. \u0150, aki elhozza sz\u00e1munkra a v\u00e1gyott b\u00e9k\u00e9t. J\u00e9zus Krisztus sz\u00fclet\u00e9s\u00e9vel egyszer s mindenkorra Isten bel\u00e9pett emberi vil\u00e1gunkba, vagyis mag\u00e1hoz emelt benn\u00fcnket, embereket. M\u00e9lt\u00f3v\u00e1 kell tenn\u00fcnk sz\u00edv\u00fcnket befogad\u00e1s\u00e1ra. Ebben hat\u00e9kony eszk\u00f6z\u00fcnk a b\u0171nb\u00e1nat szents\u00e9ge. Szent Luk\u00e1cs evang\u00e9lista k\u00e9t \u00f6r\u00f6mteli ember tal\u00e1lkoz\u00e1s\u00e1t \u00edrja le. M\u00e1ria Erzs\u00e9bethez siet, mert neki seg\u00edts\u00e9gre van sz\u00fcks\u00e9ge.\u00a0 A seg\u00edt\u0151 szeretet nem m\u00e9rlegel, hanem cselekszik. M\u00e1ria tudja, hogy ott \u00e9s akkor mi a dolga. Tudja, hogyan kell seg\u00edtenie. Szem\u00e9lyes jelenl\u00e9t\u00e9vel aj\u00e1nd\u00e9kozza meg Erzs\u00e9betet. B\u00e1tor\u00edt\u00f3 felh\u00edv\u00e1s \u00e9s biztat\u00e1s sz\u00e1momra is. \u00c9n is megaj\u00e1nd\u00e9kozhatom embert\u00e1rsamat szem\u00e9lyes jelenl\u00e9temmel. Legyek aj\u00e1nd\u00e9kk\u00e1! Kezd\u0151\u00e9nek: Harmatozzatok, egek a magass\u00e1gb\u00f3l, \u00e9s a felh\u0151k hullass\u00e1k k\u00f6z\u00e9nk az Igazat! Ny\u00edlj\u00e9k meg a f\u00f6ld, \u00e9s teremje az \u00dcdv\u00f6z\u00edt\u0151t. (Iz 45,8) K\u00f6ny\u00f6rg\u00e9s: K\u00e9r\u00fcnk t\u00e9ged, \u00daristen, \u00f6ntsd lelk\u00fcnkbe szent kegyelmedet, hogy akik az angyali \u00fczenet \u00e1ltal szent Fiadnak, J\u00e9zus Krisztusnak megtestes\u00fcl\u00e9s\u00e9t megismert\u00fck, az \u0151 k\u00ednszenved\u00e9se \u00e9s keresztje \u00e1ltal a felt\u00e1mad\u00e1s dics\u0151s\u00e9g\u00e9be vitess\u00fcnk. A mi Urunk, J\u00e9zus Krisztus, a te Fiad \u00e1ltal, aki veled \u00e9l \u00e9s uralkodik a Szentl\u00e9lekkel egys\u00e9gben, Isten mind\u00f6r\u00f6kk\u00f6n \u00f6r\u00f6kk\u00e9. OLVASM\u00c1NY Mike\u00e1s pr\u00f3f\u00e9ta k\u00f6nyv\u00e9b\u0151l (Mik 5,1-4a) Elj\u00f6n az id\u0151, amikor Betlehemben megsz\u00fcletik a Messi\u00e1s. Ezt mondja az \u00dar: Te, efratai Betlehem, b\u00e1r a legkisebb vagy Juda nemzets\u00e9gei k\u00f6z\u00f6tt, m\u00e9gis bel\u0151led sz\u00fcletik majd nekem, aki uralkodni fog Izrael felett. Sz\u00e1rmaz\u00e1sa az \u0151sid\u0151kre, a r\u00e9gm\u00falt id\u0151kre ny\u00falik vissza. Ez\u00e9rt elhagyja \u0151ket az \u00dar, m\u00edg nem sz\u00fcl, akinek sz\u00fclnie kell, \u00e9s testv\u00e9r\u00e9hez, Izrael fiaihoz vissza nem t\u00e9r a marad\u00e9k. F\u00f6ll\u00e9p \u00e9s legelteti ny\u00e1j\u00e1t az \u00dar erej\u00e9ben, az \u00darnak, az \u0151 Isten\u00e9nek, fens\u00e9ges nev\u00e9ben&#8230;. <\/p>\n<p><a class=\"readmore\" href=\"https:\/\/stuttgarti-katolikusok.de\/index.php\/advent-4-vasarnapja-2\/\">R\u00e9szletek<\/a><\/p>\n","protected":false},"author":3,"featured_media":30002,"comment_status":"closed","ping_status":"closed","sticky":false,"template":"","format":"standard","meta":{"footnotes":""},"categories":[85,63],"tags":[],"class_list":["post-30000","post","type-post","status-publish","format-standard","has-post-thumbnail","hentry","category-a-liturgia-olvasmanyai","category-vasarnapi-gondolatok"],"yoast_head":"<!-- This site is optimized with the Yoast SEO plugin v27.3 - https:\/\/yoast.com\/product\/yoast-seo-wordpress\/ -->\n<title>Advent 4. vas\u00e1rnapja - Stuttgarti Katolikusok<\/title>\n<meta name=\"robots\" content=\"index, follow, max-snippet:-1, max-image-preview:large, max-video-preview:-1\" \/>\n<link rel=\"canonical\" href=\"https:\/\/stuttgarti-katolikusok.de\/index.php\/advent-4-vasarnapja-2\/\" \/>\n<meta property=\"og:locale\" content=\"hu_HU\" \/>\n<meta property=\"og:type\" content=\"article\" \/>\n<meta property=\"og:title\" content=\"Advent 4. vas\u00e1rnapja - Stuttgarti Katolikusok\" \/>\n<meta property=\"og:description\" content=\"Advent 4. vas\u00e1rnapja m\u00e1r hirdeti J\u00e9zus Krisztus sz\u00fclet\u00e9s\u00e9nek k\u00f6zels\u00e9g\u00e9t. \u00c9ppen ez\u00e9rt a liturgi\u00e1t az elhangz\u00f3 szent\u00edr\u00e1si r\u00e9szeken kereszt\u00fcl a rem\u00e9nyteli v\u00e1rakoz\u00e1s \u00f6r\u00f6me hatja \u00e1t. Ennek ad hangot az olvasm\u00e1nyban Mike\u00e1s pr\u00f3f\u00e9ta. Betlehem kicsiny volta ellen\u00e9re naggy\u00e1 lesz, hisz benne megsz\u00fcletik a Messi\u00e1s. \u0150, aki elhozza a b\u00e9k\u00e9t. Mennyire sz\u00fcks\u00e9g\u00fcnk van arra, hogy a mi sz\u00edv\u00fcnkben is megsz\u00fclessen J\u00e9zus Krisztus. \u0150, aki elhozza sz\u00e1munkra a v\u00e1gyott b\u00e9k\u00e9t. J\u00e9zus Krisztus sz\u00fclet\u00e9s\u00e9vel egyszer s mindenkorra Isten bel\u00e9pett emberi vil\u00e1gunkba, vagyis mag\u00e1hoz emelt benn\u00fcnket, embereket. M\u00e9lt\u00f3v\u00e1 kell tenn\u00fcnk sz\u00edv\u00fcnket befogad\u00e1s\u00e1ra. Ebben hat\u00e9kony eszk\u00f6z\u00fcnk a b\u0171nb\u00e1nat szents\u00e9ge. Szent Luk\u00e1cs evang\u00e9lista k\u00e9t \u00f6r\u00f6mteli ember tal\u00e1lkoz\u00e1s\u00e1t \u00edrja le. M\u00e1ria Erzs\u00e9bethez siet, mert neki seg\u00edts\u00e9gre van sz\u00fcks\u00e9ge.\u00a0 A seg\u00edt\u0151 szeretet nem m\u00e9rlegel, hanem cselekszik. M\u00e1ria tudja, hogy ott \u00e9s akkor mi a dolga. Tudja, hogyan kell seg\u00edtenie. Szem\u00e9lyes jelenl\u00e9t\u00e9vel aj\u00e1nd\u00e9kozza meg Erzs\u00e9betet. B\u00e1tor\u00edt\u00f3 felh\u00edv\u00e1s \u00e9s biztat\u00e1s sz\u00e1momra is. \u00c9n is megaj\u00e1nd\u00e9kozhatom embert\u00e1rsamat szem\u00e9lyes jelenl\u00e9temmel. Legyek aj\u00e1nd\u00e9kk\u00e1! Kezd\u0151\u00e9nek: Harmatozzatok, egek a magass\u00e1gb\u00f3l, \u00e9s a felh\u0151k hullass\u00e1k k\u00f6z\u00e9nk az Igazat! Ny\u00edlj\u00e9k meg a f\u00f6ld, \u00e9s teremje az \u00dcdv\u00f6z\u00edt\u0151t. (Iz 45,8) K\u00f6ny\u00f6rg\u00e9s: K\u00e9r\u00fcnk t\u00e9ged, \u00daristen, \u00f6ntsd lelk\u00fcnkbe szent kegyelmedet, hogy akik az angyali \u00fczenet \u00e1ltal szent Fiadnak, J\u00e9zus Krisztusnak megtestes\u00fcl\u00e9s\u00e9t megismert\u00fck, az \u0151 k\u00ednszenved\u00e9se \u00e9s keresztje \u00e1ltal a felt\u00e1mad\u00e1s dics\u0151s\u00e9g\u00e9be vitess\u00fcnk. A mi Urunk, J\u00e9zus Krisztus, a te Fiad \u00e1ltal, aki veled \u00e9l \u00e9s uralkodik a Szentl\u00e9lekkel egys\u00e9gben, Isten mind\u00f6r\u00f6kk\u00f6n \u00f6r\u00f6kk\u00e9. OLVASM\u00c1NY Mike\u00e1s pr\u00f3f\u00e9ta k\u00f6nyv\u00e9b\u0151l (Mik 5,1-4a) Elj\u00f6n az id\u0151, amikor Betlehemben megsz\u00fcletik a Messi\u00e1s. Ezt mondja az \u00dar: Te, efratai Betlehem, b\u00e1r a legkisebb vagy Juda nemzets\u00e9gei k\u00f6z\u00f6tt, m\u00e9gis bel\u0151led sz\u00fcletik majd nekem, aki uralkodni fog Izrael felett. Sz\u00e1rmaz\u00e1sa az \u0151sid\u0151kre, a r\u00e9gm\u00falt id\u0151kre ny\u00falik vissza. Ez\u00e9rt elhagyja \u0151ket az \u00dar, m\u00edg nem sz\u00fcl, akinek sz\u00fclnie kell, \u00e9s testv\u00e9r\u00e9hez, Izrael fiaihoz vissza nem t\u00e9r a marad\u00e9k. F\u00f6ll\u00e9p \u00e9s legelteti ny\u00e1j\u00e1t az \u00dar erej\u00e9ben, az \u00darnak, az \u0151 Isten\u00e9nek, fens\u00e9ges nev\u00e9ben.... R\u00e9szletek\" \/>\n<meta property=\"og:url\" content=\"https:\/\/stuttgarti-katolikusok.de\/index.php\/advent-4-vasarnapja-2\/\" \/>\n<meta property=\"og:site_name\" content=\"Stuttgarti Katolikusok\" \/>\n<meta property=\"article:published_time\" content=\"2024-12-22T00:58:44+00:00\" \/>\n<meta property=\"article:modified_time\" content=\"2024-12-22T00:59:49+00:00\" \/>\n<meta property=\"og:image\" content=\"https:\/\/stuttgarti-katolikusok.de\/wp-content\/uploads\/2024\/12\/advent-4-masolat-scaled.jpg\" \/>\n\t<meta property=\"og:image:width\" content=\"2560\" \/>\n\t<meta property=\"og:image:height\" content=\"1947\" \/>\n\t<meta property=\"og:image:type\" content=\"image\/jpeg\" \/>\n<meta name=\"author\" content=\"Tibor atya\" \/>\n<meta name=\"twitter:card\" content=\"summary_large_image\" \/>\n<meta name=\"twitter:label1\" content=\"Szerz\u0151:\" \/>\n\t<meta name=\"twitter:data1\" content=\"Tibor atya\" \/>\n\t<meta name=\"twitter:label2\" content=\"Becs\u00fclt olvas\u00e1si id\u0151\" \/>\n\t<meta name=\"twitter:data2\" content=\"6 perc\" \/>\n<script type=\"application\/ld+json\" class=\"yoast-schema-graph\">{\"@context\":\"https:\\\/\\\/schema.org\",\"@graph\":[{\"@type\":\"Article\",\"@id\":\"https:\\\/\\\/stuttgarti-katolikusok.de\\\/index.php\\\/advent-4-vasarnapja-2\\\/#article\",\"isPartOf\":{\"@id\":\"https:\\\/\\\/stuttgarti-katolikusok.de\\\/index.php\\\/advent-4-vasarnapja-2\\\/\"},\"author\":{\"name\":\"Tibor atya\",\"@id\":\"https:\\\/\\\/stuttgarti-katolikusok.de\\\/#\\\/schema\\\/person\\\/75908d6f8fdc03a57889d27209df7795\"},\"headline\":\"Advent 4. vas\u00e1rnapja\",\"datePublished\":\"2024-12-22T00:58:44+00:00\",\"dateModified\":\"2024-12-22T00:59:49+00:00\",\"mainEntityOfPage\":{\"@id\":\"https:\\\/\\\/stuttgarti-katolikusok.de\\\/index.php\\\/advent-4-vasarnapja-2\\\/\"},\"wordCount\":1557,\"image\":{\"@id\":\"https:\\\/\\\/stuttgarti-katolikusok.de\\\/index.php\\\/advent-4-vasarnapja-2\\\/#primaryimage\"},\"thumbnailUrl\":\"https:\\\/\\\/stuttgarti-katolikusok.de\\\/wp-content\\\/uploads\\\/2024\\\/12\\\/advent-4-masolat-scaled.jpg\",\"articleSection\":[\"A liturgia olvasm\u00e1nyai\",\"Vas\u00e1rnapi gondolatok\"],\"inLanguage\":\"hu\"},{\"@type\":\"WebPage\",\"@id\":\"https:\\\/\\\/stuttgarti-katolikusok.de\\\/index.php\\\/advent-4-vasarnapja-2\\\/\",\"url\":\"https:\\\/\\\/stuttgarti-katolikusok.de\\\/index.php\\\/advent-4-vasarnapja-2\\\/\",\"name\":\"Advent 4. vas\u00e1rnapja - Stuttgarti Katolikusok\",\"isPartOf\":{\"@id\":\"https:\\\/\\\/stuttgarti-katolikusok.de\\\/#website\"},\"primaryImageOfPage\":{\"@id\":\"https:\\\/\\\/stuttgarti-katolikusok.de\\\/index.php\\\/advent-4-vasarnapja-2\\\/#primaryimage\"},\"image\":{\"@id\":\"https:\\\/\\\/stuttgarti-katolikusok.de\\\/index.php\\\/advent-4-vasarnapja-2\\\/#primaryimage\"},\"thumbnailUrl\":\"https:\\\/\\\/stuttgarti-katolikusok.de\\\/wp-content\\\/uploads\\\/2024\\\/12\\\/advent-4-masolat-scaled.jpg\",\"datePublished\":\"2024-12-22T00:58:44+00:00\",\"dateModified\":\"2024-12-22T00:59:49+00:00\",\"author\":{\"@id\":\"https:\\\/\\\/stuttgarti-katolikusok.de\\\/#\\\/schema\\\/person\\\/75908d6f8fdc03a57889d27209df7795\"},\"breadcrumb\":{\"@id\":\"https:\\\/\\\/stuttgarti-katolikusok.de\\\/index.php\\\/advent-4-vasarnapja-2\\\/#breadcrumb\"},\"inLanguage\":\"hu\",\"potentialAction\":[{\"@type\":\"ReadAction\",\"target\":[\"https:\\\/\\\/stuttgarti-katolikusok.de\\\/index.php\\\/advent-4-vasarnapja-2\\\/\"]}]},{\"@type\":\"ImageObject\",\"inLanguage\":\"hu\",\"@id\":\"https:\\\/\\\/stuttgarti-katolikusok.de\\\/index.php\\\/advent-4-vasarnapja-2\\\/#primaryimage\",\"url\":\"https:\\\/\\\/stuttgarti-katolikusok.de\\\/wp-content\\\/uploads\\\/2024\\\/12\\\/advent-4-masolat-scaled.jpg\",\"contentUrl\":\"https:\\\/\\\/stuttgarti-katolikusok.de\\\/wp-content\\\/uploads\\\/2024\\\/12\\\/advent-4-masolat-scaled.jpg\",\"width\":2560,\"height\":1947},{\"@type\":\"BreadcrumbList\",\"@id\":\"https:\\\/\\\/stuttgarti-katolikusok.de\\\/index.php\\\/advent-4-vasarnapja-2\\\/#breadcrumb\",\"itemListElement\":[{\"@type\":\"ListItem\",\"position\":1,\"name\":\"Kezd\u0151lap\",\"item\":\"https:\\\/\\\/stuttgarti-katolikusok.de\\\/\"},{\"@type\":\"ListItem\",\"position\":2,\"name\":\"Advent 4. vas\u00e1rnapja\"}]},{\"@type\":\"WebSite\",\"@id\":\"https:\\\/\\\/stuttgarti-katolikusok.de\\\/#website\",\"url\":\"https:\\\/\\\/stuttgarti-katolikusok.de\\\/\",\"name\":\"Stuttgarti Katolikusok\",\"description\":\"\",\"potentialAction\":[{\"@type\":\"SearchAction\",\"target\":{\"@type\":\"EntryPoint\",\"urlTemplate\":\"https:\\\/\\\/stuttgarti-katolikusok.de\\\/?s={search_term_string}\"},\"query-input\":{\"@type\":\"PropertyValueSpecification\",\"valueRequired\":true,\"valueName\":\"search_term_string\"}}],\"inLanguage\":\"hu\"},{\"@type\":\"Person\",\"@id\":\"https:\\\/\\\/stuttgarti-katolikusok.de\\\/#\\\/schema\\\/person\\\/75908d6f8fdc03a57889d27209df7795\",\"name\":\"Tibor atya\",\"image\":{\"@type\":\"ImageObject\",\"inLanguage\":\"hu\",\"@id\":\"https:\\\/\\\/secure.gravatar.com\\\/avatar\\\/61d268e57d1f4525b111222e29d2d5a7f8c420fdbf231ba5566a8ceac74fa960?s=96&d=mm&r=g\",\"url\":\"https:\\\/\\\/secure.gravatar.com\\\/avatar\\\/61d268e57d1f4525b111222e29d2d5a7f8c420fdbf231ba5566a8ceac74fa960?s=96&d=mm&r=g\",\"contentUrl\":\"https:\\\/\\\/secure.gravatar.com\\\/avatar\\\/61d268e57d1f4525b111222e29d2d5a7f8c420fdbf231ba5566a8ceac74fa960?s=96&d=mm&r=g\",\"caption\":\"Tibor atya\"},\"url\":\"https:\\\/\\\/stuttgarti-katolikusok.de\\\/index.php\\\/author\\\/tibor-atya\\\/\"}]}<\/script>\n<!-- \/ Yoast SEO plugin. -->","yoast_head_json":{"title":"Advent 4. vas\u00e1rnapja - Stuttgarti Katolikusok","robots":{"index":"index","follow":"follow","max-snippet":"max-snippet:-1","max-image-preview":"max-image-preview:large","max-video-preview":"max-video-preview:-1"},"canonical":"https:\/\/stuttgarti-katolikusok.de\/index.php\/advent-4-vasarnapja-2\/","og_locale":"hu_HU","og_type":"article","og_title":"Advent 4. vas\u00e1rnapja - Stuttgarti Katolikusok","og_description":"Advent 4. vas\u00e1rnapja m\u00e1r hirdeti J\u00e9zus Krisztus sz\u00fclet\u00e9s\u00e9nek k\u00f6zels\u00e9g\u00e9t. \u00c9ppen ez\u00e9rt a liturgi\u00e1t az elhangz\u00f3 szent\u00edr\u00e1si r\u00e9szeken kereszt\u00fcl a rem\u00e9nyteli v\u00e1rakoz\u00e1s \u00f6r\u00f6me hatja \u00e1t. Ennek ad hangot az olvasm\u00e1nyban Mike\u00e1s pr\u00f3f\u00e9ta. Betlehem kicsiny volta ellen\u00e9re naggy\u00e1 lesz, hisz benne megsz\u00fcletik a Messi\u00e1s. \u0150, aki elhozza a b\u00e9k\u00e9t. Mennyire sz\u00fcks\u00e9g\u00fcnk van arra, hogy a mi sz\u00edv\u00fcnkben is megsz\u00fclessen J\u00e9zus Krisztus. \u0150, aki elhozza sz\u00e1munkra a v\u00e1gyott b\u00e9k\u00e9t. J\u00e9zus Krisztus sz\u00fclet\u00e9s\u00e9vel egyszer s mindenkorra Isten bel\u00e9pett emberi vil\u00e1gunkba, vagyis mag\u00e1hoz emelt benn\u00fcnket, embereket. M\u00e9lt\u00f3v\u00e1 kell tenn\u00fcnk sz\u00edv\u00fcnket befogad\u00e1s\u00e1ra. Ebben hat\u00e9kony eszk\u00f6z\u00fcnk a b\u0171nb\u00e1nat szents\u00e9ge. Szent Luk\u00e1cs evang\u00e9lista k\u00e9t \u00f6r\u00f6mteli ember tal\u00e1lkoz\u00e1s\u00e1t \u00edrja le. M\u00e1ria Erzs\u00e9bethez siet, mert neki seg\u00edts\u00e9gre van sz\u00fcks\u00e9ge.\u00a0 A seg\u00edt\u0151 szeretet nem m\u00e9rlegel, hanem cselekszik. M\u00e1ria tudja, hogy ott \u00e9s akkor mi a dolga. Tudja, hogyan kell seg\u00edtenie. Szem\u00e9lyes jelenl\u00e9t\u00e9vel aj\u00e1nd\u00e9kozza meg Erzs\u00e9betet. B\u00e1tor\u00edt\u00f3 felh\u00edv\u00e1s \u00e9s biztat\u00e1s sz\u00e1momra is. \u00c9n is megaj\u00e1nd\u00e9kozhatom embert\u00e1rsamat szem\u00e9lyes jelenl\u00e9temmel. Legyek aj\u00e1nd\u00e9kk\u00e1! Kezd\u0151\u00e9nek: Harmatozzatok, egek a magass\u00e1gb\u00f3l, \u00e9s a felh\u0151k hullass\u00e1k k\u00f6z\u00e9nk az Igazat! Ny\u00edlj\u00e9k meg a f\u00f6ld, \u00e9s teremje az \u00dcdv\u00f6z\u00edt\u0151t. (Iz 45,8) K\u00f6ny\u00f6rg\u00e9s: K\u00e9r\u00fcnk t\u00e9ged, \u00daristen, \u00f6ntsd lelk\u00fcnkbe szent kegyelmedet, hogy akik az angyali \u00fczenet \u00e1ltal szent Fiadnak, J\u00e9zus Krisztusnak megtestes\u00fcl\u00e9s\u00e9t megismert\u00fck, az \u0151 k\u00ednszenved\u00e9se \u00e9s keresztje \u00e1ltal a felt\u00e1mad\u00e1s dics\u0151s\u00e9g\u00e9be vitess\u00fcnk. A mi Urunk, J\u00e9zus Krisztus, a te Fiad \u00e1ltal, aki veled \u00e9l \u00e9s uralkodik a Szentl\u00e9lekkel egys\u00e9gben, Isten mind\u00f6r\u00f6kk\u00f6n \u00f6r\u00f6kk\u00e9. OLVASM\u00c1NY Mike\u00e1s pr\u00f3f\u00e9ta k\u00f6nyv\u00e9b\u0151l (Mik 5,1-4a) Elj\u00f6n az id\u0151, amikor Betlehemben megsz\u00fcletik a Messi\u00e1s. Ezt mondja az \u00dar: Te, efratai Betlehem, b\u00e1r a legkisebb vagy Juda nemzets\u00e9gei k\u00f6z\u00f6tt, m\u00e9gis bel\u0151led sz\u00fcletik majd nekem, aki uralkodni fog Izrael felett. Sz\u00e1rmaz\u00e1sa az \u0151sid\u0151kre, a r\u00e9gm\u00falt id\u0151kre ny\u00falik vissza. Ez\u00e9rt elhagyja \u0151ket az \u00dar, m\u00edg nem sz\u00fcl, akinek sz\u00fclnie kell, \u00e9s testv\u00e9r\u00e9hez, Izrael fiaihoz vissza nem t\u00e9r a marad\u00e9k. F\u00f6ll\u00e9p \u00e9s legelteti ny\u00e1j\u00e1t az \u00dar erej\u00e9ben, az \u00darnak, az \u0151 Isten\u00e9nek, fens\u00e9ges nev\u00e9ben.... R\u00e9szletek","og_url":"https:\/\/stuttgarti-katolikusok.de\/index.php\/advent-4-vasarnapja-2\/","og_site_name":"Stuttgarti Katolikusok","article_published_time":"2024-12-22T00:58:44+00:00","article_modified_time":"2024-12-22T00:59:49+00:00","og_image":[{"width":2560,"height":1947,"url":"https:\/\/stuttgarti-katolikusok.de\/wp-content\/uploads\/2024\/12\/advent-4-masolat-scaled.jpg","type":"image\/jpeg"}],"author":"Tibor atya","twitter_card":"summary_large_image","twitter_misc":{"Szerz\u0151:":"Tibor atya","Becs\u00fclt olvas\u00e1si id\u0151":"6 perc"},"schema":{"@context":"https:\/\/schema.org","@graph":[{"@type":"Article","@id":"https:\/\/stuttgarti-katolikusok.de\/index.php\/advent-4-vasarnapja-2\/#article","isPartOf":{"@id":"https:\/\/stuttgarti-katolikusok.de\/index.php\/advent-4-vasarnapja-2\/"},"author":{"name":"Tibor atya","@id":"https:\/\/stuttgarti-katolikusok.de\/#\/schema\/person\/75908d6f8fdc03a57889d27209df7795"},"headline":"Advent 4. vas\u00e1rnapja","datePublished":"2024-12-22T00:58:44+00:00","dateModified":"2024-12-22T00:59:49+00:00","mainEntityOfPage":{"@id":"https:\/\/stuttgarti-katolikusok.de\/index.php\/advent-4-vasarnapja-2\/"},"wordCount":1557,"image":{"@id":"https:\/\/stuttgarti-katolikusok.de\/index.php\/advent-4-vasarnapja-2\/#primaryimage"},"thumbnailUrl":"https:\/\/stuttgarti-katolikusok.de\/wp-content\/uploads\/2024\/12\/advent-4-masolat-scaled.jpg","articleSection":["A liturgia olvasm\u00e1nyai","Vas\u00e1rnapi gondolatok"],"inLanguage":"hu"},{"@type":"WebPage","@id":"https:\/\/stuttgarti-katolikusok.de\/index.php\/advent-4-vasarnapja-2\/","url":"https:\/\/stuttgarti-katolikusok.de\/index.php\/advent-4-vasarnapja-2\/","name":"Advent 4. vas\u00e1rnapja - Stuttgarti Katolikusok","isPartOf":{"@id":"https:\/\/stuttgarti-katolikusok.de\/#website"},"primaryImageOfPage":{"@id":"https:\/\/stuttgarti-katolikusok.de\/index.php\/advent-4-vasarnapja-2\/#primaryimage"},"image":{"@id":"https:\/\/stuttgarti-katolikusok.de\/index.php\/advent-4-vasarnapja-2\/#primaryimage"},"thumbnailUrl":"https:\/\/stuttgarti-katolikusok.de\/wp-content\/uploads\/2024\/12\/advent-4-masolat-scaled.jpg","datePublished":"2024-12-22T00:58:44+00:00","dateModified":"2024-12-22T00:59:49+00:00","author":{"@id":"https:\/\/stuttgarti-katolikusok.de\/#\/schema\/person\/75908d6f8fdc03a57889d27209df7795"},"breadcrumb":{"@id":"https:\/\/stuttgarti-katolikusok.de\/index.php\/advent-4-vasarnapja-2\/#breadcrumb"},"inLanguage":"hu","potentialAction":[{"@type":"ReadAction","target":["https:\/\/stuttgarti-katolikusok.de\/index.php\/advent-4-vasarnapja-2\/"]}]},{"@type":"ImageObject","inLanguage":"hu","@id":"https:\/\/stuttgarti-katolikusok.de\/index.php\/advent-4-vasarnapja-2\/#primaryimage","url":"https:\/\/stuttgarti-katolikusok.de\/wp-content\/uploads\/2024\/12\/advent-4-masolat-scaled.jpg","contentUrl":"https:\/\/stuttgarti-katolikusok.de\/wp-content\/uploads\/2024\/12\/advent-4-masolat-scaled.jpg","width":2560,"height":1947},{"@type":"BreadcrumbList","@id":"https:\/\/stuttgarti-katolikusok.de\/index.php\/advent-4-vasarnapja-2\/#breadcrumb","itemListElement":[{"@type":"ListItem","position":1,"name":"Kezd\u0151lap","item":"https:\/\/stuttgarti-katolikusok.de\/"},{"@type":"ListItem","position":2,"name":"Advent 4. vas\u00e1rnapja"}]},{"@type":"WebSite","@id":"https:\/\/stuttgarti-katolikusok.de\/#website","url":"https:\/\/stuttgarti-katolikusok.de\/","name":"Stuttgarti Katolikusok","description":"","potentialAction":[{"@type":"SearchAction","target":{"@type":"EntryPoint","urlTemplate":"https:\/\/stuttgarti-katolikusok.de\/?s={search_term_string}"},"query-input":{"@type":"PropertyValueSpecification","valueRequired":true,"valueName":"search_term_string"}}],"inLanguage":"hu"},{"@type":"Person","@id":"https:\/\/stuttgarti-katolikusok.de\/#\/schema\/person\/75908d6f8fdc03a57889d27209df7795","name":"Tibor atya","image":{"@type":"ImageObject","inLanguage":"hu","@id":"https:\/\/secure.gravatar.com\/avatar\/61d268e57d1f4525b111222e29d2d5a7f8c420fdbf231ba5566a8ceac74fa960?s=96&d=mm&r=g","url":"https:\/\/secure.gravatar.com\/avatar\/61d268e57d1f4525b111222e29d2d5a7f8c420fdbf231ba5566a8ceac74fa960?s=96&d=mm&r=g","contentUrl":"https:\/\/secure.gravatar.com\/avatar\/61d268e57d1f4525b111222e29d2d5a7f8c420fdbf231ba5566a8ceac74fa960?s=96&d=mm&r=g","caption":"Tibor atya"},"url":"https:\/\/stuttgarti-katolikusok.de\/index.php\/author\/tibor-atya\/"}]}},"_links":{"self":[{"href":"https:\/\/stuttgarti-katolikusok.de\/index.php\/wp-json\/wp\/v2\/posts\/30000","targetHints":{"allow":["GET"]}}],"collection":[{"href":"https:\/\/stuttgarti-katolikusok.de\/index.php\/wp-json\/wp\/v2\/posts"}],"about":[{"href":"https:\/\/stuttgarti-katolikusok.de\/index.php\/wp-json\/wp\/v2\/types\/post"}],"author":[{"embeddable":true,"href":"https:\/\/stuttgarti-katolikusok.de\/index.php\/wp-json\/wp\/v2\/users\/3"}],"replies":[{"embeddable":true,"href":"https:\/\/stuttgarti-katolikusok.de\/index.php\/wp-json\/wp\/v2\/comments?post=30000"}],"version-history":[{"count":4,"href":"https:\/\/stuttgarti-katolikusok.de\/index.php\/wp-json\/wp\/v2\/posts\/30000\/revisions"}],"predecessor-version":[{"id":30005,"href":"https:\/\/stuttgarti-katolikusok.de\/index.php\/wp-json\/wp\/v2\/posts\/30000\/revisions\/30005"}],"wp:featuredmedia":[{"embeddable":true,"href":"https:\/\/stuttgarti-katolikusok.de\/index.php\/wp-json\/wp\/v2\/media\/30002"}],"wp:attachment":[{"href":"https:\/\/stuttgarti-katolikusok.de\/index.php\/wp-json\/wp\/v2\/media?parent=30000"}],"wp:term":[{"taxonomy":"category","embeddable":true,"href":"https:\/\/stuttgarti-katolikusok.de\/index.php\/wp-json\/wp\/v2\/categories?post=30000"},{"taxonomy":"post_tag","embeddable":true,"href":"https:\/\/stuttgarti-katolikusok.de\/index.php\/wp-json\/wp\/v2\/tags?post=30000"}],"curies":[{"name":"wp","href":"https:\/\/api.w.org\/{rel}","templated":true}]}}