{"id":29934,"date":"2024-12-19T14:12:58","date_gmt":"2024-12-19T13:12:58","guid":{"rendered":"https:\/\/stuttgarti-katolikusok.de\/?p=29934"},"modified":"2024-12-19T21:27:34","modified_gmt":"2024-12-19T20:27:34","slug":"2024-december-23-es-2025-januar-6-kozott","status":"publish","type":"post","link":"https:\/\/stuttgarti-katolikusok.de\/index.php\/2024-december-23-es-2025-januar-6-kozott\/","title":{"rendered":"2024. DECEMBER 23 \u00c9S 2025. JANU\u00c1R 6 K\u00d6Z\u00d6TT"},"content":{"rendered":"<p><span style=\"color: #ff6600;\"><em><strong>Programel\u0151zetes<\/strong><\/em><\/span><\/p>\n<p style=\"text-align: center;\"><span style=\"color: #ff6600;\"><strong>*<\/strong><\/span><\/p>\n<p><strong>December 24-\u00e9n<\/strong>,\u00a0kedd,\u00a0<span style=\"color: #ff6600;\"><em><strong>Szenteste<\/strong><\/em><\/span><em>, <\/em><strong>Stuttgartban <\/strong>19.00 \u00f3rakor<\/p>\n<p><em><span style=\"color: #ff6600;\">&#8211; Gyermekek \u00e9s ifjak r\u00f6vid kar\u00e1csonyi el\u0151ad\u00e1sa,<\/span><\/em><\/p>\n<p><em><span style=\"color: #ff6600;\"> &#8211; <\/span><\/em><em><span style=\"color: #ff6600;\">\u00c9jf\u00e9li szentmise.<\/span><\/em><em><span style=\"color: #ff6600;\">\u00a0<\/span><\/em><\/p>\n<p style=\"text-align: center;\"><strong>\u00a0<span style=\"color: #ff6600;\">*<\/span><\/strong><\/p>\n<p><strong>December 25-\u00e9n<\/strong>, szerda, <span style=\"color: #ff6600;\"><em><strong>Kar\u00e1csony \u00fcnnepe<\/strong><\/em><em>,<\/em><\/span><\/p>\n<p><strong>Weingartenben<\/strong>, 10.00 \u00f3rakor\u00a0<span style=\"color: #ff6600;\"><em>\u00fcnnepi szentmise<\/em> <\/span>a <em>14 Nothelfer Kapelle<\/em>-ben,<\/p>\n<p><strong>Ulmban\u00a0<\/strong>15.00 \u00f3rakor\u00a0<em><span style=\"color: #ff6600;\">\u00fcnnepi szentmise,<\/span><\/em><\/p>\n<p><strong>Stuttgartban\u00a0<\/strong>18.00 \u00f3rakor\u00a0<em><span style=\"color: #ff6600;\">\u00fcnnepi szentmise.<\/span><\/em><\/p>\n<p style=\"text-align: center;\"><span style=\"color: #ff6600;\"><em><strong>\u00a0*<\/strong><\/em><\/span><\/p>\n<p><strong>December 26-\u00e1n<\/strong>, cs\u00fct\u00f6rt\u00f6k,\u00a0<span style=\"color: #ff6600;\"><em><strong>Kar\u00e1csony \u00fcnnep\u00e9nek 2. napja<\/strong><\/em><em>, Szent Istv\u00e1n diak\u00f3nus v\u00e9rtan\u00fa \u00fcnnepe,<\/em><\/span><\/p>\n<p><strong>Schw<\/strong><strong>\u00e4bisch-<\/strong><strong>Gm\u00fcndben\u00a0<\/strong>9.30 \u00f3rakor\u00a0<span style=\"color: #ff6600;\"><em>\u00fcnnepi szentmise<\/em>,<\/span><\/p>\n<p><strong>Biberachban <\/strong>16.45 \u00f3rakor <em><span style=\"color: #ff6600;\">\u00fcnnepi szentmise.<\/span><\/em><\/p>\n<p style=\"text-align: center;\"><span style=\"color: #ff6600;\"><strong>*<\/strong><\/span><\/p>\n<p><strong>December 27-\u00e9n<\/strong>, p\u00e9ntek, <span style=\"color: #ff6600;\"><em><strong>Kar\u00e1csony \u00fcnnep\u00e9nek 3. napja<\/strong><\/em><em>, Szent J\u00e1nos apostol \u00e9s evang\u00e9lista \u00fcnnepe, <\/em><\/span><\/p>\n<p><strong>B\u00f6blingenben\u00a0<\/strong>9.30. \u00f3rakor<strong>\u00a0<\/strong><span style=\"color: #ff6600;\"><em>\u00fcnnepi <\/em><em>szentmis<span style=\"color: #ff6600;\">e<\/span><\/em>,<\/span><\/p>\n<p><strong>Heilbronnban <\/strong>15.30 \u00f3rakor <em><span style=\"color: #ff6600;\">\u00fcnnepi szentmise.<\/span><\/em><\/p>\n<p style=\"text-align: center;\"><span style=\"color: #ff6600;\"><strong>*<\/strong><\/span><\/p>\n<p><strong>December 28-\u00e1n<\/strong>, szombat, <span style=\"color: #ff6600;\"><em><strong>Kar\u00e1csony \u00fcnnep\u00e9nek 4. napja<\/strong><\/em><em>, Apr\u00f3szentek \u00fcnnepe, <\/em><\/span><\/p>\n<p><strong>Tuttlingenben <\/strong>16.00 \u00f3rakor <em><span style=\"color: #ff6600;\">\u00fcnnepi szentmise.<\/span><\/em><\/p>\n<p style=\"text-align: center;\"><span style=\"color: #ff6600;\"><strong>*<\/strong><\/span><\/p>\n<p><strong>December 29-\u00e9n<\/strong>, vas\u00e1rnap,<span style=\"color: #ff6600;\"><em><strong> Szent Csal\u00e1d vas\u00e1rnapj<span style=\"color: #ff6600;\">a<\/span><\/strong><\/em><em>, <\/em><\/span><\/p>\n<p><strong>Ludwigsburgban<\/strong> 9.00 \u00f3rakor <em><span style=\"color: #ff6600;\">\u00fcnnepi szentmise,<\/span><\/em><\/p>\n<p><strong>Reutlingenben <\/strong>16.30 \u00f3rakor <em><span style=\"color: #ff6600;\">\u00fcnnepi szentmise.<\/span><\/em><\/p>\n<p style=\"text-align: center;\"><strong><span style=\"color: #ff6600;\">*<\/span><\/strong><em>\u00a0<\/em><\/p>\n<p><strong>December 31-\u00e9n<\/strong>, kedd, <span style=\"color: #ff6600;\"><em><strong>Szilveszter napj<span style=\"color: #ff6600;\">a<\/span><\/strong><\/em><em>,<\/em><\/span><\/p>\n<p><strong>Weingartenben<\/strong>\u00a015.00 \u00f3rakor\u00a0<span style=\"color: #ff6600;\"><em>\u00e9vv\u00e9gi h\u00e1laad\u00f3 szentmise<\/em><\/span>\u00a0a <em>14 Nothelfer Kapelle<\/em>-ben,<\/p>\n<p><strong>Stuttgartban\u00a0<\/strong>18.00 \u00f3rakor <span style=\"color: #ff6600;\">\u00e9<em>vv\u00e9gi h\u00e1laad\u00f3 szentmise.<\/em><\/span><\/p>\n<p style=\"text-align: center;\"><span style=\"color: #ff6600;\"><strong>*<\/strong><\/span><\/p>\n<p><strong>2025. janu\u00e1r 1-j\u00e9n<\/strong>, szerda, <span style=\"color: #ff6600;\"><em><strong>Sz\u0171z M\u00e1ria, Isten anyja f\u0151\u00fcnne<span style=\"color: #ff6600;\">p<\/span><\/strong><\/em>,<\/span><\/p>\n<p><strong>Stuttgartban\u00a0<\/strong>11.30 \u00f3rakor<span style=\"color: #ff6600;\"><strong>\u00a0<\/strong><em>szentmise<\/em>,<\/span><\/p>\n<p><strong>Weingartenben<\/strong>\u00a016.00 \u00f3rakor\u00a0<span style=\"color: #ff6600;\"><em>szentmise\u00a0<\/em><\/span><em>a\u00a014 Nothelfer Kapelle<\/em>-ben.<\/p>\n<p style=\"text-align: center;\"><strong>\u00a0<span style=\"color: #ff6600;\">* <\/span><\/strong><\/p>\n<p><strong>Janu\u00e1r 4-\u00e9n<\/strong>, szombat, <span style=\"color: #ff6600;\"><em><strong>Kar\u00e1csonyt k\u00f6vet\u0151 2. vas\u00e1rnap<\/strong><\/em><\/span>,<\/p>\n<p><strong>Balingenben\u00a0<\/strong>16.00 \u00f3rakor<span style=\"color: #ff6600;\">\u00a0<\/span><em><span style=\"color: #ff6600;\">szentmise<\/span>,\u00a0<\/em>ut\u00e1na\u00a0<span style=\"color: #ff6600;\"><em>agap\u00e9.<\/em><\/span><\/p>\n<p style=\"text-align: center;\"><strong><em>\u00a0<\/em><span style=\"color: #ff6600;\">*<\/span><\/strong><\/p>\n<p><strong>Janu\u00e1r 5-\u00e9n<\/strong>, vas\u00e1rnap, <span style=\"color: #ff6600;\"><em><strong>Kar\u00e1csonyt k\u00f6vet\u0151 2. vas\u00e1rnap<\/strong><\/em><\/span>,<\/p>\n<p><strong>Schw\u00e4bisch-Gm\u00fcndben\u00a0<\/strong>9.30 \u00f3rakor\u00a0<span style=\"color: #ff6600;\"><em>szentmise<\/em><\/span>, ut\u00e1na\u00a0<span style=\"color: #ff6600;\"><em>agap\u00e9,<\/em><\/span><\/p>\n<p><strong>Stuttgartban\u00a0<\/strong>15.00 \u00f3rakor<span style=\"color: #ff6600;\">\u00a0<\/span><em><span style=\"color: #ff6600;\">szentmise<\/span>,\u00a0<\/em>ut\u00e1na <span style=\"color: #ff6600;\"><em>agap\u00e9.<\/em><\/span><\/p>\n<p style=\"text-align: center;\"><span style=\"color: #ff6600;\"><strong>*<\/strong><\/span><\/p>\n<p><strong>Janu\u00e1r 6-\u00e1n<\/strong>, h\u00e9tf\u0151,\u00a0<em><strong><span style=\"color: #ff6600;\">Urunk megjelen\u00e9se, V\u00edzkereszt \u00fcnnepe<\/span><\/strong><span style=\"color: #ff6600;\">,<\/span><\/em><\/p>\n<p><strong>Weingartenben\u00a0<\/strong>10.00 \u00f3rakor <em><span style=\"color: #ff6600;\">szentmise<\/span> a 14 Nothelfer Kapelle<\/em>-ben.<\/p>\n<p style=\"text-align: center;\"><span style=\"color: #ff6600;\"><strong>*<\/strong><\/span><\/p>\n<p><a href=\"https:\/\/stuttgarti-katolikusok.de\/wp-content\/uploads\/2021\/01\/biberach.jpeg\"><img loading=\"lazy\" decoding=\"async\" class=\"alignnone size-full wp-image-20978\" src=\"https:\/\/stuttgarti-katolikusok.de\/wp-content\/uploads\/2021\/01\/biberach.jpeg\" alt=\"\" width=\"1512\" height=\"1168\" srcset=\"https:\/\/stuttgarti-katolikusok.de\/wp-content\/uploads\/2021\/01\/biberach.jpeg 1512w, https:\/\/stuttgarti-katolikusok.de\/wp-content\/uploads\/2021\/01\/biberach-300x232.jpeg 300w, https:\/\/stuttgarti-katolikusok.de\/wp-content\/uploads\/2021\/01\/biberach-1024x791.jpeg 1024w\" sizes=\"auto, (max-width: 1512px) 100vw, 1512px\" \/><\/a><\/p>\n<p style=\"text-align: center;\"><span style=\"color: #ff6600;\"><strong>*<\/strong><\/span><\/p>\n<p>Minden helyen mindenkit szeretettel v\u00e1r a k\u00f6z\u00f6ss\u00e9g \u00e9s Tibor atya!<\/p>\n<p style=\"text-align: center;\"><em>\u00a0<\/em><span style=\"color: #ff6600;\">*<\/span><\/p>\n<p><a href=\"https:\/\/stuttgarti-katolikusok.de\/wp-content\/uploads\/2020\/12\/eislingen.jpeg\"><img loading=\"lazy\" decoding=\"async\" class=\"alignnone size-full wp-image-20826\" src=\"https:\/\/stuttgarti-katolikusok.de\/wp-content\/uploads\/2020\/12\/eislingen.jpeg\" alt=\"\" width=\"1245\" height=\"931\" srcset=\"https:\/\/stuttgarti-katolikusok.de\/wp-content\/uploads\/2020\/12\/eislingen.jpeg 1245w, https:\/\/stuttgarti-katolikusok.de\/wp-content\/uploads\/2020\/12\/eislingen-300x224.jpeg 300w, https:\/\/stuttgarti-katolikusok.de\/wp-content\/uploads\/2020\/12\/eislingen-1024x766.jpeg 1024w, https:\/\/stuttgarti-katolikusok.de\/wp-content\/uploads\/2020\/12\/eislingen-164x124.jpeg 164w\" sizes=\"auto, (max-width: 1245px) 100vw, 1245px\" \/><\/a><\/p>\n<p style=\"text-align: center;\"><span style=\"color: #ff6600;\">\u00a0* <\/span><\/p>\n<p><em><span style=\"color: #ff6600;\">Juh\u00e1sz Gyula: Kar\u00e1csony fel\u00e9<\/span><\/em><\/p>\n<p><em><span style=\"color: #ff6600;\">Sz\u00e9p T\u00fcnd\u00e9rorsz\u00e1g t\u00e1mad f\u00f6l sz\u00edvemben<\/span><\/em><br \/>\n<em><span style=\"color: #ff6600;\">Ilyenkor decemberben.<\/span><\/em><br \/>\n<em><span style=\"color: #ff6600;\">A szeretetnek csillag\u00e1ra n\u00e9zek,<\/span><\/em><br \/>\n<em><span style=\"color: #ff6600;\">Megsz\u00e1ll egy titkos, gy\u00f6ny\u00f6r\u0171 ig\u00e9zet,<\/span><\/em><br \/>\n<em><span style=\"color: #ff6600;\">Ilyenkor decemberben.<\/span><\/em><\/p>\n<p><em><span style=\"color: #ff6600;\">\u2026Bizalmas sz\u00edvvel j\u00e1rom a vil\u00e1got,<\/span><\/em><br \/>\n<em><span style=\"color: #ff6600;\">S amit az \u00e9let v\u00e1gott,<\/span><\/em><br \/>\n<em><span style=\"color: #ff6600;\">Behegesztem a sebet a sz\u00edvemben,<\/span><\/em><br \/>\n<em><span style=\"color: #ff6600;\">\u00c9s hiszek \u00fajra \u00e9gi szeretetben,<\/span><\/em><br \/>\n<em><span style=\"color: #ff6600;\">Ilyenkor decemberben.<\/span><\/em><\/p>\n<p><em><span style=\"color: #ff6600;\">\u2026\u00c9s valahol csak k\u00e9tked\u0151 besz\u00e9det<\/span><\/em><br \/>\n<em><span style=\"color: #ff6600;\">Hallok, szomor\u00fan n\u00e9zek,<\/span><\/em><br \/>\n<em><span style=\"color: #ff6600;\">A kis J\u00e9zuska itt van a k\u00f6zelben,<\/span><\/em><br \/>\n<em><span style=\"color: #ff6600;\">Legy\u00fcnk h\u00e1t jobbak, s higgy\u00fcnk rend\u00fcletlen,<\/span><\/em><br \/>\n<em><span style=\"color: #ff6600;\">S ne csak \u00edgy decemberben.<\/span><\/em><\/p>\n<p style=\"text-align: center;\"><strong><span style=\"color: #ff6600;\">*<\/span><\/strong><\/p>\n<p><em><span style=\"color: #ff6600;\">\u201eEg\u00e9sz \u00e9let\u00fcnk a szeretet isteni \u201et\u00falkap\u00e1sainak\u201d a dr\u00e1m\u00e1ja. Ennek a dr\u00e1m\u00e1nak \u00e1ll mintegy centrum\u00e1ban a megtestes\u00fcl\u00e9s titka az isteni \u00e1rtatlans\u00e1g makul\u00e1tlan tiszta jegyeivel. \u00cdgy \u2013 a teremt\u0151 lemond\u00e1s jegy\u00e9ben \u2013 a kar\u00e1csony egyszerre az eg\u00e9sz teremt\u00e9s elfogad\u00e1s\u00e1nak \u00e9s szeretetben val\u00f3 f\u00f6l\u00fclm\u00fal\u00e1s\u00e1nak az \u00fcnnepe. Isten szeretete \u00e9s szabads\u00e1ga a val\u00f3s\u00e1gos helye: inn\u00e9t univerzit\u00e1sa\u2026Isten is csak szinte \u00e9szrev\u00e9tlen\u00fcl l\u00e9phetett k\u00f6z\u00e9nk. Igaz, kicsiny, m\u00e9rhetetlen\u00fcl kicsiny f\u00e9ny ez \u2013 de re\u00e1lis. Ugyanaz a szel\u00edds\u00e9g, mely engedelmess\u00e9gre b\u00edrta a teremtett univerzumot, \u00e9s gyeng\u00e9ds\u00e9g\u00e9nek erej\u00e9vel a kereszt ver\u00e9s\u00e9n t\u00fal meggy\u0151zte a vil\u00e1got.\u201d (Pilinszky J\u00e1nos \u2013 k\u00f6lt\u0151 \u2013 1921 &#8211; 1981)<\/span><\/em><\/p>\n<p style=\"text-align: center;\"><span style=\"color: #ff6600;\">*<\/span><\/p>\n<p><em><span style=\"color: #ff6600;\">Szeretetteljes Kar\u00e1csonyt, \u00e9s \u00e1ldott, b\u00e9k\u00e9s, boldog, rem\u00e9nyteli \u00faj \u00e9vet k\u00edv\u00e1nok minden kedves H\u00edvemnek!<\/span><\/em><\/p>\n<p><em><span style=\"color: #ff6600;\">Lelkip\u00e1sztori szeretettel,<\/span><\/em><\/p>\n<p><em><span style=\"color: #ff6600;\">Tibor atya<\/span><\/em><\/p>\n<p><em><span style=\"color: #ff6600;\">Stuttgart, 2024. Kar\u00e1csony\u00e1n<\/span><\/em><\/p>\n<p><span style=\"color: #000000;\"><em>(K\u00e9pek forr\u00e1sai: Tibor atya &#8211; a mis\u00e9z\u0151 helyeken k\u00e9sz\u00edtett k\u00e9pek)<\/em>\u00a0<\/span><\/p>\n","protected":false},"excerpt":{"rendered":"<p>Programel\u0151zetes * December 24-\u00e9n,\u00a0kedd,\u00a0Szenteste, Stuttgartban 19.00 \u00f3rakor &#8211; Gyermekek \u00e9s ifjak r\u00f6vid kar\u00e1csonyi el\u0151ad\u00e1sa, &#8211; \u00c9jf\u00e9li szentmise.\u00a0 \u00a0* December 25-\u00e9n, szerda, Kar\u00e1csony \u00fcnnepe, Weingartenben, 10.00 \u00f3rakor\u00a0\u00fcnnepi szentmise a 14 Nothelfer Kapelle-ben, Ulmban\u00a015.00 \u00f3rakor\u00a0\u00fcnnepi szentmise, Stuttgartban\u00a018.00 \u00f3rakor\u00a0\u00fcnnepi szentmise. \u00a0* December 26-\u00e1n, cs\u00fct\u00f6rt\u00f6k,\u00a0Kar\u00e1csony \u00fcnnep\u00e9nek 2. napja, Szent Istv\u00e1n diak\u00f3nus v\u00e9rtan\u00fa \u00fcnnepe, Schw\u00e4bisch-Gm\u00fcndben\u00a09.30 \u00f3rakor\u00a0\u00fcnnepi szentmise, Biberachban 16.45 \u00f3rakor \u00fcnnepi szentmise. * December 27-\u00e9n, p\u00e9ntek, Kar\u00e1csony \u00fcnnep\u00e9nek 3. napja, Szent J\u00e1nos apostol \u00e9s evang\u00e9lista \u00fcnnepe, B\u00f6blingenben\u00a09.30. \u00f3rakor\u00a0\u00fcnnepi szentmise, Heilbronnban 15.30 \u00f3rakor \u00fcnnepi szentmise. * December 28-\u00e1n, szombat, Kar\u00e1csony \u00fcnnep\u00e9nek 4. napja, Apr\u00f3szentek \u00fcnnepe, Tuttlingenben 16.00 \u00f3rakor \u00fcnnepi szentmise. * December 29-\u00e9n, vas\u00e1rnap, Szent Csal\u00e1d vas\u00e1rnapja, Ludwigsburgban 9.00 \u00f3rakor \u00fcnnepi szentmise, Reutlingenben 16.30 \u00f3rakor \u00fcnnepi szentmise. *\u00a0 December 31-\u00e9n, kedd, Szilveszter napja, Weingartenben\u00a015.00 \u00f3rakor\u00a0\u00e9vv\u00e9gi h\u00e1laad\u00f3 szentmise\u00a0a 14 Nothelfer Kapelle-ben, Stuttgartban\u00a018.00 \u00f3rakor \u00e9vv\u00e9gi h\u00e1laad\u00f3 szentmise. * 2025. janu\u00e1r 1-j\u00e9n, szerda, Sz\u0171z M\u00e1ria, Isten anyja f\u0151\u00fcnnep, Stuttgartban\u00a011.30 \u00f3rakor\u00a0szentmise, Weingartenben\u00a016.00 \u00f3rakor\u00a0szentmise\u00a0a\u00a014 Nothelfer Kapelle-ben. \u00a0* Janu\u00e1r 4-\u00e9n, szombat, Kar\u00e1csonyt k\u00f6vet\u0151 2. vas\u00e1rnap, Balingenben\u00a016.00 \u00f3rakor\u00a0szentmise,\u00a0ut\u00e1na\u00a0agap\u00e9. \u00a0* Janu\u00e1r 5-\u00e9n, vas\u00e1rnap, Kar\u00e1csonyt k\u00f6vet\u0151 2. vas\u00e1rnap, Schw\u00e4bisch-Gm\u00fcndben\u00a09.30 \u00f3rakor\u00a0szentmise, ut\u00e1na\u00a0agap\u00e9, Stuttgartban\u00a015.00 \u00f3rakor\u00a0szentmise,\u00a0ut\u00e1na agap\u00e9. * Janu\u00e1r 6-\u00e1n, h\u00e9tf\u0151,\u00a0Urunk megjelen\u00e9se, V\u00edzkereszt \u00fcnnepe, Weingartenben\u00a010.00 \u00f3rakor szentmise a 14 Nothelfer Kapelle-ben. * * Minden helyen mindenkit szeretettel v\u00e1r a k\u00f6z\u00f6ss\u00e9g \u00e9s Tibor atya! \u00a0* \u00a0* Juh\u00e1sz Gyula: Kar\u00e1csony fel\u00e9 Sz\u00e9p T\u00fcnd\u00e9rorsz\u00e1g t\u00e1mad f\u00f6l sz\u00edvemben Ilyenkor decemberben. A szeretetnek csillag\u00e1ra n\u00e9zek, Megsz\u00e1ll egy titkos, gy\u00f6ny\u00f6r\u0171 ig\u00e9zet, Ilyenkor decemberben. \u2026Bizalmas sz\u00edvvel j\u00e1rom a vil\u00e1got, S amit az \u00e9let v\u00e1gott, Behegesztem a sebet a sz\u00edvemben, \u00c9s hiszek \u00fajra \u00e9gi szeretetben, Ilyenkor decemberben. \u2026\u00c9s valahol csak k\u00e9tked\u0151 besz\u00e9det Hallok, szomor\u00fan n\u00e9zek, A kis J\u00e9zuska itt van a k\u00f6zelben, Legy\u00fcnk h\u00e1t jobbak, s higgy\u00fcnk rend\u00fcletlen, S ne csak \u00edgy decemberben. * \u201eEg\u00e9sz \u00e9let\u00fcnk a szeretet isteni \u201et\u00falkap\u00e1sainak\u201d a dr\u00e1m\u00e1ja. Ennek a dr\u00e1m\u00e1nak \u00e1ll mintegy centrum\u00e1ban a megtestes\u00fcl\u00e9s titka az isteni \u00e1rtatlans\u00e1g makul\u00e1tlan tiszta jegyeivel. \u00cdgy \u2013 a teremt\u0151 lemond\u00e1s jegy\u00e9ben \u2013 a kar\u00e1csony&#8230; <\/p>\n<p><a class=\"readmore\" href=\"https:\/\/stuttgarti-katolikusok.de\/index.php\/2024-december-23-es-2025-januar-6-kozott\/\">R\u00e9szletek<\/a><\/p>\n","protected":false},"author":3,"featured_media":24164,"comment_status":"closed","ping_status":"closed","sticky":false,"template":"","format":"standard","meta":{"footnotes":""},"categories":[37],"tags":[],"class_list":["post-29934","post","type-post","status-publish","format-standard","has-post-thumbnail","hentry","category-progamelozetes"],"yoast_head":"<!-- This site is optimized with the Yoast SEO plugin v27.3 - https:\/\/yoast.com\/product\/yoast-seo-wordpress\/ -->\n<title>2024. DECEMBER 23 \u00c9S 2025. JANU\u00c1R 6 K\u00d6Z\u00d6TT - Stuttgarti Katolikusok<\/title>\n<meta name=\"robots\" content=\"index, follow, max-snippet:-1, max-image-preview:large, max-video-preview:-1\" \/>\n<link rel=\"canonical\" href=\"https:\/\/stuttgarti-katolikusok.de\/index.php\/2024-december-23-es-2025-januar-6-kozott\/\" \/>\n<meta property=\"og:locale\" content=\"hu_HU\" \/>\n<meta property=\"og:type\" content=\"article\" \/>\n<meta property=\"og:title\" content=\"2024. DECEMBER 23 \u00c9S 2025. JANU\u00c1R 6 K\u00d6Z\u00d6TT - Stuttgarti Katolikusok\" \/>\n<meta property=\"og:description\" content=\"Programel\u0151zetes * December 24-\u00e9n,\u00a0kedd,\u00a0Szenteste, Stuttgartban 19.00 \u00f3rakor &#8211; Gyermekek \u00e9s ifjak r\u00f6vid kar\u00e1csonyi el\u0151ad\u00e1sa, &#8211; \u00c9jf\u00e9li szentmise.\u00a0 \u00a0* December 25-\u00e9n, szerda, Kar\u00e1csony \u00fcnnepe, Weingartenben, 10.00 \u00f3rakor\u00a0\u00fcnnepi szentmise a 14 Nothelfer Kapelle-ben, Ulmban\u00a015.00 \u00f3rakor\u00a0\u00fcnnepi szentmise, Stuttgartban\u00a018.00 \u00f3rakor\u00a0\u00fcnnepi szentmise. \u00a0* December 26-\u00e1n, cs\u00fct\u00f6rt\u00f6k,\u00a0Kar\u00e1csony \u00fcnnep\u00e9nek 2. napja, Szent Istv\u00e1n diak\u00f3nus v\u00e9rtan\u00fa \u00fcnnepe, Schw\u00e4bisch-Gm\u00fcndben\u00a09.30 \u00f3rakor\u00a0\u00fcnnepi szentmise, Biberachban 16.45 \u00f3rakor \u00fcnnepi szentmise. * December 27-\u00e9n, p\u00e9ntek, Kar\u00e1csony \u00fcnnep\u00e9nek 3. napja, Szent J\u00e1nos apostol \u00e9s evang\u00e9lista \u00fcnnepe, B\u00f6blingenben\u00a09.30. \u00f3rakor\u00a0\u00fcnnepi szentmise, Heilbronnban 15.30 \u00f3rakor \u00fcnnepi szentmise. * December 28-\u00e1n, szombat, Kar\u00e1csony \u00fcnnep\u00e9nek 4. napja, Apr\u00f3szentek \u00fcnnepe, Tuttlingenben 16.00 \u00f3rakor \u00fcnnepi szentmise. * December 29-\u00e9n, vas\u00e1rnap, Szent Csal\u00e1d vas\u00e1rnapja, Ludwigsburgban 9.00 \u00f3rakor \u00fcnnepi szentmise, Reutlingenben 16.30 \u00f3rakor \u00fcnnepi szentmise. *\u00a0 December 31-\u00e9n, kedd, Szilveszter napja, Weingartenben\u00a015.00 \u00f3rakor\u00a0\u00e9vv\u00e9gi h\u00e1laad\u00f3 szentmise\u00a0a 14 Nothelfer Kapelle-ben, Stuttgartban\u00a018.00 \u00f3rakor \u00e9vv\u00e9gi h\u00e1laad\u00f3 szentmise. * 2025. janu\u00e1r 1-j\u00e9n, szerda, Sz\u0171z M\u00e1ria, Isten anyja f\u0151\u00fcnnep, Stuttgartban\u00a011.30 \u00f3rakor\u00a0szentmise, Weingartenben\u00a016.00 \u00f3rakor\u00a0szentmise\u00a0a\u00a014 Nothelfer Kapelle-ben. \u00a0* Janu\u00e1r 4-\u00e9n, szombat, Kar\u00e1csonyt k\u00f6vet\u0151 2. vas\u00e1rnap, Balingenben\u00a016.00 \u00f3rakor\u00a0szentmise,\u00a0ut\u00e1na\u00a0agap\u00e9. \u00a0* Janu\u00e1r 5-\u00e9n, vas\u00e1rnap, Kar\u00e1csonyt k\u00f6vet\u0151 2. vas\u00e1rnap, Schw\u00e4bisch-Gm\u00fcndben\u00a09.30 \u00f3rakor\u00a0szentmise, ut\u00e1na\u00a0agap\u00e9, Stuttgartban\u00a015.00 \u00f3rakor\u00a0szentmise,\u00a0ut\u00e1na agap\u00e9. * Janu\u00e1r 6-\u00e1n, h\u00e9tf\u0151,\u00a0Urunk megjelen\u00e9se, V\u00edzkereszt \u00fcnnepe, Weingartenben\u00a010.00 \u00f3rakor szentmise a 14 Nothelfer Kapelle-ben. * * Minden helyen mindenkit szeretettel v\u00e1r a k\u00f6z\u00f6ss\u00e9g \u00e9s Tibor atya! \u00a0* \u00a0* Juh\u00e1sz Gyula: Kar\u00e1csony fel\u00e9 Sz\u00e9p T\u00fcnd\u00e9rorsz\u00e1g t\u00e1mad f\u00f6l sz\u00edvemben Ilyenkor decemberben. A szeretetnek csillag\u00e1ra n\u00e9zek, Megsz\u00e1ll egy titkos, gy\u00f6ny\u00f6r\u0171 ig\u00e9zet, Ilyenkor decemberben. \u2026Bizalmas sz\u00edvvel j\u00e1rom a vil\u00e1got, S amit az \u00e9let v\u00e1gott, Behegesztem a sebet a sz\u00edvemben, \u00c9s hiszek \u00fajra \u00e9gi szeretetben, Ilyenkor decemberben. \u2026\u00c9s valahol csak k\u00e9tked\u0151 besz\u00e9det Hallok, szomor\u00fan n\u00e9zek, A kis J\u00e9zuska itt van a k\u00f6zelben, Legy\u00fcnk h\u00e1t jobbak, s higgy\u00fcnk rend\u00fcletlen, S ne csak \u00edgy decemberben. * \u201eEg\u00e9sz \u00e9let\u00fcnk a szeretet isteni \u201et\u00falkap\u00e1sainak\u201d a dr\u00e1m\u00e1ja. Ennek a dr\u00e1m\u00e1nak \u00e1ll mintegy centrum\u00e1ban a megtestes\u00fcl\u00e9s titka az isteni \u00e1rtatlans\u00e1g makul\u00e1tlan tiszta jegyeivel. \u00cdgy \u2013 a teremt\u0151 lemond\u00e1s jegy\u00e9ben \u2013 a kar\u00e1csony... R\u00e9szletek\" \/>\n<meta property=\"og:url\" content=\"https:\/\/stuttgarti-katolikusok.de\/index.php\/2024-december-23-es-2025-januar-6-kozott\/\" \/>\n<meta property=\"og:site_name\" content=\"Stuttgarti Katolikusok\" \/>\n<meta property=\"article:published_time\" content=\"2024-12-19T13:12:58+00:00\" \/>\n<meta property=\"article:modified_time\" content=\"2024-12-19T20:27:34+00:00\" \/>\n<meta property=\"og:image\" content=\"https:\/\/stuttgarti-katolikusok.de\/wp-content\/uploads\/2022\/12\/crib-1934818-640.jpg\" \/>\n\t<meta property=\"og:image:width\" content=\"640\" \/>\n\t<meta property=\"og:image:height\" content=\"473\" \/>\n\t<meta property=\"og:image:type\" content=\"image\/jpeg\" \/>\n<meta name=\"author\" content=\"Tibor atya\" \/>\n<meta name=\"twitter:card\" content=\"summary_large_image\" \/>\n<meta name=\"twitter:label1\" content=\"Szerz\u0151:\" \/>\n\t<meta name=\"twitter:data1\" content=\"Tibor atya\" \/>\n\t<meta name=\"twitter:label2\" content=\"Becs\u00fclt olvas\u00e1si id\u0151\" \/>\n\t<meta name=\"twitter:data2\" content=\"3 perc\" \/>\n<script type=\"application\/ld+json\" class=\"yoast-schema-graph\">{\"@context\":\"https:\\\/\\\/schema.org\",\"@graph\":[{\"@type\":\"Article\",\"@id\":\"https:\\\/\\\/stuttgarti-katolikusok.de\\\/index.php\\\/2024-december-23-es-2025-januar-6-kozott\\\/#article\",\"isPartOf\":{\"@id\":\"https:\\\/\\\/stuttgarti-katolikusok.de\\\/index.php\\\/2024-december-23-es-2025-januar-6-kozott\\\/\"},\"author\":{\"name\":\"Tibor atya\",\"@id\":\"https:\\\/\\\/stuttgarti-katolikusok.de\\\/#\\\/schema\\\/person\\\/75908d6f8fdc03a57889d27209df7795\"},\"headline\":\"2024. DECEMBER 23 \u00c9S 2025. JANU\u00c1R 6 K\u00d6Z\u00d6TT\",\"datePublished\":\"2024-12-19T13:12:58+00:00\",\"dateModified\":\"2024-12-19T20:27:34+00:00\",\"mainEntityOfPage\":{\"@id\":\"https:\\\/\\\/stuttgarti-katolikusok.de\\\/index.php\\\/2024-december-23-es-2025-januar-6-kozott\\\/\"},\"wordCount\":552,\"image\":{\"@id\":\"https:\\\/\\\/stuttgarti-katolikusok.de\\\/index.php\\\/2024-december-23-es-2025-januar-6-kozott\\\/#primaryimage\"},\"thumbnailUrl\":\"https:\\\/\\\/stuttgarti-katolikusok.de\\\/wp-content\\\/uploads\\\/2022\\\/12\\\/crib-1934818-640.jpg\",\"articleSection\":[\"Progamel\u0151zetes\"],\"inLanguage\":\"hu\"},{\"@type\":\"WebPage\",\"@id\":\"https:\\\/\\\/stuttgarti-katolikusok.de\\\/index.php\\\/2024-december-23-es-2025-januar-6-kozott\\\/\",\"url\":\"https:\\\/\\\/stuttgarti-katolikusok.de\\\/index.php\\\/2024-december-23-es-2025-januar-6-kozott\\\/\",\"name\":\"2024. DECEMBER 23 \u00c9S 2025. JANU\u00c1R 6 K\u00d6Z\u00d6TT - Stuttgarti Katolikusok\",\"isPartOf\":{\"@id\":\"https:\\\/\\\/stuttgarti-katolikusok.de\\\/#website\"},\"primaryImageOfPage\":{\"@id\":\"https:\\\/\\\/stuttgarti-katolikusok.de\\\/index.php\\\/2024-december-23-es-2025-januar-6-kozott\\\/#primaryimage\"},\"image\":{\"@id\":\"https:\\\/\\\/stuttgarti-katolikusok.de\\\/index.php\\\/2024-december-23-es-2025-januar-6-kozott\\\/#primaryimage\"},\"thumbnailUrl\":\"https:\\\/\\\/stuttgarti-katolikusok.de\\\/wp-content\\\/uploads\\\/2022\\\/12\\\/crib-1934818-640.jpg\",\"datePublished\":\"2024-12-19T13:12:58+00:00\",\"dateModified\":\"2024-12-19T20:27:34+00:00\",\"author\":{\"@id\":\"https:\\\/\\\/stuttgarti-katolikusok.de\\\/#\\\/schema\\\/person\\\/75908d6f8fdc03a57889d27209df7795\"},\"breadcrumb\":{\"@id\":\"https:\\\/\\\/stuttgarti-katolikusok.de\\\/index.php\\\/2024-december-23-es-2025-januar-6-kozott\\\/#breadcrumb\"},\"inLanguage\":\"hu\",\"potentialAction\":[{\"@type\":\"ReadAction\",\"target\":[\"https:\\\/\\\/stuttgarti-katolikusok.de\\\/index.php\\\/2024-december-23-es-2025-januar-6-kozott\\\/\"]}]},{\"@type\":\"ImageObject\",\"inLanguage\":\"hu\",\"@id\":\"https:\\\/\\\/stuttgarti-katolikusok.de\\\/index.php\\\/2024-december-23-es-2025-januar-6-kozott\\\/#primaryimage\",\"url\":\"https:\\\/\\\/stuttgarti-katolikusok.de\\\/wp-content\\\/uploads\\\/2022\\\/12\\\/crib-1934818-640.jpg\",\"contentUrl\":\"https:\\\/\\\/stuttgarti-katolikusok.de\\\/wp-content\\\/uploads\\\/2022\\\/12\\\/crib-1934818-640.jpg\",\"width\":640,\"height\":473},{\"@type\":\"BreadcrumbList\",\"@id\":\"https:\\\/\\\/stuttgarti-katolikusok.de\\\/index.php\\\/2024-december-23-es-2025-januar-6-kozott\\\/#breadcrumb\",\"itemListElement\":[{\"@type\":\"ListItem\",\"position\":1,\"name\":\"Kezd\u0151lap\",\"item\":\"https:\\\/\\\/stuttgarti-katolikusok.de\\\/\"},{\"@type\":\"ListItem\",\"position\":2,\"name\":\"2024. DECEMBER 23 \u00c9S 2025. JANU\u00c1R 6 K\u00d6Z\u00d6TT\"}]},{\"@type\":\"WebSite\",\"@id\":\"https:\\\/\\\/stuttgarti-katolikusok.de\\\/#website\",\"url\":\"https:\\\/\\\/stuttgarti-katolikusok.de\\\/\",\"name\":\"Stuttgarti Katolikusok\",\"description\":\"\",\"potentialAction\":[{\"@type\":\"SearchAction\",\"target\":{\"@type\":\"EntryPoint\",\"urlTemplate\":\"https:\\\/\\\/stuttgarti-katolikusok.de\\\/?s={search_term_string}\"},\"query-input\":{\"@type\":\"PropertyValueSpecification\",\"valueRequired\":true,\"valueName\":\"search_term_string\"}}],\"inLanguage\":\"hu\"},{\"@type\":\"Person\",\"@id\":\"https:\\\/\\\/stuttgarti-katolikusok.de\\\/#\\\/schema\\\/person\\\/75908d6f8fdc03a57889d27209df7795\",\"name\":\"Tibor atya\",\"image\":{\"@type\":\"ImageObject\",\"inLanguage\":\"hu\",\"@id\":\"https:\\\/\\\/secure.gravatar.com\\\/avatar\\\/61d268e57d1f4525b111222e29d2d5a7f8c420fdbf231ba5566a8ceac74fa960?s=96&d=mm&r=g\",\"url\":\"https:\\\/\\\/secure.gravatar.com\\\/avatar\\\/61d268e57d1f4525b111222e29d2d5a7f8c420fdbf231ba5566a8ceac74fa960?s=96&d=mm&r=g\",\"contentUrl\":\"https:\\\/\\\/secure.gravatar.com\\\/avatar\\\/61d268e57d1f4525b111222e29d2d5a7f8c420fdbf231ba5566a8ceac74fa960?s=96&d=mm&r=g\",\"caption\":\"Tibor atya\"},\"url\":\"https:\\\/\\\/stuttgarti-katolikusok.de\\\/index.php\\\/author\\\/tibor-atya\\\/\"}]}<\/script>\n<!-- \/ Yoast SEO plugin. -->","yoast_head_json":{"title":"2024. DECEMBER 23 \u00c9S 2025. JANU\u00c1R 6 K\u00d6Z\u00d6TT - Stuttgarti Katolikusok","robots":{"index":"index","follow":"follow","max-snippet":"max-snippet:-1","max-image-preview":"max-image-preview:large","max-video-preview":"max-video-preview:-1"},"canonical":"https:\/\/stuttgarti-katolikusok.de\/index.php\/2024-december-23-es-2025-januar-6-kozott\/","og_locale":"hu_HU","og_type":"article","og_title":"2024. DECEMBER 23 \u00c9S 2025. JANU\u00c1R 6 K\u00d6Z\u00d6TT - Stuttgarti Katolikusok","og_description":"Programel\u0151zetes * December 24-\u00e9n,\u00a0kedd,\u00a0Szenteste, Stuttgartban 19.00 \u00f3rakor &#8211; Gyermekek \u00e9s ifjak r\u00f6vid kar\u00e1csonyi el\u0151ad\u00e1sa, &#8211; \u00c9jf\u00e9li szentmise.\u00a0 \u00a0* December 25-\u00e9n, szerda, Kar\u00e1csony \u00fcnnepe, Weingartenben, 10.00 \u00f3rakor\u00a0\u00fcnnepi szentmise a 14 Nothelfer Kapelle-ben, Ulmban\u00a015.00 \u00f3rakor\u00a0\u00fcnnepi szentmise, Stuttgartban\u00a018.00 \u00f3rakor\u00a0\u00fcnnepi szentmise. \u00a0* December 26-\u00e1n, cs\u00fct\u00f6rt\u00f6k,\u00a0Kar\u00e1csony \u00fcnnep\u00e9nek 2. napja, Szent Istv\u00e1n diak\u00f3nus v\u00e9rtan\u00fa \u00fcnnepe, Schw\u00e4bisch-Gm\u00fcndben\u00a09.30 \u00f3rakor\u00a0\u00fcnnepi szentmise, Biberachban 16.45 \u00f3rakor \u00fcnnepi szentmise. * December 27-\u00e9n, p\u00e9ntek, Kar\u00e1csony \u00fcnnep\u00e9nek 3. napja, Szent J\u00e1nos apostol \u00e9s evang\u00e9lista \u00fcnnepe, B\u00f6blingenben\u00a09.30. \u00f3rakor\u00a0\u00fcnnepi szentmise, Heilbronnban 15.30 \u00f3rakor \u00fcnnepi szentmise. * December 28-\u00e1n, szombat, Kar\u00e1csony \u00fcnnep\u00e9nek 4. napja, Apr\u00f3szentek \u00fcnnepe, Tuttlingenben 16.00 \u00f3rakor \u00fcnnepi szentmise. * December 29-\u00e9n, vas\u00e1rnap, Szent Csal\u00e1d vas\u00e1rnapja, Ludwigsburgban 9.00 \u00f3rakor \u00fcnnepi szentmise, Reutlingenben 16.30 \u00f3rakor \u00fcnnepi szentmise. *\u00a0 December 31-\u00e9n, kedd, Szilveszter napja, Weingartenben\u00a015.00 \u00f3rakor\u00a0\u00e9vv\u00e9gi h\u00e1laad\u00f3 szentmise\u00a0a 14 Nothelfer Kapelle-ben, Stuttgartban\u00a018.00 \u00f3rakor \u00e9vv\u00e9gi h\u00e1laad\u00f3 szentmise. * 2025. janu\u00e1r 1-j\u00e9n, szerda, Sz\u0171z M\u00e1ria, Isten anyja f\u0151\u00fcnnep, Stuttgartban\u00a011.30 \u00f3rakor\u00a0szentmise, Weingartenben\u00a016.00 \u00f3rakor\u00a0szentmise\u00a0a\u00a014 Nothelfer Kapelle-ben. \u00a0* Janu\u00e1r 4-\u00e9n, szombat, Kar\u00e1csonyt k\u00f6vet\u0151 2. vas\u00e1rnap, Balingenben\u00a016.00 \u00f3rakor\u00a0szentmise,\u00a0ut\u00e1na\u00a0agap\u00e9. \u00a0* Janu\u00e1r 5-\u00e9n, vas\u00e1rnap, Kar\u00e1csonyt k\u00f6vet\u0151 2. vas\u00e1rnap, Schw\u00e4bisch-Gm\u00fcndben\u00a09.30 \u00f3rakor\u00a0szentmise, ut\u00e1na\u00a0agap\u00e9, Stuttgartban\u00a015.00 \u00f3rakor\u00a0szentmise,\u00a0ut\u00e1na agap\u00e9. * Janu\u00e1r 6-\u00e1n, h\u00e9tf\u0151,\u00a0Urunk megjelen\u00e9se, V\u00edzkereszt \u00fcnnepe, Weingartenben\u00a010.00 \u00f3rakor szentmise a 14 Nothelfer Kapelle-ben. * * Minden helyen mindenkit szeretettel v\u00e1r a k\u00f6z\u00f6ss\u00e9g \u00e9s Tibor atya! \u00a0* \u00a0* Juh\u00e1sz Gyula: Kar\u00e1csony fel\u00e9 Sz\u00e9p T\u00fcnd\u00e9rorsz\u00e1g t\u00e1mad f\u00f6l sz\u00edvemben Ilyenkor decemberben. A szeretetnek csillag\u00e1ra n\u00e9zek, Megsz\u00e1ll egy titkos, gy\u00f6ny\u00f6r\u0171 ig\u00e9zet, Ilyenkor decemberben. \u2026Bizalmas sz\u00edvvel j\u00e1rom a vil\u00e1got, S amit az \u00e9let v\u00e1gott, Behegesztem a sebet a sz\u00edvemben, \u00c9s hiszek \u00fajra \u00e9gi szeretetben, Ilyenkor decemberben. \u2026\u00c9s valahol csak k\u00e9tked\u0151 besz\u00e9det Hallok, szomor\u00fan n\u00e9zek, A kis J\u00e9zuska itt van a k\u00f6zelben, Legy\u00fcnk h\u00e1t jobbak, s higgy\u00fcnk rend\u00fcletlen, S ne csak \u00edgy decemberben. * \u201eEg\u00e9sz \u00e9let\u00fcnk a szeretet isteni \u201et\u00falkap\u00e1sainak\u201d a dr\u00e1m\u00e1ja. Ennek a dr\u00e1m\u00e1nak \u00e1ll mintegy centrum\u00e1ban a megtestes\u00fcl\u00e9s titka az isteni \u00e1rtatlans\u00e1g makul\u00e1tlan tiszta jegyeivel. \u00cdgy \u2013 a teremt\u0151 lemond\u00e1s jegy\u00e9ben \u2013 a kar\u00e1csony... R\u00e9szletek","og_url":"https:\/\/stuttgarti-katolikusok.de\/index.php\/2024-december-23-es-2025-januar-6-kozott\/","og_site_name":"Stuttgarti Katolikusok","article_published_time":"2024-12-19T13:12:58+00:00","article_modified_time":"2024-12-19T20:27:34+00:00","og_image":[{"width":640,"height":473,"url":"https:\/\/stuttgarti-katolikusok.de\/wp-content\/uploads\/2022\/12\/crib-1934818-640.jpg","type":"image\/jpeg"}],"author":"Tibor atya","twitter_card":"summary_large_image","twitter_misc":{"Szerz\u0151:":"Tibor atya","Becs\u00fclt olvas\u00e1si id\u0151":"3 perc"},"schema":{"@context":"https:\/\/schema.org","@graph":[{"@type":"Article","@id":"https:\/\/stuttgarti-katolikusok.de\/index.php\/2024-december-23-es-2025-januar-6-kozott\/#article","isPartOf":{"@id":"https:\/\/stuttgarti-katolikusok.de\/index.php\/2024-december-23-es-2025-januar-6-kozott\/"},"author":{"name":"Tibor atya","@id":"https:\/\/stuttgarti-katolikusok.de\/#\/schema\/person\/75908d6f8fdc03a57889d27209df7795"},"headline":"2024. DECEMBER 23 \u00c9S 2025. JANU\u00c1R 6 K\u00d6Z\u00d6TT","datePublished":"2024-12-19T13:12:58+00:00","dateModified":"2024-12-19T20:27:34+00:00","mainEntityOfPage":{"@id":"https:\/\/stuttgarti-katolikusok.de\/index.php\/2024-december-23-es-2025-januar-6-kozott\/"},"wordCount":552,"image":{"@id":"https:\/\/stuttgarti-katolikusok.de\/index.php\/2024-december-23-es-2025-januar-6-kozott\/#primaryimage"},"thumbnailUrl":"https:\/\/stuttgarti-katolikusok.de\/wp-content\/uploads\/2022\/12\/crib-1934818-640.jpg","articleSection":["Progamel\u0151zetes"],"inLanguage":"hu"},{"@type":"WebPage","@id":"https:\/\/stuttgarti-katolikusok.de\/index.php\/2024-december-23-es-2025-januar-6-kozott\/","url":"https:\/\/stuttgarti-katolikusok.de\/index.php\/2024-december-23-es-2025-januar-6-kozott\/","name":"2024. DECEMBER 23 \u00c9S 2025. JANU\u00c1R 6 K\u00d6Z\u00d6TT - Stuttgarti Katolikusok","isPartOf":{"@id":"https:\/\/stuttgarti-katolikusok.de\/#website"},"primaryImageOfPage":{"@id":"https:\/\/stuttgarti-katolikusok.de\/index.php\/2024-december-23-es-2025-januar-6-kozott\/#primaryimage"},"image":{"@id":"https:\/\/stuttgarti-katolikusok.de\/index.php\/2024-december-23-es-2025-januar-6-kozott\/#primaryimage"},"thumbnailUrl":"https:\/\/stuttgarti-katolikusok.de\/wp-content\/uploads\/2022\/12\/crib-1934818-640.jpg","datePublished":"2024-12-19T13:12:58+00:00","dateModified":"2024-12-19T20:27:34+00:00","author":{"@id":"https:\/\/stuttgarti-katolikusok.de\/#\/schema\/person\/75908d6f8fdc03a57889d27209df7795"},"breadcrumb":{"@id":"https:\/\/stuttgarti-katolikusok.de\/index.php\/2024-december-23-es-2025-januar-6-kozott\/#breadcrumb"},"inLanguage":"hu","potentialAction":[{"@type":"ReadAction","target":["https:\/\/stuttgarti-katolikusok.de\/index.php\/2024-december-23-es-2025-januar-6-kozott\/"]}]},{"@type":"ImageObject","inLanguage":"hu","@id":"https:\/\/stuttgarti-katolikusok.de\/index.php\/2024-december-23-es-2025-januar-6-kozott\/#primaryimage","url":"https:\/\/stuttgarti-katolikusok.de\/wp-content\/uploads\/2022\/12\/crib-1934818-640.jpg","contentUrl":"https:\/\/stuttgarti-katolikusok.de\/wp-content\/uploads\/2022\/12\/crib-1934818-640.jpg","width":640,"height":473},{"@type":"BreadcrumbList","@id":"https:\/\/stuttgarti-katolikusok.de\/index.php\/2024-december-23-es-2025-januar-6-kozott\/#breadcrumb","itemListElement":[{"@type":"ListItem","position":1,"name":"Kezd\u0151lap","item":"https:\/\/stuttgarti-katolikusok.de\/"},{"@type":"ListItem","position":2,"name":"2024. DECEMBER 23 \u00c9S 2025. JANU\u00c1R 6 K\u00d6Z\u00d6TT"}]},{"@type":"WebSite","@id":"https:\/\/stuttgarti-katolikusok.de\/#website","url":"https:\/\/stuttgarti-katolikusok.de\/","name":"Stuttgarti Katolikusok","description":"","potentialAction":[{"@type":"SearchAction","target":{"@type":"EntryPoint","urlTemplate":"https:\/\/stuttgarti-katolikusok.de\/?s={search_term_string}"},"query-input":{"@type":"PropertyValueSpecification","valueRequired":true,"valueName":"search_term_string"}}],"inLanguage":"hu"},{"@type":"Person","@id":"https:\/\/stuttgarti-katolikusok.de\/#\/schema\/person\/75908d6f8fdc03a57889d27209df7795","name":"Tibor atya","image":{"@type":"ImageObject","inLanguage":"hu","@id":"https:\/\/secure.gravatar.com\/avatar\/61d268e57d1f4525b111222e29d2d5a7f8c420fdbf231ba5566a8ceac74fa960?s=96&d=mm&r=g","url":"https:\/\/secure.gravatar.com\/avatar\/61d268e57d1f4525b111222e29d2d5a7f8c420fdbf231ba5566a8ceac74fa960?s=96&d=mm&r=g","contentUrl":"https:\/\/secure.gravatar.com\/avatar\/61d268e57d1f4525b111222e29d2d5a7f8c420fdbf231ba5566a8ceac74fa960?s=96&d=mm&r=g","caption":"Tibor atya"},"url":"https:\/\/stuttgarti-katolikusok.de\/index.php\/author\/tibor-atya\/"}]}},"_links":{"self":[{"href":"https:\/\/stuttgarti-katolikusok.de\/index.php\/wp-json\/wp\/v2\/posts\/29934","targetHints":{"allow":["GET"]}}],"collection":[{"href":"https:\/\/stuttgarti-katolikusok.de\/index.php\/wp-json\/wp\/v2\/posts"}],"about":[{"href":"https:\/\/stuttgarti-katolikusok.de\/index.php\/wp-json\/wp\/v2\/types\/post"}],"author":[{"embeddable":true,"href":"https:\/\/stuttgarti-katolikusok.de\/index.php\/wp-json\/wp\/v2\/users\/3"}],"replies":[{"embeddable":true,"href":"https:\/\/stuttgarti-katolikusok.de\/index.php\/wp-json\/wp\/v2\/comments?post=29934"}],"version-history":[{"count":3,"href":"https:\/\/stuttgarti-katolikusok.de\/index.php\/wp-json\/wp\/v2\/posts\/29934\/revisions"}],"predecessor-version":[{"id":29966,"href":"https:\/\/stuttgarti-katolikusok.de\/index.php\/wp-json\/wp\/v2\/posts\/29934\/revisions\/29966"}],"wp:featuredmedia":[{"embeddable":true,"href":"https:\/\/stuttgarti-katolikusok.de\/index.php\/wp-json\/wp\/v2\/media\/24164"}],"wp:attachment":[{"href":"https:\/\/stuttgarti-katolikusok.de\/index.php\/wp-json\/wp\/v2\/media?parent=29934"}],"wp:term":[{"taxonomy":"category","embeddable":true,"href":"https:\/\/stuttgarti-katolikusok.de\/index.php\/wp-json\/wp\/v2\/categories?post=29934"},{"taxonomy":"post_tag","embeddable":true,"href":"https:\/\/stuttgarti-katolikusok.de\/index.php\/wp-json\/wp\/v2\/tags?post=29934"}],"curies":[{"name":"wp","href":"https:\/\/api.w.org\/{rel}","templated":true}]}}