{"id":29887,"date":"2024-12-13T12:08:45","date_gmt":"2024-12-13T11:08:45","guid":{"rendered":"https:\/\/stuttgarti-katolikusok.de\/?p=29887"},"modified":"2024-12-13T12:10:35","modified_gmt":"2024-12-13T11:10:35","slug":"advent-3-vasarnapja-gaudete-vasarnap-2","status":"publish","type":"post","link":"https:\/\/stuttgarti-katolikusok.de\/index.php\/advent-3-vasarnapja-gaudete-vasarnap-2\/","title":{"rendered":"Advent 3. vas\u00e1rnapja \u2013 Gaudete-vas\u00e1rnap"},"content":{"rendered":"<p><span style=\"color: #ff6600;\"><em>A kereszt\u00e9nys\u00e9g az \u00f6r\u00f6m vall\u00e1sa. Ez\u00e9rt van az, hogy a k\u00e9t b\u0171nb\u00e1nati id\u0151ben (Adventben \u00e9s Nagyb\u00f6jtben) egy-egy vas\u00e1rnapot az \u00f6r\u00f6mnek szentel. Egyh\u00e1zunk p\u00e9ld\u00e1ja szerint haszn\u00e1ljuk fel mi is az igazi \u00f6r\u00f6mnek, az Istennel val\u00f3 tal\u00e1lkoz\u00e1snak sok \u00e9s k\u00fcl\u00f6nf\u00e9le alkalm\u00e1t.\u00a0<\/em><\/span><\/p>\n<p><span style=\"color: #ff6600;\"><em>A Baptista Szeretetszolg\u00e1lat a k\u00f6zm\u00e9dia idei tizenharmadik alkalommal meghirdetett <strong>&#8222;J\u00f3nak lenni j\u00f3!&#8221;<\/strong> adom\u00e1nygy\u0171jt\u0151 akci\u00f3j\u00e1nak kedvezm\u00e9nyezettje. A szervezet c\u00e9lja a sokr\u00e9t\u0171 t\u00e1mogat\u00e1s biztos\u00edt\u00e1sa mellett, egy Eur\u00f3p\u00e1ban is egyed\u00fcl\u00e1ll\u00f3 \u00faj gyermekhospice int\u00e9zm\u00e9ny \u00e9p\u00edt\u00e9se gy\u00f3gy\u00edthatatlan beteg gyermekek sz\u00e1m\u00e1ra. Az \u00e1ltaluk fenntartott <strong>T\u00e1bitha Gyermekhospice H\u00e1z<\/strong>at t\u00e1mogatjuk ez\u00e1ltal. Ezen int\u00e9zm\u00e9nyben t\u00e9r\u00edt\u00e9smentesen kaphatnak seg\u00edts\u00e9get a gy\u00f3gy\u00edthatatlan betegs\u00e9ggel k\u00fczd\u0151 gyermekek \u00e9s csal\u00e1dtagjaik. Ez szakszer\u0171 orvosi ell\u00e1t\u00e1st, \u00e1pol\u00e1st, tov\u00e1bb\u00e1 m\u00e9lt\u00f3 \u00e9s szeretetteljes k\u00f6rnyezetet jelent.<\/em><\/span><\/p>\n<p><span style=\"color: #ff6600;\"><em>Mindazokkal, akikkel egy\u00fctt vagyunk<strong> Stuttgart<\/strong>ban<strong> 2024. december 15<\/strong>-\u00e9n, meg\u00e9lhetj\u00fck k\u00f6z\u00f6s \u00f6r\u00f6mben az &#8222;<strong>Egy\u00fctt j\u00f3nak lenni m\u00e9g jobb!&#8221;<\/strong> felh\u00edv\u00e1sunknak igazi m\u00e9lys\u00e9g\u00e9t \u00e9s tartalm\u00e1t. Az \u00f6kumenikus istentiszteleten t\u00fal sz\u00ednes program v\u00e1r minden j\u00f3sz\u00e1nd\u00e9k\u00fa \u00e9s seg\u00edt\u0151k\u00e9sz Testv\u00e9rt. K\u00e9r\u00fcnk, tarts vel\u00fcnk ezen a napon! Nyisd meg sz\u00edvedet annak a szeretetteljes k\u00f6sz\u00f6netnek befogad\u00e1s\u00e1ra, amelyet azok a gyermekek k\u00fcldenek majd neked, akiknek \u00e9let\u00e9t var\u00e1zsolod szebb\u00e9 nagylelk\u0171 adom\u00e1nyoddal. Mi ez, ha nem az igazi \u00f6r\u00f6m megtapasztal\u00e1sa Gaudete vas\u00e1rnapj\u00e1n.<\/em><\/span><\/p>\n<p><span style=\"color: #ff6600;\"><em>Bar\u00e1ts\u00e1ggal,<\/em><\/span><\/p>\n<p><span style=\"color: #ff6600;\"><em>Tibor atya<\/em><\/span><\/p>\n<p><a href=\"https:\/\/stuttgarti-katolikusok.de\/wp-content\/uploads\/2024\/12\/jonak-lenni-jo-2024.jpg\"><img loading=\"lazy\" decoding=\"async\" class=\"alignnone size-full wp-image-29834\" src=\"https:\/\/stuttgarti-katolikusok.de\/wp-content\/uploads\/2024\/12\/jonak-lenni-jo-2024.jpg\" alt=\"\" width=\"1130\" height=\"1600\" srcset=\"https:\/\/stuttgarti-katolikusok.de\/wp-content\/uploads\/2024\/12\/jonak-lenni-jo-2024.jpg 1130w, https:\/\/stuttgarti-katolikusok.de\/wp-content\/uploads\/2024\/12\/jonak-lenni-jo-2024-212x300.jpg 212w, https:\/\/stuttgarti-katolikusok.de\/wp-content\/uploads\/2024\/12\/jonak-lenni-jo-2024-723x1024.jpg 723w, https:\/\/stuttgarti-katolikusok.de\/wp-content\/uploads\/2024\/12\/jonak-lenni-jo-2024-1085x1536.jpg 1085w\" sizes=\"auto, (max-width: 1130px) 100vw, 1130px\" \/><\/a><\/p>\n<p style=\"text-align: center;\"><span style=\"color: #ff6600;\"><strong>* * * * * * * * *<\/strong><\/span><\/p>\n<p><span style=\"color: #800080;\">Kezd\u0151\u00e9nek:<\/span><br \/>\n\u00d6r\u00fcljetek az \u00darban mindig, \u00fajra mondom: \u00f6r\u00fcljetek! Az \u00dar k\u00f6zel van! (V\u00f6. Fil 4,4.5)<\/p>\n<p><span style=\"color: #800080;\">K\u00f6ny\u00f6rg\u00e9s:<\/span><br \/>\nIsten\u00fcnk, te l\u00e1tod, hogy n\u00e9ped milyen h\u0171s\u00e9ges l\u00e9lekkel v\u00e1rja Ur\u00e1nak sz\u00fclet\u00e9se napj\u00e1t. Add, k\u00e9r\u00fcnk, hogy el\u00e9rkezz\u00fcnk az \u00fcdv\u00f6ss\u00e9g nagy \u00f6r\u00f6m\u00e9re, s \u00f6rvendez\u0151 l\u00e9lekkel, \u00e1h\u00edtatosan \u00fcnnepelj\u00fcnk. A mi Urunk, J\u00e9zus Krisztus, a te Fiad \u00e1ltal, aki veled \u00e9l \u00e9s uralkodik a Szentl\u00e9lekkel egys\u00e9gben, Isten mind\u00f6r\u00f6kk\u00f6n \u00f6r\u00f6kk\u00e9.<\/p>\n<p><span style=\"color: #800080;\">OLVASM\u00c1NY Szofoni\u00e1s pr\u00f3f\u00e9ta k\u00f6nyv\u00e9b\u0151l (Szof 3,14-18a)<\/span><br \/>\n<em>\u00d6rvendjetek! Gy<\/em><em>\u0151zelmet aratott az <\/em><em>\u00dar!<\/em><br \/>\nDalolj, Sion le\u00e1nya, zengj \u00e9neket, Izrael! \u00d6r\u00fclj \u00e9s ujjongj eg\u00e9sz sz\u00edvedb\u0151l Jeruzs\u00e1lem le\u00e1nya!<br \/>\nElvette az \u00dar \u00edt\u00e9letedet, el\u0171zte ellens\u00e9gedet, Izrael kir\u00e1lya, az \u00dar k\u00f6z\u00f6ttetek van, ne f\u00e9lj t\u00f6bb\u00e9 semmi rosszt\u00f3l!<br \/>\nAzon a napon \u00edgy sz\u00f3lnak majd Jeruzs\u00e1lemben: \u201eNe f\u00e9lj, Sion! Ne lankadjon kezed!\u201d Veled van az \u00dar, a te Istened, az er\u0151s Szabad\u00edt\u00f3! \u00d6r\u00fcl majd neked nagy \u00f6r\u00f6mmel, \u00fajj\u00e1\u00e9leszt szeretet\u00e9vel; \u00f6r\u00fcl majd neked ujjong\u00f3 \u00f6r\u00f6mmel, \u00fagy, mintha \u00fcnnepet \u00fclne.<br \/>\nEz az Isten ig\u00e9je.<\/p>\n<p><span style=\"color: #800080;\">V\u00c1LASZOS ZSOLT\u00c1R (Iz 12,2-3.4bcd.5-6)<\/span><br \/>\nV\u00e1lasz:\u00a0<strong>Ujjongj <\/strong><strong>\u00e9s<\/strong><strong>\u00a0<u>zeng<\/u>j<\/strong><strong>\u00e9l h<\/strong><strong>\u00e1ladalt, * mert nagy <\/strong><strong>\u00e9s szent a te Megv<\/strong><strong>\u00e1l<u>t<\/u><\/strong><strong><u>\u00f3d<\/u>.<\/strong>\u00a06. vers. (4 g. t\u00f3nus)<br \/>\nEl\u0151\u00e9nekes: \u00cdme, Isten az \u00e9n\u00a0<u>\u00fc<\/u><u>d<\/u>v\u00f6ss\u00e9gem, * b\u00edzom benne \u00e9s nem f\u00e9<u>lek<\/u>.<br \/>\nMert az \u00dar az \u00e9n er\u0151ss\u00e9gem \u00e9s\u00a0<u>di<\/u>cs\u0151s\u00e9gem, * \u0151 lett n\u00e9kem szabadul\u00e1<u>som<\/u>.<br \/>\n\u00d6r\u00f6mmel mer\u00edt<u>tek<\/u>\u00a0majd vizet * az \u00fcdv\u00f6ss\u00e9g forr\u00e1sai<u>b<\/u><u>\u00f3l<\/u>.<br \/>\nH\u00edvek:\u00a0<strong>Ujjongj <\/strong><strong>\u00e9s<\/strong><strong>\u00a0<u>zeng<\/u>j<\/strong><strong>\u00e9l h<\/strong><strong>\u00e1ladalt, * mert nagy <\/strong><strong>\u00e9s szent a te Megv<\/strong><strong>\u00e1l<u>t<\/u><\/strong><strong><u>\u00f3d<\/u>.<\/strong><br \/>\nE: Adjatok h\u00e1<u>l<\/u><u>\u00e1t<\/u>\u00a0az \u00darnak, * magasztalj\u00e1tok az \u0151 ne<u>v<\/u><u>\u00e9t<\/u>.<br \/>\nA n\u00e9pek k\u00f6z\u00f6tt hirdes<u>s<\/u><u>\u00e9<\/u>tek tetteit, * eml\u00e9kezzetek meg arr\u00f3l, hogy F\u00f6ls\u00e9ges az \u0151 ne<u>ve<\/u>.<br \/>\nH:\u00a0<strong>Ujjongj <\/strong><strong>\u00e9s<\/strong><strong>\u00a0<u>zeng<\/u>j<\/strong><strong>\u00e9l h<\/strong><strong>\u00e1ladalt, * mert nagy <\/strong><strong>\u00e9s szent a te Megv<\/strong><strong>\u00e1l<u>t<\/u><\/strong><strong><u>\u00f3d<\/u>.<\/strong><br \/>\nE: Zengjetek dalt az \u00darnak, mert csod\u00e1s dol<u>go<\/u>kat m\u0171velt, * tudja meg az eg\u00e9sz vi<u>l<\/u><u>\u00e1g<\/u>.<br \/>\nUjjongjatok \u00e9s dics\u00e9retet mondjatok\u00a0<u>Si<\/u>on lak\u00f3i, * mert nagy a ti k\u00f6r\u00f6t\u00f6kben Izrael szent<u>je<\/u>.<br \/>\nH:\u00a0<strong>Ujjongj <\/strong><strong>\u00e9s<\/strong><strong>\u00a0<u>zeng<\/u>j<\/strong><strong>\u00e9l h<\/strong><strong>\u00e1ladalt, * mert nagy <\/strong><strong>\u00e9s szent a te Megv<\/strong><strong>\u00e1l<u>t<\/u><\/strong><strong><u>\u00f3d<\/u>.<\/strong><\/p>\n<p><span style=\"color: #800080;\">SZENTLECKE Szent P\u00e1l apostolnak a filippiekhez \u00edrt level\u00e9b\u0151l (Fil 4,4-7)<\/span><br \/>\n<em>K<\/em><em>\u00f6zel van az <\/em><em>\u00dar, <\/em><em>\u00f6r<\/em><em>\u00fcljetek!<\/em><br \/>\nTestv\u00e9reim!<br \/>\n\u00d6r\u00fcljetek az \u00darban sz\u00fcntelen\u00fcl! \u00dajra csak azt mondom, \u00f6r\u00fcljetek. Emberszeret\u0151 j\u00f3s\u00e1gotokat ismerje meg mindenki! Az \u00dar k\u00f6zel van. Ne agg\u00f3djatok semmi\u00e9rt, hanem minden im\u00e1ds\u00e1gotokban \u00e9s k\u00f6ny\u00f6rg\u00e9setekben terjessz\u00e9tek k\u00e9r\u00e9seteket h\u00e1laad\u00e1ssal az \u00dar el\u00e9. Akkor Isten b\u00e9k\u00e9je, amely minden \u00e9rtelmet meghalad, meg\u0151rzi sz\u00edveteket \u00e9s \u00e9rtelmeteket Krisztus J\u00e9zusban.<br \/>\nEz az Isten ig\u00e9je.<\/p>\n<p><span style=\"color: #800080;\">ALLELUJA<\/span><br \/>\nAz \u00dar\u00a0<u>lel<\/u>ke van rajtam: * elk\u00fcld\u00f6tt, hogy a szeg\u00e9nyeknek\u00a0<u>\u00f6<\/u>r\u00f6mh\u00edrt vigyek. Iz 61,1 \u2013 7b.t\u00f3nus.<\/p>\n<p><span style=\"color: #800080;\">\u2020 EVANG\u00c9LIUM Szent Luk\u00e1cs k\u00f6nyv\u00e9b\u0151l (Lk 3,10-18)<\/span><br \/>\n<em>Hogyan k<\/em><em>\u00e9sz<\/em><em>\u00fclj<\/em><em>\u00fcnk a Megv<\/em><em>\u00e1lt<\/em><em>\u00f3 elj<\/em><em>\u00f6vetel<\/em><em>\u00e9re?<\/em><br \/>\nAmikor Keresztel\u0151 J\u00e1nos b\u0171nb\u00e1natot hirdetett, a n\u00e9p megk\u00e9rdezte: \u201eMit tegy\u00fcnk?\u201d<br \/>\n\u201eAkinek k\u00e9t ruh\u00e1ja van \u2013 v\u00e1laszolta \u2013, az egyiket ossza meg azzal, akinek egy sincs. S akinek van ennival\u00f3ja, ugyan\u00edgy tegyen.\u201d<br \/>\nJ\u00f6ttek a v\u00e1mosok is, hogy megkeresztelje \u0151ket, s \u00edgy sz\u00f3ltak hozz\u00e1: \u201eMester, mit tegy\u00fcnk?\u201d<br \/>\nEzt felelte nekik: \u201eNe k\u00f6veteljetek t\u00f6bbet, mint amennyi meg van szabva.\u201d<br \/>\nMegk\u00e9rdezt\u00e9k \u0151t a katon\u00e1k is: \u201eH\u00e1t mi mit tegy\u00fcnk?\u201d<br \/>\nNekik \u00edgy felelt: \u201eNe zsarnokoskodjatok, ne b\u00e1ntsatok senkit, hanem el\u00e9gedjetek meg zsoldotokkal.\u201d<br \/>\nA n\u00e9p fesz\u00fclten v\u00e1rakozott. Mindny\u00e1jan azon t\u00f6prengtek magukban, vajon nem J\u00e1nos-e a Krisztus. Ez\u00e9rt J\u00e1nos \u00edgy sz\u00f3lt hozz\u00e1juk: \u201e\u00c9n csak v\u00edzzel keresztellek titeket. De elj\u00f6n majd, aki hatalmasabb, akinek sarusz\u00edj\u00e1t sem vagyok m\u00e9lt\u00f3 megoldani. \u0150 majd Szentl\u00e9lekkel \u00e9s t\u0171zzel fog titeket megkeresztelni. Sz\u00f3r\u00f3lap\u00e1tj\u00e1t m\u00e1r a kez\u00e9ben tartja, hogy megtiszt\u00edtsa sz\u00e9r\u0171j\u00e9t: a b\u00faz\u00e1t cs\u0171r\u00e9be gy\u0171jtse, a pelyv\u00e1t meg olthatatlan t\u0171zben el\u00e9gesse.\u201d<br \/>\n\u00c9s m\u00e9g sok m\u00e1ssal is buzd\u00edtotta a n\u00e9pet. \u00cdgy hirdette nekik az \u00fcdv\u00f6ss\u00e9get.<br \/>\nEzek az evang\u00e9lium ig\u00e9i.<\/p>\n<p><span style=\"color: #800080;\">EGYETEMES K\u00d6NY\u00d6RG\u00c9SEK<\/span><br \/>\nPap: Testv\u00e9reim! K\u00e9rj\u00fck mennyei Aty\u00e1nkat, hogy felismerj\u00fck szent akarat\u00e1t, \u00e9s teljes\u00edts\u00fck is, amit elv\u00e1r t\u0151l\u00fcnk!<br \/>\nLektor: 1. Neveld, Urunk, j\u00f3s\u00e1gra n\u00e9pedet, \u00e9s engedd, hogy h\u00edveid j\u00f3s\u00e1g\u00e1t megismerje minden ember!<br \/>\nH\u00edvek: K\u00e9r\u00fcnk t\u00e9ged, hallgass meg minket!<br \/>\n2. Add, hogy Szentaty\u00e1nk \u00e9s p\u00fcsp\u00f6keink a t\u00e1rsadalmi igazs\u00e1goss\u00e1g \u00e9s szeretet lankadatlan hirdet\u0151i legyenek!<br \/>\nH\u00edvek: K\u00e9r\u00fcnk t\u00e9ged . . .<br \/>\n3. \u00c9breszd fel a vil\u00e1g n\u00e9peiben a testv\u00e9ri egybetartoz\u00e1s tudat\u00e1t \u00e9s a seg\u00edt\u0151 szeretetet!<br \/>\nH\u00edvek: K\u00e9r\u00fcnk t\u00e9ged . . .<br \/>\n4. Add, hogy szeress\u00fck az igazs\u00e1got, \u00e9s tartsuk tiszteletben embert\u00e1rsaink jogait!<br \/>\nH\u00edvek: K\u00e9r\u00fcnk t\u00e9ged . . .<br \/>\n5. Adj b\u00e1tors\u00e1got a f\u00e9l\u00e9nkeknek, gy\u00f3gyul\u00e1st a betegeknek, vigasztal\u00e1st a szomor\u00faaknak!<br \/>\nH\u00edvek: K\u00e9r\u00fcnk t\u00e9ged . . .<br \/>\n6. Tiszt\u00edtsd meg sz\u00edv\u00fcnket a Szentl\u00e9lek t\u00fcz\u00e9vel, hogy j\u00f3l el\u0151k\u00e9sz\u00fclj\u00fcnk a k\u00f6zelg\u0151 \u00fcnnepekre!<br \/>\nH\u00edvek: K\u00e9r\u00fcnk t\u00e9ged . . .<br \/>\nPap: Add meg, k\u00e9r\u00fcnk, mindenhat\u00f3 Isten\u00fcnk, hogy Megv\u00e1lt\u00f3nk \u00e9rkez\u00e9s\u00e9nek \u00fcnnep\u00e9t \u00f6r\u00f6mmel fogadjuk, \u00e9s r\u00e9sz\u00fcnk lehessen az \u00f6r\u00f6k boldogs\u00e1gban! Krisztus, a mi Urunk \u00e1ltal.<br \/>\nH\u00edvek: \u00c1men.<\/p>\n<p><span style=\"color: #800080;\">Felaj\u00e1nl\u00f3 k\u00f6ny\u00f6rg\u00e9s:<\/span><br \/>\nK\u00e9r\u00fcnk, Urunk, \u00e1lljon el\u0151tted sz\u00fcntelen\u00fcl odaad\u00f3 l\u00e9lekkel bemutatott \u00e1ldozatunk, val\u00f3s\u00edtsa meg az \u00e1ltalad rendelt szent miszt\u00e9riumot, \u00e9s hat\u00e9konyan munk\u00e1lja benn\u00fcnk az \u00fcdv\u00f6ss\u00e9get. Krisztus, a mi Urunk \u00e1ltal.<\/p>\n<p><span style=\"color: #800080;\">Pref\u00e1ci\u00f3:<\/span><br \/>\nAz \u00dar legyen veletek.<br \/>\nH.: \u00c9s a te lelkeddel.<br \/>\nEmelj\u00fck f\u00f6l sz\u00edv\u00fcnket.<br \/>\nH.: F\u00f6lemelt\u00fck az \u00darhoz.<br \/>\nAdjunk h\u00e1l\u00e1t Urunknak, Isten\u00fcnknek.<br \/>\nH.: M\u00e9lt\u00f3 \u00e9s igazs\u00e1gos.<br \/>\n(Mert) Val\u00f3ban m\u00e9lt\u00f3 \u00e9s igazs\u00e1gos, ill\u0151 \u00e9s \u00fcdv\u00f6s, hogy mindig \u00e9s minden\u00fctt h\u00e1l\u00e1t adjunk n\u00e9ked, mi Urunk, szents\u00e9ges Aty\u00e1nk, mindenhat\u00f3, \u00f6r\u00f6k Isten: \u2014 Krisztus, a mi Urunk \u00e1ltal.<br \/>\n\u0150 els\u0151 elj\u00f6vetelekor mag\u00e1t megal\u00e1zva testet \u00f6lt\u00f6tt, teljes\u00edtette a kezdett\u0151l fogva neki rendelt k\u00fcldet\u00e9st, \u00e9s megnyitotta sz\u00e1munkra az \u00f6r\u00f6k \u00fcdv\u00f6ss\u00e9g \u00fatj\u00e1t: hogy amikor dics\u0151s\u00e9ges f\u00e9nyben \u00fajra, elj\u00f6n, \u2014 l\u00e1that\u00f3 val\u00f3s\u00e1gban NYERj\u00fck el, amit most \u00edg\u00e9ret\u00e9ben b\u00edzva v\u00e1runk.<br \/>\n(\u00c9s) Ez\u00e9rt mi is, mik\u00e9nt az angyalok \u00e9s f\u0151angyalok, a tr\u00f3nod k\u00f6r\u00fcl \u00e1ll\u00f3 hatalmas \u00e9gi szellemek, \u00e9s minden seregek a mennyben, (a te) dics\u0151s\u00e9ged himnusz\u00e1t zengj\u00fck, \u2014 \u00e9s vel\u00fck EGy\u00fctt v\u00e9g n\u00e9lk\u00fcl mondjuk (\u00e9nekelj\u00fck):<\/p>\n<p><span style=\"color: #800080;\">\u00c1ldoz\u00e1si \u00e9nek:<\/span><br \/>\nMondj\u00e1tok: Ti, cs\u00fcggedt sz\u00edv\u0171ek, legyetek er\u0151sek \u00e9s ne f\u00e9ljetek! \u00cdme, a mi Isten\u00fcnk elj\u00f6n, \u00e9s megszabad\u00edt minket. (V\u00f6. Iz 35,4)<\/p>\n<p><span style=\"color: #800080;\">\u00c1ldoz\u00e1s ut\u00e1ni k\u00f6ny\u00f6rg\u00e9s:<\/span><br \/>\nKegyess\u00e9ged\u00e9rt esedez\u00fcnk, Urunk, hogy ez az isteni er\u0151forr\u00e1s mossa le b\u0171neinket, \u00e9s k\u00e9sz\u00edtsen el\u0151 a k\u00f6zelg\u0151 \u00fcnnepekre. Krisztus, a mi Urunk \u00e1ltal.<\/p>\n","protected":false},"excerpt":{"rendered":"<p>A kereszt\u00e9nys\u00e9g az \u00f6r\u00f6m vall\u00e1sa. Ez\u00e9rt van az, hogy a k\u00e9t b\u0171nb\u00e1nati id\u0151ben (Adventben \u00e9s Nagyb\u00f6jtben) egy-egy vas\u00e1rnapot az \u00f6r\u00f6mnek szentel. Egyh\u00e1zunk p\u00e9ld\u00e1ja szerint haszn\u00e1ljuk fel mi is az igazi \u00f6r\u00f6mnek, az Istennel val\u00f3 tal\u00e1lkoz\u00e1snak sok \u00e9s k\u00fcl\u00f6nf\u00e9le alkalm\u00e1t.\u00a0 A Baptista Szeretetszolg\u00e1lat a k\u00f6zm\u00e9dia idei tizenharmadik alkalommal meghirdetett &#8222;J\u00f3nak lenni j\u00f3!&#8221; adom\u00e1nygy\u0171jt\u0151 akci\u00f3j\u00e1nak kedvezm\u00e9nyezettje. A szervezet c\u00e9lja a sokr\u00e9t\u0171 t\u00e1mogat\u00e1s biztos\u00edt\u00e1sa mellett, egy Eur\u00f3p\u00e1ban is egyed\u00fcl\u00e1ll\u00f3 \u00faj gyermekhospice int\u00e9zm\u00e9ny \u00e9p\u00edt\u00e9se gy\u00f3gy\u00edthatatlan beteg gyermekek sz\u00e1m\u00e1ra. Az \u00e1ltaluk fenntartott T\u00e1bitha Gyermekhospice H\u00e1zat t\u00e1mogatjuk ez\u00e1ltal. Ezen int\u00e9zm\u00e9nyben t\u00e9r\u00edt\u00e9smentesen kaphatnak seg\u00edts\u00e9get a gy\u00f3gy\u00edthatatlan betegs\u00e9ggel k\u00fczd\u0151 gyermekek \u00e9s csal\u00e1dtagjaik. Ez szakszer\u0171 orvosi ell\u00e1t\u00e1st, \u00e1pol\u00e1st, tov\u00e1bb\u00e1 m\u00e9lt\u00f3 \u00e9s szeretetteljes k\u00f6rnyezetet jelent. Mindazokkal, akikkel egy\u00fctt vagyunk Stuttgartban 2024. december 15-\u00e9n, meg\u00e9lhetj\u00fck k\u00f6z\u00f6s \u00f6r\u00f6mben az &#8222;Egy\u00fctt j\u00f3nak lenni m\u00e9g jobb!&#8221; felh\u00edv\u00e1sunknak igazi m\u00e9lys\u00e9g\u00e9t \u00e9s tartalm\u00e1t. Az \u00f6kumenikus istentiszteleten t\u00fal sz\u00ednes program v\u00e1r minden j\u00f3sz\u00e1nd\u00e9k\u00fa \u00e9s seg\u00edt\u0151k\u00e9sz Testv\u00e9rt. K\u00e9r\u00fcnk, tarts vel\u00fcnk ezen a napon! Nyisd meg sz\u00edvedet annak a szeretetteljes k\u00f6sz\u00f6netnek befogad\u00e1s\u00e1ra, amelyet azok a gyermekek k\u00fcldenek majd neked, akiknek \u00e9let\u00e9t var\u00e1zsolod szebb\u00e9 nagylelk\u0171 adom\u00e1nyoddal. Mi ez, ha nem az igazi \u00f6r\u00f6m megtapasztal\u00e1sa Gaudete vas\u00e1rnapj\u00e1n. Bar\u00e1ts\u00e1ggal, Tibor atya * * * * * * * * * Kezd\u0151\u00e9nek: \u00d6r\u00fcljetek az \u00darban mindig, \u00fajra mondom: \u00f6r\u00fcljetek! Az \u00dar k\u00f6zel van! (V\u00f6. Fil 4,4.5) K\u00f6ny\u00f6rg\u00e9s: Isten\u00fcnk, te l\u00e1tod, hogy n\u00e9ped milyen h\u0171s\u00e9ges l\u00e9lekkel v\u00e1rja Ur\u00e1nak sz\u00fclet\u00e9se napj\u00e1t. Add, k\u00e9r\u00fcnk, hogy el\u00e9rkezz\u00fcnk az \u00fcdv\u00f6ss\u00e9g nagy \u00f6r\u00f6m\u00e9re, s \u00f6rvendez\u0151 l\u00e9lekkel, \u00e1h\u00edtatosan \u00fcnnepelj\u00fcnk. A mi Urunk, J\u00e9zus Krisztus, a te Fiad \u00e1ltal, aki veled \u00e9l \u00e9s uralkodik a Szentl\u00e9lekkel egys\u00e9gben, Isten mind\u00f6r\u00f6kk\u00f6n \u00f6r\u00f6kk\u00e9. OLVASM\u00c1NY Szofoni\u00e1s pr\u00f3f\u00e9ta k\u00f6nyv\u00e9b\u0151l (Szof 3,14-18a) \u00d6rvendjetek! Gy\u0151zelmet aratott az \u00dar! Dalolj, Sion le\u00e1nya, zengj \u00e9neket, Izrael! \u00d6r\u00fclj \u00e9s ujjongj eg\u00e9sz sz\u00edvedb\u0151l Jeruzs\u00e1lem le\u00e1nya! Elvette az \u00dar \u00edt\u00e9letedet, el\u0171zte ellens\u00e9gedet, Izrael kir\u00e1lya, az \u00dar k\u00f6z\u00f6ttetek van, ne f\u00e9lj t\u00f6bb\u00e9 semmi rosszt\u00f3l! Azon a napon \u00edgy sz\u00f3lnak majd Jeruzs\u00e1lemben: \u201eNe f\u00e9lj, Sion!&#8230; <\/p>\n<p><a class=\"readmore\" href=\"https:\/\/stuttgarti-katolikusok.de\/index.php\/advent-3-vasarnapja-gaudete-vasarnap-2\/\">R\u00e9szletek<\/a><\/p>\n","protected":false},"author":3,"featured_media":27681,"comment_status":"closed","ping_status":"closed","sticky":false,"template":"","format":"standard","meta":{"footnotes":""},"categories":[85,63],"tags":[],"class_list":["post-29887","post","type-post","status-publish","format-standard","has-post-thumbnail","hentry","category-a-liturgia-olvasmanyai","category-vasarnapi-gondolatok"],"yoast_head":"<!-- This site is optimized with the Yoast SEO plugin v27.3 - https:\/\/yoast.com\/product\/yoast-seo-wordpress\/ -->\n<title>Advent 3. vas\u00e1rnapja \u2013 Gaudete-vas\u00e1rnap - Stuttgarti Katolikusok<\/title>\n<meta name=\"robots\" content=\"index, follow, max-snippet:-1, max-image-preview:large, max-video-preview:-1\" \/>\n<link rel=\"canonical\" href=\"https:\/\/stuttgarti-katolikusok.de\/index.php\/advent-3-vasarnapja-gaudete-vasarnap-2\/\" \/>\n<meta property=\"og:locale\" content=\"hu_HU\" \/>\n<meta property=\"og:type\" content=\"article\" \/>\n<meta property=\"og:title\" content=\"Advent 3. vas\u00e1rnapja \u2013 Gaudete-vas\u00e1rnap - Stuttgarti Katolikusok\" \/>\n<meta property=\"og:description\" content=\"A kereszt\u00e9nys\u00e9g az \u00f6r\u00f6m vall\u00e1sa. Ez\u00e9rt van az, hogy a k\u00e9t b\u0171nb\u00e1nati id\u0151ben (Adventben \u00e9s Nagyb\u00f6jtben) egy-egy vas\u00e1rnapot az \u00f6r\u00f6mnek szentel. Egyh\u00e1zunk p\u00e9ld\u00e1ja szerint haszn\u00e1ljuk fel mi is az igazi \u00f6r\u00f6mnek, az Istennel val\u00f3 tal\u00e1lkoz\u00e1snak sok \u00e9s k\u00fcl\u00f6nf\u00e9le alkalm\u00e1t.\u00a0 A Baptista Szeretetszolg\u00e1lat a k\u00f6zm\u00e9dia idei tizenharmadik alkalommal meghirdetett &#8222;J\u00f3nak lenni j\u00f3!&#8221; adom\u00e1nygy\u0171jt\u0151 akci\u00f3j\u00e1nak kedvezm\u00e9nyezettje. A szervezet c\u00e9lja a sokr\u00e9t\u0171 t\u00e1mogat\u00e1s biztos\u00edt\u00e1sa mellett, egy Eur\u00f3p\u00e1ban is egyed\u00fcl\u00e1ll\u00f3 \u00faj gyermekhospice int\u00e9zm\u00e9ny \u00e9p\u00edt\u00e9se gy\u00f3gy\u00edthatatlan beteg gyermekek sz\u00e1m\u00e1ra. Az \u00e1ltaluk fenntartott T\u00e1bitha Gyermekhospice H\u00e1zat t\u00e1mogatjuk ez\u00e1ltal. Ezen int\u00e9zm\u00e9nyben t\u00e9r\u00edt\u00e9smentesen kaphatnak seg\u00edts\u00e9get a gy\u00f3gy\u00edthatatlan betegs\u00e9ggel k\u00fczd\u0151 gyermekek \u00e9s csal\u00e1dtagjaik. Ez szakszer\u0171 orvosi ell\u00e1t\u00e1st, \u00e1pol\u00e1st, tov\u00e1bb\u00e1 m\u00e9lt\u00f3 \u00e9s szeretetteljes k\u00f6rnyezetet jelent. Mindazokkal, akikkel egy\u00fctt vagyunk Stuttgartban 2024. december 15-\u00e9n, meg\u00e9lhetj\u00fck k\u00f6z\u00f6s \u00f6r\u00f6mben az &#8222;Egy\u00fctt j\u00f3nak lenni m\u00e9g jobb!&#8221; felh\u00edv\u00e1sunknak igazi m\u00e9lys\u00e9g\u00e9t \u00e9s tartalm\u00e1t. Az \u00f6kumenikus istentiszteleten t\u00fal sz\u00ednes program v\u00e1r minden j\u00f3sz\u00e1nd\u00e9k\u00fa \u00e9s seg\u00edt\u0151k\u00e9sz Testv\u00e9rt. K\u00e9r\u00fcnk, tarts vel\u00fcnk ezen a napon! Nyisd meg sz\u00edvedet annak a szeretetteljes k\u00f6sz\u00f6netnek befogad\u00e1s\u00e1ra, amelyet azok a gyermekek k\u00fcldenek majd neked, akiknek \u00e9let\u00e9t var\u00e1zsolod szebb\u00e9 nagylelk\u0171 adom\u00e1nyoddal. Mi ez, ha nem az igazi \u00f6r\u00f6m megtapasztal\u00e1sa Gaudete vas\u00e1rnapj\u00e1n. Bar\u00e1ts\u00e1ggal, Tibor atya * * * * * * * * * Kezd\u0151\u00e9nek: \u00d6r\u00fcljetek az \u00darban mindig, \u00fajra mondom: \u00f6r\u00fcljetek! Az \u00dar k\u00f6zel van! (V\u00f6. Fil 4,4.5) K\u00f6ny\u00f6rg\u00e9s: Isten\u00fcnk, te l\u00e1tod, hogy n\u00e9ped milyen h\u0171s\u00e9ges l\u00e9lekkel v\u00e1rja Ur\u00e1nak sz\u00fclet\u00e9se napj\u00e1t. Add, k\u00e9r\u00fcnk, hogy el\u00e9rkezz\u00fcnk az \u00fcdv\u00f6ss\u00e9g nagy \u00f6r\u00f6m\u00e9re, s \u00f6rvendez\u0151 l\u00e9lekkel, \u00e1h\u00edtatosan \u00fcnnepelj\u00fcnk. A mi Urunk, J\u00e9zus Krisztus, a te Fiad \u00e1ltal, aki veled \u00e9l \u00e9s uralkodik a Szentl\u00e9lekkel egys\u00e9gben, Isten mind\u00f6r\u00f6kk\u00f6n \u00f6r\u00f6kk\u00e9. OLVASM\u00c1NY Szofoni\u00e1s pr\u00f3f\u00e9ta k\u00f6nyv\u00e9b\u0151l (Szof 3,14-18a) \u00d6rvendjetek! Gy\u0151zelmet aratott az \u00dar! Dalolj, Sion le\u00e1nya, zengj \u00e9neket, Izrael! \u00d6r\u00fclj \u00e9s ujjongj eg\u00e9sz sz\u00edvedb\u0151l Jeruzs\u00e1lem le\u00e1nya! Elvette az \u00dar \u00edt\u00e9letedet, el\u0171zte ellens\u00e9gedet, Izrael kir\u00e1lya, az \u00dar k\u00f6z\u00f6ttetek van, ne f\u00e9lj t\u00f6bb\u00e9 semmi rosszt\u00f3l! Azon a napon \u00edgy sz\u00f3lnak majd Jeruzs\u00e1lemben: \u201eNe f\u00e9lj, Sion!... R\u00e9szletek\" \/>\n<meta property=\"og:url\" content=\"https:\/\/stuttgarti-katolikusok.de\/index.php\/advent-3-vasarnapja-gaudete-vasarnap-2\/\" \/>\n<meta property=\"og:site_name\" content=\"Stuttgarti Katolikusok\" \/>\n<meta property=\"article:published_time\" content=\"2024-12-13T11:08:45+00:00\" \/>\n<meta property=\"article:modified_time\" content=\"2024-12-13T11:10:35+00:00\" \/>\n<meta property=\"og:image\" content=\"https:\/\/stuttgarti-katolikusok.de\/wp-content\/uploads\/2023\/12\/tuttlingen-5jpg.jpg\" \/>\n\t<meta property=\"og:image:width\" content=\"1925\" \/>\n\t<meta property=\"og:image:height\" content=\"1331\" \/>\n\t<meta property=\"og:image:type\" content=\"image\/jpeg\" \/>\n<meta name=\"author\" content=\"Tibor atya\" \/>\n<meta name=\"twitter:card\" content=\"summary_large_image\" \/>\n<meta name=\"twitter:label1\" content=\"Szerz\u0151:\" \/>\n\t<meta name=\"twitter:data1\" content=\"Tibor atya\" \/>\n\t<meta name=\"twitter:label2\" content=\"Becs\u00fclt olvas\u00e1si id\u0151\" \/>\n\t<meta name=\"twitter:data2\" content=\"7 perc\" \/>\n<script type=\"application\/ld+json\" class=\"yoast-schema-graph\">{\"@context\":\"https:\\\/\\\/schema.org\",\"@graph\":[{\"@type\":\"Article\",\"@id\":\"https:\\\/\\\/stuttgarti-katolikusok.de\\\/index.php\\\/advent-3-vasarnapja-gaudete-vasarnap-2\\\/#article\",\"isPartOf\":{\"@id\":\"https:\\\/\\\/stuttgarti-katolikusok.de\\\/index.php\\\/advent-3-vasarnapja-gaudete-vasarnap-2\\\/\"},\"author\":{\"name\":\"Tibor atya\",\"@id\":\"https:\\\/\\\/stuttgarti-katolikusok.de\\\/#\\\/schema\\\/person\\\/75908d6f8fdc03a57889d27209df7795\"},\"headline\":\"Advent 3. vas\u00e1rnapja \u2013 Gaudete-vas\u00e1rnap\",\"datePublished\":\"2024-12-13T11:08:45+00:00\",\"dateModified\":\"2024-12-13T11:10:35+00:00\",\"mainEntityOfPage\":{\"@id\":\"https:\\\/\\\/stuttgarti-katolikusok.de\\\/index.php\\\/advent-3-vasarnapja-gaudete-vasarnap-2\\\/\"},\"wordCount\":1595,\"image\":{\"@id\":\"https:\\\/\\\/stuttgarti-katolikusok.de\\\/index.php\\\/advent-3-vasarnapja-gaudete-vasarnap-2\\\/#primaryimage\"},\"thumbnailUrl\":\"https:\\\/\\\/stuttgarti-katolikusok.de\\\/wp-content\\\/uploads\\\/2023\\\/12\\\/tuttlingen-5jpg.jpg\",\"articleSection\":[\"A liturgia olvasm\u00e1nyai\",\"Vas\u00e1rnapi gondolatok\"],\"inLanguage\":\"hu\"},{\"@type\":\"WebPage\",\"@id\":\"https:\\\/\\\/stuttgarti-katolikusok.de\\\/index.php\\\/advent-3-vasarnapja-gaudete-vasarnap-2\\\/\",\"url\":\"https:\\\/\\\/stuttgarti-katolikusok.de\\\/index.php\\\/advent-3-vasarnapja-gaudete-vasarnap-2\\\/\",\"name\":\"Advent 3. vas\u00e1rnapja \u2013 Gaudete-vas\u00e1rnap - Stuttgarti Katolikusok\",\"isPartOf\":{\"@id\":\"https:\\\/\\\/stuttgarti-katolikusok.de\\\/#website\"},\"primaryImageOfPage\":{\"@id\":\"https:\\\/\\\/stuttgarti-katolikusok.de\\\/index.php\\\/advent-3-vasarnapja-gaudete-vasarnap-2\\\/#primaryimage\"},\"image\":{\"@id\":\"https:\\\/\\\/stuttgarti-katolikusok.de\\\/index.php\\\/advent-3-vasarnapja-gaudete-vasarnap-2\\\/#primaryimage\"},\"thumbnailUrl\":\"https:\\\/\\\/stuttgarti-katolikusok.de\\\/wp-content\\\/uploads\\\/2023\\\/12\\\/tuttlingen-5jpg.jpg\",\"datePublished\":\"2024-12-13T11:08:45+00:00\",\"dateModified\":\"2024-12-13T11:10:35+00:00\",\"author\":{\"@id\":\"https:\\\/\\\/stuttgarti-katolikusok.de\\\/#\\\/schema\\\/person\\\/75908d6f8fdc03a57889d27209df7795\"},\"breadcrumb\":{\"@id\":\"https:\\\/\\\/stuttgarti-katolikusok.de\\\/index.php\\\/advent-3-vasarnapja-gaudete-vasarnap-2\\\/#breadcrumb\"},\"inLanguage\":\"hu\",\"potentialAction\":[{\"@type\":\"ReadAction\",\"target\":[\"https:\\\/\\\/stuttgarti-katolikusok.de\\\/index.php\\\/advent-3-vasarnapja-gaudete-vasarnap-2\\\/\"]}]},{\"@type\":\"ImageObject\",\"inLanguage\":\"hu\",\"@id\":\"https:\\\/\\\/stuttgarti-katolikusok.de\\\/index.php\\\/advent-3-vasarnapja-gaudete-vasarnap-2\\\/#primaryimage\",\"url\":\"https:\\\/\\\/stuttgarti-katolikusok.de\\\/wp-content\\\/uploads\\\/2023\\\/12\\\/tuttlingen-5jpg.jpg\",\"contentUrl\":\"https:\\\/\\\/stuttgarti-katolikusok.de\\\/wp-content\\\/uploads\\\/2023\\\/12\\\/tuttlingen-5jpg.jpg\",\"width\":1925,\"height\":1331},{\"@type\":\"BreadcrumbList\",\"@id\":\"https:\\\/\\\/stuttgarti-katolikusok.de\\\/index.php\\\/advent-3-vasarnapja-gaudete-vasarnap-2\\\/#breadcrumb\",\"itemListElement\":[{\"@type\":\"ListItem\",\"position\":1,\"name\":\"Kezd\u0151lap\",\"item\":\"https:\\\/\\\/stuttgarti-katolikusok.de\\\/\"},{\"@type\":\"ListItem\",\"position\":2,\"name\":\"Advent 3. vas\u00e1rnapja \u2013 Gaudete-vas\u00e1rnap\"}]},{\"@type\":\"WebSite\",\"@id\":\"https:\\\/\\\/stuttgarti-katolikusok.de\\\/#website\",\"url\":\"https:\\\/\\\/stuttgarti-katolikusok.de\\\/\",\"name\":\"Stuttgarti Katolikusok\",\"description\":\"\",\"potentialAction\":[{\"@type\":\"SearchAction\",\"target\":{\"@type\":\"EntryPoint\",\"urlTemplate\":\"https:\\\/\\\/stuttgarti-katolikusok.de\\\/?s={search_term_string}\"},\"query-input\":{\"@type\":\"PropertyValueSpecification\",\"valueRequired\":true,\"valueName\":\"search_term_string\"}}],\"inLanguage\":\"hu\"},{\"@type\":\"Person\",\"@id\":\"https:\\\/\\\/stuttgarti-katolikusok.de\\\/#\\\/schema\\\/person\\\/75908d6f8fdc03a57889d27209df7795\",\"name\":\"Tibor atya\",\"image\":{\"@type\":\"ImageObject\",\"inLanguage\":\"hu\",\"@id\":\"https:\\\/\\\/secure.gravatar.com\\\/avatar\\\/61d268e57d1f4525b111222e29d2d5a7f8c420fdbf231ba5566a8ceac74fa960?s=96&d=mm&r=g\",\"url\":\"https:\\\/\\\/secure.gravatar.com\\\/avatar\\\/61d268e57d1f4525b111222e29d2d5a7f8c420fdbf231ba5566a8ceac74fa960?s=96&d=mm&r=g\",\"contentUrl\":\"https:\\\/\\\/secure.gravatar.com\\\/avatar\\\/61d268e57d1f4525b111222e29d2d5a7f8c420fdbf231ba5566a8ceac74fa960?s=96&d=mm&r=g\",\"caption\":\"Tibor atya\"},\"url\":\"https:\\\/\\\/stuttgarti-katolikusok.de\\\/index.php\\\/author\\\/tibor-atya\\\/\"}]}<\/script>\n<!-- \/ Yoast SEO plugin. -->","yoast_head_json":{"title":"Advent 3. vas\u00e1rnapja \u2013 Gaudete-vas\u00e1rnap - Stuttgarti Katolikusok","robots":{"index":"index","follow":"follow","max-snippet":"max-snippet:-1","max-image-preview":"max-image-preview:large","max-video-preview":"max-video-preview:-1"},"canonical":"https:\/\/stuttgarti-katolikusok.de\/index.php\/advent-3-vasarnapja-gaudete-vasarnap-2\/","og_locale":"hu_HU","og_type":"article","og_title":"Advent 3. vas\u00e1rnapja \u2013 Gaudete-vas\u00e1rnap - Stuttgarti Katolikusok","og_description":"A kereszt\u00e9nys\u00e9g az \u00f6r\u00f6m vall\u00e1sa. Ez\u00e9rt van az, hogy a k\u00e9t b\u0171nb\u00e1nati id\u0151ben (Adventben \u00e9s Nagyb\u00f6jtben) egy-egy vas\u00e1rnapot az \u00f6r\u00f6mnek szentel. Egyh\u00e1zunk p\u00e9ld\u00e1ja szerint haszn\u00e1ljuk fel mi is az igazi \u00f6r\u00f6mnek, az Istennel val\u00f3 tal\u00e1lkoz\u00e1snak sok \u00e9s k\u00fcl\u00f6nf\u00e9le alkalm\u00e1t.\u00a0 A Baptista Szeretetszolg\u00e1lat a k\u00f6zm\u00e9dia idei tizenharmadik alkalommal meghirdetett &#8222;J\u00f3nak lenni j\u00f3!&#8221; adom\u00e1nygy\u0171jt\u0151 akci\u00f3j\u00e1nak kedvezm\u00e9nyezettje. A szervezet c\u00e9lja a sokr\u00e9t\u0171 t\u00e1mogat\u00e1s biztos\u00edt\u00e1sa mellett, egy Eur\u00f3p\u00e1ban is egyed\u00fcl\u00e1ll\u00f3 \u00faj gyermekhospice int\u00e9zm\u00e9ny \u00e9p\u00edt\u00e9se gy\u00f3gy\u00edthatatlan beteg gyermekek sz\u00e1m\u00e1ra. Az \u00e1ltaluk fenntartott T\u00e1bitha Gyermekhospice H\u00e1zat t\u00e1mogatjuk ez\u00e1ltal. Ezen int\u00e9zm\u00e9nyben t\u00e9r\u00edt\u00e9smentesen kaphatnak seg\u00edts\u00e9get a gy\u00f3gy\u00edthatatlan betegs\u00e9ggel k\u00fczd\u0151 gyermekek \u00e9s csal\u00e1dtagjaik. Ez szakszer\u0171 orvosi ell\u00e1t\u00e1st, \u00e1pol\u00e1st, tov\u00e1bb\u00e1 m\u00e9lt\u00f3 \u00e9s szeretetteljes k\u00f6rnyezetet jelent. Mindazokkal, akikkel egy\u00fctt vagyunk Stuttgartban 2024. december 15-\u00e9n, meg\u00e9lhetj\u00fck k\u00f6z\u00f6s \u00f6r\u00f6mben az &#8222;Egy\u00fctt j\u00f3nak lenni m\u00e9g jobb!&#8221; felh\u00edv\u00e1sunknak igazi m\u00e9lys\u00e9g\u00e9t \u00e9s tartalm\u00e1t. Az \u00f6kumenikus istentiszteleten t\u00fal sz\u00ednes program v\u00e1r minden j\u00f3sz\u00e1nd\u00e9k\u00fa \u00e9s seg\u00edt\u0151k\u00e9sz Testv\u00e9rt. K\u00e9r\u00fcnk, tarts vel\u00fcnk ezen a napon! Nyisd meg sz\u00edvedet annak a szeretetteljes k\u00f6sz\u00f6netnek befogad\u00e1s\u00e1ra, amelyet azok a gyermekek k\u00fcldenek majd neked, akiknek \u00e9let\u00e9t var\u00e1zsolod szebb\u00e9 nagylelk\u0171 adom\u00e1nyoddal. Mi ez, ha nem az igazi \u00f6r\u00f6m megtapasztal\u00e1sa Gaudete vas\u00e1rnapj\u00e1n. Bar\u00e1ts\u00e1ggal, Tibor atya * * * * * * * * * Kezd\u0151\u00e9nek: \u00d6r\u00fcljetek az \u00darban mindig, \u00fajra mondom: \u00f6r\u00fcljetek! Az \u00dar k\u00f6zel van! (V\u00f6. Fil 4,4.5) K\u00f6ny\u00f6rg\u00e9s: Isten\u00fcnk, te l\u00e1tod, hogy n\u00e9ped milyen h\u0171s\u00e9ges l\u00e9lekkel v\u00e1rja Ur\u00e1nak sz\u00fclet\u00e9se napj\u00e1t. Add, k\u00e9r\u00fcnk, hogy el\u00e9rkezz\u00fcnk az \u00fcdv\u00f6ss\u00e9g nagy \u00f6r\u00f6m\u00e9re, s \u00f6rvendez\u0151 l\u00e9lekkel, \u00e1h\u00edtatosan \u00fcnnepelj\u00fcnk. A mi Urunk, J\u00e9zus Krisztus, a te Fiad \u00e1ltal, aki veled \u00e9l \u00e9s uralkodik a Szentl\u00e9lekkel egys\u00e9gben, Isten mind\u00f6r\u00f6kk\u00f6n \u00f6r\u00f6kk\u00e9. OLVASM\u00c1NY Szofoni\u00e1s pr\u00f3f\u00e9ta k\u00f6nyv\u00e9b\u0151l (Szof 3,14-18a) \u00d6rvendjetek! Gy\u0151zelmet aratott az \u00dar! Dalolj, Sion le\u00e1nya, zengj \u00e9neket, Izrael! \u00d6r\u00fclj \u00e9s ujjongj eg\u00e9sz sz\u00edvedb\u0151l Jeruzs\u00e1lem le\u00e1nya! Elvette az \u00dar \u00edt\u00e9letedet, el\u0171zte ellens\u00e9gedet, Izrael kir\u00e1lya, az \u00dar k\u00f6z\u00f6ttetek van, ne f\u00e9lj t\u00f6bb\u00e9 semmi rosszt\u00f3l! Azon a napon \u00edgy sz\u00f3lnak majd Jeruzs\u00e1lemben: \u201eNe f\u00e9lj, Sion!... R\u00e9szletek","og_url":"https:\/\/stuttgarti-katolikusok.de\/index.php\/advent-3-vasarnapja-gaudete-vasarnap-2\/","og_site_name":"Stuttgarti Katolikusok","article_published_time":"2024-12-13T11:08:45+00:00","article_modified_time":"2024-12-13T11:10:35+00:00","og_image":[{"width":1925,"height":1331,"url":"https:\/\/stuttgarti-katolikusok.de\/wp-content\/uploads\/2023\/12\/tuttlingen-5jpg.jpg","type":"image\/jpeg"}],"author":"Tibor atya","twitter_card":"summary_large_image","twitter_misc":{"Szerz\u0151:":"Tibor atya","Becs\u00fclt olvas\u00e1si id\u0151":"7 perc"},"schema":{"@context":"https:\/\/schema.org","@graph":[{"@type":"Article","@id":"https:\/\/stuttgarti-katolikusok.de\/index.php\/advent-3-vasarnapja-gaudete-vasarnap-2\/#article","isPartOf":{"@id":"https:\/\/stuttgarti-katolikusok.de\/index.php\/advent-3-vasarnapja-gaudete-vasarnap-2\/"},"author":{"name":"Tibor atya","@id":"https:\/\/stuttgarti-katolikusok.de\/#\/schema\/person\/75908d6f8fdc03a57889d27209df7795"},"headline":"Advent 3. vas\u00e1rnapja \u2013 Gaudete-vas\u00e1rnap","datePublished":"2024-12-13T11:08:45+00:00","dateModified":"2024-12-13T11:10:35+00:00","mainEntityOfPage":{"@id":"https:\/\/stuttgarti-katolikusok.de\/index.php\/advent-3-vasarnapja-gaudete-vasarnap-2\/"},"wordCount":1595,"image":{"@id":"https:\/\/stuttgarti-katolikusok.de\/index.php\/advent-3-vasarnapja-gaudete-vasarnap-2\/#primaryimage"},"thumbnailUrl":"https:\/\/stuttgarti-katolikusok.de\/wp-content\/uploads\/2023\/12\/tuttlingen-5jpg.jpg","articleSection":["A liturgia olvasm\u00e1nyai","Vas\u00e1rnapi gondolatok"],"inLanguage":"hu"},{"@type":"WebPage","@id":"https:\/\/stuttgarti-katolikusok.de\/index.php\/advent-3-vasarnapja-gaudete-vasarnap-2\/","url":"https:\/\/stuttgarti-katolikusok.de\/index.php\/advent-3-vasarnapja-gaudete-vasarnap-2\/","name":"Advent 3. vas\u00e1rnapja \u2013 Gaudete-vas\u00e1rnap - Stuttgarti Katolikusok","isPartOf":{"@id":"https:\/\/stuttgarti-katolikusok.de\/#website"},"primaryImageOfPage":{"@id":"https:\/\/stuttgarti-katolikusok.de\/index.php\/advent-3-vasarnapja-gaudete-vasarnap-2\/#primaryimage"},"image":{"@id":"https:\/\/stuttgarti-katolikusok.de\/index.php\/advent-3-vasarnapja-gaudete-vasarnap-2\/#primaryimage"},"thumbnailUrl":"https:\/\/stuttgarti-katolikusok.de\/wp-content\/uploads\/2023\/12\/tuttlingen-5jpg.jpg","datePublished":"2024-12-13T11:08:45+00:00","dateModified":"2024-12-13T11:10:35+00:00","author":{"@id":"https:\/\/stuttgarti-katolikusok.de\/#\/schema\/person\/75908d6f8fdc03a57889d27209df7795"},"breadcrumb":{"@id":"https:\/\/stuttgarti-katolikusok.de\/index.php\/advent-3-vasarnapja-gaudete-vasarnap-2\/#breadcrumb"},"inLanguage":"hu","potentialAction":[{"@type":"ReadAction","target":["https:\/\/stuttgarti-katolikusok.de\/index.php\/advent-3-vasarnapja-gaudete-vasarnap-2\/"]}]},{"@type":"ImageObject","inLanguage":"hu","@id":"https:\/\/stuttgarti-katolikusok.de\/index.php\/advent-3-vasarnapja-gaudete-vasarnap-2\/#primaryimage","url":"https:\/\/stuttgarti-katolikusok.de\/wp-content\/uploads\/2023\/12\/tuttlingen-5jpg.jpg","contentUrl":"https:\/\/stuttgarti-katolikusok.de\/wp-content\/uploads\/2023\/12\/tuttlingen-5jpg.jpg","width":1925,"height":1331},{"@type":"BreadcrumbList","@id":"https:\/\/stuttgarti-katolikusok.de\/index.php\/advent-3-vasarnapja-gaudete-vasarnap-2\/#breadcrumb","itemListElement":[{"@type":"ListItem","position":1,"name":"Kezd\u0151lap","item":"https:\/\/stuttgarti-katolikusok.de\/"},{"@type":"ListItem","position":2,"name":"Advent 3. vas\u00e1rnapja \u2013 Gaudete-vas\u00e1rnap"}]},{"@type":"WebSite","@id":"https:\/\/stuttgarti-katolikusok.de\/#website","url":"https:\/\/stuttgarti-katolikusok.de\/","name":"Stuttgarti Katolikusok","description":"","potentialAction":[{"@type":"SearchAction","target":{"@type":"EntryPoint","urlTemplate":"https:\/\/stuttgarti-katolikusok.de\/?s={search_term_string}"},"query-input":{"@type":"PropertyValueSpecification","valueRequired":true,"valueName":"search_term_string"}}],"inLanguage":"hu"},{"@type":"Person","@id":"https:\/\/stuttgarti-katolikusok.de\/#\/schema\/person\/75908d6f8fdc03a57889d27209df7795","name":"Tibor atya","image":{"@type":"ImageObject","inLanguage":"hu","@id":"https:\/\/secure.gravatar.com\/avatar\/61d268e57d1f4525b111222e29d2d5a7f8c420fdbf231ba5566a8ceac74fa960?s=96&d=mm&r=g","url":"https:\/\/secure.gravatar.com\/avatar\/61d268e57d1f4525b111222e29d2d5a7f8c420fdbf231ba5566a8ceac74fa960?s=96&d=mm&r=g","contentUrl":"https:\/\/secure.gravatar.com\/avatar\/61d268e57d1f4525b111222e29d2d5a7f8c420fdbf231ba5566a8ceac74fa960?s=96&d=mm&r=g","caption":"Tibor atya"},"url":"https:\/\/stuttgarti-katolikusok.de\/index.php\/author\/tibor-atya\/"}]}},"_links":{"self":[{"href":"https:\/\/stuttgarti-katolikusok.de\/index.php\/wp-json\/wp\/v2\/posts\/29887","targetHints":{"allow":["GET"]}}],"collection":[{"href":"https:\/\/stuttgarti-katolikusok.de\/index.php\/wp-json\/wp\/v2\/posts"}],"about":[{"href":"https:\/\/stuttgarti-katolikusok.de\/index.php\/wp-json\/wp\/v2\/types\/post"}],"author":[{"embeddable":true,"href":"https:\/\/stuttgarti-katolikusok.de\/index.php\/wp-json\/wp\/v2\/users\/3"}],"replies":[{"embeddable":true,"href":"https:\/\/stuttgarti-katolikusok.de\/index.php\/wp-json\/wp\/v2\/comments?post=29887"}],"version-history":[{"count":6,"href":"https:\/\/stuttgarti-katolikusok.de\/index.php\/wp-json\/wp\/v2\/posts\/29887\/revisions"}],"predecessor-version":[{"id":29894,"href":"https:\/\/stuttgarti-katolikusok.de\/index.php\/wp-json\/wp\/v2\/posts\/29887\/revisions\/29894"}],"wp:featuredmedia":[{"embeddable":true,"href":"https:\/\/stuttgarti-katolikusok.de\/index.php\/wp-json\/wp\/v2\/media\/27681"}],"wp:attachment":[{"href":"https:\/\/stuttgarti-katolikusok.de\/index.php\/wp-json\/wp\/v2\/media?parent=29887"}],"wp:term":[{"taxonomy":"category","embeddable":true,"href":"https:\/\/stuttgarti-katolikusok.de\/index.php\/wp-json\/wp\/v2\/categories?post=29887"},{"taxonomy":"post_tag","embeddable":true,"href":"https:\/\/stuttgarti-katolikusok.de\/index.php\/wp-json\/wp\/v2\/tags?post=29887"}],"curies":[{"name":"wp","href":"https:\/\/api.w.org\/{rel}","templated":true}]}}