{"id":29865,"date":"2024-12-09T23:37:43","date_gmt":"2024-12-09T22:37:43","guid":{"rendered":"https:\/\/stuttgarti-katolikusok.de\/?p=29865"},"modified":"2024-12-09T23:47:30","modified_gmt":"2024-12-09T22:47:30","slug":"2024-december-9-es-15-kozott","status":"publish","type":"post","link":"https:\/\/stuttgarti-katolikusok.de\/index.php\/2024-december-9-es-15-kozott\/","title":{"rendered":"2024. DECEMBER 9 \u00c9S 15 K\u00d6Z\u00d6TT"},"content":{"rendered":"<p><span style=\"color: #800080;\"><strong>Programel\u0151zetes<\/strong><\/span><\/p>\n<p style=\"text-align: center;\"><span style=\"color: #800080;\"><strong>*<\/strong><\/span><\/p>\n<p><strong>December 13-\u00e1n,<\/strong>\u00a0p\u00e9nteken, <strong>Stuttgartban <\/strong><\/p>\n<p>8.00 \u00f3rakor <em>ror\u00e1t\u00e9-szentmise, <\/em>ut\u00e1na <em>k\u00f6z\u00f6s reggeli,<\/em><\/p>\n<p>17.00 \u00f3rakor <em>kar\u00e1csonyfa \u00e1ll\u00edt\u00e1s<\/em>,<\/p>\n<p>18.00 \u00f3rakor <em>Sport-advent.<\/em><\/p>\n<p style=\"text-align: center;\"><span style=\"color: #800080;\"><strong>*<\/strong><\/span><\/p>\n<p><strong>December 14-\u00e9n<\/strong>, szombaton,<\/p>\n<p><strong>Weingartenben<\/strong> a <em>14 Nothelfer Kapelle-<\/em>ben 7.00 \u00f3rakor\u00a0<em>ror\u00e1t\u00e9<\/em>&#8211;<em>szentmise, <\/em>ut\u00e1na <em>k\u00f6z\u00f6s reggeli.<\/em><\/p>\n<p><strong>Biberachban <\/strong>16.45 \u00f3rakor <em>szentmise<\/em>, keret\u00e9ben a 3. adventi gyertya meggy\u00fajt\u00e1sa, ut\u00e1na <em>agap\u00e9.<\/em><\/p>\n<p style=\"text-align: center;\"><em>\u00a0<\/em><span style=\"color: #800080;\"><strong>*<\/strong><\/span><\/p>\n<p><strong>December 15-\u00e9n<em>,<\/em><\/strong><em>\u00a0<\/em><span style=\"color: #800080;\"><strong><em>Advent III. vas\u00e1rnapj\u00e1n<\/em><\/strong><\/span><em>,<\/em><\/p>\n<p><strong>Stuttgartban <\/strong>11.30 \u00f3rai kezdettel:<span style=\"color: #ff0000;\"><strong><em> \u201eEgy\u00fctt j\u00f3nak lenni m\u00e9g jobb!\u201d <\/em><\/strong><\/span><\/p>\n<p><strong>J\u00f3nak lenni j\u00f3 2024 \u2013 <\/strong><span style=\"color: #ff6600;\"><em>A k\u00f6zm\u00e9dia karitat\u00edv m\u0171sor\u00e1ba kapcsol\u00f3dunk be itt Stuttgartban. Ennek r\u00e9szleteit tal\u00e1lj\u00e1tok meg az al\u00e1bbi k\u00e9peken.<\/em><\/span><\/p>\n<p><strong>Heilbronnban <\/strong>15.30 \u00f3rakor <em>szentmise, <\/em>keret\u00e9ben a 3. adventi gyertya meggy\u00fajt\u00e1sa, ut\u00e1na <em>agap\u00e9.<\/em><\/p>\n<p style=\"text-align: center;\"><span style=\"color: #800080;\"><strong>*<\/strong><\/span><\/p>\n<p><em> <a href=\"https:\/\/stuttgarti-katolikusok.de\/wp-content\/uploads\/2024\/12\/jonak-lenni-jo-2024.jpg\"><img loading=\"lazy\" decoding=\"async\" class=\"alignnone size-full wp-image-29834\" src=\"https:\/\/stuttgarti-katolikusok.de\/wp-content\/uploads\/2024\/12\/jonak-lenni-jo-2024.jpg\" alt=\"\" width=\"1130\" height=\"1600\" srcset=\"https:\/\/stuttgarti-katolikusok.de\/wp-content\/uploads\/2024\/12\/jonak-lenni-jo-2024.jpg 1130w, https:\/\/stuttgarti-katolikusok.de\/wp-content\/uploads\/2024\/12\/jonak-lenni-jo-2024-212x300.jpg 212w, https:\/\/stuttgarti-katolikusok.de\/wp-content\/uploads\/2024\/12\/jonak-lenni-jo-2024-723x1024.jpg 723w, https:\/\/stuttgarti-katolikusok.de\/wp-content\/uploads\/2024\/12\/jonak-lenni-jo-2024-1085x1536.jpg 1085w\" sizes=\"auto, (max-width: 1130px) 100vw, 1130px\" \/><\/a><\/em><\/p>\n<p style=\"text-align: center;\"><span style=\"color: #800080;\"><strong> *<\/strong><\/span><\/p>\n<p><a href=\"https:\/\/stuttgarti-katolikusok.de\/wp-content\/uploads\/2024\/12\/jonaklenni-flyera4-05-scaled.jpg\"><img loading=\"lazy\" decoding=\"async\" class=\"alignnone size-full wp-image-29866\" src=\"https:\/\/stuttgarti-katolikusok.de\/wp-content\/uploads\/2024\/12\/jonaklenni-flyera4-05-scaled.jpg\" alt=\"\" width=\"1798\" height=\"2560\" srcset=\"https:\/\/stuttgarti-katolikusok.de\/wp-content\/uploads\/2024\/12\/jonaklenni-flyera4-05-scaled.jpg 1798w, https:\/\/stuttgarti-katolikusok.de\/wp-content\/uploads\/2024\/12\/jonaklenni-flyera4-05-211x300.jpg 211w, https:\/\/stuttgarti-katolikusok.de\/wp-content\/uploads\/2024\/12\/jonaklenni-flyera4-05-719x1024.jpg 719w, https:\/\/stuttgarti-katolikusok.de\/wp-content\/uploads\/2024\/12\/jonaklenni-flyera4-05-1079x1536.jpg 1079w, https:\/\/stuttgarti-katolikusok.de\/wp-content\/uploads\/2024\/12\/jonaklenni-flyera4-05-1439x2048.jpg 1439w\" sizes=\"auto, (max-width: 1798px) 100vw, 1798px\" \/><\/a><\/p>\n<p style=\"text-align: center;\"><span style=\"color: #800080;\"><strong>*<\/strong><\/span><\/p>\n<p><a href=\"https:\/\/stuttgarti-katolikusok.de\/wp-content\/uploads\/2024\/12\/jonak-lenni-jo-2-2024.jpg\"><img loading=\"lazy\" decoding=\"async\" class=\"alignnone size-full wp-image-29835\" src=\"https:\/\/stuttgarti-katolikusok.de\/wp-content\/uploads\/2024\/12\/jonak-lenni-jo-2-2024.jpg\" alt=\"\" width=\"1414\" height=\"2000\" srcset=\"https:\/\/stuttgarti-katolikusok.de\/wp-content\/uploads\/2024\/12\/jonak-lenni-jo-2-2024.jpg 1414w, https:\/\/stuttgarti-katolikusok.de\/wp-content\/uploads\/2024\/12\/jonak-lenni-jo-2-2024-212x300.jpg 212w, https:\/\/stuttgarti-katolikusok.de\/wp-content\/uploads\/2024\/12\/jonak-lenni-jo-2-2024-724x1024.jpg 724w, https:\/\/stuttgarti-katolikusok.de\/wp-content\/uploads\/2024\/12\/jonak-lenni-jo-2-2024-1086x1536.jpg 1086w\" sizes=\"auto, (max-width: 1414px) 100vw, 1414px\" \/><\/a><\/p>\n<p style=\"text-align: center;\"><span style=\"color: #800080;\"><strong>*<\/strong><\/span><\/p>\n<p><a href=\"https:\/\/stuttgarti-katolikusok.de\/wp-content\/uploads\/2024\/12\/jonaklenni-flyera4-04-scaled.jpg\"><img loading=\"lazy\" decoding=\"async\" class=\"alignnone size-full wp-image-29867\" src=\"https:\/\/stuttgarti-katolikusok.de\/wp-content\/uploads\/2024\/12\/jonaklenni-flyera4-04-scaled.jpg\" alt=\"\" width=\"1804\" height=\"2560\" srcset=\"https:\/\/stuttgarti-katolikusok.de\/wp-content\/uploads\/2024\/12\/jonaklenni-flyera4-04-scaled.jpg 1804w, https:\/\/stuttgarti-katolikusok.de\/wp-content\/uploads\/2024\/12\/jonaklenni-flyera4-04-211x300.jpg 211w, https:\/\/stuttgarti-katolikusok.de\/wp-content\/uploads\/2024\/12\/jonaklenni-flyera4-04-722x1024.jpg 722w, https:\/\/stuttgarti-katolikusok.de\/wp-content\/uploads\/2024\/12\/jonaklenni-flyera4-04-1082x1536.jpg 1082w, https:\/\/stuttgarti-katolikusok.de\/wp-content\/uploads\/2024\/12\/jonaklenni-flyera4-04-1443x2048.jpg 1443w\" sizes=\"auto, (max-width: 1804px) 100vw, 1804px\" \/><\/a><\/p>\n<p style=\"text-align: center;\"><span style=\"color: #800080;\"><strong>*<\/strong><\/span><\/p>\n<p>Minden helyen mindenkit szeretettel v\u00e1r a k\u00f6z\u00f6ss\u00e9g \u00e9s Tibor atya!<\/p>\n<p style=\"text-align: center;\"><span style=\"color: #800080;\"><strong>*<\/strong><\/span><\/p>\n<p><a href=\"https:\/\/stuttgarti-katolikusok.de\/wp-content\/uploads\/2023\/12\/whatsapp-kep-2023-12-03-133518-6ecc9e06.jpg\"><img loading=\"lazy\" decoding=\"async\" class=\"alignnone size-full wp-image-27575\" src=\"https:\/\/stuttgarti-katolikusok.de\/wp-content\/uploads\/2023\/12\/whatsapp-kep-2023-12-03-133518-6ecc9e06.jpg\" alt=\"\" width=\"2040\" height=\"1530\" srcset=\"https:\/\/stuttgarti-katolikusok.de\/wp-content\/uploads\/2023\/12\/whatsapp-kep-2023-12-03-133518-6ecc9e06.jpg 2040w, https:\/\/stuttgarti-katolikusok.de\/wp-content\/uploads\/2023\/12\/whatsapp-kep-2023-12-03-133518-6ecc9e06-300x225.jpg 300w, https:\/\/stuttgarti-katolikusok.de\/wp-content\/uploads\/2023\/12\/whatsapp-kep-2023-12-03-133518-6ecc9e06-1024x768.jpg 1024w, https:\/\/stuttgarti-katolikusok.de\/wp-content\/uploads\/2023\/12\/whatsapp-kep-2023-12-03-133518-6ecc9e06-1536x1152.jpg 1536w, https:\/\/stuttgarti-katolikusok.de\/wp-content\/uploads\/2023\/12\/whatsapp-kep-2023-12-03-133518-6ecc9e06-164x124.jpg 164w\" sizes=\"auto, (max-width: 2040px) 100vw, 2040px\" \/><\/a><\/p>\n<p style=\"text-align: center;\"><span style=\"color: #800080;\"><strong>*<\/strong><\/span><\/p>\n<p><span style=\"color: #800080;\"><strong><em>Bens\u0151s\u00e9ges adventi napokat, j\u00f3 tal\u00e1lkoz\u00e1sokat \u00e9s sok \u00f6r\u00f6met k\u00edv\u00e1nunk minden Kedves H\u00edv\u00fcnknek!<\/em><\/strong><\/span><\/p>\n<p style=\"text-align: center;\"><span style=\"color: #800080;\"><strong><em>*<\/em><\/strong><\/span><\/p>\n<p><span style=\"color: #800080;\"><em><strong>&#8222;Az \u00e1dventi v\u00e1rakoz\u00e1s l\u00e9nyege szerint: v\u00e1rakoz\u00e1s arra, Aki van; ahogy a szeretet miszt\u00e9riuma sem egy\u00e9b, mint v\u00e1gyakoz\u00e1s az ut\u00e1n, aki van, aki a mi\u00e9nk.&#8221;<\/strong><\/em><em>\u00a0<\/em><\/span><em>(Pilinszky J\u00e1nos \u2013 k\u00f6lt\u0151 \u2013 1921-1981)<\/em><\/p>\n","protected":false},"excerpt":{"rendered":"<p>Programel\u0151zetes * December 13-\u00e1n,\u00a0p\u00e9nteken, Stuttgartban 8.00 \u00f3rakor ror\u00e1t\u00e9-szentmise, ut\u00e1na k\u00f6z\u00f6s reggeli, 17.00 \u00f3rakor kar\u00e1csonyfa \u00e1ll\u00edt\u00e1s, 18.00 \u00f3rakor Sport-advent. * December 14-\u00e9n, szombaton, Weingartenben a 14 Nothelfer Kapelle-ben 7.00 \u00f3rakor\u00a0ror\u00e1t\u00e9&#8211;szentmise, ut\u00e1na k\u00f6z\u00f6s reggeli. Biberachban 16.45 \u00f3rakor szentmise, keret\u00e9ben a 3. adventi gyertya meggy\u00fajt\u00e1sa, ut\u00e1na agap\u00e9. \u00a0* December 15-\u00e9n,\u00a0Advent III. vas\u00e1rnapj\u00e1n, Stuttgartban 11.30 \u00f3rai kezdettel: \u201eEgy\u00fctt j\u00f3nak lenni m\u00e9g jobb!\u201d J\u00f3nak lenni j\u00f3 2024 \u2013 A k\u00f6zm\u00e9dia karitat\u00edv m\u0171sor\u00e1ba kapcsol\u00f3dunk be itt Stuttgartban. Ennek r\u00e9szleteit tal\u00e1lj\u00e1tok meg az al\u00e1bbi k\u00e9peken. Heilbronnban 15.30 \u00f3rakor szentmise, keret\u00e9ben a 3. adventi gyertya meggy\u00fajt\u00e1sa, ut\u00e1na agap\u00e9. * * * * * Minden helyen mindenkit szeretettel v\u00e1r a k\u00f6z\u00f6ss\u00e9g \u00e9s Tibor atya! * * Bens\u0151s\u00e9ges adventi napokat, j\u00f3 tal\u00e1lkoz\u00e1sokat \u00e9s sok \u00f6r\u00f6met k\u00edv\u00e1nunk minden Kedves H\u00edv\u00fcnknek! * &#8222;Az \u00e1dventi v\u00e1rakoz\u00e1s l\u00e9nyege szerint: v\u00e1rakoz\u00e1s arra, Aki van; ahogy a szeretet miszt\u00e9riuma sem egy\u00e9b, mint v\u00e1gyakoz\u00e1s az ut\u00e1n, aki van, aki a mi\u00e9nk.&#8221;\u00a0(Pilinszky J\u00e1nos \u2013 k\u00f6lt\u0151 \u2013 1921-1981)<\/p>\n","protected":false},"author":3,"featured_media":27639,"comment_status":"closed","ping_status":"closed","sticky":false,"template":"","format":"standard","meta":{"footnotes":""},"categories":[37],"tags":[],"class_list":["post-29865","post","type-post","status-publish","format-standard","has-post-thumbnail","hentry","category-progamelozetes"],"yoast_head":"<!-- This site is optimized with the Yoast SEO plugin v27.3 - https:\/\/yoast.com\/product\/yoast-seo-wordpress\/ -->\n<title>2024. DECEMBER 9 \u00c9S 15 K\u00d6Z\u00d6TT - Stuttgarti Katolikusok<\/title>\n<meta name=\"robots\" content=\"index, follow, max-snippet:-1, max-image-preview:large, max-video-preview:-1\" \/>\n<link rel=\"canonical\" href=\"https:\/\/stuttgarti-katolikusok.de\/index.php\/2024-december-9-es-15-kozott\/\" \/>\n<meta property=\"og:locale\" content=\"hu_HU\" \/>\n<meta property=\"og:type\" content=\"article\" \/>\n<meta property=\"og:title\" content=\"2024. DECEMBER 9 \u00c9S 15 K\u00d6Z\u00d6TT - Stuttgarti Katolikusok\" \/>\n<meta property=\"og:description\" content=\"Programel\u0151zetes * December 13-\u00e1n,\u00a0p\u00e9nteken, Stuttgartban 8.00 \u00f3rakor ror\u00e1t\u00e9-szentmise, ut\u00e1na k\u00f6z\u00f6s reggeli, 17.00 \u00f3rakor kar\u00e1csonyfa \u00e1ll\u00edt\u00e1s, 18.00 \u00f3rakor Sport-advent. * December 14-\u00e9n, szombaton, Weingartenben a 14 Nothelfer Kapelle-ben 7.00 \u00f3rakor\u00a0ror\u00e1t\u00e9&#8211;szentmise, ut\u00e1na k\u00f6z\u00f6s reggeli. Biberachban 16.45 \u00f3rakor szentmise, keret\u00e9ben a 3. adventi gyertya meggy\u00fajt\u00e1sa, ut\u00e1na agap\u00e9. \u00a0* December 15-\u00e9n,\u00a0Advent III. vas\u00e1rnapj\u00e1n, Stuttgartban 11.30 \u00f3rai kezdettel: \u201eEgy\u00fctt j\u00f3nak lenni m\u00e9g jobb!\u201d J\u00f3nak lenni j\u00f3 2024 \u2013 A k\u00f6zm\u00e9dia karitat\u00edv m\u0171sor\u00e1ba kapcsol\u00f3dunk be itt Stuttgartban. Ennek r\u00e9szleteit tal\u00e1lj\u00e1tok meg az al\u00e1bbi k\u00e9peken. Heilbronnban 15.30 \u00f3rakor szentmise, keret\u00e9ben a 3. adventi gyertya meggy\u00fajt\u00e1sa, ut\u00e1na agap\u00e9. * * * * * Minden helyen mindenkit szeretettel v\u00e1r a k\u00f6z\u00f6ss\u00e9g \u00e9s Tibor atya! * * Bens\u0151s\u00e9ges adventi napokat, j\u00f3 tal\u00e1lkoz\u00e1sokat \u00e9s sok \u00f6r\u00f6met k\u00edv\u00e1nunk minden Kedves H\u00edv\u00fcnknek! * &#8222;Az \u00e1dventi v\u00e1rakoz\u00e1s l\u00e9nyege szerint: v\u00e1rakoz\u00e1s arra, Aki van; ahogy a szeretet miszt\u00e9riuma sem egy\u00e9b, mint v\u00e1gyakoz\u00e1s az ut\u00e1n, aki van, aki a mi\u00e9nk.&#8221;\u00a0(Pilinszky J\u00e1nos \u2013 k\u00f6lt\u0151 \u2013 1921-1981)\" \/>\n<meta property=\"og:url\" content=\"https:\/\/stuttgarti-katolikusok.de\/index.php\/2024-december-9-es-15-kozott\/\" \/>\n<meta property=\"og:site_name\" content=\"Stuttgarti Katolikusok\" \/>\n<meta property=\"article:published_time\" content=\"2024-12-09T22:37:43+00:00\" \/>\n<meta property=\"article:modified_time\" content=\"2024-12-09T22:47:30+00:00\" \/>\n<meta property=\"og:image\" content=\"https:\/\/stuttgarti-katolikusok.de\/wp-content\/uploads\/2023\/12\/advent-3-heidenheim2023.jpg\" \/>\n\t<meta property=\"og:image:width\" content=\"1600\" \/>\n\t<meta property=\"og:image:height\" content=\"1200\" \/>\n\t<meta property=\"og:image:type\" content=\"image\/jpeg\" \/>\n<meta name=\"author\" content=\"Tibor atya\" \/>\n<meta name=\"twitter:card\" content=\"summary_large_image\" \/>\n<meta name=\"twitter:label1\" content=\"Szerz\u0151:\" \/>\n\t<meta name=\"twitter:data1\" content=\"Tibor atya\" \/>\n\t<meta name=\"twitter:label2\" content=\"Becs\u00fclt olvas\u00e1si id\u0151\" \/>\n\t<meta name=\"twitter:data2\" content=\"3 perc\" \/>\n<script type=\"application\/ld+json\" class=\"yoast-schema-graph\">{\"@context\":\"https:\\\/\\\/schema.org\",\"@graph\":[{\"@type\":\"Article\",\"@id\":\"https:\\\/\\\/stuttgarti-katolikusok.de\\\/index.php\\\/2024-december-9-es-15-kozott\\\/#article\",\"isPartOf\":{\"@id\":\"https:\\\/\\\/stuttgarti-katolikusok.de\\\/index.php\\\/2024-december-9-es-15-kozott\\\/\"},\"author\":{\"name\":\"Tibor atya\",\"@id\":\"https:\\\/\\\/stuttgarti-katolikusok.de\\\/#\\\/schema\\\/person\\\/75908d6f8fdc03a57889d27209df7795\"},\"headline\":\"2024. DECEMBER 9 \u00c9S 15 K\u00d6Z\u00d6TT\",\"datePublished\":\"2024-12-09T22:37:43+00:00\",\"dateModified\":\"2024-12-09T22:47:30+00:00\",\"mainEntityOfPage\":{\"@id\":\"https:\\\/\\\/stuttgarti-katolikusok.de\\\/index.php\\\/2024-december-9-es-15-kozott\\\/\"},\"wordCount\":202,\"image\":{\"@id\":\"https:\\\/\\\/stuttgarti-katolikusok.de\\\/index.php\\\/2024-december-9-es-15-kozott\\\/#primaryimage\"},\"thumbnailUrl\":\"https:\\\/\\\/stuttgarti-katolikusok.de\\\/wp-content\\\/uploads\\\/2023\\\/12\\\/advent-3-heidenheim2023.jpg\",\"articleSection\":[\"Progamel\u0151zetes\"],\"inLanguage\":\"hu\"},{\"@type\":\"WebPage\",\"@id\":\"https:\\\/\\\/stuttgarti-katolikusok.de\\\/index.php\\\/2024-december-9-es-15-kozott\\\/\",\"url\":\"https:\\\/\\\/stuttgarti-katolikusok.de\\\/index.php\\\/2024-december-9-es-15-kozott\\\/\",\"name\":\"2024. DECEMBER 9 \u00c9S 15 K\u00d6Z\u00d6TT - Stuttgarti Katolikusok\",\"isPartOf\":{\"@id\":\"https:\\\/\\\/stuttgarti-katolikusok.de\\\/#website\"},\"primaryImageOfPage\":{\"@id\":\"https:\\\/\\\/stuttgarti-katolikusok.de\\\/index.php\\\/2024-december-9-es-15-kozott\\\/#primaryimage\"},\"image\":{\"@id\":\"https:\\\/\\\/stuttgarti-katolikusok.de\\\/index.php\\\/2024-december-9-es-15-kozott\\\/#primaryimage\"},\"thumbnailUrl\":\"https:\\\/\\\/stuttgarti-katolikusok.de\\\/wp-content\\\/uploads\\\/2023\\\/12\\\/advent-3-heidenheim2023.jpg\",\"datePublished\":\"2024-12-09T22:37:43+00:00\",\"dateModified\":\"2024-12-09T22:47:30+00:00\",\"author\":{\"@id\":\"https:\\\/\\\/stuttgarti-katolikusok.de\\\/#\\\/schema\\\/person\\\/75908d6f8fdc03a57889d27209df7795\"},\"breadcrumb\":{\"@id\":\"https:\\\/\\\/stuttgarti-katolikusok.de\\\/index.php\\\/2024-december-9-es-15-kozott\\\/#breadcrumb\"},\"inLanguage\":\"hu\",\"potentialAction\":[{\"@type\":\"ReadAction\",\"target\":[\"https:\\\/\\\/stuttgarti-katolikusok.de\\\/index.php\\\/2024-december-9-es-15-kozott\\\/\"]}]},{\"@type\":\"ImageObject\",\"inLanguage\":\"hu\",\"@id\":\"https:\\\/\\\/stuttgarti-katolikusok.de\\\/index.php\\\/2024-december-9-es-15-kozott\\\/#primaryimage\",\"url\":\"https:\\\/\\\/stuttgarti-katolikusok.de\\\/wp-content\\\/uploads\\\/2023\\\/12\\\/advent-3-heidenheim2023.jpg\",\"contentUrl\":\"https:\\\/\\\/stuttgarti-katolikusok.de\\\/wp-content\\\/uploads\\\/2023\\\/12\\\/advent-3-heidenheim2023.jpg\",\"width\":1600,\"height\":1200},{\"@type\":\"BreadcrumbList\",\"@id\":\"https:\\\/\\\/stuttgarti-katolikusok.de\\\/index.php\\\/2024-december-9-es-15-kozott\\\/#breadcrumb\",\"itemListElement\":[{\"@type\":\"ListItem\",\"position\":1,\"name\":\"Kezd\u0151lap\",\"item\":\"https:\\\/\\\/stuttgarti-katolikusok.de\\\/\"},{\"@type\":\"ListItem\",\"position\":2,\"name\":\"2024. DECEMBER 9 \u00c9S 15 K\u00d6Z\u00d6TT\"}]},{\"@type\":\"WebSite\",\"@id\":\"https:\\\/\\\/stuttgarti-katolikusok.de\\\/#website\",\"url\":\"https:\\\/\\\/stuttgarti-katolikusok.de\\\/\",\"name\":\"Stuttgarti Katolikusok\",\"description\":\"\",\"potentialAction\":[{\"@type\":\"SearchAction\",\"target\":{\"@type\":\"EntryPoint\",\"urlTemplate\":\"https:\\\/\\\/stuttgarti-katolikusok.de\\\/?s={search_term_string}\"},\"query-input\":{\"@type\":\"PropertyValueSpecification\",\"valueRequired\":true,\"valueName\":\"search_term_string\"}}],\"inLanguage\":\"hu\"},{\"@type\":\"Person\",\"@id\":\"https:\\\/\\\/stuttgarti-katolikusok.de\\\/#\\\/schema\\\/person\\\/75908d6f8fdc03a57889d27209df7795\",\"name\":\"Tibor atya\",\"image\":{\"@type\":\"ImageObject\",\"inLanguage\":\"hu\",\"@id\":\"https:\\\/\\\/secure.gravatar.com\\\/avatar\\\/61d268e57d1f4525b111222e29d2d5a7f8c420fdbf231ba5566a8ceac74fa960?s=96&d=mm&r=g\",\"url\":\"https:\\\/\\\/secure.gravatar.com\\\/avatar\\\/61d268e57d1f4525b111222e29d2d5a7f8c420fdbf231ba5566a8ceac74fa960?s=96&d=mm&r=g\",\"contentUrl\":\"https:\\\/\\\/secure.gravatar.com\\\/avatar\\\/61d268e57d1f4525b111222e29d2d5a7f8c420fdbf231ba5566a8ceac74fa960?s=96&d=mm&r=g\",\"caption\":\"Tibor atya\"},\"url\":\"https:\\\/\\\/stuttgarti-katolikusok.de\\\/index.php\\\/author\\\/tibor-atya\\\/\"}]}<\/script>\n<!-- \/ Yoast SEO plugin. -->","yoast_head_json":{"title":"2024. DECEMBER 9 \u00c9S 15 K\u00d6Z\u00d6TT - Stuttgarti Katolikusok","robots":{"index":"index","follow":"follow","max-snippet":"max-snippet:-1","max-image-preview":"max-image-preview:large","max-video-preview":"max-video-preview:-1"},"canonical":"https:\/\/stuttgarti-katolikusok.de\/index.php\/2024-december-9-es-15-kozott\/","og_locale":"hu_HU","og_type":"article","og_title":"2024. DECEMBER 9 \u00c9S 15 K\u00d6Z\u00d6TT - Stuttgarti Katolikusok","og_description":"Programel\u0151zetes * December 13-\u00e1n,\u00a0p\u00e9nteken, Stuttgartban 8.00 \u00f3rakor ror\u00e1t\u00e9-szentmise, ut\u00e1na k\u00f6z\u00f6s reggeli, 17.00 \u00f3rakor kar\u00e1csonyfa \u00e1ll\u00edt\u00e1s, 18.00 \u00f3rakor Sport-advent. * December 14-\u00e9n, szombaton, Weingartenben a 14 Nothelfer Kapelle-ben 7.00 \u00f3rakor\u00a0ror\u00e1t\u00e9&#8211;szentmise, ut\u00e1na k\u00f6z\u00f6s reggeli. Biberachban 16.45 \u00f3rakor szentmise, keret\u00e9ben a 3. adventi gyertya meggy\u00fajt\u00e1sa, ut\u00e1na agap\u00e9. \u00a0* December 15-\u00e9n,\u00a0Advent III. vas\u00e1rnapj\u00e1n, Stuttgartban 11.30 \u00f3rai kezdettel: \u201eEgy\u00fctt j\u00f3nak lenni m\u00e9g jobb!\u201d J\u00f3nak lenni j\u00f3 2024 \u2013 A k\u00f6zm\u00e9dia karitat\u00edv m\u0171sor\u00e1ba kapcsol\u00f3dunk be itt Stuttgartban. Ennek r\u00e9szleteit tal\u00e1lj\u00e1tok meg az al\u00e1bbi k\u00e9peken. Heilbronnban 15.30 \u00f3rakor szentmise, keret\u00e9ben a 3. adventi gyertya meggy\u00fajt\u00e1sa, ut\u00e1na agap\u00e9. * * * * * Minden helyen mindenkit szeretettel v\u00e1r a k\u00f6z\u00f6ss\u00e9g \u00e9s Tibor atya! * * Bens\u0151s\u00e9ges adventi napokat, j\u00f3 tal\u00e1lkoz\u00e1sokat \u00e9s sok \u00f6r\u00f6met k\u00edv\u00e1nunk minden Kedves H\u00edv\u00fcnknek! * &#8222;Az \u00e1dventi v\u00e1rakoz\u00e1s l\u00e9nyege szerint: v\u00e1rakoz\u00e1s arra, Aki van; ahogy a szeretet miszt\u00e9riuma sem egy\u00e9b, mint v\u00e1gyakoz\u00e1s az ut\u00e1n, aki van, aki a mi\u00e9nk.&#8221;\u00a0(Pilinszky J\u00e1nos \u2013 k\u00f6lt\u0151 \u2013 1921-1981)","og_url":"https:\/\/stuttgarti-katolikusok.de\/index.php\/2024-december-9-es-15-kozott\/","og_site_name":"Stuttgarti Katolikusok","article_published_time":"2024-12-09T22:37:43+00:00","article_modified_time":"2024-12-09T22:47:30+00:00","og_image":[{"width":1600,"height":1200,"url":"https:\/\/stuttgarti-katolikusok.de\/wp-content\/uploads\/2023\/12\/advent-3-heidenheim2023.jpg","type":"image\/jpeg"}],"author":"Tibor atya","twitter_card":"summary_large_image","twitter_misc":{"Szerz\u0151:":"Tibor atya","Becs\u00fclt olvas\u00e1si id\u0151":"3 perc"},"schema":{"@context":"https:\/\/schema.org","@graph":[{"@type":"Article","@id":"https:\/\/stuttgarti-katolikusok.de\/index.php\/2024-december-9-es-15-kozott\/#article","isPartOf":{"@id":"https:\/\/stuttgarti-katolikusok.de\/index.php\/2024-december-9-es-15-kozott\/"},"author":{"name":"Tibor atya","@id":"https:\/\/stuttgarti-katolikusok.de\/#\/schema\/person\/75908d6f8fdc03a57889d27209df7795"},"headline":"2024. DECEMBER 9 \u00c9S 15 K\u00d6Z\u00d6TT","datePublished":"2024-12-09T22:37:43+00:00","dateModified":"2024-12-09T22:47:30+00:00","mainEntityOfPage":{"@id":"https:\/\/stuttgarti-katolikusok.de\/index.php\/2024-december-9-es-15-kozott\/"},"wordCount":202,"image":{"@id":"https:\/\/stuttgarti-katolikusok.de\/index.php\/2024-december-9-es-15-kozott\/#primaryimage"},"thumbnailUrl":"https:\/\/stuttgarti-katolikusok.de\/wp-content\/uploads\/2023\/12\/advent-3-heidenheim2023.jpg","articleSection":["Progamel\u0151zetes"],"inLanguage":"hu"},{"@type":"WebPage","@id":"https:\/\/stuttgarti-katolikusok.de\/index.php\/2024-december-9-es-15-kozott\/","url":"https:\/\/stuttgarti-katolikusok.de\/index.php\/2024-december-9-es-15-kozott\/","name":"2024. DECEMBER 9 \u00c9S 15 K\u00d6Z\u00d6TT - Stuttgarti Katolikusok","isPartOf":{"@id":"https:\/\/stuttgarti-katolikusok.de\/#website"},"primaryImageOfPage":{"@id":"https:\/\/stuttgarti-katolikusok.de\/index.php\/2024-december-9-es-15-kozott\/#primaryimage"},"image":{"@id":"https:\/\/stuttgarti-katolikusok.de\/index.php\/2024-december-9-es-15-kozott\/#primaryimage"},"thumbnailUrl":"https:\/\/stuttgarti-katolikusok.de\/wp-content\/uploads\/2023\/12\/advent-3-heidenheim2023.jpg","datePublished":"2024-12-09T22:37:43+00:00","dateModified":"2024-12-09T22:47:30+00:00","author":{"@id":"https:\/\/stuttgarti-katolikusok.de\/#\/schema\/person\/75908d6f8fdc03a57889d27209df7795"},"breadcrumb":{"@id":"https:\/\/stuttgarti-katolikusok.de\/index.php\/2024-december-9-es-15-kozott\/#breadcrumb"},"inLanguage":"hu","potentialAction":[{"@type":"ReadAction","target":["https:\/\/stuttgarti-katolikusok.de\/index.php\/2024-december-9-es-15-kozott\/"]}]},{"@type":"ImageObject","inLanguage":"hu","@id":"https:\/\/stuttgarti-katolikusok.de\/index.php\/2024-december-9-es-15-kozott\/#primaryimage","url":"https:\/\/stuttgarti-katolikusok.de\/wp-content\/uploads\/2023\/12\/advent-3-heidenheim2023.jpg","contentUrl":"https:\/\/stuttgarti-katolikusok.de\/wp-content\/uploads\/2023\/12\/advent-3-heidenheim2023.jpg","width":1600,"height":1200},{"@type":"BreadcrumbList","@id":"https:\/\/stuttgarti-katolikusok.de\/index.php\/2024-december-9-es-15-kozott\/#breadcrumb","itemListElement":[{"@type":"ListItem","position":1,"name":"Kezd\u0151lap","item":"https:\/\/stuttgarti-katolikusok.de\/"},{"@type":"ListItem","position":2,"name":"2024. DECEMBER 9 \u00c9S 15 K\u00d6Z\u00d6TT"}]},{"@type":"WebSite","@id":"https:\/\/stuttgarti-katolikusok.de\/#website","url":"https:\/\/stuttgarti-katolikusok.de\/","name":"Stuttgarti Katolikusok","description":"","potentialAction":[{"@type":"SearchAction","target":{"@type":"EntryPoint","urlTemplate":"https:\/\/stuttgarti-katolikusok.de\/?s={search_term_string}"},"query-input":{"@type":"PropertyValueSpecification","valueRequired":true,"valueName":"search_term_string"}}],"inLanguage":"hu"},{"@type":"Person","@id":"https:\/\/stuttgarti-katolikusok.de\/#\/schema\/person\/75908d6f8fdc03a57889d27209df7795","name":"Tibor atya","image":{"@type":"ImageObject","inLanguage":"hu","@id":"https:\/\/secure.gravatar.com\/avatar\/61d268e57d1f4525b111222e29d2d5a7f8c420fdbf231ba5566a8ceac74fa960?s=96&d=mm&r=g","url":"https:\/\/secure.gravatar.com\/avatar\/61d268e57d1f4525b111222e29d2d5a7f8c420fdbf231ba5566a8ceac74fa960?s=96&d=mm&r=g","contentUrl":"https:\/\/secure.gravatar.com\/avatar\/61d268e57d1f4525b111222e29d2d5a7f8c420fdbf231ba5566a8ceac74fa960?s=96&d=mm&r=g","caption":"Tibor atya"},"url":"https:\/\/stuttgarti-katolikusok.de\/index.php\/author\/tibor-atya\/"}]}},"_links":{"self":[{"href":"https:\/\/stuttgarti-katolikusok.de\/index.php\/wp-json\/wp\/v2\/posts\/29865","targetHints":{"allow":["GET"]}}],"collection":[{"href":"https:\/\/stuttgarti-katolikusok.de\/index.php\/wp-json\/wp\/v2\/posts"}],"about":[{"href":"https:\/\/stuttgarti-katolikusok.de\/index.php\/wp-json\/wp\/v2\/types\/post"}],"author":[{"embeddable":true,"href":"https:\/\/stuttgarti-katolikusok.de\/index.php\/wp-json\/wp\/v2\/users\/3"}],"replies":[{"embeddable":true,"href":"https:\/\/stuttgarti-katolikusok.de\/index.php\/wp-json\/wp\/v2\/comments?post=29865"}],"version-history":[{"count":4,"href":"https:\/\/stuttgarti-katolikusok.de\/index.php\/wp-json\/wp\/v2\/posts\/29865\/revisions"}],"predecessor-version":[{"id":29871,"href":"https:\/\/stuttgarti-katolikusok.de\/index.php\/wp-json\/wp\/v2\/posts\/29865\/revisions\/29871"}],"wp:featuredmedia":[{"embeddable":true,"href":"https:\/\/stuttgarti-katolikusok.de\/index.php\/wp-json\/wp\/v2\/media\/27639"}],"wp:attachment":[{"href":"https:\/\/stuttgarti-katolikusok.de\/index.php\/wp-json\/wp\/v2\/media?parent=29865"}],"wp:term":[{"taxonomy":"category","embeddable":true,"href":"https:\/\/stuttgarti-katolikusok.de\/index.php\/wp-json\/wp\/v2\/categories?post=29865"},{"taxonomy":"post_tag","embeddable":true,"href":"https:\/\/stuttgarti-katolikusok.de\/index.php\/wp-json\/wp\/v2\/tags?post=29865"}],"curies":[{"name":"wp","href":"https:\/\/api.w.org\/{rel}","templated":true}]}}