{"id":29860,"date":"2024-12-07T23:29:53","date_gmt":"2024-12-07T22:29:53","guid":{"rendered":"https:\/\/stuttgarti-katolikusok.de\/?p=29860"},"modified":"2024-12-07T23:29:53","modified_gmt":"2024-12-07T22:29:53","slug":"advent-2-vasarnapja-3","status":"publish","type":"post","link":"https:\/\/stuttgarti-katolikusok.de\/index.php\/advent-2-vasarnapja-3\/","title":{"rendered":"Advent 2. vas\u00e1rnapja"},"content":{"rendered":"<p><span style=\"color: #800080;\"><em>Advent 2. vas\u00e1rnapj\u00e1n a szentmise k\u00f6ny\u00f6rg\u00e9se a bens\u0151 v\u00e1gyakoz\u00e1sunkr\u00f3l sz\u00f3l. V\u00e1gyaink \u00e9s az azokb\u00f3l sz\u00e1rmaz\u00f3 v\u00e1gyakoz\u00e1saink, mint felhajt\u00f3 er\u0151k, biztos\u00edtj\u00e1k sz\u00e1munkra azt a bels\u0151 dinamizmust, amely \u00f6r\u00f6k\u00f6s aktivit\u00e1sunk felt\u00e9telei is egyben. Tov\u00e1bb\u00e1 az\u00e9rt is foh\u00e1szkodunk, hogy evil\u00e1gi elfoglalts\u00e1gaink ne jelentsenek akad\u00e1lyt egy\u00e9ni el\u0151rehalad\u00e1sunkban. Egyre t\u00f6bbet panaszkodunk amiatt, hogy nincs id\u0151nk. \u00c9let\u00fcnk \u00e1lland\u00f3 rohan\u00e1s! <\/em><\/span><\/p>\n<p><span style=\"color: #800080;\"><em>Csendesedj el! \u00c9ppen ez\u00e9rt az advent, mint kegyelmi id\u0151, lehet\u0151s\u00e9get k\u00edn\u00e1l az elcsendesed\u00e9sre. Tudatos \u00e9s egy\u00e9ni d\u00f6nt\u00e9sre van sz\u00fcks\u00e9gem, amely elhozhatja a bens\u0151 elcsendesed\u00e9st. Hallgasd a csend szav\u00e1t, s meghallod h\u00edv\u00e1s\u00e1t&#8230;\u00a0<\/em><\/span><\/p>\n<p><span style=\"color: #800080;\"><em>Lass\u00edts! P\u00e9nteken k\u00e9s\u0151 este indultam el Stuttgartb\u00f3l Weingartenbe. Csendes \u00e9s kietlen volt az \u00fat. Egy id\u0151 ut\u00e1n arra lettem figyelmes, hogy rohanok, falom a m\u00e1sodperceket \u00e9s perceket. Mintha versenyt futn\u00e9k az id\u0151vel. F\u00e1radt vagyok, szeretn\u00e9m min\u00e9l hamarabb letudni az utat, m\u00e1r csak k\u00e9t telep\u00fcl\u00e9s van h\u00e1tra. Senki sincs el\u0151ttem, m\u00e9gis lass\u00edtok. Ott a 30-as t\u00e1bla 22 &#8211; 6 \u00f3ra k\u00f6z\u00f6tt. M\u00e1soknak siker\u00fclt m\u00e1r elcsendesedni, legyek r\u00e1juk tekintettel.<\/em><\/span><\/p>\n<p><span style=\"color: #800080;\">Kezd\u0151\u00e9nek:<\/span><br \/>\nSion n\u00e9pe! \u00cdme, j\u00f6n az \u00dar, hogy megmentse a nemzeteket; \u00e9s hallani fogj\u00e1tok dics\u0151s\u00e9ges hangj\u00e1t, sz\u00edvetek \u00f6r\u00f6m\u00e9re. (V\u00f6. Iz 30,19.30)<\/p>\n<p><span style=\"color: #800080;\">K\u00f6ny\u00f6rg\u00e9s:<\/span><br \/>\nMindenhat\u00f3, irgalmas Isten\u00fcnk, seg\u00edts, hogy szent v\u00e1gyakoz\u00e1ssal siess\u00fcnk Fiad el\u00e9. Mennyei b\u00f6lcsess\u00e9geddel nevelj minket, hogy evil\u00e1gi elfoglalts\u00e1gaink ne akad\u00e1lyozzanak tal\u00e1lkoz\u00e1sunkban szent Fiaddal. Aki veled \u00e9l \u00e9s uralkodik a Szentl\u00e9lekkel egys\u00e9gben, Isten mind\u00f6r\u00f6kk\u00f6n \u00f6r\u00f6kk\u00e9.<\/p>\n<p><span style=\"color: #800080;\">OLVASM\u00c1NY B\u00e1ruk pr\u00f3f\u00e9ta k\u00f6nyv\u00e9b\u0151l (B\u00e1r 5,1-9)<\/span><br \/>\n<em>V<\/em><em>\u00e9get <\/em><em>\u00e9r a fogs<\/em><em>\u00e1g: boldog <\/em><em>\u00e9let v<\/em><em>\u00e1rja Isten n<\/em><em>\u00e9p<\/em><em>\u00e9t.<\/em><br \/>\nJeruzs\u00e1lem, vesd le a gy\u00e1sz \u00e9s az \u00edns\u00e9g ruh\u00e1j\u00e1t, \u00f6lt\u00f6zz\u00e9l annak a dics\u0151s\u00e9gnek d\u00edsz\u00e9be, amelyet Isten ad neked mind\u00f6r\u00f6kre.<br \/>\n\u00d6ltsd fel Isten igazs\u00e1g\u00e1nak k\u00f6nt\u00f6s\u00e9t, s tedd fejedre az \u00d6r\u00f6kk\u00e9val\u00f3 dics\u0151s\u00e9g\u00e9nek koron\u00e1j\u00e1t, mert az Isten ismertt\u00e9 teszi f\u00e9nyess\u00e9gedet minden\u00fctt az \u00e9g alatt.<br \/>\nIsten ezt a nevet adja neked \u00f6r\u00f6kre: \u201eIgazs\u00e1goss\u00e1g b\u00e9k\u00e9je\u201d, \u201ej\u00e1mbors\u00e1g dics\u0151s\u00e9ge\u201d.<br \/>\nKelj fel, Jeruzs\u00e1lem, \u00e1llj a magaslatra, \u00e9s tekints keletre! N\u00e9zd, mik\u00e9nt gy\u0171lnek egybe fiaid, napkelett\u0151l napnyugatig a Szent (Isten) szav\u00e1ra, \u00e9s ujjonganak, mert Isten megeml\u00e9kezett r\u00f3luk.<br \/>\nGyalog mentek el, ellens\u00e9g hajtotta \u0151ket, de Isten mindny\u00e1jukat visszavezeti hozz\u00e1d, olyan pomp\u00e1val hozz\u00e1k majd \u0151ket, mint kir\u00e1lyi sarjakat.<br \/>\nMert elhat\u00e1rozta Isten, hogy alacsonny\u00e1 teszi a magas hegyeket \u00e9s az \u00f6r\u00f6k b\u00e9rceket. A f\u00f6ld sz\u00edn\u00e9ig bet\u00f6lti a v\u00f6lgyeket, hogy bizton haladhasson Izrael Isten dics\u0151s\u00e9ge alatt.<br \/>\nAz erd\u0151k \u00e9s az illatos f\u00e1k Isten parancs\u00e1ra mind \u00e1rny\u00e9kot ny\u00fajtanak Izraelnek. Isten vezeti majd n\u00e9p\u00e9t \u00f6r\u00f6mben, dics\u0151s\u00e9g\u00e9nek f\u00e9ny\u00e9ben, s k\u00eds\u00e9ret\u00fcl adja nekik irgalm\u00e1t \u00e9s igazs\u00e1goss\u00e1g\u00e1t.<br \/>\nEz az Isten ig\u00e9je.<\/p>\n<p><span style=\"color: #800080;\">V\u00c1LASZOS ZSOLT\u00c1R (Zsolt 125,1-2ab.2cd-3.4-5.6)<\/span><br \/>\nV\u00e1lasz:\u00a0<strong>Hatalmas dolgot m<\/strong><strong>\u0171velt az <\/strong><strong>\u00dar<\/strong><strong>\u00a0<u>v<\/u><\/strong><strong><u>\u00e9<\/u>l<\/strong><strong>\u00fcnk, * az<\/strong><strong>\u00e9rt<\/strong><strong>\u00a0<u>sz<\/u><\/strong><strong><u>\u00edv<\/u>b<\/strong><strong>\u0151l ujjongunk.<\/strong>\u00a03. vers. (8 G. t\u00f3nus)<br \/>\nEl\u0151\u00e9nekes: Mid\u0151n az \u00dar hazah\u00edvta Sionnak\u00a0<u>fog<\/u>lyait, * olyanok voltunk, mint\u00a0<u>a<\/u>kik \u00e1lmodnak.<br \/>\nMegtelt akkor \u00f6r\u00f6mmel az\u00a0<u>aj<\/u>kunk, * \u00e9s a nyelv\u00fcnk\u00a0<u>uj<\/u>jong\u00e1ssal.<br \/>\nH\u00edvek:\u00a0<strong>Hatalmas dolgot m<\/strong><strong>\u0171velt az <\/strong><strong>\u00dar<\/strong><strong>\u00a0<u>v<\/u><\/strong><strong><u>\u00e9<\/u>l<\/strong><strong>\u00fcnk, * az<\/strong><strong>\u00e9rt<\/strong><strong>\u00a0<u>sz<\/u><\/strong><strong><u>\u00edv<\/u>b<\/strong><strong>\u0151l ujjongunk.<\/strong><br \/>\nE: Akkor \u00edgy besz\u00e9ltek a\u00a0<u>nem<\/u>zetek: *\u201eAz \u00dar nagy dolgot\u00a0<u>m<\/u><u>\u0171<\/u>velt v\u00e9l\u00fck.\u201d<br \/>\nHatalmas dolgot m\u0171velt az \u00dar\u00a0<u>v<\/u><u>\u00e9<\/u>l\u00fcnk, * az\u00e9rt\u00a0<u>sz<\/u><u>\u00edv<\/u>b\u0151l ujjongunk.<br \/>\nH:\u00a0<strong>Hatalmas dolgot m<\/strong><strong>\u0171velt az <\/strong><strong>\u00dar<\/strong><strong>\u00a0<u>v<\/u><\/strong><strong><u>\u00e9<\/u>l<\/strong><strong>\u00fcnk, * az<\/strong><strong>\u00e9rt<\/strong><strong>\u00a0<u>sz<\/u><\/strong><strong><u>\u00edv<\/u>b<\/strong><strong>\u0151l ujjongunk.<\/strong><br \/>\nE: Ford\u00edtsd, Uram, j\u00f3ra\u00a0<u>sor<\/u>sunkat, * amint meg\u00e1rasztod d\u00e9<u>len<\/u>\u00a0a foly\u00f3kat.<br \/>\nAkik k\u00f6nnyek k\u00f6z\u00f6tt\u00a0<u>vet<\/u>nek, * majd uj<u>jong<\/u>va aratnak.<br \/>\nH:\u00a0<strong>Hatalmas dolgot m<\/strong><strong>\u0171velt az <\/strong><strong>\u00dar<\/strong><strong>\u00a0<u>v<\/u><\/strong><strong><u>\u00e9<\/u>l<\/strong><strong>\u00fcnk, * az<\/strong><strong>\u00e9rt<\/strong><strong>\u00a0<u>sz<\/u><\/strong><strong><u>\u00edv<\/u>b<\/strong><strong>\u0151l ujjongunk.<\/strong><br \/>\nE: S\u00edrva viszik a magot, mikor vetni\u00a0<u>in<\/u>dulnak, * de ujjongva j\u00f6nnek, j\u00f6nnek \u00e9s hozz\u00e1k\u00a0<u>k<\/u><u>\u00e9<\/u>v\u00e9iket.<br \/>\nH:\u00a0<strong>Hatalmas dolgot m<\/strong><strong>\u0171velt az <\/strong><strong>\u00dar<\/strong><strong>\u00a0<u>v<\/u><\/strong><strong><u>\u00e9<\/u>l<\/strong><strong>\u00fcnk, * az<\/strong><strong>\u00e9rt<\/strong><strong>\u00a0<u>sz<\/u><\/strong><strong><u>\u00edv<\/u>b<\/strong><strong>\u0151l ujjongunk.<\/strong><\/p>\n<p><span style=\"color: #800080;\">SZENTLECKE Szent P\u00e1l apostolnak a filippiekhez \u00edrt level\u00e9b\u0151l (Fil 1,4-6.8-11)<\/span><br \/>\n<em>Legyetek tiszt<\/em><em>\u00e1k <\/em><em>\u00e9s feddhetetlenek J<\/em><em>\u00e9zus Krisztus j<\/em><em>\u00f6vetel<\/em><em>\u00e9nek napj<\/em><em>\u00e1n.<\/em><br \/>\nTestv\u00e9reim!<br \/>\nMindig, minden im\u00e1ds\u00e1gomban \u00f6r\u00f6mmel eml\u00e9kezem meg mindny\u00e1jatokr\u00f3l, mert az els\u0151 napt\u00f3l mindm\u00e1ig k\u00f6z\u00f6ss\u00e9get v\u00e1llaltatok az evang\u00e9liummal. Ez\u00e9rt b\u00edzom benne, hogy aki megkezdte bennetek a j\u00f3t, Krisztus J\u00e9zus napj\u00e1ra be is fejezi.<br \/>\nIsten a tan\u00fam, mennyire v\u00e1gyakozom mindny\u00e1jatok ut\u00e1n Krisztus J\u00e9zus szeretet\u00e9ben. K\u00f6ny\u00f6rg\u00f6k is az\u00e9rt, hogy szeretetetek egyre jobban gyarapodjon a helyes ismeretben \u00e9s a teljes meg\u00e9rt\u00e9sben, hogy el tudj\u00e1tok d\u00f6nteni, mi a helyes. Akkor tiszt\u00e1k \u00e9s feddhetetlenek lesztek Krisztus napj\u00e1ra, s b\u0151velkedni fogtok az igaz \u00e9let gy\u00fcm\u00f6lcs\u00e9ben, amelyet J\u00e9zus Krisztus szerzett, Isten dics\u0151s\u00e9g\u00e9re \u00e9s tisztelet\u00e9re.<br \/>\nEz az Isten ig\u00e9je.<\/p>\n<p><span style=\"color: #800080;\">ALLELUJA<\/span><br \/>\nK\u00e9sz\u00edts\u00e9tek el\u0151 az \u00dar \u00fat<u>j<\/u><u>\u00e1t<\/u>, \u2020 egyengess\u00e9tek\u00a0<u>\u00f6<\/u><u>s<\/u>v\u00e9ny\u00e9t, * \u00e9s minden ember megl\u00e1tja az \u00dcdv\u00f6z\u00edt\u0151t, akit\u00a0<u>el<\/u>k\u00fcld az Isten. Lk 3,4.6 \u2013 5. t\u00f3nus.<\/p>\n<p><span style=\"color: #800080;\">\u2020 EVANG\u00c9LIUM Szent Luk\u00e1cs k\u00f6nyv\u00e9b\u0151l (Lk 3,1-6)<\/span><br \/>\n<em>Minden ember megl<\/em><em>\u00e1tja az Isten <\/em><em>\u00fcdv<\/em><em>\u00f6ss<\/em><em>\u00e9g<\/em><em>\u00e9t.<\/em><br \/>\nTib\u00e9riusz cs\u00e1sz\u00e1r uralkod\u00e1s\u00e1nak tizen\u00f6t\u00f6dik esztendej\u00e9ben t\u00f6rt\u00e9nt: Poncius Pil\u00e1tus volt Judea helytart\u00f3ja. Galile\u00e1nak Her\u00f3des volt a negyedes fejedelme, testv\u00e9re, F\u00fcl\u00f6p meg Iture\u00e1nak \u00e9s Trachonitisz tartom\u00e1ny\u00e1nak, Liz\u00e1ni\u00e1sz pedig Abilin\u00e1nak volt a negyedes fejedelme, Ann\u00e1s \u00e9s Kaif\u00e1s f\u0151papok idej\u00e9ben az \u00dar sz\u00f3zatot int\u00e9zett J\u00e1noshoz, Zakari\u00e1s fi\u00e1hoz a puszt\u00e1ban.<br \/>\nS \u0151 bej\u00e1rta a Jord\u00e1n eg\u00e9sz vid\u00e9k\u00e9t, hirdette a b\u0171nb\u00e1nat kereszts\u00e9g\u00e9t a b\u0171n\u00f6k bocs\u00e1nat\u00e1ra, ahogy meg van \u00edrva Izaj\u00e1s pr\u00f3f\u00e9ta besz\u00e9deinek k\u00f6nyv\u00e9ben: \u201eA puszt\u00e1ba ki\u00e1lt\u00f3nak ez a szava:<br \/>\nK\u00e9sz\u00edts\u00e9tek az \u00dar \u00fatj\u00e1t, egyengess\u00e9tek \u00f6sv\u00e9nyeit. A v\u00f6lgyeket t\u00f6lts\u00e9tek fel, a hegyeket, halmokat hordj\u00e1tok el. Ami g\u00f6rbe, legyen egyeness\u00e9, a g\u00f6r\u00f6ngy\u00f6s v\u00e1ltozz\u00e9k sima \u00fatt\u00e1, \u00e9s minden ember megl\u00e1tja az Isten \u00fcdv\u00f6ss\u00e9g\u00e9t.\u201d<br \/>\nEzek az evang\u00e9lium ig\u00e9i.<\/p>\n<p><span style=\"color: #800080;\">EGYETEMES K\u00d6NY\u00d6RG\u00c9SEK<\/span><br \/>\nPap: K\u00e9rj\u00fck, testv\u00e9reim, mennyei Aty\u00e1nkat, hogy szent Fi\u00e1ban, Krisztus Urunkban az eg\u00e9sz vil\u00e1g felismerje a Megv\u00e1lt\u00f3t, \u00e9s ennek a hitnek \u00f6r\u00f6me t\u00f6ltse el mindny\u00e1junk sz\u00edv\u00e9t!<br \/>\nLektor: 1. Add, Urunk, hogy Egyh\u00e1zad a Szentl\u00e9lek erej\u00e9vel hirdesse a b\u0171nb\u00e1nat k\u00f6teless\u00e9g\u00e9t \u00e9s a b\u0171nbocs\u00e1nat \u00f6r\u00f6mh\u00edr\u00e9t!<br \/>\nH\u00edvek: K\u00e9r\u00fcnk t\u00e9ged, hallgass meg minket!<br \/>\n2. \u00c1ldd meg Szentaty\u00e1nknak, N. p\u00e1p\u00e1nak az eg\u00e9sz vil\u00e1gra kiterjed\u0151 b\u00e9ket\u00f6rekv\u00e9seit!<br \/>\nH\u00edvek: K\u00e9r\u00fcnk t\u00e9ged . . .<br \/>\n3. Ir\u00e1ny\u00edtsad az \u00e1llamok felel\u0151s vezet\u0151it, hogy minden akad\u00e1lyt elh\u00e1r\u00edtva t\u00f6rekedjenek szolg\u00e1lni a n\u00e9pek k\u00f6z\u00f6tti egyet\u00e9rt\u00e9st!<br \/>\nH\u00edvek: K\u00e9r\u00fcnk t\u00e9ged . . .<br \/>\n4. \u00c9breszd fel a j\u00f3l\u00e9tben \u00e9l\u0151k lelkiismeret\u00e9t, hogy seg\u00edtsenek a vil\u00e1g \u00e9hez\u0151in \u00e9s szeg\u00e9nyein!<br \/>\nH\u00edvek: K\u00e9r\u00fcnk t\u00e9ged . . .<br \/>\n5. Seg\u00edtsd egyh\u00e1zk\u00f6zs\u00e9g\u00fcnk csal\u00e1djait, hogy szeretetben \u00e9s egyet\u00e9rt\u00e9sben \u00e9ljenek!<br \/>\nH\u00edvek: K\u00e9r\u00fcnk t\u00e9ged . . .<br \/>\nPap: Mennyei Aty\u00e1nk, mindenhat\u00f3 \u00f6r\u00f6k Isten! Te k\u00fcld\u00f6tteid \u00e1ltal meg\u00edg\u00e9rted nek\u00fcnk az \u00fcdv\u00f6ss\u00e9get. Add, hogy parancsaid \u00fatj\u00e1n j\u00e1rva teljes\u00edts\u00fck mindig szent akaratodat, \u00e9s \u00edgy m\u00e9lt\u00f3k legy\u00fcnk \u00edg\u00e9reted elnyer\u00e9s\u00e9re! Krisztus, a mi Urunk \u00e1ltal.<br \/>\nH\u00edvek: \u00c1men.<\/p>\n<p><span style=\"color: #800080;\">Felaj\u00e1nl\u00f3 k\u00f6ny\u00f6rg\u00e9s:<\/span><br \/>\nK\u00e9r\u00fcnk, Urunk, engeszteljenek ki al\u00e1zatos im\u00e1ds\u00e1gaink \u00e9s felaj\u00e1nlott adom\u00e1nyaink, \u00e9s b\u00e1r \u00e9rdemeink el\u00e9gtelenek, megbocs\u00e1t\u00f3 j\u00f3s\u00e1goddal siess seg\u00edts\u00e9g\u00fcnkre. Krisztus, a mi Urunk \u00e1ltal.<\/p>\n<p><span style=\"color: #800080;\">Pref\u00e1ci\u00f3:<\/span><br \/>\nAz \u00dar legyen veletek.<br \/>\nH.: \u00c9s a te lelkeddel.<br \/>\nEmelj\u00fck f\u00f6l sz\u00edv\u00fcnket.<br \/>\nH.: F\u00f6lemelt\u00fck az \u00darhoz.<br \/>\nAdjunk h\u00e1l\u00e1t Urunknak, Isten\u00fcnknek.<br \/>\nH.: M\u00e9lt\u00f3 \u00e9s igazs\u00e1gos.<br \/>\n(Mert) Val\u00f3ban m\u00e9lt\u00f3 \u00e9s igazs\u00e1gos, ill\u0151 \u00e9s \u00fcdv\u00f6s, hogy mindig \u00e9s minden\u00fctt h\u00e1l\u00e1t adjunk n\u00e9ked, mi Urunk, szents\u00e9ges Aty\u00e1nk, mindenhat\u00f3, \u00f6r\u00f6k Isten: \u2014 Krisztus, a mi Urunk \u00e1ltal.<br \/>\n\u0150 els\u0151 elj\u00f6vetelekor mag\u00e1t megal\u00e1zva testet \u00f6lt\u00f6tt, teljes\u00edtette a kezdett\u0151l fogva neki rendelt k\u00fcldet\u00e9st, \u00e9s megnyitotta sz\u00e1munkra az \u00f6r\u00f6k \u00fcdv\u00f6ss\u00e9g \u00fatj\u00e1t: hogy amikor dics\u0151s\u00e9ges f\u00e9nyben \u00fajra, elj\u00f6n, \u2014 l\u00e1that\u00f3 val\u00f3s\u00e1gban NYERj\u00fck el, amit most \u00edg\u00e9ret\u00e9ben b\u00edzva v\u00e1runk.<br \/>\n(\u00c9s) Ez\u00e9rt mi is, mik\u00e9nt az angyalok \u00e9s f\u0151angyalok, a tr\u00f3nod k\u00f6r\u00fcl \u00e1ll\u00f3 hatalmas \u00e9gi szellemek, \u00e9s minden seregek a mennyben, (a te) dics\u0151s\u00e9ged himnusz\u00e1t zengj\u00fck, \u2014 \u00e9s vel\u00fck EGy\u00fctt v\u00e9g n\u00e9lk\u00fcl mondjuk (\u00e9nekelj\u00fck):<\/p>\n<p><span style=\"color: #800080;\">\u00c1ldoz\u00e1si \u00e9nek:<\/span><br \/>\nJeruzs\u00e1lem, kelj fel, \u00e1llj a magaslatra, \u00e9s l\u00e1sd azt a gy\u00f6ny\u00f6r\u0171s\u00e9get, amely Istent\u0151l j\u00f6n. (B\u00e1r 5,5;4,36)<\/p>\n<p><span style=\"color: #800080;\">\u00c1ldoz\u00e1s ut\u00e1ni k\u00f6ny\u00f6rg\u00e9s:<\/span><br \/>\nLelki eledellel t\u00e1pl\u00e1lt\u00e1l minket. Esedezve k\u00e9r\u00fcnk t\u00e9ged, Urunk, Isten\u00fcnk, tan\u00edts meg minket ebben a miszt\u00e9riumban val\u00f3 r\u00e9szesed\u00e9s \u00e1ltal, hogy a f\u00f6ldi dolgokr\u00f3l okosan gondolkodjunk, \u00e9s az \u00e9giekhez ragaszkodjunk. Krisztus, a mi Urunk \u00e1ltal.<\/p>\n","protected":false},"excerpt":{"rendered":"<p>Advent 2. vas\u00e1rnapj\u00e1n a szentmise k\u00f6ny\u00f6rg\u00e9se a bens\u0151 v\u00e1gyakoz\u00e1sunkr\u00f3l sz\u00f3l. V\u00e1gyaink \u00e9s az azokb\u00f3l sz\u00e1rmaz\u00f3 v\u00e1gyakoz\u00e1saink, mint felhajt\u00f3 er\u0151k, biztos\u00edtj\u00e1k sz\u00e1munkra azt a bels\u0151 dinamizmust, amely \u00f6r\u00f6k\u00f6s aktivit\u00e1sunk felt\u00e9telei is egyben. Tov\u00e1bb\u00e1 az\u00e9rt is foh\u00e1szkodunk, hogy evil\u00e1gi elfoglalts\u00e1gaink ne jelentsenek akad\u00e1lyt egy\u00e9ni el\u0151rehalad\u00e1sunkban. Egyre t\u00f6bbet panaszkodunk amiatt, hogy nincs id\u0151nk. \u00c9let\u00fcnk \u00e1lland\u00f3 rohan\u00e1s! Csendesedj el! \u00c9ppen ez\u00e9rt az advent, mint kegyelmi id\u0151, lehet\u0151s\u00e9get k\u00edn\u00e1l az elcsendesed\u00e9sre. Tudatos \u00e9s egy\u00e9ni d\u00f6nt\u00e9sre van sz\u00fcks\u00e9gem, amely elhozhatja a bens\u0151 elcsendesed\u00e9st. Hallgasd a csend szav\u00e1t, s meghallod h\u00edv\u00e1s\u00e1t&#8230;\u00a0 Lass\u00edts! P\u00e9nteken k\u00e9s\u0151 este indultam el Stuttgartb\u00f3l Weingartenbe. Csendes \u00e9s kietlen volt az \u00fat. Egy id\u0151 ut\u00e1n arra lettem figyelmes, hogy rohanok, falom a m\u00e1sodperceket \u00e9s perceket. Mintha versenyt futn\u00e9k az id\u0151vel. F\u00e1radt vagyok, szeretn\u00e9m min\u00e9l hamarabb letudni az utat, m\u00e1r csak k\u00e9t telep\u00fcl\u00e9s van h\u00e1tra. Senki sincs el\u0151ttem, m\u00e9gis lass\u00edtok. Ott a 30-as t\u00e1bla 22 &#8211; 6 \u00f3ra k\u00f6z\u00f6tt. M\u00e1soknak siker\u00fclt m\u00e1r elcsendesedni, legyek r\u00e1juk tekintettel. Kezd\u0151\u00e9nek: Sion n\u00e9pe! \u00cdme, j\u00f6n az \u00dar, hogy megmentse a nemzeteket; \u00e9s hallani fogj\u00e1tok dics\u0151s\u00e9ges hangj\u00e1t, sz\u00edvetek \u00f6r\u00f6m\u00e9re. (V\u00f6. Iz 30,19.30) K\u00f6ny\u00f6rg\u00e9s: Mindenhat\u00f3, irgalmas Isten\u00fcnk, seg\u00edts, hogy szent v\u00e1gyakoz\u00e1ssal siess\u00fcnk Fiad el\u00e9. Mennyei b\u00f6lcsess\u00e9geddel nevelj minket, hogy evil\u00e1gi elfoglalts\u00e1gaink ne akad\u00e1lyozzanak tal\u00e1lkoz\u00e1sunkban szent Fiaddal. Aki veled \u00e9l \u00e9s uralkodik a Szentl\u00e9lekkel egys\u00e9gben, Isten mind\u00f6r\u00f6kk\u00f6n \u00f6r\u00f6kk\u00e9. OLVASM\u00c1NY B\u00e1ruk pr\u00f3f\u00e9ta k\u00f6nyv\u00e9b\u0151l (B\u00e1r 5,1-9) V\u00e9get \u00e9r a fogs\u00e1g: boldog \u00e9let v\u00e1rja Isten n\u00e9p\u00e9t. Jeruzs\u00e1lem, vesd le a gy\u00e1sz \u00e9s az \u00edns\u00e9g ruh\u00e1j\u00e1t, \u00f6lt\u00f6zz\u00e9l annak a dics\u0151s\u00e9gnek d\u00edsz\u00e9be, amelyet Isten ad neked mind\u00f6r\u00f6kre. \u00d6ltsd fel Isten igazs\u00e1g\u00e1nak k\u00f6nt\u00f6s\u00e9t, s tedd fejedre az \u00d6r\u00f6kk\u00e9val\u00f3 dics\u0151s\u00e9g\u00e9nek koron\u00e1j\u00e1t, mert az Isten ismertt\u00e9 teszi f\u00e9nyess\u00e9gedet minden\u00fctt az \u00e9g alatt. Isten ezt a nevet adja neked \u00f6r\u00f6kre: \u201eIgazs\u00e1goss\u00e1g b\u00e9k\u00e9je\u201d, \u201ej\u00e1mbors\u00e1g dics\u0151s\u00e9ge\u201d. Kelj fel, Jeruzs\u00e1lem, \u00e1llj a magaslatra, \u00e9s tekints keletre! N\u00e9zd, mik\u00e9nt gy\u0171lnek egybe fiaid, napkelett\u0151l napnyugatig a Szent (Isten) szav\u00e1ra, \u00e9s ujjonganak, mert Isten megeml\u00e9kezett r\u00f3luk. Gyalog&#8230; <\/p>\n<p><a class=\"readmore\" href=\"https:\/\/stuttgarti-katolikusok.de\/index.php\/advent-2-vasarnapja-3\/\">R\u00e9szletek<\/a><\/p>\n","protected":false},"author":3,"featured_media":24043,"comment_status":"closed","ping_status":"closed","sticky":false,"template":"","format":"standard","meta":{"footnotes":""},"categories":[85,63],"tags":[],"class_list":["post-29860","post","type-post","status-publish","format-standard","has-post-thumbnail","hentry","category-a-liturgia-olvasmanyai","category-vasarnapi-gondolatok"],"yoast_head":"<!-- This site is optimized with the Yoast SEO plugin v27.3 - https:\/\/yoast.com\/product\/yoast-seo-wordpress\/ -->\n<title>Advent 2. vas\u00e1rnapja - Stuttgarti Katolikusok<\/title>\n<meta name=\"robots\" content=\"index, follow, max-snippet:-1, max-image-preview:large, max-video-preview:-1\" \/>\n<link rel=\"canonical\" href=\"https:\/\/stuttgarti-katolikusok.de\/index.php\/advent-2-vasarnapja-3\/\" \/>\n<meta property=\"og:locale\" content=\"hu_HU\" \/>\n<meta property=\"og:type\" content=\"article\" \/>\n<meta property=\"og:title\" content=\"Advent 2. vas\u00e1rnapja - Stuttgarti Katolikusok\" \/>\n<meta property=\"og:description\" content=\"Advent 2. vas\u00e1rnapj\u00e1n a szentmise k\u00f6ny\u00f6rg\u00e9se a bens\u0151 v\u00e1gyakoz\u00e1sunkr\u00f3l sz\u00f3l. V\u00e1gyaink \u00e9s az azokb\u00f3l sz\u00e1rmaz\u00f3 v\u00e1gyakoz\u00e1saink, mint felhajt\u00f3 er\u0151k, biztos\u00edtj\u00e1k sz\u00e1munkra azt a bels\u0151 dinamizmust, amely \u00f6r\u00f6k\u00f6s aktivit\u00e1sunk felt\u00e9telei is egyben. Tov\u00e1bb\u00e1 az\u00e9rt is foh\u00e1szkodunk, hogy evil\u00e1gi elfoglalts\u00e1gaink ne jelentsenek akad\u00e1lyt egy\u00e9ni el\u0151rehalad\u00e1sunkban. Egyre t\u00f6bbet panaszkodunk amiatt, hogy nincs id\u0151nk. \u00c9let\u00fcnk \u00e1lland\u00f3 rohan\u00e1s! Csendesedj el! \u00c9ppen ez\u00e9rt az advent, mint kegyelmi id\u0151, lehet\u0151s\u00e9get k\u00edn\u00e1l az elcsendesed\u00e9sre. Tudatos \u00e9s egy\u00e9ni d\u00f6nt\u00e9sre van sz\u00fcks\u00e9gem, amely elhozhatja a bens\u0151 elcsendesed\u00e9st. Hallgasd a csend szav\u00e1t, s meghallod h\u00edv\u00e1s\u00e1t&#8230;\u00a0 Lass\u00edts! P\u00e9nteken k\u00e9s\u0151 este indultam el Stuttgartb\u00f3l Weingartenbe. Csendes \u00e9s kietlen volt az \u00fat. Egy id\u0151 ut\u00e1n arra lettem figyelmes, hogy rohanok, falom a m\u00e1sodperceket \u00e9s perceket. Mintha versenyt futn\u00e9k az id\u0151vel. F\u00e1radt vagyok, szeretn\u00e9m min\u00e9l hamarabb letudni az utat, m\u00e1r csak k\u00e9t telep\u00fcl\u00e9s van h\u00e1tra. Senki sincs el\u0151ttem, m\u00e9gis lass\u00edtok. Ott a 30-as t\u00e1bla 22 &#8211; 6 \u00f3ra k\u00f6z\u00f6tt. M\u00e1soknak siker\u00fclt m\u00e1r elcsendesedni, legyek r\u00e1juk tekintettel. Kezd\u0151\u00e9nek: Sion n\u00e9pe! \u00cdme, j\u00f6n az \u00dar, hogy megmentse a nemzeteket; \u00e9s hallani fogj\u00e1tok dics\u0151s\u00e9ges hangj\u00e1t, sz\u00edvetek \u00f6r\u00f6m\u00e9re. (V\u00f6. Iz 30,19.30) K\u00f6ny\u00f6rg\u00e9s: Mindenhat\u00f3, irgalmas Isten\u00fcnk, seg\u00edts, hogy szent v\u00e1gyakoz\u00e1ssal siess\u00fcnk Fiad el\u00e9. Mennyei b\u00f6lcsess\u00e9geddel nevelj minket, hogy evil\u00e1gi elfoglalts\u00e1gaink ne akad\u00e1lyozzanak tal\u00e1lkoz\u00e1sunkban szent Fiaddal. Aki veled \u00e9l \u00e9s uralkodik a Szentl\u00e9lekkel egys\u00e9gben, Isten mind\u00f6r\u00f6kk\u00f6n \u00f6r\u00f6kk\u00e9. OLVASM\u00c1NY B\u00e1ruk pr\u00f3f\u00e9ta k\u00f6nyv\u00e9b\u0151l (B\u00e1r 5,1-9) V\u00e9get \u00e9r a fogs\u00e1g: boldog \u00e9let v\u00e1rja Isten n\u00e9p\u00e9t. Jeruzs\u00e1lem, vesd le a gy\u00e1sz \u00e9s az \u00edns\u00e9g ruh\u00e1j\u00e1t, \u00f6lt\u00f6zz\u00e9l annak a dics\u0151s\u00e9gnek d\u00edsz\u00e9be, amelyet Isten ad neked mind\u00f6r\u00f6kre. \u00d6ltsd fel Isten igazs\u00e1g\u00e1nak k\u00f6nt\u00f6s\u00e9t, s tedd fejedre az \u00d6r\u00f6kk\u00e9val\u00f3 dics\u0151s\u00e9g\u00e9nek koron\u00e1j\u00e1t, mert az Isten ismertt\u00e9 teszi f\u00e9nyess\u00e9gedet minden\u00fctt az \u00e9g alatt. Isten ezt a nevet adja neked \u00f6r\u00f6kre: \u201eIgazs\u00e1goss\u00e1g b\u00e9k\u00e9je\u201d, \u201ej\u00e1mbors\u00e1g dics\u0151s\u00e9ge\u201d. Kelj fel, Jeruzs\u00e1lem, \u00e1llj a magaslatra, \u00e9s tekints keletre! N\u00e9zd, mik\u00e9nt gy\u0171lnek egybe fiaid, napkelett\u0151l napnyugatig a Szent (Isten) szav\u00e1ra, \u00e9s ujjonganak, mert Isten megeml\u00e9kezett r\u00f3luk. Gyalog... R\u00e9szletek\" \/>\n<meta property=\"og:url\" content=\"https:\/\/stuttgarti-katolikusok.de\/index.php\/advent-2-vasarnapja-3\/\" \/>\n<meta property=\"og:site_name\" content=\"Stuttgarti Katolikusok\" \/>\n<meta property=\"article:published_time\" content=\"2024-12-07T22:29:53+00:00\" \/>\n<meta property=\"og:image\" content=\"https:\/\/stuttgarti-katolikusok.de\/wp-content\/uploads\/2022\/12\/advent-2-stuttgart.jpg\" \/>\n\t<meta property=\"og:image:width\" content=\"2000\" \/>\n\t<meta property=\"og:image:height\" content=\"1125\" \/>\n\t<meta property=\"og:image:type\" content=\"image\/jpeg\" \/>\n<meta name=\"author\" content=\"Tibor atya\" \/>\n<meta name=\"twitter:card\" content=\"summary_large_image\" \/>\n<meta name=\"twitter:label1\" content=\"Szerz\u0151:\" \/>\n\t<meta name=\"twitter:data1\" content=\"Tibor atya\" \/>\n\t<meta name=\"twitter:label2\" content=\"Becs\u00fclt olvas\u00e1si id\u0151\" \/>\n\t<meta name=\"twitter:data2\" content=\"7 perc\" \/>\n<script type=\"application\/ld+json\" class=\"yoast-schema-graph\">{\"@context\":\"https:\\\/\\\/schema.org\",\"@graph\":[{\"@type\":\"Article\",\"@id\":\"https:\\\/\\\/stuttgarti-katolikusok.de\\\/index.php\\\/advent-2-vasarnapja-3\\\/#article\",\"isPartOf\":{\"@id\":\"https:\\\/\\\/stuttgarti-katolikusok.de\\\/index.php\\\/advent-2-vasarnapja-3\\\/\"},\"author\":{\"name\":\"Tibor atya\",\"@id\":\"https:\\\/\\\/stuttgarti-katolikusok.de\\\/#\\\/schema\\\/person\\\/75908d6f8fdc03a57889d27209df7795\"},\"headline\":\"Advent 2. vas\u00e1rnapja\",\"datePublished\":\"2024-12-07T22:29:53+00:00\",\"mainEntityOfPage\":{\"@id\":\"https:\\\/\\\/stuttgarti-katolikusok.de\\\/index.php\\\/advent-2-vasarnapja-3\\\/\"},\"wordCount\":1733,\"image\":{\"@id\":\"https:\\\/\\\/stuttgarti-katolikusok.de\\\/index.php\\\/advent-2-vasarnapja-3\\\/#primaryimage\"},\"thumbnailUrl\":\"https:\\\/\\\/stuttgarti-katolikusok.de\\\/wp-content\\\/uploads\\\/2022\\\/12\\\/advent-2-stuttgart.jpg\",\"articleSection\":[\"A liturgia olvasm\u00e1nyai\",\"Vas\u00e1rnapi gondolatok\"],\"inLanguage\":\"hu\"},{\"@type\":\"WebPage\",\"@id\":\"https:\\\/\\\/stuttgarti-katolikusok.de\\\/index.php\\\/advent-2-vasarnapja-3\\\/\",\"url\":\"https:\\\/\\\/stuttgarti-katolikusok.de\\\/index.php\\\/advent-2-vasarnapja-3\\\/\",\"name\":\"Advent 2. vas\u00e1rnapja - Stuttgarti Katolikusok\",\"isPartOf\":{\"@id\":\"https:\\\/\\\/stuttgarti-katolikusok.de\\\/#website\"},\"primaryImageOfPage\":{\"@id\":\"https:\\\/\\\/stuttgarti-katolikusok.de\\\/index.php\\\/advent-2-vasarnapja-3\\\/#primaryimage\"},\"image\":{\"@id\":\"https:\\\/\\\/stuttgarti-katolikusok.de\\\/index.php\\\/advent-2-vasarnapja-3\\\/#primaryimage\"},\"thumbnailUrl\":\"https:\\\/\\\/stuttgarti-katolikusok.de\\\/wp-content\\\/uploads\\\/2022\\\/12\\\/advent-2-stuttgart.jpg\",\"datePublished\":\"2024-12-07T22:29:53+00:00\",\"author\":{\"@id\":\"https:\\\/\\\/stuttgarti-katolikusok.de\\\/#\\\/schema\\\/person\\\/75908d6f8fdc03a57889d27209df7795\"},\"breadcrumb\":{\"@id\":\"https:\\\/\\\/stuttgarti-katolikusok.de\\\/index.php\\\/advent-2-vasarnapja-3\\\/#breadcrumb\"},\"inLanguage\":\"hu\",\"potentialAction\":[{\"@type\":\"ReadAction\",\"target\":[\"https:\\\/\\\/stuttgarti-katolikusok.de\\\/index.php\\\/advent-2-vasarnapja-3\\\/\"]}]},{\"@type\":\"ImageObject\",\"inLanguage\":\"hu\",\"@id\":\"https:\\\/\\\/stuttgarti-katolikusok.de\\\/index.php\\\/advent-2-vasarnapja-3\\\/#primaryimage\",\"url\":\"https:\\\/\\\/stuttgarti-katolikusok.de\\\/wp-content\\\/uploads\\\/2022\\\/12\\\/advent-2-stuttgart.jpg\",\"contentUrl\":\"https:\\\/\\\/stuttgarti-katolikusok.de\\\/wp-content\\\/uploads\\\/2022\\\/12\\\/advent-2-stuttgart.jpg\",\"width\":2000,\"height\":1125},{\"@type\":\"BreadcrumbList\",\"@id\":\"https:\\\/\\\/stuttgarti-katolikusok.de\\\/index.php\\\/advent-2-vasarnapja-3\\\/#breadcrumb\",\"itemListElement\":[{\"@type\":\"ListItem\",\"position\":1,\"name\":\"Kezd\u0151lap\",\"item\":\"https:\\\/\\\/stuttgarti-katolikusok.de\\\/\"},{\"@type\":\"ListItem\",\"position\":2,\"name\":\"Advent 2. vas\u00e1rnapja\"}]},{\"@type\":\"WebSite\",\"@id\":\"https:\\\/\\\/stuttgarti-katolikusok.de\\\/#website\",\"url\":\"https:\\\/\\\/stuttgarti-katolikusok.de\\\/\",\"name\":\"Stuttgarti Katolikusok\",\"description\":\"\",\"potentialAction\":[{\"@type\":\"SearchAction\",\"target\":{\"@type\":\"EntryPoint\",\"urlTemplate\":\"https:\\\/\\\/stuttgarti-katolikusok.de\\\/?s={search_term_string}\"},\"query-input\":{\"@type\":\"PropertyValueSpecification\",\"valueRequired\":true,\"valueName\":\"search_term_string\"}}],\"inLanguage\":\"hu\"},{\"@type\":\"Person\",\"@id\":\"https:\\\/\\\/stuttgarti-katolikusok.de\\\/#\\\/schema\\\/person\\\/75908d6f8fdc03a57889d27209df7795\",\"name\":\"Tibor atya\",\"image\":{\"@type\":\"ImageObject\",\"inLanguage\":\"hu\",\"@id\":\"https:\\\/\\\/secure.gravatar.com\\\/avatar\\\/61d268e57d1f4525b111222e29d2d5a7f8c420fdbf231ba5566a8ceac74fa960?s=96&d=mm&r=g\",\"url\":\"https:\\\/\\\/secure.gravatar.com\\\/avatar\\\/61d268e57d1f4525b111222e29d2d5a7f8c420fdbf231ba5566a8ceac74fa960?s=96&d=mm&r=g\",\"contentUrl\":\"https:\\\/\\\/secure.gravatar.com\\\/avatar\\\/61d268e57d1f4525b111222e29d2d5a7f8c420fdbf231ba5566a8ceac74fa960?s=96&d=mm&r=g\",\"caption\":\"Tibor atya\"},\"url\":\"https:\\\/\\\/stuttgarti-katolikusok.de\\\/index.php\\\/author\\\/tibor-atya\\\/\"}]}<\/script>\n<!-- \/ Yoast SEO plugin. -->","yoast_head_json":{"title":"Advent 2. vas\u00e1rnapja - Stuttgarti Katolikusok","robots":{"index":"index","follow":"follow","max-snippet":"max-snippet:-1","max-image-preview":"max-image-preview:large","max-video-preview":"max-video-preview:-1"},"canonical":"https:\/\/stuttgarti-katolikusok.de\/index.php\/advent-2-vasarnapja-3\/","og_locale":"hu_HU","og_type":"article","og_title":"Advent 2. vas\u00e1rnapja - Stuttgarti Katolikusok","og_description":"Advent 2. vas\u00e1rnapj\u00e1n a szentmise k\u00f6ny\u00f6rg\u00e9se a bens\u0151 v\u00e1gyakoz\u00e1sunkr\u00f3l sz\u00f3l. V\u00e1gyaink \u00e9s az azokb\u00f3l sz\u00e1rmaz\u00f3 v\u00e1gyakoz\u00e1saink, mint felhajt\u00f3 er\u0151k, biztos\u00edtj\u00e1k sz\u00e1munkra azt a bels\u0151 dinamizmust, amely \u00f6r\u00f6k\u00f6s aktivit\u00e1sunk felt\u00e9telei is egyben. Tov\u00e1bb\u00e1 az\u00e9rt is foh\u00e1szkodunk, hogy evil\u00e1gi elfoglalts\u00e1gaink ne jelentsenek akad\u00e1lyt egy\u00e9ni el\u0151rehalad\u00e1sunkban. Egyre t\u00f6bbet panaszkodunk amiatt, hogy nincs id\u0151nk. \u00c9let\u00fcnk \u00e1lland\u00f3 rohan\u00e1s! Csendesedj el! \u00c9ppen ez\u00e9rt az advent, mint kegyelmi id\u0151, lehet\u0151s\u00e9get k\u00edn\u00e1l az elcsendesed\u00e9sre. Tudatos \u00e9s egy\u00e9ni d\u00f6nt\u00e9sre van sz\u00fcks\u00e9gem, amely elhozhatja a bens\u0151 elcsendesed\u00e9st. Hallgasd a csend szav\u00e1t, s meghallod h\u00edv\u00e1s\u00e1t&#8230;\u00a0 Lass\u00edts! P\u00e9nteken k\u00e9s\u0151 este indultam el Stuttgartb\u00f3l Weingartenbe. Csendes \u00e9s kietlen volt az \u00fat. Egy id\u0151 ut\u00e1n arra lettem figyelmes, hogy rohanok, falom a m\u00e1sodperceket \u00e9s perceket. Mintha versenyt futn\u00e9k az id\u0151vel. F\u00e1radt vagyok, szeretn\u00e9m min\u00e9l hamarabb letudni az utat, m\u00e1r csak k\u00e9t telep\u00fcl\u00e9s van h\u00e1tra. Senki sincs el\u0151ttem, m\u00e9gis lass\u00edtok. Ott a 30-as t\u00e1bla 22 &#8211; 6 \u00f3ra k\u00f6z\u00f6tt. M\u00e1soknak siker\u00fclt m\u00e1r elcsendesedni, legyek r\u00e1juk tekintettel. Kezd\u0151\u00e9nek: Sion n\u00e9pe! \u00cdme, j\u00f6n az \u00dar, hogy megmentse a nemzeteket; \u00e9s hallani fogj\u00e1tok dics\u0151s\u00e9ges hangj\u00e1t, sz\u00edvetek \u00f6r\u00f6m\u00e9re. (V\u00f6. Iz 30,19.30) K\u00f6ny\u00f6rg\u00e9s: Mindenhat\u00f3, irgalmas Isten\u00fcnk, seg\u00edts, hogy szent v\u00e1gyakoz\u00e1ssal siess\u00fcnk Fiad el\u00e9. Mennyei b\u00f6lcsess\u00e9geddel nevelj minket, hogy evil\u00e1gi elfoglalts\u00e1gaink ne akad\u00e1lyozzanak tal\u00e1lkoz\u00e1sunkban szent Fiaddal. Aki veled \u00e9l \u00e9s uralkodik a Szentl\u00e9lekkel egys\u00e9gben, Isten mind\u00f6r\u00f6kk\u00f6n \u00f6r\u00f6kk\u00e9. OLVASM\u00c1NY B\u00e1ruk pr\u00f3f\u00e9ta k\u00f6nyv\u00e9b\u0151l (B\u00e1r 5,1-9) V\u00e9get \u00e9r a fogs\u00e1g: boldog \u00e9let v\u00e1rja Isten n\u00e9p\u00e9t. Jeruzs\u00e1lem, vesd le a gy\u00e1sz \u00e9s az \u00edns\u00e9g ruh\u00e1j\u00e1t, \u00f6lt\u00f6zz\u00e9l annak a dics\u0151s\u00e9gnek d\u00edsz\u00e9be, amelyet Isten ad neked mind\u00f6r\u00f6kre. \u00d6ltsd fel Isten igazs\u00e1g\u00e1nak k\u00f6nt\u00f6s\u00e9t, s tedd fejedre az \u00d6r\u00f6kk\u00e9val\u00f3 dics\u0151s\u00e9g\u00e9nek koron\u00e1j\u00e1t, mert az Isten ismertt\u00e9 teszi f\u00e9nyess\u00e9gedet minden\u00fctt az \u00e9g alatt. Isten ezt a nevet adja neked \u00f6r\u00f6kre: \u201eIgazs\u00e1goss\u00e1g b\u00e9k\u00e9je\u201d, \u201ej\u00e1mbors\u00e1g dics\u0151s\u00e9ge\u201d. Kelj fel, Jeruzs\u00e1lem, \u00e1llj a magaslatra, \u00e9s tekints keletre! N\u00e9zd, mik\u00e9nt gy\u0171lnek egybe fiaid, napkelett\u0151l napnyugatig a Szent (Isten) szav\u00e1ra, \u00e9s ujjonganak, mert Isten megeml\u00e9kezett r\u00f3luk. Gyalog... R\u00e9szletek","og_url":"https:\/\/stuttgarti-katolikusok.de\/index.php\/advent-2-vasarnapja-3\/","og_site_name":"Stuttgarti Katolikusok","article_published_time":"2024-12-07T22:29:53+00:00","og_image":[{"width":2000,"height":1125,"url":"https:\/\/stuttgarti-katolikusok.de\/wp-content\/uploads\/2022\/12\/advent-2-stuttgart.jpg","type":"image\/jpeg"}],"author":"Tibor atya","twitter_card":"summary_large_image","twitter_misc":{"Szerz\u0151:":"Tibor atya","Becs\u00fclt olvas\u00e1si id\u0151":"7 perc"},"schema":{"@context":"https:\/\/schema.org","@graph":[{"@type":"Article","@id":"https:\/\/stuttgarti-katolikusok.de\/index.php\/advent-2-vasarnapja-3\/#article","isPartOf":{"@id":"https:\/\/stuttgarti-katolikusok.de\/index.php\/advent-2-vasarnapja-3\/"},"author":{"name":"Tibor atya","@id":"https:\/\/stuttgarti-katolikusok.de\/#\/schema\/person\/75908d6f8fdc03a57889d27209df7795"},"headline":"Advent 2. vas\u00e1rnapja","datePublished":"2024-12-07T22:29:53+00:00","mainEntityOfPage":{"@id":"https:\/\/stuttgarti-katolikusok.de\/index.php\/advent-2-vasarnapja-3\/"},"wordCount":1733,"image":{"@id":"https:\/\/stuttgarti-katolikusok.de\/index.php\/advent-2-vasarnapja-3\/#primaryimage"},"thumbnailUrl":"https:\/\/stuttgarti-katolikusok.de\/wp-content\/uploads\/2022\/12\/advent-2-stuttgart.jpg","articleSection":["A liturgia olvasm\u00e1nyai","Vas\u00e1rnapi gondolatok"],"inLanguage":"hu"},{"@type":"WebPage","@id":"https:\/\/stuttgarti-katolikusok.de\/index.php\/advent-2-vasarnapja-3\/","url":"https:\/\/stuttgarti-katolikusok.de\/index.php\/advent-2-vasarnapja-3\/","name":"Advent 2. vas\u00e1rnapja - Stuttgarti Katolikusok","isPartOf":{"@id":"https:\/\/stuttgarti-katolikusok.de\/#website"},"primaryImageOfPage":{"@id":"https:\/\/stuttgarti-katolikusok.de\/index.php\/advent-2-vasarnapja-3\/#primaryimage"},"image":{"@id":"https:\/\/stuttgarti-katolikusok.de\/index.php\/advent-2-vasarnapja-3\/#primaryimage"},"thumbnailUrl":"https:\/\/stuttgarti-katolikusok.de\/wp-content\/uploads\/2022\/12\/advent-2-stuttgart.jpg","datePublished":"2024-12-07T22:29:53+00:00","author":{"@id":"https:\/\/stuttgarti-katolikusok.de\/#\/schema\/person\/75908d6f8fdc03a57889d27209df7795"},"breadcrumb":{"@id":"https:\/\/stuttgarti-katolikusok.de\/index.php\/advent-2-vasarnapja-3\/#breadcrumb"},"inLanguage":"hu","potentialAction":[{"@type":"ReadAction","target":["https:\/\/stuttgarti-katolikusok.de\/index.php\/advent-2-vasarnapja-3\/"]}]},{"@type":"ImageObject","inLanguage":"hu","@id":"https:\/\/stuttgarti-katolikusok.de\/index.php\/advent-2-vasarnapja-3\/#primaryimage","url":"https:\/\/stuttgarti-katolikusok.de\/wp-content\/uploads\/2022\/12\/advent-2-stuttgart.jpg","contentUrl":"https:\/\/stuttgarti-katolikusok.de\/wp-content\/uploads\/2022\/12\/advent-2-stuttgart.jpg","width":2000,"height":1125},{"@type":"BreadcrumbList","@id":"https:\/\/stuttgarti-katolikusok.de\/index.php\/advent-2-vasarnapja-3\/#breadcrumb","itemListElement":[{"@type":"ListItem","position":1,"name":"Kezd\u0151lap","item":"https:\/\/stuttgarti-katolikusok.de\/"},{"@type":"ListItem","position":2,"name":"Advent 2. vas\u00e1rnapja"}]},{"@type":"WebSite","@id":"https:\/\/stuttgarti-katolikusok.de\/#website","url":"https:\/\/stuttgarti-katolikusok.de\/","name":"Stuttgarti Katolikusok","description":"","potentialAction":[{"@type":"SearchAction","target":{"@type":"EntryPoint","urlTemplate":"https:\/\/stuttgarti-katolikusok.de\/?s={search_term_string}"},"query-input":{"@type":"PropertyValueSpecification","valueRequired":true,"valueName":"search_term_string"}}],"inLanguage":"hu"},{"@type":"Person","@id":"https:\/\/stuttgarti-katolikusok.de\/#\/schema\/person\/75908d6f8fdc03a57889d27209df7795","name":"Tibor atya","image":{"@type":"ImageObject","inLanguage":"hu","@id":"https:\/\/secure.gravatar.com\/avatar\/61d268e57d1f4525b111222e29d2d5a7f8c420fdbf231ba5566a8ceac74fa960?s=96&d=mm&r=g","url":"https:\/\/secure.gravatar.com\/avatar\/61d268e57d1f4525b111222e29d2d5a7f8c420fdbf231ba5566a8ceac74fa960?s=96&d=mm&r=g","contentUrl":"https:\/\/secure.gravatar.com\/avatar\/61d268e57d1f4525b111222e29d2d5a7f8c420fdbf231ba5566a8ceac74fa960?s=96&d=mm&r=g","caption":"Tibor atya"},"url":"https:\/\/stuttgarti-katolikusok.de\/index.php\/author\/tibor-atya\/"}]}},"_links":{"self":[{"href":"https:\/\/stuttgarti-katolikusok.de\/index.php\/wp-json\/wp\/v2\/posts\/29860","targetHints":{"allow":["GET"]}}],"collection":[{"href":"https:\/\/stuttgarti-katolikusok.de\/index.php\/wp-json\/wp\/v2\/posts"}],"about":[{"href":"https:\/\/stuttgarti-katolikusok.de\/index.php\/wp-json\/wp\/v2\/types\/post"}],"author":[{"embeddable":true,"href":"https:\/\/stuttgarti-katolikusok.de\/index.php\/wp-json\/wp\/v2\/users\/3"}],"replies":[{"embeddable":true,"href":"https:\/\/stuttgarti-katolikusok.de\/index.php\/wp-json\/wp\/v2\/comments?post=29860"}],"version-history":[{"count":2,"href":"https:\/\/stuttgarti-katolikusok.de\/index.php\/wp-json\/wp\/v2\/posts\/29860\/revisions"}],"predecessor-version":[{"id":29862,"href":"https:\/\/stuttgarti-katolikusok.de\/index.php\/wp-json\/wp\/v2\/posts\/29860\/revisions\/29862"}],"wp:featuredmedia":[{"embeddable":true,"href":"https:\/\/stuttgarti-katolikusok.de\/index.php\/wp-json\/wp\/v2\/media\/24043"}],"wp:attachment":[{"href":"https:\/\/stuttgarti-katolikusok.de\/index.php\/wp-json\/wp\/v2\/media?parent=29860"}],"wp:term":[{"taxonomy":"category","embeddable":true,"href":"https:\/\/stuttgarti-katolikusok.de\/index.php\/wp-json\/wp\/v2\/categories?post=29860"},{"taxonomy":"post_tag","embeddable":true,"href":"https:\/\/stuttgarti-katolikusok.de\/index.php\/wp-json\/wp\/v2\/tags?post=29860"}],"curies":[{"name":"wp","href":"https:\/\/api.w.org\/{rel}","templated":true}]}}