{"id":29806,"date":"2024-12-02T23:53:32","date_gmt":"2024-12-02T22:53:32","guid":{"rendered":"https:\/\/stuttgarti-katolikusok.de\/?p=29806"},"modified":"2024-12-03T00:45:40","modified_gmt":"2024-12-02T23:45:40","slug":"2024-december-2-es-8-kozott","status":"publish","type":"post","link":"https:\/\/stuttgarti-katolikusok.de\/index.php\/2024-december-2-es-8-kozott\/","title":{"rendered":"2024. DECEMBER 2 \u00c9S 8 K\u00d6Z\u00d6TT"},"content":{"rendered":"<p style=\"text-align: center;\"><span style=\"color: #993366;\"><strong>*<\/strong><\/span><\/p>\n<p><strong>December 6-\u00e1n,<\/strong>\u00a0p\u00e9nteken, <strong>Stuttgartban <\/strong><\/p>\n<p>8.00 \u00f3rakor <em>rorate-szentmise, <\/em>ut\u00e1na<em> k\u00f6z\u00f6s reggeli.<\/em><\/p>\n<p>18.00 \u00f3rakor a k\u00f6z\u00f6ss\u00e9gi teremben <em><strong>Bar\u00e1ts\u00e1gklub. <\/strong><\/em>Ennek keret\u00e9ben gyermekeinkkel egy\u00fctt Szent Mikl\u00f3s p\u00fcsp\u00f6kr\u0151l eml\u00e9kez\u00fcnk meg. V\u00e1rjuk a gyermekeket sz\u00fcl\u0151kkel, nagysz\u00fcl\u0151kkel egy\u00fctt.<\/p>\n<p><a href=\"https:\/\/stuttgarti-katolikusok.de\/wp-content\/uploads\/2024\/12\/baratsagklub-2024-december.jpg\"><img loading=\"lazy\" decoding=\"async\" class=\"alignnone size-full wp-image-29807\" src=\"https:\/\/stuttgarti-katolikusok.de\/wp-content\/uploads\/2024\/12\/baratsagklub-2024-december.jpg\" alt=\"\" width=\"1654\" height=\"2339\" srcset=\"https:\/\/stuttgarti-katolikusok.de\/wp-content\/uploads\/2024\/12\/baratsagklub-2024-december.jpg 1654w, https:\/\/stuttgarti-katolikusok.de\/wp-content\/uploads\/2024\/12\/baratsagklub-2024-december-212x300.jpg 212w, https:\/\/stuttgarti-katolikusok.de\/wp-content\/uploads\/2024\/12\/baratsagklub-2024-december-724x1024.jpg 724w, https:\/\/stuttgarti-katolikusok.de\/wp-content\/uploads\/2024\/12\/baratsagklub-2024-december-1086x1536.jpg 1086w, https:\/\/stuttgarti-katolikusok.de\/wp-content\/uploads\/2024\/12\/baratsagklub-2024-december-1448x2048.jpg 1448w\" sizes=\"auto, (max-width: 1654px) 100vw, 1654px\" \/><\/a><\/p>\n<p style=\"text-align: center;\"><span style=\"color: #993366;\"><strong>*<\/strong><\/span><\/p>\n<p><strong>December 7-\u00e9n<\/strong>, szombaton,<\/p>\n<p><strong>Weingartenben<\/strong> a <em>14 Nothelfer Kapelle-<\/em>ben 7.00 \u00f3rakor\u00a0<em>rorate<\/em>&#8211;<em>szentmise. <\/em>Ut\u00e1na k\u00f6z\u00f6s<em> reggeli.<\/em><\/p>\n<p><strong>Balingenben <\/strong>16.00 \u00f3rakor <em>szentmise<\/em>, keret\u00e9ben a <em><span style=\"color: #993366;\">2. adventi gyertya meggy\u00fajt\u00e1sa<\/span><\/em>, egyben megeml\u00e9kez\u00fcnk Szent Mikl\u00f3s p\u00fcsp\u00f6kr\u0151l, ut\u00e1na <em>agap\u00e9.<\/em><\/p>\n<p style=\"text-align: center;\"><span style=\"color: #993366;\"><strong>\u00a0*<\/strong><\/span><\/p>\n<p><strong>December 8-\u00e1n<\/strong><em><strong>,<\/strong> <span style=\"color: #993366;\"><strong>Advent 2. vas\u00e1rnapj\u00e1n<\/strong><\/span>,<\/em><\/p>\n<p><strong>Weingartenben<\/strong> 10.00 \u00f3rakor a <em>14 Nothelfer Kapelle-<\/em>ben<em> szentmise, <\/em>keret\u00e9ben a 2. adventi gyertya meggy\u00fajt\u00e1sa, megeml\u00e9kez\u00e9s Szent Mikl\u00f3s p\u00fcsp\u00f6kr\u0151l, ut\u00e1na <em>agap\u00e9.<\/em><\/p>\n<p><strong>Ulmban <\/strong>15.00 \u00f3rakor <em>szentmise, <\/em>keret\u00e9ben a 2. adventi gyertya meggy\u00fajt\u00e1sa, egyben megeml\u00e9kez\u00fcnk Szent Mikl\u00f3s p\u00fcsp\u00f6kr\u0151l, ut\u00e1na <em>agap\u00e9.<\/em><\/p>\n<p style=\"text-align: center;\"><span style=\"color: #993366;\"><strong>*<\/strong><\/span><\/p>\n<p><a href=\"https:\/\/stuttgarti-katolikusok.de\/wp-content\/uploads\/2020\/12\/ii-adventi-gyertya.jpeg\"><img loading=\"lazy\" decoding=\"async\" class=\"alignnone size-full wp-image-20683\" src=\"https:\/\/stuttgarti-katolikusok.de\/wp-content\/uploads\/2020\/12\/ii-adventi-gyertya.jpeg\" alt=\"\" width=\"1165\" height=\"715\" srcset=\"https:\/\/stuttgarti-katolikusok.de\/wp-content\/uploads\/2020\/12\/ii-adventi-gyertya.jpeg 1165w, https:\/\/stuttgarti-katolikusok.de\/wp-content\/uploads\/2020\/12\/ii-adventi-gyertya-300x184.jpeg 300w, https:\/\/stuttgarti-katolikusok.de\/wp-content\/uploads\/2020\/12\/ii-adventi-gyertya-1024x628.jpeg 1024w\" sizes=\"auto, (max-width: 1165px) 100vw, 1165px\" \/><\/a><\/p>\n<p style=\"text-align: center;\"><strong><span style=\"color: #993366;\">*<\/span><\/strong><\/p>\n<p>Minden helyen mindenkit szeretettel v\u00e1r a k\u00f6z\u00f6ss\u00e9g \u00e9s Tibor atya!<\/p>\n<p><span style=\"color: #993366;\"><em><strong>Bens\u0151s\u00e9ges adventi napokat, j\u00f3 tal\u00e1lkoz\u00e1sokat \u00e9s sok \u00f6r\u00f6met k\u00edv\u00e1nunk minden Kedves H\u00edv\u00fcnknek!<\/strong><\/em><\/span><\/p>\n<p style=\"text-align: center;\"><span style=\"color: #993366;\"><strong>*<\/strong><\/span><\/p>\n<p><strong><span style=\"color: #993366;\">&#8222;\u00d6r\u00f6mre kell berendezkedni. Nem szabad f\u00e9lni a teljes \u00f6r\u00f6mt\u0151l. Ahogy Nietzsche mondja: \u00bbM\u00e9ly a f\u00e1jdalom, de az \u00f6r\u00f6m m\u00e9g m\u00e9lyebb. Az \u00f6r\u00f6m \u00f6r\u00f6kl\u00e9tet k\u00edv\u00e1n, m\u00e9ly, m\u00e9ly \u00f6r\u00f6kk\u00e9val\u00f3s\u00e1got!\u00ab&#8221;<\/span> \u2013 <\/strong><em>(Pilinszky J\u00e1nos \u2013 katolikus k\u00f6lt\u0151 \u2013 1921 \u2013 1981)<\/em><\/p>\n","protected":false},"excerpt":{"rendered":"<p>* December 6-\u00e1n,\u00a0p\u00e9nteken, Stuttgartban 8.00 \u00f3rakor rorate-szentmise, ut\u00e1na k\u00f6z\u00f6s reggeli. 18.00 \u00f3rakor a k\u00f6z\u00f6ss\u00e9gi teremben Bar\u00e1ts\u00e1gklub. Ennek keret\u00e9ben gyermekeinkkel egy\u00fctt Szent Mikl\u00f3s p\u00fcsp\u00f6kr\u0151l eml\u00e9kez\u00fcnk meg. V\u00e1rjuk a gyermekeket sz\u00fcl\u0151kkel, nagysz\u00fcl\u0151kkel egy\u00fctt. * December 7-\u00e9n, szombaton, Weingartenben a 14 Nothelfer Kapelle-ben 7.00 \u00f3rakor\u00a0rorate&#8211;szentmise. Ut\u00e1na k\u00f6z\u00f6s reggeli. Balingenben 16.00 \u00f3rakor szentmise, keret\u00e9ben a 2. adventi gyertya meggy\u00fajt\u00e1sa, egyben megeml\u00e9kez\u00fcnk Szent Mikl\u00f3s p\u00fcsp\u00f6kr\u0151l, ut\u00e1na agap\u00e9. \u00a0* December 8-\u00e1n, Advent 2. vas\u00e1rnapj\u00e1n, Weingartenben 10.00 \u00f3rakor a 14 Nothelfer Kapelle-ben szentmise, keret\u00e9ben a 2. adventi gyertya meggy\u00fajt\u00e1sa, megeml\u00e9kez\u00e9s Szent Mikl\u00f3s p\u00fcsp\u00f6kr\u0151l, ut\u00e1na agap\u00e9. Ulmban 15.00 \u00f3rakor szentmise, keret\u00e9ben a 2. adventi gyertya meggy\u00fajt\u00e1sa, egyben megeml\u00e9kez\u00fcnk Szent Mikl\u00f3s p\u00fcsp\u00f6kr\u0151l, ut\u00e1na agap\u00e9. * * Minden helyen mindenkit szeretettel v\u00e1r a k\u00f6z\u00f6ss\u00e9g \u00e9s Tibor atya! Bens\u0151s\u00e9ges adventi napokat, j\u00f3 tal\u00e1lkoz\u00e1sokat \u00e9s sok \u00f6r\u00f6met k\u00edv\u00e1nunk minden Kedves H\u00edv\u00fcnknek! * &#8222;\u00d6r\u00f6mre kell berendezkedni. Nem szabad f\u00e9lni a teljes \u00f6r\u00f6mt\u0151l. Ahogy Nietzsche mondja: \u00bbM\u00e9ly a f\u00e1jdalom, de az \u00f6r\u00f6m m\u00e9g m\u00e9lyebb. Az \u00f6r\u00f6m \u00f6r\u00f6kl\u00e9tet k\u00edv\u00e1n, m\u00e9ly, m\u00e9ly \u00f6r\u00f6kk\u00e9val\u00f3s\u00e1got!\u00ab&#8221; \u2013 (Pilinszky J\u00e1nos \u2013 katolikus k\u00f6lt\u0151 \u2013 1921 \u2013 1981)<\/p>\n","protected":false},"author":3,"featured_media":27571,"comment_status":"closed","ping_status":"closed","sticky":false,"template":"","format":"standard","meta":{"footnotes":""},"categories":[37],"tags":[],"class_list":["post-29806","post","type-post","status-publish","format-standard","has-post-thumbnail","hentry","category-progamelozetes"],"yoast_head":"<!-- This site is optimized with the Yoast SEO plugin v27.3 - https:\/\/yoast.com\/product\/yoast-seo-wordpress\/ -->\n<title>2024. DECEMBER 2 \u00c9S 8 K\u00d6Z\u00d6TT - Stuttgarti Katolikusok<\/title>\n<meta name=\"robots\" content=\"index, follow, max-snippet:-1, max-image-preview:large, max-video-preview:-1\" \/>\n<link rel=\"canonical\" href=\"https:\/\/stuttgarti-katolikusok.de\/index.php\/2024-december-2-es-8-kozott\/\" \/>\n<meta property=\"og:locale\" content=\"hu_HU\" \/>\n<meta property=\"og:type\" content=\"article\" \/>\n<meta property=\"og:title\" content=\"2024. DECEMBER 2 \u00c9S 8 K\u00d6Z\u00d6TT - Stuttgarti Katolikusok\" \/>\n<meta property=\"og:description\" content=\"* December 6-\u00e1n,\u00a0p\u00e9nteken, Stuttgartban 8.00 \u00f3rakor rorate-szentmise, ut\u00e1na k\u00f6z\u00f6s reggeli. 18.00 \u00f3rakor a k\u00f6z\u00f6ss\u00e9gi teremben Bar\u00e1ts\u00e1gklub. Ennek keret\u00e9ben gyermekeinkkel egy\u00fctt Szent Mikl\u00f3s p\u00fcsp\u00f6kr\u0151l eml\u00e9kez\u00fcnk meg. V\u00e1rjuk a gyermekeket sz\u00fcl\u0151kkel, nagysz\u00fcl\u0151kkel egy\u00fctt. * December 7-\u00e9n, szombaton, Weingartenben a 14 Nothelfer Kapelle-ben 7.00 \u00f3rakor\u00a0rorate&#8211;szentmise. Ut\u00e1na k\u00f6z\u00f6s reggeli. Balingenben 16.00 \u00f3rakor szentmise, keret\u00e9ben a 2. adventi gyertya meggy\u00fajt\u00e1sa, egyben megeml\u00e9kez\u00fcnk Szent Mikl\u00f3s p\u00fcsp\u00f6kr\u0151l, ut\u00e1na agap\u00e9. \u00a0* December 8-\u00e1n, Advent 2. vas\u00e1rnapj\u00e1n, Weingartenben 10.00 \u00f3rakor a 14 Nothelfer Kapelle-ben szentmise, keret\u00e9ben a 2. adventi gyertya meggy\u00fajt\u00e1sa, megeml\u00e9kez\u00e9s Szent Mikl\u00f3s p\u00fcsp\u00f6kr\u0151l, ut\u00e1na agap\u00e9. Ulmban 15.00 \u00f3rakor szentmise, keret\u00e9ben a 2. adventi gyertya meggy\u00fajt\u00e1sa, egyben megeml\u00e9kez\u00fcnk Szent Mikl\u00f3s p\u00fcsp\u00f6kr\u0151l, ut\u00e1na agap\u00e9. * * Minden helyen mindenkit szeretettel v\u00e1r a k\u00f6z\u00f6ss\u00e9g \u00e9s Tibor atya! Bens\u0151s\u00e9ges adventi napokat, j\u00f3 tal\u00e1lkoz\u00e1sokat \u00e9s sok \u00f6r\u00f6met k\u00edv\u00e1nunk minden Kedves H\u00edv\u00fcnknek! * &#8222;\u00d6r\u00f6mre kell berendezkedni. Nem szabad f\u00e9lni a teljes \u00f6r\u00f6mt\u0151l. Ahogy Nietzsche mondja: \u00bbM\u00e9ly a f\u00e1jdalom, de az \u00f6r\u00f6m m\u00e9g m\u00e9lyebb. Az \u00f6r\u00f6m \u00f6r\u00f6kl\u00e9tet k\u00edv\u00e1n, m\u00e9ly, m\u00e9ly \u00f6r\u00f6kk\u00e9val\u00f3s\u00e1got!\u00ab&#8221; \u2013 (Pilinszky J\u00e1nos \u2013 katolikus k\u00f6lt\u0151 \u2013 1921 \u2013 1981)\" \/>\n<meta property=\"og:url\" content=\"https:\/\/stuttgarti-katolikusok.de\/index.php\/2024-december-2-es-8-kozott\/\" \/>\n<meta property=\"og:site_name\" content=\"Stuttgarti Katolikusok\" \/>\n<meta property=\"article:published_time\" content=\"2024-12-02T22:53:32+00:00\" \/>\n<meta property=\"article:modified_time\" content=\"2024-12-02T23:45:40+00:00\" \/>\n<meta property=\"og:image\" content=\"https:\/\/stuttgarti-katolikusok.de\/wp-content\/uploads\/2023\/12\/whatsapp-kep-2023-12-03-133518-bd057efb.jpg\" \/>\n\t<meta property=\"og:image:width\" content=\"1906\" \/>\n\t<meta property=\"og:image:height\" content=\"1238\" \/>\n\t<meta property=\"og:image:type\" content=\"image\/jpeg\" \/>\n<meta name=\"author\" content=\"Tibor atya\" \/>\n<meta name=\"twitter:card\" content=\"summary_large_image\" \/>\n<meta name=\"twitter:label1\" content=\"Szerz\u0151:\" \/>\n\t<meta name=\"twitter:data1\" content=\"Tibor atya\" \/>\n\t<meta name=\"twitter:label2\" content=\"Becs\u00fclt olvas\u00e1si id\u0151\" \/>\n\t<meta name=\"twitter:data2\" content=\"2 perc\" \/>\n<script type=\"application\/ld+json\" class=\"yoast-schema-graph\">{\"@context\":\"https:\\\/\\\/schema.org\",\"@graph\":[{\"@type\":\"Article\",\"@id\":\"https:\\\/\\\/stuttgarti-katolikusok.de\\\/index.php\\\/2024-december-2-es-8-kozott\\\/#article\",\"isPartOf\":{\"@id\":\"https:\\\/\\\/stuttgarti-katolikusok.de\\\/index.php\\\/2024-december-2-es-8-kozott\\\/\"},\"author\":{\"name\":\"Tibor atya\",\"@id\":\"https:\\\/\\\/stuttgarti-katolikusok.de\\\/#\\\/schema\\\/person\\\/75908d6f8fdc03a57889d27209df7795\"},\"headline\":\"2024. DECEMBER 2 \u00c9S 8 K\u00d6Z\u00d6TT\",\"datePublished\":\"2024-12-02T22:53:32+00:00\",\"dateModified\":\"2024-12-02T23:45:40+00:00\",\"mainEntityOfPage\":{\"@id\":\"https:\\\/\\\/stuttgarti-katolikusok.de\\\/index.php\\\/2024-december-2-es-8-kozott\\\/\"},\"wordCount\":246,\"image\":{\"@id\":\"https:\\\/\\\/stuttgarti-katolikusok.de\\\/index.php\\\/2024-december-2-es-8-kozott\\\/#primaryimage\"},\"thumbnailUrl\":\"https:\\\/\\\/stuttgarti-katolikusok.de\\\/wp-content\\\/uploads\\\/2023\\\/12\\\/whatsapp-kep-2023-12-03-133518-bd057efb.jpg\",\"articleSection\":[\"Progamel\u0151zetes\"],\"inLanguage\":\"hu\"},{\"@type\":\"WebPage\",\"@id\":\"https:\\\/\\\/stuttgarti-katolikusok.de\\\/index.php\\\/2024-december-2-es-8-kozott\\\/\",\"url\":\"https:\\\/\\\/stuttgarti-katolikusok.de\\\/index.php\\\/2024-december-2-es-8-kozott\\\/\",\"name\":\"2024. DECEMBER 2 \u00c9S 8 K\u00d6Z\u00d6TT - Stuttgarti Katolikusok\",\"isPartOf\":{\"@id\":\"https:\\\/\\\/stuttgarti-katolikusok.de\\\/#website\"},\"primaryImageOfPage\":{\"@id\":\"https:\\\/\\\/stuttgarti-katolikusok.de\\\/index.php\\\/2024-december-2-es-8-kozott\\\/#primaryimage\"},\"image\":{\"@id\":\"https:\\\/\\\/stuttgarti-katolikusok.de\\\/index.php\\\/2024-december-2-es-8-kozott\\\/#primaryimage\"},\"thumbnailUrl\":\"https:\\\/\\\/stuttgarti-katolikusok.de\\\/wp-content\\\/uploads\\\/2023\\\/12\\\/whatsapp-kep-2023-12-03-133518-bd057efb.jpg\",\"datePublished\":\"2024-12-02T22:53:32+00:00\",\"dateModified\":\"2024-12-02T23:45:40+00:00\",\"author\":{\"@id\":\"https:\\\/\\\/stuttgarti-katolikusok.de\\\/#\\\/schema\\\/person\\\/75908d6f8fdc03a57889d27209df7795\"},\"breadcrumb\":{\"@id\":\"https:\\\/\\\/stuttgarti-katolikusok.de\\\/index.php\\\/2024-december-2-es-8-kozott\\\/#breadcrumb\"},\"inLanguage\":\"hu\",\"potentialAction\":[{\"@type\":\"ReadAction\",\"target\":[\"https:\\\/\\\/stuttgarti-katolikusok.de\\\/index.php\\\/2024-december-2-es-8-kozott\\\/\"]}]},{\"@type\":\"ImageObject\",\"inLanguage\":\"hu\",\"@id\":\"https:\\\/\\\/stuttgarti-katolikusok.de\\\/index.php\\\/2024-december-2-es-8-kozott\\\/#primaryimage\",\"url\":\"https:\\\/\\\/stuttgarti-katolikusok.de\\\/wp-content\\\/uploads\\\/2023\\\/12\\\/whatsapp-kep-2023-12-03-133518-bd057efb.jpg\",\"contentUrl\":\"https:\\\/\\\/stuttgarti-katolikusok.de\\\/wp-content\\\/uploads\\\/2023\\\/12\\\/whatsapp-kep-2023-12-03-133518-bd057efb.jpg\",\"width\":1906,\"height\":1238},{\"@type\":\"BreadcrumbList\",\"@id\":\"https:\\\/\\\/stuttgarti-katolikusok.de\\\/index.php\\\/2024-december-2-es-8-kozott\\\/#breadcrumb\",\"itemListElement\":[{\"@type\":\"ListItem\",\"position\":1,\"name\":\"Kezd\u0151lap\",\"item\":\"https:\\\/\\\/stuttgarti-katolikusok.de\\\/\"},{\"@type\":\"ListItem\",\"position\":2,\"name\":\"2024. DECEMBER 2 \u00c9S 8 K\u00d6Z\u00d6TT\"}]},{\"@type\":\"WebSite\",\"@id\":\"https:\\\/\\\/stuttgarti-katolikusok.de\\\/#website\",\"url\":\"https:\\\/\\\/stuttgarti-katolikusok.de\\\/\",\"name\":\"Stuttgarti Katolikusok\",\"description\":\"\",\"potentialAction\":[{\"@type\":\"SearchAction\",\"target\":{\"@type\":\"EntryPoint\",\"urlTemplate\":\"https:\\\/\\\/stuttgarti-katolikusok.de\\\/?s={search_term_string}\"},\"query-input\":{\"@type\":\"PropertyValueSpecification\",\"valueRequired\":true,\"valueName\":\"search_term_string\"}}],\"inLanguage\":\"hu\"},{\"@type\":\"Person\",\"@id\":\"https:\\\/\\\/stuttgarti-katolikusok.de\\\/#\\\/schema\\\/person\\\/75908d6f8fdc03a57889d27209df7795\",\"name\":\"Tibor atya\",\"image\":{\"@type\":\"ImageObject\",\"inLanguage\":\"hu\",\"@id\":\"https:\\\/\\\/secure.gravatar.com\\\/avatar\\\/61d268e57d1f4525b111222e29d2d5a7f8c420fdbf231ba5566a8ceac74fa960?s=96&d=mm&r=g\",\"url\":\"https:\\\/\\\/secure.gravatar.com\\\/avatar\\\/61d268e57d1f4525b111222e29d2d5a7f8c420fdbf231ba5566a8ceac74fa960?s=96&d=mm&r=g\",\"contentUrl\":\"https:\\\/\\\/secure.gravatar.com\\\/avatar\\\/61d268e57d1f4525b111222e29d2d5a7f8c420fdbf231ba5566a8ceac74fa960?s=96&d=mm&r=g\",\"caption\":\"Tibor atya\"},\"url\":\"https:\\\/\\\/stuttgarti-katolikusok.de\\\/index.php\\\/author\\\/tibor-atya\\\/\"}]}<\/script>\n<!-- \/ Yoast SEO plugin. -->","yoast_head_json":{"title":"2024. DECEMBER 2 \u00c9S 8 K\u00d6Z\u00d6TT - Stuttgarti Katolikusok","robots":{"index":"index","follow":"follow","max-snippet":"max-snippet:-1","max-image-preview":"max-image-preview:large","max-video-preview":"max-video-preview:-1"},"canonical":"https:\/\/stuttgarti-katolikusok.de\/index.php\/2024-december-2-es-8-kozott\/","og_locale":"hu_HU","og_type":"article","og_title":"2024. DECEMBER 2 \u00c9S 8 K\u00d6Z\u00d6TT - Stuttgarti Katolikusok","og_description":"* December 6-\u00e1n,\u00a0p\u00e9nteken, Stuttgartban 8.00 \u00f3rakor rorate-szentmise, ut\u00e1na k\u00f6z\u00f6s reggeli. 18.00 \u00f3rakor a k\u00f6z\u00f6ss\u00e9gi teremben Bar\u00e1ts\u00e1gklub. Ennek keret\u00e9ben gyermekeinkkel egy\u00fctt Szent Mikl\u00f3s p\u00fcsp\u00f6kr\u0151l eml\u00e9kez\u00fcnk meg. V\u00e1rjuk a gyermekeket sz\u00fcl\u0151kkel, nagysz\u00fcl\u0151kkel egy\u00fctt. * December 7-\u00e9n, szombaton, Weingartenben a 14 Nothelfer Kapelle-ben 7.00 \u00f3rakor\u00a0rorate&#8211;szentmise. Ut\u00e1na k\u00f6z\u00f6s reggeli. Balingenben 16.00 \u00f3rakor szentmise, keret\u00e9ben a 2. adventi gyertya meggy\u00fajt\u00e1sa, egyben megeml\u00e9kez\u00fcnk Szent Mikl\u00f3s p\u00fcsp\u00f6kr\u0151l, ut\u00e1na agap\u00e9. \u00a0* December 8-\u00e1n, Advent 2. vas\u00e1rnapj\u00e1n, Weingartenben 10.00 \u00f3rakor a 14 Nothelfer Kapelle-ben szentmise, keret\u00e9ben a 2. adventi gyertya meggy\u00fajt\u00e1sa, megeml\u00e9kez\u00e9s Szent Mikl\u00f3s p\u00fcsp\u00f6kr\u0151l, ut\u00e1na agap\u00e9. Ulmban 15.00 \u00f3rakor szentmise, keret\u00e9ben a 2. adventi gyertya meggy\u00fajt\u00e1sa, egyben megeml\u00e9kez\u00fcnk Szent Mikl\u00f3s p\u00fcsp\u00f6kr\u0151l, ut\u00e1na agap\u00e9. * * Minden helyen mindenkit szeretettel v\u00e1r a k\u00f6z\u00f6ss\u00e9g \u00e9s Tibor atya! Bens\u0151s\u00e9ges adventi napokat, j\u00f3 tal\u00e1lkoz\u00e1sokat \u00e9s sok \u00f6r\u00f6met k\u00edv\u00e1nunk minden Kedves H\u00edv\u00fcnknek! * &#8222;\u00d6r\u00f6mre kell berendezkedni. Nem szabad f\u00e9lni a teljes \u00f6r\u00f6mt\u0151l. Ahogy Nietzsche mondja: \u00bbM\u00e9ly a f\u00e1jdalom, de az \u00f6r\u00f6m m\u00e9g m\u00e9lyebb. Az \u00f6r\u00f6m \u00f6r\u00f6kl\u00e9tet k\u00edv\u00e1n, m\u00e9ly, m\u00e9ly \u00f6r\u00f6kk\u00e9val\u00f3s\u00e1got!\u00ab&#8221; \u2013 (Pilinszky J\u00e1nos \u2013 katolikus k\u00f6lt\u0151 \u2013 1921 \u2013 1981)","og_url":"https:\/\/stuttgarti-katolikusok.de\/index.php\/2024-december-2-es-8-kozott\/","og_site_name":"Stuttgarti Katolikusok","article_published_time":"2024-12-02T22:53:32+00:00","article_modified_time":"2024-12-02T23:45:40+00:00","og_image":[{"width":1906,"height":1238,"url":"https:\/\/stuttgarti-katolikusok.de\/wp-content\/uploads\/2023\/12\/whatsapp-kep-2023-12-03-133518-bd057efb.jpg","type":"image\/jpeg"}],"author":"Tibor atya","twitter_card":"summary_large_image","twitter_misc":{"Szerz\u0151:":"Tibor atya","Becs\u00fclt olvas\u00e1si id\u0151":"2 perc"},"schema":{"@context":"https:\/\/schema.org","@graph":[{"@type":"Article","@id":"https:\/\/stuttgarti-katolikusok.de\/index.php\/2024-december-2-es-8-kozott\/#article","isPartOf":{"@id":"https:\/\/stuttgarti-katolikusok.de\/index.php\/2024-december-2-es-8-kozott\/"},"author":{"name":"Tibor atya","@id":"https:\/\/stuttgarti-katolikusok.de\/#\/schema\/person\/75908d6f8fdc03a57889d27209df7795"},"headline":"2024. DECEMBER 2 \u00c9S 8 K\u00d6Z\u00d6TT","datePublished":"2024-12-02T22:53:32+00:00","dateModified":"2024-12-02T23:45:40+00:00","mainEntityOfPage":{"@id":"https:\/\/stuttgarti-katolikusok.de\/index.php\/2024-december-2-es-8-kozott\/"},"wordCount":246,"image":{"@id":"https:\/\/stuttgarti-katolikusok.de\/index.php\/2024-december-2-es-8-kozott\/#primaryimage"},"thumbnailUrl":"https:\/\/stuttgarti-katolikusok.de\/wp-content\/uploads\/2023\/12\/whatsapp-kep-2023-12-03-133518-bd057efb.jpg","articleSection":["Progamel\u0151zetes"],"inLanguage":"hu"},{"@type":"WebPage","@id":"https:\/\/stuttgarti-katolikusok.de\/index.php\/2024-december-2-es-8-kozott\/","url":"https:\/\/stuttgarti-katolikusok.de\/index.php\/2024-december-2-es-8-kozott\/","name":"2024. DECEMBER 2 \u00c9S 8 K\u00d6Z\u00d6TT - Stuttgarti Katolikusok","isPartOf":{"@id":"https:\/\/stuttgarti-katolikusok.de\/#website"},"primaryImageOfPage":{"@id":"https:\/\/stuttgarti-katolikusok.de\/index.php\/2024-december-2-es-8-kozott\/#primaryimage"},"image":{"@id":"https:\/\/stuttgarti-katolikusok.de\/index.php\/2024-december-2-es-8-kozott\/#primaryimage"},"thumbnailUrl":"https:\/\/stuttgarti-katolikusok.de\/wp-content\/uploads\/2023\/12\/whatsapp-kep-2023-12-03-133518-bd057efb.jpg","datePublished":"2024-12-02T22:53:32+00:00","dateModified":"2024-12-02T23:45:40+00:00","author":{"@id":"https:\/\/stuttgarti-katolikusok.de\/#\/schema\/person\/75908d6f8fdc03a57889d27209df7795"},"breadcrumb":{"@id":"https:\/\/stuttgarti-katolikusok.de\/index.php\/2024-december-2-es-8-kozott\/#breadcrumb"},"inLanguage":"hu","potentialAction":[{"@type":"ReadAction","target":["https:\/\/stuttgarti-katolikusok.de\/index.php\/2024-december-2-es-8-kozott\/"]}]},{"@type":"ImageObject","inLanguage":"hu","@id":"https:\/\/stuttgarti-katolikusok.de\/index.php\/2024-december-2-es-8-kozott\/#primaryimage","url":"https:\/\/stuttgarti-katolikusok.de\/wp-content\/uploads\/2023\/12\/whatsapp-kep-2023-12-03-133518-bd057efb.jpg","contentUrl":"https:\/\/stuttgarti-katolikusok.de\/wp-content\/uploads\/2023\/12\/whatsapp-kep-2023-12-03-133518-bd057efb.jpg","width":1906,"height":1238},{"@type":"BreadcrumbList","@id":"https:\/\/stuttgarti-katolikusok.de\/index.php\/2024-december-2-es-8-kozott\/#breadcrumb","itemListElement":[{"@type":"ListItem","position":1,"name":"Kezd\u0151lap","item":"https:\/\/stuttgarti-katolikusok.de\/"},{"@type":"ListItem","position":2,"name":"2024. DECEMBER 2 \u00c9S 8 K\u00d6Z\u00d6TT"}]},{"@type":"WebSite","@id":"https:\/\/stuttgarti-katolikusok.de\/#website","url":"https:\/\/stuttgarti-katolikusok.de\/","name":"Stuttgarti Katolikusok","description":"","potentialAction":[{"@type":"SearchAction","target":{"@type":"EntryPoint","urlTemplate":"https:\/\/stuttgarti-katolikusok.de\/?s={search_term_string}"},"query-input":{"@type":"PropertyValueSpecification","valueRequired":true,"valueName":"search_term_string"}}],"inLanguage":"hu"},{"@type":"Person","@id":"https:\/\/stuttgarti-katolikusok.de\/#\/schema\/person\/75908d6f8fdc03a57889d27209df7795","name":"Tibor atya","image":{"@type":"ImageObject","inLanguage":"hu","@id":"https:\/\/secure.gravatar.com\/avatar\/61d268e57d1f4525b111222e29d2d5a7f8c420fdbf231ba5566a8ceac74fa960?s=96&d=mm&r=g","url":"https:\/\/secure.gravatar.com\/avatar\/61d268e57d1f4525b111222e29d2d5a7f8c420fdbf231ba5566a8ceac74fa960?s=96&d=mm&r=g","contentUrl":"https:\/\/secure.gravatar.com\/avatar\/61d268e57d1f4525b111222e29d2d5a7f8c420fdbf231ba5566a8ceac74fa960?s=96&d=mm&r=g","caption":"Tibor atya"},"url":"https:\/\/stuttgarti-katolikusok.de\/index.php\/author\/tibor-atya\/"}]}},"_links":{"self":[{"href":"https:\/\/stuttgarti-katolikusok.de\/index.php\/wp-json\/wp\/v2\/posts\/29806","targetHints":{"allow":["GET"]}}],"collection":[{"href":"https:\/\/stuttgarti-katolikusok.de\/index.php\/wp-json\/wp\/v2\/posts"}],"about":[{"href":"https:\/\/stuttgarti-katolikusok.de\/index.php\/wp-json\/wp\/v2\/types\/post"}],"author":[{"embeddable":true,"href":"https:\/\/stuttgarti-katolikusok.de\/index.php\/wp-json\/wp\/v2\/users\/3"}],"replies":[{"embeddable":true,"href":"https:\/\/stuttgarti-katolikusok.de\/index.php\/wp-json\/wp\/v2\/comments?post=29806"}],"version-history":[{"count":4,"href":"https:\/\/stuttgarti-katolikusok.de\/index.php\/wp-json\/wp\/v2\/posts\/29806\/revisions"}],"predecessor-version":[{"id":29816,"href":"https:\/\/stuttgarti-katolikusok.de\/index.php\/wp-json\/wp\/v2\/posts\/29806\/revisions\/29816"}],"wp:featuredmedia":[{"embeddable":true,"href":"https:\/\/stuttgarti-katolikusok.de\/index.php\/wp-json\/wp\/v2\/media\/27571"}],"wp:attachment":[{"href":"https:\/\/stuttgarti-katolikusok.de\/index.php\/wp-json\/wp\/v2\/media?parent=29806"}],"wp:term":[{"taxonomy":"category","embeddable":true,"href":"https:\/\/stuttgarti-katolikusok.de\/index.php\/wp-json\/wp\/v2\/categories?post=29806"},{"taxonomy":"post_tag","embeddable":true,"href":"https:\/\/stuttgarti-katolikusok.de\/index.php\/wp-json\/wp\/v2\/tags?post=29806"}],"curies":[{"name":"wp","href":"https:\/\/api.w.org\/{rel}","templated":true}]}}