{"id":29799,"date":"2024-12-02T00:59:38","date_gmt":"2024-12-01T23:59:38","guid":{"rendered":"https:\/\/stuttgarti-katolikusok.de\/?p=29799"},"modified":"2024-12-02T01:10:18","modified_gmt":"2024-12-02T00:10:18","slug":"advent-1-vasarnapja-3","status":"publish","type":"post","link":"https:\/\/stuttgarti-katolikusok.de\/index.php\/advent-1-vasarnapja-3\/","title":{"rendered":"Advent 1. vas\u00e1rnapja"},"content":{"rendered":"<p align=\"justify\"><span style=\"color: #800080;\"><em>Adventban visszaeml\u00e9kez\u00fcnk arra az id\u0151re, amikor az emberis\u00e9g v\u00e1rta a meg\u00edg\u00e9rt Megv\u00e1lt\u00f3t. Egy\u00fattal az \u0151 sz\u00fclet\u00e9s\u00e9nek \u00fcnnep\u00e9re \u00e9s m\u00e1sodik elj\u00f6vetel\u00e9re is k\u00e9sz\u00fcl\u00fcnk. Az \u0151skereszt\u00e9nyek foh\u00e1sz\u00e1val im\u00e1dkozunk: &#8222;J\u00f6jj el, Uram J\u00e9zus!&#8221; (Jel 22,20) J\u00f6jj, \u00e9s kegyelmeddel seg\u00edts \u00e9s szentelj meg benn\u00fcnket.<\/em><\/span><\/p>\n<p><span style=\"color: #800080;\">Kezd\u0151\u00e9nek:<\/span><br \/>\nHozz\u00e1d emelem az \u00e9n lelkemet, Uram, \u00e9n Istenem, tebenned b\u00edzom, pirulnom ne kelljen! Ne ujjongjon ellens\u00e9g f\u00f6l\u00f6ttem, hiszen aki t\u00e9ged v\u00e1r, meg nem sz\u00e9gyen\u00fcl. (V\u00f6. Zsolt 24,1-3)<\/p>\n<p><span style=\"color: #800080;\">K\u00f6ny\u00f6rg\u00e9s:<\/span><br \/>\nMindenhat\u00f3, \u00f6r\u00f6k Isten, \u00f6nts h\u00edveid sz\u00edv\u00e9be szent elhat\u00e1roz\u00e1st, hogy j\u00f3tettekkel siess\u00fcnk a k\u00f6zelg\u0151 Krisztus el\u00e9, \u0151 pedig egykor jobbj\u00e1ra \u00e1ll\u00edtson minket orsz\u00e1g\u00e1ban, \u00e9s mindny\u00e1jan egy\u00fctt \u00f6rvendj\u00fcnk a boldog \u00f6r\u00f6kk\u00e9val\u00f3s\u00e1gban. A mi Urunk, J\u00e9zus Krisztus, a te Fiad \u00e1ltal, aki veled \u00e9l \u00e9s uralkodik a Szentl\u00e9lekkel egys\u00e9gben, Isten mind\u00f6r\u00f6kk\u00f6n \u00f6r\u00f6kk\u00e9.<\/p>\n<p align=\"justify\"><span style=\"color: #800080;\">OLVASM\u00c1NY Jeremi\u00e1s pr\u00f3f\u00e9ta k\u00f6nyv\u00e9b\u0151l (Jer 33,14-16)<\/span><br \/>\n<em>Isten elk\u00fcldi a Messi\u00e1st, aki D\u00e1vid nemzets\u00e9g\u00e9b\u0151l sz\u00fcletik.<\/em><br \/>\n\u00cdme, j\u00f6nnek majd napok \u2013 mondja az \u00dar \u2013, amikor teljes\u00edtem a j\u00f3t, amelyet Izrael h\u00e1z\u00e1nak \u00e9s J\u00fada h\u00e1z\u00e1nak meg\u00edg\u00e9rtem:<br \/>\nAzokban a napokban \u00e9s abban az id\u0151ben igaz sarjat t\u00e1masztok D\u00e1vidnak, aki jogot \u00e9s igazs\u00e1got teremt az orsz\u00e1gban. Azokban a napokban megszabadul J\u00fada, \u00e9s biztons\u00e1gban \u00e9l Jeruzs\u00e1lem. \u00c9s a v\u00e1rost \u00edgy h\u00edvj\u00e1k majd: \u201eAz \u00dar a mi igazs\u00e1gunk!\u201d<br \/>\nEz az Isten ig\u00e9je.<\/p>\n<p align=\"justify\"><span style=\"color: #800080;\">V\u00c1LASZOS ZSOLT\u00c1R (Zsolt 24,4bc-5ab.8-9.10 \u00e9s 14)<\/span><br \/>\nV\u00e1lasz:\u00a0<strong>Hozz\u00e1d eme<u>lem<\/u>\u00a0a lelkem, * \u00e9n Uram, Is<u>te<\/u>nem.<\/strong>\u00a0(4 g. t\u00f3nus)<br \/>\nEl\u0151\u00e9nekes: Utaidat, Uram, mu<u>tasd<\/u>\u00a0meg n\u00e9kem, * \u00f6sv\u00e9nyeidre tan\u00edts meg en<u>gem<\/u>.<br \/>\nTan\u00edts \u00e9s vezess igaz<u>s\u00e1<\/u>god szerint, * mert te vagy \u00fcdv\u00f6z\u00edt\u0151 Is<u>te<\/u>nem.<br \/>\nH\u00edvek:\u00a0<strong>Hozz\u00e1d eme<u>lem<\/u>\u00a0a lelkem, * \u00e9n Uram, Is<u>te<\/u>nem.<\/strong><br \/>\nE: Az \u00dar igazs\u00e1<u>gos<\/u>\u00a0\u00e9s j\u00f3s\u00e1gos, * ez\u00e9rt a b\u0171n\u00f6s\u00f6knek is utat mu<u>tat<\/u>.<br \/>\nAz al\u00e1zatost a\u00a0<u>j\u00f3<\/u>ban vez\u00e9rli, * a szel\u00eddet \u00fatj\u00e1ra ta<u>n\u00edt<\/u>ja.<br \/>\nH:\u00a0<strong>Hozz\u00e1d eme<u>lem<\/u>\u00a0a lelkem, * \u00e9n Uram, Is<u>te<\/u>nem.<\/strong><br \/>\nE: Az \u00dar minden \u00fatja irgalom \u00e9s\u00a0<u>h\u0171<\/u>s\u00e9g azoknak, * akik sz\u00f6vets\u00e9g\u00e9t \u00e9s t\u00f6rv\u00e9ny\u00e9t meg<u>tart<\/u>j\u00e1k.<br \/>\nIsten bar\u00e1ts\u00e1g\u00e1t \u00e9lvezik, a<u>kik<\/u>\u00a0\u0151t f\u00e9lik, * sz\u00f6vets\u00e9g\u00e9t felt\u00e1rja n\u00e9<u>kik<\/u>.<br \/>\nH:\u00a0<strong>Hozz\u00e1d eme<u>lem<\/u>\u00a0a lelkem, * \u00e9n Uram, Is<u>te<\/u>nem.<\/strong><\/p>\n<p align=\"justify\"><span style=\"color: #800080;\">SZENTLECKE Szent P\u00e1l apostolnak a tesszaloniki h\u00edvekhez \u00edrt els\u0151 level\u00e9b\u0151l (1Tessz 3,12-4,2)<\/span><br \/>\n<em>Krisztus e j\u00f6vetel\u00e9re er\u0151s\u00edtse meg sz\u00edv\u00fcnket az \u00dar.<\/em><br \/>\nTestv\u00e9reim!<br \/>\nGyarap\u00edtson \u00e9s gazdag\u00edtson titeket az \u00dar a szeretetben egym\u00e1s \u00e9s mindenki ir\u00e1nt, mint ahogy mi is szeret\u00fcnk titeket. Tegye \u00e1llhatatoss\u00e1 sz\u00edveteket, hogy feddhetetlen szents\u00e9gben \u00e1llhassatok Isten\u00fcnk \u00e9s Aty\u00e1nk el\u00e9, amikor a mi Urunk, J\u00e9zus majd elj\u00f6n, \u00f6sszes szentj\u00e9nek k\u00eds\u00e9ret\u00e9ben.<br \/>\nTov\u00e1bb\u00e1 k\u00e9r\u00fcnk \u00e9s int\u00fcnk titeket, testv\u00e9rek, Urunkban, J\u00e9zusban: Megtanult\u00e1tok t\u0151l\u00fcnk, hogyan kell Istennek tetsz\u0151 \u00e9letet \u00e9lnetek: \u00e9ljetek is h\u00e1t \u00edgy, s haladjatok egyre el\u0151bbre. Hiszen tudj\u00e1tok, milyen utas\u00edt\u00e1sokat adtunk nektek Urunk, J\u00e9zus \u00e1ltal.<br \/>\nEz az Isten ig\u00e9je.<\/p>\n<p align=\"justify\"><span style=\"color: #800080;\">ALLELUJA<\/span><br \/>\nUrunk, mutasd meg n\u00e9k\u00fcnk\u00a0<u>ir<\/u>galmas sz\u00edvedet, * \u00e9s \u00fcdv\u00f6ss\u00e9gedet\u00a0<u>add<\/u>\u00a0meg n\u00e9k\u00fcnk. Zsolt 84,8. \u2013 1 D<sup><small>2<\/small><\/sup>\u00a0t\u00f3nus.<\/p>\n<p align=\"justify\"><span style=\"color: #800080;\">\u2020 EVANG\u00c9LIUM Szent Luk\u00e1cs k\u00f6nyv\u00e9b\u0151l (Lk 21,25-28.34-36)<\/span><br \/>\n<em>Elk\u00f6zelgett a ti megv\u00e1lt\u00e1sotok.<\/em><br \/>\nJ\u00e9zus ezeket mondta tan\u00edtv\u00e1nyainak a vil\u00e1g v\u00e9g\u00e9r\u0151l:<br \/>\n\u201eJelek lesznek a Napban, a Holdban \u00e9s a csillagokban, a f\u00f6ld\u00f6n pedig k\u00e9ts\u00e9gbeesett retteg\u00e9s t\u00e1mad a n\u00e9pek k\u00f6z\u00f6tt a tenger z\u00fag\u00e1sa \u00e9s a hull\u00e1mok h\u00e1borg\u00e1sa miatt. Az emberek megdermednek a r\u00e9m\u00fclett\u0151l, mik\u00f6zben v\u00e1rj\u00e1k, hogy mi t\u00f6rt\u00e9nik a vil\u00e1ggal. A mindens\u00e9g \u00f6sszetart\u00f3 er\u0151i megrend\u00fclnek. Akkor majd megl\u00e1tj\u00e1k az Emberfi\u00e1t, amint elj\u00f6n a felh\u0151kben nagy hatalommal \u00e9s dics\u0151s\u00e9ggel.<br \/>\nAmikor mindez beteljesedik, n\u00e9zzetek fel, \u00e9s emelj\u00e9tek f\u00f6l fejeteket, mert el\u00e9rkezett megv\u00e1lt\u00e1sotok.<br \/>\nVigy\u00e1zzatok, hogy el ne nehezedj\u00e9k sz\u00edvetek tobz\u00f3d\u00e1sban, r\u00e9szegesked\u00e9sben \u00e9s az evil\u00e1gi gondokban. \u00cdgy majd nem \u00e9r k\u00e9sz\u00fcletlen\u00fcl benneteket az a nap. Mint a csapda, \u00fagy csap le mindazokra, akik a f\u00f6ld\u00f6n laknak. Virrasszatok h\u00e1t \u00e9s im\u00e1dkozzatok sz\u00fcntelen\u00fcl, hogy megmenek\u00fcljetek att\u00f3l, ami majd bek\u00f6vetkezik, \u00e9s meg\u00e1llhassatok az Emberfia sz\u00edne el\u0151tt.\u201d<br \/>\nEzek az evang\u00e9lium ig\u00e9i.<\/p>\n<p><span style=\"color: #800080;\">EGYETEMES K\u00d6NY\u00d6RG\u00c9SEK<\/span><br \/>\nPap: Az \u00faj egyh\u00e1zi \u00e9v kezdet\u00e9n, forduljunk, testv\u00e9reim, mennyei Aty\u00e1nkhoz, \u00e9s k\u00e9rj\u00fck, hogy megv\u00e1lt\u00e1sunk esem\u00e9nyeit \u00fcnnepelve, r\u00e9szes\u00fclj\u00fcnk Isten kegyelmi aj\u00e1nd\u00e9kaiban!<br \/>\nLektor: 1. Tiszt\u00edtsd meg, Urunk, sz\u00edv\u00fcnket a b\u0171nb\u00e1natban, hogy bizakodva v\u00e1rhassuk tal\u00e1lkoz\u00e1sunkat J\u00e9zus Krisztussal!<br \/>\nH\u00edvek: K\u00e9r\u00fcnk t\u00e9ged, hallgass meg minket.<br \/>\n2. Add, hogy a h\u00edvek kar\u00e1csonyra k\u00e9sz\u00fclve kegyelmed seg\u00edts\u00e9g\u00e9vel meg\u00faj\u00edts\u00e1k \u00e9let\u00fcket!<br \/>\nH\u00edvek: K\u00e9r\u00fcnk t\u00e9ged . . .<br \/>\n3. Seg\u00edtsd a n\u00e9pek vezet\u0151it, hogy eredm\u00e9nyesen szolg\u00e1lj\u00e1k a b\u00e9k\u00e9t \u00e9s az egyet\u00e9rt\u00e9st az eg\u00e9sz vil\u00e1gon!<br \/>\nH\u00edvek: K\u00e9r\u00fcnk t\u00e9ged . . .<br \/>\n4. Add, hogy a betegeknek \u00e9s a szenved\u0151knek vigasztal\u00e1st adjon J\u00e9zus elj\u00f6vetel\u00e9nek v\u00e1r\u00e1sa!<br \/>\nH\u00edvek: K\u00e9r\u00fcnk t\u00e9ged . . .<br \/>\n5. Elhunyt testv\u00e9reinknek pedig teljes\u00edtsd s\u00f3v\u00e1rg\u00f3 v\u00e1gyakoz\u00e1s\u00e1t, \u00e9s r\u00e9szes\u00edtsd \u0151ket szent sz\u00edned l\u00e1t\u00e1s\u00e1ban.<br \/>\nH\u00edvek: K\u00e9r\u00fcnk t\u00e9ged . . .<br \/>\nPap: Urunk; Isten\u00fcnk! Gyermeki bizalommal k\u00f6ny\u00f6rg\u00fcnk hozz\u00e1d: t\u00f6ltsd el sz\u00edv\u00fcnket kegyelmeddel, hogy \u00edgy m\u00e9lt\u00f3k lehess\u00fcnk a kar\u00e1csony \u00f6r\u00f6m\u00e9re \u00e9s b\u00e9k\u00e9j\u00e9re! Krisztus, a mi Urunk \u00e1ltal.<br \/>\nH\u00edvek: \u00c1men.<\/p>\n<p><span style=\"color: #800080;\">Felaj\u00e1nl\u00f3 k\u00f6ny\u00f6rg\u00e9s:<\/span><br \/>\nK\u00e9r\u00fcnk, Urunk, fogadd el az adom\u00e1nyokat, amelyeket t\u0151led kapott javainkb\u00f3l felaj\u00e1nlunk, \u00e9s add, hogy buzg\u00f3 l\u00e9lekkel bemutatott \u00e1ldozatunk nyerje el sz\u00e1munkra megv\u00e1lt\u00e1sod \u00f6r\u00f6k jutalm\u00e1t. Krisztus, a mi Urunk \u00e1ltal.<\/p>\n<p><span style=\"color: #800080;\">Pref\u00e1ci\u00f3:<\/span><br \/>\nAz \u00dar legyen veletek.<br \/>\nH.: \u00c9s a te lelkeddel.<br \/>\nEmelj\u00fck f\u00f6l sz\u00edv\u00fcnket.<br \/>\nH.: F\u00f6lemelt\u00fck az \u00darhoz.<br \/>\nAdjunk h\u00e1l\u00e1t Urunknak, Isten\u00fcnknek.<br \/>\nH.: M\u00e9lt\u00f3 \u00e9s igazs\u00e1gos.<br \/>\n(Mert) Val\u00f3ban m\u00e9lt\u00f3 \u00e9s igazs\u00e1gos, ill\u0151 \u00e9s \u00fcdv\u00f6s, hogy mindig \u00e9s minden\u00fctt h\u00e1l\u00e1t adjunk n\u00e9ked, mi Urunk, szents\u00e9ges Aty\u00e1nk, mindenhat\u00f3, \u00f6r\u00f6k Isten: \u2014 Krisztus, a mi Urunk \u00e1ltal.<br \/>\n\u0150 els\u0151 elj\u00f6vetelekor mag\u00e1t megal\u00e1zva testet \u00f6lt\u00f6tt, teljes\u00edtette a kezdett\u0151l fogva neki rendelt k\u00fcldet\u00e9st, \u00e9s megnyitotta sz\u00e1munkra az \u00f6r\u00f6k \u00fcdv\u00f6ss\u00e9g \u00fatj\u00e1t: hogy amikor dics\u0151s\u00e9ges f\u00e9nyben \u00fajra, elj\u00f6n, \u2014 l\u00e1that\u00f3 val\u00f3s\u00e1gban NYERj\u00fck el, amit most \u00edg\u00e9ret\u00e9ben b\u00edzva v\u00e1runk.<br \/>\n(\u00c9s) Ez\u00e9rt mi is, mik\u00e9nt az angyalok \u00e9s f\u0151angyalok, a tr\u00f3nod k\u00f6r\u00fcl \u00e1ll\u00f3 hatalmas \u00e9gi szellemek, \u00e9s minden seregek a mennyben, (a te) dics\u0151s\u00e9ged himnusz\u00e1t zengj\u00fck, \u2014 \u00e9s vel\u00fck EGy\u00fctt v\u00e9g n\u00e9lk\u00fcl mondjuk (\u00e9nekelj\u00fck):<\/p>\n<p><span style=\"color: #800080;\">\u00c1ldoz\u00e1si \u00e9nek:<\/span><br \/>\nAz \u00dar megadja kegyelm\u00e9t, \u00e9s f\u00f6ld\u00fcnk megtermi gy\u00fcm\u00f6lcs\u00e9t. (Zsolt 84,13)<\/p>\n<p><span style=\"color: #800080;\">\u00c1ldoz\u00e1s ut\u00e1ni k\u00f6ny\u00f6rg\u00e9s:<\/span><br \/>\nUrunk, Isten\u00fcnk, k\u00e9r\u00fcnk, szolg\u00e1ljanak javunkra az \u00fcnnepelt miszt\u00e9riumok, amelyekkel m\u00e1r mostani m\u00faland\u00f3 \u00e9let\u00fcnkben megtan\u00edtasz arra, hogy az \u00e9gieket szeress\u00fck, \u00e9s az \u00f6r\u00f6kk\u00e9val\u00f3khoz ragaszkodjunk. Krisztus, a mi Urunk \u00e1ltal.<\/p>\n","protected":false},"excerpt":{"rendered":"<p>Adventban visszaeml\u00e9kez\u00fcnk arra az id\u0151re, amikor az emberis\u00e9g v\u00e1rta a meg\u00edg\u00e9rt Megv\u00e1lt\u00f3t. Egy\u00fattal az \u0151 sz\u00fclet\u00e9s\u00e9nek \u00fcnnep\u00e9re \u00e9s m\u00e1sodik elj\u00f6vetel\u00e9re is k\u00e9sz\u00fcl\u00fcnk. Az \u0151skereszt\u00e9nyek foh\u00e1sz\u00e1val im\u00e1dkozunk: &#8222;J\u00f6jj el, Uram J\u00e9zus!&#8221; (Jel 22,20) J\u00f6jj, \u00e9s kegyelmeddel seg\u00edts \u00e9s szentelj meg benn\u00fcnket. Kezd\u0151\u00e9nek: Hozz\u00e1d emelem az \u00e9n lelkemet, Uram, \u00e9n Istenem, tebenned b\u00edzom, pirulnom ne kelljen! Ne ujjongjon ellens\u00e9g f\u00f6l\u00f6ttem, hiszen aki t\u00e9ged v\u00e1r, meg nem sz\u00e9gyen\u00fcl. (V\u00f6. Zsolt 24,1-3) K\u00f6ny\u00f6rg\u00e9s: Mindenhat\u00f3, \u00f6r\u00f6k Isten, \u00f6nts h\u00edveid sz\u00edv\u00e9be szent elhat\u00e1roz\u00e1st, hogy j\u00f3tettekkel siess\u00fcnk a k\u00f6zelg\u0151 Krisztus el\u00e9, \u0151 pedig egykor jobbj\u00e1ra \u00e1ll\u00edtson minket orsz\u00e1g\u00e1ban, \u00e9s mindny\u00e1jan egy\u00fctt \u00f6rvendj\u00fcnk a boldog \u00f6r\u00f6kk\u00e9val\u00f3s\u00e1gban. A mi Urunk, J\u00e9zus Krisztus, a te Fiad \u00e1ltal, aki veled \u00e9l \u00e9s uralkodik a Szentl\u00e9lekkel egys\u00e9gben, Isten mind\u00f6r\u00f6kk\u00f6n \u00f6r\u00f6kk\u00e9. OLVASM\u00c1NY Jeremi\u00e1s pr\u00f3f\u00e9ta k\u00f6nyv\u00e9b\u0151l (Jer 33,14-16) Isten elk\u00fcldi a Messi\u00e1st, aki D\u00e1vid nemzets\u00e9g\u00e9b\u0151l sz\u00fcletik. \u00cdme, j\u00f6nnek majd napok \u2013 mondja az \u00dar \u2013, amikor teljes\u00edtem a j\u00f3t, amelyet Izrael h\u00e1z\u00e1nak \u00e9s J\u00fada h\u00e1z\u00e1nak meg\u00edg\u00e9rtem: Azokban a napokban \u00e9s abban az id\u0151ben igaz sarjat t\u00e1masztok D\u00e1vidnak, aki jogot \u00e9s igazs\u00e1got teremt az orsz\u00e1gban. Azokban a napokban megszabadul J\u00fada, \u00e9s biztons\u00e1gban \u00e9l Jeruzs\u00e1lem. \u00c9s a v\u00e1rost \u00edgy h\u00edvj\u00e1k majd: \u201eAz \u00dar a mi igazs\u00e1gunk!\u201d Ez az Isten ig\u00e9je. V\u00c1LASZOS ZSOLT\u00c1R (Zsolt 24,4bc-5ab.8-9.10 \u00e9s 14) V\u00e1lasz:\u00a0Hozz\u00e1d emelem\u00a0a lelkem, * \u00e9n Uram, Istenem.\u00a0(4 g. t\u00f3nus) El\u0151\u00e9nekes: Utaidat, Uram, mutasd\u00a0meg n\u00e9kem, * \u00f6sv\u00e9nyeidre tan\u00edts meg engem. Tan\u00edts \u00e9s vezess igazs\u00e1god szerint, * mert te vagy \u00fcdv\u00f6z\u00edt\u0151 Istenem. H\u00edvek:\u00a0Hozz\u00e1d emelem\u00a0a lelkem, * \u00e9n Uram, Istenem. E: Az \u00dar igazs\u00e1gos\u00a0\u00e9s j\u00f3s\u00e1gos, * ez\u00e9rt a b\u0171n\u00f6s\u00f6knek is utat mutat. Az al\u00e1zatost a\u00a0j\u00f3ban vez\u00e9rli, * a szel\u00eddet \u00fatj\u00e1ra tan\u00edtja. H:\u00a0Hozz\u00e1d emelem\u00a0a lelkem, * \u00e9n Uram, Istenem. E: Az \u00dar minden \u00fatja irgalom \u00e9s\u00a0h\u0171s\u00e9g azoknak, * akik sz\u00f6vets\u00e9g\u00e9t \u00e9s t\u00f6rv\u00e9ny\u00e9t megtartj\u00e1k. Isten bar\u00e1ts\u00e1g\u00e1t \u00e9lvezik, akik\u00a0\u0151t f\u00e9lik, * sz\u00f6vets\u00e9g\u00e9t felt\u00e1rja n\u00e9kik. H:\u00a0Hozz\u00e1d emelem\u00a0a lelkem, * \u00e9n Uram, Istenem. SZENTLECKE Szent P\u00e1l apostolnak a&#8230; <\/p>\n<p><a class=\"readmore\" href=\"https:\/\/stuttgarti-katolikusok.de\/index.php\/advent-1-vasarnapja-3\/\">R\u00e9szletek<\/a><\/p>\n","protected":false},"author":3,"featured_media":22550,"comment_status":"closed","ping_status":"closed","sticky":false,"template":"","format":"standard","meta":{"footnotes":""},"categories":[85,63],"tags":[],"class_list":["post-29799","post","type-post","status-publish","format-standard","has-post-thumbnail","hentry","category-a-liturgia-olvasmanyai","category-vasarnapi-gondolatok"],"yoast_head":"<!-- This site is optimized with the Yoast SEO plugin v27.3 - https:\/\/yoast.com\/product\/yoast-seo-wordpress\/ -->\n<title>Advent 1. vas\u00e1rnapja - Stuttgarti Katolikusok<\/title>\n<meta name=\"robots\" content=\"index, follow, max-snippet:-1, max-image-preview:large, max-video-preview:-1\" \/>\n<link rel=\"canonical\" href=\"https:\/\/stuttgarti-katolikusok.de\/index.php\/advent-1-vasarnapja-3\/\" \/>\n<meta property=\"og:locale\" content=\"hu_HU\" \/>\n<meta property=\"og:type\" content=\"article\" \/>\n<meta property=\"og:title\" content=\"Advent 1. vas\u00e1rnapja - Stuttgarti Katolikusok\" \/>\n<meta property=\"og:description\" content=\"Adventban visszaeml\u00e9kez\u00fcnk arra az id\u0151re, amikor az emberis\u00e9g v\u00e1rta a meg\u00edg\u00e9rt Megv\u00e1lt\u00f3t. Egy\u00fattal az \u0151 sz\u00fclet\u00e9s\u00e9nek \u00fcnnep\u00e9re \u00e9s m\u00e1sodik elj\u00f6vetel\u00e9re is k\u00e9sz\u00fcl\u00fcnk. Az \u0151skereszt\u00e9nyek foh\u00e1sz\u00e1val im\u00e1dkozunk: &#8222;J\u00f6jj el, Uram J\u00e9zus!&#8221; (Jel 22,20) J\u00f6jj, \u00e9s kegyelmeddel seg\u00edts \u00e9s szentelj meg benn\u00fcnket. Kezd\u0151\u00e9nek: Hozz\u00e1d emelem az \u00e9n lelkemet, Uram, \u00e9n Istenem, tebenned b\u00edzom, pirulnom ne kelljen! Ne ujjongjon ellens\u00e9g f\u00f6l\u00f6ttem, hiszen aki t\u00e9ged v\u00e1r, meg nem sz\u00e9gyen\u00fcl. (V\u00f6. Zsolt 24,1-3) K\u00f6ny\u00f6rg\u00e9s: Mindenhat\u00f3, \u00f6r\u00f6k Isten, \u00f6nts h\u00edveid sz\u00edv\u00e9be szent elhat\u00e1roz\u00e1st, hogy j\u00f3tettekkel siess\u00fcnk a k\u00f6zelg\u0151 Krisztus el\u00e9, \u0151 pedig egykor jobbj\u00e1ra \u00e1ll\u00edtson minket orsz\u00e1g\u00e1ban, \u00e9s mindny\u00e1jan egy\u00fctt \u00f6rvendj\u00fcnk a boldog \u00f6r\u00f6kk\u00e9val\u00f3s\u00e1gban. A mi Urunk, J\u00e9zus Krisztus, a te Fiad \u00e1ltal, aki veled \u00e9l \u00e9s uralkodik a Szentl\u00e9lekkel egys\u00e9gben, Isten mind\u00f6r\u00f6kk\u00f6n \u00f6r\u00f6kk\u00e9. OLVASM\u00c1NY Jeremi\u00e1s pr\u00f3f\u00e9ta k\u00f6nyv\u00e9b\u0151l (Jer 33,14-16) Isten elk\u00fcldi a Messi\u00e1st, aki D\u00e1vid nemzets\u00e9g\u00e9b\u0151l sz\u00fcletik. \u00cdme, j\u00f6nnek majd napok \u2013 mondja az \u00dar \u2013, amikor teljes\u00edtem a j\u00f3t, amelyet Izrael h\u00e1z\u00e1nak \u00e9s J\u00fada h\u00e1z\u00e1nak meg\u00edg\u00e9rtem: Azokban a napokban \u00e9s abban az id\u0151ben igaz sarjat t\u00e1masztok D\u00e1vidnak, aki jogot \u00e9s igazs\u00e1got teremt az orsz\u00e1gban. Azokban a napokban megszabadul J\u00fada, \u00e9s biztons\u00e1gban \u00e9l Jeruzs\u00e1lem. \u00c9s a v\u00e1rost \u00edgy h\u00edvj\u00e1k majd: \u201eAz \u00dar a mi igazs\u00e1gunk!\u201d Ez az Isten ig\u00e9je. V\u00c1LASZOS ZSOLT\u00c1R (Zsolt 24,4bc-5ab.8-9.10 \u00e9s 14) V\u00e1lasz:\u00a0Hozz\u00e1d emelem\u00a0a lelkem, * \u00e9n Uram, Istenem.\u00a0(4 g. t\u00f3nus) El\u0151\u00e9nekes: Utaidat, Uram, mutasd\u00a0meg n\u00e9kem, * \u00f6sv\u00e9nyeidre tan\u00edts meg engem. Tan\u00edts \u00e9s vezess igazs\u00e1god szerint, * mert te vagy \u00fcdv\u00f6z\u00edt\u0151 Istenem. H\u00edvek:\u00a0Hozz\u00e1d emelem\u00a0a lelkem, * \u00e9n Uram, Istenem. E: Az \u00dar igazs\u00e1gos\u00a0\u00e9s j\u00f3s\u00e1gos, * ez\u00e9rt a b\u0171n\u00f6s\u00f6knek is utat mutat. Az al\u00e1zatost a\u00a0j\u00f3ban vez\u00e9rli, * a szel\u00eddet \u00fatj\u00e1ra tan\u00edtja. H:\u00a0Hozz\u00e1d emelem\u00a0a lelkem, * \u00e9n Uram, Istenem. E: Az \u00dar minden \u00fatja irgalom \u00e9s\u00a0h\u0171s\u00e9g azoknak, * akik sz\u00f6vets\u00e9g\u00e9t \u00e9s t\u00f6rv\u00e9ny\u00e9t megtartj\u00e1k. Isten bar\u00e1ts\u00e1g\u00e1t \u00e9lvezik, akik\u00a0\u0151t f\u00e9lik, * sz\u00f6vets\u00e9g\u00e9t felt\u00e1rja n\u00e9kik. H:\u00a0Hozz\u00e1d emelem\u00a0a lelkem, * \u00e9n Uram, Istenem. SZENTLECKE Szent P\u00e1l apostolnak a... R\u00e9szletek\" \/>\n<meta property=\"og:url\" content=\"https:\/\/stuttgarti-katolikusok.de\/index.php\/advent-1-vasarnapja-3\/\" \/>\n<meta property=\"og:site_name\" content=\"Stuttgarti Katolikusok\" \/>\n<meta property=\"article:published_time\" content=\"2024-12-01T23:59:38+00:00\" \/>\n<meta property=\"article:modified_time\" content=\"2024-12-02T00:10:18+00:00\" \/>\n<meta property=\"og:image\" content=\"https:\/\/stuttgarti-katolikusok.de\/wp-content\/uploads\/2021\/11\/img-20211128-wa0015.jpg\" \/>\n\t<meta property=\"og:image:width\" content=\"2000\" \/>\n\t<meta property=\"og:image:height\" content=\"1500\" \/>\n\t<meta property=\"og:image:type\" content=\"image\/jpeg\" \/>\n<meta name=\"author\" content=\"Tibor atya\" \/>\n<meta name=\"twitter:card\" content=\"summary_large_image\" \/>\n<meta name=\"twitter:label1\" content=\"Szerz\u0151:\" \/>\n\t<meta name=\"twitter:data1\" content=\"Tibor atya\" \/>\n\t<meta name=\"twitter:label2\" content=\"Becs\u00fclt olvas\u00e1si id\u0151\" \/>\n\t<meta name=\"twitter:data2\" content=\"6 perc\" \/>\n<script type=\"application\/ld+json\" class=\"yoast-schema-graph\">{\"@context\":\"https:\\\/\\\/schema.org\",\"@graph\":[{\"@type\":\"Article\",\"@id\":\"https:\\\/\\\/stuttgarti-katolikusok.de\\\/index.php\\\/advent-1-vasarnapja-3\\\/#article\",\"isPartOf\":{\"@id\":\"https:\\\/\\\/stuttgarti-katolikusok.de\\\/index.php\\\/advent-1-vasarnapja-3\\\/\"},\"author\":{\"name\":\"Tibor atya\",\"@id\":\"https:\\\/\\\/stuttgarti-katolikusok.de\\\/#\\\/schema\\\/person\\\/75908d6f8fdc03a57889d27209df7795\"},\"headline\":\"Advent 1. vas\u00e1rnapja\",\"datePublished\":\"2024-12-01T23:59:38+00:00\",\"dateModified\":\"2024-12-02T00:10:18+00:00\",\"mainEntityOfPage\":{\"@id\":\"https:\\\/\\\/stuttgarti-katolikusok.de\\\/index.php\\\/advent-1-vasarnapja-3\\\/\"},\"wordCount\":1365,\"image\":{\"@id\":\"https:\\\/\\\/stuttgarti-katolikusok.de\\\/index.php\\\/advent-1-vasarnapja-3\\\/#primaryimage\"},\"thumbnailUrl\":\"https:\\\/\\\/stuttgarti-katolikusok.de\\\/wp-content\\\/uploads\\\/2021\\\/11\\\/img-20211128-wa0015.jpg\",\"articleSection\":[\"A liturgia olvasm\u00e1nyai\",\"Vas\u00e1rnapi gondolatok\"],\"inLanguage\":\"hu\"},{\"@type\":\"WebPage\",\"@id\":\"https:\\\/\\\/stuttgarti-katolikusok.de\\\/index.php\\\/advent-1-vasarnapja-3\\\/\",\"url\":\"https:\\\/\\\/stuttgarti-katolikusok.de\\\/index.php\\\/advent-1-vasarnapja-3\\\/\",\"name\":\"Advent 1. vas\u00e1rnapja - Stuttgarti Katolikusok\",\"isPartOf\":{\"@id\":\"https:\\\/\\\/stuttgarti-katolikusok.de\\\/#website\"},\"primaryImageOfPage\":{\"@id\":\"https:\\\/\\\/stuttgarti-katolikusok.de\\\/index.php\\\/advent-1-vasarnapja-3\\\/#primaryimage\"},\"image\":{\"@id\":\"https:\\\/\\\/stuttgarti-katolikusok.de\\\/index.php\\\/advent-1-vasarnapja-3\\\/#primaryimage\"},\"thumbnailUrl\":\"https:\\\/\\\/stuttgarti-katolikusok.de\\\/wp-content\\\/uploads\\\/2021\\\/11\\\/img-20211128-wa0015.jpg\",\"datePublished\":\"2024-12-01T23:59:38+00:00\",\"dateModified\":\"2024-12-02T00:10:18+00:00\",\"author\":{\"@id\":\"https:\\\/\\\/stuttgarti-katolikusok.de\\\/#\\\/schema\\\/person\\\/75908d6f8fdc03a57889d27209df7795\"},\"breadcrumb\":{\"@id\":\"https:\\\/\\\/stuttgarti-katolikusok.de\\\/index.php\\\/advent-1-vasarnapja-3\\\/#breadcrumb\"},\"inLanguage\":\"hu\",\"potentialAction\":[{\"@type\":\"ReadAction\",\"target\":[\"https:\\\/\\\/stuttgarti-katolikusok.de\\\/index.php\\\/advent-1-vasarnapja-3\\\/\"]}]},{\"@type\":\"ImageObject\",\"inLanguage\":\"hu\",\"@id\":\"https:\\\/\\\/stuttgarti-katolikusok.de\\\/index.php\\\/advent-1-vasarnapja-3\\\/#primaryimage\",\"url\":\"https:\\\/\\\/stuttgarti-katolikusok.de\\\/wp-content\\\/uploads\\\/2021\\\/11\\\/img-20211128-wa0015.jpg\",\"contentUrl\":\"https:\\\/\\\/stuttgarti-katolikusok.de\\\/wp-content\\\/uploads\\\/2021\\\/11\\\/img-20211128-wa0015.jpg\",\"width\":2000,\"height\":1500},{\"@type\":\"BreadcrumbList\",\"@id\":\"https:\\\/\\\/stuttgarti-katolikusok.de\\\/index.php\\\/advent-1-vasarnapja-3\\\/#breadcrumb\",\"itemListElement\":[{\"@type\":\"ListItem\",\"position\":1,\"name\":\"Kezd\u0151lap\",\"item\":\"https:\\\/\\\/stuttgarti-katolikusok.de\\\/\"},{\"@type\":\"ListItem\",\"position\":2,\"name\":\"Advent 1. vas\u00e1rnapja\"}]},{\"@type\":\"WebSite\",\"@id\":\"https:\\\/\\\/stuttgarti-katolikusok.de\\\/#website\",\"url\":\"https:\\\/\\\/stuttgarti-katolikusok.de\\\/\",\"name\":\"Stuttgarti Katolikusok\",\"description\":\"\",\"potentialAction\":[{\"@type\":\"SearchAction\",\"target\":{\"@type\":\"EntryPoint\",\"urlTemplate\":\"https:\\\/\\\/stuttgarti-katolikusok.de\\\/?s={search_term_string}\"},\"query-input\":{\"@type\":\"PropertyValueSpecification\",\"valueRequired\":true,\"valueName\":\"search_term_string\"}}],\"inLanguage\":\"hu\"},{\"@type\":\"Person\",\"@id\":\"https:\\\/\\\/stuttgarti-katolikusok.de\\\/#\\\/schema\\\/person\\\/75908d6f8fdc03a57889d27209df7795\",\"name\":\"Tibor atya\",\"image\":{\"@type\":\"ImageObject\",\"inLanguage\":\"hu\",\"@id\":\"https:\\\/\\\/secure.gravatar.com\\\/avatar\\\/61d268e57d1f4525b111222e29d2d5a7f8c420fdbf231ba5566a8ceac74fa960?s=96&d=mm&r=g\",\"url\":\"https:\\\/\\\/secure.gravatar.com\\\/avatar\\\/61d268e57d1f4525b111222e29d2d5a7f8c420fdbf231ba5566a8ceac74fa960?s=96&d=mm&r=g\",\"contentUrl\":\"https:\\\/\\\/secure.gravatar.com\\\/avatar\\\/61d268e57d1f4525b111222e29d2d5a7f8c420fdbf231ba5566a8ceac74fa960?s=96&d=mm&r=g\",\"caption\":\"Tibor atya\"},\"url\":\"https:\\\/\\\/stuttgarti-katolikusok.de\\\/index.php\\\/author\\\/tibor-atya\\\/\"}]}<\/script>\n<!-- \/ Yoast SEO plugin. -->","yoast_head_json":{"title":"Advent 1. vas\u00e1rnapja - Stuttgarti Katolikusok","robots":{"index":"index","follow":"follow","max-snippet":"max-snippet:-1","max-image-preview":"max-image-preview:large","max-video-preview":"max-video-preview:-1"},"canonical":"https:\/\/stuttgarti-katolikusok.de\/index.php\/advent-1-vasarnapja-3\/","og_locale":"hu_HU","og_type":"article","og_title":"Advent 1. vas\u00e1rnapja - Stuttgarti Katolikusok","og_description":"Adventban visszaeml\u00e9kez\u00fcnk arra az id\u0151re, amikor az emberis\u00e9g v\u00e1rta a meg\u00edg\u00e9rt Megv\u00e1lt\u00f3t. Egy\u00fattal az \u0151 sz\u00fclet\u00e9s\u00e9nek \u00fcnnep\u00e9re \u00e9s m\u00e1sodik elj\u00f6vetel\u00e9re is k\u00e9sz\u00fcl\u00fcnk. Az \u0151skereszt\u00e9nyek foh\u00e1sz\u00e1val im\u00e1dkozunk: &#8222;J\u00f6jj el, Uram J\u00e9zus!&#8221; (Jel 22,20) J\u00f6jj, \u00e9s kegyelmeddel seg\u00edts \u00e9s szentelj meg benn\u00fcnket. Kezd\u0151\u00e9nek: Hozz\u00e1d emelem az \u00e9n lelkemet, Uram, \u00e9n Istenem, tebenned b\u00edzom, pirulnom ne kelljen! Ne ujjongjon ellens\u00e9g f\u00f6l\u00f6ttem, hiszen aki t\u00e9ged v\u00e1r, meg nem sz\u00e9gyen\u00fcl. (V\u00f6. Zsolt 24,1-3) K\u00f6ny\u00f6rg\u00e9s: Mindenhat\u00f3, \u00f6r\u00f6k Isten, \u00f6nts h\u00edveid sz\u00edv\u00e9be szent elhat\u00e1roz\u00e1st, hogy j\u00f3tettekkel siess\u00fcnk a k\u00f6zelg\u0151 Krisztus el\u00e9, \u0151 pedig egykor jobbj\u00e1ra \u00e1ll\u00edtson minket orsz\u00e1g\u00e1ban, \u00e9s mindny\u00e1jan egy\u00fctt \u00f6rvendj\u00fcnk a boldog \u00f6r\u00f6kk\u00e9val\u00f3s\u00e1gban. A mi Urunk, J\u00e9zus Krisztus, a te Fiad \u00e1ltal, aki veled \u00e9l \u00e9s uralkodik a Szentl\u00e9lekkel egys\u00e9gben, Isten mind\u00f6r\u00f6kk\u00f6n \u00f6r\u00f6kk\u00e9. OLVASM\u00c1NY Jeremi\u00e1s pr\u00f3f\u00e9ta k\u00f6nyv\u00e9b\u0151l (Jer 33,14-16) Isten elk\u00fcldi a Messi\u00e1st, aki D\u00e1vid nemzets\u00e9g\u00e9b\u0151l sz\u00fcletik. \u00cdme, j\u00f6nnek majd napok \u2013 mondja az \u00dar \u2013, amikor teljes\u00edtem a j\u00f3t, amelyet Izrael h\u00e1z\u00e1nak \u00e9s J\u00fada h\u00e1z\u00e1nak meg\u00edg\u00e9rtem: Azokban a napokban \u00e9s abban az id\u0151ben igaz sarjat t\u00e1masztok D\u00e1vidnak, aki jogot \u00e9s igazs\u00e1got teremt az orsz\u00e1gban. Azokban a napokban megszabadul J\u00fada, \u00e9s biztons\u00e1gban \u00e9l Jeruzs\u00e1lem. \u00c9s a v\u00e1rost \u00edgy h\u00edvj\u00e1k majd: \u201eAz \u00dar a mi igazs\u00e1gunk!\u201d Ez az Isten ig\u00e9je. V\u00c1LASZOS ZSOLT\u00c1R (Zsolt 24,4bc-5ab.8-9.10 \u00e9s 14) V\u00e1lasz:\u00a0Hozz\u00e1d emelem\u00a0a lelkem, * \u00e9n Uram, Istenem.\u00a0(4 g. t\u00f3nus) El\u0151\u00e9nekes: Utaidat, Uram, mutasd\u00a0meg n\u00e9kem, * \u00f6sv\u00e9nyeidre tan\u00edts meg engem. Tan\u00edts \u00e9s vezess igazs\u00e1god szerint, * mert te vagy \u00fcdv\u00f6z\u00edt\u0151 Istenem. H\u00edvek:\u00a0Hozz\u00e1d emelem\u00a0a lelkem, * \u00e9n Uram, Istenem. E: Az \u00dar igazs\u00e1gos\u00a0\u00e9s j\u00f3s\u00e1gos, * ez\u00e9rt a b\u0171n\u00f6s\u00f6knek is utat mutat. Az al\u00e1zatost a\u00a0j\u00f3ban vez\u00e9rli, * a szel\u00eddet \u00fatj\u00e1ra tan\u00edtja. H:\u00a0Hozz\u00e1d emelem\u00a0a lelkem, * \u00e9n Uram, Istenem. E: Az \u00dar minden \u00fatja irgalom \u00e9s\u00a0h\u0171s\u00e9g azoknak, * akik sz\u00f6vets\u00e9g\u00e9t \u00e9s t\u00f6rv\u00e9ny\u00e9t megtartj\u00e1k. Isten bar\u00e1ts\u00e1g\u00e1t \u00e9lvezik, akik\u00a0\u0151t f\u00e9lik, * sz\u00f6vets\u00e9g\u00e9t felt\u00e1rja n\u00e9kik. H:\u00a0Hozz\u00e1d emelem\u00a0a lelkem, * \u00e9n Uram, Istenem. SZENTLECKE Szent P\u00e1l apostolnak a... R\u00e9szletek","og_url":"https:\/\/stuttgarti-katolikusok.de\/index.php\/advent-1-vasarnapja-3\/","og_site_name":"Stuttgarti Katolikusok","article_published_time":"2024-12-01T23:59:38+00:00","article_modified_time":"2024-12-02T00:10:18+00:00","og_image":[{"width":2000,"height":1500,"url":"https:\/\/stuttgarti-katolikusok.de\/wp-content\/uploads\/2021\/11\/img-20211128-wa0015.jpg","type":"image\/jpeg"}],"author":"Tibor atya","twitter_card":"summary_large_image","twitter_misc":{"Szerz\u0151:":"Tibor atya","Becs\u00fclt olvas\u00e1si id\u0151":"6 perc"},"schema":{"@context":"https:\/\/schema.org","@graph":[{"@type":"Article","@id":"https:\/\/stuttgarti-katolikusok.de\/index.php\/advent-1-vasarnapja-3\/#article","isPartOf":{"@id":"https:\/\/stuttgarti-katolikusok.de\/index.php\/advent-1-vasarnapja-3\/"},"author":{"name":"Tibor atya","@id":"https:\/\/stuttgarti-katolikusok.de\/#\/schema\/person\/75908d6f8fdc03a57889d27209df7795"},"headline":"Advent 1. vas\u00e1rnapja","datePublished":"2024-12-01T23:59:38+00:00","dateModified":"2024-12-02T00:10:18+00:00","mainEntityOfPage":{"@id":"https:\/\/stuttgarti-katolikusok.de\/index.php\/advent-1-vasarnapja-3\/"},"wordCount":1365,"image":{"@id":"https:\/\/stuttgarti-katolikusok.de\/index.php\/advent-1-vasarnapja-3\/#primaryimage"},"thumbnailUrl":"https:\/\/stuttgarti-katolikusok.de\/wp-content\/uploads\/2021\/11\/img-20211128-wa0015.jpg","articleSection":["A liturgia olvasm\u00e1nyai","Vas\u00e1rnapi gondolatok"],"inLanguage":"hu"},{"@type":"WebPage","@id":"https:\/\/stuttgarti-katolikusok.de\/index.php\/advent-1-vasarnapja-3\/","url":"https:\/\/stuttgarti-katolikusok.de\/index.php\/advent-1-vasarnapja-3\/","name":"Advent 1. vas\u00e1rnapja - Stuttgarti Katolikusok","isPartOf":{"@id":"https:\/\/stuttgarti-katolikusok.de\/#website"},"primaryImageOfPage":{"@id":"https:\/\/stuttgarti-katolikusok.de\/index.php\/advent-1-vasarnapja-3\/#primaryimage"},"image":{"@id":"https:\/\/stuttgarti-katolikusok.de\/index.php\/advent-1-vasarnapja-3\/#primaryimage"},"thumbnailUrl":"https:\/\/stuttgarti-katolikusok.de\/wp-content\/uploads\/2021\/11\/img-20211128-wa0015.jpg","datePublished":"2024-12-01T23:59:38+00:00","dateModified":"2024-12-02T00:10:18+00:00","author":{"@id":"https:\/\/stuttgarti-katolikusok.de\/#\/schema\/person\/75908d6f8fdc03a57889d27209df7795"},"breadcrumb":{"@id":"https:\/\/stuttgarti-katolikusok.de\/index.php\/advent-1-vasarnapja-3\/#breadcrumb"},"inLanguage":"hu","potentialAction":[{"@type":"ReadAction","target":["https:\/\/stuttgarti-katolikusok.de\/index.php\/advent-1-vasarnapja-3\/"]}]},{"@type":"ImageObject","inLanguage":"hu","@id":"https:\/\/stuttgarti-katolikusok.de\/index.php\/advent-1-vasarnapja-3\/#primaryimage","url":"https:\/\/stuttgarti-katolikusok.de\/wp-content\/uploads\/2021\/11\/img-20211128-wa0015.jpg","contentUrl":"https:\/\/stuttgarti-katolikusok.de\/wp-content\/uploads\/2021\/11\/img-20211128-wa0015.jpg","width":2000,"height":1500},{"@type":"BreadcrumbList","@id":"https:\/\/stuttgarti-katolikusok.de\/index.php\/advent-1-vasarnapja-3\/#breadcrumb","itemListElement":[{"@type":"ListItem","position":1,"name":"Kezd\u0151lap","item":"https:\/\/stuttgarti-katolikusok.de\/"},{"@type":"ListItem","position":2,"name":"Advent 1. vas\u00e1rnapja"}]},{"@type":"WebSite","@id":"https:\/\/stuttgarti-katolikusok.de\/#website","url":"https:\/\/stuttgarti-katolikusok.de\/","name":"Stuttgarti Katolikusok","description":"","potentialAction":[{"@type":"SearchAction","target":{"@type":"EntryPoint","urlTemplate":"https:\/\/stuttgarti-katolikusok.de\/?s={search_term_string}"},"query-input":{"@type":"PropertyValueSpecification","valueRequired":true,"valueName":"search_term_string"}}],"inLanguage":"hu"},{"@type":"Person","@id":"https:\/\/stuttgarti-katolikusok.de\/#\/schema\/person\/75908d6f8fdc03a57889d27209df7795","name":"Tibor atya","image":{"@type":"ImageObject","inLanguage":"hu","@id":"https:\/\/secure.gravatar.com\/avatar\/61d268e57d1f4525b111222e29d2d5a7f8c420fdbf231ba5566a8ceac74fa960?s=96&d=mm&r=g","url":"https:\/\/secure.gravatar.com\/avatar\/61d268e57d1f4525b111222e29d2d5a7f8c420fdbf231ba5566a8ceac74fa960?s=96&d=mm&r=g","contentUrl":"https:\/\/secure.gravatar.com\/avatar\/61d268e57d1f4525b111222e29d2d5a7f8c420fdbf231ba5566a8ceac74fa960?s=96&d=mm&r=g","caption":"Tibor atya"},"url":"https:\/\/stuttgarti-katolikusok.de\/index.php\/author\/tibor-atya\/"}]}},"_links":{"self":[{"href":"https:\/\/stuttgarti-katolikusok.de\/index.php\/wp-json\/wp\/v2\/posts\/29799","targetHints":{"allow":["GET"]}}],"collection":[{"href":"https:\/\/stuttgarti-katolikusok.de\/index.php\/wp-json\/wp\/v2\/posts"}],"about":[{"href":"https:\/\/stuttgarti-katolikusok.de\/index.php\/wp-json\/wp\/v2\/types\/post"}],"author":[{"embeddable":true,"href":"https:\/\/stuttgarti-katolikusok.de\/index.php\/wp-json\/wp\/v2\/users\/3"}],"replies":[{"embeddable":true,"href":"https:\/\/stuttgarti-katolikusok.de\/index.php\/wp-json\/wp\/v2\/comments?post=29799"}],"version-history":[{"count":3,"href":"https:\/\/stuttgarti-katolikusok.de\/index.php\/wp-json\/wp\/v2\/posts\/29799\/revisions"}],"predecessor-version":[{"id":29802,"href":"https:\/\/stuttgarti-katolikusok.de\/index.php\/wp-json\/wp\/v2\/posts\/29799\/revisions\/29802"}],"wp:featuredmedia":[{"embeddable":true,"href":"https:\/\/stuttgarti-katolikusok.de\/index.php\/wp-json\/wp\/v2\/media\/22550"}],"wp:attachment":[{"href":"https:\/\/stuttgarti-katolikusok.de\/index.php\/wp-json\/wp\/v2\/media?parent=29799"}],"wp:term":[{"taxonomy":"category","embeddable":true,"href":"https:\/\/stuttgarti-katolikusok.de\/index.php\/wp-json\/wp\/v2\/categories?post=29799"},{"taxonomy":"post_tag","embeddable":true,"href":"https:\/\/stuttgarti-katolikusok.de\/index.php\/wp-json\/wp\/v2\/tags?post=29799"}],"curies":[{"name":"wp","href":"https:\/\/api.w.org\/{rel}","templated":true}]}}