{"id":29770,"date":"2024-11-26T17:39:58","date_gmt":"2024-11-26T16:39:58","guid":{"rendered":"https:\/\/stuttgarti-katolikusok.de\/?p=29770"},"modified":"2024-11-27T00:06:54","modified_gmt":"2024-11-26T23:06:54","slug":"2024-november-25-es-december-1-kozott","status":"publish","type":"post","link":"https:\/\/stuttgarti-katolikusok.de\/index.php\/2024-november-25-es-december-1-kozott\/","title":{"rendered":"2024. NOVEMBER 25 \u00c9S DECEMBER 1 K\u00d6Z\u00d6TT"},"content":{"rendered":"<p><span style=\"color: #ff6600;\"><strong>Programel\u0151zetes<\/strong><\/span><\/p>\n<p style=\"text-align: center;\"><strong><span style=\"color: #ff6600;\">*<\/span><\/strong><\/p>\n<p><strong>November 28-\u00e1n,<\/strong>\u00a0cs\u00fct\u00f6rt\u00f6k\u00f6n, <strong>Weingarteni d\u00e9lut\u00e1n<\/strong>, a 14 Nothelfer Kapelle-ben 17.30 \u00f3rakor <em>r\u00f3zsaf\u00fcz\u00e9rt im\u00e1dkozunk, <\/em>18.00 \u00f3rakor <em>szentmise<\/em>, keret\u00e9ben <em>katek\u00e9zis.<\/em><\/p>\n<p style=\"text-align: center;\"><span style=\"color: #ff6600;\"><em>*<\/em><\/span><\/p>\n<p><strong>November 29-\u00e9n<\/strong>, p\u00e9nteken, <strong>Stuttgarti d\u00e9lut\u00e1n<\/strong>. A <em>szentmise<\/em> <span style=\"color: #ff0000;\">ELMARAD!!!<\/span><\/p>\n<p><span style=\"color: #ff6600;\"><em>A Liszt Int\u00e9zet \u2013 Magyar Kultur\u00e1lis K\u00f6zpont Stuttgart ad otthont a Stuttgarti Magyar Katolikus J\u00f3t\u00e9konys\u00e1gi B\u00e1l 50 esztendej\u00e9t bemutat\u00f3 k\u00f6nyv\u00fcnknek.<\/em><\/span><\/p>\n<p>A k\u00f6nyvbemutat\u00f3 v\u00e9gezt\u00e9vel lehet\u0151s\u00e9g k\u00edn\u00e1lkozik a szem\u00e9lyes besz\u00e9lget\u00e9sre a k\u00f6nyv szerz\u0151j\u00e9vel, Jenei Gy\u00f6ngyv\u00e9rrel. K\u00f6sz\u00f6net Peth\u0151 sz\u00ednm\u0171v\u00e9szn\u0151nek \u00e9s D\u00f3czy P\u00e9ter sz\u00ednm\u0171v\u00e9sz\u00farnak, akik szint\u00e9n k\u00f6zrem\u0171k\u00f6dnek az este folyam\u00e1n.\u00a0 Term\u00e9szetesen a k\u00f6nyv megv\u00e1s\u00e1rl\u00e1s\u00e1ra is lesz lehet\u0151s\u00e9g\u00fcnk.<\/p>\n<p>Tov\u00e1bb\u00e1 szer\u00e9ny \u00e1ll\u00f3fogad\u00e1st is tartunk. Szok\u00e1sunkhoz h\u00edven \u00f6r\u00f6mmel fogadunk s\u00f3s \u00e9s apr\u00f3s\u00fctem\u00e9nyt.<\/p>\n<p><em> <a href=\"https:\/\/stuttgarti-katolikusok.de\/wp-content\/uploads\/2024\/11\/50-osszetartozunk.jpg\"><img loading=\"lazy\" decoding=\"async\" class=\"alignnone size-full wp-image-29771\" src=\"https:\/\/stuttgarti-katolikusok.de\/wp-content\/uploads\/2024\/11\/50-osszetartozunk.jpg\" alt=\"\" width=\"800\" height=\"600\" srcset=\"https:\/\/stuttgarti-katolikusok.de\/wp-content\/uploads\/2024\/11\/50-osszetartozunk.jpg 800w, https:\/\/stuttgarti-katolikusok.de\/wp-content\/uploads\/2024\/11\/50-osszetartozunk-300x225.jpg 300w, https:\/\/stuttgarti-katolikusok.de\/wp-content\/uploads\/2024\/11\/50-osszetartozunk-164x124.jpg 164w\" sizes=\"auto, (max-width: 800px) 100vw, 800px\" \/><\/a><\/em><\/p>\n<p style=\"text-align: center;\"><em>\u00a0<\/em><span style=\"color: #ff6600;\"><strong><em>*<\/em><\/strong><\/span><\/p>\n<p><strong>November 30-\u00e1n<\/strong>, szombaton,\u00a0<strong>Reutlingenben<\/strong>\u00a016.30 \u00f3rakor <strong><em>Szent Erzs\u00e9bet b\u00facs\u00fas-szentmise<\/em><\/strong><em>,<\/em> ezt k\u00f6vet\u0151en <strong><em>agap\u00e9<\/em><\/strong><em>. <\/em><\/p>\n<p style=\"text-align: center;\"><a href=\"https:\/\/stuttgarti-katolikusok.de\/wp-content\/uploads\/2024\/11\/arpad-hazi-szent-erzsebet-w1kicsi.jpg\"><img loading=\"lazy\" decoding=\"async\" class=\"alignnone size-full wp-image-29772\" src=\"https:\/\/stuttgarti-katolikusok.de\/wp-content\/uploads\/2024\/11\/arpad-hazi-szent-erzsebet-w1kicsi.jpg\" alt=\"\" width=\"292\" height=\"638\" srcset=\"https:\/\/stuttgarti-katolikusok.de\/wp-content\/uploads\/2024\/11\/arpad-hazi-szent-erzsebet-w1kicsi.jpg 292w, https:\/\/stuttgarti-katolikusok.de\/wp-content\/uploads\/2024\/11\/arpad-hazi-szent-erzsebet-w1kicsi-137x300.jpg 137w\" sizes=\"auto, (max-width: 292px) 100vw, 292px\" \/><\/a><\/p>\n<p style=\"text-align: center;\"><span style=\"color: #ff6600;\"><strong>*<\/strong><\/span><\/p>\n<p><strong>December 1-j\u00e9n<em>,<\/em><\/strong><em>\u00a0<\/em><span style=\"color: #800080;\"><strong><em>Advent I. vas\u00e1rnapj\u00e1n<\/em><\/strong><\/span><em>,<\/em><\/p>\n<p><strong>Schw\u00e4bisch-Gm\u00fcndben<\/strong> 9.30 \u00f3rakor<em> adventi gyertyagy\u00fajt\u00e1s, szentmise, <\/em>ut\u00e1na <em>agap\u00e9, <\/em><\/p>\n<p><strong>Stuttgartban<\/strong><em>\u00a0<\/em>15.00 \u00f3rakor<em> adventi gyertyagy\u00fajt\u00e1s, gyermek-istentisztelet. <\/em>Az el\u0151ad\u00e1st k\u00f6vet\u0151en <em>agap\u00e9\u00a0<\/em>a k\u00f6z\u00f6ss\u00e9gi teremben.<\/p>\n<p><a href=\"https:\/\/stuttgarti-katolikusok.de\/wp-content\/uploads\/2024\/11\/az-unnep-angyala.jpg\"><img loading=\"lazy\" decoding=\"async\" class=\"alignnone size-full wp-image-29773\" src=\"https:\/\/stuttgarti-katolikusok.de\/wp-content\/uploads\/2024\/11\/az-unnep-angyala.jpg\" alt=\"\" width=\"1131\" height=\"1600\" srcset=\"https:\/\/stuttgarti-katolikusok.de\/wp-content\/uploads\/2024\/11\/az-unnep-angyala.jpg 1131w, https:\/\/stuttgarti-katolikusok.de\/wp-content\/uploads\/2024\/11\/az-unnep-angyala-212x300.jpg 212w, https:\/\/stuttgarti-katolikusok.de\/wp-content\/uploads\/2024\/11\/az-unnep-angyala-724x1024.jpg 724w, https:\/\/stuttgarti-katolikusok.de\/wp-content\/uploads\/2024\/11\/az-unnep-angyala-1086x1536.jpg 1086w\" sizes=\"auto, (max-width: 1131px) 100vw, 1131px\" \/><\/a><\/p>\n<p style=\"text-align: center;\"><span style=\"color: #666699;\"><strong>*<\/strong><\/span><\/p>\n<p><em> <a href=\"https:\/\/stuttgarti-katolikusok.de\/wp-content\/uploads\/2021\/11\/img-20211128-wa0015.jpg\"><img loading=\"lazy\" decoding=\"async\" class=\"alignnone size-full wp-image-22550\" src=\"https:\/\/stuttgarti-katolikusok.de\/wp-content\/uploads\/2021\/11\/img-20211128-wa0015.jpg\" alt=\"\" width=\"2000\" height=\"1500\" srcset=\"https:\/\/stuttgarti-katolikusok.de\/wp-content\/uploads\/2021\/11\/img-20211128-wa0015.jpg 2000w, https:\/\/stuttgarti-katolikusok.de\/wp-content\/uploads\/2021\/11\/img-20211128-wa0015-300x225.jpg 300w, https:\/\/stuttgarti-katolikusok.de\/wp-content\/uploads\/2021\/11\/img-20211128-wa0015-1024x768.jpg 1024w, https:\/\/stuttgarti-katolikusok.de\/wp-content\/uploads\/2021\/11\/img-20211128-wa0015-1536x1152.jpg 1536w, https:\/\/stuttgarti-katolikusok.de\/wp-content\/uploads\/2021\/11\/img-20211128-wa0015-164x124.jpg 164w\" sizes=\"auto, (max-width: 2000px) 100vw, 2000px\" \/><\/a><\/em><\/p>\n<p style=\"text-align: center;\"><span style=\"color: #800080;\"><strong>*<\/strong><\/span><\/p>\n<p>Minden helyen mindenkit szeretettel v\u00e1r a k\u00f6z\u00f6ss\u00e9g \u00e9s Tibor atya!<\/p>\n<p style=\"text-align: center;\"><span style=\"color: #800080;\"><strong>*<\/strong><\/span><\/p>\n<p><span style=\"color: #800080;\"><strong><em>Bens\u0151s\u00e9ges \u0151szi napokat, j\u00f3 munk\u00e1t, tartalmas besz\u00e9lget\u00e9seket, \u00f6r\u00f6mteli tal\u00e1lkoz\u00e1sokat \u00e9s \u00e1ldott adventi k\u00e9sz\u00fcletet k\u00edv\u00e1nunk minden Kedves H\u00edv\u00fcnknek!<\/em><\/strong><\/span><\/p>\n<p style=\"text-align: center;\"><span style=\"color: #800080;\">*<\/span><\/p>\n<p><span style=\"color: #800080;\"><strong><em>Van-e \u00e9rz\u00e9s, mely forr\u00f3ban \u00e9s sejtelmesebben megdobogtatja az emberi sz\u00edvet, mint az \u00fcnnep \u00e9s a v\u00e1rakoz\u00e1s izgalma?<\/em><\/strong>\u00a0<\/span><em>(M\u00e1rai S\u00e1ndor \u2013 1900-1989)<\/em><\/p>\n","protected":false},"excerpt":{"rendered":"<p>Programel\u0151zetes * November 28-\u00e1n,\u00a0cs\u00fct\u00f6rt\u00f6k\u00f6n, Weingarteni d\u00e9lut\u00e1n, a 14 Nothelfer Kapelle-ben 17.30 \u00f3rakor r\u00f3zsaf\u00fcz\u00e9rt im\u00e1dkozunk, 18.00 \u00f3rakor szentmise, keret\u00e9ben katek\u00e9zis. * November 29-\u00e9n, p\u00e9nteken, Stuttgarti d\u00e9lut\u00e1n. A szentmise ELMARAD!!! A Liszt Int\u00e9zet \u2013 Magyar Kultur\u00e1lis K\u00f6zpont Stuttgart ad otthont a Stuttgarti Magyar Katolikus J\u00f3t\u00e9konys\u00e1gi B\u00e1l 50 esztendej\u00e9t bemutat\u00f3 k\u00f6nyv\u00fcnknek. A k\u00f6nyvbemutat\u00f3 v\u00e9gezt\u00e9vel lehet\u0151s\u00e9g k\u00edn\u00e1lkozik a szem\u00e9lyes besz\u00e9lget\u00e9sre a k\u00f6nyv szerz\u0151j\u00e9vel, Jenei Gy\u00f6ngyv\u00e9rrel. K\u00f6sz\u00f6net Peth\u0151 sz\u00ednm\u0171v\u00e9szn\u0151nek \u00e9s D\u00f3czy P\u00e9ter sz\u00ednm\u0171v\u00e9sz\u00farnak, akik szint\u00e9n k\u00f6zrem\u0171k\u00f6dnek az este folyam\u00e1n.\u00a0 Term\u00e9szetesen a k\u00f6nyv megv\u00e1s\u00e1rl\u00e1s\u00e1ra is lesz lehet\u0151s\u00e9g\u00fcnk. Tov\u00e1bb\u00e1 szer\u00e9ny \u00e1ll\u00f3fogad\u00e1st is tartunk. Szok\u00e1sunkhoz h\u00edven \u00f6r\u00f6mmel fogadunk s\u00f3s \u00e9s apr\u00f3s\u00fctem\u00e9nyt. \u00a0* November 30-\u00e1n, szombaton,\u00a0Reutlingenben\u00a016.30 \u00f3rakor Szent Erzs\u00e9bet b\u00facs\u00fas-szentmise, ezt k\u00f6vet\u0151en agap\u00e9. * December 1-j\u00e9n,\u00a0Advent I. vas\u00e1rnapj\u00e1n, Schw\u00e4bisch-Gm\u00fcndben 9.30 \u00f3rakor adventi gyertyagy\u00fajt\u00e1s, szentmise, ut\u00e1na agap\u00e9, Stuttgartban\u00a015.00 \u00f3rakor adventi gyertyagy\u00fajt\u00e1s, gyermek-istentisztelet. Az el\u0151ad\u00e1st k\u00f6vet\u0151en agap\u00e9\u00a0a k\u00f6z\u00f6ss\u00e9gi teremben. * * Minden helyen mindenkit szeretettel v\u00e1r a k\u00f6z\u00f6ss\u00e9g \u00e9s Tibor atya! * Bens\u0151s\u00e9ges \u0151szi napokat, j\u00f3 munk\u00e1t, tartalmas besz\u00e9lget\u00e9seket, \u00f6r\u00f6mteli tal\u00e1lkoz\u00e1sokat \u00e9s \u00e1ldott adventi k\u00e9sz\u00fcletet k\u00edv\u00e1nunk minden Kedves H\u00edv\u00fcnknek! * Van-e \u00e9rz\u00e9s, mely forr\u00f3ban \u00e9s sejtelmesebben megdobogtatja az emberi sz\u00edvet, mint az \u00fcnnep \u00e9s a v\u00e1rakoz\u00e1s izgalma?\u00a0(M\u00e1rai S\u00e1ndor \u2013 1900-1989)<\/p>\n","protected":false},"author":3,"featured_media":27563,"comment_status":"closed","ping_status":"closed","sticky":false,"template":"","format":"standard","meta":{"footnotes":""},"categories":[37],"tags":[],"class_list":["post-29770","post","type-post","status-publish","format-standard","has-post-thumbnail","hentry","category-progamelozetes"],"yoast_head":"<!-- This site is optimized with the Yoast SEO plugin v27.3 - https:\/\/yoast.com\/product\/yoast-seo-wordpress\/ -->\n<title>2024. NOVEMBER 25 \u00c9S DECEMBER 1 K\u00d6Z\u00d6TT - Stuttgarti Katolikusok<\/title>\n<meta name=\"robots\" content=\"index, follow, max-snippet:-1, max-image-preview:large, max-video-preview:-1\" \/>\n<link rel=\"canonical\" href=\"https:\/\/stuttgarti-katolikusok.de\/index.php\/2024-november-25-es-december-1-kozott\/\" \/>\n<meta property=\"og:locale\" content=\"hu_HU\" \/>\n<meta property=\"og:type\" content=\"article\" \/>\n<meta property=\"og:title\" content=\"2024. NOVEMBER 25 \u00c9S DECEMBER 1 K\u00d6Z\u00d6TT - Stuttgarti Katolikusok\" \/>\n<meta property=\"og:description\" content=\"Programel\u0151zetes * November 28-\u00e1n,\u00a0cs\u00fct\u00f6rt\u00f6k\u00f6n, Weingarteni d\u00e9lut\u00e1n, a 14 Nothelfer Kapelle-ben 17.30 \u00f3rakor r\u00f3zsaf\u00fcz\u00e9rt im\u00e1dkozunk, 18.00 \u00f3rakor szentmise, keret\u00e9ben katek\u00e9zis. * November 29-\u00e9n, p\u00e9nteken, Stuttgarti d\u00e9lut\u00e1n. A szentmise ELMARAD!!! A Liszt Int\u00e9zet \u2013 Magyar Kultur\u00e1lis K\u00f6zpont Stuttgart ad otthont a Stuttgarti Magyar Katolikus J\u00f3t\u00e9konys\u00e1gi B\u00e1l 50 esztendej\u00e9t bemutat\u00f3 k\u00f6nyv\u00fcnknek. A k\u00f6nyvbemutat\u00f3 v\u00e9gezt\u00e9vel lehet\u0151s\u00e9g k\u00edn\u00e1lkozik a szem\u00e9lyes besz\u00e9lget\u00e9sre a k\u00f6nyv szerz\u0151j\u00e9vel, Jenei Gy\u00f6ngyv\u00e9rrel. K\u00f6sz\u00f6net Peth\u0151 sz\u00ednm\u0171v\u00e9szn\u0151nek \u00e9s D\u00f3czy P\u00e9ter sz\u00ednm\u0171v\u00e9sz\u00farnak, akik szint\u00e9n k\u00f6zrem\u0171k\u00f6dnek az este folyam\u00e1n.\u00a0 Term\u00e9szetesen a k\u00f6nyv megv\u00e1s\u00e1rl\u00e1s\u00e1ra is lesz lehet\u0151s\u00e9g\u00fcnk. Tov\u00e1bb\u00e1 szer\u00e9ny \u00e1ll\u00f3fogad\u00e1st is tartunk. Szok\u00e1sunkhoz h\u00edven \u00f6r\u00f6mmel fogadunk s\u00f3s \u00e9s apr\u00f3s\u00fctem\u00e9nyt. \u00a0* November 30-\u00e1n, szombaton,\u00a0Reutlingenben\u00a016.30 \u00f3rakor Szent Erzs\u00e9bet b\u00facs\u00fas-szentmise, ezt k\u00f6vet\u0151en agap\u00e9. * December 1-j\u00e9n,\u00a0Advent I. vas\u00e1rnapj\u00e1n, Schw\u00e4bisch-Gm\u00fcndben 9.30 \u00f3rakor adventi gyertyagy\u00fajt\u00e1s, szentmise, ut\u00e1na agap\u00e9, Stuttgartban\u00a015.00 \u00f3rakor adventi gyertyagy\u00fajt\u00e1s, gyermek-istentisztelet. Az el\u0151ad\u00e1st k\u00f6vet\u0151en agap\u00e9\u00a0a k\u00f6z\u00f6ss\u00e9gi teremben. * * Minden helyen mindenkit szeretettel v\u00e1r a k\u00f6z\u00f6ss\u00e9g \u00e9s Tibor atya! * Bens\u0151s\u00e9ges \u0151szi napokat, j\u00f3 munk\u00e1t, tartalmas besz\u00e9lget\u00e9seket, \u00f6r\u00f6mteli tal\u00e1lkoz\u00e1sokat \u00e9s \u00e1ldott adventi k\u00e9sz\u00fcletet k\u00edv\u00e1nunk minden Kedves H\u00edv\u00fcnknek! * Van-e \u00e9rz\u00e9s, mely forr\u00f3ban \u00e9s sejtelmesebben megdobogtatja az emberi sz\u00edvet, mint az \u00fcnnep \u00e9s a v\u00e1rakoz\u00e1s izgalma?\u00a0(M\u00e1rai S\u00e1ndor \u2013 1900-1989)\" \/>\n<meta property=\"og:url\" content=\"https:\/\/stuttgarti-katolikusok.de\/index.php\/2024-november-25-es-december-1-kozott\/\" \/>\n<meta property=\"og:site_name\" content=\"Stuttgarti Katolikusok\" \/>\n<meta property=\"article:published_time\" content=\"2024-11-26T16:39:58+00:00\" \/>\n<meta property=\"article:modified_time\" content=\"2024-11-26T23:06:54+00:00\" \/>\n<meta property=\"og:image\" content=\"https:\/\/stuttgarti-katolikusok.de\/wp-content\/uploads\/2023\/12\/mountains-736886-1280.jpg\" \/>\n\t<meta property=\"og:image:width\" content=\"1280\" \/>\n\t<meta property=\"og:image:height\" content=\"835\" \/>\n\t<meta property=\"og:image:type\" content=\"image\/jpeg\" \/>\n<meta name=\"author\" content=\"Tibor atya\" \/>\n<meta name=\"twitter:card\" content=\"summary_large_image\" \/>\n<meta name=\"twitter:label1\" content=\"Szerz\u0151:\" \/>\n\t<meta name=\"twitter:data1\" content=\"Tibor atya\" \/>\n\t<meta name=\"twitter:label2\" content=\"Becs\u00fclt olvas\u00e1si id\u0151\" \/>\n\t<meta name=\"twitter:data2\" content=\"3 perc\" \/>\n<script type=\"application\/ld+json\" class=\"yoast-schema-graph\">{\"@context\":\"https:\\\/\\\/schema.org\",\"@graph\":[{\"@type\":\"Article\",\"@id\":\"https:\\\/\\\/stuttgarti-katolikusok.de\\\/index.php\\\/2024-november-25-es-december-1-kozott\\\/#article\",\"isPartOf\":{\"@id\":\"https:\\\/\\\/stuttgarti-katolikusok.de\\\/index.php\\\/2024-november-25-es-december-1-kozott\\\/\"},\"author\":{\"name\":\"Tibor atya\",\"@id\":\"https:\\\/\\\/stuttgarti-katolikusok.de\\\/#\\\/schema\\\/person\\\/75908d6f8fdc03a57889d27209df7795\"},\"headline\":\"2024. NOVEMBER 25 \u00c9S DECEMBER 1 K\u00d6Z\u00d6TT\",\"datePublished\":\"2024-11-26T16:39:58+00:00\",\"dateModified\":\"2024-11-26T23:06:54+00:00\",\"mainEntityOfPage\":{\"@id\":\"https:\\\/\\\/stuttgarti-katolikusok.de\\\/index.php\\\/2024-november-25-es-december-1-kozott\\\/\"},\"wordCount\":303,\"image\":{\"@id\":\"https:\\\/\\\/stuttgarti-katolikusok.de\\\/index.php\\\/2024-november-25-es-december-1-kozott\\\/#primaryimage\"},\"thumbnailUrl\":\"https:\\\/\\\/stuttgarti-katolikusok.de\\\/wp-content\\\/uploads\\\/2023\\\/12\\\/mountains-736886-1280.jpg\",\"articleSection\":[\"Progamel\u0151zetes\"],\"inLanguage\":\"hu\"},{\"@type\":\"WebPage\",\"@id\":\"https:\\\/\\\/stuttgarti-katolikusok.de\\\/index.php\\\/2024-november-25-es-december-1-kozott\\\/\",\"url\":\"https:\\\/\\\/stuttgarti-katolikusok.de\\\/index.php\\\/2024-november-25-es-december-1-kozott\\\/\",\"name\":\"2024. NOVEMBER 25 \u00c9S DECEMBER 1 K\u00d6Z\u00d6TT - Stuttgarti Katolikusok\",\"isPartOf\":{\"@id\":\"https:\\\/\\\/stuttgarti-katolikusok.de\\\/#website\"},\"primaryImageOfPage\":{\"@id\":\"https:\\\/\\\/stuttgarti-katolikusok.de\\\/index.php\\\/2024-november-25-es-december-1-kozott\\\/#primaryimage\"},\"image\":{\"@id\":\"https:\\\/\\\/stuttgarti-katolikusok.de\\\/index.php\\\/2024-november-25-es-december-1-kozott\\\/#primaryimage\"},\"thumbnailUrl\":\"https:\\\/\\\/stuttgarti-katolikusok.de\\\/wp-content\\\/uploads\\\/2023\\\/12\\\/mountains-736886-1280.jpg\",\"datePublished\":\"2024-11-26T16:39:58+00:00\",\"dateModified\":\"2024-11-26T23:06:54+00:00\",\"author\":{\"@id\":\"https:\\\/\\\/stuttgarti-katolikusok.de\\\/#\\\/schema\\\/person\\\/75908d6f8fdc03a57889d27209df7795\"},\"breadcrumb\":{\"@id\":\"https:\\\/\\\/stuttgarti-katolikusok.de\\\/index.php\\\/2024-november-25-es-december-1-kozott\\\/#breadcrumb\"},\"inLanguage\":\"hu\",\"potentialAction\":[{\"@type\":\"ReadAction\",\"target\":[\"https:\\\/\\\/stuttgarti-katolikusok.de\\\/index.php\\\/2024-november-25-es-december-1-kozott\\\/\"]}]},{\"@type\":\"ImageObject\",\"inLanguage\":\"hu\",\"@id\":\"https:\\\/\\\/stuttgarti-katolikusok.de\\\/index.php\\\/2024-november-25-es-december-1-kozott\\\/#primaryimage\",\"url\":\"https:\\\/\\\/stuttgarti-katolikusok.de\\\/wp-content\\\/uploads\\\/2023\\\/12\\\/mountains-736886-1280.jpg\",\"contentUrl\":\"https:\\\/\\\/stuttgarti-katolikusok.de\\\/wp-content\\\/uploads\\\/2023\\\/12\\\/mountains-736886-1280.jpg\",\"width\":1280,\"height\":835},{\"@type\":\"BreadcrumbList\",\"@id\":\"https:\\\/\\\/stuttgarti-katolikusok.de\\\/index.php\\\/2024-november-25-es-december-1-kozott\\\/#breadcrumb\",\"itemListElement\":[{\"@type\":\"ListItem\",\"position\":1,\"name\":\"Kezd\u0151lap\",\"item\":\"https:\\\/\\\/stuttgarti-katolikusok.de\\\/\"},{\"@type\":\"ListItem\",\"position\":2,\"name\":\"2024. NOVEMBER 25 \u00c9S DECEMBER 1 K\u00d6Z\u00d6TT\"}]},{\"@type\":\"WebSite\",\"@id\":\"https:\\\/\\\/stuttgarti-katolikusok.de\\\/#website\",\"url\":\"https:\\\/\\\/stuttgarti-katolikusok.de\\\/\",\"name\":\"Stuttgarti Katolikusok\",\"description\":\"\",\"potentialAction\":[{\"@type\":\"SearchAction\",\"target\":{\"@type\":\"EntryPoint\",\"urlTemplate\":\"https:\\\/\\\/stuttgarti-katolikusok.de\\\/?s={search_term_string}\"},\"query-input\":{\"@type\":\"PropertyValueSpecification\",\"valueRequired\":true,\"valueName\":\"search_term_string\"}}],\"inLanguage\":\"hu\"},{\"@type\":\"Person\",\"@id\":\"https:\\\/\\\/stuttgarti-katolikusok.de\\\/#\\\/schema\\\/person\\\/75908d6f8fdc03a57889d27209df7795\",\"name\":\"Tibor atya\",\"image\":{\"@type\":\"ImageObject\",\"inLanguage\":\"hu\",\"@id\":\"https:\\\/\\\/secure.gravatar.com\\\/avatar\\\/61d268e57d1f4525b111222e29d2d5a7f8c420fdbf231ba5566a8ceac74fa960?s=96&d=mm&r=g\",\"url\":\"https:\\\/\\\/secure.gravatar.com\\\/avatar\\\/61d268e57d1f4525b111222e29d2d5a7f8c420fdbf231ba5566a8ceac74fa960?s=96&d=mm&r=g\",\"contentUrl\":\"https:\\\/\\\/secure.gravatar.com\\\/avatar\\\/61d268e57d1f4525b111222e29d2d5a7f8c420fdbf231ba5566a8ceac74fa960?s=96&d=mm&r=g\",\"caption\":\"Tibor atya\"},\"url\":\"https:\\\/\\\/stuttgarti-katolikusok.de\\\/index.php\\\/author\\\/tibor-atya\\\/\"}]}<\/script>\n<!-- \/ Yoast SEO plugin. -->","yoast_head_json":{"title":"2024. NOVEMBER 25 \u00c9S DECEMBER 1 K\u00d6Z\u00d6TT - Stuttgarti Katolikusok","robots":{"index":"index","follow":"follow","max-snippet":"max-snippet:-1","max-image-preview":"max-image-preview:large","max-video-preview":"max-video-preview:-1"},"canonical":"https:\/\/stuttgarti-katolikusok.de\/index.php\/2024-november-25-es-december-1-kozott\/","og_locale":"hu_HU","og_type":"article","og_title":"2024. NOVEMBER 25 \u00c9S DECEMBER 1 K\u00d6Z\u00d6TT - Stuttgarti Katolikusok","og_description":"Programel\u0151zetes * November 28-\u00e1n,\u00a0cs\u00fct\u00f6rt\u00f6k\u00f6n, Weingarteni d\u00e9lut\u00e1n, a 14 Nothelfer Kapelle-ben 17.30 \u00f3rakor r\u00f3zsaf\u00fcz\u00e9rt im\u00e1dkozunk, 18.00 \u00f3rakor szentmise, keret\u00e9ben katek\u00e9zis. * November 29-\u00e9n, p\u00e9nteken, Stuttgarti d\u00e9lut\u00e1n. A szentmise ELMARAD!!! A Liszt Int\u00e9zet \u2013 Magyar Kultur\u00e1lis K\u00f6zpont Stuttgart ad otthont a Stuttgarti Magyar Katolikus J\u00f3t\u00e9konys\u00e1gi B\u00e1l 50 esztendej\u00e9t bemutat\u00f3 k\u00f6nyv\u00fcnknek. A k\u00f6nyvbemutat\u00f3 v\u00e9gezt\u00e9vel lehet\u0151s\u00e9g k\u00edn\u00e1lkozik a szem\u00e9lyes besz\u00e9lget\u00e9sre a k\u00f6nyv szerz\u0151j\u00e9vel, Jenei Gy\u00f6ngyv\u00e9rrel. K\u00f6sz\u00f6net Peth\u0151 sz\u00ednm\u0171v\u00e9szn\u0151nek \u00e9s D\u00f3czy P\u00e9ter sz\u00ednm\u0171v\u00e9sz\u00farnak, akik szint\u00e9n k\u00f6zrem\u0171k\u00f6dnek az este folyam\u00e1n.\u00a0 Term\u00e9szetesen a k\u00f6nyv megv\u00e1s\u00e1rl\u00e1s\u00e1ra is lesz lehet\u0151s\u00e9g\u00fcnk. Tov\u00e1bb\u00e1 szer\u00e9ny \u00e1ll\u00f3fogad\u00e1st is tartunk. Szok\u00e1sunkhoz h\u00edven \u00f6r\u00f6mmel fogadunk s\u00f3s \u00e9s apr\u00f3s\u00fctem\u00e9nyt. \u00a0* November 30-\u00e1n, szombaton,\u00a0Reutlingenben\u00a016.30 \u00f3rakor Szent Erzs\u00e9bet b\u00facs\u00fas-szentmise, ezt k\u00f6vet\u0151en agap\u00e9. * December 1-j\u00e9n,\u00a0Advent I. vas\u00e1rnapj\u00e1n, Schw\u00e4bisch-Gm\u00fcndben 9.30 \u00f3rakor adventi gyertyagy\u00fajt\u00e1s, szentmise, ut\u00e1na agap\u00e9, Stuttgartban\u00a015.00 \u00f3rakor adventi gyertyagy\u00fajt\u00e1s, gyermek-istentisztelet. Az el\u0151ad\u00e1st k\u00f6vet\u0151en agap\u00e9\u00a0a k\u00f6z\u00f6ss\u00e9gi teremben. * * Minden helyen mindenkit szeretettel v\u00e1r a k\u00f6z\u00f6ss\u00e9g \u00e9s Tibor atya! * Bens\u0151s\u00e9ges \u0151szi napokat, j\u00f3 munk\u00e1t, tartalmas besz\u00e9lget\u00e9seket, \u00f6r\u00f6mteli tal\u00e1lkoz\u00e1sokat \u00e9s \u00e1ldott adventi k\u00e9sz\u00fcletet k\u00edv\u00e1nunk minden Kedves H\u00edv\u00fcnknek! * Van-e \u00e9rz\u00e9s, mely forr\u00f3ban \u00e9s sejtelmesebben megdobogtatja az emberi sz\u00edvet, mint az \u00fcnnep \u00e9s a v\u00e1rakoz\u00e1s izgalma?\u00a0(M\u00e1rai S\u00e1ndor \u2013 1900-1989)","og_url":"https:\/\/stuttgarti-katolikusok.de\/index.php\/2024-november-25-es-december-1-kozott\/","og_site_name":"Stuttgarti Katolikusok","article_published_time":"2024-11-26T16:39:58+00:00","article_modified_time":"2024-11-26T23:06:54+00:00","og_image":[{"width":1280,"height":835,"url":"https:\/\/stuttgarti-katolikusok.de\/wp-content\/uploads\/2023\/12\/mountains-736886-1280.jpg","type":"image\/jpeg"}],"author":"Tibor atya","twitter_card":"summary_large_image","twitter_misc":{"Szerz\u0151:":"Tibor atya","Becs\u00fclt olvas\u00e1si id\u0151":"3 perc"},"schema":{"@context":"https:\/\/schema.org","@graph":[{"@type":"Article","@id":"https:\/\/stuttgarti-katolikusok.de\/index.php\/2024-november-25-es-december-1-kozott\/#article","isPartOf":{"@id":"https:\/\/stuttgarti-katolikusok.de\/index.php\/2024-november-25-es-december-1-kozott\/"},"author":{"name":"Tibor atya","@id":"https:\/\/stuttgarti-katolikusok.de\/#\/schema\/person\/75908d6f8fdc03a57889d27209df7795"},"headline":"2024. NOVEMBER 25 \u00c9S DECEMBER 1 K\u00d6Z\u00d6TT","datePublished":"2024-11-26T16:39:58+00:00","dateModified":"2024-11-26T23:06:54+00:00","mainEntityOfPage":{"@id":"https:\/\/stuttgarti-katolikusok.de\/index.php\/2024-november-25-es-december-1-kozott\/"},"wordCount":303,"image":{"@id":"https:\/\/stuttgarti-katolikusok.de\/index.php\/2024-november-25-es-december-1-kozott\/#primaryimage"},"thumbnailUrl":"https:\/\/stuttgarti-katolikusok.de\/wp-content\/uploads\/2023\/12\/mountains-736886-1280.jpg","articleSection":["Progamel\u0151zetes"],"inLanguage":"hu"},{"@type":"WebPage","@id":"https:\/\/stuttgarti-katolikusok.de\/index.php\/2024-november-25-es-december-1-kozott\/","url":"https:\/\/stuttgarti-katolikusok.de\/index.php\/2024-november-25-es-december-1-kozott\/","name":"2024. NOVEMBER 25 \u00c9S DECEMBER 1 K\u00d6Z\u00d6TT - Stuttgarti Katolikusok","isPartOf":{"@id":"https:\/\/stuttgarti-katolikusok.de\/#website"},"primaryImageOfPage":{"@id":"https:\/\/stuttgarti-katolikusok.de\/index.php\/2024-november-25-es-december-1-kozott\/#primaryimage"},"image":{"@id":"https:\/\/stuttgarti-katolikusok.de\/index.php\/2024-november-25-es-december-1-kozott\/#primaryimage"},"thumbnailUrl":"https:\/\/stuttgarti-katolikusok.de\/wp-content\/uploads\/2023\/12\/mountains-736886-1280.jpg","datePublished":"2024-11-26T16:39:58+00:00","dateModified":"2024-11-26T23:06:54+00:00","author":{"@id":"https:\/\/stuttgarti-katolikusok.de\/#\/schema\/person\/75908d6f8fdc03a57889d27209df7795"},"breadcrumb":{"@id":"https:\/\/stuttgarti-katolikusok.de\/index.php\/2024-november-25-es-december-1-kozott\/#breadcrumb"},"inLanguage":"hu","potentialAction":[{"@type":"ReadAction","target":["https:\/\/stuttgarti-katolikusok.de\/index.php\/2024-november-25-es-december-1-kozott\/"]}]},{"@type":"ImageObject","inLanguage":"hu","@id":"https:\/\/stuttgarti-katolikusok.de\/index.php\/2024-november-25-es-december-1-kozott\/#primaryimage","url":"https:\/\/stuttgarti-katolikusok.de\/wp-content\/uploads\/2023\/12\/mountains-736886-1280.jpg","contentUrl":"https:\/\/stuttgarti-katolikusok.de\/wp-content\/uploads\/2023\/12\/mountains-736886-1280.jpg","width":1280,"height":835},{"@type":"BreadcrumbList","@id":"https:\/\/stuttgarti-katolikusok.de\/index.php\/2024-november-25-es-december-1-kozott\/#breadcrumb","itemListElement":[{"@type":"ListItem","position":1,"name":"Kezd\u0151lap","item":"https:\/\/stuttgarti-katolikusok.de\/"},{"@type":"ListItem","position":2,"name":"2024. NOVEMBER 25 \u00c9S DECEMBER 1 K\u00d6Z\u00d6TT"}]},{"@type":"WebSite","@id":"https:\/\/stuttgarti-katolikusok.de\/#website","url":"https:\/\/stuttgarti-katolikusok.de\/","name":"Stuttgarti Katolikusok","description":"","potentialAction":[{"@type":"SearchAction","target":{"@type":"EntryPoint","urlTemplate":"https:\/\/stuttgarti-katolikusok.de\/?s={search_term_string}"},"query-input":{"@type":"PropertyValueSpecification","valueRequired":true,"valueName":"search_term_string"}}],"inLanguage":"hu"},{"@type":"Person","@id":"https:\/\/stuttgarti-katolikusok.de\/#\/schema\/person\/75908d6f8fdc03a57889d27209df7795","name":"Tibor atya","image":{"@type":"ImageObject","inLanguage":"hu","@id":"https:\/\/secure.gravatar.com\/avatar\/61d268e57d1f4525b111222e29d2d5a7f8c420fdbf231ba5566a8ceac74fa960?s=96&d=mm&r=g","url":"https:\/\/secure.gravatar.com\/avatar\/61d268e57d1f4525b111222e29d2d5a7f8c420fdbf231ba5566a8ceac74fa960?s=96&d=mm&r=g","contentUrl":"https:\/\/secure.gravatar.com\/avatar\/61d268e57d1f4525b111222e29d2d5a7f8c420fdbf231ba5566a8ceac74fa960?s=96&d=mm&r=g","caption":"Tibor atya"},"url":"https:\/\/stuttgarti-katolikusok.de\/index.php\/author\/tibor-atya\/"}]}},"_links":{"self":[{"href":"https:\/\/stuttgarti-katolikusok.de\/index.php\/wp-json\/wp\/v2\/posts\/29770","targetHints":{"allow":["GET"]}}],"collection":[{"href":"https:\/\/stuttgarti-katolikusok.de\/index.php\/wp-json\/wp\/v2\/posts"}],"about":[{"href":"https:\/\/stuttgarti-katolikusok.de\/index.php\/wp-json\/wp\/v2\/types\/post"}],"author":[{"embeddable":true,"href":"https:\/\/stuttgarti-katolikusok.de\/index.php\/wp-json\/wp\/v2\/users\/3"}],"replies":[{"embeddable":true,"href":"https:\/\/stuttgarti-katolikusok.de\/index.php\/wp-json\/wp\/v2\/comments?post=29770"}],"version-history":[{"count":7,"href":"https:\/\/stuttgarti-katolikusok.de\/index.php\/wp-json\/wp\/v2\/posts\/29770\/revisions"}],"predecessor-version":[{"id":29777,"href":"https:\/\/stuttgarti-katolikusok.de\/index.php\/wp-json\/wp\/v2\/posts\/29770\/revisions\/29777"}],"wp:featuredmedia":[{"embeddable":true,"href":"https:\/\/stuttgarti-katolikusok.de\/index.php\/wp-json\/wp\/v2\/media\/27563"}],"wp:attachment":[{"href":"https:\/\/stuttgarti-katolikusok.de\/index.php\/wp-json\/wp\/v2\/media?parent=29770"}],"wp:term":[{"taxonomy":"category","embeddable":true,"href":"https:\/\/stuttgarti-katolikusok.de\/index.php\/wp-json\/wp\/v2\/categories?post=29770"},{"taxonomy":"post_tag","embeddable":true,"href":"https:\/\/stuttgarti-katolikusok.de\/index.php\/wp-json\/wp\/v2\/tags?post=29770"}],"curies":[{"name":"wp","href":"https:\/\/api.w.org\/{rel}","templated":true}]}}