{"id":29760,"date":"2024-11-23T13:18:29","date_gmt":"2024-11-23T12:18:29","guid":{"rendered":"https:\/\/stuttgarti-katolikusok.de\/?p=29760"},"modified":"2024-11-24T00:54:25","modified_gmt":"2024-11-23T23:54:25","slug":"evkozi-34-vasarnap-krisztus-a-mindenseg-kiralya","status":"publish","type":"post","link":"https:\/\/stuttgarti-katolikusok.de\/index.php\/evkozi-34-vasarnap-krisztus-a-mindenseg-kiralya\/","title":{"rendered":"\u00c9vk\u00f6zi 34. vas\u00e1rnap \u2013 Krisztus, a Mindens\u00e9g Kir\u00e1lya"},"content":{"rendered":"<p><span style=\"color: #ff6600;\">ATY\u00c1M,<\/span><\/p>\n<p><span style=\"color: #ff6600;\">R\u00e1d hagyatkozom, tedd velem azt, ami neked tetszik.<\/span><\/p>\n<p><span style=\"color: #ff6600;\">B\u00e1rmit teszel is velem, megk\u00f6sz\u00f6n\u00f6m,<\/span><\/p>\n<p><span style=\"color: #ff6600;\">K\u00e9sz vagyok mindenre, elfogadok mindent,<\/span><\/p>\n<p><span style=\"color: #ff6600;\">csak akaratod teljesedj\u00e9k bennem \u00e9s minden teremtm\u00e9nyben.<\/span><\/p>\n<p><span style=\"color: #ff6600;\">Semmi m\u00e1st nem \u00f3hajtok, Istenem!<\/span><\/p>\n<p><span style=\"color: #ff6600;\">Kezedbe aj\u00e1nlom lelkemet, neked adom, Istenem,<\/span><\/p>\n<p><span style=\"color: #ff6600;\">sz\u00edvem eg\u00e9sz szeretet\u00e9vel,<\/span><\/p>\n<p><span style=\"color: #ff6600;\">mert szeretlek t\u00e9ged, \u00e9s a szeretet s\u00fcrget,<\/span><\/p>\n<p><span style=\"color: #ff6600;\">hogy eg\u00e9szen neked adjam magam,<\/span><\/p>\n<p><span style=\"color: #ff6600;\">hogy fenntart\u00e1s n\u00e9lk\u00fcl kezedbe helyezzem \u00e9letemet<\/span><\/p>\n<p><span style=\"color: #ff6600;\">hat\u00e1rtalan bizalommal,<\/span><\/p>\n<p><span style=\"color: #ff6600;\">mert te vagy az \u00e9n Aty\u00e1m!<\/span><\/p>\n<p><span style=\"color: #ff6600;\"><em>(Charles de Foucauld)<\/em><\/span><\/p>\n<p><span style=\"color: #ff0000;\">Kezd\u0151\u00e9nek:<\/span><br \/>\nM\u00e9lt\u00f3 a B\u00e1r\u00e1ny, akit meg\u00f6ltek, hogy \u00f6v\u00e9 legyen a hatalom, az isteni m\u00e9lt\u00f3s\u00e1g, a b\u00f6lcsess\u00e9g, az er\u0151 \u00e9s a tisztelet. \u00d6v\u00e9 a dics\u0151s\u00e9g \u00e9s a hatalom \u00f6r\u00f6kk\u00f6n \u00f6r\u00f6kk\u00e9! (Jel 5,12;1,6)<\/p>\n<p><span style=\"color: #ff0000;\">K\u00f6ny\u00f6rg\u00e9s:<\/span><br \/>\nMindenhat\u00f3 Isten\u00fcnk, te \u00f6r\u00f6kt\u0151l fogva \u00fagy hat\u00e1rozt\u00e1l, hogy szeretett Fiadban, a mindens\u00e9g Kir\u00e1ly\u00e1ban meg\u00faj\u00edtasz mindent. Add, hogy az eg\u00e9sz teremtett vil\u00e1g megszabaduljon a b\u0171n szolgas\u00e1g\u00e1t\u00f3l, F\u00f6ls\u00e9gednek h\u00f3doljon, \u00e9s sz\u00fcntelen\u00fcl dics\u0151\u00edtsen t\u00e9ged. A mi Urunk, J\u00e9zus Krisztus, a te Fiad \u00e1ltal, aki veled \u00e9l \u00e9s uralkodik a Szentl\u00e9lekkel egys\u00e9gben, Isten mind\u00f6r\u00f6kk\u00f6n \u00f6r\u00f6kk\u00e9.<\/p>\n<p><span style=\"color: #ff0000;\">OLVASM\u00c1NY D\u00e1niel pr\u00f3f\u00e9ta k\u00f6nyv\u00e9b\u0151l (D\u00e1n 7,13-14)<\/span><br \/>\nL\u00e1ttam az \u00e9jjeli l\u00e1tom\u00e1sban, hogy \u00edme, az \u00e9g felh\u0151in valaki k\u00f6zeledik. Olyan volt, mint az Emberfia. Amikor az \u0150s\u00f6reghez \u00e9rt, sz\u00edne el\u00e9 vezett\u00e9k. Hatalmat, m\u00e9lt\u00f3s\u00e1got \u00e9s kir\u00e1lys\u00e1got adott neki. Minden n\u00e9pnek, nemzetnek \u00e9s nyelvnek \u0151t kell szolg\u00e1lnia. Hatalma \u00f6r\u00f6k hatalom, amely nem eny\u00e9szik el, \u00e9s kir\u00e1lys\u00e1ga nem sz\u0171nik meg soha.<br \/>\nEz az Isten ig\u00e9je.<\/p>\n<p><span style=\"color: #ff0000;\">V\u00c1LASZOS ZSOLT\u00c1R (Zsolt 92,1ab.1c-2.5)<\/span><br \/>\nV\u00e1lasz:\u00a0Az \u00dar\u00a0<u>or<\/u>sz\u00e1gol, * kir\u00e1lyi\u00a0<u>f\u00f6l<\/u>s\u00e9gbe \u00f6lt\u00f6z\u00f6tt.\u00a0(5. t\u00f3nus.)<br \/>\nEl\u0151\u00e9nekes: Az \u00dar orsz\u00e1gol, kir\u00e1lyi f\u00f6ls\u00e9gbe \u00f6l<u>t\u00f6<\/u>z\u00f6tt, \u2020 az \u00dar f\u00f6ls\u00e9gbe\u00a0<u>\u00f6l<\/u>t\u00f6z\u00f6tt, * fel\u00f6vezte mag\u00e1t\u00a0<u>ha<\/u>talommal.<br \/>\nH\u00edvek:\u00a0Az \u00dar\u00a0<u>or<\/u>sz\u00e1gol, * kir\u00e1lyi\u00a0<u>f\u00f6l<\/u>s\u00e9gbe \u00f6lt\u00f6z\u00f6tt.<br \/>\nE: Meger\u0151s\u00edtette a f\u00f6ldet, hogy meg ne i<u>nog<\/u>jon. \u2020 \u00d6r\u00f6kt\u0151l fogva vagy te,\u00a0<u>U<\/u>ram, * szil\u00e1rdan \u00e1ll tr\u00f3nod\u00a0<u>kez<\/u>det \u00f3ta.<br \/>\nH:\u00a0Az \u00dar\u00a0<u>or<\/u>sz\u00e1gol, * kir\u00e1lyi\u00a0<u>f\u00f6l<\/u>s\u00e9gbe \u00f6lt\u00f6z\u00f6tt.<br \/>\nE: Bizonys\u00e1gaid val\u00f3ban i<u>ga<\/u>zak, \u2020 Uram, szents\u00e9g illeti\u00a0<u>h\u00e1<\/u>zadat, * most \u00e9s\u00a0<u>mind<\/u>\u00f6r\u00f6kk\u00e9.<br \/>\nH:\u00a0Az \u00dar\u00a0<u>or<\/u>sz\u00e1gol, * kir\u00e1lyi\u00a0<u>f\u00f6l<\/u>s\u00e9gbe \u00f6lt\u00f6z\u00f6tt.<\/p>\n<p><span style=\"color: #ff0000;\">SZENTLECKE a Jelen\u00e9sek k\u00f6nyv\u00e9b\u0151l<\/span><br \/>\nTestv\u00e9reim!<br \/>\nJ\u00e9zus Krisztus h\u0171s\u00e9ges tan\u00fa, els\u0151sz\u00fcl\u00f6tt a holtak k\u00f6z\u00fcl, \u00e9s a f\u00f6ld kir\u00e1lyainak fejedelme. \u0150 szeret minket. V\u00e9r\u00e9vel megv\u00e1ltott b\u0171neinkt\u0151l, s Atyj\u00e1nak, az Istennek orsz\u00e1g\u00e1v\u00e1 \u00e9s papjaiv\u00e1 tett benn\u00fcnket. \u00d6v\u00e9 a dics\u0151s\u00e9g \u00e9s a hatalom \u00f6r\u00f6kk\u00f6n-\u00f6r\u00f6kk\u00e9. \u00c1men. N\u00e9zz\u00e9tek, k\u00f6zeledik a felh\u0151k\u00f6n! L\u00e1tni fogja \u0151t minden szem, m\u00e9g azok is, akik \u00e1tsz\u00fart\u00e1k. A f\u00f6ld minden n\u00e9pe veri majd a mell\u00e9t. Igen. \u00c1men. \u00c9n vagyok az Alfa \u00e9s az \u00d3mega, mondja az \u00dar, az Isten, aki van, aki volt, \u00e9s aki elj\u0151: a Mindenhat\u00f3.<br \/>\nEz az Isten ig\u00e9je.<br \/>\nJel 1,5-8<\/p>\n<p><span style=\"color: #ff0000;\">ALLELUJA<\/span><br \/>\n\u00c1ldott, aki j\u00f6n az \u00dar nev\u00e9ben, * \u00e1ldott legyen \u0151saty\u00e1nknak, D\u00e1vidnak j\u00f6vend\u0151 orsz\u00e1ga. (Mk 11,9.10 \u2013 7. t\u00f3nus.)<\/p>\n<p><span style=\"color: #ff0000;\">\u2020 EVANG\u00c9LIUM Szent J\u00e1nos k\u00f6nyv\u00e9b\u0151l (Jn 18,33b-37)<\/span><br \/>\nAbban az id\u0151ben Pil\u00e1tus maga el\u00e9 h\u00edvatta J\u00e9zust, \u00e9s megk\u00e9rdezte t\u0151le: \u201eTe vagy-e a zsid\u00f3k kir\u00e1lya?\u201d J\u00e9zus \u00edgy v\u00e1laszolt: \u201eMagadt\u00f3l mondod ezt, vagy m\u00e1sok mondt\u00e1k neked r\u00f3lam?\u201d Pil\u00e1tus ezt felelte: \u201eH\u00e1t zsid\u00f3 vagyok \u00e9n? Saj\u00e1t n\u00e9ped \u00e9s a f\u0151papok adtak a kezembe. Mit tett\u00e9l?\u201d Ekkor J\u00e9zus \u00edgy sz\u00f3lt: \u201eAz \u00e9n orsz\u00e1gom nem ebb\u0151l a vil\u00e1gb\u00f3l val\u00f3. Ha ebb\u0151l a vil\u00e1gb\u00f3l volna az orsz\u00e1gom, szolg\u00e1im harcra keln\u00e9nek, hogy ne ker\u00fcljek a zsid\u00f3k kez\u00e9re. De az \u00e9n orsz\u00e1gom nem inn\u00e9t val\u00f3.\u201d Pil\u00e1tus megk\u00e9rdezte: \u201eTeh\u00e1t kir\u00e1ly vagy?\u201d J\u00e9zus \u00edgy felelt: \u201eTe mondod, hogy kir\u00e1ly vagyok. \u00c9n arra sz\u00fclettem, \u00e9s az\u00e9rt j\u00f6ttem a vil\u00e1gba, hogy tan\u00fas\u00e1got tegyek az igazs\u00e1gr\u00f3l. Aki az igazs\u00e1gb\u00f3l val\u00f3, az hallgat a szavamra!\u201d<br \/>\nEzek az evang\u00e9lium ig\u00e9i.<\/p>\n<p><span style=\"color: #ff0000;\">EGYETEMES K\u00d6NY\u00d6RG\u00c9SEK<\/span><br \/>\nPap: Testv\u00e9reim! A mi Urunk a kir\u00e1lyok Kir\u00e1lya \u00e9s az uralkod\u00f3k Ura. H\u00f3dolatunkkal egy\u00fctt terjessz\u00fck el\u00e9je k\u00e9r\u00e9seinket!<br \/>\nLektor:<br \/>\n1. Te vagy, Urunk, az \u00f6r\u00f6k \u00e9s egyetemes Kir\u00e1ly: terjeszd ki szel\u00edd uralmadat minden emberre!<br \/>\nH\u00edvek: K\u00e9r\u00fcnk T\u00e9ged, hallgass meg minket!<br \/>\n2. Te vagy, Urunk, a szents\u00e9g \u00e9s a kegyelem Kir\u00e1lya: szenteld meg Egyh\u00e1zadat!<br \/>\nH\u00edvek: K\u00e9r\u00fcnk T\u00e9ged, hallgass meg minket!<br \/>\n3. Te vagy, Urunk, az igazs\u00e1goss\u00e1g \u00e9s a b\u00e9ke Kir\u00e1lya: adj b\u00e9k\u00e9t a n\u00e9peknek!<br \/>\nH\u00edvek: K\u00e9r\u00fcnk T\u00e9ged, hallgass meg minket!<br \/>\n4. Te vagy, Urunk, a szeretet \u00e9s az \u00e9let Kir\u00e1lya: er\u0151s\u00edtsd meg a kereszt\u00e9ny csal\u00e1dokat!<br \/>\nH\u00edvek: K\u00e9r\u00fcnk T\u00e9ged, hallgass meg minket!<br \/>\n5. Te vagy, Urunk, a j\u00f3s\u00e1g Kir\u00e1lya: gondvisel\u00e9seddel gy\u00e1mol\u00edts minden embert!<br \/>\nH\u00edvek: K\u00e9r\u00fcnk T\u00e9ged, hallgass meg minket!<br \/>\nPap: Urunk, J\u00e9zus Krisztus! Hittel valljuk, hogy te vagy a mindens\u00e9g Kir\u00e1lya. Irgalmas j\u00f3s\u00e1goddal hallgasd meg esdekl\u0151 n\u00e9pedet, \u00e9s \u00e1ldd meg \u00f6r\u00f6ks\u00e9gedet! Aki \u00e9lsz \u00e9s uralkodol mind\u00f6r\u00f6kk\u00f6n-\u00f6r\u00f6kk\u00e9.<br \/>\nH\u00edvek: \u00c1men.<\/p>\n<p><span style=\"color: #ff0000;\">Felaj\u00e1nl\u00f3 k\u00f6ny\u00f6rg\u00e9s:<\/span><br \/>\nUrunk, Isten\u00fcnk, felaj\u00e1nljuk neked ezt az engesztel\u0151 \u00e1ldozatot, \u00e9s k\u00f6ny\u00f6r\u00f6gve k\u00e9r\u00fcnk, hogy az egys\u00e9g \u00e9s a b\u00e9ke aj\u00e1nd\u00e9k\u00e1t adja meg minden n\u00e9pnek szent Fiad. Aki \u00e9l \u00e9s uralkodik mind\u00f6r\u00f6kk\u00f6n \u00f6r\u00f6kk\u00e9.<\/p>\n<p><span style=\"color: #ff0000;\">Pref\u00e1ci\u00f3:<\/span><br \/>\nAz \u00dar legyen veletek.<br \/>\nH.: \u00c9s a te lelkeddel.<br \/>\nEmelj\u00fck f\u00f6l sz\u00edv\u00fcnket.<br \/>\nH.: F\u00f6lemelt\u00fck az \u00darhoz.<br \/>\nAdjunk h\u00e1l\u00e1t Urunknak, Isten\u00fcnknek.<br \/>\nH.: M\u00e9lt\u00f3 \u00e9s igazs\u00e1gos.<\/p>\n<p>(Mert) Val\u00f3ban m\u00e9lt\u00f3 \u00e9s igazs\u00e1gos, ill\u0151 \u00e9s \u00fcdv\u00f6s, hogy mindig \u00e9s minden\u00fctt h\u00e1l\u00e1t adjunk n\u00e9ked, \u2013 mi Urunk, szents\u00e9ges ATy\u00e1nk, mindenhat\u00f3, \u00f6r\u00f6k Isten:<br \/>\nTe egysz\u00fcl\u00f6tt Fiadat, a mi Urunkat, J\u00e9zus Krisztust az \u00f6r\u00f6m olaj\u00e1val \u00f6r\u00f6k f\u0151papp\u00e1 \u00e9s a mindens\u00e9g kir\u00e1ly\u00e1v\u00e1 kented, \u2013 hogy a kereszt olt\u00e1r\u00e1n t\u00f6k\u00e9letes engesztel\u0151 \u00e1ldozatul felaj\u00e1nlja \u00d6nmag\u00e1t, \u00e9s v\u00e9ghezvigye az emberek megv\u00e1lt\u00e1s\u00e1nak szent m\u0171v\u00e9t.<br \/>\n(\u00c9s) Miut\u00e1n hatalma al\u00e1 vetett minden teremtm\u00e9nyt, \u2013 az \u00f6r\u00f6k \u00e9s egyetemes Orsz\u00e1got m\u00e9rhetetlen f\u00f6ls\u00e9gednek \u00e1tadja: az \u0151 orsz\u00e1ga igazs\u00e1g \u00e9s \u00e9let, kegyelem \u00e9s szents\u00e9g, igazs\u00e1goss\u00e1g, szeretet \u00e9s b\u00e9ke.<br \/>\n(\u00c9s) Ez\u00e9rt mi is, mik\u00e9nt az angyalok \u00e9s f\u0151angyalok, a tr\u00f3nod k\u00f6r\u00fcl \u00e1ll\u00f3 hatalmas \u00e9gi szellemek, \u00e9s minden seregek a mennyben, a te dics\u0151s\u00e9ged himnusz\u00e1t zengj\u00fck, \u2013 \u00e9s vel\u00fck EGy\u00fctt v\u00e9g n\u00e9lk\u00fcl mondjuk (\u00e9nekelj\u00fck:)<br \/>\nSzent vagy, szent vagy, szent vagy, &#8230;<\/p>\n<p><span style=\"color: #ff0000;\">\u00c1ldoz\u00e1si \u00e9nek:<\/span><br \/>\nAz \u00dar kir\u00e1lyk\u00e9nt tr\u00f3nol mind\u00f6r\u00f6kk\u00e9; az \u00dar b\u00e9k\u00e9vel \u00e1ldja meg n\u00e9p\u00e9t. (Zsolt 28,10-11)<\/p>\n<p><span style=\"color: #ff0000;\">\u00c1ldoz\u00e1s ut\u00e1ni k\u00f6ny\u00f6rg\u00e9s:<\/span><br \/>\nA halhatatlans\u00e1g eledel\u00e9t magunkhoz v\u00e9ve, k\u00e9r\u00fcnk, Urunk Isten\u00fcnk, hogy mi, akik dics\u0151s\u00e9g\u00fcnknek tartjuk azt, hogy Krisztust, a mindens\u00e9g Kir\u00e1ly\u00e1t szolg\u00e1ljuk, a mennyek orsz\u00e1g\u00e1ban \u00f6r\u00f6kre vele \u00e9lj\u00fcnk. Aki \u00e9l \u00e9s uralkodik mind\u00f6r\u00f6kk\u00f6n \u00f6r\u00f6kk\u00e9.<\/p>\n<p><em>(K\u00e9p forr\u00e1sa: Pixabay)<\/em><\/p>\n","protected":false},"excerpt":{"rendered":"<p>ATY\u00c1M, R\u00e1d hagyatkozom, tedd velem azt, ami neked tetszik. B\u00e1rmit teszel is velem, megk\u00f6sz\u00f6n\u00f6m, K\u00e9sz vagyok mindenre, elfogadok mindent, csak akaratod teljesedj\u00e9k bennem \u00e9s minden teremtm\u00e9nyben. Semmi m\u00e1st nem \u00f3hajtok, Istenem! Kezedbe aj\u00e1nlom lelkemet, neked adom, Istenem, sz\u00edvem eg\u00e9sz szeretet\u00e9vel, mert szeretlek t\u00e9ged, \u00e9s a szeretet s\u00fcrget, hogy eg\u00e9szen neked adjam magam, hogy fenntart\u00e1s n\u00e9lk\u00fcl kezedbe helyezzem \u00e9letemet hat\u00e1rtalan bizalommal, mert te vagy az \u00e9n Aty\u00e1m! (Charles de Foucauld) Kezd\u0151\u00e9nek: M\u00e9lt\u00f3 a B\u00e1r\u00e1ny, akit meg\u00f6ltek, hogy \u00f6v\u00e9 legyen a hatalom, az isteni m\u00e9lt\u00f3s\u00e1g, a b\u00f6lcsess\u00e9g, az er\u0151 \u00e9s a tisztelet. \u00d6v\u00e9 a dics\u0151s\u00e9g \u00e9s a hatalom \u00f6r\u00f6kk\u00f6n \u00f6r\u00f6kk\u00e9! (Jel 5,12;1,6) K\u00f6ny\u00f6rg\u00e9s: Mindenhat\u00f3 Isten\u00fcnk, te \u00f6r\u00f6kt\u0151l fogva \u00fagy hat\u00e1rozt\u00e1l, hogy szeretett Fiadban, a mindens\u00e9g Kir\u00e1ly\u00e1ban meg\u00faj\u00edtasz mindent. Add, hogy az eg\u00e9sz teremtett vil\u00e1g megszabaduljon a b\u0171n szolgas\u00e1g\u00e1t\u00f3l, F\u00f6ls\u00e9gednek h\u00f3doljon, \u00e9s sz\u00fcntelen\u00fcl dics\u0151\u00edtsen t\u00e9ged. A mi Urunk, J\u00e9zus Krisztus, a te Fiad \u00e1ltal, aki veled \u00e9l \u00e9s uralkodik a Szentl\u00e9lekkel egys\u00e9gben, Isten mind\u00f6r\u00f6kk\u00f6n \u00f6r\u00f6kk\u00e9. OLVASM\u00c1NY D\u00e1niel pr\u00f3f\u00e9ta k\u00f6nyv\u00e9b\u0151l (D\u00e1n 7,13-14) L\u00e1ttam az \u00e9jjeli l\u00e1tom\u00e1sban, hogy \u00edme, az \u00e9g felh\u0151in valaki k\u00f6zeledik. Olyan volt, mint az Emberfia. Amikor az \u0150s\u00f6reghez \u00e9rt, sz\u00edne el\u00e9 vezett\u00e9k. Hatalmat, m\u00e9lt\u00f3s\u00e1got \u00e9s kir\u00e1lys\u00e1got adott neki. Minden n\u00e9pnek, nemzetnek \u00e9s nyelvnek \u0151t kell szolg\u00e1lnia. Hatalma \u00f6r\u00f6k hatalom, amely nem eny\u00e9szik el, \u00e9s kir\u00e1lys\u00e1ga nem sz\u0171nik meg soha. Ez az Isten ig\u00e9je. V\u00c1LASZOS ZSOLT\u00c1R (Zsolt 92,1ab.1c-2.5) V\u00e1lasz:\u00a0Az \u00dar\u00a0orsz\u00e1gol, * kir\u00e1lyi\u00a0f\u00f6ls\u00e9gbe \u00f6lt\u00f6z\u00f6tt.\u00a0(5. t\u00f3nus.) El\u0151\u00e9nekes: Az \u00dar orsz\u00e1gol, kir\u00e1lyi f\u00f6ls\u00e9gbe \u00f6lt\u00f6z\u00f6tt, \u2020 az \u00dar f\u00f6ls\u00e9gbe\u00a0\u00f6lt\u00f6z\u00f6tt, * fel\u00f6vezte mag\u00e1t\u00a0hatalommal. H\u00edvek:\u00a0Az \u00dar\u00a0orsz\u00e1gol, * kir\u00e1lyi\u00a0f\u00f6ls\u00e9gbe \u00f6lt\u00f6z\u00f6tt. E: Meger\u0151s\u00edtette a f\u00f6ldet, hogy meg ne inogjon. \u2020 \u00d6r\u00f6kt\u0151l fogva vagy te,\u00a0Uram, * szil\u00e1rdan \u00e1ll tr\u00f3nod\u00a0kezdet \u00f3ta. H:\u00a0Az \u00dar\u00a0orsz\u00e1gol, * kir\u00e1lyi\u00a0f\u00f6ls\u00e9gbe \u00f6lt\u00f6z\u00f6tt. E: Bizonys\u00e1gaid val\u00f3ban igazak, \u2020 Uram, szents\u00e9g illeti\u00a0h\u00e1zadat, * most \u00e9s\u00a0mind\u00f6r\u00f6kk\u00e9. H:\u00a0Az \u00dar\u00a0orsz\u00e1gol, * kir\u00e1lyi\u00a0f\u00f6ls\u00e9gbe \u00f6lt\u00f6z\u00f6tt. SZENTLECKE a Jelen\u00e9sek k\u00f6nyv\u00e9b\u0151l Testv\u00e9reim! J\u00e9zus Krisztus h\u0171s\u00e9ges tan\u00fa, els\u0151sz\u00fcl\u00f6tt a holtak k\u00f6z\u00fcl, \u00e9s a f\u00f6ld kir\u00e1lyainak fejedelme. \u0150 szeret&#8230; <\/p>\n<p><a class=\"readmore\" href=\"https:\/\/stuttgarti-katolikusok.de\/index.php\/evkozi-34-vasarnap-krisztus-a-mindenseg-kiralya\/\">R\u00e9szletek<\/a><\/p>\n","protected":false},"author":3,"featured_media":20472,"comment_status":"closed","ping_status":"closed","sticky":false,"template":"","format":"standard","meta":{"footnotes":""},"categories":[85,63],"tags":[],"class_list":["post-29760","post","type-post","status-publish","format-standard","has-post-thumbnail","hentry","category-a-liturgia-olvasmanyai","category-vasarnapi-gondolatok"],"yoast_head":"<!-- This site is optimized with the Yoast SEO plugin v27.3 - https:\/\/yoast.com\/product\/yoast-seo-wordpress\/ -->\n<title>\u00c9vk\u00f6zi 34. vas\u00e1rnap \u2013 Krisztus, a Mindens\u00e9g Kir\u00e1lya - Stuttgarti Katolikusok<\/title>\n<meta name=\"robots\" content=\"index, follow, max-snippet:-1, max-image-preview:large, max-video-preview:-1\" \/>\n<link rel=\"canonical\" href=\"https:\/\/stuttgarti-katolikusok.de\/index.php\/evkozi-34-vasarnap-krisztus-a-mindenseg-kiralya\/\" \/>\n<meta property=\"og:locale\" content=\"hu_HU\" \/>\n<meta property=\"og:type\" content=\"article\" \/>\n<meta property=\"og:title\" content=\"\u00c9vk\u00f6zi 34. vas\u00e1rnap \u2013 Krisztus, a Mindens\u00e9g Kir\u00e1lya - Stuttgarti Katolikusok\" \/>\n<meta property=\"og:description\" content=\"ATY\u00c1M, R\u00e1d hagyatkozom, tedd velem azt, ami neked tetszik. B\u00e1rmit teszel is velem, megk\u00f6sz\u00f6n\u00f6m, K\u00e9sz vagyok mindenre, elfogadok mindent, csak akaratod teljesedj\u00e9k bennem \u00e9s minden teremtm\u00e9nyben. Semmi m\u00e1st nem \u00f3hajtok, Istenem! Kezedbe aj\u00e1nlom lelkemet, neked adom, Istenem, sz\u00edvem eg\u00e9sz szeretet\u00e9vel, mert szeretlek t\u00e9ged, \u00e9s a szeretet s\u00fcrget, hogy eg\u00e9szen neked adjam magam, hogy fenntart\u00e1s n\u00e9lk\u00fcl kezedbe helyezzem \u00e9letemet hat\u00e1rtalan bizalommal, mert te vagy az \u00e9n Aty\u00e1m! (Charles de Foucauld) Kezd\u0151\u00e9nek: M\u00e9lt\u00f3 a B\u00e1r\u00e1ny, akit meg\u00f6ltek, hogy \u00f6v\u00e9 legyen a hatalom, az isteni m\u00e9lt\u00f3s\u00e1g, a b\u00f6lcsess\u00e9g, az er\u0151 \u00e9s a tisztelet. \u00d6v\u00e9 a dics\u0151s\u00e9g \u00e9s a hatalom \u00f6r\u00f6kk\u00f6n \u00f6r\u00f6kk\u00e9! (Jel 5,12;1,6) K\u00f6ny\u00f6rg\u00e9s: Mindenhat\u00f3 Isten\u00fcnk, te \u00f6r\u00f6kt\u0151l fogva \u00fagy hat\u00e1rozt\u00e1l, hogy szeretett Fiadban, a mindens\u00e9g Kir\u00e1ly\u00e1ban meg\u00faj\u00edtasz mindent. Add, hogy az eg\u00e9sz teremtett vil\u00e1g megszabaduljon a b\u0171n szolgas\u00e1g\u00e1t\u00f3l, F\u00f6ls\u00e9gednek h\u00f3doljon, \u00e9s sz\u00fcntelen\u00fcl dics\u0151\u00edtsen t\u00e9ged. A mi Urunk, J\u00e9zus Krisztus, a te Fiad \u00e1ltal, aki veled \u00e9l \u00e9s uralkodik a Szentl\u00e9lekkel egys\u00e9gben, Isten mind\u00f6r\u00f6kk\u00f6n \u00f6r\u00f6kk\u00e9. OLVASM\u00c1NY D\u00e1niel pr\u00f3f\u00e9ta k\u00f6nyv\u00e9b\u0151l (D\u00e1n 7,13-14) L\u00e1ttam az \u00e9jjeli l\u00e1tom\u00e1sban, hogy \u00edme, az \u00e9g felh\u0151in valaki k\u00f6zeledik. Olyan volt, mint az Emberfia. Amikor az \u0150s\u00f6reghez \u00e9rt, sz\u00edne el\u00e9 vezett\u00e9k. Hatalmat, m\u00e9lt\u00f3s\u00e1got \u00e9s kir\u00e1lys\u00e1got adott neki. Minden n\u00e9pnek, nemzetnek \u00e9s nyelvnek \u0151t kell szolg\u00e1lnia. Hatalma \u00f6r\u00f6k hatalom, amely nem eny\u00e9szik el, \u00e9s kir\u00e1lys\u00e1ga nem sz\u0171nik meg soha. Ez az Isten ig\u00e9je. V\u00c1LASZOS ZSOLT\u00c1R (Zsolt 92,1ab.1c-2.5) V\u00e1lasz:\u00a0Az \u00dar\u00a0orsz\u00e1gol, * kir\u00e1lyi\u00a0f\u00f6ls\u00e9gbe \u00f6lt\u00f6z\u00f6tt.\u00a0(5. t\u00f3nus.) El\u0151\u00e9nekes: Az \u00dar orsz\u00e1gol, kir\u00e1lyi f\u00f6ls\u00e9gbe \u00f6lt\u00f6z\u00f6tt, \u2020 az \u00dar f\u00f6ls\u00e9gbe\u00a0\u00f6lt\u00f6z\u00f6tt, * fel\u00f6vezte mag\u00e1t\u00a0hatalommal. H\u00edvek:\u00a0Az \u00dar\u00a0orsz\u00e1gol, * kir\u00e1lyi\u00a0f\u00f6ls\u00e9gbe \u00f6lt\u00f6z\u00f6tt. E: Meger\u0151s\u00edtette a f\u00f6ldet, hogy meg ne inogjon. \u2020 \u00d6r\u00f6kt\u0151l fogva vagy te,\u00a0Uram, * szil\u00e1rdan \u00e1ll tr\u00f3nod\u00a0kezdet \u00f3ta. H:\u00a0Az \u00dar\u00a0orsz\u00e1gol, * kir\u00e1lyi\u00a0f\u00f6ls\u00e9gbe \u00f6lt\u00f6z\u00f6tt. E: Bizonys\u00e1gaid val\u00f3ban igazak, \u2020 Uram, szents\u00e9g illeti\u00a0h\u00e1zadat, * most \u00e9s\u00a0mind\u00f6r\u00f6kk\u00e9. H:\u00a0Az \u00dar\u00a0orsz\u00e1gol, * kir\u00e1lyi\u00a0f\u00f6ls\u00e9gbe \u00f6lt\u00f6z\u00f6tt. SZENTLECKE a Jelen\u00e9sek k\u00f6nyv\u00e9b\u0151l Testv\u00e9reim! J\u00e9zus Krisztus h\u0171s\u00e9ges tan\u00fa, els\u0151sz\u00fcl\u00f6tt a holtak k\u00f6z\u00fcl, \u00e9s a f\u00f6ld kir\u00e1lyainak fejedelme. \u0150 szeret... R\u00e9szletek\" \/>\n<meta property=\"og:url\" content=\"https:\/\/stuttgarti-katolikusok.de\/index.php\/evkozi-34-vasarnap-krisztus-a-mindenseg-kiralya\/\" \/>\n<meta property=\"og:site_name\" content=\"Stuttgarti Katolikusok\" \/>\n<meta property=\"article:published_time\" content=\"2024-11-23T12:18:29+00:00\" \/>\n<meta property=\"article:modified_time\" content=\"2024-11-23T23:54:25+00:00\" \/>\n<meta property=\"og:image\" content=\"https:\/\/stuttgarti-katolikusok.de\/wp-content\/uploads\/2020\/11\/felelosseg.jpg\" \/>\n\t<meta property=\"og:image:width\" content=\"640\" \/>\n\t<meta property=\"og:image:height\" content=\"452\" \/>\n\t<meta property=\"og:image:type\" content=\"image\/jpeg\" \/>\n<meta name=\"author\" content=\"Tibor atya\" \/>\n<meta name=\"twitter:card\" content=\"summary_large_image\" \/>\n<meta name=\"twitter:label1\" content=\"Szerz\u0151:\" \/>\n\t<meta name=\"twitter:data1\" content=\"Tibor atya\" \/>\n\t<meta name=\"twitter:label2\" content=\"Becs\u00fclt olvas\u00e1si id\u0151\" \/>\n\t<meta name=\"twitter:data2\" content=\"6 perc\" \/>\n<script type=\"application\/ld+json\" class=\"yoast-schema-graph\">{\"@context\":\"https:\\\/\\\/schema.org\",\"@graph\":[{\"@type\":\"Article\",\"@id\":\"https:\\\/\\\/stuttgarti-katolikusok.de\\\/index.php\\\/evkozi-34-vasarnap-krisztus-a-mindenseg-kiralya\\\/#article\",\"isPartOf\":{\"@id\":\"https:\\\/\\\/stuttgarti-katolikusok.de\\\/index.php\\\/evkozi-34-vasarnap-krisztus-a-mindenseg-kiralya\\\/\"},\"author\":{\"name\":\"Tibor atya\",\"@id\":\"https:\\\/\\\/stuttgarti-katolikusok.de\\\/#\\\/schema\\\/person\\\/75908d6f8fdc03a57889d27209df7795\"},\"headline\":\"\u00c9vk\u00f6zi 34. vas\u00e1rnap \u2013 Krisztus, a Mindens\u00e9g Kir\u00e1lya\",\"datePublished\":\"2024-11-23T12:18:29+00:00\",\"dateModified\":\"2024-11-23T23:54:25+00:00\",\"mainEntityOfPage\":{\"@id\":\"https:\\\/\\\/stuttgarti-katolikusok.de\\\/index.php\\\/evkozi-34-vasarnap-krisztus-a-mindenseg-kiralya\\\/\"},\"wordCount\":1369,\"image\":{\"@id\":\"https:\\\/\\\/stuttgarti-katolikusok.de\\\/index.php\\\/evkozi-34-vasarnap-krisztus-a-mindenseg-kiralya\\\/#primaryimage\"},\"thumbnailUrl\":\"https:\\\/\\\/stuttgarti-katolikusok.de\\\/wp-content\\\/uploads\\\/2020\\\/11\\\/felelosseg.jpg\",\"articleSection\":[\"A liturgia olvasm\u00e1nyai\",\"Vas\u00e1rnapi gondolatok\"],\"inLanguage\":\"hu\"},{\"@type\":\"WebPage\",\"@id\":\"https:\\\/\\\/stuttgarti-katolikusok.de\\\/index.php\\\/evkozi-34-vasarnap-krisztus-a-mindenseg-kiralya\\\/\",\"url\":\"https:\\\/\\\/stuttgarti-katolikusok.de\\\/index.php\\\/evkozi-34-vasarnap-krisztus-a-mindenseg-kiralya\\\/\",\"name\":\"\u00c9vk\u00f6zi 34. vas\u00e1rnap \u2013 Krisztus, a Mindens\u00e9g Kir\u00e1lya - Stuttgarti Katolikusok\",\"isPartOf\":{\"@id\":\"https:\\\/\\\/stuttgarti-katolikusok.de\\\/#website\"},\"primaryImageOfPage\":{\"@id\":\"https:\\\/\\\/stuttgarti-katolikusok.de\\\/index.php\\\/evkozi-34-vasarnap-krisztus-a-mindenseg-kiralya\\\/#primaryimage\"},\"image\":{\"@id\":\"https:\\\/\\\/stuttgarti-katolikusok.de\\\/index.php\\\/evkozi-34-vasarnap-krisztus-a-mindenseg-kiralya\\\/#primaryimage\"},\"thumbnailUrl\":\"https:\\\/\\\/stuttgarti-katolikusok.de\\\/wp-content\\\/uploads\\\/2020\\\/11\\\/felelosseg.jpg\",\"datePublished\":\"2024-11-23T12:18:29+00:00\",\"dateModified\":\"2024-11-23T23:54:25+00:00\",\"author\":{\"@id\":\"https:\\\/\\\/stuttgarti-katolikusok.de\\\/#\\\/schema\\\/person\\\/75908d6f8fdc03a57889d27209df7795\"},\"breadcrumb\":{\"@id\":\"https:\\\/\\\/stuttgarti-katolikusok.de\\\/index.php\\\/evkozi-34-vasarnap-krisztus-a-mindenseg-kiralya\\\/#breadcrumb\"},\"inLanguage\":\"hu\",\"potentialAction\":[{\"@type\":\"ReadAction\",\"target\":[\"https:\\\/\\\/stuttgarti-katolikusok.de\\\/index.php\\\/evkozi-34-vasarnap-krisztus-a-mindenseg-kiralya\\\/\"]}]},{\"@type\":\"ImageObject\",\"inLanguage\":\"hu\",\"@id\":\"https:\\\/\\\/stuttgarti-katolikusok.de\\\/index.php\\\/evkozi-34-vasarnap-krisztus-a-mindenseg-kiralya\\\/#primaryimage\",\"url\":\"https:\\\/\\\/stuttgarti-katolikusok.de\\\/wp-content\\\/uploads\\\/2020\\\/11\\\/felelosseg.jpg\",\"contentUrl\":\"https:\\\/\\\/stuttgarti-katolikusok.de\\\/wp-content\\\/uploads\\\/2020\\\/11\\\/felelosseg.jpg\",\"width\":640,\"height\":452},{\"@type\":\"BreadcrumbList\",\"@id\":\"https:\\\/\\\/stuttgarti-katolikusok.de\\\/index.php\\\/evkozi-34-vasarnap-krisztus-a-mindenseg-kiralya\\\/#breadcrumb\",\"itemListElement\":[{\"@type\":\"ListItem\",\"position\":1,\"name\":\"Kezd\u0151lap\",\"item\":\"https:\\\/\\\/stuttgarti-katolikusok.de\\\/\"},{\"@type\":\"ListItem\",\"position\":2,\"name\":\"\u00c9vk\u00f6zi 34. vas\u00e1rnap \u2013 Krisztus, a Mindens\u00e9g Kir\u00e1lya\"}]},{\"@type\":\"WebSite\",\"@id\":\"https:\\\/\\\/stuttgarti-katolikusok.de\\\/#website\",\"url\":\"https:\\\/\\\/stuttgarti-katolikusok.de\\\/\",\"name\":\"Stuttgarti Katolikusok\",\"description\":\"\",\"potentialAction\":[{\"@type\":\"SearchAction\",\"target\":{\"@type\":\"EntryPoint\",\"urlTemplate\":\"https:\\\/\\\/stuttgarti-katolikusok.de\\\/?s={search_term_string}\"},\"query-input\":{\"@type\":\"PropertyValueSpecification\",\"valueRequired\":true,\"valueName\":\"search_term_string\"}}],\"inLanguage\":\"hu\"},{\"@type\":\"Person\",\"@id\":\"https:\\\/\\\/stuttgarti-katolikusok.de\\\/#\\\/schema\\\/person\\\/75908d6f8fdc03a57889d27209df7795\",\"name\":\"Tibor atya\",\"image\":{\"@type\":\"ImageObject\",\"inLanguage\":\"hu\",\"@id\":\"https:\\\/\\\/secure.gravatar.com\\\/avatar\\\/61d268e57d1f4525b111222e29d2d5a7f8c420fdbf231ba5566a8ceac74fa960?s=96&d=mm&r=g\",\"url\":\"https:\\\/\\\/secure.gravatar.com\\\/avatar\\\/61d268e57d1f4525b111222e29d2d5a7f8c420fdbf231ba5566a8ceac74fa960?s=96&d=mm&r=g\",\"contentUrl\":\"https:\\\/\\\/secure.gravatar.com\\\/avatar\\\/61d268e57d1f4525b111222e29d2d5a7f8c420fdbf231ba5566a8ceac74fa960?s=96&d=mm&r=g\",\"caption\":\"Tibor atya\"},\"url\":\"https:\\\/\\\/stuttgarti-katolikusok.de\\\/index.php\\\/author\\\/tibor-atya\\\/\"}]}<\/script>\n<!-- \/ Yoast SEO plugin. -->","yoast_head_json":{"title":"\u00c9vk\u00f6zi 34. vas\u00e1rnap \u2013 Krisztus, a Mindens\u00e9g Kir\u00e1lya - Stuttgarti Katolikusok","robots":{"index":"index","follow":"follow","max-snippet":"max-snippet:-1","max-image-preview":"max-image-preview:large","max-video-preview":"max-video-preview:-1"},"canonical":"https:\/\/stuttgarti-katolikusok.de\/index.php\/evkozi-34-vasarnap-krisztus-a-mindenseg-kiralya\/","og_locale":"hu_HU","og_type":"article","og_title":"\u00c9vk\u00f6zi 34. vas\u00e1rnap \u2013 Krisztus, a Mindens\u00e9g Kir\u00e1lya - Stuttgarti Katolikusok","og_description":"ATY\u00c1M, R\u00e1d hagyatkozom, tedd velem azt, ami neked tetszik. B\u00e1rmit teszel is velem, megk\u00f6sz\u00f6n\u00f6m, K\u00e9sz vagyok mindenre, elfogadok mindent, csak akaratod teljesedj\u00e9k bennem \u00e9s minden teremtm\u00e9nyben. Semmi m\u00e1st nem \u00f3hajtok, Istenem! Kezedbe aj\u00e1nlom lelkemet, neked adom, Istenem, sz\u00edvem eg\u00e9sz szeretet\u00e9vel, mert szeretlek t\u00e9ged, \u00e9s a szeretet s\u00fcrget, hogy eg\u00e9szen neked adjam magam, hogy fenntart\u00e1s n\u00e9lk\u00fcl kezedbe helyezzem \u00e9letemet hat\u00e1rtalan bizalommal, mert te vagy az \u00e9n Aty\u00e1m! (Charles de Foucauld) Kezd\u0151\u00e9nek: M\u00e9lt\u00f3 a B\u00e1r\u00e1ny, akit meg\u00f6ltek, hogy \u00f6v\u00e9 legyen a hatalom, az isteni m\u00e9lt\u00f3s\u00e1g, a b\u00f6lcsess\u00e9g, az er\u0151 \u00e9s a tisztelet. \u00d6v\u00e9 a dics\u0151s\u00e9g \u00e9s a hatalom \u00f6r\u00f6kk\u00f6n \u00f6r\u00f6kk\u00e9! (Jel 5,12;1,6) K\u00f6ny\u00f6rg\u00e9s: Mindenhat\u00f3 Isten\u00fcnk, te \u00f6r\u00f6kt\u0151l fogva \u00fagy hat\u00e1rozt\u00e1l, hogy szeretett Fiadban, a mindens\u00e9g Kir\u00e1ly\u00e1ban meg\u00faj\u00edtasz mindent. Add, hogy az eg\u00e9sz teremtett vil\u00e1g megszabaduljon a b\u0171n szolgas\u00e1g\u00e1t\u00f3l, F\u00f6ls\u00e9gednek h\u00f3doljon, \u00e9s sz\u00fcntelen\u00fcl dics\u0151\u00edtsen t\u00e9ged. A mi Urunk, J\u00e9zus Krisztus, a te Fiad \u00e1ltal, aki veled \u00e9l \u00e9s uralkodik a Szentl\u00e9lekkel egys\u00e9gben, Isten mind\u00f6r\u00f6kk\u00f6n \u00f6r\u00f6kk\u00e9. OLVASM\u00c1NY D\u00e1niel pr\u00f3f\u00e9ta k\u00f6nyv\u00e9b\u0151l (D\u00e1n 7,13-14) L\u00e1ttam az \u00e9jjeli l\u00e1tom\u00e1sban, hogy \u00edme, az \u00e9g felh\u0151in valaki k\u00f6zeledik. Olyan volt, mint az Emberfia. Amikor az \u0150s\u00f6reghez \u00e9rt, sz\u00edne el\u00e9 vezett\u00e9k. Hatalmat, m\u00e9lt\u00f3s\u00e1got \u00e9s kir\u00e1lys\u00e1got adott neki. Minden n\u00e9pnek, nemzetnek \u00e9s nyelvnek \u0151t kell szolg\u00e1lnia. Hatalma \u00f6r\u00f6k hatalom, amely nem eny\u00e9szik el, \u00e9s kir\u00e1lys\u00e1ga nem sz\u0171nik meg soha. Ez az Isten ig\u00e9je. V\u00c1LASZOS ZSOLT\u00c1R (Zsolt 92,1ab.1c-2.5) V\u00e1lasz:\u00a0Az \u00dar\u00a0orsz\u00e1gol, * kir\u00e1lyi\u00a0f\u00f6ls\u00e9gbe \u00f6lt\u00f6z\u00f6tt.\u00a0(5. t\u00f3nus.) El\u0151\u00e9nekes: Az \u00dar orsz\u00e1gol, kir\u00e1lyi f\u00f6ls\u00e9gbe \u00f6lt\u00f6z\u00f6tt, \u2020 az \u00dar f\u00f6ls\u00e9gbe\u00a0\u00f6lt\u00f6z\u00f6tt, * fel\u00f6vezte mag\u00e1t\u00a0hatalommal. H\u00edvek:\u00a0Az \u00dar\u00a0orsz\u00e1gol, * kir\u00e1lyi\u00a0f\u00f6ls\u00e9gbe \u00f6lt\u00f6z\u00f6tt. E: Meger\u0151s\u00edtette a f\u00f6ldet, hogy meg ne inogjon. \u2020 \u00d6r\u00f6kt\u0151l fogva vagy te,\u00a0Uram, * szil\u00e1rdan \u00e1ll tr\u00f3nod\u00a0kezdet \u00f3ta. H:\u00a0Az \u00dar\u00a0orsz\u00e1gol, * kir\u00e1lyi\u00a0f\u00f6ls\u00e9gbe \u00f6lt\u00f6z\u00f6tt. E: Bizonys\u00e1gaid val\u00f3ban igazak, \u2020 Uram, szents\u00e9g illeti\u00a0h\u00e1zadat, * most \u00e9s\u00a0mind\u00f6r\u00f6kk\u00e9. H:\u00a0Az \u00dar\u00a0orsz\u00e1gol, * kir\u00e1lyi\u00a0f\u00f6ls\u00e9gbe \u00f6lt\u00f6z\u00f6tt. SZENTLECKE a Jelen\u00e9sek k\u00f6nyv\u00e9b\u0151l Testv\u00e9reim! J\u00e9zus Krisztus h\u0171s\u00e9ges tan\u00fa, els\u0151sz\u00fcl\u00f6tt a holtak k\u00f6z\u00fcl, \u00e9s a f\u00f6ld kir\u00e1lyainak fejedelme. \u0150 szeret... R\u00e9szletek","og_url":"https:\/\/stuttgarti-katolikusok.de\/index.php\/evkozi-34-vasarnap-krisztus-a-mindenseg-kiralya\/","og_site_name":"Stuttgarti Katolikusok","article_published_time":"2024-11-23T12:18:29+00:00","article_modified_time":"2024-11-23T23:54:25+00:00","og_image":[{"width":640,"height":452,"url":"https:\/\/stuttgarti-katolikusok.de\/wp-content\/uploads\/2020\/11\/felelosseg.jpg","type":"image\/jpeg"}],"author":"Tibor atya","twitter_card":"summary_large_image","twitter_misc":{"Szerz\u0151:":"Tibor atya","Becs\u00fclt olvas\u00e1si id\u0151":"6 perc"},"schema":{"@context":"https:\/\/schema.org","@graph":[{"@type":"Article","@id":"https:\/\/stuttgarti-katolikusok.de\/index.php\/evkozi-34-vasarnap-krisztus-a-mindenseg-kiralya\/#article","isPartOf":{"@id":"https:\/\/stuttgarti-katolikusok.de\/index.php\/evkozi-34-vasarnap-krisztus-a-mindenseg-kiralya\/"},"author":{"name":"Tibor atya","@id":"https:\/\/stuttgarti-katolikusok.de\/#\/schema\/person\/75908d6f8fdc03a57889d27209df7795"},"headline":"\u00c9vk\u00f6zi 34. vas\u00e1rnap \u2013 Krisztus, a Mindens\u00e9g Kir\u00e1lya","datePublished":"2024-11-23T12:18:29+00:00","dateModified":"2024-11-23T23:54:25+00:00","mainEntityOfPage":{"@id":"https:\/\/stuttgarti-katolikusok.de\/index.php\/evkozi-34-vasarnap-krisztus-a-mindenseg-kiralya\/"},"wordCount":1369,"image":{"@id":"https:\/\/stuttgarti-katolikusok.de\/index.php\/evkozi-34-vasarnap-krisztus-a-mindenseg-kiralya\/#primaryimage"},"thumbnailUrl":"https:\/\/stuttgarti-katolikusok.de\/wp-content\/uploads\/2020\/11\/felelosseg.jpg","articleSection":["A liturgia olvasm\u00e1nyai","Vas\u00e1rnapi gondolatok"],"inLanguage":"hu"},{"@type":"WebPage","@id":"https:\/\/stuttgarti-katolikusok.de\/index.php\/evkozi-34-vasarnap-krisztus-a-mindenseg-kiralya\/","url":"https:\/\/stuttgarti-katolikusok.de\/index.php\/evkozi-34-vasarnap-krisztus-a-mindenseg-kiralya\/","name":"\u00c9vk\u00f6zi 34. vas\u00e1rnap \u2013 Krisztus, a Mindens\u00e9g Kir\u00e1lya - Stuttgarti Katolikusok","isPartOf":{"@id":"https:\/\/stuttgarti-katolikusok.de\/#website"},"primaryImageOfPage":{"@id":"https:\/\/stuttgarti-katolikusok.de\/index.php\/evkozi-34-vasarnap-krisztus-a-mindenseg-kiralya\/#primaryimage"},"image":{"@id":"https:\/\/stuttgarti-katolikusok.de\/index.php\/evkozi-34-vasarnap-krisztus-a-mindenseg-kiralya\/#primaryimage"},"thumbnailUrl":"https:\/\/stuttgarti-katolikusok.de\/wp-content\/uploads\/2020\/11\/felelosseg.jpg","datePublished":"2024-11-23T12:18:29+00:00","dateModified":"2024-11-23T23:54:25+00:00","author":{"@id":"https:\/\/stuttgarti-katolikusok.de\/#\/schema\/person\/75908d6f8fdc03a57889d27209df7795"},"breadcrumb":{"@id":"https:\/\/stuttgarti-katolikusok.de\/index.php\/evkozi-34-vasarnap-krisztus-a-mindenseg-kiralya\/#breadcrumb"},"inLanguage":"hu","potentialAction":[{"@type":"ReadAction","target":["https:\/\/stuttgarti-katolikusok.de\/index.php\/evkozi-34-vasarnap-krisztus-a-mindenseg-kiralya\/"]}]},{"@type":"ImageObject","inLanguage":"hu","@id":"https:\/\/stuttgarti-katolikusok.de\/index.php\/evkozi-34-vasarnap-krisztus-a-mindenseg-kiralya\/#primaryimage","url":"https:\/\/stuttgarti-katolikusok.de\/wp-content\/uploads\/2020\/11\/felelosseg.jpg","contentUrl":"https:\/\/stuttgarti-katolikusok.de\/wp-content\/uploads\/2020\/11\/felelosseg.jpg","width":640,"height":452},{"@type":"BreadcrumbList","@id":"https:\/\/stuttgarti-katolikusok.de\/index.php\/evkozi-34-vasarnap-krisztus-a-mindenseg-kiralya\/#breadcrumb","itemListElement":[{"@type":"ListItem","position":1,"name":"Kezd\u0151lap","item":"https:\/\/stuttgarti-katolikusok.de\/"},{"@type":"ListItem","position":2,"name":"\u00c9vk\u00f6zi 34. vas\u00e1rnap \u2013 Krisztus, a Mindens\u00e9g Kir\u00e1lya"}]},{"@type":"WebSite","@id":"https:\/\/stuttgarti-katolikusok.de\/#website","url":"https:\/\/stuttgarti-katolikusok.de\/","name":"Stuttgarti Katolikusok","description":"","potentialAction":[{"@type":"SearchAction","target":{"@type":"EntryPoint","urlTemplate":"https:\/\/stuttgarti-katolikusok.de\/?s={search_term_string}"},"query-input":{"@type":"PropertyValueSpecification","valueRequired":true,"valueName":"search_term_string"}}],"inLanguage":"hu"},{"@type":"Person","@id":"https:\/\/stuttgarti-katolikusok.de\/#\/schema\/person\/75908d6f8fdc03a57889d27209df7795","name":"Tibor atya","image":{"@type":"ImageObject","inLanguage":"hu","@id":"https:\/\/secure.gravatar.com\/avatar\/61d268e57d1f4525b111222e29d2d5a7f8c420fdbf231ba5566a8ceac74fa960?s=96&d=mm&r=g","url":"https:\/\/secure.gravatar.com\/avatar\/61d268e57d1f4525b111222e29d2d5a7f8c420fdbf231ba5566a8ceac74fa960?s=96&d=mm&r=g","contentUrl":"https:\/\/secure.gravatar.com\/avatar\/61d268e57d1f4525b111222e29d2d5a7f8c420fdbf231ba5566a8ceac74fa960?s=96&d=mm&r=g","caption":"Tibor atya"},"url":"https:\/\/stuttgarti-katolikusok.de\/index.php\/author\/tibor-atya\/"}]}},"_links":{"self":[{"href":"https:\/\/stuttgarti-katolikusok.de\/index.php\/wp-json\/wp\/v2\/posts\/29760","targetHints":{"allow":["GET"]}}],"collection":[{"href":"https:\/\/stuttgarti-katolikusok.de\/index.php\/wp-json\/wp\/v2\/posts"}],"about":[{"href":"https:\/\/stuttgarti-katolikusok.de\/index.php\/wp-json\/wp\/v2\/types\/post"}],"author":[{"embeddable":true,"href":"https:\/\/stuttgarti-katolikusok.de\/index.php\/wp-json\/wp\/v2\/users\/3"}],"replies":[{"embeddable":true,"href":"https:\/\/stuttgarti-katolikusok.de\/index.php\/wp-json\/wp\/v2\/comments?post=29760"}],"version-history":[{"count":3,"href":"https:\/\/stuttgarti-katolikusok.de\/index.php\/wp-json\/wp\/v2\/posts\/29760\/revisions"}],"predecessor-version":[{"id":29763,"href":"https:\/\/stuttgarti-katolikusok.de\/index.php\/wp-json\/wp\/v2\/posts\/29760\/revisions\/29763"}],"wp:featuredmedia":[{"embeddable":true,"href":"https:\/\/stuttgarti-katolikusok.de\/index.php\/wp-json\/wp\/v2\/media\/20472"}],"wp:attachment":[{"href":"https:\/\/stuttgarti-katolikusok.de\/index.php\/wp-json\/wp\/v2\/media?parent=29760"}],"wp:term":[{"taxonomy":"category","embeddable":true,"href":"https:\/\/stuttgarti-katolikusok.de\/index.php\/wp-json\/wp\/v2\/categories?post=29760"},{"taxonomy":"post_tag","embeddable":true,"href":"https:\/\/stuttgarti-katolikusok.de\/index.php\/wp-json\/wp\/v2\/tags?post=29760"}],"curies":[{"name":"wp","href":"https:\/\/api.w.org\/{rel}","templated":true}]}}