{"id":29735,"date":"2024-11-18T10:54:28","date_gmt":"2024-11-18T09:54:28","guid":{"rendered":"https:\/\/stuttgarti-katolikusok.de\/?p=29735"},"modified":"2024-11-18T11:16:32","modified_gmt":"2024-11-18T10:16:32","slug":"2024-november-18-es-24","status":"publish","type":"post","link":"https:\/\/stuttgarti-katolikusok.de\/index.php\/2024-november-18-es-24\/","title":{"rendered":"2024. NOVEMBER 18 \u00c9S 24"},"content":{"rendered":"<p><span style=\"color: #ff6600;\"><strong>Programel\u0151zetes<\/strong><\/span><\/p>\n<p style=\"text-align: center;\"><strong><span style=\"color: #ff6600;\">*<\/span><\/strong><\/p>\n<p><strong>November 22-\u00e9n,<\/strong>\u00a0p\u00e9nteken, <strong>Stuttgarti d\u00e9lut\u00e1n<\/strong>, a <span style=\"color: #ff0000;\"><em>szentmise<\/em> ELMARAD!<\/span> Ellenben 18.00 \u00f3rakor <em>r\u00f3zsaf\u00fcz\u00e9r im\u00e1ds\u00e1g.<\/em><\/p>\n<p style=\"text-align: center;\"><span style=\"color: #ff6600;\"><strong>*<\/strong><\/span><\/p>\n<p><strong>November 23-\u00e1n<\/strong>, szombaton,\u00a0<strong>Tuttlingenben<\/strong>\u00a016.00 \u00f3rakor<em>\u00a0szentmise,\u00a0<\/em>ezt k\u00f6vet\u0151en <em>agap\u00e9.<\/em><\/p>\n<p style=\"text-align: center;\"><span style=\"color: #ff6600;\"><strong>*<\/strong><\/span><\/p>\n<p><strong>November 24-\u00e9n<em>,<\/em><\/strong><em>\u00a0<\/em><span style=\"color: #ff0000;\"><strong><em>Krisztus Kir\u00e1ly vas\u00e1rnapja<\/em><\/strong><\/span><em>,<\/em><\/p>\n<p><strong>B\u00f6blingenben<\/strong> 9.30 \u00f3rakor<em>, szentmise, <\/em>ut\u00e1na <em>agap\u00e9, <\/em><\/p>\n<p><strong>Eislingenben<\/strong><em>\u00a0<\/em>15.00 \u00f3rakor<em><span style=\"color: #ff6600;\"> b\u00facs\u00fas-szentmise<\/span>, <strong><span style=\"color: #ff6600;\">Sk\u00f3ciai Szent Margitot k\u00f6sz\u00f6ntj\u00fck<\/span><\/strong>, <\/em>ut\u00e1na <span style=\"color: #ff6600;\"><em>agap\u00e9.<\/em><\/span><\/p>\n<p><a href=\"https:\/\/stuttgarti-katolikusok.de\/wp-content\/uploads\/2024\/11\/eislingen-2024.jpg\"><img loading=\"lazy\" decoding=\"async\" class=\"size-full wp-image-29736 aligncenter\" src=\"https:\/\/stuttgarti-katolikusok.de\/wp-content\/uploads\/2024\/11\/eislingen-2024.jpg\" alt=\"\" width=\"325\" height=\"724\" srcset=\"https:\/\/stuttgarti-katolikusok.de\/wp-content\/uploads\/2024\/11\/eislingen-2024.jpg 325w, https:\/\/stuttgarti-katolikusok.de\/wp-content\/uploads\/2024\/11\/eislingen-2024-135x300.jpg 135w\" sizes=\"auto, (max-width: 325px) 100vw, 325px\" \/><\/a><\/p>\n<p style=\"text-align: center;\"><span style=\"color: #ff6600;\"><strong>*<\/strong><\/span><\/p>\n<p><em> <a href=\"https:\/\/stuttgarti-katolikusok.de\/wp-content\/uploads\/2020\/11\/felelosseg.jpg\"><img loading=\"lazy\" decoding=\"async\" class=\"alignnone size-full wp-image-20472\" src=\"https:\/\/stuttgarti-katolikusok.de\/wp-content\/uploads\/2020\/11\/felelosseg.jpg\" alt=\"\" width=\"640\" height=\"452\" srcset=\"https:\/\/stuttgarti-katolikusok.de\/wp-content\/uploads\/2020\/11\/felelosseg.jpg 640w, https:\/\/stuttgarti-katolikusok.de\/wp-content\/uploads\/2020\/11\/felelosseg-300x212.jpg 300w\" sizes=\"auto, (max-width: 640px) 100vw, 640px\" \/><\/a><\/em><\/p>\n<p style=\"text-align: center;\"><span style=\"color: #ff6600;\"><strong>*<\/strong><\/span><\/p>\n<p>Minden helyen mindenkit szeretettel v\u00e1r a k\u00f6z\u00f6ss\u00e9g \u00e9s Tibor atya!<\/p>\n<p style=\"text-align: center;\"><span style=\"color: #ff6600;\">*<\/span><\/p>\n<p><span style=\"color: #ff6600;\"><strong><em>Bens\u0151s\u00e9ges \u0151szi napokat, j\u00f3 munk\u00e1t, tartalmas besz\u00e9lget\u00e9seket, \u00f6r\u00f6mteli tal\u00e1lkoz\u00e1sokat k\u00edv\u00e1nunk minden Kedves H\u00edv\u00fcnknek!<\/em><\/strong><\/span><\/p>\n<p style=\"text-align: center;\"><span style=\"color: #ff6600;\">*<\/span><\/p>\n<p><span style=\"color: #ff6600;\"><em>Az \u00f6r\u00f6kk\u00e9val\u00f3s\u00e1g jelk\u00e9pei<\/em><\/span><\/p>\n<p><span style=\"color: #ff6600;\"><em>Milyen ritk\u00e1n l\u00e9pnek \u00e1t gondolataid az \u00f6r\u00f6kk\u00e9val\u00f3s\u00e1gba!<\/em><\/span><\/p>\n<p><span style=\"color: #ff6600;\"><em>Jel\u00f6lj h\u00e1t ki jelk\u00e9peket \u00e9letedben, amelyek az \u00f6r\u00f6kk\u00e9val\u00f3s\u00e1gra eml\u00e9keztetnek. Ilyen lehet:<\/em><\/span><\/p>\n<p><span style=\"color: #ff6600;\"><em>Minden t\u00e1gas templom, amelyben k\u00f6r\u00fcln\u00e9zel.<\/em><\/span><\/p>\n<p><span style=\"color: #ff6600;\"><em>Minden torony, mely az \u00e9g fel\u00e9 mutat.<\/em><\/span><\/p>\n<p><span style=\"color: #ff6600;\"><em>Minden gy\u00e1szjelent\u00e9s, mely a post\u00e1s k\u00e9zbes\u00edt.<\/em><\/span><\/p>\n<p><span style=\"color: #ff6600;\"><em>Minden \u00f6reg ember, akivel tal\u00e1lkozol.<\/em><\/span><\/p>\n<p><span style=\"color: #ff6600;\"><em>Minden patak, amely a foly\u00f3ba \u00f6mlik.<\/em><\/span><\/p>\n<p><span style=\"color: #ff6600;\"><em>Minden p\u00e1lyaudvar \u00e9s \u00e1llom\u00e1s, ahol kisz\u00e1llsz.<\/em><\/span><\/p>\n<p><span style=\"color: #ff6600;\"><em>Gondolj a v\u00e9g\u00e1llom\u00e1sra!<\/em><\/span><\/p>\n<p><em>(Johannes Rosche)<\/em><\/p>\n<p>(K\u00e9pek forr\u00e1sa: Instagram \u00e9s Pixabay)<\/p>\n","protected":false},"excerpt":{"rendered":"<p>Programel\u0151zetes * November 22-\u00e9n,\u00a0p\u00e9nteken, Stuttgarti d\u00e9lut\u00e1n, a szentmise ELMARAD! Ellenben 18.00 \u00f3rakor r\u00f3zsaf\u00fcz\u00e9r im\u00e1ds\u00e1g. * November 23-\u00e1n, szombaton,\u00a0Tuttlingenben\u00a016.00 \u00f3rakor\u00a0szentmise,\u00a0ezt k\u00f6vet\u0151en agap\u00e9. * November 24-\u00e9n,\u00a0Krisztus Kir\u00e1ly vas\u00e1rnapja, B\u00f6blingenben 9.30 \u00f3rakor, szentmise, ut\u00e1na agap\u00e9, Eislingenben\u00a015.00 \u00f3rakor b\u00facs\u00fas-szentmise, Sk\u00f3ciai Szent Margitot k\u00f6sz\u00f6ntj\u00fck, ut\u00e1na agap\u00e9. * * Minden helyen mindenkit szeretettel v\u00e1r a k\u00f6z\u00f6ss\u00e9g \u00e9s Tibor atya! * Bens\u0151s\u00e9ges \u0151szi napokat, j\u00f3 munk\u00e1t, tartalmas besz\u00e9lget\u00e9seket, \u00f6r\u00f6mteli tal\u00e1lkoz\u00e1sokat k\u00edv\u00e1nunk minden Kedves H\u00edv\u00fcnknek! * Az \u00f6r\u00f6kk\u00e9val\u00f3s\u00e1g jelk\u00e9pei Milyen ritk\u00e1n l\u00e9pnek \u00e1t gondolataid az \u00f6r\u00f6kk\u00e9val\u00f3s\u00e1gba! Jel\u00f6lj h\u00e1t ki jelk\u00e9peket \u00e9letedben, amelyek az \u00f6r\u00f6kk\u00e9val\u00f3s\u00e1gra eml\u00e9keztetnek. Ilyen lehet: Minden t\u00e1gas templom, amelyben k\u00f6r\u00fcln\u00e9zel. Minden torony, mely az \u00e9g fel\u00e9 mutat. Minden gy\u00e1szjelent\u00e9s, mely a post\u00e1s k\u00e9zbes\u00edt. Minden \u00f6reg ember, akivel tal\u00e1lkozol. Minden patak, amely a foly\u00f3ba \u00f6mlik. Minden p\u00e1lyaudvar \u00e9s \u00e1llom\u00e1s, ahol kisz\u00e1llsz. Gondolj a v\u00e9g\u00e1llom\u00e1sra! (Johannes Rosche) (K\u00e9pek forr\u00e1sa: Instagram \u00e9s Pixabay)<\/p>\n","protected":false},"author":3,"featured_media":27501,"comment_status":"closed","ping_status":"closed","sticky":false,"template":"","format":"standard","meta":{"footnotes":""},"categories":[37],"tags":[],"class_list":["post-29735","post","type-post","status-publish","format-standard","has-post-thumbnail","hentry","category-progamelozetes"],"yoast_head":"<!-- This site is optimized with the Yoast SEO plugin v27.3 - https:\/\/yoast.com\/product\/yoast-seo-wordpress\/ -->\n<title>2024. NOVEMBER 18 \u00c9S 24 - Stuttgarti Katolikusok<\/title>\n<meta name=\"robots\" content=\"index, follow, max-snippet:-1, max-image-preview:large, max-video-preview:-1\" \/>\n<link rel=\"canonical\" href=\"https:\/\/stuttgarti-katolikusok.de\/index.php\/2024-november-18-es-24\/\" \/>\n<meta property=\"og:locale\" content=\"hu_HU\" \/>\n<meta property=\"og:type\" content=\"article\" \/>\n<meta property=\"og:title\" content=\"2024. NOVEMBER 18 \u00c9S 24 - Stuttgarti Katolikusok\" \/>\n<meta property=\"og:description\" content=\"Programel\u0151zetes * November 22-\u00e9n,\u00a0p\u00e9nteken, Stuttgarti d\u00e9lut\u00e1n, a szentmise ELMARAD! Ellenben 18.00 \u00f3rakor r\u00f3zsaf\u00fcz\u00e9r im\u00e1ds\u00e1g. * November 23-\u00e1n, szombaton,\u00a0Tuttlingenben\u00a016.00 \u00f3rakor\u00a0szentmise,\u00a0ezt k\u00f6vet\u0151en agap\u00e9. * November 24-\u00e9n,\u00a0Krisztus Kir\u00e1ly vas\u00e1rnapja, B\u00f6blingenben 9.30 \u00f3rakor, szentmise, ut\u00e1na agap\u00e9, Eislingenben\u00a015.00 \u00f3rakor b\u00facs\u00fas-szentmise, Sk\u00f3ciai Szent Margitot k\u00f6sz\u00f6ntj\u00fck, ut\u00e1na agap\u00e9. * * Minden helyen mindenkit szeretettel v\u00e1r a k\u00f6z\u00f6ss\u00e9g \u00e9s Tibor atya! * Bens\u0151s\u00e9ges \u0151szi napokat, j\u00f3 munk\u00e1t, tartalmas besz\u00e9lget\u00e9seket, \u00f6r\u00f6mteli tal\u00e1lkoz\u00e1sokat k\u00edv\u00e1nunk minden Kedves H\u00edv\u00fcnknek! * Az \u00f6r\u00f6kk\u00e9val\u00f3s\u00e1g jelk\u00e9pei Milyen ritk\u00e1n l\u00e9pnek \u00e1t gondolataid az \u00f6r\u00f6kk\u00e9val\u00f3s\u00e1gba! Jel\u00f6lj h\u00e1t ki jelk\u00e9peket \u00e9letedben, amelyek az \u00f6r\u00f6kk\u00e9val\u00f3s\u00e1gra eml\u00e9keztetnek. Ilyen lehet: Minden t\u00e1gas templom, amelyben k\u00f6r\u00fcln\u00e9zel. Minden torony, mely az \u00e9g fel\u00e9 mutat. Minden gy\u00e1szjelent\u00e9s, mely a post\u00e1s k\u00e9zbes\u00edt. Minden \u00f6reg ember, akivel tal\u00e1lkozol. Minden patak, amely a foly\u00f3ba \u00f6mlik. Minden p\u00e1lyaudvar \u00e9s \u00e1llom\u00e1s, ahol kisz\u00e1llsz. Gondolj a v\u00e9g\u00e1llom\u00e1sra! (Johannes Rosche) (K\u00e9pek forr\u00e1sa: Instagram \u00e9s Pixabay)\" \/>\n<meta property=\"og:url\" content=\"https:\/\/stuttgarti-katolikusok.de\/index.php\/2024-november-18-es-24\/\" \/>\n<meta property=\"og:site_name\" content=\"Stuttgarti Katolikusok\" \/>\n<meta property=\"article:published_time\" content=\"2024-11-18T09:54:28+00:00\" \/>\n<meta property=\"article:modified_time\" content=\"2024-11-18T10:16:32+00:00\" \/>\n<meta property=\"og:image\" content=\"https:\/\/stuttgarti-katolikusok.de\/wp-content\/uploads\/2023\/11\/whatsapp-kep-2023-11-20-110851-e15c9abf.jpg\" \/>\n\t<meta property=\"og:image:width\" content=\"1080\" \/>\n\t<meta property=\"og:image:height\" content=\"1048\" \/>\n\t<meta property=\"og:image:type\" content=\"image\/jpeg\" \/>\n<meta name=\"author\" content=\"Tibor atya\" \/>\n<meta name=\"twitter:card\" content=\"summary_large_image\" \/>\n<meta name=\"twitter:label1\" content=\"Szerz\u0151:\" \/>\n\t<meta name=\"twitter:data1\" content=\"Tibor atya\" \/>\n\t<meta name=\"twitter:label2\" content=\"Becs\u00fclt olvas\u00e1si id\u0151\" \/>\n\t<meta name=\"twitter:data2\" content=\"2 perc\" \/>\n<script type=\"application\/ld+json\" class=\"yoast-schema-graph\">{\"@context\":\"https:\\\/\\\/schema.org\",\"@graph\":[{\"@type\":\"Article\",\"@id\":\"https:\\\/\\\/stuttgarti-katolikusok.de\\\/index.php\\\/2024-november-18-es-24\\\/#article\",\"isPartOf\":{\"@id\":\"https:\\\/\\\/stuttgarti-katolikusok.de\\\/index.php\\\/2024-november-18-es-24\\\/\"},\"author\":{\"name\":\"Tibor atya\",\"@id\":\"https:\\\/\\\/stuttgarti-katolikusok.de\\\/#\\\/schema\\\/person\\\/75908d6f8fdc03a57889d27209df7795\"},\"headline\":\"2024. NOVEMBER 18 \u00c9S 24\",\"datePublished\":\"2024-11-18T09:54:28+00:00\",\"dateModified\":\"2024-11-18T10:16:32+00:00\",\"mainEntityOfPage\":{\"@id\":\"https:\\\/\\\/stuttgarti-katolikusok.de\\\/index.php\\\/2024-november-18-es-24\\\/\"},\"wordCount\":211,\"image\":{\"@id\":\"https:\\\/\\\/stuttgarti-katolikusok.de\\\/index.php\\\/2024-november-18-es-24\\\/#primaryimage\"},\"thumbnailUrl\":\"https:\\\/\\\/stuttgarti-katolikusok.de\\\/wp-content\\\/uploads\\\/2023\\\/11\\\/whatsapp-kep-2023-11-20-110851-e15c9abf.jpg\",\"articleSection\":[\"Progamel\u0151zetes\"],\"inLanguage\":\"hu\"},{\"@type\":\"WebPage\",\"@id\":\"https:\\\/\\\/stuttgarti-katolikusok.de\\\/index.php\\\/2024-november-18-es-24\\\/\",\"url\":\"https:\\\/\\\/stuttgarti-katolikusok.de\\\/index.php\\\/2024-november-18-es-24\\\/\",\"name\":\"2024. NOVEMBER 18 \u00c9S 24 - Stuttgarti Katolikusok\",\"isPartOf\":{\"@id\":\"https:\\\/\\\/stuttgarti-katolikusok.de\\\/#website\"},\"primaryImageOfPage\":{\"@id\":\"https:\\\/\\\/stuttgarti-katolikusok.de\\\/index.php\\\/2024-november-18-es-24\\\/#primaryimage\"},\"image\":{\"@id\":\"https:\\\/\\\/stuttgarti-katolikusok.de\\\/index.php\\\/2024-november-18-es-24\\\/#primaryimage\"},\"thumbnailUrl\":\"https:\\\/\\\/stuttgarti-katolikusok.de\\\/wp-content\\\/uploads\\\/2023\\\/11\\\/whatsapp-kep-2023-11-20-110851-e15c9abf.jpg\",\"datePublished\":\"2024-11-18T09:54:28+00:00\",\"dateModified\":\"2024-11-18T10:16:32+00:00\",\"author\":{\"@id\":\"https:\\\/\\\/stuttgarti-katolikusok.de\\\/#\\\/schema\\\/person\\\/75908d6f8fdc03a57889d27209df7795\"},\"breadcrumb\":{\"@id\":\"https:\\\/\\\/stuttgarti-katolikusok.de\\\/index.php\\\/2024-november-18-es-24\\\/#breadcrumb\"},\"inLanguage\":\"hu\",\"potentialAction\":[{\"@type\":\"ReadAction\",\"target\":[\"https:\\\/\\\/stuttgarti-katolikusok.de\\\/index.php\\\/2024-november-18-es-24\\\/\"]}]},{\"@type\":\"ImageObject\",\"inLanguage\":\"hu\",\"@id\":\"https:\\\/\\\/stuttgarti-katolikusok.de\\\/index.php\\\/2024-november-18-es-24\\\/#primaryimage\",\"url\":\"https:\\\/\\\/stuttgarti-katolikusok.de\\\/wp-content\\\/uploads\\\/2023\\\/11\\\/whatsapp-kep-2023-11-20-110851-e15c9abf.jpg\",\"contentUrl\":\"https:\\\/\\\/stuttgarti-katolikusok.de\\\/wp-content\\\/uploads\\\/2023\\\/11\\\/whatsapp-kep-2023-11-20-110851-e15c9abf.jpg\",\"width\":1080,\"height\":1048},{\"@type\":\"BreadcrumbList\",\"@id\":\"https:\\\/\\\/stuttgarti-katolikusok.de\\\/index.php\\\/2024-november-18-es-24\\\/#breadcrumb\",\"itemListElement\":[{\"@type\":\"ListItem\",\"position\":1,\"name\":\"Kezd\u0151lap\",\"item\":\"https:\\\/\\\/stuttgarti-katolikusok.de\\\/\"},{\"@type\":\"ListItem\",\"position\":2,\"name\":\"2024. NOVEMBER 18 \u00c9S 24\"}]},{\"@type\":\"WebSite\",\"@id\":\"https:\\\/\\\/stuttgarti-katolikusok.de\\\/#website\",\"url\":\"https:\\\/\\\/stuttgarti-katolikusok.de\\\/\",\"name\":\"Stuttgarti Katolikusok\",\"description\":\"\",\"potentialAction\":[{\"@type\":\"SearchAction\",\"target\":{\"@type\":\"EntryPoint\",\"urlTemplate\":\"https:\\\/\\\/stuttgarti-katolikusok.de\\\/?s={search_term_string}\"},\"query-input\":{\"@type\":\"PropertyValueSpecification\",\"valueRequired\":true,\"valueName\":\"search_term_string\"}}],\"inLanguage\":\"hu\"},{\"@type\":\"Person\",\"@id\":\"https:\\\/\\\/stuttgarti-katolikusok.de\\\/#\\\/schema\\\/person\\\/75908d6f8fdc03a57889d27209df7795\",\"name\":\"Tibor atya\",\"image\":{\"@type\":\"ImageObject\",\"inLanguage\":\"hu\",\"@id\":\"https:\\\/\\\/secure.gravatar.com\\\/avatar\\\/61d268e57d1f4525b111222e29d2d5a7f8c420fdbf231ba5566a8ceac74fa960?s=96&d=mm&r=g\",\"url\":\"https:\\\/\\\/secure.gravatar.com\\\/avatar\\\/61d268e57d1f4525b111222e29d2d5a7f8c420fdbf231ba5566a8ceac74fa960?s=96&d=mm&r=g\",\"contentUrl\":\"https:\\\/\\\/secure.gravatar.com\\\/avatar\\\/61d268e57d1f4525b111222e29d2d5a7f8c420fdbf231ba5566a8ceac74fa960?s=96&d=mm&r=g\",\"caption\":\"Tibor atya\"},\"url\":\"https:\\\/\\\/stuttgarti-katolikusok.de\\\/index.php\\\/author\\\/tibor-atya\\\/\"}]}<\/script>\n<!-- \/ Yoast SEO plugin. -->","yoast_head_json":{"title":"2024. NOVEMBER 18 \u00c9S 24 - Stuttgarti Katolikusok","robots":{"index":"index","follow":"follow","max-snippet":"max-snippet:-1","max-image-preview":"max-image-preview:large","max-video-preview":"max-video-preview:-1"},"canonical":"https:\/\/stuttgarti-katolikusok.de\/index.php\/2024-november-18-es-24\/","og_locale":"hu_HU","og_type":"article","og_title":"2024. NOVEMBER 18 \u00c9S 24 - Stuttgarti Katolikusok","og_description":"Programel\u0151zetes * November 22-\u00e9n,\u00a0p\u00e9nteken, Stuttgarti d\u00e9lut\u00e1n, a szentmise ELMARAD! Ellenben 18.00 \u00f3rakor r\u00f3zsaf\u00fcz\u00e9r im\u00e1ds\u00e1g. * November 23-\u00e1n, szombaton,\u00a0Tuttlingenben\u00a016.00 \u00f3rakor\u00a0szentmise,\u00a0ezt k\u00f6vet\u0151en agap\u00e9. * November 24-\u00e9n,\u00a0Krisztus Kir\u00e1ly vas\u00e1rnapja, B\u00f6blingenben 9.30 \u00f3rakor, szentmise, ut\u00e1na agap\u00e9, Eislingenben\u00a015.00 \u00f3rakor b\u00facs\u00fas-szentmise, Sk\u00f3ciai Szent Margitot k\u00f6sz\u00f6ntj\u00fck, ut\u00e1na agap\u00e9. * * Minden helyen mindenkit szeretettel v\u00e1r a k\u00f6z\u00f6ss\u00e9g \u00e9s Tibor atya! * Bens\u0151s\u00e9ges \u0151szi napokat, j\u00f3 munk\u00e1t, tartalmas besz\u00e9lget\u00e9seket, \u00f6r\u00f6mteli tal\u00e1lkoz\u00e1sokat k\u00edv\u00e1nunk minden Kedves H\u00edv\u00fcnknek! * Az \u00f6r\u00f6kk\u00e9val\u00f3s\u00e1g jelk\u00e9pei Milyen ritk\u00e1n l\u00e9pnek \u00e1t gondolataid az \u00f6r\u00f6kk\u00e9val\u00f3s\u00e1gba! Jel\u00f6lj h\u00e1t ki jelk\u00e9peket \u00e9letedben, amelyek az \u00f6r\u00f6kk\u00e9val\u00f3s\u00e1gra eml\u00e9keztetnek. Ilyen lehet: Minden t\u00e1gas templom, amelyben k\u00f6r\u00fcln\u00e9zel. Minden torony, mely az \u00e9g fel\u00e9 mutat. Minden gy\u00e1szjelent\u00e9s, mely a post\u00e1s k\u00e9zbes\u00edt. Minden \u00f6reg ember, akivel tal\u00e1lkozol. Minden patak, amely a foly\u00f3ba \u00f6mlik. Minden p\u00e1lyaudvar \u00e9s \u00e1llom\u00e1s, ahol kisz\u00e1llsz. Gondolj a v\u00e9g\u00e1llom\u00e1sra! (Johannes Rosche) (K\u00e9pek forr\u00e1sa: Instagram \u00e9s Pixabay)","og_url":"https:\/\/stuttgarti-katolikusok.de\/index.php\/2024-november-18-es-24\/","og_site_name":"Stuttgarti Katolikusok","article_published_time":"2024-11-18T09:54:28+00:00","article_modified_time":"2024-11-18T10:16:32+00:00","og_image":[{"width":1080,"height":1048,"url":"https:\/\/stuttgarti-katolikusok.de\/wp-content\/uploads\/2023\/11\/whatsapp-kep-2023-11-20-110851-e15c9abf.jpg","type":"image\/jpeg"}],"author":"Tibor atya","twitter_card":"summary_large_image","twitter_misc":{"Szerz\u0151:":"Tibor atya","Becs\u00fclt olvas\u00e1si id\u0151":"2 perc"},"schema":{"@context":"https:\/\/schema.org","@graph":[{"@type":"Article","@id":"https:\/\/stuttgarti-katolikusok.de\/index.php\/2024-november-18-es-24\/#article","isPartOf":{"@id":"https:\/\/stuttgarti-katolikusok.de\/index.php\/2024-november-18-es-24\/"},"author":{"name":"Tibor atya","@id":"https:\/\/stuttgarti-katolikusok.de\/#\/schema\/person\/75908d6f8fdc03a57889d27209df7795"},"headline":"2024. NOVEMBER 18 \u00c9S 24","datePublished":"2024-11-18T09:54:28+00:00","dateModified":"2024-11-18T10:16:32+00:00","mainEntityOfPage":{"@id":"https:\/\/stuttgarti-katolikusok.de\/index.php\/2024-november-18-es-24\/"},"wordCount":211,"image":{"@id":"https:\/\/stuttgarti-katolikusok.de\/index.php\/2024-november-18-es-24\/#primaryimage"},"thumbnailUrl":"https:\/\/stuttgarti-katolikusok.de\/wp-content\/uploads\/2023\/11\/whatsapp-kep-2023-11-20-110851-e15c9abf.jpg","articleSection":["Progamel\u0151zetes"],"inLanguage":"hu"},{"@type":"WebPage","@id":"https:\/\/stuttgarti-katolikusok.de\/index.php\/2024-november-18-es-24\/","url":"https:\/\/stuttgarti-katolikusok.de\/index.php\/2024-november-18-es-24\/","name":"2024. NOVEMBER 18 \u00c9S 24 - Stuttgarti Katolikusok","isPartOf":{"@id":"https:\/\/stuttgarti-katolikusok.de\/#website"},"primaryImageOfPage":{"@id":"https:\/\/stuttgarti-katolikusok.de\/index.php\/2024-november-18-es-24\/#primaryimage"},"image":{"@id":"https:\/\/stuttgarti-katolikusok.de\/index.php\/2024-november-18-es-24\/#primaryimage"},"thumbnailUrl":"https:\/\/stuttgarti-katolikusok.de\/wp-content\/uploads\/2023\/11\/whatsapp-kep-2023-11-20-110851-e15c9abf.jpg","datePublished":"2024-11-18T09:54:28+00:00","dateModified":"2024-11-18T10:16:32+00:00","author":{"@id":"https:\/\/stuttgarti-katolikusok.de\/#\/schema\/person\/75908d6f8fdc03a57889d27209df7795"},"breadcrumb":{"@id":"https:\/\/stuttgarti-katolikusok.de\/index.php\/2024-november-18-es-24\/#breadcrumb"},"inLanguage":"hu","potentialAction":[{"@type":"ReadAction","target":["https:\/\/stuttgarti-katolikusok.de\/index.php\/2024-november-18-es-24\/"]}]},{"@type":"ImageObject","inLanguage":"hu","@id":"https:\/\/stuttgarti-katolikusok.de\/index.php\/2024-november-18-es-24\/#primaryimage","url":"https:\/\/stuttgarti-katolikusok.de\/wp-content\/uploads\/2023\/11\/whatsapp-kep-2023-11-20-110851-e15c9abf.jpg","contentUrl":"https:\/\/stuttgarti-katolikusok.de\/wp-content\/uploads\/2023\/11\/whatsapp-kep-2023-11-20-110851-e15c9abf.jpg","width":1080,"height":1048},{"@type":"BreadcrumbList","@id":"https:\/\/stuttgarti-katolikusok.de\/index.php\/2024-november-18-es-24\/#breadcrumb","itemListElement":[{"@type":"ListItem","position":1,"name":"Kezd\u0151lap","item":"https:\/\/stuttgarti-katolikusok.de\/"},{"@type":"ListItem","position":2,"name":"2024. NOVEMBER 18 \u00c9S 24"}]},{"@type":"WebSite","@id":"https:\/\/stuttgarti-katolikusok.de\/#website","url":"https:\/\/stuttgarti-katolikusok.de\/","name":"Stuttgarti Katolikusok","description":"","potentialAction":[{"@type":"SearchAction","target":{"@type":"EntryPoint","urlTemplate":"https:\/\/stuttgarti-katolikusok.de\/?s={search_term_string}"},"query-input":{"@type":"PropertyValueSpecification","valueRequired":true,"valueName":"search_term_string"}}],"inLanguage":"hu"},{"@type":"Person","@id":"https:\/\/stuttgarti-katolikusok.de\/#\/schema\/person\/75908d6f8fdc03a57889d27209df7795","name":"Tibor atya","image":{"@type":"ImageObject","inLanguage":"hu","@id":"https:\/\/secure.gravatar.com\/avatar\/61d268e57d1f4525b111222e29d2d5a7f8c420fdbf231ba5566a8ceac74fa960?s=96&d=mm&r=g","url":"https:\/\/secure.gravatar.com\/avatar\/61d268e57d1f4525b111222e29d2d5a7f8c420fdbf231ba5566a8ceac74fa960?s=96&d=mm&r=g","contentUrl":"https:\/\/secure.gravatar.com\/avatar\/61d268e57d1f4525b111222e29d2d5a7f8c420fdbf231ba5566a8ceac74fa960?s=96&d=mm&r=g","caption":"Tibor atya"},"url":"https:\/\/stuttgarti-katolikusok.de\/index.php\/author\/tibor-atya\/"}]}},"_links":{"self":[{"href":"https:\/\/stuttgarti-katolikusok.de\/index.php\/wp-json\/wp\/v2\/posts\/29735","targetHints":{"allow":["GET"]}}],"collection":[{"href":"https:\/\/stuttgarti-katolikusok.de\/index.php\/wp-json\/wp\/v2\/posts"}],"about":[{"href":"https:\/\/stuttgarti-katolikusok.de\/index.php\/wp-json\/wp\/v2\/types\/post"}],"author":[{"embeddable":true,"href":"https:\/\/stuttgarti-katolikusok.de\/index.php\/wp-json\/wp\/v2\/users\/3"}],"replies":[{"embeddable":true,"href":"https:\/\/stuttgarti-katolikusok.de\/index.php\/wp-json\/wp\/v2\/comments?post=29735"}],"version-history":[{"count":3,"href":"https:\/\/stuttgarti-katolikusok.de\/index.php\/wp-json\/wp\/v2\/posts\/29735\/revisions"}],"predecessor-version":[{"id":29750,"href":"https:\/\/stuttgarti-katolikusok.de\/index.php\/wp-json\/wp\/v2\/posts\/29735\/revisions\/29750"}],"wp:featuredmedia":[{"embeddable":true,"href":"https:\/\/stuttgarti-katolikusok.de\/index.php\/wp-json\/wp\/v2\/media\/27501"}],"wp:attachment":[{"href":"https:\/\/stuttgarti-katolikusok.de\/index.php\/wp-json\/wp\/v2\/media?parent=29735"}],"wp:term":[{"taxonomy":"category","embeddable":true,"href":"https:\/\/stuttgarti-katolikusok.de\/index.php\/wp-json\/wp\/v2\/categories?post=29735"},{"taxonomy":"post_tag","embeddable":true,"href":"https:\/\/stuttgarti-katolikusok.de\/index.php\/wp-json\/wp\/v2\/tags?post=29735"}],"curies":[{"name":"wp","href":"https:\/\/api.w.org\/{rel}","templated":true}]}}