{"id":29725,"date":"2024-11-16T10:54:24","date_gmt":"2024-11-16T09:54:24","guid":{"rendered":"https:\/\/stuttgarti-katolikusok.de\/?p=29725"},"modified":"2024-11-16T10:54:24","modified_gmt":"2024-11-16T09:54:24","slug":"evkozi-33-vasarnap-szegenyek-vilagnapja-2","status":"publish","type":"post","link":"https:\/\/stuttgarti-katolikusok.de\/index.php\/evkozi-33-vasarnap-szegenyek-vilagnapja-2\/","title":{"rendered":"\u00c9vk\u00f6zi 33. vas\u00e1rnap \u2013 Szeg\u00e9nyek vil\u00e1gnapja"},"content":{"rendered":"<p><span style=\"color: #ff6600;\"><em>Az egyh\u00e1zi \u00e9v v\u00e9g\u00e9hez k\u00f6zeledve az \u00e9vk\u00f6zi 33. vas\u00e1rnap olvasm\u00e1nyai a v\u00e9gs\u0151 id\u0151kre ir\u00e1ny\u00edtj\u00e1k gondolatainkat. Benne kiemelt form\u00e1ban a rendelkez\u00e9s\u00fcnkre \u00e1ll\u00f3 id\u0151 fontoss\u00e1g\u00e1t, \u00e9let\u00fcnkre gyakorolt hat\u00e1s\u00e1t szeretn\u00e9 kiemelni.\u00a0\u00a0<\/em><\/span><\/p>\n<p><span style=\"color: #ff6600;\"><em><strong>Szent \u00c1goston<\/strong> az id\u0151 meghat\u00e1roz\u00e1s\u00e1val kapcsolatosan a k\u00f6vetkez\u0151 m\u00f3don fogalmaz: <strong>&#8222;Mi h\u00e1t az id\u0151? Ha senki sem k\u00e9rdezi, tudom; ha k\u00e9rdik t\u0151lem, s meg akarom magyar\u00e1zni, nem tudom.&#8221;<\/strong> Mindennapi \u00e9let\u00fcnkben az id\u0151 az\u00a0esem\u00e9nyek l\u00e1tsz\u00f3lag folyamatos sorrendj\u00e9nek \u00e9rz\u00e9kel\u00e9s\u00e9re utal. A szubjekt\u00edv id\u0151, az egy\u00e9n bels\u0151 id\u0151\u00e9szlel\u00e9se esem\u00e9nyekhez, t\u00f6rt\u00e9n\u00e9sekhez k\u00f6t\u0151dik. Ennek kapcs\u00e1n besz\u00e9lhet\u00fcnk az id\u0151 k\u00e9t k\u00fcl\u00f6nb\u00f6z\u0151 m\u00f3don t\u00f6rt\u00e9n\u0151 megk\u00f6zel\u00edt\u00e9s\u00e9r\u0151l. Az els\u0151 az \u00fagynevezett <strong>kronosz<\/strong> (t\u00f6rt\u00e9nelmi, napt\u00e1ri, mennyis\u00e9gi id\u0151) \u00e9s a <strong>kairosz<\/strong> (az esem\u00e9nyek k\u00f6z\u00f6tti meghat\u00e1rozatlan id\u0151pillanatok). A m\u00falt m\u00e1r elm\u00falt, a j\u00f6v\u0151 m\u00e9g nincs itt. Egyik sincs m\u00e1r birtokomban. A &#8222;m\u00e9g nem&#8221; \u00e9s &#8222;m\u00e1r nem&#8221; fesz\u00edt\u00e9s\u00e9ben ott a pillanat, a jelen, a most. Igen, ez az eny\u00e9m!\u00a0<\/em><\/span><\/p>\n<p><span style=\"color: #ff6600;\"><em>A jelen pillanatban meg\u00e9lt id\u0151nek hamis \u00e9rtelmez\u00e9se a hedonizmus, mintha csak a jelen pillanat l\u00e9tezne. \u00c9lvezd az \u00e9letet! &#8211; harsogj\u00e1k. \u00c9ppen ez\u00e9rt mindazok, akik ezt k\u00f6vetik, nincsenek tekintettel senkire \u00e9s semmire. A teljes szabadoss\u00e1g \u00fatja ez, amely v\u00e9gs\u0151 soron \u00f6npuszt\u00edt\u00e1shoz vezet.<\/em><\/span><\/p>\n<p><span style=\"color: #ff6600;\"><em>Ezzel szemben a pillanat, a jelen meg\u00e9l\u00e9se a kairosz szellem\u00e9ben,\u00a0 eg\u00e9szen m\u00e1s megvil\u00e1g\u00edt\u00e1sba helyezi a jelen, az &#8222;\u00e9n id\u0151&#8221;\u00a0 meg\u00edt\u00e9l\u00e9s\u00e9t. Hiszen a folyamatos jelenben \u00e9l\u00e9s adja meg \u00e9letem \u00edz\u00e9rt \u00e9s \u00e9rtelm\u00e9t. Itt \u00e9s most mondhatom el a velem \u00e9l\u0151 embert\u00e1rsamnak,\u00a0 &#8211; hitvest\u00e1rs, gyermek, sz\u00fcl\u0151, rokon, bar\u00e1t, ismer\u0151s &#8211; azt, amit gondolok vele kapcsolatosan. Amennyiben nem teszem meg, kics\u00faszik kezemb\u0151l ez a pillanat, lehet hogy m\u00e1r sohasem lesz r\u00e1 alkalmam megtenni azt, amit megtehettem volna. \u00c9ljek h\u00e1t a jelen k\u00edn\u00e1lta lehet\u0151s\u00e9ggel.\u00a0 Most kell elmondanom, hogy szeretem, fontos sz\u00e1momra. Most kell bocs\u00e1natot k\u00e9rnem t\u0151le, \u0151szint\u00e9n szem\u00e9be n\u00e9zve, komolyan gondolva. K\u00fcl\u00f6nben magamra maradok, \u00e9rz\u00e9seimmel \u00e9s gondolataimmal. S mert elmulasztottam mindezt megtenni, az \u00e9rz\u00e9s egyre f\u00e1j\u00f3bb \u00e9s k\u00ednz\u00f3bb.<\/em><\/span><\/p>\n<p><span style=\"color: #ff6600;\"><em> Nincs semmi sem elveszve! Ne feledjem, a jelen, a most az eny\u00e9m. Annak min\u0151s\u00e9g\u00e9r\u0151l szint\u00e9n \u00e9n d\u00f6nt\u00f6k.<\/em><\/span><\/p>\n<p><span style=\"color: #008000;\">Kezd\u0151\u00e9nek:<\/span><br \/>\n\u00edgy sz\u00f3l az \u00dar: Az \u00e9n gondolatom a b\u00e9kess\u00e9g gondolata \u00e9s nem a nyomor\u00fas\u00e1g\u00e9; h\u00edvjatok engem, \u00e9s meghallgatlak titeket, \u00e9s hazavezetlek fogs\u00e1gotokb\u00f3l, b\u00e1rhol is \u00e9ltek. (Jer 29,11.12.14)<\/p>\n<p><span style=\"color: #008000;\">K\u00f6ny\u00f6rg\u00e9s:<\/span><br \/>\nUrunk, Isten\u00fcnk, add, hogy \u00f6rvendezve mindig neked \u00e9lj\u00fcnk, mert soha meg nem fogyatkoz\u00f3 \u00e9s teljes \u00f6r\u00f6m az, ha sz\u00fcntelen\u00fcl szolg\u00e1lhatunk neked, minden javak szerz\u0151j\u00e9nek. A mi Urunk, J\u00e9zus Krisztus, a te Fiad \u00e1ltal, aki veled \u00e9l \u00e9s uralkodik a Szentl\u00e9lekkel egys\u00e9gben, Isten mind\u00f6r\u00f6kk\u00f6n \u00f6r\u00f6kk\u00e9.<\/p>\n<p align=\"justify\"><span style=\"color: #008000;\">OLVASM\u00c1NY D\u00e1niel pr\u00f3f\u00e9ta k\u00f6nyv\u00e9b\u0151l (D\u00e1n 12,1-3)<\/span><br \/>\nA v\u00e9gs\u0151 nagy napokr\u00f3l sz\u00f3l az \u00dar: Abban az id\u0151ben f\u00f6lkel Mih\u00e1ly, a nagy fejedelem, n\u00e9ped fiainak oltalmaz\u00f3ja; mert olyan szorongattat\u00e1s ideje k\u00f6vetkezik, amilyen m\u00e9g nem volt soha, ami\u00f3ta nemzetek vannak. Abban az id\u0151ben megszabadul n\u00e9ped, mind, aki be van \u00edrva a k\u00f6nyvbe. Akik a f\u00f6ld por\u00e1ban alszanak, azok k\u00f6z\u00fcl sokan felt\u00e1madnak, n\u00e9melyek \u00f6r\u00f6k \u00e9letre, m\u00e1sok gyal\u00e1zatra, \u00f6r\u00f6k k\u00e1rhozatra. Akkor az \u00e9rteni tud\u00f3k ragyogni fognak, mint a f\u00e9nyl\u0151 \u00e9gbolt, s akik igazs\u00e1gra tan\u00edtottak sokakat, t\u00fcnd\u00f6k\u00f6lnek \u00f6r\u00f6kk\u00f6n-\u00f6r\u00f6kk\u00e9, mik\u00e9nt a csillagok.<br \/>\nEz az Isten ig\u00e9je.<\/p>\n<p align=\"justify\"><span style=\"color: #008000;\">V\u00c1LASZOS ZSOLT\u00c1R (Zsolt 15,5.8.9-10.11)<\/span><br \/>\nV\u00e1lasz:\u00a0<strong>V\u00e9delmezz\u00a0<u>en<\/u>gem, Istenem, * hiszen te<u>ben<\/u>ned b\u00edzom.<\/strong>\u00a0(1 D<sup><small>2<\/small><\/sup>\u00a0t\u00f3nus.)<br \/>\nEl\u0151\u00e9nekes: \u00d6r\u00f6kr\u00e9szem \u00e9s kelyhem\u00a0<u>te<\/u>\u00a0vagy, Uram, * te tartod ke<u>zed<\/u>ben sorsomat.<br \/>\nSz\u00fcntelen\u00fcl magam el\u0151tt\u00a0<u>l\u00e1<\/u>tom az Urat, * \u0151 \u00e1ll jobbomon, hogy\u00a0<u>meg<\/u>\u00a0ne inogjak.<br \/>\nH\u00edvek:\u00a0<strong>V\u00e9delmezz\u00a0<u>en<\/u>gem, Istenem, * hiszen te<u>ben<\/u>ned b\u00edzom.<\/strong><br \/>\nE: Ez\u00e9rt \u00f6r\u00fcl a sz\u00edvem \u00e9s\u00a0<u>uj<\/u>jong a lelkem, * rem\u00e9nys\u00e9gben\u00a0<u>nyug<\/u>szik testem is.<br \/>\nMert nem hagyod lelkemet a holtak\u00a0<u>or<\/u>sz\u00e1g\u00e1ban, * \u00e9s nem engeded, hogy szented\u00a0<u>rom<\/u>l\u00e1st l\u00e1sson.<br \/>\nH:\u00a0<strong>V\u00e9delmezz\u00a0<u>en<\/u>gem, Istenem, * hiszen te<u>ben<\/u>ned b\u00edzom.<\/strong><br \/>\nE: Az \u00e9let \u00fatj\u00e1t mutatod ne<u>kem<\/u>, \u2020 sz\u00edned el\u0151tt az \u00f6r\u00f6m\u00a0<u>tel<\/u>jess\u00e9ge, * \u00e9s jobbodon a gy\u00f6ny\u00f6r\u0171s\u00e9g\u00a0<u>mind<\/u>\u00f6r\u00f6kk\u00e9.<br \/>\nH:\u00a0<strong>V\u00e9delmezz\u00a0<u>en<\/u>gem, Istenem, * hiszen te<u>ben<\/u>ned b\u00edzom.<\/strong><\/p>\n<p align=\"justify\"><span style=\"color: #008000;\">SZENTLECKE a Zsid\u00f3khoz \u00edrt lev\u00e9lb\u0151l (Zsid 10,11-14.18)<\/span><br \/>\nTestv\u00e9reim!<br \/>\nMinden pap naponta elv\u00e9gzi szolg\u00e1lat\u00e1t, \u00e9s ugyanazt az \u00e1ldozatot t\u00f6bbsz\u00f6r is bemutatja. Ezeknek azonban nincs erej\u00fck a b\u0171n elt\u00f6rl\u00e9s\u00e9re. Krisztus ellenben csak egy \u00e1ldozatot mutatott be a b\u0171n\u00f6k\u00e9rt, \u00e9s \u00f6r\u00f6kre helyet foglalt az Isten jobbj\u00e1n. M\u00e1r csak arra v\u00e1r, hogy minden ellens\u00e9ge h\u00f3dolattal leboruljon l\u00e1ba el\u0151tt. Egyetlen \u00e1ldozattal \u00f6r\u00f6kre t\u00f6k\u00e9letess\u00e9 tette a megszentelteket. \u00c1m ahol ezek bocs\u00e1natot nyertek, ott nincs t\u00f6bb\u00e9 b\u0171n\u00e9rt val\u00f3 \u00e1ldozat.<br \/>\nEz az Isten ig\u00e9je.<\/p>\n<p align=\"justify\"><span style=\"color: #008000;\">ALLELUJA<\/span><br \/>\nIm\u00e1dkozva virrasszatok sz\u00fcntelen, * hogy az Emberfia el\u00e9 m\u00e9lt\u00f3n \u00e1lljatok! (Lk 21,36 \u2013 8 G. t\u00f3nus.)<\/p>\n<p align=\"justify\"><span style=\"color: #008000;\">\u2020 EVANG\u00c9LIUM Szent M\u00e1rk k\u00f6nyv\u00e9b\u0151l (Mk 13,24-32)<\/span><br \/>\nAbban az id\u0151ben J\u00e9zus ezt mondta tan\u00edtv\u00e1nyainak: Azokban a napokban, amikor a gy\u00f6trelmek v\u00e9get \u00e9rnek, a nap els\u00f6t\u00e9tedik, a hold nem ad vil\u00e1goss\u00e1got, a csillagok lehullanak az \u00e9gr\u0151l, \u00e9s a mindens\u00e9get \u00f6sszetart\u00f3 er\u0151k megrend\u00fclnek. Akkor majd megl\u00e1tj\u00e1tok az Emberfi\u00e1t, amint elj\u00f6n a felh\u0151k\u00f6n, nagy hatalommal \u00e9s dics\u0151s\u00e9ggel. Sz\u00e9tk\u00fcldi angyalait, \u00e9s \u00f6sszegy\u0171jti v\u00e1lasztottait a vil\u00e1g n\u00e9gy t\u00e1j\u00e1r\u00f3l, a f\u00f6ld sz\u00e9l\u00e9t\u0151l az \u00e9g hat\u00e1r\u00e1ig. Vegyetek p\u00e9ld\u00e1t a f\u00fcgef\u00e1r\u00f3l: Amikor m\u00e1r z\u00f6ldellni kezd \u00e9s levelet hajt, tudj\u00e1tok, hogy k\u00f6zel van a ny\u00e1r. \u00cdgy ti is, amikor l\u00e1tj\u00e1tok, hogy ezek mind bek\u00f6vetkeznek, tudj\u00e1tok meg, hogy k\u00f6zel van, m\u00e1r az ajt\u00f3 el\u0151tt. Bizony mondom nektek, nem m\u00falik el ez a nemzed\u00e9k, m\u00edg mindezek be nem k\u00f6vetkeznek. \u00c9g \u00e9s f\u00f6ld elm\u00falnak, de az \u00e9n ig\u00e9im soha el nem m\u00falnak. \u00c1m azt a napot vagy \u00f3r\u00e1t senki sem tudja, sem az \u00e9g angyalai, sem a Fi\u00fa, hanem egyed\u00fcl az Atya.<br \/>\nEzek az evang\u00e9lium ig\u00e9i.<\/p>\n<p><span style=\"color: #008000;\">EGYETEMES K\u00d6NY\u00d6RG\u00c9SEK<\/span><br \/>\nPap: K\u00e9rj\u00fck, testv\u00e9reim, Isten kegyelm\u00e9t, hogy \u00e9let\u00fcnk v\u00e9gs\u0151 c\u00e9lj\u00e1\u00e9rt, az \u00f6r\u00f6k \u00fcdv\u00f6ss\u00e9g\u00e9rt minden \u00e1ldozatra k\u00e9szek legy\u00fcnk!<br \/>\nLektor:<br \/>\n1. Seg\u00edtsd, Urunk, Egyh\u00e1zadat, hogy minden j\u00f3akarat\u00fa embert \u00f6sszegy\u0171jts\u00f6n orsz\u00e1godba!<br \/>\nH\u00edvek: K\u00e9r\u00fcnk T\u00e9ged, hallgass meg minket!<br \/>\n2. Adj, Urunk, b\u00f6lcsess\u00e9get a vil\u00e1g vezet\u0151inek, hogy az emberis\u00e9g j\u00f3l\u00e9t\u00e9\u00e9rt egy\u00fcttm\u0171k\u00f6djenek!<br \/>\nH\u00edvek: K\u00e9r\u00fcnk T\u00e9ged, hallgass meg minket!<br \/>\n3. Adj f\u00f6ldi \u00e9s \u00f6r\u00f6k jutalmat azoknak, akik m\u00e1sokat az igazs\u00e1gra oktatnak!<br \/>\nH\u00edvek: K\u00e9r\u00fcnk T\u00e9ged, hallgass meg minket!<br \/>\n4. \u00cdrd be, Urunk, mindny\u00e1junk nev\u00e9t az \u00e9let k\u00f6nyv\u00e9be!<br \/>\nH\u00edvek: K\u00e9r\u00fcnk T\u00e9ged, hallgass meg minket!<br \/>\n5. Add, hogy tetteink miatt ne kelljen sz\u00e9gyenkezn\u00fcnk a sz\u00e1mad\u00e1s napj\u00e1n!<br \/>\nH\u00edvek: K\u00e9r\u00fcnk T\u00e9ged, hallgass meg minket!<br \/>\nPap: Igazs\u00e1gos Isten\u00fcnk! Hissz\u00fck, hogy egyszer mindenkit sz\u00e1mad\u00e1sra sz\u00f3l\u00edtasz. Seg\u00edts benn\u00fcnket, hogy az \u00edt\u00e9let napj\u00e1n az \u00e1ldottak k\u00f6z\u00f6tt lehess\u00fcnk! Krisztus, a mi Urunk \u00e1ltal.<br \/>\nH\u00edvek: \u00c1men.<\/p>\n<p><span style=\"color: #008000;\">Felaj\u00e1nl\u00f3 k\u00f6ny\u00f6rg\u00e9s:<\/span><br \/>\nK\u00e9r\u00fcnk, Urunk, Isten\u00fcnk, hogy a F\u00f6ls\u00e9gednek bemutatott \u00e1ldozati adom\u00e1ny szerezze meg nek\u00fcnk a sz\u00edvb\u00e9li odaad\u00e1s kegyelm\u00e9t, \u00e9s vezessen el az \u00f6r\u00f6k \u00e9letre. Krisztus, a mi Urunk \u00e1ltal.<\/p>\n<p><span style=\"color: #008000;\">\u00c1ldoz\u00e1si \u00e9nek:<\/span><br \/>\nJ\u00f3 nekem az Istenhez ragaszkodnom: az \u00daristenbe helyezni rem\u00e9nyemet. (Zsolt 72,28)<br \/>\n<em>Vagy<\/em><br \/>\nBizony mondom nektek, hogy mindazt, amit im\u00e1dkozva k\u00e9rtek, higgy\u00e9tek, hogy megkapj\u00e1tok, \u00e9s akkor val\u00f3ban teljes\u00fcl k\u00e9r\u00e9setek &#8211; mondja az \u00dar. (Mk 11,23.24)<\/p>\n<p><span style=\"color: #008000;\">\u00c1ldoz\u00e1s ut\u00e1ni k\u00f6ny\u00f6rg\u00e9s:<\/span><br \/>\nUrunk, Isten\u00fcnk, magunkhoz vett\u00fck a szent \u00e1ldozat aj\u00e1nd\u00e9kait. Al\u00e1zattal k\u00e9r\u00fcnk, hogy amit szent Fiad az \u0151 eml\u00e9kezet\u00e9re cselekedn\u00fcnk rendelt, n\u00f6velje szeretet\u00fcnket. Krisztus, a mi Urunk \u00e1ltal.<\/p>\n","protected":false},"excerpt":{"rendered":"<p>Az egyh\u00e1zi \u00e9v v\u00e9g\u00e9hez k\u00f6zeledve az \u00e9vk\u00f6zi 33. vas\u00e1rnap olvasm\u00e1nyai a v\u00e9gs\u0151 id\u0151kre ir\u00e1ny\u00edtj\u00e1k gondolatainkat. Benne kiemelt form\u00e1ban a rendelkez\u00e9s\u00fcnkre \u00e1ll\u00f3 id\u0151 fontoss\u00e1g\u00e1t, \u00e9let\u00fcnkre gyakorolt hat\u00e1s\u00e1t szeretn\u00e9 kiemelni.\u00a0\u00a0 Szent \u00c1goston az id\u0151 meghat\u00e1roz\u00e1s\u00e1val kapcsolatosan a k\u00f6vetkez\u0151 m\u00f3don fogalmaz: &#8222;Mi h\u00e1t az id\u0151? Ha senki sem k\u00e9rdezi, tudom; ha k\u00e9rdik t\u0151lem, s meg akarom magyar\u00e1zni, nem tudom.&#8221; Mindennapi \u00e9let\u00fcnkben az id\u0151 az\u00a0esem\u00e9nyek l\u00e1tsz\u00f3lag folyamatos sorrendj\u00e9nek \u00e9rz\u00e9kel\u00e9s\u00e9re utal. A szubjekt\u00edv id\u0151, az egy\u00e9n bels\u0151 id\u0151\u00e9szlel\u00e9se esem\u00e9nyekhez, t\u00f6rt\u00e9n\u00e9sekhez k\u00f6t\u0151dik. Ennek kapcs\u00e1n besz\u00e9lhet\u00fcnk az id\u0151 k\u00e9t k\u00fcl\u00f6nb\u00f6z\u0151 m\u00f3don t\u00f6rt\u00e9n\u0151 megk\u00f6zel\u00edt\u00e9s\u00e9r\u0151l. Az els\u0151 az \u00fagynevezett kronosz (t\u00f6rt\u00e9nelmi, napt\u00e1ri, mennyis\u00e9gi id\u0151) \u00e9s a kairosz (az esem\u00e9nyek k\u00f6z\u00f6tti meghat\u00e1rozatlan id\u0151pillanatok). A m\u00falt m\u00e1r elm\u00falt, a j\u00f6v\u0151 m\u00e9g nincs itt. Egyik sincs m\u00e1r birtokomban. A &#8222;m\u00e9g nem&#8221; \u00e9s &#8222;m\u00e1r nem&#8221; fesz\u00edt\u00e9s\u00e9ben ott a pillanat, a jelen, a most. Igen, ez az eny\u00e9m!\u00a0 A jelen pillanatban meg\u00e9lt id\u0151nek hamis \u00e9rtelmez\u00e9se a hedonizmus, mintha csak a jelen pillanat l\u00e9tezne. \u00c9lvezd az \u00e9letet! &#8211; harsogj\u00e1k. \u00c9ppen ez\u00e9rt mindazok, akik ezt k\u00f6vetik, nincsenek tekintettel senkire \u00e9s semmire. A teljes szabadoss\u00e1g \u00fatja ez, amely v\u00e9gs\u0151 soron \u00f6npuszt\u00edt\u00e1shoz vezet. Ezzel szemben a pillanat, a jelen meg\u00e9l\u00e9se a kairosz szellem\u00e9ben,\u00a0 eg\u00e9szen m\u00e1s megvil\u00e1g\u00edt\u00e1sba helyezi a jelen, az &#8222;\u00e9n id\u0151&#8221;\u00a0 meg\u00edt\u00e9l\u00e9s\u00e9t. Hiszen a folyamatos jelenben \u00e9l\u00e9s adja meg \u00e9letem \u00edz\u00e9rt \u00e9s \u00e9rtelm\u00e9t. Itt \u00e9s most mondhatom el a velem \u00e9l\u0151 embert\u00e1rsamnak,\u00a0 &#8211; hitvest\u00e1rs, gyermek, sz\u00fcl\u0151, rokon, bar\u00e1t, ismer\u0151s &#8211; azt, amit gondolok vele kapcsolatosan. Amennyiben nem teszem meg, kics\u00faszik kezemb\u0151l ez a pillanat, lehet hogy m\u00e1r sohasem lesz r\u00e1 alkalmam megtenni azt, amit megtehettem volna. \u00c9ljek h\u00e1t a jelen k\u00edn\u00e1lta lehet\u0151s\u00e9ggel.\u00a0 Most kell elmondanom, hogy szeretem, fontos sz\u00e1momra. Most kell bocs\u00e1natot k\u00e9rnem t\u0151le, \u0151szint\u00e9n szem\u00e9be n\u00e9zve, komolyan gondolva. K\u00fcl\u00f6nben magamra maradok, \u00e9rz\u00e9seimmel \u00e9s gondolataimmal. S mert elmulasztottam mindezt megtenni, az \u00e9rz\u00e9s egyre f\u00e1j\u00f3bb \u00e9s k\u00ednz\u00f3bb. Nincs semmi sem elveszve! Ne feledjem, a jelen, a most az&#8230; <\/p>\n<p><a class=\"readmore\" href=\"https:\/\/stuttgarti-katolikusok.de\/index.php\/evkozi-33-vasarnap-szegenyek-vilagnapja-2\/\">R\u00e9szletek<\/a><\/p>\n","protected":false},"author":3,"featured_media":27490,"comment_status":"closed","ping_status":"closed","sticky":false,"template":"","format":"standard","meta":{"footnotes":""},"categories":[85,63],"tags":[],"class_list":["post-29725","post","type-post","status-publish","format-standard","has-post-thumbnail","hentry","category-a-liturgia-olvasmanyai","category-vasarnapi-gondolatok"],"yoast_head":"<!-- This site is optimized with the Yoast SEO plugin v27.3 - https:\/\/yoast.com\/product\/yoast-seo-wordpress\/ -->\n<title>\u00c9vk\u00f6zi 33. vas\u00e1rnap \u2013 Szeg\u00e9nyek vil\u00e1gnapja - Stuttgarti Katolikusok<\/title>\n<meta name=\"robots\" content=\"index, follow, max-snippet:-1, max-image-preview:large, max-video-preview:-1\" \/>\n<link rel=\"canonical\" href=\"https:\/\/stuttgarti-katolikusok.de\/index.php\/evkozi-33-vasarnap-szegenyek-vilagnapja-2\/\" \/>\n<meta property=\"og:locale\" content=\"hu_HU\" \/>\n<meta property=\"og:type\" content=\"article\" \/>\n<meta property=\"og:title\" content=\"\u00c9vk\u00f6zi 33. vas\u00e1rnap \u2013 Szeg\u00e9nyek vil\u00e1gnapja - Stuttgarti Katolikusok\" \/>\n<meta property=\"og:description\" content=\"Az egyh\u00e1zi \u00e9v v\u00e9g\u00e9hez k\u00f6zeledve az \u00e9vk\u00f6zi 33. vas\u00e1rnap olvasm\u00e1nyai a v\u00e9gs\u0151 id\u0151kre ir\u00e1ny\u00edtj\u00e1k gondolatainkat. Benne kiemelt form\u00e1ban a rendelkez\u00e9s\u00fcnkre \u00e1ll\u00f3 id\u0151 fontoss\u00e1g\u00e1t, \u00e9let\u00fcnkre gyakorolt hat\u00e1s\u00e1t szeretn\u00e9 kiemelni.\u00a0\u00a0 Szent \u00c1goston az id\u0151 meghat\u00e1roz\u00e1s\u00e1val kapcsolatosan a k\u00f6vetkez\u0151 m\u00f3don fogalmaz: &#8222;Mi h\u00e1t az id\u0151? Ha senki sem k\u00e9rdezi, tudom; ha k\u00e9rdik t\u0151lem, s meg akarom magyar\u00e1zni, nem tudom.&#8221; Mindennapi \u00e9let\u00fcnkben az id\u0151 az\u00a0esem\u00e9nyek l\u00e1tsz\u00f3lag folyamatos sorrendj\u00e9nek \u00e9rz\u00e9kel\u00e9s\u00e9re utal. A szubjekt\u00edv id\u0151, az egy\u00e9n bels\u0151 id\u0151\u00e9szlel\u00e9se esem\u00e9nyekhez, t\u00f6rt\u00e9n\u00e9sekhez k\u00f6t\u0151dik. Ennek kapcs\u00e1n besz\u00e9lhet\u00fcnk az id\u0151 k\u00e9t k\u00fcl\u00f6nb\u00f6z\u0151 m\u00f3don t\u00f6rt\u00e9n\u0151 megk\u00f6zel\u00edt\u00e9s\u00e9r\u0151l. Az els\u0151 az \u00fagynevezett kronosz (t\u00f6rt\u00e9nelmi, napt\u00e1ri, mennyis\u00e9gi id\u0151) \u00e9s a kairosz (az esem\u00e9nyek k\u00f6z\u00f6tti meghat\u00e1rozatlan id\u0151pillanatok). A m\u00falt m\u00e1r elm\u00falt, a j\u00f6v\u0151 m\u00e9g nincs itt. Egyik sincs m\u00e1r birtokomban. A &#8222;m\u00e9g nem&#8221; \u00e9s &#8222;m\u00e1r nem&#8221; fesz\u00edt\u00e9s\u00e9ben ott a pillanat, a jelen, a most. Igen, ez az eny\u00e9m!\u00a0 A jelen pillanatban meg\u00e9lt id\u0151nek hamis \u00e9rtelmez\u00e9se a hedonizmus, mintha csak a jelen pillanat l\u00e9tezne. \u00c9lvezd az \u00e9letet! &#8211; harsogj\u00e1k. \u00c9ppen ez\u00e9rt mindazok, akik ezt k\u00f6vetik, nincsenek tekintettel senkire \u00e9s semmire. A teljes szabadoss\u00e1g \u00fatja ez, amely v\u00e9gs\u0151 soron \u00f6npuszt\u00edt\u00e1shoz vezet. Ezzel szemben a pillanat, a jelen meg\u00e9l\u00e9se a kairosz szellem\u00e9ben,\u00a0 eg\u00e9szen m\u00e1s megvil\u00e1g\u00edt\u00e1sba helyezi a jelen, az &#8222;\u00e9n id\u0151&#8221;\u00a0 meg\u00edt\u00e9l\u00e9s\u00e9t. Hiszen a folyamatos jelenben \u00e9l\u00e9s adja meg \u00e9letem \u00edz\u00e9rt \u00e9s \u00e9rtelm\u00e9t. Itt \u00e9s most mondhatom el a velem \u00e9l\u0151 embert\u00e1rsamnak,\u00a0 &#8211; hitvest\u00e1rs, gyermek, sz\u00fcl\u0151, rokon, bar\u00e1t, ismer\u0151s &#8211; azt, amit gondolok vele kapcsolatosan. Amennyiben nem teszem meg, kics\u00faszik kezemb\u0151l ez a pillanat, lehet hogy m\u00e1r sohasem lesz r\u00e1 alkalmam megtenni azt, amit megtehettem volna. \u00c9ljek h\u00e1t a jelen k\u00edn\u00e1lta lehet\u0151s\u00e9ggel.\u00a0 Most kell elmondanom, hogy szeretem, fontos sz\u00e1momra. Most kell bocs\u00e1natot k\u00e9rnem t\u0151le, \u0151szint\u00e9n szem\u00e9be n\u00e9zve, komolyan gondolva. K\u00fcl\u00f6nben magamra maradok, \u00e9rz\u00e9seimmel \u00e9s gondolataimmal. S mert elmulasztottam mindezt megtenni, az \u00e9rz\u00e9s egyre f\u00e1j\u00f3bb \u00e9s k\u00ednz\u00f3bb. Nincs semmi sem elveszve! Ne feledjem, a jelen, a most az... R\u00e9szletek\" \/>\n<meta property=\"og:url\" content=\"https:\/\/stuttgarti-katolikusok.de\/index.php\/evkozi-33-vasarnap-szegenyek-vilagnapja-2\/\" \/>\n<meta property=\"og:site_name\" content=\"Stuttgarti Katolikusok\" \/>\n<meta property=\"article:published_time\" content=\"2024-11-16T09:54:24+00:00\" \/>\n<meta property=\"og:image\" content=\"https:\/\/stuttgarti-katolikusok.de\/wp-content\/uploads\/2023\/11\/onstagram-11-18.jpg\" \/>\n\t<meta property=\"og:image:width\" content=\"1064\" \/>\n\t<meta property=\"og:image:height\" content=\"796\" \/>\n\t<meta property=\"og:image:type\" content=\"image\/jpeg\" \/>\n<meta name=\"author\" content=\"Tibor atya\" \/>\n<meta name=\"twitter:card\" content=\"summary_large_image\" \/>\n<meta name=\"twitter:label1\" content=\"Szerz\u0151:\" \/>\n\t<meta name=\"twitter:data1\" content=\"Tibor atya\" \/>\n\t<meta name=\"twitter:label2\" content=\"Becs\u00fclt olvas\u00e1si id\u0151\" \/>\n\t<meta name=\"twitter:data2\" content=\"7 perc\" \/>\n<script type=\"application\/ld+json\" class=\"yoast-schema-graph\">{\"@context\":\"https:\\\/\\\/schema.org\",\"@graph\":[{\"@type\":\"Article\",\"@id\":\"https:\\\/\\\/stuttgarti-katolikusok.de\\\/index.php\\\/evkozi-33-vasarnap-szegenyek-vilagnapja-2\\\/#article\",\"isPartOf\":{\"@id\":\"https:\\\/\\\/stuttgarti-katolikusok.de\\\/index.php\\\/evkozi-33-vasarnap-szegenyek-vilagnapja-2\\\/\"},\"author\":{\"name\":\"Tibor atya\",\"@id\":\"https:\\\/\\\/stuttgarti-katolikusok.de\\\/#\\\/schema\\\/person\\\/75908d6f8fdc03a57889d27209df7795\"},\"headline\":\"\u00c9vk\u00f6zi 33. vas\u00e1rnap \u2013 Szeg\u00e9nyek vil\u00e1gnapja\",\"datePublished\":\"2024-11-16T09:54:24+00:00\",\"mainEntityOfPage\":{\"@id\":\"https:\\\/\\\/stuttgarti-katolikusok.de\\\/index.php\\\/evkozi-33-vasarnap-szegenyek-vilagnapja-2\\\/\"},\"wordCount\":1527,\"image\":{\"@id\":\"https:\\\/\\\/stuttgarti-katolikusok.de\\\/index.php\\\/evkozi-33-vasarnap-szegenyek-vilagnapja-2\\\/#primaryimage\"},\"thumbnailUrl\":\"https:\\\/\\\/stuttgarti-katolikusok.de\\\/wp-content\\\/uploads\\\/2023\\\/11\\\/onstagram-11-18.jpg\",\"articleSection\":[\"A liturgia olvasm\u00e1nyai\",\"Vas\u00e1rnapi gondolatok\"],\"inLanguage\":\"hu\"},{\"@type\":\"WebPage\",\"@id\":\"https:\\\/\\\/stuttgarti-katolikusok.de\\\/index.php\\\/evkozi-33-vasarnap-szegenyek-vilagnapja-2\\\/\",\"url\":\"https:\\\/\\\/stuttgarti-katolikusok.de\\\/index.php\\\/evkozi-33-vasarnap-szegenyek-vilagnapja-2\\\/\",\"name\":\"\u00c9vk\u00f6zi 33. vas\u00e1rnap \u2013 Szeg\u00e9nyek vil\u00e1gnapja - Stuttgarti Katolikusok\",\"isPartOf\":{\"@id\":\"https:\\\/\\\/stuttgarti-katolikusok.de\\\/#website\"},\"primaryImageOfPage\":{\"@id\":\"https:\\\/\\\/stuttgarti-katolikusok.de\\\/index.php\\\/evkozi-33-vasarnap-szegenyek-vilagnapja-2\\\/#primaryimage\"},\"image\":{\"@id\":\"https:\\\/\\\/stuttgarti-katolikusok.de\\\/index.php\\\/evkozi-33-vasarnap-szegenyek-vilagnapja-2\\\/#primaryimage\"},\"thumbnailUrl\":\"https:\\\/\\\/stuttgarti-katolikusok.de\\\/wp-content\\\/uploads\\\/2023\\\/11\\\/onstagram-11-18.jpg\",\"datePublished\":\"2024-11-16T09:54:24+00:00\",\"author\":{\"@id\":\"https:\\\/\\\/stuttgarti-katolikusok.de\\\/#\\\/schema\\\/person\\\/75908d6f8fdc03a57889d27209df7795\"},\"breadcrumb\":{\"@id\":\"https:\\\/\\\/stuttgarti-katolikusok.de\\\/index.php\\\/evkozi-33-vasarnap-szegenyek-vilagnapja-2\\\/#breadcrumb\"},\"inLanguage\":\"hu\",\"potentialAction\":[{\"@type\":\"ReadAction\",\"target\":[\"https:\\\/\\\/stuttgarti-katolikusok.de\\\/index.php\\\/evkozi-33-vasarnap-szegenyek-vilagnapja-2\\\/\"]}]},{\"@type\":\"ImageObject\",\"inLanguage\":\"hu\",\"@id\":\"https:\\\/\\\/stuttgarti-katolikusok.de\\\/index.php\\\/evkozi-33-vasarnap-szegenyek-vilagnapja-2\\\/#primaryimage\",\"url\":\"https:\\\/\\\/stuttgarti-katolikusok.de\\\/wp-content\\\/uploads\\\/2023\\\/11\\\/onstagram-11-18.jpg\",\"contentUrl\":\"https:\\\/\\\/stuttgarti-katolikusok.de\\\/wp-content\\\/uploads\\\/2023\\\/11\\\/onstagram-11-18.jpg\",\"width\":1064,\"height\":796},{\"@type\":\"BreadcrumbList\",\"@id\":\"https:\\\/\\\/stuttgarti-katolikusok.de\\\/index.php\\\/evkozi-33-vasarnap-szegenyek-vilagnapja-2\\\/#breadcrumb\",\"itemListElement\":[{\"@type\":\"ListItem\",\"position\":1,\"name\":\"Kezd\u0151lap\",\"item\":\"https:\\\/\\\/stuttgarti-katolikusok.de\\\/\"},{\"@type\":\"ListItem\",\"position\":2,\"name\":\"\u00c9vk\u00f6zi 33. vas\u00e1rnap \u2013 Szeg\u00e9nyek vil\u00e1gnapja\"}]},{\"@type\":\"WebSite\",\"@id\":\"https:\\\/\\\/stuttgarti-katolikusok.de\\\/#website\",\"url\":\"https:\\\/\\\/stuttgarti-katolikusok.de\\\/\",\"name\":\"Stuttgarti Katolikusok\",\"description\":\"\",\"potentialAction\":[{\"@type\":\"SearchAction\",\"target\":{\"@type\":\"EntryPoint\",\"urlTemplate\":\"https:\\\/\\\/stuttgarti-katolikusok.de\\\/?s={search_term_string}\"},\"query-input\":{\"@type\":\"PropertyValueSpecification\",\"valueRequired\":true,\"valueName\":\"search_term_string\"}}],\"inLanguage\":\"hu\"},{\"@type\":\"Person\",\"@id\":\"https:\\\/\\\/stuttgarti-katolikusok.de\\\/#\\\/schema\\\/person\\\/75908d6f8fdc03a57889d27209df7795\",\"name\":\"Tibor atya\",\"image\":{\"@type\":\"ImageObject\",\"inLanguage\":\"hu\",\"@id\":\"https:\\\/\\\/secure.gravatar.com\\\/avatar\\\/61d268e57d1f4525b111222e29d2d5a7f8c420fdbf231ba5566a8ceac74fa960?s=96&d=mm&r=g\",\"url\":\"https:\\\/\\\/secure.gravatar.com\\\/avatar\\\/61d268e57d1f4525b111222e29d2d5a7f8c420fdbf231ba5566a8ceac74fa960?s=96&d=mm&r=g\",\"contentUrl\":\"https:\\\/\\\/secure.gravatar.com\\\/avatar\\\/61d268e57d1f4525b111222e29d2d5a7f8c420fdbf231ba5566a8ceac74fa960?s=96&d=mm&r=g\",\"caption\":\"Tibor atya\"},\"url\":\"https:\\\/\\\/stuttgarti-katolikusok.de\\\/index.php\\\/author\\\/tibor-atya\\\/\"}]}<\/script>\n<!-- \/ Yoast SEO plugin. -->","yoast_head_json":{"title":"\u00c9vk\u00f6zi 33. vas\u00e1rnap \u2013 Szeg\u00e9nyek vil\u00e1gnapja - Stuttgarti Katolikusok","robots":{"index":"index","follow":"follow","max-snippet":"max-snippet:-1","max-image-preview":"max-image-preview:large","max-video-preview":"max-video-preview:-1"},"canonical":"https:\/\/stuttgarti-katolikusok.de\/index.php\/evkozi-33-vasarnap-szegenyek-vilagnapja-2\/","og_locale":"hu_HU","og_type":"article","og_title":"\u00c9vk\u00f6zi 33. vas\u00e1rnap \u2013 Szeg\u00e9nyek vil\u00e1gnapja - Stuttgarti Katolikusok","og_description":"Az egyh\u00e1zi \u00e9v v\u00e9g\u00e9hez k\u00f6zeledve az \u00e9vk\u00f6zi 33. vas\u00e1rnap olvasm\u00e1nyai a v\u00e9gs\u0151 id\u0151kre ir\u00e1ny\u00edtj\u00e1k gondolatainkat. Benne kiemelt form\u00e1ban a rendelkez\u00e9s\u00fcnkre \u00e1ll\u00f3 id\u0151 fontoss\u00e1g\u00e1t, \u00e9let\u00fcnkre gyakorolt hat\u00e1s\u00e1t szeretn\u00e9 kiemelni.\u00a0\u00a0 Szent \u00c1goston az id\u0151 meghat\u00e1roz\u00e1s\u00e1val kapcsolatosan a k\u00f6vetkez\u0151 m\u00f3don fogalmaz: &#8222;Mi h\u00e1t az id\u0151? Ha senki sem k\u00e9rdezi, tudom; ha k\u00e9rdik t\u0151lem, s meg akarom magyar\u00e1zni, nem tudom.&#8221; Mindennapi \u00e9let\u00fcnkben az id\u0151 az\u00a0esem\u00e9nyek l\u00e1tsz\u00f3lag folyamatos sorrendj\u00e9nek \u00e9rz\u00e9kel\u00e9s\u00e9re utal. A szubjekt\u00edv id\u0151, az egy\u00e9n bels\u0151 id\u0151\u00e9szlel\u00e9se esem\u00e9nyekhez, t\u00f6rt\u00e9n\u00e9sekhez k\u00f6t\u0151dik. Ennek kapcs\u00e1n besz\u00e9lhet\u00fcnk az id\u0151 k\u00e9t k\u00fcl\u00f6nb\u00f6z\u0151 m\u00f3don t\u00f6rt\u00e9n\u0151 megk\u00f6zel\u00edt\u00e9s\u00e9r\u0151l. Az els\u0151 az \u00fagynevezett kronosz (t\u00f6rt\u00e9nelmi, napt\u00e1ri, mennyis\u00e9gi id\u0151) \u00e9s a kairosz (az esem\u00e9nyek k\u00f6z\u00f6tti meghat\u00e1rozatlan id\u0151pillanatok). A m\u00falt m\u00e1r elm\u00falt, a j\u00f6v\u0151 m\u00e9g nincs itt. Egyik sincs m\u00e1r birtokomban. A &#8222;m\u00e9g nem&#8221; \u00e9s &#8222;m\u00e1r nem&#8221; fesz\u00edt\u00e9s\u00e9ben ott a pillanat, a jelen, a most. Igen, ez az eny\u00e9m!\u00a0 A jelen pillanatban meg\u00e9lt id\u0151nek hamis \u00e9rtelmez\u00e9se a hedonizmus, mintha csak a jelen pillanat l\u00e9tezne. \u00c9lvezd az \u00e9letet! &#8211; harsogj\u00e1k. \u00c9ppen ez\u00e9rt mindazok, akik ezt k\u00f6vetik, nincsenek tekintettel senkire \u00e9s semmire. A teljes szabadoss\u00e1g \u00fatja ez, amely v\u00e9gs\u0151 soron \u00f6npuszt\u00edt\u00e1shoz vezet. Ezzel szemben a pillanat, a jelen meg\u00e9l\u00e9se a kairosz szellem\u00e9ben,\u00a0 eg\u00e9szen m\u00e1s megvil\u00e1g\u00edt\u00e1sba helyezi a jelen, az &#8222;\u00e9n id\u0151&#8221;\u00a0 meg\u00edt\u00e9l\u00e9s\u00e9t. Hiszen a folyamatos jelenben \u00e9l\u00e9s adja meg \u00e9letem \u00edz\u00e9rt \u00e9s \u00e9rtelm\u00e9t. Itt \u00e9s most mondhatom el a velem \u00e9l\u0151 embert\u00e1rsamnak,\u00a0 &#8211; hitvest\u00e1rs, gyermek, sz\u00fcl\u0151, rokon, bar\u00e1t, ismer\u0151s &#8211; azt, amit gondolok vele kapcsolatosan. Amennyiben nem teszem meg, kics\u00faszik kezemb\u0151l ez a pillanat, lehet hogy m\u00e1r sohasem lesz r\u00e1 alkalmam megtenni azt, amit megtehettem volna. \u00c9ljek h\u00e1t a jelen k\u00edn\u00e1lta lehet\u0151s\u00e9ggel.\u00a0 Most kell elmondanom, hogy szeretem, fontos sz\u00e1momra. Most kell bocs\u00e1natot k\u00e9rnem t\u0151le, \u0151szint\u00e9n szem\u00e9be n\u00e9zve, komolyan gondolva. K\u00fcl\u00f6nben magamra maradok, \u00e9rz\u00e9seimmel \u00e9s gondolataimmal. S mert elmulasztottam mindezt megtenni, az \u00e9rz\u00e9s egyre f\u00e1j\u00f3bb \u00e9s k\u00ednz\u00f3bb. Nincs semmi sem elveszve! Ne feledjem, a jelen, a most az... R\u00e9szletek","og_url":"https:\/\/stuttgarti-katolikusok.de\/index.php\/evkozi-33-vasarnap-szegenyek-vilagnapja-2\/","og_site_name":"Stuttgarti Katolikusok","article_published_time":"2024-11-16T09:54:24+00:00","og_image":[{"width":1064,"height":796,"url":"https:\/\/stuttgarti-katolikusok.de\/wp-content\/uploads\/2023\/11\/onstagram-11-18.jpg","type":"image\/jpeg"}],"author":"Tibor atya","twitter_card":"summary_large_image","twitter_misc":{"Szerz\u0151:":"Tibor atya","Becs\u00fclt olvas\u00e1si id\u0151":"7 perc"},"schema":{"@context":"https:\/\/schema.org","@graph":[{"@type":"Article","@id":"https:\/\/stuttgarti-katolikusok.de\/index.php\/evkozi-33-vasarnap-szegenyek-vilagnapja-2\/#article","isPartOf":{"@id":"https:\/\/stuttgarti-katolikusok.de\/index.php\/evkozi-33-vasarnap-szegenyek-vilagnapja-2\/"},"author":{"name":"Tibor atya","@id":"https:\/\/stuttgarti-katolikusok.de\/#\/schema\/person\/75908d6f8fdc03a57889d27209df7795"},"headline":"\u00c9vk\u00f6zi 33. vas\u00e1rnap \u2013 Szeg\u00e9nyek vil\u00e1gnapja","datePublished":"2024-11-16T09:54:24+00:00","mainEntityOfPage":{"@id":"https:\/\/stuttgarti-katolikusok.de\/index.php\/evkozi-33-vasarnap-szegenyek-vilagnapja-2\/"},"wordCount":1527,"image":{"@id":"https:\/\/stuttgarti-katolikusok.de\/index.php\/evkozi-33-vasarnap-szegenyek-vilagnapja-2\/#primaryimage"},"thumbnailUrl":"https:\/\/stuttgarti-katolikusok.de\/wp-content\/uploads\/2023\/11\/onstagram-11-18.jpg","articleSection":["A liturgia olvasm\u00e1nyai","Vas\u00e1rnapi gondolatok"],"inLanguage":"hu"},{"@type":"WebPage","@id":"https:\/\/stuttgarti-katolikusok.de\/index.php\/evkozi-33-vasarnap-szegenyek-vilagnapja-2\/","url":"https:\/\/stuttgarti-katolikusok.de\/index.php\/evkozi-33-vasarnap-szegenyek-vilagnapja-2\/","name":"\u00c9vk\u00f6zi 33. vas\u00e1rnap \u2013 Szeg\u00e9nyek vil\u00e1gnapja - Stuttgarti Katolikusok","isPartOf":{"@id":"https:\/\/stuttgarti-katolikusok.de\/#website"},"primaryImageOfPage":{"@id":"https:\/\/stuttgarti-katolikusok.de\/index.php\/evkozi-33-vasarnap-szegenyek-vilagnapja-2\/#primaryimage"},"image":{"@id":"https:\/\/stuttgarti-katolikusok.de\/index.php\/evkozi-33-vasarnap-szegenyek-vilagnapja-2\/#primaryimage"},"thumbnailUrl":"https:\/\/stuttgarti-katolikusok.de\/wp-content\/uploads\/2023\/11\/onstagram-11-18.jpg","datePublished":"2024-11-16T09:54:24+00:00","author":{"@id":"https:\/\/stuttgarti-katolikusok.de\/#\/schema\/person\/75908d6f8fdc03a57889d27209df7795"},"breadcrumb":{"@id":"https:\/\/stuttgarti-katolikusok.de\/index.php\/evkozi-33-vasarnap-szegenyek-vilagnapja-2\/#breadcrumb"},"inLanguage":"hu","potentialAction":[{"@type":"ReadAction","target":["https:\/\/stuttgarti-katolikusok.de\/index.php\/evkozi-33-vasarnap-szegenyek-vilagnapja-2\/"]}]},{"@type":"ImageObject","inLanguage":"hu","@id":"https:\/\/stuttgarti-katolikusok.de\/index.php\/evkozi-33-vasarnap-szegenyek-vilagnapja-2\/#primaryimage","url":"https:\/\/stuttgarti-katolikusok.de\/wp-content\/uploads\/2023\/11\/onstagram-11-18.jpg","contentUrl":"https:\/\/stuttgarti-katolikusok.de\/wp-content\/uploads\/2023\/11\/onstagram-11-18.jpg","width":1064,"height":796},{"@type":"BreadcrumbList","@id":"https:\/\/stuttgarti-katolikusok.de\/index.php\/evkozi-33-vasarnap-szegenyek-vilagnapja-2\/#breadcrumb","itemListElement":[{"@type":"ListItem","position":1,"name":"Kezd\u0151lap","item":"https:\/\/stuttgarti-katolikusok.de\/"},{"@type":"ListItem","position":2,"name":"\u00c9vk\u00f6zi 33. vas\u00e1rnap \u2013 Szeg\u00e9nyek vil\u00e1gnapja"}]},{"@type":"WebSite","@id":"https:\/\/stuttgarti-katolikusok.de\/#website","url":"https:\/\/stuttgarti-katolikusok.de\/","name":"Stuttgarti Katolikusok","description":"","potentialAction":[{"@type":"SearchAction","target":{"@type":"EntryPoint","urlTemplate":"https:\/\/stuttgarti-katolikusok.de\/?s={search_term_string}"},"query-input":{"@type":"PropertyValueSpecification","valueRequired":true,"valueName":"search_term_string"}}],"inLanguage":"hu"},{"@type":"Person","@id":"https:\/\/stuttgarti-katolikusok.de\/#\/schema\/person\/75908d6f8fdc03a57889d27209df7795","name":"Tibor atya","image":{"@type":"ImageObject","inLanguage":"hu","@id":"https:\/\/secure.gravatar.com\/avatar\/61d268e57d1f4525b111222e29d2d5a7f8c420fdbf231ba5566a8ceac74fa960?s=96&d=mm&r=g","url":"https:\/\/secure.gravatar.com\/avatar\/61d268e57d1f4525b111222e29d2d5a7f8c420fdbf231ba5566a8ceac74fa960?s=96&d=mm&r=g","contentUrl":"https:\/\/secure.gravatar.com\/avatar\/61d268e57d1f4525b111222e29d2d5a7f8c420fdbf231ba5566a8ceac74fa960?s=96&d=mm&r=g","caption":"Tibor atya"},"url":"https:\/\/stuttgarti-katolikusok.de\/index.php\/author\/tibor-atya\/"}]}},"_links":{"self":[{"href":"https:\/\/stuttgarti-katolikusok.de\/index.php\/wp-json\/wp\/v2\/posts\/29725","targetHints":{"allow":["GET"]}}],"collection":[{"href":"https:\/\/stuttgarti-katolikusok.de\/index.php\/wp-json\/wp\/v2\/posts"}],"about":[{"href":"https:\/\/stuttgarti-katolikusok.de\/index.php\/wp-json\/wp\/v2\/types\/post"}],"author":[{"embeddable":true,"href":"https:\/\/stuttgarti-katolikusok.de\/index.php\/wp-json\/wp\/v2\/users\/3"}],"replies":[{"embeddable":true,"href":"https:\/\/stuttgarti-katolikusok.de\/index.php\/wp-json\/wp\/v2\/comments?post=29725"}],"version-history":[{"count":1,"href":"https:\/\/stuttgarti-katolikusok.de\/index.php\/wp-json\/wp\/v2\/posts\/29725\/revisions"}],"predecessor-version":[{"id":29726,"href":"https:\/\/stuttgarti-katolikusok.de\/index.php\/wp-json\/wp\/v2\/posts\/29725\/revisions\/29726"}],"wp:featuredmedia":[{"embeddable":true,"href":"https:\/\/stuttgarti-katolikusok.de\/index.php\/wp-json\/wp\/v2\/media\/27490"}],"wp:attachment":[{"href":"https:\/\/stuttgarti-katolikusok.de\/index.php\/wp-json\/wp\/v2\/media?parent=29725"}],"wp:term":[{"taxonomy":"category","embeddable":true,"href":"https:\/\/stuttgarti-katolikusok.de\/index.php\/wp-json\/wp\/v2\/categories?post=29725"},{"taxonomy":"post_tag","embeddable":true,"href":"https:\/\/stuttgarti-katolikusok.de\/index.php\/wp-json\/wp\/v2\/tags?post=29725"}],"curies":[{"name":"wp","href":"https:\/\/api.w.org\/{rel}","templated":true}]}}