{"id":29719,"date":"2024-11-13T00:21:12","date_gmt":"2024-11-12T23:21:12","guid":{"rendered":"https:\/\/stuttgarti-katolikusok.de\/?p=29719"},"modified":"2024-11-13T00:21:12","modified_gmt":"2024-11-12T23:21:12","slug":"baratsagklub-vendegsegben-gabornal","status":"publish","type":"post","link":"https:\/\/stuttgarti-katolikusok.de\/index.php\/baratsagklub-vendegsegben-gabornal\/","title":{"rendered":"Bar\u00e1ts\u00e1gklub &#8211; vend\u00e9gs\u00e9gben G\u00e1born\u00e1l"},"content":{"rendered":"\n<div class=\"brlbs-cmpnt-container brlbs-cmpnt-content-blocker brlbs-cmpnt-with-individual-styles\" data-borlabs-cookie-content-blocker-id=\"default\" data-borlabs-cookie-content=\"PGEgZGF0YS1mbGlja3ItZW1iZWQ9J3RydWUnIGhyZWY9J2h0dHBzOi8vd3d3LmZsaWNrci5jb20vcGhvdG9zLzE5MDEyMTk2NEBOMDYvYWxidW1zLzcyMTc3NzIwMzIxOTA5MTA5LycgdGl0bGU9J0JhcsOhdHPDoWdrbHViIC0gMjAyNC4gbm92ZW1iZXIgOC4gYnkgYnJ1ZGVya2xhdXMyMDIwLCBvbiBGbGlja3InPjxpbWcgc3JjPSdodHRwczovL2xpdmUuc3RhdGljZmxpY2tyLmNvbS82NTUzNS81NDEzNDkyODc1Ml9mNWYwNDdkMWNjX2MuanBnJyB3aWR0aD0nODAwJyBoZWlnaHQ9JzYwMCcgYWx0PSdOb3ZlbWJlciAxNyc+PC9hPjxzY3JpcHQgYXN5bmMgc3JjPSdodHRwczovL2VtYmVkci5mbGlja3IuY29tL2Fzc2V0cy9jbGllbnQtY29kZS5qcycgY2hhcnNldD0ndXRmLTgnPjwvc2NyaXB0Pg==\">\n<div class=\"brlbs-cmpnt-cb-preset-a\">\n<p class=\"brlbs-cmpnt-cb-description\">You are currently viewing a placeholder content from <strong>Default<\/strong>. To access the actual content, click the button below. Please note that doing so will share data with third-party providers.<\/p>\n<div class=\"brlbs-cmpnt-cb-buttons\"> <a class=\"brlbs-cmpnt-cb-btn\" href=\"#\" data-borlabs-cookie-unblock role=\"button\">Unblock content<\/a> <a class=\"brlbs-cmpnt-cb-btn\" href=\"#\" data-borlabs-cookie-accept-service role=\"button\" style=\"display: none\">Accept required service and unblock content<\/a> <\/div>\n<p> <a class=\"brlbs-cmpnt-cb-provider-toggle\" href=\"#\" data-borlabs-cookie-show-provider-information role=\"button\">More Information<\/a> <\/div>\n<\/div>\n<p style=\"text-align: center;\"><em>(K\u00f6sz\u00f6net Erd\u0151s S\u00e1ndornak a k\u00e9pek\u00e9rt)<\/em><\/p>\n<p style=\"text-align: left;\"><a href=\"https:\/\/stuttgarti-katolikusok.de\/wp-content\/uploads\/2024\/11\/2024-november-e1730755724339.jpg\"><img loading=\"lazy\" decoding=\"async\" class=\"alignnone size-full wp-image-29641\" src=\"https:\/\/stuttgarti-katolikusok.de\/wp-content\/uploads\/2024\/11\/2024-november-e1730755724339.jpg\" alt=\"\" width=\"1518\" height=\"2146\" \/><\/a><\/p>\n<p>A Bar\u00e1ts\u00e1gklub tagjai m\u00e1r nagyon v\u00e1rt\u00e1k, hogy ism\u00e9telten, rendhagy\u00f3 m\u00f3don, m\u00e1sutt t\u00f6lts\u00fcnk el egy d\u00e9lut\u00e1nt. A v\u00e1laszt\u00e1s G\u00e1bor bar\u00e1tunkra esett, aki nagyon nagy szeretettel v\u00e1rt \u00e9s fogadott benn\u00fcnket. Egyben pedig\u00a0 finom falatokkal is kedveskedett. Szent M\u00e1rton p\u00fcsp\u00f6k k\u00f6zelg\u0151 \u00fcnnepe k\u00edn\u00e1lta mag\u00e1t, hogy ilyen form\u00e1ban eml\u00e9kezz\u00fcnk r\u00e1.<\/p>\n<p><span style=\"color: #ff6600;\"><em>\u00c1lljon itt ism\u00e9telten Stauder Marika \u00edr\u00e1sa:<\/em><\/span><\/p>\n<p>M\u00e1rton-napi libavacsora<\/p>\n<p>K\u00f6zeled\u00fcnk az \u00e9v v\u00e9g\u00e9hez. November,\u00a0 avagy\u00a0 t\u00f6bbek k\u00f6z\u00f6tt &#8222;Szent Andr\u00e1s-hava&#8221; is, meg\u00e9rkezett. Egyh\u00e1zk\u00f6zs\u00e9g\u00fcnkben t\u00f6bb esem\u00e9ny is van. M\u00e1r az elej\u00e9n, Mindenszentek \u00fcnnep\u00e9t, temet\u0151 l\u00e1togat\u00e1ssal, szentmis\u00e9vel \u00e9s\u00a0befejez\u00e9s\u00fcl agap\u00e9val \u00fcnnepelt\u00fck.<\/p>\n<p>Mindenszentek ut\u00e1n, M\u00e1rton napja a k\u00f6vetkez\u0151 az \u00fcnnepek sor\u00e1ban. Ezen a napon szok\u00e1s lib\u00e1t enni.\u00a0A bar\u00e1ts\u00e1gklub tagjai egy nagyon vonz\u00f3 megh\u00edv\u00f3t kaptak. Tal\u00e1lkoz\u00f3nk rendhagy\u00f3, nem a k\u00f6z\u00f6ss\u00e9gi teremben, hanem G\u00e1born\u00e1l gy\u0171lt\u00fcnk \u00f6ssze, aki Ostfildern\/Scharnhausenben\u00a0magyar vend\u00e9gl\u0151t m\u0171k\u00f6dtet. Nagy volt mindannyiunknak az \u00f6r\u00f6me, hiszen egy &#8222;M\u00e1rton-napi libavacsor\u00e1ra&#8221; h\u00edvogatott, ami\u00a0egy kellemes d\u00e9lut\u00e1nt \u00e9s est\u00e9t \u00edg\u00e9rt.<\/p>\n<p>M\u00e1r j\u00e1rtunk ebben a vend\u00e9gl\u0151ben, gondoltuk, tudjuk mi az utat, nem kell nek\u00fcnk navi. T\u00e9ny, hogy kicsi bolyong\u00e1s ut\u00e1n, csak a navi seg\u00edts\u00e9g\u00e9vel tal\u00e1ltuk meg a vend\u00e9gl\u0151t.\u00a0Mikor meg\u00e9rkezt\u00fcnk, nagy meglepet\u00e9s volt sz\u00e1munkra, hogy sokan voltak. \u00c9rkeztek \u00faj bar\u00e1tok is, akiknek \u00f6rvendt\u00fcnk, azzal a rem\u00e9nnyel, hogy tov\u00e1bb fog\u00a0 emelkedni fog a klub tagok sz\u00e1ma.<\/p>\n<p>Minden esetre a vend\u00e9gl\u0151ben nagy volt a zsivaj, a l\u00e1rma.\u00a0Miut\u00e1n mindenki meg\u00e9rkezett \u00e9s meg tal\u00e1lta a hely\u00e9t, Erik\u00e1nk k\u00f6sz\u00f6nt\u00f6t benn\u00fcnket. Ek\u00f6zben G\u00e1bor p\u00e1link\u00e1t osztogatott, jelezve ir\u00e1ntunk val\u00f3 vend\u00e9gszeretet\u00e9t.\u00a0Vacsora el\u0151tt, Erika \u00e9s Tibor atya, Szent M\u00e1rton p\u00fcsp\u00f6kr\u0151l \u00e9s a hozz\u00e1 k\u00f6thet\u0151 legend\u00e1kr\u00f3l \u00e9s t\u00f6rt\u00e9netekr\u0151l osztottak meg \u00e9rdekes gondolatokat.<\/p>\n<p>November 11-\u00e9n, Szent M\u00e1rton napja. Ehhez a naphoz, sok szok\u00e1st k\u00f6t a n\u00e9phagyom\u00e1ny.\u00a0A M\u00e1rton-nap az adventi b\u00f6jt\u00f6t megel\u0151z\u0151 napok egyike, amikor a gazdag falatoz\u00e1s, vigass\u00e1g megengedett.\u00a0M\u00e1rton napj\u00e1n szok\u00e1s lib\u00e1t enni \u00e9s ilyenkor kell az \u00fajbort is megk\u00f3stolni.\u00a0 A r\u00e9gi id\u0151kben Szent M\u00e1rton napja jelentette a paraszti \u00e9v v\u00e9g\u00e9t, ilyenkor z\u00e1rt\u00e1k le az \u00e9ves gazdas\u00e1gi munk\u00e1kat \u00e9s kezd\u0151d\u00f6tt a t\u00e9li pihen\u0151 id\u0151szaka.\u00a0A csel\u00e9dek ilyenkor kapt\u00e1k meg az \u00e9vi b\u00e9r\u00fcket \u00e9s hozz\u00e1 egy lib\u00e1t. M\u00e1rton-napon lakom\u00e1kat rendeztek, hogy eg\u00e9sz esztend\u0151ben legyen mit enni\u00fck, inniuk.\u00a0Szent M\u00e1rton napj\u00e1n lib\u00e1t illik enni, mert aki M\u00e1rton napj\u00e1n nem eszik lib\u00e1t, az eg\u00e9sz \u00e9vben \u00e9hezni fog.\u00a0A liba h\u00fas\u00e1b\u00f3l szok\u00e1s volt a papnak is k\u00fcldeni, m\u00e9gpedig a liba h\u00e1ts\u00f3 r\u00e9sz\u00e9b\u0151l.\u00a0Innen ered a &#8222;p\u00fcsp\u00f6kfalat&#8221; kifejez\u00e9s\u00fcnk is.<\/p>\n<p>A legenda szerint Szent M\u00e1rton a R\u00f3mai Birodalom Pann\u00f3nia tartom\u00e1ny\u00e1ban, a mai Szombathelyen sz\u00fcletett. A r\u00f3mai cs\u00e1sz\u00e1r katon\u00e1jak\u00e9nt szolg\u00e1l\u00f3 M\u00e1rton\u00a0egy hideg t\u00e9li est\u00e9n odaadta meleg k\u00f6peny\u00e9nek fel\u00e9t egy koldusnak. Az\u00e9rt a fel\u00e9t, mert a m\u00e1sik fele a k\u00f6penynek a cs\u00e1sz\u00e1rt illette. Aznap \u00e9jjel \u00e1lm\u00e1ban megjelent J\u00e9zus a koldus alakj\u00e1ban. Ezut\u00e1n fordulat \u00e1llt be M\u00e1rton \u00e9let\u00e9ben: Isten szolg\u00e1lat\u00e1ba \u00e1llt be.<\/p>\n<p>J\u00f3s\u00e1g\u00e1r\u00f3l m\u00e1r \u00e9lete sor\u00e1n is legend\u00e1k keringtek, a az al\u00e1zatos misszion\u00e1riust p\u00fcsp\u00f6kk\u00e9 akart\u00e1k szentelni.\u00a0A monda szerint, mivel nem akart p\u00fcsp\u00f6k lenni, ez\u00e9rt az \u00e9rte \u00e9rkez\u0151 k\u00fcld\u00f6ttek el\u0151l M\u00e1rton, a ludak \u00f3lj\u00e1ban b\u00fajt el.\u00a0A ludak azonban g\u00e1gog\u00e1sukkal \u00f3ri\u00e1si zajt csaptak, el\u00e1rulva M\u00e1rtont.\u00a0V\u00e9g\u00fcl M\u00e1rtont p\u00fcsp\u00f6kk\u00e9 szentelt\u00e9k \u00e9s hal\u00e1l\u00e1ig Toursban seg\u00edtette a r\u00e1szorul\u00f3kat.<\/p>\n<p>Miut\u00e1n Erika \u00e9s Tibor atya v\u00e1ltakozva megosztott\u00e1k ezeket a t\u00f6rt\u00e9neteket, j\u00f6tt a v\u00e1rva v\u00e1rt &#8222;liba&#8221; azaz n\u00e1lunk &#8222;ruca&#8221; vacsora.<\/p>\n<p>Kellemes meglepet\u00e9sben volt r\u00e9sz\u00fcnk. Tibor atya elhozta ez alkalommal a mi Editk\u00e9nket Schorndorfb\u00f3l. T\u00fal a 90 \u00e9ven, most is tele van \u00e9leter\u0151vel \u00e9s energi\u00e1val. S\u00e1ndor elhozta a keyboard-j\u00e1t, nem csak nek\u00fcnk volt ez meglepet\u00e9s, Editk\u00e9nek is. Senki sem gondolta, hogy milyen este v\u00e1r r\u00e1nk. T\u00f6bb mint egy \u00f3r\u00e1n kereszt\u00fcl k\u00e9nyeztetett benn\u00fcnket Editke n\u00e9ni. Mi sem voltunk restek, sz\u00f3lt a muzsika, zengett a vend\u00e9gl\u0151 a magyar n\u00f3t\u00e1k sokas\u00e1g\u00e1t\u00f3l.\u00a0El is h\u00faz\u00f3dott a mulats\u00e1g, este 11 \u00f3ra ut\u00e1n \u00e9rt\u00fcnk haza.<\/p>\n<p>K\u00f6sz\u00f6net Tibor aty\u00e1nak, aki vette a f\u00e1radts\u00e1got Matyival, \u00e9s elhozta nek\u00fcnk Editk\u00e9t!\u00a0Editke k\u00edv\u00e1nunk neked tov\u00e1bbi j\u00f3 eg\u00e9szs\u00e9get, sok\u00e1ig tudj\u00e1l m\u00e9g ilyen sz\u00e9pen zongor\u00e1zni.\u00a0K\u00f6sz\u00f6net Erik\u00e1nak \u00e9s S\u00e1ndornak is ez\u00e9rt a sz\u00e9p d\u00e9lut\u00e1n\u00e9rt \u00e9s est\u00e9\u00e9rt!<\/p>\n<p><em><strong>Csokonai Vit\u00e9z Mih\u00e1ly: November<\/strong><\/em><\/p>\n<p>Elj\u00f6tt m\u00e1r november diderg\u0151 h\u00f3napja,<br \/>\nHideg szele a f\u00e1k \u00e1gait megcsapja.<br \/>\nMeghalva elhullnak a s\u00e1rga levelek,<br \/>\nJ\u00e1tszadoznak v\u00e9lek a kegyetlen szelek.<br \/>\nAz ajt\u00f3n\u00e1l \u00e1ll\u00f3 t\u00e9lnek hideg z\u00fazza<br \/>\nA z\u00f6ld ligeteket s mez\u0151ket megny\u00fazza.<br \/>\nHideg es\u0151 csorog, csepeg eg\u00e9sz \u00e9jjel,<br \/>\nA f\u00e1z\u00e9kony Auster havat is h\u00e1ny sz\u00e9jjel.<br \/>\nA borong\u00f3s \u00e9gnek s\u0171r\u0171 felh\u0151z\u00e9se<br \/>\nH\u00e1zba z\u00e1rt sz\u00edv\u00fcnknek kedvetlened\u00e9se&#8230;<\/p>\n","protected":false},"excerpt":{"rendered":"<p>You are currently viewing a placeholder content from Default. To access the actual content, click the button below. Please note that doing so will share data with third-party providers. Unblock content Accept required service and unblock content More Information (K\u00f6sz\u00f6net Erd\u0151s S\u00e1ndornak a k\u00e9pek\u00e9rt) A Bar\u00e1ts\u00e1gklub tagjai m\u00e1r nagyon v\u00e1rt\u00e1k, hogy ism\u00e9telten, rendhagy\u00f3 m\u00f3don, m\u00e1sutt t\u00f6lts\u00fcnk el egy d\u00e9lut\u00e1nt. A v\u00e1laszt\u00e1s G\u00e1bor bar\u00e1tunkra esett, aki nagyon nagy szeretettel v\u00e1rt \u00e9s fogadott benn\u00fcnket. Egyben pedig\u00a0 finom falatokkal is kedveskedett. Szent M\u00e1rton p\u00fcsp\u00f6k k\u00f6zelg\u0151 \u00fcnnepe k\u00edn\u00e1lta mag\u00e1t, hogy ilyen form\u00e1ban eml\u00e9kezz\u00fcnk r\u00e1. \u00c1lljon itt ism\u00e9telten Stauder Marika \u00edr\u00e1sa: M\u00e1rton-napi libavacsora K\u00f6zeled\u00fcnk az \u00e9v v\u00e9g\u00e9hez. November,\u00a0 avagy\u00a0 t\u00f6bbek k\u00f6z\u00f6tt &#8222;Szent Andr\u00e1s-hava&#8221; is, meg\u00e9rkezett. Egyh\u00e1zk\u00f6zs\u00e9g\u00fcnkben t\u00f6bb esem\u00e9ny is van. M\u00e1r az elej\u00e9n, Mindenszentek \u00fcnnep\u00e9t, temet\u0151 l\u00e1togat\u00e1ssal, szentmis\u00e9vel \u00e9s\u00a0befejez\u00e9s\u00fcl agap\u00e9val \u00fcnnepelt\u00fck. Mindenszentek ut\u00e1n, M\u00e1rton napja a k\u00f6vetkez\u0151 az \u00fcnnepek sor\u00e1ban. Ezen a napon szok\u00e1s lib\u00e1t enni.\u00a0A bar\u00e1ts\u00e1gklub tagjai egy nagyon vonz\u00f3 megh\u00edv\u00f3t kaptak. Tal\u00e1lkoz\u00f3nk rendhagy\u00f3, nem a k\u00f6z\u00f6ss\u00e9gi teremben, hanem G\u00e1born\u00e1l gy\u0171lt\u00fcnk \u00f6ssze, aki Ostfildern\/Scharnhausenben\u00a0magyar vend\u00e9gl\u0151t m\u0171k\u00f6dtet. Nagy volt mindannyiunknak az \u00f6r\u00f6me, hiszen egy &#8222;M\u00e1rton-napi libavacsor\u00e1ra&#8221; h\u00edvogatott, ami\u00a0egy kellemes d\u00e9lut\u00e1nt \u00e9s est\u00e9t \u00edg\u00e9rt. M\u00e1r j\u00e1rtunk ebben a vend\u00e9gl\u0151ben, gondoltuk, tudjuk mi az utat, nem kell nek\u00fcnk navi. T\u00e9ny, hogy kicsi bolyong\u00e1s ut\u00e1n, csak a navi seg\u00edts\u00e9g\u00e9vel tal\u00e1ltuk meg a vend\u00e9gl\u0151t.\u00a0Mikor meg\u00e9rkezt\u00fcnk, nagy meglepet\u00e9s volt sz\u00e1munkra, hogy sokan voltak. \u00c9rkeztek \u00faj bar\u00e1tok is, akiknek \u00f6rvendt\u00fcnk, azzal a rem\u00e9nnyel, hogy tov\u00e1bb fog\u00a0 emelkedni fog a klub tagok sz\u00e1ma. Minden esetre a vend\u00e9gl\u0151ben nagy volt a zsivaj, a l\u00e1rma.\u00a0Miut\u00e1n mindenki meg\u00e9rkezett \u00e9s meg tal\u00e1lta a hely\u00e9t, Erik\u00e1nk k\u00f6sz\u00f6nt\u00f6t benn\u00fcnket. Ek\u00f6zben G\u00e1bor p\u00e1link\u00e1t osztogatott, jelezve ir\u00e1ntunk val\u00f3 vend\u00e9gszeretet\u00e9t.\u00a0Vacsora el\u0151tt, Erika \u00e9s Tibor atya, Szent M\u00e1rton p\u00fcsp\u00f6kr\u0151l \u00e9s a hozz\u00e1 k\u00f6thet\u0151 legend\u00e1kr\u00f3l \u00e9s t\u00f6rt\u00e9netekr\u0151l osztottak meg \u00e9rdekes gondolatokat. November 11-\u00e9n, Szent M\u00e1rton napja. Ehhez a naphoz, sok szok\u00e1st k\u00f6t a n\u00e9phagyom\u00e1ny.\u00a0A M\u00e1rton-nap az adventi b\u00f6jt\u00f6t megel\u0151z\u0151 napok egyike, amikor a&#8230; <\/p>\n<p><a class=\"readmore\" href=\"https:\/\/stuttgarti-katolikusok.de\/index.php\/baratsagklub-vendegsegben-gabornal\/\">R\u00e9szletek<\/a><\/p>\n","protected":false},"author":3,"featured_media":29720,"comment_status":"closed","ping_status":"closed","sticky":false,"template":"","format":"standard","meta":{"footnotes":""},"categories":[32,1],"tags":[],"class_list":["post-29719","post","type-post","status-publish","format-standard","has-post-thumbnail","hentry","category-baratsag-klub","category-valogatott"],"yoast_head":"<!-- This site is optimized with the Yoast SEO plugin v27.3 - https:\/\/yoast.com\/product\/yoast-seo-wordpress\/ -->\n<title>Bar\u00e1ts\u00e1gklub - vend\u00e9gs\u00e9gben G\u00e1born\u00e1l - Stuttgarti Katolikusok<\/title>\n<meta name=\"robots\" content=\"index, follow, max-snippet:-1, max-image-preview:large, max-video-preview:-1\" \/>\n<link rel=\"canonical\" href=\"https:\/\/stuttgarti-katolikusok.de\/index.php\/baratsagklub-vendegsegben-gabornal\/\" \/>\n<meta property=\"og:locale\" content=\"hu_HU\" \/>\n<meta property=\"og:type\" content=\"article\" \/>\n<meta property=\"og:title\" content=\"Bar\u00e1ts\u00e1gklub - vend\u00e9gs\u00e9gben G\u00e1born\u00e1l - Stuttgarti Katolikusok\" \/>\n<meta property=\"og:description\" content=\"You are currently viewing a placeholder content from Default. To access the actual content, click the button below. Please note that doing so will share data with third-party providers. Unblock content Accept required service and unblock content More Information (K\u00f6sz\u00f6net Erd\u0151s S\u00e1ndornak a k\u00e9pek\u00e9rt) A Bar\u00e1ts\u00e1gklub tagjai m\u00e1r nagyon v\u00e1rt\u00e1k, hogy ism\u00e9telten, rendhagy\u00f3 m\u00f3don, m\u00e1sutt t\u00f6lts\u00fcnk el egy d\u00e9lut\u00e1nt. A v\u00e1laszt\u00e1s G\u00e1bor bar\u00e1tunkra esett, aki nagyon nagy szeretettel v\u00e1rt \u00e9s fogadott benn\u00fcnket. Egyben pedig\u00a0 finom falatokkal is kedveskedett. Szent M\u00e1rton p\u00fcsp\u00f6k k\u00f6zelg\u0151 \u00fcnnepe k\u00edn\u00e1lta mag\u00e1t, hogy ilyen form\u00e1ban eml\u00e9kezz\u00fcnk r\u00e1. \u00c1lljon itt ism\u00e9telten Stauder Marika \u00edr\u00e1sa: M\u00e1rton-napi libavacsora K\u00f6zeled\u00fcnk az \u00e9v v\u00e9g\u00e9hez. November,\u00a0 avagy\u00a0 t\u00f6bbek k\u00f6z\u00f6tt &#8222;Szent Andr\u00e1s-hava&#8221; is, meg\u00e9rkezett. Egyh\u00e1zk\u00f6zs\u00e9g\u00fcnkben t\u00f6bb esem\u00e9ny is van. M\u00e1r az elej\u00e9n, Mindenszentek \u00fcnnep\u00e9t, temet\u0151 l\u00e1togat\u00e1ssal, szentmis\u00e9vel \u00e9s\u00a0befejez\u00e9s\u00fcl agap\u00e9val \u00fcnnepelt\u00fck. Mindenszentek ut\u00e1n, M\u00e1rton napja a k\u00f6vetkez\u0151 az \u00fcnnepek sor\u00e1ban. Ezen a napon szok\u00e1s lib\u00e1t enni.\u00a0A bar\u00e1ts\u00e1gklub tagjai egy nagyon vonz\u00f3 megh\u00edv\u00f3t kaptak. Tal\u00e1lkoz\u00f3nk rendhagy\u00f3, nem a k\u00f6z\u00f6ss\u00e9gi teremben, hanem G\u00e1born\u00e1l gy\u0171lt\u00fcnk \u00f6ssze, aki Ostfildern\/Scharnhausenben\u00a0magyar vend\u00e9gl\u0151t m\u0171k\u00f6dtet. Nagy volt mindannyiunknak az \u00f6r\u00f6me, hiszen egy &#8222;M\u00e1rton-napi libavacsor\u00e1ra&#8221; h\u00edvogatott, ami\u00a0egy kellemes d\u00e9lut\u00e1nt \u00e9s est\u00e9t \u00edg\u00e9rt. M\u00e1r j\u00e1rtunk ebben a vend\u00e9gl\u0151ben, gondoltuk, tudjuk mi az utat, nem kell nek\u00fcnk navi. T\u00e9ny, hogy kicsi bolyong\u00e1s ut\u00e1n, csak a navi seg\u00edts\u00e9g\u00e9vel tal\u00e1ltuk meg a vend\u00e9gl\u0151t.\u00a0Mikor meg\u00e9rkezt\u00fcnk, nagy meglepet\u00e9s volt sz\u00e1munkra, hogy sokan voltak. \u00c9rkeztek \u00faj bar\u00e1tok is, akiknek \u00f6rvendt\u00fcnk, azzal a rem\u00e9nnyel, hogy tov\u00e1bb fog\u00a0 emelkedni fog a klub tagok sz\u00e1ma. Minden esetre a vend\u00e9gl\u0151ben nagy volt a zsivaj, a l\u00e1rma.\u00a0Miut\u00e1n mindenki meg\u00e9rkezett \u00e9s meg tal\u00e1lta a hely\u00e9t, Erik\u00e1nk k\u00f6sz\u00f6nt\u00f6t benn\u00fcnket. Ek\u00f6zben G\u00e1bor p\u00e1link\u00e1t osztogatott, jelezve ir\u00e1ntunk val\u00f3 vend\u00e9gszeretet\u00e9t.\u00a0Vacsora el\u0151tt, Erika \u00e9s Tibor atya, Szent M\u00e1rton p\u00fcsp\u00f6kr\u0151l \u00e9s a hozz\u00e1 k\u00f6thet\u0151 legend\u00e1kr\u00f3l \u00e9s t\u00f6rt\u00e9netekr\u0151l osztottak meg \u00e9rdekes gondolatokat. November 11-\u00e9n, Szent M\u00e1rton napja. Ehhez a naphoz, sok szok\u00e1st k\u00f6t a n\u00e9phagyom\u00e1ny.\u00a0A M\u00e1rton-nap az adventi b\u00f6jt\u00f6t megel\u0151z\u0151 napok egyike, amikor a... R\u00e9szletek\" \/>\n<meta property=\"og:url\" content=\"https:\/\/stuttgarti-katolikusok.de\/index.php\/baratsagklub-vendegsegben-gabornal\/\" \/>\n<meta property=\"og:site_name\" content=\"Stuttgarti Katolikusok\" \/>\n<meta property=\"article:published_time\" content=\"2024-11-12T23:21:12+00:00\" \/>\n<meta property=\"og:image\" content=\"https:\/\/stuttgarti-katolikusok.de\/wp-content\/uploads\/2024\/11\/november-5.jpg\" \/>\n\t<meta property=\"og:image:width\" content=\"1200\" \/>\n\t<meta property=\"og:image:height\" content=\"1600\" \/>\n\t<meta property=\"og:image:type\" content=\"image\/jpeg\" \/>\n<meta name=\"author\" content=\"Tibor atya\" \/>\n<meta name=\"twitter:card\" content=\"summary_large_image\" \/>\n<meta name=\"twitter:label1\" content=\"Szerz\u0151:\" \/>\n\t<meta name=\"twitter:data1\" content=\"Tibor atya\" \/>\n\t<meta name=\"twitter:label2\" content=\"Becs\u00fclt olvas\u00e1si id\u0151\" \/>\n\t<meta name=\"twitter:data2\" content=\"5 perc\" \/>\n<script type=\"application\/ld+json\" class=\"yoast-schema-graph\">{\"@context\":\"https:\\\/\\\/schema.org\",\"@graph\":[{\"@type\":\"Article\",\"@id\":\"https:\\\/\\\/stuttgarti-katolikusok.de\\\/index.php\\\/baratsagklub-vendegsegben-gabornal\\\/#article\",\"isPartOf\":{\"@id\":\"https:\\\/\\\/stuttgarti-katolikusok.de\\\/index.php\\\/baratsagklub-vendegsegben-gabornal\\\/\"},\"author\":{\"name\":\"Tibor atya\",\"@id\":\"https:\\\/\\\/stuttgarti-katolikusok.de\\\/#\\\/schema\\\/person\\\/75908d6f8fdc03a57889d27209df7795\"},\"headline\":\"Bar\u00e1ts\u00e1gklub &#8211; vend\u00e9gs\u00e9gben G\u00e1born\u00e1l\",\"datePublished\":\"2024-11-12T23:21:12+00:00\",\"mainEntityOfPage\":{\"@id\":\"https:\\\/\\\/stuttgarti-katolikusok.de\\\/index.php\\\/baratsagklub-vendegsegben-gabornal\\\/\"},\"wordCount\":1062,\"image\":{\"@id\":\"https:\\\/\\\/stuttgarti-katolikusok.de\\\/index.php\\\/baratsagklub-vendegsegben-gabornal\\\/#primaryimage\"},\"thumbnailUrl\":\"https:\\\/\\\/stuttgarti-katolikusok.de\\\/wp-content\\\/uploads\\\/2024\\\/11\\\/november-5.jpg\",\"articleSection\":[\"Bar\u00e1ts\u00e1g Klub\",\"V\u00e1logatott \u00edr\u00e1sok\"],\"inLanguage\":\"hu\"},{\"@type\":\"WebPage\",\"@id\":\"https:\\\/\\\/stuttgarti-katolikusok.de\\\/index.php\\\/baratsagklub-vendegsegben-gabornal\\\/\",\"url\":\"https:\\\/\\\/stuttgarti-katolikusok.de\\\/index.php\\\/baratsagklub-vendegsegben-gabornal\\\/\",\"name\":\"Bar\u00e1ts\u00e1gklub - vend\u00e9gs\u00e9gben G\u00e1born\u00e1l - Stuttgarti Katolikusok\",\"isPartOf\":{\"@id\":\"https:\\\/\\\/stuttgarti-katolikusok.de\\\/#website\"},\"primaryImageOfPage\":{\"@id\":\"https:\\\/\\\/stuttgarti-katolikusok.de\\\/index.php\\\/baratsagklub-vendegsegben-gabornal\\\/#primaryimage\"},\"image\":{\"@id\":\"https:\\\/\\\/stuttgarti-katolikusok.de\\\/index.php\\\/baratsagklub-vendegsegben-gabornal\\\/#primaryimage\"},\"thumbnailUrl\":\"https:\\\/\\\/stuttgarti-katolikusok.de\\\/wp-content\\\/uploads\\\/2024\\\/11\\\/november-5.jpg\",\"datePublished\":\"2024-11-12T23:21:12+00:00\",\"author\":{\"@id\":\"https:\\\/\\\/stuttgarti-katolikusok.de\\\/#\\\/schema\\\/person\\\/75908d6f8fdc03a57889d27209df7795\"},\"breadcrumb\":{\"@id\":\"https:\\\/\\\/stuttgarti-katolikusok.de\\\/index.php\\\/baratsagklub-vendegsegben-gabornal\\\/#breadcrumb\"},\"inLanguage\":\"hu\",\"potentialAction\":[{\"@type\":\"ReadAction\",\"target\":[\"https:\\\/\\\/stuttgarti-katolikusok.de\\\/index.php\\\/baratsagklub-vendegsegben-gabornal\\\/\"]}]},{\"@type\":\"ImageObject\",\"inLanguage\":\"hu\",\"@id\":\"https:\\\/\\\/stuttgarti-katolikusok.de\\\/index.php\\\/baratsagklub-vendegsegben-gabornal\\\/#primaryimage\",\"url\":\"https:\\\/\\\/stuttgarti-katolikusok.de\\\/wp-content\\\/uploads\\\/2024\\\/11\\\/november-5.jpg\",\"contentUrl\":\"https:\\\/\\\/stuttgarti-katolikusok.de\\\/wp-content\\\/uploads\\\/2024\\\/11\\\/november-5.jpg\",\"width\":1200,\"height\":1600},{\"@type\":\"BreadcrumbList\",\"@id\":\"https:\\\/\\\/stuttgarti-katolikusok.de\\\/index.php\\\/baratsagklub-vendegsegben-gabornal\\\/#breadcrumb\",\"itemListElement\":[{\"@type\":\"ListItem\",\"position\":1,\"name\":\"Kezd\u0151lap\",\"item\":\"https:\\\/\\\/stuttgarti-katolikusok.de\\\/\"},{\"@type\":\"ListItem\",\"position\":2,\"name\":\"Bar\u00e1ts\u00e1gklub &#8211; vend\u00e9gs\u00e9gben G\u00e1born\u00e1l\"}]},{\"@type\":\"WebSite\",\"@id\":\"https:\\\/\\\/stuttgarti-katolikusok.de\\\/#website\",\"url\":\"https:\\\/\\\/stuttgarti-katolikusok.de\\\/\",\"name\":\"Stuttgarti Katolikusok\",\"description\":\"\",\"potentialAction\":[{\"@type\":\"SearchAction\",\"target\":{\"@type\":\"EntryPoint\",\"urlTemplate\":\"https:\\\/\\\/stuttgarti-katolikusok.de\\\/?s={search_term_string}\"},\"query-input\":{\"@type\":\"PropertyValueSpecification\",\"valueRequired\":true,\"valueName\":\"search_term_string\"}}],\"inLanguage\":\"hu\"},{\"@type\":\"Person\",\"@id\":\"https:\\\/\\\/stuttgarti-katolikusok.de\\\/#\\\/schema\\\/person\\\/75908d6f8fdc03a57889d27209df7795\",\"name\":\"Tibor atya\",\"image\":{\"@type\":\"ImageObject\",\"inLanguage\":\"hu\",\"@id\":\"https:\\\/\\\/secure.gravatar.com\\\/avatar\\\/61d268e57d1f4525b111222e29d2d5a7f8c420fdbf231ba5566a8ceac74fa960?s=96&d=mm&r=g\",\"url\":\"https:\\\/\\\/secure.gravatar.com\\\/avatar\\\/61d268e57d1f4525b111222e29d2d5a7f8c420fdbf231ba5566a8ceac74fa960?s=96&d=mm&r=g\",\"contentUrl\":\"https:\\\/\\\/secure.gravatar.com\\\/avatar\\\/61d268e57d1f4525b111222e29d2d5a7f8c420fdbf231ba5566a8ceac74fa960?s=96&d=mm&r=g\",\"caption\":\"Tibor atya\"},\"url\":\"https:\\\/\\\/stuttgarti-katolikusok.de\\\/index.php\\\/author\\\/tibor-atya\\\/\"}]}<\/script>\n<!-- \/ Yoast SEO plugin. -->","yoast_head_json":{"title":"Bar\u00e1ts\u00e1gklub - vend\u00e9gs\u00e9gben G\u00e1born\u00e1l - Stuttgarti Katolikusok","robots":{"index":"index","follow":"follow","max-snippet":"max-snippet:-1","max-image-preview":"max-image-preview:large","max-video-preview":"max-video-preview:-1"},"canonical":"https:\/\/stuttgarti-katolikusok.de\/index.php\/baratsagklub-vendegsegben-gabornal\/","og_locale":"hu_HU","og_type":"article","og_title":"Bar\u00e1ts\u00e1gklub - vend\u00e9gs\u00e9gben G\u00e1born\u00e1l - Stuttgarti Katolikusok","og_description":"You are currently viewing a placeholder content from Default. To access the actual content, click the button below. Please note that doing so will share data with third-party providers. Unblock content Accept required service and unblock content More Information (K\u00f6sz\u00f6net Erd\u0151s S\u00e1ndornak a k\u00e9pek\u00e9rt) A Bar\u00e1ts\u00e1gklub tagjai m\u00e1r nagyon v\u00e1rt\u00e1k, hogy ism\u00e9telten, rendhagy\u00f3 m\u00f3don, m\u00e1sutt t\u00f6lts\u00fcnk el egy d\u00e9lut\u00e1nt. A v\u00e1laszt\u00e1s G\u00e1bor bar\u00e1tunkra esett, aki nagyon nagy szeretettel v\u00e1rt \u00e9s fogadott benn\u00fcnket. Egyben pedig\u00a0 finom falatokkal is kedveskedett. Szent M\u00e1rton p\u00fcsp\u00f6k k\u00f6zelg\u0151 \u00fcnnepe k\u00edn\u00e1lta mag\u00e1t, hogy ilyen form\u00e1ban eml\u00e9kezz\u00fcnk r\u00e1. \u00c1lljon itt ism\u00e9telten Stauder Marika \u00edr\u00e1sa: M\u00e1rton-napi libavacsora K\u00f6zeled\u00fcnk az \u00e9v v\u00e9g\u00e9hez. November,\u00a0 avagy\u00a0 t\u00f6bbek k\u00f6z\u00f6tt &#8222;Szent Andr\u00e1s-hava&#8221; is, meg\u00e9rkezett. Egyh\u00e1zk\u00f6zs\u00e9g\u00fcnkben t\u00f6bb esem\u00e9ny is van. M\u00e1r az elej\u00e9n, Mindenszentek \u00fcnnep\u00e9t, temet\u0151 l\u00e1togat\u00e1ssal, szentmis\u00e9vel \u00e9s\u00a0befejez\u00e9s\u00fcl agap\u00e9val \u00fcnnepelt\u00fck. Mindenszentek ut\u00e1n, M\u00e1rton napja a k\u00f6vetkez\u0151 az \u00fcnnepek sor\u00e1ban. Ezen a napon szok\u00e1s lib\u00e1t enni.\u00a0A bar\u00e1ts\u00e1gklub tagjai egy nagyon vonz\u00f3 megh\u00edv\u00f3t kaptak. Tal\u00e1lkoz\u00f3nk rendhagy\u00f3, nem a k\u00f6z\u00f6ss\u00e9gi teremben, hanem G\u00e1born\u00e1l gy\u0171lt\u00fcnk \u00f6ssze, aki Ostfildern\/Scharnhausenben\u00a0magyar vend\u00e9gl\u0151t m\u0171k\u00f6dtet. Nagy volt mindannyiunknak az \u00f6r\u00f6me, hiszen egy &#8222;M\u00e1rton-napi libavacsor\u00e1ra&#8221; h\u00edvogatott, ami\u00a0egy kellemes d\u00e9lut\u00e1nt \u00e9s est\u00e9t \u00edg\u00e9rt. M\u00e1r j\u00e1rtunk ebben a vend\u00e9gl\u0151ben, gondoltuk, tudjuk mi az utat, nem kell nek\u00fcnk navi. T\u00e9ny, hogy kicsi bolyong\u00e1s ut\u00e1n, csak a navi seg\u00edts\u00e9g\u00e9vel tal\u00e1ltuk meg a vend\u00e9gl\u0151t.\u00a0Mikor meg\u00e9rkezt\u00fcnk, nagy meglepet\u00e9s volt sz\u00e1munkra, hogy sokan voltak. \u00c9rkeztek \u00faj bar\u00e1tok is, akiknek \u00f6rvendt\u00fcnk, azzal a rem\u00e9nnyel, hogy tov\u00e1bb fog\u00a0 emelkedni fog a klub tagok sz\u00e1ma. Minden esetre a vend\u00e9gl\u0151ben nagy volt a zsivaj, a l\u00e1rma.\u00a0Miut\u00e1n mindenki meg\u00e9rkezett \u00e9s meg tal\u00e1lta a hely\u00e9t, Erik\u00e1nk k\u00f6sz\u00f6nt\u00f6t benn\u00fcnket. Ek\u00f6zben G\u00e1bor p\u00e1link\u00e1t osztogatott, jelezve ir\u00e1ntunk val\u00f3 vend\u00e9gszeretet\u00e9t.\u00a0Vacsora el\u0151tt, Erika \u00e9s Tibor atya, Szent M\u00e1rton p\u00fcsp\u00f6kr\u0151l \u00e9s a hozz\u00e1 k\u00f6thet\u0151 legend\u00e1kr\u00f3l \u00e9s t\u00f6rt\u00e9netekr\u0151l osztottak meg \u00e9rdekes gondolatokat. November 11-\u00e9n, Szent M\u00e1rton napja. Ehhez a naphoz, sok szok\u00e1st k\u00f6t a n\u00e9phagyom\u00e1ny.\u00a0A M\u00e1rton-nap az adventi b\u00f6jt\u00f6t megel\u0151z\u0151 napok egyike, amikor a... R\u00e9szletek","og_url":"https:\/\/stuttgarti-katolikusok.de\/index.php\/baratsagklub-vendegsegben-gabornal\/","og_site_name":"Stuttgarti Katolikusok","article_published_time":"2024-11-12T23:21:12+00:00","og_image":[{"width":1200,"height":1600,"url":"https:\/\/stuttgarti-katolikusok.de\/wp-content\/uploads\/2024\/11\/november-5.jpg","type":"image\/jpeg"}],"author":"Tibor atya","twitter_card":"summary_large_image","twitter_misc":{"Szerz\u0151:":"Tibor atya","Becs\u00fclt olvas\u00e1si id\u0151":"5 perc"},"schema":{"@context":"https:\/\/schema.org","@graph":[{"@type":"Article","@id":"https:\/\/stuttgarti-katolikusok.de\/index.php\/baratsagklub-vendegsegben-gabornal\/#article","isPartOf":{"@id":"https:\/\/stuttgarti-katolikusok.de\/index.php\/baratsagklub-vendegsegben-gabornal\/"},"author":{"name":"Tibor atya","@id":"https:\/\/stuttgarti-katolikusok.de\/#\/schema\/person\/75908d6f8fdc03a57889d27209df7795"},"headline":"Bar\u00e1ts\u00e1gklub &#8211; vend\u00e9gs\u00e9gben G\u00e1born\u00e1l","datePublished":"2024-11-12T23:21:12+00:00","mainEntityOfPage":{"@id":"https:\/\/stuttgarti-katolikusok.de\/index.php\/baratsagklub-vendegsegben-gabornal\/"},"wordCount":1062,"image":{"@id":"https:\/\/stuttgarti-katolikusok.de\/index.php\/baratsagklub-vendegsegben-gabornal\/#primaryimage"},"thumbnailUrl":"https:\/\/stuttgarti-katolikusok.de\/wp-content\/uploads\/2024\/11\/november-5.jpg","articleSection":["Bar\u00e1ts\u00e1g Klub","V\u00e1logatott \u00edr\u00e1sok"],"inLanguage":"hu"},{"@type":"WebPage","@id":"https:\/\/stuttgarti-katolikusok.de\/index.php\/baratsagklub-vendegsegben-gabornal\/","url":"https:\/\/stuttgarti-katolikusok.de\/index.php\/baratsagklub-vendegsegben-gabornal\/","name":"Bar\u00e1ts\u00e1gklub - vend\u00e9gs\u00e9gben G\u00e1born\u00e1l - Stuttgarti Katolikusok","isPartOf":{"@id":"https:\/\/stuttgarti-katolikusok.de\/#website"},"primaryImageOfPage":{"@id":"https:\/\/stuttgarti-katolikusok.de\/index.php\/baratsagklub-vendegsegben-gabornal\/#primaryimage"},"image":{"@id":"https:\/\/stuttgarti-katolikusok.de\/index.php\/baratsagklub-vendegsegben-gabornal\/#primaryimage"},"thumbnailUrl":"https:\/\/stuttgarti-katolikusok.de\/wp-content\/uploads\/2024\/11\/november-5.jpg","datePublished":"2024-11-12T23:21:12+00:00","author":{"@id":"https:\/\/stuttgarti-katolikusok.de\/#\/schema\/person\/75908d6f8fdc03a57889d27209df7795"},"breadcrumb":{"@id":"https:\/\/stuttgarti-katolikusok.de\/index.php\/baratsagklub-vendegsegben-gabornal\/#breadcrumb"},"inLanguage":"hu","potentialAction":[{"@type":"ReadAction","target":["https:\/\/stuttgarti-katolikusok.de\/index.php\/baratsagklub-vendegsegben-gabornal\/"]}]},{"@type":"ImageObject","inLanguage":"hu","@id":"https:\/\/stuttgarti-katolikusok.de\/index.php\/baratsagklub-vendegsegben-gabornal\/#primaryimage","url":"https:\/\/stuttgarti-katolikusok.de\/wp-content\/uploads\/2024\/11\/november-5.jpg","contentUrl":"https:\/\/stuttgarti-katolikusok.de\/wp-content\/uploads\/2024\/11\/november-5.jpg","width":1200,"height":1600},{"@type":"BreadcrumbList","@id":"https:\/\/stuttgarti-katolikusok.de\/index.php\/baratsagklub-vendegsegben-gabornal\/#breadcrumb","itemListElement":[{"@type":"ListItem","position":1,"name":"Kezd\u0151lap","item":"https:\/\/stuttgarti-katolikusok.de\/"},{"@type":"ListItem","position":2,"name":"Bar\u00e1ts\u00e1gklub &#8211; vend\u00e9gs\u00e9gben G\u00e1born\u00e1l"}]},{"@type":"WebSite","@id":"https:\/\/stuttgarti-katolikusok.de\/#website","url":"https:\/\/stuttgarti-katolikusok.de\/","name":"Stuttgarti Katolikusok","description":"","potentialAction":[{"@type":"SearchAction","target":{"@type":"EntryPoint","urlTemplate":"https:\/\/stuttgarti-katolikusok.de\/?s={search_term_string}"},"query-input":{"@type":"PropertyValueSpecification","valueRequired":true,"valueName":"search_term_string"}}],"inLanguage":"hu"},{"@type":"Person","@id":"https:\/\/stuttgarti-katolikusok.de\/#\/schema\/person\/75908d6f8fdc03a57889d27209df7795","name":"Tibor atya","image":{"@type":"ImageObject","inLanguage":"hu","@id":"https:\/\/secure.gravatar.com\/avatar\/61d268e57d1f4525b111222e29d2d5a7f8c420fdbf231ba5566a8ceac74fa960?s=96&d=mm&r=g","url":"https:\/\/secure.gravatar.com\/avatar\/61d268e57d1f4525b111222e29d2d5a7f8c420fdbf231ba5566a8ceac74fa960?s=96&d=mm&r=g","contentUrl":"https:\/\/secure.gravatar.com\/avatar\/61d268e57d1f4525b111222e29d2d5a7f8c420fdbf231ba5566a8ceac74fa960?s=96&d=mm&r=g","caption":"Tibor atya"},"url":"https:\/\/stuttgarti-katolikusok.de\/index.php\/author\/tibor-atya\/"}]}},"_links":{"self":[{"href":"https:\/\/stuttgarti-katolikusok.de\/index.php\/wp-json\/wp\/v2\/posts\/29719","targetHints":{"allow":["GET"]}}],"collection":[{"href":"https:\/\/stuttgarti-katolikusok.de\/index.php\/wp-json\/wp\/v2\/posts"}],"about":[{"href":"https:\/\/stuttgarti-katolikusok.de\/index.php\/wp-json\/wp\/v2\/types\/post"}],"author":[{"embeddable":true,"href":"https:\/\/stuttgarti-katolikusok.de\/index.php\/wp-json\/wp\/v2\/users\/3"}],"replies":[{"embeddable":true,"href":"https:\/\/stuttgarti-katolikusok.de\/index.php\/wp-json\/wp\/v2\/comments?post=29719"}],"version-history":[{"count":1,"href":"https:\/\/stuttgarti-katolikusok.de\/index.php\/wp-json\/wp\/v2\/posts\/29719\/revisions"}],"predecessor-version":[{"id":29721,"href":"https:\/\/stuttgarti-katolikusok.de\/index.php\/wp-json\/wp\/v2\/posts\/29719\/revisions\/29721"}],"wp:featuredmedia":[{"embeddable":true,"href":"https:\/\/stuttgarti-katolikusok.de\/index.php\/wp-json\/wp\/v2\/media\/29720"}],"wp:attachment":[{"href":"https:\/\/stuttgarti-katolikusok.de\/index.php\/wp-json\/wp\/v2\/media?parent=29719"}],"wp:term":[{"taxonomy":"category","embeddable":true,"href":"https:\/\/stuttgarti-katolikusok.de\/index.php\/wp-json\/wp\/v2\/categories?post=29719"},{"taxonomy":"post_tag","embeddable":true,"href":"https:\/\/stuttgarti-katolikusok.de\/index.php\/wp-json\/wp\/v2\/tags?post=29719"}],"curies":[{"name":"wp","href":"https:\/\/api.w.org\/{rel}","templated":true}]}}