{"id":29709,"date":"2024-11-05T22:31:32","date_gmt":"2024-11-05T21:31:32","guid":{"rendered":"https:\/\/stuttgarti-katolikusok.de\/?p=29709"},"modified":"2024-11-12T22:23:30","modified_gmt":"2024-11-12T21:23:30","slug":"baratsagklub-2024-oktober-18","status":"publish","type":"post","link":"https:\/\/stuttgarti-katolikusok.de\/index.php\/baratsagklub-2024-oktober-18\/","title":{"rendered":"Bar\u00e1ts\u00e1gklub &#8211; 2024. okt\u00f3ber 18."},"content":{"rendered":"\n<div class=\"brlbs-cmpnt-container brlbs-cmpnt-content-blocker brlbs-cmpnt-with-individual-styles\" data-borlabs-cookie-content-blocker-id=\"default\" data-borlabs-cookie-content=\"PGEgZGF0YS1mbGlja3ItZW1iZWQ9J3RydWUnIGhyZWY9J2h0dHBzOi8vd3d3LmZsaWNrci5jb20vcGhvdG9zLzE5MDEyMTk2NEBOMDYvYWxidW1zLzcyMTc3NzIwMzIxODY3NjY1LycgdGl0bGU9J0JhcsOhdHPDoWdrbHViIC0gMjAyNC4gb2t0w7NiZXIgMTguIGJ5IGJydWRlcmtsYXVzMjAyMCwgb24gRmxpY2tyJz48aW1nIHNyYz0naHR0cHM6Ly9saXZlLnN0YXRpY2ZsaWNrci5jb20vNjU1MzUvNTQxMzI1MTQ1NTdfYjNlNjQ5N2RjMl9jLmpwZycgd2lkdGg9JzgwMCcgaGVpZ2h0PSc2MDAnIGFsdD0nQmFyw6F0c8OhZ2tsdWIgb2t0w7NiZXIgMSc+PC9hPjxzY3JpcHQgYXN5bmMgc3JjPSdodHRwczovL2VtYmVkci5mbGlja3IuY29tL2Fzc2V0cy9jbGllbnQtY29kZS5qcycgY2hhcnNldD0ndXRmLTgnPjwvc2NyaXB0Pg==\">\n<div class=\"brlbs-cmpnt-cb-preset-a\">\n<p class=\"brlbs-cmpnt-cb-description\">You are currently viewing a placeholder content from <strong>Default<\/strong>. To access the actual content, click the button below. Please note that doing so will share data with third-party providers.<\/p>\n<div class=\"brlbs-cmpnt-cb-buttons\"> <a class=\"brlbs-cmpnt-cb-btn\" href=\"#\" data-borlabs-cookie-unblock role=\"button\">Unblock content<\/a> <a class=\"brlbs-cmpnt-cb-btn\" href=\"#\" data-borlabs-cookie-accept-service role=\"button\" style=\"display: none\">Accept required service and unblock content<\/a> <\/div>\n<p> <a class=\"brlbs-cmpnt-cb-provider-toggle\" href=\"#\" data-borlabs-cookie-show-provider-information role=\"button\">More Information<\/a> <\/div>\n<\/div>\n<p style=\"text-align: center;\"><em>(K\u00f6sz\u00f6net Stauder Marik\u00e1nak \u00e9s Erd\u0151s S\u00e1ndornak a k\u00e9pek\u00e9rt)<\/em><\/p>\n<p><em><strong>M\u00e1rkus Katalin: Sz\u00fcreti dal<\/strong><\/em><\/p>\n<p>\u0150szi napnak f\u00e9nye gyenge,<\/p>\n<p>kimegy\u00fcnk a sz\u0151l\u0151hegyre,<\/p>\n<p>sz\u0151l\u0151f\u00fcrt\u00f6k mosolyognak,<\/p>\n<p>a hord\u00f3ba k\u00edv\u00e1nkoznak.<\/p>\n<p>&nbsp;<\/p>\n<p>Vid\u00e1man kezdj\u00fck a munk\u00e1t,<\/p>\n<p>p\u00e1link\u00e1t\u00f3l szem\u00fcnk ugr\u00e1l,<\/p>\n<p>sz\u00e9l borzolja a hajunkat,<\/p>\n<p>megt\u00f6mj\u00fck a puttonyokat.<\/p>\n<p>&nbsp;<\/p>\n<p>Fej\u00fcnkre, ha di\u00f3 pottyan,<\/p>\n<p>j\u00f3t nevet\u00fcnk, meg se kottyan,<\/p>\n<p>est\u00e9re m\u00e1r elf\u00e1radunk,<\/p>\n<p>bogr\u00e1csguly\u00e1st kanalazunk.<\/p>\n<p>&nbsp;<\/p>\n<p>Minden sz\u0151l\u0151t\u0151ke \u00fcres,<\/p>\n<p>tele van a boros\u00fcveg,<\/p>\n<p>&#8222;T\u00f6ltsed teli a kup\u00e1mot&#8221;,<\/p>\n<p>j\u00f3kedv kell a n\u00f3t\u00e1z\u00e1shoz.<\/p>\n<p>&nbsp;<\/p>\n<p>M\u00edg a hegyr\u0151l leballagunk,<\/p>\n<p>a kom\u00e1mmal n\u00f3t\u00e1zgatunk,<\/p>\n<p>sz\u00e9p holdvil\u00e1g, mutass utat,<\/p>\n<p>hogy megl\u00e1ssuk a h\u00e1zunkat.<\/p>\n<p><span style=\"color: #ff6600;\"><em>K\u00f6sz\u00f6net Tringl Istv\u00e1nnak \u00edr\u00e1s\u00e1\u00e9rt. Fogadj\u00e1tok szeretettel:<\/em><\/span><\/p>\n<p>A d\u00e9lut\u00e1ni szentmise ut\u00e1n, \u00f6sszej\u00f6tt\u00fcnk a Bruderklaus templom k\u00f6z\u00f6ss\u00e9gi term\u00e9ben, mely nagyon sz\u00e9pen ki volt d\u00edsz\u00edtve, az asztalokon vir\u00e1gok \u00e9s \u0151szi dekor\u00e1ci\u00f3s t\u00e1rgyak mellett, sz\u00fcreti k\u00e9pek eml\u00e9keztetettek a r\u00e9gi, sz\u00e9p, de neh\u00e9z sz\u00fcreti munk\u00e1ra, valamint az k\u00f6vet\u0151 bork\u00e9sz\u00edt\u00e9sre. No meg k\u00f6z\u00f6s \u00fcnnepl\u00e9sre is.<\/p>\n<p>Egy k\u00fcl\u00f6n asztalon, finomabbn\u00e1l finomabb borok k\u00e9nyeztett\u00e9k el a bar\u00e1tokat. Persze a p\u00e1linka sem hi\u00e1nyzott, egy m\u00e1sik asztalon v\u00e1rt a fogyaszt\u00f3kra. Mindemellett az \u00e9des \u00e9s s\u00f3s s\u00fctem\u00e9nyek b\u0151s\u00e9ges k\u00edn\u00e1lata is v\u00e1rt benn\u00fcnket. \u00cdgy azt\u00e1n a j\u00f3kedv\u0171 egy\u00fcttl\u00e9tnek nem \u00e1llt semmi sem az \u00fatj\u00e1ba.<\/p>\n<p>K\u00f6z\u00f6s programunk Erika, a klub vezet\u0151j\u00e9nek, r\u00f6vid el\u0151ad\u00e1s\u00e1val vette kezdet\u00e9t. Ebben a bor\u00e1szatr\u00f3l, kezdve a sz\u00fcretel\u00e9ssel, eg\u00e9szen a bor elk\u00e9sz\u00edt\u00e9s\u00e9ig \u00e9rdekes \u00e9s \u00faj inform\u00e1ci\u00f3kat tudhattunk meg. Megeml\u00edtette az ezzel kapcsolatos neh\u00e9z munk\u00e1t, felid\u00e9zve a technikai fejl\u0151d\u00e9st is az \u00e9vek sor\u00e1n. Az ezzel kapcsolatban rendezett mulatts\u00e1gokr\u00f3l is b\u0151ven sz\u00f3 esett. R\u00e1mutatott arra is, hogy az \u00e9vek sor\u00e1n a sz\u0151l\u0151sgazd\u00e1knak milyen neh\u00e9zs\u00e9gekkel kellett megk\u00fczdeni\u00fck, mint sz\u0151l\u0151 betegs\u00e9g, id\u0151j\u00e1r\u00e1s, munkaer\u0151hi\u00e1ny.<\/p>\n<p>Ezt k\u00f6vet\u0151en Tibor atya kispapi \u00e9veib\u0151l eleven\u00edtett fel eml\u00e9keket, amelyek a sz\u0151l\u0151ben v\u00e9gzett munk\u00e1latokkal \u00e9s a sz\u00fcretel\u00e9ssel kapcsolatosak.<\/p>\n<p>\u00c9nekl\u00e9ssel, dalol\u00e1ssal folytat\u00f3dott a d\u00e9lut\u00e1n; \u00c9rik a sz\u0151l\u0151, hajlik a vessz, V\u00f6r\u00f6s bort ittam az este, \u0150sszel \u00e9rik bab\u00e1m a fekete sz\u0151l\u0151, stb. A bar\u00e1tok ezut\u00e1n kisebb csoportokban a saj\u00e1t \u00e9lm\u00e9nyeikr\u0151l t\u00e1rsalogtak.<\/p>\n<p>Enapi bar\u00e1ti tal\u00e1lkoz\u00f3nkon meglepet\u00e9sben is r\u00e9sz\u00fcnk volt. A Cs\u00f6b\u00f6rcs\u00f6k t\u00e1ncegy\u00fcttes le\u00e1nyai l\u00e1togattak meg minket. A magyar\u00a0n\u00e9pviseletben fell\u00e9p\u0151 fiatal h\u00f6lgyek vid\u00e1m \u00e9nekkel \u00e9s t\u00e1nccal k\u00e9nyeztett\u00e9k el benn\u00fcnket, felejthetetlen \u00e9lm\u00e9nyben\u00a0r\u00e9szes\u00edtve minket. \u00d3ri\u00e1si tapsot kaptak, az id\u0151sebb f\u00e9rfiak aj\u00e1nd\u00e9kokat adtak \u00e1t, melyeket a fiatal h\u00f6lgyek egy-egy puszival honor\u00e1ltak.<\/p>\n<p>Ezzel befejez\u0151d\u00f6tt ez a hangulatos, kedves \u00e9s bar\u00e1ti tal\u00e1lkoz\u00f3. Meg kell m\u00e9g eml\u00edteni, hogy az eg\u00e9sz id\u0151 alatt S\u00e1ndor, Erika f\u00e9rje, de a t\u00f6bbi klubtagok is sz\u00e1mos f\u00e9nyk\u00e9peket \u00e9s vide\u00f3t k\u00e9sz\u00edtettek.<\/p>\n<p><span style=\"color: #ff6600;\"><em>K\u00f6sz\u00f6net \u00fagyszint\u00e9n Stauder Marika \u00e9lm\u00e9nybesz\u00e1mol\u00f3j\u00e1\u00e9rt:<\/em><\/span><\/p>\n<p><em><strong>Sz\u00fcreti mulats\u00e1g<\/strong><\/em><\/p>\n<p>Borong\u00f3s, szomork\u00e1s id\u0151 volt okt\u00f3ber 18-\u00e1n. Az\u00e9rt mi f\u00e9rjemmel \u00f6r\u00f6mmel indultunk a bar\u00e1ts\u00e1gklub \u00fajabb tal\u00e1lkoz\u00f3j\u00e1ra. Nagyon sz\u00e9p program v\u00e1rt r\u00e1nk. Ezt sem akartuk kihagyni. A r\u00f6vid szentmis\u00e9t k\u00f6vet\u0151en a k\u00f6z\u00f6ss\u00e9gi terembe igyekezt\u00fcnk.<\/p>\n<p>Kedves Erik\u00e1nk, ter\u00edtett asztal v\u00e1rt r\u00e1nk. Kellemes a szemnek, \u00f6r\u00f6m a sz\u00edvnek. K\u00fcl\u00f6n asztalokon t\u00f6bbf\u00e9le bor, p\u00e1linka, pog\u00e1csa, s\u00fcti v\u00e1rt r\u00e1nk. Elv\u00e9gre mulats\u00e1gba j\u00f6tt\u00fcnk!<\/p>\n<p>Erika szeretettel k\u00edn\u00e1lgatott benn\u00fcnket. A terem egyszerre &#8222;zsibv\u00e1s\u00e1r&#8221; lett, a r\u00e9sztvev\u0151k \u00f6r\u00f6mmel \u00e9s hangosan<br \/>\n\u00fcdv\u00f6z\u00f6lt\u00e9k, \u00f6lelt\u00e9k egym\u00e1st. Azt\u00e1n, lassan, lassan, k\u00f6r\u00fcl \u00fclt\u00fck az asztalt. Erika szeretettel \u00fcdv\u00f6z\u00f6lt benn\u00fcnket \u00e9s elkezdte a sz\u00fcreti n\u00e9phagyom\u00e1nyok feleleven\u00edt\u00e9s\u00e9t. Sok mindent tudtunk meg&#8230;<\/p>\n<p>T\u00f6bbek k\u00f6z\u00f6tt, azt, hogy a sz\u00fcret kezd\u00e9se Szent Mih\u00e1ly napj\u00e1hoz k\u00f6thet\u0151, a kerepl\u0151, rig\u00f3k \u00e9s sereg\u00e9lyek riogat\u00e1s\u00e1ra, a puttonyt pedig a sz\u00fcretn\u00e9l haszn\u00e1lt\u00e1k. Az asszonyok, le\u00e1nyok szedt\u00e9k a sz\u0151l\u0151t \u00e9s a f\u00e9rfiak a teli puttonyt hordt\u00e1k a gy\u0171jt\u0151 helyekre. Meg is sz\u00e1molt\u00e1k \u0151ket.<\/p>\n<p>Lelki szemeim el\u0151tt l\u00e1ttam a sz\u00fcretel\u0151ket, ahogy vid\u00e1man viccel\u0151dnek, n\u00f3t\u00e1zgattak, mik\u00f6zben szorgalmasan dolgoznak. Az emberek seg\u00edtettek egym\u00e1snak, szomsz\u00e9d a szomsz\u00e9dnak, rokon a rokonnak.<\/p>\n<p>Mi is el\u00e9nekelt\u00fcnk egy k\u00e9t dalocsk\u00e1t.<\/p>\n<p>Est\u00e9re finom guly\u00e1s, kal\u00e1cs v\u00e1rta a f\u00e1radt sz\u00fcretel\u0151ket. A sz\u00fcret t\u00f6bb napig is elh\u00faz\u00f3dott. Befejezt\u00e9vel, b\u00e1lt tartottak.<br \/>\nMilyen nagyszer\u0171 l\u00e9ny az ember! Mindig megtal\u00e1lta m\u00f3dj\u00e1t, hogyan k\u00f6theti \u00f6ssze a hasznost a kellemessel, a munk\u00e1t a mulats\u00e1ggal.<\/p>\n<p>Besz\u00e9lget\u00e9sek k\u00f6vetkeztek. Tibor atya kedves kis t\u00f6rt\u00e9neteket mes\u00e9lt. Erik\u00e1nak esz\u00e9be jutott, hogy sz\u00fcl\u0151faluj\u00e1ban Halmajban, sz\u00fcreti felvonul\u00e1s is volt. Kedves f\u00e9rje, S\u00e1ndor, l\u00f3h\u00e1ton vonult fel. Milyen \u00e9lm\u00e9ny lehetett az neki!<br \/>\nBandit\u00f3l megtudtuk mi \u00e9s hogyan k\u00e9sz\u00fcl a &#8222;csiger&#8221;. A csiger a kipr\u00e9selt sz\u0151l\u0151t\u00f6rk\u00f6ly v\u00edzzel val\u00f3 fel\u00f6nt\u00e9s\u00e9vel, \u00e1ztat\u00e1s\u00e1val,<br \/>\n\u00fajrapr\u00e9sel\u00e9s\u00e9vel \u00e9s erjeszt\u00e9s\u00e9vel k\u00e9sz\u00fclt bor.Ezt lehetett\u00a0 inni v\u00edz helyett is munka k\u00f6zben. Sokkal gyeng\u00e9bb volt<br \/>\nmint a sz\u0151l\u0151bor.<br \/>\nErd\u0151d, Bandi f\u00e9rjem sz\u00fcl\u0151helye is sz\u00f3ba ker\u00fclt. Ott van az Erd\u0151di v\u00e1r, ami Szendrey J\u00falia \u00e9s Pet\u0151fi S\u00e1ndor t\u00f6rt\u00e9net\u00e9t \u0151rzi, de nagy borpinc\u00e9je is van, ahol l\u00f3h\u00e1ton is lehet j\u00e1rni.<\/p>\n<p>Besz\u00e9lget\u00e9s\u00fcnket a &#8222;Cs\u00f6b\u00f6rcs\u00f6k&#8221; n\u00e9pt\u00e1nccsoport \u00e9rkez\u00e9se sz\u00ednes\u00edtette. \u0150k voltak az est f\u00e9nye! T\u00e1ncukkal koron\u00e1zt\u00e1k meg mulats\u00e1gunkat! H\u00e1l\u00e1s k\u00f6sz\u00f6net nekik \u00e9rte!<\/p>\n<p>Kedves Erik\u00e1nknak \u00e9s S\u00e1ndornak is nagyon sz\u00e9pen k\u00f6sz\u00f6nj\u00fck ism\u00e9telten a sz\u00e9p d\u00e9lut\u00e1nt, est\u00e9t.<\/p>\n<p>\u00d6rvend\u00fcnk, hogy vagytok nek\u00fcnk!<\/p>\n<p><em>\u0150sszel \u00e9rik bab\u00e1m<\/em><\/p>\n<p>1.\u0150sszel \u00e9rik bab\u00e1m a fekete sz\u0151l\u0151,<br \/>\nTe volt\u00e1l az igazi szeret\u0151.<br \/>\nBocs\u00e1ss meg, ha vala valaha v\u00e9tettem,<br \/>\nEllenedre bab\u00e1m, rosszat cselekedtem.<\/p>\n<p>2.Jaj, de sz\u00e9pen z\u00f6ldell a rim\u00f3ci hat\u00e1r,<br \/>\nK\u00f6zepibe legel egy kis b\u00e1r\u00e1ny.<br \/>\nK\u00f6zepibe gy\u00f6ngyen legel egy kis b\u00e1r\u00e1ny,<br \/>\nJaj, de csinos, b\u00fcszke a rim\u00f3ci kisl\u00e1ny.<\/p>\n<p>3.Kinek, varrod bab\u00e1m azt a h\u00edmzett kend\u0151t?<br \/>\n-Neked varrom, hogy legy\u00e9l szeret\u0151m.<br \/>\nN\u00e9gysark\u00e1ba n\u00e9gy sz\u00e1l feh\u00e9r rozmaringot,<br \/>\nK\u00f6zepibe bab\u00e1m, hogy szeret\u0151d vagyok.<\/p>\n","protected":false},"excerpt":{"rendered":"<p>You are currently viewing a placeholder content from Default. To access the actual content, click the button below. Please note that doing so will share data with third-party providers. Unblock content Accept required service and unblock content More Information (K\u00f6sz\u00f6net Stauder Marik\u00e1nak \u00e9s Erd\u0151s S\u00e1ndornak a k\u00e9pek\u00e9rt) M\u00e1rkus Katalin: Sz\u00fcreti dal \u0150szi napnak f\u00e9nye gyenge, kimegy\u00fcnk a sz\u0151l\u0151hegyre, sz\u0151l\u0151f\u00fcrt\u00f6k mosolyognak, a hord\u00f3ba k\u00edv\u00e1nkoznak. &nbsp; Vid\u00e1man kezdj\u00fck a munk\u00e1t, p\u00e1link\u00e1t\u00f3l szem\u00fcnk ugr\u00e1l, sz\u00e9l borzolja a hajunkat, megt\u00f6mj\u00fck a puttonyokat. &nbsp; Fej\u00fcnkre, ha di\u00f3 pottyan, j\u00f3t nevet\u00fcnk, meg se kottyan, est\u00e9re m\u00e1r elf\u00e1radunk, bogr\u00e1csguly\u00e1st kanalazunk. &nbsp; Minden sz\u0151l\u0151t\u0151ke \u00fcres, tele van a boros\u00fcveg, &#8222;T\u00f6ltsed teli a kup\u00e1mot&#8221;, j\u00f3kedv kell a n\u00f3t\u00e1z\u00e1shoz. &nbsp; M\u00edg a hegyr\u0151l leballagunk, a kom\u00e1mmal n\u00f3t\u00e1zgatunk, sz\u00e9p holdvil\u00e1g, mutass utat, hogy megl\u00e1ssuk a h\u00e1zunkat. K\u00f6sz\u00f6net Tringl Istv\u00e1nnak \u00edr\u00e1s\u00e1\u00e9rt. Fogadj\u00e1tok szeretettel: A d\u00e9lut\u00e1ni szentmise ut\u00e1n, \u00f6sszej\u00f6tt\u00fcnk a Bruderklaus templom k\u00f6z\u00f6ss\u00e9gi term\u00e9ben, mely nagyon sz\u00e9pen ki volt d\u00edsz\u00edtve, az asztalokon vir\u00e1gok \u00e9s \u0151szi dekor\u00e1ci\u00f3s t\u00e1rgyak mellett, sz\u00fcreti k\u00e9pek eml\u00e9keztetettek a r\u00e9gi, sz\u00e9p, de neh\u00e9z sz\u00fcreti munk\u00e1ra, valamint az k\u00f6vet\u0151 bork\u00e9sz\u00edt\u00e9sre. No meg k\u00f6z\u00f6s \u00fcnnepl\u00e9sre is. Egy k\u00fcl\u00f6n asztalon, finomabbn\u00e1l finomabb borok k\u00e9nyeztett\u00e9k el a bar\u00e1tokat. Persze a p\u00e1linka sem hi\u00e1nyzott, egy m\u00e1sik asztalon v\u00e1rt a fogyaszt\u00f3kra. Mindemellett az \u00e9des \u00e9s s\u00f3s s\u00fctem\u00e9nyek b\u0151s\u00e9ges k\u00edn\u00e1lata is v\u00e1rt benn\u00fcnket. \u00cdgy azt\u00e1n a j\u00f3kedv\u0171 egy\u00fcttl\u00e9tnek nem \u00e1llt semmi sem az \u00fatj\u00e1ba. K\u00f6z\u00f6s programunk Erika, a klub vezet\u0151j\u00e9nek, r\u00f6vid el\u0151ad\u00e1s\u00e1val vette kezdet\u00e9t. Ebben a bor\u00e1szatr\u00f3l, kezdve a sz\u00fcretel\u00e9ssel, eg\u00e9szen a bor elk\u00e9sz\u00edt\u00e9s\u00e9ig \u00e9rdekes \u00e9s \u00faj inform\u00e1ci\u00f3kat tudhattunk meg. Megeml\u00edtette az ezzel kapcsolatos neh\u00e9z munk\u00e1t, felid\u00e9zve a technikai fejl\u0151d\u00e9st is az \u00e9vek sor\u00e1n. Az ezzel kapcsolatban rendezett mulatts\u00e1gokr\u00f3l is b\u0151ven sz\u00f3 esett. R\u00e1mutatott arra is, hogy az \u00e9vek sor\u00e1n a sz\u0151l\u0151sgazd\u00e1knak milyen neh\u00e9zs\u00e9gekkel kellett megk\u00fczdeni\u00fck, mint sz\u0151l\u0151 betegs\u00e9g, id\u0151j\u00e1r\u00e1s, munkaer\u0151hi\u00e1ny. Ezt k\u00f6vet\u0151en Tibor atya kispapi \u00e9veib\u0151l eleven\u00edtett fel eml\u00e9keket, amelyek a sz\u0151l\u0151ben v\u00e9gzett munk\u00e1latokkal \u00e9s a&#8230; <\/p>\n<p><a class=\"readmore\" href=\"https:\/\/stuttgarti-katolikusok.de\/index.php\/baratsagklub-2024-oktober-18\/\">R\u00e9szletek<\/a><\/p>\n","protected":false},"author":3,"featured_media":29519,"comment_status":"closed","ping_status":"closed","sticky":false,"template":"","format":"standard","meta":{"footnotes":""},"categories":[32,28],"tags":[],"class_list":["post-29709","post","type-post","status-publish","format-standard","has-post-thumbnail","hentry","category-baratsag-klub","category-olvasoink-irjak"],"yoast_head":"<!-- This site is optimized with the Yoast SEO plugin v27.3 - https:\/\/yoast.com\/product\/yoast-seo-wordpress\/ -->\n<title>Bar\u00e1ts\u00e1gklub - 2024. okt\u00f3ber 18. - Stuttgarti Katolikusok<\/title>\n<meta name=\"robots\" content=\"index, follow, max-snippet:-1, max-image-preview:large, max-video-preview:-1\" \/>\n<link rel=\"canonical\" href=\"https:\/\/stuttgarti-katolikusok.de\/index.php\/baratsagklub-2024-oktober-18\/\" \/>\n<meta property=\"og:locale\" content=\"hu_HU\" \/>\n<meta property=\"og:type\" content=\"article\" \/>\n<meta property=\"og:title\" content=\"Bar\u00e1ts\u00e1gklub - 2024. okt\u00f3ber 18. - Stuttgarti Katolikusok\" \/>\n<meta property=\"og:description\" content=\"You are currently viewing a placeholder content from Default. To access the actual content, click the button below. Please note that doing so will share data with third-party providers. Unblock content Accept required service and unblock content More Information (K\u00f6sz\u00f6net Stauder Marik\u00e1nak \u00e9s Erd\u0151s S\u00e1ndornak a k\u00e9pek\u00e9rt) M\u00e1rkus Katalin: Sz\u00fcreti dal \u0150szi napnak f\u00e9nye gyenge, kimegy\u00fcnk a sz\u0151l\u0151hegyre, sz\u0151l\u0151f\u00fcrt\u00f6k mosolyognak, a hord\u00f3ba k\u00edv\u00e1nkoznak. &nbsp; Vid\u00e1man kezdj\u00fck a munk\u00e1t, p\u00e1link\u00e1t\u00f3l szem\u00fcnk ugr\u00e1l, sz\u00e9l borzolja a hajunkat, megt\u00f6mj\u00fck a puttonyokat. &nbsp; Fej\u00fcnkre, ha di\u00f3 pottyan, j\u00f3t nevet\u00fcnk, meg se kottyan, est\u00e9re m\u00e1r elf\u00e1radunk, bogr\u00e1csguly\u00e1st kanalazunk. &nbsp; Minden sz\u0151l\u0151t\u0151ke \u00fcres, tele van a boros\u00fcveg, &#8222;T\u00f6ltsed teli a kup\u00e1mot&#8221;, j\u00f3kedv kell a n\u00f3t\u00e1z\u00e1shoz. &nbsp; M\u00edg a hegyr\u0151l leballagunk, a kom\u00e1mmal n\u00f3t\u00e1zgatunk, sz\u00e9p holdvil\u00e1g, mutass utat, hogy megl\u00e1ssuk a h\u00e1zunkat. K\u00f6sz\u00f6net Tringl Istv\u00e1nnak \u00edr\u00e1s\u00e1\u00e9rt. Fogadj\u00e1tok szeretettel: A d\u00e9lut\u00e1ni szentmise ut\u00e1n, \u00f6sszej\u00f6tt\u00fcnk a Bruderklaus templom k\u00f6z\u00f6ss\u00e9gi term\u00e9ben, mely nagyon sz\u00e9pen ki volt d\u00edsz\u00edtve, az asztalokon vir\u00e1gok \u00e9s \u0151szi dekor\u00e1ci\u00f3s t\u00e1rgyak mellett, sz\u00fcreti k\u00e9pek eml\u00e9keztetettek a r\u00e9gi, sz\u00e9p, de neh\u00e9z sz\u00fcreti munk\u00e1ra, valamint az k\u00f6vet\u0151 bork\u00e9sz\u00edt\u00e9sre. No meg k\u00f6z\u00f6s \u00fcnnepl\u00e9sre is. Egy k\u00fcl\u00f6n asztalon, finomabbn\u00e1l finomabb borok k\u00e9nyeztett\u00e9k el a bar\u00e1tokat. Persze a p\u00e1linka sem hi\u00e1nyzott, egy m\u00e1sik asztalon v\u00e1rt a fogyaszt\u00f3kra. Mindemellett az \u00e9des \u00e9s s\u00f3s s\u00fctem\u00e9nyek b\u0151s\u00e9ges k\u00edn\u00e1lata is v\u00e1rt benn\u00fcnket. \u00cdgy azt\u00e1n a j\u00f3kedv\u0171 egy\u00fcttl\u00e9tnek nem \u00e1llt semmi sem az \u00fatj\u00e1ba. K\u00f6z\u00f6s programunk Erika, a klub vezet\u0151j\u00e9nek, r\u00f6vid el\u0151ad\u00e1s\u00e1val vette kezdet\u00e9t. Ebben a bor\u00e1szatr\u00f3l, kezdve a sz\u00fcretel\u00e9ssel, eg\u00e9szen a bor elk\u00e9sz\u00edt\u00e9s\u00e9ig \u00e9rdekes \u00e9s \u00faj inform\u00e1ci\u00f3kat tudhattunk meg. Megeml\u00edtette az ezzel kapcsolatos neh\u00e9z munk\u00e1t, felid\u00e9zve a technikai fejl\u0151d\u00e9st is az \u00e9vek sor\u00e1n. Az ezzel kapcsolatban rendezett mulatts\u00e1gokr\u00f3l is b\u0151ven sz\u00f3 esett. R\u00e1mutatott arra is, hogy az \u00e9vek sor\u00e1n a sz\u0151l\u0151sgazd\u00e1knak milyen neh\u00e9zs\u00e9gekkel kellett megk\u00fczdeni\u00fck, mint sz\u0151l\u0151 betegs\u00e9g, id\u0151j\u00e1r\u00e1s, munkaer\u0151hi\u00e1ny. Ezt k\u00f6vet\u0151en Tibor atya kispapi \u00e9veib\u0151l eleven\u00edtett fel eml\u00e9keket, amelyek a sz\u0151l\u0151ben v\u00e9gzett munk\u00e1latokkal \u00e9s a... R\u00e9szletek\" \/>\n<meta property=\"og:url\" content=\"https:\/\/stuttgarti-katolikusok.de\/index.php\/baratsagklub-2024-oktober-18\/\" \/>\n<meta property=\"og:site_name\" content=\"Stuttgarti Katolikusok\" \/>\n<meta property=\"article:published_time\" content=\"2024-11-05T21:31:32+00:00\" \/>\n<meta property=\"article:modified_time\" content=\"2024-11-12T21:23:30+00:00\" \/>\n<meta property=\"og:image\" content=\"https:\/\/stuttgarti-katolikusok.de\/wp-content\/uploads\/2024\/10\/meghivoszuret-1018.jpg\" \/>\n\t<meta property=\"og:image:width\" content=\"2339\" \/>\n\t<meta property=\"og:image:height\" content=\"1654\" \/>\n\t<meta property=\"og:image:type\" content=\"image\/jpeg\" \/>\n<meta name=\"author\" content=\"Tibor atya\" \/>\n<meta name=\"twitter:card\" content=\"summary_large_image\" \/>\n<meta name=\"twitter:label1\" content=\"Szerz\u0151:\" \/>\n\t<meta name=\"twitter:data1\" content=\"Tibor atya\" \/>\n\t<meta name=\"twitter:label2\" content=\"Becs\u00fclt olvas\u00e1si id\u0151\" \/>\n\t<meta name=\"twitter:data2\" content=\"5 perc\" \/>\n<script type=\"application\/ld+json\" class=\"yoast-schema-graph\">{\"@context\":\"https:\\\/\\\/schema.org\",\"@graph\":[{\"@type\":\"Article\",\"@id\":\"https:\\\/\\\/stuttgarti-katolikusok.de\\\/index.php\\\/baratsagklub-2024-oktober-18\\\/#article\",\"isPartOf\":{\"@id\":\"https:\\\/\\\/stuttgarti-katolikusok.de\\\/index.php\\\/baratsagklub-2024-oktober-18\\\/\"},\"author\":{\"name\":\"Tibor atya\",\"@id\":\"https:\\\/\\\/stuttgarti-katolikusok.de\\\/#\\\/schema\\\/person\\\/75908d6f8fdc03a57889d27209df7795\"},\"headline\":\"Bar\u00e1ts\u00e1gklub &#8211; 2024. okt\u00f3ber 18.\",\"datePublished\":\"2024-11-05T21:31:32+00:00\",\"dateModified\":\"2024-11-12T21:23:30+00:00\",\"mainEntityOfPage\":{\"@id\":\"https:\\\/\\\/stuttgarti-katolikusok.de\\\/index.php\\\/baratsagklub-2024-oktober-18\\\/\"},\"wordCount\":1303,\"image\":{\"@id\":\"https:\\\/\\\/stuttgarti-katolikusok.de\\\/index.php\\\/baratsagklub-2024-oktober-18\\\/#primaryimage\"},\"thumbnailUrl\":\"https:\\\/\\\/stuttgarti-katolikusok.de\\\/wp-content\\\/uploads\\\/2024\\\/10\\\/meghivoszuret-1018.jpg\",\"articleSection\":[\"Bar\u00e1ts\u00e1g Klub\",\"Olvas\u00f3ink \u00edrj\u00e1k\"],\"inLanguage\":\"hu\"},{\"@type\":\"WebPage\",\"@id\":\"https:\\\/\\\/stuttgarti-katolikusok.de\\\/index.php\\\/baratsagklub-2024-oktober-18\\\/\",\"url\":\"https:\\\/\\\/stuttgarti-katolikusok.de\\\/index.php\\\/baratsagklub-2024-oktober-18\\\/\",\"name\":\"Bar\u00e1ts\u00e1gklub - 2024. okt\u00f3ber 18. - Stuttgarti Katolikusok\",\"isPartOf\":{\"@id\":\"https:\\\/\\\/stuttgarti-katolikusok.de\\\/#website\"},\"primaryImageOfPage\":{\"@id\":\"https:\\\/\\\/stuttgarti-katolikusok.de\\\/index.php\\\/baratsagklub-2024-oktober-18\\\/#primaryimage\"},\"image\":{\"@id\":\"https:\\\/\\\/stuttgarti-katolikusok.de\\\/index.php\\\/baratsagklub-2024-oktober-18\\\/#primaryimage\"},\"thumbnailUrl\":\"https:\\\/\\\/stuttgarti-katolikusok.de\\\/wp-content\\\/uploads\\\/2024\\\/10\\\/meghivoszuret-1018.jpg\",\"datePublished\":\"2024-11-05T21:31:32+00:00\",\"dateModified\":\"2024-11-12T21:23:30+00:00\",\"author\":{\"@id\":\"https:\\\/\\\/stuttgarti-katolikusok.de\\\/#\\\/schema\\\/person\\\/75908d6f8fdc03a57889d27209df7795\"},\"breadcrumb\":{\"@id\":\"https:\\\/\\\/stuttgarti-katolikusok.de\\\/index.php\\\/baratsagklub-2024-oktober-18\\\/#breadcrumb\"},\"inLanguage\":\"hu\",\"potentialAction\":[{\"@type\":\"ReadAction\",\"target\":[\"https:\\\/\\\/stuttgarti-katolikusok.de\\\/index.php\\\/baratsagklub-2024-oktober-18\\\/\"]}]},{\"@type\":\"ImageObject\",\"inLanguage\":\"hu\",\"@id\":\"https:\\\/\\\/stuttgarti-katolikusok.de\\\/index.php\\\/baratsagklub-2024-oktober-18\\\/#primaryimage\",\"url\":\"https:\\\/\\\/stuttgarti-katolikusok.de\\\/wp-content\\\/uploads\\\/2024\\\/10\\\/meghivoszuret-1018.jpg\",\"contentUrl\":\"https:\\\/\\\/stuttgarti-katolikusok.de\\\/wp-content\\\/uploads\\\/2024\\\/10\\\/meghivoszuret-1018.jpg\",\"width\":2339,\"height\":1654},{\"@type\":\"BreadcrumbList\",\"@id\":\"https:\\\/\\\/stuttgarti-katolikusok.de\\\/index.php\\\/baratsagklub-2024-oktober-18\\\/#breadcrumb\",\"itemListElement\":[{\"@type\":\"ListItem\",\"position\":1,\"name\":\"Kezd\u0151lap\",\"item\":\"https:\\\/\\\/stuttgarti-katolikusok.de\\\/\"},{\"@type\":\"ListItem\",\"position\":2,\"name\":\"Bar\u00e1ts\u00e1gklub &#8211; 2024. okt\u00f3ber 18.\"}]},{\"@type\":\"WebSite\",\"@id\":\"https:\\\/\\\/stuttgarti-katolikusok.de\\\/#website\",\"url\":\"https:\\\/\\\/stuttgarti-katolikusok.de\\\/\",\"name\":\"Stuttgarti Katolikusok\",\"description\":\"\",\"potentialAction\":[{\"@type\":\"SearchAction\",\"target\":{\"@type\":\"EntryPoint\",\"urlTemplate\":\"https:\\\/\\\/stuttgarti-katolikusok.de\\\/?s={search_term_string}\"},\"query-input\":{\"@type\":\"PropertyValueSpecification\",\"valueRequired\":true,\"valueName\":\"search_term_string\"}}],\"inLanguage\":\"hu\"},{\"@type\":\"Person\",\"@id\":\"https:\\\/\\\/stuttgarti-katolikusok.de\\\/#\\\/schema\\\/person\\\/75908d6f8fdc03a57889d27209df7795\",\"name\":\"Tibor atya\",\"image\":{\"@type\":\"ImageObject\",\"inLanguage\":\"hu\",\"@id\":\"https:\\\/\\\/secure.gravatar.com\\\/avatar\\\/61d268e57d1f4525b111222e29d2d5a7f8c420fdbf231ba5566a8ceac74fa960?s=96&d=mm&r=g\",\"url\":\"https:\\\/\\\/secure.gravatar.com\\\/avatar\\\/61d268e57d1f4525b111222e29d2d5a7f8c420fdbf231ba5566a8ceac74fa960?s=96&d=mm&r=g\",\"contentUrl\":\"https:\\\/\\\/secure.gravatar.com\\\/avatar\\\/61d268e57d1f4525b111222e29d2d5a7f8c420fdbf231ba5566a8ceac74fa960?s=96&d=mm&r=g\",\"caption\":\"Tibor atya\"},\"url\":\"https:\\\/\\\/stuttgarti-katolikusok.de\\\/index.php\\\/author\\\/tibor-atya\\\/\"}]}<\/script>\n<!-- \/ Yoast SEO plugin. -->","yoast_head_json":{"title":"Bar\u00e1ts\u00e1gklub - 2024. okt\u00f3ber 18. - Stuttgarti Katolikusok","robots":{"index":"index","follow":"follow","max-snippet":"max-snippet:-1","max-image-preview":"max-image-preview:large","max-video-preview":"max-video-preview:-1"},"canonical":"https:\/\/stuttgarti-katolikusok.de\/index.php\/baratsagklub-2024-oktober-18\/","og_locale":"hu_HU","og_type":"article","og_title":"Bar\u00e1ts\u00e1gklub - 2024. okt\u00f3ber 18. - Stuttgarti Katolikusok","og_description":"You are currently viewing a placeholder content from Default. To access the actual content, click the button below. Please note that doing so will share data with third-party providers. Unblock content Accept required service and unblock content More Information (K\u00f6sz\u00f6net Stauder Marik\u00e1nak \u00e9s Erd\u0151s S\u00e1ndornak a k\u00e9pek\u00e9rt) M\u00e1rkus Katalin: Sz\u00fcreti dal \u0150szi napnak f\u00e9nye gyenge, kimegy\u00fcnk a sz\u0151l\u0151hegyre, sz\u0151l\u0151f\u00fcrt\u00f6k mosolyognak, a hord\u00f3ba k\u00edv\u00e1nkoznak. &nbsp; Vid\u00e1man kezdj\u00fck a munk\u00e1t, p\u00e1link\u00e1t\u00f3l szem\u00fcnk ugr\u00e1l, sz\u00e9l borzolja a hajunkat, megt\u00f6mj\u00fck a puttonyokat. &nbsp; Fej\u00fcnkre, ha di\u00f3 pottyan, j\u00f3t nevet\u00fcnk, meg se kottyan, est\u00e9re m\u00e1r elf\u00e1radunk, bogr\u00e1csguly\u00e1st kanalazunk. &nbsp; Minden sz\u0151l\u0151t\u0151ke \u00fcres, tele van a boros\u00fcveg, &#8222;T\u00f6ltsed teli a kup\u00e1mot&#8221;, j\u00f3kedv kell a n\u00f3t\u00e1z\u00e1shoz. &nbsp; M\u00edg a hegyr\u0151l leballagunk, a kom\u00e1mmal n\u00f3t\u00e1zgatunk, sz\u00e9p holdvil\u00e1g, mutass utat, hogy megl\u00e1ssuk a h\u00e1zunkat. K\u00f6sz\u00f6net Tringl Istv\u00e1nnak \u00edr\u00e1s\u00e1\u00e9rt. Fogadj\u00e1tok szeretettel: A d\u00e9lut\u00e1ni szentmise ut\u00e1n, \u00f6sszej\u00f6tt\u00fcnk a Bruderklaus templom k\u00f6z\u00f6ss\u00e9gi term\u00e9ben, mely nagyon sz\u00e9pen ki volt d\u00edsz\u00edtve, az asztalokon vir\u00e1gok \u00e9s \u0151szi dekor\u00e1ci\u00f3s t\u00e1rgyak mellett, sz\u00fcreti k\u00e9pek eml\u00e9keztetettek a r\u00e9gi, sz\u00e9p, de neh\u00e9z sz\u00fcreti munk\u00e1ra, valamint az k\u00f6vet\u0151 bork\u00e9sz\u00edt\u00e9sre. No meg k\u00f6z\u00f6s \u00fcnnepl\u00e9sre is. Egy k\u00fcl\u00f6n asztalon, finomabbn\u00e1l finomabb borok k\u00e9nyeztett\u00e9k el a bar\u00e1tokat. Persze a p\u00e1linka sem hi\u00e1nyzott, egy m\u00e1sik asztalon v\u00e1rt a fogyaszt\u00f3kra. Mindemellett az \u00e9des \u00e9s s\u00f3s s\u00fctem\u00e9nyek b\u0151s\u00e9ges k\u00edn\u00e1lata is v\u00e1rt benn\u00fcnket. \u00cdgy azt\u00e1n a j\u00f3kedv\u0171 egy\u00fcttl\u00e9tnek nem \u00e1llt semmi sem az \u00fatj\u00e1ba. K\u00f6z\u00f6s programunk Erika, a klub vezet\u0151j\u00e9nek, r\u00f6vid el\u0151ad\u00e1s\u00e1val vette kezdet\u00e9t. Ebben a bor\u00e1szatr\u00f3l, kezdve a sz\u00fcretel\u00e9ssel, eg\u00e9szen a bor elk\u00e9sz\u00edt\u00e9s\u00e9ig \u00e9rdekes \u00e9s \u00faj inform\u00e1ci\u00f3kat tudhattunk meg. Megeml\u00edtette az ezzel kapcsolatos neh\u00e9z munk\u00e1t, felid\u00e9zve a technikai fejl\u0151d\u00e9st is az \u00e9vek sor\u00e1n. Az ezzel kapcsolatban rendezett mulatts\u00e1gokr\u00f3l is b\u0151ven sz\u00f3 esett. R\u00e1mutatott arra is, hogy az \u00e9vek sor\u00e1n a sz\u0151l\u0151sgazd\u00e1knak milyen neh\u00e9zs\u00e9gekkel kellett megk\u00fczdeni\u00fck, mint sz\u0151l\u0151 betegs\u00e9g, id\u0151j\u00e1r\u00e1s, munkaer\u0151hi\u00e1ny. Ezt k\u00f6vet\u0151en Tibor atya kispapi \u00e9veib\u0151l eleven\u00edtett fel eml\u00e9keket, amelyek a sz\u0151l\u0151ben v\u00e9gzett munk\u00e1latokkal \u00e9s a... R\u00e9szletek","og_url":"https:\/\/stuttgarti-katolikusok.de\/index.php\/baratsagklub-2024-oktober-18\/","og_site_name":"Stuttgarti Katolikusok","article_published_time":"2024-11-05T21:31:32+00:00","article_modified_time":"2024-11-12T21:23:30+00:00","og_image":[{"width":2339,"height":1654,"url":"https:\/\/stuttgarti-katolikusok.de\/wp-content\/uploads\/2024\/10\/meghivoszuret-1018.jpg","type":"image\/jpeg"}],"author":"Tibor atya","twitter_card":"summary_large_image","twitter_misc":{"Szerz\u0151:":"Tibor atya","Becs\u00fclt olvas\u00e1si id\u0151":"5 perc"},"schema":{"@context":"https:\/\/schema.org","@graph":[{"@type":"Article","@id":"https:\/\/stuttgarti-katolikusok.de\/index.php\/baratsagklub-2024-oktober-18\/#article","isPartOf":{"@id":"https:\/\/stuttgarti-katolikusok.de\/index.php\/baratsagklub-2024-oktober-18\/"},"author":{"name":"Tibor atya","@id":"https:\/\/stuttgarti-katolikusok.de\/#\/schema\/person\/75908d6f8fdc03a57889d27209df7795"},"headline":"Bar\u00e1ts\u00e1gklub &#8211; 2024. okt\u00f3ber 18.","datePublished":"2024-11-05T21:31:32+00:00","dateModified":"2024-11-12T21:23:30+00:00","mainEntityOfPage":{"@id":"https:\/\/stuttgarti-katolikusok.de\/index.php\/baratsagklub-2024-oktober-18\/"},"wordCount":1303,"image":{"@id":"https:\/\/stuttgarti-katolikusok.de\/index.php\/baratsagklub-2024-oktober-18\/#primaryimage"},"thumbnailUrl":"https:\/\/stuttgarti-katolikusok.de\/wp-content\/uploads\/2024\/10\/meghivoszuret-1018.jpg","articleSection":["Bar\u00e1ts\u00e1g Klub","Olvas\u00f3ink \u00edrj\u00e1k"],"inLanguage":"hu"},{"@type":"WebPage","@id":"https:\/\/stuttgarti-katolikusok.de\/index.php\/baratsagklub-2024-oktober-18\/","url":"https:\/\/stuttgarti-katolikusok.de\/index.php\/baratsagklub-2024-oktober-18\/","name":"Bar\u00e1ts\u00e1gklub - 2024. okt\u00f3ber 18. - Stuttgarti Katolikusok","isPartOf":{"@id":"https:\/\/stuttgarti-katolikusok.de\/#website"},"primaryImageOfPage":{"@id":"https:\/\/stuttgarti-katolikusok.de\/index.php\/baratsagklub-2024-oktober-18\/#primaryimage"},"image":{"@id":"https:\/\/stuttgarti-katolikusok.de\/index.php\/baratsagklub-2024-oktober-18\/#primaryimage"},"thumbnailUrl":"https:\/\/stuttgarti-katolikusok.de\/wp-content\/uploads\/2024\/10\/meghivoszuret-1018.jpg","datePublished":"2024-11-05T21:31:32+00:00","dateModified":"2024-11-12T21:23:30+00:00","author":{"@id":"https:\/\/stuttgarti-katolikusok.de\/#\/schema\/person\/75908d6f8fdc03a57889d27209df7795"},"breadcrumb":{"@id":"https:\/\/stuttgarti-katolikusok.de\/index.php\/baratsagklub-2024-oktober-18\/#breadcrumb"},"inLanguage":"hu","potentialAction":[{"@type":"ReadAction","target":["https:\/\/stuttgarti-katolikusok.de\/index.php\/baratsagklub-2024-oktober-18\/"]}]},{"@type":"ImageObject","inLanguage":"hu","@id":"https:\/\/stuttgarti-katolikusok.de\/index.php\/baratsagklub-2024-oktober-18\/#primaryimage","url":"https:\/\/stuttgarti-katolikusok.de\/wp-content\/uploads\/2024\/10\/meghivoszuret-1018.jpg","contentUrl":"https:\/\/stuttgarti-katolikusok.de\/wp-content\/uploads\/2024\/10\/meghivoszuret-1018.jpg","width":2339,"height":1654},{"@type":"BreadcrumbList","@id":"https:\/\/stuttgarti-katolikusok.de\/index.php\/baratsagklub-2024-oktober-18\/#breadcrumb","itemListElement":[{"@type":"ListItem","position":1,"name":"Kezd\u0151lap","item":"https:\/\/stuttgarti-katolikusok.de\/"},{"@type":"ListItem","position":2,"name":"Bar\u00e1ts\u00e1gklub &#8211; 2024. okt\u00f3ber 18."}]},{"@type":"WebSite","@id":"https:\/\/stuttgarti-katolikusok.de\/#website","url":"https:\/\/stuttgarti-katolikusok.de\/","name":"Stuttgarti Katolikusok","description":"","potentialAction":[{"@type":"SearchAction","target":{"@type":"EntryPoint","urlTemplate":"https:\/\/stuttgarti-katolikusok.de\/?s={search_term_string}"},"query-input":{"@type":"PropertyValueSpecification","valueRequired":true,"valueName":"search_term_string"}}],"inLanguage":"hu"},{"@type":"Person","@id":"https:\/\/stuttgarti-katolikusok.de\/#\/schema\/person\/75908d6f8fdc03a57889d27209df7795","name":"Tibor atya","image":{"@type":"ImageObject","inLanguage":"hu","@id":"https:\/\/secure.gravatar.com\/avatar\/61d268e57d1f4525b111222e29d2d5a7f8c420fdbf231ba5566a8ceac74fa960?s=96&d=mm&r=g","url":"https:\/\/secure.gravatar.com\/avatar\/61d268e57d1f4525b111222e29d2d5a7f8c420fdbf231ba5566a8ceac74fa960?s=96&d=mm&r=g","contentUrl":"https:\/\/secure.gravatar.com\/avatar\/61d268e57d1f4525b111222e29d2d5a7f8c420fdbf231ba5566a8ceac74fa960?s=96&d=mm&r=g","caption":"Tibor atya"},"url":"https:\/\/stuttgarti-katolikusok.de\/index.php\/author\/tibor-atya\/"}]}},"_links":{"self":[{"href":"https:\/\/stuttgarti-katolikusok.de\/index.php\/wp-json\/wp\/v2\/posts\/29709","targetHints":{"allow":["GET"]}}],"collection":[{"href":"https:\/\/stuttgarti-katolikusok.de\/index.php\/wp-json\/wp\/v2\/posts"}],"about":[{"href":"https:\/\/stuttgarti-katolikusok.de\/index.php\/wp-json\/wp\/v2\/types\/post"}],"author":[{"embeddable":true,"href":"https:\/\/stuttgarti-katolikusok.de\/index.php\/wp-json\/wp\/v2\/users\/3"}],"replies":[{"embeddable":true,"href":"https:\/\/stuttgarti-katolikusok.de\/index.php\/wp-json\/wp\/v2\/comments?post=29709"}],"version-history":[{"count":8,"href":"https:\/\/stuttgarti-katolikusok.de\/index.php\/wp-json\/wp\/v2\/posts\/29709\/revisions"}],"predecessor-version":[{"id":29718,"href":"https:\/\/stuttgarti-katolikusok.de\/index.php\/wp-json\/wp\/v2\/posts\/29709\/revisions\/29718"}],"wp:featuredmedia":[{"embeddable":true,"href":"https:\/\/stuttgarti-katolikusok.de\/index.php\/wp-json\/wp\/v2\/media\/29519"}],"wp:attachment":[{"href":"https:\/\/stuttgarti-katolikusok.de\/index.php\/wp-json\/wp\/v2\/media?parent=29709"}],"wp:term":[{"taxonomy":"category","embeddable":true,"href":"https:\/\/stuttgarti-katolikusok.de\/index.php\/wp-json\/wp\/v2\/categories?post=29709"},{"taxonomy":"post_tag","embeddable":true,"href":"https:\/\/stuttgarti-katolikusok.de\/index.php\/wp-json\/wp\/v2\/tags?post=29709"}],"curies":[{"name":"wp","href":"https:\/\/api.w.org\/{rel}","templated":true}]}}