{"id":29680,"date":"2024-11-07T09:48:34","date_gmt":"2024-11-07T08:48:34","guid":{"rendered":"https:\/\/stuttgarti-katolikusok.de\/?p=29680"},"modified":"2024-11-11T09:50:51","modified_gmt":"2024-11-11T08:50:51","slug":"2024-november","status":"publish","type":"post","link":"https:\/\/stuttgarti-katolikusok.de\/index.php\/2024-november\/","title":{"rendered":"2024 NOVEMBER"},"content":{"rendered":"<p><span style=\"color: #ff6600;\"><em>November h\u00f3nap els\u0151 k\u00e9t napja, Mindenszentek \u00fcnnepe \u00e9s Halottak napja, mintegy el\u0151revet\u00edti, hogy sokkal t\u00f6bbet gondoljunk, mi t\u00f6bb, im\u00e1dkozzunk \u00e9s ilyen form\u00e1ban megeml\u00e9kezz\u00fcnk elhunyt szeretteinkr\u0151l. Dr. Czupper-V\u00e1raljai \u00c1gnes szerkeszt\u0151 t\u00e1rsunk \u00edr\u00e1s\u00e1ban a fenti gondolatok mellett az egy\u00e9ni \u00fajj\u00e1sz\u00fclet\u00e9s sz\u00e9ps\u00e9g\u00e9r\u0151l \u00e9s lehet\u0151s\u00e9g\u00e9r\u0151l \u00edr.\u00a0<\/em><\/span><\/p>\n<p><span style=\"color: #ff6600;\"><em>Dr. Szakos J\u00f3zsef atya bemutatkoz\u00f3 \u00edr\u00e1s\u00e1t is olvashatjuk. J\u00f3zsef atya\u00a0 betekint\u00e9st enged t\u00f6bb mint n\u00e9gy \u00e9vtizedes, izgalmas \u00e9s nagyon sz\u00ednes papi \u00e9let\u00e9be. K\u00f6sz\u00f6net \u00e9rte, s egyben v\u00e1rjuk is, hogy mihamarabb meg\u00e9rkezzen hozz\u00e1nk.<\/em><\/span><\/p>\n<p><span style=\"color: #ff6600;\"><em>Halmosi S\u00e1ndor, sz\u00e1momra egyik m\u00e9lyen megind\u00edt\u00f3 \u00e9s t\u00f6preng\u00e9sre ind\u00edt\u00f3 vers\u00e9t hoztam. Nem titkoltan azzal a sz\u00e1nd\u00e9kkal, hogy a S\u00e1ndor \u00e1ltal megfogalmazott \u00fczenet a kedves olvas\u00f3t is meg\u00e9rintse.<\/em><\/span><\/p>\n<p><span style=\"color: #ff6600;\"><em>A magam \u00edr\u00e1s\u00e1ban pedig J\u00e1nos apostol evang\u00e9lium\u00e1nak egy vers\u00e9t vettem alapul, Jn 12,24. Ennek kapcs\u00e1n azon dolgokr\u00f3l is gondolkodhatok, amelyeknek el kell halniuk bennem, hogy utat nyissanak a meg\u00fajul\u00e1shoz. \u00cdgy lesznek egy\u00e9ni vesztes\u00e9geink, kis meghal\u00e1saink, alapjai az \u00fajj\u00e1sz\u00fclet\u00e9snek, meg\u00fajul\u00e1snak.<\/em><\/span><\/p>\n<p><span style=\"color: #ff6600;\"><em>Szeretettel \u00e9s bar\u00e1ts\u00e1ggal, Tibor atya<\/em><\/span><\/p>\n<a href=\"https:\/\/stuttgarti-katolikusok.de\/wp-content\/uploads\/2024\/11\/Baratom_November_2024_WEB.pdf\" class=\"pdfemb-viewer\" style=\"\" data-width=\"max\" data-height=\"max\" data-toolbar=\"bottom\" data-toolbar-fixed=\"off\">Baratom_November_2024_WEB<\/a>\n<p><em>(Nyit\u00f3k\u00e9p forr\u00e1sa: Pixabay)<\/em><\/p>\n","protected":false},"excerpt":{"rendered":"<p>November h\u00f3nap els\u0151 k\u00e9t napja, Mindenszentek \u00fcnnepe \u00e9s Halottak napja, mintegy el\u0151revet\u00edti, hogy sokkal t\u00f6bbet gondoljunk, mi t\u00f6bb, im\u00e1dkozzunk \u00e9s ilyen form\u00e1ban megeml\u00e9kezz\u00fcnk elhunyt szeretteinkr\u0151l. Dr. Czupper-V\u00e1raljai \u00c1gnes szerkeszt\u0151 t\u00e1rsunk \u00edr\u00e1s\u00e1ban a fenti gondolatok mellett az egy\u00e9ni \u00fajj\u00e1sz\u00fclet\u00e9s sz\u00e9ps\u00e9g\u00e9r\u0151l \u00e9s lehet\u0151s\u00e9g\u00e9r\u0151l \u00edr.\u00a0 Dr. Szakos J\u00f3zsef atya bemutatkoz\u00f3 \u00edr\u00e1s\u00e1t is olvashatjuk. J\u00f3zsef atya\u00a0 betekint\u00e9st enged t\u00f6bb mint n\u00e9gy \u00e9vtizedes, izgalmas \u00e9s nagyon sz\u00ednes papi \u00e9let\u00e9be. K\u00f6sz\u00f6net \u00e9rte, s egyben v\u00e1rjuk is, hogy mihamarabb meg\u00e9rkezzen hozz\u00e1nk. Halmosi S\u00e1ndor, sz\u00e1momra egyik m\u00e9lyen megind\u00edt\u00f3 \u00e9s t\u00f6preng\u00e9sre ind\u00edt\u00f3 vers\u00e9t hoztam. Nem titkoltan azzal a sz\u00e1nd\u00e9kkal, hogy a S\u00e1ndor \u00e1ltal megfogalmazott \u00fczenet a kedves olvas\u00f3t is meg\u00e9rintse. A magam \u00edr\u00e1s\u00e1ban pedig J\u00e1nos apostol evang\u00e9lium\u00e1nak egy vers\u00e9t vettem alapul, Jn 12,24. Ennek kapcs\u00e1n azon dolgokr\u00f3l is gondolkodhatok, amelyeknek el kell halniuk bennem, hogy utat nyissanak a meg\u00fajul\u00e1shoz. \u00cdgy lesznek egy\u00e9ni vesztes\u00e9geink, kis meghal\u00e1saink, alapjai az \u00fajj\u00e1sz\u00fclet\u00e9snek, meg\u00fajul\u00e1snak. Szeretettel \u00e9s bar\u00e1ts\u00e1ggal, Tibor atya (Nyit\u00f3k\u00e9p forr\u00e1sa: Pixabay)<\/p>\n","protected":false},"author":3,"featured_media":29684,"comment_status":"closed","ping_status":"closed","sticky":false,"template":"","format":"standard","meta":{"footnotes":""},"categories":[29],"tags":[],"class_list":["post-29680","post","type-post","status-publish","format-standard","has-post-thumbnail","hentry","category-baratom"],"yoast_head":"<!-- This site is optimized with the Yoast SEO plugin v27.3 - https:\/\/yoast.com\/product\/yoast-seo-wordpress\/ -->\n<title>2024 NOVEMBER - Stuttgarti Katolikusok<\/title>\n<meta name=\"robots\" content=\"index, follow, max-snippet:-1, max-image-preview:large, max-video-preview:-1\" \/>\n<link rel=\"canonical\" href=\"https:\/\/stuttgarti-katolikusok.de\/index.php\/2024-november\/\" \/>\n<meta property=\"og:locale\" content=\"hu_HU\" \/>\n<meta property=\"og:type\" content=\"article\" \/>\n<meta property=\"og:title\" content=\"2024 NOVEMBER - Stuttgarti Katolikusok\" \/>\n<meta property=\"og:description\" content=\"November h\u00f3nap els\u0151 k\u00e9t napja, Mindenszentek \u00fcnnepe \u00e9s Halottak napja, mintegy el\u0151revet\u00edti, hogy sokkal t\u00f6bbet gondoljunk, mi t\u00f6bb, im\u00e1dkozzunk \u00e9s ilyen form\u00e1ban megeml\u00e9kezz\u00fcnk elhunyt szeretteinkr\u0151l. Dr. Czupper-V\u00e1raljai \u00c1gnes szerkeszt\u0151 t\u00e1rsunk \u00edr\u00e1s\u00e1ban a fenti gondolatok mellett az egy\u00e9ni \u00fajj\u00e1sz\u00fclet\u00e9s sz\u00e9ps\u00e9g\u00e9r\u0151l \u00e9s lehet\u0151s\u00e9g\u00e9r\u0151l \u00edr.\u00a0 Dr. Szakos J\u00f3zsef atya bemutatkoz\u00f3 \u00edr\u00e1s\u00e1t is olvashatjuk. J\u00f3zsef atya\u00a0 betekint\u00e9st enged t\u00f6bb mint n\u00e9gy \u00e9vtizedes, izgalmas \u00e9s nagyon sz\u00ednes papi \u00e9let\u00e9be. K\u00f6sz\u00f6net \u00e9rte, s egyben v\u00e1rjuk is, hogy mihamarabb meg\u00e9rkezzen hozz\u00e1nk. Halmosi S\u00e1ndor, sz\u00e1momra egyik m\u00e9lyen megind\u00edt\u00f3 \u00e9s t\u00f6preng\u00e9sre ind\u00edt\u00f3 vers\u00e9t hoztam. Nem titkoltan azzal a sz\u00e1nd\u00e9kkal, hogy a S\u00e1ndor \u00e1ltal megfogalmazott \u00fczenet a kedves olvas\u00f3t is meg\u00e9rintse. A magam \u00edr\u00e1s\u00e1ban pedig J\u00e1nos apostol evang\u00e9lium\u00e1nak egy vers\u00e9t vettem alapul, Jn 12,24. Ennek kapcs\u00e1n azon dolgokr\u00f3l is gondolkodhatok, amelyeknek el kell halniuk bennem, hogy utat nyissanak a meg\u00fajul\u00e1shoz. \u00cdgy lesznek egy\u00e9ni vesztes\u00e9geink, kis meghal\u00e1saink, alapjai az \u00fajj\u00e1sz\u00fclet\u00e9snek, meg\u00fajul\u00e1snak. Szeretettel \u00e9s bar\u00e1ts\u00e1ggal, Tibor atya (Nyit\u00f3k\u00e9p forr\u00e1sa: Pixabay)\" \/>\n<meta property=\"og:url\" content=\"https:\/\/stuttgarti-katolikusok.de\/index.php\/2024-november\/\" \/>\n<meta property=\"og:site_name\" content=\"Stuttgarti Katolikusok\" \/>\n<meta property=\"article:published_time\" content=\"2024-11-07T08:48:34+00:00\" \/>\n<meta property=\"article:modified_time\" content=\"2024-11-11T08:50:51+00:00\" \/>\n<meta property=\"og:image\" content=\"https:\/\/stuttgarti-katolikusok.de\/wp-content\/uploads\/2024\/11\/baratom-november-nyitokep.jpg\" \/>\n\t<meta property=\"og:image:width\" content=\"1280\" \/>\n\t<meta property=\"og:image:height\" content=\"853\" \/>\n\t<meta property=\"og:image:type\" content=\"image\/jpeg\" \/>\n<meta name=\"author\" content=\"Tibor atya\" \/>\n<meta name=\"twitter:card\" content=\"summary_large_image\" \/>\n<meta name=\"twitter:label1\" content=\"Szerz\u0151:\" \/>\n\t<meta name=\"twitter:data1\" content=\"Tibor atya\" \/>\n\t<meta name=\"twitter:label2\" content=\"Becs\u00fclt olvas\u00e1si id\u0151\" \/>\n\t<meta name=\"twitter:data2\" content=\"2 perc\" \/>\n<script type=\"application\/ld+json\" class=\"yoast-schema-graph\">{\"@context\":\"https:\\\/\\\/schema.org\",\"@graph\":[{\"@type\":\"Article\",\"@id\":\"https:\\\/\\\/stuttgarti-katolikusok.de\\\/index.php\\\/2024-november\\\/#article\",\"isPartOf\":{\"@id\":\"https:\\\/\\\/stuttgarti-katolikusok.de\\\/index.php\\\/2024-november\\\/\"},\"author\":{\"name\":\"Tibor atya\",\"@id\":\"https:\\\/\\\/stuttgarti-katolikusok.de\\\/#\\\/schema\\\/person\\\/75908d6f8fdc03a57889d27209df7795\"},\"headline\":\"2024 NOVEMBER\",\"datePublished\":\"2024-11-07T08:48:34+00:00\",\"dateModified\":\"2024-11-11T08:50:51+00:00\",\"mainEntityOfPage\":{\"@id\":\"https:\\\/\\\/stuttgarti-katolikusok.de\\\/index.php\\\/2024-november\\\/\"},\"wordCount\":236,\"image\":{\"@id\":\"https:\\\/\\\/stuttgarti-katolikusok.de\\\/index.php\\\/2024-november\\\/#primaryimage\"},\"thumbnailUrl\":\"https:\\\/\\\/stuttgarti-katolikusok.de\\\/wp-content\\\/uploads\\\/2024\\\/11\\\/baratom-november-nyitokep.jpg\",\"articleSection\":[\"Bar\u00e1tom\"],\"inLanguage\":\"hu\"},{\"@type\":\"WebPage\",\"@id\":\"https:\\\/\\\/stuttgarti-katolikusok.de\\\/index.php\\\/2024-november\\\/\",\"url\":\"https:\\\/\\\/stuttgarti-katolikusok.de\\\/index.php\\\/2024-november\\\/\",\"name\":\"2024 NOVEMBER - Stuttgarti Katolikusok\",\"isPartOf\":{\"@id\":\"https:\\\/\\\/stuttgarti-katolikusok.de\\\/#website\"},\"primaryImageOfPage\":{\"@id\":\"https:\\\/\\\/stuttgarti-katolikusok.de\\\/index.php\\\/2024-november\\\/#primaryimage\"},\"image\":{\"@id\":\"https:\\\/\\\/stuttgarti-katolikusok.de\\\/index.php\\\/2024-november\\\/#primaryimage\"},\"thumbnailUrl\":\"https:\\\/\\\/stuttgarti-katolikusok.de\\\/wp-content\\\/uploads\\\/2024\\\/11\\\/baratom-november-nyitokep.jpg\",\"datePublished\":\"2024-11-07T08:48:34+00:00\",\"dateModified\":\"2024-11-11T08:50:51+00:00\",\"author\":{\"@id\":\"https:\\\/\\\/stuttgarti-katolikusok.de\\\/#\\\/schema\\\/person\\\/75908d6f8fdc03a57889d27209df7795\"},\"breadcrumb\":{\"@id\":\"https:\\\/\\\/stuttgarti-katolikusok.de\\\/index.php\\\/2024-november\\\/#breadcrumb\"},\"inLanguage\":\"hu\",\"potentialAction\":[{\"@type\":\"ReadAction\",\"target\":[\"https:\\\/\\\/stuttgarti-katolikusok.de\\\/index.php\\\/2024-november\\\/\"]}]},{\"@type\":\"ImageObject\",\"inLanguage\":\"hu\",\"@id\":\"https:\\\/\\\/stuttgarti-katolikusok.de\\\/index.php\\\/2024-november\\\/#primaryimage\",\"url\":\"https:\\\/\\\/stuttgarti-katolikusok.de\\\/wp-content\\\/uploads\\\/2024\\\/11\\\/baratom-november-nyitokep.jpg\",\"contentUrl\":\"https:\\\/\\\/stuttgarti-katolikusok.de\\\/wp-content\\\/uploads\\\/2024\\\/11\\\/baratom-november-nyitokep.jpg\",\"width\":1280,\"height\":853},{\"@type\":\"BreadcrumbList\",\"@id\":\"https:\\\/\\\/stuttgarti-katolikusok.de\\\/index.php\\\/2024-november\\\/#breadcrumb\",\"itemListElement\":[{\"@type\":\"ListItem\",\"position\":1,\"name\":\"Kezd\u0151lap\",\"item\":\"https:\\\/\\\/stuttgarti-katolikusok.de\\\/\"},{\"@type\":\"ListItem\",\"position\":2,\"name\":\"2024 NOVEMBER\"}]},{\"@type\":\"WebSite\",\"@id\":\"https:\\\/\\\/stuttgarti-katolikusok.de\\\/#website\",\"url\":\"https:\\\/\\\/stuttgarti-katolikusok.de\\\/\",\"name\":\"Stuttgarti Katolikusok\",\"description\":\"\",\"potentialAction\":[{\"@type\":\"SearchAction\",\"target\":{\"@type\":\"EntryPoint\",\"urlTemplate\":\"https:\\\/\\\/stuttgarti-katolikusok.de\\\/?s={search_term_string}\"},\"query-input\":{\"@type\":\"PropertyValueSpecification\",\"valueRequired\":true,\"valueName\":\"search_term_string\"}}],\"inLanguage\":\"hu\"},{\"@type\":\"Person\",\"@id\":\"https:\\\/\\\/stuttgarti-katolikusok.de\\\/#\\\/schema\\\/person\\\/75908d6f8fdc03a57889d27209df7795\",\"name\":\"Tibor atya\",\"image\":{\"@type\":\"ImageObject\",\"inLanguage\":\"hu\",\"@id\":\"https:\\\/\\\/secure.gravatar.com\\\/avatar\\\/61d268e57d1f4525b111222e29d2d5a7f8c420fdbf231ba5566a8ceac74fa960?s=96&d=mm&r=g\",\"url\":\"https:\\\/\\\/secure.gravatar.com\\\/avatar\\\/61d268e57d1f4525b111222e29d2d5a7f8c420fdbf231ba5566a8ceac74fa960?s=96&d=mm&r=g\",\"contentUrl\":\"https:\\\/\\\/secure.gravatar.com\\\/avatar\\\/61d268e57d1f4525b111222e29d2d5a7f8c420fdbf231ba5566a8ceac74fa960?s=96&d=mm&r=g\",\"caption\":\"Tibor atya\"},\"url\":\"https:\\\/\\\/stuttgarti-katolikusok.de\\\/index.php\\\/author\\\/tibor-atya\\\/\"}]}<\/script>\n<!-- \/ Yoast SEO plugin. -->","yoast_head_json":{"title":"2024 NOVEMBER - Stuttgarti Katolikusok","robots":{"index":"index","follow":"follow","max-snippet":"max-snippet:-1","max-image-preview":"max-image-preview:large","max-video-preview":"max-video-preview:-1"},"canonical":"https:\/\/stuttgarti-katolikusok.de\/index.php\/2024-november\/","og_locale":"hu_HU","og_type":"article","og_title":"2024 NOVEMBER - Stuttgarti Katolikusok","og_description":"November h\u00f3nap els\u0151 k\u00e9t napja, Mindenszentek \u00fcnnepe \u00e9s Halottak napja, mintegy el\u0151revet\u00edti, hogy sokkal t\u00f6bbet gondoljunk, mi t\u00f6bb, im\u00e1dkozzunk \u00e9s ilyen form\u00e1ban megeml\u00e9kezz\u00fcnk elhunyt szeretteinkr\u0151l. Dr. Czupper-V\u00e1raljai \u00c1gnes szerkeszt\u0151 t\u00e1rsunk \u00edr\u00e1s\u00e1ban a fenti gondolatok mellett az egy\u00e9ni \u00fajj\u00e1sz\u00fclet\u00e9s sz\u00e9ps\u00e9g\u00e9r\u0151l \u00e9s lehet\u0151s\u00e9g\u00e9r\u0151l \u00edr.\u00a0 Dr. Szakos J\u00f3zsef atya bemutatkoz\u00f3 \u00edr\u00e1s\u00e1t is olvashatjuk. J\u00f3zsef atya\u00a0 betekint\u00e9st enged t\u00f6bb mint n\u00e9gy \u00e9vtizedes, izgalmas \u00e9s nagyon sz\u00ednes papi \u00e9let\u00e9be. K\u00f6sz\u00f6net \u00e9rte, s egyben v\u00e1rjuk is, hogy mihamarabb meg\u00e9rkezzen hozz\u00e1nk. Halmosi S\u00e1ndor, sz\u00e1momra egyik m\u00e9lyen megind\u00edt\u00f3 \u00e9s t\u00f6preng\u00e9sre ind\u00edt\u00f3 vers\u00e9t hoztam. Nem titkoltan azzal a sz\u00e1nd\u00e9kkal, hogy a S\u00e1ndor \u00e1ltal megfogalmazott \u00fczenet a kedves olvas\u00f3t is meg\u00e9rintse. A magam \u00edr\u00e1s\u00e1ban pedig J\u00e1nos apostol evang\u00e9lium\u00e1nak egy vers\u00e9t vettem alapul, Jn 12,24. Ennek kapcs\u00e1n azon dolgokr\u00f3l is gondolkodhatok, amelyeknek el kell halniuk bennem, hogy utat nyissanak a meg\u00fajul\u00e1shoz. \u00cdgy lesznek egy\u00e9ni vesztes\u00e9geink, kis meghal\u00e1saink, alapjai az \u00fajj\u00e1sz\u00fclet\u00e9snek, meg\u00fajul\u00e1snak. Szeretettel \u00e9s bar\u00e1ts\u00e1ggal, Tibor atya (Nyit\u00f3k\u00e9p forr\u00e1sa: Pixabay)","og_url":"https:\/\/stuttgarti-katolikusok.de\/index.php\/2024-november\/","og_site_name":"Stuttgarti Katolikusok","article_published_time":"2024-11-07T08:48:34+00:00","article_modified_time":"2024-11-11T08:50:51+00:00","og_image":[{"width":1280,"height":853,"url":"https:\/\/stuttgarti-katolikusok.de\/wp-content\/uploads\/2024\/11\/baratom-november-nyitokep.jpg","type":"image\/jpeg"}],"author":"Tibor atya","twitter_card":"summary_large_image","twitter_misc":{"Szerz\u0151:":"Tibor atya","Becs\u00fclt olvas\u00e1si id\u0151":"2 perc"},"schema":{"@context":"https:\/\/schema.org","@graph":[{"@type":"Article","@id":"https:\/\/stuttgarti-katolikusok.de\/index.php\/2024-november\/#article","isPartOf":{"@id":"https:\/\/stuttgarti-katolikusok.de\/index.php\/2024-november\/"},"author":{"name":"Tibor atya","@id":"https:\/\/stuttgarti-katolikusok.de\/#\/schema\/person\/75908d6f8fdc03a57889d27209df7795"},"headline":"2024 NOVEMBER","datePublished":"2024-11-07T08:48:34+00:00","dateModified":"2024-11-11T08:50:51+00:00","mainEntityOfPage":{"@id":"https:\/\/stuttgarti-katolikusok.de\/index.php\/2024-november\/"},"wordCount":236,"image":{"@id":"https:\/\/stuttgarti-katolikusok.de\/index.php\/2024-november\/#primaryimage"},"thumbnailUrl":"https:\/\/stuttgarti-katolikusok.de\/wp-content\/uploads\/2024\/11\/baratom-november-nyitokep.jpg","articleSection":["Bar\u00e1tom"],"inLanguage":"hu"},{"@type":"WebPage","@id":"https:\/\/stuttgarti-katolikusok.de\/index.php\/2024-november\/","url":"https:\/\/stuttgarti-katolikusok.de\/index.php\/2024-november\/","name":"2024 NOVEMBER - Stuttgarti Katolikusok","isPartOf":{"@id":"https:\/\/stuttgarti-katolikusok.de\/#website"},"primaryImageOfPage":{"@id":"https:\/\/stuttgarti-katolikusok.de\/index.php\/2024-november\/#primaryimage"},"image":{"@id":"https:\/\/stuttgarti-katolikusok.de\/index.php\/2024-november\/#primaryimage"},"thumbnailUrl":"https:\/\/stuttgarti-katolikusok.de\/wp-content\/uploads\/2024\/11\/baratom-november-nyitokep.jpg","datePublished":"2024-11-07T08:48:34+00:00","dateModified":"2024-11-11T08:50:51+00:00","author":{"@id":"https:\/\/stuttgarti-katolikusok.de\/#\/schema\/person\/75908d6f8fdc03a57889d27209df7795"},"breadcrumb":{"@id":"https:\/\/stuttgarti-katolikusok.de\/index.php\/2024-november\/#breadcrumb"},"inLanguage":"hu","potentialAction":[{"@type":"ReadAction","target":["https:\/\/stuttgarti-katolikusok.de\/index.php\/2024-november\/"]}]},{"@type":"ImageObject","inLanguage":"hu","@id":"https:\/\/stuttgarti-katolikusok.de\/index.php\/2024-november\/#primaryimage","url":"https:\/\/stuttgarti-katolikusok.de\/wp-content\/uploads\/2024\/11\/baratom-november-nyitokep.jpg","contentUrl":"https:\/\/stuttgarti-katolikusok.de\/wp-content\/uploads\/2024\/11\/baratom-november-nyitokep.jpg","width":1280,"height":853},{"@type":"BreadcrumbList","@id":"https:\/\/stuttgarti-katolikusok.de\/index.php\/2024-november\/#breadcrumb","itemListElement":[{"@type":"ListItem","position":1,"name":"Kezd\u0151lap","item":"https:\/\/stuttgarti-katolikusok.de\/"},{"@type":"ListItem","position":2,"name":"2024 NOVEMBER"}]},{"@type":"WebSite","@id":"https:\/\/stuttgarti-katolikusok.de\/#website","url":"https:\/\/stuttgarti-katolikusok.de\/","name":"Stuttgarti Katolikusok","description":"","potentialAction":[{"@type":"SearchAction","target":{"@type":"EntryPoint","urlTemplate":"https:\/\/stuttgarti-katolikusok.de\/?s={search_term_string}"},"query-input":{"@type":"PropertyValueSpecification","valueRequired":true,"valueName":"search_term_string"}}],"inLanguage":"hu"},{"@type":"Person","@id":"https:\/\/stuttgarti-katolikusok.de\/#\/schema\/person\/75908d6f8fdc03a57889d27209df7795","name":"Tibor atya","image":{"@type":"ImageObject","inLanguage":"hu","@id":"https:\/\/secure.gravatar.com\/avatar\/61d268e57d1f4525b111222e29d2d5a7f8c420fdbf231ba5566a8ceac74fa960?s=96&d=mm&r=g","url":"https:\/\/secure.gravatar.com\/avatar\/61d268e57d1f4525b111222e29d2d5a7f8c420fdbf231ba5566a8ceac74fa960?s=96&d=mm&r=g","contentUrl":"https:\/\/secure.gravatar.com\/avatar\/61d268e57d1f4525b111222e29d2d5a7f8c420fdbf231ba5566a8ceac74fa960?s=96&d=mm&r=g","caption":"Tibor atya"},"url":"https:\/\/stuttgarti-katolikusok.de\/index.php\/author\/tibor-atya\/"}]}},"_links":{"self":[{"href":"https:\/\/stuttgarti-katolikusok.de\/index.php\/wp-json\/wp\/v2\/posts\/29680","targetHints":{"allow":["GET"]}}],"collection":[{"href":"https:\/\/stuttgarti-katolikusok.de\/index.php\/wp-json\/wp\/v2\/posts"}],"about":[{"href":"https:\/\/stuttgarti-katolikusok.de\/index.php\/wp-json\/wp\/v2\/types\/post"}],"author":[{"embeddable":true,"href":"https:\/\/stuttgarti-katolikusok.de\/index.php\/wp-json\/wp\/v2\/users\/3"}],"replies":[{"embeddable":true,"href":"https:\/\/stuttgarti-katolikusok.de\/index.php\/wp-json\/wp\/v2\/comments?post=29680"}],"version-history":[{"count":3,"href":"https:\/\/stuttgarti-katolikusok.de\/index.php\/wp-json\/wp\/v2\/posts\/29680\/revisions"}],"predecessor-version":[{"id":29686,"href":"https:\/\/stuttgarti-katolikusok.de\/index.php\/wp-json\/wp\/v2\/posts\/29680\/revisions\/29686"}],"wp:featuredmedia":[{"embeddable":true,"href":"https:\/\/stuttgarti-katolikusok.de\/index.php\/wp-json\/wp\/v2\/media\/29684"}],"wp:attachment":[{"href":"https:\/\/stuttgarti-katolikusok.de\/index.php\/wp-json\/wp\/v2\/media?parent=29680"}],"wp:term":[{"taxonomy":"category","embeddable":true,"href":"https:\/\/stuttgarti-katolikusok.de\/index.php\/wp-json\/wp\/v2\/categories?post=29680"},{"taxonomy":"post_tag","embeddable":true,"href":"https:\/\/stuttgarti-katolikusok.de\/index.php\/wp-json\/wp\/v2\/tags?post=29680"}],"curies":[{"name":"wp","href":"https:\/\/api.w.org\/{rel}","templated":true}]}}